{"id":456347,"date":"2013-11-30T20:42:28","date_gmt":"2013-11-30T21:42:28","guid":{"rendered":"http:\/\/www.eldigitaldeasturias.com\/noticias\/?p=456347"},"modified":"2013-11-30T20:42:28","modified_gmt":"2013-11-30T21:42:28","slug":"hijos-de-inmigrantes-escenifican-las-meninas-de-velazquez-en-el-prado","status":"publish","type":"post","link":"https:\/\/www.eldigitaldeasturias.com\/noticias\/hijos-de-inmigrantes-escenifican-las-meninas-de-velazquez-en-el-prado\/","title":{"rendered":"Hijos de inmigrantes escenifican \u00abLas Meninas\u00bb de Vel\u00e1zquez en El Prado"},"content":{"rendered":"<p><img loading=\"lazy\" decoding=\"async\" class=\"alignleft size-medium wp-image-456348\" alt=\"5763822w\" src=\"https:\/\/www.eldigitaldeasturias.com\/noticias\/wp-content\/uploads\/2013\/11\/5763822w-360x207.jpg\" width=\"360\" height=\"207\" \/>Madrid, 30 nov (EFE).- El Museo del Prado ha organizado hoy un taller con veintis\u00e9is ni\u00f1os, todos ellos hijos de inmigrantes, en el que los peque\u00f1os han escenificado el cuadro \u00abLas Meninas\u00bb, de Vel\u00e1zquez, con el objetivo de que conozcan la cultura m\u00e1s cl\u00e1sica del pa\u00eds y promover el \u00abintercambio cultural\u00bb.<\/p>\n<p>La pinacoteca madrile\u00f1a se ha convertido as\u00ed en escenario teatral con unos peque\u00f1os actores que han representado la obra \u00abHe tenido un sue\u00f1o\u00bb, una escenificaci\u00f3n de los momentos previos a los que Vel\u00e1zquez pint\u00f3 su obra m\u00e1s c\u00e9lebre, \u00abLas Meninas\u00bb.<\/p>\n<p>La cita, en la que no ha faltado ni siquiera el perro que aparece en el cuadro de Vel\u00e1zquez, ha formado parte de un taller de teatro en homenaje a Mat\u00edas D\u00edaz Padr\u00f3n, conservador de pintura flamenca y holandesa del Museo del Prado desde 1982, ahora ya jubilado.<\/p>\n<p>D\u00edaz Padr\u00f3n se ha mostrado abrumado por el acto, del que ha dicho que le ha cogido \u00abpor sorpresa\u00bb, y ha querido remarcar que los verdaderos protagonistas del d\u00eda han sido los ni\u00f1os.<\/p>\n<p>Bajo la direcci\u00f3n de David Am\u00f3n, los chavales han mostrado \u00abuna gran implicaci\u00f3n\u00bb y \u00abmucha ilusi\u00f3n\u00bb, en palabras del director de la obra, qui\u00e9n se ha mostrado muy emocionado al terminar la representaci\u00f3n de una pieza teatral en la que han estado trabajando varios meses.<\/p>\n<p>\u00abYa quisieran muchos profesionales tener el entusiasmo y la ilusi\u00f3n de muchos de estos ni\u00f1os\u00bb, ha contado a Efe Am\u00f3n, quien se ha mostrado convencido de que algunos de ellos \u00abllegar\u00e1n lejos\u00bb.<\/p>\n<p>Pese a los nervios previos entre los m\u00e1s j\u00f3venes, la obra ha sido todo un \u00e9xito, por lo que la organizaci\u00f3n conf\u00eda en que este primer taller \u00abD\u00edaz Padr\u00f3n: acerqu\u00e9monos a Vel\u00e1zquez\u00bb se convierta en una \u00abbonita\u00bb tradici\u00f3n.<\/p>\n<p>El taller est\u00e1 englobado dentro de las \u00abI Jornadas culturales para j\u00f3venes inmigrantes de segunda generaci\u00f3n de la Comunidad de Madrid\u00bb, promovido por la Direcci\u00f3n General de Inmigraci\u00f3n de la Consejer\u00eda de Asuntos Sociales.<\/p>\n<p>Su director, Pablo G\u00f3mez-Tavira, ha destacado la preocupaci\u00f3n de esta instituci\u00f3n por la integraci\u00f3n de los hijos de los inmigrantes, ya que un 23 por ciento de los j\u00f3venes de menos de 25 a\u00f1os de la Comunidad de Madrid son hijos de extranjeros, por lo que el acto de hoy ha sido una \u00abfiesta de la convivencia\u00bb y de la \u00abintegraci\u00f3n\u00bb.<\/p>\n<p>\u00abLa integraci\u00f3n pasa por el idioma, por conocer nuestras costumbres y tambi\u00e9n nuestra cultura\u00bb, ha manifestado G\u00f3mez-Tavira, quien ha a\u00f1adido que lo que se pretende es \u00abque los ni\u00f1os sean parte de nuestras ra\u00edces, de nuestra cultura y de nuestra vida\u00bb.<\/p>\n","protected":false},"excerpt":{"rendered":"<p>Madrid, 30 nov (EFE).- El Museo del Prado ha organizado hoy un taller con veintis\u00e9is ni\u00f1os, todos ellos hijos de inmigrantes, en el que los peque\u00f1os han escenificado el cuadro \u00abLas Meninas\u00bb, de Vel\u00e1zquez, con el objetivo de que conozcan la cultura m\u00e1s cl\u00e1sica del pa\u00eds y promover el \u00abintercambio cultural\u00bb. La pinacoteca madrile\u00f1a se [&hellip;]<\/p>\n","protected":false},"author":1,"featured_media":456348,"comment_status":"closed","ping_status":"open","sticky":false,"template":"","format":"standard","meta":{"footnotes":""},"categories":[50],"tags":[],"class_list":["post-456347","post","type-post","status-publish","format-standard","has-post-thumbnail","hentry","category-revista-de-ocio"],"aioseo_notices":[],"aioseo_head":"\n\t\t<!-- All in One SEO Pro 5.0.1 - aioseo.com -->\n\t<meta name=\"description\" content=\"Madrid, 30 nov (EFE).- El Museo del Prado ha organizado hoy un taller con veintis\u00e9is ni\u00f1os, todos ellos hijos de inmigrantes, en el que los peque\u00f1os han escenificado el cuadro &quot;Las Meninas&quot;, de Vel\u00e1zquez, con el objetivo de que conozcan la cultura m\u00e1s cl\u00e1sica del pa\u00eds y promover el &quot;intercambio cultural&quot;. La pinacoteca madrile\u00f1a se\" \/>\n\t<meta name=\"robots\" content=\"max-image-preview:large\" \/>\n\t<meta name=\"author\" content=\"El Digital de Asturias\"\/>\n\t<meta name=\"google-site-verification\" content=\"UA-38556648-1\" \/>\n\t<meta name=\"msvalidate.01\" content=\"7dfe9f3f1b24437ab69f4f2559babe99\" \/>\n\t<meta name=\"keywords\" content=\"revista de ocio\" \/>\n\t<link rel=\"canonical\" href=\"https:\/\/www.eldigitaldeasturias.com\/noticias\/hijos-de-inmigrantes-escenifican-las-meninas-de-velazquez-en-el-prado\/\" \/>\n\t<meta name=\"generator\" content=\"All in One SEO Pro (AIOSEO) 5.0.1\" \/>\n\t\t<meta property=\"og:locale\" content=\"es_ES\" \/>\n\t\t<meta property=\"og:site_name\" content=\"El Digital de Asturias\" \/>\n\t\t<meta property=\"og:type\" content=\"article\" \/>\n\t\t<meta property=\"og:title\" content=\"Hijos de inmigrantes escenifican \u00abLas Meninas\u00bb de Vel\u00e1zquez en El Prado - El Digital de Asturias\" \/>\n\t\t<meta property=\"og:description\" content=\"Madrid, 30 nov (EFE).- El Museo del Prado ha organizado hoy un taller con veintis\u00e9is ni\u00f1os, todos ellos hijos de inmigrantes, en el que los peque\u00f1os han escenificado el cuadro &quot;Las Meninas&quot;, de Vel\u00e1zquez, con el objetivo de que conozcan la cultura m\u00e1s cl\u00e1sica del pa\u00eds y promover el &quot;intercambio cultural&quot;. La pinacoteca madrile\u00f1a se\" \/>\n\t\t<meta property=\"og:url\" content=\"https:\/\/www.eldigitaldeasturias.com\/noticias\/hijos-de-inmigrantes-escenifican-las-meninas-de-velazquez-en-el-prado\/\" \/>\n\t\t<meta property=\"article:tag\" content=\"revista de ocio\" \/>\n\t\t<meta property=\"article:published_time\" content=\"2013-11-30T21:42:28+00:00\" \/>\n\t\t<meta property=\"article:modified_time\" content=\"2013-11-30T21:42:28+00:00\" \/>\n\t\t<meta property=\"article:publisher\" content=\"https:\/\/facebook.com\/eldigitaldeasturias\" \/>\n\t\t<meta name=\"twitter:card\" content=\"summary_large_image\" \/>\n\t\t<meta name=\"twitter:title\" content=\"Hijos de inmigrantes escenifican \u00abLas Meninas\u00bb de Vel\u00e1zquez en El Prado - El Digital de Asturias\" \/>\n\t\t<meta name=\"twitter:description\" content=\"Madrid, 30 nov (EFE).- El Museo del Prado ha organizado hoy un taller con veintis\u00e9is ni\u00f1os, todos ellos hijos de inmigrantes, en el que los peque\u00f1os han escenificado el cuadro &quot;Las Meninas&quot;, de Vel\u00e1zquez, con el objetivo de que conozcan la cultura m\u00e1s cl\u00e1sica del pa\u00eds y promover el &quot;intercambio cultural&quot;. La pinacoteca madrile\u00f1a se\" \/>\n\t\t<meta name=\"twitter:label1\" content=\"Escrito por\" \/>\n\t\t<meta name=\"twitter:data1\" content=\"El Digital de Asturias\" \/>\n\t\t<meta name=\"twitter:label2\" content=\"Tiempo de lectura estimado\" \/>\n\t\t<meta name=\"twitter:data2\" content=\"2 minutos\" \/>\n\t\t<script type=\"application\/ld+json\" class=\"aioseo-schema\">\n\t\t\t{\"@context\":\"https:\\\/\\\/schema.org\",\"@graph\":[{\"@type\":\"BlogPosting\",\"@id\":\"https:\\\/\\\/www.eldigitaldeasturias.com\\\/noticias\\\/hijos-de-inmigrantes-escenifican-las-meninas-de-velazquez-en-el-prado\\\/#blogposting\",\"name\":\"Hijos de inmigrantes escenifican \\u00abLas Meninas\\u00bb de Vel\\u00e1zquez en El Prado - El Digital de Asturias\",\"headline\":\"Hijos de inmigrantes escenifican \\u00abLas Meninas\\u00bb de Vel\\u00e1zquez en El Prado\",\"author\":{\"@id\":\"https:\\\/\\\/www.eldigitaldeasturias.com\\\/noticias\\\/author\\\/admin\\\/#author\"},\"publisher\":{\"@id\":\"https:\\\/\\\/www.eldigitaldeasturias.com\\\/noticias\\\/#organization\"},\"image\":{\"@type\":\"ImageObject\",\"url\":456348},\"datePublished\":\"2013-11-30T20:42:28+01:00\",\"dateModified\":\"2013-11-30T20:42:28+01:00\",\"inLanguage\":\"es-ES\",\"mainEntityOfPage\":{\"@id\":\"https:\\\/\\\/www.eldigitaldeasturias.com\\\/noticias\\\/hijos-de-inmigrantes-escenifican-las-meninas-de-velazquez-en-el-prado\\\/#webpage\"},\"isPartOf\":{\"@id\":\"https:\\\/\\\/www.eldigitaldeasturias.com\\\/noticias\\\/hijos-de-inmigrantes-escenifican-las-meninas-de-velazquez-en-el-prado\\\/#webpage\"},\"articleSection\":\"Revista de Ocio\"},{\"@type\":\"BreadcrumbList\",\"@id\":\"https:\\\/\\\/www.eldigitaldeasturias.com\\\/noticias\\\/hijos-de-inmigrantes-escenifican-las-meninas-de-velazquez-en-el-prado\\\/#breadcrumblist\",\"itemListElement\":[{\"@type\":\"ListItem\",\"@id\":\"https:\\\/\\\/www.eldigitaldeasturias.com\\\/noticias#listItem\",\"position\":1,\"name\":\"Home\",\"item\":\"https:\\\/\\\/www.eldigitaldeasturias.com\\\/noticias\",\"nextItem\":{\"@type\":\"ListItem\",\"@id\":\"https:\\\/\\\/www.eldigitaldeasturias.com\\\/noticias\\\/category\\\/revista-de-ocio\\\/#listItem\",\"name\":\"Revista de Ocio\"}},{\"@type\":\"ListItem\",\"@id\":\"https:\\\/\\\/www.eldigitaldeasturias.com\\\/noticias\\\/category\\\/revista-de-ocio\\\/#listItem\",\"position\":2,\"name\":\"Revista de Ocio\",\"item\":\"https:\\\/\\\/www.eldigitaldeasturias.com\\\/noticias\\\/category\\\/revista-de-ocio\\\/\",\"nextItem\":{\"@type\":\"ListItem\",\"@id\":\"https:\\\/\\\/www.eldigitaldeasturias.com\\\/noticias\\\/hijos-de-inmigrantes-escenifican-las-meninas-de-velazquez-en-el-prado\\\/#listItem\",\"name\":\"Hijos de inmigrantes escenifican \\u00abLas Meninas\\u00bb de Vel\\u00e1zquez en El Prado\"},\"previousItem\":{\"@type\":\"ListItem\",\"@id\":\"https:\\\/\\\/www.eldigitaldeasturias.com\\\/noticias#listItem\",\"name\":\"Home\"}},{\"@type\":\"ListItem\",\"@id\":\"https:\\\/\\\/www.eldigitaldeasturias.com\\\/noticias\\\/hijos-de-inmigrantes-escenifican-las-meninas-de-velazquez-en-el-prado\\\/#listItem\",\"position\":3,\"name\":\"Hijos de inmigrantes escenifican \\u00abLas Meninas\\u00bb de Vel\\u00e1zquez en El Prado\",\"previousItem\":{\"@type\":\"ListItem\",\"@id\":\"https:\\\/\\\/www.eldigitaldeasturias.com\\\/noticias\\\/category\\\/revista-de-ocio\\\/#listItem\",\"name\":\"Revista de Ocio\"}}]},{\"@type\":\"Organization\",\"@id\":\"https:\\\/\\\/www.eldigitaldeasturias.com\\\/noticias\\\/#organization\",\"name\":\"El Digital de Asturias\",\"description\":\"Hemeroteca\",\"url\":\"https:\\\/\\\/www.eldigitaldeasturias.com\\\/noticias\\\/\",\"email\":\"info@eldigitaldeasturias.com\",\"telephone\":\"+34652131393\",\"logo\":{\"@type\":\"ImageObject\",\"url\":\"https:\\\/\\\/www.eldigitaldeasturias.com\\\/noticias\\\/wp-content\\\/uploads\\\/2020\\\/12\\\/EDA.jpg\",\"@id\":\"https:\\\/\\\/www.eldigitaldeasturias.com\\\/noticias\\\/hijos-de-inmigrantes-escenifican-las-meninas-de-velazquez-en-el-prado\\\/#organizationLogo\"},\"image\":{\"@id\":\"https:\\\/\\\/www.eldigitaldeasturias.com\\\/noticias\\\/hijos-de-inmigrantes-escenifican-las-meninas-de-velazquez-en-el-prado\\\/#organizationLogo\"},\"sameAs\":[\"https:\\\/\\\/facebook.com\\\/eldigitaldeasturias\",\"https:\\\/\\\/www.youtube.com\\\/channel\\\/UCZP-2wLEB9Rv6erhFmqVnvg\"],\"address\":{\"@id\":\"https:\\\/\\\/www.eldigitaldeasturias.com\\\/noticias\\\/#postaladdress\",\"@type\":\"PostalAddress\",\"streetAddress\":\"san antonio 4\",\"postalCode\":\"33430\",\"addressLocality\":\"Cand\\u00e1s\",\"addressRegion\":\"Asturias\",\"addressCountry\":\"ES\"}},{\"@type\":\"Person\",\"@id\":\"https:\\\/\\\/www.eldigitaldeasturias.com\\\/noticias\\\/author\\\/admin\\\/#author\",\"url\":\"https:\\\/\\\/www.eldigitaldeasturias.com\\\/noticias\\\/author\\\/admin\\\/\",\"name\":\"El Digital de Asturias\",\"image\":{\"@type\":\"ImageObject\",\"@id\":\"https:\\\/\\\/www.eldigitaldeasturias.com\\\/noticias\\\/hijos-de-inmigrantes-escenifican-las-meninas-de-velazquez-en-el-prado\\\/#authorImage\",\"url\":\"https:\\\/\\\/secure.gravatar.com\\\/avatar\\\/df2aeffc32bcd13f8d26072ef8a91b623d677766deac7f97ca815868cd41bf5e?s=96&d=mm&r=g\",\"width\":96,\"height\":96,\"caption\":\"El Digital de Asturias\"}},{\"@type\":\"WebPage\",\"@id\":\"https:\\\/\\\/www.eldigitaldeasturias.com\\\/noticias\\\/hijos-de-inmigrantes-escenifican-las-meninas-de-velazquez-en-el-prado\\\/#webpage\",\"url\":\"https:\\\/\\\/www.eldigitaldeasturias.com\\\/noticias\\\/hijos-de-inmigrantes-escenifican-las-meninas-de-velazquez-en-el-prado\\\/\",\"name\":\"Hijos de inmigrantes escenifican \\u00abLas Meninas\\u00bb de Vel\\u00e1zquez en El Prado - El Digital de Asturias\",\"description\":\"Madrid, 30 nov (EFE).- El Museo del Prado ha organizado hoy un taller con veintis\\u00e9is ni\\u00f1os, todos ellos hijos de inmigrantes, en el que los peque\\u00f1os han escenificado el cuadro \\\"Las Meninas\\\", de Vel\\u00e1zquez, con el objetivo de que conozcan la cultura m\\u00e1s cl\\u00e1sica del pa\\u00eds y promover el \\\"intercambio cultural\\\". La pinacoteca madrile\\u00f1a se\",\"inLanguage\":\"es-ES\",\"isPartOf\":{\"@id\":\"https:\\\/\\\/www.eldigitaldeasturias.com\\\/noticias\\\/#website\"},\"breadcrumb\":{\"@id\":\"https:\\\/\\\/www.eldigitaldeasturias.com\\\/noticias\\\/hijos-de-inmigrantes-escenifican-las-meninas-de-velazquez-en-el-prado\\\/#breadcrumblist\"},\"author\":{\"@id\":\"https:\\\/\\\/www.eldigitaldeasturias.com\\\/noticias\\\/author\\\/admin\\\/#author\"},\"creator\":{\"@id\":\"https:\\\/\\\/www.eldigitaldeasturias.com\\\/noticias\\\/author\\\/admin\\\/#author\"},\"image\":{\"@type\":\"ImageObject\",\"url\":456348,\"@id\":\"https:\\\/\\\/www.eldigitaldeasturias.com\\\/noticias\\\/hijos-de-inmigrantes-escenifican-las-meninas-de-velazquez-en-el-prado\\\/#mainImage\"},\"primaryImageOfPage\":{\"@id\":\"https:\\\/\\\/www.eldigitaldeasturias.com\\\/noticias\\\/hijos-de-inmigrantes-escenifican-las-meninas-de-velazquez-en-el-prado\\\/#mainImage\"},\"datePublished\":\"2013-11-30T20:42:28+01:00\",\"dateModified\":\"2013-11-30T20:42:28+01:00\"},{\"@type\":\"WebSite\",\"@id\":\"https:\\\/\\\/www.eldigitaldeasturias.com\\\/noticias\\\/#website\",\"url\":\"https:\\\/\\\/www.eldigitaldeasturias.com\\\/noticias\\\/\",\"name\":\"El Digital de Asturias - Diario de actualidad y noticias\",\"alternateName\":\"El Digital de Asturias - Diario de actualidad y noticias\",\"description\":\"Hemeroteca\",\"inLanguage\":\"es-ES\",\"publisher\":{\"@id\":\"https:\\\/\\\/www.eldigitaldeasturias.com\\\/noticias\\\/#organization\"}}]}\n\t\t<\/script>\n\t\t<!-- All in One SEO Pro -->\r\n\t\t<title>Hijos de inmigrantes escenifican \u00abLas Meninas\u00bb de Vel\u00e1zquez en El Prado - El Digital de Asturias<\/title>\n\n","aioseo_head_json":{"title":"Hijos de inmigrantes escenifican \u00abLas Meninas\u00bb de Vel\u00e1zquez en El Prado - El Digital de Asturias","description":"Madrid, 30 nov (EFE).- El Museo del Prado ha organizado hoy un taller con veintis\u00e9is ni\u00f1os, todos ellos hijos de inmigrantes, en el que los peque\u00f1os han escenificado el cuadro \"Las Meninas\", de Vel\u00e1zquez, con el objetivo de que conozcan la cultura m\u00e1s cl\u00e1sica del pa\u00eds y promover el \"intercambio cultural\". La pinacoteca madrile\u00f1a se","canonical_url":"https:\/\/www.eldigitaldeasturias.com\/noticias\/hijos-de-inmigrantes-escenifican-las-meninas-de-velazquez-en-el-prado\/","robots":"max-image-preview:large","keywords":"revista de ocio","webmasterTools":{"google-site-verification":"UA-38556648-1","msvalidate.01":"7dfe9f3f1b24437ab69f4f2559babe99","miscellaneous":""},"schema":{"@context":"https:\/\/schema.org","@graph":[{"@type":"BlogPosting","@id":"https:\/\/www.eldigitaldeasturias.com\/noticias\/hijos-de-inmigrantes-escenifican-las-meninas-de-velazquez-en-el-prado\/#blogposting","name":"Hijos de inmigrantes escenifican \u00abLas Meninas\u00bb de Vel\u00e1zquez en El Prado - El Digital de Asturias","headline":"Hijos de inmigrantes escenifican \u00abLas Meninas\u00bb de Vel\u00e1zquez en El Prado","author":{"@id":"https:\/\/www.eldigitaldeasturias.com\/noticias\/author\/admin\/#author"},"publisher":{"@id":"https:\/\/www.eldigitaldeasturias.com\/noticias\/#organization"},"image":{"@type":"ImageObject","url":456348},"datePublished":"2013-11-30T20:42:28+01:00","dateModified":"2013-11-30T20:42:28+01:00","inLanguage":"es-ES","mainEntityOfPage":{"@id":"https:\/\/www.eldigitaldeasturias.com\/noticias\/hijos-de-inmigrantes-escenifican-las-meninas-de-velazquez-en-el-prado\/#webpage"},"isPartOf":{"@id":"https:\/\/www.eldigitaldeasturias.com\/noticias\/hijos-de-inmigrantes-escenifican-las-meninas-de-velazquez-en-el-prado\/#webpage"},"articleSection":"Revista de Ocio"},{"@type":"BreadcrumbList","@id":"https:\/\/www.eldigitaldeasturias.com\/noticias\/hijos-de-inmigrantes-escenifican-las-meninas-de-velazquez-en-el-prado\/#breadcrumblist","itemListElement":[{"@type":"ListItem","@id":"https:\/\/www.eldigitaldeasturias.com\/noticias#listItem","position":1,"name":"Home","item":"https:\/\/www.eldigitaldeasturias.com\/noticias","nextItem":{"@type":"ListItem","@id":"https:\/\/www.eldigitaldeasturias.com\/noticias\/category\/revista-de-ocio\/#listItem","name":"Revista de Ocio"}},{"@type":"ListItem","@id":"https:\/\/www.eldigitaldeasturias.com\/noticias\/category\/revista-de-ocio\/#listItem","position":2,"name":"Revista de Ocio","item":"https:\/\/www.eldigitaldeasturias.com\/noticias\/category\/revista-de-ocio\/","nextItem":{"@type":"ListItem","@id":"https:\/\/www.eldigitaldeasturias.com\/noticias\/hijos-de-inmigrantes-escenifican-las-meninas-de-velazquez-en-el-prado\/#listItem","name":"Hijos de inmigrantes escenifican \u00abLas Meninas\u00bb de Vel\u00e1zquez en El Prado"},"previousItem":{"@type":"ListItem","@id":"https:\/\/www.eldigitaldeasturias.com\/noticias#listItem","name":"Home"}},{"@type":"ListItem","@id":"https:\/\/www.eldigitaldeasturias.com\/noticias\/hijos-de-inmigrantes-escenifican-las-meninas-de-velazquez-en-el-prado\/#listItem","position":3,"name":"Hijos de inmigrantes escenifican \u00abLas Meninas\u00bb de Vel\u00e1zquez en El Prado","previousItem":{"@type":"ListItem","@id":"https:\/\/www.eldigitaldeasturias.com\/noticias\/category\/revista-de-ocio\/#listItem","name":"Revista de Ocio"}}]},{"@type":"Organization","@id":"https:\/\/www.eldigitaldeasturias.com\/noticias\/#organization","name":"El Digital de Asturias","description":"Hemeroteca","url":"https:\/\/www.eldigitaldeasturias.com\/noticias\/","email":"info@eldigitaldeasturias.com","telephone":"+34652131393","logo":{"@type":"ImageObject","url":"https:\/\/www.eldigitaldeasturias.com\/noticias\/wp-content\/uploads\/2020\/12\/EDA.jpg","@id":"https:\/\/www.eldigitaldeasturias.com\/noticias\/hijos-de-inmigrantes-escenifican-las-meninas-de-velazquez-en-el-prado\/#organizationLogo"},"image":{"@id":"https:\/\/www.eldigitaldeasturias.com\/noticias\/hijos-de-inmigrantes-escenifican-las-meninas-de-velazquez-en-el-prado\/#organizationLogo"},"sameAs":["https:\/\/facebook.com\/eldigitaldeasturias","https:\/\/www.youtube.com\/channel\/UCZP-2wLEB9Rv6erhFmqVnvg"],"address":{"@id":"https:\/\/www.eldigitaldeasturias.com\/noticias\/#postaladdress","@type":"PostalAddress","streetAddress":"san antonio 4","postalCode":"33430","addressLocality":"Cand\u00e1s","addressRegion":"Asturias","addressCountry":"ES"}},{"@type":"Person","@id":"https:\/\/www.eldigitaldeasturias.com\/noticias\/author\/admin\/#author","url":"https:\/\/www.eldigitaldeasturias.com\/noticias\/author\/admin\/","name":"El Digital de Asturias","image":{"@type":"ImageObject","@id":"https:\/\/www.eldigitaldeasturias.com\/noticias\/hijos-de-inmigrantes-escenifican-las-meninas-de-velazquez-en-el-prado\/#authorImage","url":"https:\/\/secure.gravatar.com\/avatar\/df2aeffc32bcd13f8d26072ef8a91b623d677766deac7f97ca815868cd41bf5e?s=96&d=mm&r=g","width":96,"height":96,"caption":"El Digital de Asturias"}},{"@type":"WebPage","@id":"https:\/\/www.eldigitaldeasturias.com\/noticias\/hijos-de-inmigrantes-escenifican-las-meninas-de-velazquez-en-el-prado\/#webpage","url":"https:\/\/www.eldigitaldeasturias.com\/noticias\/hijos-de-inmigrantes-escenifican-las-meninas-de-velazquez-en-el-prado\/","name":"Hijos de inmigrantes escenifican \u00abLas Meninas\u00bb de Vel\u00e1zquez en El Prado - El Digital de Asturias","description":"Madrid, 30 nov (EFE).- El Museo del Prado ha organizado hoy un taller con veintis\u00e9is ni\u00f1os, todos ellos hijos de inmigrantes, en el que los peque\u00f1os han escenificado el cuadro \"Las Meninas\", de Vel\u00e1zquez, con el objetivo de que conozcan la cultura m\u00e1s cl\u00e1sica del pa\u00eds y promover el \"intercambio cultural\". La pinacoteca madrile\u00f1a se","inLanguage":"es-ES","isPartOf":{"@id":"https:\/\/www.eldigitaldeasturias.com\/noticias\/#website"},"breadcrumb":{"@id":"https:\/\/www.eldigitaldeasturias.com\/noticias\/hijos-de-inmigrantes-escenifican-las-meninas-de-velazquez-en-el-prado\/#breadcrumblist"},"author":{"@id":"https:\/\/www.eldigitaldeasturias.com\/noticias\/author\/admin\/#author"},"creator":{"@id":"https:\/\/www.eldigitaldeasturias.com\/noticias\/author\/admin\/#author"},"image":{"@type":"ImageObject","url":456348,"@id":"https:\/\/www.eldigitaldeasturias.com\/noticias\/hijos-de-inmigrantes-escenifican-las-meninas-de-velazquez-en-el-prado\/#mainImage"},"primaryImageOfPage":{"@id":"https:\/\/www.eldigitaldeasturias.com\/noticias\/hijos-de-inmigrantes-escenifican-las-meninas-de-velazquez-en-el-prado\/#mainImage"},"datePublished":"2013-11-30T20:42:28+01:00","dateModified":"2013-11-30T20:42:28+01:00"},{"@type":"WebSite","@id":"https:\/\/www.eldigitaldeasturias.com\/noticias\/#website","url":"https:\/\/www.eldigitaldeasturias.com\/noticias\/","name":"El Digital de Asturias - Diario de actualidad y noticias","alternateName":"El Digital de Asturias - Diario de actualidad y noticias","description":"Hemeroteca","inLanguage":"es-ES","publisher":{"@id":"https:\/\/www.eldigitaldeasturias.com\/noticias\/#organization"}}]},"og:locale":"es_ES","og:site_name":"El Digital de Asturias","og:type":"article","og:title":"Hijos de inmigrantes escenifican \u00abLas Meninas\u00bb de Vel\u00e1zquez en El Prado - El Digital de Asturias","og:description":"Madrid, 30 nov (EFE).- El Museo del Prado ha organizado hoy un taller con veintis\u00e9is ni\u00f1os, todos ellos hijos de inmigrantes, en el que los peque\u00f1os han escenificado el cuadro &quot;Las Meninas&quot;, de Vel\u00e1zquez, con el objetivo de que conozcan la cultura m\u00e1s cl\u00e1sica del pa\u00eds y promover el &quot;intercambio cultural&quot;. La pinacoteca madrile\u00f1a se","og:url":"https:\/\/www.eldigitaldeasturias.com\/noticias\/hijos-de-inmigrantes-escenifican-las-meninas-de-velazquez-en-el-prado\/","article:tag":["revista de ocio"],"article:published_time":"2013-11-30T21:42:28+00:00","article:modified_time":"2013-11-30T21:42:28+00:00","article:publisher":"https:\/\/facebook.com\/eldigitaldeasturias","twitter:card":"summary_large_image","twitter:title":"Hijos de inmigrantes escenifican \u00abLas Meninas\u00bb de Vel\u00e1zquez en El Prado - El Digital de Asturias","twitter:description":"Madrid, 30 nov (EFE).- El Museo del Prado ha organizado hoy un taller con veintis\u00e9is ni\u00f1os, todos ellos hijos de inmigrantes, en el que los peque\u00f1os han escenificado el cuadro &quot;Las Meninas&quot;, de Vel\u00e1zquez, con el objetivo de que conozcan la cultura m\u00e1s cl\u00e1sica del pa\u00eds y promover el &quot;intercambio cultural&quot;. La pinacoteca madrile\u00f1a se","twitter:label1":"Escrito por","twitter:data1":"El Digital de Asturias","twitter:label2":"Tiempo de lectura estimado","twitter:data2":"2 minutos"},"aioseo_meta_data":{"post_id":"456347","title":null,"description":null,"keywords":null,"keyphrases":null,"primary_term":null,"canonical_url":null,"og_title":null,"og_description":null,"og_object_type":"default","og_image_type":"default","og_image_url":null,"og_image_width":null,"og_image_height":null,"og_image_custom_url":null,"og_image_custom_fields":null,"og_video":null,"og_custom_url":null,"og_article_section":null,"og_article_tags":null,"twitter_use_og":true,"twitter_card":"default","twitter_image_type":"default","twitter_image_url":null,"twitter_image_custom_url":null,"twitter_image_custom_fields":null,"twitter_title":null,"twitter_description":null,"schema":{"blockGraphs":[],"customGraphs":[],"default":{"data":{"Article":[],"Course":[],"Dataset":[],"FAQPage":[],"Movie":[],"Person":[],"Product":[],"ProductReview":[],"Car":[],"Recipe":[],"Service":[],"SoftwareApplication":[],"WebPage":[]},"graphName":"","isEnabled":true},"graphs":[],"defaultGraph":"","defaultPostTypeGraph":""},"schema_type":null,"schema_type_options":null,"pillar_content":false,"robots_default":true,"robots_noindex":false,"robots_noarchive":false,"robots_nosnippet":false,"robots_nofollow":false,"robots_noimageindex":false,"robots_noodp":false,"robots_notranslate":false,"robots_max_snippet":null,"robots_max_videopreview":null,"robots_max_imagepreview":"none","priority":null,"frequency":null,"local_seo":null,"seo_analyzer_scan_date":"2026-05-29 21:41:02","breadcrumb_settings":null,"limit_modified_date":false,"open_ai":null,"ai":null,"created":"2020-11-14 22:45:58","updated":"2026-05-29 21:41:02","focus_keyword":null,"additional_keywords":null,"truseo_locale":null},"aioseo_breadcrumb":"<div class=\"aioseo-breadcrumbs\"><span class=\"aioseo-breadcrumb\">\n\t<a href=\"https:\/\/www.eldigitaldeasturias.com\/noticias\" title=\"Home\">Home<\/a>\n<\/span><span class=\"aioseo-breadcrumb-separator\">\u2013<\/span><span class=\"aioseo-breadcrumb\">\n\t<a href=\"https:\/\/www.eldigitaldeasturias.com\/noticias\/category\/revista-de-ocio\/\" title=\"Revista de Ocio\">Revista de Ocio<\/a>\n<\/span><span class=\"aioseo-breadcrumb-separator\">\u2013<\/span><span class=\"aioseo-breadcrumb\">\n\t<a href=\"https:\/\/www.eldigitaldeasturias.com\/noticias\/hijos-de-inmigrantes-escenifican-las-meninas-de-velazquez-en-el-prado\/\" title=\"Hijos de inmigrantes escenifican \u00abLas Meninas\u00bb de Vel\u00e1zquez en El Prado\">Hijos de inmigrantes escenifican \u00abLas Meninas\u00bb de Vel\u00e1zquez en El Prado<\/a>\n<\/span><\/div>","aioseo_breadcrumb_json":[{"label":"Home","link":"https:\/\/www.eldigitaldeasturias.com\/noticias"},{"label":"Revista de Ocio","link":"https:\/\/www.eldigitaldeasturias.com\/noticias\/category\/revista-de-ocio\/"},{"label":"Hijos de inmigrantes escenifican \u00abLas Meninas\u00bb de Vel\u00e1zquez en El Prado","link":"https:\/\/www.eldigitaldeasturias.com\/noticias\/hijos-de-inmigrantes-escenifican-las-meninas-de-velazquez-en-el-prado\/"}],"_links":{"self":[{"href":"https:\/\/www.eldigitaldeasturias.com\/noticias\/wp-json\/wp\/v2\/posts\/456347","targetHints":{"allow":["GET"]}}],"collection":[{"href":"https:\/\/www.eldigitaldeasturias.com\/noticias\/wp-json\/wp\/v2\/posts"}],"about":[{"href":"https:\/\/www.eldigitaldeasturias.com\/noticias\/wp-json\/wp\/v2\/types\/post"}],"author":[{"embeddable":true,"href":"https:\/\/www.eldigitaldeasturias.com\/noticias\/wp-json\/wp\/v2\/users\/1"}],"replies":[{"embeddable":true,"href":"https:\/\/www.eldigitaldeasturias.com\/noticias\/wp-json\/wp\/v2\/comments?post=456347"}],"version-history":[{"count":0,"href":"https:\/\/www.eldigitaldeasturias.com\/noticias\/wp-json\/wp\/v2\/posts\/456347\/revisions"}],"wp:attachment":[{"href":"https:\/\/www.eldigitaldeasturias.com\/noticias\/wp-json\/wp\/v2\/media?parent=456347"}],"wp:term":[{"taxonomy":"category","embeddable":true,"href":"https:\/\/www.eldigitaldeasturias.com\/noticias\/wp-json\/wp\/v2\/categories?post=456347"},{"taxonomy":"post_tag","embeddable":true,"href":"https:\/\/www.eldigitaldeasturias.com\/noticias\/wp-json\/wp\/v2\/tags?post=456347"}],"curies":[{"name":"wp","href":"https:\/\/api.w.org\/{rel}","templated":true}]}}