{"id":456335,"date":"2013-11-30T20:23:06","date_gmt":"2013-11-30T21:23:06","guid":{"rendered":"http:\/\/www.eldigitaldeasturias.com\/noticias\/?p=456335"},"modified":"2013-11-30T20:23:06","modified_gmt":"2013-11-30T21:23:06","slug":"holanda-festeja-su-monarquia-en-el-bicentenario-del-reino-de-los-orange","status":"publish","type":"post","link":"https:\/\/www.eldigitaldeasturias.com\/noticias\/holanda-festeja-su-monarquia-en-el-bicentenario-del-reino-de-los-orange\/","title":{"rendered":"Holanda festeja su monarqu\u00eda en el bicentenario del reino de los Orange"},"content":{"rendered":"<p><img loading=\"lazy\" decoding=\"async\" class=\"alignleft size-medium wp-image-456336\" alt=\"5763774w\" src=\"https:\/\/www.eldigitaldeasturias.com\/noticias\/wp-content\/uploads\/2013\/11\/5763774w-360x239.jpg\" width=\"360\" height=\"239\" \/>La Haya, 30 nov (EFE).- Holanda, con sus reyes Guillermo-Alejandro y M\u00e1xima como anfitriones, celebra hoy el bicentenario de la creaci\u00f3n del reino de los Pa\u00edses Bajos, que puso fin a la anexi\u00f3n por parte de Francia y coloc\u00f3 a la dinast\u00eda de los Orange al frente del pa\u00eds.<\/p>\n<p>La playa de Scheveningen (La Haya) se convirti\u00f3 esta ma\u00f1ana en el escenario de la recreaci\u00f3n del desembarco de Guillermo I en esa misma costa el 30 de noviembre de 1813, tras dieciocho a\u00f1os de exilio en Inglaterra.<\/p>\n<p>En un d\u00eda oscuro, de cielo ceniciento y fr\u00edo h\u00famedo, como seguramente ocurri\u00f3 hace 200 a\u00f1os, la playa se traslad\u00f3 en el tiempo hasta aquel momento hist\u00f3rico.<\/p>\n<p>Vestidos con trajes de \u00e9poca, m\u00e1s de 700 actores y voluntarios representaron sobre el arenal de Scheveningen -con un agitado mar de fondo que daba realismo a la representaci\u00f3n- a la poblaci\u00f3n en espera de su futuro monarca, que ser\u00eda coronado dos a\u00f1os m\u00e1s tarde en Bruselas.<\/p>\n<p>Entre los miles de espectadores, el rey Guillermo-Alejandro, acompa\u00f1ado de su esposa M\u00e1xima, contempl\u00f3 el desembarco recreado de su antepasado, que a causa del fuerte oleaje lleg\u00f3 sobre un tanque de la Marina, en lugar de la barcaza prevista inicialmente para hacer justicia al momento hist\u00f3rico.<\/p>\n<p>El actor holand\u00e9s Huub Stapel encarn\u00f3 a Guillermo Federico, que pas\u00f3 a la historia como Guillermo I, y tras un discurso de bienvenida, salud\u00f3 al actual monarca, quien sonre\u00eda complacido ante su ficticio ancestro.<\/p>\n<p>La reina M\u00e1xima -vestida con un abrigo beige largo, con sombrero a juego, y bajo el cual se vislumbraba una falda y botas altas- disfrutaba de la escenificaci\u00f3n, que se realiza cada 50 a\u00f1os en la playa de Scheveningen.<\/p>\n<p>La llegada de Guillermo de Orange supuso el fin del dominio ejercido sobre Holanda por Francia, que en 1806 design\u00f3 a Luis Napole\u00f3n como rey de los Pa\u00edses Bajos.<\/p>\n<p>Holanda era en aquella \u00e9poca un enclave estrat\u00e9gico para Francia, especialmente para obstaculizar el comercio de los ingleses, sus m\u00e1ximos rivales en la \u00e9poca.<\/p>\n<p>Antes de la ocupaci\u00f3n francesa, que como en el resto de Europa vino acompa\u00f1ada de reformas democr\u00e1ticas, Holanda era una rep\u00fablica, con los Orange entre los m\u00e1s destacados gobernadores.<\/p>\n<p>\u00abCon la vuelta de Guillermo I se inicia la forma de Estado unitario e independiente que hoy conocemos, el reino de Holanda, con el desarrollo posterior de la democracia y de la econom\u00eda\u00bb, explic\u00f3 el primer ministro holand\u00e9s, Mark Rutte, en la cadena de televisi\u00f3n NOS acerca del alcance de los hechos que hoy se conmemoran.<\/p>\n<p>Con motivo de la celebraci\u00f3n del bicentenario se han publicado las biograf\u00edas de los reyes holandeses Guillermo I, II y III, que el viernes fueron entregadas al actual monarca.<\/p>\n<p>En ellas se desvela la existencia de hijos fuera del matrimonio de Guillermo I y III, as\u00ed como la bisexualidad de Guillermo II.<\/p>\n<p>Seg\u00fan su bi\u00f3grafo, el historiador Jeroen van Zanten, el monarca conservador habr\u00eda aceptado firmar en 1848 una Constituci\u00f3n que pon\u00eda fin a su poder absoluto a causa del chantaje derivado de una relaci\u00f3n que mantuvo con un caballero de la \u00e9poca.<\/p>\n<p>Los bi\u00f3grafos han tenido acceso ilimitado a los archivos de la Casa Real para elaborar sus trabajos, en los que, seg\u00fan dijo el actual monarca al recibir un ejemplar de las biograf\u00edas, \u00abse da una una imagen lo m\u00e1s sincera posible\u00bb de los tres reyes.<\/p>\n<p>Las celebraciones contin\u00faan a lo largo del d\u00eda de hoy, con una ceremonia oficial en la Sala de los Caballeros, situada en las inmediaciones de la sede del Parlamento, a la que adem\u00e1s de los reyes acudir\u00e1 la princesa Beatriz, y se cerrar\u00e1n por la noche con un concierto.<\/p>\n<p>Maite Rodal<\/p>\n","protected":false},"excerpt":{"rendered":"<p>La Haya, 30 nov (EFE).- Holanda, con sus reyes Guillermo-Alejandro y M\u00e1xima como anfitriones, celebra hoy el bicentenario de la creaci\u00f3n del reino de los Pa\u00edses Bajos, que puso fin a la anexi\u00f3n por parte de Francia y coloc\u00f3 a la dinast\u00eda de los Orange al frente del pa\u00eds. La playa de Scheveningen (La Haya) [&hellip;]<\/p>\n","protected":false},"author":1,"featured_media":456336,"comment_status":"closed","ping_status":"open","sticky":false,"template":"","format":"standard","meta":{"footnotes":""},"categories":[28],"tags":[],"class_list":["post-456335","post","type-post","status-publish","format-standard","has-post-thumbnail","hentry","category-sociedad"],"aioseo_notices":[],"aioseo_head":"\n\t\t<!-- All in One SEO Pro 5.0.1 - aioseo.com -->\n\t<meta name=\"description\" content=\"La Haya, 30 nov (EFE).- Holanda, con sus reyes Guillermo-Alejandro y M\u00e1xima como anfitriones, celebra hoy el bicentenario de la creaci\u00f3n del reino de los Pa\u00edses Bajos, que puso fin a la anexi\u00f3n por parte de Francia y coloc\u00f3 a la dinast\u00eda de los Orange al frente del pa\u00eds. La playa de Scheveningen (La Haya)\" \/>\n\t<meta name=\"robots\" content=\"max-image-preview:large\" \/>\n\t<meta name=\"author\" content=\"El Digital de Asturias\"\/>\n\t<meta name=\"google-site-verification\" content=\"UA-38556648-1\" \/>\n\t<meta name=\"msvalidate.01\" content=\"7dfe9f3f1b24437ab69f4f2559babe99\" \/>\n\t<meta name=\"keywords\" content=\"sociedad\" \/>\n\t<link rel=\"canonical\" href=\"https:\/\/www.eldigitaldeasturias.com\/noticias\/holanda-festeja-su-monarquia-en-el-bicentenario-del-reino-de-los-orange\/\" \/>\n\t<meta name=\"generator\" content=\"All in One SEO Pro (AIOSEO) 5.0.1\" \/>\n\t\t<meta property=\"og:locale\" content=\"es_ES\" \/>\n\t\t<meta property=\"og:site_name\" content=\"El Digital de Asturias\" \/>\n\t\t<meta property=\"og:type\" content=\"article\" \/>\n\t\t<meta property=\"og:title\" content=\"Holanda festeja su monarqu\u00eda en el bicentenario del reino de los Orange - El Digital de Asturias\" \/>\n\t\t<meta property=\"og:description\" content=\"La Haya, 30 nov (EFE).- Holanda, con sus reyes Guillermo-Alejandro y M\u00e1xima como anfitriones, celebra hoy el bicentenario de la creaci\u00f3n del reino de los Pa\u00edses Bajos, que puso fin a la anexi\u00f3n por parte de Francia y coloc\u00f3 a la dinast\u00eda de los Orange al frente del pa\u00eds. La playa de Scheveningen (La Haya)\" \/>\n\t\t<meta property=\"og:url\" content=\"https:\/\/www.eldigitaldeasturias.com\/noticias\/holanda-festeja-su-monarquia-en-el-bicentenario-del-reino-de-los-orange\/\" \/>\n\t\t<meta property=\"article:tag\" content=\"sociedad\" \/>\n\t\t<meta property=\"article:published_time\" content=\"2013-11-30T21:23:06+00:00\" \/>\n\t\t<meta property=\"article:modified_time\" content=\"2013-11-30T21:23:06+00:00\" \/>\n\t\t<meta property=\"article:publisher\" content=\"https:\/\/facebook.com\/eldigitaldeasturias\" \/>\n\t\t<meta name=\"twitter:card\" content=\"summary_large_image\" \/>\n\t\t<meta name=\"twitter:title\" content=\"Holanda festeja su monarqu\u00eda en el bicentenario del reino de los Orange - El Digital de Asturias\" \/>\n\t\t<meta name=\"twitter:description\" content=\"La Haya, 30 nov (EFE).- Holanda, con sus reyes Guillermo-Alejandro y M\u00e1xima como anfitriones, celebra hoy el bicentenario de la creaci\u00f3n del reino de los Pa\u00edses Bajos, que puso fin a la anexi\u00f3n por parte de Francia y coloc\u00f3 a la dinast\u00eda de los Orange al frente del pa\u00eds. La playa de Scheveningen (La Haya)\" \/>\n\t\t<meta name=\"twitter:label1\" content=\"Escrito por\" \/>\n\t\t<meta name=\"twitter:data1\" content=\"El Digital de Asturias\" \/>\n\t\t<meta name=\"twitter:label2\" content=\"Tiempo de lectura estimado\" \/>\n\t\t<meta name=\"twitter:data2\" content=\"3 minutos\" \/>\n\t\t<script type=\"application\/ld+json\" class=\"aioseo-schema\">\n\t\t\t{\"@context\":\"https:\\\/\\\/schema.org\",\"@graph\":[{\"@type\":\"BlogPosting\",\"@id\":\"https:\\\/\\\/www.eldigitaldeasturias.com\\\/noticias\\\/holanda-festeja-su-monarquia-en-el-bicentenario-del-reino-de-los-orange\\\/#blogposting\",\"name\":\"Holanda festeja su monarqu\\u00eda en el bicentenario del reino de los Orange - El Digital de Asturias\",\"headline\":\"Holanda festeja su monarqu\\u00eda en el bicentenario del reino de los Orange\",\"author\":{\"@id\":\"https:\\\/\\\/www.eldigitaldeasturias.com\\\/noticias\\\/author\\\/admin\\\/#author\"},\"publisher\":{\"@id\":\"https:\\\/\\\/www.eldigitaldeasturias.com\\\/noticias\\\/#organization\"},\"image\":{\"@type\":\"ImageObject\",\"url\":456336},\"datePublished\":\"2013-11-30T20:23:06+01:00\",\"dateModified\":\"2013-11-30T20:23:06+01:00\",\"inLanguage\":\"es-ES\",\"mainEntityOfPage\":{\"@id\":\"https:\\\/\\\/www.eldigitaldeasturias.com\\\/noticias\\\/holanda-festeja-su-monarquia-en-el-bicentenario-del-reino-de-los-orange\\\/#webpage\"},\"isPartOf\":{\"@id\":\"https:\\\/\\\/www.eldigitaldeasturias.com\\\/noticias\\\/holanda-festeja-su-monarquia-en-el-bicentenario-del-reino-de-los-orange\\\/#webpage\"},\"articleSection\":\"Sociedad\"},{\"@type\":\"BreadcrumbList\",\"@id\":\"https:\\\/\\\/www.eldigitaldeasturias.com\\\/noticias\\\/holanda-festeja-su-monarquia-en-el-bicentenario-del-reino-de-los-orange\\\/#breadcrumblist\",\"itemListElement\":[{\"@type\":\"ListItem\",\"@id\":\"https:\\\/\\\/www.eldigitaldeasturias.com\\\/noticias#listItem\",\"position\":1,\"name\":\"Home\",\"item\":\"https:\\\/\\\/www.eldigitaldeasturias.com\\\/noticias\",\"nextItem\":{\"@type\":\"ListItem\",\"@id\":\"https:\\\/\\\/www.eldigitaldeasturias.com\\\/noticias\\\/category\\\/sociedad\\\/#listItem\",\"name\":\"Sociedad\"}},{\"@type\":\"ListItem\",\"@id\":\"https:\\\/\\\/www.eldigitaldeasturias.com\\\/noticias\\\/category\\\/sociedad\\\/#listItem\",\"position\":2,\"name\":\"Sociedad\",\"item\":\"https:\\\/\\\/www.eldigitaldeasturias.com\\\/noticias\\\/category\\\/sociedad\\\/\",\"nextItem\":{\"@type\":\"ListItem\",\"@id\":\"https:\\\/\\\/www.eldigitaldeasturias.com\\\/noticias\\\/holanda-festeja-su-monarquia-en-el-bicentenario-del-reino-de-los-orange\\\/#listItem\",\"name\":\"Holanda festeja su monarqu\\u00eda en el bicentenario del reino de los Orange\"},\"previousItem\":{\"@type\":\"ListItem\",\"@id\":\"https:\\\/\\\/www.eldigitaldeasturias.com\\\/noticias#listItem\",\"name\":\"Home\"}},{\"@type\":\"ListItem\",\"@id\":\"https:\\\/\\\/www.eldigitaldeasturias.com\\\/noticias\\\/holanda-festeja-su-monarquia-en-el-bicentenario-del-reino-de-los-orange\\\/#listItem\",\"position\":3,\"name\":\"Holanda festeja su monarqu\\u00eda en el bicentenario del reino de los Orange\",\"previousItem\":{\"@type\":\"ListItem\",\"@id\":\"https:\\\/\\\/www.eldigitaldeasturias.com\\\/noticias\\\/category\\\/sociedad\\\/#listItem\",\"name\":\"Sociedad\"}}]},{\"@type\":\"Organization\",\"@id\":\"https:\\\/\\\/www.eldigitaldeasturias.com\\\/noticias\\\/#organization\",\"name\":\"El Digital de Asturias\",\"description\":\"Hemeroteca\",\"url\":\"https:\\\/\\\/www.eldigitaldeasturias.com\\\/noticias\\\/\",\"email\":\"info@eldigitaldeasturias.com\",\"telephone\":\"+34652131393\",\"logo\":{\"@type\":\"ImageObject\",\"url\":\"https:\\\/\\\/www.eldigitaldeasturias.com\\\/noticias\\\/wp-content\\\/uploads\\\/2020\\\/12\\\/EDA.jpg\",\"@id\":\"https:\\\/\\\/www.eldigitaldeasturias.com\\\/noticias\\\/holanda-festeja-su-monarquia-en-el-bicentenario-del-reino-de-los-orange\\\/#organizationLogo\"},\"image\":{\"@id\":\"https:\\\/\\\/www.eldigitaldeasturias.com\\\/noticias\\\/holanda-festeja-su-monarquia-en-el-bicentenario-del-reino-de-los-orange\\\/#organizationLogo\"},\"sameAs\":[\"https:\\\/\\\/facebook.com\\\/eldigitaldeasturias\",\"https:\\\/\\\/www.youtube.com\\\/channel\\\/UCZP-2wLEB9Rv6erhFmqVnvg\"],\"address\":{\"@id\":\"https:\\\/\\\/www.eldigitaldeasturias.com\\\/noticias\\\/#postaladdress\",\"@type\":\"PostalAddress\",\"streetAddress\":\"san antonio 4\",\"postalCode\":\"33430\",\"addressLocality\":\"Cand\\u00e1s\",\"addressRegion\":\"Asturias\",\"addressCountry\":\"ES\"}},{\"@type\":\"Person\",\"@id\":\"https:\\\/\\\/www.eldigitaldeasturias.com\\\/noticias\\\/author\\\/admin\\\/#author\",\"url\":\"https:\\\/\\\/www.eldigitaldeasturias.com\\\/noticias\\\/author\\\/admin\\\/\",\"name\":\"El Digital de Asturias\",\"image\":{\"@type\":\"ImageObject\",\"@id\":\"https:\\\/\\\/www.eldigitaldeasturias.com\\\/noticias\\\/holanda-festeja-su-monarquia-en-el-bicentenario-del-reino-de-los-orange\\\/#authorImage\",\"url\":\"https:\\\/\\\/secure.gravatar.com\\\/avatar\\\/df2aeffc32bcd13f8d26072ef8a91b623d677766deac7f97ca815868cd41bf5e?s=96&d=mm&r=g\",\"width\":96,\"height\":96,\"caption\":\"El Digital de Asturias\"}},{\"@type\":\"WebPage\",\"@id\":\"https:\\\/\\\/www.eldigitaldeasturias.com\\\/noticias\\\/holanda-festeja-su-monarquia-en-el-bicentenario-del-reino-de-los-orange\\\/#webpage\",\"url\":\"https:\\\/\\\/www.eldigitaldeasturias.com\\\/noticias\\\/holanda-festeja-su-monarquia-en-el-bicentenario-del-reino-de-los-orange\\\/\",\"name\":\"Holanda festeja su monarqu\\u00eda en el bicentenario del reino de los Orange - El Digital de Asturias\",\"description\":\"La Haya, 30 nov (EFE).- Holanda, con sus reyes Guillermo-Alejandro y M\\u00e1xima como anfitriones, celebra hoy el bicentenario de la creaci\\u00f3n del reino de los Pa\\u00edses Bajos, que puso fin a la anexi\\u00f3n por parte de Francia y coloc\\u00f3 a la dinast\\u00eda de los Orange al frente del pa\\u00eds. La playa de Scheveningen (La Haya)\",\"inLanguage\":\"es-ES\",\"isPartOf\":{\"@id\":\"https:\\\/\\\/www.eldigitaldeasturias.com\\\/noticias\\\/#website\"},\"breadcrumb\":{\"@id\":\"https:\\\/\\\/www.eldigitaldeasturias.com\\\/noticias\\\/holanda-festeja-su-monarquia-en-el-bicentenario-del-reino-de-los-orange\\\/#breadcrumblist\"},\"author\":{\"@id\":\"https:\\\/\\\/www.eldigitaldeasturias.com\\\/noticias\\\/author\\\/admin\\\/#author\"},\"creator\":{\"@id\":\"https:\\\/\\\/www.eldigitaldeasturias.com\\\/noticias\\\/author\\\/admin\\\/#author\"},\"image\":{\"@type\":\"ImageObject\",\"url\":456336,\"@id\":\"https:\\\/\\\/www.eldigitaldeasturias.com\\\/noticias\\\/holanda-festeja-su-monarquia-en-el-bicentenario-del-reino-de-los-orange\\\/#mainImage\"},\"primaryImageOfPage\":{\"@id\":\"https:\\\/\\\/www.eldigitaldeasturias.com\\\/noticias\\\/holanda-festeja-su-monarquia-en-el-bicentenario-del-reino-de-los-orange\\\/#mainImage\"},\"datePublished\":\"2013-11-30T20:23:06+01:00\",\"dateModified\":\"2013-11-30T20:23:06+01:00\"},{\"@type\":\"WebSite\",\"@id\":\"https:\\\/\\\/www.eldigitaldeasturias.com\\\/noticias\\\/#website\",\"url\":\"https:\\\/\\\/www.eldigitaldeasturias.com\\\/noticias\\\/\",\"name\":\"El Digital de Asturias - Diario de actualidad y noticias\",\"alternateName\":\"El Digital de Asturias - Diario de actualidad y noticias\",\"description\":\"Hemeroteca\",\"inLanguage\":\"es-ES\",\"publisher\":{\"@id\":\"https:\\\/\\\/www.eldigitaldeasturias.com\\\/noticias\\\/#organization\"}}]}\n\t\t<\/script>\n\t\t<!-- All in One SEO Pro -->\r\n\t\t<title>Holanda festeja su monarqu\u00eda en el bicentenario del reino de los Orange - El Digital de Asturias<\/title>\n\n","aioseo_head_json":{"title":"Holanda festeja su monarqu\u00eda en el bicentenario del reino de los Orange - El Digital de Asturias","description":"La Haya, 30 nov (EFE).- Holanda, con sus reyes Guillermo-Alejandro y M\u00e1xima como anfitriones, celebra hoy el bicentenario de la creaci\u00f3n del reino de los Pa\u00edses Bajos, que puso fin a la anexi\u00f3n por parte de Francia y coloc\u00f3 a la dinast\u00eda de los Orange al frente del pa\u00eds. La playa de Scheveningen (La Haya)","canonical_url":"https:\/\/www.eldigitaldeasturias.com\/noticias\/holanda-festeja-su-monarquia-en-el-bicentenario-del-reino-de-los-orange\/","robots":"max-image-preview:large","keywords":"sociedad","webmasterTools":{"google-site-verification":"UA-38556648-1","msvalidate.01":"7dfe9f3f1b24437ab69f4f2559babe99","miscellaneous":""},"schema":{"@context":"https:\/\/schema.org","@graph":[{"@type":"BlogPosting","@id":"https:\/\/www.eldigitaldeasturias.com\/noticias\/holanda-festeja-su-monarquia-en-el-bicentenario-del-reino-de-los-orange\/#blogposting","name":"Holanda festeja su monarqu\u00eda en el bicentenario del reino de los Orange - El Digital de Asturias","headline":"Holanda festeja su monarqu\u00eda en el bicentenario del reino de los Orange","author":{"@id":"https:\/\/www.eldigitaldeasturias.com\/noticias\/author\/admin\/#author"},"publisher":{"@id":"https:\/\/www.eldigitaldeasturias.com\/noticias\/#organization"},"image":{"@type":"ImageObject","url":456336},"datePublished":"2013-11-30T20:23:06+01:00","dateModified":"2013-11-30T20:23:06+01:00","inLanguage":"es-ES","mainEntityOfPage":{"@id":"https:\/\/www.eldigitaldeasturias.com\/noticias\/holanda-festeja-su-monarquia-en-el-bicentenario-del-reino-de-los-orange\/#webpage"},"isPartOf":{"@id":"https:\/\/www.eldigitaldeasturias.com\/noticias\/holanda-festeja-su-monarquia-en-el-bicentenario-del-reino-de-los-orange\/#webpage"},"articleSection":"Sociedad"},{"@type":"BreadcrumbList","@id":"https:\/\/www.eldigitaldeasturias.com\/noticias\/holanda-festeja-su-monarquia-en-el-bicentenario-del-reino-de-los-orange\/#breadcrumblist","itemListElement":[{"@type":"ListItem","@id":"https:\/\/www.eldigitaldeasturias.com\/noticias#listItem","position":1,"name":"Home","item":"https:\/\/www.eldigitaldeasturias.com\/noticias","nextItem":{"@type":"ListItem","@id":"https:\/\/www.eldigitaldeasturias.com\/noticias\/category\/sociedad\/#listItem","name":"Sociedad"}},{"@type":"ListItem","@id":"https:\/\/www.eldigitaldeasturias.com\/noticias\/category\/sociedad\/#listItem","position":2,"name":"Sociedad","item":"https:\/\/www.eldigitaldeasturias.com\/noticias\/category\/sociedad\/","nextItem":{"@type":"ListItem","@id":"https:\/\/www.eldigitaldeasturias.com\/noticias\/holanda-festeja-su-monarquia-en-el-bicentenario-del-reino-de-los-orange\/#listItem","name":"Holanda festeja su monarqu\u00eda en el bicentenario del reino de los Orange"},"previousItem":{"@type":"ListItem","@id":"https:\/\/www.eldigitaldeasturias.com\/noticias#listItem","name":"Home"}},{"@type":"ListItem","@id":"https:\/\/www.eldigitaldeasturias.com\/noticias\/holanda-festeja-su-monarquia-en-el-bicentenario-del-reino-de-los-orange\/#listItem","position":3,"name":"Holanda festeja su monarqu\u00eda en el bicentenario del reino de los Orange","previousItem":{"@type":"ListItem","@id":"https:\/\/www.eldigitaldeasturias.com\/noticias\/category\/sociedad\/#listItem","name":"Sociedad"}}]},{"@type":"Organization","@id":"https:\/\/www.eldigitaldeasturias.com\/noticias\/#organization","name":"El Digital de Asturias","description":"Hemeroteca","url":"https:\/\/www.eldigitaldeasturias.com\/noticias\/","email":"info@eldigitaldeasturias.com","telephone":"+34652131393","logo":{"@type":"ImageObject","url":"https:\/\/www.eldigitaldeasturias.com\/noticias\/wp-content\/uploads\/2020\/12\/EDA.jpg","@id":"https:\/\/www.eldigitaldeasturias.com\/noticias\/holanda-festeja-su-monarquia-en-el-bicentenario-del-reino-de-los-orange\/#organizationLogo"},"image":{"@id":"https:\/\/www.eldigitaldeasturias.com\/noticias\/holanda-festeja-su-monarquia-en-el-bicentenario-del-reino-de-los-orange\/#organizationLogo"},"sameAs":["https:\/\/facebook.com\/eldigitaldeasturias","https:\/\/www.youtube.com\/channel\/UCZP-2wLEB9Rv6erhFmqVnvg"],"address":{"@id":"https:\/\/www.eldigitaldeasturias.com\/noticias\/#postaladdress","@type":"PostalAddress","streetAddress":"san antonio 4","postalCode":"33430","addressLocality":"Cand\u00e1s","addressRegion":"Asturias","addressCountry":"ES"}},{"@type":"Person","@id":"https:\/\/www.eldigitaldeasturias.com\/noticias\/author\/admin\/#author","url":"https:\/\/www.eldigitaldeasturias.com\/noticias\/author\/admin\/","name":"El Digital de Asturias","image":{"@type":"ImageObject","@id":"https:\/\/www.eldigitaldeasturias.com\/noticias\/holanda-festeja-su-monarquia-en-el-bicentenario-del-reino-de-los-orange\/#authorImage","url":"https:\/\/secure.gravatar.com\/avatar\/df2aeffc32bcd13f8d26072ef8a91b623d677766deac7f97ca815868cd41bf5e?s=96&d=mm&r=g","width":96,"height":96,"caption":"El Digital de Asturias"}},{"@type":"WebPage","@id":"https:\/\/www.eldigitaldeasturias.com\/noticias\/holanda-festeja-su-monarquia-en-el-bicentenario-del-reino-de-los-orange\/#webpage","url":"https:\/\/www.eldigitaldeasturias.com\/noticias\/holanda-festeja-su-monarquia-en-el-bicentenario-del-reino-de-los-orange\/","name":"Holanda festeja su monarqu\u00eda en el bicentenario del reino de los Orange - El Digital de Asturias","description":"La Haya, 30 nov (EFE).- Holanda, con sus reyes Guillermo-Alejandro y M\u00e1xima como anfitriones, celebra hoy el bicentenario de la creaci\u00f3n del reino de los Pa\u00edses Bajos, que puso fin a la anexi\u00f3n por parte de Francia y coloc\u00f3 a la dinast\u00eda de los Orange al frente del pa\u00eds. La playa de Scheveningen (La Haya)","inLanguage":"es-ES","isPartOf":{"@id":"https:\/\/www.eldigitaldeasturias.com\/noticias\/#website"},"breadcrumb":{"@id":"https:\/\/www.eldigitaldeasturias.com\/noticias\/holanda-festeja-su-monarquia-en-el-bicentenario-del-reino-de-los-orange\/#breadcrumblist"},"author":{"@id":"https:\/\/www.eldigitaldeasturias.com\/noticias\/author\/admin\/#author"},"creator":{"@id":"https:\/\/www.eldigitaldeasturias.com\/noticias\/author\/admin\/#author"},"image":{"@type":"ImageObject","url":456336,"@id":"https:\/\/www.eldigitaldeasturias.com\/noticias\/holanda-festeja-su-monarquia-en-el-bicentenario-del-reino-de-los-orange\/#mainImage"},"primaryImageOfPage":{"@id":"https:\/\/www.eldigitaldeasturias.com\/noticias\/holanda-festeja-su-monarquia-en-el-bicentenario-del-reino-de-los-orange\/#mainImage"},"datePublished":"2013-11-30T20:23:06+01:00","dateModified":"2013-11-30T20:23:06+01:00"},{"@type":"WebSite","@id":"https:\/\/www.eldigitaldeasturias.com\/noticias\/#website","url":"https:\/\/www.eldigitaldeasturias.com\/noticias\/","name":"El Digital de Asturias - Diario de actualidad y noticias","alternateName":"El Digital de Asturias - Diario de actualidad y noticias","description":"Hemeroteca","inLanguage":"es-ES","publisher":{"@id":"https:\/\/www.eldigitaldeasturias.com\/noticias\/#organization"}}]},"og:locale":"es_ES","og:site_name":"El Digital de Asturias","og:type":"article","og:title":"Holanda festeja su monarqu\u00eda en el bicentenario del reino de los Orange - El Digital de Asturias","og:description":"La Haya, 30 nov (EFE).- Holanda, con sus reyes Guillermo-Alejandro y M\u00e1xima como anfitriones, celebra hoy el bicentenario de la creaci\u00f3n del reino de los Pa\u00edses Bajos, que puso fin a la anexi\u00f3n por parte de Francia y coloc\u00f3 a la dinast\u00eda de los Orange al frente del pa\u00eds. La playa de Scheveningen (La Haya)","og:url":"https:\/\/www.eldigitaldeasturias.com\/noticias\/holanda-festeja-su-monarquia-en-el-bicentenario-del-reino-de-los-orange\/","article:tag":["sociedad"],"article:published_time":"2013-11-30T21:23:06+00:00","article:modified_time":"2013-11-30T21:23:06+00:00","article:publisher":"https:\/\/facebook.com\/eldigitaldeasturias","twitter:card":"summary_large_image","twitter:title":"Holanda festeja su monarqu\u00eda en el bicentenario del reino de los Orange - El Digital de Asturias","twitter:description":"La Haya, 30 nov (EFE).- Holanda, con sus reyes Guillermo-Alejandro y M\u00e1xima como anfitriones, celebra hoy el bicentenario de la creaci\u00f3n del reino de los Pa\u00edses Bajos, que puso fin a la anexi\u00f3n por parte de Francia y coloc\u00f3 a la dinast\u00eda de los Orange al frente del pa\u00eds. La playa de Scheveningen (La Haya)","twitter:label1":"Escrito por","twitter:data1":"El Digital de Asturias","twitter:label2":"Tiempo de lectura estimado","twitter:data2":"3 minutos"},"aioseo_meta_data":{"post_id":"456335","title":null,"description":null,"keywords":null,"keyphrases":null,"primary_term":null,"canonical_url":null,"og_title":null,"og_description":null,"og_object_type":"default","og_image_type":"default","og_image_url":null,"og_image_width":null,"og_image_height":null,"og_image_custom_url":null,"og_image_custom_fields":null,"og_video":null,"og_custom_url":null,"og_article_section":null,"og_article_tags":null,"twitter_use_og":true,"twitter_card":"default","twitter_image_type":"default","twitter_image_url":null,"twitter_image_custom_url":null,"twitter_image_custom_fields":null,"twitter_title":null,"twitter_description":null,"schema":{"blockGraphs":[],"customGraphs":[],"default":{"data":{"Article":[],"Course":[],"Dataset":[],"FAQPage":[],"Movie":[],"Person":[],"Product":[],"ProductReview":[],"Car":[],"Recipe":[],"Service":[],"SoftwareApplication":[],"WebPage":[]},"graphName":"","isEnabled":true},"graphs":[],"defaultGraph":"","defaultPostTypeGraph":""},"schema_type":null,"schema_type_options":null,"pillar_content":false,"robots_default":true,"robots_noindex":false,"robots_noarchive":false,"robots_nosnippet":false,"robots_nofollow":false,"robots_noimageindex":false,"robots_noodp":false,"robots_notranslate":false,"robots_max_snippet":null,"robots_max_videopreview":null,"robots_max_imagepreview":"none","priority":null,"frequency":null,"local_seo":null,"seo_analyzer_scan_date":"2026-05-29 21:38:59","breadcrumb_settings":null,"limit_modified_date":false,"open_ai":null,"ai":null,"created":"2020-11-14 22:45:58","updated":"2026-05-29 21:38:59","focus_keyword":null,"additional_keywords":null,"truseo_locale":null},"aioseo_breadcrumb":"<div class=\"aioseo-breadcrumbs\"><span class=\"aioseo-breadcrumb\">\n\t<a href=\"https:\/\/www.eldigitaldeasturias.com\/noticias\" title=\"Home\">Home<\/a>\n<\/span><span class=\"aioseo-breadcrumb-separator\">\u2013<\/span><span class=\"aioseo-breadcrumb\">\n\t<a href=\"https:\/\/www.eldigitaldeasturias.com\/noticias\/category\/sociedad\/\" title=\"Sociedad\">Sociedad<\/a>\n<\/span><span class=\"aioseo-breadcrumb-separator\">\u2013<\/span><span class=\"aioseo-breadcrumb\">\n\t<a href=\"https:\/\/www.eldigitaldeasturias.com\/noticias\/holanda-festeja-su-monarquia-en-el-bicentenario-del-reino-de-los-orange\/\" title=\"Holanda festeja su monarqu\u00eda en el bicentenario del reino de los Orange\">Holanda festeja su monarqu\u00eda en el bicentenario del reino de los Orange<\/a>\n<\/span><\/div>","aioseo_breadcrumb_json":[{"label":"Home","link":"https:\/\/www.eldigitaldeasturias.com\/noticias"},{"label":"Sociedad","link":"https:\/\/www.eldigitaldeasturias.com\/noticias\/category\/sociedad\/"},{"label":"Holanda festeja su monarqu\u00eda en el bicentenario del reino de los Orange","link":"https:\/\/www.eldigitaldeasturias.com\/noticias\/holanda-festeja-su-monarquia-en-el-bicentenario-del-reino-de-los-orange\/"}],"_links":{"self":[{"href":"https:\/\/www.eldigitaldeasturias.com\/noticias\/wp-json\/wp\/v2\/posts\/456335","targetHints":{"allow":["GET"]}}],"collection":[{"href":"https:\/\/www.eldigitaldeasturias.com\/noticias\/wp-json\/wp\/v2\/posts"}],"about":[{"href":"https:\/\/www.eldigitaldeasturias.com\/noticias\/wp-json\/wp\/v2\/types\/post"}],"author":[{"embeddable":true,"href":"https:\/\/www.eldigitaldeasturias.com\/noticias\/wp-json\/wp\/v2\/users\/1"}],"replies":[{"embeddable":true,"href":"https:\/\/www.eldigitaldeasturias.com\/noticias\/wp-json\/wp\/v2\/comments?post=456335"}],"version-history":[{"count":0,"href":"https:\/\/www.eldigitaldeasturias.com\/noticias\/wp-json\/wp\/v2\/posts\/456335\/revisions"}],"wp:attachment":[{"href":"https:\/\/www.eldigitaldeasturias.com\/noticias\/wp-json\/wp\/v2\/media?parent=456335"}],"wp:term":[{"taxonomy":"category","embeddable":true,"href":"https:\/\/www.eldigitaldeasturias.com\/noticias\/wp-json\/wp\/v2\/categories?post=456335"},{"taxonomy":"post_tag","embeddable":true,"href":"https:\/\/www.eldigitaldeasturias.com\/noticias\/wp-json\/wp\/v2\/tags?post=456335"}],"curies":[{"name":"wp","href":"https:\/\/api.w.org\/{rel}","templated":true}]}}