{"id":456332,"date":"2013-11-30T20:00:46","date_gmt":"2013-11-30T21:00:46","guid":{"rendered":"http:\/\/www.eldigitaldeasturias.com\/noticias\/?p=456332"},"modified":"2013-11-30T20:00:46","modified_gmt":"2013-11-30T21:00:46","slug":"la-guardia-civil-niega-practicas-ilegales-de-devolucion-de-inmigrantes-en-melilla","status":"publish","type":"post","link":"https:\/\/www.eldigitaldeasturias.com\/noticias\/la-guardia-civil-niega-practicas-ilegales-de-devolucion-de-inmigrantes-en-melilla\/","title":{"rendered":"La Guardia Civil niega &#8216;pr\u00e1cticas ilegales&#8217; de devoluci\u00f3n de inmigrantes en Melilla"},"content":{"rendered":"<p><img loading=\"lazy\" decoding=\"async\" class=\"alignleft size-medium wp-image-456333\" alt=\"5763771w\" src=\"https:\/\/www.eldigitaldeasturias.com\/noticias\/wp-content\/uploads\/2013\/11\/5763771w-360x244.jpg\" width=\"360\" height=\"244\" \/>Madrid, 30 nov (EFE).- La Guardia Civil va a estudiar algunas declaraciones p\u00fablicas realizadas por algunas personas o colectivos en las que se acusa a los miembros del instituto armado de realizar \u00abpr\u00e1cticas ilegales\u00bb en la devoluci\u00f3n de inmigrantes en Melilla por si procediera emprender alguna acci\u00f3n legal contra ellos.<\/p>\n<p>De esta forma lo ha expresado el director general de la Guardia Civil, Arsenio Fern\u00e1ndez de Mesa, durante el acto de clausura de la III Asamblea de la Asociaci\u00f3n Pro Guardia Civil (APROGC), seg\u00fan un comunicado del instituto armado.<\/p>\n<p>En este foro, Fern\u00e1ndez de Mesa ha reiterado su apoyo absoluto al trabajo de los guardias civiles en toda Espa\u00f1a y en especial, en Gibraltar y en Melilla, donde en los \u00faltimos tiempos est\u00e1n trabajando \u00abduro\u00bb y \u00aben escenarios complicados\u00bb, con el \u00fanico objetivo de garantizar la seguridad de todos los ciudadanos.<\/p>\n<p>Durante la asamblea, se han tratado cuestiones de inter\u00e9s para todas las escalas de la Guardia Civil, as\u00ed como asuntos relacionados con la gesti\u00f3n de la propia asociaci\u00f3n.<\/p>\n<p>Fern\u00e1ndez de Mesa ha agradecido \u00abel compromiso leal que mantiene la asociaci\u00f3n en la defensa de los intereses propios de la Guardia Civil\u00bb.<\/p>\n<p>Tambi\u00e9n se ha referido a la regulaci\u00f3n del derecho de asociaci\u00f3n, hace ya seis a\u00f1os, y a la consolidaci\u00f3n de \u00abun modelo asociativo no sindical, de defensa de los intereses profesionales, econ\u00f3micos y sociales, en el que impera la participaci\u00f3n de todos los componentes del cuerpo\u00bb.<\/p>\n<p>Ha resaltado la importancia del Consejo de la Guardia Civil, en el que se han tratado asuntos \u00abtan importantes\u00bb como la nueva Ley de Personal, la regulaci\u00f3n de las misiones de car\u00e1cter militar que se pueden encomendar a la Guardia Civil, el uso del uniforme o la provisi\u00f3n de destinos.<\/p>\n<p>Fern\u00e1ndez de Mesa ha repasado la actividad del Consejo de la Guardia Civil en los \u00faltimos dos a\u00f1os, en el que se han analizado 33 normas de diferentes rangos, se han realizado veintitr\u00e9s reuniones de plenos y comisiones y 41 reuniones de los diferentes grupos de trabajo.<\/p>\n<p>La actividad del Consejo es un \u00absigno inequ\u00edvoco de la madurez que va adquiriendo este \u00f3rgano representativo de los miembros del cuerpo\u00bb, ha indicado.<\/p>\n<p>El director general ha animado a la asociaci\u00f3n a seguir empleando este \u00f3rgano como un canal de extraordinaria importancia en la intercomunicaci\u00f3n entre la Administraci\u00f3n y los componentes del cuerpo.<\/p>\n","protected":false},"excerpt":{"rendered":"<p>Madrid, 30 nov (EFE).- La Guardia Civil va a estudiar algunas declaraciones p\u00fablicas realizadas por algunas personas o colectivos en las que se acusa a los miembros del instituto armado de realizar \u00abpr\u00e1cticas ilegales\u00bb en la devoluci\u00f3n de inmigrantes en Melilla por si procediera emprender alguna acci\u00f3n legal contra ellos. De esta forma lo ha [&hellip;]<\/p>\n","protected":false},"author":1,"featured_media":456333,"comment_status":"closed","ping_status":"open","sticky":false,"template":"","format":"standard","meta":{"footnotes":""},"categories":[5],"tags":[],"class_list":["post-456332","post","type-post","status-publish","format-standard","has-post-thumbnail","hentry","category-sucesos"],"aioseo_notices":[],"aioseo_head":"\n\t\t<!-- All in One SEO Pro 5.0.1 - aioseo.com -->\n\t<meta name=\"description\" content=\"Madrid, 30 nov (EFE).- La Guardia Civil va a estudiar algunas declaraciones p\u00fablicas realizadas por algunas personas o colectivos en las que se acusa a los miembros del instituto armado de realizar &quot;pr\u00e1cticas ilegales&quot; en la devoluci\u00f3n de inmigrantes en Melilla por si procediera emprender alguna acci\u00f3n legal contra ellos. De esta forma lo ha\" \/>\n\t<meta name=\"robots\" content=\"max-image-preview:large\" \/>\n\t<meta name=\"author\" content=\"El Digital de Asturias\"\/>\n\t<meta name=\"google-site-verification\" content=\"UA-38556648-1\" \/>\n\t<meta name=\"msvalidate.01\" content=\"7dfe9f3f1b24437ab69f4f2559babe99\" \/>\n\t<meta name=\"keywords\" content=\"sucesos\" \/>\n\t<link rel=\"canonical\" href=\"https:\/\/www.eldigitaldeasturias.com\/noticias\/la-guardia-civil-niega-practicas-ilegales-de-devolucion-de-inmigrantes-en-melilla\/\" \/>\n\t<meta name=\"generator\" content=\"All in One SEO Pro (AIOSEO) 5.0.1\" \/>\n\t\t<meta property=\"og:locale\" content=\"es_ES\" \/>\n\t\t<meta property=\"og:site_name\" content=\"El Digital de Asturias\" \/>\n\t\t<meta property=\"og:type\" content=\"article\" \/>\n\t\t<meta property=\"og:title\" content=\"La Guardia Civil niega \u2018pr\u00e1cticas ilegales\u2019 de devoluci\u00f3n de inmigrantes en Melilla - El Digital de Asturias\" \/>\n\t\t<meta property=\"og:description\" content=\"Madrid, 30 nov (EFE).- La Guardia Civil va a estudiar algunas declaraciones p\u00fablicas realizadas por algunas personas o colectivos en las que se acusa a los miembros del instituto armado de realizar &quot;pr\u00e1cticas ilegales&quot; en la devoluci\u00f3n de inmigrantes en Melilla por si procediera emprender alguna acci\u00f3n legal contra ellos. De esta forma lo ha\" \/>\n\t\t<meta property=\"og:url\" content=\"https:\/\/www.eldigitaldeasturias.com\/noticias\/la-guardia-civil-niega-practicas-ilegales-de-devolucion-de-inmigrantes-en-melilla\/\" \/>\n\t\t<meta property=\"article:tag\" content=\"sucesos\" \/>\n\t\t<meta property=\"article:published_time\" content=\"2013-11-30T21:00:46+00:00\" \/>\n\t\t<meta property=\"article:modified_time\" content=\"2013-11-30T21:00:46+00:00\" \/>\n\t\t<meta property=\"article:publisher\" content=\"https:\/\/facebook.com\/eldigitaldeasturias\" \/>\n\t\t<meta name=\"twitter:card\" content=\"summary_large_image\" \/>\n\t\t<meta name=\"twitter:title\" content=\"La Guardia Civil niega \u2018pr\u00e1cticas ilegales\u2019 de devoluci\u00f3n de inmigrantes en Melilla - El Digital de Asturias\" \/>\n\t\t<meta name=\"twitter:description\" content=\"Madrid, 30 nov (EFE).- La Guardia Civil va a estudiar algunas declaraciones p\u00fablicas realizadas por algunas personas o colectivos en las que se acusa a los miembros del instituto armado de realizar &quot;pr\u00e1cticas ilegales&quot; en la devoluci\u00f3n de inmigrantes en Melilla por si procediera emprender alguna acci\u00f3n legal contra ellos. De esta forma lo ha\" \/>\n\t\t<meta name=\"twitter:label1\" content=\"Escrito por\" \/>\n\t\t<meta name=\"twitter:data1\" content=\"El Digital de Asturias\" \/>\n\t\t<meta name=\"twitter:label2\" content=\"Tiempo de lectura estimado\" \/>\n\t\t<meta name=\"twitter:data2\" content=\"2 minutos\" \/>\n\t\t<script type=\"application\/ld+json\" class=\"aioseo-schema\">\n\t\t\t{\"@context\":\"https:\\\/\\\/schema.org\",\"@graph\":[{\"@type\":\"BlogPosting\",\"@id\":\"https:\\\/\\\/www.eldigitaldeasturias.com\\\/noticias\\\/la-guardia-civil-niega-practicas-ilegales-de-devolucion-de-inmigrantes-en-melilla\\\/#blogposting\",\"name\":\"La Guardia Civil niega \\u2018pr\\u00e1cticas ilegales\\u2019 de devoluci\\u00f3n de inmigrantes en Melilla - El Digital de Asturias\",\"headline\":\"La Guardia Civil niega &#8216;pr\\u00e1cticas ilegales&#8217; de devoluci\\u00f3n de inmigrantes en Melilla\",\"author\":{\"@id\":\"https:\\\/\\\/www.eldigitaldeasturias.com\\\/noticias\\\/author\\\/admin\\\/#author\"},\"publisher\":{\"@id\":\"https:\\\/\\\/www.eldigitaldeasturias.com\\\/noticias\\\/#organization\"},\"image\":{\"@type\":\"ImageObject\",\"url\":456333},\"datePublished\":\"2013-11-30T20:00:46+01:00\",\"dateModified\":\"2013-11-30T20:00:46+01:00\",\"inLanguage\":\"es-ES\",\"mainEntityOfPage\":{\"@id\":\"https:\\\/\\\/www.eldigitaldeasturias.com\\\/noticias\\\/la-guardia-civil-niega-practicas-ilegales-de-devolucion-de-inmigrantes-en-melilla\\\/#webpage\"},\"isPartOf\":{\"@id\":\"https:\\\/\\\/www.eldigitaldeasturias.com\\\/noticias\\\/la-guardia-civil-niega-practicas-ilegales-de-devolucion-de-inmigrantes-en-melilla\\\/#webpage\"},\"articleSection\":\"Sucesos\"},{\"@type\":\"BreadcrumbList\",\"@id\":\"https:\\\/\\\/www.eldigitaldeasturias.com\\\/noticias\\\/la-guardia-civil-niega-practicas-ilegales-de-devolucion-de-inmigrantes-en-melilla\\\/#breadcrumblist\",\"itemListElement\":[{\"@type\":\"ListItem\",\"@id\":\"https:\\\/\\\/www.eldigitaldeasturias.com\\\/noticias#listItem\",\"position\":1,\"name\":\"Home\",\"item\":\"https:\\\/\\\/www.eldigitaldeasturias.com\\\/noticias\",\"nextItem\":{\"@type\":\"ListItem\",\"@id\":\"https:\\\/\\\/www.eldigitaldeasturias.com\\\/noticias\\\/category\\\/sucesos\\\/#listItem\",\"name\":\"Sucesos\"}},{\"@type\":\"ListItem\",\"@id\":\"https:\\\/\\\/www.eldigitaldeasturias.com\\\/noticias\\\/category\\\/sucesos\\\/#listItem\",\"position\":2,\"name\":\"Sucesos\",\"item\":\"https:\\\/\\\/www.eldigitaldeasturias.com\\\/noticias\\\/category\\\/sucesos\\\/\",\"nextItem\":{\"@type\":\"ListItem\",\"@id\":\"https:\\\/\\\/www.eldigitaldeasturias.com\\\/noticias\\\/la-guardia-civil-niega-practicas-ilegales-de-devolucion-de-inmigrantes-en-melilla\\\/#listItem\",\"name\":\"La Guardia Civil niega &#8216;pr\\u00e1cticas ilegales&#8217; de devoluci\\u00f3n de inmigrantes en Melilla\"},\"previousItem\":{\"@type\":\"ListItem\",\"@id\":\"https:\\\/\\\/www.eldigitaldeasturias.com\\\/noticias#listItem\",\"name\":\"Home\"}},{\"@type\":\"ListItem\",\"@id\":\"https:\\\/\\\/www.eldigitaldeasturias.com\\\/noticias\\\/la-guardia-civil-niega-practicas-ilegales-de-devolucion-de-inmigrantes-en-melilla\\\/#listItem\",\"position\":3,\"name\":\"La Guardia Civil niega &#8216;pr\\u00e1cticas ilegales&#8217; de devoluci\\u00f3n de inmigrantes en Melilla\",\"previousItem\":{\"@type\":\"ListItem\",\"@id\":\"https:\\\/\\\/www.eldigitaldeasturias.com\\\/noticias\\\/category\\\/sucesos\\\/#listItem\",\"name\":\"Sucesos\"}}]},{\"@type\":\"Organization\",\"@id\":\"https:\\\/\\\/www.eldigitaldeasturias.com\\\/noticias\\\/#organization\",\"name\":\"El Digital de Asturias\",\"description\":\"Hemeroteca\",\"url\":\"https:\\\/\\\/www.eldigitaldeasturias.com\\\/noticias\\\/\",\"email\":\"info@eldigitaldeasturias.com\",\"telephone\":\"+34652131393\",\"logo\":{\"@type\":\"ImageObject\",\"url\":\"https:\\\/\\\/www.eldigitaldeasturias.com\\\/noticias\\\/wp-content\\\/uploads\\\/2020\\\/12\\\/EDA.jpg\",\"@id\":\"https:\\\/\\\/www.eldigitaldeasturias.com\\\/noticias\\\/la-guardia-civil-niega-practicas-ilegales-de-devolucion-de-inmigrantes-en-melilla\\\/#organizationLogo\"},\"image\":{\"@id\":\"https:\\\/\\\/www.eldigitaldeasturias.com\\\/noticias\\\/la-guardia-civil-niega-practicas-ilegales-de-devolucion-de-inmigrantes-en-melilla\\\/#organizationLogo\"},\"sameAs\":[\"https:\\\/\\\/facebook.com\\\/eldigitaldeasturias\",\"https:\\\/\\\/www.youtube.com\\\/channel\\\/UCZP-2wLEB9Rv6erhFmqVnvg\"],\"address\":{\"@id\":\"https:\\\/\\\/www.eldigitaldeasturias.com\\\/noticias\\\/#postaladdress\",\"@type\":\"PostalAddress\",\"streetAddress\":\"san antonio 4\",\"postalCode\":\"33430\",\"addressLocality\":\"Cand\\u00e1s\",\"addressRegion\":\"Asturias\",\"addressCountry\":\"ES\"}},{\"@type\":\"Person\",\"@id\":\"https:\\\/\\\/www.eldigitaldeasturias.com\\\/noticias\\\/author\\\/admin\\\/#author\",\"url\":\"https:\\\/\\\/www.eldigitaldeasturias.com\\\/noticias\\\/author\\\/admin\\\/\",\"name\":\"El Digital de Asturias\",\"image\":{\"@type\":\"ImageObject\",\"@id\":\"https:\\\/\\\/www.eldigitaldeasturias.com\\\/noticias\\\/la-guardia-civil-niega-practicas-ilegales-de-devolucion-de-inmigrantes-en-melilla\\\/#authorImage\",\"url\":\"https:\\\/\\\/secure.gravatar.com\\\/avatar\\\/df2aeffc32bcd13f8d26072ef8a91b623d677766deac7f97ca815868cd41bf5e?s=96&d=mm&r=g\",\"width\":96,\"height\":96,\"caption\":\"El Digital de Asturias\"}},{\"@type\":\"WebPage\",\"@id\":\"https:\\\/\\\/www.eldigitaldeasturias.com\\\/noticias\\\/la-guardia-civil-niega-practicas-ilegales-de-devolucion-de-inmigrantes-en-melilla\\\/#webpage\",\"url\":\"https:\\\/\\\/www.eldigitaldeasturias.com\\\/noticias\\\/la-guardia-civil-niega-practicas-ilegales-de-devolucion-de-inmigrantes-en-melilla\\\/\",\"name\":\"La Guardia Civil niega \\u2018pr\\u00e1cticas ilegales\\u2019 de devoluci\\u00f3n de inmigrantes en Melilla - El Digital de Asturias\",\"description\":\"Madrid, 30 nov (EFE).- La Guardia Civil va a estudiar algunas declaraciones p\\u00fablicas realizadas por algunas personas o colectivos en las que se acusa a los miembros del instituto armado de realizar \\\"pr\\u00e1cticas ilegales\\\" en la devoluci\\u00f3n de inmigrantes en Melilla por si procediera emprender alguna acci\\u00f3n legal contra ellos. De esta forma lo ha\",\"inLanguage\":\"es-ES\",\"isPartOf\":{\"@id\":\"https:\\\/\\\/www.eldigitaldeasturias.com\\\/noticias\\\/#website\"},\"breadcrumb\":{\"@id\":\"https:\\\/\\\/www.eldigitaldeasturias.com\\\/noticias\\\/la-guardia-civil-niega-practicas-ilegales-de-devolucion-de-inmigrantes-en-melilla\\\/#breadcrumblist\"},\"author\":{\"@id\":\"https:\\\/\\\/www.eldigitaldeasturias.com\\\/noticias\\\/author\\\/admin\\\/#author\"},\"creator\":{\"@id\":\"https:\\\/\\\/www.eldigitaldeasturias.com\\\/noticias\\\/author\\\/admin\\\/#author\"},\"image\":{\"@type\":\"ImageObject\",\"url\":456333,\"@id\":\"https:\\\/\\\/www.eldigitaldeasturias.com\\\/noticias\\\/la-guardia-civil-niega-practicas-ilegales-de-devolucion-de-inmigrantes-en-melilla\\\/#mainImage\"},\"primaryImageOfPage\":{\"@id\":\"https:\\\/\\\/www.eldigitaldeasturias.com\\\/noticias\\\/la-guardia-civil-niega-practicas-ilegales-de-devolucion-de-inmigrantes-en-melilla\\\/#mainImage\"},\"datePublished\":\"2013-11-30T20:00:46+01:00\",\"dateModified\":\"2013-11-30T20:00:46+01:00\"},{\"@type\":\"WebSite\",\"@id\":\"https:\\\/\\\/www.eldigitaldeasturias.com\\\/noticias\\\/#website\",\"url\":\"https:\\\/\\\/www.eldigitaldeasturias.com\\\/noticias\\\/\",\"name\":\"El Digital de Asturias - Diario de actualidad y noticias\",\"alternateName\":\"El Digital de Asturias - Diario de actualidad y noticias\",\"description\":\"Hemeroteca\",\"inLanguage\":\"es-ES\",\"publisher\":{\"@id\":\"https:\\\/\\\/www.eldigitaldeasturias.com\\\/noticias\\\/#organization\"}}]}\n\t\t<\/script>\n\t\t<!-- All in One SEO Pro -->\r\n\t\t<title>La Guardia Civil niega \u2018pr\u00e1cticas ilegales\u2019 de devoluci\u00f3n de inmigrantes en Melilla - El Digital de Asturias<\/title>\n\n","aioseo_head_json":{"title":"La Guardia Civil niega \u2018pr\u00e1cticas ilegales\u2019 de devoluci\u00f3n de inmigrantes en Melilla - El Digital de Asturias","description":"Madrid, 30 nov (EFE).- La Guardia Civil va a estudiar algunas declaraciones p\u00fablicas realizadas por algunas personas o colectivos en las que se acusa a los miembros del instituto armado de realizar \"pr\u00e1cticas ilegales\" en la devoluci\u00f3n de inmigrantes en Melilla por si procediera emprender alguna acci\u00f3n legal contra ellos. De esta forma lo ha","canonical_url":"https:\/\/www.eldigitaldeasturias.com\/noticias\/la-guardia-civil-niega-practicas-ilegales-de-devolucion-de-inmigrantes-en-melilla\/","robots":"max-image-preview:large","keywords":"sucesos","webmasterTools":{"google-site-verification":"UA-38556648-1","msvalidate.01":"7dfe9f3f1b24437ab69f4f2559babe99","miscellaneous":""},"schema":{"@context":"https:\/\/schema.org","@graph":[{"@type":"BlogPosting","@id":"https:\/\/www.eldigitaldeasturias.com\/noticias\/la-guardia-civil-niega-practicas-ilegales-de-devolucion-de-inmigrantes-en-melilla\/#blogposting","name":"La Guardia Civil niega \u2018pr\u00e1cticas ilegales\u2019 de devoluci\u00f3n de inmigrantes en Melilla - El Digital de Asturias","headline":"La Guardia Civil niega &#8216;pr\u00e1cticas ilegales&#8217; de devoluci\u00f3n de inmigrantes en Melilla","author":{"@id":"https:\/\/www.eldigitaldeasturias.com\/noticias\/author\/admin\/#author"},"publisher":{"@id":"https:\/\/www.eldigitaldeasturias.com\/noticias\/#organization"},"image":{"@type":"ImageObject","url":456333},"datePublished":"2013-11-30T20:00:46+01:00","dateModified":"2013-11-30T20:00:46+01:00","inLanguage":"es-ES","mainEntityOfPage":{"@id":"https:\/\/www.eldigitaldeasturias.com\/noticias\/la-guardia-civil-niega-practicas-ilegales-de-devolucion-de-inmigrantes-en-melilla\/#webpage"},"isPartOf":{"@id":"https:\/\/www.eldigitaldeasturias.com\/noticias\/la-guardia-civil-niega-practicas-ilegales-de-devolucion-de-inmigrantes-en-melilla\/#webpage"},"articleSection":"Sucesos"},{"@type":"BreadcrumbList","@id":"https:\/\/www.eldigitaldeasturias.com\/noticias\/la-guardia-civil-niega-practicas-ilegales-de-devolucion-de-inmigrantes-en-melilla\/#breadcrumblist","itemListElement":[{"@type":"ListItem","@id":"https:\/\/www.eldigitaldeasturias.com\/noticias#listItem","position":1,"name":"Home","item":"https:\/\/www.eldigitaldeasturias.com\/noticias","nextItem":{"@type":"ListItem","@id":"https:\/\/www.eldigitaldeasturias.com\/noticias\/category\/sucesos\/#listItem","name":"Sucesos"}},{"@type":"ListItem","@id":"https:\/\/www.eldigitaldeasturias.com\/noticias\/category\/sucesos\/#listItem","position":2,"name":"Sucesos","item":"https:\/\/www.eldigitaldeasturias.com\/noticias\/category\/sucesos\/","nextItem":{"@type":"ListItem","@id":"https:\/\/www.eldigitaldeasturias.com\/noticias\/la-guardia-civil-niega-practicas-ilegales-de-devolucion-de-inmigrantes-en-melilla\/#listItem","name":"La Guardia Civil niega &#8216;pr\u00e1cticas ilegales&#8217; de devoluci\u00f3n de inmigrantes en Melilla"},"previousItem":{"@type":"ListItem","@id":"https:\/\/www.eldigitaldeasturias.com\/noticias#listItem","name":"Home"}},{"@type":"ListItem","@id":"https:\/\/www.eldigitaldeasturias.com\/noticias\/la-guardia-civil-niega-practicas-ilegales-de-devolucion-de-inmigrantes-en-melilla\/#listItem","position":3,"name":"La Guardia Civil niega &#8216;pr\u00e1cticas ilegales&#8217; de devoluci\u00f3n de inmigrantes en Melilla","previousItem":{"@type":"ListItem","@id":"https:\/\/www.eldigitaldeasturias.com\/noticias\/category\/sucesos\/#listItem","name":"Sucesos"}}]},{"@type":"Organization","@id":"https:\/\/www.eldigitaldeasturias.com\/noticias\/#organization","name":"El Digital de Asturias","description":"Hemeroteca","url":"https:\/\/www.eldigitaldeasturias.com\/noticias\/","email":"info@eldigitaldeasturias.com","telephone":"+34652131393","logo":{"@type":"ImageObject","url":"https:\/\/www.eldigitaldeasturias.com\/noticias\/wp-content\/uploads\/2020\/12\/EDA.jpg","@id":"https:\/\/www.eldigitaldeasturias.com\/noticias\/la-guardia-civil-niega-practicas-ilegales-de-devolucion-de-inmigrantes-en-melilla\/#organizationLogo"},"image":{"@id":"https:\/\/www.eldigitaldeasturias.com\/noticias\/la-guardia-civil-niega-practicas-ilegales-de-devolucion-de-inmigrantes-en-melilla\/#organizationLogo"},"sameAs":["https:\/\/facebook.com\/eldigitaldeasturias","https:\/\/www.youtube.com\/channel\/UCZP-2wLEB9Rv6erhFmqVnvg"],"address":{"@id":"https:\/\/www.eldigitaldeasturias.com\/noticias\/#postaladdress","@type":"PostalAddress","streetAddress":"san antonio 4","postalCode":"33430","addressLocality":"Cand\u00e1s","addressRegion":"Asturias","addressCountry":"ES"}},{"@type":"Person","@id":"https:\/\/www.eldigitaldeasturias.com\/noticias\/author\/admin\/#author","url":"https:\/\/www.eldigitaldeasturias.com\/noticias\/author\/admin\/","name":"El Digital de Asturias","image":{"@type":"ImageObject","@id":"https:\/\/www.eldigitaldeasturias.com\/noticias\/la-guardia-civil-niega-practicas-ilegales-de-devolucion-de-inmigrantes-en-melilla\/#authorImage","url":"https:\/\/secure.gravatar.com\/avatar\/df2aeffc32bcd13f8d26072ef8a91b623d677766deac7f97ca815868cd41bf5e?s=96&d=mm&r=g","width":96,"height":96,"caption":"El Digital de Asturias"}},{"@type":"WebPage","@id":"https:\/\/www.eldigitaldeasturias.com\/noticias\/la-guardia-civil-niega-practicas-ilegales-de-devolucion-de-inmigrantes-en-melilla\/#webpage","url":"https:\/\/www.eldigitaldeasturias.com\/noticias\/la-guardia-civil-niega-practicas-ilegales-de-devolucion-de-inmigrantes-en-melilla\/","name":"La Guardia Civil niega \u2018pr\u00e1cticas ilegales\u2019 de devoluci\u00f3n de inmigrantes en Melilla - El Digital de Asturias","description":"Madrid, 30 nov (EFE).- La Guardia Civil va a estudiar algunas declaraciones p\u00fablicas realizadas por algunas personas o colectivos en las que se acusa a los miembros del instituto armado de realizar \"pr\u00e1cticas ilegales\" en la devoluci\u00f3n de inmigrantes en Melilla por si procediera emprender alguna acci\u00f3n legal contra ellos. De esta forma lo ha","inLanguage":"es-ES","isPartOf":{"@id":"https:\/\/www.eldigitaldeasturias.com\/noticias\/#website"},"breadcrumb":{"@id":"https:\/\/www.eldigitaldeasturias.com\/noticias\/la-guardia-civil-niega-practicas-ilegales-de-devolucion-de-inmigrantes-en-melilla\/#breadcrumblist"},"author":{"@id":"https:\/\/www.eldigitaldeasturias.com\/noticias\/author\/admin\/#author"},"creator":{"@id":"https:\/\/www.eldigitaldeasturias.com\/noticias\/author\/admin\/#author"},"image":{"@type":"ImageObject","url":456333,"@id":"https:\/\/www.eldigitaldeasturias.com\/noticias\/la-guardia-civil-niega-practicas-ilegales-de-devolucion-de-inmigrantes-en-melilla\/#mainImage"},"primaryImageOfPage":{"@id":"https:\/\/www.eldigitaldeasturias.com\/noticias\/la-guardia-civil-niega-practicas-ilegales-de-devolucion-de-inmigrantes-en-melilla\/#mainImage"},"datePublished":"2013-11-30T20:00:46+01:00","dateModified":"2013-11-30T20:00:46+01:00"},{"@type":"WebSite","@id":"https:\/\/www.eldigitaldeasturias.com\/noticias\/#website","url":"https:\/\/www.eldigitaldeasturias.com\/noticias\/","name":"El Digital de Asturias - Diario de actualidad y noticias","alternateName":"El Digital de Asturias - Diario de actualidad y noticias","description":"Hemeroteca","inLanguage":"es-ES","publisher":{"@id":"https:\/\/www.eldigitaldeasturias.com\/noticias\/#organization"}}]},"og:locale":"es_ES","og:site_name":"El Digital de Asturias","og:type":"article","og:title":"La Guardia Civil niega \u2018pr\u00e1cticas ilegales\u2019 de devoluci\u00f3n de inmigrantes en Melilla - El Digital de Asturias","og:description":"Madrid, 30 nov (EFE).- La Guardia Civil va a estudiar algunas declaraciones p\u00fablicas realizadas por algunas personas o colectivos en las que se acusa a los miembros del instituto armado de realizar &quot;pr\u00e1cticas ilegales&quot; en la devoluci\u00f3n de inmigrantes en Melilla por si procediera emprender alguna acci\u00f3n legal contra ellos. De esta forma lo ha","og:url":"https:\/\/www.eldigitaldeasturias.com\/noticias\/la-guardia-civil-niega-practicas-ilegales-de-devolucion-de-inmigrantes-en-melilla\/","article:tag":["sucesos"],"article:published_time":"2013-11-30T21:00:46+00:00","article:modified_time":"2013-11-30T21:00:46+00:00","article:publisher":"https:\/\/facebook.com\/eldigitaldeasturias","twitter:card":"summary_large_image","twitter:title":"La Guardia Civil niega \u2018pr\u00e1cticas ilegales\u2019 de devoluci\u00f3n de inmigrantes en Melilla - El Digital de Asturias","twitter:description":"Madrid, 30 nov (EFE).- La Guardia Civil va a estudiar algunas declaraciones p\u00fablicas realizadas por algunas personas o colectivos en las que se acusa a los miembros del instituto armado de realizar &quot;pr\u00e1cticas ilegales&quot; en la devoluci\u00f3n de inmigrantes en Melilla por si procediera emprender alguna acci\u00f3n legal contra ellos. De esta forma lo ha","twitter:label1":"Escrito por","twitter:data1":"El Digital de Asturias","twitter:label2":"Tiempo de lectura estimado","twitter:data2":"2 minutos"},"aioseo_meta_data":{"post_id":"456332","title":null,"description":null,"keywords":null,"keyphrases":null,"primary_term":null,"canonical_url":null,"og_title":null,"og_description":null,"og_object_type":"default","og_image_type":"default","og_image_url":null,"og_image_width":null,"og_image_height":null,"og_image_custom_url":null,"og_image_custom_fields":null,"og_video":null,"og_custom_url":null,"og_article_section":null,"og_article_tags":null,"twitter_use_og":true,"twitter_card":"default","twitter_image_type":"default","twitter_image_url":null,"twitter_image_custom_url":null,"twitter_image_custom_fields":null,"twitter_title":null,"twitter_description":null,"schema":{"blockGraphs":[],"customGraphs":[],"default":{"data":{"Article":[],"Course":[],"Dataset":[],"FAQPage":[],"Movie":[],"Person":[],"Product":[],"ProductReview":[],"Car":[],"Recipe":[],"Service":[],"SoftwareApplication":[],"WebPage":[]},"graphName":"","isEnabled":true},"graphs":[],"defaultGraph":"","defaultPostTypeGraph":""},"schema_type":null,"schema_type_options":null,"pillar_content":false,"robots_default":true,"robots_noindex":false,"robots_noarchive":false,"robots_nosnippet":false,"robots_nofollow":false,"robots_noimageindex":false,"robots_noodp":false,"robots_notranslate":false,"robots_max_snippet":null,"robots_max_videopreview":null,"robots_max_imagepreview":"none","priority":null,"frequency":null,"local_seo":null,"seo_analyzer_scan_date":"2026-05-29 21:36:57","breadcrumb_settings":null,"limit_modified_date":false,"open_ai":null,"ai":null,"created":"2020-11-14 22:45:58","updated":"2026-05-29 21:36:57","focus_keyword":null,"additional_keywords":null,"truseo_locale":null},"aioseo_breadcrumb":"<div class=\"aioseo-breadcrumbs\"><span class=\"aioseo-breadcrumb\">\n\t<a href=\"https:\/\/www.eldigitaldeasturias.com\/noticias\" title=\"Home\">Home<\/a>\n<\/span><span class=\"aioseo-breadcrumb-separator\">\u2013<\/span><span class=\"aioseo-breadcrumb\">\n\t<a href=\"https:\/\/www.eldigitaldeasturias.com\/noticias\/category\/sucesos\/\" title=\"Sucesos\">Sucesos<\/a>\n<\/span><span class=\"aioseo-breadcrumb-separator\">\u2013<\/span><span class=\"aioseo-breadcrumb\">\n\t<a href=\"https:\/\/www.eldigitaldeasturias.com\/noticias\/la-guardia-civil-niega-practicas-ilegales-de-devolucion-de-inmigrantes-en-melilla\/\" title=\"La Guardia Civil niega \u2018pr\u00e1cticas ilegales\u2019 de devoluci\u00f3n de inmigrantes en Melilla\">La Guardia Civil niega \u2018pr\u00e1cticas ilegales\u2019 de devoluci\u00f3n de inmigrantes en Melilla<\/a>\n<\/span><\/div>","aioseo_breadcrumb_json":[{"label":"Home","link":"https:\/\/www.eldigitaldeasturias.com\/noticias"},{"label":"Sucesos","link":"https:\/\/www.eldigitaldeasturias.com\/noticias\/category\/sucesos\/"},{"label":"La Guardia Civil niega &#8216;pr\u00e1cticas ilegales&#8217; de devoluci\u00f3n de inmigrantes en Melilla","link":"https:\/\/www.eldigitaldeasturias.com\/noticias\/la-guardia-civil-niega-practicas-ilegales-de-devolucion-de-inmigrantes-en-melilla\/"}],"_links":{"self":[{"href":"https:\/\/www.eldigitaldeasturias.com\/noticias\/wp-json\/wp\/v2\/posts\/456332","targetHints":{"allow":["GET"]}}],"collection":[{"href":"https:\/\/www.eldigitaldeasturias.com\/noticias\/wp-json\/wp\/v2\/posts"}],"about":[{"href":"https:\/\/www.eldigitaldeasturias.com\/noticias\/wp-json\/wp\/v2\/types\/post"}],"author":[{"embeddable":true,"href":"https:\/\/www.eldigitaldeasturias.com\/noticias\/wp-json\/wp\/v2\/users\/1"}],"replies":[{"embeddable":true,"href":"https:\/\/www.eldigitaldeasturias.com\/noticias\/wp-json\/wp\/v2\/comments?post=456332"}],"version-history":[{"count":0,"href":"https:\/\/www.eldigitaldeasturias.com\/noticias\/wp-json\/wp\/v2\/posts\/456332\/revisions"}],"wp:attachment":[{"href":"https:\/\/www.eldigitaldeasturias.com\/noticias\/wp-json\/wp\/v2\/media?parent=456332"}],"wp:term":[{"taxonomy":"category","embeddable":true,"href":"https:\/\/www.eldigitaldeasturias.com\/noticias\/wp-json\/wp\/v2\/categories?post=456332"},{"taxonomy":"post_tag","embeddable":true,"href":"https:\/\/www.eldigitaldeasturias.com\/noticias\/wp-json\/wp\/v2\/tags?post=456332"}],"curies":[{"name":"wp","href":"https:\/\/api.w.org\/{rel}","templated":true}]}}