{"id":456317,"date":"2013-11-30T19:51:59","date_gmt":"2013-11-30T20:51:59","guid":{"rendered":"http:\/\/www.eldigitaldeasturias.com\/noticias\/?p=456317"},"modified":"2013-11-30T19:51:59","modified_gmt":"2013-11-30T20:51:59","slug":"madridimagen-ha-concedido-el-premio-dama-a-la-serie-isabel-como-mejor-ficcion-espanola","status":"publish","type":"post","link":"https:\/\/www.eldigitaldeasturias.com\/noticias\/madridimagen-ha-concedido-el-premio-dama-a-la-serie-isabel-como-mejor-ficcion-espanola\/","title":{"rendered":"Madridimagen ha concedido el Premio \u00abDama\u00bb a la serie \u00abIsabel\u00bb como mejor ficci\u00f3n espa\u00f1ola"},"content":{"rendered":"<p><img loading=\"lazy\" decoding=\"async\" class=\"alignleft size-medium wp-image-456318\" alt=\"5763682w\" src=\"https:\/\/www.eldigitaldeasturias.com\/noticias\/wp-content\/uploads\/2013\/11\/5763682w-360x239.jpg\" width=\"360\" height=\"239\" \/>Madrid, 30 nov (EFE).- Madridimagen, un certamen especializado en la direcci\u00f3n de fotograf\u00eda que este a\u00f1o ha ampliado sus intereses a la ficci\u00f3n televisiva espa\u00f1ola, ha concedido el Premio \u00abDama\u00bb a la serie \u00abIsabel\u00bb como mejor ficci\u00f3n espa\u00f1ola de la temporada.<\/p>\n<p>Madridimagen clausura hoy una edici\u00f3n que ha contado con importantes novedades, al incorporar la ficci\u00f3n televisiva y el cine autoproducido como parte de las l\u00edneas de una programaci\u00f3n en la que se mantienen las secciones oficiales de \u00d3peras Primas Iberoamericanas, Cortometrajes y Escuelas Audiovisuales Nacionales.<\/p>\n<p>Para el jurado de Ficci\u00f3n Televisiva la Mejor Serie de TV en la temporada 2012-2013 ha sido \u00abIsabel\u00bb, creada por Javier Olivares para Diagonal TV y TVE, por combinar \u00absensiblemente una historia de amor con la Historia, por la cuidada escenograf\u00eda y recreaci\u00f3n de ambientes y situaciones, y por tratar las intrigas pol\u00edticas conocidas con el suspense de un culebr\u00f3n\u00bb, seg\u00fan el jurado.<\/p>\n<p>\u00abUna serie ambiciosa, de excelente factura, rigor hist\u00f3rico y alto nivel interpretativo. Por conectar con el p\u00fablico desde el primer d\u00eda, sobreviviendo a los recortes en TVE y resistiendo como una campeona en los duelos de audiencia. Una serie que cumple todos los requisitos de un formato de ficci\u00f3n de servicio p\u00fablico que busca TVE: calidad, entretenimiento y capacidad divulgativa\u00bb, a\u00f1ade.<\/p>\n<p>El Premio a la Contribuci\u00f3n Art\u00edstica en la Ficci\u00f3n Televisiva ha reca\u00eddo en Jos\u00e9 Coronado, un actor \u00absobradamente reconocido\u00bb que en la peque\u00f1a pantalla tambi\u00e9n ha dado \u00ablo mejor de s\u00ed mismo\u00bb.<\/p>\n<p>El jurado de cine ha otorgado el Premio \u00abDama\u00bb a la Mejor \u00d3pera Prima Iberoamericana a \u00abEl \u00e1rbol magn\u00e9tico\u00bb, de Isabel Ayguarvives (Chile); el de Mejor Largometraje Autoproducido a \u00abGente en sitios\u00bb, de Juan Cavestany\u00bb; y el Premio Especial del Jurado a \u00abIlusi\u00f3n\u00bb, de Daniel Castro.<\/p>\n<p>Asimismo, este jurado ha concedido el Premio al Mejor Cortometraje a \u00abInocente\u00bb, de \u00c1lvaro Pastor; la Menci\u00f3n Especial del Jurado al Cortometraje \u00abLa media vuelta\u00bb, de Fernando Franco; y la Mejor Escuela Audiovisual a la Universidad del Pa\u00eds Vasco con \u00abThe Baskles\u00bb, de Adri\u00e1n Agrelo.<\/p>\n<p>El Premio de Honor del Festival ha reca\u00eddo en el realizador madrile\u00f1o Emilio Mart\u00ednez-L\u00e1zaro, ganador del Oso de Oro del festival de Berl\u00edn en 1978, en reconocimiento a toda su trayectoria.<\/p>\n<p>La gala de clausura de Madridimagen tendr\u00e1 lugar esta noche en el Cine Dor\u00e9 con la presencia de todos los premiados y numerosos invitados del cine y la televisi\u00f3n.<\/p>\n","protected":false},"excerpt":{"rendered":"<p>Madrid, 30 nov (EFE).- Madridimagen, un certamen especializado en la direcci\u00f3n de fotograf\u00eda que este a\u00f1o ha ampliado sus intereses a la ficci\u00f3n televisiva espa\u00f1ola, ha concedido el Premio \u00abDama\u00bb a la serie \u00abIsabel\u00bb como mejor ficci\u00f3n espa\u00f1ola de la temporada. Madridimagen clausura hoy una edici\u00f3n que ha contado con importantes novedades, al incorporar la [&hellip;]<\/p>\n","protected":false},"author":1,"featured_media":456318,"comment_status":"closed","ping_status":"open","sticky":false,"template":"","format":"standard","meta":{"footnotes":""},"categories":[50],"tags":[],"class_list":["post-456317","post","type-post","status-publish","format-standard","has-post-thumbnail","hentry","category-revista-de-ocio"],"aioseo_notices":[],"aioseo_head":"\n\t\t<!-- All in One SEO Pro 5.0.1 - aioseo.com -->\n\t<meta name=\"description\" content=\"Madrid, 30 nov (EFE).- Madridimagen, un certamen especializado en la direcci\u00f3n de fotograf\u00eda que este a\u00f1o ha ampliado sus intereses a la ficci\u00f3n televisiva espa\u00f1ola, ha concedido el Premio &quot;Dama&quot; a la serie &quot;Isabel&quot; como mejor ficci\u00f3n espa\u00f1ola de la temporada. Madridimagen clausura hoy una edici\u00f3n que ha contado con importantes novedades, al incorporar la\" \/>\n\t<meta name=\"robots\" content=\"max-image-preview:large\" \/>\n\t<meta name=\"author\" content=\"El Digital de Asturias\"\/>\n\t<meta name=\"google-site-verification\" content=\"UA-38556648-1\" \/>\n\t<meta name=\"msvalidate.01\" content=\"7dfe9f3f1b24437ab69f4f2559babe99\" \/>\n\t<meta name=\"keywords\" content=\"revista de ocio\" \/>\n\t<link rel=\"canonical\" href=\"https:\/\/www.eldigitaldeasturias.com\/noticias\/madridimagen-ha-concedido-el-premio-dama-a-la-serie-isabel-como-mejor-ficcion-espanola\/\" \/>\n\t<meta name=\"generator\" content=\"All in One SEO Pro (AIOSEO) 5.0.1\" \/>\n\t\t<meta property=\"og:locale\" content=\"es_ES\" \/>\n\t\t<meta property=\"og:site_name\" content=\"El Digital de Asturias\" \/>\n\t\t<meta property=\"og:type\" content=\"article\" \/>\n\t\t<meta property=\"og:title\" content=\"Madridimagen ha concedido el Premio \u00abDama\u00bb a la serie \u00abIsabel\u00bb como mejor ficci\u00f3n espa\u00f1ola - El Digital de Asturias\" \/>\n\t\t<meta property=\"og:description\" content=\"Madrid, 30 nov (EFE).- Madridimagen, un certamen especializado en la direcci\u00f3n de fotograf\u00eda que este a\u00f1o ha ampliado sus intereses a la ficci\u00f3n televisiva espa\u00f1ola, ha concedido el Premio &quot;Dama&quot; a la serie &quot;Isabel&quot; como mejor ficci\u00f3n espa\u00f1ola de la temporada. Madridimagen clausura hoy una edici\u00f3n que ha contado con importantes novedades, al incorporar la\" \/>\n\t\t<meta property=\"og:url\" content=\"https:\/\/www.eldigitaldeasturias.com\/noticias\/madridimagen-ha-concedido-el-premio-dama-a-la-serie-isabel-como-mejor-ficcion-espanola\/\" \/>\n\t\t<meta property=\"article:tag\" content=\"revista de ocio\" \/>\n\t\t<meta property=\"article:published_time\" content=\"2013-11-30T20:51:59+00:00\" \/>\n\t\t<meta property=\"article:modified_time\" content=\"2013-11-30T20:51:59+00:00\" \/>\n\t\t<meta property=\"article:publisher\" content=\"https:\/\/facebook.com\/eldigitaldeasturias\" \/>\n\t\t<meta name=\"twitter:card\" content=\"summary_large_image\" \/>\n\t\t<meta name=\"twitter:title\" content=\"Madridimagen ha concedido el Premio \u00abDama\u00bb a la serie \u00abIsabel\u00bb como mejor ficci\u00f3n espa\u00f1ola - El Digital de Asturias\" \/>\n\t\t<meta name=\"twitter:description\" content=\"Madrid, 30 nov (EFE).- Madridimagen, un certamen especializado en la direcci\u00f3n de fotograf\u00eda que este a\u00f1o ha ampliado sus intereses a la ficci\u00f3n televisiva espa\u00f1ola, ha concedido el Premio &quot;Dama&quot; a la serie &quot;Isabel&quot; como mejor ficci\u00f3n espa\u00f1ola de la temporada. Madridimagen clausura hoy una edici\u00f3n que ha contado con importantes novedades, al incorporar la\" \/>\n\t\t<meta name=\"twitter:label1\" content=\"Escrito por\" \/>\n\t\t<meta name=\"twitter:data1\" content=\"El Digital de Asturias\" \/>\n\t\t<meta name=\"twitter:label2\" content=\"Tiempo de lectura estimado\" \/>\n\t\t<meta name=\"twitter:data2\" content=\"2 minutos\" \/>\n\t\t<script type=\"application\/ld+json\" class=\"aioseo-schema\">\n\t\t\t{\"@context\":\"https:\\\/\\\/schema.org\",\"@graph\":[{\"@type\":\"BlogPosting\",\"@id\":\"https:\\\/\\\/www.eldigitaldeasturias.com\\\/noticias\\\/madridimagen-ha-concedido-el-premio-dama-a-la-serie-isabel-como-mejor-ficcion-espanola\\\/#blogposting\",\"name\":\"Madridimagen ha concedido el Premio \\u00abDama\\u00bb a la serie \\u00abIsabel\\u00bb como mejor ficci\\u00f3n espa\\u00f1ola - El Digital de Asturias\",\"headline\":\"Madridimagen ha concedido el Premio \\u00abDama\\u00bb a la serie \\u00abIsabel\\u00bb como mejor ficci\\u00f3n espa\\u00f1ola\",\"author\":{\"@id\":\"https:\\\/\\\/www.eldigitaldeasturias.com\\\/noticias\\\/author\\\/admin\\\/#author\"},\"publisher\":{\"@id\":\"https:\\\/\\\/www.eldigitaldeasturias.com\\\/noticias\\\/#organization\"},\"image\":{\"@type\":\"ImageObject\",\"url\":456318},\"datePublished\":\"2013-11-30T19:51:59+01:00\",\"dateModified\":\"2013-11-30T19:51:59+01:00\",\"inLanguage\":\"es-ES\",\"mainEntityOfPage\":{\"@id\":\"https:\\\/\\\/www.eldigitaldeasturias.com\\\/noticias\\\/madridimagen-ha-concedido-el-premio-dama-a-la-serie-isabel-como-mejor-ficcion-espanola\\\/#webpage\"},\"isPartOf\":{\"@id\":\"https:\\\/\\\/www.eldigitaldeasturias.com\\\/noticias\\\/madridimagen-ha-concedido-el-premio-dama-a-la-serie-isabel-como-mejor-ficcion-espanola\\\/#webpage\"},\"articleSection\":\"Revista de Ocio\"},{\"@type\":\"BreadcrumbList\",\"@id\":\"https:\\\/\\\/www.eldigitaldeasturias.com\\\/noticias\\\/madridimagen-ha-concedido-el-premio-dama-a-la-serie-isabel-como-mejor-ficcion-espanola\\\/#breadcrumblist\",\"itemListElement\":[{\"@type\":\"ListItem\",\"@id\":\"https:\\\/\\\/www.eldigitaldeasturias.com\\\/noticias#listItem\",\"position\":1,\"name\":\"Home\",\"item\":\"https:\\\/\\\/www.eldigitaldeasturias.com\\\/noticias\",\"nextItem\":{\"@type\":\"ListItem\",\"@id\":\"https:\\\/\\\/www.eldigitaldeasturias.com\\\/noticias\\\/category\\\/revista-de-ocio\\\/#listItem\",\"name\":\"Revista de Ocio\"}},{\"@type\":\"ListItem\",\"@id\":\"https:\\\/\\\/www.eldigitaldeasturias.com\\\/noticias\\\/category\\\/revista-de-ocio\\\/#listItem\",\"position\":2,\"name\":\"Revista de Ocio\",\"item\":\"https:\\\/\\\/www.eldigitaldeasturias.com\\\/noticias\\\/category\\\/revista-de-ocio\\\/\",\"nextItem\":{\"@type\":\"ListItem\",\"@id\":\"https:\\\/\\\/www.eldigitaldeasturias.com\\\/noticias\\\/madridimagen-ha-concedido-el-premio-dama-a-la-serie-isabel-como-mejor-ficcion-espanola\\\/#listItem\",\"name\":\"Madridimagen ha concedido el Premio \\u00abDama\\u00bb a la serie \\u00abIsabel\\u00bb como mejor ficci\\u00f3n espa\\u00f1ola\"},\"previousItem\":{\"@type\":\"ListItem\",\"@id\":\"https:\\\/\\\/www.eldigitaldeasturias.com\\\/noticias#listItem\",\"name\":\"Home\"}},{\"@type\":\"ListItem\",\"@id\":\"https:\\\/\\\/www.eldigitaldeasturias.com\\\/noticias\\\/madridimagen-ha-concedido-el-premio-dama-a-la-serie-isabel-como-mejor-ficcion-espanola\\\/#listItem\",\"position\":3,\"name\":\"Madridimagen ha concedido el Premio \\u00abDama\\u00bb a la serie \\u00abIsabel\\u00bb como mejor ficci\\u00f3n espa\\u00f1ola\",\"previousItem\":{\"@type\":\"ListItem\",\"@id\":\"https:\\\/\\\/www.eldigitaldeasturias.com\\\/noticias\\\/category\\\/revista-de-ocio\\\/#listItem\",\"name\":\"Revista de Ocio\"}}]},{\"@type\":\"Organization\",\"@id\":\"https:\\\/\\\/www.eldigitaldeasturias.com\\\/noticias\\\/#organization\",\"name\":\"El Digital de Asturias\",\"description\":\"Hemeroteca\",\"url\":\"https:\\\/\\\/www.eldigitaldeasturias.com\\\/noticias\\\/\",\"email\":\"info@eldigitaldeasturias.com\",\"telephone\":\"+34652131393\",\"logo\":{\"@type\":\"ImageObject\",\"url\":\"https:\\\/\\\/www.eldigitaldeasturias.com\\\/noticias\\\/wp-content\\\/uploads\\\/2020\\\/12\\\/EDA.jpg\",\"@id\":\"https:\\\/\\\/www.eldigitaldeasturias.com\\\/noticias\\\/madridimagen-ha-concedido-el-premio-dama-a-la-serie-isabel-como-mejor-ficcion-espanola\\\/#organizationLogo\"},\"image\":{\"@id\":\"https:\\\/\\\/www.eldigitaldeasturias.com\\\/noticias\\\/madridimagen-ha-concedido-el-premio-dama-a-la-serie-isabel-como-mejor-ficcion-espanola\\\/#organizationLogo\"},\"sameAs\":[\"https:\\\/\\\/facebook.com\\\/eldigitaldeasturias\",\"https:\\\/\\\/www.youtube.com\\\/channel\\\/UCZP-2wLEB9Rv6erhFmqVnvg\"],\"address\":{\"@id\":\"https:\\\/\\\/www.eldigitaldeasturias.com\\\/noticias\\\/#postaladdress\",\"@type\":\"PostalAddress\",\"streetAddress\":\"san antonio 4\",\"postalCode\":\"33430\",\"addressLocality\":\"Cand\\u00e1s\",\"addressRegion\":\"Asturias\",\"addressCountry\":\"ES\"}},{\"@type\":\"Person\",\"@id\":\"https:\\\/\\\/www.eldigitaldeasturias.com\\\/noticias\\\/author\\\/admin\\\/#author\",\"url\":\"https:\\\/\\\/www.eldigitaldeasturias.com\\\/noticias\\\/author\\\/admin\\\/\",\"name\":\"El Digital de Asturias\",\"image\":{\"@type\":\"ImageObject\",\"@id\":\"https:\\\/\\\/www.eldigitaldeasturias.com\\\/noticias\\\/madridimagen-ha-concedido-el-premio-dama-a-la-serie-isabel-como-mejor-ficcion-espanola\\\/#authorImage\",\"url\":\"https:\\\/\\\/secure.gravatar.com\\\/avatar\\\/df2aeffc32bcd13f8d26072ef8a91b623d677766deac7f97ca815868cd41bf5e?s=96&d=mm&r=g\",\"width\":96,\"height\":96,\"caption\":\"El Digital de Asturias\"}},{\"@type\":\"WebPage\",\"@id\":\"https:\\\/\\\/www.eldigitaldeasturias.com\\\/noticias\\\/madridimagen-ha-concedido-el-premio-dama-a-la-serie-isabel-como-mejor-ficcion-espanola\\\/#webpage\",\"url\":\"https:\\\/\\\/www.eldigitaldeasturias.com\\\/noticias\\\/madridimagen-ha-concedido-el-premio-dama-a-la-serie-isabel-como-mejor-ficcion-espanola\\\/\",\"name\":\"Madridimagen ha concedido el Premio \\u00abDama\\u00bb a la serie \\u00abIsabel\\u00bb como mejor ficci\\u00f3n espa\\u00f1ola - El Digital de Asturias\",\"description\":\"Madrid, 30 nov (EFE).- Madridimagen, un certamen especializado en la direcci\\u00f3n de fotograf\\u00eda que este a\\u00f1o ha ampliado sus intereses a la ficci\\u00f3n televisiva espa\\u00f1ola, ha concedido el Premio \\\"Dama\\\" a la serie \\\"Isabel\\\" como mejor ficci\\u00f3n espa\\u00f1ola de la temporada. Madridimagen clausura hoy una edici\\u00f3n que ha contado con importantes novedades, al incorporar la\",\"inLanguage\":\"es-ES\",\"isPartOf\":{\"@id\":\"https:\\\/\\\/www.eldigitaldeasturias.com\\\/noticias\\\/#website\"},\"breadcrumb\":{\"@id\":\"https:\\\/\\\/www.eldigitaldeasturias.com\\\/noticias\\\/madridimagen-ha-concedido-el-premio-dama-a-la-serie-isabel-como-mejor-ficcion-espanola\\\/#breadcrumblist\"},\"author\":{\"@id\":\"https:\\\/\\\/www.eldigitaldeasturias.com\\\/noticias\\\/author\\\/admin\\\/#author\"},\"creator\":{\"@id\":\"https:\\\/\\\/www.eldigitaldeasturias.com\\\/noticias\\\/author\\\/admin\\\/#author\"},\"image\":{\"@type\":\"ImageObject\",\"url\":456318,\"@id\":\"https:\\\/\\\/www.eldigitaldeasturias.com\\\/noticias\\\/madridimagen-ha-concedido-el-premio-dama-a-la-serie-isabel-como-mejor-ficcion-espanola\\\/#mainImage\"},\"primaryImageOfPage\":{\"@id\":\"https:\\\/\\\/www.eldigitaldeasturias.com\\\/noticias\\\/madridimagen-ha-concedido-el-premio-dama-a-la-serie-isabel-como-mejor-ficcion-espanola\\\/#mainImage\"},\"datePublished\":\"2013-11-30T19:51:59+01:00\",\"dateModified\":\"2013-11-30T19:51:59+01:00\"},{\"@type\":\"WebSite\",\"@id\":\"https:\\\/\\\/www.eldigitaldeasturias.com\\\/noticias\\\/#website\",\"url\":\"https:\\\/\\\/www.eldigitaldeasturias.com\\\/noticias\\\/\",\"name\":\"El Digital de Asturias - Diario de actualidad y noticias\",\"alternateName\":\"El Digital de Asturias - Diario de actualidad y noticias\",\"description\":\"Hemeroteca\",\"inLanguage\":\"es-ES\",\"publisher\":{\"@id\":\"https:\\\/\\\/www.eldigitaldeasturias.com\\\/noticias\\\/#organization\"}}]}\n\t\t<\/script>\n\t\t<!-- All in One SEO Pro -->\r\n\t\t<title>Madridimagen ha concedido el Premio \u00abDama\u00bb a la serie \u00abIsabel\u00bb como mejor ficci\u00f3n espa\u00f1ola - El Digital de Asturias<\/title>\n\n","aioseo_head_json":{"title":"Madridimagen ha concedido el Premio \u00abDama\u00bb a la serie \u00abIsabel\u00bb como mejor ficci\u00f3n espa\u00f1ola - El Digital de Asturias","description":"Madrid, 30 nov (EFE).- Madridimagen, un certamen especializado en la direcci\u00f3n de fotograf\u00eda que este a\u00f1o ha ampliado sus intereses a la ficci\u00f3n televisiva espa\u00f1ola, ha concedido el Premio \"Dama\" a la serie \"Isabel\" como mejor ficci\u00f3n espa\u00f1ola de la temporada. Madridimagen clausura hoy una edici\u00f3n que ha contado con importantes novedades, al incorporar la","canonical_url":"https:\/\/www.eldigitaldeasturias.com\/noticias\/madridimagen-ha-concedido-el-premio-dama-a-la-serie-isabel-como-mejor-ficcion-espanola\/","robots":"max-image-preview:large","keywords":"revista de ocio","webmasterTools":{"google-site-verification":"UA-38556648-1","msvalidate.01":"7dfe9f3f1b24437ab69f4f2559babe99","miscellaneous":""},"schema":{"@context":"https:\/\/schema.org","@graph":[{"@type":"BlogPosting","@id":"https:\/\/www.eldigitaldeasturias.com\/noticias\/madridimagen-ha-concedido-el-premio-dama-a-la-serie-isabel-como-mejor-ficcion-espanola\/#blogposting","name":"Madridimagen ha concedido el Premio \u00abDama\u00bb a la serie \u00abIsabel\u00bb como mejor ficci\u00f3n espa\u00f1ola - El Digital de Asturias","headline":"Madridimagen ha concedido el Premio \u00abDama\u00bb a la serie \u00abIsabel\u00bb como mejor ficci\u00f3n espa\u00f1ola","author":{"@id":"https:\/\/www.eldigitaldeasturias.com\/noticias\/author\/admin\/#author"},"publisher":{"@id":"https:\/\/www.eldigitaldeasturias.com\/noticias\/#organization"},"image":{"@type":"ImageObject","url":456318},"datePublished":"2013-11-30T19:51:59+01:00","dateModified":"2013-11-30T19:51:59+01:00","inLanguage":"es-ES","mainEntityOfPage":{"@id":"https:\/\/www.eldigitaldeasturias.com\/noticias\/madridimagen-ha-concedido-el-premio-dama-a-la-serie-isabel-como-mejor-ficcion-espanola\/#webpage"},"isPartOf":{"@id":"https:\/\/www.eldigitaldeasturias.com\/noticias\/madridimagen-ha-concedido-el-premio-dama-a-la-serie-isabel-como-mejor-ficcion-espanola\/#webpage"},"articleSection":"Revista de Ocio"},{"@type":"BreadcrumbList","@id":"https:\/\/www.eldigitaldeasturias.com\/noticias\/madridimagen-ha-concedido-el-premio-dama-a-la-serie-isabel-como-mejor-ficcion-espanola\/#breadcrumblist","itemListElement":[{"@type":"ListItem","@id":"https:\/\/www.eldigitaldeasturias.com\/noticias#listItem","position":1,"name":"Home","item":"https:\/\/www.eldigitaldeasturias.com\/noticias","nextItem":{"@type":"ListItem","@id":"https:\/\/www.eldigitaldeasturias.com\/noticias\/category\/revista-de-ocio\/#listItem","name":"Revista de Ocio"}},{"@type":"ListItem","@id":"https:\/\/www.eldigitaldeasturias.com\/noticias\/category\/revista-de-ocio\/#listItem","position":2,"name":"Revista de Ocio","item":"https:\/\/www.eldigitaldeasturias.com\/noticias\/category\/revista-de-ocio\/","nextItem":{"@type":"ListItem","@id":"https:\/\/www.eldigitaldeasturias.com\/noticias\/madridimagen-ha-concedido-el-premio-dama-a-la-serie-isabel-como-mejor-ficcion-espanola\/#listItem","name":"Madridimagen ha concedido el Premio \u00abDama\u00bb a la serie \u00abIsabel\u00bb como mejor ficci\u00f3n espa\u00f1ola"},"previousItem":{"@type":"ListItem","@id":"https:\/\/www.eldigitaldeasturias.com\/noticias#listItem","name":"Home"}},{"@type":"ListItem","@id":"https:\/\/www.eldigitaldeasturias.com\/noticias\/madridimagen-ha-concedido-el-premio-dama-a-la-serie-isabel-como-mejor-ficcion-espanola\/#listItem","position":3,"name":"Madridimagen ha concedido el Premio \u00abDama\u00bb a la serie \u00abIsabel\u00bb como mejor ficci\u00f3n espa\u00f1ola","previousItem":{"@type":"ListItem","@id":"https:\/\/www.eldigitaldeasturias.com\/noticias\/category\/revista-de-ocio\/#listItem","name":"Revista de Ocio"}}]},{"@type":"Organization","@id":"https:\/\/www.eldigitaldeasturias.com\/noticias\/#organization","name":"El Digital de Asturias","description":"Hemeroteca","url":"https:\/\/www.eldigitaldeasturias.com\/noticias\/","email":"info@eldigitaldeasturias.com","telephone":"+34652131393","logo":{"@type":"ImageObject","url":"https:\/\/www.eldigitaldeasturias.com\/noticias\/wp-content\/uploads\/2020\/12\/EDA.jpg","@id":"https:\/\/www.eldigitaldeasturias.com\/noticias\/madridimagen-ha-concedido-el-premio-dama-a-la-serie-isabel-como-mejor-ficcion-espanola\/#organizationLogo"},"image":{"@id":"https:\/\/www.eldigitaldeasturias.com\/noticias\/madridimagen-ha-concedido-el-premio-dama-a-la-serie-isabel-como-mejor-ficcion-espanola\/#organizationLogo"},"sameAs":["https:\/\/facebook.com\/eldigitaldeasturias","https:\/\/www.youtube.com\/channel\/UCZP-2wLEB9Rv6erhFmqVnvg"],"address":{"@id":"https:\/\/www.eldigitaldeasturias.com\/noticias\/#postaladdress","@type":"PostalAddress","streetAddress":"san antonio 4","postalCode":"33430","addressLocality":"Cand\u00e1s","addressRegion":"Asturias","addressCountry":"ES"}},{"@type":"Person","@id":"https:\/\/www.eldigitaldeasturias.com\/noticias\/author\/admin\/#author","url":"https:\/\/www.eldigitaldeasturias.com\/noticias\/author\/admin\/","name":"El Digital de Asturias","image":{"@type":"ImageObject","@id":"https:\/\/www.eldigitaldeasturias.com\/noticias\/madridimagen-ha-concedido-el-premio-dama-a-la-serie-isabel-como-mejor-ficcion-espanola\/#authorImage","url":"https:\/\/secure.gravatar.com\/avatar\/df2aeffc32bcd13f8d26072ef8a91b623d677766deac7f97ca815868cd41bf5e?s=96&d=mm&r=g","width":96,"height":96,"caption":"El Digital de Asturias"}},{"@type":"WebPage","@id":"https:\/\/www.eldigitaldeasturias.com\/noticias\/madridimagen-ha-concedido-el-premio-dama-a-la-serie-isabel-como-mejor-ficcion-espanola\/#webpage","url":"https:\/\/www.eldigitaldeasturias.com\/noticias\/madridimagen-ha-concedido-el-premio-dama-a-la-serie-isabel-como-mejor-ficcion-espanola\/","name":"Madridimagen ha concedido el Premio \u00abDama\u00bb a la serie \u00abIsabel\u00bb como mejor ficci\u00f3n espa\u00f1ola - El Digital de Asturias","description":"Madrid, 30 nov (EFE).- Madridimagen, un certamen especializado en la direcci\u00f3n de fotograf\u00eda que este a\u00f1o ha ampliado sus intereses a la ficci\u00f3n televisiva espa\u00f1ola, ha concedido el Premio \"Dama\" a la serie \"Isabel\" como mejor ficci\u00f3n espa\u00f1ola de la temporada. Madridimagen clausura hoy una edici\u00f3n que ha contado con importantes novedades, al incorporar la","inLanguage":"es-ES","isPartOf":{"@id":"https:\/\/www.eldigitaldeasturias.com\/noticias\/#website"},"breadcrumb":{"@id":"https:\/\/www.eldigitaldeasturias.com\/noticias\/madridimagen-ha-concedido-el-premio-dama-a-la-serie-isabel-como-mejor-ficcion-espanola\/#breadcrumblist"},"author":{"@id":"https:\/\/www.eldigitaldeasturias.com\/noticias\/author\/admin\/#author"},"creator":{"@id":"https:\/\/www.eldigitaldeasturias.com\/noticias\/author\/admin\/#author"},"image":{"@type":"ImageObject","url":456318,"@id":"https:\/\/www.eldigitaldeasturias.com\/noticias\/madridimagen-ha-concedido-el-premio-dama-a-la-serie-isabel-como-mejor-ficcion-espanola\/#mainImage"},"primaryImageOfPage":{"@id":"https:\/\/www.eldigitaldeasturias.com\/noticias\/madridimagen-ha-concedido-el-premio-dama-a-la-serie-isabel-como-mejor-ficcion-espanola\/#mainImage"},"datePublished":"2013-11-30T19:51:59+01:00","dateModified":"2013-11-30T19:51:59+01:00"},{"@type":"WebSite","@id":"https:\/\/www.eldigitaldeasturias.com\/noticias\/#website","url":"https:\/\/www.eldigitaldeasturias.com\/noticias\/","name":"El Digital de Asturias - Diario de actualidad y noticias","alternateName":"El Digital de Asturias - Diario de actualidad y noticias","description":"Hemeroteca","inLanguage":"es-ES","publisher":{"@id":"https:\/\/www.eldigitaldeasturias.com\/noticias\/#organization"}}]},"og:locale":"es_ES","og:site_name":"El Digital de Asturias","og:type":"article","og:title":"Madridimagen ha concedido el Premio \u00abDama\u00bb a la serie \u00abIsabel\u00bb como mejor ficci\u00f3n espa\u00f1ola - El Digital de Asturias","og:description":"Madrid, 30 nov (EFE).- Madridimagen, un certamen especializado en la direcci\u00f3n de fotograf\u00eda que este a\u00f1o ha ampliado sus intereses a la ficci\u00f3n televisiva espa\u00f1ola, ha concedido el Premio &quot;Dama&quot; a la serie &quot;Isabel&quot; como mejor ficci\u00f3n espa\u00f1ola de la temporada. Madridimagen clausura hoy una edici\u00f3n que ha contado con importantes novedades, al incorporar la","og:url":"https:\/\/www.eldigitaldeasturias.com\/noticias\/madridimagen-ha-concedido-el-premio-dama-a-la-serie-isabel-como-mejor-ficcion-espanola\/","article:tag":["revista de ocio"],"article:published_time":"2013-11-30T20:51:59+00:00","article:modified_time":"2013-11-30T20:51:59+00:00","article:publisher":"https:\/\/facebook.com\/eldigitaldeasturias","twitter:card":"summary_large_image","twitter:title":"Madridimagen ha concedido el Premio \u00abDama\u00bb a la serie \u00abIsabel\u00bb como mejor ficci\u00f3n espa\u00f1ola - El Digital de Asturias","twitter:description":"Madrid, 30 nov (EFE).- Madridimagen, un certamen especializado en la direcci\u00f3n de fotograf\u00eda que este a\u00f1o ha ampliado sus intereses a la ficci\u00f3n televisiva espa\u00f1ola, ha concedido el Premio &quot;Dama&quot; a la serie &quot;Isabel&quot; como mejor ficci\u00f3n espa\u00f1ola de la temporada. Madridimagen clausura hoy una edici\u00f3n que ha contado con importantes novedades, al incorporar la","twitter:label1":"Escrito por","twitter:data1":"El Digital de Asturias","twitter:label2":"Tiempo de lectura estimado","twitter:data2":"2 minutos"},"aioseo_meta_data":{"post_id":"456317","title":null,"description":null,"keywords":null,"keyphrases":null,"primary_term":null,"canonical_url":null,"og_title":null,"og_description":null,"og_object_type":"default","og_image_type":"default","og_image_url":null,"og_image_width":null,"og_image_height":null,"og_image_custom_url":null,"og_image_custom_fields":null,"og_video":null,"og_custom_url":null,"og_article_section":null,"og_article_tags":null,"twitter_use_og":true,"twitter_card":"default","twitter_image_type":"default","twitter_image_url":null,"twitter_image_custom_url":null,"twitter_image_custom_fields":null,"twitter_title":null,"twitter_description":null,"schema":{"blockGraphs":[],"customGraphs":[],"default":{"data":{"Article":[],"Course":[],"Dataset":[],"FAQPage":[],"Movie":[],"Person":[],"Product":[],"ProductReview":[],"Car":[],"Recipe":[],"Service":[],"SoftwareApplication":[],"WebPage":[]},"graphName":"","isEnabled":true},"graphs":[],"defaultGraph":"","defaultPostTypeGraph":""},"schema_type":null,"schema_type_options":null,"pillar_content":false,"robots_default":true,"robots_noindex":false,"robots_noarchive":false,"robots_nosnippet":false,"robots_nofollow":false,"robots_noimageindex":false,"robots_noodp":false,"robots_notranslate":false,"robots_max_snippet":null,"robots_max_videopreview":null,"robots_max_imagepreview":"none","priority":null,"frequency":null,"local_seo":null,"seo_analyzer_scan_date":"2026-05-29 21:35:06","breadcrumb_settings":null,"limit_modified_date":false,"open_ai":null,"ai":null,"created":"2020-11-14 22:45:29","updated":"2026-05-29 21:35:06","focus_keyword":null,"additional_keywords":null,"truseo_locale":null},"aioseo_breadcrumb":"<div class=\"aioseo-breadcrumbs\"><span class=\"aioseo-breadcrumb\">\n\t<a href=\"https:\/\/www.eldigitaldeasturias.com\/noticias\" title=\"Home\">Home<\/a>\n<\/span><span class=\"aioseo-breadcrumb-separator\">\u2013<\/span><span class=\"aioseo-breadcrumb\">\n\t<a href=\"https:\/\/www.eldigitaldeasturias.com\/noticias\/category\/revista-de-ocio\/\" title=\"Revista de Ocio\">Revista de Ocio<\/a>\n<\/span><span class=\"aioseo-breadcrumb-separator\">\u2013<\/span><span class=\"aioseo-breadcrumb\">\n\t<a href=\"https:\/\/www.eldigitaldeasturias.com\/noticias\/madridimagen-ha-concedido-el-premio-dama-a-la-serie-isabel-como-mejor-ficcion-espanola\/\" title=\"Madridimagen ha concedido el Premio \u00abDama\u00bb a la serie \u00abIsabel\u00bb como mejor ficci\u00f3n espa\u00f1ola\">Madridimagen ha concedido el Premio \u00abDama\u00bb a la serie \u00abIsabel\u00bb como mejor ficci\u00f3n espa\u00f1ola<\/a>\n<\/span><\/div>","aioseo_breadcrumb_json":[{"label":"Home","link":"https:\/\/www.eldigitaldeasturias.com\/noticias"},{"label":"Revista de Ocio","link":"https:\/\/www.eldigitaldeasturias.com\/noticias\/category\/revista-de-ocio\/"},{"label":"Madridimagen ha concedido el Premio \u00abDama\u00bb a la serie \u00abIsabel\u00bb como mejor ficci\u00f3n espa\u00f1ola","link":"https:\/\/www.eldigitaldeasturias.com\/noticias\/madridimagen-ha-concedido-el-premio-dama-a-la-serie-isabel-como-mejor-ficcion-espanola\/"}],"_links":{"self":[{"href":"https:\/\/www.eldigitaldeasturias.com\/noticias\/wp-json\/wp\/v2\/posts\/456317","targetHints":{"allow":["GET"]}}],"collection":[{"href":"https:\/\/www.eldigitaldeasturias.com\/noticias\/wp-json\/wp\/v2\/posts"}],"about":[{"href":"https:\/\/www.eldigitaldeasturias.com\/noticias\/wp-json\/wp\/v2\/types\/post"}],"author":[{"embeddable":true,"href":"https:\/\/www.eldigitaldeasturias.com\/noticias\/wp-json\/wp\/v2\/users\/1"}],"replies":[{"embeddable":true,"href":"https:\/\/www.eldigitaldeasturias.com\/noticias\/wp-json\/wp\/v2\/comments?post=456317"}],"version-history":[{"count":0,"href":"https:\/\/www.eldigitaldeasturias.com\/noticias\/wp-json\/wp\/v2\/posts\/456317\/revisions"}],"wp:attachment":[{"href":"https:\/\/www.eldigitaldeasturias.com\/noticias\/wp-json\/wp\/v2\/media?parent=456317"}],"wp:term":[{"taxonomy":"category","embeddable":true,"href":"https:\/\/www.eldigitaldeasturias.com\/noticias\/wp-json\/wp\/v2\/categories?post=456317"},{"taxonomy":"post_tag","embeddable":true,"href":"https:\/\/www.eldigitaldeasturias.com\/noticias\/wp-json\/wp\/v2\/tags?post=456317"}],"curies":[{"name":"wp","href":"https:\/\/api.w.org\/{rel}","templated":true}]}}