{"id":456314,"date":"2013-11-30T19:49:10","date_gmt":"2013-11-30T20:49:10","guid":{"rendered":"http:\/\/www.eldigitaldeasturias.com\/noticias\/?p=456314"},"modified":"2013-11-30T19:49:10","modified_gmt":"2013-11-30T20:49:10","slug":"acuna-repasa-el-coleccionismo-gallego-en-su-discurso-como-academico-de-bellas-artes","status":"publish","type":"post","link":"https:\/\/www.eldigitaldeasturias.com\/noticias\/acuna-repasa-el-coleccionismo-gallego-en-su-discurso-como-academico-de-bellas-artes\/","title":{"rendered":"Acu\u00f1a repasa el coleccionismo gallego en su discurso como acad\u00e9mico de Bellas Artes"},"content":{"rendered":"<p><img loading=\"lazy\" decoding=\"async\" class=\"alignleft size-medium wp-image-456315\" alt=\"5763605w\" src=\"https:\/\/www.eldigitaldeasturias.com\/noticias\/wp-content\/uploads\/2013\/11\/5763605w-360x242.jpg\" width=\"360\" height=\"242\" \/>Santiago de Compostela, 30 nov (EFE).- El catedr\u00e1tico de Arqueolog\u00eda Fernando Acu\u00f1a Castroviejo ha ingresado hoy como acad\u00e9mico electo de la Real Academia Gallega de Bellas Artes con el discurso \u00abEl coleccionismo en Galicia entre finales del siglo XIX y principios del XX: Ricardo Blanco-Cicer\u00f3n y su legado\u00bb.<\/p>\n<p>El acto, celebrado en el Museo do Pobo Galego, ha sido presidido por el vicepresidente de la Academia de Bellas Artes, Jos\u00e9 L\u00f3pez Calo; y cont\u00f3 con la asistencia de Andr\u00e9s Torres Queiruga, miembro de la Real Academia Galega, y Jos\u00e9 Luis Carro Otero, de la Real Academia de Medicina, as\u00ed como del rector de la Universidad de Santiago de Compostela, Juan Casares, entre otras autoridades.<\/p>\n<p>Acu\u00f1a Castroviejo fue elegido miembro de n\u00famero de la Real Academia de Bellas Artes de Nuestra Se\u00f1ora del Rosario el pasado 22 de diciembre de 2012, y hoy ha sido contestado en su discurso de ingreso por el miembro numerario de la secci\u00f3n de Arqueolog\u00eda y Museolog\u00eda Antonio Rodr\u00edguez Colmenero.<\/p>\n<p>Durante su intervenci\u00f3n, el profesor ha explicado que la elecci\u00f3n del tema de su discurso no es casual pues, a su juicio, \u00abla historia del coleccionismo en Galicia a\u00fan est\u00e1 por hacer\u00bb.<\/p>\n<p>El nuevo acad\u00e9mico de Bellas Artes, que ha reconocido que en muchos momentos de su vida le gust\u00f3 ser un anticuario, una persona quiz\u00e1 \u00abdecimon\u00f3nica\u00bb, ha dicho, y un \u00abcierto rom\u00e1ntico\u00bb por esa raz\u00f3n, ha realizado un repaso hist\u00f3rico del coleccionismo en Galicia, centrado en los siglos XIX y XX, con mecenas como Alvaro Gil, Fern\u00e1ndez L\u00f3pez o Mart\u00ednez Barteito.<\/p>\n<p>Muchas de las colecciones de estos expertos y amantes de la arqueolog\u00eda permanecen en distintos departamentos de la Universidad de Santiago y sobre todo en el Museo de Pontevedra, como es el caso del legado de Gil y Casal, Rodr\u00edguez Seoane o Sampedro Folgar.<\/p>\n<p>Acu\u00f1a Castroviejo ha abordado m\u00e1s en profundidad la figura de Blanco-Cicer\u00f3n, pontevedr\u00e9s de Tui, que logr\u00f3 completar una gran colecci\u00f3n de objetos de diferentes \u00e9pocas por su posici\u00f3n econ\u00f3mica y prestigio social mediante la compra, el intercambio y los regalos.<\/p>\n<p>La mayor parte de la misma es de procedencia galaica, excepto la colecci\u00f3n numism\u00e1tica y medall\u00edstica, y destacan especialmente los materiales pre y protohist\u00f3ricos, sobre todo los torques, brazaletes y diademas de oro; as\u00ed como romanos, entre ellos el Balsamario de Bande, en bronce, y un mosaico de Panx\u00f3n; piezas p\u00e9treas medievales; de marfil, plata o azabache modernas y contempor\u00e1neas.<\/p>\n<p>En su opini\u00f3n, Blanco-Cicer\u00f3n fue una \u00abrara avis\u00bb que se puede equiparar a grandes coleccionistas como L\u00e1zaro Galdiano o Guillermo de Osma; su colecci\u00f3n de oro fue adquirida por Alvaro Gil hace unos cuarenta a\u00f1os y posteriormente ampliada con importantes piezas depositadas en el Museo de Lugo, retiradas despu\u00e9s por su familia.<\/p>\n<p>Al hilo de ello, Rodr\u00edguez Colmenero, que ha repasado la trayectoria de Acu\u00f1a Castroviejo, ha indicado en su contestaci\u00f3n que este tema de ingreso en la Academia es de \u00abrecurrente actualidad\u00bb, est\u00e1 \u00abbien trabado\u00bb y aborda aspectos \u00abtan importantes y variados como la recopilaci\u00f3n de fuentes hist\u00f3ricas, textuales y arqueol\u00f3gicas, y a veces monumentales\u00bb.<\/p>\n","protected":false},"excerpt":{"rendered":"<p>Santiago de Compostela, 30 nov (EFE).- El catedr\u00e1tico de Arqueolog\u00eda Fernando Acu\u00f1a Castroviejo ha ingresado hoy como acad\u00e9mico electo de la Real Academia Gallega de Bellas Artes con el discurso \u00abEl coleccionismo en Galicia entre finales del siglo XIX y principios del XX: Ricardo Blanco-Cicer\u00f3n y su legado\u00bb. El acto, celebrado en el Museo do [&hellip;]<\/p>\n","protected":false},"author":1,"featured_media":456315,"comment_status":"closed","ping_status":"open","sticky":false,"template":"","format":"standard","meta":{"footnotes":""},"categories":[50],"tags":[],"class_list":["post-456314","post","type-post","status-publish","format-standard","has-post-thumbnail","hentry","category-revista-de-ocio"],"aioseo_notices":[],"aioseo_head":"\n\t\t<!-- All in One SEO Pro 5.0.1 - aioseo.com -->\n\t<meta name=\"description\" content=\"Santiago de Compostela, 30 nov (EFE).- El catedr\u00e1tico de Arqueolog\u00eda Fernando Acu\u00f1a Castroviejo ha ingresado hoy como acad\u00e9mico electo de la Real Academia Gallega de Bellas Artes con el discurso &quot;El coleccionismo en Galicia entre finales del siglo XIX y principios del XX: Ricardo Blanco-Cicer\u00f3n y su legado&quot;. El acto, celebrado en el Museo do\" \/>\n\t<meta name=\"robots\" content=\"max-image-preview:large\" \/>\n\t<meta name=\"author\" content=\"El Digital de Asturias\"\/>\n\t<meta name=\"google-site-verification\" content=\"UA-38556648-1\" \/>\n\t<meta name=\"msvalidate.01\" content=\"7dfe9f3f1b24437ab69f4f2559babe99\" \/>\n\t<meta name=\"keywords\" content=\"revista de ocio\" \/>\n\t<link rel=\"canonical\" href=\"https:\/\/www.eldigitaldeasturias.com\/noticias\/acuna-repasa-el-coleccionismo-gallego-en-su-discurso-como-academico-de-bellas-artes\/\" \/>\n\t<meta name=\"generator\" content=\"All in One SEO Pro (AIOSEO) 5.0.1\" \/>\n\t\t<meta property=\"og:locale\" content=\"es_ES\" \/>\n\t\t<meta property=\"og:site_name\" content=\"El Digital de Asturias\" \/>\n\t\t<meta property=\"og:type\" content=\"article\" \/>\n\t\t<meta property=\"og:title\" content=\"Acu\u00f1a repasa el coleccionismo gallego en su discurso como acad\u00e9mico de Bellas Artes - El Digital de Asturias\" \/>\n\t\t<meta property=\"og:description\" content=\"Santiago de Compostela, 30 nov (EFE).- El catedr\u00e1tico de Arqueolog\u00eda Fernando Acu\u00f1a Castroviejo ha ingresado hoy como acad\u00e9mico electo de la Real Academia Gallega de Bellas Artes con el discurso &quot;El coleccionismo en Galicia entre finales del siglo XIX y principios del XX: Ricardo Blanco-Cicer\u00f3n y su legado&quot;. El acto, celebrado en el Museo do\" \/>\n\t\t<meta property=\"og:url\" content=\"https:\/\/www.eldigitaldeasturias.com\/noticias\/acuna-repasa-el-coleccionismo-gallego-en-su-discurso-como-academico-de-bellas-artes\/\" \/>\n\t\t<meta property=\"article:tag\" content=\"revista de ocio\" \/>\n\t\t<meta property=\"article:published_time\" content=\"2013-11-30T20:49:10+00:00\" \/>\n\t\t<meta property=\"article:modified_time\" content=\"2013-11-30T20:49:10+00:00\" \/>\n\t\t<meta property=\"article:publisher\" content=\"https:\/\/facebook.com\/eldigitaldeasturias\" \/>\n\t\t<meta name=\"twitter:card\" content=\"summary_large_image\" \/>\n\t\t<meta name=\"twitter:title\" content=\"Acu\u00f1a repasa el coleccionismo gallego en su discurso como acad\u00e9mico de Bellas Artes - El Digital de Asturias\" \/>\n\t\t<meta name=\"twitter:description\" content=\"Santiago de Compostela, 30 nov (EFE).- El catedr\u00e1tico de Arqueolog\u00eda Fernando Acu\u00f1a Castroviejo ha ingresado hoy como acad\u00e9mico electo de la Real Academia Gallega de Bellas Artes con el discurso &quot;El coleccionismo en Galicia entre finales del siglo XIX y principios del XX: Ricardo Blanco-Cicer\u00f3n y su legado&quot;. El acto, celebrado en el Museo do\" \/>\n\t\t<meta name=\"twitter:label1\" content=\"Escrito por\" \/>\n\t\t<meta name=\"twitter:data1\" content=\"El Digital de Asturias\" \/>\n\t\t<meta name=\"twitter:label2\" content=\"Tiempo de lectura estimado\" \/>\n\t\t<meta name=\"twitter:data2\" content=\"3 minutos\" \/>\n\t\t<script type=\"application\/ld+json\" class=\"aioseo-schema\">\n\t\t\t{\"@context\":\"https:\\\/\\\/schema.org\",\"@graph\":[{\"@type\":\"BlogPosting\",\"@id\":\"https:\\\/\\\/www.eldigitaldeasturias.com\\\/noticias\\\/acuna-repasa-el-coleccionismo-gallego-en-su-discurso-como-academico-de-bellas-artes\\\/#blogposting\",\"name\":\"Acu\\u00f1a repasa el coleccionismo gallego en su discurso como acad\\u00e9mico de Bellas Artes - El Digital de Asturias\",\"headline\":\"Acu\\u00f1a repasa el coleccionismo gallego en su discurso como acad\\u00e9mico de Bellas Artes\",\"author\":{\"@id\":\"https:\\\/\\\/www.eldigitaldeasturias.com\\\/noticias\\\/author\\\/admin\\\/#author\"},\"publisher\":{\"@id\":\"https:\\\/\\\/www.eldigitaldeasturias.com\\\/noticias\\\/#organization\"},\"image\":{\"@type\":\"ImageObject\",\"url\":456315},\"datePublished\":\"2013-11-30T19:49:10+01:00\",\"dateModified\":\"2013-11-30T19:49:10+01:00\",\"inLanguage\":\"es-ES\",\"mainEntityOfPage\":{\"@id\":\"https:\\\/\\\/www.eldigitaldeasturias.com\\\/noticias\\\/acuna-repasa-el-coleccionismo-gallego-en-su-discurso-como-academico-de-bellas-artes\\\/#webpage\"},\"isPartOf\":{\"@id\":\"https:\\\/\\\/www.eldigitaldeasturias.com\\\/noticias\\\/acuna-repasa-el-coleccionismo-gallego-en-su-discurso-como-academico-de-bellas-artes\\\/#webpage\"},\"articleSection\":\"Revista de Ocio\"},{\"@type\":\"BreadcrumbList\",\"@id\":\"https:\\\/\\\/www.eldigitaldeasturias.com\\\/noticias\\\/acuna-repasa-el-coleccionismo-gallego-en-su-discurso-como-academico-de-bellas-artes\\\/#breadcrumblist\",\"itemListElement\":[{\"@type\":\"ListItem\",\"@id\":\"https:\\\/\\\/www.eldigitaldeasturias.com\\\/noticias#listItem\",\"position\":1,\"name\":\"Home\",\"item\":\"https:\\\/\\\/www.eldigitaldeasturias.com\\\/noticias\",\"nextItem\":{\"@type\":\"ListItem\",\"@id\":\"https:\\\/\\\/www.eldigitaldeasturias.com\\\/noticias\\\/category\\\/revista-de-ocio\\\/#listItem\",\"name\":\"Revista de Ocio\"}},{\"@type\":\"ListItem\",\"@id\":\"https:\\\/\\\/www.eldigitaldeasturias.com\\\/noticias\\\/category\\\/revista-de-ocio\\\/#listItem\",\"position\":2,\"name\":\"Revista de Ocio\",\"item\":\"https:\\\/\\\/www.eldigitaldeasturias.com\\\/noticias\\\/category\\\/revista-de-ocio\\\/\",\"nextItem\":{\"@type\":\"ListItem\",\"@id\":\"https:\\\/\\\/www.eldigitaldeasturias.com\\\/noticias\\\/acuna-repasa-el-coleccionismo-gallego-en-su-discurso-como-academico-de-bellas-artes\\\/#listItem\",\"name\":\"Acu\\u00f1a repasa el coleccionismo gallego en su discurso como acad\\u00e9mico de Bellas Artes\"},\"previousItem\":{\"@type\":\"ListItem\",\"@id\":\"https:\\\/\\\/www.eldigitaldeasturias.com\\\/noticias#listItem\",\"name\":\"Home\"}},{\"@type\":\"ListItem\",\"@id\":\"https:\\\/\\\/www.eldigitaldeasturias.com\\\/noticias\\\/acuna-repasa-el-coleccionismo-gallego-en-su-discurso-como-academico-de-bellas-artes\\\/#listItem\",\"position\":3,\"name\":\"Acu\\u00f1a repasa el coleccionismo gallego en su discurso como acad\\u00e9mico de Bellas Artes\",\"previousItem\":{\"@type\":\"ListItem\",\"@id\":\"https:\\\/\\\/www.eldigitaldeasturias.com\\\/noticias\\\/category\\\/revista-de-ocio\\\/#listItem\",\"name\":\"Revista de Ocio\"}}]},{\"@type\":\"Organization\",\"@id\":\"https:\\\/\\\/www.eldigitaldeasturias.com\\\/noticias\\\/#organization\",\"name\":\"El Digital de Asturias\",\"description\":\"Hemeroteca\",\"url\":\"https:\\\/\\\/www.eldigitaldeasturias.com\\\/noticias\\\/\",\"email\":\"info@eldigitaldeasturias.com\",\"telephone\":\"+34652131393\",\"logo\":{\"@type\":\"ImageObject\",\"url\":\"https:\\\/\\\/www.eldigitaldeasturias.com\\\/noticias\\\/wp-content\\\/uploads\\\/2020\\\/12\\\/EDA.jpg\",\"@id\":\"https:\\\/\\\/www.eldigitaldeasturias.com\\\/noticias\\\/acuna-repasa-el-coleccionismo-gallego-en-su-discurso-como-academico-de-bellas-artes\\\/#organizationLogo\"},\"image\":{\"@id\":\"https:\\\/\\\/www.eldigitaldeasturias.com\\\/noticias\\\/acuna-repasa-el-coleccionismo-gallego-en-su-discurso-como-academico-de-bellas-artes\\\/#organizationLogo\"},\"sameAs\":[\"https:\\\/\\\/facebook.com\\\/eldigitaldeasturias\",\"https:\\\/\\\/www.youtube.com\\\/channel\\\/UCZP-2wLEB9Rv6erhFmqVnvg\"],\"address\":{\"@id\":\"https:\\\/\\\/www.eldigitaldeasturias.com\\\/noticias\\\/#postaladdress\",\"@type\":\"PostalAddress\",\"streetAddress\":\"san antonio 4\",\"postalCode\":\"33430\",\"addressLocality\":\"Cand\\u00e1s\",\"addressRegion\":\"Asturias\",\"addressCountry\":\"ES\"}},{\"@type\":\"Person\",\"@id\":\"https:\\\/\\\/www.eldigitaldeasturias.com\\\/noticias\\\/author\\\/admin\\\/#author\",\"url\":\"https:\\\/\\\/www.eldigitaldeasturias.com\\\/noticias\\\/author\\\/admin\\\/\",\"name\":\"El Digital de Asturias\",\"image\":{\"@type\":\"ImageObject\",\"@id\":\"https:\\\/\\\/www.eldigitaldeasturias.com\\\/noticias\\\/acuna-repasa-el-coleccionismo-gallego-en-su-discurso-como-academico-de-bellas-artes\\\/#authorImage\",\"url\":\"https:\\\/\\\/secure.gravatar.com\\\/avatar\\\/df2aeffc32bcd13f8d26072ef8a91b623d677766deac7f97ca815868cd41bf5e?s=96&d=mm&r=g\",\"width\":96,\"height\":96,\"caption\":\"El Digital de Asturias\"}},{\"@type\":\"WebPage\",\"@id\":\"https:\\\/\\\/www.eldigitaldeasturias.com\\\/noticias\\\/acuna-repasa-el-coleccionismo-gallego-en-su-discurso-como-academico-de-bellas-artes\\\/#webpage\",\"url\":\"https:\\\/\\\/www.eldigitaldeasturias.com\\\/noticias\\\/acuna-repasa-el-coleccionismo-gallego-en-su-discurso-como-academico-de-bellas-artes\\\/\",\"name\":\"Acu\\u00f1a repasa el coleccionismo gallego en su discurso como acad\\u00e9mico de Bellas Artes - El Digital de Asturias\",\"description\":\"Santiago de Compostela, 30 nov (EFE).- El catedr\\u00e1tico de Arqueolog\\u00eda Fernando Acu\\u00f1a Castroviejo ha ingresado hoy como acad\\u00e9mico electo de la Real Academia Gallega de Bellas Artes con el discurso \\\"El coleccionismo en Galicia entre finales del siglo XIX y principios del XX: Ricardo Blanco-Cicer\\u00f3n y su legado\\\". El acto, celebrado en el Museo do\",\"inLanguage\":\"es-ES\",\"isPartOf\":{\"@id\":\"https:\\\/\\\/www.eldigitaldeasturias.com\\\/noticias\\\/#website\"},\"breadcrumb\":{\"@id\":\"https:\\\/\\\/www.eldigitaldeasturias.com\\\/noticias\\\/acuna-repasa-el-coleccionismo-gallego-en-su-discurso-como-academico-de-bellas-artes\\\/#breadcrumblist\"},\"author\":{\"@id\":\"https:\\\/\\\/www.eldigitaldeasturias.com\\\/noticias\\\/author\\\/admin\\\/#author\"},\"creator\":{\"@id\":\"https:\\\/\\\/www.eldigitaldeasturias.com\\\/noticias\\\/author\\\/admin\\\/#author\"},\"image\":{\"@type\":\"ImageObject\",\"url\":456315,\"@id\":\"https:\\\/\\\/www.eldigitaldeasturias.com\\\/noticias\\\/acuna-repasa-el-coleccionismo-gallego-en-su-discurso-como-academico-de-bellas-artes\\\/#mainImage\"},\"primaryImageOfPage\":{\"@id\":\"https:\\\/\\\/www.eldigitaldeasturias.com\\\/noticias\\\/acuna-repasa-el-coleccionismo-gallego-en-su-discurso-como-academico-de-bellas-artes\\\/#mainImage\"},\"datePublished\":\"2013-11-30T19:49:10+01:00\",\"dateModified\":\"2013-11-30T19:49:10+01:00\"},{\"@type\":\"WebSite\",\"@id\":\"https:\\\/\\\/www.eldigitaldeasturias.com\\\/noticias\\\/#website\",\"url\":\"https:\\\/\\\/www.eldigitaldeasturias.com\\\/noticias\\\/\",\"name\":\"El Digital de Asturias - Diario de actualidad y noticias\",\"alternateName\":\"El Digital de Asturias - Diario de actualidad y noticias\",\"description\":\"Hemeroteca\",\"inLanguage\":\"es-ES\",\"publisher\":{\"@id\":\"https:\\\/\\\/www.eldigitaldeasturias.com\\\/noticias\\\/#organization\"}}]}\n\t\t<\/script>\n\t\t<!-- All in One SEO Pro -->\r\n\t\t<title>Acu\u00f1a repasa el coleccionismo gallego en su discurso como acad\u00e9mico de Bellas Artes - El Digital de Asturias<\/title>\n\n","aioseo_head_json":{"title":"Acu\u00f1a repasa el coleccionismo gallego en su discurso como acad\u00e9mico de Bellas Artes - El Digital de Asturias","description":"Santiago de Compostela, 30 nov (EFE).- El catedr\u00e1tico de Arqueolog\u00eda Fernando Acu\u00f1a Castroviejo ha ingresado hoy como acad\u00e9mico electo de la Real Academia Gallega de Bellas Artes con el discurso \"El coleccionismo en Galicia entre finales del siglo XIX y principios del XX: Ricardo Blanco-Cicer\u00f3n y su legado\". El acto, celebrado en el Museo do","canonical_url":"https:\/\/www.eldigitaldeasturias.com\/noticias\/acuna-repasa-el-coleccionismo-gallego-en-su-discurso-como-academico-de-bellas-artes\/","robots":"max-image-preview:large","keywords":"revista de ocio","webmasterTools":{"google-site-verification":"UA-38556648-1","msvalidate.01":"7dfe9f3f1b24437ab69f4f2559babe99","miscellaneous":""},"schema":{"@context":"https:\/\/schema.org","@graph":[{"@type":"BlogPosting","@id":"https:\/\/www.eldigitaldeasturias.com\/noticias\/acuna-repasa-el-coleccionismo-gallego-en-su-discurso-como-academico-de-bellas-artes\/#blogposting","name":"Acu\u00f1a repasa el coleccionismo gallego en su discurso como acad\u00e9mico de Bellas Artes - El Digital de Asturias","headline":"Acu\u00f1a repasa el coleccionismo gallego en su discurso como acad\u00e9mico de Bellas Artes","author":{"@id":"https:\/\/www.eldigitaldeasturias.com\/noticias\/author\/admin\/#author"},"publisher":{"@id":"https:\/\/www.eldigitaldeasturias.com\/noticias\/#organization"},"image":{"@type":"ImageObject","url":456315},"datePublished":"2013-11-30T19:49:10+01:00","dateModified":"2013-11-30T19:49:10+01:00","inLanguage":"es-ES","mainEntityOfPage":{"@id":"https:\/\/www.eldigitaldeasturias.com\/noticias\/acuna-repasa-el-coleccionismo-gallego-en-su-discurso-como-academico-de-bellas-artes\/#webpage"},"isPartOf":{"@id":"https:\/\/www.eldigitaldeasturias.com\/noticias\/acuna-repasa-el-coleccionismo-gallego-en-su-discurso-como-academico-de-bellas-artes\/#webpage"},"articleSection":"Revista de Ocio"},{"@type":"BreadcrumbList","@id":"https:\/\/www.eldigitaldeasturias.com\/noticias\/acuna-repasa-el-coleccionismo-gallego-en-su-discurso-como-academico-de-bellas-artes\/#breadcrumblist","itemListElement":[{"@type":"ListItem","@id":"https:\/\/www.eldigitaldeasturias.com\/noticias#listItem","position":1,"name":"Home","item":"https:\/\/www.eldigitaldeasturias.com\/noticias","nextItem":{"@type":"ListItem","@id":"https:\/\/www.eldigitaldeasturias.com\/noticias\/category\/revista-de-ocio\/#listItem","name":"Revista de Ocio"}},{"@type":"ListItem","@id":"https:\/\/www.eldigitaldeasturias.com\/noticias\/category\/revista-de-ocio\/#listItem","position":2,"name":"Revista de Ocio","item":"https:\/\/www.eldigitaldeasturias.com\/noticias\/category\/revista-de-ocio\/","nextItem":{"@type":"ListItem","@id":"https:\/\/www.eldigitaldeasturias.com\/noticias\/acuna-repasa-el-coleccionismo-gallego-en-su-discurso-como-academico-de-bellas-artes\/#listItem","name":"Acu\u00f1a repasa el coleccionismo gallego en su discurso como acad\u00e9mico de Bellas Artes"},"previousItem":{"@type":"ListItem","@id":"https:\/\/www.eldigitaldeasturias.com\/noticias#listItem","name":"Home"}},{"@type":"ListItem","@id":"https:\/\/www.eldigitaldeasturias.com\/noticias\/acuna-repasa-el-coleccionismo-gallego-en-su-discurso-como-academico-de-bellas-artes\/#listItem","position":3,"name":"Acu\u00f1a repasa el coleccionismo gallego en su discurso como acad\u00e9mico de Bellas Artes","previousItem":{"@type":"ListItem","@id":"https:\/\/www.eldigitaldeasturias.com\/noticias\/category\/revista-de-ocio\/#listItem","name":"Revista de Ocio"}}]},{"@type":"Organization","@id":"https:\/\/www.eldigitaldeasturias.com\/noticias\/#organization","name":"El Digital de Asturias","description":"Hemeroteca","url":"https:\/\/www.eldigitaldeasturias.com\/noticias\/","email":"info@eldigitaldeasturias.com","telephone":"+34652131393","logo":{"@type":"ImageObject","url":"https:\/\/www.eldigitaldeasturias.com\/noticias\/wp-content\/uploads\/2020\/12\/EDA.jpg","@id":"https:\/\/www.eldigitaldeasturias.com\/noticias\/acuna-repasa-el-coleccionismo-gallego-en-su-discurso-como-academico-de-bellas-artes\/#organizationLogo"},"image":{"@id":"https:\/\/www.eldigitaldeasturias.com\/noticias\/acuna-repasa-el-coleccionismo-gallego-en-su-discurso-como-academico-de-bellas-artes\/#organizationLogo"},"sameAs":["https:\/\/facebook.com\/eldigitaldeasturias","https:\/\/www.youtube.com\/channel\/UCZP-2wLEB9Rv6erhFmqVnvg"],"address":{"@id":"https:\/\/www.eldigitaldeasturias.com\/noticias\/#postaladdress","@type":"PostalAddress","streetAddress":"san antonio 4","postalCode":"33430","addressLocality":"Cand\u00e1s","addressRegion":"Asturias","addressCountry":"ES"}},{"@type":"Person","@id":"https:\/\/www.eldigitaldeasturias.com\/noticias\/author\/admin\/#author","url":"https:\/\/www.eldigitaldeasturias.com\/noticias\/author\/admin\/","name":"El Digital de Asturias","image":{"@type":"ImageObject","@id":"https:\/\/www.eldigitaldeasturias.com\/noticias\/acuna-repasa-el-coleccionismo-gallego-en-su-discurso-como-academico-de-bellas-artes\/#authorImage","url":"https:\/\/secure.gravatar.com\/avatar\/df2aeffc32bcd13f8d26072ef8a91b623d677766deac7f97ca815868cd41bf5e?s=96&d=mm&r=g","width":96,"height":96,"caption":"El Digital de Asturias"}},{"@type":"WebPage","@id":"https:\/\/www.eldigitaldeasturias.com\/noticias\/acuna-repasa-el-coleccionismo-gallego-en-su-discurso-como-academico-de-bellas-artes\/#webpage","url":"https:\/\/www.eldigitaldeasturias.com\/noticias\/acuna-repasa-el-coleccionismo-gallego-en-su-discurso-como-academico-de-bellas-artes\/","name":"Acu\u00f1a repasa el coleccionismo gallego en su discurso como acad\u00e9mico de Bellas Artes - El Digital de Asturias","description":"Santiago de Compostela, 30 nov (EFE).- El catedr\u00e1tico de Arqueolog\u00eda Fernando Acu\u00f1a Castroviejo ha ingresado hoy como acad\u00e9mico electo de la Real Academia Gallega de Bellas Artes con el discurso \"El coleccionismo en Galicia entre finales del siglo XIX y principios del XX: Ricardo Blanco-Cicer\u00f3n y su legado\". El acto, celebrado en el Museo do","inLanguage":"es-ES","isPartOf":{"@id":"https:\/\/www.eldigitaldeasturias.com\/noticias\/#website"},"breadcrumb":{"@id":"https:\/\/www.eldigitaldeasturias.com\/noticias\/acuna-repasa-el-coleccionismo-gallego-en-su-discurso-como-academico-de-bellas-artes\/#breadcrumblist"},"author":{"@id":"https:\/\/www.eldigitaldeasturias.com\/noticias\/author\/admin\/#author"},"creator":{"@id":"https:\/\/www.eldigitaldeasturias.com\/noticias\/author\/admin\/#author"},"image":{"@type":"ImageObject","url":456315,"@id":"https:\/\/www.eldigitaldeasturias.com\/noticias\/acuna-repasa-el-coleccionismo-gallego-en-su-discurso-como-academico-de-bellas-artes\/#mainImage"},"primaryImageOfPage":{"@id":"https:\/\/www.eldigitaldeasturias.com\/noticias\/acuna-repasa-el-coleccionismo-gallego-en-su-discurso-como-academico-de-bellas-artes\/#mainImage"},"datePublished":"2013-11-30T19:49:10+01:00","dateModified":"2013-11-30T19:49:10+01:00"},{"@type":"WebSite","@id":"https:\/\/www.eldigitaldeasturias.com\/noticias\/#website","url":"https:\/\/www.eldigitaldeasturias.com\/noticias\/","name":"El Digital de Asturias - Diario de actualidad y noticias","alternateName":"El Digital de Asturias - Diario de actualidad y noticias","description":"Hemeroteca","inLanguage":"es-ES","publisher":{"@id":"https:\/\/www.eldigitaldeasturias.com\/noticias\/#organization"}}]},"og:locale":"es_ES","og:site_name":"El Digital de Asturias","og:type":"article","og:title":"Acu\u00f1a repasa el coleccionismo gallego en su discurso como acad\u00e9mico de Bellas Artes - El Digital de Asturias","og:description":"Santiago de Compostela, 30 nov (EFE).- El catedr\u00e1tico de Arqueolog\u00eda Fernando Acu\u00f1a Castroviejo ha ingresado hoy como acad\u00e9mico electo de la Real Academia Gallega de Bellas Artes con el discurso &quot;El coleccionismo en Galicia entre finales del siglo XIX y principios del XX: Ricardo Blanco-Cicer\u00f3n y su legado&quot;. El acto, celebrado en el Museo do","og:url":"https:\/\/www.eldigitaldeasturias.com\/noticias\/acuna-repasa-el-coleccionismo-gallego-en-su-discurso-como-academico-de-bellas-artes\/","article:tag":["revista de ocio"],"article:published_time":"2013-11-30T20:49:10+00:00","article:modified_time":"2013-11-30T20:49:10+00:00","article:publisher":"https:\/\/facebook.com\/eldigitaldeasturias","twitter:card":"summary_large_image","twitter:title":"Acu\u00f1a repasa el coleccionismo gallego en su discurso como acad\u00e9mico de Bellas Artes - El Digital de Asturias","twitter:description":"Santiago de Compostela, 30 nov (EFE).- El catedr\u00e1tico de Arqueolog\u00eda Fernando Acu\u00f1a Castroviejo ha ingresado hoy como acad\u00e9mico electo de la Real Academia Gallega de Bellas Artes con el discurso &quot;El coleccionismo en Galicia entre finales del siglo XIX y principios del XX: Ricardo Blanco-Cicer\u00f3n y su legado&quot;. El acto, celebrado en el Museo do","twitter:label1":"Escrito por","twitter:data1":"El Digital de Asturias","twitter:label2":"Tiempo de lectura estimado","twitter:data2":"3 minutos"},"aioseo_meta_data":{"post_id":"456314","title":null,"description":null,"keywords":null,"keyphrases":null,"primary_term":null,"canonical_url":null,"og_title":null,"og_description":null,"og_object_type":"default","og_image_type":"default","og_image_url":null,"og_image_width":null,"og_image_height":null,"og_image_custom_url":null,"og_image_custom_fields":null,"og_video":null,"og_custom_url":null,"og_article_section":null,"og_article_tags":null,"twitter_use_og":true,"twitter_card":"default","twitter_image_type":"default","twitter_image_url":null,"twitter_image_custom_url":null,"twitter_image_custom_fields":null,"twitter_title":null,"twitter_description":null,"schema":{"blockGraphs":[],"customGraphs":[],"default":{"data":{"Article":[],"Course":[],"Dataset":[],"FAQPage":[],"Movie":[],"Person":[],"Product":[],"ProductReview":[],"Car":[],"Recipe":[],"Service":[],"SoftwareApplication":[],"WebPage":[]},"graphName":"","isEnabled":true},"graphs":[],"defaultGraph":"","defaultPostTypeGraph":""},"schema_type":null,"schema_type_options":null,"pillar_content":false,"robots_default":true,"robots_noindex":false,"robots_noarchive":false,"robots_nosnippet":false,"robots_nofollow":false,"robots_noimageindex":false,"robots_noodp":false,"robots_notranslate":false,"robots_max_snippet":null,"robots_max_videopreview":null,"robots_max_imagepreview":"none","priority":null,"frequency":null,"local_seo":null,"seo_analyzer_scan_date":"2026-05-29 21:35:05","breadcrumb_settings":null,"limit_modified_date":false,"open_ai":null,"ai":null,"created":"2020-11-14 22:45:29","updated":"2026-05-29 21:35:05","focus_keyword":null,"additional_keywords":null,"truseo_locale":null},"aioseo_breadcrumb":"<div class=\"aioseo-breadcrumbs\"><span class=\"aioseo-breadcrumb\">\n\t<a href=\"https:\/\/www.eldigitaldeasturias.com\/noticias\" title=\"Home\">Home<\/a>\n<\/span><span class=\"aioseo-breadcrumb-separator\">\u2013<\/span><span class=\"aioseo-breadcrumb\">\n\t<a href=\"https:\/\/www.eldigitaldeasturias.com\/noticias\/category\/revista-de-ocio\/\" title=\"Revista de Ocio\">Revista de Ocio<\/a>\n<\/span><span class=\"aioseo-breadcrumb-separator\">\u2013<\/span><span class=\"aioseo-breadcrumb\">\n\t<a href=\"https:\/\/www.eldigitaldeasturias.com\/noticias\/acuna-repasa-el-coleccionismo-gallego-en-su-discurso-como-academico-de-bellas-artes\/\" title=\"Acu\u00f1a repasa el coleccionismo gallego en su discurso como acad\u00e9mico de Bellas Artes\">Acu\u00f1a repasa el coleccionismo gallego en su discurso como acad\u00e9mico de Bellas Artes<\/a>\n<\/span><\/div>","aioseo_breadcrumb_json":[{"label":"Home","link":"https:\/\/www.eldigitaldeasturias.com\/noticias"},{"label":"Revista de Ocio","link":"https:\/\/www.eldigitaldeasturias.com\/noticias\/category\/revista-de-ocio\/"},{"label":"Acu\u00f1a repasa el coleccionismo gallego en su discurso como acad\u00e9mico de Bellas Artes","link":"https:\/\/www.eldigitaldeasturias.com\/noticias\/acuna-repasa-el-coleccionismo-gallego-en-su-discurso-como-academico-de-bellas-artes\/"}],"_links":{"self":[{"href":"https:\/\/www.eldigitaldeasturias.com\/noticias\/wp-json\/wp\/v2\/posts\/456314","targetHints":{"allow":["GET"]}}],"collection":[{"href":"https:\/\/www.eldigitaldeasturias.com\/noticias\/wp-json\/wp\/v2\/posts"}],"about":[{"href":"https:\/\/www.eldigitaldeasturias.com\/noticias\/wp-json\/wp\/v2\/types\/post"}],"author":[{"embeddable":true,"href":"https:\/\/www.eldigitaldeasturias.com\/noticias\/wp-json\/wp\/v2\/users\/1"}],"replies":[{"embeddable":true,"href":"https:\/\/www.eldigitaldeasturias.com\/noticias\/wp-json\/wp\/v2\/comments?post=456314"}],"version-history":[{"count":0,"href":"https:\/\/www.eldigitaldeasturias.com\/noticias\/wp-json\/wp\/v2\/posts\/456314\/revisions"}],"wp:attachment":[{"href":"https:\/\/www.eldigitaldeasturias.com\/noticias\/wp-json\/wp\/v2\/media?parent=456314"}],"wp:term":[{"taxonomy":"category","embeddable":true,"href":"https:\/\/www.eldigitaldeasturias.com\/noticias\/wp-json\/wp\/v2\/categories?post=456314"},{"taxonomy":"post_tag","embeddable":true,"href":"https:\/\/www.eldigitaldeasturias.com\/noticias\/wp-json\/wp\/v2\/tags?post=456314"}],"curies":[{"name":"wp","href":"https:\/\/api.w.org\/{rel}","templated":true}]}}