{"id":456305,"date":"2013-11-30T19:43:28","date_gmt":"2013-11-30T20:43:28","guid":{"rendered":"http:\/\/www.eldigitaldeasturias.com\/noticias\/?p=456305"},"modified":"2013-11-30T19:43:28","modified_gmt":"2013-11-30T20:43:28","slug":"febrero-el-miedo-de-los-galgos-llega-a-los-cines","status":"publish","type":"post","link":"https:\/\/www.eldigitaldeasturias.com\/noticias\/febrero-el-miedo-de-los-galgos-llega-a-los-cines\/","title":{"rendered":"\u00abFebrero, el miedo de los galgos\u00bb llega a los cines"},"content":{"rendered":"<p><img loading=\"lazy\" decoding=\"async\" class=\"alignleft size-medium wp-image-456306\" alt=\"5763683w\" src=\"https:\/\/www.eldigitaldeasturias.com\/noticias\/wp-content\/uploads\/2013\/11\/5763683w-360x202.jpg\" width=\"360\" height=\"202\" \/>Barcelona, 30 nov (EFE).- El documental \u00abFebrero, el miedo de los galgos\u00bb llega en las pr\u00f3ximas semanas a los cines de la mano de la cineasta catalana Irene Bl\u00e1nquez para denunciar el maltrato y abandono que sufren estos perros cuando acaba la temporada de caza.<\/p>\n<p>La cinta, que se proyectar\u00e1 todos los jueves de diciembre, a partir del d\u00eda 5, en los cines Girona de Barcelona y se estrenar\u00e1 en Madrid en enero, cuenta la historia de \u00abMila\u00bb, una perra lebrera que, tras ser abandonada y atropellada en Arahal (Sevilla), fue rescatada y trasladada a la capital catalana por la ONG SOS Galgos para ser sometida a una intervenci\u00f3n quir\u00fargica.<\/p>\n<p>\u00abFebrero, el miedo de los galgos\u00bb es la primera pel\u00edcula documental de Irene Bl\u00e1nquez, que ha pretendido denunciar con el filme \u00abla dram\u00e1tica situaci\u00f3n que viven decenas de miles de galgos cada a\u00f1o en Espa\u00f1a al terminar la temporada de caza\u00bb.<\/p>\n<p>El documental, autofinanciado, es el resultado de dos a\u00f1os de trabajo de filmaci\u00f3n y edici\u00f3n en solitario de la realizadora y una cinta con la que se estrena tambi\u00e9n Waggingtale Films, una productora creada por esta joven directora catalana junto a la dise\u00f1adora gr\u00e1fica Mabel Vicente.<\/p>\n<p>Ambas han explicado que esta productora tiene como objetivo llevar a cabo proyectos relacionados con la defensa del mundo animal y del medioambiente y que este documental en concreto tiene como finalidad denunciar que la caza de la liebre, que se practica en zonas rurales, \u00abexpone al galgo a una vida de miseria y entrenamientos crueles\u00bb.<\/p>\n<p>La temporada de caza termina en febrero y el n\u00famero de galgos abandonados en esta \u00e9poca del a\u00f1o se dispara, como es el caso de la perra protagonista del documental, en el que se intercalan entrevistas con animalistas y cazadores de liebres (galgueros).<\/p>\n<p>La directora ha pretendido de esta manera mostrar las dos caras del mundo que rodea al \u00abgalgo\u00bb espa\u00f1ol: \u00abla explotaci\u00f3n y el abandono masivo al terminar la temporada de caza y la esperanza de manos de protectoras y asociaciones como SOS Galgos\u00bb.<\/p>\n","protected":false},"excerpt":{"rendered":"<p>Barcelona, 30 nov (EFE).- El documental \u00abFebrero, el miedo de los galgos\u00bb llega en las pr\u00f3ximas semanas a los cines de la mano de la cineasta catalana Irene Bl\u00e1nquez para denunciar el maltrato y abandono que sufren estos perros cuando acaba la temporada de caza. La cinta, que se proyectar\u00e1 todos los jueves de diciembre, [&hellip;]<\/p>\n","protected":false},"author":1,"featured_media":456306,"comment_status":"closed","ping_status":"open","sticky":false,"template":"","format":"standard","meta":{"footnotes":""},"categories":[50],"tags":[],"class_list":["post-456305","post","type-post","status-publish","format-standard","has-post-thumbnail","hentry","category-revista-de-ocio"],"aioseo_notices":[],"aioseo_head":"\n\t\t<!-- All in One SEO Pro 5.0.1 - aioseo.com -->\n\t<meta name=\"description\" content=\"Barcelona, 30 nov (EFE).- El documental &quot;Febrero, el miedo de los galgos&quot; llega en las pr\u00f3ximas semanas a los cines de la mano de la cineasta catalana Irene Bl\u00e1nquez para denunciar el maltrato y abandono que sufren estos perros cuando acaba la temporada de caza. La cinta, que se proyectar\u00e1 todos los jueves de diciembre,\" \/>\n\t<meta name=\"robots\" content=\"max-image-preview:large\" \/>\n\t<meta name=\"author\" content=\"El Digital de Asturias\"\/>\n\t<meta name=\"google-site-verification\" content=\"UA-38556648-1\" \/>\n\t<meta name=\"msvalidate.01\" content=\"7dfe9f3f1b24437ab69f4f2559babe99\" \/>\n\t<meta name=\"keywords\" content=\"revista de ocio\" \/>\n\t<link rel=\"canonical\" href=\"https:\/\/www.eldigitaldeasturias.com\/noticias\/febrero-el-miedo-de-los-galgos-llega-a-los-cines\/\" \/>\n\t<meta name=\"generator\" content=\"All in One SEO Pro (AIOSEO) 5.0.1\" \/>\n\t\t<meta property=\"og:locale\" content=\"es_ES\" \/>\n\t\t<meta property=\"og:site_name\" content=\"El Digital de Asturias\" \/>\n\t\t<meta property=\"og:type\" content=\"article\" \/>\n\t\t<meta property=\"og:title\" content=\"\u00abFebrero, el miedo de los galgos\u00bb llega a los cines - El Digital de Asturias\" \/>\n\t\t<meta property=\"og:description\" content=\"Barcelona, 30 nov (EFE).- El documental &quot;Febrero, el miedo de los galgos&quot; llega en las pr\u00f3ximas semanas a los cines de la mano de la cineasta catalana Irene Bl\u00e1nquez para denunciar el maltrato y abandono que sufren estos perros cuando acaba la temporada de caza. La cinta, que se proyectar\u00e1 todos los jueves de diciembre,\" \/>\n\t\t<meta property=\"og:url\" content=\"https:\/\/www.eldigitaldeasturias.com\/noticias\/febrero-el-miedo-de-los-galgos-llega-a-los-cines\/\" \/>\n\t\t<meta property=\"article:tag\" content=\"revista de ocio\" \/>\n\t\t<meta property=\"article:published_time\" content=\"2013-11-30T20:43:28+00:00\" \/>\n\t\t<meta property=\"article:modified_time\" content=\"2013-11-30T20:43:28+00:00\" \/>\n\t\t<meta property=\"article:publisher\" content=\"https:\/\/facebook.com\/eldigitaldeasturias\" \/>\n\t\t<meta name=\"twitter:card\" content=\"summary_large_image\" \/>\n\t\t<meta name=\"twitter:title\" content=\"\u00abFebrero, el miedo de los galgos\u00bb llega a los cines - El Digital de Asturias\" \/>\n\t\t<meta name=\"twitter:description\" content=\"Barcelona, 30 nov (EFE).- El documental &quot;Febrero, el miedo de los galgos&quot; llega en las pr\u00f3ximas semanas a los cines de la mano de la cineasta catalana Irene Bl\u00e1nquez para denunciar el maltrato y abandono que sufren estos perros cuando acaba la temporada de caza. La cinta, que se proyectar\u00e1 todos los jueves de diciembre,\" \/>\n\t\t<meta name=\"twitter:label1\" content=\"Escrito por\" \/>\n\t\t<meta name=\"twitter:data1\" content=\"El Digital de Asturias\" \/>\n\t\t<meta name=\"twitter:label2\" content=\"Tiempo de lectura estimado\" \/>\n\t\t<meta name=\"twitter:data2\" content=\"2 minutos\" \/>\n\t\t<script type=\"application\/ld+json\" class=\"aioseo-schema\">\n\t\t\t{\"@context\":\"https:\\\/\\\/schema.org\",\"@graph\":[{\"@type\":\"BlogPosting\",\"@id\":\"https:\\\/\\\/www.eldigitaldeasturias.com\\\/noticias\\\/febrero-el-miedo-de-los-galgos-llega-a-los-cines\\\/#blogposting\",\"name\":\"\\u00abFebrero, el miedo de los galgos\\u00bb llega a los cines - El Digital de Asturias\",\"headline\":\"\\u00abFebrero, el miedo de los galgos\\u00bb llega a los cines\",\"author\":{\"@id\":\"https:\\\/\\\/www.eldigitaldeasturias.com\\\/noticias\\\/author\\\/admin\\\/#author\"},\"publisher\":{\"@id\":\"https:\\\/\\\/www.eldigitaldeasturias.com\\\/noticias\\\/#organization\"},\"image\":{\"@type\":\"ImageObject\",\"url\":456306},\"datePublished\":\"2013-11-30T19:43:28+01:00\",\"dateModified\":\"2013-11-30T19:43:28+01:00\",\"inLanguage\":\"es-ES\",\"mainEntityOfPage\":{\"@id\":\"https:\\\/\\\/www.eldigitaldeasturias.com\\\/noticias\\\/febrero-el-miedo-de-los-galgos-llega-a-los-cines\\\/#webpage\"},\"isPartOf\":{\"@id\":\"https:\\\/\\\/www.eldigitaldeasturias.com\\\/noticias\\\/febrero-el-miedo-de-los-galgos-llega-a-los-cines\\\/#webpage\"},\"articleSection\":\"Revista de Ocio\"},{\"@type\":\"BreadcrumbList\",\"@id\":\"https:\\\/\\\/www.eldigitaldeasturias.com\\\/noticias\\\/febrero-el-miedo-de-los-galgos-llega-a-los-cines\\\/#breadcrumblist\",\"itemListElement\":[{\"@type\":\"ListItem\",\"@id\":\"https:\\\/\\\/www.eldigitaldeasturias.com\\\/noticias#listItem\",\"position\":1,\"name\":\"Home\",\"item\":\"https:\\\/\\\/www.eldigitaldeasturias.com\\\/noticias\",\"nextItem\":{\"@type\":\"ListItem\",\"@id\":\"https:\\\/\\\/www.eldigitaldeasturias.com\\\/noticias\\\/category\\\/revista-de-ocio\\\/#listItem\",\"name\":\"Revista de Ocio\"}},{\"@type\":\"ListItem\",\"@id\":\"https:\\\/\\\/www.eldigitaldeasturias.com\\\/noticias\\\/category\\\/revista-de-ocio\\\/#listItem\",\"position\":2,\"name\":\"Revista de Ocio\",\"item\":\"https:\\\/\\\/www.eldigitaldeasturias.com\\\/noticias\\\/category\\\/revista-de-ocio\\\/\",\"nextItem\":{\"@type\":\"ListItem\",\"@id\":\"https:\\\/\\\/www.eldigitaldeasturias.com\\\/noticias\\\/febrero-el-miedo-de-los-galgos-llega-a-los-cines\\\/#listItem\",\"name\":\"\\u00abFebrero, el miedo de los galgos\\u00bb llega a los cines\"},\"previousItem\":{\"@type\":\"ListItem\",\"@id\":\"https:\\\/\\\/www.eldigitaldeasturias.com\\\/noticias#listItem\",\"name\":\"Home\"}},{\"@type\":\"ListItem\",\"@id\":\"https:\\\/\\\/www.eldigitaldeasturias.com\\\/noticias\\\/febrero-el-miedo-de-los-galgos-llega-a-los-cines\\\/#listItem\",\"position\":3,\"name\":\"\\u00abFebrero, el miedo de los galgos\\u00bb llega a los cines\",\"previousItem\":{\"@type\":\"ListItem\",\"@id\":\"https:\\\/\\\/www.eldigitaldeasturias.com\\\/noticias\\\/category\\\/revista-de-ocio\\\/#listItem\",\"name\":\"Revista de Ocio\"}}]},{\"@type\":\"Organization\",\"@id\":\"https:\\\/\\\/www.eldigitaldeasturias.com\\\/noticias\\\/#organization\",\"name\":\"El Digital de Asturias\",\"description\":\"Hemeroteca\",\"url\":\"https:\\\/\\\/www.eldigitaldeasturias.com\\\/noticias\\\/\",\"email\":\"info@eldigitaldeasturias.com\",\"telephone\":\"+34652131393\",\"logo\":{\"@type\":\"ImageObject\",\"url\":\"https:\\\/\\\/www.eldigitaldeasturias.com\\\/noticias\\\/wp-content\\\/uploads\\\/2020\\\/12\\\/EDA.jpg\",\"@id\":\"https:\\\/\\\/www.eldigitaldeasturias.com\\\/noticias\\\/febrero-el-miedo-de-los-galgos-llega-a-los-cines\\\/#organizationLogo\"},\"image\":{\"@id\":\"https:\\\/\\\/www.eldigitaldeasturias.com\\\/noticias\\\/febrero-el-miedo-de-los-galgos-llega-a-los-cines\\\/#organizationLogo\"},\"sameAs\":[\"https:\\\/\\\/facebook.com\\\/eldigitaldeasturias\",\"https:\\\/\\\/www.youtube.com\\\/channel\\\/UCZP-2wLEB9Rv6erhFmqVnvg\"],\"address\":{\"@id\":\"https:\\\/\\\/www.eldigitaldeasturias.com\\\/noticias\\\/#postaladdress\",\"@type\":\"PostalAddress\",\"streetAddress\":\"san antonio 4\",\"postalCode\":\"33430\",\"addressLocality\":\"Cand\\u00e1s\",\"addressRegion\":\"Asturias\",\"addressCountry\":\"ES\"}},{\"@type\":\"Person\",\"@id\":\"https:\\\/\\\/www.eldigitaldeasturias.com\\\/noticias\\\/author\\\/admin\\\/#author\",\"url\":\"https:\\\/\\\/www.eldigitaldeasturias.com\\\/noticias\\\/author\\\/admin\\\/\",\"name\":\"El Digital de Asturias\",\"image\":{\"@type\":\"ImageObject\",\"@id\":\"https:\\\/\\\/www.eldigitaldeasturias.com\\\/noticias\\\/febrero-el-miedo-de-los-galgos-llega-a-los-cines\\\/#authorImage\",\"url\":\"https:\\\/\\\/secure.gravatar.com\\\/avatar\\\/df2aeffc32bcd13f8d26072ef8a91b623d677766deac7f97ca815868cd41bf5e?s=96&d=mm&r=g\",\"width\":96,\"height\":96,\"caption\":\"El Digital de Asturias\"}},{\"@type\":\"WebPage\",\"@id\":\"https:\\\/\\\/www.eldigitaldeasturias.com\\\/noticias\\\/febrero-el-miedo-de-los-galgos-llega-a-los-cines\\\/#webpage\",\"url\":\"https:\\\/\\\/www.eldigitaldeasturias.com\\\/noticias\\\/febrero-el-miedo-de-los-galgos-llega-a-los-cines\\\/\",\"name\":\"\\u00abFebrero, el miedo de los galgos\\u00bb llega a los cines - El Digital de Asturias\",\"description\":\"Barcelona, 30 nov (EFE).- El documental \\\"Febrero, el miedo de los galgos\\\" llega en las pr\\u00f3ximas semanas a los cines de la mano de la cineasta catalana Irene Bl\\u00e1nquez para denunciar el maltrato y abandono que sufren estos perros cuando acaba la temporada de caza. La cinta, que se proyectar\\u00e1 todos los jueves de diciembre,\",\"inLanguage\":\"es-ES\",\"isPartOf\":{\"@id\":\"https:\\\/\\\/www.eldigitaldeasturias.com\\\/noticias\\\/#website\"},\"breadcrumb\":{\"@id\":\"https:\\\/\\\/www.eldigitaldeasturias.com\\\/noticias\\\/febrero-el-miedo-de-los-galgos-llega-a-los-cines\\\/#breadcrumblist\"},\"author\":{\"@id\":\"https:\\\/\\\/www.eldigitaldeasturias.com\\\/noticias\\\/author\\\/admin\\\/#author\"},\"creator\":{\"@id\":\"https:\\\/\\\/www.eldigitaldeasturias.com\\\/noticias\\\/author\\\/admin\\\/#author\"},\"image\":{\"@type\":\"ImageObject\",\"url\":456306,\"@id\":\"https:\\\/\\\/www.eldigitaldeasturias.com\\\/noticias\\\/febrero-el-miedo-de-los-galgos-llega-a-los-cines\\\/#mainImage\"},\"primaryImageOfPage\":{\"@id\":\"https:\\\/\\\/www.eldigitaldeasturias.com\\\/noticias\\\/febrero-el-miedo-de-los-galgos-llega-a-los-cines\\\/#mainImage\"},\"datePublished\":\"2013-11-30T19:43:28+01:00\",\"dateModified\":\"2013-11-30T19:43:28+01:00\"},{\"@type\":\"WebSite\",\"@id\":\"https:\\\/\\\/www.eldigitaldeasturias.com\\\/noticias\\\/#website\",\"url\":\"https:\\\/\\\/www.eldigitaldeasturias.com\\\/noticias\\\/\",\"name\":\"El Digital de Asturias - Diario de actualidad y noticias\",\"alternateName\":\"El Digital de Asturias - Diario de actualidad y noticias\",\"description\":\"Hemeroteca\",\"inLanguage\":\"es-ES\",\"publisher\":{\"@id\":\"https:\\\/\\\/www.eldigitaldeasturias.com\\\/noticias\\\/#organization\"}}]}\n\t\t<\/script>\n\t\t<!-- All in One SEO Pro -->\r\n\t\t<title>\u00abFebrero, el miedo de los galgos\u00bb llega a los cines - El Digital de Asturias<\/title>\n\n","aioseo_head_json":{"title":"\u00abFebrero, el miedo de los galgos\u00bb llega a los cines - El Digital de Asturias","description":"Barcelona, 30 nov (EFE).- El documental \"Febrero, el miedo de los galgos\" llega en las pr\u00f3ximas semanas a los cines de la mano de la cineasta catalana Irene Bl\u00e1nquez para denunciar el maltrato y abandono que sufren estos perros cuando acaba la temporada de caza. La cinta, que se proyectar\u00e1 todos los jueves de diciembre,","canonical_url":"https:\/\/www.eldigitaldeasturias.com\/noticias\/febrero-el-miedo-de-los-galgos-llega-a-los-cines\/","robots":"max-image-preview:large","keywords":"revista de ocio","webmasterTools":{"google-site-verification":"UA-38556648-1","msvalidate.01":"7dfe9f3f1b24437ab69f4f2559babe99","miscellaneous":""},"schema":{"@context":"https:\/\/schema.org","@graph":[{"@type":"BlogPosting","@id":"https:\/\/www.eldigitaldeasturias.com\/noticias\/febrero-el-miedo-de-los-galgos-llega-a-los-cines\/#blogposting","name":"\u00abFebrero, el miedo de los galgos\u00bb llega a los cines - El Digital de Asturias","headline":"\u00abFebrero, el miedo de los galgos\u00bb llega a los cines","author":{"@id":"https:\/\/www.eldigitaldeasturias.com\/noticias\/author\/admin\/#author"},"publisher":{"@id":"https:\/\/www.eldigitaldeasturias.com\/noticias\/#organization"},"image":{"@type":"ImageObject","url":456306},"datePublished":"2013-11-30T19:43:28+01:00","dateModified":"2013-11-30T19:43:28+01:00","inLanguage":"es-ES","mainEntityOfPage":{"@id":"https:\/\/www.eldigitaldeasturias.com\/noticias\/febrero-el-miedo-de-los-galgos-llega-a-los-cines\/#webpage"},"isPartOf":{"@id":"https:\/\/www.eldigitaldeasturias.com\/noticias\/febrero-el-miedo-de-los-galgos-llega-a-los-cines\/#webpage"},"articleSection":"Revista de Ocio"},{"@type":"BreadcrumbList","@id":"https:\/\/www.eldigitaldeasturias.com\/noticias\/febrero-el-miedo-de-los-galgos-llega-a-los-cines\/#breadcrumblist","itemListElement":[{"@type":"ListItem","@id":"https:\/\/www.eldigitaldeasturias.com\/noticias#listItem","position":1,"name":"Home","item":"https:\/\/www.eldigitaldeasturias.com\/noticias","nextItem":{"@type":"ListItem","@id":"https:\/\/www.eldigitaldeasturias.com\/noticias\/category\/revista-de-ocio\/#listItem","name":"Revista de Ocio"}},{"@type":"ListItem","@id":"https:\/\/www.eldigitaldeasturias.com\/noticias\/category\/revista-de-ocio\/#listItem","position":2,"name":"Revista de Ocio","item":"https:\/\/www.eldigitaldeasturias.com\/noticias\/category\/revista-de-ocio\/","nextItem":{"@type":"ListItem","@id":"https:\/\/www.eldigitaldeasturias.com\/noticias\/febrero-el-miedo-de-los-galgos-llega-a-los-cines\/#listItem","name":"\u00abFebrero, el miedo de los galgos\u00bb llega a los cines"},"previousItem":{"@type":"ListItem","@id":"https:\/\/www.eldigitaldeasturias.com\/noticias#listItem","name":"Home"}},{"@type":"ListItem","@id":"https:\/\/www.eldigitaldeasturias.com\/noticias\/febrero-el-miedo-de-los-galgos-llega-a-los-cines\/#listItem","position":3,"name":"\u00abFebrero, el miedo de los galgos\u00bb llega a los cines","previousItem":{"@type":"ListItem","@id":"https:\/\/www.eldigitaldeasturias.com\/noticias\/category\/revista-de-ocio\/#listItem","name":"Revista de Ocio"}}]},{"@type":"Organization","@id":"https:\/\/www.eldigitaldeasturias.com\/noticias\/#organization","name":"El Digital de Asturias","description":"Hemeroteca","url":"https:\/\/www.eldigitaldeasturias.com\/noticias\/","email":"info@eldigitaldeasturias.com","telephone":"+34652131393","logo":{"@type":"ImageObject","url":"https:\/\/www.eldigitaldeasturias.com\/noticias\/wp-content\/uploads\/2020\/12\/EDA.jpg","@id":"https:\/\/www.eldigitaldeasturias.com\/noticias\/febrero-el-miedo-de-los-galgos-llega-a-los-cines\/#organizationLogo"},"image":{"@id":"https:\/\/www.eldigitaldeasturias.com\/noticias\/febrero-el-miedo-de-los-galgos-llega-a-los-cines\/#organizationLogo"},"sameAs":["https:\/\/facebook.com\/eldigitaldeasturias","https:\/\/www.youtube.com\/channel\/UCZP-2wLEB9Rv6erhFmqVnvg"],"address":{"@id":"https:\/\/www.eldigitaldeasturias.com\/noticias\/#postaladdress","@type":"PostalAddress","streetAddress":"san antonio 4","postalCode":"33430","addressLocality":"Cand\u00e1s","addressRegion":"Asturias","addressCountry":"ES"}},{"@type":"Person","@id":"https:\/\/www.eldigitaldeasturias.com\/noticias\/author\/admin\/#author","url":"https:\/\/www.eldigitaldeasturias.com\/noticias\/author\/admin\/","name":"El Digital de Asturias","image":{"@type":"ImageObject","@id":"https:\/\/www.eldigitaldeasturias.com\/noticias\/febrero-el-miedo-de-los-galgos-llega-a-los-cines\/#authorImage","url":"https:\/\/secure.gravatar.com\/avatar\/df2aeffc32bcd13f8d26072ef8a91b623d677766deac7f97ca815868cd41bf5e?s=96&d=mm&r=g","width":96,"height":96,"caption":"El Digital de Asturias"}},{"@type":"WebPage","@id":"https:\/\/www.eldigitaldeasturias.com\/noticias\/febrero-el-miedo-de-los-galgos-llega-a-los-cines\/#webpage","url":"https:\/\/www.eldigitaldeasturias.com\/noticias\/febrero-el-miedo-de-los-galgos-llega-a-los-cines\/","name":"\u00abFebrero, el miedo de los galgos\u00bb llega a los cines - El Digital de Asturias","description":"Barcelona, 30 nov (EFE).- El documental \"Febrero, el miedo de los galgos\" llega en las pr\u00f3ximas semanas a los cines de la mano de la cineasta catalana Irene Bl\u00e1nquez para denunciar el maltrato y abandono que sufren estos perros cuando acaba la temporada de caza. La cinta, que se proyectar\u00e1 todos los jueves de diciembre,","inLanguage":"es-ES","isPartOf":{"@id":"https:\/\/www.eldigitaldeasturias.com\/noticias\/#website"},"breadcrumb":{"@id":"https:\/\/www.eldigitaldeasturias.com\/noticias\/febrero-el-miedo-de-los-galgos-llega-a-los-cines\/#breadcrumblist"},"author":{"@id":"https:\/\/www.eldigitaldeasturias.com\/noticias\/author\/admin\/#author"},"creator":{"@id":"https:\/\/www.eldigitaldeasturias.com\/noticias\/author\/admin\/#author"},"image":{"@type":"ImageObject","url":456306,"@id":"https:\/\/www.eldigitaldeasturias.com\/noticias\/febrero-el-miedo-de-los-galgos-llega-a-los-cines\/#mainImage"},"primaryImageOfPage":{"@id":"https:\/\/www.eldigitaldeasturias.com\/noticias\/febrero-el-miedo-de-los-galgos-llega-a-los-cines\/#mainImage"},"datePublished":"2013-11-30T19:43:28+01:00","dateModified":"2013-11-30T19:43:28+01:00"},{"@type":"WebSite","@id":"https:\/\/www.eldigitaldeasturias.com\/noticias\/#website","url":"https:\/\/www.eldigitaldeasturias.com\/noticias\/","name":"El Digital de Asturias - Diario de actualidad y noticias","alternateName":"El Digital de Asturias - Diario de actualidad y noticias","description":"Hemeroteca","inLanguage":"es-ES","publisher":{"@id":"https:\/\/www.eldigitaldeasturias.com\/noticias\/#organization"}}]},"og:locale":"es_ES","og:site_name":"El Digital de Asturias","og:type":"article","og:title":"\u00abFebrero, el miedo de los galgos\u00bb llega a los cines - El Digital de Asturias","og:description":"Barcelona, 30 nov (EFE).- El documental &quot;Febrero, el miedo de los galgos&quot; llega en las pr\u00f3ximas semanas a los cines de la mano de la cineasta catalana Irene Bl\u00e1nquez para denunciar el maltrato y abandono que sufren estos perros cuando acaba la temporada de caza. La cinta, que se proyectar\u00e1 todos los jueves de diciembre,","og:url":"https:\/\/www.eldigitaldeasturias.com\/noticias\/febrero-el-miedo-de-los-galgos-llega-a-los-cines\/","article:tag":["revista de ocio"],"article:published_time":"2013-11-30T20:43:28+00:00","article:modified_time":"2013-11-30T20:43:28+00:00","article:publisher":"https:\/\/facebook.com\/eldigitaldeasturias","twitter:card":"summary_large_image","twitter:title":"\u00abFebrero, el miedo de los galgos\u00bb llega a los cines - El Digital de Asturias","twitter:description":"Barcelona, 30 nov (EFE).- El documental &quot;Febrero, el miedo de los galgos&quot; llega en las pr\u00f3ximas semanas a los cines de la mano de la cineasta catalana Irene Bl\u00e1nquez para denunciar el maltrato y abandono que sufren estos perros cuando acaba la temporada de caza. La cinta, que se proyectar\u00e1 todos los jueves de diciembre,","twitter:label1":"Escrito por","twitter:data1":"El Digital de Asturias","twitter:label2":"Tiempo de lectura estimado","twitter:data2":"2 minutos"},"aioseo_meta_data":{"post_id":"456305","title":null,"description":null,"keywords":null,"keyphrases":null,"primary_term":null,"canonical_url":null,"og_title":null,"og_description":null,"og_object_type":"default","og_image_type":"default","og_image_url":null,"og_image_width":null,"og_image_height":null,"og_image_custom_url":null,"og_image_custom_fields":null,"og_video":null,"og_custom_url":null,"og_article_section":null,"og_article_tags":null,"twitter_use_og":true,"twitter_card":"default","twitter_image_type":"default","twitter_image_url":null,"twitter_image_custom_url":null,"twitter_image_custom_fields":null,"twitter_title":null,"twitter_description":null,"schema":{"blockGraphs":[],"customGraphs":[],"default":{"data":{"Article":[],"Course":[],"Dataset":[],"FAQPage":[],"Movie":[],"Person":[],"Product":[],"ProductReview":[],"Car":[],"Recipe":[],"Service":[],"SoftwareApplication":[],"WebPage":[]},"graphName":"","isEnabled":true},"graphs":[],"defaultGraph":"","defaultPostTypeGraph":""},"schema_type":null,"schema_type_options":null,"pillar_content":false,"robots_default":true,"robots_noindex":false,"robots_noarchive":false,"robots_nosnippet":false,"robots_nofollow":false,"robots_noimageindex":false,"robots_noodp":false,"robots_notranslate":false,"robots_max_snippet":null,"robots_max_videopreview":null,"robots_max_imagepreview":"none","priority":null,"frequency":null,"local_seo":null,"seo_analyzer_scan_date":"2026-05-29 21:32:58","breadcrumb_settings":null,"limit_modified_date":false,"open_ai":null,"ai":null,"created":"2020-11-14 22:45:29","updated":"2026-05-29 21:32:58","focus_keyword":null,"additional_keywords":null,"truseo_locale":null},"aioseo_breadcrumb":"<div class=\"aioseo-breadcrumbs\"><span class=\"aioseo-breadcrumb\">\n\t<a href=\"https:\/\/www.eldigitaldeasturias.com\/noticias\" title=\"Home\">Home<\/a>\n<\/span><span class=\"aioseo-breadcrumb-separator\">\u2013<\/span><span class=\"aioseo-breadcrumb\">\n\t<a href=\"https:\/\/www.eldigitaldeasturias.com\/noticias\/category\/revista-de-ocio\/\" title=\"Revista de Ocio\">Revista de Ocio<\/a>\n<\/span><span class=\"aioseo-breadcrumb-separator\">\u2013<\/span><span class=\"aioseo-breadcrumb\">\n\t<a href=\"https:\/\/www.eldigitaldeasturias.com\/noticias\/febrero-el-miedo-de-los-galgos-llega-a-los-cines\/\" title=\"\u00abFebrero, el miedo de los galgos\u00bb llega a los cines\">\u00abFebrero, el miedo de los galgos\u00bb llega a los cines<\/a>\n<\/span><\/div>","aioseo_breadcrumb_json":[{"label":"Home","link":"https:\/\/www.eldigitaldeasturias.com\/noticias"},{"label":"Revista de Ocio","link":"https:\/\/www.eldigitaldeasturias.com\/noticias\/category\/revista-de-ocio\/"},{"label":"\u00abFebrero, el miedo de los galgos\u00bb llega a los cines","link":"https:\/\/www.eldigitaldeasturias.com\/noticias\/febrero-el-miedo-de-los-galgos-llega-a-los-cines\/"}],"_links":{"self":[{"href":"https:\/\/www.eldigitaldeasturias.com\/noticias\/wp-json\/wp\/v2\/posts\/456305","targetHints":{"allow":["GET"]}}],"collection":[{"href":"https:\/\/www.eldigitaldeasturias.com\/noticias\/wp-json\/wp\/v2\/posts"}],"about":[{"href":"https:\/\/www.eldigitaldeasturias.com\/noticias\/wp-json\/wp\/v2\/types\/post"}],"author":[{"embeddable":true,"href":"https:\/\/www.eldigitaldeasturias.com\/noticias\/wp-json\/wp\/v2\/users\/1"}],"replies":[{"embeddable":true,"href":"https:\/\/www.eldigitaldeasturias.com\/noticias\/wp-json\/wp\/v2\/comments?post=456305"}],"version-history":[{"count":0,"href":"https:\/\/www.eldigitaldeasturias.com\/noticias\/wp-json\/wp\/v2\/posts\/456305\/revisions"}],"wp:attachment":[{"href":"https:\/\/www.eldigitaldeasturias.com\/noticias\/wp-json\/wp\/v2\/media?parent=456305"}],"wp:term":[{"taxonomy":"category","embeddable":true,"href":"https:\/\/www.eldigitaldeasturias.com\/noticias\/wp-json\/wp\/v2\/categories?post=456305"},{"taxonomy":"post_tag","embeddable":true,"href":"https:\/\/www.eldigitaldeasturias.com\/noticias\/wp-json\/wp\/v2\/tags?post=456305"}],"curies":[{"name":"wp","href":"https:\/\/api.w.org\/{rel}","templated":true}]}}