{"id":456296,"date":"2013-11-30T19:36:27","date_gmt":"2013-11-30T20:36:27","guid":{"rendered":"http:\/\/www.eldigitaldeasturias.com\/noticias\/?p=456296"},"modified":"2013-11-30T19:36:27","modified_gmt":"2013-11-30T20:36:27","slug":"covite-pide-que-joseba-arregi-dirija-la-secretaria-de-paz-y-convivencia-vasca","status":"publish","type":"post","link":"https:\/\/www.eldigitaldeasturias.com\/noticias\/covite-pide-que-joseba-arregi-dirija-la-secretaria-de-paz-y-convivencia-vasca\/","title":{"rendered":"Covite pide que Joseba Arregi dirija la secretar\u00eda de Paz y Convivencia vasca"},"content":{"rendered":"<p><img loading=\"lazy\" decoding=\"async\" class=\"alignleft size-medium wp-image-456297\" alt=\"5763603w\" src=\"https:\/\/www.eldigitaldeasturias.com\/noticias\/wp-content\/uploads\/2013\/11\/5763603w-360x253.jpg\" width=\"360\" height=\"253\" \/>San Sebasti\u00e1n, 30 nov (EFE).- El Colectivo de V\u00edctimas del Terrorismo en el Pa\u00eds Vasco (Covite) ha pedido hoy al Gobierno Vasco que designe al exmiembro del PNV Joseba Arregi secretario general de Paz y Convivencia en sustituci\u00f3n de Jonan Fern\u00e1ndez con el objeto de \u00abreformular\u00bb el plan de paz y evitar el \u00abjuego de legitimaci\u00f3n de ETA y su entorno\u00bb.<\/p>\n<p>La vicepresidenta de Covite, Maite Pagazaurtundua, ha trasladado esta solicitud en el acto de presentaci\u00f3n del \u00abMapa del terror\u00bb en el que se documentan 600 asesinatos terroristas cometidos en Euskadi desde 1960 hasta 2009 y al que han asistido la expresidenta del PP vasco Mar\u00eda San Gil.<\/p>\n<p>Pagazaurtundua ha pedido al lehendakari, I\u00f1igo Urkullu, que \u00absustituya en el norte de su hoja de ruta a los asesinos de ETA por sus v\u00edctimas hasta que los primeros dejen de herir y humillar\u00bb con el \u00abnegacionismo que dehumaniza a los que mataron\u00bb.<\/p>\n<p>Por ello, ha reclamado al lehendakari que \u00abredise\u00f1e\u00bb los planes de paz para que sean acordes a la perspectiva de la Ley Reconocimiento y Reparaci\u00f3n a las V\u00edctimas del Terrorismo aprobada por el Parlamento Vasco en 2008 y que continua vigente.<\/p>\n<p>Para este cometido ha considerado que debe designar a Joseba Arregi, exconsejero del Gobierno Vasco con el PNV y exmilitante de este partido, porque cuenta con un \u00abcurr\u00edculum m\u00e1s ajustado y pertinente, conocida su firme determinaci\u00f3n de escapar de la banalizaci\u00f3n\u00bb del terrorismo.<\/p>\n<p>Covite cree que Arregi podr\u00eda \u00abreformular el marco te\u00f3rico de actuaciones y el redise\u00f1o\u00bb de los planes de paz \u00abde forma que la sociedad vasca se llegue a convertir en un ejemplo\u00bb.<\/p>\n<p>\u00abEl Estado puede utilizar la ley o no hacerlo para evitar el gran juego de legitimaci\u00f3n de ETA y su entorno\u00bb, ha se\u00f1alado Pagazaurtundua, quien ha advertido de que si \u00abno usa las leyes para combatir este juego il\u00edcito lo fiar\u00e1 todo a una posible dulce derrota en la arena pol\u00edtica\u00bb.<\/p>\n<p>Durante su intervenci\u00f3n Pagazaurtundua ha insistido en la existencia de un esquema \u00abpaz por presos\u00bb que ahora \u00abse va denominando convivencia por presos\u00bb y que, a su juicio, es \u00abuna tela de ara\u00f1a que engulle la verdad de las v\u00edctimas y su derecho a la justicia y la reparaci\u00f3n\u00bb.<\/p>\n<p>Ha remarcado la necesidad de trabajar por la reparaci\u00f3n, el respeto de la dignidad, la verdad y la memoria como derechos fundamentales de las v\u00edctimas \u00abadem\u00e1s de reconocer formalmente su significado pol\u00edtico\u00bb.<\/p>\n<p>El \u00abMapa del terror\u00bb se ha presentado en el marco de las XII Jornadas de V\u00edctimas del Terrorismo que Covite inaugur\u00f3 ayer bajo el lema \u00abLa verdad que cura\u00bb y que concluyen hoy.<\/p>\n<p>Este mapa es una herramienta multimedia que se har\u00e1 p\u00fablica en la pagina de Covite a partir del 9 de diciembre en el que se aporta la identidad, el lugar y las circunstancias en las que fueron asesinadas las 573 v\u00edctimas de ETA en el Pa\u00eds Vasco as\u00ed como las de los GAL, el Batall\u00f3n Vasco Espa\u00f1ol, la Tripe A, Jarrai, Mendeku, la extrema derecha y los Grupos Armados Espa\u00f1oles (GAE).<\/p>\n<p>Entre las v\u00edctimas del terrorismo en Euskadi figuran 156 guardias civiles, 149 polic\u00edas, 49 militares y 256 civiles.<\/p>\n<p>En reconocimiento al \u00abcolectivo m\u00e1s castigado\u00bb por el terrorismo, Covite ha entregado una placa conmemorativa a un representante de la Asociaci\u00f3n de Cuerpos y Fuerzas de Seguridad del Estado V\u00edctimas del Terrorismo (ACFSEVT).<\/p>\n","protected":false},"excerpt":{"rendered":"<p>San Sebasti\u00e1n, 30 nov (EFE).- El Colectivo de V\u00edctimas del Terrorismo en el Pa\u00eds Vasco (Covite) ha pedido hoy al Gobierno Vasco que designe al exmiembro del PNV Joseba Arregi secretario general de Paz y Convivencia en sustituci\u00f3n de Jonan Fern\u00e1ndez con el objeto de \u00abreformular\u00bb el plan de paz y evitar el \u00abjuego de [&hellip;]<\/p>\n","protected":false},"author":1,"featured_media":456297,"comment_status":"closed","ping_status":"open","sticky":false,"template":"","format":"standard","meta":{"footnotes":""},"categories":[28],"tags":[],"class_list":["post-456296","post","type-post","status-publish","format-standard","has-post-thumbnail","hentry","category-sociedad"],"aioseo_notices":[],"aioseo_head":"\n\t\t<!-- All in One SEO Pro 5.0.1 - aioseo.com -->\n\t<meta name=\"description\" content=\"San Sebasti\u00e1n, 30 nov (EFE).- El Colectivo de V\u00edctimas del Terrorismo en el Pa\u00eds Vasco (Covite) ha pedido hoy al Gobierno Vasco que designe al exmiembro del PNV Joseba Arregi secretario general de Paz y Convivencia en sustituci\u00f3n de Jonan Fern\u00e1ndez con el objeto de &quot;reformular&quot; el plan de paz y evitar el &quot;juego de\" \/>\n\t<meta name=\"robots\" content=\"max-image-preview:large\" \/>\n\t<meta name=\"author\" content=\"El Digital de Asturias\"\/>\n\t<meta name=\"google-site-verification\" content=\"UA-38556648-1\" \/>\n\t<meta name=\"msvalidate.01\" content=\"7dfe9f3f1b24437ab69f4f2559babe99\" \/>\n\t<meta name=\"keywords\" content=\"sociedad\" \/>\n\t<link rel=\"canonical\" href=\"https:\/\/www.eldigitaldeasturias.com\/noticias\/covite-pide-que-joseba-arregi-dirija-la-secretaria-de-paz-y-convivencia-vasca\/\" \/>\n\t<meta name=\"generator\" content=\"All in One SEO Pro (AIOSEO) 5.0.1\" \/>\n\t\t<meta property=\"og:locale\" content=\"es_ES\" \/>\n\t\t<meta property=\"og:site_name\" content=\"El Digital de Asturias\" \/>\n\t\t<meta property=\"og:type\" content=\"article\" \/>\n\t\t<meta property=\"og:title\" content=\"Covite pide que Joseba Arregi dirija la secretar\u00eda de Paz y Convivencia vasca - El Digital de Asturias\" \/>\n\t\t<meta property=\"og:description\" content=\"San Sebasti\u00e1n, 30 nov (EFE).- El Colectivo de V\u00edctimas del Terrorismo en el Pa\u00eds Vasco (Covite) ha pedido hoy al Gobierno Vasco que designe al exmiembro del PNV Joseba Arregi secretario general de Paz y Convivencia en sustituci\u00f3n de Jonan Fern\u00e1ndez con el objeto de &quot;reformular&quot; el plan de paz y evitar el &quot;juego de\" \/>\n\t\t<meta property=\"og:url\" content=\"https:\/\/www.eldigitaldeasturias.com\/noticias\/covite-pide-que-joseba-arregi-dirija-la-secretaria-de-paz-y-convivencia-vasca\/\" \/>\n\t\t<meta property=\"article:tag\" content=\"sociedad\" \/>\n\t\t<meta property=\"article:published_time\" content=\"2013-11-30T20:36:27+00:00\" \/>\n\t\t<meta property=\"article:modified_time\" content=\"2013-11-30T20:36:27+00:00\" \/>\n\t\t<meta property=\"article:publisher\" content=\"https:\/\/facebook.com\/eldigitaldeasturias\" \/>\n\t\t<meta name=\"twitter:card\" content=\"summary_large_image\" \/>\n\t\t<meta name=\"twitter:title\" content=\"Covite pide que Joseba Arregi dirija la secretar\u00eda de Paz y Convivencia vasca - El Digital de Asturias\" \/>\n\t\t<meta name=\"twitter:description\" content=\"San Sebasti\u00e1n, 30 nov (EFE).- El Colectivo de V\u00edctimas del Terrorismo en el Pa\u00eds Vasco (Covite) ha pedido hoy al Gobierno Vasco que designe al exmiembro del PNV Joseba Arregi secretario general de Paz y Convivencia en sustituci\u00f3n de Jonan Fern\u00e1ndez con el objeto de &quot;reformular&quot; el plan de paz y evitar el &quot;juego de\" \/>\n\t\t<meta name=\"twitter:label1\" content=\"Escrito por\" \/>\n\t\t<meta name=\"twitter:data1\" content=\"El Digital de Asturias\" \/>\n\t\t<meta name=\"twitter:label2\" content=\"Tiempo de lectura estimado\" \/>\n\t\t<meta name=\"twitter:data2\" content=\"3 minutos\" \/>\n\t\t<script type=\"application\/ld+json\" class=\"aioseo-schema\">\n\t\t\t{\"@context\":\"https:\\\/\\\/schema.org\",\"@graph\":[{\"@type\":\"BlogPosting\",\"@id\":\"https:\\\/\\\/www.eldigitaldeasturias.com\\\/noticias\\\/covite-pide-que-joseba-arregi-dirija-la-secretaria-de-paz-y-convivencia-vasca\\\/#blogposting\",\"name\":\"Covite pide que Joseba Arregi dirija la secretar\\u00eda de Paz y Convivencia vasca - El Digital de Asturias\",\"headline\":\"Covite pide que Joseba Arregi dirija la secretar\\u00eda de Paz y Convivencia vasca\",\"author\":{\"@id\":\"https:\\\/\\\/www.eldigitaldeasturias.com\\\/noticias\\\/author\\\/admin\\\/#author\"},\"publisher\":{\"@id\":\"https:\\\/\\\/www.eldigitaldeasturias.com\\\/noticias\\\/#organization\"},\"image\":{\"@type\":\"ImageObject\",\"url\":456297},\"datePublished\":\"2013-11-30T19:36:27+01:00\",\"dateModified\":\"2013-11-30T19:36:27+01:00\",\"inLanguage\":\"es-ES\",\"mainEntityOfPage\":{\"@id\":\"https:\\\/\\\/www.eldigitaldeasturias.com\\\/noticias\\\/covite-pide-que-joseba-arregi-dirija-la-secretaria-de-paz-y-convivencia-vasca\\\/#webpage\"},\"isPartOf\":{\"@id\":\"https:\\\/\\\/www.eldigitaldeasturias.com\\\/noticias\\\/covite-pide-que-joseba-arregi-dirija-la-secretaria-de-paz-y-convivencia-vasca\\\/#webpage\"},\"articleSection\":\"Sociedad\"},{\"@type\":\"BreadcrumbList\",\"@id\":\"https:\\\/\\\/www.eldigitaldeasturias.com\\\/noticias\\\/covite-pide-que-joseba-arregi-dirija-la-secretaria-de-paz-y-convivencia-vasca\\\/#breadcrumblist\",\"itemListElement\":[{\"@type\":\"ListItem\",\"@id\":\"https:\\\/\\\/www.eldigitaldeasturias.com\\\/noticias#listItem\",\"position\":1,\"name\":\"Home\",\"item\":\"https:\\\/\\\/www.eldigitaldeasturias.com\\\/noticias\",\"nextItem\":{\"@type\":\"ListItem\",\"@id\":\"https:\\\/\\\/www.eldigitaldeasturias.com\\\/noticias\\\/category\\\/sociedad\\\/#listItem\",\"name\":\"Sociedad\"}},{\"@type\":\"ListItem\",\"@id\":\"https:\\\/\\\/www.eldigitaldeasturias.com\\\/noticias\\\/category\\\/sociedad\\\/#listItem\",\"position\":2,\"name\":\"Sociedad\",\"item\":\"https:\\\/\\\/www.eldigitaldeasturias.com\\\/noticias\\\/category\\\/sociedad\\\/\",\"nextItem\":{\"@type\":\"ListItem\",\"@id\":\"https:\\\/\\\/www.eldigitaldeasturias.com\\\/noticias\\\/covite-pide-que-joseba-arregi-dirija-la-secretaria-de-paz-y-convivencia-vasca\\\/#listItem\",\"name\":\"Covite pide que Joseba Arregi dirija la secretar\\u00eda de Paz y Convivencia vasca\"},\"previousItem\":{\"@type\":\"ListItem\",\"@id\":\"https:\\\/\\\/www.eldigitaldeasturias.com\\\/noticias#listItem\",\"name\":\"Home\"}},{\"@type\":\"ListItem\",\"@id\":\"https:\\\/\\\/www.eldigitaldeasturias.com\\\/noticias\\\/covite-pide-que-joseba-arregi-dirija-la-secretaria-de-paz-y-convivencia-vasca\\\/#listItem\",\"position\":3,\"name\":\"Covite pide que Joseba Arregi dirija la secretar\\u00eda de Paz y Convivencia vasca\",\"previousItem\":{\"@type\":\"ListItem\",\"@id\":\"https:\\\/\\\/www.eldigitaldeasturias.com\\\/noticias\\\/category\\\/sociedad\\\/#listItem\",\"name\":\"Sociedad\"}}]},{\"@type\":\"Organization\",\"@id\":\"https:\\\/\\\/www.eldigitaldeasturias.com\\\/noticias\\\/#organization\",\"name\":\"El Digital de Asturias\",\"description\":\"Hemeroteca\",\"url\":\"https:\\\/\\\/www.eldigitaldeasturias.com\\\/noticias\\\/\",\"email\":\"info@eldigitaldeasturias.com\",\"telephone\":\"+34652131393\",\"logo\":{\"@type\":\"ImageObject\",\"url\":\"https:\\\/\\\/www.eldigitaldeasturias.com\\\/noticias\\\/wp-content\\\/uploads\\\/2020\\\/12\\\/EDA.jpg\",\"@id\":\"https:\\\/\\\/www.eldigitaldeasturias.com\\\/noticias\\\/covite-pide-que-joseba-arregi-dirija-la-secretaria-de-paz-y-convivencia-vasca\\\/#organizationLogo\"},\"image\":{\"@id\":\"https:\\\/\\\/www.eldigitaldeasturias.com\\\/noticias\\\/covite-pide-que-joseba-arregi-dirija-la-secretaria-de-paz-y-convivencia-vasca\\\/#organizationLogo\"},\"sameAs\":[\"https:\\\/\\\/facebook.com\\\/eldigitaldeasturias\",\"https:\\\/\\\/www.youtube.com\\\/channel\\\/UCZP-2wLEB9Rv6erhFmqVnvg\"],\"address\":{\"@id\":\"https:\\\/\\\/www.eldigitaldeasturias.com\\\/noticias\\\/#postaladdress\",\"@type\":\"PostalAddress\",\"streetAddress\":\"san antonio 4\",\"postalCode\":\"33430\",\"addressLocality\":\"Cand\\u00e1s\",\"addressRegion\":\"Asturias\",\"addressCountry\":\"ES\"}},{\"@type\":\"Person\",\"@id\":\"https:\\\/\\\/www.eldigitaldeasturias.com\\\/noticias\\\/author\\\/admin\\\/#author\",\"url\":\"https:\\\/\\\/www.eldigitaldeasturias.com\\\/noticias\\\/author\\\/admin\\\/\",\"name\":\"El Digital de Asturias\",\"image\":{\"@type\":\"ImageObject\",\"@id\":\"https:\\\/\\\/www.eldigitaldeasturias.com\\\/noticias\\\/covite-pide-que-joseba-arregi-dirija-la-secretaria-de-paz-y-convivencia-vasca\\\/#authorImage\",\"url\":\"https:\\\/\\\/secure.gravatar.com\\\/avatar\\\/df2aeffc32bcd13f8d26072ef8a91b623d677766deac7f97ca815868cd41bf5e?s=96&d=mm&r=g\",\"width\":96,\"height\":96,\"caption\":\"El Digital de Asturias\"}},{\"@type\":\"WebPage\",\"@id\":\"https:\\\/\\\/www.eldigitaldeasturias.com\\\/noticias\\\/covite-pide-que-joseba-arregi-dirija-la-secretaria-de-paz-y-convivencia-vasca\\\/#webpage\",\"url\":\"https:\\\/\\\/www.eldigitaldeasturias.com\\\/noticias\\\/covite-pide-que-joseba-arregi-dirija-la-secretaria-de-paz-y-convivencia-vasca\\\/\",\"name\":\"Covite pide que Joseba Arregi dirija la secretar\\u00eda de Paz y Convivencia vasca - El Digital de Asturias\",\"description\":\"San Sebasti\\u00e1n, 30 nov (EFE).- El Colectivo de V\\u00edctimas del Terrorismo en el Pa\\u00eds Vasco (Covite) ha pedido hoy al Gobierno Vasco que designe al exmiembro del PNV Joseba Arregi secretario general de Paz y Convivencia en sustituci\\u00f3n de Jonan Fern\\u00e1ndez con el objeto de \\\"reformular\\\" el plan de paz y evitar el \\\"juego de\",\"inLanguage\":\"es-ES\",\"isPartOf\":{\"@id\":\"https:\\\/\\\/www.eldigitaldeasturias.com\\\/noticias\\\/#website\"},\"breadcrumb\":{\"@id\":\"https:\\\/\\\/www.eldigitaldeasturias.com\\\/noticias\\\/covite-pide-que-joseba-arregi-dirija-la-secretaria-de-paz-y-convivencia-vasca\\\/#breadcrumblist\"},\"author\":{\"@id\":\"https:\\\/\\\/www.eldigitaldeasturias.com\\\/noticias\\\/author\\\/admin\\\/#author\"},\"creator\":{\"@id\":\"https:\\\/\\\/www.eldigitaldeasturias.com\\\/noticias\\\/author\\\/admin\\\/#author\"},\"image\":{\"@type\":\"ImageObject\",\"url\":456297,\"@id\":\"https:\\\/\\\/www.eldigitaldeasturias.com\\\/noticias\\\/covite-pide-que-joseba-arregi-dirija-la-secretaria-de-paz-y-convivencia-vasca\\\/#mainImage\"},\"primaryImageOfPage\":{\"@id\":\"https:\\\/\\\/www.eldigitaldeasturias.com\\\/noticias\\\/covite-pide-que-joseba-arregi-dirija-la-secretaria-de-paz-y-convivencia-vasca\\\/#mainImage\"},\"datePublished\":\"2013-11-30T19:36:27+01:00\",\"dateModified\":\"2013-11-30T19:36:27+01:00\"},{\"@type\":\"WebSite\",\"@id\":\"https:\\\/\\\/www.eldigitaldeasturias.com\\\/noticias\\\/#website\",\"url\":\"https:\\\/\\\/www.eldigitaldeasturias.com\\\/noticias\\\/\",\"name\":\"El Digital de Asturias - Diario de actualidad y noticias\",\"alternateName\":\"El Digital de Asturias - Diario de actualidad y noticias\",\"description\":\"Hemeroteca\",\"inLanguage\":\"es-ES\",\"publisher\":{\"@id\":\"https:\\\/\\\/www.eldigitaldeasturias.com\\\/noticias\\\/#organization\"}}]}\n\t\t<\/script>\n\t\t<!-- All in One SEO Pro -->\r\n\t\t<title>Covite pide que Joseba Arregi dirija la secretar\u00eda de Paz y Convivencia vasca - El Digital de Asturias<\/title>\n\n","aioseo_head_json":{"title":"Covite pide que Joseba Arregi dirija la secretar\u00eda de Paz y Convivencia vasca - El Digital de Asturias","description":"San Sebasti\u00e1n, 30 nov (EFE).- El Colectivo de V\u00edctimas del Terrorismo en el Pa\u00eds Vasco (Covite) ha pedido hoy al Gobierno Vasco que designe al exmiembro del PNV Joseba Arregi secretario general de Paz y Convivencia en sustituci\u00f3n de Jonan Fern\u00e1ndez con el objeto de \"reformular\" el plan de paz y evitar el \"juego de","canonical_url":"https:\/\/www.eldigitaldeasturias.com\/noticias\/covite-pide-que-joseba-arregi-dirija-la-secretaria-de-paz-y-convivencia-vasca\/","robots":"max-image-preview:large","keywords":"sociedad","webmasterTools":{"google-site-verification":"UA-38556648-1","msvalidate.01":"7dfe9f3f1b24437ab69f4f2559babe99","miscellaneous":""},"schema":{"@context":"https:\/\/schema.org","@graph":[{"@type":"BlogPosting","@id":"https:\/\/www.eldigitaldeasturias.com\/noticias\/covite-pide-que-joseba-arregi-dirija-la-secretaria-de-paz-y-convivencia-vasca\/#blogposting","name":"Covite pide que Joseba Arregi dirija la secretar\u00eda de Paz y Convivencia vasca - El Digital de Asturias","headline":"Covite pide que Joseba Arregi dirija la secretar\u00eda de Paz y Convivencia vasca","author":{"@id":"https:\/\/www.eldigitaldeasturias.com\/noticias\/author\/admin\/#author"},"publisher":{"@id":"https:\/\/www.eldigitaldeasturias.com\/noticias\/#organization"},"image":{"@type":"ImageObject","url":456297},"datePublished":"2013-11-30T19:36:27+01:00","dateModified":"2013-11-30T19:36:27+01:00","inLanguage":"es-ES","mainEntityOfPage":{"@id":"https:\/\/www.eldigitaldeasturias.com\/noticias\/covite-pide-que-joseba-arregi-dirija-la-secretaria-de-paz-y-convivencia-vasca\/#webpage"},"isPartOf":{"@id":"https:\/\/www.eldigitaldeasturias.com\/noticias\/covite-pide-que-joseba-arregi-dirija-la-secretaria-de-paz-y-convivencia-vasca\/#webpage"},"articleSection":"Sociedad"},{"@type":"BreadcrumbList","@id":"https:\/\/www.eldigitaldeasturias.com\/noticias\/covite-pide-que-joseba-arregi-dirija-la-secretaria-de-paz-y-convivencia-vasca\/#breadcrumblist","itemListElement":[{"@type":"ListItem","@id":"https:\/\/www.eldigitaldeasturias.com\/noticias#listItem","position":1,"name":"Home","item":"https:\/\/www.eldigitaldeasturias.com\/noticias","nextItem":{"@type":"ListItem","@id":"https:\/\/www.eldigitaldeasturias.com\/noticias\/category\/sociedad\/#listItem","name":"Sociedad"}},{"@type":"ListItem","@id":"https:\/\/www.eldigitaldeasturias.com\/noticias\/category\/sociedad\/#listItem","position":2,"name":"Sociedad","item":"https:\/\/www.eldigitaldeasturias.com\/noticias\/category\/sociedad\/","nextItem":{"@type":"ListItem","@id":"https:\/\/www.eldigitaldeasturias.com\/noticias\/covite-pide-que-joseba-arregi-dirija-la-secretaria-de-paz-y-convivencia-vasca\/#listItem","name":"Covite pide que Joseba Arregi dirija la secretar\u00eda de Paz y Convivencia vasca"},"previousItem":{"@type":"ListItem","@id":"https:\/\/www.eldigitaldeasturias.com\/noticias#listItem","name":"Home"}},{"@type":"ListItem","@id":"https:\/\/www.eldigitaldeasturias.com\/noticias\/covite-pide-que-joseba-arregi-dirija-la-secretaria-de-paz-y-convivencia-vasca\/#listItem","position":3,"name":"Covite pide que Joseba Arregi dirija la secretar\u00eda de Paz y Convivencia vasca","previousItem":{"@type":"ListItem","@id":"https:\/\/www.eldigitaldeasturias.com\/noticias\/category\/sociedad\/#listItem","name":"Sociedad"}}]},{"@type":"Organization","@id":"https:\/\/www.eldigitaldeasturias.com\/noticias\/#organization","name":"El Digital de Asturias","description":"Hemeroteca","url":"https:\/\/www.eldigitaldeasturias.com\/noticias\/","email":"info@eldigitaldeasturias.com","telephone":"+34652131393","logo":{"@type":"ImageObject","url":"https:\/\/www.eldigitaldeasturias.com\/noticias\/wp-content\/uploads\/2020\/12\/EDA.jpg","@id":"https:\/\/www.eldigitaldeasturias.com\/noticias\/covite-pide-que-joseba-arregi-dirija-la-secretaria-de-paz-y-convivencia-vasca\/#organizationLogo"},"image":{"@id":"https:\/\/www.eldigitaldeasturias.com\/noticias\/covite-pide-que-joseba-arregi-dirija-la-secretaria-de-paz-y-convivencia-vasca\/#organizationLogo"},"sameAs":["https:\/\/facebook.com\/eldigitaldeasturias","https:\/\/www.youtube.com\/channel\/UCZP-2wLEB9Rv6erhFmqVnvg"],"address":{"@id":"https:\/\/www.eldigitaldeasturias.com\/noticias\/#postaladdress","@type":"PostalAddress","streetAddress":"san antonio 4","postalCode":"33430","addressLocality":"Cand\u00e1s","addressRegion":"Asturias","addressCountry":"ES"}},{"@type":"Person","@id":"https:\/\/www.eldigitaldeasturias.com\/noticias\/author\/admin\/#author","url":"https:\/\/www.eldigitaldeasturias.com\/noticias\/author\/admin\/","name":"El Digital de Asturias","image":{"@type":"ImageObject","@id":"https:\/\/www.eldigitaldeasturias.com\/noticias\/covite-pide-que-joseba-arregi-dirija-la-secretaria-de-paz-y-convivencia-vasca\/#authorImage","url":"https:\/\/secure.gravatar.com\/avatar\/df2aeffc32bcd13f8d26072ef8a91b623d677766deac7f97ca815868cd41bf5e?s=96&d=mm&r=g","width":96,"height":96,"caption":"El Digital de Asturias"}},{"@type":"WebPage","@id":"https:\/\/www.eldigitaldeasturias.com\/noticias\/covite-pide-que-joseba-arregi-dirija-la-secretaria-de-paz-y-convivencia-vasca\/#webpage","url":"https:\/\/www.eldigitaldeasturias.com\/noticias\/covite-pide-que-joseba-arregi-dirija-la-secretaria-de-paz-y-convivencia-vasca\/","name":"Covite pide que Joseba Arregi dirija la secretar\u00eda de Paz y Convivencia vasca - El Digital de Asturias","description":"San Sebasti\u00e1n, 30 nov (EFE).- El Colectivo de V\u00edctimas del Terrorismo en el Pa\u00eds Vasco (Covite) ha pedido hoy al Gobierno Vasco que designe al exmiembro del PNV Joseba Arregi secretario general de Paz y Convivencia en sustituci\u00f3n de Jonan Fern\u00e1ndez con el objeto de \"reformular\" el plan de paz y evitar el \"juego de","inLanguage":"es-ES","isPartOf":{"@id":"https:\/\/www.eldigitaldeasturias.com\/noticias\/#website"},"breadcrumb":{"@id":"https:\/\/www.eldigitaldeasturias.com\/noticias\/covite-pide-que-joseba-arregi-dirija-la-secretaria-de-paz-y-convivencia-vasca\/#breadcrumblist"},"author":{"@id":"https:\/\/www.eldigitaldeasturias.com\/noticias\/author\/admin\/#author"},"creator":{"@id":"https:\/\/www.eldigitaldeasturias.com\/noticias\/author\/admin\/#author"},"image":{"@type":"ImageObject","url":456297,"@id":"https:\/\/www.eldigitaldeasturias.com\/noticias\/covite-pide-que-joseba-arregi-dirija-la-secretaria-de-paz-y-convivencia-vasca\/#mainImage"},"primaryImageOfPage":{"@id":"https:\/\/www.eldigitaldeasturias.com\/noticias\/covite-pide-que-joseba-arregi-dirija-la-secretaria-de-paz-y-convivencia-vasca\/#mainImage"},"datePublished":"2013-11-30T19:36:27+01:00","dateModified":"2013-11-30T19:36:27+01:00"},{"@type":"WebSite","@id":"https:\/\/www.eldigitaldeasturias.com\/noticias\/#website","url":"https:\/\/www.eldigitaldeasturias.com\/noticias\/","name":"El Digital de Asturias - Diario de actualidad y noticias","alternateName":"El Digital de Asturias - Diario de actualidad y noticias","description":"Hemeroteca","inLanguage":"es-ES","publisher":{"@id":"https:\/\/www.eldigitaldeasturias.com\/noticias\/#organization"}}]},"og:locale":"es_ES","og:site_name":"El Digital de Asturias","og:type":"article","og:title":"Covite pide que Joseba Arregi dirija la secretar\u00eda de Paz y Convivencia vasca - El Digital de Asturias","og:description":"San Sebasti\u00e1n, 30 nov (EFE).- El Colectivo de V\u00edctimas del Terrorismo en el Pa\u00eds Vasco (Covite) ha pedido hoy al Gobierno Vasco que designe al exmiembro del PNV Joseba Arregi secretario general de Paz y Convivencia en sustituci\u00f3n de Jonan Fern\u00e1ndez con el objeto de &quot;reformular&quot; el plan de paz y evitar el &quot;juego de","og:url":"https:\/\/www.eldigitaldeasturias.com\/noticias\/covite-pide-que-joseba-arregi-dirija-la-secretaria-de-paz-y-convivencia-vasca\/","article:tag":["sociedad"],"article:published_time":"2013-11-30T20:36:27+00:00","article:modified_time":"2013-11-30T20:36:27+00:00","article:publisher":"https:\/\/facebook.com\/eldigitaldeasturias","twitter:card":"summary_large_image","twitter:title":"Covite pide que Joseba Arregi dirija la secretar\u00eda de Paz y Convivencia vasca - El Digital de Asturias","twitter:description":"San Sebasti\u00e1n, 30 nov (EFE).- El Colectivo de V\u00edctimas del Terrorismo en el Pa\u00eds Vasco (Covite) ha pedido hoy al Gobierno Vasco que designe al exmiembro del PNV Joseba Arregi secretario general de Paz y Convivencia en sustituci\u00f3n de Jonan Fern\u00e1ndez con el objeto de &quot;reformular&quot; el plan de paz y evitar el &quot;juego de","twitter:label1":"Escrito por","twitter:data1":"El Digital de Asturias","twitter:label2":"Tiempo de lectura estimado","twitter:data2":"3 minutos"},"aioseo_meta_data":{"post_id":"456296","title":null,"description":null,"keywords":null,"keyphrases":null,"primary_term":null,"canonical_url":null,"og_title":null,"og_description":null,"og_object_type":"default","og_image_type":"default","og_image_url":null,"og_image_width":null,"og_image_height":null,"og_image_custom_url":null,"og_image_custom_fields":null,"og_video":null,"og_custom_url":null,"og_article_section":null,"og_article_tags":null,"twitter_use_og":true,"twitter_card":"default","twitter_image_type":"default","twitter_image_url":null,"twitter_image_custom_url":null,"twitter_image_custom_fields":null,"twitter_title":null,"twitter_description":null,"schema":{"blockGraphs":[],"customGraphs":[],"default":{"data":{"Article":[],"Course":[],"Dataset":[],"FAQPage":[],"Movie":[],"Person":[],"Product":[],"ProductReview":[],"Car":[],"Recipe":[],"Service":[],"SoftwareApplication":[],"WebPage":[]},"graphName":"","isEnabled":true},"graphs":[],"defaultGraph":"","defaultPostTypeGraph":""},"schema_type":null,"schema_type_options":null,"pillar_content":false,"robots_default":true,"robots_noindex":false,"robots_noarchive":false,"robots_nosnippet":false,"robots_nofollow":false,"robots_noimageindex":false,"robots_noodp":false,"robots_notranslate":false,"robots_max_snippet":null,"robots_max_videopreview":null,"robots_max_imagepreview":"none","priority":null,"frequency":null,"local_seo":null,"seo_analyzer_scan_date":"2026-05-29 21:30:57","breadcrumb_settings":null,"limit_modified_date":false,"open_ai":null,"ai":null,"created":"2020-11-14 22:45:29","updated":"2026-05-29 21:30:57","focus_keyword":null,"additional_keywords":null,"truseo_locale":null},"aioseo_breadcrumb":"<div class=\"aioseo-breadcrumbs\"><span class=\"aioseo-breadcrumb\">\n\t<a href=\"https:\/\/www.eldigitaldeasturias.com\/noticias\" title=\"Home\">Home<\/a>\n<\/span><span class=\"aioseo-breadcrumb-separator\">\u2013<\/span><span class=\"aioseo-breadcrumb\">\n\t<a href=\"https:\/\/www.eldigitaldeasturias.com\/noticias\/category\/sociedad\/\" title=\"Sociedad\">Sociedad<\/a>\n<\/span><span class=\"aioseo-breadcrumb-separator\">\u2013<\/span><span class=\"aioseo-breadcrumb\">\n\t<a href=\"https:\/\/www.eldigitaldeasturias.com\/noticias\/covite-pide-que-joseba-arregi-dirija-la-secretaria-de-paz-y-convivencia-vasca\/\" title=\"Covite pide que Joseba Arregi dirija la secretar\u00eda de Paz y Convivencia vasca\">Covite pide que Joseba Arregi dirija la secretar\u00eda de Paz y Convivencia vasca<\/a>\n<\/span><\/div>","aioseo_breadcrumb_json":[{"label":"Home","link":"https:\/\/www.eldigitaldeasturias.com\/noticias"},{"label":"Sociedad","link":"https:\/\/www.eldigitaldeasturias.com\/noticias\/category\/sociedad\/"},{"label":"Covite pide que Joseba Arregi dirija la secretar\u00eda de Paz y Convivencia vasca","link":"https:\/\/www.eldigitaldeasturias.com\/noticias\/covite-pide-que-joseba-arregi-dirija-la-secretaria-de-paz-y-convivencia-vasca\/"}],"_links":{"self":[{"href":"https:\/\/www.eldigitaldeasturias.com\/noticias\/wp-json\/wp\/v2\/posts\/456296","targetHints":{"allow":["GET"]}}],"collection":[{"href":"https:\/\/www.eldigitaldeasturias.com\/noticias\/wp-json\/wp\/v2\/posts"}],"about":[{"href":"https:\/\/www.eldigitaldeasturias.com\/noticias\/wp-json\/wp\/v2\/types\/post"}],"author":[{"embeddable":true,"href":"https:\/\/www.eldigitaldeasturias.com\/noticias\/wp-json\/wp\/v2\/users\/1"}],"replies":[{"embeddable":true,"href":"https:\/\/www.eldigitaldeasturias.com\/noticias\/wp-json\/wp\/v2\/comments?post=456296"}],"version-history":[{"count":0,"href":"https:\/\/www.eldigitaldeasturias.com\/noticias\/wp-json\/wp\/v2\/posts\/456296\/revisions"}],"wp:attachment":[{"href":"https:\/\/www.eldigitaldeasturias.com\/noticias\/wp-json\/wp\/v2\/media?parent=456296"}],"wp:term":[{"taxonomy":"category","embeddable":true,"href":"https:\/\/www.eldigitaldeasturias.com\/noticias\/wp-json\/wp\/v2\/categories?post=456296"},{"taxonomy":"post_tag","embeddable":true,"href":"https:\/\/www.eldigitaldeasturias.com\/noticias\/wp-json\/wp\/v2\/tags?post=456296"}],"curies":[{"name":"wp","href":"https:\/\/api.w.org\/{rel}","templated":true}]}}