{"id":456269,"date":"2013-11-30T18:51:30","date_gmt":"2013-11-30T19:51:30","guid":{"rendered":"http:\/\/www.eldigitaldeasturias.com\/noticias\/?p=456269"},"modified":"2013-11-30T18:51:30","modified_gmt":"2013-11-30T19:51:30","slug":"la-juez-de-los-ere-embarga-la-indemnizacion-por-despido-al-exconsejero-de-empleo","status":"publish","type":"post","link":"https:\/\/www.eldigitaldeasturias.com\/noticias\/la-juez-de-los-ere-embarga-la-indemnizacion-por-despido-al-exconsejero-de-empleo\/","title":{"rendered":"La juez de los ERE embarga la indemnizaci\u00f3n por despido al exconsejero de Empleo"},"content":{"rendered":"<p><img loading=\"lazy\" decoding=\"async\" class=\"alignleft size-medium wp-image-456270\" alt=\"5763387w\" src=\"https:\/\/www.eldigitaldeasturias.com\/noticias\/wp-content\/uploads\/2013\/11\/5763387w-360x255.jpg\" width=\"360\" height=\"255\" \/>Sevilla, 30 nov (EFE).- La juez que investiga los ERE fraudulentos ha confirmado su decisi\u00f3n de embargar los 31.400 euros de indemnizaci\u00f3n por despido que recibi\u00f3 el exconsejero andaluz de Empleo Antonio Fern\u00e1ndez, dentro de las medidas para hacer frente a su fianza de responsabilidad civil de 807 millones de euros.<\/p>\n<p>La juez Mercedes Alaya acord\u00f3 en marzo pasado embargar la indemnizaci\u00f3n por despido de Fern\u00e1ndez en la bodega jerezana Gonz\u00e1lez Byass, pero en julio admiti\u00f3 a tr\u00e1mite un recurso del afectado contra dicha decisi\u00f3n, han indicado fuentes judiciales.<\/p>\n<p>Ahora, sin embargo, acepta el razonamiento del fiscal y dice que no cabe posterior recurso contra un auto que se haya pronunciado sobre un decreto del secretario judicial, como ocurri\u00f3 en este caso.<\/p>\n<p>El Juzgado de los ERE acord\u00f3 embargar la indemnizaci\u00f3n por despido de Fern\u00e1ndez ya que el Estatuto de los Trabajadores no considera que este tipo de pagos tengan la consideraci\u00f3n de \u00absalario, sueldo, pensi\u00f3n, retribuci\u00f3n o su equivalente\u00bb a efectos de embargo.<\/p>\n<p>Al no tener la consideraci\u00f3n de salario, seg\u00fan Alaya, es \u00abplenamente ajustada a Derecho\u00bb la decisi\u00f3n de embargar esa cantidad, que seg\u00fan la Ley de Enjuiciamiento Criminal puede aplicarse a todas las \u00abrentas en dinero, cualquiera que sea su origen y la raz\u00f3n de su devengo\u00bb.<\/p>\n<p>La defensa del exconsejero hab\u00eda recurrido para que no fuesen embargados los 31.400 euros de su despido en la bodega jerezana Gonz\u00e1lez Byass, cantidad que cobr\u00f3 y que se une a los 386.181 euros de los que fue adjudicatario dentro del ERE aprobado en el a\u00f1o 2008 pero a los que renunci\u00f3.<\/p>\n<p>Fern\u00e1ndez est\u00e1 imputado en el caso de los ERE por su propia inclusi\u00f3n en el expediente de Gonz\u00e1lez Byass y por las ayudas concedidas bajo su mandato entre 2004 y 2010, razones por la que estuvo entre abril y agosto de 2012 en prisi\u00f3n y qued\u00f3 libre tras depositar una fianza en efectivo de 450.000 euros.<\/p>\n<p>A la vez, la juez Alaya le impuso una fianza de responsabilidad civil de 807 millones de euros.<\/p>\n<p>Ahora, la juez admite el recurso del fiscal y deja sin efecto su propia providencia para trasladar a las dem\u00e1s partes el recurso de Fern\u00e1ndez.<\/p>\n","protected":false},"excerpt":{"rendered":"<p>Sevilla, 30 nov (EFE).- La juez que investiga los ERE fraudulentos ha confirmado su decisi\u00f3n de embargar los 31.400 euros de indemnizaci\u00f3n por despido que recibi\u00f3 el exconsejero andaluz de Empleo Antonio Fern\u00e1ndez, dentro de las medidas para hacer frente a su fianza de responsabilidad civil de 807 millones de euros. La juez Mercedes Alaya [&hellip;]<\/p>\n","protected":false},"author":1,"featured_media":456270,"comment_status":"closed","ping_status":"open","sticky":false,"template":"","format":"standard","meta":{"footnotes":""},"categories":[5],"tags":[],"class_list":["post-456269","post","type-post","status-publish","format-standard","has-post-thumbnail","hentry","category-sucesos"],"aioseo_notices":[],"aioseo_head":"\n\t\t<!-- All in One SEO Pro 5.0.1 - aioseo.com -->\n\t<meta name=\"description\" content=\"Sevilla, 30 nov (EFE).- La juez que investiga los ERE fraudulentos ha confirmado su decisi\u00f3n de embargar los 31.400 euros de indemnizaci\u00f3n por despido que recibi\u00f3 el exconsejero andaluz de Empleo Antonio Fern\u00e1ndez, dentro de las medidas para hacer frente a su fianza de responsabilidad civil de 807 millones de euros. La juez Mercedes Alaya\" \/>\n\t<meta name=\"robots\" content=\"max-image-preview:large\" \/>\n\t<meta name=\"author\" content=\"El Digital de Asturias\"\/>\n\t<meta name=\"google-site-verification\" content=\"UA-38556648-1\" \/>\n\t<meta name=\"msvalidate.01\" content=\"7dfe9f3f1b24437ab69f4f2559babe99\" \/>\n\t<meta name=\"keywords\" content=\"sucesos\" \/>\n\t<link rel=\"canonical\" href=\"https:\/\/www.eldigitaldeasturias.com\/noticias\/la-juez-de-los-ere-embarga-la-indemnizacion-por-despido-al-exconsejero-de-empleo\/\" \/>\n\t<meta name=\"generator\" content=\"All in One SEO Pro (AIOSEO) 5.0.1\" \/>\n\t\t<meta property=\"og:locale\" content=\"es_ES\" \/>\n\t\t<meta property=\"og:site_name\" content=\"El Digital de Asturias\" \/>\n\t\t<meta property=\"og:type\" content=\"article\" \/>\n\t\t<meta property=\"og:title\" content=\"La juez de los ERE embarga la indemnizaci\u00f3n por despido al exconsejero de Empleo - El Digital de Asturias\" \/>\n\t\t<meta property=\"og:description\" content=\"Sevilla, 30 nov (EFE).- La juez que investiga los ERE fraudulentos ha confirmado su decisi\u00f3n de embargar los 31.400 euros de indemnizaci\u00f3n por despido que recibi\u00f3 el exconsejero andaluz de Empleo Antonio Fern\u00e1ndez, dentro de las medidas para hacer frente a su fianza de responsabilidad civil de 807 millones de euros. La juez Mercedes Alaya\" \/>\n\t\t<meta property=\"og:url\" content=\"https:\/\/www.eldigitaldeasturias.com\/noticias\/la-juez-de-los-ere-embarga-la-indemnizacion-por-despido-al-exconsejero-de-empleo\/\" \/>\n\t\t<meta property=\"article:tag\" content=\"sucesos\" \/>\n\t\t<meta property=\"article:published_time\" content=\"2013-11-30T19:51:30+00:00\" \/>\n\t\t<meta property=\"article:modified_time\" content=\"2013-11-30T19:51:30+00:00\" \/>\n\t\t<meta property=\"article:publisher\" content=\"https:\/\/facebook.com\/eldigitaldeasturias\" \/>\n\t\t<meta name=\"twitter:card\" content=\"summary_large_image\" \/>\n\t\t<meta name=\"twitter:title\" content=\"La juez de los ERE embarga la indemnizaci\u00f3n por despido al exconsejero de Empleo - El Digital de Asturias\" \/>\n\t\t<meta name=\"twitter:description\" content=\"Sevilla, 30 nov (EFE).- La juez que investiga los ERE fraudulentos ha confirmado su decisi\u00f3n de embargar los 31.400 euros de indemnizaci\u00f3n por despido que recibi\u00f3 el exconsejero andaluz de Empleo Antonio Fern\u00e1ndez, dentro de las medidas para hacer frente a su fianza de responsabilidad civil de 807 millones de euros. La juez Mercedes Alaya\" \/>\n\t\t<meta name=\"twitter:label1\" content=\"Escrito por\" \/>\n\t\t<meta name=\"twitter:data1\" content=\"El Digital de Asturias\" \/>\n\t\t<meta name=\"twitter:label2\" content=\"Tiempo de lectura estimado\" \/>\n\t\t<meta name=\"twitter:data2\" content=\"2 minutos\" \/>\n\t\t<script type=\"application\/ld+json\" class=\"aioseo-schema\">\n\t\t\t{\"@context\":\"https:\\\/\\\/schema.org\",\"@graph\":[{\"@type\":\"BlogPosting\",\"@id\":\"https:\\\/\\\/www.eldigitaldeasturias.com\\\/noticias\\\/la-juez-de-los-ere-embarga-la-indemnizacion-por-despido-al-exconsejero-de-empleo\\\/#blogposting\",\"name\":\"La juez de los ERE embarga la indemnizaci\\u00f3n por despido al exconsejero de Empleo - El Digital de Asturias\",\"headline\":\"La juez de los ERE embarga la indemnizaci\\u00f3n por despido al exconsejero de Empleo\",\"author\":{\"@id\":\"https:\\\/\\\/www.eldigitaldeasturias.com\\\/noticias\\\/author\\\/admin\\\/#author\"},\"publisher\":{\"@id\":\"https:\\\/\\\/www.eldigitaldeasturias.com\\\/noticias\\\/#organization\"},\"image\":{\"@type\":\"ImageObject\",\"url\":456270},\"datePublished\":\"2013-11-30T18:51:30+01:00\",\"dateModified\":\"2013-11-30T18:51:30+01:00\",\"inLanguage\":\"es-ES\",\"mainEntityOfPage\":{\"@id\":\"https:\\\/\\\/www.eldigitaldeasturias.com\\\/noticias\\\/la-juez-de-los-ere-embarga-la-indemnizacion-por-despido-al-exconsejero-de-empleo\\\/#webpage\"},\"isPartOf\":{\"@id\":\"https:\\\/\\\/www.eldigitaldeasturias.com\\\/noticias\\\/la-juez-de-los-ere-embarga-la-indemnizacion-por-despido-al-exconsejero-de-empleo\\\/#webpage\"},\"articleSection\":\"Sucesos\"},{\"@type\":\"BreadcrumbList\",\"@id\":\"https:\\\/\\\/www.eldigitaldeasturias.com\\\/noticias\\\/la-juez-de-los-ere-embarga-la-indemnizacion-por-despido-al-exconsejero-de-empleo\\\/#breadcrumblist\",\"itemListElement\":[{\"@type\":\"ListItem\",\"@id\":\"https:\\\/\\\/www.eldigitaldeasturias.com\\\/noticias#listItem\",\"position\":1,\"name\":\"Home\",\"item\":\"https:\\\/\\\/www.eldigitaldeasturias.com\\\/noticias\",\"nextItem\":{\"@type\":\"ListItem\",\"@id\":\"https:\\\/\\\/www.eldigitaldeasturias.com\\\/noticias\\\/category\\\/sucesos\\\/#listItem\",\"name\":\"Sucesos\"}},{\"@type\":\"ListItem\",\"@id\":\"https:\\\/\\\/www.eldigitaldeasturias.com\\\/noticias\\\/category\\\/sucesos\\\/#listItem\",\"position\":2,\"name\":\"Sucesos\",\"item\":\"https:\\\/\\\/www.eldigitaldeasturias.com\\\/noticias\\\/category\\\/sucesos\\\/\",\"nextItem\":{\"@type\":\"ListItem\",\"@id\":\"https:\\\/\\\/www.eldigitaldeasturias.com\\\/noticias\\\/la-juez-de-los-ere-embarga-la-indemnizacion-por-despido-al-exconsejero-de-empleo\\\/#listItem\",\"name\":\"La juez de los ERE embarga la indemnizaci\\u00f3n por despido al exconsejero de Empleo\"},\"previousItem\":{\"@type\":\"ListItem\",\"@id\":\"https:\\\/\\\/www.eldigitaldeasturias.com\\\/noticias#listItem\",\"name\":\"Home\"}},{\"@type\":\"ListItem\",\"@id\":\"https:\\\/\\\/www.eldigitaldeasturias.com\\\/noticias\\\/la-juez-de-los-ere-embarga-la-indemnizacion-por-despido-al-exconsejero-de-empleo\\\/#listItem\",\"position\":3,\"name\":\"La juez de los ERE embarga la indemnizaci\\u00f3n por despido al exconsejero de Empleo\",\"previousItem\":{\"@type\":\"ListItem\",\"@id\":\"https:\\\/\\\/www.eldigitaldeasturias.com\\\/noticias\\\/category\\\/sucesos\\\/#listItem\",\"name\":\"Sucesos\"}}]},{\"@type\":\"Organization\",\"@id\":\"https:\\\/\\\/www.eldigitaldeasturias.com\\\/noticias\\\/#organization\",\"name\":\"El Digital de Asturias\",\"description\":\"Hemeroteca\",\"url\":\"https:\\\/\\\/www.eldigitaldeasturias.com\\\/noticias\\\/\",\"email\":\"info@eldigitaldeasturias.com\",\"telephone\":\"+34652131393\",\"logo\":{\"@type\":\"ImageObject\",\"url\":\"https:\\\/\\\/www.eldigitaldeasturias.com\\\/noticias\\\/wp-content\\\/uploads\\\/2020\\\/12\\\/EDA.jpg\",\"@id\":\"https:\\\/\\\/www.eldigitaldeasturias.com\\\/noticias\\\/la-juez-de-los-ere-embarga-la-indemnizacion-por-despido-al-exconsejero-de-empleo\\\/#organizationLogo\"},\"image\":{\"@id\":\"https:\\\/\\\/www.eldigitaldeasturias.com\\\/noticias\\\/la-juez-de-los-ere-embarga-la-indemnizacion-por-despido-al-exconsejero-de-empleo\\\/#organizationLogo\"},\"sameAs\":[\"https:\\\/\\\/facebook.com\\\/eldigitaldeasturias\",\"https:\\\/\\\/www.youtube.com\\\/channel\\\/UCZP-2wLEB9Rv6erhFmqVnvg\"],\"address\":{\"@id\":\"https:\\\/\\\/www.eldigitaldeasturias.com\\\/noticias\\\/#postaladdress\",\"@type\":\"PostalAddress\",\"streetAddress\":\"san antonio 4\",\"postalCode\":\"33430\",\"addressLocality\":\"Cand\\u00e1s\",\"addressRegion\":\"Asturias\",\"addressCountry\":\"ES\"}},{\"@type\":\"Person\",\"@id\":\"https:\\\/\\\/www.eldigitaldeasturias.com\\\/noticias\\\/author\\\/admin\\\/#author\",\"url\":\"https:\\\/\\\/www.eldigitaldeasturias.com\\\/noticias\\\/author\\\/admin\\\/\",\"name\":\"El Digital de Asturias\",\"image\":{\"@type\":\"ImageObject\",\"@id\":\"https:\\\/\\\/www.eldigitaldeasturias.com\\\/noticias\\\/la-juez-de-los-ere-embarga-la-indemnizacion-por-despido-al-exconsejero-de-empleo\\\/#authorImage\",\"url\":\"https:\\\/\\\/secure.gravatar.com\\\/avatar\\\/df2aeffc32bcd13f8d26072ef8a91b623d677766deac7f97ca815868cd41bf5e?s=96&d=mm&r=g\",\"width\":96,\"height\":96,\"caption\":\"El Digital de Asturias\"}},{\"@type\":\"WebPage\",\"@id\":\"https:\\\/\\\/www.eldigitaldeasturias.com\\\/noticias\\\/la-juez-de-los-ere-embarga-la-indemnizacion-por-despido-al-exconsejero-de-empleo\\\/#webpage\",\"url\":\"https:\\\/\\\/www.eldigitaldeasturias.com\\\/noticias\\\/la-juez-de-los-ere-embarga-la-indemnizacion-por-despido-al-exconsejero-de-empleo\\\/\",\"name\":\"La juez de los ERE embarga la indemnizaci\\u00f3n por despido al exconsejero de Empleo - El Digital de Asturias\",\"description\":\"Sevilla, 30 nov (EFE).- La juez que investiga los ERE fraudulentos ha confirmado su decisi\\u00f3n de embargar los 31.400 euros de indemnizaci\\u00f3n por despido que recibi\\u00f3 el exconsejero andaluz de Empleo Antonio Fern\\u00e1ndez, dentro de las medidas para hacer frente a su fianza de responsabilidad civil de 807 millones de euros. La juez Mercedes Alaya\",\"inLanguage\":\"es-ES\",\"isPartOf\":{\"@id\":\"https:\\\/\\\/www.eldigitaldeasturias.com\\\/noticias\\\/#website\"},\"breadcrumb\":{\"@id\":\"https:\\\/\\\/www.eldigitaldeasturias.com\\\/noticias\\\/la-juez-de-los-ere-embarga-la-indemnizacion-por-despido-al-exconsejero-de-empleo\\\/#breadcrumblist\"},\"author\":{\"@id\":\"https:\\\/\\\/www.eldigitaldeasturias.com\\\/noticias\\\/author\\\/admin\\\/#author\"},\"creator\":{\"@id\":\"https:\\\/\\\/www.eldigitaldeasturias.com\\\/noticias\\\/author\\\/admin\\\/#author\"},\"image\":{\"@type\":\"ImageObject\",\"url\":456270,\"@id\":\"https:\\\/\\\/www.eldigitaldeasturias.com\\\/noticias\\\/la-juez-de-los-ere-embarga-la-indemnizacion-por-despido-al-exconsejero-de-empleo\\\/#mainImage\"},\"primaryImageOfPage\":{\"@id\":\"https:\\\/\\\/www.eldigitaldeasturias.com\\\/noticias\\\/la-juez-de-los-ere-embarga-la-indemnizacion-por-despido-al-exconsejero-de-empleo\\\/#mainImage\"},\"datePublished\":\"2013-11-30T18:51:30+01:00\",\"dateModified\":\"2013-11-30T18:51:30+01:00\"},{\"@type\":\"WebSite\",\"@id\":\"https:\\\/\\\/www.eldigitaldeasturias.com\\\/noticias\\\/#website\",\"url\":\"https:\\\/\\\/www.eldigitaldeasturias.com\\\/noticias\\\/\",\"name\":\"El Digital de Asturias - Diario de actualidad y noticias\",\"alternateName\":\"El Digital de Asturias - Diario de actualidad y noticias\",\"description\":\"Hemeroteca\",\"inLanguage\":\"es-ES\",\"publisher\":{\"@id\":\"https:\\\/\\\/www.eldigitaldeasturias.com\\\/noticias\\\/#organization\"}}]}\n\t\t<\/script>\n\t\t<!-- All in One SEO Pro -->\r\n\t\t<title>La juez de los ERE embarga la indemnizaci\u00f3n por despido al exconsejero de Empleo - El Digital de Asturias<\/title>\n\n","aioseo_head_json":{"title":"La juez de los ERE embarga la indemnizaci\u00f3n por despido al exconsejero de Empleo - El Digital de Asturias","description":"Sevilla, 30 nov (EFE).- La juez que investiga los ERE fraudulentos ha confirmado su decisi\u00f3n de embargar los 31.400 euros de indemnizaci\u00f3n por despido que recibi\u00f3 el exconsejero andaluz de Empleo Antonio Fern\u00e1ndez, dentro de las medidas para hacer frente a su fianza de responsabilidad civil de 807 millones de euros. La juez Mercedes Alaya","canonical_url":"https:\/\/www.eldigitaldeasturias.com\/noticias\/la-juez-de-los-ere-embarga-la-indemnizacion-por-despido-al-exconsejero-de-empleo\/","robots":"max-image-preview:large","keywords":"sucesos","webmasterTools":{"google-site-verification":"UA-38556648-1","msvalidate.01":"7dfe9f3f1b24437ab69f4f2559babe99","miscellaneous":""},"schema":{"@context":"https:\/\/schema.org","@graph":[{"@type":"BlogPosting","@id":"https:\/\/www.eldigitaldeasturias.com\/noticias\/la-juez-de-los-ere-embarga-la-indemnizacion-por-despido-al-exconsejero-de-empleo\/#blogposting","name":"La juez de los ERE embarga la indemnizaci\u00f3n por despido al exconsejero de Empleo - El Digital de Asturias","headline":"La juez de los ERE embarga la indemnizaci\u00f3n por despido al exconsejero de Empleo","author":{"@id":"https:\/\/www.eldigitaldeasturias.com\/noticias\/author\/admin\/#author"},"publisher":{"@id":"https:\/\/www.eldigitaldeasturias.com\/noticias\/#organization"},"image":{"@type":"ImageObject","url":456270},"datePublished":"2013-11-30T18:51:30+01:00","dateModified":"2013-11-30T18:51:30+01:00","inLanguage":"es-ES","mainEntityOfPage":{"@id":"https:\/\/www.eldigitaldeasturias.com\/noticias\/la-juez-de-los-ere-embarga-la-indemnizacion-por-despido-al-exconsejero-de-empleo\/#webpage"},"isPartOf":{"@id":"https:\/\/www.eldigitaldeasturias.com\/noticias\/la-juez-de-los-ere-embarga-la-indemnizacion-por-despido-al-exconsejero-de-empleo\/#webpage"},"articleSection":"Sucesos"},{"@type":"BreadcrumbList","@id":"https:\/\/www.eldigitaldeasturias.com\/noticias\/la-juez-de-los-ere-embarga-la-indemnizacion-por-despido-al-exconsejero-de-empleo\/#breadcrumblist","itemListElement":[{"@type":"ListItem","@id":"https:\/\/www.eldigitaldeasturias.com\/noticias#listItem","position":1,"name":"Home","item":"https:\/\/www.eldigitaldeasturias.com\/noticias","nextItem":{"@type":"ListItem","@id":"https:\/\/www.eldigitaldeasturias.com\/noticias\/category\/sucesos\/#listItem","name":"Sucesos"}},{"@type":"ListItem","@id":"https:\/\/www.eldigitaldeasturias.com\/noticias\/category\/sucesos\/#listItem","position":2,"name":"Sucesos","item":"https:\/\/www.eldigitaldeasturias.com\/noticias\/category\/sucesos\/","nextItem":{"@type":"ListItem","@id":"https:\/\/www.eldigitaldeasturias.com\/noticias\/la-juez-de-los-ere-embarga-la-indemnizacion-por-despido-al-exconsejero-de-empleo\/#listItem","name":"La juez de los ERE embarga la indemnizaci\u00f3n por despido al exconsejero de Empleo"},"previousItem":{"@type":"ListItem","@id":"https:\/\/www.eldigitaldeasturias.com\/noticias#listItem","name":"Home"}},{"@type":"ListItem","@id":"https:\/\/www.eldigitaldeasturias.com\/noticias\/la-juez-de-los-ere-embarga-la-indemnizacion-por-despido-al-exconsejero-de-empleo\/#listItem","position":3,"name":"La juez de los ERE embarga la indemnizaci\u00f3n por despido al exconsejero de Empleo","previousItem":{"@type":"ListItem","@id":"https:\/\/www.eldigitaldeasturias.com\/noticias\/category\/sucesos\/#listItem","name":"Sucesos"}}]},{"@type":"Organization","@id":"https:\/\/www.eldigitaldeasturias.com\/noticias\/#organization","name":"El Digital de Asturias","description":"Hemeroteca","url":"https:\/\/www.eldigitaldeasturias.com\/noticias\/","email":"info@eldigitaldeasturias.com","telephone":"+34652131393","logo":{"@type":"ImageObject","url":"https:\/\/www.eldigitaldeasturias.com\/noticias\/wp-content\/uploads\/2020\/12\/EDA.jpg","@id":"https:\/\/www.eldigitaldeasturias.com\/noticias\/la-juez-de-los-ere-embarga-la-indemnizacion-por-despido-al-exconsejero-de-empleo\/#organizationLogo"},"image":{"@id":"https:\/\/www.eldigitaldeasturias.com\/noticias\/la-juez-de-los-ere-embarga-la-indemnizacion-por-despido-al-exconsejero-de-empleo\/#organizationLogo"},"sameAs":["https:\/\/facebook.com\/eldigitaldeasturias","https:\/\/www.youtube.com\/channel\/UCZP-2wLEB9Rv6erhFmqVnvg"],"address":{"@id":"https:\/\/www.eldigitaldeasturias.com\/noticias\/#postaladdress","@type":"PostalAddress","streetAddress":"san antonio 4","postalCode":"33430","addressLocality":"Cand\u00e1s","addressRegion":"Asturias","addressCountry":"ES"}},{"@type":"Person","@id":"https:\/\/www.eldigitaldeasturias.com\/noticias\/author\/admin\/#author","url":"https:\/\/www.eldigitaldeasturias.com\/noticias\/author\/admin\/","name":"El Digital de Asturias","image":{"@type":"ImageObject","@id":"https:\/\/www.eldigitaldeasturias.com\/noticias\/la-juez-de-los-ere-embarga-la-indemnizacion-por-despido-al-exconsejero-de-empleo\/#authorImage","url":"https:\/\/secure.gravatar.com\/avatar\/df2aeffc32bcd13f8d26072ef8a91b623d677766deac7f97ca815868cd41bf5e?s=96&d=mm&r=g","width":96,"height":96,"caption":"El Digital de Asturias"}},{"@type":"WebPage","@id":"https:\/\/www.eldigitaldeasturias.com\/noticias\/la-juez-de-los-ere-embarga-la-indemnizacion-por-despido-al-exconsejero-de-empleo\/#webpage","url":"https:\/\/www.eldigitaldeasturias.com\/noticias\/la-juez-de-los-ere-embarga-la-indemnizacion-por-despido-al-exconsejero-de-empleo\/","name":"La juez de los ERE embarga la indemnizaci\u00f3n por despido al exconsejero de Empleo - El Digital de Asturias","description":"Sevilla, 30 nov (EFE).- La juez que investiga los ERE fraudulentos ha confirmado su decisi\u00f3n de embargar los 31.400 euros de indemnizaci\u00f3n por despido que recibi\u00f3 el exconsejero andaluz de Empleo Antonio Fern\u00e1ndez, dentro de las medidas para hacer frente a su fianza de responsabilidad civil de 807 millones de euros. La juez Mercedes Alaya","inLanguage":"es-ES","isPartOf":{"@id":"https:\/\/www.eldigitaldeasturias.com\/noticias\/#website"},"breadcrumb":{"@id":"https:\/\/www.eldigitaldeasturias.com\/noticias\/la-juez-de-los-ere-embarga-la-indemnizacion-por-despido-al-exconsejero-de-empleo\/#breadcrumblist"},"author":{"@id":"https:\/\/www.eldigitaldeasturias.com\/noticias\/author\/admin\/#author"},"creator":{"@id":"https:\/\/www.eldigitaldeasturias.com\/noticias\/author\/admin\/#author"},"image":{"@type":"ImageObject","url":456270,"@id":"https:\/\/www.eldigitaldeasturias.com\/noticias\/la-juez-de-los-ere-embarga-la-indemnizacion-por-despido-al-exconsejero-de-empleo\/#mainImage"},"primaryImageOfPage":{"@id":"https:\/\/www.eldigitaldeasturias.com\/noticias\/la-juez-de-los-ere-embarga-la-indemnizacion-por-despido-al-exconsejero-de-empleo\/#mainImage"},"datePublished":"2013-11-30T18:51:30+01:00","dateModified":"2013-11-30T18:51:30+01:00"},{"@type":"WebSite","@id":"https:\/\/www.eldigitaldeasturias.com\/noticias\/#website","url":"https:\/\/www.eldigitaldeasturias.com\/noticias\/","name":"El Digital de Asturias - Diario de actualidad y noticias","alternateName":"El Digital de Asturias - Diario de actualidad y noticias","description":"Hemeroteca","inLanguage":"es-ES","publisher":{"@id":"https:\/\/www.eldigitaldeasturias.com\/noticias\/#organization"}}]},"og:locale":"es_ES","og:site_name":"El Digital de Asturias","og:type":"article","og:title":"La juez de los ERE embarga la indemnizaci\u00f3n por despido al exconsejero de Empleo - El Digital de Asturias","og:description":"Sevilla, 30 nov (EFE).- La juez que investiga los ERE fraudulentos ha confirmado su decisi\u00f3n de embargar los 31.400 euros de indemnizaci\u00f3n por despido que recibi\u00f3 el exconsejero andaluz de Empleo Antonio Fern\u00e1ndez, dentro de las medidas para hacer frente a su fianza de responsabilidad civil de 807 millones de euros. La juez Mercedes Alaya","og:url":"https:\/\/www.eldigitaldeasturias.com\/noticias\/la-juez-de-los-ere-embarga-la-indemnizacion-por-despido-al-exconsejero-de-empleo\/","article:tag":["sucesos"],"article:published_time":"2013-11-30T19:51:30+00:00","article:modified_time":"2013-11-30T19:51:30+00:00","article:publisher":"https:\/\/facebook.com\/eldigitaldeasturias","twitter:card":"summary_large_image","twitter:title":"La juez de los ERE embarga la indemnizaci\u00f3n por despido al exconsejero de Empleo - El Digital de Asturias","twitter:description":"Sevilla, 30 nov (EFE).- La juez que investiga los ERE fraudulentos ha confirmado su decisi\u00f3n de embargar los 31.400 euros de indemnizaci\u00f3n por despido que recibi\u00f3 el exconsejero andaluz de Empleo Antonio Fern\u00e1ndez, dentro de las medidas para hacer frente a su fianza de responsabilidad civil de 807 millones de euros. La juez Mercedes Alaya","twitter:label1":"Escrito por","twitter:data1":"El Digital de Asturias","twitter:label2":"Tiempo de lectura estimado","twitter:data2":"2 minutos"},"aioseo_meta_data":{"post_id":"456269","title":null,"description":null,"keywords":null,"keyphrases":null,"primary_term":null,"canonical_url":null,"og_title":null,"og_description":null,"og_object_type":"default","og_image_type":"default","og_image_url":null,"og_image_width":null,"og_image_height":null,"og_image_custom_url":null,"og_image_custom_fields":null,"og_video":null,"og_custom_url":null,"og_article_section":null,"og_article_tags":null,"twitter_use_og":true,"twitter_card":"default","twitter_image_type":"default","twitter_image_url":null,"twitter_image_custom_url":null,"twitter_image_custom_fields":null,"twitter_title":null,"twitter_description":null,"schema":{"blockGraphs":[],"customGraphs":[],"default":{"data":{"Article":[],"Course":[],"Dataset":[],"FAQPage":[],"Movie":[],"Person":[],"Product":[],"ProductReview":[],"Car":[],"Recipe":[],"Service":[],"SoftwareApplication":[],"WebPage":[]},"graphName":"","isEnabled":true},"graphs":[],"defaultGraph":"","defaultPostTypeGraph":""},"schema_type":null,"schema_type_options":null,"pillar_content":false,"robots_default":true,"robots_noindex":false,"robots_noarchive":false,"robots_nosnippet":false,"robots_nofollow":false,"robots_noimageindex":false,"robots_noodp":false,"robots_notranslate":false,"robots_max_snippet":null,"robots_max_videopreview":null,"robots_max_imagepreview":"none","priority":null,"frequency":null,"local_seo":null,"seo_analyzer_scan_date":"2026-05-29 21:25:57","breadcrumb_settings":null,"limit_modified_date":false,"open_ai":null,"ai":null,"created":"2020-11-14 22:45:29","updated":"2026-05-29 21:25:57","focus_keyword":null,"additional_keywords":null,"truseo_locale":null},"aioseo_breadcrumb":"<div class=\"aioseo-breadcrumbs\"><span class=\"aioseo-breadcrumb\">\n\t<a href=\"https:\/\/www.eldigitaldeasturias.com\/noticias\" title=\"Home\">Home<\/a>\n<\/span><span class=\"aioseo-breadcrumb-separator\">\u2013<\/span><span class=\"aioseo-breadcrumb\">\n\t<a href=\"https:\/\/www.eldigitaldeasturias.com\/noticias\/category\/sucesos\/\" title=\"Sucesos\">Sucesos<\/a>\n<\/span><span class=\"aioseo-breadcrumb-separator\">\u2013<\/span><span class=\"aioseo-breadcrumb\">\n\t<a href=\"https:\/\/www.eldigitaldeasturias.com\/noticias\/la-juez-de-los-ere-embarga-la-indemnizacion-por-despido-al-exconsejero-de-empleo\/\" title=\"La juez de los ERE embarga la indemnizaci\u00f3n por despido al exconsejero de Empleo\">La juez de los ERE embarga la indemnizaci\u00f3n por despido al exconsejero de Empleo<\/a>\n<\/span><\/div>","aioseo_breadcrumb_json":[{"label":"Home","link":"https:\/\/www.eldigitaldeasturias.com\/noticias"},{"label":"Sucesos","link":"https:\/\/www.eldigitaldeasturias.com\/noticias\/category\/sucesos\/"},{"label":"La juez de los ERE embarga la indemnizaci\u00f3n por despido al exconsejero de Empleo","link":"https:\/\/www.eldigitaldeasturias.com\/noticias\/la-juez-de-los-ere-embarga-la-indemnizacion-por-despido-al-exconsejero-de-empleo\/"}],"_links":{"self":[{"href":"https:\/\/www.eldigitaldeasturias.com\/noticias\/wp-json\/wp\/v2\/posts\/456269","targetHints":{"allow":["GET"]}}],"collection":[{"href":"https:\/\/www.eldigitaldeasturias.com\/noticias\/wp-json\/wp\/v2\/posts"}],"about":[{"href":"https:\/\/www.eldigitaldeasturias.com\/noticias\/wp-json\/wp\/v2\/types\/post"}],"author":[{"embeddable":true,"href":"https:\/\/www.eldigitaldeasturias.com\/noticias\/wp-json\/wp\/v2\/users\/1"}],"replies":[{"embeddable":true,"href":"https:\/\/www.eldigitaldeasturias.com\/noticias\/wp-json\/wp\/v2\/comments?post=456269"}],"version-history":[{"count":0,"href":"https:\/\/www.eldigitaldeasturias.com\/noticias\/wp-json\/wp\/v2\/posts\/456269\/revisions"}],"wp:attachment":[{"href":"https:\/\/www.eldigitaldeasturias.com\/noticias\/wp-json\/wp\/v2\/media?parent=456269"}],"wp:term":[{"taxonomy":"category","embeddable":true,"href":"https:\/\/www.eldigitaldeasturias.com\/noticias\/wp-json\/wp\/v2\/categories?post=456269"},{"taxonomy":"post_tag","embeddable":true,"href":"https:\/\/www.eldigitaldeasturias.com\/noticias\/wp-json\/wp\/v2\/tags?post=456269"}],"curies":[{"name":"wp","href":"https:\/\/api.w.org\/{rel}","templated":true}]}}