{"id":456263,"date":"2013-11-30T18:46:36","date_gmt":"2013-11-30T19:46:36","guid":{"rendered":"http:\/\/www.eldigitaldeasturias.com\/noticias\/?p=456263"},"modified":"2013-11-30T18:46:36","modified_gmt":"2013-11-30T19:46:36","slug":"el-meritorio-cerdo-iberico-gana-espacio-en-la-alta-cocina","status":"publish","type":"post","link":"https:\/\/www.eldigitaldeasturias.com\/noticias\/el-meritorio-cerdo-iberico-gana-espacio-en-la-alta-cocina\/","title":{"rendered":"El meritorio cerdo ib\u00e9rico gana espacio en la alta cocina"},"content":{"rendered":"<p><img loading=\"lazy\" decoding=\"async\" class=\"alignleft size-medium wp-image-456264\" alt=\"5763537w\" src=\"https:\/\/www.eldigitaldeasturias.com\/noticias\/wp-content\/uploads\/2013\/11\/5763537w-229x320.jpg\" width=\"229\" height=\"320\" \/>Madrid, 30 nov (EFE).- La gastronom\u00eda y la alimentaci\u00f3n espa\u00f1olas no se entender\u00edan sin el cerdo, \u00fanica fuente de prote\u00ednas de muchas generaciones. Su versi\u00f3n m\u00e1s exquisita, la ib\u00e9rica, gana cada vez m\u00e1s protagonismo en la alta cocina, lo que puede favorecer su introducci\u00f3n en coquinarias for\u00e1neas.<\/p>\n<p>As\u00ed lo entiende el experto en gastronom\u00eda Ismael D\u00edaz Yubero quien, en su \u00abGastronom\u00eda del cerdo ib\u00e9rico\u00bb (Estrellas de la Gastronom\u00eda), reivindica la excelencia de este animal, del que asegura en una entrevista con Efe que \u00abdeber\u00edamos presumir tanto como los franceses del foie o los rusos del caviar\u00bb.<\/p>\n<p>Uno de los animales \u00abm\u00e1s mimados\u00bb de la ganader\u00eda, criado en libertad y con una alimentaci\u00f3n natural cuando es cerdo ib\u00e9rico de montanera, ofrece una carne de alta calidad, adem\u00e1s de los conocidos jamones, que cada vez es m\u00e1s utilizada en la cocina de vanguardia.<\/p>\n<p>Casta\u00f1uela, l\u00e1grimas, secreto, lagarto, sorpresa, secreto y pluma son algunas de las piezas m\u00e1s apreciadas, aunque carrilleras, manitas, orejas y rabitos -que Andoni Luis Aduriz incorpor\u00f3 por primera vez a la alta cocina en 2006- tambi\u00e9n se utilizan en creativos platos.<\/p>\n<p>\u00abLa gastronom\u00eda ha evolucionado hace relativamente poco tiempo, porque en Espa\u00f1a se ha pasado hambre hasta hace 50 a\u00f1os, como demuestra la vigencia de la cartilla de racionamiento hasta 1953. Despu\u00e9s se ha descubierto la calidad del cerdo ib\u00e9rico y se est\u00e1 incluyendo en la cocina m\u00e1s innovadora, como ocurri\u00f3 con el aceite de oliva\u00bb, explica el tres veces Premio Nacional de Gastronom\u00eda.<\/p>\n<p>En su \u00faltimo libro, donde homenajea al cerdo ib\u00e9rico de montanera y desmonta mitos, recopila adem\u00e1s recetas de prestigiosos restaurantes cuyos chefs han incorporado a sus cartas platos con la carne de este animal, que \u00abtiene una calidad gustativa excepcional\u00bb.<\/p>\n<p>Del renovador de la cocina extreme\u00f1a, To\u00f1o P\u00e9rez, escoge la oreja de cerdo ib\u00e9rico con crema de patatas ratte al aceite, trigueros y trufa que ofrece en Atrio (C\u00e1ceres); de Aduriz los hist\u00f3ricos rabitos estofados con cigalitas que sirvi\u00f3 en Mugaritz (Errenteria), y de \u00d3scar Velasco el costillar de cochinillo ib\u00e9rico lechal asado al momento con espinacas y vino tinto de Santceloni (Madrid).<\/p>\n<p>Otros ejemplos son el cerdo agripicante con quinua suflada de Diego Guerrero, la brocheta de pluma ib\u00e9rica con pimientos de Padr\u00f3n y orejones al amontillado de Abraham Garc\u00eda en Viridiana (Madrid), y la g\u00f3ndola de ib\u00e9rico con gajos de pera sobre corteza arom\u00e1tica de Mario Sandoval en Coque (Humanes).<\/p>\n<p>Incluso ofrece la receta que el franc\u00e9s Xavier Hamon elabora en Le Comptoir \u00e0 Tapas (Breta\u00f1a): almejas con manzana, apio y jam\u00f3n ib\u00e9rico de bellota. \u00abSi se emplea en la cocina innovadora, el cerdo ib\u00e9rico ser\u00e1 consumido y apreciado en el extranjero\u00bb, sostiene D\u00edaz Yubero.<\/p>\n<p>Porque ni siquiera en la pen\u00ednsula ib\u00e9rica este animal aut\u00f3ctono, que Grande Covi\u00e1n defini\u00f3 como \u00abaceituna con patas\u00bb, ha gozado siempre del reconocimiento que merece.<\/p>\n<p>\u00abEstuvo a punto de desaparecer con la peste porcina africana en los a\u00f1os sesenta. Y desde que el jam\u00f3n ib\u00e9rico de montanera se convirti\u00f3 en un lujo gastron\u00f3mico han proliferado las imitaciones: cruces de cerdas ib\u00e9ricas con animales de razas precoces, sustituci\u00f3n de parte de la bellota por pienso, acortar el proceso de curaci\u00f3n del jam\u00f3n&#8230;\u00bb, critica.<\/p>\n<p>De ah\u00ed que el producto estrella del cerdo ib\u00e9rico de montanera, el jam\u00f3n, sea objeto de enga\u00f1os al consumidor.<\/p>\n<p>\u00abLa limitaci\u00f3n natural impide que se obtengan m\u00e1s de 350.000 cerdos en montanera, porque no hay bellota para m\u00e1s en los a\u00f1os muy buenos, y unos 150.000 en los malos, que son la mayor\u00eda. Pero salen al mercado hasta cuatro millones de jamones de &#8216;ib\u00e9rico&#8217;, la mayor\u00eda de recebo o pienso, y hasta casi ocho millones de &#8216;pata negra'\u00bb, denuncia en su libro.<\/p>\n<p>D\u00edaz Yubero considera la \u00abpata negra\u00bb la \u00abgran mentira\u00bb en torno a este producto, por lo que advierte al consumidor: \u00abSi es &#8216;pata negra&#8217; en estos momentos casi seguro que no es de raza pura ib\u00e9rica de montanera\u00bb.<\/p>\n<p>Pilar Salas.<\/p>\n","protected":false},"excerpt":{"rendered":"<p>Madrid, 30 nov (EFE).- La gastronom\u00eda y la alimentaci\u00f3n espa\u00f1olas no se entender\u00edan sin el cerdo, \u00fanica fuente de prote\u00ednas de muchas generaciones. Su versi\u00f3n m\u00e1s exquisita, la ib\u00e9rica, gana cada vez m\u00e1s protagonismo en la alta cocina, lo que puede favorecer su introducci\u00f3n en coquinarias for\u00e1neas. As\u00ed lo entiende el experto en gastronom\u00eda Ismael [&hellip;]<\/p>\n","protected":false},"author":1,"featured_media":456264,"comment_status":"closed","ping_status":"open","sticky":false,"template":"","format":"standard","meta":{"footnotes":""},"categories":[50],"tags":[],"class_list":["post-456263","post","type-post","status-publish","format-standard","has-post-thumbnail","hentry","category-revista-de-ocio"],"aioseo_notices":[],"aioseo_head":"\n\t\t<!-- All in One SEO Pro 5.0.1 - aioseo.com -->\n\t<meta name=\"description\" content=\"Madrid, 30 nov (EFE).- La gastronom\u00eda y la alimentaci\u00f3n espa\u00f1olas no se entender\u00edan sin el cerdo, \u00fanica fuente de prote\u00ednas de muchas generaciones. Su versi\u00f3n m\u00e1s exquisita, la ib\u00e9rica, gana cada vez m\u00e1s protagonismo en la alta cocina, lo que puede favorecer su introducci\u00f3n en coquinarias for\u00e1neas. As\u00ed lo entiende el experto en gastronom\u00eda Ismael\" \/>\n\t<meta name=\"robots\" content=\"max-image-preview:large\" \/>\n\t<meta name=\"author\" content=\"El Digital de Asturias\"\/>\n\t<meta name=\"google-site-verification\" content=\"UA-38556648-1\" \/>\n\t<meta name=\"msvalidate.01\" content=\"7dfe9f3f1b24437ab69f4f2559babe99\" \/>\n\t<meta name=\"keywords\" content=\"revista de ocio\" \/>\n\t<link rel=\"canonical\" href=\"https:\/\/www.eldigitaldeasturias.com\/noticias\/el-meritorio-cerdo-iberico-gana-espacio-en-la-alta-cocina\/\" \/>\n\t<meta name=\"generator\" content=\"All in One SEO Pro (AIOSEO) 5.0.1\" \/>\n\t\t<meta property=\"og:locale\" content=\"es_ES\" \/>\n\t\t<meta property=\"og:site_name\" content=\"El Digital de Asturias\" \/>\n\t\t<meta property=\"og:type\" content=\"article\" \/>\n\t\t<meta property=\"og:title\" content=\"El meritorio cerdo ib\u00e9rico gana espacio en la alta cocina - El Digital de Asturias\" \/>\n\t\t<meta property=\"og:description\" content=\"Madrid, 30 nov (EFE).- La gastronom\u00eda y la alimentaci\u00f3n espa\u00f1olas no se entender\u00edan sin el cerdo, \u00fanica fuente de prote\u00ednas de muchas generaciones. Su versi\u00f3n m\u00e1s exquisita, la ib\u00e9rica, gana cada vez m\u00e1s protagonismo en la alta cocina, lo que puede favorecer su introducci\u00f3n en coquinarias for\u00e1neas. As\u00ed lo entiende el experto en gastronom\u00eda Ismael\" \/>\n\t\t<meta property=\"og:url\" content=\"https:\/\/www.eldigitaldeasturias.com\/noticias\/el-meritorio-cerdo-iberico-gana-espacio-en-la-alta-cocina\/\" \/>\n\t\t<meta property=\"article:tag\" content=\"revista de ocio\" \/>\n\t\t<meta property=\"article:published_time\" content=\"2013-11-30T19:46:36+00:00\" \/>\n\t\t<meta property=\"article:modified_time\" content=\"2013-11-30T19:46:36+00:00\" \/>\n\t\t<meta property=\"article:publisher\" content=\"https:\/\/facebook.com\/eldigitaldeasturias\" \/>\n\t\t<meta name=\"twitter:card\" content=\"summary_large_image\" \/>\n\t\t<meta name=\"twitter:title\" content=\"El meritorio cerdo ib\u00e9rico gana espacio en la alta cocina - El Digital de Asturias\" \/>\n\t\t<meta name=\"twitter:description\" content=\"Madrid, 30 nov (EFE).- La gastronom\u00eda y la alimentaci\u00f3n espa\u00f1olas no se entender\u00edan sin el cerdo, \u00fanica fuente de prote\u00ednas de muchas generaciones. Su versi\u00f3n m\u00e1s exquisita, la ib\u00e9rica, gana cada vez m\u00e1s protagonismo en la alta cocina, lo que puede favorecer su introducci\u00f3n en coquinarias for\u00e1neas. As\u00ed lo entiende el experto en gastronom\u00eda Ismael\" \/>\n\t\t<meta name=\"twitter:label1\" content=\"Escrito por\" \/>\n\t\t<meta name=\"twitter:data1\" content=\"El Digital de Asturias\" \/>\n\t\t<meta name=\"twitter:label2\" content=\"Tiempo de lectura estimado\" \/>\n\t\t<meta name=\"twitter:data2\" content=\"4 minutos\" \/>\n\t\t<script type=\"application\/ld+json\" class=\"aioseo-schema\">\n\t\t\t{\"@context\":\"https:\\\/\\\/schema.org\",\"@graph\":[{\"@type\":\"BlogPosting\",\"@id\":\"https:\\\/\\\/www.eldigitaldeasturias.com\\\/noticias\\\/el-meritorio-cerdo-iberico-gana-espacio-en-la-alta-cocina\\\/#blogposting\",\"name\":\"El meritorio cerdo ib\\u00e9rico gana espacio en la alta cocina - El Digital de Asturias\",\"headline\":\"El meritorio cerdo ib\\u00e9rico gana espacio en la alta cocina\",\"author\":{\"@id\":\"https:\\\/\\\/www.eldigitaldeasturias.com\\\/noticias\\\/author\\\/admin\\\/#author\"},\"publisher\":{\"@id\":\"https:\\\/\\\/www.eldigitaldeasturias.com\\\/noticias\\\/#organization\"},\"image\":{\"@type\":\"ImageObject\",\"url\":456264},\"datePublished\":\"2013-11-30T18:46:36+01:00\",\"dateModified\":\"2013-11-30T18:46:36+01:00\",\"inLanguage\":\"es-ES\",\"mainEntityOfPage\":{\"@id\":\"https:\\\/\\\/www.eldigitaldeasturias.com\\\/noticias\\\/el-meritorio-cerdo-iberico-gana-espacio-en-la-alta-cocina\\\/#webpage\"},\"isPartOf\":{\"@id\":\"https:\\\/\\\/www.eldigitaldeasturias.com\\\/noticias\\\/el-meritorio-cerdo-iberico-gana-espacio-en-la-alta-cocina\\\/#webpage\"},\"articleSection\":\"Revista de Ocio\"},{\"@type\":\"BreadcrumbList\",\"@id\":\"https:\\\/\\\/www.eldigitaldeasturias.com\\\/noticias\\\/el-meritorio-cerdo-iberico-gana-espacio-en-la-alta-cocina\\\/#breadcrumblist\",\"itemListElement\":[{\"@type\":\"ListItem\",\"@id\":\"https:\\\/\\\/www.eldigitaldeasturias.com\\\/noticias#listItem\",\"position\":1,\"name\":\"Home\",\"item\":\"https:\\\/\\\/www.eldigitaldeasturias.com\\\/noticias\",\"nextItem\":{\"@type\":\"ListItem\",\"@id\":\"https:\\\/\\\/www.eldigitaldeasturias.com\\\/noticias\\\/category\\\/revista-de-ocio\\\/#listItem\",\"name\":\"Revista de Ocio\"}},{\"@type\":\"ListItem\",\"@id\":\"https:\\\/\\\/www.eldigitaldeasturias.com\\\/noticias\\\/category\\\/revista-de-ocio\\\/#listItem\",\"position\":2,\"name\":\"Revista de Ocio\",\"item\":\"https:\\\/\\\/www.eldigitaldeasturias.com\\\/noticias\\\/category\\\/revista-de-ocio\\\/\",\"nextItem\":{\"@type\":\"ListItem\",\"@id\":\"https:\\\/\\\/www.eldigitaldeasturias.com\\\/noticias\\\/el-meritorio-cerdo-iberico-gana-espacio-en-la-alta-cocina\\\/#listItem\",\"name\":\"El meritorio cerdo ib\\u00e9rico gana espacio en la alta cocina\"},\"previousItem\":{\"@type\":\"ListItem\",\"@id\":\"https:\\\/\\\/www.eldigitaldeasturias.com\\\/noticias#listItem\",\"name\":\"Home\"}},{\"@type\":\"ListItem\",\"@id\":\"https:\\\/\\\/www.eldigitaldeasturias.com\\\/noticias\\\/el-meritorio-cerdo-iberico-gana-espacio-en-la-alta-cocina\\\/#listItem\",\"position\":3,\"name\":\"El meritorio cerdo ib\\u00e9rico gana espacio en la alta cocina\",\"previousItem\":{\"@type\":\"ListItem\",\"@id\":\"https:\\\/\\\/www.eldigitaldeasturias.com\\\/noticias\\\/category\\\/revista-de-ocio\\\/#listItem\",\"name\":\"Revista de Ocio\"}}]},{\"@type\":\"Organization\",\"@id\":\"https:\\\/\\\/www.eldigitaldeasturias.com\\\/noticias\\\/#organization\",\"name\":\"El Digital de Asturias\",\"description\":\"Hemeroteca\",\"url\":\"https:\\\/\\\/www.eldigitaldeasturias.com\\\/noticias\\\/\",\"email\":\"info@eldigitaldeasturias.com\",\"telephone\":\"+34652131393\",\"logo\":{\"@type\":\"ImageObject\",\"url\":\"https:\\\/\\\/www.eldigitaldeasturias.com\\\/noticias\\\/wp-content\\\/uploads\\\/2020\\\/12\\\/EDA.jpg\",\"@id\":\"https:\\\/\\\/www.eldigitaldeasturias.com\\\/noticias\\\/el-meritorio-cerdo-iberico-gana-espacio-en-la-alta-cocina\\\/#organizationLogo\"},\"image\":{\"@id\":\"https:\\\/\\\/www.eldigitaldeasturias.com\\\/noticias\\\/el-meritorio-cerdo-iberico-gana-espacio-en-la-alta-cocina\\\/#organizationLogo\"},\"sameAs\":[\"https:\\\/\\\/facebook.com\\\/eldigitaldeasturias\",\"https:\\\/\\\/www.youtube.com\\\/channel\\\/UCZP-2wLEB9Rv6erhFmqVnvg\"],\"address\":{\"@id\":\"https:\\\/\\\/www.eldigitaldeasturias.com\\\/noticias\\\/#postaladdress\",\"@type\":\"PostalAddress\",\"streetAddress\":\"san antonio 4\",\"postalCode\":\"33430\",\"addressLocality\":\"Cand\\u00e1s\",\"addressRegion\":\"Asturias\",\"addressCountry\":\"ES\"}},{\"@type\":\"Person\",\"@id\":\"https:\\\/\\\/www.eldigitaldeasturias.com\\\/noticias\\\/author\\\/admin\\\/#author\",\"url\":\"https:\\\/\\\/www.eldigitaldeasturias.com\\\/noticias\\\/author\\\/admin\\\/\",\"name\":\"El Digital de Asturias\",\"image\":{\"@type\":\"ImageObject\",\"@id\":\"https:\\\/\\\/www.eldigitaldeasturias.com\\\/noticias\\\/el-meritorio-cerdo-iberico-gana-espacio-en-la-alta-cocina\\\/#authorImage\",\"url\":\"https:\\\/\\\/secure.gravatar.com\\\/avatar\\\/df2aeffc32bcd13f8d26072ef8a91b623d677766deac7f97ca815868cd41bf5e?s=96&d=mm&r=g\",\"width\":96,\"height\":96,\"caption\":\"El Digital de Asturias\"}},{\"@type\":\"WebPage\",\"@id\":\"https:\\\/\\\/www.eldigitaldeasturias.com\\\/noticias\\\/el-meritorio-cerdo-iberico-gana-espacio-en-la-alta-cocina\\\/#webpage\",\"url\":\"https:\\\/\\\/www.eldigitaldeasturias.com\\\/noticias\\\/el-meritorio-cerdo-iberico-gana-espacio-en-la-alta-cocina\\\/\",\"name\":\"El meritorio cerdo ib\\u00e9rico gana espacio en la alta cocina - El Digital de Asturias\",\"description\":\"Madrid, 30 nov (EFE).- La gastronom\\u00eda y la alimentaci\\u00f3n espa\\u00f1olas no se entender\\u00edan sin el cerdo, \\u00fanica fuente de prote\\u00ednas de muchas generaciones. Su versi\\u00f3n m\\u00e1s exquisita, la ib\\u00e9rica, gana cada vez m\\u00e1s protagonismo en la alta cocina, lo que puede favorecer su introducci\\u00f3n en coquinarias for\\u00e1neas. As\\u00ed lo entiende el experto en gastronom\\u00eda Ismael\",\"inLanguage\":\"es-ES\",\"isPartOf\":{\"@id\":\"https:\\\/\\\/www.eldigitaldeasturias.com\\\/noticias\\\/#website\"},\"breadcrumb\":{\"@id\":\"https:\\\/\\\/www.eldigitaldeasturias.com\\\/noticias\\\/el-meritorio-cerdo-iberico-gana-espacio-en-la-alta-cocina\\\/#breadcrumblist\"},\"author\":{\"@id\":\"https:\\\/\\\/www.eldigitaldeasturias.com\\\/noticias\\\/author\\\/admin\\\/#author\"},\"creator\":{\"@id\":\"https:\\\/\\\/www.eldigitaldeasturias.com\\\/noticias\\\/author\\\/admin\\\/#author\"},\"image\":{\"@type\":\"ImageObject\",\"url\":456264,\"@id\":\"https:\\\/\\\/www.eldigitaldeasturias.com\\\/noticias\\\/el-meritorio-cerdo-iberico-gana-espacio-en-la-alta-cocina\\\/#mainImage\"},\"primaryImageOfPage\":{\"@id\":\"https:\\\/\\\/www.eldigitaldeasturias.com\\\/noticias\\\/el-meritorio-cerdo-iberico-gana-espacio-en-la-alta-cocina\\\/#mainImage\"},\"datePublished\":\"2013-11-30T18:46:36+01:00\",\"dateModified\":\"2013-11-30T18:46:36+01:00\"},{\"@type\":\"WebSite\",\"@id\":\"https:\\\/\\\/www.eldigitaldeasturias.com\\\/noticias\\\/#website\",\"url\":\"https:\\\/\\\/www.eldigitaldeasturias.com\\\/noticias\\\/\",\"name\":\"El Digital de Asturias - Diario de actualidad y noticias\",\"alternateName\":\"El Digital de Asturias - Diario de actualidad y noticias\",\"description\":\"Hemeroteca\",\"inLanguage\":\"es-ES\",\"publisher\":{\"@id\":\"https:\\\/\\\/www.eldigitaldeasturias.com\\\/noticias\\\/#organization\"}}]}\n\t\t<\/script>\n\t\t<!-- All in One SEO Pro -->\r\n\t\t<title>El meritorio cerdo ib\u00e9rico gana espacio en la alta cocina - El Digital de Asturias<\/title>\n\n","aioseo_head_json":{"title":"El meritorio cerdo ib\u00e9rico gana espacio en la alta cocina - El Digital de Asturias","description":"Madrid, 30 nov (EFE).- La gastronom\u00eda y la alimentaci\u00f3n espa\u00f1olas no se entender\u00edan sin el cerdo, \u00fanica fuente de prote\u00ednas de muchas generaciones. Su versi\u00f3n m\u00e1s exquisita, la ib\u00e9rica, gana cada vez m\u00e1s protagonismo en la alta cocina, lo que puede favorecer su introducci\u00f3n en coquinarias for\u00e1neas. As\u00ed lo entiende el experto en gastronom\u00eda Ismael","canonical_url":"https:\/\/www.eldigitaldeasturias.com\/noticias\/el-meritorio-cerdo-iberico-gana-espacio-en-la-alta-cocina\/","robots":"max-image-preview:large","keywords":"revista de ocio","webmasterTools":{"google-site-verification":"UA-38556648-1","msvalidate.01":"7dfe9f3f1b24437ab69f4f2559babe99","miscellaneous":""},"schema":{"@context":"https:\/\/schema.org","@graph":[{"@type":"BlogPosting","@id":"https:\/\/www.eldigitaldeasturias.com\/noticias\/el-meritorio-cerdo-iberico-gana-espacio-en-la-alta-cocina\/#blogposting","name":"El meritorio cerdo ib\u00e9rico gana espacio en la alta cocina - El Digital de Asturias","headline":"El meritorio cerdo ib\u00e9rico gana espacio en la alta cocina","author":{"@id":"https:\/\/www.eldigitaldeasturias.com\/noticias\/author\/admin\/#author"},"publisher":{"@id":"https:\/\/www.eldigitaldeasturias.com\/noticias\/#organization"},"image":{"@type":"ImageObject","url":456264},"datePublished":"2013-11-30T18:46:36+01:00","dateModified":"2013-11-30T18:46:36+01:00","inLanguage":"es-ES","mainEntityOfPage":{"@id":"https:\/\/www.eldigitaldeasturias.com\/noticias\/el-meritorio-cerdo-iberico-gana-espacio-en-la-alta-cocina\/#webpage"},"isPartOf":{"@id":"https:\/\/www.eldigitaldeasturias.com\/noticias\/el-meritorio-cerdo-iberico-gana-espacio-en-la-alta-cocina\/#webpage"},"articleSection":"Revista de Ocio"},{"@type":"BreadcrumbList","@id":"https:\/\/www.eldigitaldeasturias.com\/noticias\/el-meritorio-cerdo-iberico-gana-espacio-en-la-alta-cocina\/#breadcrumblist","itemListElement":[{"@type":"ListItem","@id":"https:\/\/www.eldigitaldeasturias.com\/noticias#listItem","position":1,"name":"Home","item":"https:\/\/www.eldigitaldeasturias.com\/noticias","nextItem":{"@type":"ListItem","@id":"https:\/\/www.eldigitaldeasturias.com\/noticias\/category\/revista-de-ocio\/#listItem","name":"Revista de Ocio"}},{"@type":"ListItem","@id":"https:\/\/www.eldigitaldeasturias.com\/noticias\/category\/revista-de-ocio\/#listItem","position":2,"name":"Revista de Ocio","item":"https:\/\/www.eldigitaldeasturias.com\/noticias\/category\/revista-de-ocio\/","nextItem":{"@type":"ListItem","@id":"https:\/\/www.eldigitaldeasturias.com\/noticias\/el-meritorio-cerdo-iberico-gana-espacio-en-la-alta-cocina\/#listItem","name":"El meritorio cerdo ib\u00e9rico gana espacio en la alta cocina"},"previousItem":{"@type":"ListItem","@id":"https:\/\/www.eldigitaldeasturias.com\/noticias#listItem","name":"Home"}},{"@type":"ListItem","@id":"https:\/\/www.eldigitaldeasturias.com\/noticias\/el-meritorio-cerdo-iberico-gana-espacio-en-la-alta-cocina\/#listItem","position":3,"name":"El meritorio cerdo ib\u00e9rico gana espacio en la alta cocina","previousItem":{"@type":"ListItem","@id":"https:\/\/www.eldigitaldeasturias.com\/noticias\/category\/revista-de-ocio\/#listItem","name":"Revista de Ocio"}}]},{"@type":"Organization","@id":"https:\/\/www.eldigitaldeasturias.com\/noticias\/#organization","name":"El Digital de Asturias","description":"Hemeroteca","url":"https:\/\/www.eldigitaldeasturias.com\/noticias\/","email":"info@eldigitaldeasturias.com","telephone":"+34652131393","logo":{"@type":"ImageObject","url":"https:\/\/www.eldigitaldeasturias.com\/noticias\/wp-content\/uploads\/2020\/12\/EDA.jpg","@id":"https:\/\/www.eldigitaldeasturias.com\/noticias\/el-meritorio-cerdo-iberico-gana-espacio-en-la-alta-cocina\/#organizationLogo"},"image":{"@id":"https:\/\/www.eldigitaldeasturias.com\/noticias\/el-meritorio-cerdo-iberico-gana-espacio-en-la-alta-cocina\/#organizationLogo"},"sameAs":["https:\/\/facebook.com\/eldigitaldeasturias","https:\/\/www.youtube.com\/channel\/UCZP-2wLEB9Rv6erhFmqVnvg"],"address":{"@id":"https:\/\/www.eldigitaldeasturias.com\/noticias\/#postaladdress","@type":"PostalAddress","streetAddress":"san antonio 4","postalCode":"33430","addressLocality":"Cand\u00e1s","addressRegion":"Asturias","addressCountry":"ES"}},{"@type":"Person","@id":"https:\/\/www.eldigitaldeasturias.com\/noticias\/author\/admin\/#author","url":"https:\/\/www.eldigitaldeasturias.com\/noticias\/author\/admin\/","name":"El Digital de Asturias","image":{"@type":"ImageObject","@id":"https:\/\/www.eldigitaldeasturias.com\/noticias\/el-meritorio-cerdo-iberico-gana-espacio-en-la-alta-cocina\/#authorImage","url":"https:\/\/secure.gravatar.com\/avatar\/df2aeffc32bcd13f8d26072ef8a91b623d677766deac7f97ca815868cd41bf5e?s=96&d=mm&r=g","width":96,"height":96,"caption":"El Digital de Asturias"}},{"@type":"WebPage","@id":"https:\/\/www.eldigitaldeasturias.com\/noticias\/el-meritorio-cerdo-iberico-gana-espacio-en-la-alta-cocina\/#webpage","url":"https:\/\/www.eldigitaldeasturias.com\/noticias\/el-meritorio-cerdo-iberico-gana-espacio-en-la-alta-cocina\/","name":"El meritorio cerdo ib\u00e9rico gana espacio en la alta cocina - El Digital de Asturias","description":"Madrid, 30 nov (EFE).- La gastronom\u00eda y la alimentaci\u00f3n espa\u00f1olas no se entender\u00edan sin el cerdo, \u00fanica fuente de prote\u00ednas de muchas generaciones. Su versi\u00f3n m\u00e1s exquisita, la ib\u00e9rica, gana cada vez m\u00e1s protagonismo en la alta cocina, lo que puede favorecer su introducci\u00f3n en coquinarias for\u00e1neas. As\u00ed lo entiende el experto en gastronom\u00eda Ismael","inLanguage":"es-ES","isPartOf":{"@id":"https:\/\/www.eldigitaldeasturias.com\/noticias\/#website"},"breadcrumb":{"@id":"https:\/\/www.eldigitaldeasturias.com\/noticias\/el-meritorio-cerdo-iberico-gana-espacio-en-la-alta-cocina\/#breadcrumblist"},"author":{"@id":"https:\/\/www.eldigitaldeasturias.com\/noticias\/author\/admin\/#author"},"creator":{"@id":"https:\/\/www.eldigitaldeasturias.com\/noticias\/author\/admin\/#author"},"image":{"@type":"ImageObject","url":456264,"@id":"https:\/\/www.eldigitaldeasturias.com\/noticias\/el-meritorio-cerdo-iberico-gana-espacio-en-la-alta-cocina\/#mainImage"},"primaryImageOfPage":{"@id":"https:\/\/www.eldigitaldeasturias.com\/noticias\/el-meritorio-cerdo-iberico-gana-espacio-en-la-alta-cocina\/#mainImage"},"datePublished":"2013-11-30T18:46:36+01:00","dateModified":"2013-11-30T18:46:36+01:00"},{"@type":"WebSite","@id":"https:\/\/www.eldigitaldeasturias.com\/noticias\/#website","url":"https:\/\/www.eldigitaldeasturias.com\/noticias\/","name":"El Digital de Asturias - Diario de actualidad y noticias","alternateName":"El Digital de Asturias - Diario de actualidad y noticias","description":"Hemeroteca","inLanguage":"es-ES","publisher":{"@id":"https:\/\/www.eldigitaldeasturias.com\/noticias\/#organization"}}]},"og:locale":"es_ES","og:site_name":"El Digital de Asturias","og:type":"article","og:title":"El meritorio cerdo ib\u00e9rico gana espacio en la alta cocina - El Digital de Asturias","og:description":"Madrid, 30 nov (EFE).- La gastronom\u00eda y la alimentaci\u00f3n espa\u00f1olas no se entender\u00edan sin el cerdo, \u00fanica fuente de prote\u00ednas de muchas generaciones. Su versi\u00f3n m\u00e1s exquisita, la ib\u00e9rica, gana cada vez m\u00e1s protagonismo en la alta cocina, lo que puede favorecer su introducci\u00f3n en coquinarias for\u00e1neas. As\u00ed lo entiende el experto en gastronom\u00eda Ismael","og:url":"https:\/\/www.eldigitaldeasturias.com\/noticias\/el-meritorio-cerdo-iberico-gana-espacio-en-la-alta-cocina\/","article:tag":["revista de ocio"],"article:published_time":"2013-11-30T19:46:36+00:00","article:modified_time":"2013-11-30T19:46:36+00:00","article:publisher":"https:\/\/facebook.com\/eldigitaldeasturias","twitter:card":"summary_large_image","twitter:title":"El meritorio cerdo ib\u00e9rico gana espacio en la alta cocina - El Digital de Asturias","twitter:description":"Madrid, 30 nov (EFE).- La gastronom\u00eda y la alimentaci\u00f3n espa\u00f1olas no se entender\u00edan sin el cerdo, \u00fanica fuente de prote\u00ednas de muchas generaciones. Su versi\u00f3n m\u00e1s exquisita, la ib\u00e9rica, gana cada vez m\u00e1s protagonismo en la alta cocina, lo que puede favorecer su introducci\u00f3n en coquinarias for\u00e1neas. As\u00ed lo entiende el experto en gastronom\u00eda Ismael","twitter:label1":"Escrito por","twitter:data1":"El Digital de Asturias","twitter:label2":"Tiempo de lectura estimado","twitter:data2":"4 minutos"},"aioseo_meta_data":{"post_id":"456263","title":null,"description":null,"keywords":null,"keyphrases":null,"primary_term":null,"canonical_url":null,"og_title":null,"og_description":null,"og_object_type":"default","og_image_type":"default","og_image_url":null,"og_image_width":null,"og_image_height":null,"og_image_custom_url":null,"og_image_custom_fields":null,"og_video":null,"og_custom_url":null,"og_article_section":null,"og_article_tags":null,"twitter_use_og":true,"twitter_card":"default","twitter_image_type":"default","twitter_image_url":null,"twitter_image_custom_url":null,"twitter_image_custom_fields":null,"twitter_title":null,"twitter_description":null,"schema":{"blockGraphs":[],"customGraphs":[],"default":{"data":{"Article":[],"Course":[],"Dataset":[],"FAQPage":[],"Movie":[],"Person":[],"Product":[],"ProductReview":[],"Car":[],"Recipe":[],"Service":[],"SoftwareApplication":[],"WebPage":[]},"graphName":"","isEnabled":true},"graphs":[],"defaultGraph":"","defaultPostTypeGraph":""},"schema_type":null,"schema_type_options":null,"pillar_content":false,"robots_default":true,"robots_noindex":false,"robots_noarchive":false,"robots_nosnippet":false,"robots_nofollow":false,"robots_noimageindex":false,"robots_noodp":false,"robots_notranslate":false,"robots_max_snippet":null,"robots_max_videopreview":null,"robots_max_imagepreview":"none","priority":null,"frequency":null,"local_seo":null,"seo_analyzer_scan_date":"2026-05-29 21:25:56","breadcrumb_settings":null,"limit_modified_date":false,"open_ai":null,"ai":null,"created":"2020-11-14 22:45:29","updated":"2026-05-29 21:25:56","focus_keyword":null,"additional_keywords":null,"truseo_locale":null},"aioseo_breadcrumb":"<div class=\"aioseo-breadcrumbs\"><span class=\"aioseo-breadcrumb\">\n\t<a href=\"https:\/\/www.eldigitaldeasturias.com\/noticias\" title=\"Home\">Home<\/a>\n<\/span><span class=\"aioseo-breadcrumb-separator\">\u2013<\/span><span class=\"aioseo-breadcrumb\">\n\t<a href=\"https:\/\/www.eldigitaldeasturias.com\/noticias\/category\/revista-de-ocio\/\" title=\"Revista de Ocio\">Revista de Ocio<\/a>\n<\/span><span class=\"aioseo-breadcrumb-separator\">\u2013<\/span><span class=\"aioseo-breadcrumb\">\n\t<a href=\"https:\/\/www.eldigitaldeasturias.com\/noticias\/el-meritorio-cerdo-iberico-gana-espacio-en-la-alta-cocina\/\" title=\"El meritorio cerdo ib\u00e9rico gana espacio en la alta cocina\">El meritorio cerdo ib\u00e9rico gana espacio en la alta cocina<\/a>\n<\/span><\/div>","aioseo_breadcrumb_json":[{"label":"Home","link":"https:\/\/www.eldigitaldeasturias.com\/noticias"},{"label":"Revista de Ocio","link":"https:\/\/www.eldigitaldeasturias.com\/noticias\/category\/revista-de-ocio\/"},{"label":"El meritorio cerdo ib\u00e9rico gana espacio en la alta cocina","link":"https:\/\/www.eldigitaldeasturias.com\/noticias\/el-meritorio-cerdo-iberico-gana-espacio-en-la-alta-cocina\/"}],"_links":{"self":[{"href":"https:\/\/www.eldigitaldeasturias.com\/noticias\/wp-json\/wp\/v2\/posts\/456263","targetHints":{"allow":["GET"]}}],"collection":[{"href":"https:\/\/www.eldigitaldeasturias.com\/noticias\/wp-json\/wp\/v2\/posts"}],"about":[{"href":"https:\/\/www.eldigitaldeasturias.com\/noticias\/wp-json\/wp\/v2\/types\/post"}],"author":[{"embeddable":true,"href":"https:\/\/www.eldigitaldeasturias.com\/noticias\/wp-json\/wp\/v2\/users\/1"}],"replies":[{"embeddable":true,"href":"https:\/\/www.eldigitaldeasturias.com\/noticias\/wp-json\/wp\/v2\/comments?post=456263"}],"version-history":[{"count":0,"href":"https:\/\/www.eldigitaldeasturias.com\/noticias\/wp-json\/wp\/v2\/posts\/456263\/revisions"}],"wp:attachment":[{"href":"https:\/\/www.eldigitaldeasturias.com\/noticias\/wp-json\/wp\/v2\/media?parent=456263"}],"wp:term":[{"taxonomy":"category","embeddable":true,"href":"https:\/\/www.eldigitaldeasturias.com\/noticias\/wp-json\/wp\/v2\/categories?post=456263"},{"taxonomy":"post_tag","embeddable":true,"href":"https:\/\/www.eldigitaldeasturias.com\/noticias\/wp-json\/wp\/v2\/tags?post=456263"}],"curies":[{"name":"wp","href":"https:\/\/api.w.org\/{rel}","templated":true}]}}