{"id":456260,"date":"2013-11-30T18:44:35","date_gmt":"2013-11-30T19:44:35","guid":{"rendered":"http:\/\/www.eldigitaldeasturias.com\/noticias\/?p=456260"},"modified":"2013-11-30T18:44:35","modified_gmt":"2013-11-30T19:44:35","slug":"ozu-sigue-vivo-en-el-cine-de-yamada-y-de-kore-eda","status":"publish","type":"post","link":"https:\/\/www.eldigitaldeasturias.com\/noticias\/ozu-sigue-vivo-en-el-cine-de-yamada-y-de-kore-eda\/","title":{"rendered":"Ozu sigue vivo en el cine de Yamada y de Kore-Eda"},"content":{"rendered":"<p><img loading=\"lazy\" decoding=\"async\" class=\"alignleft size-medium wp-image-456261\" alt=\"5763524w\" src=\"https:\/\/www.eldigitaldeasturias.com\/noticias\/wp-content\/uploads\/2013\/11\/5763524w-265x320.jpg\" width=\"265\" height=\"320\" \/>Madrid, 30 nov (EFE).- Sesenta a\u00f1os despu\u00e9s del estreno de \u00abCuentos de Tokio\u00bb, la estela marcada por Yasujiro Ozu sigue presente en filmes como \u00abUna familia de Tokio\u00bb, un \u00abremake\u00bb de Yoji Yamada y un homenaje al maestro, o en \u00abDe tal padre, tal hijo\u00bb, de su heredero natural, Hirokazu Kore-Eda.<\/p>\n<p>El a\u00f1o pasado \u00abCuentos de Tokio\u00bb fue elegida la mejor pel\u00edcula de la historia en una encuesta de la revista Sight &amp; Sound en la que participaron directores como Woody Allen, Sam Mendes, Quentin Tarantino, Manoel de Oliveira, Martin Scorsese, Juan Antonio Bayona, Kenneth Branagh, Hirokazu Kore-eda, Francis Ford Coppola, Guillermo del Toro, Carlos Reygadas, Agnieszka Holland y Asghar Farhadi.<\/p>\n<p>Una historia de amor y desamor familiar que a\u00fan hoy sigue siendo un ejemplo de clasicismo en su planteamiento narrativo y de modernidad en su estilo de rodaje, con planos est\u00e1ticos y una ausencia total de efectos -ni siquiera encadenados o fundidos a negro- que hacen de ella un espejo en el que mirarse para los realizadores que rechazan el cine de puro espect\u00e1culo.<\/p>\n<p>Wim Wenders -que realiz\u00f3 el documental \u00abTokio-Ga\u00bb con el que recorr\u00eda los escenarios del filme de Ozu-, Martin Scorsese, Jim Jarmusch, Alexander Payne o Paul Schrader son algunos de los directores que han hablado p\u00fablicamente de su devoci\u00f3n por el realizador japon\u00e9s y han reconocido su influencia.<\/p>\n<p>Pero en quienes m\u00e1s se palpan las ense\u00f1anzas de Ozu es en dos de sus compatriotas, Yoji Yamada e Hirokazu Kore-Eda.<\/p>\n<p>Yamada, que fue ayudante de direcci\u00f3n de Ozu, se ha atrevido este a\u00f1o a realizar su particular homenaje al maestro, con una nueva versi\u00f3n de \u00abCuentos de Tokio\u00bb, a su vez un \u00abremake\u00bb de \u00abDejad paso al ma\u00f1ana\u00bb, de Leo McCarey.<\/p>\n<p>En \u00abUna familia de Tokio\u00bb -Espiga de oro de la Seminci de Valladolid-, Yamada copia la historia de Ozu de una pareja de ancianos que no encuentran hueco en la vida de sus hijos, pero la traslada a la actualidad y cambia algunos elementos, como el n\u00famero de hijos y las relaciones que mantienen con sus padres.<\/p>\n<p>Y aunque mantiene el esp\u00edritu y la esencia del cine de Ozu, no utiliza uno de los planos m\u00e1s caracter\u00edsticos de sus pel\u00edculas, el conocido como \u00abtatami shot\u00bb, por estar situada la c\u00e1mara casi a ras de suelo, lo que da al espectador una visi\u00f3n m\u00e1s cercana a la de los personajes de sus historias.<\/p>\n<p>Es justamente ese cambio de posici\u00f3n de la c\u00e1mara lo que hace del filme de Yamada una historia independiente de la de Ozu y en cierto modo m\u00e1s cercana al original de McCarey.<\/p>\n<p>Pero pese a este sentido y bonito homenaje, no es Yamada el gran heredero de Ozu, sino Kore-eda, el director japon\u00e9s m\u00e1s reconocido en la actualidad.<\/p>\n<p>Lo es por su estilo pausado, por la reflexi\u00f3n que esconden sus historias y sus planos y, sobre todo, por su obsesi\u00f3n por los temas familiares, el centro de todas sus pel\u00edculas.<\/p>\n<p>Es el caso de \u00abDe tal padre, tal hijo\u00bb, su \u00faltimo y reci\u00e9n estrenado trabajo, con el que gan\u00f3 el Premio del Jurado en el \u00faltimo Festival de Cannes.<\/p>\n<p>Dos ni\u00f1os son intercambiados en el hospital en el que sus madres dan a luz, un error del que nadie se da cuenta hasta que pasan seis a\u00f1os, momento en el que se plantea el dilema de si deshacer el cambio y destrozar dos familias, o seguir adelante cada pareja con su hijo equivocado.<\/p>\n<p>Kore-eda narra con sutileza la sorpresa, el dolor y la incomprensi\u00f3n que viven los padres, sin lanzar juicios de valor sobre lo que cada personaje decide hacer.<\/p>\n<p>Una historia que se inscribe de forma coherente en la trayectoria profesional de un director que encuentra en la familia un fil\u00f3n inagotable para sus pel\u00edculas, como lo fue tambi\u00e9n para Ozu.<\/p>\n<p>Y que en uno de sus filmes anteriores, \u00abStill Walking\u00bb (2008), ya rindi\u00f3 su particular homenaje al maestro, con una historia que daba la vuelta al planteamiento de \u00abCuentos de Tokio\u00bb.<\/p>\n<p>En la pel\u00edcula de Kore-eda eran los hijos quienes visitaban a los padres en una reuni\u00f3n tras a\u00f1os sin verse que demostraba c\u00f3mo los miembros de la familia se hab\u00edan convertido en unos extra\u00f1os.<\/p>\n<p>Un cine m\u00e1s relajado y m\u00e1s profundo del que tiene \u00e9xito en la actualidad, pero que tambi\u00e9n encuentra su hueco, como lo demuestra el hecho de que \u00abUna familia de Tokio\u00bb haya sido una de las diez pel\u00edculas m\u00e1s taquilleras en Espa\u00f1a en su primera semana en cartelera.<\/p>\n<p>Alicia Garc\u00eda de Francisco.<\/p>\n","protected":false},"excerpt":{"rendered":"<p>Madrid, 30 nov (EFE).- Sesenta a\u00f1os despu\u00e9s del estreno de \u00abCuentos de Tokio\u00bb, la estela marcada por Yasujiro Ozu sigue presente en filmes como \u00abUna familia de Tokio\u00bb, un \u00abremake\u00bb de Yoji Yamada y un homenaje al maestro, o en \u00abDe tal padre, tal hijo\u00bb, de su heredero natural, Hirokazu Kore-Eda. El a\u00f1o pasado \u00abCuentos [&hellip;]<\/p>\n","protected":false},"author":1,"featured_media":456261,"comment_status":"closed","ping_status":"open","sticky":false,"template":"","format":"standard","meta":{"footnotes":""},"categories":[50],"tags":[],"class_list":["post-456260","post","type-post","status-publish","format-standard","has-post-thumbnail","hentry","category-revista-de-ocio"],"aioseo_notices":[],"aioseo_head":"\n\t\t<!-- All in One SEO Pro 5.0.1 - aioseo.com -->\n\t<meta name=\"description\" content=\"Madrid, 30 nov (EFE).- Sesenta a\u00f1os despu\u00e9s del estreno de &quot;Cuentos de Tokio&quot;, la estela marcada por Yasujiro Ozu sigue presente en filmes como &quot;Una familia de Tokio&quot;, un &quot;remake&quot; de Yoji Yamada y un homenaje al maestro, o en &quot;De tal padre, tal hijo&quot;, de su heredero natural, Hirokazu Kore-Eda. El a\u00f1o pasado &quot;Cuentos\" \/>\n\t<meta name=\"robots\" content=\"max-image-preview:large\" \/>\n\t<meta name=\"author\" content=\"El Digital de Asturias\"\/>\n\t<meta name=\"google-site-verification\" content=\"UA-38556648-1\" \/>\n\t<meta name=\"msvalidate.01\" content=\"7dfe9f3f1b24437ab69f4f2559babe99\" \/>\n\t<meta name=\"keywords\" content=\"revista de ocio\" \/>\n\t<link rel=\"canonical\" href=\"https:\/\/www.eldigitaldeasturias.com\/noticias\/ozu-sigue-vivo-en-el-cine-de-yamada-y-de-kore-eda\/\" \/>\n\t<meta name=\"generator\" content=\"All in One SEO Pro (AIOSEO) 5.0.1\" \/>\n\t\t<meta property=\"og:locale\" content=\"es_ES\" \/>\n\t\t<meta property=\"og:site_name\" content=\"El Digital de Asturias\" \/>\n\t\t<meta property=\"og:type\" content=\"article\" \/>\n\t\t<meta property=\"og:title\" content=\"Ozu sigue vivo en el cine de Yamada y de Kore-Eda - El Digital de Asturias\" \/>\n\t\t<meta property=\"og:description\" content=\"Madrid, 30 nov (EFE).- Sesenta a\u00f1os despu\u00e9s del estreno de &quot;Cuentos de Tokio&quot;, la estela marcada por Yasujiro Ozu sigue presente en filmes como &quot;Una familia de Tokio&quot;, un &quot;remake&quot; de Yoji Yamada y un homenaje al maestro, o en &quot;De tal padre, tal hijo&quot;, de su heredero natural, Hirokazu Kore-Eda. El a\u00f1o pasado &quot;Cuentos\" \/>\n\t\t<meta property=\"og:url\" content=\"https:\/\/www.eldigitaldeasturias.com\/noticias\/ozu-sigue-vivo-en-el-cine-de-yamada-y-de-kore-eda\/\" \/>\n\t\t<meta property=\"article:tag\" content=\"revista de ocio\" \/>\n\t\t<meta property=\"article:published_time\" content=\"2013-11-30T19:44:35+00:00\" \/>\n\t\t<meta property=\"article:modified_time\" content=\"2013-11-30T19:44:35+00:00\" \/>\n\t\t<meta property=\"article:publisher\" content=\"https:\/\/facebook.com\/eldigitaldeasturias\" \/>\n\t\t<meta name=\"twitter:card\" content=\"summary_large_image\" \/>\n\t\t<meta name=\"twitter:title\" content=\"Ozu sigue vivo en el cine de Yamada y de Kore-Eda - El Digital de Asturias\" \/>\n\t\t<meta name=\"twitter:description\" content=\"Madrid, 30 nov (EFE).- Sesenta a\u00f1os despu\u00e9s del estreno de &quot;Cuentos de Tokio&quot;, la estela marcada por Yasujiro Ozu sigue presente en filmes como &quot;Una familia de Tokio&quot;, un &quot;remake&quot; de Yoji Yamada y un homenaje al maestro, o en &quot;De tal padre, tal hijo&quot;, de su heredero natural, Hirokazu Kore-Eda. El a\u00f1o pasado &quot;Cuentos\" \/>\n\t\t<meta name=\"twitter:label1\" content=\"Escrito por\" \/>\n\t\t<meta name=\"twitter:data1\" content=\"El Digital de Asturias\" \/>\n\t\t<meta name=\"twitter:label2\" content=\"Tiempo de lectura estimado\" \/>\n\t\t<meta name=\"twitter:data2\" content=\"4 minutos\" \/>\n\t\t<script type=\"application\/ld+json\" class=\"aioseo-schema\">\n\t\t\t{\"@context\":\"https:\\\/\\\/schema.org\",\"@graph\":[{\"@type\":\"BlogPosting\",\"@id\":\"https:\\\/\\\/www.eldigitaldeasturias.com\\\/noticias\\\/ozu-sigue-vivo-en-el-cine-de-yamada-y-de-kore-eda\\\/#blogposting\",\"name\":\"Ozu sigue vivo en el cine de Yamada y de Kore-Eda - El Digital de Asturias\",\"headline\":\"Ozu sigue vivo en el cine de Yamada y de Kore-Eda\",\"author\":{\"@id\":\"https:\\\/\\\/www.eldigitaldeasturias.com\\\/noticias\\\/author\\\/admin\\\/#author\"},\"publisher\":{\"@id\":\"https:\\\/\\\/www.eldigitaldeasturias.com\\\/noticias\\\/#organization\"},\"image\":{\"@type\":\"ImageObject\",\"url\":456261},\"datePublished\":\"2013-11-30T18:44:35+01:00\",\"dateModified\":\"2013-11-30T18:44:35+01:00\",\"inLanguage\":\"es-ES\",\"mainEntityOfPage\":{\"@id\":\"https:\\\/\\\/www.eldigitaldeasturias.com\\\/noticias\\\/ozu-sigue-vivo-en-el-cine-de-yamada-y-de-kore-eda\\\/#webpage\"},\"isPartOf\":{\"@id\":\"https:\\\/\\\/www.eldigitaldeasturias.com\\\/noticias\\\/ozu-sigue-vivo-en-el-cine-de-yamada-y-de-kore-eda\\\/#webpage\"},\"articleSection\":\"Revista de Ocio\"},{\"@type\":\"BreadcrumbList\",\"@id\":\"https:\\\/\\\/www.eldigitaldeasturias.com\\\/noticias\\\/ozu-sigue-vivo-en-el-cine-de-yamada-y-de-kore-eda\\\/#breadcrumblist\",\"itemListElement\":[{\"@type\":\"ListItem\",\"@id\":\"https:\\\/\\\/www.eldigitaldeasturias.com\\\/noticias#listItem\",\"position\":1,\"name\":\"Home\",\"item\":\"https:\\\/\\\/www.eldigitaldeasturias.com\\\/noticias\",\"nextItem\":{\"@type\":\"ListItem\",\"@id\":\"https:\\\/\\\/www.eldigitaldeasturias.com\\\/noticias\\\/category\\\/revista-de-ocio\\\/#listItem\",\"name\":\"Revista de Ocio\"}},{\"@type\":\"ListItem\",\"@id\":\"https:\\\/\\\/www.eldigitaldeasturias.com\\\/noticias\\\/category\\\/revista-de-ocio\\\/#listItem\",\"position\":2,\"name\":\"Revista de Ocio\",\"item\":\"https:\\\/\\\/www.eldigitaldeasturias.com\\\/noticias\\\/category\\\/revista-de-ocio\\\/\",\"nextItem\":{\"@type\":\"ListItem\",\"@id\":\"https:\\\/\\\/www.eldigitaldeasturias.com\\\/noticias\\\/ozu-sigue-vivo-en-el-cine-de-yamada-y-de-kore-eda\\\/#listItem\",\"name\":\"Ozu sigue vivo en el cine de Yamada y de Kore-Eda\"},\"previousItem\":{\"@type\":\"ListItem\",\"@id\":\"https:\\\/\\\/www.eldigitaldeasturias.com\\\/noticias#listItem\",\"name\":\"Home\"}},{\"@type\":\"ListItem\",\"@id\":\"https:\\\/\\\/www.eldigitaldeasturias.com\\\/noticias\\\/ozu-sigue-vivo-en-el-cine-de-yamada-y-de-kore-eda\\\/#listItem\",\"position\":3,\"name\":\"Ozu sigue vivo en el cine de Yamada y de Kore-Eda\",\"previousItem\":{\"@type\":\"ListItem\",\"@id\":\"https:\\\/\\\/www.eldigitaldeasturias.com\\\/noticias\\\/category\\\/revista-de-ocio\\\/#listItem\",\"name\":\"Revista de Ocio\"}}]},{\"@type\":\"Organization\",\"@id\":\"https:\\\/\\\/www.eldigitaldeasturias.com\\\/noticias\\\/#organization\",\"name\":\"El Digital de Asturias\",\"description\":\"Hemeroteca\",\"url\":\"https:\\\/\\\/www.eldigitaldeasturias.com\\\/noticias\\\/\",\"email\":\"info@eldigitaldeasturias.com\",\"telephone\":\"+34652131393\",\"logo\":{\"@type\":\"ImageObject\",\"url\":\"https:\\\/\\\/www.eldigitaldeasturias.com\\\/noticias\\\/wp-content\\\/uploads\\\/2020\\\/12\\\/EDA.jpg\",\"@id\":\"https:\\\/\\\/www.eldigitaldeasturias.com\\\/noticias\\\/ozu-sigue-vivo-en-el-cine-de-yamada-y-de-kore-eda\\\/#organizationLogo\"},\"image\":{\"@id\":\"https:\\\/\\\/www.eldigitaldeasturias.com\\\/noticias\\\/ozu-sigue-vivo-en-el-cine-de-yamada-y-de-kore-eda\\\/#organizationLogo\"},\"sameAs\":[\"https:\\\/\\\/facebook.com\\\/eldigitaldeasturias\",\"https:\\\/\\\/www.youtube.com\\\/channel\\\/UCZP-2wLEB9Rv6erhFmqVnvg\"],\"address\":{\"@id\":\"https:\\\/\\\/www.eldigitaldeasturias.com\\\/noticias\\\/#postaladdress\",\"@type\":\"PostalAddress\",\"streetAddress\":\"san antonio 4\",\"postalCode\":\"33430\",\"addressLocality\":\"Cand\\u00e1s\",\"addressRegion\":\"Asturias\",\"addressCountry\":\"ES\"}},{\"@type\":\"Person\",\"@id\":\"https:\\\/\\\/www.eldigitaldeasturias.com\\\/noticias\\\/author\\\/admin\\\/#author\",\"url\":\"https:\\\/\\\/www.eldigitaldeasturias.com\\\/noticias\\\/author\\\/admin\\\/\",\"name\":\"El Digital de Asturias\",\"image\":{\"@type\":\"ImageObject\",\"@id\":\"https:\\\/\\\/www.eldigitaldeasturias.com\\\/noticias\\\/ozu-sigue-vivo-en-el-cine-de-yamada-y-de-kore-eda\\\/#authorImage\",\"url\":\"https:\\\/\\\/secure.gravatar.com\\\/avatar\\\/df2aeffc32bcd13f8d26072ef8a91b623d677766deac7f97ca815868cd41bf5e?s=96&d=mm&r=g\",\"width\":96,\"height\":96,\"caption\":\"El Digital de Asturias\"}},{\"@type\":\"WebPage\",\"@id\":\"https:\\\/\\\/www.eldigitaldeasturias.com\\\/noticias\\\/ozu-sigue-vivo-en-el-cine-de-yamada-y-de-kore-eda\\\/#webpage\",\"url\":\"https:\\\/\\\/www.eldigitaldeasturias.com\\\/noticias\\\/ozu-sigue-vivo-en-el-cine-de-yamada-y-de-kore-eda\\\/\",\"name\":\"Ozu sigue vivo en el cine de Yamada y de Kore-Eda - El Digital de Asturias\",\"description\":\"Madrid, 30 nov (EFE).- Sesenta a\\u00f1os despu\\u00e9s del estreno de \\\"Cuentos de Tokio\\\", la estela marcada por Yasujiro Ozu sigue presente en filmes como \\\"Una familia de Tokio\\\", un \\\"remake\\\" de Yoji Yamada y un homenaje al maestro, o en \\\"De tal padre, tal hijo\\\", de su heredero natural, Hirokazu Kore-Eda. El a\\u00f1o pasado \\\"Cuentos\",\"inLanguage\":\"es-ES\",\"isPartOf\":{\"@id\":\"https:\\\/\\\/www.eldigitaldeasturias.com\\\/noticias\\\/#website\"},\"breadcrumb\":{\"@id\":\"https:\\\/\\\/www.eldigitaldeasturias.com\\\/noticias\\\/ozu-sigue-vivo-en-el-cine-de-yamada-y-de-kore-eda\\\/#breadcrumblist\"},\"author\":{\"@id\":\"https:\\\/\\\/www.eldigitaldeasturias.com\\\/noticias\\\/author\\\/admin\\\/#author\"},\"creator\":{\"@id\":\"https:\\\/\\\/www.eldigitaldeasturias.com\\\/noticias\\\/author\\\/admin\\\/#author\"},\"image\":{\"@type\":\"ImageObject\",\"url\":456261,\"@id\":\"https:\\\/\\\/www.eldigitaldeasturias.com\\\/noticias\\\/ozu-sigue-vivo-en-el-cine-de-yamada-y-de-kore-eda\\\/#mainImage\"},\"primaryImageOfPage\":{\"@id\":\"https:\\\/\\\/www.eldigitaldeasturias.com\\\/noticias\\\/ozu-sigue-vivo-en-el-cine-de-yamada-y-de-kore-eda\\\/#mainImage\"},\"datePublished\":\"2013-11-30T18:44:35+01:00\",\"dateModified\":\"2013-11-30T18:44:35+01:00\"},{\"@type\":\"WebSite\",\"@id\":\"https:\\\/\\\/www.eldigitaldeasturias.com\\\/noticias\\\/#website\",\"url\":\"https:\\\/\\\/www.eldigitaldeasturias.com\\\/noticias\\\/\",\"name\":\"El Digital de Asturias - Diario de actualidad y noticias\",\"alternateName\":\"El Digital de Asturias - Diario de actualidad y noticias\",\"description\":\"Hemeroteca\",\"inLanguage\":\"es-ES\",\"publisher\":{\"@id\":\"https:\\\/\\\/www.eldigitaldeasturias.com\\\/noticias\\\/#organization\"}}]}\n\t\t<\/script>\n\t\t<!-- All in One SEO Pro -->\r\n\t\t<title>Ozu sigue vivo en el cine de Yamada y de Kore-Eda - El Digital de Asturias<\/title>\n\n","aioseo_head_json":{"title":"Ozu sigue vivo en el cine de Yamada y de Kore-Eda - El Digital de Asturias","description":"Madrid, 30 nov (EFE).- Sesenta a\u00f1os despu\u00e9s del estreno de \"Cuentos de Tokio\", la estela marcada por Yasujiro Ozu sigue presente en filmes como \"Una familia de Tokio\", un \"remake\" de Yoji Yamada y un homenaje al maestro, o en \"De tal padre, tal hijo\", de su heredero natural, Hirokazu Kore-Eda. El a\u00f1o pasado \"Cuentos","canonical_url":"https:\/\/www.eldigitaldeasturias.com\/noticias\/ozu-sigue-vivo-en-el-cine-de-yamada-y-de-kore-eda\/","robots":"max-image-preview:large","keywords":"revista de ocio","webmasterTools":{"google-site-verification":"UA-38556648-1","msvalidate.01":"7dfe9f3f1b24437ab69f4f2559babe99","miscellaneous":""},"schema":{"@context":"https:\/\/schema.org","@graph":[{"@type":"BlogPosting","@id":"https:\/\/www.eldigitaldeasturias.com\/noticias\/ozu-sigue-vivo-en-el-cine-de-yamada-y-de-kore-eda\/#blogposting","name":"Ozu sigue vivo en el cine de Yamada y de Kore-Eda - El Digital de Asturias","headline":"Ozu sigue vivo en el cine de Yamada y de Kore-Eda","author":{"@id":"https:\/\/www.eldigitaldeasturias.com\/noticias\/author\/admin\/#author"},"publisher":{"@id":"https:\/\/www.eldigitaldeasturias.com\/noticias\/#organization"},"image":{"@type":"ImageObject","url":456261},"datePublished":"2013-11-30T18:44:35+01:00","dateModified":"2013-11-30T18:44:35+01:00","inLanguage":"es-ES","mainEntityOfPage":{"@id":"https:\/\/www.eldigitaldeasturias.com\/noticias\/ozu-sigue-vivo-en-el-cine-de-yamada-y-de-kore-eda\/#webpage"},"isPartOf":{"@id":"https:\/\/www.eldigitaldeasturias.com\/noticias\/ozu-sigue-vivo-en-el-cine-de-yamada-y-de-kore-eda\/#webpage"},"articleSection":"Revista de Ocio"},{"@type":"BreadcrumbList","@id":"https:\/\/www.eldigitaldeasturias.com\/noticias\/ozu-sigue-vivo-en-el-cine-de-yamada-y-de-kore-eda\/#breadcrumblist","itemListElement":[{"@type":"ListItem","@id":"https:\/\/www.eldigitaldeasturias.com\/noticias#listItem","position":1,"name":"Home","item":"https:\/\/www.eldigitaldeasturias.com\/noticias","nextItem":{"@type":"ListItem","@id":"https:\/\/www.eldigitaldeasturias.com\/noticias\/category\/revista-de-ocio\/#listItem","name":"Revista de Ocio"}},{"@type":"ListItem","@id":"https:\/\/www.eldigitaldeasturias.com\/noticias\/category\/revista-de-ocio\/#listItem","position":2,"name":"Revista de Ocio","item":"https:\/\/www.eldigitaldeasturias.com\/noticias\/category\/revista-de-ocio\/","nextItem":{"@type":"ListItem","@id":"https:\/\/www.eldigitaldeasturias.com\/noticias\/ozu-sigue-vivo-en-el-cine-de-yamada-y-de-kore-eda\/#listItem","name":"Ozu sigue vivo en el cine de Yamada y de Kore-Eda"},"previousItem":{"@type":"ListItem","@id":"https:\/\/www.eldigitaldeasturias.com\/noticias#listItem","name":"Home"}},{"@type":"ListItem","@id":"https:\/\/www.eldigitaldeasturias.com\/noticias\/ozu-sigue-vivo-en-el-cine-de-yamada-y-de-kore-eda\/#listItem","position":3,"name":"Ozu sigue vivo en el cine de Yamada y de Kore-Eda","previousItem":{"@type":"ListItem","@id":"https:\/\/www.eldigitaldeasturias.com\/noticias\/category\/revista-de-ocio\/#listItem","name":"Revista de Ocio"}}]},{"@type":"Organization","@id":"https:\/\/www.eldigitaldeasturias.com\/noticias\/#organization","name":"El Digital de Asturias","description":"Hemeroteca","url":"https:\/\/www.eldigitaldeasturias.com\/noticias\/","email":"info@eldigitaldeasturias.com","telephone":"+34652131393","logo":{"@type":"ImageObject","url":"https:\/\/www.eldigitaldeasturias.com\/noticias\/wp-content\/uploads\/2020\/12\/EDA.jpg","@id":"https:\/\/www.eldigitaldeasturias.com\/noticias\/ozu-sigue-vivo-en-el-cine-de-yamada-y-de-kore-eda\/#organizationLogo"},"image":{"@id":"https:\/\/www.eldigitaldeasturias.com\/noticias\/ozu-sigue-vivo-en-el-cine-de-yamada-y-de-kore-eda\/#organizationLogo"},"sameAs":["https:\/\/facebook.com\/eldigitaldeasturias","https:\/\/www.youtube.com\/channel\/UCZP-2wLEB9Rv6erhFmqVnvg"],"address":{"@id":"https:\/\/www.eldigitaldeasturias.com\/noticias\/#postaladdress","@type":"PostalAddress","streetAddress":"san antonio 4","postalCode":"33430","addressLocality":"Cand\u00e1s","addressRegion":"Asturias","addressCountry":"ES"}},{"@type":"Person","@id":"https:\/\/www.eldigitaldeasturias.com\/noticias\/author\/admin\/#author","url":"https:\/\/www.eldigitaldeasturias.com\/noticias\/author\/admin\/","name":"El Digital de Asturias","image":{"@type":"ImageObject","@id":"https:\/\/www.eldigitaldeasturias.com\/noticias\/ozu-sigue-vivo-en-el-cine-de-yamada-y-de-kore-eda\/#authorImage","url":"https:\/\/secure.gravatar.com\/avatar\/df2aeffc32bcd13f8d26072ef8a91b623d677766deac7f97ca815868cd41bf5e?s=96&d=mm&r=g","width":96,"height":96,"caption":"El Digital de Asturias"}},{"@type":"WebPage","@id":"https:\/\/www.eldigitaldeasturias.com\/noticias\/ozu-sigue-vivo-en-el-cine-de-yamada-y-de-kore-eda\/#webpage","url":"https:\/\/www.eldigitaldeasturias.com\/noticias\/ozu-sigue-vivo-en-el-cine-de-yamada-y-de-kore-eda\/","name":"Ozu sigue vivo en el cine de Yamada y de Kore-Eda - El Digital de Asturias","description":"Madrid, 30 nov (EFE).- Sesenta a\u00f1os despu\u00e9s del estreno de \"Cuentos de Tokio\", la estela marcada por Yasujiro Ozu sigue presente en filmes como \"Una familia de Tokio\", un \"remake\" de Yoji Yamada y un homenaje al maestro, o en \"De tal padre, tal hijo\", de su heredero natural, Hirokazu Kore-Eda. El a\u00f1o pasado \"Cuentos","inLanguage":"es-ES","isPartOf":{"@id":"https:\/\/www.eldigitaldeasturias.com\/noticias\/#website"},"breadcrumb":{"@id":"https:\/\/www.eldigitaldeasturias.com\/noticias\/ozu-sigue-vivo-en-el-cine-de-yamada-y-de-kore-eda\/#breadcrumblist"},"author":{"@id":"https:\/\/www.eldigitaldeasturias.com\/noticias\/author\/admin\/#author"},"creator":{"@id":"https:\/\/www.eldigitaldeasturias.com\/noticias\/author\/admin\/#author"},"image":{"@type":"ImageObject","url":456261,"@id":"https:\/\/www.eldigitaldeasturias.com\/noticias\/ozu-sigue-vivo-en-el-cine-de-yamada-y-de-kore-eda\/#mainImage"},"primaryImageOfPage":{"@id":"https:\/\/www.eldigitaldeasturias.com\/noticias\/ozu-sigue-vivo-en-el-cine-de-yamada-y-de-kore-eda\/#mainImage"},"datePublished":"2013-11-30T18:44:35+01:00","dateModified":"2013-11-30T18:44:35+01:00"},{"@type":"WebSite","@id":"https:\/\/www.eldigitaldeasturias.com\/noticias\/#website","url":"https:\/\/www.eldigitaldeasturias.com\/noticias\/","name":"El Digital de Asturias - Diario de actualidad y noticias","alternateName":"El Digital de Asturias - Diario de actualidad y noticias","description":"Hemeroteca","inLanguage":"es-ES","publisher":{"@id":"https:\/\/www.eldigitaldeasturias.com\/noticias\/#organization"}}]},"og:locale":"es_ES","og:site_name":"El Digital de Asturias","og:type":"article","og:title":"Ozu sigue vivo en el cine de Yamada y de Kore-Eda - El Digital de Asturias","og:description":"Madrid, 30 nov (EFE).- Sesenta a\u00f1os despu\u00e9s del estreno de &quot;Cuentos de Tokio&quot;, la estela marcada por Yasujiro Ozu sigue presente en filmes como &quot;Una familia de Tokio&quot;, un &quot;remake&quot; de Yoji Yamada y un homenaje al maestro, o en &quot;De tal padre, tal hijo&quot;, de su heredero natural, Hirokazu Kore-Eda. El a\u00f1o pasado &quot;Cuentos","og:url":"https:\/\/www.eldigitaldeasturias.com\/noticias\/ozu-sigue-vivo-en-el-cine-de-yamada-y-de-kore-eda\/","article:tag":["revista de ocio"],"article:published_time":"2013-11-30T19:44:35+00:00","article:modified_time":"2013-11-30T19:44:35+00:00","article:publisher":"https:\/\/facebook.com\/eldigitaldeasturias","twitter:card":"summary_large_image","twitter:title":"Ozu sigue vivo en el cine de Yamada y de Kore-Eda - El Digital de Asturias","twitter:description":"Madrid, 30 nov (EFE).- Sesenta a\u00f1os despu\u00e9s del estreno de &quot;Cuentos de Tokio&quot;, la estela marcada por Yasujiro Ozu sigue presente en filmes como &quot;Una familia de Tokio&quot;, un &quot;remake&quot; de Yoji Yamada y un homenaje al maestro, o en &quot;De tal padre, tal hijo&quot;, de su heredero natural, Hirokazu Kore-Eda. El a\u00f1o pasado &quot;Cuentos","twitter:label1":"Escrito por","twitter:data1":"El Digital de Asturias","twitter:label2":"Tiempo de lectura estimado","twitter:data2":"4 minutos"},"aioseo_meta_data":{"post_id":"456260","title":null,"description":null,"keywords":null,"keyphrases":null,"primary_term":null,"canonical_url":null,"og_title":null,"og_description":null,"og_object_type":"default","og_image_type":"default","og_image_url":null,"og_image_width":null,"og_image_height":null,"og_image_custom_url":null,"og_image_custom_fields":null,"og_video":null,"og_custom_url":null,"og_article_section":null,"og_article_tags":null,"twitter_use_og":true,"twitter_card":"default","twitter_image_type":"default","twitter_image_url":null,"twitter_image_custom_url":null,"twitter_image_custom_fields":null,"twitter_title":null,"twitter_description":null,"schema":{"blockGraphs":[],"customGraphs":[],"default":{"data":{"Article":[],"Course":[],"Dataset":[],"FAQPage":[],"Movie":[],"Person":[],"Product":[],"ProductReview":[],"Car":[],"Recipe":[],"Service":[],"SoftwareApplication":[],"WebPage":[]},"graphName":"","isEnabled":true},"graphs":[],"defaultGraph":"","defaultPostTypeGraph":""},"schema_type":null,"schema_type_options":null,"pillar_content":false,"robots_default":true,"robots_noindex":false,"robots_noarchive":false,"robots_nosnippet":false,"robots_nofollow":false,"robots_noimageindex":false,"robots_noodp":false,"robots_notranslate":false,"robots_max_snippet":null,"robots_max_videopreview":null,"robots_max_imagepreview":"none","priority":null,"frequency":null,"local_seo":null,"seo_analyzer_scan_date":"2026-05-29 21:23:57","breadcrumb_settings":null,"limit_modified_date":false,"open_ai":null,"ai":null,"created":"2020-11-14 22:45:29","updated":"2026-05-29 21:23:57","focus_keyword":null,"additional_keywords":null,"truseo_locale":null},"aioseo_breadcrumb":"<div class=\"aioseo-breadcrumbs\"><span class=\"aioseo-breadcrumb\">\n\t<a href=\"https:\/\/www.eldigitaldeasturias.com\/noticias\" title=\"Home\">Home<\/a>\n<\/span><span class=\"aioseo-breadcrumb-separator\">\u2013<\/span><span class=\"aioseo-breadcrumb\">\n\t<a href=\"https:\/\/www.eldigitaldeasturias.com\/noticias\/category\/revista-de-ocio\/\" title=\"Revista de Ocio\">Revista de Ocio<\/a>\n<\/span><span class=\"aioseo-breadcrumb-separator\">\u2013<\/span><span class=\"aioseo-breadcrumb\">\n\t<a href=\"https:\/\/www.eldigitaldeasturias.com\/noticias\/ozu-sigue-vivo-en-el-cine-de-yamada-y-de-kore-eda\/\" title=\"Ozu sigue vivo en el cine de Yamada y de Kore-Eda\">Ozu sigue vivo en el cine de Yamada y de Kore-Eda<\/a>\n<\/span><\/div>","aioseo_breadcrumb_json":[{"label":"Home","link":"https:\/\/www.eldigitaldeasturias.com\/noticias"},{"label":"Revista de Ocio","link":"https:\/\/www.eldigitaldeasturias.com\/noticias\/category\/revista-de-ocio\/"},{"label":"Ozu sigue vivo en el cine de Yamada y de Kore-Eda","link":"https:\/\/www.eldigitaldeasturias.com\/noticias\/ozu-sigue-vivo-en-el-cine-de-yamada-y-de-kore-eda\/"}],"_links":{"self":[{"href":"https:\/\/www.eldigitaldeasturias.com\/noticias\/wp-json\/wp\/v2\/posts\/456260","targetHints":{"allow":["GET"]}}],"collection":[{"href":"https:\/\/www.eldigitaldeasturias.com\/noticias\/wp-json\/wp\/v2\/posts"}],"about":[{"href":"https:\/\/www.eldigitaldeasturias.com\/noticias\/wp-json\/wp\/v2\/types\/post"}],"author":[{"embeddable":true,"href":"https:\/\/www.eldigitaldeasturias.com\/noticias\/wp-json\/wp\/v2\/users\/1"}],"replies":[{"embeddable":true,"href":"https:\/\/www.eldigitaldeasturias.com\/noticias\/wp-json\/wp\/v2\/comments?post=456260"}],"version-history":[{"count":0,"href":"https:\/\/www.eldigitaldeasturias.com\/noticias\/wp-json\/wp\/v2\/posts\/456260\/revisions"}],"wp:attachment":[{"href":"https:\/\/www.eldigitaldeasturias.com\/noticias\/wp-json\/wp\/v2\/media?parent=456260"}],"wp:term":[{"taxonomy":"category","embeddable":true,"href":"https:\/\/www.eldigitaldeasturias.com\/noticias\/wp-json\/wp\/v2\/categories?post=456260"},{"taxonomy":"post_tag","embeddable":true,"href":"https:\/\/www.eldigitaldeasturias.com\/noticias\/wp-json\/wp\/v2\/tags?post=456260"}],"curies":[{"name":"wp","href":"https:\/\/api.w.org\/{rel}","templated":true}]}}