{"id":456233,"date":"2013-11-30T18:28:39","date_gmt":"2013-11-30T19:28:39","guid":{"rendered":"http:\/\/www.eldigitaldeasturias.com\/noticias\/?p=456233"},"modified":"2013-11-30T18:28:39","modified_gmt":"2013-11-30T19:28:39","slug":"un-georradar-empieza-la-busqueda-en-el-paraje-donde-podria-estar-garcia-lorca","status":"publish","type":"post","link":"https:\/\/www.eldigitaldeasturias.com\/noticias\/un-georradar-empieza-la-busqueda-en-el-paraje-donde-podria-estar-garcia-lorca\/","title":{"rendered":"Un georradar empieza la b\u00fasqueda en el paraje donde podr\u00eda estar Garc\u00eda Lorca"},"content":{"rendered":"<p><img loading=\"lazy\" decoding=\"async\" class=\"alignleft size-medium wp-image-456234\" alt=\"5763483w\" src=\"https:\/\/www.eldigitaldeasturias.com\/noticias\/wp-content\/uploads\/2013\/11\/5763483w-360x238.jpg\" width=\"360\" height=\"238\" \/>Granada, 30 nov (EFE).- La Junta de Andaluc\u00eda ha iniciado esta ma\u00f1ana el proyecto para buscar y delimitar enterramientos en fosas comunes en el entorno del Pe\u00f1\u00f3n del Colorado, en el municipio de Alfacar (Granada), lugar donde el investigador Miguel Caballero ubica la posible fosa de Garc\u00eda Lorca.<\/p>\n<p>Caballero ha detallado a Efe que las condiciones meteorol\u00f3gicas han permitido iniciar esta ma\u00f1ana las tareas de preparaci\u00f3n del terreno, en el que el equipo dependiente de la Junta de Andaluc\u00eda ha iniciado el rastreo con georradar.<\/p>\n<p>El nuevo proyecto de b\u00fasqueda de fosas, presentado ayer por el director general de Memoria Democr\u00e1tica Luis Naranjo, junto a Caballero y el arque\u00f3logo Javier Navarro, se centrar\u00e1 en las primeras jornadas en detectar con el georradar tres antiguos pozos en los que pudieron ser arrojados restos humanos.<\/p>\n<p>\u00abSe delimitar\u00e1 el terreno por cuadr\u00edculas, se detectar\u00e1n los antiguos pozos y se quitar\u00e1 el banco de vegetaci\u00f3n en las zonas con movimientos de tierra para avanzar en el trabajo\u00bb, ha explicado Caballero.<\/p>\n<p>Aunque la Junta de Andaluc\u00eda ha desvinculado este proyecto de la figura del poeta Federico Garc\u00eda Lorca porque no hace \u00abdistinciones\u00bb sobre las v\u00edctimas del Franquismo, Naranjo admiti\u00f3 ayer el car\u00e1cter \u00ababsolutamente emblem\u00e1tico\u00bb del entorno en el que se va a centrar el proyecto.<\/p>\n<p>Los trabajos se desarrollan a 500 metros de la zona en la que la Junta ya intervino sin \u00e9xito en 2009 y estudiar\u00e1 1.200 metros cuadrados de terreno.<\/p>\n<p>El equipo de 14 personas que trabaja en Alfacar sumar\u00e1 a los datos del georradar los sondeos arqueol\u00f3gicos manuales, la retirada de la tierra revuelta y la vegetaci\u00f3n para encontrar las zonas con movimientos en los que podr\u00eda haber enterramientos.<\/p>\n<p>La Junta ya adelant\u00f3 ayer que si estos trabajos previos sirven para localizar alguna fosa, lo comunicar\u00e1n al juzgado correspondiente como han hecho en actuaciones similares.<\/p>\n<p>La primera fase de intervenci\u00f3n cuenta con un presupuesto inicial de 10.000 euros y parte de las investigaciones \u00abcient\u00edficas y documentales\u00bb de Caballero, quien tambi\u00e9n se basa en testimonios del periodista y escritor granadino Eduardo Molina Fajardo (1914-1979).<\/p>\n<p>Aunque en esta primera fase no es necesaria la autorizaci\u00f3n o petici\u00f3n de allegados de posibles v\u00edctimas, diez familias -entre las que no se encuentra la de Federico Garc\u00eda Lorca- han reclamado la localizaci\u00f3n en el entorno del barranco de V\u00edznar, donde algunos estudios apuntan que puede haber enterradas m\u00e1s de 3.000 personas.<\/p>\n<p>Se trata del primer proyecto que lidera en este entorno de Memoria Democr\u00e1tica, despu\u00e9s de que en 2009 el entonces Comisariado de Memoria Hist\u00f3rica de la Junta de Andaluc\u00eda promoviera una excavaci\u00f3n durante cerca de dos meses a petici\u00f3n de familiares de dos fusilados y enterrados supuestamente junto a Garc\u00eda Lorca, que culmin\u00f3 sin localizar ning\u00fan resto humano.<\/p>\n<p>M\u00e1s recientemente otra actuaci\u00f3n promovida por el Ayuntamiento de V\u00edznar con apoyo de la Junta s\u00ed dej\u00f3 al descubierto restos \u00f3seos humanos y de armas de fuego, hallazgo que fue comunicado al Juzgado que acord\u00f3 el archivo de las diligencias previas abiertas.<\/p>\n","protected":false},"excerpt":{"rendered":"<p>Granada, 30 nov (EFE).- La Junta de Andaluc\u00eda ha iniciado esta ma\u00f1ana el proyecto para buscar y delimitar enterramientos en fosas comunes en el entorno del Pe\u00f1\u00f3n del Colorado, en el municipio de Alfacar (Granada), lugar donde el investigador Miguel Caballero ubica la posible fosa de Garc\u00eda Lorca. Caballero ha detallado a Efe que las [&hellip;]<\/p>\n","protected":false},"author":1,"featured_media":456234,"comment_status":"closed","ping_status":"open","sticky":false,"template":"","format":"standard","meta":{"footnotes":""},"categories":[28],"tags":[],"class_list":["post-456233","post","type-post","status-publish","format-standard","has-post-thumbnail","hentry","category-sociedad"],"aioseo_notices":[],"aioseo_head":"\n\t\t<!-- All in One SEO Pro 5.0.1 - aioseo.com -->\n\t<meta name=\"description\" content=\"Granada, 30 nov (EFE).- La Junta de Andaluc\u00eda ha iniciado esta ma\u00f1ana el proyecto para buscar y delimitar enterramientos en fosas comunes en el entorno del Pe\u00f1\u00f3n del Colorado, en el municipio de Alfacar (Granada), lugar donde el investigador Miguel Caballero ubica la posible fosa de Garc\u00eda Lorca. Caballero ha detallado a Efe que las\" \/>\n\t<meta name=\"robots\" content=\"max-image-preview:large\" \/>\n\t<meta name=\"author\" content=\"El Digital de Asturias\"\/>\n\t<meta name=\"google-site-verification\" content=\"UA-38556648-1\" \/>\n\t<meta name=\"msvalidate.01\" content=\"7dfe9f3f1b24437ab69f4f2559babe99\" \/>\n\t<meta name=\"keywords\" content=\"sociedad\" \/>\n\t<link rel=\"canonical\" href=\"https:\/\/www.eldigitaldeasturias.com\/noticias\/un-georradar-empieza-la-busqueda-en-el-paraje-donde-podria-estar-garcia-lorca\/\" \/>\n\t<meta name=\"generator\" content=\"All in One SEO Pro (AIOSEO) 5.0.1\" \/>\n\t\t<meta property=\"og:locale\" content=\"es_ES\" \/>\n\t\t<meta property=\"og:site_name\" content=\"El Digital de Asturias\" \/>\n\t\t<meta property=\"og:type\" content=\"article\" \/>\n\t\t<meta property=\"og:title\" content=\"Un georradar empieza la b\u00fasqueda en el paraje donde podr\u00eda estar Garc\u00eda Lorca - El Digital de Asturias\" \/>\n\t\t<meta property=\"og:description\" content=\"Granada, 30 nov (EFE).- La Junta de Andaluc\u00eda ha iniciado esta ma\u00f1ana el proyecto para buscar y delimitar enterramientos en fosas comunes en el entorno del Pe\u00f1\u00f3n del Colorado, en el municipio de Alfacar (Granada), lugar donde el investigador Miguel Caballero ubica la posible fosa de Garc\u00eda Lorca. Caballero ha detallado a Efe que las\" \/>\n\t\t<meta property=\"og:url\" content=\"https:\/\/www.eldigitaldeasturias.com\/noticias\/un-georradar-empieza-la-busqueda-en-el-paraje-donde-podria-estar-garcia-lorca\/\" \/>\n\t\t<meta property=\"article:tag\" content=\"sociedad\" \/>\n\t\t<meta property=\"article:published_time\" content=\"2013-11-30T19:28:39+00:00\" \/>\n\t\t<meta property=\"article:modified_time\" content=\"2013-11-30T19:28:39+00:00\" \/>\n\t\t<meta property=\"article:publisher\" content=\"https:\/\/facebook.com\/eldigitaldeasturias\" \/>\n\t\t<meta name=\"twitter:card\" content=\"summary_large_image\" \/>\n\t\t<meta name=\"twitter:title\" content=\"Un georradar empieza la b\u00fasqueda en el paraje donde podr\u00eda estar Garc\u00eda Lorca - El Digital de Asturias\" \/>\n\t\t<meta name=\"twitter:description\" content=\"Granada, 30 nov (EFE).- La Junta de Andaluc\u00eda ha iniciado esta ma\u00f1ana el proyecto para buscar y delimitar enterramientos en fosas comunes en el entorno del Pe\u00f1\u00f3n del Colorado, en el municipio de Alfacar (Granada), lugar donde el investigador Miguel Caballero ubica la posible fosa de Garc\u00eda Lorca. Caballero ha detallado a Efe que las\" \/>\n\t\t<meta name=\"twitter:label1\" content=\"Escrito por\" \/>\n\t\t<meta name=\"twitter:data1\" content=\"El Digital de Asturias\" \/>\n\t\t<meta name=\"twitter:label2\" content=\"Tiempo de lectura estimado\" \/>\n\t\t<meta name=\"twitter:data2\" content=\"3 minutos\" \/>\n\t\t<script type=\"application\/ld+json\" class=\"aioseo-schema\">\n\t\t\t{\"@context\":\"https:\\\/\\\/schema.org\",\"@graph\":[{\"@type\":\"BlogPosting\",\"@id\":\"https:\\\/\\\/www.eldigitaldeasturias.com\\\/noticias\\\/un-georradar-empieza-la-busqueda-en-el-paraje-donde-podria-estar-garcia-lorca\\\/#blogposting\",\"name\":\"Un georradar empieza la b\\u00fasqueda en el paraje donde podr\\u00eda estar Garc\\u00eda Lorca - El Digital de Asturias\",\"headline\":\"Un georradar empieza la b\\u00fasqueda en el paraje donde podr\\u00eda estar Garc\\u00eda Lorca\",\"author\":{\"@id\":\"https:\\\/\\\/www.eldigitaldeasturias.com\\\/noticias\\\/author\\\/admin\\\/#author\"},\"publisher\":{\"@id\":\"https:\\\/\\\/www.eldigitaldeasturias.com\\\/noticias\\\/#organization\"},\"image\":{\"@type\":\"ImageObject\",\"url\":456234},\"datePublished\":\"2013-11-30T18:28:39+01:00\",\"dateModified\":\"2013-11-30T18:28:39+01:00\",\"inLanguage\":\"es-ES\",\"mainEntityOfPage\":{\"@id\":\"https:\\\/\\\/www.eldigitaldeasturias.com\\\/noticias\\\/un-georradar-empieza-la-busqueda-en-el-paraje-donde-podria-estar-garcia-lorca\\\/#webpage\"},\"isPartOf\":{\"@id\":\"https:\\\/\\\/www.eldigitaldeasturias.com\\\/noticias\\\/un-georradar-empieza-la-busqueda-en-el-paraje-donde-podria-estar-garcia-lorca\\\/#webpage\"},\"articleSection\":\"Sociedad\"},{\"@type\":\"BreadcrumbList\",\"@id\":\"https:\\\/\\\/www.eldigitaldeasturias.com\\\/noticias\\\/un-georradar-empieza-la-busqueda-en-el-paraje-donde-podria-estar-garcia-lorca\\\/#breadcrumblist\",\"itemListElement\":[{\"@type\":\"ListItem\",\"@id\":\"https:\\\/\\\/www.eldigitaldeasturias.com\\\/noticias#listItem\",\"position\":1,\"name\":\"Home\",\"item\":\"https:\\\/\\\/www.eldigitaldeasturias.com\\\/noticias\",\"nextItem\":{\"@type\":\"ListItem\",\"@id\":\"https:\\\/\\\/www.eldigitaldeasturias.com\\\/noticias\\\/category\\\/sociedad\\\/#listItem\",\"name\":\"Sociedad\"}},{\"@type\":\"ListItem\",\"@id\":\"https:\\\/\\\/www.eldigitaldeasturias.com\\\/noticias\\\/category\\\/sociedad\\\/#listItem\",\"position\":2,\"name\":\"Sociedad\",\"item\":\"https:\\\/\\\/www.eldigitaldeasturias.com\\\/noticias\\\/category\\\/sociedad\\\/\",\"nextItem\":{\"@type\":\"ListItem\",\"@id\":\"https:\\\/\\\/www.eldigitaldeasturias.com\\\/noticias\\\/un-georradar-empieza-la-busqueda-en-el-paraje-donde-podria-estar-garcia-lorca\\\/#listItem\",\"name\":\"Un georradar empieza la b\\u00fasqueda en el paraje donde podr\\u00eda estar Garc\\u00eda Lorca\"},\"previousItem\":{\"@type\":\"ListItem\",\"@id\":\"https:\\\/\\\/www.eldigitaldeasturias.com\\\/noticias#listItem\",\"name\":\"Home\"}},{\"@type\":\"ListItem\",\"@id\":\"https:\\\/\\\/www.eldigitaldeasturias.com\\\/noticias\\\/un-georradar-empieza-la-busqueda-en-el-paraje-donde-podria-estar-garcia-lorca\\\/#listItem\",\"position\":3,\"name\":\"Un georradar empieza la b\\u00fasqueda en el paraje donde podr\\u00eda estar Garc\\u00eda Lorca\",\"previousItem\":{\"@type\":\"ListItem\",\"@id\":\"https:\\\/\\\/www.eldigitaldeasturias.com\\\/noticias\\\/category\\\/sociedad\\\/#listItem\",\"name\":\"Sociedad\"}}]},{\"@type\":\"Organization\",\"@id\":\"https:\\\/\\\/www.eldigitaldeasturias.com\\\/noticias\\\/#organization\",\"name\":\"El Digital de Asturias\",\"description\":\"Hemeroteca\",\"url\":\"https:\\\/\\\/www.eldigitaldeasturias.com\\\/noticias\\\/\",\"email\":\"info@eldigitaldeasturias.com\",\"telephone\":\"+34652131393\",\"logo\":{\"@type\":\"ImageObject\",\"url\":\"https:\\\/\\\/www.eldigitaldeasturias.com\\\/noticias\\\/wp-content\\\/uploads\\\/2020\\\/12\\\/EDA.jpg\",\"@id\":\"https:\\\/\\\/www.eldigitaldeasturias.com\\\/noticias\\\/un-georradar-empieza-la-busqueda-en-el-paraje-donde-podria-estar-garcia-lorca\\\/#organizationLogo\"},\"image\":{\"@id\":\"https:\\\/\\\/www.eldigitaldeasturias.com\\\/noticias\\\/un-georradar-empieza-la-busqueda-en-el-paraje-donde-podria-estar-garcia-lorca\\\/#organizationLogo\"},\"sameAs\":[\"https:\\\/\\\/facebook.com\\\/eldigitaldeasturias\",\"https:\\\/\\\/www.youtube.com\\\/channel\\\/UCZP-2wLEB9Rv6erhFmqVnvg\"],\"address\":{\"@id\":\"https:\\\/\\\/www.eldigitaldeasturias.com\\\/noticias\\\/#postaladdress\",\"@type\":\"PostalAddress\",\"streetAddress\":\"san antonio 4\",\"postalCode\":\"33430\",\"addressLocality\":\"Cand\\u00e1s\",\"addressRegion\":\"Asturias\",\"addressCountry\":\"ES\"}},{\"@type\":\"Person\",\"@id\":\"https:\\\/\\\/www.eldigitaldeasturias.com\\\/noticias\\\/author\\\/admin\\\/#author\",\"url\":\"https:\\\/\\\/www.eldigitaldeasturias.com\\\/noticias\\\/author\\\/admin\\\/\",\"name\":\"El Digital de Asturias\",\"image\":{\"@type\":\"ImageObject\",\"@id\":\"https:\\\/\\\/www.eldigitaldeasturias.com\\\/noticias\\\/un-georradar-empieza-la-busqueda-en-el-paraje-donde-podria-estar-garcia-lorca\\\/#authorImage\",\"url\":\"https:\\\/\\\/secure.gravatar.com\\\/avatar\\\/df2aeffc32bcd13f8d26072ef8a91b623d677766deac7f97ca815868cd41bf5e?s=96&d=mm&r=g\",\"width\":96,\"height\":96,\"caption\":\"El Digital de Asturias\"}},{\"@type\":\"WebPage\",\"@id\":\"https:\\\/\\\/www.eldigitaldeasturias.com\\\/noticias\\\/un-georradar-empieza-la-busqueda-en-el-paraje-donde-podria-estar-garcia-lorca\\\/#webpage\",\"url\":\"https:\\\/\\\/www.eldigitaldeasturias.com\\\/noticias\\\/un-georradar-empieza-la-busqueda-en-el-paraje-donde-podria-estar-garcia-lorca\\\/\",\"name\":\"Un georradar empieza la b\\u00fasqueda en el paraje donde podr\\u00eda estar Garc\\u00eda Lorca - El Digital de Asturias\",\"description\":\"Granada, 30 nov (EFE).- La Junta de Andaluc\\u00eda ha iniciado esta ma\\u00f1ana el proyecto para buscar y delimitar enterramientos en fosas comunes en el entorno del Pe\\u00f1\\u00f3n del Colorado, en el municipio de Alfacar (Granada), lugar donde el investigador Miguel Caballero ubica la posible fosa de Garc\\u00eda Lorca. Caballero ha detallado a Efe que las\",\"inLanguage\":\"es-ES\",\"isPartOf\":{\"@id\":\"https:\\\/\\\/www.eldigitaldeasturias.com\\\/noticias\\\/#website\"},\"breadcrumb\":{\"@id\":\"https:\\\/\\\/www.eldigitaldeasturias.com\\\/noticias\\\/un-georradar-empieza-la-busqueda-en-el-paraje-donde-podria-estar-garcia-lorca\\\/#breadcrumblist\"},\"author\":{\"@id\":\"https:\\\/\\\/www.eldigitaldeasturias.com\\\/noticias\\\/author\\\/admin\\\/#author\"},\"creator\":{\"@id\":\"https:\\\/\\\/www.eldigitaldeasturias.com\\\/noticias\\\/author\\\/admin\\\/#author\"},\"image\":{\"@type\":\"ImageObject\",\"url\":456234,\"@id\":\"https:\\\/\\\/www.eldigitaldeasturias.com\\\/noticias\\\/un-georradar-empieza-la-busqueda-en-el-paraje-donde-podria-estar-garcia-lorca\\\/#mainImage\"},\"primaryImageOfPage\":{\"@id\":\"https:\\\/\\\/www.eldigitaldeasturias.com\\\/noticias\\\/un-georradar-empieza-la-busqueda-en-el-paraje-donde-podria-estar-garcia-lorca\\\/#mainImage\"},\"datePublished\":\"2013-11-30T18:28:39+01:00\",\"dateModified\":\"2013-11-30T18:28:39+01:00\"},{\"@type\":\"WebSite\",\"@id\":\"https:\\\/\\\/www.eldigitaldeasturias.com\\\/noticias\\\/#website\",\"url\":\"https:\\\/\\\/www.eldigitaldeasturias.com\\\/noticias\\\/\",\"name\":\"El Digital de Asturias - Diario de actualidad y noticias\",\"alternateName\":\"El Digital de Asturias - Diario de actualidad y noticias\",\"description\":\"Hemeroteca\",\"inLanguage\":\"es-ES\",\"publisher\":{\"@id\":\"https:\\\/\\\/www.eldigitaldeasturias.com\\\/noticias\\\/#organization\"}}]}\n\t\t<\/script>\n\t\t<!-- All in One SEO Pro -->\r\n\t\t<title>Un georradar empieza la b\u00fasqueda en el paraje donde podr\u00eda estar Garc\u00eda Lorca - El Digital de Asturias<\/title>\n\n","aioseo_head_json":{"title":"Un georradar empieza la b\u00fasqueda en el paraje donde podr\u00eda estar Garc\u00eda Lorca - El Digital de Asturias","description":"Granada, 30 nov (EFE).- La Junta de Andaluc\u00eda ha iniciado esta ma\u00f1ana el proyecto para buscar y delimitar enterramientos en fosas comunes en el entorno del Pe\u00f1\u00f3n del Colorado, en el municipio de Alfacar (Granada), lugar donde el investigador Miguel Caballero ubica la posible fosa de Garc\u00eda Lorca. Caballero ha detallado a Efe que las","canonical_url":"https:\/\/www.eldigitaldeasturias.com\/noticias\/un-georradar-empieza-la-busqueda-en-el-paraje-donde-podria-estar-garcia-lorca\/","robots":"max-image-preview:large","keywords":"sociedad","webmasterTools":{"google-site-verification":"UA-38556648-1","msvalidate.01":"7dfe9f3f1b24437ab69f4f2559babe99","miscellaneous":""},"schema":{"@context":"https:\/\/schema.org","@graph":[{"@type":"BlogPosting","@id":"https:\/\/www.eldigitaldeasturias.com\/noticias\/un-georradar-empieza-la-busqueda-en-el-paraje-donde-podria-estar-garcia-lorca\/#blogposting","name":"Un georradar empieza la b\u00fasqueda en el paraje donde podr\u00eda estar Garc\u00eda Lorca - El Digital de Asturias","headline":"Un georradar empieza la b\u00fasqueda en el paraje donde podr\u00eda estar Garc\u00eda Lorca","author":{"@id":"https:\/\/www.eldigitaldeasturias.com\/noticias\/author\/admin\/#author"},"publisher":{"@id":"https:\/\/www.eldigitaldeasturias.com\/noticias\/#organization"},"image":{"@type":"ImageObject","url":456234},"datePublished":"2013-11-30T18:28:39+01:00","dateModified":"2013-11-30T18:28:39+01:00","inLanguage":"es-ES","mainEntityOfPage":{"@id":"https:\/\/www.eldigitaldeasturias.com\/noticias\/un-georradar-empieza-la-busqueda-en-el-paraje-donde-podria-estar-garcia-lorca\/#webpage"},"isPartOf":{"@id":"https:\/\/www.eldigitaldeasturias.com\/noticias\/un-georradar-empieza-la-busqueda-en-el-paraje-donde-podria-estar-garcia-lorca\/#webpage"},"articleSection":"Sociedad"},{"@type":"BreadcrumbList","@id":"https:\/\/www.eldigitaldeasturias.com\/noticias\/un-georradar-empieza-la-busqueda-en-el-paraje-donde-podria-estar-garcia-lorca\/#breadcrumblist","itemListElement":[{"@type":"ListItem","@id":"https:\/\/www.eldigitaldeasturias.com\/noticias#listItem","position":1,"name":"Home","item":"https:\/\/www.eldigitaldeasturias.com\/noticias","nextItem":{"@type":"ListItem","@id":"https:\/\/www.eldigitaldeasturias.com\/noticias\/category\/sociedad\/#listItem","name":"Sociedad"}},{"@type":"ListItem","@id":"https:\/\/www.eldigitaldeasturias.com\/noticias\/category\/sociedad\/#listItem","position":2,"name":"Sociedad","item":"https:\/\/www.eldigitaldeasturias.com\/noticias\/category\/sociedad\/","nextItem":{"@type":"ListItem","@id":"https:\/\/www.eldigitaldeasturias.com\/noticias\/un-georradar-empieza-la-busqueda-en-el-paraje-donde-podria-estar-garcia-lorca\/#listItem","name":"Un georradar empieza la b\u00fasqueda en el paraje donde podr\u00eda estar Garc\u00eda Lorca"},"previousItem":{"@type":"ListItem","@id":"https:\/\/www.eldigitaldeasturias.com\/noticias#listItem","name":"Home"}},{"@type":"ListItem","@id":"https:\/\/www.eldigitaldeasturias.com\/noticias\/un-georradar-empieza-la-busqueda-en-el-paraje-donde-podria-estar-garcia-lorca\/#listItem","position":3,"name":"Un georradar empieza la b\u00fasqueda en el paraje donde podr\u00eda estar Garc\u00eda Lorca","previousItem":{"@type":"ListItem","@id":"https:\/\/www.eldigitaldeasturias.com\/noticias\/category\/sociedad\/#listItem","name":"Sociedad"}}]},{"@type":"Organization","@id":"https:\/\/www.eldigitaldeasturias.com\/noticias\/#organization","name":"El Digital de Asturias","description":"Hemeroteca","url":"https:\/\/www.eldigitaldeasturias.com\/noticias\/","email":"info@eldigitaldeasturias.com","telephone":"+34652131393","logo":{"@type":"ImageObject","url":"https:\/\/www.eldigitaldeasturias.com\/noticias\/wp-content\/uploads\/2020\/12\/EDA.jpg","@id":"https:\/\/www.eldigitaldeasturias.com\/noticias\/un-georradar-empieza-la-busqueda-en-el-paraje-donde-podria-estar-garcia-lorca\/#organizationLogo"},"image":{"@id":"https:\/\/www.eldigitaldeasturias.com\/noticias\/un-georradar-empieza-la-busqueda-en-el-paraje-donde-podria-estar-garcia-lorca\/#organizationLogo"},"sameAs":["https:\/\/facebook.com\/eldigitaldeasturias","https:\/\/www.youtube.com\/channel\/UCZP-2wLEB9Rv6erhFmqVnvg"],"address":{"@id":"https:\/\/www.eldigitaldeasturias.com\/noticias\/#postaladdress","@type":"PostalAddress","streetAddress":"san antonio 4","postalCode":"33430","addressLocality":"Cand\u00e1s","addressRegion":"Asturias","addressCountry":"ES"}},{"@type":"Person","@id":"https:\/\/www.eldigitaldeasturias.com\/noticias\/author\/admin\/#author","url":"https:\/\/www.eldigitaldeasturias.com\/noticias\/author\/admin\/","name":"El Digital de Asturias","image":{"@type":"ImageObject","@id":"https:\/\/www.eldigitaldeasturias.com\/noticias\/un-georradar-empieza-la-busqueda-en-el-paraje-donde-podria-estar-garcia-lorca\/#authorImage","url":"https:\/\/secure.gravatar.com\/avatar\/df2aeffc32bcd13f8d26072ef8a91b623d677766deac7f97ca815868cd41bf5e?s=96&d=mm&r=g","width":96,"height":96,"caption":"El Digital de Asturias"}},{"@type":"WebPage","@id":"https:\/\/www.eldigitaldeasturias.com\/noticias\/un-georradar-empieza-la-busqueda-en-el-paraje-donde-podria-estar-garcia-lorca\/#webpage","url":"https:\/\/www.eldigitaldeasturias.com\/noticias\/un-georradar-empieza-la-busqueda-en-el-paraje-donde-podria-estar-garcia-lorca\/","name":"Un georradar empieza la b\u00fasqueda en el paraje donde podr\u00eda estar Garc\u00eda Lorca - El Digital de Asturias","description":"Granada, 30 nov (EFE).- La Junta de Andaluc\u00eda ha iniciado esta ma\u00f1ana el proyecto para buscar y delimitar enterramientos en fosas comunes en el entorno del Pe\u00f1\u00f3n del Colorado, en el municipio de Alfacar (Granada), lugar donde el investigador Miguel Caballero ubica la posible fosa de Garc\u00eda Lorca. Caballero ha detallado a Efe que las","inLanguage":"es-ES","isPartOf":{"@id":"https:\/\/www.eldigitaldeasturias.com\/noticias\/#website"},"breadcrumb":{"@id":"https:\/\/www.eldigitaldeasturias.com\/noticias\/un-georradar-empieza-la-busqueda-en-el-paraje-donde-podria-estar-garcia-lorca\/#breadcrumblist"},"author":{"@id":"https:\/\/www.eldigitaldeasturias.com\/noticias\/author\/admin\/#author"},"creator":{"@id":"https:\/\/www.eldigitaldeasturias.com\/noticias\/author\/admin\/#author"},"image":{"@type":"ImageObject","url":456234,"@id":"https:\/\/www.eldigitaldeasturias.com\/noticias\/un-georradar-empieza-la-busqueda-en-el-paraje-donde-podria-estar-garcia-lorca\/#mainImage"},"primaryImageOfPage":{"@id":"https:\/\/www.eldigitaldeasturias.com\/noticias\/un-georradar-empieza-la-busqueda-en-el-paraje-donde-podria-estar-garcia-lorca\/#mainImage"},"datePublished":"2013-11-30T18:28:39+01:00","dateModified":"2013-11-30T18:28:39+01:00"},{"@type":"WebSite","@id":"https:\/\/www.eldigitaldeasturias.com\/noticias\/#website","url":"https:\/\/www.eldigitaldeasturias.com\/noticias\/","name":"El Digital de Asturias - Diario de actualidad y noticias","alternateName":"El Digital de Asturias - Diario de actualidad y noticias","description":"Hemeroteca","inLanguage":"es-ES","publisher":{"@id":"https:\/\/www.eldigitaldeasturias.com\/noticias\/#organization"}}]},"og:locale":"es_ES","og:site_name":"El Digital de Asturias","og:type":"article","og:title":"Un georradar empieza la b\u00fasqueda en el paraje donde podr\u00eda estar Garc\u00eda Lorca - El Digital de Asturias","og:description":"Granada, 30 nov (EFE).- La Junta de Andaluc\u00eda ha iniciado esta ma\u00f1ana el proyecto para buscar y delimitar enterramientos en fosas comunes en el entorno del Pe\u00f1\u00f3n del Colorado, en el municipio de Alfacar (Granada), lugar donde el investigador Miguel Caballero ubica la posible fosa de Garc\u00eda Lorca. Caballero ha detallado a Efe que las","og:url":"https:\/\/www.eldigitaldeasturias.com\/noticias\/un-georradar-empieza-la-busqueda-en-el-paraje-donde-podria-estar-garcia-lorca\/","article:tag":["sociedad"],"article:published_time":"2013-11-30T19:28:39+00:00","article:modified_time":"2013-11-30T19:28:39+00:00","article:publisher":"https:\/\/facebook.com\/eldigitaldeasturias","twitter:card":"summary_large_image","twitter:title":"Un georradar empieza la b\u00fasqueda en el paraje donde podr\u00eda estar Garc\u00eda Lorca - El Digital de Asturias","twitter:description":"Granada, 30 nov (EFE).- La Junta de Andaluc\u00eda ha iniciado esta ma\u00f1ana el proyecto para buscar y delimitar enterramientos en fosas comunes en el entorno del Pe\u00f1\u00f3n del Colorado, en el municipio de Alfacar (Granada), lugar donde el investigador Miguel Caballero ubica la posible fosa de Garc\u00eda Lorca. Caballero ha detallado a Efe que las","twitter:label1":"Escrito por","twitter:data1":"El Digital de Asturias","twitter:label2":"Tiempo de lectura estimado","twitter:data2":"3 minutos"},"aioseo_meta_data":{"post_id":"456233","title":null,"description":null,"keywords":null,"keyphrases":null,"primary_term":null,"canonical_url":null,"og_title":null,"og_description":null,"og_object_type":"default","og_image_type":"default","og_image_url":null,"og_image_width":null,"og_image_height":null,"og_image_custom_url":null,"og_image_custom_fields":null,"og_video":null,"og_custom_url":null,"og_article_section":null,"og_article_tags":null,"twitter_use_og":true,"twitter_card":"default","twitter_image_type":"default","twitter_image_url":null,"twitter_image_custom_url":null,"twitter_image_custom_fields":null,"twitter_title":null,"twitter_description":null,"schema":{"blockGraphs":[],"customGraphs":[],"default":{"data":{"Article":[],"Course":[],"Dataset":[],"FAQPage":[],"Movie":[],"Person":[],"Product":[],"ProductReview":[],"Car":[],"Recipe":[],"Service":[],"SoftwareApplication":[],"WebPage":[]},"graphName":"","isEnabled":true},"graphs":[],"defaultGraph":"","defaultPostTypeGraph":""},"schema_type":null,"schema_type_options":null,"pillar_content":false,"robots_default":true,"robots_noindex":false,"robots_noarchive":false,"robots_nosnippet":false,"robots_nofollow":false,"robots_noimageindex":false,"robots_noodp":false,"robots_notranslate":false,"robots_max_snippet":null,"robots_max_videopreview":null,"robots_max_imagepreview":"none","priority":null,"frequency":null,"local_seo":null,"seo_analyzer_scan_date":"2026-05-29 21:13:59","breadcrumb_settings":null,"limit_modified_date":false,"open_ai":null,"ai":null,"created":"2020-11-14 22:45:29","updated":"2026-05-29 21:13:59","focus_keyword":null,"additional_keywords":null,"truseo_locale":null},"aioseo_breadcrumb":"<div class=\"aioseo-breadcrumbs\"><span class=\"aioseo-breadcrumb\">\n\t<a href=\"https:\/\/www.eldigitaldeasturias.com\/noticias\" title=\"Home\">Home<\/a>\n<\/span><span class=\"aioseo-breadcrumb-separator\">\u2013<\/span><span class=\"aioseo-breadcrumb\">\n\t<a href=\"https:\/\/www.eldigitaldeasturias.com\/noticias\/category\/sociedad\/\" title=\"Sociedad\">Sociedad<\/a>\n<\/span><span class=\"aioseo-breadcrumb-separator\">\u2013<\/span><span class=\"aioseo-breadcrumb\">\n\t<a href=\"https:\/\/www.eldigitaldeasturias.com\/noticias\/un-georradar-empieza-la-busqueda-en-el-paraje-donde-podria-estar-garcia-lorca\/\" title=\"Un georradar empieza la b\u00fasqueda en el paraje donde podr\u00eda estar Garc\u00eda Lorca\">Un georradar empieza la b\u00fasqueda en el paraje donde podr\u00eda estar Garc\u00eda Lorca<\/a>\n<\/span><\/div>","aioseo_breadcrumb_json":[{"label":"Home","link":"https:\/\/www.eldigitaldeasturias.com\/noticias"},{"label":"Sociedad","link":"https:\/\/www.eldigitaldeasturias.com\/noticias\/category\/sociedad\/"},{"label":"Un georradar empieza la b\u00fasqueda en el paraje donde podr\u00eda estar Garc\u00eda Lorca","link":"https:\/\/www.eldigitaldeasturias.com\/noticias\/un-georradar-empieza-la-busqueda-en-el-paraje-donde-podria-estar-garcia-lorca\/"}],"_links":{"self":[{"href":"https:\/\/www.eldigitaldeasturias.com\/noticias\/wp-json\/wp\/v2\/posts\/456233","targetHints":{"allow":["GET"]}}],"collection":[{"href":"https:\/\/www.eldigitaldeasturias.com\/noticias\/wp-json\/wp\/v2\/posts"}],"about":[{"href":"https:\/\/www.eldigitaldeasturias.com\/noticias\/wp-json\/wp\/v2\/types\/post"}],"author":[{"embeddable":true,"href":"https:\/\/www.eldigitaldeasturias.com\/noticias\/wp-json\/wp\/v2\/users\/1"}],"replies":[{"embeddable":true,"href":"https:\/\/www.eldigitaldeasturias.com\/noticias\/wp-json\/wp\/v2\/comments?post=456233"}],"version-history":[{"count":0,"href":"https:\/\/www.eldigitaldeasturias.com\/noticias\/wp-json\/wp\/v2\/posts\/456233\/revisions"}],"wp:attachment":[{"href":"https:\/\/www.eldigitaldeasturias.com\/noticias\/wp-json\/wp\/v2\/media?parent=456233"}],"wp:term":[{"taxonomy":"category","embeddable":true,"href":"https:\/\/www.eldigitaldeasturias.com\/noticias\/wp-json\/wp\/v2\/categories?post=456233"},{"taxonomy":"post_tag","embeddable":true,"href":"https:\/\/www.eldigitaldeasturias.com\/noticias\/wp-json\/wp\/v2\/tags?post=456233"}],"curies":[{"name":"wp","href":"https:\/\/api.w.org\/{rel}","templated":true}]}}