{"id":456230,"date":"2013-11-30T18:26:50","date_gmt":"2013-11-30T19:26:50","guid":{"rendered":"http:\/\/www.eldigitaldeasturias.com\/noticias\/?p=456230"},"modified":"2013-11-30T18:26:50","modified_gmt":"2013-11-30T19:26:50","slug":"rodolfo-sancho-afirma-que-fernando-se-ha-hecho-mas-maquiavelico-y-astuto-en-isabel","status":"publish","type":"post","link":"https:\/\/www.eldigitaldeasturias.com\/noticias\/rodolfo-sancho-afirma-que-fernando-se-ha-hecho-mas-maquiavelico-y-astuto-en-isabel\/","title":{"rendered":"Rodolfo Sancho afirma que \u00abFernando se ha hecho m\u00e1s maquiav\u00e9lico y astuto en &#8216;Isabel'\u00bb"},"content":{"rendered":"<p><img loading=\"lazy\" decoding=\"async\" class=\"alignleft size-medium wp-image-456231\" alt=\"5763480w\" src=\"https:\/\/www.eldigitaldeasturias.com\/noticias\/wp-content\/uploads\/2013\/11\/5763480w-360x239.jpg\" width=\"360\" height=\"239\" \/>Madrid, 30 nov (EFE).- Al pisar el Patio de los Leones de la Alhambra de Granada, Rodolfo Sancho se sinti\u00f3 \u00abun privilegiado\u00bb. El actor, que da vida a Fernando de Arag\u00f3n en la serie &#8216;Isabel&#8217;, recuerda la emoci\u00f3n que supuso atravesar las puertas del conjunto nazar\u00ed, como hizo medio siglo atr\u00e1s su personaje.<\/p>\n<p>\u00abFue una experiencia muy bonita, entrar vestidos como los Reyes Cat\u00f3licos y hacer exactamente lo que hicieron ellos\u00bb, confiesa Sancho en una entrevista concedida a Efe.<\/p>\n<p>Este momento, que cerr\u00f3 la Reconquista, ser\u00e1 el broche de oro de la segunda temporada de esta serie hist\u00f3rica, que emitir\u00e1 su episodio final el pr\u00f3ximo lunes. Adem\u00e1s, este cap\u00edtulo se cerrar\u00e1 mostrando c\u00f3mo Crist\u00f3bal Col\u00f3n zarpa rumbo a las Indias.<\/p>\n<p>Seg\u00fan el actor, esta temporada ha tenido un desarrollo \u00abmucho m\u00e1s complejo y profundo\u00bb que la primera, que acab\u00f3 con la coronaci\u00f3n de Isabel como reina de Castilla, antes de que empezaran los hechos \u00abm\u00e1s importantes\u00bb, en opini\u00f3n de Sancho.<\/p>\n<p>Tanto \u00e9l como el resto del reparto se enfrentan en &#8216;Isabel&#8217; a todo un reto: interpretar a un mismo personaje durante varias etapas de su vida. Por eso, en la serie se ha podido ver la evoluci\u00f3n de un Fernando que se ha hecho \u00abm\u00e1s duro, maquiav\u00e9lico y astuto\u00bb.<\/p>\n<p>\u00abEs un hombre que tiene el poder y lo utiliza en beneficio de sus intereses\u00bb, afirma el actor, que desarrolla los cambios del personaje a trav\u00e9s de \u00abpeque\u00f1as sutilezas\u00bb, ayudado por los guiones de los episodios.<\/p>\n<p>Una evoluci\u00f3n que continuar\u00e1 en la tercera temporada, que ya se encuentra en pleno rodaje y que abarcar\u00e1 hasta la muerte de Isabel, en 1504.<\/p>\n<p>En ella, tendr\u00e1 un peso importante la pol\u00edtica exterior de los Reyes Cat\u00f3licos y sus alianzas con pa\u00edses extranjeros, propiciadas por los acuerdos matrimoniales de sus hijos.<\/p>\n<p>Para Sancho, esta es \u00abuna etapa m\u00e1s desconocida\u00bb en el reinado de los monarcas, como tambi\u00e9n lo es una parte de la trama que involucra a Col\u00f3n. \u00abEl espectador sabe que conquist\u00f3 Am\u00e9rica, pero no que tambi\u00e9n era un hombre con ambici\u00f3n de poder y que ten\u00eda sus momentos de tiran\u00eda\u00bb.<\/p>\n<p>\u00abNi siquiera acab\u00f3 bien con los Reyes Cat\u00f3licos\u00bb, apunta el actor, a\u00f1adiendo que el descubridor no ten\u00eda una buena relaci\u00f3n con Fernando, quien \u00abno le aguantaba mucho\u00bb, bromea.<\/p>\n<p>Esta manera de enfocar al personaje, no mostrando solo sus virtudes sino tambi\u00e9n su parte oscura, es un patr\u00f3n que se repite con todos los personajes de la ficci\u00f3n. \u00ab&#8216;Isabel&#8217; narra las cosas lo m\u00e1s fielmente posible, aunque haya que contar lo malo que era un personaje\u00bb.<\/p>\n<p>\u00abNo hay ni malos ni buenos\u00bb, afirma Sancho, que apoya su teor\u00eda explicando c\u00f3mo el propio Fernando \u00abhac\u00eda cosas terribles\u00bb: \u00abSi todos fueran bondadosos, no hubieran mandado quemar gente en la hoguera, por ejemplo\u00bb.<\/p>\n<p>En definitiva, todos los personajes hist\u00f3ricos de la serie, una vez reflejados en el gui\u00f3n, son \u00abseres humanos con sus luces y sus sombras\u00bb, lo que hace que los \u00abbajemos del pedestal\u00bb. Y al fin y al cabo, \u00abesto es lo que al espectador le gusta ver\u00bb, sostiene el actor.<\/p>\n","protected":false},"excerpt":{"rendered":"<p>Madrid, 30 nov (EFE).- Al pisar el Patio de los Leones de la Alhambra de Granada, Rodolfo Sancho se sinti\u00f3 \u00abun privilegiado\u00bb. El actor, que da vida a Fernando de Arag\u00f3n en la serie &#8216;Isabel&#8217;, recuerda la emoci\u00f3n que supuso atravesar las puertas del conjunto nazar\u00ed, como hizo medio siglo atr\u00e1s su personaje. \u00abFue una [&hellip;]<\/p>\n","protected":false},"author":1,"featured_media":456231,"comment_status":"closed","ping_status":"open","sticky":false,"template":"","format":"standard","meta":{"footnotes":""},"categories":[50],"tags":[],"class_list":["post-456230","post","type-post","status-publish","format-standard","has-post-thumbnail","hentry","category-revista-de-ocio"],"aioseo_notices":[],"aioseo_head":"\n\t\t<!-- All in One SEO Pro 5.0.1 - aioseo.com -->\n\t<meta name=\"description\" content=\"Madrid, 30 nov (EFE).- Al pisar el Patio de los Leones de la Alhambra de Granada, Rodolfo Sancho se sinti\u00f3 &quot;un privilegiado&quot;. El actor, que da vida a Fernando de Arag\u00f3n en la serie &#039;Isabel&#039;, recuerda la emoci\u00f3n que supuso atravesar las puertas del conjunto nazar\u00ed, como hizo medio siglo atr\u00e1s su personaje. &quot;Fue una\" \/>\n\t<meta name=\"robots\" content=\"max-image-preview:large\" \/>\n\t<meta name=\"author\" content=\"El Digital de Asturias\"\/>\n\t<meta name=\"google-site-verification\" content=\"UA-38556648-1\" \/>\n\t<meta name=\"msvalidate.01\" content=\"7dfe9f3f1b24437ab69f4f2559babe99\" \/>\n\t<meta name=\"keywords\" content=\"revista de ocio\" \/>\n\t<link rel=\"canonical\" href=\"https:\/\/www.eldigitaldeasturias.com\/noticias\/rodolfo-sancho-afirma-que-fernando-se-ha-hecho-mas-maquiavelico-y-astuto-en-isabel\/\" \/>\n\t<meta name=\"generator\" content=\"All in One SEO Pro (AIOSEO) 5.0.1\" \/>\n\t\t<meta property=\"og:locale\" content=\"es_ES\" \/>\n\t\t<meta property=\"og:site_name\" content=\"El Digital de Asturias\" \/>\n\t\t<meta property=\"og:type\" content=\"article\" \/>\n\t\t<meta property=\"og:title\" content=\"Rodolfo Sancho afirma que \u00abFernando se ha hecho m\u00e1s maquiav\u00e9lico y astuto en \u2018Isabel&#039;\u00bb - El Digital de Asturias\" \/>\n\t\t<meta property=\"og:description\" content=\"Madrid, 30 nov (EFE).- Al pisar el Patio de los Leones de la Alhambra de Granada, Rodolfo Sancho se sinti\u00f3 &quot;un privilegiado&quot;. El actor, que da vida a Fernando de Arag\u00f3n en la serie &#039;Isabel&#039;, recuerda la emoci\u00f3n que supuso atravesar las puertas del conjunto nazar\u00ed, como hizo medio siglo atr\u00e1s su personaje. &quot;Fue una\" \/>\n\t\t<meta property=\"og:url\" content=\"https:\/\/www.eldigitaldeasturias.com\/noticias\/rodolfo-sancho-afirma-que-fernando-se-ha-hecho-mas-maquiavelico-y-astuto-en-isabel\/\" \/>\n\t\t<meta property=\"article:tag\" content=\"revista de ocio\" \/>\n\t\t<meta property=\"article:published_time\" content=\"2013-11-30T19:26:50+00:00\" \/>\n\t\t<meta property=\"article:modified_time\" content=\"2013-11-30T19:26:50+00:00\" \/>\n\t\t<meta property=\"article:publisher\" content=\"https:\/\/facebook.com\/eldigitaldeasturias\" \/>\n\t\t<meta name=\"twitter:card\" content=\"summary_large_image\" \/>\n\t\t<meta name=\"twitter:title\" content=\"Rodolfo Sancho afirma que \u00abFernando se ha hecho m\u00e1s maquiav\u00e9lico y astuto en \u2018Isabel&#039;\u00bb - El Digital de Asturias\" \/>\n\t\t<meta name=\"twitter:description\" content=\"Madrid, 30 nov (EFE).- Al pisar el Patio de los Leones de la Alhambra de Granada, Rodolfo Sancho se sinti\u00f3 &quot;un privilegiado&quot;. El actor, que da vida a Fernando de Arag\u00f3n en la serie &#039;Isabel&#039;, recuerda la emoci\u00f3n que supuso atravesar las puertas del conjunto nazar\u00ed, como hizo medio siglo atr\u00e1s su personaje. &quot;Fue una\" \/>\n\t\t<meta name=\"twitter:label1\" content=\"Escrito por\" \/>\n\t\t<meta name=\"twitter:data1\" content=\"El Digital de Asturias\" \/>\n\t\t<meta name=\"twitter:label2\" content=\"Tiempo de lectura estimado\" \/>\n\t\t<meta name=\"twitter:data2\" content=\"3 minutos\" \/>\n\t\t<script type=\"application\/ld+json\" class=\"aioseo-schema\">\n\t\t\t{\"@context\":\"https:\\\/\\\/schema.org\",\"@graph\":[{\"@type\":\"BlogPosting\",\"@id\":\"https:\\\/\\\/www.eldigitaldeasturias.com\\\/noticias\\\/rodolfo-sancho-afirma-que-fernando-se-ha-hecho-mas-maquiavelico-y-astuto-en-isabel\\\/#blogposting\",\"name\":\"Rodolfo Sancho afirma que \\u00abFernando se ha hecho m\\u00e1s maquiav\\u00e9lico y astuto en \\u2018Isabel'\\u00bb - El Digital de Asturias\",\"headline\":\"Rodolfo Sancho afirma que \\u00abFernando se ha hecho m\\u00e1s maquiav\\u00e9lico y astuto en &#8216;Isabel'\\u00bb\",\"author\":{\"@id\":\"https:\\\/\\\/www.eldigitaldeasturias.com\\\/noticias\\\/author\\\/admin\\\/#author\"},\"publisher\":{\"@id\":\"https:\\\/\\\/www.eldigitaldeasturias.com\\\/noticias\\\/#organization\"},\"image\":{\"@type\":\"ImageObject\",\"url\":456231},\"datePublished\":\"2013-11-30T18:26:50+01:00\",\"dateModified\":\"2013-11-30T18:26:50+01:00\",\"inLanguage\":\"es-ES\",\"mainEntityOfPage\":{\"@id\":\"https:\\\/\\\/www.eldigitaldeasturias.com\\\/noticias\\\/rodolfo-sancho-afirma-que-fernando-se-ha-hecho-mas-maquiavelico-y-astuto-en-isabel\\\/#webpage\"},\"isPartOf\":{\"@id\":\"https:\\\/\\\/www.eldigitaldeasturias.com\\\/noticias\\\/rodolfo-sancho-afirma-que-fernando-se-ha-hecho-mas-maquiavelico-y-astuto-en-isabel\\\/#webpage\"},\"articleSection\":\"Revista de Ocio\"},{\"@type\":\"BreadcrumbList\",\"@id\":\"https:\\\/\\\/www.eldigitaldeasturias.com\\\/noticias\\\/rodolfo-sancho-afirma-que-fernando-se-ha-hecho-mas-maquiavelico-y-astuto-en-isabel\\\/#breadcrumblist\",\"itemListElement\":[{\"@type\":\"ListItem\",\"@id\":\"https:\\\/\\\/www.eldigitaldeasturias.com\\\/noticias#listItem\",\"position\":1,\"name\":\"Home\",\"item\":\"https:\\\/\\\/www.eldigitaldeasturias.com\\\/noticias\",\"nextItem\":{\"@type\":\"ListItem\",\"@id\":\"https:\\\/\\\/www.eldigitaldeasturias.com\\\/noticias\\\/category\\\/revista-de-ocio\\\/#listItem\",\"name\":\"Revista de Ocio\"}},{\"@type\":\"ListItem\",\"@id\":\"https:\\\/\\\/www.eldigitaldeasturias.com\\\/noticias\\\/category\\\/revista-de-ocio\\\/#listItem\",\"position\":2,\"name\":\"Revista de Ocio\",\"item\":\"https:\\\/\\\/www.eldigitaldeasturias.com\\\/noticias\\\/category\\\/revista-de-ocio\\\/\",\"nextItem\":{\"@type\":\"ListItem\",\"@id\":\"https:\\\/\\\/www.eldigitaldeasturias.com\\\/noticias\\\/rodolfo-sancho-afirma-que-fernando-se-ha-hecho-mas-maquiavelico-y-astuto-en-isabel\\\/#listItem\",\"name\":\"Rodolfo Sancho afirma que \\u00abFernando se ha hecho m\\u00e1s maquiav\\u00e9lico y astuto en &#8216;Isabel'\\u00bb\"},\"previousItem\":{\"@type\":\"ListItem\",\"@id\":\"https:\\\/\\\/www.eldigitaldeasturias.com\\\/noticias#listItem\",\"name\":\"Home\"}},{\"@type\":\"ListItem\",\"@id\":\"https:\\\/\\\/www.eldigitaldeasturias.com\\\/noticias\\\/rodolfo-sancho-afirma-que-fernando-se-ha-hecho-mas-maquiavelico-y-astuto-en-isabel\\\/#listItem\",\"position\":3,\"name\":\"Rodolfo Sancho afirma que \\u00abFernando se ha hecho m\\u00e1s maquiav\\u00e9lico y astuto en &#8216;Isabel'\\u00bb\",\"previousItem\":{\"@type\":\"ListItem\",\"@id\":\"https:\\\/\\\/www.eldigitaldeasturias.com\\\/noticias\\\/category\\\/revista-de-ocio\\\/#listItem\",\"name\":\"Revista de Ocio\"}}]},{\"@type\":\"Organization\",\"@id\":\"https:\\\/\\\/www.eldigitaldeasturias.com\\\/noticias\\\/#organization\",\"name\":\"El Digital de Asturias\",\"description\":\"Hemeroteca\",\"url\":\"https:\\\/\\\/www.eldigitaldeasturias.com\\\/noticias\\\/\",\"email\":\"info@eldigitaldeasturias.com\",\"telephone\":\"+34652131393\",\"logo\":{\"@type\":\"ImageObject\",\"url\":\"https:\\\/\\\/www.eldigitaldeasturias.com\\\/noticias\\\/wp-content\\\/uploads\\\/2020\\\/12\\\/EDA.jpg\",\"@id\":\"https:\\\/\\\/www.eldigitaldeasturias.com\\\/noticias\\\/rodolfo-sancho-afirma-que-fernando-se-ha-hecho-mas-maquiavelico-y-astuto-en-isabel\\\/#organizationLogo\"},\"image\":{\"@id\":\"https:\\\/\\\/www.eldigitaldeasturias.com\\\/noticias\\\/rodolfo-sancho-afirma-que-fernando-se-ha-hecho-mas-maquiavelico-y-astuto-en-isabel\\\/#organizationLogo\"},\"sameAs\":[\"https:\\\/\\\/facebook.com\\\/eldigitaldeasturias\",\"https:\\\/\\\/www.youtube.com\\\/channel\\\/UCZP-2wLEB9Rv6erhFmqVnvg\"],\"address\":{\"@id\":\"https:\\\/\\\/www.eldigitaldeasturias.com\\\/noticias\\\/#postaladdress\",\"@type\":\"PostalAddress\",\"streetAddress\":\"san antonio 4\",\"postalCode\":\"33430\",\"addressLocality\":\"Cand\\u00e1s\",\"addressRegion\":\"Asturias\",\"addressCountry\":\"ES\"}},{\"@type\":\"Person\",\"@id\":\"https:\\\/\\\/www.eldigitaldeasturias.com\\\/noticias\\\/author\\\/admin\\\/#author\",\"url\":\"https:\\\/\\\/www.eldigitaldeasturias.com\\\/noticias\\\/author\\\/admin\\\/\",\"name\":\"El Digital de Asturias\",\"image\":{\"@type\":\"ImageObject\",\"@id\":\"https:\\\/\\\/www.eldigitaldeasturias.com\\\/noticias\\\/rodolfo-sancho-afirma-que-fernando-se-ha-hecho-mas-maquiavelico-y-astuto-en-isabel\\\/#authorImage\",\"url\":\"https:\\\/\\\/secure.gravatar.com\\\/avatar\\\/df2aeffc32bcd13f8d26072ef8a91b623d677766deac7f97ca815868cd41bf5e?s=96&d=mm&r=g\",\"width\":96,\"height\":96,\"caption\":\"El Digital de Asturias\"}},{\"@type\":\"WebPage\",\"@id\":\"https:\\\/\\\/www.eldigitaldeasturias.com\\\/noticias\\\/rodolfo-sancho-afirma-que-fernando-se-ha-hecho-mas-maquiavelico-y-astuto-en-isabel\\\/#webpage\",\"url\":\"https:\\\/\\\/www.eldigitaldeasturias.com\\\/noticias\\\/rodolfo-sancho-afirma-que-fernando-se-ha-hecho-mas-maquiavelico-y-astuto-en-isabel\\\/\",\"name\":\"Rodolfo Sancho afirma que \\u00abFernando se ha hecho m\\u00e1s maquiav\\u00e9lico y astuto en \\u2018Isabel'\\u00bb - El Digital de Asturias\",\"description\":\"Madrid, 30 nov (EFE).- Al pisar el Patio de los Leones de la Alhambra de Granada, Rodolfo Sancho se sinti\\u00f3 \\\"un privilegiado\\\". El actor, que da vida a Fernando de Arag\\u00f3n en la serie 'Isabel', recuerda la emoci\\u00f3n que supuso atravesar las puertas del conjunto nazar\\u00ed, como hizo medio siglo atr\\u00e1s su personaje. \\\"Fue una\",\"inLanguage\":\"es-ES\",\"isPartOf\":{\"@id\":\"https:\\\/\\\/www.eldigitaldeasturias.com\\\/noticias\\\/#website\"},\"breadcrumb\":{\"@id\":\"https:\\\/\\\/www.eldigitaldeasturias.com\\\/noticias\\\/rodolfo-sancho-afirma-que-fernando-se-ha-hecho-mas-maquiavelico-y-astuto-en-isabel\\\/#breadcrumblist\"},\"author\":{\"@id\":\"https:\\\/\\\/www.eldigitaldeasturias.com\\\/noticias\\\/author\\\/admin\\\/#author\"},\"creator\":{\"@id\":\"https:\\\/\\\/www.eldigitaldeasturias.com\\\/noticias\\\/author\\\/admin\\\/#author\"},\"image\":{\"@type\":\"ImageObject\",\"url\":456231,\"@id\":\"https:\\\/\\\/www.eldigitaldeasturias.com\\\/noticias\\\/rodolfo-sancho-afirma-que-fernando-se-ha-hecho-mas-maquiavelico-y-astuto-en-isabel\\\/#mainImage\"},\"primaryImageOfPage\":{\"@id\":\"https:\\\/\\\/www.eldigitaldeasturias.com\\\/noticias\\\/rodolfo-sancho-afirma-que-fernando-se-ha-hecho-mas-maquiavelico-y-astuto-en-isabel\\\/#mainImage\"},\"datePublished\":\"2013-11-30T18:26:50+01:00\",\"dateModified\":\"2013-11-30T18:26:50+01:00\"},{\"@type\":\"WebSite\",\"@id\":\"https:\\\/\\\/www.eldigitaldeasturias.com\\\/noticias\\\/#website\",\"url\":\"https:\\\/\\\/www.eldigitaldeasturias.com\\\/noticias\\\/\",\"name\":\"El Digital de Asturias - Diario de actualidad y noticias\",\"alternateName\":\"El Digital de Asturias - Diario de actualidad y noticias\",\"description\":\"Hemeroteca\",\"inLanguage\":\"es-ES\",\"publisher\":{\"@id\":\"https:\\\/\\\/www.eldigitaldeasturias.com\\\/noticias\\\/#organization\"}}]}\n\t\t<\/script>\n\t\t<!-- All in One SEO Pro -->\r\n\t\t<title>Rodolfo Sancho afirma que \u00abFernando se ha hecho m\u00e1s maquiav\u00e9lico y astuto en \u2018Isabel'\u00bb - El Digital de Asturias<\/title>\n\n","aioseo_head_json":{"title":"Rodolfo Sancho afirma que \u00abFernando se ha hecho m\u00e1s maquiav\u00e9lico y astuto en \u2018Isabel'\u00bb - El Digital de Asturias","description":"Madrid, 30 nov (EFE).- Al pisar el Patio de los Leones de la Alhambra de Granada, Rodolfo Sancho se sinti\u00f3 \"un privilegiado\". El actor, que da vida a Fernando de Arag\u00f3n en la serie 'Isabel', recuerda la emoci\u00f3n que supuso atravesar las puertas del conjunto nazar\u00ed, como hizo medio siglo atr\u00e1s su personaje. \"Fue una","canonical_url":"https:\/\/www.eldigitaldeasturias.com\/noticias\/rodolfo-sancho-afirma-que-fernando-se-ha-hecho-mas-maquiavelico-y-astuto-en-isabel\/","robots":"max-image-preview:large","keywords":"revista de ocio","webmasterTools":{"google-site-verification":"UA-38556648-1","msvalidate.01":"7dfe9f3f1b24437ab69f4f2559babe99","miscellaneous":""},"schema":{"@context":"https:\/\/schema.org","@graph":[{"@type":"BlogPosting","@id":"https:\/\/www.eldigitaldeasturias.com\/noticias\/rodolfo-sancho-afirma-que-fernando-se-ha-hecho-mas-maquiavelico-y-astuto-en-isabel\/#blogposting","name":"Rodolfo Sancho afirma que \u00abFernando se ha hecho m\u00e1s maquiav\u00e9lico y astuto en \u2018Isabel'\u00bb - El Digital de Asturias","headline":"Rodolfo Sancho afirma que \u00abFernando se ha hecho m\u00e1s maquiav\u00e9lico y astuto en &#8216;Isabel'\u00bb","author":{"@id":"https:\/\/www.eldigitaldeasturias.com\/noticias\/author\/admin\/#author"},"publisher":{"@id":"https:\/\/www.eldigitaldeasturias.com\/noticias\/#organization"},"image":{"@type":"ImageObject","url":456231},"datePublished":"2013-11-30T18:26:50+01:00","dateModified":"2013-11-30T18:26:50+01:00","inLanguage":"es-ES","mainEntityOfPage":{"@id":"https:\/\/www.eldigitaldeasturias.com\/noticias\/rodolfo-sancho-afirma-que-fernando-se-ha-hecho-mas-maquiavelico-y-astuto-en-isabel\/#webpage"},"isPartOf":{"@id":"https:\/\/www.eldigitaldeasturias.com\/noticias\/rodolfo-sancho-afirma-que-fernando-se-ha-hecho-mas-maquiavelico-y-astuto-en-isabel\/#webpage"},"articleSection":"Revista de Ocio"},{"@type":"BreadcrumbList","@id":"https:\/\/www.eldigitaldeasturias.com\/noticias\/rodolfo-sancho-afirma-que-fernando-se-ha-hecho-mas-maquiavelico-y-astuto-en-isabel\/#breadcrumblist","itemListElement":[{"@type":"ListItem","@id":"https:\/\/www.eldigitaldeasturias.com\/noticias#listItem","position":1,"name":"Home","item":"https:\/\/www.eldigitaldeasturias.com\/noticias","nextItem":{"@type":"ListItem","@id":"https:\/\/www.eldigitaldeasturias.com\/noticias\/category\/revista-de-ocio\/#listItem","name":"Revista de Ocio"}},{"@type":"ListItem","@id":"https:\/\/www.eldigitaldeasturias.com\/noticias\/category\/revista-de-ocio\/#listItem","position":2,"name":"Revista de Ocio","item":"https:\/\/www.eldigitaldeasturias.com\/noticias\/category\/revista-de-ocio\/","nextItem":{"@type":"ListItem","@id":"https:\/\/www.eldigitaldeasturias.com\/noticias\/rodolfo-sancho-afirma-que-fernando-se-ha-hecho-mas-maquiavelico-y-astuto-en-isabel\/#listItem","name":"Rodolfo Sancho afirma que \u00abFernando se ha hecho m\u00e1s maquiav\u00e9lico y astuto en &#8216;Isabel'\u00bb"},"previousItem":{"@type":"ListItem","@id":"https:\/\/www.eldigitaldeasturias.com\/noticias#listItem","name":"Home"}},{"@type":"ListItem","@id":"https:\/\/www.eldigitaldeasturias.com\/noticias\/rodolfo-sancho-afirma-que-fernando-se-ha-hecho-mas-maquiavelico-y-astuto-en-isabel\/#listItem","position":3,"name":"Rodolfo Sancho afirma que \u00abFernando se ha hecho m\u00e1s maquiav\u00e9lico y astuto en &#8216;Isabel'\u00bb","previousItem":{"@type":"ListItem","@id":"https:\/\/www.eldigitaldeasturias.com\/noticias\/category\/revista-de-ocio\/#listItem","name":"Revista de Ocio"}}]},{"@type":"Organization","@id":"https:\/\/www.eldigitaldeasturias.com\/noticias\/#organization","name":"El Digital de Asturias","description":"Hemeroteca","url":"https:\/\/www.eldigitaldeasturias.com\/noticias\/","email":"info@eldigitaldeasturias.com","telephone":"+34652131393","logo":{"@type":"ImageObject","url":"https:\/\/www.eldigitaldeasturias.com\/noticias\/wp-content\/uploads\/2020\/12\/EDA.jpg","@id":"https:\/\/www.eldigitaldeasturias.com\/noticias\/rodolfo-sancho-afirma-que-fernando-se-ha-hecho-mas-maquiavelico-y-astuto-en-isabel\/#organizationLogo"},"image":{"@id":"https:\/\/www.eldigitaldeasturias.com\/noticias\/rodolfo-sancho-afirma-que-fernando-se-ha-hecho-mas-maquiavelico-y-astuto-en-isabel\/#organizationLogo"},"sameAs":["https:\/\/facebook.com\/eldigitaldeasturias","https:\/\/www.youtube.com\/channel\/UCZP-2wLEB9Rv6erhFmqVnvg"],"address":{"@id":"https:\/\/www.eldigitaldeasturias.com\/noticias\/#postaladdress","@type":"PostalAddress","streetAddress":"san antonio 4","postalCode":"33430","addressLocality":"Cand\u00e1s","addressRegion":"Asturias","addressCountry":"ES"}},{"@type":"Person","@id":"https:\/\/www.eldigitaldeasturias.com\/noticias\/author\/admin\/#author","url":"https:\/\/www.eldigitaldeasturias.com\/noticias\/author\/admin\/","name":"El Digital de Asturias","image":{"@type":"ImageObject","@id":"https:\/\/www.eldigitaldeasturias.com\/noticias\/rodolfo-sancho-afirma-que-fernando-se-ha-hecho-mas-maquiavelico-y-astuto-en-isabel\/#authorImage","url":"https:\/\/secure.gravatar.com\/avatar\/df2aeffc32bcd13f8d26072ef8a91b623d677766deac7f97ca815868cd41bf5e?s=96&d=mm&r=g","width":96,"height":96,"caption":"El Digital de Asturias"}},{"@type":"WebPage","@id":"https:\/\/www.eldigitaldeasturias.com\/noticias\/rodolfo-sancho-afirma-que-fernando-se-ha-hecho-mas-maquiavelico-y-astuto-en-isabel\/#webpage","url":"https:\/\/www.eldigitaldeasturias.com\/noticias\/rodolfo-sancho-afirma-que-fernando-se-ha-hecho-mas-maquiavelico-y-astuto-en-isabel\/","name":"Rodolfo Sancho afirma que \u00abFernando se ha hecho m\u00e1s maquiav\u00e9lico y astuto en \u2018Isabel'\u00bb - El Digital de Asturias","description":"Madrid, 30 nov (EFE).- Al pisar el Patio de los Leones de la Alhambra de Granada, Rodolfo Sancho se sinti\u00f3 \"un privilegiado\". El actor, que da vida a Fernando de Arag\u00f3n en la serie 'Isabel', recuerda la emoci\u00f3n que supuso atravesar las puertas del conjunto nazar\u00ed, como hizo medio siglo atr\u00e1s su personaje. \"Fue una","inLanguage":"es-ES","isPartOf":{"@id":"https:\/\/www.eldigitaldeasturias.com\/noticias\/#website"},"breadcrumb":{"@id":"https:\/\/www.eldigitaldeasturias.com\/noticias\/rodolfo-sancho-afirma-que-fernando-se-ha-hecho-mas-maquiavelico-y-astuto-en-isabel\/#breadcrumblist"},"author":{"@id":"https:\/\/www.eldigitaldeasturias.com\/noticias\/author\/admin\/#author"},"creator":{"@id":"https:\/\/www.eldigitaldeasturias.com\/noticias\/author\/admin\/#author"},"image":{"@type":"ImageObject","url":456231,"@id":"https:\/\/www.eldigitaldeasturias.com\/noticias\/rodolfo-sancho-afirma-que-fernando-se-ha-hecho-mas-maquiavelico-y-astuto-en-isabel\/#mainImage"},"primaryImageOfPage":{"@id":"https:\/\/www.eldigitaldeasturias.com\/noticias\/rodolfo-sancho-afirma-que-fernando-se-ha-hecho-mas-maquiavelico-y-astuto-en-isabel\/#mainImage"},"datePublished":"2013-11-30T18:26:50+01:00","dateModified":"2013-11-30T18:26:50+01:00"},{"@type":"WebSite","@id":"https:\/\/www.eldigitaldeasturias.com\/noticias\/#website","url":"https:\/\/www.eldigitaldeasturias.com\/noticias\/","name":"El Digital de Asturias - Diario de actualidad y noticias","alternateName":"El Digital de Asturias - Diario de actualidad y noticias","description":"Hemeroteca","inLanguage":"es-ES","publisher":{"@id":"https:\/\/www.eldigitaldeasturias.com\/noticias\/#organization"}}]},"og:locale":"es_ES","og:site_name":"El Digital de Asturias","og:type":"article","og:title":"Rodolfo Sancho afirma que \u00abFernando se ha hecho m\u00e1s maquiav\u00e9lico y astuto en \u2018Isabel'\u00bb - El Digital de Asturias","og:description":"Madrid, 30 nov (EFE).- Al pisar el Patio de los Leones de la Alhambra de Granada, Rodolfo Sancho se sinti\u00f3 &quot;un privilegiado&quot;. El actor, que da vida a Fernando de Arag\u00f3n en la serie 'Isabel', recuerda la emoci\u00f3n que supuso atravesar las puertas del conjunto nazar\u00ed, como hizo medio siglo atr\u00e1s su personaje. &quot;Fue una","og:url":"https:\/\/www.eldigitaldeasturias.com\/noticias\/rodolfo-sancho-afirma-que-fernando-se-ha-hecho-mas-maquiavelico-y-astuto-en-isabel\/","article:tag":["revista de ocio"],"article:published_time":"2013-11-30T19:26:50+00:00","article:modified_time":"2013-11-30T19:26:50+00:00","article:publisher":"https:\/\/facebook.com\/eldigitaldeasturias","twitter:card":"summary_large_image","twitter:title":"Rodolfo Sancho afirma que \u00abFernando se ha hecho m\u00e1s maquiav\u00e9lico y astuto en \u2018Isabel'\u00bb - El Digital de Asturias","twitter:description":"Madrid, 30 nov (EFE).- Al pisar el Patio de los Leones de la Alhambra de Granada, Rodolfo Sancho se sinti\u00f3 &quot;un privilegiado&quot;. El actor, que da vida a Fernando de Arag\u00f3n en la serie 'Isabel', recuerda la emoci\u00f3n que supuso atravesar las puertas del conjunto nazar\u00ed, como hizo medio siglo atr\u00e1s su personaje. &quot;Fue una","twitter:label1":"Escrito por","twitter:data1":"El Digital de Asturias","twitter:label2":"Tiempo de lectura estimado","twitter:data2":"3 minutos"},"aioseo_meta_data":{"post_id":"456230","title":null,"description":null,"keywords":null,"keyphrases":null,"primary_term":null,"canonical_url":null,"og_title":null,"og_description":null,"og_object_type":"default","og_image_type":"default","og_image_url":null,"og_image_width":null,"og_image_height":null,"og_image_custom_url":null,"og_image_custom_fields":null,"og_video":null,"og_custom_url":null,"og_article_section":null,"og_article_tags":null,"twitter_use_og":true,"twitter_card":"default","twitter_image_type":"default","twitter_image_url":null,"twitter_image_custom_url":null,"twitter_image_custom_fields":null,"twitter_title":null,"twitter_description":null,"schema":{"blockGraphs":[],"customGraphs":[],"default":{"data":{"Article":[],"Course":[],"Dataset":[],"FAQPage":[],"Movie":[],"Person":[],"Product":[],"ProductReview":[],"Car":[],"Recipe":[],"Service":[],"SoftwareApplication":[],"WebPage":[]},"graphName":"","isEnabled":true},"graphs":[],"defaultGraph":"","defaultPostTypeGraph":""},"schema_type":null,"schema_type_options":null,"pillar_content":false,"robots_default":true,"robots_noindex":false,"robots_noarchive":false,"robots_nosnippet":false,"robots_nofollow":false,"robots_noimageindex":false,"robots_noodp":false,"robots_notranslate":false,"robots_max_snippet":null,"robots_max_videopreview":null,"robots_max_imagepreview":"none","priority":null,"frequency":null,"local_seo":null,"seo_analyzer_scan_date":"2026-05-29 21:13:58","breadcrumb_settings":null,"limit_modified_date":false,"open_ai":null,"ai":null,"created":"2020-11-14 22:45:29","updated":"2026-05-29 21:13:58","focus_keyword":null,"additional_keywords":null,"truseo_locale":null},"aioseo_breadcrumb":"<div class=\"aioseo-breadcrumbs\"><span class=\"aioseo-breadcrumb\">\n\t<a href=\"https:\/\/www.eldigitaldeasturias.com\/noticias\" title=\"Home\">Home<\/a>\n<\/span><span class=\"aioseo-breadcrumb-separator\">\u2013<\/span><span class=\"aioseo-breadcrumb\">\n\t<a href=\"https:\/\/www.eldigitaldeasturias.com\/noticias\/category\/revista-de-ocio\/\" title=\"Revista de Ocio\">Revista de Ocio<\/a>\n<\/span><span class=\"aioseo-breadcrumb-separator\">\u2013<\/span><span class=\"aioseo-breadcrumb\">\n\t<a href=\"https:\/\/www.eldigitaldeasturias.com\/noticias\/rodolfo-sancho-afirma-que-fernando-se-ha-hecho-mas-maquiavelico-y-astuto-en-isabel\/\" title=\"Rodolfo Sancho afirma que \u00abFernando se ha hecho m\u00e1s maquiav\u00e9lico y astuto en \u2018Isabel&apos;\u00bb\">Rodolfo Sancho afirma que \u00abFernando se ha hecho m\u00e1s maquiav\u00e9lico y astuto en \u2018Isabel'\u00bb<\/a>\n<\/span><\/div>","aioseo_breadcrumb_json":[{"label":"Home","link":"https:\/\/www.eldigitaldeasturias.com\/noticias"},{"label":"Revista de Ocio","link":"https:\/\/www.eldigitaldeasturias.com\/noticias\/category\/revista-de-ocio\/"},{"label":"Rodolfo Sancho afirma que \u00abFernando se ha hecho m\u00e1s maquiav\u00e9lico y astuto en &#8216;Isabel'\u00bb","link":"https:\/\/www.eldigitaldeasturias.com\/noticias\/rodolfo-sancho-afirma-que-fernando-se-ha-hecho-mas-maquiavelico-y-astuto-en-isabel\/"}],"_links":{"self":[{"href":"https:\/\/www.eldigitaldeasturias.com\/noticias\/wp-json\/wp\/v2\/posts\/456230","targetHints":{"allow":["GET"]}}],"collection":[{"href":"https:\/\/www.eldigitaldeasturias.com\/noticias\/wp-json\/wp\/v2\/posts"}],"about":[{"href":"https:\/\/www.eldigitaldeasturias.com\/noticias\/wp-json\/wp\/v2\/types\/post"}],"author":[{"embeddable":true,"href":"https:\/\/www.eldigitaldeasturias.com\/noticias\/wp-json\/wp\/v2\/users\/1"}],"replies":[{"embeddable":true,"href":"https:\/\/www.eldigitaldeasturias.com\/noticias\/wp-json\/wp\/v2\/comments?post=456230"}],"version-history":[{"count":0,"href":"https:\/\/www.eldigitaldeasturias.com\/noticias\/wp-json\/wp\/v2\/posts\/456230\/revisions"}],"wp:attachment":[{"href":"https:\/\/www.eldigitaldeasturias.com\/noticias\/wp-json\/wp\/v2\/media?parent=456230"}],"wp:term":[{"taxonomy":"category","embeddable":true,"href":"https:\/\/www.eldigitaldeasturias.com\/noticias\/wp-json\/wp\/v2\/categories?post=456230"},{"taxonomy":"post_tag","embeddable":true,"href":"https:\/\/www.eldigitaldeasturias.com\/noticias\/wp-json\/wp\/v2\/tags?post=456230"}],"curies":[{"name":"wp","href":"https:\/\/api.w.org\/{rel}","templated":true}]}}