{"id":456218,"date":"2013-11-30T18:20:10","date_gmt":"2013-11-30T19:20:10","guid":{"rendered":"http:\/\/www.eldigitaldeasturias.com\/noticias\/?p=456218"},"modified":"2013-11-30T18:20:10","modified_gmt":"2013-11-30T19:20:10","slug":"el-cura-napolitano-que-le-planta-cara-a-la-camorra-italiana","status":"publish","type":"post","link":"https:\/\/www.eldigitaldeasturias.com\/noticias\/el-cura-napolitano-que-le-planta-cara-a-la-camorra-italiana\/","title":{"rendered":"El cura napolitano que le planta cara a la Camorra italiana"},"content":{"rendered":"<p><img loading=\"lazy\" decoding=\"async\" class=\"alignleft size-medium wp-image-456219\" alt=\"5763448w\" src=\"https:\/\/www.eldigitaldeasturias.com\/noticias\/wp-content\/uploads\/2013\/11\/5763448w-273x320.jpg\" width=\"273\" height=\"320\" \/>Roma, 30 nov (EFE).- Tras sus gafas se esconde una mirada apacible, pac\u00edfica, pero tambi\u00e9n se entrev\u00e9 la chispa de una persona luchadora y si se amplia el retrato, se asoman unas pocas canas, una caracter\u00edstica camisa azul y un alzacuellos, se trata del padre Maurizio Patriciello, el denominado \u00abcura anti-Camorra\u00bb.<\/p>\n<p>Patriciello, de 58 a\u00f1os, se ha erigido, casi involuntariamente, como l\u00edder de la lucha contra la \u00abecomafia\u00bb y por la salubridad de Caivano, una de las localidades agr\u00edcolas de la provincia de N\u00e1poles que forma parte del \u00abtri\u00e1ngulo de la muerte\u00bb debido a la ingente cantidad de residuos contaminantes que se ocultan bajo sus tierras.<\/p>\n<p>Sin embargo, \u00e9l niega con humildad su m\u00e1s que reconocido papel a la hora de movilizar a los feligreses: \u00abNo existe el cura anti-Camorra\u00bb, nombre de la mafia napolitana.<\/p>\n<p>\u00abTodo sacerdote no puede ser otra cosa que anti-Camorra porque la Camorra es la negaci\u00f3n total del Evangelio\u00bb, afirma Patriciello en una entrevista con Efe.<\/p>\n<p>Cinco a\u00f1os antes de que estallara oficialmente la crisis de los residuos en la regi\u00f3n de Campania (1994) y reci\u00e9n ordenado sacerdote, el padre Patriciello lleg\u00f3 a la parroquia del barrio de Parco Verde en Caivano, un barrio construido tras el terremoto de 1980 y, seg\u00fan sus propias palabras, \u00abdif\u00edcil, pobre y problem\u00e1tico\u00bb.<\/p>\n<p>Por tanto, el padre Patriciello siempre ha estado al lado de los que m\u00e1s sufren, desde que lleg\u00f3 a Parco Verde hasta el d\u00eda de hoy en que es p\u00e1rroco de San Pablo Ap\u00f3stol, principal iglesia de Caivano.<\/p>\n<p>\u00abNo me he considerado jam\u00e1s un luchador contra la mafia sino s\u00f3lo un predicador del Evangelio en toda su integridad. El sacerdote debe ser simplemente el que anuncia y sigue la palabra del Evangelio y es lo que yo hago\u00bb, afirma.<\/p>\n<p>El manejo y procesamiento de residuos es un gran negocio, y en un pa\u00eds como Italia all\u00ed donde hay negocio siempre est\u00e1 la mafia dispuesta a echar una mano.<\/p>\n<p>La denominada \u00abeco-mafia\u00bb ha enterrado bajo los campos de cultivo de frutas y hortalizas toneladas de residuos industriales y t\u00f3xicos, la mayor parte procedentes del norte de Italia aunque tambi\u00e9n de otras partes de Europa.<\/p>\n<p>Seg\u00fan el periodista italiano Roberto Saviano, con los residuos acumulados en la provincia de N\u00e1poles se podr\u00eda alzar una monta\u00f1a de unos 15.600 metros de altitud con tres hect\u00e1reas de base -el pico m\u00e1s alto del mundo, el Everest, alcanza los 8.848 metros-.<\/p>\n<p>\u00abMi parroquia se encuentra en medio de la llamada &#8216;Tierra de Fuego&#8217; -t\u00e9rmino que se dio a la zona por la quema de basura en ella-, pero no me gusta este t\u00e9rmino porque el fuego no lo he visto nunca. M\u00e1s bien ser\u00eda &#8216;tierra de humo y de sustancias t\u00f3xicas&#8217;, porque los incendios s\u00f3lo emiten humo negro, t\u00f3xico, denso y maloliente, acre, mortal\u00bb, se lamenta Patriciello.<\/p>\n<p>La suya es una lucha contra el silencio que ha reinado desde los a\u00f1os 90 en toda la Campania, una regi\u00f3n predominantemente agr\u00edcola que se convirti\u00f3 en uno de los grandes vertederos de Europa ante la inactividad, y en muchos casos la complacencia, de las autoridades.<\/p>\n<p>El p\u00e1rroco escribe a miembros del Gobierno italiano y otras personalidades, lidera las recogidas de firmas y las manifestaciones del pueblo de Caivano, en donde existe una mortalidad por enfermedades relacionadas con la contaminaci\u00f3n (tumores, respiratorias&#8230;) un 47 % m\u00e1s alta que en el resto de Italia.<\/p>\n<p>Tragedia para la salud y tambi\u00e9n para la econom\u00eda de las familias, pues se ha convertido en habitual que los cultivos de sus tierras sean requisados por las autoridades al estar contaminados.<\/p>\n<p>\u00abHay veneno porque los miles de toneladas de residuos industriales enterrados en nuestros campos son reales y es precisamente su veneno el que est\u00e1 condenando a muerte a un pueblo\u00bb, denuncia Patriciello.<\/p>\n<p>La \u00faltima manifestaci\u00f3n reuni\u00f3 a 60.000 personas que portaban mensajes y fotograf\u00edas de sus seres queridos fallecidos por c\u00e1ncer y otras enfermedades, el padre Patriciello afirm\u00f3 que seguir\u00e1n manifest\u00e1ndose y luchando hasta que \u00aba quien le corresponda, haga su trabajo\u00bb.<\/p>\n<p>Marian Rosado<\/p>\n","protected":false},"excerpt":{"rendered":"<p>Roma, 30 nov (EFE).- Tras sus gafas se esconde una mirada apacible, pac\u00edfica, pero tambi\u00e9n se entrev\u00e9 la chispa de una persona luchadora y si se amplia el retrato, se asoman unas pocas canas, una caracter\u00edstica camisa azul y un alzacuellos, se trata del padre Maurizio Patriciello, el denominado \u00abcura anti-Camorra\u00bb. Patriciello, de 58 a\u00f1os, [&hellip;]<\/p>\n","protected":false},"author":1,"featured_media":456219,"comment_status":"closed","ping_status":"open","sticky":false,"template":"","format":"standard","meta":{"footnotes":""},"categories":[28],"tags":[],"class_list":["post-456218","post","type-post","status-publish","format-standard","has-post-thumbnail","hentry","category-sociedad"],"aioseo_notices":[],"aioseo_head":"\n\t\t<!-- All in One SEO Pro 5.0.1 - aioseo.com -->\n\t<meta name=\"description\" content=\"Roma, 30 nov (EFE).- Tras sus gafas se esconde una mirada apacible, pac\u00edfica, pero tambi\u00e9n se entrev\u00e9 la chispa de una persona luchadora y si se amplia el retrato, se asoman unas pocas canas, una caracter\u00edstica camisa azul y un alzacuellos, se trata del padre Maurizio Patriciello, el denominado &quot;cura anti-Camorra&quot;. Patriciello, de 58 a\u00f1os,\" \/>\n\t<meta name=\"robots\" content=\"max-image-preview:large\" \/>\n\t<meta name=\"author\" content=\"El Digital de Asturias\"\/>\n\t<meta name=\"google-site-verification\" content=\"UA-38556648-1\" \/>\n\t<meta name=\"msvalidate.01\" content=\"7dfe9f3f1b24437ab69f4f2559babe99\" \/>\n\t<meta name=\"keywords\" content=\"sociedad\" \/>\n\t<link rel=\"canonical\" href=\"https:\/\/www.eldigitaldeasturias.com\/noticias\/el-cura-napolitano-que-le-planta-cara-a-la-camorra-italiana\/\" \/>\n\t<meta name=\"generator\" content=\"All in One SEO Pro (AIOSEO) 5.0.1\" \/>\n\t\t<meta property=\"og:locale\" content=\"es_ES\" \/>\n\t\t<meta property=\"og:site_name\" content=\"El Digital de Asturias\" \/>\n\t\t<meta property=\"og:type\" content=\"article\" \/>\n\t\t<meta property=\"og:title\" content=\"El cura napolitano que le planta cara a la Camorra italiana - El Digital de Asturias\" \/>\n\t\t<meta property=\"og:description\" content=\"Roma, 30 nov (EFE).- Tras sus gafas se esconde una mirada apacible, pac\u00edfica, pero tambi\u00e9n se entrev\u00e9 la chispa de una persona luchadora y si se amplia el retrato, se asoman unas pocas canas, una caracter\u00edstica camisa azul y un alzacuellos, se trata del padre Maurizio Patriciello, el denominado &quot;cura anti-Camorra&quot;. Patriciello, de 58 a\u00f1os,\" \/>\n\t\t<meta property=\"og:url\" content=\"https:\/\/www.eldigitaldeasturias.com\/noticias\/el-cura-napolitano-que-le-planta-cara-a-la-camorra-italiana\/\" \/>\n\t\t<meta property=\"article:tag\" content=\"sociedad\" \/>\n\t\t<meta property=\"article:published_time\" content=\"2013-11-30T19:20:10+00:00\" \/>\n\t\t<meta property=\"article:modified_time\" content=\"2013-11-30T19:20:10+00:00\" \/>\n\t\t<meta property=\"article:publisher\" content=\"https:\/\/facebook.com\/eldigitaldeasturias\" \/>\n\t\t<meta name=\"twitter:card\" content=\"summary_large_image\" \/>\n\t\t<meta name=\"twitter:title\" content=\"El cura napolitano que le planta cara a la Camorra italiana - El Digital de Asturias\" \/>\n\t\t<meta name=\"twitter:description\" content=\"Roma, 30 nov (EFE).- Tras sus gafas se esconde una mirada apacible, pac\u00edfica, pero tambi\u00e9n se entrev\u00e9 la chispa de una persona luchadora y si se amplia el retrato, se asoman unas pocas canas, una caracter\u00edstica camisa azul y un alzacuellos, se trata del padre Maurizio Patriciello, el denominado &quot;cura anti-Camorra&quot;. Patriciello, de 58 a\u00f1os,\" \/>\n\t\t<meta name=\"twitter:label1\" content=\"Escrito por\" \/>\n\t\t<meta name=\"twitter:data1\" content=\"El Digital de Asturias\" \/>\n\t\t<meta name=\"twitter:label2\" content=\"Tiempo de lectura estimado\" \/>\n\t\t<meta name=\"twitter:data2\" content=\"4 minutos\" \/>\n\t\t<script type=\"application\/ld+json\" class=\"aioseo-schema\">\n\t\t\t{\"@context\":\"https:\\\/\\\/schema.org\",\"@graph\":[{\"@type\":\"BlogPosting\",\"@id\":\"https:\\\/\\\/www.eldigitaldeasturias.com\\\/noticias\\\/el-cura-napolitano-que-le-planta-cara-a-la-camorra-italiana\\\/#blogposting\",\"name\":\"El cura napolitano que le planta cara a la Camorra italiana - El Digital de Asturias\",\"headline\":\"El cura napolitano que le planta cara a la Camorra italiana\",\"author\":{\"@id\":\"https:\\\/\\\/www.eldigitaldeasturias.com\\\/noticias\\\/author\\\/admin\\\/#author\"},\"publisher\":{\"@id\":\"https:\\\/\\\/www.eldigitaldeasturias.com\\\/noticias\\\/#organization\"},\"image\":{\"@type\":\"ImageObject\",\"url\":456219},\"datePublished\":\"2013-11-30T18:20:10+01:00\",\"dateModified\":\"2013-11-30T18:20:10+01:00\",\"inLanguage\":\"es-ES\",\"mainEntityOfPage\":{\"@id\":\"https:\\\/\\\/www.eldigitaldeasturias.com\\\/noticias\\\/el-cura-napolitano-que-le-planta-cara-a-la-camorra-italiana\\\/#webpage\"},\"isPartOf\":{\"@id\":\"https:\\\/\\\/www.eldigitaldeasturias.com\\\/noticias\\\/el-cura-napolitano-que-le-planta-cara-a-la-camorra-italiana\\\/#webpage\"},\"articleSection\":\"Sociedad\"},{\"@type\":\"BreadcrumbList\",\"@id\":\"https:\\\/\\\/www.eldigitaldeasturias.com\\\/noticias\\\/el-cura-napolitano-que-le-planta-cara-a-la-camorra-italiana\\\/#breadcrumblist\",\"itemListElement\":[{\"@type\":\"ListItem\",\"@id\":\"https:\\\/\\\/www.eldigitaldeasturias.com\\\/noticias#listItem\",\"position\":1,\"name\":\"Home\",\"item\":\"https:\\\/\\\/www.eldigitaldeasturias.com\\\/noticias\",\"nextItem\":{\"@type\":\"ListItem\",\"@id\":\"https:\\\/\\\/www.eldigitaldeasturias.com\\\/noticias\\\/category\\\/sociedad\\\/#listItem\",\"name\":\"Sociedad\"}},{\"@type\":\"ListItem\",\"@id\":\"https:\\\/\\\/www.eldigitaldeasturias.com\\\/noticias\\\/category\\\/sociedad\\\/#listItem\",\"position\":2,\"name\":\"Sociedad\",\"item\":\"https:\\\/\\\/www.eldigitaldeasturias.com\\\/noticias\\\/category\\\/sociedad\\\/\",\"nextItem\":{\"@type\":\"ListItem\",\"@id\":\"https:\\\/\\\/www.eldigitaldeasturias.com\\\/noticias\\\/el-cura-napolitano-que-le-planta-cara-a-la-camorra-italiana\\\/#listItem\",\"name\":\"El cura napolitano que le planta cara a la Camorra italiana\"},\"previousItem\":{\"@type\":\"ListItem\",\"@id\":\"https:\\\/\\\/www.eldigitaldeasturias.com\\\/noticias#listItem\",\"name\":\"Home\"}},{\"@type\":\"ListItem\",\"@id\":\"https:\\\/\\\/www.eldigitaldeasturias.com\\\/noticias\\\/el-cura-napolitano-que-le-planta-cara-a-la-camorra-italiana\\\/#listItem\",\"position\":3,\"name\":\"El cura napolitano que le planta cara a la Camorra italiana\",\"previousItem\":{\"@type\":\"ListItem\",\"@id\":\"https:\\\/\\\/www.eldigitaldeasturias.com\\\/noticias\\\/category\\\/sociedad\\\/#listItem\",\"name\":\"Sociedad\"}}]},{\"@type\":\"Organization\",\"@id\":\"https:\\\/\\\/www.eldigitaldeasturias.com\\\/noticias\\\/#organization\",\"name\":\"El Digital de Asturias\",\"description\":\"Hemeroteca\",\"url\":\"https:\\\/\\\/www.eldigitaldeasturias.com\\\/noticias\\\/\",\"email\":\"info@eldigitaldeasturias.com\",\"telephone\":\"+34652131393\",\"logo\":{\"@type\":\"ImageObject\",\"url\":\"https:\\\/\\\/www.eldigitaldeasturias.com\\\/noticias\\\/wp-content\\\/uploads\\\/2020\\\/12\\\/EDA.jpg\",\"@id\":\"https:\\\/\\\/www.eldigitaldeasturias.com\\\/noticias\\\/el-cura-napolitano-que-le-planta-cara-a-la-camorra-italiana\\\/#organizationLogo\"},\"image\":{\"@id\":\"https:\\\/\\\/www.eldigitaldeasturias.com\\\/noticias\\\/el-cura-napolitano-que-le-planta-cara-a-la-camorra-italiana\\\/#organizationLogo\"},\"sameAs\":[\"https:\\\/\\\/facebook.com\\\/eldigitaldeasturias\",\"https:\\\/\\\/www.youtube.com\\\/channel\\\/UCZP-2wLEB9Rv6erhFmqVnvg\"],\"address\":{\"@id\":\"https:\\\/\\\/www.eldigitaldeasturias.com\\\/noticias\\\/#postaladdress\",\"@type\":\"PostalAddress\",\"streetAddress\":\"san antonio 4\",\"postalCode\":\"33430\",\"addressLocality\":\"Cand\\u00e1s\",\"addressRegion\":\"Asturias\",\"addressCountry\":\"ES\"}},{\"@type\":\"Person\",\"@id\":\"https:\\\/\\\/www.eldigitaldeasturias.com\\\/noticias\\\/author\\\/admin\\\/#author\",\"url\":\"https:\\\/\\\/www.eldigitaldeasturias.com\\\/noticias\\\/author\\\/admin\\\/\",\"name\":\"El Digital de Asturias\",\"image\":{\"@type\":\"ImageObject\",\"@id\":\"https:\\\/\\\/www.eldigitaldeasturias.com\\\/noticias\\\/el-cura-napolitano-que-le-planta-cara-a-la-camorra-italiana\\\/#authorImage\",\"url\":\"https:\\\/\\\/secure.gravatar.com\\\/avatar\\\/df2aeffc32bcd13f8d26072ef8a91b623d677766deac7f97ca815868cd41bf5e?s=96&d=mm&r=g\",\"width\":96,\"height\":96,\"caption\":\"El Digital de Asturias\"}},{\"@type\":\"WebPage\",\"@id\":\"https:\\\/\\\/www.eldigitaldeasturias.com\\\/noticias\\\/el-cura-napolitano-que-le-planta-cara-a-la-camorra-italiana\\\/#webpage\",\"url\":\"https:\\\/\\\/www.eldigitaldeasturias.com\\\/noticias\\\/el-cura-napolitano-que-le-planta-cara-a-la-camorra-italiana\\\/\",\"name\":\"El cura napolitano que le planta cara a la Camorra italiana - El Digital de Asturias\",\"description\":\"Roma, 30 nov (EFE).- Tras sus gafas se esconde una mirada apacible, pac\\u00edfica, pero tambi\\u00e9n se entrev\\u00e9 la chispa de una persona luchadora y si se amplia el retrato, se asoman unas pocas canas, una caracter\\u00edstica camisa azul y un alzacuellos, se trata del padre Maurizio Patriciello, el denominado \\\"cura anti-Camorra\\\". Patriciello, de 58 a\\u00f1os,\",\"inLanguage\":\"es-ES\",\"isPartOf\":{\"@id\":\"https:\\\/\\\/www.eldigitaldeasturias.com\\\/noticias\\\/#website\"},\"breadcrumb\":{\"@id\":\"https:\\\/\\\/www.eldigitaldeasturias.com\\\/noticias\\\/el-cura-napolitano-que-le-planta-cara-a-la-camorra-italiana\\\/#breadcrumblist\"},\"author\":{\"@id\":\"https:\\\/\\\/www.eldigitaldeasturias.com\\\/noticias\\\/author\\\/admin\\\/#author\"},\"creator\":{\"@id\":\"https:\\\/\\\/www.eldigitaldeasturias.com\\\/noticias\\\/author\\\/admin\\\/#author\"},\"image\":{\"@type\":\"ImageObject\",\"url\":456219,\"@id\":\"https:\\\/\\\/www.eldigitaldeasturias.com\\\/noticias\\\/el-cura-napolitano-que-le-planta-cara-a-la-camorra-italiana\\\/#mainImage\"},\"primaryImageOfPage\":{\"@id\":\"https:\\\/\\\/www.eldigitaldeasturias.com\\\/noticias\\\/el-cura-napolitano-que-le-planta-cara-a-la-camorra-italiana\\\/#mainImage\"},\"datePublished\":\"2013-11-30T18:20:10+01:00\",\"dateModified\":\"2013-11-30T18:20:10+01:00\"},{\"@type\":\"WebSite\",\"@id\":\"https:\\\/\\\/www.eldigitaldeasturias.com\\\/noticias\\\/#website\",\"url\":\"https:\\\/\\\/www.eldigitaldeasturias.com\\\/noticias\\\/\",\"name\":\"El Digital de Asturias - Diario de actualidad y noticias\",\"alternateName\":\"El Digital de Asturias - Diario de actualidad y noticias\",\"description\":\"Hemeroteca\",\"inLanguage\":\"es-ES\",\"publisher\":{\"@id\":\"https:\\\/\\\/www.eldigitaldeasturias.com\\\/noticias\\\/#organization\"}}]}\n\t\t<\/script>\n\t\t<!-- All in One SEO Pro -->\r\n\t\t<title>El cura napolitano que le planta cara a la Camorra italiana - El Digital de Asturias<\/title>\n\n","aioseo_head_json":{"title":"El cura napolitano que le planta cara a la Camorra italiana - El Digital de Asturias","description":"Roma, 30 nov (EFE).- Tras sus gafas se esconde una mirada apacible, pac\u00edfica, pero tambi\u00e9n se entrev\u00e9 la chispa de una persona luchadora y si se amplia el retrato, se asoman unas pocas canas, una caracter\u00edstica camisa azul y un alzacuellos, se trata del padre Maurizio Patriciello, el denominado \"cura anti-Camorra\". Patriciello, de 58 a\u00f1os,","canonical_url":"https:\/\/www.eldigitaldeasturias.com\/noticias\/el-cura-napolitano-que-le-planta-cara-a-la-camorra-italiana\/","robots":"max-image-preview:large","keywords":"sociedad","webmasterTools":{"google-site-verification":"UA-38556648-1","msvalidate.01":"7dfe9f3f1b24437ab69f4f2559babe99","miscellaneous":""},"schema":{"@context":"https:\/\/schema.org","@graph":[{"@type":"BlogPosting","@id":"https:\/\/www.eldigitaldeasturias.com\/noticias\/el-cura-napolitano-que-le-planta-cara-a-la-camorra-italiana\/#blogposting","name":"El cura napolitano que le planta cara a la Camorra italiana - El Digital de Asturias","headline":"El cura napolitano que le planta cara a la Camorra italiana","author":{"@id":"https:\/\/www.eldigitaldeasturias.com\/noticias\/author\/admin\/#author"},"publisher":{"@id":"https:\/\/www.eldigitaldeasturias.com\/noticias\/#organization"},"image":{"@type":"ImageObject","url":456219},"datePublished":"2013-11-30T18:20:10+01:00","dateModified":"2013-11-30T18:20:10+01:00","inLanguage":"es-ES","mainEntityOfPage":{"@id":"https:\/\/www.eldigitaldeasturias.com\/noticias\/el-cura-napolitano-que-le-planta-cara-a-la-camorra-italiana\/#webpage"},"isPartOf":{"@id":"https:\/\/www.eldigitaldeasturias.com\/noticias\/el-cura-napolitano-que-le-planta-cara-a-la-camorra-italiana\/#webpage"},"articleSection":"Sociedad"},{"@type":"BreadcrumbList","@id":"https:\/\/www.eldigitaldeasturias.com\/noticias\/el-cura-napolitano-que-le-planta-cara-a-la-camorra-italiana\/#breadcrumblist","itemListElement":[{"@type":"ListItem","@id":"https:\/\/www.eldigitaldeasturias.com\/noticias#listItem","position":1,"name":"Home","item":"https:\/\/www.eldigitaldeasturias.com\/noticias","nextItem":{"@type":"ListItem","@id":"https:\/\/www.eldigitaldeasturias.com\/noticias\/category\/sociedad\/#listItem","name":"Sociedad"}},{"@type":"ListItem","@id":"https:\/\/www.eldigitaldeasturias.com\/noticias\/category\/sociedad\/#listItem","position":2,"name":"Sociedad","item":"https:\/\/www.eldigitaldeasturias.com\/noticias\/category\/sociedad\/","nextItem":{"@type":"ListItem","@id":"https:\/\/www.eldigitaldeasturias.com\/noticias\/el-cura-napolitano-que-le-planta-cara-a-la-camorra-italiana\/#listItem","name":"El cura napolitano que le planta cara a la Camorra italiana"},"previousItem":{"@type":"ListItem","@id":"https:\/\/www.eldigitaldeasturias.com\/noticias#listItem","name":"Home"}},{"@type":"ListItem","@id":"https:\/\/www.eldigitaldeasturias.com\/noticias\/el-cura-napolitano-que-le-planta-cara-a-la-camorra-italiana\/#listItem","position":3,"name":"El cura napolitano que le planta cara a la Camorra italiana","previousItem":{"@type":"ListItem","@id":"https:\/\/www.eldigitaldeasturias.com\/noticias\/category\/sociedad\/#listItem","name":"Sociedad"}}]},{"@type":"Organization","@id":"https:\/\/www.eldigitaldeasturias.com\/noticias\/#organization","name":"El Digital de Asturias","description":"Hemeroteca","url":"https:\/\/www.eldigitaldeasturias.com\/noticias\/","email":"info@eldigitaldeasturias.com","telephone":"+34652131393","logo":{"@type":"ImageObject","url":"https:\/\/www.eldigitaldeasturias.com\/noticias\/wp-content\/uploads\/2020\/12\/EDA.jpg","@id":"https:\/\/www.eldigitaldeasturias.com\/noticias\/el-cura-napolitano-que-le-planta-cara-a-la-camorra-italiana\/#organizationLogo"},"image":{"@id":"https:\/\/www.eldigitaldeasturias.com\/noticias\/el-cura-napolitano-que-le-planta-cara-a-la-camorra-italiana\/#organizationLogo"},"sameAs":["https:\/\/facebook.com\/eldigitaldeasturias","https:\/\/www.youtube.com\/channel\/UCZP-2wLEB9Rv6erhFmqVnvg"],"address":{"@id":"https:\/\/www.eldigitaldeasturias.com\/noticias\/#postaladdress","@type":"PostalAddress","streetAddress":"san antonio 4","postalCode":"33430","addressLocality":"Cand\u00e1s","addressRegion":"Asturias","addressCountry":"ES"}},{"@type":"Person","@id":"https:\/\/www.eldigitaldeasturias.com\/noticias\/author\/admin\/#author","url":"https:\/\/www.eldigitaldeasturias.com\/noticias\/author\/admin\/","name":"El Digital de Asturias","image":{"@type":"ImageObject","@id":"https:\/\/www.eldigitaldeasturias.com\/noticias\/el-cura-napolitano-que-le-planta-cara-a-la-camorra-italiana\/#authorImage","url":"https:\/\/secure.gravatar.com\/avatar\/df2aeffc32bcd13f8d26072ef8a91b623d677766deac7f97ca815868cd41bf5e?s=96&d=mm&r=g","width":96,"height":96,"caption":"El Digital de Asturias"}},{"@type":"WebPage","@id":"https:\/\/www.eldigitaldeasturias.com\/noticias\/el-cura-napolitano-que-le-planta-cara-a-la-camorra-italiana\/#webpage","url":"https:\/\/www.eldigitaldeasturias.com\/noticias\/el-cura-napolitano-que-le-planta-cara-a-la-camorra-italiana\/","name":"El cura napolitano que le planta cara a la Camorra italiana - El Digital de Asturias","description":"Roma, 30 nov (EFE).- Tras sus gafas se esconde una mirada apacible, pac\u00edfica, pero tambi\u00e9n se entrev\u00e9 la chispa de una persona luchadora y si se amplia el retrato, se asoman unas pocas canas, una caracter\u00edstica camisa azul y un alzacuellos, se trata del padre Maurizio Patriciello, el denominado \"cura anti-Camorra\". Patriciello, de 58 a\u00f1os,","inLanguage":"es-ES","isPartOf":{"@id":"https:\/\/www.eldigitaldeasturias.com\/noticias\/#website"},"breadcrumb":{"@id":"https:\/\/www.eldigitaldeasturias.com\/noticias\/el-cura-napolitano-que-le-planta-cara-a-la-camorra-italiana\/#breadcrumblist"},"author":{"@id":"https:\/\/www.eldigitaldeasturias.com\/noticias\/author\/admin\/#author"},"creator":{"@id":"https:\/\/www.eldigitaldeasturias.com\/noticias\/author\/admin\/#author"},"image":{"@type":"ImageObject","url":456219,"@id":"https:\/\/www.eldigitaldeasturias.com\/noticias\/el-cura-napolitano-que-le-planta-cara-a-la-camorra-italiana\/#mainImage"},"primaryImageOfPage":{"@id":"https:\/\/www.eldigitaldeasturias.com\/noticias\/el-cura-napolitano-que-le-planta-cara-a-la-camorra-italiana\/#mainImage"},"datePublished":"2013-11-30T18:20:10+01:00","dateModified":"2013-11-30T18:20:10+01:00"},{"@type":"WebSite","@id":"https:\/\/www.eldigitaldeasturias.com\/noticias\/#website","url":"https:\/\/www.eldigitaldeasturias.com\/noticias\/","name":"El Digital de Asturias - Diario de actualidad y noticias","alternateName":"El Digital de Asturias - Diario de actualidad y noticias","description":"Hemeroteca","inLanguage":"es-ES","publisher":{"@id":"https:\/\/www.eldigitaldeasturias.com\/noticias\/#organization"}}]},"og:locale":"es_ES","og:site_name":"El Digital de Asturias","og:type":"article","og:title":"El cura napolitano que le planta cara a la Camorra italiana - El Digital de Asturias","og:description":"Roma, 30 nov (EFE).- Tras sus gafas se esconde una mirada apacible, pac\u00edfica, pero tambi\u00e9n se entrev\u00e9 la chispa de una persona luchadora y si se amplia el retrato, se asoman unas pocas canas, una caracter\u00edstica camisa azul y un alzacuellos, se trata del padre Maurizio Patriciello, el denominado &quot;cura anti-Camorra&quot;. Patriciello, de 58 a\u00f1os,","og:url":"https:\/\/www.eldigitaldeasturias.com\/noticias\/el-cura-napolitano-que-le-planta-cara-a-la-camorra-italiana\/","article:tag":["sociedad"],"article:published_time":"2013-11-30T19:20:10+00:00","article:modified_time":"2013-11-30T19:20:10+00:00","article:publisher":"https:\/\/facebook.com\/eldigitaldeasturias","twitter:card":"summary_large_image","twitter:title":"El cura napolitano que le planta cara a la Camorra italiana - El Digital de Asturias","twitter:description":"Roma, 30 nov (EFE).- Tras sus gafas se esconde una mirada apacible, pac\u00edfica, pero tambi\u00e9n se entrev\u00e9 la chispa de una persona luchadora y si se amplia el retrato, se asoman unas pocas canas, una caracter\u00edstica camisa azul y un alzacuellos, se trata del padre Maurizio Patriciello, el denominado &quot;cura anti-Camorra&quot;. Patriciello, de 58 a\u00f1os,","twitter:label1":"Escrito por","twitter:data1":"El Digital de Asturias","twitter:label2":"Tiempo de lectura estimado","twitter:data2":"4 minutos"},"aioseo_meta_data":{"post_id":"456218","title":null,"description":null,"keywords":null,"keyphrases":null,"primary_term":null,"canonical_url":null,"og_title":null,"og_description":null,"og_object_type":"default","og_image_type":"default","og_image_url":null,"og_image_width":null,"og_image_height":null,"og_image_custom_url":null,"og_image_custom_fields":null,"og_video":null,"og_custom_url":null,"og_article_section":null,"og_article_tags":null,"twitter_use_og":true,"twitter_card":"default","twitter_image_type":"default","twitter_image_url":null,"twitter_image_custom_url":null,"twitter_image_custom_fields":null,"twitter_title":null,"twitter_description":null,"schema":{"blockGraphs":[],"customGraphs":[],"default":{"data":{"Article":[],"Course":[],"Dataset":[],"FAQPage":[],"Movie":[],"Person":[],"Product":[],"ProductReview":[],"Car":[],"Recipe":[],"Service":[],"SoftwareApplication":[],"WebPage":[]},"graphName":"","isEnabled":true},"graphs":[],"defaultGraph":"","defaultPostTypeGraph":""},"schema_type":null,"schema_type_options":null,"pillar_content":false,"robots_default":true,"robots_noindex":false,"robots_noarchive":false,"robots_nosnippet":false,"robots_nofollow":false,"robots_noimageindex":false,"robots_noodp":false,"robots_notranslate":false,"robots_max_snippet":null,"robots_max_videopreview":null,"robots_max_imagepreview":"none","priority":null,"frequency":null,"local_seo":null,"seo_analyzer_scan_date":"2026-05-29 21:11:50","breadcrumb_settings":null,"limit_modified_date":false,"open_ai":null,"ai":null,"created":"2020-11-14 22:45:29","updated":"2026-05-29 21:11:50","focus_keyword":null,"additional_keywords":null,"truseo_locale":null},"aioseo_breadcrumb":"<div class=\"aioseo-breadcrumbs\"><span class=\"aioseo-breadcrumb\">\n\t<a href=\"https:\/\/www.eldigitaldeasturias.com\/noticias\" title=\"Home\">Home<\/a>\n<\/span><span class=\"aioseo-breadcrumb-separator\">\u2013<\/span><span class=\"aioseo-breadcrumb\">\n\t<a href=\"https:\/\/www.eldigitaldeasturias.com\/noticias\/category\/sociedad\/\" title=\"Sociedad\">Sociedad<\/a>\n<\/span><span class=\"aioseo-breadcrumb-separator\">\u2013<\/span><span class=\"aioseo-breadcrumb\">\n\t<a href=\"https:\/\/www.eldigitaldeasturias.com\/noticias\/el-cura-napolitano-que-le-planta-cara-a-la-camorra-italiana\/\" title=\"El cura napolitano que le planta cara a la Camorra italiana\">El cura napolitano que le planta cara a la Camorra italiana<\/a>\n<\/span><\/div>","aioseo_breadcrumb_json":[{"label":"Home","link":"https:\/\/www.eldigitaldeasturias.com\/noticias"},{"label":"Sociedad","link":"https:\/\/www.eldigitaldeasturias.com\/noticias\/category\/sociedad\/"},{"label":"El cura napolitano que le planta cara a la Camorra italiana","link":"https:\/\/www.eldigitaldeasturias.com\/noticias\/el-cura-napolitano-que-le-planta-cara-a-la-camorra-italiana\/"}],"_links":{"self":[{"href":"https:\/\/www.eldigitaldeasturias.com\/noticias\/wp-json\/wp\/v2\/posts\/456218","targetHints":{"allow":["GET"]}}],"collection":[{"href":"https:\/\/www.eldigitaldeasturias.com\/noticias\/wp-json\/wp\/v2\/posts"}],"about":[{"href":"https:\/\/www.eldigitaldeasturias.com\/noticias\/wp-json\/wp\/v2\/types\/post"}],"author":[{"embeddable":true,"href":"https:\/\/www.eldigitaldeasturias.com\/noticias\/wp-json\/wp\/v2\/users\/1"}],"replies":[{"embeddable":true,"href":"https:\/\/www.eldigitaldeasturias.com\/noticias\/wp-json\/wp\/v2\/comments?post=456218"}],"version-history":[{"count":0,"href":"https:\/\/www.eldigitaldeasturias.com\/noticias\/wp-json\/wp\/v2\/posts\/456218\/revisions"}],"wp:attachment":[{"href":"https:\/\/www.eldigitaldeasturias.com\/noticias\/wp-json\/wp\/v2\/media?parent=456218"}],"wp:term":[{"taxonomy":"category","embeddable":true,"href":"https:\/\/www.eldigitaldeasturias.com\/noticias\/wp-json\/wp\/v2\/categories?post=456218"},{"taxonomy":"post_tag","embeddable":true,"href":"https:\/\/www.eldigitaldeasturias.com\/noticias\/wp-json\/wp\/v2\/tags?post=456218"}],"curies":[{"name":"wp","href":"https:\/\/api.w.org\/{rel}","templated":true}]}}