{"id":456215,"date":"2013-11-30T18:18:33","date_gmt":"2013-11-30T19:18:33","guid":{"rendered":"http:\/\/www.eldigitaldeasturias.com\/noticias\/?p=456215"},"modified":"2013-11-30T18:18:33","modified_gmt":"2013-11-30T19:18:33","slug":"un-pequeno-festival-de-animacion-espanol-se-abre-paso-en-disney-y-dreamworks","status":"publish","type":"post","link":"https:\/\/www.eldigitaldeasturias.com\/noticias\/un-pequeno-festival-de-animacion-espanol-se-abre-paso-en-disney-y-dreamworks\/","title":{"rendered":"Un peque\u00f1o festival de animaci\u00f3n espa\u00f1ol se abre paso en Disney y Dreamworks"},"content":{"rendered":"<p><img loading=\"lazy\" decoding=\"async\" class=\"alignleft size-medium wp-image-456216\" alt=\"5763446w\" src=\"https:\/\/www.eldigitaldeasturias.com\/noticias\/wp-content\/uploads\/2013\/11\/5763446w-360x234.jpg\" width=\"360\" height=\"234\" \/>Las Palmas de Gran Canaria, 30 nov (EFE).- Disney y Dreamworks han puesto sus ojos en un peque\u00f1o festival canario de animaci\u00f3n cuyo presupuesto no llega ni a la cent\u00e9sima parte de cualquiera de las pel\u00edculas que producen: Animayo, el \u00fanico de Europa que en estos momentos proyecta sus cortometrajes en sus estudios de EEUU.<\/p>\n<p>\u00abSoy canario, he crecido con el &#8216;no&#8217;, con el &#8216;no se puede&#8217;, con el &#8216;aqu\u00ed no es posible&#8217;. Pero, ante eso, solo hay dos opciones: o te achantas, o te lo tomas como un reto\u00bb, asegura a Efe el productor Dami\u00e1n Perea (Gran Canaria, 1974), alma mater de Animayo.<\/p>\n<p>Este joven realizador decidi\u00f3 \u00abno achantarse\u00bb. Con 20 a\u00f1os fue candidato a los Goya con su primer corto de animaci\u00f3n en stop-motion (\u00abPodr\u00eda ser peor\u00bb), luego dio vida a \u00abLos Garc\u00eda\u00bb, la familia de plastilina que explic\u00f3 a los espa\u00f1oles el euro, y desde hace ocho a\u00f1os dirige en Las Palmas de Gran Canaria el Festival Internacional de Cine de Animaci\u00f3n, Efectos especiales y Videojuegos.<\/p>\n<p>Perea acaba de regresar a Espa\u00f1a tras proyectar las diez pel\u00edculas ganadoras de la \u00faltima edici\u00f3n en la sala Aidikoff de Los \u00c1ngeles por tercer a\u00f1o consecutivo, coincidiendo con el American Film Markett, una de las grandes citas del sector, y de organizar cuatro d\u00edas de pases exclusivos para los grandes de la animaci\u00f3n.<\/p>\n<p>\u00abSomos el \u00fanico festival europeo que se proyecta, y llevamos dos a\u00f1os haci\u00e9ndolo, en los estudios Disney y Dreamworks. Los animadores casi no tienen tiempo de ver las \u00faltimas novedades, nosotros les llevamos un resumen de lo mejor del festival\u00bb, asegura.<\/p>\n<p>En un contexto en el que la crisis ha borrado del mapa a citas antes se\u00f1eras para la animaci\u00f3n en Espa\u00f1a, Animayo recibe cada a\u00f1o unos mil cortometrajes, de los que selecciona cien para su exhibici\u00f3n en Las Palmas de Gran Canaria y premia diez.<\/p>\n<p>Este a\u00f1o Animayo ha acudido a la meca de la animaci\u00f3n con lo mejor de su edici\u00f3n de 2013, de la que en EEUU ha llamado la atenci\u00f3n el Gran Premio del Festival, \u00abFeral\u00bb (EEUU), de Daniel Soussa, un trabajo que acaba de ser preseleccionado para los Oscar.<\/p>\n<p>Perea se\u00f1ala que tambi\u00e9n ha sorprendido el premio al mejor videoclip, \u00abLet&#8217;s go\u00bb (de Alexis Beaumont y Remi Godin, Francia); el mejor 2D (\u00abSeparated\u00bb, de Mark Borgions, B\u00e9lgica) y la mejor comedia (\u00abOh sheep!\u00bb, de Gottfried Mentor, Alemania).<\/p>\n<p>De la selecci\u00f3n, tambi\u00e9n formaban parte dos trabajos espa\u00f1oles: \u00abEl vendedor de humo\u00bb, de Jaime Maestro, premio del p\u00fablico en Animayo, y \u00abEl ruido del mundo\u00bb, de Coke Rib\u00f3o, realizador que ya atesora un Goya por \u00abEl viaje de Said\u00bb (2006) y que en Las Palmas de Gran Canaria gan\u00f3 este a\u00f1o el premio al mejor cortometraje nacional.<\/p>\n<p>Sin gran difusi\u00f3n entre el p\u00fablico general, Animayo cuenta cada a\u00f1o con unos 5.000 fieles en sus proyecciones y se va convirtiendo poco a poco en una cita habitual para los grandes del sector.<\/p>\n<p>Por sus clases maestras -otra de las apuestas del festival-, han pasado en los \u00faltimos a\u00f1os figuras como el animador Alexander Petrov, Oscar por \u00abEl viejo y el mar\u00bb (1999), o los responsables de los efectos especiales de \u00abEl Se\u00f1or de los Anillos\u00bb, Roger Kupelian; \u00abJuego de Tronos\u00bb, Jan Adamczyk; y \u00abPerdidos\u00bb, Kevin Blank.<\/p>\n<p>Perea sostiene que, por el prestigio que est\u00e1 gan\u00e1ndose en el sector, Animayo est\u00e1 cerca que lograr otra de sus metas: que se le reconozca entre los festivales internacionales cuyo palmar\u00e9s otorga a los ganadores una preselecci\u00f3n para los Oscar. El productor grancanario se atreve incluso a ponerle fecha: en dos a\u00f1os.<\/p>\n<p>Dami\u00e1n Perea presume adem\u00e1s de que \u00e9l trabaja en un g\u00e9nero, el cortometraje de animaci\u00f3n, que goza de buena salud creativa en Espa\u00f1a, a pesar de la crisis, y que est\u00e1 sirviendo de cantera de talentos para los grandes estudios estadounidenses (entre Disney, Pixar y Dreamworks suman una decena de animadores espa\u00f1oles).<\/p>\n<p>Jos\u00e9 Mar\u00eda Rodr\u00edguez.<\/p>\n","protected":false},"excerpt":{"rendered":"<p>Las Palmas de Gran Canaria, 30 nov (EFE).- Disney y Dreamworks han puesto sus ojos en un peque\u00f1o festival canario de animaci\u00f3n cuyo presupuesto no llega ni a la cent\u00e9sima parte de cualquiera de las pel\u00edculas que producen: Animayo, el \u00fanico de Europa que en estos momentos proyecta sus cortometrajes en sus estudios de EEUU. [&hellip;]<\/p>\n","protected":false},"author":1,"featured_media":456216,"comment_status":"closed","ping_status":"open","sticky":false,"template":"","format":"standard","meta":{"footnotes":""},"categories":[50],"tags":[],"class_list":["post-456215","post","type-post","status-publish","format-standard","has-post-thumbnail","hentry","category-revista-de-ocio"],"aioseo_notices":[],"aioseo_head":"\n\t\t<!-- All in One SEO Pro 5.0.1 - aioseo.com -->\n\t<meta name=\"description\" content=\"Las Palmas de Gran Canaria, 30 nov (EFE).- Disney y Dreamworks han puesto sus ojos en un peque\u00f1o festival canario de animaci\u00f3n cuyo presupuesto no llega ni a la cent\u00e9sima parte de cualquiera de las pel\u00edculas que producen: Animayo, el \u00fanico de Europa que en estos momentos proyecta sus cortometrajes en sus estudios de EEUU.\" \/>\n\t<meta name=\"robots\" content=\"max-image-preview:large\" \/>\n\t<meta name=\"author\" content=\"El Digital de Asturias\"\/>\n\t<meta name=\"google-site-verification\" content=\"UA-38556648-1\" \/>\n\t<meta name=\"msvalidate.01\" content=\"7dfe9f3f1b24437ab69f4f2559babe99\" \/>\n\t<meta name=\"keywords\" content=\"revista de ocio\" \/>\n\t<link rel=\"canonical\" href=\"https:\/\/www.eldigitaldeasturias.com\/noticias\/un-pequeno-festival-de-animacion-espanol-se-abre-paso-en-disney-y-dreamworks\/\" \/>\n\t<meta name=\"generator\" content=\"All in One SEO Pro (AIOSEO) 5.0.1\" \/>\n\t\t<meta property=\"og:locale\" content=\"es_ES\" \/>\n\t\t<meta property=\"og:site_name\" content=\"El Digital de Asturias\" \/>\n\t\t<meta property=\"og:type\" content=\"article\" \/>\n\t\t<meta property=\"og:title\" content=\"Un peque\u00f1o festival de animaci\u00f3n espa\u00f1ol se abre paso en Disney y Dreamworks - El Digital de Asturias\" \/>\n\t\t<meta property=\"og:description\" content=\"Las Palmas de Gran Canaria, 30 nov (EFE).- Disney y Dreamworks han puesto sus ojos en un peque\u00f1o festival canario de animaci\u00f3n cuyo presupuesto no llega ni a la cent\u00e9sima parte de cualquiera de las pel\u00edculas que producen: Animayo, el \u00fanico de Europa que en estos momentos proyecta sus cortometrajes en sus estudios de EEUU.\" \/>\n\t\t<meta property=\"og:url\" content=\"https:\/\/www.eldigitaldeasturias.com\/noticias\/un-pequeno-festival-de-animacion-espanol-se-abre-paso-en-disney-y-dreamworks\/\" \/>\n\t\t<meta property=\"article:tag\" content=\"revista de ocio\" \/>\n\t\t<meta property=\"article:published_time\" content=\"2013-11-30T19:18:33+00:00\" \/>\n\t\t<meta property=\"article:modified_time\" content=\"2013-11-30T19:18:33+00:00\" \/>\n\t\t<meta property=\"article:publisher\" content=\"https:\/\/facebook.com\/eldigitaldeasturias\" \/>\n\t\t<meta name=\"twitter:card\" content=\"summary_large_image\" \/>\n\t\t<meta name=\"twitter:title\" content=\"Un peque\u00f1o festival de animaci\u00f3n espa\u00f1ol se abre paso en Disney y Dreamworks - El Digital de Asturias\" \/>\n\t\t<meta name=\"twitter:description\" content=\"Las Palmas de Gran Canaria, 30 nov (EFE).- Disney y Dreamworks han puesto sus ojos en un peque\u00f1o festival canario de animaci\u00f3n cuyo presupuesto no llega ni a la cent\u00e9sima parte de cualquiera de las pel\u00edculas que producen: Animayo, el \u00fanico de Europa que en estos momentos proyecta sus cortometrajes en sus estudios de EEUU.\" \/>\n\t\t<meta name=\"twitter:label1\" content=\"Escrito por\" \/>\n\t\t<meta name=\"twitter:data1\" content=\"El Digital de Asturias\" \/>\n\t\t<meta name=\"twitter:label2\" content=\"Tiempo de lectura estimado\" \/>\n\t\t<meta name=\"twitter:data2\" content=\"3 minutos\" \/>\n\t\t<script type=\"application\/ld+json\" class=\"aioseo-schema\">\n\t\t\t{\"@context\":\"https:\\\/\\\/schema.org\",\"@graph\":[{\"@type\":\"BlogPosting\",\"@id\":\"https:\\\/\\\/www.eldigitaldeasturias.com\\\/noticias\\\/un-pequeno-festival-de-animacion-espanol-se-abre-paso-en-disney-y-dreamworks\\\/#blogposting\",\"name\":\"Un peque\\u00f1o festival de animaci\\u00f3n espa\\u00f1ol se abre paso en Disney y Dreamworks - El Digital de Asturias\",\"headline\":\"Un peque\\u00f1o festival de animaci\\u00f3n espa\\u00f1ol se abre paso en Disney y Dreamworks\",\"author\":{\"@id\":\"https:\\\/\\\/www.eldigitaldeasturias.com\\\/noticias\\\/author\\\/admin\\\/#author\"},\"publisher\":{\"@id\":\"https:\\\/\\\/www.eldigitaldeasturias.com\\\/noticias\\\/#organization\"},\"image\":{\"@type\":\"ImageObject\",\"url\":456216},\"datePublished\":\"2013-11-30T18:18:33+01:00\",\"dateModified\":\"2013-11-30T18:18:33+01:00\",\"inLanguage\":\"es-ES\",\"mainEntityOfPage\":{\"@id\":\"https:\\\/\\\/www.eldigitaldeasturias.com\\\/noticias\\\/un-pequeno-festival-de-animacion-espanol-se-abre-paso-en-disney-y-dreamworks\\\/#webpage\"},\"isPartOf\":{\"@id\":\"https:\\\/\\\/www.eldigitaldeasturias.com\\\/noticias\\\/un-pequeno-festival-de-animacion-espanol-se-abre-paso-en-disney-y-dreamworks\\\/#webpage\"},\"articleSection\":\"Revista de Ocio\"},{\"@type\":\"BreadcrumbList\",\"@id\":\"https:\\\/\\\/www.eldigitaldeasturias.com\\\/noticias\\\/un-pequeno-festival-de-animacion-espanol-se-abre-paso-en-disney-y-dreamworks\\\/#breadcrumblist\",\"itemListElement\":[{\"@type\":\"ListItem\",\"@id\":\"https:\\\/\\\/www.eldigitaldeasturias.com\\\/noticias#listItem\",\"position\":1,\"name\":\"Home\",\"item\":\"https:\\\/\\\/www.eldigitaldeasturias.com\\\/noticias\",\"nextItem\":{\"@type\":\"ListItem\",\"@id\":\"https:\\\/\\\/www.eldigitaldeasturias.com\\\/noticias\\\/category\\\/revista-de-ocio\\\/#listItem\",\"name\":\"Revista de Ocio\"}},{\"@type\":\"ListItem\",\"@id\":\"https:\\\/\\\/www.eldigitaldeasturias.com\\\/noticias\\\/category\\\/revista-de-ocio\\\/#listItem\",\"position\":2,\"name\":\"Revista de Ocio\",\"item\":\"https:\\\/\\\/www.eldigitaldeasturias.com\\\/noticias\\\/category\\\/revista-de-ocio\\\/\",\"nextItem\":{\"@type\":\"ListItem\",\"@id\":\"https:\\\/\\\/www.eldigitaldeasturias.com\\\/noticias\\\/un-pequeno-festival-de-animacion-espanol-se-abre-paso-en-disney-y-dreamworks\\\/#listItem\",\"name\":\"Un peque\\u00f1o festival de animaci\\u00f3n espa\\u00f1ol se abre paso en Disney y Dreamworks\"},\"previousItem\":{\"@type\":\"ListItem\",\"@id\":\"https:\\\/\\\/www.eldigitaldeasturias.com\\\/noticias#listItem\",\"name\":\"Home\"}},{\"@type\":\"ListItem\",\"@id\":\"https:\\\/\\\/www.eldigitaldeasturias.com\\\/noticias\\\/un-pequeno-festival-de-animacion-espanol-se-abre-paso-en-disney-y-dreamworks\\\/#listItem\",\"position\":3,\"name\":\"Un peque\\u00f1o festival de animaci\\u00f3n espa\\u00f1ol se abre paso en Disney y Dreamworks\",\"previousItem\":{\"@type\":\"ListItem\",\"@id\":\"https:\\\/\\\/www.eldigitaldeasturias.com\\\/noticias\\\/category\\\/revista-de-ocio\\\/#listItem\",\"name\":\"Revista de Ocio\"}}]},{\"@type\":\"Organization\",\"@id\":\"https:\\\/\\\/www.eldigitaldeasturias.com\\\/noticias\\\/#organization\",\"name\":\"El Digital de Asturias\",\"description\":\"Hemeroteca\",\"url\":\"https:\\\/\\\/www.eldigitaldeasturias.com\\\/noticias\\\/\",\"email\":\"info@eldigitaldeasturias.com\",\"telephone\":\"+34652131393\",\"logo\":{\"@type\":\"ImageObject\",\"url\":\"https:\\\/\\\/www.eldigitaldeasturias.com\\\/noticias\\\/wp-content\\\/uploads\\\/2020\\\/12\\\/EDA.jpg\",\"@id\":\"https:\\\/\\\/www.eldigitaldeasturias.com\\\/noticias\\\/un-pequeno-festival-de-animacion-espanol-se-abre-paso-en-disney-y-dreamworks\\\/#organizationLogo\"},\"image\":{\"@id\":\"https:\\\/\\\/www.eldigitaldeasturias.com\\\/noticias\\\/un-pequeno-festival-de-animacion-espanol-se-abre-paso-en-disney-y-dreamworks\\\/#organizationLogo\"},\"sameAs\":[\"https:\\\/\\\/facebook.com\\\/eldigitaldeasturias\",\"https:\\\/\\\/www.youtube.com\\\/channel\\\/UCZP-2wLEB9Rv6erhFmqVnvg\"],\"address\":{\"@id\":\"https:\\\/\\\/www.eldigitaldeasturias.com\\\/noticias\\\/#postaladdress\",\"@type\":\"PostalAddress\",\"streetAddress\":\"san antonio 4\",\"postalCode\":\"33430\",\"addressLocality\":\"Cand\\u00e1s\",\"addressRegion\":\"Asturias\",\"addressCountry\":\"ES\"}},{\"@type\":\"Person\",\"@id\":\"https:\\\/\\\/www.eldigitaldeasturias.com\\\/noticias\\\/author\\\/admin\\\/#author\",\"url\":\"https:\\\/\\\/www.eldigitaldeasturias.com\\\/noticias\\\/author\\\/admin\\\/\",\"name\":\"El Digital de Asturias\",\"image\":{\"@type\":\"ImageObject\",\"@id\":\"https:\\\/\\\/www.eldigitaldeasturias.com\\\/noticias\\\/un-pequeno-festival-de-animacion-espanol-se-abre-paso-en-disney-y-dreamworks\\\/#authorImage\",\"url\":\"https:\\\/\\\/secure.gravatar.com\\\/avatar\\\/df2aeffc32bcd13f8d26072ef8a91b623d677766deac7f97ca815868cd41bf5e?s=96&d=mm&r=g\",\"width\":96,\"height\":96,\"caption\":\"El Digital de Asturias\"}},{\"@type\":\"WebPage\",\"@id\":\"https:\\\/\\\/www.eldigitaldeasturias.com\\\/noticias\\\/un-pequeno-festival-de-animacion-espanol-se-abre-paso-en-disney-y-dreamworks\\\/#webpage\",\"url\":\"https:\\\/\\\/www.eldigitaldeasturias.com\\\/noticias\\\/un-pequeno-festival-de-animacion-espanol-se-abre-paso-en-disney-y-dreamworks\\\/\",\"name\":\"Un peque\\u00f1o festival de animaci\\u00f3n espa\\u00f1ol se abre paso en Disney y Dreamworks - El Digital de Asturias\",\"description\":\"Las Palmas de Gran Canaria, 30 nov (EFE).- Disney y Dreamworks han puesto sus ojos en un peque\\u00f1o festival canario de animaci\\u00f3n cuyo presupuesto no llega ni a la cent\\u00e9sima parte de cualquiera de las pel\\u00edculas que producen: Animayo, el \\u00fanico de Europa que en estos momentos proyecta sus cortometrajes en sus estudios de EEUU.\",\"inLanguage\":\"es-ES\",\"isPartOf\":{\"@id\":\"https:\\\/\\\/www.eldigitaldeasturias.com\\\/noticias\\\/#website\"},\"breadcrumb\":{\"@id\":\"https:\\\/\\\/www.eldigitaldeasturias.com\\\/noticias\\\/un-pequeno-festival-de-animacion-espanol-se-abre-paso-en-disney-y-dreamworks\\\/#breadcrumblist\"},\"author\":{\"@id\":\"https:\\\/\\\/www.eldigitaldeasturias.com\\\/noticias\\\/author\\\/admin\\\/#author\"},\"creator\":{\"@id\":\"https:\\\/\\\/www.eldigitaldeasturias.com\\\/noticias\\\/author\\\/admin\\\/#author\"},\"image\":{\"@type\":\"ImageObject\",\"url\":456216,\"@id\":\"https:\\\/\\\/www.eldigitaldeasturias.com\\\/noticias\\\/un-pequeno-festival-de-animacion-espanol-se-abre-paso-en-disney-y-dreamworks\\\/#mainImage\"},\"primaryImageOfPage\":{\"@id\":\"https:\\\/\\\/www.eldigitaldeasturias.com\\\/noticias\\\/un-pequeno-festival-de-animacion-espanol-se-abre-paso-en-disney-y-dreamworks\\\/#mainImage\"},\"datePublished\":\"2013-11-30T18:18:33+01:00\",\"dateModified\":\"2013-11-30T18:18:33+01:00\"},{\"@type\":\"WebSite\",\"@id\":\"https:\\\/\\\/www.eldigitaldeasturias.com\\\/noticias\\\/#website\",\"url\":\"https:\\\/\\\/www.eldigitaldeasturias.com\\\/noticias\\\/\",\"name\":\"El Digital de Asturias - Diario de actualidad y noticias\",\"alternateName\":\"El Digital de Asturias - Diario de actualidad y noticias\",\"description\":\"Hemeroteca\",\"inLanguage\":\"es-ES\",\"publisher\":{\"@id\":\"https:\\\/\\\/www.eldigitaldeasturias.com\\\/noticias\\\/#organization\"}}]}\n\t\t<\/script>\n\t\t<!-- All in One SEO Pro -->\r\n\t\t<title>Un peque\u00f1o festival de animaci\u00f3n espa\u00f1ol se abre paso en Disney y Dreamworks - El Digital de Asturias<\/title>\n\n","aioseo_head_json":{"title":"Un peque\u00f1o festival de animaci\u00f3n espa\u00f1ol se abre paso en Disney y Dreamworks - El Digital de Asturias","description":"Las Palmas de Gran Canaria, 30 nov (EFE).- Disney y Dreamworks han puesto sus ojos en un peque\u00f1o festival canario de animaci\u00f3n cuyo presupuesto no llega ni a la cent\u00e9sima parte de cualquiera de las pel\u00edculas que producen: Animayo, el \u00fanico de Europa que en estos momentos proyecta sus cortometrajes en sus estudios de EEUU.","canonical_url":"https:\/\/www.eldigitaldeasturias.com\/noticias\/un-pequeno-festival-de-animacion-espanol-se-abre-paso-en-disney-y-dreamworks\/","robots":"max-image-preview:large","keywords":"revista de ocio","webmasterTools":{"google-site-verification":"UA-38556648-1","msvalidate.01":"7dfe9f3f1b24437ab69f4f2559babe99","miscellaneous":""},"schema":{"@context":"https:\/\/schema.org","@graph":[{"@type":"BlogPosting","@id":"https:\/\/www.eldigitaldeasturias.com\/noticias\/un-pequeno-festival-de-animacion-espanol-se-abre-paso-en-disney-y-dreamworks\/#blogposting","name":"Un peque\u00f1o festival de animaci\u00f3n espa\u00f1ol se abre paso en Disney y Dreamworks - El Digital de Asturias","headline":"Un peque\u00f1o festival de animaci\u00f3n espa\u00f1ol se abre paso en Disney y Dreamworks","author":{"@id":"https:\/\/www.eldigitaldeasturias.com\/noticias\/author\/admin\/#author"},"publisher":{"@id":"https:\/\/www.eldigitaldeasturias.com\/noticias\/#organization"},"image":{"@type":"ImageObject","url":456216},"datePublished":"2013-11-30T18:18:33+01:00","dateModified":"2013-11-30T18:18:33+01:00","inLanguage":"es-ES","mainEntityOfPage":{"@id":"https:\/\/www.eldigitaldeasturias.com\/noticias\/un-pequeno-festival-de-animacion-espanol-se-abre-paso-en-disney-y-dreamworks\/#webpage"},"isPartOf":{"@id":"https:\/\/www.eldigitaldeasturias.com\/noticias\/un-pequeno-festival-de-animacion-espanol-se-abre-paso-en-disney-y-dreamworks\/#webpage"},"articleSection":"Revista de Ocio"},{"@type":"BreadcrumbList","@id":"https:\/\/www.eldigitaldeasturias.com\/noticias\/un-pequeno-festival-de-animacion-espanol-se-abre-paso-en-disney-y-dreamworks\/#breadcrumblist","itemListElement":[{"@type":"ListItem","@id":"https:\/\/www.eldigitaldeasturias.com\/noticias#listItem","position":1,"name":"Home","item":"https:\/\/www.eldigitaldeasturias.com\/noticias","nextItem":{"@type":"ListItem","@id":"https:\/\/www.eldigitaldeasturias.com\/noticias\/category\/revista-de-ocio\/#listItem","name":"Revista de Ocio"}},{"@type":"ListItem","@id":"https:\/\/www.eldigitaldeasturias.com\/noticias\/category\/revista-de-ocio\/#listItem","position":2,"name":"Revista de Ocio","item":"https:\/\/www.eldigitaldeasturias.com\/noticias\/category\/revista-de-ocio\/","nextItem":{"@type":"ListItem","@id":"https:\/\/www.eldigitaldeasturias.com\/noticias\/un-pequeno-festival-de-animacion-espanol-se-abre-paso-en-disney-y-dreamworks\/#listItem","name":"Un peque\u00f1o festival de animaci\u00f3n espa\u00f1ol se abre paso en Disney y Dreamworks"},"previousItem":{"@type":"ListItem","@id":"https:\/\/www.eldigitaldeasturias.com\/noticias#listItem","name":"Home"}},{"@type":"ListItem","@id":"https:\/\/www.eldigitaldeasturias.com\/noticias\/un-pequeno-festival-de-animacion-espanol-se-abre-paso-en-disney-y-dreamworks\/#listItem","position":3,"name":"Un peque\u00f1o festival de animaci\u00f3n espa\u00f1ol se abre paso en Disney y Dreamworks","previousItem":{"@type":"ListItem","@id":"https:\/\/www.eldigitaldeasturias.com\/noticias\/category\/revista-de-ocio\/#listItem","name":"Revista de Ocio"}}]},{"@type":"Organization","@id":"https:\/\/www.eldigitaldeasturias.com\/noticias\/#organization","name":"El Digital de Asturias","description":"Hemeroteca","url":"https:\/\/www.eldigitaldeasturias.com\/noticias\/","email":"info@eldigitaldeasturias.com","telephone":"+34652131393","logo":{"@type":"ImageObject","url":"https:\/\/www.eldigitaldeasturias.com\/noticias\/wp-content\/uploads\/2020\/12\/EDA.jpg","@id":"https:\/\/www.eldigitaldeasturias.com\/noticias\/un-pequeno-festival-de-animacion-espanol-se-abre-paso-en-disney-y-dreamworks\/#organizationLogo"},"image":{"@id":"https:\/\/www.eldigitaldeasturias.com\/noticias\/un-pequeno-festival-de-animacion-espanol-se-abre-paso-en-disney-y-dreamworks\/#organizationLogo"},"sameAs":["https:\/\/facebook.com\/eldigitaldeasturias","https:\/\/www.youtube.com\/channel\/UCZP-2wLEB9Rv6erhFmqVnvg"],"address":{"@id":"https:\/\/www.eldigitaldeasturias.com\/noticias\/#postaladdress","@type":"PostalAddress","streetAddress":"san antonio 4","postalCode":"33430","addressLocality":"Cand\u00e1s","addressRegion":"Asturias","addressCountry":"ES"}},{"@type":"Person","@id":"https:\/\/www.eldigitaldeasturias.com\/noticias\/author\/admin\/#author","url":"https:\/\/www.eldigitaldeasturias.com\/noticias\/author\/admin\/","name":"El Digital de Asturias","image":{"@type":"ImageObject","@id":"https:\/\/www.eldigitaldeasturias.com\/noticias\/un-pequeno-festival-de-animacion-espanol-se-abre-paso-en-disney-y-dreamworks\/#authorImage","url":"https:\/\/secure.gravatar.com\/avatar\/df2aeffc32bcd13f8d26072ef8a91b623d677766deac7f97ca815868cd41bf5e?s=96&d=mm&r=g","width":96,"height":96,"caption":"El Digital de Asturias"}},{"@type":"WebPage","@id":"https:\/\/www.eldigitaldeasturias.com\/noticias\/un-pequeno-festival-de-animacion-espanol-se-abre-paso-en-disney-y-dreamworks\/#webpage","url":"https:\/\/www.eldigitaldeasturias.com\/noticias\/un-pequeno-festival-de-animacion-espanol-se-abre-paso-en-disney-y-dreamworks\/","name":"Un peque\u00f1o festival de animaci\u00f3n espa\u00f1ol se abre paso en Disney y Dreamworks - El Digital de Asturias","description":"Las Palmas de Gran Canaria, 30 nov (EFE).- Disney y Dreamworks han puesto sus ojos en un peque\u00f1o festival canario de animaci\u00f3n cuyo presupuesto no llega ni a la cent\u00e9sima parte de cualquiera de las pel\u00edculas que producen: Animayo, el \u00fanico de Europa que en estos momentos proyecta sus cortometrajes en sus estudios de EEUU.","inLanguage":"es-ES","isPartOf":{"@id":"https:\/\/www.eldigitaldeasturias.com\/noticias\/#website"},"breadcrumb":{"@id":"https:\/\/www.eldigitaldeasturias.com\/noticias\/un-pequeno-festival-de-animacion-espanol-se-abre-paso-en-disney-y-dreamworks\/#breadcrumblist"},"author":{"@id":"https:\/\/www.eldigitaldeasturias.com\/noticias\/author\/admin\/#author"},"creator":{"@id":"https:\/\/www.eldigitaldeasturias.com\/noticias\/author\/admin\/#author"},"image":{"@type":"ImageObject","url":456216,"@id":"https:\/\/www.eldigitaldeasturias.com\/noticias\/un-pequeno-festival-de-animacion-espanol-se-abre-paso-en-disney-y-dreamworks\/#mainImage"},"primaryImageOfPage":{"@id":"https:\/\/www.eldigitaldeasturias.com\/noticias\/un-pequeno-festival-de-animacion-espanol-se-abre-paso-en-disney-y-dreamworks\/#mainImage"},"datePublished":"2013-11-30T18:18:33+01:00","dateModified":"2013-11-30T18:18:33+01:00"},{"@type":"WebSite","@id":"https:\/\/www.eldigitaldeasturias.com\/noticias\/#website","url":"https:\/\/www.eldigitaldeasturias.com\/noticias\/","name":"El Digital de Asturias - Diario de actualidad y noticias","alternateName":"El Digital de Asturias - Diario de actualidad y noticias","description":"Hemeroteca","inLanguage":"es-ES","publisher":{"@id":"https:\/\/www.eldigitaldeasturias.com\/noticias\/#organization"}}]},"og:locale":"es_ES","og:site_name":"El Digital de Asturias","og:type":"article","og:title":"Un peque\u00f1o festival de animaci\u00f3n espa\u00f1ol se abre paso en Disney y Dreamworks - El Digital de Asturias","og:description":"Las Palmas de Gran Canaria, 30 nov (EFE).- Disney y Dreamworks han puesto sus ojos en un peque\u00f1o festival canario de animaci\u00f3n cuyo presupuesto no llega ni a la cent\u00e9sima parte de cualquiera de las pel\u00edculas que producen: Animayo, el \u00fanico de Europa que en estos momentos proyecta sus cortometrajes en sus estudios de EEUU.","og:url":"https:\/\/www.eldigitaldeasturias.com\/noticias\/un-pequeno-festival-de-animacion-espanol-se-abre-paso-en-disney-y-dreamworks\/","article:tag":["revista de ocio"],"article:published_time":"2013-11-30T19:18:33+00:00","article:modified_time":"2013-11-30T19:18:33+00:00","article:publisher":"https:\/\/facebook.com\/eldigitaldeasturias","twitter:card":"summary_large_image","twitter:title":"Un peque\u00f1o festival de animaci\u00f3n espa\u00f1ol se abre paso en Disney y Dreamworks - El Digital de Asturias","twitter:description":"Las Palmas de Gran Canaria, 30 nov (EFE).- Disney y Dreamworks han puesto sus ojos en un peque\u00f1o festival canario de animaci\u00f3n cuyo presupuesto no llega ni a la cent\u00e9sima parte de cualquiera de las pel\u00edculas que producen: Animayo, el \u00fanico de Europa que en estos momentos proyecta sus cortometrajes en sus estudios de EEUU.","twitter:label1":"Escrito por","twitter:data1":"El Digital de Asturias","twitter:label2":"Tiempo de lectura estimado","twitter:data2":"3 minutos"},"aioseo_meta_data":{"post_id":"456215","title":null,"description":null,"keywords":null,"keyphrases":null,"primary_term":null,"canonical_url":null,"og_title":null,"og_description":null,"og_object_type":"default","og_image_type":"default","og_image_url":null,"og_image_width":null,"og_image_height":null,"og_image_custom_url":null,"og_image_custom_fields":null,"og_video":null,"og_custom_url":null,"og_article_section":null,"og_article_tags":null,"twitter_use_og":true,"twitter_card":"default","twitter_image_type":"default","twitter_image_url":null,"twitter_image_custom_url":null,"twitter_image_custom_fields":null,"twitter_title":null,"twitter_description":null,"schema":{"blockGraphs":[],"customGraphs":[],"default":{"data":{"Article":[],"Course":[],"Dataset":[],"FAQPage":[],"Movie":[],"Person":[],"Product":[],"ProductReview":[],"Car":[],"Recipe":[],"Service":[],"SoftwareApplication":[],"WebPage":[]},"graphName":"","isEnabled":true},"graphs":[],"defaultGraph":"","defaultPostTypeGraph":""},"schema_type":null,"schema_type_options":null,"pillar_content":false,"robots_default":true,"robots_noindex":false,"robots_noarchive":false,"robots_nosnippet":false,"robots_nofollow":false,"robots_noimageindex":false,"robots_noodp":false,"robots_notranslate":false,"robots_max_snippet":null,"robots_max_videopreview":null,"robots_max_imagepreview":"none","priority":null,"frequency":null,"local_seo":null,"seo_analyzer_scan_date":"2026-05-29 21:11:50","breadcrumb_settings":null,"limit_modified_date":false,"open_ai":null,"ai":null,"created":"2020-11-14 22:45:29","updated":"2026-05-29 21:11:50","focus_keyword":null,"additional_keywords":null,"truseo_locale":null},"aioseo_breadcrumb":"<div class=\"aioseo-breadcrumbs\"><span class=\"aioseo-breadcrumb\">\n\t<a href=\"https:\/\/www.eldigitaldeasturias.com\/noticias\" title=\"Home\">Home<\/a>\n<\/span><span class=\"aioseo-breadcrumb-separator\">\u2013<\/span><span class=\"aioseo-breadcrumb\">\n\t<a href=\"https:\/\/www.eldigitaldeasturias.com\/noticias\/category\/revista-de-ocio\/\" title=\"Revista de Ocio\">Revista de Ocio<\/a>\n<\/span><span class=\"aioseo-breadcrumb-separator\">\u2013<\/span><span class=\"aioseo-breadcrumb\">\n\t<a href=\"https:\/\/www.eldigitaldeasturias.com\/noticias\/un-pequeno-festival-de-animacion-espanol-se-abre-paso-en-disney-y-dreamworks\/\" title=\"Un peque\u00f1o festival de animaci\u00f3n espa\u00f1ol se abre paso en Disney y Dreamworks\">Un peque\u00f1o festival de animaci\u00f3n espa\u00f1ol se abre paso en Disney y Dreamworks<\/a>\n<\/span><\/div>","aioseo_breadcrumb_json":[{"label":"Home","link":"https:\/\/www.eldigitaldeasturias.com\/noticias"},{"label":"Revista de Ocio","link":"https:\/\/www.eldigitaldeasturias.com\/noticias\/category\/revista-de-ocio\/"},{"label":"Un peque\u00f1o festival de animaci\u00f3n espa\u00f1ol se abre paso en Disney y Dreamworks","link":"https:\/\/www.eldigitaldeasturias.com\/noticias\/un-pequeno-festival-de-animacion-espanol-se-abre-paso-en-disney-y-dreamworks\/"}],"_links":{"self":[{"href":"https:\/\/www.eldigitaldeasturias.com\/noticias\/wp-json\/wp\/v2\/posts\/456215","targetHints":{"allow":["GET"]}}],"collection":[{"href":"https:\/\/www.eldigitaldeasturias.com\/noticias\/wp-json\/wp\/v2\/posts"}],"about":[{"href":"https:\/\/www.eldigitaldeasturias.com\/noticias\/wp-json\/wp\/v2\/types\/post"}],"author":[{"embeddable":true,"href":"https:\/\/www.eldigitaldeasturias.com\/noticias\/wp-json\/wp\/v2\/users\/1"}],"replies":[{"embeddable":true,"href":"https:\/\/www.eldigitaldeasturias.com\/noticias\/wp-json\/wp\/v2\/comments?post=456215"}],"version-history":[{"count":0,"href":"https:\/\/www.eldigitaldeasturias.com\/noticias\/wp-json\/wp\/v2\/posts\/456215\/revisions"}],"wp:attachment":[{"href":"https:\/\/www.eldigitaldeasturias.com\/noticias\/wp-json\/wp\/v2\/media?parent=456215"}],"wp:term":[{"taxonomy":"category","embeddable":true,"href":"https:\/\/www.eldigitaldeasturias.com\/noticias\/wp-json\/wp\/v2\/categories?post=456215"},{"taxonomy":"post_tag","embeddable":true,"href":"https:\/\/www.eldigitaldeasturias.com\/noticias\/wp-json\/wp\/v2\/tags?post=456215"}],"curies":[{"name":"wp","href":"https:\/\/api.w.org\/{rel}","templated":true}]}}