{"id":456205,"date":"2013-11-30T18:09:37","date_gmt":"2013-11-30T19:09:37","guid":{"rendered":"http:\/\/www.eldigitaldeasturias.com\/noticias\/?p=456205"},"modified":"2013-11-30T18:09:37","modified_gmt":"2013-11-30T19:09:37","slug":"liberan-a-una-arrestada-en-relacion-con-la-desaparicion-de-un-joven-vasco-en-amberes","status":"publish","type":"post","link":"https:\/\/www.eldigitaldeasturias.com\/noticias\/liberan-a-una-arrestada-en-relacion-con-la-desaparicion-de-un-joven-vasco-en-amberes\/","title":{"rendered":"Liberan a una arrestada en relaci\u00f3n con la desaparici\u00f3n de un joven vasco en Amberes"},"content":{"rendered":"<p><img loading=\"lazy\" decoding=\"async\" class=\"alignleft size-medium wp-image-456206\" alt=\"5763406w\" src=\"https:\/\/www.eldigitaldeasturias.com\/noticias\/wp-content\/uploads\/2013\/11\/5763406w-360x239.jpg\" width=\"360\" height=\"239\" \/>Bruselas, 30 nov (EFE).- La Justicia belga ha dejado en libertad a una mujer arrestada en relaci\u00f3n con la desaparici\u00f3n en Amberes del joven vasco Hodei Egiluz D\u00edaz, seg\u00fan informa hoy el diario local \u00abGazet van Antwerpen\u00bb.<\/p>\n<p>Se trata de Carmen T., de 45 a\u00f1os, que hab\u00eda sido detenida por estar en posesi\u00f3n del tel\u00e9fono m\u00f3vil de Egiluz tras su desaparici\u00f3n en la noche del 18 al 19 de octubre.<\/p>\n<p>La mujer, que asegur\u00f3 haber comprado el aparato y dijo no tener ninguna informaci\u00f3n sobre el paradero del joven, se entreg\u00f3 voluntariamente al saber que la Polic\u00eda la buscaba, seg\u00fan \u00abGazet van Antwerpen\u00bb.<\/p>\n<p>Su puesta en libertad, de la que las autoridades no han ofrecido informaci\u00f3n, se produjo la pasada semana \u00aben total silencio\u00bb, se\u00f1ala hoy el diario local.<\/p>\n<p>Carmen T. era una de las cinco personas que hab\u00edan sido arrestadas en relaci\u00f3n con el caso, todas por estar en posesi\u00f3n de objetos personales del joven, como su tel\u00e9fono m\u00f3vil o su cartera.<\/p>\n<p>Su liberaci\u00f3n ha sido una de las \u00faltimas decisiones de la jueza de instrucci\u00f3n Ilse Claes, que ha sido sustituida como responsable del caso, seg\u00fan varios medios locales.<\/p>\n<p>La investigaci\u00f3n sobre la desaparici\u00f3n de Egiluz, que permanece bajo secreto de sumario y de la que han trascendido pocos detalles, sigue adelante en la ciudad portuaria del norte de B\u00e9lgica.<\/p>\n<p>Las autoridades cuentan con suficientes indicios para creer que el joven \u00abfue v\u00edctima de un hecho criminal\u00bb y que por tanto \u00abno desapareci\u00f3 voluntariamente\u00bb, seg\u00fan afirm\u00f3 recientemente un portavoz de la Fiscal\u00eda.<\/p>\n<p>A comienzos de noviembre la Polic\u00eda busc\u00f3 sin \u00e9xito el cuerpo del joven en los muelles del r\u00edo Escalda y sus alrededores, el \u00e1rea del norte de la ciudad donde el joven vasco de 23 a\u00f1os fue visto por \u00faltima vez.<\/p>\n<p>Egiluz, titulado en Ingenier\u00eda Inform\u00e1tica, se traslad\u00f3 a la ciudad belga el pasado abril para realizar unas pr\u00e1cticas profesionales en la empresa local Createlli, que en junio le ofreci\u00f3 un contrato de trabajo.<\/p>\n<p>El pasado d\u00eda 19 de noviembre, cuando se cumpl\u00eda un mes de su desaparici\u00f3n, familiares y amigos se concentraron de forma paralela en Galdakao (Vizcaya) y en Amberes por el joven.<\/p>\n<p>El alcalde de la localidad vasca, Ibon Uribe, se desplaz\u00f3 a B\u00e9lgica para entrevistarse con el alcalde de Amberes, Bart De Wever, y pedirle se mantenga el pulso de la investigaci\u00f3n.<\/p>\n","protected":false},"excerpt":{"rendered":"<p>Bruselas, 30 nov (EFE).- La Justicia belga ha dejado en libertad a una mujer arrestada en relaci\u00f3n con la desaparici\u00f3n en Amberes del joven vasco Hodei Egiluz D\u00edaz, seg\u00fan informa hoy el diario local \u00abGazet van Antwerpen\u00bb. Se trata de Carmen T., de 45 a\u00f1os, que hab\u00eda sido detenida por estar en posesi\u00f3n del tel\u00e9fono [&hellip;]<\/p>\n","protected":false},"author":1,"featured_media":456206,"comment_status":"closed","ping_status":"open","sticky":false,"template":"","format":"standard","meta":{"footnotes":""},"categories":[5],"tags":[],"class_list":["post-456205","post","type-post","status-publish","format-standard","has-post-thumbnail","hentry","category-sucesos"],"aioseo_notices":[],"aioseo_head":"\n\t\t<!-- All in One SEO Pro 5.0.1 - aioseo.com -->\n\t<meta name=\"description\" content=\"Bruselas, 30 nov (EFE).- La Justicia belga ha dejado en libertad a una mujer arrestada en relaci\u00f3n con la desaparici\u00f3n en Amberes del joven vasco Hodei Egiluz D\u00edaz, seg\u00fan informa hoy el diario local &quot;Gazet van Antwerpen&quot;. Se trata de Carmen T., de 45 a\u00f1os, que hab\u00eda sido detenida por estar en posesi\u00f3n del tel\u00e9fono\" \/>\n\t<meta name=\"robots\" content=\"max-image-preview:large\" \/>\n\t<meta name=\"author\" content=\"El Digital de Asturias\"\/>\n\t<meta name=\"google-site-verification\" content=\"UA-38556648-1\" \/>\n\t<meta name=\"msvalidate.01\" content=\"7dfe9f3f1b24437ab69f4f2559babe99\" \/>\n\t<meta name=\"keywords\" content=\"sucesos\" \/>\n\t<link rel=\"canonical\" href=\"https:\/\/www.eldigitaldeasturias.com\/noticias\/liberan-a-una-arrestada-en-relacion-con-la-desaparicion-de-un-joven-vasco-en-amberes\/\" \/>\n\t<meta name=\"generator\" content=\"All in One SEO Pro (AIOSEO) 5.0.1\" \/>\n\t\t<meta property=\"og:locale\" content=\"es_ES\" \/>\n\t\t<meta property=\"og:site_name\" content=\"El Digital de Asturias\" \/>\n\t\t<meta property=\"og:type\" content=\"article\" \/>\n\t\t<meta property=\"og:title\" content=\"Liberan a una arrestada en relaci\u00f3n con la desaparici\u00f3n de un joven vasco en Amberes - El Digital de Asturias\" \/>\n\t\t<meta property=\"og:description\" content=\"Bruselas, 30 nov (EFE).- La Justicia belga ha dejado en libertad a una mujer arrestada en relaci\u00f3n con la desaparici\u00f3n en Amberes del joven vasco Hodei Egiluz D\u00edaz, seg\u00fan informa hoy el diario local &quot;Gazet van Antwerpen&quot;. Se trata de Carmen T., de 45 a\u00f1os, que hab\u00eda sido detenida por estar en posesi\u00f3n del tel\u00e9fono\" \/>\n\t\t<meta property=\"og:url\" content=\"https:\/\/www.eldigitaldeasturias.com\/noticias\/liberan-a-una-arrestada-en-relacion-con-la-desaparicion-de-un-joven-vasco-en-amberes\/\" \/>\n\t\t<meta property=\"article:tag\" content=\"sucesos\" \/>\n\t\t<meta property=\"article:published_time\" content=\"2013-11-30T19:09:37+00:00\" \/>\n\t\t<meta property=\"article:modified_time\" content=\"2013-11-30T19:09:37+00:00\" \/>\n\t\t<meta property=\"article:publisher\" content=\"https:\/\/facebook.com\/eldigitaldeasturias\" \/>\n\t\t<meta name=\"twitter:card\" content=\"summary_large_image\" \/>\n\t\t<meta name=\"twitter:title\" content=\"Liberan a una arrestada en relaci\u00f3n con la desaparici\u00f3n de un joven vasco en Amberes - El Digital de Asturias\" \/>\n\t\t<meta name=\"twitter:description\" content=\"Bruselas, 30 nov (EFE).- La Justicia belga ha dejado en libertad a una mujer arrestada en relaci\u00f3n con la desaparici\u00f3n en Amberes del joven vasco Hodei Egiluz D\u00edaz, seg\u00fan informa hoy el diario local &quot;Gazet van Antwerpen&quot;. Se trata de Carmen T., de 45 a\u00f1os, que hab\u00eda sido detenida por estar en posesi\u00f3n del tel\u00e9fono\" \/>\n\t\t<meta name=\"twitter:label1\" content=\"Escrito por\" \/>\n\t\t<meta name=\"twitter:data1\" content=\"El Digital de Asturias\" \/>\n\t\t<meta name=\"twitter:label2\" content=\"Tiempo de lectura estimado\" \/>\n\t\t<meta name=\"twitter:data2\" content=\"2 minutos\" \/>\n\t\t<script type=\"application\/ld+json\" class=\"aioseo-schema\">\n\t\t\t{\"@context\":\"https:\\\/\\\/schema.org\",\"@graph\":[{\"@type\":\"BlogPosting\",\"@id\":\"https:\\\/\\\/www.eldigitaldeasturias.com\\\/noticias\\\/liberan-a-una-arrestada-en-relacion-con-la-desaparicion-de-un-joven-vasco-en-amberes\\\/#blogposting\",\"name\":\"Liberan a una arrestada en relaci\\u00f3n con la desaparici\\u00f3n de un joven vasco en Amberes - El Digital de Asturias\",\"headline\":\"Liberan a una arrestada en relaci\\u00f3n con la desaparici\\u00f3n de un joven vasco en Amberes\",\"author\":{\"@id\":\"https:\\\/\\\/www.eldigitaldeasturias.com\\\/noticias\\\/author\\\/admin\\\/#author\"},\"publisher\":{\"@id\":\"https:\\\/\\\/www.eldigitaldeasturias.com\\\/noticias\\\/#organization\"},\"image\":{\"@type\":\"ImageObject\",\"url\":456206},\"datePublished\":\"2013-11-30T18:09:37+01:00\",\"dateModified\":\"2013-11-30T18:09:37+01:00\",\"inLanguage\":\"es-ES\",\"mainEntityOfPage\":{\"@id\":\"https:\\\/\\\/www.eldigitaldeasturias.com\\\/noticias\\\/liberan-a-una-arrestada-en-relacion-con-la-desaparicion-de-un-joven-vasco-en-amberes\\\/#webpage\"},\"isPartOf\":{\"@id\":\"https:\\\/\\\/www.eldigitaldeasturias.com\\\/noticias\\\/liberan-a-una-arrestada-en-relacion-con-la-desaparicion-de-un-joven-vasco-en-amberes\\\/#webpage\"},\"articleSection\":\"Sucesos\"},{\"@type\":\"BreadcrumbList\",\"@id\":\"https:\\\/\\\/www.eldigitaldeasturias.com\\\/noticias\\\/liberan-a-una-arrestada-en-relacion-con-la-desaparicion-de-un-joven-vasco-en-amberes\\\/#breadcrumblist\",\"itemListElement\":[{\"@type\":\"ListItem\",\"@id\":\"https:\\\/\\\/www.eldigitaldeasturias.com\\\/noticias#listItem\",\"position\":1,\"name\":\"Home\",\"item\":\"https:\\\/\\\/www.eldigitaldeasturias.com\\\/noticias\",\"nextItem\":{\"@type\":\"ListItem\",\"@id\":\"https:\\\/\\\/www.eldigitaldeasturias.com\\\/noticias\\\/category\\\/sucesos\\\/#listItem\",\"name\":\"Sucesos\"}},{\"@type\":\"ListItem\",\"@id\":\"https:\\\/\\\/www.eldigitaldeasturias.com\\\/noticias\\\/category\\\/sucesos\\\/#listItem\",\"position\":2,\"name\":\"Sucesos\",\"item\":\"https:\\\/\\\/www.eldigitaldeasturias.com\\\/noticias\\\/category\\\/sucesos\\\/\",\"nextItem\":{\"@type\":\"ListItem\",\"@id\":\"https:\\\/\\\/www.eldigitaldeasturias.com\\\/noticias\\\/liberan-a-una-arrestada-en-relacion-con-la-desaparicion-de-un-joven-vasco-en-amberes\\\/#listItem\",\"name\":\"Liberan a una arrestada en relaci\\u00f3n con la desaparici\\u00f3n de un joven vasco en Amberes\"},\"previousItem\":{\"@type\":\"ListItem\",\"@id\":\"https:\\\/\\\/www.eldigitaldeasturias.com\\\/noticias#listItem\",\"name\":\"Home\"}},{\"@type\":\"ListItem\",\"@id\":\"https:\\\/\\\/www.eldigitaldeasturias.com\\\/noticias\\\/liberan-a-una-arrestada-en-relacion-con-la-desaparicion-de-un-joven-vasco-en-amberes\\\/#listItem\",\"position\":3,\"name\":\"Liberan a una arrestada en relaci\\u00f3n con la desaparici\\u00f3n de un joven vasco en Amberes\",\"previousItem\":{\"@type\":\"ListItem\",\"@id\":\"https:\\\/\\\/www.eldigitaldeasturias.com\\\/noticias\\\/category\\\/sucesos\\\/#listItem\",\"name\":\"Sucesos\"}}]},{\"@type\":\"Organization\",\"@id\":\"https:\\\/\\\/www.eldigitaldeasturias.com\\\/noticias\\\/#organization\",\"name\":\"El Digital de Asturias\",\"description\":\"Hemeroteca\",\"url\":\"https:\\\/\\\/www.eldigitaldeasturias.com\\\/noticias\\\/\",\"email\":\"info@eldigitaldeasturias.com\",\"telephone\":\"+34652131393\",\"logo\":{\"@type\":\"ImageObject\",\"url\":\"https:\\\/\\\/www.eldigitaldeasturias.com\\\/noticias\\\/wp-content\\\/uploads\\\/2020\\\/12\\\/EDA.jpg\",\"@id\":\"https:\\\/\\\/www.eldigitaldeasturias.com\\\/noticias\\\/liberan-a-una-arrestada-en-relacion-con-la-desaparicion-de-un-joven-vasco-en-amberes\\\/#organizationLogo\"},\"image\":{\"@id\":\"https:\\\/\\\/www.eldigitaldeasturias.com\\\/noticias\\\/liberan-a-una-arrestada-en-relacion-con-la-desaparicion-de-un-joven-vasco-en-amberes\\\/#organizationLogo\"},\"sameAs\":[\"https:\\\/\\\/facebook.com\\\/eldigitaldeasturias\",\"https:\\\/\\\/www.youtube.com\\\/channel\\\/UCZP-2wLEB9Rv6erhFmqVnvg\"],\"address\":{\"@id\":\"https:\\\/\\\/www.eldigitaldeasturias.com\\\/noticias\\\/#postaladdress\",\"@type\":\"PostalAddress\",\"streetAddress\":\"san antonio 4\",\"postalCode\":\"33430\",\"addressLocality\":\"Cand\\u00e1s\",\"addressRegion\":\"Asturias\",\"addressCountry\":\"ES\"}},{\"@type\":\"Person\",\"@id\":\"https:\\\/\\\/www.eldigitaldeasturias.com\\\/noticias\\\/author\\\/admin\\\/#author\",\"url\":\"https:\\\/\\\/www.eldigitaldeasturias.com\\\/noticias\\\/author\\\/admin\\\/\",\"name\":\"El Digital de Asturias\",\"image\":{\"@type\":\"ImageObject\",\"@id\":\"https:\\\/\\\/www.eldigitaldeasturias.com\\\/noticias\\\/liberan-a-una-arrestada-en-relacion-con-la-desaparicion-de-un-joven-vasco-en-amberes\\\/#authorImage\",\"url\":\"https:\\\/\\\/secure.gravatar.com\\\/avatar\\\/df2aeffc32bcd13f8d26072ef8a91b623d677766deac7f97ca815868cd41bf5e?s=96&d=mm&r=g\",\"width\":96,\"height\":96,\"caption\":\"El Digital de Asturias\"}},{\"@type\":\"WebPage\",\"@id\":\"https:\\\/\\\/www.eldigitaldeasturias.com\\\/noticias\\\/liberan-a-una-arrestada-en-relacion-con-la-desaparicion-de-un-joven-vasco-en-amberes\\\/#webpage\",\"url\":\"https:\\\/\\\/www.eldigitaldeasturias.com\\\/noticias\\\/liberan-a-una-arrestada-en-relacion-con-la-desaparicion-de-un-joven-vasco-en-amberes\\\/\",\"name\":\"Liberan a una arrestada en relaci\\u00f3n con la desaparici\\u00f3n de un joven vasco en Amberes - El Digital de Asturias\",\"description\":\"Bruselas, 30 nov (EFE).- La Justicia belga ha dejado en libertad a una mujer arrestada en relaci\\u00f3n con la desaparici\\u00f3n en Amberes del joven vasco Hodei Egiluz D\\u00edaz, seg\\u00fan informa hoy el diario local \\\"Gazet van Antwerpen\\\". Se trata de Carmen T., de 45 a\\u00f1os, que hab\\u00eda sido detenida por estar en posesi\\u00f3n del tel\\u00e9fono\",\"inLanguage\":\"es-ES\",\"isPartOf\":{\"@id\":\"https:\\\/\\\/www.eldigitaldeasturias.com\\\/noticias\\\/#website\"},\"breadcrumb\":{\"@id\":\"https:\\\/\\\/www.eldigitaldeasturias.com\\\/noticias\\\/liberan-a-una-arrestada-en-relacion-con-la-desaparicion-de-un-joven-vasco-en-amberes\\\/#breadcrumblist\"},\"author\":{\"@id\":\"https:\\\/\\\/www.eldigitaldeasturias.com\\\/noticias\\\/author\\\/admin\\\/#author\"},\"creator\":{\"@id\":\"https:\\\/\\\/www.eldigitaldeasturias.com\\\/noticias\\\/author\\\/admin\\\/#author\"},\"image\":{\"@type\":\"ImageObject\",\"url\":456206,\"@id\":\"https:\\\/\\\/www.eldigitaldeasturias.com\\\/noticias\\\/liberan-a-una-arrestada-en-relacion-con-la-desaparicion-de-un-joven-vasco-en-amberes\\\/#mainImage\"},\"primaryImageOfPage\":{\"@id\":\"https:\\\/\\\/www.eldigitaldeasturias.com\\\/noticias\\\/liberan-a-una-arrestada-en-relacion-con-la-desaparicion-de-un-joven-vasco-en-amberes\\\/#mainImage\"},\"datePublished\":\"2013-11-30T18:09:37+01:00\",\"dateModified\":\"2013-11-30T18:09:37+01:00\"},{\"@type\":\"WebSite\",\"@id\":\"https:\\\/\\\/www.eldigitaldeasturias.com\\\/noticias\\\/#website\",\"url\":\"https:\\\/\\\/www.eldigitaldeasturias.com\\\/noticias\\\/\",\"name\":\"El Digital de Asturias - Diario de actualidad y noticias\",\"alternateName\":\"El Digital de Asturias - Diario de actualidad y noticias\",\"description\":\"Hemeroteca\",\"inLanguage\":\"es-ES\",\"publisher\":{\"@id\":\"https:\\\/\\\/www.eldigitaldeasturias.com\\\/noticias\\\/#organization\"}}]}\n\t\t<\/script>\n\t\t<!-- All in One SEO Pro -->\r\n\t\t<title>Liberan a una arrestada en relaci\u00f3n con la desaparici\u00f3n de un joven vasco en Amberes - El Digital de Asturias<\/title>\n\n","aioseo_head_json":{"title":"Liberan a una arrestada en relaci\u00f3n con la desaparici\u00f3n de un joven vasco en Amberes - El Digital de Asturias","description":"Bruselas, 30 nov (EFE).- La Justicia belga ha dejado en libertad a una mujer arrestada en relaci\u00f3n con la desaparici\u00f3n en Amberes del joven vasco Hodei Egiluz D\u00edaz, seg\u00fan informa hoy el diario local \"Gazet van Antwerpen\". Se trata de Carmen T., de 45 a\u00f1os, que hab\u00eda sido detenida por estar en posesi\u00f3n del tel\u00e9fono","canonical_url":"https:\/\/www.eldigitaldeasturias.com\/noticias\/liberan-a-una-arrestada-en-relacion-con-la-desaparicion-de-un-joven-vasco-en-amberes\/","robots":"max-image-preview:large","keywords":"sucesos","webmasterTools":{"google-site-verification":"UA-38556648-1","msvalidate.01":"7dfe9f3f1b24437ab69f4f2559babe99","miscellaneous":""},"schema":{"@context":"https:\/\/schema.org","@graph":[{"@type":"BlogPosting","@id":"https:\/\/www.eldigitaldeasturias.com\/noticias\/liberan-a-una-arrestada-en-relacion-con-la-desaparicion-de-un-joven-vasco-en-amberes\/#blogposting","name":"Liberan a una arrestada en relaci\u00f3n con la desaparici\u00f3n de un joven vasco en Amberes - El Digital de Asturias","headline":"Liberan a una arrestada en relaci\u00f3n con la desaparici\u00f3n de un joven vasco en Amberes","author":{"@id":"https:\/\/www.eldigitaldeasturias.com\/noticias\/author\/admin\/#author"},"publisher":{"@id":"https:\/\/www.eldigitaldeasturias.com\/noticias\/#organization"},"image":{"@type":"ImageObject","url":456206},"datePublished":"2013-11-30T18:09:37+01:00","dateModified":"2013-11-30T18:09:37+01:00","inLanguage":"es-ES","mainEntityOfPage":{"@id":"https:\/\/www.eldigitaldeasturias.com\/noticias\/liberan-a-una-arrestada-en-relacion-con-la-desaparicion-de-un-joven-vasco-en-amberes\/#webpage"},"isPartOf":{"@id":"https:\/\/www.eldigitaldeasturias.com\/noticias\/liberan-a-una-arrestada-en-relacion-con-la-desaparicion-de-un-joven-vasco-en-amberes\/#webpage"},"articleSection":"Sucesos"},{"@type":"BreadcrumbList","@id":"https:\/\/www.eldigitaldeasturias.com\/noticias\/liberan-a-una-arrestada-en-relacion-con-la-desaparicion-de-un-joven-vasco-en-amberes\/#breadcrumblist","itemListElement":[{"@type":"ListItem","@id":"https:\/\/www.eldigitaldeasturias.com\/noticias#listItem","position":1,"name":"Home","item":"https:\/\/www.eldigitaldeasturias.com\/noticias","nextItem":{"@type":"ListItem","@id":"https:\/\/www.eldigitaldeasturias.com\/noticias\/category\/sucesos\/#listItem","name":"Sucesos"}},{"@type":"ListItem","@id":"https:\/\/www.eldigitaldeasturias.com\/noticias\/category\/sucesos\/#listItem","position":2,"name":"Sucesos","item":"https:\/\/www.eldigitaldeasturias.com\/noticias\/category\/sucesos\/","nextItem":{"@type":"ListItem","@id":"https:\/\/www.eldigitaldeasturias.com\/noticias\/liberan-a-una-arrestada-en-relacion-con-la-desaparicion-de-un-joven-vasco-en-amberes\/#listItem","name":"Liberan a una arrestada en relaci\u00f3n con la desaparici\u00f3n de un joven vasco en Amberes"},"previousItem":{"@type":"ListItem","@id":"https:\/\/www.eldigitaldeasturias.com\/noticias#listItem","name":"Home"}},{"@type":"ListItem","@id":"https:\/\/www.eldigitaldeasturias.com\/noticias\/liberan-a-una-arrestada-en-relacion-con-la-desaparicion-de-un-joven-vasco-en-amberes\/#listItem","position":3,"name":"Liberan a una arrestada en relaci\u00f3n con la desaparici\u00f3n de un joven vasco en Amberes","previousItem":{"@type":"ListItem","@id":"https:\/\/www.eldigitaldeasturias.com\/noticias\/category\/sucesos\/#listItem","name":"Sucesos"}}]},{"@type":"Organization","@id":"https:\/\/www.eldigitaldeasturias.com\/noticias\/#organization","name":"El Digital de Asturias","description":"Hemeroteca","url":"https:\/\/www.eldigitaldeasturias.com\/noticias\/","email":"info@eldigitaldeasturias.com","telephone":"+34652131393","logo":{"@type":"ImageObject","url":"https:\/\/www.eldigitaldeasturias.com\/noticias\/wp-content\/uploads\/2020\/12\/EDA.jpg","@id":"https:\/\/www.eldigitaldeasturias.com\/noticias\/liberan-a-una-arrestada-en-relacion-con-la-desaparicion-de-un-joven-vasco-en-amberes\/#organizationLogo"},"image":{"@id":"https:\/\/www.eldigitaldeasturias.com\/noticias\/liberan-a-una-arrestada-en-relacion-con-la-desaparicion-de-un-joven-vasco-en-amberes\/#organizationLogo"},"sameAs":["https:\/\/facebook.com\/eldigitaldeasturias","https:\/\/www.youtube.com\/channel\/UCZP-2wLEB9Rv6erhFmqVnvg"],"address":{"@id":"https:\/\/www.eldigitaldeasturias.com\/noticias\/#postaladdress","@type":"PostalAddress","streetAddress":"san antonio 4","postalCode":"33430","addressLocality":"Cand\u00e1s","addressRegion":"Asturias","addressCountry":"ES"}},{"@type":"Person","@id":"https:\/\/www.eldigitaldeasturias.com\/noticias\/author\/admin\/#author","url":"https:\/\/www.eldigitaldeasturias.com\/noticias\/author\/admin\/","name":"El Digital de Asturias","image":{"@type":"ImageObject","@id":"https:\/\/www.eldigitaldeasturias.com\/noticias\/liberan-a-una-arrestada-en-relacion-con-la-desaparicion-de-un-joven-vasco-en-amberes\/#authorImage","url":"https:\/\/secure.gravatar.com\/avatar\/df2aeffc32bcd13f8d26072ef8a91b623d677766deac7f97ca815868cd41bf5e?s=96&d=mm&r=g","width":96,"height":96,"caption":"El Digital de Asturias"}},{"@type":"WebPage","@id":"https:\/\/www.eldigitaldeasturias.com\/noticias\/liberan-a-una-arrestada-en-relacion-con-la-desaparicion-de-un-joven-vasco-en-amberes\/#webpage","url":"https:\/\/www.eldigitaldeasturias.com\/noticias\/liberan-a-una-arrestada-en-relacion-con-la-desaparicion-de-un-joven-vasco-en-amberes\/","name":"Liberan a una arrestada en relaci\u00f3n con la desaparici\u00f3n de un joven vasco en Amberes - El Digital de Asturias","description":"Bruselas, 30 nov (EFE).- La Justicia belga ha dejado en libertad a una mujer arrestada en relaci\u00f3n con la desaparici\u00f3n en Amberes del joven vasco Hodei Egiluz D\u00edaz, seg\u00fan informa hoy el diario local \"Gazet van Antwerpen\". Se trata de Carmen T., de 45 a\u00f1os, que hab\u00eda sido detenida por estar en posesi\u00f3n del tel\u00e9fono","inLanguage":"es-ES","isPartOf":{"@id":"https:\/\/www.eldigitaldeasturias.com\/noticias\/#website"},"breadcrumb":{"@id":"https:\/\/www.eldigitaldeasturias.com\/noticias\/liberan-a-una-arrestada-en-relacion-con-la-desaparicion-de-un-joven-vasco-en-amberes\/#breadcrumblist"},"author":{"@id":"https:\/\/www.eldigitaldeasturias.com\/noticias\/author\/admin\/#author"},"creator":{"@id":"https:\/\/www.eldigitaldeasturias.com\/noticias\/author\/admin\/#author"},"image":{"@type":"ImageObject","url":456206,"@id":"https:\/\/www.eldigitaldeasturias.com\/noticias\/liberan-a-una-arrestada-en-relacion-con-la-desaparicion-de-un-joven-vasco-en-amberes\/#mainImage"},"primaryImageOfPage":{"@id":"https:\/\/www.eldigitaldeasturias.com\/noticias\/liberan-a-una-arrestada-en-relacion-con-la-desaparicion-de-un-joven-vasco-en-amberes\/#mainImage"},"datePublished":"2013-11-30T18:09:37+01:00","dateModified":"2013-11-30T18:09:37+01:00"},{"@type":"WebSite","@id":"https:\/\/www.eldigitaldeasturias.com\/noticias\/#website","url":"https:\/\/www.eldigitaldeasturias.com\/noticias\/","name":"El Digital de Asturias - Diario de actualidad y noticias","alternateName":"El Digital de Asturias - Diario de actualidad y noticias","description":"Hemeroteca","inLanguage":"es-ES","publisher":{"@id":"https:\/\/www.eldigitaldeasturias.com\/noticias\/#organization"}}]},"og:locale":"es_ES","og:site_name":"El Digital de Asturias","og:type":"article","og:title":"Liberan a una arrestada en relaci\u00f3n con la desaparici\u00f3n de un joven vasco en Amberes - El Digital de Asturias","og:description":"Bruselas, 30 nov (EFE).- La Justicia belga ha dejado en libertad a una mujer arrestada en relaci\u00f3n con la desaparici\u00f3n en Amberes del joven vasco Hodei Egiluz D\u00edaz, seg\u00fan informa hoy el diario local &quot;Gazet van Antwerpen&quot;. Se trata de Carmen T., de 45 a\u00f1os, que hab\u00eda sido detenida por estar en posesi\u00f3n del tel\u00e9fono","og:url":"https:\/\/www.eldigitaldeasturias.com\/noticias\/liberan-a-una-arrestada-en-relacion-con-la-desaparicion-de-un-joven-vasco-en-amberes\/","article:tag":["sucesos"],"article:published_time":"2013-11-30T19:09:37+00:00","article:modified_time":"2013-11-30T19:09:37+00:00","article:publisher":"https:\/\/facebook.com\/eldigitaldeasturias","twitter:card":"summary_large_image","twitter:title":"Liberan a una arrestada en relaci\u00f3n con la desaparici\u00f3n de un joven vasco en Amberes - El Digital de Asturias","twitter:description":"Bruselas, 30 nov (EFE).- La Justicia belga ha dejado en libertad a una mujer arrestada en relaci\u00f3n con la desaparici\u00f3n en Amberes del joven vasco Hodei Egiluz D\u00edaz, seg\u00fan informa hoy el diario local &quot;Gazet van Antwerpen&quot;. Se trata de Carmen T., de 45 a\u00f1os, que hab\u00eda sido detenida por estar en posesi\u00f3n del tel\u00e9fono","twitter:label1":"Escrito por","twitter:data1":"El Digital de Asturias","twitter:label2":"Tiempo de lectura estimado","twitter:data2":"2 minutos"},"aioseo_meta_data":{"post_id":"456205","title":null,"description":null,"keywords":null,"keyphrases":null,"primary_term":null,"canonical_url":null,"og_title":null,"og_description":null,"og_object_type":"default","og_image_type":"default","og_image_url":null,"og_image_width":null,"og_image_height":null,"og_image_custom_url":null,"og_image_custom_fields":null,"og_video":null,"og_custom_url":null,"og_article_section":null,"og_article_tags":null,"twitter_use_og":true,"twitter_card":"default","twitter_image_type":"default","twitter_image_url":null,"twitter_image_custom_url":null,"twitter_image_custom_fields":null,"twitter_title":null,"twitter_description":null,"schema":{"blockGraphs":[],"customGraphs":[],"default":{"data":{"Article":[],"Course":[],"Dataset":[],"FAQPage":[],"Movie":[],"Person":[],"Product":[],"ProductReview":[],"Car":[],"Recipe":[],"Service":[],"SoftwareApplication":[],"WebPage":[]},"graphName":"","isEnabled":true},"graphs":[],"defaultGraph":"","defaultPostTypeGraph":""},"schema_type":null,"schema_type_options":null,"pillar_content":false,"robots_default":true,"robots_noindex":false,"robots_noarchive":false,"robots_nosnippet":false,"robots_nofollow":false,"robots_noimageindex":false,"robots_noodp":false,"robots_notranslate":false,"robots_max_snippet":null,"robots_max_videopreview":null,"robots_max_imagepreview":"none","priority":null,"frequency":null,"local_seo":null,"seo_analyzer_scan_date":"2026-05-29 21:10:08","breadcrumb_settings":null,"limit_modified_date":false,"open_ai":null,"ai":null,"created":"2020-11-14 22:45:29","updated":"2026-05-29 21:10:08","focus_keyword":null,"additional_keywords":null,"truseo_locale":null},"aioseo_breadcrumb":"<div class=\"aioseo-breadcrumbs\"><span class=\"aioseo-breadcrumb\">\n\t<a href=\"https:\/\/www.eldigitaldeasturias.com\/noticias\" title=\"Home\">Home<\/a>\n<\/span><span class=\"aioseo-breadcrumb-separator\">\u2013<\/span><span class=\"aioseo-breadcrumb\">\n\t<a href=\"https:\/\/www.eldigitaldeasturias.com\/noticias\/category\/sucesos\/\" title=\"Sucesos\">Sucesos<\/a>\n<\/span><span class=\"aioseo-breadcrumb-separator\">\u2013<\/span><span class=\"aioseo-breadcrumb\">\n\t<a href=\"https:\/\/www.eldigitaldeasturias.com\/noticias\/liberan-a-una-arrestada-en-relacion-con-la-desaparicion-de-un-joven-vasco-en-amberes\/\" title=\"Liberan a una arrestada en relaci\u00f3n con la desaparici\u00f3n de un joven vasco en Amberes\">Liberan a una arrestada en relaci\u00f3n con la desaparici\u00f3n de un joven vasco en Amberes<\/a>\n<\/span><\/div>","aioseo_breadcrumb_json":[{"label":"Home","link":"https:\/\/www.eldigitaldeasturias.com\/noticias"},{"label":"Sucesos","link":"https:\/\/www.eldigitaldeasturias.com\/noticias\/category\/sucesos\/"},{"label":"Liberan a una arrestada en relaci\u00f3n con la desaparici\u00f3n de un joven vasco en Amberes","link":"https:\/\/www.eldigitaldeasturias.com\/noticias\/liberan-a-una-arrestada-en-relacion-con-la-desaparicion-de-un-joven-vasco-en-amberes\/"}],"_links":{"self":[{"href":"https:\/\/www.eldigitaldeasturias.com\/noticias\/wp-json\/wp\/v2\/posts\/456205","targetHints":{"allow":["GET"]}}],"collection":[{"href":"https:\/\/www.eldigitaldeasturias.com\/noticias\/wp-json\/wp\/v2\/posts"}],"about":[{"href":"https:\/\/www.eldigitaldeasturias.com\/noticias\/wp-json\/wp\/v2\/types\/post"}],"author":[{"embeddable":true,"href":"https:\/\/www.eldigitaldeasturias.com\/noticias\/wp-json\/wp\/v2\/users\/1"}],"replies":[{"embeddable":true,"href":"https:\/\/www.eldigitaldeasturias.com\/noticias\/wp-json\/wp\/v2\/comments?post=456205"}],"version-history":[{"count":0,"href":"https:\/\/www.eldigitaldeasturias.com\/noticias\/wp-json\/wp\/v2\/posts\/456205\/revisions"}],"wp:attachment":[{"href":"https:\/\/www.eldigitaldeasturias.com\/noticias\/wp-json\/wp\/v2\/media?parent=456205"}],"wp:term":[{"taxonomy":"category","embeddable":true,"href":"https:\/\/www.eldigitaldeasturias.com\/noticias\/wp-json\/wp\/v2\/categories?post=456205"},{"taxonomy":"post_tag","embeddable":true,"href":"https:\/\/www.eldigitaldeasturias.com\/noticias\/wp-json\/wp\/v2\/tags?post=456205"}],"curies":[{"name":"wp","href":"https:\/\/api.w.org\/{rel}","templated":true}]}}