{"id":456202,"date":"2013-11-30T18:01:25","date_gmt":"2013-11-30T19:01:25","guid":{"rendered":"http:\/\/www.eldigitaldeasturias.com\/noticias\/?p=456202"},"modified":"2013-11-30T18:01:25","modified_gmt":"2013-11-30T19:01:25","slug":"rivas-afirma-que-vicente-ferrer-llego-donde-nadie-gastando-sandalias","status":"publish","type":"post","link":"https:\/\/www.eldigitaldeasturias.com\/noticias\/rivas-afirma-que-vicente-ferrer-llego-donde-nadie-gastando-sandalias\/","title":{"rendered":"Rivas afirma que \u00abVicente Ferrer lleg\u00f3 donde nadie, gastando sandalias\u00bb"},"content":{"rendered":"<p><img loading=\"lazy\" decoding=\"async\" class=\"alignleft size-medium wp-image-456203\" alt=\"5763403w\" src=\"https:\/\/www.eldigitaldeasturias.com\/noticias\/wp-content\/uploads\/2013\/11\/5763403w-360x239.jpg\" width=\"360\" height=\"239\" \/>Barcelona, 30 nov (EFE).- Manuel Rivas, una de las voces m\u00e1s sobresalientes de la literatura gallega contempor\u00e1nea, sigue la huella del \u00abpadre de los intocables\u00bb en \u00abVicente Ferrer. Rumbo a las estrellas, con dificultades\u00bb, una obra que retrata a una figura que, \u00abgastando sandalias\u00bb, lleg\u00f3 donde nadie antes hab\u00eda puesto los pies.<\/p>\n<p>En una entrevista con Efe, Rivas reflexiona sobre su \u00faltimo libro, publicado por RBA, que describe como \u00abh\u00edbrido sinest\u00e9sico\u00bb, entre reportaje y ensayo, en una aproximaci\u00f3n a esa India desconocida por el autor y escrito \u00abcon el hemisferio irracional y de las emociones\u00bb.<\/p>\n<p>Con un gran manejo del lenguaje y una gran ternura, el periodista y poeta gallego se aproxima a las historias de \u00ablos n\u00e1ufragos\u00bb -nombre que Ferrer dio a los habitantes de Anantapur- a trav\u00e9s de los cuales va descubriendo la figura y personalidad del activista social.<\/p>\n<p>\u00abPoco a poco me di cuenta de que Ferrer fue un adelantado a su tiempo, un hombre en continua revoluci\u00f3n\u00bb, expone el autor, que asegura que emprendi\u00f3 el viaje hacia la \u00abtierra olvidada\u00bb, desprovisto de conocimiento alguno sobre el cooperante al que fue encontrando \u00aba trav\u00e9s de la huella que \u00e9l dej\u00f3 all\u00ed\u00bb.<\/p>\n<p>Seg\u00fan Rivas, Vicente Ferrer sigue siendo una figura desconocida \u00abcuya vida no se puede entender sin ser consciente de su trayectoria\u00bb, que hizo que un ni\u00f1o que cantaba en un coro de la iglesia se afiliara al POUM, \u00abla izquierda m\u00e1s avanzada\u00bb, se alistara a la Quinta del Biber\u00f3n y estuviera preso en el campo de trabajo de Betanzos antes de hacerse jesuita.<\/p>\n<p>Esta necesidad de \u00ababrir paso\u00bb es la que le llev\u00f3, en la d\u00e9cada de los cincuenta, a transformar la zona olvidada del distrito de Anantapur, destinada a convertirse en desierto, en \u00abuna zona de esperanza\u00bb en la que hoy en d\u00eda se apuesta por el ecofeminismo y se invierte en educaci\u00f3n y vivienda, un modelo, que seg\u00fan el autor, \u00abdeber\u00edamos seguir aqu\u00ed\u00bb.<\/p>\n<p>Despu\u00e9s de visitar la regi\u00f3n india y hablar con decenas de personas que estuvieron en contacto con Ferrer, Rivas sostiene que el paso del ex jesuita dej\u00f3 una \u00abestela infinita\u00bb en esa regi\u00f3n que hoy se traduce en un \u00abfuerte sentido de comunidad\u00bb.<\/p>\n<p>Es precisamente la idea de Ferrer de que \u00abtodos somos distintos pero que debemos vivir en condiciones de igualdad\u00bb lo que, seg\u00fan el escritor, ha impregnado m\u00e1s ese territorio en el que sus habitantes han dejado de ser los \u00abn\u00e1ufragos\u00bb que el ex jesuita se encontr\u00f3 a su llegada.<\/p>\n<p>La resonancia po\u00e9tica de las palabras de Rivas consigue que el lector se adentre en una India que conmueve por su integridad y una convulsa belleza de la pobreza presentada con suma dignidad y es que, tal y como explica Rivas citando a Pasolini, \u00abnada es vulgar en la India\u00bb.<\/p>\n<p>\u00abAhora me siento m\u00e1s parte del &#8216;Partido de la Humanidad\u00bb&#8216; responde convencido Rivas cuando se le pregunta por las resonancias que el viaje ha tenido en su vida, a lo que a\u00f1ade que le ha servido para afianzar la idea de que el mundo lo mueven las clases invisibles, subalternas, un estrato \u00abmucho m\u00e1s interesante que el visible\u00bb.<\/p>\n<p>\u00abEs que es muy importante la manera de andar, \u00bfsabes?\u00bb, enfatiza el escritor: \u00abVicente Ferrer lo hac\u00eda con sandalias y por los caminos olvidados de la gente\u00bb.<\/p>\n<p>Esta imagen le ha servido a Rivas para contraponer la figura del activista social a la de los pol\u00edticos, a quienes el escritor recomendar\u00eda \u00abdejar las autopistas y los coches con vidrios ahumados\u00bb y, como Ferrer, \u00abdesgastar las sandalias por los senderos humanos\u00bb.<\/p>\n","protected":false},"excerpt":{"rendered":"<p>Barcelona, 30 nov (EFE).- Manuel Rivas, una de las voces m\u00e1s sobresalientes de la literatura gallega contempor\u00e1nea, sigue la huella del \u00abpadre de los intocables\u00bb en \u00abVicente Ferrer. Rumbo a las estrellas, con dificultades\u00bb, una obra que retrata a una figura que, \u00abgastando sandalias\u00bb, lleg\u00f3 donde nadie antes hab\u00eda puesto los pies. En una entrevista [&hellip;]<\/p>\n","protected":false},"author":1,"featured_media":456203,"comment_status":"closed","ping_status":"open","sticky":false,"template":"","format":"standard","meta":{"footnotes":""},"categories":[50],"tags":[],"class_list":["post-456202","post","type-post","status-publish","format-standard","has-post-thumbnail","hentry","category-revista-de-ocio"],"aioseo_notices":[],"aioseo_head":"\n\t\t<!-- All in One SEO Pro 5.0.1 - aioseo.com -->\n\t<meta name=\"description\" content=\"Barcelona, 30 nov (EFE).- Manuel Rivas, una de las voces m\u00e1s sobresalientes de la literatura gallega contempor\u00e1nea, sigue la huella del &quot;padre de los intocables&quot; en &quot;Vicente Ferrer. Rumbo a las estrellas, con dificultades&quot;, una obra que retrata a una figura que, &quot;gastando sandalias&quot;, lleg\u00f3 donde nadie antes hab\u00eda puesto los pies. En una entrevista\" \/>\n\t<meta name=\"robots\" content=\"max-image-preview:large\" \/>\n\t<meta name=\"author\" content=\"El Digital de Asturias\"\/>\n\t<meta name=\"google-site-verification\" content=\"UA-38556648-1\" \/>\n\t<meta name=\"msvalidate.01\" content=\"7dfe9f3f1b24437ab69f4f2559babe99\" \/>\n\t<meta name=\"keywords\" content=\"revista de ocio\" \/>\n\t<link rel=\"canonical\" href=\"https:\/\/www.eldigitaldeasturias.com\/noticias\/rivas-afirma-que-vicente-ferrer-llego-donde-nadie-gastando-sandalias\/\" \/>\n\t<meta name=\"generator\" content=\"All in One SEO Pro (AIOSEO) 5.0.1\" \/>\n\t\t<meta property=\"og:locale\" content=\"es_ES\" \/>\n\t\t<meta property=\"og:site_name\" content=\"El Digital de Asturias\" \/>\n\t\t<meta property=\"og:type\" content=\"article\" \/>\n\t\t<meta property=\"og:title\" content=\"Rivas afirma que \u00abVicente Ferrer lleg\u00f3 donde nadie, gastando sandalias\u00bb - El Digital de Asturias\" \/>\n\t\t<meta property=\"og:description\" content=\"Barcelona, 30 nov (EFE).- Manuel Rivas, una de las voces m\u00e1s sobresalientes de la literatura gallega contempor\u00e1nea, sigue la huella del &quot;padre de los intocables&quot; en &quot;Vicente Ferrer. Rumbo a las estrellas, con dificultades&quot;, una obra que retrata a una figura que, &quot;gastando sandalias&quot;, lleg\u00f3 donde nadie antes hab\u00eda puesto los pies. En una entrevista\" \/>\n\t\t<meta property=\"og:url\" content=\"https:\/\/www.eldigitaldeasturias.com\/noticias\/rivas-afirma-que-vicente-ferrer-llego-donde-nadie-gastando-sandalias\/\" \/>\n\t\t<meta property=\"article:tag\" content=\"revista de ocio\" \/>\n\t\t<meta property=\"article:published_time\" content=\"2013-11-30T19:01:25+00:00\" \/>\n\t\t<meta property=\"article:modified_time\" content=\"2013-11-30T19:01:25+00:00\" \/>\n\t\t<meta property=\"article:publisher\" content=\"https:\/\/facebook.com\/eldigitaldeasturias\" \/>\n\t\t<meta name=\"twitter:card\" content=\"summary_large_image\" \/>\n\t\t<meta name=\"twitter:title\" content=\"Rivas afirma que \u00abVicente Ferrer lleg\u00f3 donde nadie, gastando sandalias\u00bb - El Digital de Asturias\" \/>\n\t\t<meta name=\"twitter:description\" content=\"Barcelona, 30 nov (EFE).- Manuel Rivas, una de las voces m\u00e1s sobresalientes de la literatura gallega contempor\u00e1nea, sigue la huella del &quot;padre de los intocables&quot; en &quot;Vicente Ferrer. Rumbo a las estrellas, con dificultades&quot;, una obra que retrata a una figura que, &quot;gastando sandalias&quot;, lleg\u00f3 donde nadie antes hab\u00eda puesto los pies. En una entrevista\" \/>\n\t\t<meta name=\"twitter:label1\" content=\"Escrito por\" \/>\n\t\t<meta name=\"twitter:data1\" content=\"El Digital de Asturias\" \/>\n\t\t<meta name=\"twitter:label2\" content=\"Tiempo de lectura estimado\" \/>\n\t\t<meta name=\"twitter:data2\" content=\"3 minutos\" \/>\n\t\t<script type=\"application\/ld+json\" class=\"aioseo-schema\">\n\t\t\t{\"@context\":\"https:\\\/\\\/schema.org\",\"@graph\":[{\"@type\":\"BlogPosting\",\"@id\":\"https:\\\/\\\/www.eldigitaldeasturias.com\\\/noticias\\\/rivas-afirma-que-vicente-ferrer-llego-donde-nadie-gastando-sandalias\\\/#blogposting\",\"name\":\"Rivas afirma que \\u00abVicente Ferrer lleg\\u00f3 donde nadie, gastando sandalias\\u00bb - El Digital de Asturias\",\"headline\":\"Rivas afirma que \\u00abVicente Ferrer lleg\\u00f3 donde nadie, gastando sandalias\\u00bb\",\"author\":{\"@id\":\"https:\\\/\\\/www.eldigitaldeasturias.com\\\/noticias\\\/author\\\/admin\\\/#author\"},\"publisher\":{\"@id\":\"https:\\\/\\\/www.eldigitaldeasturias.com\\\/noticias\\\/#organization\"},\"image\":{\"@type\":\"ImageObject\",\"url\":456203},\"datePublished\":\"2013-11-30T18:01:25+01:00\",\"dateModified\":\"2013-11-30T18:01:25+01:00\",\"inLanguage\":\"es-ES\",\"mainEntityOfPage\":{\"@id\":\"https:\\\/\\\/www.eldigitaldeasturias.com\\\/noticias\\\/rivas-afirma-que-vicente-ferrer-llego-donde-nadie-gastando-sandalias\\\/#webpage\"},\"isPartOf\":{\"@id\":\"https:\\\/\\\/www.eldigitaldeasturias.com\\\/noticias\\\/rivas-afirma-que-vicente-ferrer-llego-donde-nadie-gastando-sandalias\\\/#webpage\"},\"articleSection\":\"Revista de Ocio\"},{\"@type\":\"BreadcrumbList\",\"@id\":\"https:\\\/\\\/www.eldigitaldeasturias.com\\\/noticias\\\/rivas-afirma-que-vicente-ferrer-llego-donde-nadie-gastando-sandalias\\\/#breadcrumblist\",\"itemListElement\":[{\"@type\":\"ListItem\",\"@id\":\"https:\\\/\\\/www.eldigitaldeasturias.com\\\/noticias#listItem\",\"position\":1,\"name\":\"Home\",\"item\":\"https:\\\/\\\/www.eldigitaldeasturias.com\\\/noticias\",\"nextItem\":{\"@type\":\"ListItem\",\"@id\":\"https:\\\/\\\/www.eldigitaldeasturias.com\\\/noticias\\\/category\\\/revista-de-ocio\\\/#listItem\",\"name\":\"Revista de Ocio\"}},{\"@type\":\"ListItem\",\"@id\":\"https:\\\/\\\/www.eldigitaldeasturias.com\\\/noticias\\\/category\\\/revista-de-ocio\\\/#listItem\",\"position\":2,\"name\":\"Revista de Ocio\",\"item\":\"https:\\\/\\\/www.eldigitaldeasturias.com\\\/noticias\\\/category\\\/revista-de-ocio\\\/\",\"nextItem\":{\"@type\":\"ListItem\",\"@id\":\"https:\\\/\\\/www.eldigitaldeasturias.com\\\/noticias\\\/rivas-afirma-que-vicente-ferrer-llego-donde-nadie-gastando-sandalias\\\/#listItem\",\"name\":\"Rivas afirma que \\u00abVicente Ferrer lleg\\u00f3 donde nadie, gastando sandalias\\u00bb\"},\"previousItem\":{\"@type\":\"ListItem\",\"@id\":\"https:\\\/\\\/www.eldigitaldeasturias.com\\\/noticias#listItem\",\"name\":\"Home\"}},{\"@type\":\"ListItem\",\"@id\":\"https:\\\/\\\/www.eldigitaldeasturias.com\\\/noticias\\\/rivas-afirma-que-vicente-ferrer-llego-donde-nadie-gastando-sandalias\\\/#listItem\",\"position\":3,\"name\":\"Rivas afirma que \\u00abVicente Ferrer lleg\\u00f3 donde nadie, gastando sandalias\\u00bb\",\"previousItem\":{\"@type\":\"ListItem\",\"@id\":\"https:\\\/\\\/www.eldigitaldeasturias.com\\\/noticias\\\/category\\\/revista-de-ocio\\\/#listItem\",\"name\":\"Revista de Ocio\"}}]},{\"@type\":\"Organization\",\"@id\":\"https:\\\/\\\/www.eldigitaldeasturias.com\\\/noticias\\\/#organization\",\"name\":\"El Digital de Asturias\",\"description\":\"Hemeroteca\",\"url\":\"https:\\\/\\\/www.eldigitaldeasturias.com\\\/noticias\\\/\",\"email\":\"info@eldigitaldeasturias.com\",\"telephone\":\"+34652131393\",\"logo\":{\"@type\":\"ImageObject\",\"url\":\"https:\\\/\\\/www.eldigitaldeasturias.com\\\/noticias\\\/wp-content\\\/uploads\\\/2020\\\/12\\\/EDA.jpg\",\"@id\":\"https:\\\/\\\/www.eldigitaldeasturias.com\\\/noticias\\\/rivas-afirma-que-vicente-ferrer-llego-donde-nadie-gastando-sandalias\\\/#organizationLogo\"},\"image\":{\"@id\":\"https:\\\/\\\/www.eldigitaldeasturias.com\\\/noticias\\\/rivas-afirma-que-vicente-ferrer-llego-donde-nadie-gastando-sandalias\\\/#organizationLogo\"},\"sameAs\":[\"https:\\\/\\\/facebook.com\\\/eldigitaldeasturias\",\"https:\\\/\\\/www.youtube.com\\\/channel\\\/UCZP-2wLEB9Rv6erhFmqVnvg\"],\"address\":{\"@id\":\"https:\\\/\\\/www.eldigitaldeasturias.com\\\/noticias\\\/#postaladdress\",\"@type\":\"PostalAddress\",\"streetAddress\":\"san antonio 4\",\"postalCode\":\"33430\",\"addressLocality\":\"Cand\\u00e1s\",\"addressRegion\":\"Asturias\",\"addressCountry\":\"ES\"}},{\"@type\":\"Person\",\"@id\":\"https:\\\/\\\/www.eldigitaldeasturias.com\\\/noticias\\\/author\\\/admin\\\/#author\",\"url\":\"https:\\\/\\\/www.eldigitaldeasturias.com\\\/noticias\\\/author\\\/admin\\\/\",\"name\":\"El Digital de Asturias\",\"image\":{\"@type\":\"ImageObject\",\"@id\":\"https:\\\/\\\/www.eldigitaldeasturias.com\\\/noticias\\\/rivas-afirma-que-vicente-ferrer-llego-donde-nadie-gastando-sandalias\\\/#authorImage\",\"url\":\"https:\\\/\\\/secure.gravatar.com\\\/avatar\\\/df2aeffc32bcd13f8d26072ef8a91b623d677766deac7f97ca815868cd41bf5e?s=96&d=mm&r=g\",\"width\":96,\"height\":96,\"caption\":\"El Digital de Asturias\"}},{\"@type\":\"WebPage\",\"@id\":\"https:\\\/\\\/www.eldigitaldeasturias.com\\\/noticias\\\/rivas-afirma-que-vicente-ferrer-llego-donde-nadie-gastando-sandalias\\\/#webpage\",\"url\":\"https:\\\/\\\/www.eldigitaldeasturias.com\\\/noticias\\\/rivas-afirma-que-vicente-ferrer-llego-donde-nadie-gastando-sandalias\\\/\",\"name\":\"Rivas afirma que \\u00abVicente Ferrer lleg\\u00f3 donde nadie, gastando sandalias\\u00bb - El Digital de Asturias\",\"description\":\"Barcelona, 30 nov (EFE).- Manuel Rivas, una de las voces m\\u00e1s sobresalientes de la literatura gallega contempor\\u00e1nea, sigue la huella del \\\"padre de los intocables\\\" en \\\"Vicente Ferrer. Rumbo a las estrellas, con dificultades\\\", una obra que retrata a una figura que, \\\"gastando sandalias\\\", lleg\\u00f3 donde nadie antes hab\\u00eda puesto los pies. En una entrevista\",\"inLanguage\":\"es-ES\",\"isPartOf\":{\"@id\":\"https:\\\/\\\/www.eldigitaldeasturias.com\\\/noticias\\\/#website\"},\"breadcrumb\":{\"@id\":\"https:\\\/\\\/www.eldigitaldeasturias.com\\\/noticias\\\/rivas-afirma-que-vicente-ferrer-llego-donde-nadie-gastando-sandalias\\\/#breadcrumblist\"},\"author\":{\"@id\":\"https:\\\/\\\/www.eldigitaldeasturias.com\\\/noticias\\\/author\\\/admin\\\/#author\"},\"creator\":{\"@id\":\"https:\\\/\\\/www.eldigitaldeasturias.com\\\/noticias\\\/author\\\/admin\\\/#author\"},\"image\":{\"@type\":\"ImageObject\",\"url\":456203,\"@id\":\"https:\\\/\\\/www.eldigitaldeasturias.com\\\/noticias\\\/rivas-afirma-que-vicente-ferrer-llego-donde-nadie-gastando-sandalias\\\/#mainImage\"},\"primaryImageOfPage\":{\"@id\":\"https:\\\/\\\/www.eldigitaldeasturias.com\\\/noticias\\\/rivas-afirma-que-vicente-ferrer-llego-donde-nadie-gastando-sandalias\\\/#mainImage\"},\"datePublished\":\"2013-11-30T18:01:25+01:00\",\"dateModified\":\"2013-11-30T18:01:25+01:00\"},{\"@type\":\"WebSite\",\"@id\":\"https:\\\/\\\/www.eldigitaldeasturias.com\\\/noticias\\\/#website\",\"url\":\"https:\\\/\\\/www.eldigitaldeasturias.com\\\/noticias\\\/\",\"name\":\"El Digital de Asturias - Diario de actualidad y noticias\",\"alternateName\":\"El Digital de Asturias - Diario de actualidad y noticias\",\"description\":\"Hemeroteca\",\"inLanguage\":\"es-ES\",\"publisher\":{\"@id\":\"https:\\\/\\\/www.eldigitaldeasturias.com\\\/noticias\\\/#organization\"}}]}\n\t\t<\/script>\n\t\t<!-- All in One SEO Pro -->\r\n\t\t<title>Rivas afirma que \u00abVicente Ferrer lleg\u00f3 donde nadie, gastando sandalias\u00bb - El Digital de Asturias<\/title>\n\n","aioseo_head_json":{"title":"Rivas afirma que \u00abVicente Ferrer lleg\u00f3 donde nadie, gastando sandalias\u00bb - El Digital de Asturias","description":"Barcelona, 30 nov (EFE).- Manuel Rivas, una de las voces m\u00e1s sobresalientes de la literatura gallega contempor\u00e1nea, sigue la huella del \"padre de los intocables\" en \"Vicente Ferrer. Rumbo a las estrellas, con dificultades\", una obra que retrata a una figura que, \"gastando sandalias\", lleg\u00f3 donde nadie antes hab\u00eda puesto los pies. En una entrevista","canonical_url":"https:\/\/www.eldigitaldeasturias.com\/noticias\/rivas-afirma-que-vicente-ferrer-llego-donde-nadie-gastando-sandalias\/","robots":"max-image-preview:large","keywords":"revista de ocio","webmasterTools":{"google-site-verification":"UA-38556648-1","msvalidate.01":"7dfe9f3f1b24437ab69f4f2559babe99","miscellaneous":""},"schema":{"@context":"https:\/\/schema.org","@graph":[{"@type":"BlogPosting","@id":"https:\/\/www.eldigitaldeasturias.com\/noticias\/rivas-afirma-que-vicente-ferrer-llego-donde-nadie-gastando-sandalias\/#blogposting","name":"Rivas afirma que \u00abVicente Ferrer lleg\u00f3 donde nadie, gastando sandalias\u00bb - El Digital de Asturias","headline":"Rivas afirma que \u00abVicente Ferrer lleg\u00f3 donde nadie, gastando sandalias\u00bb","author":{"@id":"https:\/\/www.eldigitaldeasturias.com\/noticias\/author\/admin\/#author"},"publisher":{"@id":"https:\/\/www.eldigitaldeasturias.com\/noticias\/#organization"},"image":{"@type":"ImageObject","url":456203},"datePublished":"2013-11-30T18:01:25+01:00","dateModified":"2013-11-30T18:01:25+01:00","inLanguage":"es-ES","mainEntityOfPage":{"@id":"https:\/\/www.eldigitaldeasturias.com\/noticias\/rivas-afirma-que-vicente-ferrer-llego-donde-nadie-gastando-sandalias\/#webpage"},"isPartOf":{"@id":"https:\/\/www.eldigitaldeasturias.com\/noticias\/rivas-afirma-que-vicente-ferrer-llego-donde-nadie-gastando-sandalias\/#webpage"},"articleSection":"Revista de Ocio"},{"@type":"BreadcrumbList","@id":"https:\/\/www.eldigitaldeasturias.com\/noticias\/rivas-afirma-que-vicente-ferrer-llego-donde-nadie-gastando-sandalias\/#breadcrumblist","itemListElement":[{"@type":"ListItem","@id":"https:\/\/www.eldigitaldeasturias.com\/noticias#listItem","position":1,"name":"Home","item":"https:\/\/www.eldigitaldeasturias.com\/noticias","nextItem":{"@type":"ListItem","@id":"https:\/\/www.eldigitaldeasturias.com\/noticias\/category\/revista-de-ocio\/#listItem","name":"Revista de Ocio"}},{"@type":"ListItem","@id":"https:\/\/www.eldigitaldeasturias.com\/noticias\/category\/revista-de-ocio\/#listItem","position":2,"name":"Revista de Ocio","item":"https:\/\/www.eldigitaldeasturias.com\/noticias\/category\/revista-de-ocio\/","nextItem":{"@type":"ListItem","@id":"https:\/\/www.eldigitaldeasturias.com\/noticias\/rivas-afirma-que-vicente-ferrer-llego-donde-nadie-gastando-sandalias\/#listItem","name":"Rivas afirma que \u00abVicente Ferrer lleg\u00f3 donde nadie, gastando sandalias\u00bb"},"previousItem":{"@type":"ListItem","@id":"https:\/\/www.eldigitaldeasturias.com\/noticias#listItem","name":"Home"}},{"@type":"ListItem","@id":"https:\/\/www.eldigitaldeasturias.com\/noticias\/rivas-afirma-que-vicente-ferrer-llego-donde-nadie-gastando-sandalias\/#listItem","position":3,"name":"Rivas afirma que \u00abVicente Ferrer lleg\u00f3 donde nadie, gastando sandalias\u00bb","previousItem":{"@type":"ListItem","@id":"https:\/\/www.eldigitaldeasturias.com\/noticias\/category\/revista-de-ocio\/#listItem","name":"Revista de Ocio"}}]},{"@type":"Organization","@id":"https:\/\/www.eldigitaldeasturias.com\/noticias\/#organization","name":"El Digital de Asturias","description":"Hemeroteca","url":"https:\/\/www.eldigitaldeasturias.com\/noticias\/","email":"info@eldigitaldeasturias.com","telephone":"+34652131393","logo":{"@type":"ImageObject","url":"https:\/\/www.eldigitaldeasturias.com\/noticias\/wp-content\/uploads\/2020\/12\/EDA.jpg","@id":"https:\/\/www.eldigitaldeasturias.com\/noticias\/rivas-afirma-que-vicente-ferrer-llego-donde-nadie-gastando-sandalias\/#organizationLogo"},"image":{"@id":"https:\/\/www.eldigitaldeasturias.com\/noticias\/rivas-afirma-que-vicente-ferrer-llego-donde-nadie-gastando-sandalias\/#organizationLogo"},"sameAs":["https:\/\/facebook.com\/eldigitaldeasturias","https:\/\/www.youtube.com\/channel\/UCZP-2wLEB9Rv6erhFmqVnvg"],"address":{"@id":"https:\/\/www.eldigitaldeasturias.com\/noticias\/#postaladdress","@type":"PostalAddress","streetAddress":"san antonio 4","postalCode":"33430","addressLocality":"Cand\u00e1s","addressRegion":"Asturias","addressCountry":"ES"}},{"@type":"Person","@id":"https:\/\/www.eldigitaldeasturias.com\/noticias\/author\/admin\/#author","url":"https:\/\/www.eldigitaldeasturias.com\/noticias\/author\/admin\/","name":"El Digital de Asturias","image":{"@type":"ImageObject","@id":"https:\/\/www.eldigitaldeasturias.com\/noticias\/rivas-afirma-que-vicente-ferrer-llego-donde-nadie-gastando-sandalias\/#authorImage","url":"https:\/\/secure.gravatar.com\/avatar\/df2aeffc32bcd13f8d26072ef8a91b623d677766deac7f97ca815868cd41bf5e?s=96&d=mm&r=g","width":96,"height":96,"caption":"El Digital de Asturias"}},{"@type":"WebPage","@id":"https:\/\/www.eldigitaldeasturias.com\/noticias\/rivas-afirma-que-vicente-ferrer-llego-donde-nadie-gastando-sandalias\/#webpage","url":"https:\/\/www.eldigitaldeasturias.com\/noticias\/rivas-afirma-que-vicente-ferrer-llego-donde-nadie-gastando-sandalias\/","name":"Rivas afirma que \u00abVicente Ferrer lleg\u00f3 donde nadie, gastando sandalias\u00bb - El Digital de Asturias","description":"Barcelona, 30 nov (EFE).- Manuel Rivas, una de las voces m\u00e1s sobresalientes de la literatura gallega contempor\u00e1nea, sigue la huella del \"padre de los intocables\" en \"Vicente Ferrer. Rumbo a las estrellas, con dificultades\", una obra que retrata a una figura que, \"gastando sandalias\", lleg\u00f3 donde nadie antes hab\u00eda puesto los pies. En una entrevista","inLanguage":"es-ES","isPartOf":{"@id":"https:\/\/www.eldigitaldeasturias.com\/noticias\/#website"},"breadcrumb":{"@id":"https:\/\/www.eldigitaldeasturias.com\/noticias\/rivas-afirma-que-vicente-ferrer-llego-donde-nadie-gastando-sandalias\/#breadcrumblist"},"author":{"@id":"https:\/\/www.eldigitaldeasturias.com\/noticias\/author\/admin\/#author"},"creator":{"@id":"https:\/\/www.eldigitaldeasturias.com\/noticias\/author\/admin\/#author"},"image":{"@type":"ImageObject","url":456203,"@id":"https:\/\/www.eldigitaldeasturias.com\/noticias\/rivas-afirma-que-vicente-ferrer-llego-donde-nadie-gastando-sandalias\/#mainImage"},"primaryImageOfPage":{"@id":"https:\/\/www.eldigitaldeasturias.com\/noticias\/rivas-afirma-que-vicente-ferrer-llego-donde-nadie-gastando-sandalias\/#mainImage"},"datePublished":"2013-11-30T18:01:25+01:00","dateModified":"2013-11-30T18:01:25+01:00"},{"@type":"WebSite","@id":"https:\/\/www.eldigitaldeasturias.com\/noticias\/#website","url":"https:\/\/www.eldigitaldeasturias.com\/noticias\/","name":"El Digital de Asturias - Diario de actualidad y noticias","alternateName":"El Digital de Asturias - Diario de actualidad y noticias","description":"Hemeroteca","inLanguage":"es-ES","publisher":{"@id":"https:\/\/www.eldigitaldeasturias.com\/noticias\/#organization"}}]},"og:locale":"es_ES","og:site_name":"El Digital de Asturias","og:type":"article","og:title":"Rivas afirma que \u00abVicente Ferrer lleg\u00f3 donde nadie, gastando sandalias\u00bb - El Digital de Asturias","og:description":"Barcelona, 30 nov (EFE).- Manuel Rivas, una de las voces m\u00e1s sobresalientes de la literatura gallega contempor\u00e1nea, sigue la huella del &quot;padre de los intocables&quot; en &quot;Vicente Ferrer. Rumbo a las estrellas, con dificultades&quot;, una obra que retrata a una figura que, &quot;gastando sandalias&quot;, lleg\u00f3 donde nadie antes hab\u00eda puesto los pies. En una entrevista","og:url":"https:\/\/www.eldigitaldeasturias.com\/noticias\/rivas-afirma-que-vicente-ferrer-llego-donde-nadie-gastando-sandalias\/","article:tag":["revista de ocio"],"article:published_time":"2013-11-30T19:01:25+00:00","article:modified_time":"2013-11-30T19:01:25+00:00","article:publisher":"https:\/\/facebook.com\/eldigitaldeasturias","twitter:card":"summary_large_image","twitter:title":"Rivas afirma que \u00abVicente Ferrer lleg\u00f3 donde nadie, gastando sandalias\u00bb - El Digital de Asturias","twitter:description":"Barcelona, 30 nov (EFE).- Manuel Rivas, una de las voces m\u00e1s sobresalientes de la literatura gallega contempor\u00e1nea, sigue la huella del &quot;padre de los intocables&quot; en &quot;Vicente Ferrer. Rumbo a las estrellas, con dificultades&quot;, una obra que retrata a una figura que, &quot;gastando sandalias&quot;, lleg\u00f3 donde nadie antes hab\u00eda puesto los pies. En una entrevista","twitter:label1":"Escrito por","twitter:data1":"El Digital de Asturias","twitter:label2":"Tiempo de lectura estimado","twitter:data2":"3 minutos"},"aioseo_meta_data":{"post_id":"456202","title":null,"description":null,"keywords":null,"keyphrases":null,"primary_term":null,"canonical_url":null,"og_title":null,"og_description":null,"og_object_type":"default","og_image_type":"default","og_image_url":null,"og_image_width":null,"og_image_height":null,"og_image_custom_url":null,"og_image_custom_fields":null,"og_video":null,"og_custom_url":null,"og_article_section":null,"og_article_tags":null,"twitter_use_og":true,"twitter_card":"default","twitter_image_type":"default","twitter_image_url":null,"twitter_image_custom_url":null,"twitter_image_custom_fields":null,"twitter_title":null,"twitter_description":null,"schema":{"blockGraphs":[],"customGraphs":[],"default":{"data":{"Article":[],"Course":[],"Dataset":[],"FAQPage":[],"Movie":[],"Person":[],"Product":[],"ProductReview":[],"Car":[],"Recipe":[],"Service":[],"SoftwareApplication":[],"WebPage":[]},"graphName":"","isEnabled":true},"graphs":[]},"schema_type":null,"schema_type_options":null,"pillar_content":false,"robots_default":true,"robots_noindex":false,"robots_noarchive":false,"robots_nosnippet":false,"robots_nofollow":false,"robots_noimageindex":false,"robots_noodp":false,"robots_notranslate":false,"robots_max_snippet":null,"robots_max_videopreview":null,"robots_max_imagepreview":"none","priority":null,"frequency":null,"local_seo":null,"seo_analyzer_scan_date":"2026-05-29 21:10:07","breadcrumb_settings":null,"limit_modified_date":false,"open_ai":null,"ai":null,"created":"2020-11-14 22:45:29","updated":"2026-05-29 21:10:07","focus_keyword":null,"additional_keywords":null,"truseo_locale":null},"aioseo_breadcrumb":"<div class=\"aioseo-breadcrumbs\"><span class=\"aioseo-breadcrumb\">\n\t<a href=\"https:\/\/www.eldigitaldeasturias.com\/noticias\" title=\"Home\">Home<\/a>\n<\/span><span class=\"aioseo-breadcrumb-separator\">\u2013<\/span><span class=\"aioseo-breadcrumb\">\n\t<a href=\"https:\/\/www.eldigitaldeasturias.com\/noticias\/category\/revista-de-ocio\/\" title=\"Revista de Ocio\">Revista de Ocio<\/a>\n<\/span><span class=\"aioseo-breadcrumb-separator\">\u2013<\/span><span class=\"aioseo-breadcrumb\">\n\t<a href=\"https:\/\/www.eldigitaldeasturias.com\/noticias\/rivas-afirma-que-vicente-ferrer-llego-donde-nadie-gastando-sandalias\/\" title=\"Rivas afirma que \u00abVicente Ferrer lleg\u00f3 donde nadie, gastando sandalias\u00bb\">Rivas afirma que \u00abVicente Ferrer lleg\u00f3 donde nadie, gastando sandalias\u00bb<\/a>\n<\/span><\/div>","aioseo_breadcrumb_json":[{"label":"Home","link":"https:\/\/www.eldigitaldeasturias.com\/noticias"},{"label":"Revista de Ocio","link":"https:\/\/www.eldigitaldeasturias.com\/noticias\/category\/revista-de-ocio\/"},{"label":"Rivas afirma que \u00abVicente Ferrer lleg\u00f3 donde nadie, gastando sandalias\u00bb","link":"https:\/\/www.eldigitaldeasturias.com\/noticias\/rivas-afirma-que-vicente-ferrer-llego-donde-nadie-gastando-sandalias\/"}],"_links":{"self":[{"href":"https:\/\/www.eldigitaldeasturias.com\/noticias\/wp-json\/wp\/v2\/posts\/456202","targetHints":{"allow":["GET"]}}],"collection":[{"href":"https:\/\/www.eldigitaldeasturias.com\/noticias\/wp-json\/wp\/v2\/posts"}],"about":[{"href":"https:\/\/www.eldigitaldeasturias.com\/noticias\/wp-json\/wp\/v2\/types\/post"}],"author":[{"embeddable":true,"href":"https:\/\/www.eldigitaldeasturias.com\/noticias\/wp-json\/wp\/v2\/users\/1"}],"replies":[{"embeddable":true,"href":"https:\/\/www.eldigitaldeasturias.com\/noticias\/wp-json\/wp\/v2\/comments?post=456202"}],"version-history":[{"count":0,"href":"https:\/\/www.eldigitaldeasturias.com\/noticias\/wp-json\/wp\/v2\/posts\/456202\/revisions"}],"wp:attachment":[{"href":"https:\/\/www.eldigitaldeasturias.com\/noticias\/wp-json\/wp\/v2\/media?parent=456202"}],"wp:term":[{"taxonomy":"category","embeddable":true,"href":"https:\/\/www.eldigitaldeasturias.com\/noticias\/wp-json\/wp\/v2\/categories?post=456202"},{"taxonomy":"post_tag","embeddable":true,"href":"https:\/\/www.eldigitaldeasturias.com\/noticias\/wp-json\/wp\/v2\/tags?post=456202"}],"curies":[{"name":"wp","href":"https:\/\/api.w.org\/{rel}","templated":true}]}}