{"id":456167,"date":"2013-11-30T17:41:04","date_gmt":"2013-11-30T18:41:04","guid":{"rendered":"http:\/\/www.eldigitaldeasturias.com\/noticias\/?p=456167"},"modified":"2013-11-30T17:41:04","modified_gmt":"2013-11-30T18:41:04","slug":"interceptados-en-marin-100-kilos-de-cocaina-ocultos-en-cajas-de-platanos","status":"publish","type":"post","link":"https:\/\/www.eldigitaldeasturias.com\/noticias\/interceptados-en-marin-100-kilos-de-cocaina-ocultos-en-cajas-de-platanos\/","title":{"rendered":"Interceptados en Mar\u00edn 100 kilos de coca\u00edna ocultos en cajas de pl\u00e1tanos"},"content":{"rendered":"<p><img loading=\"lazy\" decoding=\"async\" class=\"alignleft size-medium wp-image-456168\" alt=\"5763289w\" src=\"https:\/\/www.eldigitaldeasturias.com\/noticias\/wp-content\/uploads\/2013\/11\/5763289w-178x320.jpg\" width=\"178\" height=\"320\" \/>Santiago de Compostela, 30 nov (EFE).- Cuatro personas han sido detenidas por la Polic\u00eda Nacional tras interceptar en el puerto de Mar\u00edn 103 kilos de coca\u00edna ocultos en varias mochilas camufladas en el interior de cinco cajas dentro de un contenedor de pl\u00e1tanos procedente de Colombia.<\/p>\n<p>Dos de los cuatro detenidos, presuntos responsables de la planificaci\u00f3n, env\u00edo y recepci\u00f3n de la droga, contaban con numerosos contactos en el pa\u00eds sudamericano para proveerse de la droga y en Galicia para introducirla posteriormente, seg\u00fan informa hoy la Polic\u00eda Nacional.<\/p>\n<p>Asimismo, en el marco del operativo policial se han practicado cuatro registros en tres domicilios -dos de ellos en las localidades pontevedresas de Pedre y A Illa de Arousa y un tercero en Madrid-, y en una empresa ubicada en Ribadumia (Pontevedra).<\/p>\n<p>La operaci\u00f3n se inici\u00f3 el pasado mes de julio cuando los agentes tuvieron conocimiento de que uno de los principales investigados, un espa\u00f1ol conocido por los investigadores por contar con antecedentes por hechos similares, planeaba el env\u00edo de unos 100 kilos de coca\u00edna mediante el m\u00e9todo del \u00abgancho ciego\u00bb a trav\u00e9s del puerto de Mar\u00edn.<\/p>\n<p>Este env\u00edo era una prueba para posteriormente enviar m\u00e1s droga en contenedores y ofrecer de este modo a sus compinches, dos ciudadanos colombianos, seguridad total en el puerto a la hora de extraer y sacar la sustancia estupefaciente del recinto portuario, seg\u00fan el relato policial.<\/p>\n<p>Tras los preparativos necesarios, los socios colombianos aceptaron organizar el env\u00edo del estupefaciente desde el puerto de Turbo (Colombia) y as\u00ed verificar la ruta.<\/p>\n<p>Con el objetivo de supervisar este env\u00edo, uno de ellos viaj\u00f3 hasta el pa\u00eds sudamericano y gestion\u00f3 los tr\u00e1mites necesarios para llevar a cabo la operaci\u00f3n; a su regreso, mantuvo una reuni\u00f3n en Madrid con dos de sus compinches, el principal investigado y un compatriota colombiano, donde les hizo entrega de los datos del contenedor que transportaba la mercanc\u00eda il\u00edcita, as\u00ed como la distribuci\u00f3n de la misma y una cantidad de dinero.<\/p>\n<p>En la \u00faltima fase de la operaci\u00f3n, el colombiano supervisor de la operaci\u00f3n viaj\u00f3 hasta Pontevedra, donde mantuvo contacto con su compinche gallego, adem\u00e1s de con otro espa\u00f1ol encargado de mantener los contactos directos con los trabajadores del puerto.<\/p>\n<p>El pasado 25 de noviembre, en torno a las 18:00 horas, precisa la Polic\u00eda, los agentes procedieron a la inspecci\u00f3n del contenedor objeto de la investigaci\u00f3n, donde comprobaron que llevaba los precintos duplicados de los originales.<\/p>\n<p>Tras proceder a su apertura, los funcionarios descubrieron entre las primeras cajas del contenedor de pl\u00e1tanos, concretamente en el interior de cinco de ellas, diversas mochilas de color negro que guardaban en su interior unos veinte paquetes de coca\u00edna en cada una de ellas, que arrojaron un peso un total de 103 kilos.<\/p>\n<p>Tras la incautaci\u00f3n de la droga los investigadores procedieron a la detenci\u00f3n de las cuatro personas implicadas en los hechos, una de ellas en Madrid y el resto en Galicia.<\/p>\n<p>La investigaci\u00f3n ha sido desarrollada por GRECO Galicia y la Brigada Central de Estupefacientes, ambas pertenecientes a la UDYCO Central de la Comisar\u00eda General de Polic\u00eda Judicial, en colaboraci\u00f3n con la Agencia Tributaria.<\/p>\n","protected":false},"excerpt":{"rendered":"<p>Santiago de Compostela, 30 nov (EFE).- Cuatro personas han sido detenidas por la Polic\u00eda Nacional tras interceptar en el puerto de Mar\u00edn 103 kilos de coca\u00edna ocultos en varias mochilas camufladas en el interior de cinco cajas dentro de un contenedor de pl\u00e1tanos procedente de Colombia. Dos de los cuatro detenidos, presuntos responsables de la [&hellip;]<\/p>\n","protected":false},"author":1,"featured_media":456168,"comment_status":"closed","ping_status":"open","sticky":false,"template":"","format":"standard","meta":{"footnotes":""},"categories":[5],"tags":[],"class_list":["post-456167","post","type-post","status-publish","format-standard","has-post-thumbnail","hentry","category-sucesos"],"aioseo_notices":[],"aioseo_head":"\n\t\t<!-- All in One SEO Pro 5.0.1 - aioseo.com -->\n\t<meta name=\"description\" content=\"Santiago de Compostela, 30 nov (EFE).- Cuatro personas han sido detenidas por la Polic\u00eda Nacional tras interceptar en el puerto de Mar\u00edn 103 kilos de coca\u00edna ocultos en varias mochilas camufladas en el interior de cinco cajas dentro de un contenedor de pl\u00e1tanos procedente de Colombia. Dos de los cuatro detenidos, presuntos responsables de la\" \/>\n\t<meta name=\"robots\" content=\"max-image-preview:large\" \/>\n\t<meta name=\"author\" content=\"El Digital de Asturias\"\/>\n\t<meta name=\"google-site-verification\" content=\"UA-38556648-1\" \/>\n\t<meta name=\"msvalidate.01\" content=\"7dfe9f3f1b24437ab69f4f2559babe99\" \/>\n\t<meta name=\"keywords\" content=\"sucesos\" \/>\n\t<link rel=\"canonical\" href=\"https:\/\/www.eldigitaldeasturias.com\/noticias\/interceptados-en-marin-100-kilos-de-cocaina-ocultos-en-cajas-de-platanos\/\" \/>\n\t<meta name=\"generator\" content=\"All in One SEO Pro (AIOSEO) 5.0.1\" \/>\n\t\t<meta property=\"og:locale\" content=\"es_ES\" \/>\n\t\t<meta property=\"og:site_name\" content=\"El Digital de Asturias\" \/>\n\t\t<meta property=\"og:type\" content=\"article\" \/>\n\t\t<meta property=\"og:title\" content=\"Interceptados en Mar\u00edn 100 kilos de coca\u00edna ocultos en cajas de pl\u00e1tanos - El Digital de Asturias\" \/>\n\t\t<meta property=\"og:description\" content=\"Santiago de Compostela, 30 nov (EFE).- Cuatro personas han sido detenidas por la Polic\u00eda Nacional tras interceptar en el puerto de Mar\u00edn 103 kilos de coca\u00edna ocultos en varias mochilas camufladas en el interior de cinco cajas dentro de un contenedor de pl\u00e1tanos procedente de Colombia. Dos de los cuatro detenidos, presuntos responsables de la\" \/>\n\t\t<meta property=\"og:url\" content=\"https:\/\/www.eldigitaldeasturias.com\/noticias\/interceptados-en-marin-100-kilos-de-cocaina-ocultos-en-cajas-de-platanos\/\" \/>\n\t\t<meta property=\"article:tag\" content=\"sucesos\" \/>\n\t\t<meta property=\"article:published_time\" content=\"2013-11-30T18:41:04+00:00\" \/>\n\t\t<meta property=\"article:modified_time\" content=\"2013-11-30T18:41:04+00:00\" \/>\n\t\t<meta property=\"article:publisher\" content=\"https:\/\/facebook.com\/eldigitaldeasturias\" \/>\n\t\t<meta name=\"twitter:card\" content=\"summary_large_image\" \/>\n\t\t<meta name=\"twitter:title\" content=\"Interceptados en Mar\u00edn 100 kilos de coca\u00edna ocultos en cajas de pl\u00e1tanos - El Digital de Asturias\" \/>\n\t\t<meta name=\"twitter:description\" content=\"Santiago de Compostela, 30 nov (EFE).- Cuatro personas han sido detenidas por la Polic\u00eda Nacional tras interceptar en el puerto de Mar\u00edn 103 kilos de coca\u00edna ocultos en varias mochilas camufladas en el interior de cinco cajas dentro de un contenedor de pl\u00e1tanos procedente de Colombia. Dos de los cuatro detenidos, presuntos responsables de la\" \/>\n\t\t<meta name=\"twitter:label1\" content=\"Escrito por\" \/>\n\t\t<meta name=\"twitter:data1\" content=\"El Digital de Asturias\" \/>\n\t\t<meta name=\"twitter:label2\" content=\"Tiempo de lectura estimado\" \/>\n\t\t<meta name=\"twitter:data2\" content=\"3 minutos\" \/>\n\t\t<script type=\"application\/ld+json\" class=\"aioseo-schema\">\n\t\t\t{\"@context\":\"https:\\\/\\\/schema.org\",\"@graph\":[{\"@type\":\"BlogPosting\",\"@id\":\"https:\\\/\\\/www.eldigitaldeasturias.com\\\/noticias\\\/interceptados-en-marin-100-kilos-de-cocaina-ocultos-en-cajas-de-platanos\\\/#blogposting\",\"name\":\"Interceptados en Mar\\u00edn 100 kilos de coca\\u00edna ocultos en cajas de pl\\u00e1tanos - El Digital de Asturias\",\"headline\":\"Interceptados en Mar\\u00edn 100 kilos de coca\\u00edna ocultos en cajas de pl\\u00e1tanos\",\"author\":{\"@id\":\"https:\\\/\\\/www.eldigitaldeasturias.com\\\/noticias\\\/author\\\/admin\\\/#author\"},\"publisher\":{\"@id\":\"https:\\\/\\\/www.eldigitaldeasturias.com\\\/noticias\\\/#organization\"},\"image\":{\"@type\":\"ImageObject\",\"url\":456168},\"datePublished\":\"2013-11-30T17:41:04+01:00\",\"dateModified\":\"2013-11-30T17:41:04+01:00\",\"inLanguage\":\"es-ES\",\"mainEntityOfPage\":{\"@id\":\"https:\\\/\\\/www.eldigitaldeasturias.com\\\/noticias\\\/interceptados-en-marin-100-kilos-de-cocaina-ocultos-en-cajas-de-platanos\\\/#webpage\"},\"isPartOf\":{\"@id\":\"https:\\\/\\\/www.eldigitaldeasturias.com\\\/noticias\\\/interceptados-en-marin-100-kilos-de-cocaina-ocultos-en-cajas-de-platanos\\\/#webpage\"},\"articleSection\":\"Sucesos\"},{\"@type\":\"BreadcrumbList\",\"@id\":\"https:\\\/\\\/www.eldigitaldeasturias.com\\\/noticias\\\/interceptados-en-marin-100-kilos-de-cocaina-ocultos-en-cajas-de-platanos\\\/#breadcrumblist\",\"itemListElement\":[{\"@type\":\"ListItem\",\"@id\":\"https:\\\/\\\/www.eldigitaldeasturias.com\\\/noticias#listItem\",\"position\":1,\"name\":\"Home\",\"item\":\"https:\\\/\\\/www.eldigitaldeasturias.com\\\/noticias\",\"nextItem\":{\"@type\":\"ListItem\",\"@id\":\"https:\\\/\\\/www.eldigitaldeasturias.com\\\/noticias\\\/category\\\/sucesos\\\/#listItem\",\"name\":\"Sucesos\"}},{\"@type\":\"ListItem\",\"@id\":\"https:\\\/\\\/www.eldigitaldeasturias.com\\\/noticias\\\/category\\\/sucesos\\\/#listItem\",\"position\":2,\"name\":\"Sucesos\",\"item\":\"https:\\\/\\\/www.eldigitaldeasturias.com\\\/noticias\\\/category\\\/sucesos\\\/\",\"nextItem\":{\"@type\":\"ListItem\",\"@id\":\"https:\\\/\\\/www.eldigitaldeasturias.com\\\/noticias\\\/interceptados-en-marin-100-kilos-de-cocaina-ocultos-en-cajas-de-platanos\\\/#listItem\",\"name\":\"Interceptados en Mar\\u00edn 100 kilos de coca\\u00edna ocultos en cajas de pl\\u00e1tanos\"},\"previousItem\":{\"@type\":\"ListItem\",\"@id\":\"https:\\\/\\\/www.eldigitaldeasturias.com\\\/noticias#listItem\",\"name\":\"Home\"}},{\"@type\":\"ListItem\",\"@id\":\"https:\\\/\\\/www.eldigitaldeasturias.com\\\/noticias\\\/interceptados-en-marin-100-kilos-de-cocaina-ocultos-en-cajas-de-platanos\\\/#listItem\",\"position\":3,\"name\":\"Interceptados en Mar\\u00edn 100 kilos de coca\\u00edna ocultos en cajas de pl\\u00e1tanos\",\"previousItem\":{\"@type\":\"ListItem\",\"@id\":\"https:\\\/\\\/www.eldigitaldeasturias.com\\\/noticias\\\/category\\\/sucesos\\\/#listItem\",\"name\":\"Sucesos\"}}]},{\"@type\":\"Organization\",\"@id\":\"https:\\\/\\\/www.eldigitaldeasturias.com\\\/noticias\\\/#organization\",\"name\":\"El Digital de Asturias\",\"description\":\"Hemeroteca\",\"url\":\"https:\\\/\\\/www.eldigitaldeasturias.com\\\/noticias\\\/\",\"email\":\"info@eldigitaldeasturias.com\",\"telephone\":\"+34652131393\",\"logo\":{\"@type\":\"ImageObject\",\"url\":\"https:\\\/\\\/www.eldigitaldeasturias.com\\\/noticias\\\/wp-content\\\/uploads\\\/2020\\\/12\\\/EDA.jpg\",\"@id\":\"https:\\\/\\\/www.eldigitaldeasturias.com\\\/noticias\\\/interceptados-en-marin-100-kilos-de-cocaina-ocultos-en-cajas-de-platanos\\\/#organizationLogo\"},\"image\":{\"@id\":\"https:\\\/\\\/www.eldigitaldeasturias.com\\\/noticias\\\/interceptados-en-marin-100-kilos-de-cocaina-ocultos-en-cajas-de-platanos\\\/#organizationLogo\"},\"sameAs\":[\"https:\\\/\\\/facebook.com\\\/eldigitaldeasturias\",\"https:\\\/\\\/www.youtube.com\\\/channel\\\/UCZP-2wLEB9Rv6erhFmqVnvg\"],\"address\":{\"@id\":\"https:\\\/\\\/www.eldigitaldeasturias.com\\\/noticias\\\/#postaladdress\",\"@type\":\"PostalAddress\",\"streetAddress\":\"san antonio 4\",\"postalCode\":\"33430\",\"addressLocality\":\"Cand\\u00e1s\",\"addressRegion\":\"Asturias\",\"addressCountry\":\"ES\"}},{\"@type\":\"Person\",\"@id\":\"https:\\\/\\\/www.eldigitaldeasturias.com\\\/noticias\\\/author\\\/admin\\\/#author\",\"url\":\"https:\\\/\\\/www.eldigitaldeasturias.com\\\/noticias\\\/author\\\/admin\\\/\",\"name\":\"El Digital de Asturias\",\"image\":{\"@type\":\"ImageObject\",\"@id\":\"https:\\\/\\\/www.eldigitaldeasturias.com\\\/noticias\\\/interceptados-en-marin-100-kilos-de-cocaina-ocultos-en-cajas-de-platanos\\\/#authorImage\",\"url\":\"https:\\\/\\\/secure.gravatar.com\\\/avatar\\\/df2aeffc32bcd13f8d26072ef8a91b623d677766deac7f97ca815868cd41bf5e?s=96&d=mm&r=g\",\"width\":96,\"height\":96,\"caption\":\"El Digital de Asturias\"}},{\"@type\":\"WebPage\",\"@id\":\"https:\\\/\\\/www.eldigitaldeasturias.com\\\/noticias\\\/interceptados-en-marin-100-kilos-de-cocaina-ocultos-en-cajas-de-platanos\\\/#webpage\",\"url\":\"https:\\\/\\\/www.eldigitaldeasturias.com\\\/noticias\\\/interceptados-en-marin-100-kilos-de-cocaina-ocultos-en-cajas-de-platanos\\\/\",\"name\":\"Interceptados en Mar\\u00edn 100 kilos de coca\\u00edna ocultos en cajas de pl\\u00e1tanos - El Digital de Asturias\",\"description\":\"Santiago de Compostela, 30 nov (EFE).- Cuatro personas han sido detenidas por la Polic\\u00eda Nacional tras interceptar en el puerto de Mar\\u00edn 103 kilos de coca\\u00edna ocultos en varias mochilas camufladas en el interior de cinco cajas dentro de un contenedor de pl\\u00e1tanos procedente de Colombia. Dos de los cuatro detenidos, presuntos responsables de la\",\"inLanguage\":\"es-ES\",\"isPartOf\":{\"@id\":\"https:\\\/\\\/www.eldigitaldeasturias.com\\\/noticias\\\/#website\"},\"breadcrumb\":{\"@id\":\"https:\\\/\\\/www.eldigitaldeasturias.com\\\/noticias\\\/interceptados-en-marin-100-kilos-de-cocaina-ocultos-en-cajas-de-platanos\\\/#breadcrumblist\"},\"author\":{\"@id\":\"https:\\\/\\\/www.eldigitaldeasturias.com\\\/noticias\\\/author\\\/admin\\\/#author\"},\"creator\":{\"@id\":\"https:\\\/\\\/www.eldigitaldeasturias.com\\\/noticias\\\/author\\\/admin\\\/#author\"},\"image\":{\"@type\":\"ImageObject\",\"url\":456168,\"@id\":\"https:\\\/\\\/www.eldigitaldeasturias.com\\\/noticias\\\/interceptados-en-marin-100-kilos-de-cocaina-ocultos-en-cajas-de-platanos\\\/#mainImage\"},\"primaryImageOfPage\":{\"@id\":\"https:\\\/\\\/www.eldigitaldeasturias.com\\\/noticias\\\/interceptados-en-marin-100-kilos-de-cocaina-ocultos-en-cajas-de-platanos\\\/#mainImage\"},\"datePublished\":\"2013-11-30T17:41:04+01:00\",\"dateModified\":\"2013-11-30T17:41:04+01:00\"},{\"@type\":\"WebSite\",\"@id\":\"https:\\\/\\\/www.eldigitaldeasturias.com\\\/noticias\\\/#website\",\"url\":\"https:\\\/\\\/www.eldigitaldeasturias.com\\\/noticias\\\/\",\"name\":\"El Digital de Asturias - Diario de actualidad y noticias\",\"alternateName\":\"El Digital de Asturias - Diario de actualidad y noticias\",\"description\":\"Hemeroteca\",\"inLanguage\":\"es-ES\",\"publisher\":{\"@id\":\"https:\\\/\\\/www.eldigitaldeasturias.com\\\/noticias\\\/#organization\"}}]}\n\t\t<\/script>\n\t\t<!-- All in One SEO Pro -->\r\n\t\t<title>Interceptados en Mar\u00edn 100 kilos de coca\u00edna ocultos en cajas de pl\u00e1tanos - El Digital de Asturias<\/title>\n\n","aioseo_head_json":{"title":"Interceptados en Mar\u00edn 100 kilos de coca\u00edna ocultos en cajas de pl\u00e1tanos - El Digital de Asturias","description":"Santiago de Compostela, 30 nov (EFE).- Cuatro personas han sido detenidas por la Polic\u00eda Nacional tras interceptar en el puerto de Mar\u00edn 103 kilos de coca\u00edna ocultos en varias mochilas camufladas en el interior de cinco cajas dentro de un contenedor de pl\u00e1tanos procedente de Colombia. Dos de los cuatro detenidos, presuntos responsables de la","canonical_url":"https:\/\/www.eldigitaldeasturias.com\/noticias\/interceptados-en-marin-100-kilos-de-cocaina-ocultos-en-cajas-de-platanos\/","robots":"max-image-preview:large","keywords":"sucesos","webmasterTools":{"google-site-verification":"UA-38556648-1","msvalidate.01":"7dfe9f3f1b24437ab69f4f2559babe99","miscellaneous":""},"schema":{"@context":"https:\/\/schema.org","@graph":[{"@type":"BlogPosting","@id":"https:\/\/www.eldigitaldeasturias.com\/noticias\/interceptados-en-marin-100-kilos-de-cocaina-ocultos-en-cajas-de-platanos\/#blogposting","name":"Interceptados en Mar\u00edn 100 kilos de coca\u00edna ocultos en cajas de pl\u00e1tanos - El Digital de Asturias","headline":"Interceptados en Mar\u00edn 100 kilos de coca\u00edna ocultos en cajas de pl\u00e1tanos","author":{"@id":"https:\/\/www.eldigitaldeasturias.com\/noticias\/author\/admin\/#author"},"publisher":{"@id":"https:\/\/www.eldigitaldeasturias.com\/noticias\/#organization"},"image":{"@type":"ImageObject","url":456168},"datePublished":"2013-11-30T17:41:04+01:00","dateModified":"2013-11-30T17:41:04+01:00","inLanguage":"es-ES","mainEntityOfPage":{"@id":"https:\/\/www.eldigitaldeasturias.com\/noticias\/interceptados-en-marin-100-kilos-de-cocaina-ocultos-en-cajas-de-platanos\/#webpage"},"isPartOf":{"@id":"https:\/\/www.eldigitaldeasturias.com\/noticias\/interceptados-en-marin-100-kilos-de-cocaina-ocultos-en-cajas-de-platanos\/#webpage"},"articleSection":"Sucesos"},{"@type":"BreadcrumbList","@id":"https:\/\/www.eldigitaldeasturias.com\/noticias\/interceptados-en-marin-100-kilos-de-cocaina-ocultos-en-cajas-de-platanos\/#breadcrumblist","itemListElement":[{"@type":"ListItem","@id":"https:\/\/www.eldigitaldeasturias.com\/noticias#listItem","position":1,"name":"Home","item":"https:\/\/www.eldigitaldeasturias.com\/noticias","nextItem":{"@type":"ListItem","@id":"https:\/\/www.eldigitaldeasturias.com\/noticias\/category\/sucesos\/#listItem","name":"Sucesos"}},{"@type":"ListItem","@id":"https:\/\/www.eldigitaldeasturias.com\/noticias\/category\/sucesos\/#listItem","position":2,"name":"Sucesos","item":"https:\/\/www.eldigitaldeasturias.com\/noticias\/category\/sucesos\/","nextItem":{"@type":"ListItem","@id":"https:\/\/www.eldigitaldeasturias.com\/noticias\/interceptados-en-marin-100-kilos-de-cocaina-ocultos-en-cajas-de-platanos\/#listItem","name":"Interceptados en Mar\u00edn 100 kilos de coca\u00edna ocultos en cajas de pl\u00e1tanos"},"previousItem":{"@type":"ListItem","@id":"https:\/\/www.eldigitaldeasturias.com\/noticias#listItem","name":"Home"}},{"@type":"ListItem","@id":"https:\/\/www.eldigitaldeasturias.com\/noticias\/interceptados-en-marin-100-kilos-de-cocaina-ocultos-en-cajas-de-platanos\/#listItem","position":3,"name":"Interceptados en Mar\u00edn 100 kilos de coca\u00edna ocultos en cajas de pl\u00e1tanos","previousItem":{"@type":"ListItem","@id":"https:\/\/www.eldigitaldeasturias.com\/noticias\/category\/sucesos\/#listItem","name":"Sucesos"}}]},{"@type":"Organization","@id":"https:\/\/www.eldigitaldeasturias.com\/noticias\/#organization","name":"El Digital de Asturias","description":"Hemeroteca","url":"https:\/\/www.eldigitaldeasturias.com\/noticias\/","email":"info@eldigitaldeasturias.com","telephone":"+34652131393","logo":{"@type":"ImageObject","url":"https:\/\/www.eldigitaldeasturias.com\/noticias\/wp-content\/uploads\/2020\/12\/EDA.jpg","@id":"https:\/\/www.eldigitaldeasturias.com\/noticias\/interceptados-en-marin-100-kilos-de-cocaina-ocultos-en-cajas-de-platanos\/#organizationLogo"},"image":{"@id":"https:\/\/www.eldigitaldeasturias.com\/noticias\/interceptados-en-marin-100-kilos-de-cocaina-ocultos-en-cajas-de-platanos\/#organizationLogo"},"sameAs":["https:\/\/facebook.com\/eldigitaldeasturias","https:\/\/www.youtube.com\/channel\/UCZP-2wLEB9Rv6erhFmqVnvg"],"address":{"@id":"https:\/\/www.eldigitaldeasturias.com\/noticias\/#postaladdress","@type":"PostalAddress","streetAddress":"san antonio 4","postalCode":"33430","addressLocality":"Cand\u00e1s","addressRegion":"Asturias","addressCountry":"ES"}},{"@type":"Person","@id":"https:\/\/www.eldigitaldeasturias.com\/noticias\/author\/admin\/#author","url":"https:\/\/www.eldigitaldeasturias.com\/noticias\/author\/admin\/","name":"El Digital de Asturias","image":{"@type":"ImageObject","@id":"https:\/\/www.eldigitaldeasturias.com\/noticias\/interceptados-en-marin-100-kilos-de-cocaina-ocultos-en-cajas-de-platanos\/#authorImage","url":"https:\/\/secure.gravatar.com\/avatar\/df2aeffc32bcd13f8d26072ef8a91b623d677766deac7f97ca815868cd41bf5e?s=96&d=mm&r=g","width":96,"height":96,"caption":"El Digital de Asturias"}},{"@type":"WebPage","@id":"https:\/\/www.eldigitaldeasturias.com\/noticias\/interceptados-en-marin-100-kilos-de-cocaina-ocultos-en-cajas-de-platanos\/#webpage","url":"https:\/\/www.eldigitaldeasturias.com\/noticias\/interceptados-en-marin-100-kilos-de-cocaina-ocultos-en-cajas-de-platanos\/","name":"Interceptados en Mar\u00edn 100 kilos de coca\u00edna ocultos en cajas de pl\u00e1tanos - El Digital de Asturias","description":"Santiago de Compostela, 30 nov (EFE).- Cuatro personas han sido detenidas por la Polic\u00eda Nacional tras interceptar en el puerto de Mar\u00edn 103 kilos de coca\u00edna ocultos en varias mochilas camufladas en el interior de cinco cajas dentro de un contenedor de pl\u00e1tanos procedente de Colombia. Dos de los cuatro detenidos, presuntos responsables de la","inLanguage":"es-ES","isPartOf":{"@id":"https:\/\/www.eldigitaldeasturias.com\/noticias\/#website"},"breadcrumb":{"@id":"https:\/\/www.eldigitaldeasturias.com\/noticias\/interceptados-en-marin-100-kilos-de-cocaina-ocultos-en-cajas-de-platanos\/#breadcrumblist"},"author":{"@id":"https:\/\/www.eldigitaldeasturias.com\/noticias\/author\/admin\/#author"},"creator":{"@id":"https:\/\/www.eldigitaldeasturias.com\/noticias\/author\/admin\/#author"},"image":{"@type":"ImageObject","url":456168,"@id":"https:\/\/www.eldigitaldeasturias.com\/noticias\/interceptados-en-marin-100-kilos-de-cocaina-ocultos-en-cajas-de-platanos\/#mainImage"},"primaryImageOfPage":{"@id":"https:\/\/www.eldigitaldeasturias.com\/noticias\/interceptados-en-marin-100-kilos-de-cocaina-ocultos-en-cajas-de-platanos\/#mainImage"},"datePublished":"2013-11-30T17:41:04+01:00","dateModified":"2013-11-30T17:41:04+01:00"},{"@type":"WebSite","@id":"https:\/\/www.eldigitaldeasturias.com\/noticias\/#website","url":"https:\/\/www.eldigitaldeasturias.com\/noticias\/","name":"El Digital de Asturias - Diario de actualidad y noticias","alternateName":"El Digital de Asturias - Diario de actualidad y noticias","description":"Hemeroteca","inLanguage":"es-ES","publisher":{"@id":"https:\/\/www.eldigitaldeasturias.com\/noticias\/#organization"}}]},"og:locale":"es_ES","og:site_name":"El Digital de Asturias","og:type":"article","og:title":"Interceptados en Mar\u00edn 100 kilos de coca\u00edna ocultos en cajas de pl\u00e1tanos - El Digital de Asturias","og:description":"Santiago de Compostela, 30 nov (EFE).- Cuatro personas han sido detenidas por la Polic\u00eda Nacional tras interceptar en el puerto de Mar\u00edn 103 kilos de coca\u00edna ocultos en varias mochilas camufladas en el interior de cinco cajas dentro de un contenedor de pl\u00e1tanos procedente de Colombia. Dos de los cuatro detenidos, presuntos responsables de la","og:url":"https:\/\/www.eldigitaldeasturias.com\/noticias\/interceptados-en-marin-100-kilos-de-cocaina-ocultos-en-cajas-de-platanos\/","article:tag":["sucesos"],"article:published_time":"2013-11-30T18:41:04+00:00","article:modified_time":"2013-11-30T18:41:04+00:00","article:publisher":"https:\/\/facebook.com\/eldigitaldeasturias","twitter:card":"summary_large_image","twitter:title":"Interceptados en Mar\u00edn 100 kilos de coca\u00edna ocultos en cajas de pl\u00e1tanos - El Digital de Asturias","twitter:description":"Santiago de Compostela, 30 nov (EFE).- Cuatro personas han sido detenidas por la Polic\u00eda Nacional tras interceptar en el puerto de Mar\u00edn 103 kilos de coca\u00edna ocultos en varias mochilas camufladas en el interior de cinco cajas dentro de un contenedor de pl\u00e1tanos procedente de Colombia. Dos de los cuatro detenidos, presuntos responsables de la","twitter:label1":"Escrito por","twitter:data1":"El Digital de Asturias","twitter:label2":"Tiempo de lectura estimado","twitter:data2":"3 minutos"},"aioseo_meta_data":{"post_id":"456167","title":null,"description":null,"keywords":null,"keyphrases":null,"primary_term":null,"canonical_url":null,"og_title":null,"og_description":null,"og_object_type":"default","og_image_type":"default","og_image_url":null,"og_image_width":null,"og_image_height":null,"og_image_custom_url":null,"og_image_custom_fields":null,"og_video":null,"og_custom_url":null,"og_article_section":null,"og_article_tags":null,"twitter_use_og":true,"twitter_card":"default","twitter_image_type":"default","twitter_image_url":null,"twitter_image_custom_url":null,"twitter_image_custom_fields":null,"twitter_title":null,"twitter_description":null,"schema":{"blockGraphs":[],"customGraphs":[],"default":{"data":{"Article":[],"Course":[],"Dataset":[],"FAQPage":[],"Movie":[],"Person":[],"Product":[],"ProductReview":[],"Car":[],"Recipe":[],"Service":[],"SoftwareApplication":[],"WebPage":[]},"graphName":"","isEnabled":true},"graphs":[],"defaultGraph":"","defaultPostTypeGraph":""},"schema_type":null,"schema_type_options":null,"pillar_content":false,"robots_default":true,"robots_noindex":false,"robots_noarchive":false,"robots_nosnippet":false,"robots_nofollow":false,"robots_noimageindex":false,"robots_noodp":false,"robots_notranslate":false,"robots_max_snippet":null,"robots_max_videopreview":null,"robots_max_imagepreview":"none","priority":null,"frequency":null,"local_seo":null,"seo_analyzer_scan_date":"2026-05-29 21:04:02","breadcrumb_settings":null,"limit_modified_date":false,"open_ai":null,"ai":null,"created":"2020-11-14 22:45:28","updated":"2026-05-29 21:04:02","focus_keyword":null,"additional_keywords":null,"truseo_locale":null},"aioseo_breadcrumb":"<div class=\"aioseo-breadcrumbs\"><span class=\"aioseo-breadcrumb\">\n\t<a href=\"https:\/\/www.eldigitaldeasturias.com\/noticias\" title=\"Home\">Home<\/a>\n<\/span><span class=\"aioseo-breadcrumb-separator\">\u2013<\/span><span class=\"aioseo-breadcrumb\">\n\t<a href=\"https:\/\/www.eldigitaldeasturias.com\/noticias\/category\/sucesos\/\" title=\"Sucesos\">Sucesos<\/a>\n<\/span><span class=\"aioseo-breadcrumb-separator\">\u2013<\/span><span class=\"aioseo-breadcrumb\">\n\t<a href=\"https:\/\/www.eldigitaldeasturias.com\/noticias\/interceptados-en-marin-100-kilos-de-cocaina-ocultos-en-cajas-de-platanos\/\" title=\"Interceptados en Mar\u00edn 100 kilos de coca\u00edna ocultos en cajas de pl\u00e1tanos\">Interceptados en Mar\u00edn 100 kilos de coca\u00edna ocultos en cajas de pl\u00e1tanos<\/a>\n<\/span><\/div>","aioseo_breadcrumb_json":[{"label":"Home","link":"https:\/\/www.eldigitaldeasturias.com\/noticias"},{"label":"Sucesos","link":"https:\/\/www.eldigitaldeasturias.com\/noticias\/category\/sucesos\/"},{"label":"Interceptados en Mar\u00edn 100 kilos de coca\u00edna ocultos en cajas de pl\u00e1tanos","link":"https:\/\/www.eldigitaldeasturias.com\/noticias\/interceptados-en-marin-100-kilos-de-cocaina-ocultos-en-cajas-de-platanos\/"}],"_links":{"self":[{"href":"https:\/\/www.eldigitaldeasturias.com\/noticias\/wp-json\/wp\/v2\/posts\/456167","targetHints":{"allow":["GET"]}}],"collection":[{"href":"https:\/\/www.eldigitaldeasturias.com\/noticias\/wp-json\/wp\/v2\/posts"}],"about":[{"href":"https:\/\/www.eldigitaldeasturias.com\/noticias\/wp-json\/wp\/v2\/types\/post"}],"author":[{"embeddable":true,"href":"https:\/\/www.eldigitaldeasturias.com\/noticias\/wp-json\/wp\/v2\/users\/1"}],"replies":[{"embeddable":true,"href":"https:\/\/www.eldigitaldeasturias.com\/noticias\/wp-json\/wp\/v2\/comments?post=456167"}],"version-history":[{"count":0,"href":"https:\/\/www.eldigitaldeasturias.com\/noticias\/wp-json\/wp\/v2\/posts\/456167\/revisions"}],"wp:attachment":[{"href":"https:\/\/www.eldigitaldeasturias.com\/noticias\/wp-json\/wp\/v2\/media?parent=456167"}],"wp:term":[{"taxonomy":"category","embeddable":true,"href":"https:\/\/www.eldigitaldeasturias.com\/noticias\/wp-json\/wp\/v2\/categories?post=456167"},{"taxonomy":"post_tag","embeddable":true,"href":"https:\/\/www.eldigitaldeasturias.com\/noticias\/wp-json\/wp\/v2\/tags?post=456167"}],"curies":[{"name":"wp","href":"https:\/\/api.w.org\/{rel}","templated":true}]}}