{"id":456159,"date":"2013-11-30T17:24:22","date_gmt":"2013-11-30T18:24:22","guid":{"rendered":"http:\/\/www.eldigitaldeasturias.com\/noticias\/?p=456159"},"modified":"2013-11-30T17:24:22","modified_gmt":"2013-11-30T18:24:22","slug":"mercedes-fernandez-destaca-el-compromiso-del-gobierno-al-impulsar-la-variante-de-pajares","status":"publish","type":"post","link":"https:\/\/www.eldigitaldeasturias.com\/noticias\/mercedes-fernandez-destaca-el-compromiso-del-gobierno-al-impulsar-la-variante-de-pajares\/","title":{"rendered":"Mercedes Fern\u00e1ndez destaca el compromiso del Gobierno al impulsar la Variante de Pajares."},"content":{"rendered":"<p><img loading=\"lazy\" decoding=\"async\" class=\"alignleft size-medium wp-image-239\" alt=\"mercedes\" src=\"https:\/\/www.eldigitaldeasturias.com\/noticias\/wp-content\/uploads\/2013\/09\/mercedes2-360x201.jpg\" width=\"360\" height=\"201\" \/>Oviedo, 30 nov (EFE).- La presidenta del Partido Popular de Asturias, Mercedes Fern\u00e1ndez, ha destacado hoy el \u00abcompromiso\u00bb del Gobierno central con las infraestructuras ferroviarias que afectan al Principado, al impulsar la licitaci\u00f3n y adjudicaci\u00f3n de varios contratos para la Variante de Pajares.<\/p>\n<p>Ha dicho que es una \u00abextraordinaria noticia\u00bb para Asturias la decisi\u00f3n del Consejo del Administrador de Infraestructuras Ferroviarias (ADIF), dependiente del Ministerio de Fomento, de licitar y adjudicar varios contratos para la variante ferroviaria de Pajares, por un importe total de 109 millones de euros.<\/p>\n<p>Los trabajos en la nueva l\u00ednea ferroviaria que han recibido la luz verde del ADIF se refieren a las obras de instalaci\u00f3n de la catenaria y de todos los sistemas de telecomunicaciones, protecci\u00f3n de los trenes, control de tr\u00e1fico centralizado y sistemas auxiliares, as\u00ed como el suministro, transporte y descarga de las traviesas de la Variante, informa el PP.<\/p>\n<p>Fern\u00e1ndez subraya que estas \u00abimportantes y multimillonarias inversiones vuelven a demostrar el firme compromiso\u00bb del Gobierno de Espa\u00f1a con la finalizaci\u00f3n de las grandes infraestructuras pendientes en el Principado despu\u00e9s de \u00ablas paralizaciones y retrasos provocados durante a\u00f1os por los Gobiernos socialistas\u00bb.<\/p>\n<p>En su opini\u00f3n, \u00abel intenso trabajo y las decisiones presupuestarias\u00bb del Ejecutivo central \u00abdespejan todas las dudas sembradas\u00bb por el PSOE sobre una obra como la Variante de Pajares, \u00abvital para el futuro de la regi\u00f3n y en la que los socialistas nunca creyeron\u00bb.<\/p>\n<p>Mercedes Fern\u00e1ndez recalca que la Variante ferroviaria de Pajares fue \u00abpuesta en marcha por un Gobierno del Partido Popular, y un Gobierno del Partido Popular la finalizar\u00e1\u00bb.<\/p>\n<p>Las nuevas inversiones aprobadas por el Ministerio de Fomento para garantizar la llegada de la Alta Velocidad a Asturias se unen a los contratos que fueron aprobados el pasado 25 de octubre, por un importe total de 84 millones de euros, para la electrificaci\u00f3n de dos tramos de AVE, el que une Valladolid con Le\u00f3n, y la propia Variante de Pajares, agrega.<\/p>\n","protected":false},"excerpt":{"rendered":"<p>Oviedo, 30 nov (EFE).- La presidenta del Partido Popular de Asturias, Mercedes Fern\u00e1ndez, ha destacado hoy el \u00abcompromiso\u00bb del Gobierno central con las infraestructuras ferroviarias que afectan al Principado, al impulsar la licitaci\u00f3n y adjudicaci\u00f3n de varios contratos para la Variante de Pajares. Ha dicho que es una \u00abextraordinaria noticia\u00bb para Asturias la decisi\u00f3n del [&hellip;]<\/p>\n","protected":false},"author":1,"featured_media":1132184,"comment_status":"closed","ping_status":"open","sticky":false,"template":"","format":"standard","meta":{"footnotes":""},"categories":[12],"tags":[],"class_list":["post-456159","post","type-post","status-publish","format-standard","has-post-thumbnail","hentry","category-actualidad-asturias"],"aioseo_notices":[],"aioseo_head":"\n\t\t<!-- All in One SEO Pro 5.0.1 - aioseo.com -->\n\t<meta name=\"description\" content=\"Oviedo, 30 nov (EFE).- La presidenta del Partido Popular de Asturias, Mercedes Fern\u00e1ndez, ha destacado hoy el &quot;compromiso&quot; del Gobierno central con las infraestructuras ferroviarias que afectan al Principado, al impulsar la licitaci\u00f3n y adjudicaci\u00f3n de varios contratos para la Variante de Pajares. Ha dicho que es una &quot;extraordinaria noticia&quot; para Asturias la decisi\u00f3n del\" \/>\n\t<meta name=\"robots\" content=\"max-image-preview:large\" \/>\n\t<meta name=\"author\" content=\"El Digital de Asturias\"\/>\n\t<meta name=\"google-site-verification\" content=\"UA-38556648-1\" \/>\n\t<meta name=\"msvalidate.01\" content=\"7dfe9f3f1b24437ab69f4f2559babe99\" \/>\n\t<meta name=\"keywords\" content=\"actualidad asturias\" \/>\n\t<link rel=\"canonical\" href=\"https:\/\/www.eldigitaldeasturias.com\/noticias\/mercedes-fernandez-destaca-el-compromiso-del-gobierno-al-impulsar-la-variante-de-pajares\/\" \/>\n\t<meta name=\"generator\" content=\"All in One SEO Pro (AIOSEO) 5.0.1\" \/>\n\t\t<meta property=\"og:locale\" content=\"es_ES\" \/>\n\t\t<meta property=\"og:site_name\" content=\"El Digital de Asturias\" \/>\n\t\t<meta property=\"og:type\" content=\"article\" \/>\n\t\t<meta property=\"og:title\" content=\"Mercedes Fern\u00e1ndez destaca el compromiso del Gobierno al impulsar la Variante de Pajares. - El Digital de Asturias\" \/>\n\t\t<meta property=\"og:description\" content=\"Oviedo, 30 nov (EFE).- La presidenta del Partido Popular de Asturias, Mercedes Fern\u00e1ndez, ha destacado hoy el &quot;compromiso&quot; del Gobierno central con las infraestructuras ferroviarias que afectan al Principado, al impulsar la licitaci\u00f3n y adjudicaci\u00f3n de varios contratos para la Variante de Pajares. Ha dicho que es una &quot;extraordinaria noticia&quot; para Asturias la decisi\u00f3n del\" \/>\n\t\t<meta property=\"og:url\" content=\"https:\/\/www.eldigitaldeasturias.com\/noticias\/mercedes-fernandez-destaca-el-compromiso-del-gobierno-al-impulsar-la-variante-de-pajares\/\" \/>\n\t\t<meta property=\"og:image\" content=\"https:\/\/www.eldigitaldeasturias.com\/noticias\/wp-content\/uploads\/2026\/06\/Contenidos.jpg\" \/>\n\t\t<meta property=\"og:image:secure_url\" content=\"https:\/\/www.eldigitaldeasturias.com\/noticias\/wp-content\/uploads\/2026\/06\/Contenidos.jpg\" \/>\n\t\t<meta property=\"og:image:width\" content=\"1265\" \/>\n\t\t<meta property=\"og:image:height\" content=\"697\" \/>\n\t\t<meta property=\"article:tag\" content=\"actualidad asturias\" \/>\n\t\t<meta property=\"article:published_time\" content=\"2013-11-30T18:24:22+00:00\" \/>\n\t\t<meta property=\"article:modified_time\" content=\"2013-11-30T18:24:22+00:00\" \/>\n\t\t<meta property=\"article:publisher\" content=\"https:\/\/facebook.com\/eldigitaldeasturias\" \/>\n\t\t<meta name=\"twitter:card\" content=\"summary_large_image\" \/>\n\t\t<meta name=\"twitter:title\" content=\"Mercedes Fern\u00e1ndez destaca el compromiso del Gobierno al impulsar la Variante de Pajares. - El Digital de Asturias\" \/>\n\t\t<meta name=\"twitter:description\" content=\"Oviedo, 30 nov (EFE).- La presidenta del Partido Popular de Asturias, Mercedes Fern\u00e1ndez, ha destacado hoy el &quot;compromiso&quot; del Gobierno central con las infraestructuras ferroviarias que afectan al Principado, al impulsar la licitaci\u00f3n y adjudicaci\u00f3n de varios contratos para la Variante de Pajares. Ha dicho que es una &quot;extraordinaria noticia&quot; para Asturias la decisi\u00f3n del\" \/>\n\t\t<meta name=\"twitter:image\" content=\"https:\/\/www.eldigitaldeasturias.com\/noticias\/wp-content\/uploads\/2026\/06\/Contenidos.jpg\" \/>\n\t\t<meta name=\"twitter:label1\" content=\"Escrito por\" \/>\n\t\t<meta name=\"twitter:data1\" content=\"El Digital de Asturias\" \/>\n\t\t<meta name=\"twitter:label2\" content=\"Tiempo de lectura estimado\" \/>\n\t\t<meta name=\"twitter:data2\" content=\"2 minutos\" \/>\n\t\t<script type=\"application\/ld+json\" class=\"aioseo-schema\">\n\t\t\t{\"@context\":\"https:\\\/\\\/schema.org\",\"@graph\":[{\"@type\":\"BlogPosting\",\"@id\":\"https:\\\/\\\/www.eldigitaldeasturias.com\\\/noticias\\\/mercedes-fernandez-destaca-el-compromiso-del-gobierno-al-impulsar-la-variante-de-pajares\\\/#blogposting\",\"name\":\"Mercedes Fern\\u00e1ndez destaca el compromiso del Gobierno al impulsar la Variante de Pajares. - El Digital de Asturias\",\"headline\":\"Mercedes Fern\\u00e1ndez destaca el compromiso del Gobierno al impulsar la Variante de Pajares.\",\"author\":{\"@id\":\"https:\\\/\\\/www.eldigitaldeasturias.com\\\/noticias\\\/author\\\/admin\\\/#author\"},\"publisher\":{\"@id\":\"https:\\\/\\\/www.eldigitaldeasturias.com\\\/noticias\\\/#organization\"},\"image\":{\"@type\":\"ImageObject\",\"url\":\"https:\\\/\\\/www.eldigitaldeasturias.com\\\/noticias\\\/wp-content\\\/uploads\\\/2026\\\/06\\\/Contenidos.jpg\",\"width\":1265,\"height\":697,\"caption\":\"Contenidos\"},\"datePublished\":\"2013-11-30T17:24:22+01:00\",\"dateModified\":\"2013-11-30T17:24:22+01:00\",\"inLanguage\":\"es-ES\",\"mainEntityOfPage\":{\"@id\":\"https:\\\/\\\/www.eldigitaldeasturias.com\\\/noticias\\\/mercedes-fernandez-destaca-el-compromiso-del-gobierno-al-impulsar-la-variante-de-pajares\\\/#webpage\"},\"isPartOf\":{\"@id\":\"https:\\\/\\\/www.eldigitaldeasturias.com\\\/noticias\\\/mercedes-fernandez-destaca-el-compromiso-del-gobierno-al-impulsar-la-variante-de-pajares\\\/#webpage\"},\"articleSection\":\"Actualidad Asturias\"},{\"@type\":\"BreadcrumbList\",\"@id\":\"https:\\\/\\\/www.eldigitaldeasturias.com\\\/noticias\\\/mercedes-fernandez-destaca-el-compromiso-del-gobierno-al-impulsar-la-variante-de-pajares\\\/#breadcrumblist\",\"itemListElement\":[{\"@type\":\"ListItem\",\"@id\":\"https:\\\/\\\/www.eldigitaldeasturias.com\\\/noticias#listItem\",\"position\":1,\"name\":\"Home\",\"item\":\"https:\\\/\\\/www.eldigitaldeasturias.com\\\/noticias\",\"nextItem\":{\"@type\":\"ListItem\",\"@id\":\"https:\\\/\\\/www.eldigitaldeasturias.com\\\/noticias\\\/category\\\/actualidad-asturias\\\/#listItem\",\"name\":\"Actualidad Asturias\"}},{\"@type\":\"ListItem\",\"@id\":\"https:\\\/\\\/www.eldigitaldeasturias.com\\\/noticias\\\/category\\\/actualidad-asturias\\\/#listItem\",\"position\":2,\"name\":\"Actualidad Asturias\",\"item\":\"https:\\\/\\\/www.eldigitaldeasturias.com\\\/noticias\\\/category\\\/actualidad-asturias\\\/\",\"nextItem\":{\"@type\":\"ListItem\",\"@id\":\"https:\\\/\\\/www.eldigitaldeasturias.com\\\/noticias\\\/mercedes-fernandez-destaca-el-compromiso-del-gobierno-al-impulsar-la-variante-de-pajares\\\/#listItem\",\"name\":\"Mercedes Fern\\u00e1ndez destaca el compromiso del Gobierno al impulsar la Variante de Pajares.\"},\"previousItem\":{\"@type\":\"ListItem\",\"@id\":\"https:\\\/\\\/www.eldigitaldeasturias.com\\\/noticias#listItem\",\"name\":\"Home\"}},{\"@type\":\"ListItem\",\"@id\":\"https:\\\/\\\/www.eldigitaldeasturias.com\\\/noticias\\\/mercedes-fernandez-destaca-el-compromiso-del-gobierno-al-impulsar-la-variante-de-pajares\\\/#listItem\",\"position\":3,\"name\":\"Mercedes Fern\\u00e1ndez destaca el compromiso del Gobierno al impulsar la Variante de Pajares.\",\"previousItem\":{\"@type\":\"ListItem\",\"@id\":\"https:\\\/\\\/www.eldigitaldeasturias.com\\\/noticias\\\/category\\\/actualidad-asturias\\\/#listItem\",\"name\":\"Actualidad Asturias\"}}]},{\"@type\":\"Organization\",\"@id\":\"https:\\\/\\\/www.eldigitaldeasturias.com\\\/noticias\\\/#organization\",\"name\":\"El Digital de Asturias\",\"description\":\"Hemeroteca\",\"url\":\"https:\\\/\\\/www.eldigitaldeasturias.com\\\/noticias\\\/\",\"email\":\"info@eldigitaldeasturias.com\",\"telephone\":\"+34652131393\",\"logo\":{\"@type\":\"ImageObject\",\"url\":\"https:\\\/\\\/www.eldigitaldeasturias.com\\\/noticias\\\/wp-content\\\/uploads\\\/2020\\\/12\\\/EDA.jpg\",\"@id\":\"https:\\\/\\\/www.eldigitaldeasturias.com\\\/noticias\\\/mercedes-fernandez-destaca-el-compromiso-del-gobierno-al-impulsar-la-variante-de-pajares\\\/#organizationLogo\"},\"image\":{\"@id\":\"https:\\\/\\\/www.eldigitaldeasturias.com\\\/noticias\\\/mercedes-fernandez-destaca-el-compromiso-del-gobierno-al-impulsar-la-variante-de-pajares\\\/#organizationLogo\"},\"sameAs\":[\"https:\\\/\\\/facebook.com\\\/eldigitaldeasturias\",\"https:\\\/\\\/www.youtube.com\\\/channel\\\/UCZP-2wLEB9Rv6erhFmqVnvg\"],\"address\":{\"@id\":\"https:\\\/\\\/www.eldigitaldeasturias.com\\\/noticias\\\/#postaladdress\",\"@type\":\"PostalAddress\",\"streetAddress\":\"san antonio 4\",\"postalCode\":\"33430\",\"addressLocality\":\"Cand\\u00e1s\",\"addressRegion\":\"Asturias\",\"addressCountry\":\"ES\"}},{\"@type\":\"Person\",\"@id\":\"https:\\\/\\\/www.eldigitaldeasturias.com\\\/noticias\\\/author\\\/admin\\\/#author\",\"url\":\"https:\\\/\\\/www.eldigitaldeasturias.com\\\/noticias\\\/author\\\/admin\\\/\",\"name\":\"El Digital de Asturias\",\"image\":{\"@type\":\"ImageObject\",\"@id\":\"https:\\\/\\\/www.eldigitaldeasturias.com\\\/noticias\\\/mercedes-fernandez-destaca-el-compromiso-del-gobierno-al-impulsar-la-variante-de-pajares\\\/#authorImage\",\"url\":\"https:\\\/\\\/secure.gravatar.com\\\/avatar\\\/df2aeffc32bcd13f8d26072ef8a91b623d677766deac7f97ca815868cd41bf5e?s=96&d=mm&r=g\",\"width\":96,\"height\":96,\"caption\":\"El Digital de Asturias\"}},{\"@type\":\"WebPage\",\"@id\":\"https:\\\/\\\/www.eldigitaldeasturias.com\\\/noticias\\\/mercedes-fernandez-destaca-el-compromiso-del-gobierno-al-impulsar-la-variante-de-pajares\\\/#webpage\",\"url\":\"https:\\\/\\\/www.eldigitaldeasturias.com\\\/noticias\\\/mercedes-fernandez-destaca-el-compromiso-del-gobierno-al-impulsar-la-variante-de-pajares\\\/\",\"name\":\"Mercedes Fern\\u00e1ndez destaca el compromiso del Gobierno al impulsar la Variante de Pajares. - El Digital de Asturias\",\"description\":\"Oviedo, 30 nov (EFE).- La presidenta del Partido Popular de Asturias, Mercedes Fern\\u00e1ndez, ha destacado hoy el \\\"compromiso\\\" del Gobierno central con las infraestructuras ferroviarias que afectan al Principado, al impulsar la licitaci\\u00f3n y adjudicaci\\u00f3n de varios contratos para la Variante de Pajares. Ha dicho que es una \\\"extraordinaria noticia\\\" para Asturias la decisi\\u00f3n del\",\"inLanguage\":\"es-ES\",\"isPartOf\":{\"@id\":\"https:\\\/\\\/www.eldigitaldeasturias.com\\\/noticias\\\/#website\"},\"breadcrumb\":{\"@id\":\"https:\\\/\\\/www.eldigitaldeasturias.com\\\/noticias\\\/mercedes-fernandez-destaca-el-compromiso-del-gobierno-al-impulsar-la-variante-de-pajares\\\/#breadcrumblist\"},\"author\":{\"@id\":\"https:\\\/\\\/www.eldigitaldeasturias.com\\\/noticias\\\/author\\\/admin\\\/#author\"},\"creator\":{\"@id\":\"https:\\\/\\\/www.eldigitaldeasturias.com\\\/noticias\\\/author\\\/admin\\\/#author\"},\"image\":{\"@type\":\"ImageObject\",\"url\":\"https:\\\/\\\/www.eldigitaldeasturias.com\\\/noticias\\\/wp-content\\\/uploads\\\/2026\\\/06\\\/Contenidos.jpg\",\"@id\":\"https:\\\/\\\/www.eldigitaldeasturias.com\\\/noticias\\\/mercedes-fernandez-destaca-el-compromiso-del-gobierno-al-impulsar-la-variante-de-pajares\\\/#mainImage\",\"width\":1265,\"height\":697,\"caption\":\"Contenidos\"},\"primaryImageOfPage\":{\"@id\":\"https:\\\/\\\/www.eldigitaldeasturias.com\\\/noticias\\\/mercedes-fernandez-destaca-el-compromiso-del-gobierno-al-impulsar-la-variante-de-pajares\\\/#mainImage\"},\"datePublished\":\"2013-11-30T17:24:22+01:00\",\"dateModified\":\"2013-11-30T17:24:22+01:00\"},{\"@type\":\"WebSite\",\"@id\":\"https:\\\/\\\/www.eldigitaldeasturias.com\\\/noticias\\\/#website\",\"url\":\"https:\\\/\\\/www.eldigitaldeasturias.com\\\/noticias\\\/\",\"name\":\"El Digital de Asturias - Diario de actualidad y noticias\",\"alternateName\":\"El Digital de Asturias - Diario de actualidad y noticias\",\"description\":\"Hemeroteca\",\"inLanguage\":\"es-ES\",\"publisher\":{\"@id\":\"https:\\\/\\\/www.eldigitaldeasturias.com\\\/noticias\\\/#organization\"}}]}\n\t\t<\/script>\n\t\t<!-- All in One SEO Pro -->\r\n\t\t<title>Mercedes Fern\u00e1ndez destaca el compromiso del Gobierno al impulsar la Variante de Pajares. - El Digital de Asturias<\/title>\n\n","aioseo_head_json":{"title":"Mercedes Fern\u00e1ndez destaca el compromiso del Gobierno al impulsar la Variante de Pajares. - El Digital de Asturias","description":"Oviedo, 30 nov (EFE).- La presidenta del Partido Popular de Asturias, Mercedes Fern\u00e1ndez, ha destacado hoy el \"compromiso\" del Gobierno central con las infraestructuras ferroviarias que afectan al Principado, al impulsar la licitaci\u00f3n y adjudicaci\u00f3n de varios contratos para la Variante de Pajares. Ha dicho que es una \"extraordinaria noticia\" para Asturias la decisi\u00f3n del","canonical_url":"https:\/\/www.eldigitaldeasturias.com\/noticias\/mercedes-fernandez-destaca-el-compromiso-del-gobierno-al-impulsar-la-variante-de-pajares\/","robots":"max-image-preview:large","keywords":"actualidad asturias","webmasterTools":{"google-site-verification":"UA-38556648-1","msvalidate.01":"7dfe9f3f1b24437ab69f4f2559babe99","miscellaneous":""},"schema":{"@context":"https:\/\/schema.org","@graph":[{"@type":"BlogPosting","@id":"https:\/\/www.eldigitaldeasturias.com\/noticias\/mercedes-fernandez-destaca-el-compromiso-del-gobierno-al-impulsar-la-variante-de-pajares\/#blogposting","name":"Mercedes Fern\u00e1ndez destaca el compromiso del Gobierno al impulsar la Variante de Pajares. - El Digital de Asturias","headline":"Mercedes Fern\u00e1ndez destaca el compromiso del Gobierno al impulsar la Variante de Pajares.","author":{"@id":"https:\/\/www.eldigitaldeasturias.com\/noticias\/author\/admin\/#author"},"publisher":{"@id":"https:\/\/www.eldigitaldeasturias.com\/noticias\/#organization"},"image":{"@type":"ImageObject","url":"https:\/\/www.eldigitaldeasturias.com\/noticias\/wp-content\/uploads\/2026\/06\/Contenidos.jpg","width":1265,"height":697,"caption":"Contenidos"},"datePublished":"2013-11-30T17:24:22+01:00","dateModified":"2013-11-30T17:24:22+01:00","inLanguage":"es-ES","mainEntityOfPage":{"@id":"https:\/\/www.eldigitaldeasturias.com\/noticias\/mercedes-fernandez-destaca-el-compromiso-del-gobierno-al-impulsar-la-variante-de-pajares\/#webpage"},"isPartOf":{"@id":"https:\/\/www.eldigitaldeasturias.com\/noticias\/mercedes-fernandez-destaca-el-compromiso-del-gobierno-al-impulsar-la-variante-de-pajares\/#webpage"},"articleSection":"Actualidad Asturias"},{"@type":"BreadcrumbList","@id":"https:\/\/www.eldigitaldeasturias.com\/noticias\/mercedes-fernandez-destaca-el-compromiso-del-gobierno-al-impulsar-la-variante-de-pajares\/#breadcrumblist","itemListElement":[{"@type":"ListItem","@id":"https:\/\/www.eldigitaldeasturias.com\/noticias#listItem","position":1,"name":"Home","item":"https:\/\/www.eldigitaldeasturias.com\/noticias","nextItem":{"@type":"ListItem","@id":"https:\/\/www.eldigitaldeasturias.com\/noticias\/category\/actualidad-asturias\/#listItem","name":"Actualidad Asturias"}},{"@type":"ListItem","@id":"https:\/\/www.eldigitaldeasturias.com\/noticias\/category\/actualidad-asturias\/#listItem","position":2,"name":"Actualidad Asturias","item":"https:\/\/www.eldigitaldeasturias.com\/noticias\/category\/actualidad-asturias\/","nextItem":{"@type":"ListItem","@id":"https:\/\/www.eldigitaldeasturias.com\/noticias\/mercedes-fernandez-destaca-el-compromiso-del-gobierno-al-impulsar-la-variante-de-pajares\/#listItem","name":"Mercedes Fern\u00e1ndez destaca el compromiso del Gobierno al impulsar la Variante de Pajares."},"previousItem":{"@type":"ListItem","@id":"https:\/\/www.eldigitaldeasturias.com\/noticias#listItem","name":"Home"}},{"@type":"ListItem","@id":"https:\/\/www.eldigitaldeasturias.com\/noticias\/mercedes-fernandez-destaca-el-compromiso-del-gobierno-al-impulsar-la-variante-de-pajares\/#listItem","position":3,"name":"Mercedes Fern\u00e1ndez destaca el compromiso del Gobierno al impulsar la Variante de Pajares.","previousItem":{"@type":"ListItem","@id":"https:\/\/www.eldigitaldeasturias.com\/noticias\/category\/actualidad-asturias\/#listItem","name":"Actualidad Asturias"}}]},{"@type":"Organization","@id":"https:\/\/www.eldigitaldeasturias.com\/noticias\/#organization","name":"El Digital de Asturias","description":"Hemeroteca","url":"https:\/\/www.eldigitaldeasturias.com\/noticias\/","email":"info@eldigitaldeasturias.com","telephone":"+34652131393","logo":{"@type":"ImageObject","url":"https:\/\/www.eldigitaldeasturias.com\/noticias\/wp-content\/uploads\/2020\/12\/EDA.jpg","@id":"https:\/\/www.eldigitaldeasturias.com\/noticias\/mercedes-fernandez-destaca-el-compromiso-del-gobierno-al-impulsar-la-variante-de-pajares\/#organizationLogo"},"image":{"@id":"https:\/\/www.eldigitaldeasturias.com\/noticias\/mercedes-fernandez-destaca-el-compromiso-del-gobierno-al-impulsar-la-variante-de-pajares\/#organizationLogo"},"sameAs":["https:\/\/facebook.com\/eldigitaldeasturias","https:\/\/www.youtube.com\/channel\/UCZP-2wLEB9Rv6erhFmqVnvg"],"address":{"@id":"https:\/\/www.eldigitaldeasturias.com\/noticias\/#postaladdress","@type":"PostalAddress","streetAddress":"san antonio 4","postalCode":"33430","addressLocality":"Cand\u00e1s","addressRegion":"Asturias","addressCountry":"ES"}},{"@type":"Person","@id":"https:\/\/www.eldigitaldeasturias.com\/noticias\/author\/admin\/#author","url":"https:\/\/www.eldigitaldeasturias.com\/noticias\/author\/admin\/","name":"El Digital de Asturias","image":{"@type":"ImageObject","@id":"https:\/\/www.eldigitaldeasturias.com\/noticias\/mercedes-fernandez-destaca-el-compromiso-del-gobierno-al-impulsar-la-variante-de-pajares\/#authorImage","url":"https:\/\/secure.gravatar.com\/avatar\/df2aeffc32bcd13f8d26072ef8a91b623d677766deac7f97ca815868cd41bf5e?s=96&d=mm&r=g","width":96,"height":96,"caption":"El Digital de Asturias"}},{"@type":"WebPage","@id":"https:\/\/www.eldigitaldeasturias.com\/noticias\/mercedes-fernandez-destaca-el-compromiso-del-gobierno-al-impulsar-la-variante-de-pajares\/#webpage","url":"https:\/\/www.eldigitaldeasturias.com\/noticias\/mercedes-fernandez-destaca-el-compromiso-del-gobierno-al-impulsar-la-variante-de-pajares\/","name":"Mercedes Fern\u00e1ndez destaca el compromiso del Gobierno al impulsar la Variante de Pajares. - El Digital de Asturias","description":"Oviedo, 30 nov (EFE).- La presidenta del Partido Popular de Asturias, Mercedes Fern\u00e1ndez, ha destacado hoy el \"compromiso\" del Gobierno central con las infraestructuras ferroviarias que afectan al Principado, al impulsar la licitaci\u00f3n y adjudicaci\u00f3n de varios contratos para la Variante de Pajares. Ha dicho que es una \"extraordinaria noticia\" para Asturias la decisi\u00f3n del","inLanguage":"es-ES","isPartOf":{"@id":"https:\/\/www.eldigitaldeasturias.com\/noticias\/#website"},"breadcrumb":{"@id":"https:\/\/www.eldigitaldeasturias.com\/noticias\/mercedes-fernandez-destaca-el-compromiso-del-gobierno-al-impulsar-la-variante-de-pajares\/#breadcrumblist"},"author":{"@id":"https:\/\/www.eldigitaldeasturias.com\/noticias\/author\/admin\/#author"},"creator":{"@id":"https:\/\/www.eldigitaldeasturias.com\/noticias\/author\/admin\/#author"},"image":{"@type":"ImageObject","url":"https:\/\/www.eldigitaldeasturias.com\/noticias\/wp-content\/uploads\/2026\/06\/Contenidos.jpg","@id":"https:\/\/www.eldigitaldeasturias.com\/noticias\/mercedes-fernandez-destaca-el-compromiso-del-gobierno-al-impulsar-la-variante-de-pajares\/#mainImage","width":1265,"height":697,"caption":"Contenidos"},"primaryImageOfPage":{"@id":"https:\/\/www.eldigitaldeasturias.com\/noticias\/mercedes-fernandez-destaca-el-compromiso-del-gobierno-al-impulsar-la-variante-de-pajares\/#mainImage"},"datePublished":"2013-11-30T17:24:22+01:00","dateModified":"2013-11-30T17:24:22+01:00"},{"@type":"WebSite","@id":"https:\/\/www.eldigitaldeasturias.com\/noticias\/#website","url":"https:\/\/www.eldigitaldeasturias.com\/noticias\/","name":"El Digital de Asturias - Diario de actualidad y noticias","alternateName":"El Digital de Asturias - Diario de actualidad y noticias","description":"Hemeroteca","inLanguage":"es-ES","publisher":{"@id":"https:\/\/www.eldigitaldeasturias.com\/noticias\/#organization"}}]},"og:locale":"es_ES","og:site_name":"El Digital de Asturias","og:type":"article","og:title":"Mercedes Fern\u00e1ndez destaca el compromiso del Gobierno al impulsar la Variante de Pajares. - El Digital de Asturias","og:description":"Oviedo, 30 nov (EFE).- La presidenta del Partido Popular de Asturias, Mercedes Fern\u00e1ndez, ha destacado hoy el &quot;compromiso&quot; del Gobierno central con las infraestructuras ferroviarias que afectan al Principado, al impulsar la licitaci\u00f3n y adjudicaci\u00f3n de varios contratos para la Variante de Pajares. Ha dicho que es una &quot;extraordinaria noticia&quot; para Asturias la decisi\u00f3n del","og:url":"https:\/\/www.eldigitaldeasturias.com\/noticias\/mercedes-fernandez-destaca-el-compromiso-del-gobierno-al-impulsar-la-variante-de-pajares\/","og:image":"https:\/\/www.eldigitaldeasturias.com\/noticias\/wp-content\/uploads\/2026\/06\/Contenidos.jpg","og:image:secure_url":"https:\/\/www.eldigitaldeasturias.com\/noticias\/wp-content\/uploads\/2026\/06\/Contenidos.jpg","og:image:width":1265,"og:image:height":697,"article:tag":["actualidad asturias"],"article:published_time":"2013-11-30T18:24:22+00:00","article:modified_time":"2013-11-30T18:24:22+00:00","article:publisher":"https:\/\/facebook.com\/eldigitaldeasturias","twitter:card":"summary_large_image","twitter:title":"Mercedes Fern\u00e1ndez destaca el compromiso del Gobierno al impulsar la Variante de Pajares. - El Digital de Asturias","twitter:description":"Oviedo, 30 nov (EFE).- La presidenta del Partido Popular de Asturias, Mercedes Fern\u00e1ndez, ha destacado hoy el &quot;compromiso&quot; del Gobierno central con las infraestructuras ferroviarias que afectan al Principado, al impulsar la licitaci\u00f3n y adjudicaci\u00f3n de varios contratos para la Variante de Pajares. Ha dicho que es una &quot;extraordinaria noticia&quot; para Asturias la decisi\u00f3n del","twitter:image":"https:\/\/www.eldigitaldeasturias.com\/noticias\/wp-content\/uploads\/2026\/06\/Contenidos.jpg","twitter:label1":"Escrito por","twitter:data1":"El Digital de Asturias","twitter:label2":"Tiempo de lectura estimado","twitter:data2":"2 minutos"},"aioseo_meta_data":{"post_id":"456159","title":null,"description":null,"keywords":null,"keyphrases":null,"primary_term":null,"canonical_url":null,"og_title":null,"og_description":null,"og_object_type":"default","og_image_type":"default","og_image_url":null,"og_image_width":null,"og_image_height":null,"og_image_custom_url":null,"og_image_custom_fields":null,"og_video":null,"og_custom_url":null,"og_article_section":null,"og_article_tags":null,"twitter_use_og":true,"twitter_card":"default","twitter_image_type":"default","twitter_image_url":null,"twitter_image_custom_url":null,"twitter_image_custom_fields":null,"twitter_title":null,"twitter_description":null,"schema":{"blockGraphs":[],"customGraphs":[],"default":{"data":{"Article":[],"Course":[],"Dataset":[],"FAQPage":[],"Movie":[],"Person":[],"Product":[],"ProductReview":[],"Car":[],"Recipe":[],"Service":[],"SoftwareApplication":[],"WebPage":[]},"graphName":"","isEnabled":true},"graphs":[],"defaultGraph":"","defaultPostTypeGraph":""},"schema_type":null,"schema_type_options":null,"pillar_content":false,"robots_default":true,"robots_noindex":false,"robots_noarchive":false,"robots_nosnippet":false,"robots_nofollow":false,"robots_noimageindex":false,"robots_noodp":false,"robots_notranslate":false,"robots_max_snippet":null,"robots_max_videopreview":null,"robots_max_imagepreview":"none","priority":null,"frequency":null,"local_seo":null,"seo_analyzer_scan_date":"2026-05-29 21:01:53","breadcrumb_settings":null,"limit_modified_date":false,"open_ai":null,"ai":null,"created":"2020-11-14 22:45:28","updated":"2026-05-29 21:01:53","focus_keyword":null,"additional_keywords":null,"truseo_locale":null},"aioseo_breadcrumb":"<div class=\"aioseo-breadcrumbs\"><span class=\"aioseo-breadcrumb\">\n\t<a href=\"https:\/\/www.eldigitaldeasturias.com\/noticias\" title=\"Home\">Home<\/a>\n<\/span><span class=\"aioseo-breadcrumb-separator\">\u2013<\/span><span class=\"aioseo-breadcrumb\">\n\t<a href=\"https:\/\/www.eldigitaldeasturias.com\/noticias\/category\/actualidad-asturias\/\" title=\"Actualidad Asturias\">Actualidad Asturias<\/a>\n<\/span><span class=\"aioseo-breadcrumb-separator\">\u2013<\/span><span class=\"aioseo-breadcrumb\">\n\t<a href=\"https:\/\/www.eldigitaldeasturias.com\/noticias\/mercedes-fernandez-destaca-el-compromiso-del-gobierno-al-impulsar-la-variante-de-pajares\/\" title=\"Mercedes Fern\u00e1ndez destaca el compromiso del Gobierno al impulsar la Variante de Pajares.\">Mercedes Fern\u00e1ndez destaca el compromiso del Gobierno al impulsar la Variante de Pajares.<\/a>\n<\/span><\/div>","aioseo_breadcrumb_json":[{"label":"Home","link":"https:\/\/www.eldigitaldeasturias.com\/noticias"},{"label":"Actualidad Asturias","link":"https:\/\/www.eldigitaldeasturias.com\/noticias\/category\/actualidad-asturias\/"},{"label":"Mercedes Fern\u00e1ndez destaca el compromiso del Gobierno al impulsar la Variante de Pajares.","link":"https:\/\/www.eldigitaldeasturias.com\/noticias\/mercedes-fernandez-destaca-el-compromiso-del-gobierno-al-impulsar-la-variante-de-pajares\/"}],"_links":{"self":[{"href":"https:\/\/www.eldigitaldeasturias.com\/noticias\/wp-json\/wp\/v2\/posts\/456159","targetHints":{"allow":["GET"]}}],"collection":[{"href":"https:\/\/www.eldigitaldeasturias.com\/noticias\/wp-json\/wp\/v2\/posts"}],"about":[{"href":"https:\/\/www.eldigitaldeasturias.com\/noticias\/wp-json\/wp\/v2\/types\/post"}],"author":[{"embeddable":true,"href":"https:\/\/www.eldigitaldeasturias.com\/noticias\/wp-json\/wp\/v2\/users\/1"}],"replies":[{"embeddable":true,"href":"https:\/\/www.eldigitaldeasturias.com\/noticias\/wp-json\/wp\/v2\/comments?post=456159"}],"version-history":[{"count":0,"href":"https:\/\/www.eldigitaldeasturias.com\/noticias\/wp-json\/wp\/v2\/posts\/456159\/revisions"}],"wp:featuredmedia":[{"embeddable":true,"href":"https:\/\/www.eldigitaldeasturias.com\/noticias\/wp-json\/wp\/v2\/media\/1132184"}],"wp:attachment":[{"href":"https:\/\/www.eldigitaldeasturias.com\/noticias\/wp-json\/wp\/v2\/media?parent=456159"}],"wp:term":[{"taxonomy":"category","embeddable":true,"href":"https:\/\/www.eldigitaldeasturias.com\/noticias\/wp-json\/wp\/v2\/categories?post=456159"},{"taxonomy":"post_tag","embeddable":true,"href":"https:\/\/www.eldigitaldeasturias.com\/noticias\/wp-json\/wp\/v2\/tags?post=456159"}],"curies":[{"name":"wp","href":"https:\/\/api.w.org\/{rel}","templated":true}]}}