{"id":456155,"date":"2013-11-30T17:21:06","date_gmt":"2013-11-30T18:21:06","guid":{"rendered":"http:\/\/www.eldigitaldeasturias.com\/noticias\/?p=456155"},"modified":"2013-11-30T17:21:06","modified_gmt":"2013-11-30T18:21:06","slug":"el-modelo-aviles-para-mejorar-la-calidad-de-vida-de-las-personas-con-trastorno-mental-grave-y-sus-familias-premio-jaime-albert-solana","status":"publish","type":"post","link":"https:\/\/www.eldigitaldeasturias.com\/noticias\/el-modelo-aviles-para-mejorar-la-calidad-de-vida-de-las-personas-con-trastorno-mental-grave-y-sus-familias-premio-jaime-albert-solana\/","title":{"rendered":"El \u2018Modelo Avil\u00e9s\u2019 para mejorar la calidad de vida de las personas con trastorno mental grave y sus familias, premio Jaime Albert Solana"},"content":{"rendered":"<p><img loading=\"lazy\" decoding=\"async\" class=\"alignleft size-medium wp-image-1469\" alt=\"sanagustin\" src=\"https:\/\/www.eldigitaldeasturias.com\/noticias\/wp-content\/uploads\/2013\/09\/sanagustin-360x240.jpg\" width=\"360\" height=\"240\" \/>El jurado del Premio Jaime Albert Solana convocado por la Confederaci\u00f3n Espa\u00f1ola de Agrupaciones de Familiares y Personas con Enfermedad Mental (FEAFES) ha decidido otorgar el galard\u00f3n correspondiente a la XVI edici\u00f3n al trabajo, presentado por el Hospital San Agust\u00edn de Avil\u00e9s del Servicio de Salud del Principado de Asturias (Sespa), titulado \u201cEl modelo Avil\u00e9s para la implantaci\u00f3n del tratamiento asertivo comunitario en salud mental\u201d.<\/p>\n<p>Al premio, dotado con 6.000 euros, se han presentado m\u00e1s de 60 candidaturas centradas en proyectos, investigaciones o estudios con los que contribuir al conocimiento de la enfermedad mental de una forma positiva en los \u00e1mbitos sanitario, social, laboral o legal o en la lucha contra el estigma social que rodea a las personas con este tipo de patolog\u00edas.<\/p>\n<p>La entrega del galard\u00f3n tendr\u00e1 lugar el s\u00e1bado 14 de diciembre en la sede de la Confederaci\u00f3n en Madrid en un acto al que asistir\u00e1 la Junta Directiva de FEAFES, el Comit\u00e9 de Personas con Enfermedad Mental, los trabajadores de la Confederaci\u00f3n y algunos miembros de la familia Solana, mecenas de este Premio.<\/p>\n<p>El tribunal valora en la candidatura ganadora la aportaci\u00f3n que hace este trabajo para mejorar la calidad de vida de las personas con trastorno mental grave a trav\u00e9s de una atenci\u00f3n adecuada y enfocada a la recuperaci\u00f3n de su proyecto vital. Del trabajo presentado, el jurado destaca su papel para revitalizar la comunidad como lugar de intervenci\u00f3n en salud mental y valora que fuera reconocido por la Estrategia en Salud Mental del Sistema Nacional de Salud (2006) como un Ejemplo de Buenas Pr\u00e1cticas.<\/p>\n<p>Adem\u00e1s, destaca la propuesta de la candidatura por situar a las personas con trastorno mental en el centro de la atenci\u00f3n; por tener en cuenta de manera muy especial el impacto que el trastorno mental genera en las familias y la necesidad de que ellas tambi\u00e9n se sientan apoyadas y por haber conseguido desarrollar la experiencia de Avil\u00e9s en m\u00e1s de 30 equipos en Espa\u00f1a.<\/p>\n<p>El trabajo ganador gira en torno a la inserci\u00f3n del tratamiento asertivo comunitario en los organigramas asistenciales como unos dispositivos aut\u00f3nomos y m\u00f3viles llamados \u201cEquipos de Tratamiento Asertivo Comunitario\u201d estableciendo protocolos para la coordinaci\u00f3n de estos con el resto de dispositivos del \u00e1rea sanitaria, as\u00ed como delimitando la poblaci\u00f3n diana a la que estos equipos deben asistir.<\/p>\n<p>Seg\u00fan la candidatura ganadora, los equipos sobre los que gira este proyecto han conseguido recuperar para el tratamiento a personas con trastorno mental reacias a acudir a un consultorio, han evitado ingresos involuntarios a cargo de fuerzas de seguridad y han puesto en evidencia la inadecuaci\u00f3n de la necesidad de una regulaci\u00f3n espec\u00edfica del tratamiento ambulatorio involuntario.<\/p>\n<p>Esta estrategia desarrollada desde la experiencia pionera de tratamiento centrado en el entorno del paciente aporta una cobertura asistencial a las personas con los trastornos mentales m\u00e1s graves que han mejorado el tratamiento y la continuidad asistencial, consiguiendo tambi\u00e9n un incremento claro en el nivel de satisfacci\u00f3n de pacientes, familiares y profesionales. Estos abordajes han puesto en evidencia, as\u00ed mismo, la inadecuaci\u00f3n de la necesidad de una regulaci\u00f3n espec\u00edfica para el tratamiento ambulatorio no voluntario.<\/p>\n<p>La experiencia pionera de tratamiento centrado en el entorno del paciente se llev\u00f3 a cabo por primera vez en el a\u00f1o 1999 y posteriormente en el \u00c1rea IV, y complementa a los dem\u00e1s recursos del \u00c1rea III dedicados a la atenci\u00f3n de personas con trastornos graves y a los equipos de atenci\u00f3n integral que se han desarrollado en otras \u00e1reas sanitarias de Asturias siguiendo los criterios del Programa de Atenci\u00f3n a Personas con Trastorno Mental Severo.<\/p>\n<p>FEAFES es una entidad sin \u00e1nimo de lucro y de inter\u00e9s social que naci\u00f3 en 1983. Integra a 19 federaciones y asociaciones uniprovinciales, reuniendo a 288 entidades y cuenta con m\u00e1s de 45.000 socios en todo el territorio nacional. La Confederaci\u00f3n FEAFES tiene como misi\u00f3n la mejora de la calidad de vida de las personas con enfermedad mental y sus familias, la defensa de sus derechos y la representaci\u00f3n del movimiento asociativo.<\/p>\n","protected":false},"excerpt":{"rendered":"<p>El jurado del Premio Jaime Albert Solana convocado por la Confederaci\u00f3n Espa\u00f1ola de Agrupaciones de Familiares y Personas con Enfermedad Mental (FEAFES) ha decidido otorgar el galard\u00f3n correspondiente a la XVI edici\u00f3n al trabajo, presentado por el Hospital San Agust\u00edn de Avil\u00e9s del Servicio de Salud del Principado de Asturias (Sespa), titulado \u201cEl modelo Avil\u00e9s [&hellip;]<\/p>\n","protected":false},"author":1,"featured_media":1132184,"comment_status":"closed","ping_status":"open","sticky":false,"template":"","format":"standard","meta":{"footnotes":""},"categories":[12],"tags":[],"class_list":["post-456155","post","type-post","status-publish","format-standard","has-post-thumbnail","hentry","category-actualidad-asturias"],"aioseo_notices":[],"aioseo_head":"\n\t\t<!-- All in One SEO Pro 5.0.1 - aioseo.com -->\n\t<meta name=\"description\" content=\"El jurado del Premio Jaime Albert Solana convocado por la Confederaci\u00f3n Espa\u00f1ola de Agrupaciones de Familiares y Personas con Enfermedad Mental (FEAFES) ha decidido otorgar el galard\u00f3n correspondiente a la XVI edici\u00f3n al trabajo, presentado por el Hospital San Agust\u00edn de Avil\u00e9s del Servicio de Salud del Principado de Asturias (Sespa), titulado \u201cEl modelo Avil\u00e9s\" \/>\n\t<meta name=\"robots\" content=\"max-image-preview:large\" \/>\n\t<meta name=\"author\" content=\"El Digital de Asturias\"\/>\n\t<meta name=\"google-site-verification\" content=\"UA-38556648-1\" \/>\n\t<meta name=\"msvalidate.01\" content=\"7dfe9f3f1b24437ab69f4f2559babe99\" \/>\n\t<meta name=\"keywords\" content=\"actualidad asturias\" \/>\n\t<link rel=\"canonical\" href=\"https:\/\/www.eldigitaldeasturias.com\/noticias\/el-modelo-aviles-para-mejorar-la-calidad-de-vida-de-las-personas-con-trastorno-mental-grave-y-sus-familias-premio-jaime-albert-solana\/\" \/>\n\t<meta name=\"generator\" content=\"All in One SEO Pro (AIOSEO) 5.0.1\" \/>\n\t\t<meta property=\"og:locale\" content=\"es_ES\" \/>\n\t\t<meta property=\"og:site_name\" content=\"El Digital de Asturias\" \/>\n\t\t<meta property=\"og:type\" content=\"article\" \/>\n\t\t<meta property=\"og:title\" content=\"El \u2018Modelo Avil\u00e9s\u2019 para mejorar la calidad de vida de las personas con trastorno mental grave y sus familias, premio Jaime Albert Solana - El Digital de Asturias\" \/>\n\t\t<meta property=\"og:description\" content=\"El jurado del Premio Jaime Albert Solana convocado por la Confederaci\u00f3n Espa\u00f1ola de Agrupaciones de Familiares y Personas con Enfermedad Mental (FEAFES) ha decidido otorgar el galard\u00f3n correspondiente a la XVI edici\u00f3n al trabajo, presentado por el Hospital San Agust\u00edn de Avil\u00e9s del Servicio de Salud del Principado de Asturias (Sespa), titulado \u201cEl modelo Avil\u00e9s\" \/>\n\t\t<meta property=\"og:url\" content=\"https:\/\/www.eldigitaldeasturias.com\/noticias\/el-modelo-aviles-para-mejorar-la-calidad-de-vida-de-las-personas-con-trastorno-mental-grave-y-sus-familias-premio-jaime-albert-solana\/\" \/>\n\t\t<meta property=\"og:image\" content=\"https:\/\/www.eldigitaldeasturias.com\/noticias\/wp-content\/uploads\/2026\/06\/Contenidos.jpg\" \/>\n\t\t<meta property=\"og:image:secure_url\" content=\"https:\/\/www.eldigitaldeasturias.com\/noticias\/wp-content\/uploads\/2026\/06\/Contenidos.jpg\" \/>\n\t\t<meta property=\"og:image:width\" content=\"1265\" \/>\n\t\t<meta property=\"og:image:height\" content=\"697\" \/>\n\t\t<meta property=\"article:tag\" content=\"actualidad asturias\" \/>\n\t\t<meta property=\"article:published_time\" content=\"2013-11-30T18:21:06+00:00\" \/>\n\t\t<meta property=\"article:modified_time\" content=\"2013-11-30T18:21:06+00:00\" \/>\n\t\t<meta property=\"article:publisher\" content=\"https:\/\/facebook.com\/eldigitaldeasturias\" \/>\n\t\t<meta name=\"twitter:card\" content=\"summary_large_image\" \/>\n\t\t<meta name=\"twitter:title\" content=\"El \u2018Modelo Avil\u00e9s\u2019 para mejorar la calidad de vida de las personas con trastorno mental grave y sus familias, premio Jaime Albert Solana - El Digital de Asturias\" \/>\n\t\t<meta name=\"twitter:description\" content=\"El jurado del Premio Jaime Albert Solana convocado por la Confederaci\u00f3n Espa\u00f1ola de Agrupaciones de Familiares y Personas con Enfermedad Mental (FEAFES) ha decidido otorgar el galard\u00f3n correspondiente a la XVI edici\u00f3n al trabajo, presentado por el Hospital San Agust\u00edn de Avil\u00e9s del Servicio de Salud del Principado de Asturias (Sespa), titulado \u201cEl modelo Avil\u00e9s\" \/>\n\t\t<meta name=\"twitter:image\" content=\"https:\/\/www.eldigitaldeasturias.com\/noticias\/wp-content\/uploads\/2026\/06\/Contenidos.jpg\" \/>\n\t\t<meta name=\"twitter:label1\" content=\"Escrito por\" \/>\n\t\t<meta name=\"twitter:data1\" content=\"El Digital de Asturias\" \/>\n\t\t<meta name=\"twitter:label2\" content=\"Tiempo de lectura estimado\" \/>\n\t\t<meta name=\"twitter:data2\" content=\"4 minutos\" \/>\n\t\t<script type=\"application\/ld+json\" class=\"aioseo-schema\">\n\t\t\t{\"@context\":\"https:\\\/\\\/schema.org\",\"@graph\":[{\"@type\":\"BlogPosting\",\"@id\":\"https:\\\/\\\/www.eldigitaldeasturias.com\\\/noticias\\\/el-modelo-aviles-para-mejorar-la-calidad-de-vida-de-las-personas-con-trastorno-mental-grave-y-sus-familias-premio-jaime-albert-solana\\\/#blogposting\",\"name\":\"El \\u2018Modelo Avil\\u00e9s\\u2019 para mejorar la calidad de vida de las personas con trastorno mental grave y sus familias, premio Jaime Albert Solana - El Digital de Asturias\",\"headline\":\"El \\u2018Modelo Avil\\u00e9s\\u2019 para mejorar la calidad de vida de las personas con trastorno mental grave y sus familias, premio Jaime Albert Solana\",\"author\":{\"@id\":\"https:\\\/\\\/www.eldigitaldeasturias.com\\\/noticias\\\/author\\\/admin\\\/#author\"},\"publisher\":{\"@id\":\"https:\\\/\\\/www.eldigitaldeasturias.com\\\/noticias\\\/#organization\"},\"image\":{\"@type\":\"ImageObject\",\"url\":\"https:\\\/\\\/www.eldigitaldeasturias.com\\\/noticias\\\/wp-content\\\/uploads\\\/2026\\\/06\\\/Contenidos.jpg\",\"width\":1265,\"height\":697,\"caption\":\"Contenidos\"},\"datePublished\":\"2013-11-30T17:21:06+01:00\",\"dateModified\":\"2013-11-30T17:21:06+01:00\",\"inLanguage\":\"es-ES\",\"mainEntityOfPage\":{\"@id\":\"https:\\\/\\\/www.eldigitaldeasturias.com\\\/noticias\\\/el-modelo-aviles-para-mejorar-la-calidad-de-vida-de-las-personas-con-trastorno-mental-grave-y-sus-familias-premio-jaime-albert-solana\\\/#webpage\"},\"isPartOf\":{\"@id\":\"https:\\\/\\\/www.eldigitaldeasturias.com\\\/noticias\\\/el-modelo-aviles-para-mejorar-la-calidad-de-vida-de-las-personas-con-trastorno-mental-grave-y-sus-familias-premio-jaime-albert-solana\\\/#webpage\"},\"articleSection\":\"Actualidad Asturias\"},{\"@type\":\"BreadcrumbList\",\"@id\":\"https:\\\/\\\/www.eldigitaldeasturias.com\\\/noticias\\\/el-modelo-aviles-para-mejorar-la-calidad-de-vida-de-las-personas-con-trastorno-mental-grave-y-sus-familias-premio-jaime-albert-solana\\\/#breadcrumblist\",\"itemListElement\":[{\"@type\":\"ListItem\",\"@id\":\"https:\\\/\\\/www.eldigitaldeasturias.com\\\/noticias#listItem\",\"position\":1,\"name\":\"Home\",\"item\":\"https:\\\/\\\/www.eldigitaldeasturias.com\\\/noticias\",\"nextItem\":{\"@type\":\"ListItem\",\"@id\":\"https:\\\/\\\/www.eldigitaldeasturias.com\\\/noticias\\\/category\\\/actualidad-asturias\\\/#listItem\",\"name\":\"Actualidad Asturias\"}},{\"@type\":\"ListItem\",\"@id\":\"https:\\\/\\\/www.eldigitaldeasturias.com\\\/noticias\\\/category\\\/actualidad-asturias\\\/#listItem\",\"position\":2,\"name\":\"Actualidad Asturias\",\"item\":\"https:\\\/\\\/www.eldigitaldeasturias.com\\\/noticias\\\/category\\\/actualidad-asturias\\\/\",\"nextItem\":{\"@type\":\"ListItem\",\"@id\":\"https:\\\/\\\/www.eldigitaldeasturias.com\\\/noticias\\\/el-modelo-aviles-para-mejorar-la-calidad-de-vida-de-las-personas-con-trastorno-mental-grave-y-sus-familias-premio-jaime-albert-solana\\\/#listItem\",\"name\":\"El \\u2018Modelo Avil\\u00e9s\\u2019 para mejorar la calidad de vida de las personas con trastorno mental grave y sus familias, premio Jaime Albert Solana\"},\"previousItem\":{\"@type\":\"ListItem\",\"@id\":\"https:\\\/\\\/www.eldigitaldeasturias.com\\\/noticias#listItem\",\"name\":\"Home\"}},{\"@type\":\"ListItem\",\"@id\":\"https:\\\/\\\/www.eldigitaldeasturias.com\\\/noticias\\\/el-modelo-aviles-para-mejorar-la-calidad-de-vida-de-las-personas-con-trastorno-mental-grave-y-sus-familias-premio-jaime-albert-solana\\\/#listItem\",\"position\":3,\"name\":\"El \\u2018Modelo Avil\\u00e9s\\u2019 para mejorar la calidad de vida de las personas con trastorno mental grave y sus familias, premio Jaime Albert Solana\",\"previousItem\":{\"@type\":\"ListItem\",\"@id\":\"https:\\\/\\\/www.eldigitaldeasturias.com\\\/noticias\\\/category\\\/actualidad-asturias\\\/#listItem\",\"name\":\"Actualidad Asturias\"}}]},{\"@type\":\"Organization\",\"@id\":\"https:\\\/\\\/www.eldigitaldeasturias.com\\\/noticias\\\/#organization\",\"name\":\"El Digital de Asturias\",\"description\":\"Hemeroteca\",\"url\":\"https:\\\/\\\/www.eldigitaldeasturias.com\\\/noticias\\\/\",\"email\":\"info@eldigitaldeasturias.com\",\"telephone\":\"+34652131393\",\"logo\":{\"@type\":\"ImageObject\",\"url\":\"https:\\\/\\\/www.eldigitaldeasturias.com\\\/noticias\\\/wp-content\\\/uploads\\\/2020\\\/12\\\/EDA.jpg\",\"@id\":\"https:\\\/\\\/www.eldigitaldeasturias.com\\\/noticias\\\/el-modelo-aviles-para-mejorar-la-calidad-de-vida-de-las-personas-con-trastorno-mental-grave-y-sus-familias-premio-jaime-albert-solana\\\/#organizationLogo\"},\"image\":{\"@id\":\"https:\\\/\\\/www.eldigitaldeasturias.com\\\/noticias\\\/el-modelo-aviles-para-mejorar-la-calidad-de-vida-de-las-personas-con-trastorno-mental-grave-y-sus-familias-premio-jaime-albert-solana\\\/#organizationLogo\"},\"sameAs\":[\"https:\\\/\\\/facebook.com\\\/eldigitaldeasturias\",\"https:\\\/\\\/www.youtube.com\\\/channel\\\/UCZP-2wLEB9Rv6erhFmqVnvg\"],\"address\":{\"@id\":\"https:\\\/\\\/www.eldigitaldeasturias.com\\\/noticias\\\/#postaladdress\",\"@type\":\"PostalAddress\",\"streetAddress\":\"san antonio 4\",\"postalCode\":\"33430\",\"addressLocality\":\"Cand\\u00e1s\",\"addressRegion\":\"Asturias\",\"addressCountry\":\"ES\"}},{\"@type\":\"Person\",\"@id\":\"https:\\\/\\\/www.eldigitaldeasturias.com\\\/noticias\\\/author\\\/admin\\\/#author\",\"url\":\"https:\\\/\\\/www.eldigitaldeasturias.com\\\/noticias\\\/author\\\/admin\\\/\",\"name\":\"El Digital de Asturias\",\"image\":{\"@type\":\"ImageObject\",\"@id\":\"https:\\\/\\\/www.eldigitaldeasturias.com\\\/noticias\\\/el-modelo-aviles-para-mejorar-la-calidad-de-vida-de-las-personas-con-trastorno-mental-grave-y-sus-familias-premio-jaime-albert-solana\\\/#authorImage\",\"url\":\"https:\\\/\\\/secure.gravatar.com\\\/avatar\\\/df2aeffc32bcd13f8d26072ef8a91b623d677766deac7f97ca815868cd41bf5e?s=96&d=mm&r=g\",\"width\":96,\"height\":96,\"caption\":\"El Digital de Asturias\"}},{\"@type\":\"WebPage\",\"@id\":\"https:\\\/\\\/www.eldigitaldeasturias.com\\\/noticias\\\/el-modelo-aviles-para-mejorar-la-calidad-de-vida-de-las-personas-con-trastorno-mental-grave-y-sus-familias-premio-jaime-albert-solana\\\/#webpage\",\"url\":\"https:\\\/\\\/www.eldigitaldeasturias.com\\\/noticias\\\/el-modelo-aviles-para-mejorar-la-calidad-de-vida-de-las-personas-con-trastorno-mental-grave-y-sus-familias-premio-jaime-albert-solana\\\/\",\"name\":\"El \\u2018Modelo Avil\\u00e9s\\u2019 para mejorar la calidad de vida de las personas con trastorno mental grave y sus familias, premio Jaime Albert Solana - El Digital de Asturias\",\"description\":\"El jurado del Premio Jaime Albert Solana convocado por la Confederaci\\u00f3n Espa\\u00f1ola de Agrupaciones de Familiares y Personas con Enfermedad Mental (FEAFES) ha decidido otorgar el galard\\u00f3n correspondiente a la XVI edici\\u00f3n al trabajo, presentado por el Hospital San Agust\\u00edn de Avil\\u00e9s del Servicio de Salud del Principado de Asturias (Sespa), titulado \\u201cEl modelo Avil\\u00e9s\",\"inLanguage\":\"es-ES\",\"isPartOf\":{\"@id\":\"https:\\\/\\\/www.eldigitaldeasturias.com\\\/noticias\\\/#website\"},\"breadcrumb\":{\"@id\":\"https:\\\/\\\/www.eldigitaldeasturias.com\\\/noticias\\\/el-modelo-aviles-para-mejorar-la-calidad-de-vida-de-las-personas-con-trastorno-mental-grave-y-sus-familias-premio-jaime-albert-solana\\\/#breadcrumblist\"},\"author\":{\"@id\":\"https:\\\/\\\/www.eldigitaldeasturias.com\\\/noticias\\\/author\\\/admin\\\/#author\"},\"creator\":{\"@id\":\"https:\\\/\\\/www.eldigitaldeasturias.com\\\/noticias\\\/author\\\/admin\\\/#author\"},\"image\":{\"@type\":\"ImageObject\",\"url\":\"https:\\\/\\\/www.eldigitaldeasturias.com\\\/noticias\\\/wp-content\\\/uploads\\\/2026\\\/06\\\/Contenidos.jpg\",\"@id\":\"https:\\\/\\\/www.eldigitaldeasturias.com\\\/noticias\\\/el-modelo-aviles-para-mejorar-la-calidad-de-vida-de-las-personas-con-trastorno-mental-grave-y-sus-familias-premio-jaime-albert-solana\\\/#mainImage\",\"width\":1265,\"height\":697,\"caption\":\"Contenidos\"},\"primaryImageOfPage\":{\"@id\":\"https:\\\/\\\/www.eldigitaldeasturias.com\\\/noticias\\\/el-modelo-aviles-para-mejorar-la-calidad-de-vida-de-las-personas-con-trastorno-mental-grave-y-sus-familias-premio-jaime-albert-solana\\\/#mainImage\"},\"datePublished\":\"2013-11-30T17:21:06+01:00\",\"dateModified\":\"2013-11-30T17:21:06+01:00\"},{\"@type\":\"WebSite\",\"@id\":\"https:\\\/\\\/www.eldigitaldeasturias.com\\\/noticias\\\/#website\",\"url\":\"https:\\\/\\\/www.eldigitaldeasturias.com\\\/noticias\\\/\",\"name\":\"El Digital de Asturias - Diario de actualidad y noticias\",\"alternateName\":\"El Digital de Asturias - Diario de actualidad y noticias\",\"description\":\"Hemeroteca\",\"inLanguage\":\"es-ES\",\"publisher\":{\"@id\":\"https:\\\/\\\/www.eldigitaldeasturias.com\\\/noticias\\\/#organization\"}}]}\n\t\t<\/script>\n\t\t<!-- All in One SEO Pro -->\r\n\t\t<title>El \u2018Modelo Avil\u00e9s\u2019 para mejorar la calidad de vida de las personas con trastorno mental grave y sus familias, premio Jaime Albert Solana - El Digital de Asturias<\/title>\n\n","aioseo_head_json":{"title":"El \u2018Modelo Avil\u00e9s\u2019 para mejorar la calidad de vida de las personas con trastorno mental grave y sus familias, premio Jaime Albert Solana - El Digital de Asturias","description":"El jurado del Premio Jaime Albert Solana convocado por la Confederaci\u00f3n Espa\u00f1ola de Agrupaciones de Familiares y Personas con Enfermedad Mental (FEAFES) ha decidido otorgar el galard\u00f3n correspondiente a la XVI edici\u00f3n al trabajo, presentado por el Hospital San Agust\u00edn de Avil\u00e9s del Servicio de Salud del Principado de Asturias (Sespa), titulado \u201cEl modelo Avil\u00e9s","canonical_url":"https:\/\/www.eldigitaldeasturias.com\/noticias\/el-modelo-aviles-para-mejorar-la-calidad-de-vida-de-las-personas-con-trastorno-mental-grave-y-sus-familias-premio-jaime-albert-solana\/","robots":"max-image-preview:large","keywords":"actualidad asturias","webmasterTools":{"google-site-verification":"UA-38556648-1","msvalidate.01":"7dfe9f3f1b24437ab69f4f2559babe99","miscellaneous":""},"schema":{"@context":"https:\/\/schema.org","@graph":[{"@type":"BlogPosting","@id":"https:\/\/www.eldigitaldeasturias.com\/noticias\/el-modelo-aviles-para-mejorar-la-calidad-de-vida-de-las-personas-con-trastorno-mental-grave-y-sus-familias-premio-jaime-albert-solana\/#blogposting","name":"El \u2018Modelo Avil\u00e9s\u2019 para mejorar la calidad de vida de las personas con trastorno mental grave y sus familias, premio Jaime Albert Solana - El Digital de Asturias","headline":"El \u2018Modelo Avil\u00e9s\u2019 para mejorar la calidad de vida de las personas con trastorno mental grave y sus familias, premio Jaime Albert Solana","author":{"@id":"https:\/\/www.eldigitaldeasturias.com\/noticias\/author\/admin\/#author"},"publisher":{"@id":"https:\/\/www.eldigitaldeasturias.com\/noticias\/#organization"},"image":{"@type":"ImageObject","url":"https:\/\/www.eldigitaldeasturias.com\/noticias\/wp-content\/uploads\/2026\/06\/Contenidos.jpg","width":1265,"height":697,"caption":"Contenidos"},"datePublished":"2013-11-30T17:21:06+01:00","dateModified":"2013-11-30T17:21:06+01:00","inLanguage":"es-ES","mainEntityOfPage":{"@id":"https:\/\/www.eldigitaldeasturias.com\/noticias\/el-modelo-aviles-para-mejorar-la-calidad-de-vida-de-las-personas-con-trastorno-mental-grave-y-sus-familias-premio-jaime-albert-solana\/#webpage"},"isPartOf":{"@id":"https:\/\/www.eldigitaldeasturias.com\/noticias\/el-modelo-aviles-para-mejorar-la-calidad-de-vida-de-las-personas-con-trastorno-mental-grave-y-sus-familias-premio-jaime-albert-solana\/#webpage"},"articleSection":"Actualidad Asturias"},{"@type":"BreadcrumbList","@id":"https:\/\/www.eldigitaldeasturias.com\/noticias\/el-modelo-aviles-para-mejorar-la-calidad-de-vida-de-las-personas-con-trastorno-mental-grave-y-sus-familias-premio-jaime-albert-solana\/#breadcrumblist","itemListElement":[{"@type":"ListItem","@id":"https:\/\/www.eldigitaldeasturias.com\/noticias#listItem","position":1,"name":"Home","item":"https:\/\/www.eldigitaldeasturias.com\/noticias","nextItem":{"@type":"ListItem","@id":"https:\/\/www.eldigitaldeasturias.com\/noticias\/category\/actualidad-asturias\/#listItem","name":"Actualidad Asturias"}},{"@type":"ListItem","@id":"https:\/\/www.eldigitaldeasturias.com\/noticias\/category\/actualidad-asturias\/#listItem","position":2,"name":"Actualidad Asturias","item":"https:\/\/www.eldigitaldeasturias.com\/noticias\/category\/actualidad-asturias\/","nextItem":{"@type":"ListItem","@id":"https:\/\/www.eldigitaldeasturias.com\/noticias\/el-modelo-aviles-para-mejorar-la-calidad-de-vida-de-las-personas-con-trastorno-mental-grave-y-sus-familias-premio-jaime-albert-solana\/#listItem","name":"El \u2018Modelo Avil\u00e9s\u2019 para mejorar la calidad de vida de las personas con trastorno mental grave y sus familias, premio Jaime Albert Solana"},"previousItem":{"@type":"ListItem","@id":"https:\/\/www.eldigitaldeasturias.com\/noticias#listItem","name":"Home"}},{"@type":"ListItem","@id":"https:\/\/www.eldigitaldeasturias.com\/noticias\/el-modelo-aviles-para-mejorar-la-calidad-de-vida-de-las-personas-con-trastorno-mental-grave-y-sus-familias-premio-jaime-albert-solana\/#listItem","position":3,"name":"El \u2018Modelo Avil\u00e9s\u2019 para mejorar la calidad de vida de las personas con trastorno mental grave y sus familias, premio Jaime Albert Solana","previousItem":{"@type":"ListItem","@id":"https:\/\/www.eldigitaldeasturias.com\/noticias\/category\/actualidad-asturias\/#listItem","name":"Actualidad Asturias"}}]},{"@type":"Organization","@id":"https:\/\/www.eldigitaldeasturias.com\/noticias\/#organization","name":"El Digital de Asturias","description":"Hemeroteca","url":"https:\/\/www.eldigitaldeasturias.com\/noticias\/","email":"info@eldigitaldeasturias.com","telephone":"+34652131393","logo":{"@type":"ImageObject","url":"https:\/\/www.eldigitaldeasturias.com\/noticias\/wp-content\/uploads\/2020\/12\/EDA.jpg","@id":"https:\/\/www.eldigitaldeasturias.com\/noticias\/el-modelo-aviles-para-mejorar-la-calidad-de-vida-de-las-personas-con-trastorno-mental-grave-y-sus-familias-premio-jaime-albert-solana\/#organizationLogo"},"image":{"@id":"https:\/\/www.eldigitaldeasturias.com\/noticias\/el-modelo-aviles-para-mejorar-la-calidad-de-vida-de-las-personas-con-trastorno-mental-grave-y-sus-familias-premio-jaime-albert-solana\/#organizationLogo"},"sameAs":["https:\/\/facebook.com\/eldigitaldeasturias","https:\/\/www.youtube.com\/channel\/UCZP-2wLEB9Rv6erhFmqVnvg"],"address":{"@id":"https:\/\/www.eldigitaldeasturias.com\/noticias\/#postaladdress","@type":"PostalAddress","streetAddress":"san antonio 4","postalCode":"33430","addressLocality":"Cand\u00e1s","addressRegion":"Asturias","addressCountry":"ES"}},{"@type":"Person","@id":"https:\/\/www.eldigitaldeasturias.com\/noticias\/author\/admin\/#author","url":"https:\/\/www.eldigitaldeasturias.com\/noticias\/author\/admin\/","name":"El Digital de Asturias","image":{"@type":"ImageObject","@id":"https:\/\/www.eldigitaldeasturias.com\/noticias\/el-modelo-aviles-para-mejorar-la-calidad-de-vida-de-las-personas-con-trastorno-mental-grave-y-sus-familias-premio-jaime-albert-solana\/#authorImage","url":"https:\/\/secure.gravatar.com\/avatar\/df2aeffc32bcd13f8d26072ef8a91b623d677766deac7f97ca815868cd41bf5e?s=96&d=mm&r=g","width":96,"height":96,"caption":"El Digital de Asturias"}},{"@type":"WebPage","@id":"https:\/\/www.eldigitaldeasturias.com\/noticias\/el-modelo-aviles-para-mejorar-la-calidad-de-vida-de-las-personas-con-trastorno-mental-grave-y-sus-familias-premio-jaime-albert-solana\/#webpage","url":"https:\/\/www.eldigitaldeasturias.com\/noticias\/el-modelo-aviles-para-mejorar-la-calidad-de-vida-de-las-personas-con-trastorno-mental-grave-y-sus-familias-premio-jaime-albert-solana\/","name":"El \u2018Modelo Avil\u00e9s\u2019 para mejorar la calidad de vida de las personas con trastorno mental grave y sus familias, premio Jaime Albert Solana - El Digital de Asturias","description":"El jurado del Premio Jaime Albert Solana convocado por la Confederaci\u00f3n Espa\u00f1ola de Agrupaciones de Familiares y Personas con Enfermedad Mental (FEAFES) ha decidido otorgar el galard\u00f3n correspondiente a la XVI edici\u00f3n al trabajo, presentado por el Hospital San Agust\u00edn de Avil\u00e9s del Servicio de Salud del Principado de Asturias (Sespa), titulado \u201cEl modelo Avil\u00e9s","inLanguage":"es-ES","isPartOf":{"@id":"https:\/\/www.eldigitaldeasturias.com\/noticias\/#website"},"breadcrumb":{"@id":"https:\/\/www.eldigitaldeasturias.com\/noticias\/el-modelo-aviles-para-mejorar-la-calidad-de-vida-de-las-personas-con-trastorno-mental-grave-y-sus-familias-premio-jaime-albert-solana\/#breadcrumblist"},"author":{"@id":"https:\/\/www.eldigitaldeasturias.com\/noticias\/author\/admin\/#author"},"creator":{"@id":"https:\/\/www.eldigitaldeasturias.com\/noticias\/author\/admin\/#author"},"image":{"@type":"ImageObject","url":"https:\/\/www.eldigitaldeasturias.com\/noticias\/wp-content\/uploads\/2026\/06\/Contenidos.jpg","@id":"https:\/\/www.eldigitaldeasturias.com\/noticias\/el-modelo-aviles-para-mejorar-la-calidad-de-vida-de-las-personas-con-trastorno-mental-grave-y-sus-familias-premio-jaime-albert-solana\/#mainImage","width":1265,"height":697,"caption":"Contenidos"},"primaryImageOfPage":{"@id":"https:\/\/www.eldigitaldeasturias.com\/noticias\/el-modelo-aviles-para-mejorar-la-calidad-de-vida-de-las-personas-con-trastorno-mental-grave-y-sus-familias-premio-jaime-albert-solana\/#mainImage"},"datePublished":"2013-11-30T17:21:06+01:00","dateModified":"2013-11-30T17:21:06+01:00"},{"@type":"WebSite","@id":"https:\/\/www.eldigitaldeasturias.com\/noticias\/#website","url":"https:\/\/www.eldigitaldeasturias.com\/noticias\/","name":"El Digital de Asturias - Diario de actualidad y noticias","alternateName":"El Digital de Asturias - Diario de actualidad y noticias","description":"Hemeroteca","inLanguage":"es-ES","publisher":{"@id":"https:\/\/www.eldigitaldeasturias.com\/noticias\/#organization"}}]},"og:locale":"es_ES","og:site_name":"El Digital de Asturias","og:type":"article","og:title":"El \u2018Modelo Avil\u00e9s\u2019 para mejorar la calidad de vida de las personas con trastorno mental grave y sus familias, premio Jaime Albert Solana - El Digital de Asturias","og:description":"El jurado del Premio Jaime Albert Solana convocado por la Confederaci\u00f3n Espa\u00f1ola de Agrupaciones de Familiares y Personas con Enfermedad Mental (FEAFES) ha decidido otorgar el galard\u00f3n correspondiente a la XVI edici\u00f3n al trabajo, presentado por el Hospital San Agust\u00edn de Avil\u00e9s del Servicio de Salud del Principado de Asturias (Sespa), titulado \u201cEl modelo Avil\u00e9s","og:url":"https:\/\/www.eldigitaldeasturias.com\/noticias\/el-modelo-aviles-para-mejorar-la-calidad-de-vida-de-las-personas-con-trastorno-mental-grave-y-sus-familias-premio-jaime-albert-solana\/","og:image":"https:\/\/www.eldigitaldeasturias.com\/noticias\/wp-content\/uploads\/2026\/06\/Contenidos.jpg","og:image:secure_url":"https:\/\/www.eldigitaldeasturias.com\/noticias\/wp-content\/uploads\/2026\/06\/Contenidos.jpg","og:image:width":1265,"og:image:height":697,"article:tag":["actualidad asturias"],"article:published_time":"2013-11-30T18:21:06+00:00","article:modified_time":"2013-11-30T18:21:06+00:00","article:publisher":"https:\/\/facebook.com\/eldigitaldeasturias","twitter:card":"summary_large_image","twitter:title":"El \u2018Modelo Avil\u00e9s\u2019 para mejorar la calidad de vida de las personas con trastorno mental grave y sus familias, premio Jaime Albert Solana - El Digital de Asturias","twitter:description":"El jurado del Premio Jaime Albert Solana convocado por la Confederaci\u00f3n Espa\u00f1ola de Agrupaciones de Familiares y Personas con Enfermedad Mental (FEAFES) ha decidido otorgar el galard\u00f3n correspondiente a la XVI edici\u00f3n al trabajo, presentado por el Hospital San Agust\u00edn de Avil\u00e9s del Servicio de Salud del Principado de Asturias (Sespa), titulado \u201cEl modelo Avil\u00e9s","twitter:image":"https:\/\/www.eldigitaldeasturias.com\/noticias\/wp-content\/uploads\/2026\/06\/Contenidos.jpg","twitter:label1":"Escrito por","twitter:data1":"El Digital de Asturias","twitter:label2":"Tiempo de lectura estimado","twitter:data2":"4 minutos"},"aioseo_meta_data":{"post_id":"456155","title":null,"description":null,"keywords":null,"keyphrases":null,"primary_term":null,"canonical_url":null,"og_title":null,"og_description":null,"og_object_type":"default","og_image_type":"default","og_image_url":null,"og_image_width":null,"og_image_height":null,"og_image_custom_url":null,"og_image_custom_fields":null,"og_video":null,"og_custom_url":null,"og_article_section":null,"og_article_tags":null,"twitter_use_og":true,"twitter_card":"default","twitter_image_type":"default","twitter_image_url":null,"twitter_image_custom_url":null,"twitter_image_custom_fields":null,"twitter_title":null,"twitter_description":null,"schema":{"blockGraphs":[],"customGraphs":[],"default":{"data":{"Article":[],"Course":[],"Dataset":[],"FAQPage":[],"Movie":[],"Person":[],"Product":[],"ProductReview":[],"Car":[],"Recipe":[],"Service":[],"SoftwareApplication":[],"WebPage":[]},"graphName":"","isEnabled":true},"graphs":[],"defaultGraph":"","defaultPostTypeGraph":""},"schema_type":null,"schema_type_options":null,"pillar_content":false,"robots_default":true,"robots_noindex":false,"robots_noarchive":false,"robots_nosnippet":false,"robots_nofollow":false,"robots_noimageindex":false,"robots_noodp":false,"robots_notranslate":false,"robots_max_snippet":null,"robots_max_videopreview":null,"robots_max_imagepreview":"none","priority":null,"frequency":null,"local_seo":null,"seo_analyzer_scan_date":"2026-05-29 20:59:15","breadcrumb_settings":null,"limit_modified_date":false,"open_ai":null,"ai":null,"created":"2020-11-14 22:45:28","updated":"2026-05-29 20:59:15","focus_keyword":null,"additional_keywords":null,"truseo_locale":null},"aioseo_breadcrumb":"<div class=\"aioseo-breadcrumbs\"><span class=\"aioseo-breadcrumb\">\n\t<a href=\"https:\/\/www.eldigitaldeasturias.com\/noticias\" title=\"Home\">Home<\/a>\n<\/span><span class=\"aioseo-breadcrumb-separator\">\u2013<\/span><span class=\"aioseo-breadcrumb\">\n\t<a href=\"https:\/\/www.eldigitaldeasturias.com\/noticias\/category\/actualidad-asturias\/\" title=\"Actualidad Asturias\">Actualidad Asturias<\/a>\n<\/span><span class=\"aioseo-breadcrumb-separator\">\u2013<\/span><span class=\"aioseo-breadcrumb\">\n\t<a href=\"https:\/\/www.eldigitaldeasturias.com\/noticias\/el-modelo-aviles-para-mejorar-la-calidad-de-vida-de-las-personas-con-trastorno-mental-grave-y-sus-familias-premio-jaime-albert-solana\/\" title=\"El \u2018Modelo Avil\u00e9s\u2019 para mejorar la calidad de vida de las personas con trastorno mental grave y sus familias, premio Jaime Albert Solana\">El \u2018Modelo Avil\u00e9s\u2019 para mejorar la calidad de vida de las personas con trastorno mental grave y sus familias, premio Jaime Albert Solana<\/a>\n<\/span><\/div>","aioseo_breadcrumb_json":[{"label":"Home","link":"https:\/\/www.eldigitaldeasturias.com\/noticias"},{"label":"Actualidad Asturias","link":"https:\/\/www.eldigitaldeasturias.com\/noticias\/category\/actualidad-asturias\/"},{"label":"El \u2018Modelo Avil\u00e9s\u2019 para mejorar la calidad de vida de las personas con trastorno mental grave y sus familias, premio Jaime Albert Solana","link":"https:\/\/www.eldigitaldeasturias.com\/noticias\/el-modelo-aviles-para-mejorar-la-calidad-de-vida-de-las-personas-con-trastorno-mental-grave-y-sus-familias-premio-jaime-albert-solana\/"}],"_links":{"self":[{"href":"https:\/\/www.eldigitaldeasturias.com\/noticias\/wp-json\/wp\/v2\/posts\/456155","targetHints":{"allow":["GET"]}}],"collection":[{"href":"https:\/\/www.eldigitaldeasturias.com\/noticias\/wp-json\/wp\/v2\/posts"}],"about":[{"href":"https:\/\/www.eldigitaldeasturias.com\/noticias\/wp-json\/wp\/v2\/types\/post"}],"author":[{"embeddable":true,"href":"https:\/\/www.eldigitaldeasturias.com\/noticias\/wp-json\/wp\/v2\/users\/1"}],"replies":[{"embeddable":true,"href":"https:\/\/www.eldigitaldeasturias.com\/noticias\/wp-json\/wp\/v2\/comments?post=456155"}],"version-history":[{"count":0,"href":"https:\/\/www.eldigitaldeasturias.com\/noticias\/wp-json\/wp\/v2\/posts\/456155\/revisions"}],"wp:featuredmedia":[{"embeddable":true,"href":"https:\/\/www.eldigitaldeasturias.com\/noticias\/wp-json\/wp\/v2\/media\/1132184"}],"wp:attachment":[{"href":"https:\/\/www.eldigitaldeasturias.com\/noticias\/wp-json\/wp\/v2\/media?parent=456155"}],"wp:term":[{"taxonomy":"category","embeddable":true,"href":"https:\/\/www.eldigitaldeasturias.com\/noticias\/wp-json\/wp\/v2\/categories?post=456155"},{"taxonomy":"post_tag","embeddable":true,"href":"https:\/\/www.eldigitaldeasturias.com\/noticias\/wp-json\/wp\/v2\/tags?post=456155"}],"curies":[{"name":"wp","href":"https:\/\/api.w.org\/{rel}","templated":true}]}}