{"id":456141,"date":"2013-11-30T16:52:14","date_gmt":"2013-11-30T17:52:14","guid":{"rendered":"http:\/\/www.eldigitaldeasturias.com\/noticias\/?p=456141"},"modified":"2013-11-30T16:52:14","modified_gmt":"2013-11-30T17:52:14","slug":"liberados-los-17-detenidos-por-el-ataque-a-la-complutense","status":"publish","type":"post","link":"https:\/\/www.eldigitaldeasturias.com\/noticias\/liberados-los-17-detenidos-por-el-ataque-a-la-complutense\/","title":{"rendered":"Liberados los 17 detenidos por el ataque a la Complutense"},"content":{"rendered":"<p><img loading=\"lazy\" decoding=\"async\" class=\"alignleft size-medium wp-image-456142\" alt=\"5763264w\" src=\"https:\/\/www.eldigitaldeasturias.com\/noticias\/wp-content\/uploads\/2013\/11\/5763264w-360x238.jpg\" width=\"360\" height=\"238\" \/>Madrid, 30 nov (EFE).- Los 17 detenidos por el ataque perpetrado en la Universidad Complutense de Madrid el pasado 20 de noviembre est\u00e1n en libertad con cargos, tras prestar declaraci\u00f3n en la sede de los Juzgados de la Plaza de Castilla.<\/p>\n<p>Arropados por un millar de personas, llegadas hasta la sede judicial en manifestaci\u00f3n desde la calle de G\u00e9nova, los 17 j\u00f3venes quedaron anoche libres, aunque el juez les imputa un delito contra los derechos fundamentales, seg\u00fan han explicado a Efe fuentes del Tribunal Superior de Justicia de Madrid.<\/p>\n<p>La Polic\u00eda Nacional detuvo el jueves por la ma\u00f1ana a 19 diecinueve personas -dos de ellas liberadas anteriormente por problemas de salud- debido a su vinculaci\u00f3n con colectivos de ultraizquierda tras el ataque perpetrado en la Facultad de Derecho de la Universidad Complutense el pasado 20 de noviembre, en el que resultaron heridas cinco personas de la asociaci\u00f3n Francisco de Vitoria.<\/p>\n<p>A ra\u00edz de estas detenciones, un grupo de doscientos individuos se manifestaron el jueves por la tarde frente a la sede policial en el barrio madrile\u00f1o de Moratalaz, al grito de \u00abPolic\u00eda asesina\u00bb, en una concentraci\u00f3n que acab\u00f3 con otros 11 detenidos, puestos en libertad tambi\u00e9n a primera hora de la tarde.<\/p>\n","protected":false},"excerpt":{"rendered":"<p>Madrid, 30 nov (EFE).- Los 17 detenidos por el ataque perpetrado en la Universidad Complutense de Madrid el pasado 20 de noviembre est\u00e1n en libertad con cargos, tras prestar declaraci\u00f3n en la sede de los Juzgados de la Plaza de Castilla. Arropados por un millar de personas, llegadas hasta la sede judicial en manifestaci\u00f3n desde [&hellip;]<\/p>\n","protected":false},"author":1,"featured_media":456142,"comment_status":"closed","ping_status":"open","sticky":false,"template":"","format":"standard","meta":{"footnotes":""},"categories":[5],"tags":[],"class_list":["post-456141","post","type-post","status-publish","format-standard","has-post-thumbnail","hentry","category-sucesos"],"aioseo_notices":[],"aioseo_head":"\n\t\t<!-- All in One SEO Pro 5.0.1 - aioseo.com -->\n\t<meta name=\"description\" content=\"Madrid, 30 nov (EFE).- Los 17 detenidos por el ataque perpetrado en la Universidad Complutense de Madrid el pasado 20 de noviembre est\u00e1n en libertad con cargos, tras prestar declaraci\u00f3n en la sede de los Juzgados de la Plaza de Castilla. Arropados por un millar de personas, llegadas hasta la sede judicial en manifestaci\u00f3n desde\" \/>\n\t<meta name=\"robots\" content=\"max-image-preview:large\" \/>\n\t<meta name=\"author\" content=\"El Digital de Asturias\"\/>\n\t<meta name=\"google-site-verification\" content=\"UA-38556648-1\" \/>\n\t<meta name=\"msvalidate.01\" content=\"7dfe9f3f1b24437ab69f4f2559babe99\" \/>\n\t<meta name=\"keywords\" content=\"sucesos\" \/>\n\t<link rel=\"canonical\" href=\"https:\/\/www.eldigitaldeasturias.com\/noticias\/liberados-los-17-detenidos-por-el-ataque-a-la-complutense\/\" \/>\n\t<meta name=\"generator\" content=\"All in One SEO Pro (AIOSEO) 5.0.1\" \/>\n\t\t<meta property=\"og:locale\" content=\"es_ES\" \/>\n\t\t<meta property=\"og:site_name\" content=\"El Digital de Asturias\" \/>\n\t\t<meta property=\"og:type\" content=\"article\" \/>\n\t\t<meta property=\"og:title\" content=\"Liberados los 17 detenidos por el ataque a la Complutense - El Digital de Asturias\" \/>\n\t\t<meta property=\"og:description\" content=\"Madrid, 30 nov (EFE).- Los 17 detenidos por el ataque perpetrado en la Universidad Complutense de Madrid el pasado 20 de noviembre est\u00e1n en libertad con cargos, tras prestar declaraci\u00f3n en la sede de los Juzgados de la Plaza de Castilla. Arropados por un millar de personas, llegadas hasta la sede judicial en manifestaci\u00f3n desde\" \/>\n\t\t<meta property=\"og:url\" content=\"https:\/\/www.eldigitaldeasturias.com\/noticias\/liberados-los-17-detenidos-por-el-ataque-a-la-complutense\/\" \/>\n\t\t<meta property=\"article:tag\" content=\"sucesos\" \/>\n\t\t<meta property=\"article:published_time\" content=\"2013-11-30T17:52:14+00:00\" \/>\n\t\t<meta property=\"article:modified_time\" content=\"2013-11-30T17:52:14+00:00\" \/>\n\t\t<meta property=\"article:publisher\" content=\"https:\/\/facebook.com\/eldigitaldeasturias\" \/>\n\t\t<meta name=\"twitter:card\" content=\"summary_large_image\" \/>\n\t\t<meta name=\"twitter:title\" content=\"Liberados los 17 detenidos por el ataque a la Complutense - El Digital de Asturias\" \/>\n\t\t<meta name=\"twitter:description\" content=\"Madrid, 30 nov (EFE).- Los 17 detenidos por el ataque perpetrado en la Universidad Complutense de Madrid el pasado 20 de noviembre est\u00e1n en libertad con cargos, tras prestar declaraci\u00f3n en la sede de los Juzgados de la Plaza de Castilla. Arropados por un millar de personas, llegadas hasta la sede judicial en manifestaci\u00f3n desde\" \/>\n\t\t<meta name=\"twitter:label1\" content=\"Escrito por\" \/>\n\t\t<meta name=\"twitter:data1\" content=\"El Digital de Asturias\" \/>\n\t\t<meta name=\"twitter:label2\" content=\"Tiempo de lectura estimado\" \/>\n\t\t<meta name=\"twitter:data2\" content=\"1 minuto\" \/>\n\t\t<script type=\"application\/ld+json\" class=\"aioseo-schema\">\n\t\t\t{\"@context\":\"https:\\\/\\\/schema.org\",\"@graph\":[{\"@type\":\"BlogPosting\",\"@id\":\"https:\\\/\\\/www.eldigitaldeasturias.com\\\/noticias\\\/liberados-los-17-detenidos-por-el-ataque-a-la-complutense\\\/#blogposting\",\"name\":\"Liberados los 17 detenidos por el ataque a la Complutense - El Digital de Asturias\",\"headline\":\"Liberados los 17 detenidos por el ataque a la Complutense\",\"author\":{\"@id\":\"https:\\\/\\\/www.eldigitaldeasturias.com\\\/noticias\\\/author\\\/admin\\\/#author\"},\"publisher\":{\"@id\":\"https:\\\/\\\/www.eldigitaldeasturias.com\\\/noticias\\\/#organization\"},\"image\":{\"@type\":\"ImageObject\",\"url\":456142},\"datePublished\":\"2013-11-30T16:52:14+01:00\",\"dateModified\":\"2013-11-30T16:52:14+01:00\",\"inLanguage\":\"es-ES\",\"mainEntityOfPage\":{\"@id\":\"https:\\\/\\\/www.eldigitaldeasturias.com\\\/noticias\\\/liberados-los-17-detenidos-por-el-ataque-a-la-complutense\\\/#webpage\"},\"isPartOf\":{\"@id\":\"https:\\\/\\\/www.eldigitaldeasturias.com\\\/noticias\\\/liberados-los-17-detenidos-por-el-ataque-a-la-complutense\\\/#webpage\"},\"articleSection\":\"Sucesos\"},{\"@type\":\"BreadcrumbList\",\"@id\":\"https:\\\/\\\/www.eldigitaldeasturias.com\\\/noticias\\\/liberados-los-17-detenidos-por-el-ataque-a-la-complutense\\\/#breadcrumblist\",\"itemListElement\":[{\"@type\":\"ListItem\",\"@id\":\"https:\\\/\\\/www.eldigitaldeasturias.com\\\/noticias#listItem\",\"position\":1,\"name\":\"Home\",\"item\":\"https:\\\/\\\/www.eldigitaldeasturias.com\\\/noticias\",\"nextItem\":{\"@type\":\"ListItem\",\"@id\":\"https:\\\/\\\/www.eldigitaldeasturias.com\\\/noticias\\\/category\\\/sucesos\\\/#listItem\",\"name\":\"Sucesos\"}},{\"@type\":\"ListItem\",\"@id\":\"https:\\\/\\\/www.eldigitaldeasturias.com\\\/noticias\\\/category\\\/sucesos\\\/#listItem\",\"position\":2,\"name\":\"Sucesos\",\"item\":\"https:\\\/\\\/www.eldigitaldeasturias.com\\\/noticias\\\/category\\\/sucesos\\\/\",\"nextItem\":{\"@type\":\"ListItem\",\"@id\":\"https:\\\/\\\/www.eldigitaldeasturias.com\\\/noticias\\\/liberados-los-17-detenidos-por-el-ataque-a-la-complutense\\\/#listItem\",\"name\":\"Liberados los 17 detenidos por el ataque a la Complutense\"},\"previousItem\":{\"@type\":\"ListItem\",\"@id\":\"https:\\\/\\\/www.eldigitaldeasturias.com\\\/noticias#listItem\",\"name\":\"Home\"}},{\"@type\":\"ListItem\",\"@id\":\"https:\\\/\\\/www.eldigitaldeasturias.com\\\/noticias\\\/liberados-los-17-detenidos-por-el-ataque-a-la-complutense\\\/#listItem\",\"position\":3,\"name\":\"Liberados los 17 detenidos por el ataque a la Complutense\",\"previousItem\":{\"@type\":\"ListItem\",\"@id\":\"https:\\\/\\\/www.eldigitaldeasturias.com\\\/noticias\\\/category\\\/sucesos\\\/#listItem\",\"name\":\"Sucesos\"}}]},{\"@type\":\"Organization\",\"@id\":\"https:\\\/\\\/www.eldigitaldeasturias.com\\\/noticias\\\/#organization\",\"name\":\"El Digital de Asturias\",\"description\":\"Hemeroteca\",\"url\":\"https:\\\/\\\/www.eldigitaldeasturias.com\\\/noticias\\\/\",\"email\":\"info@eldigitaldeasturias.com\",\"telephone\":\"+34652131393\",\"logo\":{\"@type\":\"ImageObject\",\"url\":\"https:\\\/\\\/www.eldigitaldeasturias.com\\\/noticias\\\/wp-content\\\/uploads\\\/2020\\\/12\\\/EDA.jpg\",\"@id\":\"https:\\\/\\\/www.eldigitaldeasturias.com\\\/noticias\\\/liberados-los-17-detenidos-por-el-ataque-a-la-complutense\\\/#organizationLogo\"},\"image\":{\"@id\":\"https:\\\/\\\/www.eldigitaldeasturias.com\\\/noticias\\\/liberados-los-17-detenidos-por-el-ataque-a-la-complutense\\\/#organizationLogo\"},\"sameAs\":[\"https:\\\/\\\/facebook.com\\\/eldigitaldeasturias\",\"https:\\\/\\\/www.youtube.com\\\/channel\\\/UCZP-2wLEB9Rv6erhFmqVnvg\"],\"address\":{\"@id\":\"https:\\\/\\\/www.eldigitaldeasturias.com\\\/noticias\\\/#postaladdress\",\"@type\":\"PostalAddress\",\"streetAddress\":\"san antonio 4\",\"postalCode\":\"33430\",\"addressLocality\":\"Cand\\u00e1s\",\"addressRegion\":\"Asturias\",\"addressCountry\":\"ES\"}},{\"@type\":\"Person\",\"@id\":\"https:\\\/\\\/www.eldigitaldeasturias.com\\\/noticias\\\/author\\\/admin\\\/#author\",\"url\":\"https:\\\/\\\/www.eldigitaldeasturias.com\\\/noticias\\\/author\\\/admin\\\/\",\"name\":\"El Digital de Asturias\",\"image\":{\"@type\":\"ImageObject\",\"@id\":\"https:\\\/\\\/www.eldigitaldeasturias.com\\\/noticias\\\/liberados-los-17-detenidos-por-el-ataque-a-la-complutense\\\/#authorImage\",\"url\":\"https:\\\/\\\/secure.gravatar.com\\\/avatar\\\/df2aeffc32bcd13f8d26072ef8a91b623d677766deac7f97ca815868cd41bf5e?s=96&d=mm&r=g\",\"width\":96,\"height\":96,\"caption\":\"El Digital de Asturias\"}},{\"@type\":\"WebPage\",\"@id\":\"https:\\\/\\\/www.eldigitaldeasturias.com\\\/noticias\\\/liberados-los-17-detenidos-por-el-ataque-a-la-complutense\\\/#webpage\",\"url\":\"https:\\\/\\\/www.eldigitaldeasturias.com\\\/noticias\\\/liberados-los-17-detenidos-por-el-ataque-a-la-complutense\\\/\",\"name\":\"Liberados los 17 detenidos por el ataque a la Complutense - El Digital de Asturias\",\"description\":\"Madrid, 30 nov (EFE).- Los 17 detenidos por el ataque perpetrado en la Universidad Complutense de Madrid el pasado 20 de noviembre est\\u00e1n en libertad con cargos, tras prestar declaraci\\u00f3n en la sede de los Juzgados de la Plaza de Castilla. Arropados por un millar de personas, llegadas hasta la sede judicial en manifestaci\\u00f3n desde\",\"inLanguage\":\"es-ES\",\"isPartOf\":{\"@id\":\"https:\\\/\\\/www.eldigitaldeasturias.com\\\/noticias\\\/#website\"},\"breadcrumb\":{\"@id\":\"https:\\\/\\\/www.eldigitaldeasturias.com\\\/noticias\\\/liberados-los-17-detenidos-por-el-ataque-a-la-complutense\\\/#breadcrumblist\"},\"author\":{\"@id\":\"https:\\\/\\\/www.eldigitaldeasturias.com\\\/noticias\\\/author\\\/admin\\\/#author\"},\"creator\":{\"@id\":\"https:\\\/\\\/www.eldigitaldeasturias.com\\\/noticias\\\/author\\\/admin\\\/#author\"},\"image\":{\"@type\":\"ImageObject\",\"url\":456142,\"@id\":\"https:\\\/\\\/www.eldigitaldeasturias.com\\\/noticias\\\/liberados-los-17-detenidos-por-el-ataque-a-la-complutense\\\/#mainImage\"},\"primaryImageOfPage\":{\"@id\":\"https:\\\/\\\/www.eldigitaldeasturias.com\\\/noticias\\\/liberados-los-17-detenidos-por-el-ataque-a-la-complutense\\\/#mainImage\"},\"datePublished\":\"2013-11-30T16:52:14+01:00\",\"dateModified\":\"2013-11-30T16:52:14+01:00\"},{\"@type\":\"WebSite\",\"@id\":\"https:\\\/\\\/www.eldigitaldeasturias.com\\\/noticias\\\/#website\",\"url\":\"https:\\\/\\\/www.eldigitaldeasturias.com\\\/noticias\\\/\",\"name\":\"El Digital de Asturias - Diario de actualidad y noticias\",\"alternateName\":\"El Digital de Asturias - Diario de actualidad y noticias\",\"description\":\"Hemeroteca\",\"inLanguage\":\"es-ES\",\"publisher\":{\"@id\":\"https:\\\/\\\/www.eldigitaldeasturias.com\\\/noticias\\\/#organization\"}}]}\n\t\t<\/script>\n\t\t<!-- All in One SEO Pro -->\r\n\t\t<title>Liberados los 17 detenidos por el ataque a la Complutense - El Digital de Asturias<\/title>\n\n","aioseo_head_json":{"title":"Liberados los 17 detenidos por el ataque a la Complutense - El Digital de Asturias","description":"Madrid, 30 nov (EFE).- Los 17 detenidos por el ataque perpetrado en la Universidad Complutense de Madrid el pasado 20 de noviembre est\u00e1n en libertad con cargos, tras prestar declaraci\u00f3n en la sede de los Juzgados de la Plaza de Castilla. Arropados por un millar de personas, llegadas hasta la sede judicial en manifestaci\u00f3n desde","canonical_url":"https:\/\/www.eldigitaldeasturias.com\/noticias\/liberados-los-17-detenidos-por-el-ataque-a-la-complutense\/","robots":"max-image-preview:large","keywords":"sucesos","webmasterTools":{"google-site-verification":"UA-38556648-1","msvalidate.01":"7dfe9f3f1b24437ab69f4f2559babe99","miscellaneous":""},"schema":{"@context":"https:\/\/schema.org","@graph":[{"@type":"BlogPosting","@id":"https:\/\/www.eldigitaldeasturias.com\/noticias\/liberados-los-17-detenidos-por-el-ataque-a-la-complutense\/#blogposting","name":"Liberados los 17 detenidos por el ataque a la Complutense - El Digital de Asturias","headline":"Liberados los 17 detenidos por el ataque a la Complutense","author":{"@id":"https:\/\/www.eldigitaldeasturias.com\/noticias\/author\/admin\/#author"},"publisher":{"@id":"https:\/\/www.eldigitaldeasturias.com\/noticias\/#organization"},"image":{"@type":"ImageObject","url":456142},"datePublished":"2013-11-30T16:52:14+01:00","dateModified":"2013-11-30T16:52:14+01:00","inLanguage":"es-ES","mainEntityOfPage":{"@id":"https:\/\/www.eldigitaldeasturias.com\/noticias\/liberados-los-17-detenidos-por-el-ataque-a-la-complutense\/#webpage"},"isPartOf":{"@id":"https:\/\/www.eldigitaldeasturias.com\/noticias\/liberados-los-17-detenidos-por-el-ataque-a-la-complutense\/#webpage"},"articleSection":"Sucesos"},{"@type":"BreadcrumbList","@id":"https:\/\/www.eldigitaldeasturias.com\/noticias\/liberados-los-17-detenidos-por-el-ataque-a-la-complutense\/#breadcrumblist","itemListElement":[{"@type":"ListItem","@id":"https:\/\/www.eldigitaldeasturias.com\/noticias#listItem","position":1,"name":"Home","item":"https:\/\/www.eldigitaldeasturias.com\/noticias","nextItem":{"@type":"ListItem","@id":"https:\/\/www.eldigitaldeasturias.com\/noticias\/category\/sucesos\/#listItem","name":"Sucesos"}},{"@type":"ListItem","@id":"https:\/\/www.eldigitaldeasturias.com\/noticias\/category\/sucesos\/#listItem","position":2,"name":"Sucesos","item":"https:\/\/www.eldigitaldeasturias.com\/noticias\/category\/sucesos\/","nextItem":{"@type":"ListItem","@id":"https:\/\/www.eldigitaldeasturias.com\/noticias\/liberados-los-17-detenidos-por-el-ataque-a-la-complutense\/#listItem","name":"Liberados los 17 detenidos por el ataque a la Complutense"},"previousItem":{"@type":"ListItem","@id":"https:\/\/www.eldigitaldeasturias.com\/noticias#listItem","name":"Home"}},{"@type":"ListItem","@id":"https:\/\/www.eldigitaldeasturias.com\/noticias\/liberados-los-17-detenidos-por-el-ataque-a-la-complutense\/#listItem","position":3,"name":"Liberados los 17 detenidos por el ataque a la Complutense","previousItem":{"@type":"ListItem","@id":"https:\/\/www.eldigitaldeasturias.com\/noticias\/category\/sucesos\/#listItem","name":"Sucesos"}}]},{"@type":"Organization","@id":"https:\/\/www.eldigitaldeasturias.com\/noticias\/#organization","name":"El Digital de Asturias","description":"Hemeroteca","url":"https:\/\/www.eldigitaldeasturias.com\/noticias\/","email":"info@eldigitaldeasturias.com","telephone":"+34652131393","logo":{"@type":"ImageObject","url":"https:\/\/www.eldigitaldeasturias.com\/noticias\/wp-content\/uploads\/2020\/12\/EDA.jpg","@id":"https:\/\/www.eldigitaldeasturias.com\/noticias\/liberados-los-17-detenidos-por-el-ataque-a-la-complutense\/#organizationLogo"},"image":{"@id":"https:\/\/www.eldigitaldeasturias.com\/noticias\/liberados-los-17-detenidos-por-el-ataque-a-la-complutense\/#organizationLogo"},"sameAs":["https:\/\/facebook.com\/eldigitaldeasturias","https:\/\/www.youtube.com\/channel\/UCZP-2wLEB9Rv6erhFmqVnvg"],"address":{"@id":"https:\/\/www.eldigitaldeasturias.com\/noticias\/#postaladdress","@type":"PostalAddress","streetAddress":"san antonio 4","postalCode":"33430","addressLocality":"Cand\u00e1s","addressRegion":"Asturias","addressCountry":"ES"}},{"@type":"Person","@id":"https:\/\/www.eldigitaldeasturias.com\/noticias\/author\/admin\/#author","url":"https:\/\/www.eldigitaldeasturias.com\/noticias\/author\/admin\/","name":"El Digital de Asturias","image":{"@type":"ImageObject","@id":"https:\/\/www.eldigitaldeasturias.com\/noticias\/liberados-los-17-detenidos-por-el-ataque-a-la-complutense\/#authorImage","url":"https:\/\/secure.gravatar.com\/avatar\/df2aeffc32bcd13f8d26072ef8a91b623d677766deac7f97ca815868cd41bf5e?s=96&d=mm&r=g","width":96,"height":96,"caption":"El Digital de Asturias"}},{"@type":"WebPage","@id":"https:\/\/www.eldigitaldeasturias.com\/noticias\/liberados-los-17-detenidos-por-el-ataque-a-la-complutense\/#webpage","url":"https:\/\/www.eldigitaldeasturias.com\/noticias\/liberados-los-17-detenidos-por-el-ataque-a-la-complutense\/","name":"Liberados los 17 detenidos por el ataque a la Complutense - El Digital de Asturias","description":"Madrid, 30 nov (EFE).- Los 17 detenidos por el ataque perpetrado en la Universidad Complutense de Madrid el pasado 20 de noviembre est\u00e1n en libertad con cargos, tras prestar declaraci\u00f3n en la sede de los Juzgados de la Plaza de Castilla. Arropados por un millar de personas, llegadas hasta la sede judicial en manifestaci\u00f3n desde","inLanguage":"es-ES","isPartOf":{"@id":"https:\/\/www.eldigitaldeasturias.com\/noticias\/#website"},"breadcrumb":{"@id":"https:\/\/www.eldigitaldeasturias.com\/noticias\/liberados-los-17-detenidos-por-el-ataque-a-la-complutense\/#breadcrumblist"},"author":{"@id":"https:\/\/www.eldigitaldeasturias.com\/noticias\/author\/admin\/#author"},"creator":{"@id":"https:\/\/www.eldigitaldeasturias.com\/noticias\/author\/admin\/#author"},"image":{"@type":"ImageObject","url":456142,"@id":"https:\/\/www.eldigitaldeasturias.com\/noticias\/liberados-los-17-detenidos-por-el-ataque-a-la-complutense\/#mainImage"},"primaryImageOfPage":{"@id":"https:\/\/www.eldigitaldeasturias.com\/noticias\/liberados-los-17-detenidos-por-el-ataque-a-la-complutense\/#mainImage"},"datePublished":"2013-11-30T16:52:14+01:00","dateModified":"2013-11-30T16:52:14+01:00"},{"@type":"WebSite","@id":"https:\/\/www.eldigitaldeasturias.com\/noticias\/#website","url":"https:\/\/www.eldigitaldeasturias.com\/noticias\/","name":"El Digital de Asturias - Diario de actualidad y noticias","alternateName":"El Digital de Asturias - Diario de actualidad y noticias","description":"Hemeroteca","inLanguage":"es-ES","publisher":{"@id":"https:\/\/www.eldigitaldeasturias.com\/noticias\/#organization"}}]},"og:locale":"es_ES","og:site_name":"El Digital de Asturias","og:type":"article","og:title":"Liberados los 17 detenidos por el ataque a la Complutense - El Digital de Asturias","og:description":"Madrid, 30 nov (EFE).- Los 17 detenidos por el ataque perpetrado en la Universidad Complutense de Madrid el pasado 20 de noviembre est\u00e1n en libertad con cargos, tras prestar declaraci\u00f3n en la sede de los Juzgados de la Plaza de Castilla. Arropados por un millar de personas, llegadas hasta la sede judicial en manifestaci\u00f3n desde","og:url":"https:\/\/www.eldigitaldeasturias.com\/noticias\/liberados-los-17-detenidos-por-el-ataque-a-la-complutense\/","article:tag":["sucesos"],"article:published_time":"2013-11-30T17:52:14+00:00","article:modified_time":"2013-11-30T17:52:14+00:00","article:publisher":"https:\/\/facebook.com\/eldigitaldeasturias","twitter:card":"summary_large_image","twitter:title":"Liberados los 17 detenidos por el ataque a la Complutense - El Digital de Asturias","twitter:description":"Madrid, 30 nov (EFE).- Los 17 detenidos por el ataque perpetrado en la Universidad Complutense de Madrid el pasado 20 de noviembre est\u00e1n en libertad con cargos, tras prestar declaraci\u00f3n en la sede de los Juzgados de la Plaza de Castilla. Arropados por un millar de personas, llegadas hasta la sede judicial en manifestaci\u00f3n desde","twitter:label1":"Escrito por","twitter:data1":"El Digital de Asturias","twitter:label2":"Tiempo de lectura estimado","twitter:data2":"1 minuto"},"aioseo_meta_data":{"post_id":"456141","title":null,"description":null,"keywords":null,"keyphrases":null,"primary_term":null,"canonical_url":null,"og_title":null,"og_description":null,"og_object_type":"default","og_image_type":"default","og_image_url":null,"og_image_width":null,"og_image_height":null,"og_image_custom_url":null,"og_image_custom_fields":null,"og_video":null,"og_custom_url":null,"og_article_section":null,"og_article_tags":null,"twitter_use_og":true,"twitter_card":"default","twitter_image_type":"default","twitter_image_url":null,"twitter_image_custom_url":null,"twitter_image_custom_fields":null,"twitter_title":null,"twitter_description":null,"schema":{"blockGraphs":[],"customGraphs":[],"default":{"data":{"Article":[],"Course":[],"Dataset":[],"FAQPage":[],"Movie":[],"Person":[],"Product":[],"ProductReview":[],"Car":[],"Recipe":[],"Service":[],"SoftwareApplication":[],"WebPage":[]},"graphName":"","isEnabled":true},"graphs":[],"defaultGraph":"","defaultPostTypeGraph":""},"schema_type":null,"schema_type_options":null,"pillar_content":false,"robots_default":true,"robots_noindex":false,"robots_noarchive":false,"robots_nosnippet":false,"robots_nofollow":false,"robots_noimageindex":false,"robots_noodp":false,"robots_notranslate":false,"robots_max_snippet":null,"robots_max_videopreview":null,"robots_max_imagepreview":"none","priority":null,"frequency":null,"local_seo":null,"seo_analyzer_scan_date":"2026-05-29 20:56:50","breadcrumb_settings":null,"limit_modified_date":false,"open_ai":null,"ai":null,"created":"2020-11-14 22:45:28","updated":"2026-05-29 20:56:50","focus_keyword":null,"additional_keywords":null,"truseo_locale":null},"aioseo_breadcrumb":"<div class=\"aioseo-breadcrumbs\"><span class=\"aioseo-breadcrumb\">\n\t<a href=\"https:\/\/www.eldigitaldeasturias.com\/noticias\" title=\"Home\">Home<\/a>\n<\/span><span class=\"aioseo-breadcrumb-separator\">\u2013<\/span><span class=\"aioseo-breadcrumb\">\n\t<a href=\"https:\/\/www.eldigitaldeasturias.com\/noticias\/category\/sucesos\/\" title=\"Sucesos\">Sucesos<\/a>\n<\/span><span class=\"aioseo-breadcrumb-separator\">\u2013<\/span><span class=\"aioseo-breadcrumb\">\n\t<a href=\"https:\/\/www.eldigitaldeasturias.com\/noticias\/liberados-los-17-detenidos-por-el-ataque-a-la-complutense\/\" title=\"Liberados los 17 detenidos por el ataque a la Complutense\">Liberados los 17 detenidos por el ataque a la Complutense<\/a>\n<\/span><\/div>","aioseo_breadcrumb_json":[{"label":"Home","link":"https:\/\/www.eldigitaldeasturias.com\/noticias"},{"label":"Sucesos","link":"https:\/\/www.eldigitaldeasturias.com\/noticias\/category\/sucesos\/"},{"label":"Liberados los 17 detenidos por el ataque a la Complutense","link":"https:\/\/www.eldigitaldeasturias.com\/noticias\/liberados-los-17-detenidos-por-el-ataque-a-la-complutense\/"}],"_links":{"self":[{"href":"https:\/\/www.eldigitaldeasturias.com\/noticias\/wp-json\/wp\/v2\/posts\/456141","targetHints":{"allow":["GET"]}}],"collection":[{"href":"https:\/\/www.eldigitaldeasturias.com\/noticias\/wp-json\/wp\/v2\/posts"}],"about":[{"href":"https:\/\/www.eldigitaldeasturias.com\/noticias\/wp-json\/wp\/v2\/types\/post"}],"author":[{"embeddable":true,"href":"https:\/\/www.eldigitaldeasturias.com\/noticias\/wp-json\/wp\/v2\/users\/1"}],"replies":[{"embeddable":true,"href":"https:\/\/www.eldigitaldeasturias.com\/noticias\/wp-json\/wp\/v2\/comments?post=456141"}],"version-history":[{"count":0,"href":"https:\/\/www.eldigitaldeasturias.com\/noticias\/wp-json\/wp\/v2\/posts\/456141\/revisions"}],"wp:attachment":[{"href":"https:\/\/www.eldigitaldeasturias.com\/noticias\/wp-json\/wp\/v2\/media?parent=456141"}],"wp:term":[{"taxonomy":"category","embeddable":true,"href":"https:\/\/www.eldigitaldeasturias.com\/noticias\/wp-json\/wp\/v2\/categories?post=456141"},{"taxonomy":"post_tag","embeddable":true,"href":"https:\/\/www.eldigitaldeasturias.com\/noticias\/wp-json\/wp\/v2\/tags?post=456141"}],"curies":[{"name":"wp","href":"https:\/\/api.w.org\/{rel}","templated":true}]}}