{"id":456085,"date":"2013-11-30T10:05:38","date_gmt":"2013-11-30T11:05:38","guid":{"rendered":"http:\/\/www.eldigitaldeasturias.com\/noticias\/?p=456085"},"modified":"2013-11-30T10:05:38","modified_gmt":"2013-11-30T11:05:38","slug":"el-juli-y-padilla-logran-sendas-orejas-en-la-feria-ecuatoriana-de-latacunga","status":"publish","type":"post","link":"https:\/\/www.eldigitaldeasturias.com\/noticias\/el-juli-y-padilla-logran-sendas-orejas-en-la-feria-ecuatoriana-de-latacunga\/","title":{"rendered":"El Juli y Padilla logran sendas orejas en la feria ecuatoriana de Latacunga"},"content":{"rendered":"<p><img loading=\"lazy\" decoding=\"async\" class=\"alignleft size-medium wp-image-456086\" alt=\"5763144w\" src=\"https:\/\/www.eldigitaldeasturias.com\/noticias\/wp-content\/uploads\/2013\/11\/5763144w-360x265.jpg\" width=\"360\" height=\"265\" \/>Quito, 29 nov (EFE).- Juli\u00e1n L\u00f3pez \u00abEl Juli\u00bb y Juan Jos\u00e9 Padilla triunfaron hoy en Ecuador, en la feria de Latacunga, en la que cortaron sendas orejas en un festejo agradable.<\/p>\n<p>Se lidiaron toros de Huagra Huiasi (caza del toro, en quechua) y de Triana, en un festejo que tuvo lugar en la plaza de San Isidro Labrador.<\/p>\n<p>Juan Jose Padilla, en su primero, de Triana, fue ovacionado con el capote, cubriendo banderillas a un toro quedado. En la faena de muleta estuvo voluntarioso y despach\u00f3 al segundo golpe de descabello, siendo ovacionado.<\/p>\n<p>En el segundo enemigo, de 465 kilos, flojo de remos, se mostr\u00f3 voluntarioso con el capote y la muleta, matando al tercer viaje. Recibi\u00f3 una oreja.<\/p>\n<p>En el quinto, que fue un toro descastado, abrevi\u00f3 su labor para ser silenciado.<\/p>\n<p>El Juli estuvo por encima de su enemigo con una faena que abrevi\u00f3 y mat\u00f3 al cuarto viaje, escuchando fuertes palmas.<\/p>\n<p>En su segundo estuvo sobrio con el capote, cubri\u00f3 banderillas y con la muleta estuvo voluntarioso, pero el toro tard\u00f3 en doblar y se silenci\u00f3 su labor.<\/p>\n<p>En el sexto de la tarde estuvo por encima de su enemigo, al que despach\u00f3 al primer viaje, recibiendo una oreja.<\/p>\n<p>La plaza estuvo llena hasta la bandera, en tarde fresca pero agradable.<\/p>\n","protected":false},"excerpt":{"rendered":"<p>Quito, 29 nov (EFE).- Juli\u00e1n L\u00f3pez \u00abEl Juli\u00bb y Juan Jos\u00e9 Padilla triunfaron hoy en Ecuador, en la feria de Latacunga, en la que cortaron sendas orejas en un festejo agradable. Se lidiaron toros de Huagra Huiasi (caza del toro, en quechua) y de Triana, en un festejo que tuvo lugar en la plaza de [&hellip;]<\/p>\n","protected":false},"author":1,"featured_media":456086,"comment_status":"closed","ping_status":"open","sticky":false,"template":"","format":"standard","meta":{"footnotes":""},"categories":[50],"tags":[],"class_list":["post-456085","post","type-post","status-publish","format-standard","has-post-thumbnail","hentry","category-revista-de-ocio"],"aioseo_notices":[],"aioseo_head":"\n\t\t<!-- All in One SEO Pro 5.0.1 - aioseo.com -->\n\t<meta name=\"description\" content=\"Quito, 29 nov (EFE).- Juli\u00e1n L\u00f3pez &quot;El Juli&quot; y Juan Jos\u00e9 Padilla triunfaron hoy en Ecuador, en la feria de Latacunga, en la que cortaron sendas orejas en un festejo agradable. Se lidiaron toros de Huagra Huiasi (caza del toro, en quechua) y de Triana, en un festejo que tuvo lugar en la plaza de\" \/>\n\t<meta name=\"robots\" content=\"max-image-preview:large\" \/>\n\t<meta name=\"author\" content=\"El Digital de Asturias\"\/>\n\t<meta name=\"google-site-verification\" content=\"UA-38556648-1\" \/>\n\t<meta name=\"msvalidate.01\" content=\"7dfe9f3f1b24437ab69f4f2559babe99\" \/>\n\t<meta name=\"keywords\" content=\"revista de ocio\" \/>\n\t<link rel=\"canonical\" href=\"https:\/\/www.eldigitaldeasturias.com\/noticias\/el-juli-y-padilla-logran-sendas-orejas-en-la-feria-ecuatoriana-de-latacunga\/\" \/>\n\t<meta name=\"generator\" content=\"All in One SEO Pro (AIOSEO) 5.0.1\" \/>\n\t\t<meta property=\"og:locale\" content=\"es_ES\" \/>\n\t\t<meta property=\"og:site_name\" content=\"El Digital de Asturias\" \/>\n\t\t<meta property=\"og:type\" content=\"article\" \/>\n\t\t<meta property=\"og:title\" content=\"El Juli y Padilla logran sendas orejas en la feria ecuatoriana de Latacunga - El Digital de Asturias\" \/>\n\t\t<meta property=\"og:description\" content=\"Quito, 29 nov (EFE).- Juli\u00e1n L\u00f3pez &quot;El Juli&quot; y Juan Jos\u00e9 Padilla triunfaron hoy en Ecuador, en la feria de Latacunga, en la que cortaron sendas orejas en un festejo agradable. Se lidiaron toros de Huagra Huiasi (caza del toro, en quechua) y de Triana, en un festejo que tuvo lugar en la plaza de\" \/>\n\t\t<meta property=\"og:url\" content=\"https:\/\/www.eldigitaldeasturias.com\/noticias\/el-juli-y-padilla-logran-sendas-orejas-en-la-feria-ecuatoriana-de-latacunga\/\" \/>\n\t\t<meta property=\"article:tag\" content=\"revista de ocio\" \/>\n\t\t<meta property=\"article:published_time\" content=\"2013-11-30T11:05:38+00:00\" \/>\n\t\t<meta property=\"article:modified_time\" content=\"2013-11-30T11:05:38+00:00\" \/>\n\t\t<meta property=\"article:publisher\" content=\"https:\/\/facebook.com\/eldigitaldeasturias\" \/>\n\t\t<meta name=\"twitter:card\" content=\"summary_large_image\" \/>\n\t\t<meta name=\"twitter:title\" content=\"El Juli y Padilla logran sendas orejas en la feria ecuatoriana de Latacunga - El Digital de Asturias\" \/>\n\t\t<meta name=\"twitter:description\" content=\"Quito, 29 nov (EFE).- Juli\u00e1n L\u00f3pez &quot;El Juli&quot; y Juan Jos\u00e9 Padilla triunfaron hoy en Ecuador, en la feria de Latacunga, en la que cortaron sendas orejas en un festejo agradable. Se lidiaron toros de Huagra Huiasi (caza del toro, en quechua) y de Triana, en un festejo que tuvo lugar en la plaza de\" \/>\n\t\t<meta name=\"twitter:label1\" content=\"Escrito por\" \/>\n\t\t<meta name=\"twitter:data1\" content=\"El Digital de Asturias\" \/>\n\t\t<meta name=\"twitter:label2\" content=\"Tiempo de lectura estimado\" \/>\n\t\t<meta name=\"twitter:data2\" content=\"1 minuto\" \/>\n\t\t<script type=\"application\/ld+json\" class=\"aioseo-schema\">\n\t\t\t{\"@context\":\"https:\\\/\\\/schema.org\",\"@graph\":[{\"@type\":\"BlogPosting\",\"@id\":\"https:\\\/\\\/www.eldigitaldeasturias.com\\\/noticias\\\/el-juli-y-padilla-logran-sendas-orejas-en-la-feria-ecuatoriana-de-latacunga\\\/#blogposting\",\"name\":\"El Juli y Padilla logran sendas orejas en la feria ecuatoriana de Latacunga - El Digital de Asturias\",\"headline\":\"El Juli y Padilla logran sendas orejas en la feria ecuatoriana de Latacunga\",\"author\":{\"@id\":\"https:\\\/\\\/www.eldigitaldeasturias.com\\\/noticias\\\/author\\\/admin\\\/#author\"},\"publisher\":{\"@id\":\"https:\\\/\\\/www.eldigitaldeasturias.com\\\/noticias\\\/#organization\"},\"image\":{\"@type\":\"ImageObject\",\"url\":456086},\"datePublished\":\"2013-11-30T10:05:38+01:00\",\"dateModified\":\"2013-11-30T10:05:38+01:00\",\"inLanguage\":\"es-ES\",\"mainEntityOfPage\":{\"@id\":\"https:\\\/\\\/www.eldigitaldeasturias.com\\\/noticias\\\/el-juli-y-padilla-logran-sendas-orejas-en-la-feria-ecuatoriana-de-latacunga\\\/#webpage\"},\"isPartOf\":{\"@id\":\"https:\\\/\\\/www.eldigitaldeasturias.com\\\/noticias\\\/el-juli-y-padilla-logran-sendas-orejas-en-la-feria-ecuatoriana-de-latacunga\\\/#webpage\"},\"articleSection\":\"Revista de Ocio\"},{\"@type\":\"BreadcrumbList\",\"@id\":\"https:\\\/\\\/www.eldigitaldeasturias.com\\\/noticias\\\/el-juli-y-padilla-logran-sendas-orejas-en-la-feria-ecuatoriana-de-latacunga\\\/#breadcrumblist\",\"itemListElement\":[{\"@type\":\"ListItem\",\"@id\":\"https:\\\/\\\/www.eldigitaldeasturias.com\\\/noticias#listItem\",\"position\":1,\"name\":\"Home\",\"item\":\"https:\\\/\\\/www.eldigitaldeasturias.com\\\/noticias\",\"nextItem\":{\"@type\":\"ListItem\",\"@id\":\"https:\\\/\\\/www.eldigitaldeasturias.com\\\/noticias\\\/category\\\/revista-de-ocio\\\/#listItem\",\"name\":\"Revista de Ocio\"}},{\"@type\":\"ListItem\",\"@id\":\"https:\\\/\\\/www.eldigitaldeasturias.com\\\/noticias\\\/category\\\/revista-de-ocio\\\/#listItem\",\"position\":2,\"name\":\"Revista de Ocio\",\"item\":\"https:\\\/\\\/www.eldigitaldeasturias.com\\\/noticias\\\/category\\\/revista-de-ocio\\\/\",\"nextItem\":{\"@type\":\"ListItem\",\"@id\":\"https:\\\/\\\/www.eldigitaldeasturias.com\\\/noticias\\\/el-juli-y-padilla-logran-sendas-orejas-en-la-feria-ecuatoriana-de-latacunga\\\/#listItem\",\"name\":\"El Juli y Padilla logran sendas orejas en la feria ecuatoriana de Latacunga\"},\"previousItem\":{\"@type\":\"ListItem\",\"@id\":\"https:\\\/\\\/www.eldigitaldeasturias.com\\\/noticias#listItem\",\"name\":\"Home\"}},{\"@type\":\"ListItem\",\"@id\":\"https:\\\/\\\/www.eldigitaldeasturias.com\\\/noticias\\\/el-juli-y-padilla-logran-sendas-orejas-en-la-feria-ecuatoriana-de-latacunga\\\/#listItem\",\"position\":3,\"name\":\"El Juli y Padilla logran sendas orejas en la feria ecuatoriana de Latacunga\",\"previousItem\":{\"@type\":\"ListItem\",\"@id\":\"https:\\\/\\\/www.eldigitaldeasturias.com\\\/noticias\\\/category\\\/revista-de-ocio\\\/#listItem\",\"name\":\"Revista de Ocio\"}}]},{\"@type\":\"Organization\",\"@id\":\"https:\\\/\\\/www.eldigitaldeasturias.com\\\/noticias\\\/#organization\",\"name\":\"El Digital de Asturias\",\"description\":\"Hemeroteca\",\"url\":\"https:\\\/\\\/www.eldigitaldeasturias.com\\\/noticias\\\/\",\"email\":\"info@eldigitaldeasturias.com\",\"telephone\":\"+34652131393\",\"logo\":{\"@type\":\"ImageObject\",\"url\":\"https:\\\/\\\/www.eldigitaldeasturias.com\\\/noticias\\\/wp-content\\\/uploads\\\/2020\\\/12\\\/EDA.jpg\",\"@id\":\"https:\\\/\\\/www.eldigitaldeasturias.com\\\/noticias\\\/el-juli-y-padilla-logran-sendas-orejas-en-la-feria-ecuatoriana-de-latacunga\\\/#organizationLogo\"},\"image\":{\"@id\":\"https:\\\/\\\/www.eldigitaldeasturias.com\\\/noticias\\\/el-juli-y-padilla-logran-sendas-orejas-en-la-feria-ecuatoriana-de-latacunga\\\/#organizationLogo\"},\"sameAs\":[\"https:\\\/\\\/facebook.com\\\/eldigitaldeasturias\",\"https:\\\/\\\/www.youtube.com\\\/channel\\\/UCZP-2wLEB9Rv6erhFmqVnvg\"],\"address\":{\"@id\":\"https:\\\/\\\/www.eldigitaldeasturias.com\\\/noticias\\\/#postaladdress\",\"@type\":\"PostalAddress\",\"streetAddress\":\"san antonio 4\",\"postalCode\":\"33430\",\"addressLocality\":\"Cand\\u00e1s\",\"addressRegion\":\"Asturias\",\"addressCountry\":\"ES\"}},{\"@type\":\"Person\",\"@id\":\"https:\\\/\\\/www.eldigitaldeasturias.com\\\/noticias\\\/author\\\/admin\\\/#author\",\"url\":\"https:\\\/\\\/www.eldigitaldeasturias.com\\\/noticias\\\/author\\\/admin\\\/\",\"name\":\"El Digital de Asturias\",\"image\":{\"@type\":\"ImageObject\",\"@id\":\"https:\\\/\\\/www.eldigitaldeasturias.com\\\/noticias\\\/el-juli-y-padilla-logran-sendas-orejas-en-la-feria-ecuatoriana-de-latacunga\\\/#authorImage\",\"url\":\"https:\\\/\\\/secure.gravatar.com\\\/avatar\\\/df2aeffc32bcd13f8d26072ef8a91b623d677766deac7f97ca815868cd41bf5e?s=96&d=mm&r=g\",\"width\":96,\"height\":96,\"caption\":\"El Digital de Asturias\"}},{\"@type\":\"WebPage\",\"@id\":\"https:\\\/\\\/www.eldigitaldeasturias.com\\\/noticias\\\/el-juli-y-padilla-logran-sendas-orejas-en-la-feria-ecuatoriana-de-latacunga\\\/#webpage\",\"url\":\"https:\\\/\\\/www.eldigitaldeasturias.com\\\/noticias\\\/el-juli-y-padilla-logran-sendas-orejas-en-la-feria-ecuatoriana-de-latacunga\\\/\",\"name\":\"El Juli y Padilla logran sendas orejas en la feria ecuatoriana de Latacunga - El Digital de Asturias\",\"description\":\"Quito, 29 nov (EFE).- Juli\\u00e1n L\\u00f3pez \\\"El Juli\\\" y Juan Jos\\u00e9 Padilla triunfaron hoy en Ecuador, en la feria de Latacunga, en la que cortaron sendas orejas en un festejo agradable. Se lidiaron toros de Huagra Huiasi (caza del toro, en quechua) y de Triana, en un festejo que tuvo lugar en la plaza de\",\"inLanguage\":\"es-ES\",\"isPartOf\":{\"@id\":\"https:\\\/\\\/www.eldigitaldeasturias.com\\\/noticias\\\/#website\"},\"breadcrumb\":{\"@id\":\"https:\\\/\\\/www.eldigitaldeasturias.com\\\/noticias\\\/el-juli-y-padilla-logran-sendas-orejas-en-la-feria-ecuatoriana-de-latacunga\\\/#breadcrumblist\"},\"author\":{\"@id\":\"https:\\\/\\\/www.eldigitaldeasturias.com\\\/noticias\\\/author\\\/admin\\\/#author\"},\"creator\":{\"@id\":\"https:\\\/\\\/www.eldigitaldeasturias.com\\\/noticias\\\/author\\\/admin\\\/#author\"},\"image\":{\"@type\":\"ImageObject\",\"url\":456086,\"@id\":\"https:\\\/\\\/www.eldigitaldeasturias.com\\\/noticias\\\/el-juli-y-padilla-logran-sendas-orejas-en-la-feria-ecuatoriana-de-latacunga\\\/#mainImage\"},\"primaryImageOfPage\":{\"@id\":\"https:\\\/\\\/www.eldigitaldeasturias.com\\\/noticias\\\/el-juli-y-padilla-logran-sendas-orejas-en-la-feria-ecuatoriana-de-latacunga\\\/#mainImage\"},\"datePublished\":\"2013-11-30T10:05:38+01:00\",\"dateModified\":\"2013-11-30T10:05:38+01:00\"},{\"@type\":\"WebSite\",\"@id\":\"https:\\\/\\\/www.eldigitaldeasturias.com\\\/noticias\\\/#website\",\"url\":\"https:\\\/\\\/www.eldigitaldeasturias.com\\\/noticias\\\/\",\"name\":\"El Digital de Asturias - Diario de actualidad y noticias\",\"alternateName\":\"El Digital de Asturias - Diario de actualidad y noticias\",\"description\":\"Hemeroteca\",\"inLanguage\":\"es-ES\",\"publisher\":{\"@id\":\"https:\\\/\\\/www.eldigitaldeasturias.com\\\/noticias\\\/#organization\"}}]}\n\t\t<\/script>\n\t\t<!-- All in One SEO Pro -->\r\n\t\t<title>El Juli y Padilla logran sendas orejas en la feria ecuatoriana de Latacunga - El Digital de Asturias<\/title>\n\n","aioseo_head_json":{"title":"El Juli y Padilla logran sendas orejas en la feria ecuatoriana de Latacunga - El Digital de Asturias","description":"Quito, 29 nov (EFE).- Juli\u00e1n L\u00f3pez \"El Juli\" y Juan Jos\u00e9 Padilla triunfaron hoy en Ecuador, en la feria de Latacunga, en la que cortaron sendas orejas en un festejo agradable. Se lidiaron toros de Huagra Huiasi (caza del toro, en quechua) y de Triana, en un festejo que tuvo lugar en la plaza de","canonical_url":"https:\/\/www.eldigitaldeasturias.com\/noticias\/el-juli-y-padilla-logran-sendas-orejas-en-la-feria-ecuatoriana-de-latacunga\/","robots":"max-image-preview:large","keywords":"revista de ocio","webmasterTools":{"google-site-verification":"UA-38556648-1","msvalidate.01":"7dfe9f3f1b24437ab69f4f2559babe99","miscellaneous":""},"schema":{"@context":"https:\/\/schema.org","@graph":[{"@type":"BlogPosting","@id":"https:\/\/www.eldigitaldeasturias.com\/noticias\/el-juli-y-padilla-logran-sendas-orejas-en-la-feria-ecuatoriana-de-latacunga\/#blogposting","name":"El Juli y Padilla logran sendas orejas en la feria ecuatoriana de Latacunga - El Digital de Asturias","headline":"El Juli y Padilla logran sendas orejas en la feria ecuatoriana de Latacunga","author":{"@id":"https:\/\/www.eldigitaldeasturias.com\/noticias\/author\/admin\/#author"},"publisher":{"@id":"https:\/\/www.eldigitaldeasturias.com\/noticias\/#organization"},"image":{"@type":"ImageObject","url":456086},"datePublished":"2013-11-30T10:05:38+01:00","dateModified":"2013-11-30T10:05:38+01:00","inLanguage":"es-ES","mainEntityOfPage":{"@id":"https:\/\/www.eldigitaldeasturias.com\/noticias\/el-juli-y-padilla-logran-sendas-orejas-en-la-feria-ecuatoriana-de-latacunga\/#webpage"},"isPartOf":{"@id":"https:\/\/www.eldigitaldeasturias.com\/noticias\/el-juli-y-padilla-logran-sendas-orejas-en-la-feria-ecuatoriana-de-latacunga\/#webpage"},"articleSection":"Revista de Ocio"},{"@type":"BreadcrumbList","@id":"https:\/\/www.eldigitaldeasturias.com\/noticias\/el-juli-y-padilla-logran-sendas-orejas-en-la-feria-ecuatoriana-de-latacunga\/#breadcrumblist","itemListElement":[{"@type":"ListItem","@id":"https:\/\/www.eldigitaldeasturias.com\/noticias#listItem","position":1,"name":"Home","item":"https:\/\/www.eldigitaldeasturias.com\/noticias","nextItem":{"@type":"ListItem","@id":"https:\/\/www.eldigitaldeasturias.com\/noticias\/category\/revista-de-ocio\/#listItem","name":"Revista de Ocio"}},{"@type":"ListItem","@id":"https:\/\/www.eldigitaldeasturias.com\/noticias\/category\/revista-de-ocio\/#listItem","position":2,"name":"Revista de Ocio","item":"https:\/\/www.eldigitaldeasturias.com\/noticias\/category\/revista-de-ocio\/","nextItem":{"@type":"ListItem","@id":"https:\/\/www.eldigitaldeasturias.com\/noticias\/el-juli-y-padilla-logran-sendas-orejas-en-la-feria-ecuatoriana-de-latacunga\/#listItem","name":"El Juli y Padilla logran sendas orejas en la feria ecuatoriana de Latacunga"},"previousItem":{"@type":"ListItem","@id":"https:\/\/www.eldigitaldeasturias.com\/noticias#listItem","name":"Home"}},{"@type":"ListItem","@id":"https:\/\/www.eldigitaldeasturias.com\/noticias\/el-juli-y-padilla-logran-sendas-orejas-en-la-feria-ecuatoriana-de-latacunga\/#listItem","position":3,"name":"El Juli y Padilla logran sendas orejas en la feria ecuatoriana de Latacunga","previousItem":{"@type":"ListItem","@id":"https:\/\/www.eldigitaldeasturias.com\/noticias\/category\/revista-de-ocio\/#listItem","name":"Revista de Ocio"}}]},{"@type":"Organization","@id":"https:\/\/www.eldigitaldeasturias.com\/noticias\/#organization","name":"El Digital de Asturias","description":"Hemeroteca","url":"https:\/\/www.eldigitaldeasturias.com\/noticias\/","email":"info@eldigitaldeasturias.com","telephone":"+34652131393","logo":{"@type":"ImageObject","url":"https:\/\/www.eldigitaldeasturias.com\/noticias\/wp-content\/uploads\/2020\/12\/EDA.jpg","@id":"https:\/\/www.eldigitaldeasturias.com\/noticias\/el-juli-y-padilla-logran-sendas-orejas-en-la-feria-ecuatoriana-de-latacunga\/#organizationLogo"},"image":{"@id":"https:\/\/www.eldigitaldeasturias.com\/noticias\/el-juli-y-padilla-logran-sendas-orejas-en-la-feria-ecuatoriana-de-latacunga\/#organizationLogo"},"sameAs":["https:\/\/facebook.com\/eldigitaldeasturias","https:\/\/www.youtube.com\/channel\/UCZP-2wLEB9Rv6erhFmqVnvg"],"address":{"@id":"https:\/\/www.eldigitaldeasturias.com\/noticias\/#postaladdress","@type":"PostalAddress","streetAddress":"san antonio 4","postalCode":"33430","addressLocality":"Cand\u00e1s","addressRegion":"Asturias","addressCountry":"ES"}},{"@type":"Person","@id":"https:\/\/www.eldigitaldeasturias.com\/noticias\/author\/admin\/#author","url":"https:\/\/www.eldigitaldeasturias.com\/noticias\/author\/admin\/","name":"El Digital de Asturias","image":{"@type":"ImageObject","@id":"https:\/\/www.eldigitaldeasturias.com\/noticias\/el-juli-y-padilla-logran-sendas-orejas-en-la-feria-ecuatoriana-de-latacunga\/#authorImage","url":"https:\/\/secure.gravatar.com\/avatar\/df2aeffc32bcd13f8d26072ef8a91b623d677766deac7f97ca815868cd41bf5e?s=96&d=mm&r=g","width":96,"height":96,"caption":"El Digital de Asturias"}},{"@type":"WebPage","@id":"https:\/\/www.eldigitaldeasturias.com\/noticias\/el-juli-y-padilla-logran-sendas-orejas-en-la-feria-ecuatoriana-de-latacunga\/#webpage","url":"https:\/\/www.eldigitaldeasturias.com\/noticias\/el-juli-y-padilla-logran-sendas-orejas-en-la-feria-ecuatoriana-de-latacunga\/","name":"El Juli y Padilla logran sendas orejas en la feria ecuatoriana de Latacunga - El Digital de Asturias","description":"Quito, 29 nov (EFE).- Juli\u00e1n L\u00f3pez \"El Juli\" y Juan Jos\u00e9 Padilla triunfaron hoy en Ecuador, en la feria de Latacunga, en la que cortaron sendas orejas en un festejo agradable. Se lidiaron toros de Huagra Huiasi (caza del toro, en quechua) y de Triana, en un festejo que tuvo lugar en la plaza de","inLanguage":"es-ES","isPartOf":{"@id":"https:\/\/www.eldigitaldeasturias.com\/noticias\/#website"},"breadcrumb":{"@id":"https:\/\/www.eldigitaldeasturias.com\/noticias\/el-juli-y-padilla-logran-sendas-orejas-en-la-feria-ecuatoriana-de-latacunga\/#breadcrumblist"},"author":{"@id":"https:\/\/www.eldigitaldeasturias.com\/noticias\/author\/admin\/#author"},"creator":{"@id":"https:\/\/www.eldigitaldeasturias.com\/noticias\/author\/admin\/#author"},"image":{"@type":"ImageObject","url":456086,"@id":"https:\/\/www.eldigitaldeasturias.com\/noticias\/el-juli-y-padilla-logran-sendas-orejas-en-la-feria-ecuatoriana-de-latacunga\/#mainImage"},"primaryImageOfPage":{"@id":"https:\/\/www.eldigitaldeasturias.com\/noticias\/el-juli-y-padilla-logran-sendas-orejas-en-la-feria-ecuatoriana-de-latacunga\/#mainImage"},"datePublished":"2013-11-30T10:05:38+01:00","dateModified":"2013-11-30T10:05:38+01:00"},{"@type":"WebSite","@id":"https:\/\/www.eldigitaldeasturias.com\/noticias\/#website","url":"https:\/\/www.eldigitaldeasturias.com\/noticias\/","name":"El Digital de Asturias - Diario de actualidad y noticias","alternateName":"El Digital de Asturias - Diario de actualidad y noticias","description":"Hemeroteca","inLanguage":"es-ES","publisher":{"@id":"https:\/\/www.eldigitaldeasturias.com\/noticias\/#organization"}}]},"og:locale":"es_ES","og:site_name":"El Digital de Asturias","og:type":"article","og:title":"El Juli y Padilla logran sendas orejas en la feria ecuatoriana de Latacunga - El Digital de Asturias","og:description":"Quito, 29 nov (EFE).- Juli\u00e1n L\u00f3pez &quot;El Juli&quot; y Juan Jos\u00e9 Padilla triunfaron hoy en Ecuador, en la feria de Latacunga, en la que cortaron sendas orejas en un festejo agradable. Se lidiaron toros de Huagra Huiasi (caza del toro, en quechua) y de Triana, en un festejo que tuvo lugar en la plaza de","og:url":"https:\/\/www.eldigitaldeasturias.com\/noticias\/el-juli-y-padilla-logran-sendas-orejas-en-la-feria-ecuatoriana-de-latacunga\/","article:tag":["revista de ocio"],"article:published_time":"2013-11-30T11:05:38+00:00","article:modified_time":"2013-11-30T11:05:38+00:00","article:publisher":"https:\/\/facebook.com\/eldigitaldeasturias","twitter:card":"summary_large_image","twitter:title":"El Juli y Padilla logran sendas orejas en la feria ecuatoriana de Latacunga - El Digital de Asturias","twitter:description":"Quito, 29 nov (EFE).- Juli\u00e1n L\u00f3pez &quot;El Juli&quot; y Juan Jos\u00e9 Padilla triunfaron hoy en Ecuador, en la feria de Latacunga, en la que cortaron sendas orejas en un festejo agradable. Se lidiaron toros de Huagra Huiasi (caza del toro, en quechua) y de Triana, en un festejo que tuvo lugar en la plaza de","twitter:label1":"Escrito por","twitter:data1":"El Digital de Asturias","twitter:label2":"Tiempo de lectura estimado","twitter:data2":"1 minuto"},"aioseo_meta_data":{"post_id":"456085","title":null,"description":null,"keywords":null,"keyphrases":null,"primary_term":null,"canonical_url":null,"og_title":null,"og_description":null,"og_object_type":"default","og_image_type":"default","og_image_url":null,"og_image_width":null,"og_image_height":null,"og_image_custom_url":null,"og_image_custom_fields":null,"og_video":null,"og_custom_url":null,"og_article_section":null,"og_article_tags":null,"twitter_use_og":true,"twitter_card":"default","twitter_image_type":"default","twitter_image_url":null,"twitter_image_custom_url":null,"twitter_image_custom_fields":null,"twitter_title":null,"twitter_description":null,"schema":{"blockGraphs":[],"customGraphs":[],"default":{"data":{"Article":[],"Course":[],"Dataset":[],"FAQPage":[],"Movie":[],"Person":[],"Product":[],"ProductReview":[],"Car":[],"Recipe":[],"Service":[],"SoftwareApplication":[],"WebPage":[]},"graphName":"","isEnabled":true},"graphs":[],"defaultGraph":"","defaultPostTypeGraph":""},"schema_type":null,"schema_type_options":null,"pillar_content":false,"robots_default":true,"robots_noindex":false,"robots_noarchive":false,"robots_nosnippet":false,"robots_nofollow":false,"robots_noimageindex":false,"robots_noodp":false,"robots_notranslate":false,"robots_max_snippet":null,"robots_max_videopreview":null,"robots_max_imagepreview":"none","priority":null,"frequency":null,"local_seo":null,"seo_analyzer_scan_date":"2026-05-29 20:43:58","breadcrumb_settings":null,"limit_modified_date":false,"open_ai":null,"ai":null,"created":"2020-11-14 22:45:28","updated":"2026-05-29 20:43:58","focus_keyword":null,"additional_keywords":null,"truseo_locale":null},"aioseo_breadcrumb":"<div class=\"aioseo-breadcrumbs\"><span class=\"aioseo-breadcrumb\">\n\t<a href=\"https:\/\/www.eldigitaldeasturias.com\/noticias\" title=\"Home\">Home<\/a>\n<\/span><span class=\"aioseo-breadcrumb-separator\">\u2013<\/span><span class=\"aioseo-breadcrumb\">\n\t<a href=\"https:\/\/www.eldigitaldeasturias.com\/noticias\/category\/revista-de-ocio\/\" title=\"Revista de Ocio\">Revista de Ocio<\/a>\n<\/span><span class=\"aioseo-breadcrumb-separator\">\u2013<\/span><span class=\"aioseo-breadcrumb\">\n\t<a href=\"https:\/\/www.eldigitaldeasturias.com\/noticias\/el-juli-y-padilla-logran-sendas-orejas-en-la-feria-ecuatoriana-de-latacunga\/\" title=\"El Juli y Padilla logran sendas orejas en la feria ecuatoriana de Latacunga\">El Juli y Padilla logran sendas orejas en la feria ecuatoriana de Latacunga<\/a>\n<\/span><\/div>","aioseo_breadcrumb_json":[{"label":"Home","link":"https:\/\/www.eldigitaldeasturias.com\/noticias"},{"label":"Revista de Ocio","link":"https:\/\/www.eldigitaldeasturias.com\/noticias\/category\/revista-de-ocio\/"},{"label":"El Juli y Padilla logran sendas orejas en la feria ecuatoriana de Latacunga","link":"https:\/\/www.eldigitaldeasturias.com\/noticias\/el-juli-y-padilla-logran-sendas-orejas-en-la-feria-ecuatoriana-de-latacunga\/"}],"_links":{"self":[{"href":"https:\/\/www.eldigitaldeasturias.com\/noticias\/wp-json\/wp\/v2\/posts\/456085","targetHints":{"allow":["GET"]}}],"collection":[{"href":"https:\/\/www.eldigitaldeasturias.com\/noticias\/wp-json\/wp\/v2\/posts"}],"about":[{"href":"https:\/\/www.eldigitaldeasturias.com\/noticias\/wp-json\/wp\/v2\/types\/post"}],"author":[{"embeddable":true,"href":"https:\/\/www.eldigitaldeasturias.com\/noticias\/wp-json\/wp\/v2\/users\/1"}],"replies":[{"embeddable":true,"href":"https:\/\/www.eldigitaldeasturias.com\/noticias\/wp-json\/wp\/v2\/comments?post=456085"}],"version-history":[{"count":0,"href":"https:\/\/www.eldigitaldeasturias.com\/noticias\/wp-json\/wp\/v2\/posts\/456085\/revisions"}],"wp:attachment":[{"href":"https:\/\/www.eldigitaldeasturias.com\/noticias\/wp-json\/wp\/v2\/media?parent=456085"}],"wp:term":[{"taxonomy":"category","embeddable":true,"href":"https:\/\/www.eldigitaldeasturias.com\/noticias\/wp-json\/wp\/v2\/categories?post=456085"},{"taxonomy":"post_tag","embeddable":true,"href":"https:\/\/www.eldigitaldeasturias.com\/noticias\/wp-json\/wp\/v2\/tags?post=456085"}],"curies":[{"name":"wp","href":"https:\/\/api.w.org\/{rel}","templated":true}]}}