{"id":456061,"date":"2013-11-30T09:55:43","date_gmt":"2013-11-30T10:55:43","guid":{"rendered":"http:\/\/www.eldigitaldeasturias.com\/noticias\/?p=456061"},"modified":"2013-11-30T09:55:43","modified_gmt":"2013-11-30T10:55:43","slug":"iglesia-cancela-visita-de-cardenal-venezolano-jorge-urosa-a-nicaragua","status":"publish","type":"post","link":"https:\/\/www.eldigitaldeasturias.com\/noticias\/iglesia-cancela-visita-de-cardenal-venezolano-jorge-urosa-a-nicaragua\/","title":{"rendered":"Iglesia cancela visita de cardenal venezolano Jorge Urosa a Nicaragua"},"content":{"rendered":"<p><img loading=\"lazy\" decoding=\"async\" class=\"alignleft size-medium wp-image-456062\" alt=\"5763056w\" src=\"https:\/\/www.eldigitaldeasturias.com\/noticias\/wp-content\/uploads\/2013\/11\/5763056w-360x247.jpg\" width=\"360\" height=\"247\" \/>Managua, 29 nov (EFE).- El cardenal venezolano Jorge Urosa no visitar\u00e1 Nicaragua para representar al papa Francisco en la conmemoraci\u00f3n del Centenario de la Provincia Eclesi\u00e1stica de este pa\u00eds por razones de salud, anunci\u00f3 hoy la Conferencia Episcopal de Nicaragua.<\/p>\n<p>\u00abPor motivos de salud, su eminencia reverend\u00edsima Cardenal Jorge Liberato Urosa Savino, arzobispo de Caracas, no podr\u00e1 asistir como enviado especial de su santidad el papa Francisco, para clausurar el trienio de celebraciones en ocasi\u00f3n del Centenario de la erecci\u00f3n de la Provincia Eclesi\u00e1stica de Nicaragua\u00bb, inform\u00f3 la Conferencia Episcopal en un comunicado.<\/p>\n<p>Urosa hab\u00eda sido encomendado para presidir la eucarist\u00eda solemne de acci\u00f3n de gracias en Managua, el 2 de diciembre pr\u00f3ximo, fecha en que la Provincia Eclesi\u00e1stica de Nicaragua cumple su primer centenario de fundaci\u00f3n.<\/p>\n<p>En sustituci\u00f3n del cardenal venezolano acudir\u00e1 el cardenal Nicol\u00e1s de Jes\u00fas P\u00e9rez Rodr\u00edguez, arzobispo metropolitano de Santo Domingo y Primado de Am\u00e9rica, confirm\u00f3 la Conferencia Episcopal.<\/p>\n<p>P\u00e9rez presidir\u00e1 la eucarist\u00eda solemne del 2 de diciembre a las 10.00 hora local (16.00 GMT).<\/p>\n<p>El cardenal dominicano llegar\u00e1 a Nicaragua el s\u00e1bado 30 de noviembre, inform\u00f3 el clero.<\/p>\n","protected":false},"excerpt":{"rendered":"<p>Managua, 29 nov (EFE).- El cardenal venezolano Jorge Urosa no visitar\u00e1 Nicaragua para representar al papa Francisco en la conmemoraci\u00f3n del Centenario de la Provincia Eclesi\u00e1stica de este pa\u00eds por razones de salud, anunci\u00f3 hoy la Conferencia Episcopal de Nicaragua. \u00abPor motivos de salud, su eminencia reverend\u00edsima Cardenal Jorge Liberato Urosa Savino, arzobispo de Caracas, [&hellip;]<\/p>\n","protected":false},"author":1,"featured_media":456062,"comment_status":"closed","ping_status":"open","sticky":false,"template":"","format":"standard","meta":{"footnotes":""},"categories":[28],"tags":[],"class_list":["post-456061","post","type-post","status-publish","format-standard","has-post-thumbnail","hentry","category-sociedad"],"aioseo_notices":[],"aioseo_head":"\n\t\t<!-- All in One SEO Pro 5.0.1 - aioseo.com -->\n\t<meta name=\"description\" content=\"Managua, 29 nov (EFE).- El cardenal venezolano Jorge Urosa no visitar\u00e1 Nicaragua para representar al papa Francisco en la conmemoraci\u00f3n del Centenario de la Provincia Eclesi\u00e1stica de este pa\u00eds por razones de salud, anunci\u00f3 hoy la Conferencia Episcopal de Nicaragua. &quot;Por motivos de salud, su eminencia reverend\u00edsima Cardenal Jorge Liberato Urosa Savino, arzobispo de Caracas,\" \/>\n\t<meta name=\"robots\" content=\"max-image-preview:large\" \/>\n\t<meta name=\"author\" content=\"El Digital de Asturias\"\/>\n\t<meta name=\"google-site-verification\" content=\"UA-38556648-1\" \/>\n\t<meta name=\"msvalidate.01\" content=\"7dfe9f3f1b24437ab69f4f2559babe99\" \/>\n\t<meta name=\"keywords\" content=\"sociedad\" \/>\n\t<link rel=\"canonical\" href=\"https:\/\/www.eldigitaldeasturias.com\/noticias\/iglesia-cancela-visita-de-cardenal-venezolano-jorge-urosa-a-nicaragua\/\" \/>\n\t<meta name=\"generator\" content=\"All in One SEO Pro (AIOSEO) 5.0.1\" \/>\n\t\t<meta property=\"og:locale\" content=\"es_ES\" \/>\n\t\t<meta property=\"og:site_name\" content=\"El Digital de Asturias\" \/>\n\t\t<meta property=\"og:type\" content=\"article\" \/>\n\t\t<meta property=\"og:title\" content=\"Iglesia cancela visita de cardenal venezolano Jorge Urosa a Nicaragua - El Digital de Asturias\" \/>\n\t\t<meta property=\"og:description\" content=\"Managua, 29 nov (EFE).- El cardenal venezolano Jorge Urosa no visitar\u00e1 Nicaragua para representar al papa Francisco en la conmemoraci\u00f3n del Centenario de la Provincia Eclesi\u00e1stica de este pa\u00eds por razones de salud, anunci\u00f3 hoy la Conferencia Episcopal de Nicaragua. &quot;Por motivos de salud, su eminencia reverend\u00edsima Cardenal Jorge Liberato Urosa Savino, arzobispo de Caracas,\" \/>\n\t\t<meta property=\"og:url\" content=\"https:\/\/www.eldigitaldeasturias.com\/noticias\/iglesia-cancela-visita-de-cardenal-venezolano-jorge-urosa-a-nicaragua\/\" \/>\n\t\t<meta property=\"article:tag\" content=\"sociedad\" \/>\n\t\t<meta property=\"article:published_time\" content=\"2013-11-30T10:55:43+00:00\" \/>\n\t\t<meta property=\"article:modified_time\" content=\"2013-11-30T10:55:43+00:00\" \/>\n\t\t<meta property=\"article:publisher\" content=\"https:\/\/facebook.com\/eldigitaldeasturias\" \/>\n\t\t<meta name=\"twitter:card\" content=\"summary_large_image\" \/>\n\t\t<meta name=\"twitter:title\" content=\"Iglesia cancela visita de cardenal venezolano Jorge Urosa a Nicaragua - El Digital de Asturias\" \/>\n\t\t<meta name=\"twitter:description\" content=\"Managua, 29 nov (EFE).- El cardenal venezolano Jorge Urosa no visitar\u00e1 Nicaragua para representar al papa Francisco en la conmemoraci\u00f3n del Centenario de la Provincia Eclesi\u00e1stica de este pa\u00eds por razones de salud, anunci\u00f3 hoy la Conferencia Episcopal de Nicaragua. &quot;Por motivos de salud, su eminencia reverend\u00edsima Cardenal Jorge Liberato Urosa Savino, arzobispo de Caracas,\" \/>\n\t\t<meta name=\"twitter:label1\" content=\"Escrito por\" \/>\n\t\t<meta name=\"twitter:data1\" content=\"El Digital de Asturias\" \/>\n\t\t<meta name=\"twitter:label2\" content=\"Tiempo de lectura estimado\" \/>\n\t\t<meta name=\"twitter:data2\" content=\"1 minuto\" \/>\n\t\t<script type=\"application\/ld+json\" class=\"aioseo-schema\">\n\t\t\t{\"@context\":\"https:\\\/\\\/schema.org\",\"@graph\":[{\"@type\":\"BlogPosting\",\"@id\":\"https:\\\/\\\/www.eldigitaldeasturias.com\\\/noticias\\\/iglesia-cancela-visita-de-cardenal-venezolano-jorge-urosa-a-nicaragua\\\/#blogposting\",\"name\":\"Iglesia cancela visita de cardenal venezolano Jorge Urosa a Nicaragua - El Digital de Asturias\",\"headline\":\"Iglesia cancela visita de cardenal venezolano Jorge Urosa a Nicaragua\",\"author\":{\"@id\":\"https:\\\/\\\/www.eldigitaldeasturias.com\\\/noticias\\\/author\\\/admin\\\/#author\"},\"publisher\":{\"@id\":\"https:\\\/\\\/www.eldigitaldeasturias.com\\\/noticias\\\/#organization\"},\"image\":{\"@type\":\"ImageObject\",\"url\":456062},\"datePublished\":\"2013-11-30T09:55:43+01:00\",\"dateModified\":\"2013-11-30T09:55:43+01:00\",\"inLanguage\":\"es-ES\",\"mainEntityOfPage\":{\"@id\":\"https:\\\/\\\/www.eldigitaldeasturias.com\\\/noticias\\\/iglesia-cancela-visita-de-cardenal-venezolano-jorge-urosa-a-nicaragua\\\/#webpage\"},\"isPartOf\":{\"@id\":\"https:\\\/\\\/www.eldigitaldeasturias.com\\\/noticias\\\/iglesia-cancela-visita-de-cardenal-venezolano-jorge-urosa-a-nicaragua\\\/#webpage\"},\"articleSection\":\"Sociedad\"},{\"@type\":\"BreadcrumbList\",\"@id\":\"https:\\\/\\\/www.eldigitaldeasturias.com\\\/noticias\\\/iglesia-cancela-visita-de-cardenal-venezolano-jorge-urosa-a-nicaragua\\\/#breadcrumblist\",\"itemListElement\":[{\"@type\":\"ListItem\",\"@id\":\"https:\\\/\\\/www.eldigitaldeasturias.com\\\/noticias#listItem\",\"position\":1,\"name\":\"Home\",\"item\":\"https:\\\/\\\/www.eldigitaldeasturias.com\\\/noticias\",\"nextItem\":{\"@type\":\"ListItem\",\"@id\":\"https:\\\/\\\/www.eldigitaldeasturias.com\\\/noticias\\\/category\\\/sociedad\\\/#listItem\",\"name\":\"Sociedad\"}},{\"@type\":\"ListItem\",\"@id\":\"https:\\\/\\\/www.eldigitaldeasturias.com\\\/noticias\\\/category\\\/sociedad\\\/#listItem\",\"position\":2,\"name\":\"Sociedad\",\"item\":\"https:\\\/\\\/www.eldigitaldeasturias.com\\\/noticias\\\/category\\\/sociedad\\\/\",\"nextItem\":{\"@type\":\"ListItem\",\"@id\":\"https:\\\/\\\/www.eldigitaldeasturias.com\\\/noticias\\\/iglesia-cancela-visita-de-cardenal-venezolano-jorge-urosa-a-nicaragua\\\/#listItem\",\"name\":\"Iglesia cancela visita de cardenal venezolano Jorge Urosa a Nicaragua\"},\"previousItem\":{\"@type\":\"ListItem\",\"@id\":\"https:\\\/\\\/www.eldigitaldeasturias.com\\\/noticias#listItem\",\"name\":\"Home\"}},{\"@type\":\"ListItem\",\"@id\":\"https:\\\/\\\/www.eldigitaldeasturias.com\\\/noticias\\\/iglesia-cancela-visita-de-cardenal-venezolano-jorge-urosa-a-nicaragua\\\/#listItem\",\"position\":3,\"name\":\"Iglesia cancela visita de cardenal venezolano Jorge Urosa a Nicaragua\",\"previousItem\":{\"@type\":\"ListItem\",\"@id\":\"https:\\\/\\\/www.eldigitaldeasturias.com\\\/noticias\\\/category\\\/sociedad\\\/#listItem\",\"name\":\"Sociedad\"}}]},{\"@type\":\"Organization\",\"@id\":\"https:\\\/\\\/www.eldigitaldeasturias.com\\\/noticias\\\/#organization\",\"name\":\"El Digital de Asturias\",\"description\":\"Hemeroteca\",\"url\":\"https:\\\/\\\/www.eldigitaldeasturias.com\\\/noticias\\\/\",\"email\":\"info@eldigitaldeasturias.com\",\"telephone\":\"+34652131393\",\"logo\":{\"@type\":\"ImageObject\",\"url\":\"https:\\\/\\\/www.eldigitaldeasturias.com\\\/noticias\\\/wp-content\\\/uploads\\\/2020\\\/12\\\/EDA.jpg\",\"@id\":\"https:\\\/\\\/www.eldigitaldeasturias.com\\\/noticias\\\/iglesia-cancela-visita-de-cardenal-venezolano-jorge-urosa-a-nicaragua\\\/#organizationLogo\"},\"image\":{\"@id\":\"https:\\\/\\\/www.eldigitaldeasturias.com\\\/noticias\\\/iglesia-cancela-visita-de-cardenal-venezolano-jorge-urosa-a-nicaragua\\\/#organizationLogo\"},\"sameAs\":[\"https:\\\/\\\/facebook.com\\\/eldigitaldeasturias\",\"https:\\\/\\\/www.youtube.com\\\/channel\\\/UCZP-2wLEB9Rv6erhFmqVnvg\"],\"address\":{\"@id\":\"https:\\\/\\\/www.eldigitaldeasturias.com\\\/noticias\\\/#postaladdress\",\"@type\":\"PostalAddress\",\"streetAddress\":\"san antonio 4\",\"postalCode\":\"33430\",\"addressLocality\":\"Cand\\u00e1s\",\"addressRegion\":\"Asturias\",\"addressCountry\":\"ES\"}},{\"@type\":\"Person\",\"@id\":\"https:\\\/\\\/www.eldigitaldeasturias.com\\\/noticias\\\/author\\\/admin\\\/#author\",\"url\":\"https:\\\/\\\/www.eldigitaldeasturias.com\\\/noticias\\\/author\\\/admin\\\/\",\"name\":\"El Digital de Asturias\",\"image\":{\"@type\":\"ImageObject\",\"@id\":\"https:\\\/\\\/www.eldigitaldeasturias.com\\\/noticias\\\/iglesia-cancela-visita-de-cardenal-venezolano-jorge-urosa-a-nicaragua\\\/#authorImage\",\"url\":\"https:\\\/\\\/secure.gravatar.com\\\/avatar\\\/df2aeffc32bcd13f8d26072ef8a91b623d677766deac7f97ca815868cd41bf5e?s=96&d=mm&r=g\",\"width\":96,\"height\":96,\"caption\":\"El Digital de Asturias\"}},{\"@type\":\"WebPage\",\"@id\":\"https:\\\/\\\/www.eldigitaldeasturias.com\\\/noticias\\\/iglesia-cancela-visita-de-cardenal-venezolano-jorge-urosa-a-nicaragua\\\/#webpage\",\"url\":\"https:\\\/\\\/www.eldigitaldeasturias.com\\\/noticias\\\/iglesia-cancela-visita-de-cardenal-venezolano-jorge-urosa-a-nicaragua\\\/\",\"name\":\"Iglesia cancela visita de cardenal venezolano Jorge Urosa a Nicaragua - El Digital de Asturias\",\"description\":\"Managua, 29 nov (EFE).- El cardenal venezolano Jorge Urosa no visitar\\u00e1 Nicaragua para representar al papa Francisco en la conmemoraci\\u00f3n del Centenario de la Provincia Eclesi\\u00e1stica de este pa\\u00eds por razones de salud, anunci\\u00f3 hoy la Conferencia Episcopal de Nicaragua. \\\"Por motivos de salud, su eminencia reverend\\u00edsima Cardenal Jorge Liberato Urosa Savino, arzobispo de Caracas,\",\"inLanguage\":\"es-ES\",\"isPartOf\":{\"@id\":\"https:\\\/\\\/www.eldigitaldeasturias.com\\\/noticias\\\/#website\"},\"breadcrumb\":{\"@id\":\"https:\\\/\\\/www.eldigitaldeasturias.com\\\/noticias\\\/iglesia-cancela-visita-de-cardenal-venezolano-jorge-urosa-a-nicaragua\\\/#breadcrumblist\"},\"author\":{\"@id\":\"https:\\\/\\\/www.eldigitaldeasturias.com\\\/noticias\\\/author\\\/admin\\\/#author\"},\"creator\":{\"@id\":\"https:\\\/\\\/www.eldigitaldeasturias.com\\\/noticias\\\/author\\\/admin\\\/#author\"},\"image\":{\"@type\":\"ImageObject\",\"url\":456062,\"@id\":\"https:\\\/\\\/www.eldigitaldeasturias.com\\\/noticias\\\/iglesia-cancela-visita-de-cardenal-venezolano-jorge-urosa-a-nicaragua\\\/#mainImage\"},\"primaryImageOfPage\":{\"@id\":\"https:\\\/\\\/www.eldigitaldeasturias.com\\\/noticias\\\/iglesia-cancela-visita-de-cardenal-venezolano-jorge-urosa-a-nicaragua\\\/#mainImage\"},\"datePublished\":\"2013-11-30T09:55:43+01:00\",\"dateModified\":\"2013-11-30T09:55:43+01:00\"},{\"@type\":\"WebSite\",\"@id\":\"https:\\\/\\\/www.eldigitaldeasturias.com\\\/noticias\\\/#website\",\"url\":\"https:\\\/\\\/www.eldigitaldeasturias.com\\\/noticias\\\/\",\"name\":\"El Digital de Asturias - Diario de actualidad y noticias\",\"alternateName\":\"El Digital de Asturias - Diario de actualidad y noticias\",\"description\":\"Hemeroteca\",\"inLanguage\":\"es-ES\",\"publisher\":{\"@id\":\"https:\\\/\\\/www.eldigitaldeasturias.com\\\/noticias\\\/#organization\"}}]}\n\t\t<\/script>\n\t\t<!-- All in One SEO Pro -->\r\n\t\t<title>Iglesia cancela visita de cardenal venezolano Jorge Urosa a Nicaragua - El Digital de Asturias<\/title>\n\n","aioseo_head_json":{"title":"Iglesia cancela visita de cardenal venezolano Jorge Urosa a Nicaragua - El Digital de Asturias","description":"Managua, 29 nov (EFE).- El cardenal venezolano Jorge Urosa no visitar\u00e1 Nicaragua para representar al papa Francisco en la conmemoraci\u00f3n del Centenario de la Provincia Eclesi\u00e1stica de este pa\u00eds por razones de salud, anunci\u00f3 hoy la Conferencia Episcopal de Nicaragua. \"Por motivos de salud, su eminencia reverend\u00edsima Cardenal Jorge Liberato Urosa Savino, arzobispo de Caracas,","canonical_url":"https:\/\/www.eldigitaldeasturias.com\/noticias\/iglesia-cancela-visita-de-cardenal-venezolano-jorge-urosa-a-nicaragua\/","robots":"max-image-preview:large","keywords":"sociedad","webmasterTools":{"google-site-verification":"UA-38556648-1","msvalidate.01":"7dfe9f3f1b24437ab69f4f2559babe99","miscellaneous":""},"schema":{"@context":"https:\/\/schema.org","@graph":[{"@type":"BlogPosting","@id":"https:\/\/www.eldigitaldeasturias.com\/noticias\/iglesia-cancela-visita-de-cardenal-venezolano-jorge-urosa-a-nicaragua\/#blogposting","name":"Iglesia cancela visita de cardenal venezolano Jorge Urosa a Nicaragua - El Digital de Asturias","headline":"Iglesia cancela visita de cardenal venezolano Jorge Urosa a Nicaragua","author":{"@id":"https:\/\/www.eldigitaldeasturias.com\/noticias\/author\/admin\/#author"},"publisher":{"@id":"https:\/\/www.eldigitaldeasturias.com\/noticias\/#organization"},"image":{"@type":"ImageObject","url":456062},"datePublished":"2013-11-30T09:55:43+01:00","dateModified":"2013-11-30T09:55:43+01:00","inLanguage":"es-ES","mainEntityOfPage":{"@id":"https:\/\/www.eldigitaldeasturias.com\/noticias\/iglesia-cancela-visita-de-cardenal-venezolano-jorge-urosa-a-nicaragua\/#webpage"},"isPartOf":{"@id":"https:\/\/www.eldigitaldeasturias.com\/noticias\/iglesia-cancela-visita-de-cardenal-venezolano-jorge-urosa-a-nicaragua\/#webpage"},"articleSection":"Sociedad"},{"@type":"BreadcrumbList","@id":"https:\/\/www.eldigitaldeasturias.com\/noticias\/iglesia-cancela-visita-de-cardenal-venezolano-jorge-urosa-a-nicaragua\/#breadcrumblist","itemListElement":[{"@type":"ListItem","@id":"https:\/\/www.eldigitaldeasturias.com\/noticias#listItem","position":1,"name":"Home","item":"https:\/\/www.eldigitaldeasturias.com\/noticias","nextItem":{"@type":"ListItem","@id":"https:\/\/www.eldigitaldeasturias.com\/noticias\/category\/sociedad\/#listItem","name":"Sociedad"}},{"@type":"ListItem","@id":"https:\/\/www.eldigitaldeasturias.com\/noticias\/category\/sociedad\/#listItem","position":2,"name":"Sociedad","item":"https:\/\/www.eldigitaldeasturias.com\/noticias\/category\/sociedad\/","nextItem":{"@type":"ListItem","@id":"https:\/\/www.eldigitaldeasturias.com\/noticias\/iglesia-cancela-visita-de-cardenal-venezolano-jorge-urosa-a-nicaragua\/#listItem","name":"Iglesia cancela visita de cardenal venezolano Jorge Urosa a Nicaragua"},"previousItem":{"@type":"ListItem","@id":"https:\/\/www.eldigitaldeasturias.com\/noticias#listItem","name":"Home"}},{"@type":"ListItem","@id":"https:\/\/www.eldigitaldeasturias.com\/noticias\/iglesia-cancela-visita-de-cardenal-venezolano-jorge-urosa-a-nicaragua\/#listItem","position":3,"name":"Iglesia cancela visita de cardenal venezolano Jorge Urosa a Nicaragua","previousItem":{"@type":"ListItem","@id":"https:\/\/www.eldigitaldeasturias.com\/noticias\/category\/sociedad\/#listItem","name":"Sociedad"}}]},{"@type":"Organization","@id":"https:\/\/www.eldigitaldeasturias.com\/noticias\/#organization","name":"El Digital de Asturias","description":"Hemeroteca","url":"https:\/\/www.eldigitaldeasturias.com\/noticias\/","email":"info@eldigitaldeasturias.com","telephone":"+34652131393","logo":{"@type":"ImageObject","url":"https:\/\/www.eldigitaldeasturias.com\/noticias\/wp-content\/uploads\/2020\/12\/EDA.jpg","@id":"https:\/\/www.eldigitaldeasturias.com\/noticias\/iglesia-cancela-visita-de-cardenal-venezolano-jorge-urosa-a-nicaragua\/#organizationLogo"},"image":{"@id":"https:\/\/www.eldigitaldeasturias.com\/noticias\/iglesia-cancela-visita-de-cardenal-venezolano-jorge-urosa-a-nicaragua\/#organizationLogo"},"sameAs":["https:\/\/facebook.com\/eldigitaldeasturias","https:\/\/www.youtube.com\/channel\/UCZP-2wLEB9Rv6erhFmqVnvg"],"address":{"@id":"https:\/\/www.eldigitaldeasturias.com\/noticias\/#postaladdress","@type":"PostalAddress","streetAddress":"san antonio 4","postalCode":"33430","addressLocality":"Cand\u00e1s","addressRegion":"Asturias","addressCountry":"ES"}},{"@type":"Person","@id":"https:\/\/www.eldigitaldeasturias.com\/noticias\/author\/admin\/#author","url":"https:\/\/www.eldigitaldeasturias.com\/noticias\/author\/admin\/","name":"El Digital de Asturias","image":{"@type":"ImageObject","@id":"https:\/\/www.eldigitaldeasturias.com\/noticias\/iglesia-cancela-visita-de-cardenal-venezolano-jorge-urosa-a-nicaragua\/#authorImage","url":"https:\/\/secure.gravatar.com\/avatar\/df2aeffc32bcd13f8d26072ef8a91b623d677766deac7f97ca815868cd41bf5e?s=96&d=mm&r=g","width":96,"height":96,"caption":"El Digital de Asturias"}},{"@type":"WebPage","@id":"https:\/\/www.eldigitaldeasturias.com\/noticias\/iglesia-cancela-visita-de-cardenal-venezolano-jorge-urosa-a-nicaragua\/#webpage","url":"https:\/\/www.eldigitaldeasturias.com\/noticias\/iglesia-cancela-visita-de-cardenal-venezolano-jorge-urosa-a-nicaragua\/","name":"Iglesia cancela visita de cardenal venezolano Jorge Urosa a Nicaragua - El Digital de Asturias","description":"Managua, 29 nov (EFE).- El cardenal venezolano Jorge Urosa no visitar\u00e1 Nicaragua para representar al papa Francisco en la conmemoraci\u00f3n del Centenario de la Provincia Eclesi\u00e1stica de este pa\u00eds por razones de salud, anunci\u00f3 hoy la Conferencia Episcopal de Nicaragua. \"Por motivos de salud, su eminencia reverend\u00edsima Cardenal Jorge Liberato Urosa Savino, arzobispo de Caracas,","inLanguage":"es-ES","isPartOf":{"@id":"https:\/\/www.eldigitaldeasturias.com\/noticias\/#website"},"breadcrumb":{"@id":"https:\/\/www.eldigitaldeasturias.com\/noticias\/iglesia-cancela-visita-de-cardenal-venezolano-jorge-urosa-a-nicaragua\/#breadcrumblist"},"author":{"@id":"https:\/\/www.eldigitaldeasturias.com\/noticias\/author\/admin\/#author"},"creator":{"@id":"https:\/\/www.eldigitaldeasturias.com\/noticias\/author\/admin\/#author"},"image":{"@type":"ImageObject","url":456062,"@id":"https:\/\/www.eldigitaldeasturias.com\/noticias\/iglesia-cancela-visita-de-cardenal-venezolano-jorge-urosa-a-nicaragua\/#mainImage"},"primaryImageOfPage":{"@id":"https:\/\/www.eldigitaldeasturias.com\/noticias\/iglesia-cancela-visita-de-cardenal-venezolano-jorge-urosa-a-nicaragua\/#mainImage"},"datePublished":"2013-11-30T09:55:43+01:00","dateModified":"2013-11-30T09:55:43+01:00"},{"@type":"WebSite","@id":"https:\/\/www.eldigitaldeasturias.com\/noticias\/#website","url":"https:\/\/www.eldigitaldeasturias.com\/noticias\/","name":"El Digital de Asturias - Diario de actualidad y noticias","alternateName":"El Digital de Asturias - Diario de actualidad y noticias","description":"Hemeroteca","inLanguage":"es-ES","publisher":{"@id":"https:\/\/www.eldigitaldeasturias.com\/noticias\/#organization"}}]},"og:locale":"es_ES","og:site_name":"El Digital de Asturias","og:type":"article","og:title":"Iglesia cancela visita de cardenal venezolano Jorge Urosa a Nicaragua - El Digital de Asturias","og:description":"Managua, 29 nov (EFE).- El cardenal venezolano Jorge Urosa no visitar\u00e1 Nicaragua para representar al papa Francisco en la conmemoraci\u00f3n del Centenario de la Provincia Eclesi\u00e1stica de este pa\u00eds por razones de salud, anunci\u00f3 hoy la Conferencia Episcopal de Nicaragua. &quot;Por motivos de salud, su eminencia reverend\u00edsima Cardenal Jorge Liberato Urosa Savino, arzobispo de Caracas,","og:url":"https:\/\/www.eldigitaldeasturias.com\/noticias\/iglesia-cancela-visita-de-cardenal-venezolano-jorge-urosa-a-nicaragua\/","article:tag":["sociedad"],"article:published_time":"2013-11-30T10:55:43+00:00","article:modified_time":"2013-11-30T10:55:43+00:00","article:publisher":"https:\/\/facebook.com\/eldigitaldeasturias","twitter:card":"summary_large_image","twitter:title":"Iglesia cancela visita de cardenal venezolano Jorge Urosa a Nicaragua - El Digital de Asturias","twitter:description":"Managua, 29 nov (EFE).- El cardenal venezolano Jorge Urosa no visitar\u00e1 Nicaragua para representar al papa Francisco en la conmemoraci\u00f3n del Centenario de la Provincia Eclesi\u00e1stica de este pa\u00eds por razones de salud, anunci\u00f3 hoy la Conferencia Episcopal de Nicaragua. &quot;Por motivos de salud, su eminencia reverend\u00edsima Cardenal Jorge Liberato Urosa Savino, arzobispo de Caracas,","twitter:label1":"Escrito por","twitter:data1":"El Digital de Asturias","twitter:label2":"Tiempo de lectura estimado","twitter:data2":"1 minuto"},"aioseo_meta_data":{"post_id":"456061","title":null,"description":null,"keywords":null,"keyphrases":null,"primary_term":null,"canonical_url":null,"og_title":null,"og_description":null,"og_object_type":"default","og_image_type":"default","og_image_url":null,"og_image_width":null,"og_image_height":null,"og_image_custom_url":null,"og_image_custom_fields":null,"og_video":null,"og_custom_url":null,"og_article_section":null,"og_article_tags":null,"twitter_use_og":true,"twitter_card":"default","twitter_image_type":"default","twitter_image_url":null,"twitter_image_custom_url":null,"twitter_image_custom_fields":null,"twitter_title":null,"twitter_description":null,"schema":{"blockGraphs":[],"customGraphs":[],"default":{"data":{"Article":[],"Course":[],"Dataset":[],"FAQPage":[],"Movie":[],"Person":[],"Product":[],"ProductReview":[],"Car":[],"Recipe":[],"Service":[],"SoftwareApplication":[],"WebPage":[]},"graphName":"","isEnabled":true},"graphs":[],"defaultGraph":"","defaultPostTypeGraph":""},"schema_type":null,"schema_type_options":null,"pillar_content":false,"robots_default":true,"robots_noindex":false,"robots_noarchive":false,"robots_nosnippet":false,"robots_nofollow":false,"robots_noimageindex":false,"robots_noodp":false,"robots_notranslate":false,"robots_max_snippet":null,"robots_max_videopreview":null,"robots_max_imagepreview":"none","priority":null,"frequency":null,"local_seo":null,"seo_analyzer_scan_date":"2026-05-29 20:37:00","breadcrumb_settings":null,"limit_modified_date":false,"open_ai":null,"ai":null,"created":"2020-11-14 22:45:27","updated":"2026-05-29 20:37:00","focus_keyword":null,"additional_keywords":null,"truseo_locale":null},"aioseo_breadcrumb":"<div class=\"aioseo-breadcrumbs\"><span class=\"aioseo-breadcrumb\">\n\t<a href=\"https:\/\/www.eldigitaldeasturias.com\/noticias\" title=\"Home\">Home<\/a>\n<\/span><span class=\"aioseo-breadcrumb-separator\">\u2013<\/span><span class=\"aioseo-breadcrumb\">\n\t<a href=\"https:\/\/www.eldigitaldeasturias.com\/noticias\/category\/sociedad\/\" title=\"Sociedad\">Sociedad<\/a>\n<\/span><span class=\"aioseo-breadcrumb-separator\">\u2013<\/span><span class=\"aioseo-breadcrumb\">\n\t<a href=\"https:\/\/www.eldigitaldeasturias.com\/noticias\/iglesia-cancela-visita-de-cardenal-venezolano-jorge-urosa-a-nicaragua\/\" title=\"Iglesia cancela visita de cardenal venezolano Jorge Urosa a Nicaragua\">Iglesia cancela visita de cardenal venezolano Jorge Urosa a Nicaragua<\/a>\n<\/span><\/div>","aioseo_breadcrumb_json":[{"label":"Home","link":"https:\/\/www.eldigitaldeasturias.com\/noticias"},{"label":"Sociedad","link":"https:\/\/www.eldigitaldeasturias.com\/noticias\/category\/sociedad\/"},{"label":"Iglesia cancela visita de cardenal venezolano Jorge Urosa a Nicaragua","link":"https:\/\/www.eldigitaldeasturias.com\/noticias\/iglesia-cancela-visita-de-cardenal-venezolano-jorge-urosa-a-nicaragua\/"}],"_links":{"self":[{"href":"https:\/\/www.eldigitaldeasturias.com\/noticias\/wp-json\/wp\/v2\/posts\/456061","targetHints":{"allow":["GET"]}}],"collection":[{"href":"https:\/\/www.eldigitaldeasturias.com\/noticias\/wp-json\/wp\/v2\/posts"}],"about":[{"href":"https:\/\/www.eldigitaldeasturias.com\/noticias\/wp-json\/wp\/v2\/types\/post"}],"author":[{"embeddable":true,"href":"https:\/\/www.eldigitaldeasturias.com\/noticias\/wp-json\/wp\/v2\/users\/1"}],"replies":[{"embeddable":true,"href":"https:\/\/www.eldigitaldeasturias.com\/noticias\/wp-json\/wp\/v2\/comments?post=456061"}],"version-history":[{"count":0,"href":"https:\/\/www.eldigitaldeasturias.com\/noticias\/wp-json\/wp\/v2\/posts\/456061\/revisions"}],"wp:attachment":[{"href":"https:\/\/www.eldigitaldeasturias.com\/noticias\/wp-json\/wp\/v2\/media?parent=456061"}],"wp:term":[{"taxonomy":"category","embeddable":true,"href":"https:\/\/www.eldigitaldeasturias.com\/noticias\/wp-json\/wp\/v2\/categories?post=456061"},{"taxonomy":"post_tag","embeddable":true,"href":"https:\/\/www.eldigitaldeasturias.com\/noticias\/wp-json\/wp\/v2\/tags?post=456061"}],"curies":[{"name":"wp","href":"https:\/\/api.w.org\/{rel}","templated":true}]}}