{"id":455997,"date":"2013-11-29T23:10:51","date_gmt":"2013-11-30T00:10:51","guid":{"rendered":"http:\/\/www.eldigitaldeasturias.com\/noticias\/?p=455997"},"modified":"2013-11-29T23:10:51","modified_gmt":"2013-11-30T00:10:51","slug":"jose-coronado-la-profesion-lo-esta-pasando-muy-mal","status":"publish","type":"post","link":"https:\/\/www.eldigitaldeasturias.com\/noticias\/jose-coronado-la-profesion-lo-esta-pasando-muy-mal\/","title":{"rendered":"Jos\u00e9 Coronado : \u00abLa profesi\u00f3n lo est\u00e1 pasando muy mal\u00bb"},"content":{"rendered":"<p><img loading=\"lazy\" decoding=\"async\" class=\"alignleft size-medium wp-image-455998\" alt=\"5762848w\" src=\"https:\/\/www.eldigitaldeasturias.com\/noticias\/wp-content\/uploads\/2013\/11\/5762848w-360x225.jpg\" width=\"360\" height=\"225\" \/>Zaragoza, 29 nov (EFE).- El actor Jos\u00e9 Coronado ha asegurado hoy que \u00abla profesi\u00f3n lo est\u00e1 pasando muy mal\u00bb y ha a\u00f1adido que tanto \u00e9l, como las compa\u00f1eras homenajeadas por el Festival de Cine de Zaragoza, son \u00abunos privilegiados\u00bb,<\/p>\n<p>Jos\u00e9 Coronado, Amaia Salamanca y Gracia Querejeta recoger\u00e1n ma\u00f1ana los galardones otorgados por este certamen en la ceremonia de clausura.<\/p>\n<p>El protagonista de \u00abNo habr\u00e1 paz para los malvados\u00bb, galardonado con el premio Ciudad de Zaragoza a toda su trayectoria profesional, ha afirmado que en Espa\u00f1a \u00abse va a seguir haciendo buen cine\u00bb y que a los actores espa\u00f1oles se los rifan \u00aben todo el mundo\u00bb.<\/p>\n<p>\u00abYo dejo mis tarjetas en Francia y en Argentina, hay que hacerle frente a la crisis\u00bb, ha explicado el actor, quien ha a\u00f1adido que, a pesar de todo, en Espa\u00f1a se cuentan \u00abhistorias fant\u00e1sticas\u00bb.<\/p>\n<p>Coronado ha subrayado que en el cine espa\u00f1ol se suplen los efectos especiales \u00abcon la pasi\u00f3n y la calidad de las obras\u00bb.<\/p>\n<p>Querejeta, homenajeada por sus cortometrajes y cuya pel\u00edcula \u00ab15 a\u00f1os y un d\u00eda\u00bb representar\u00e1 a Espa\u00f1a en los Oscar, ha reclamado que es necesario hacer cosas \u00aben las que uno se sienta independiente\u00bb para poder contar aquello \u00abque se quiere contar\u00bb en un momento que la directora ha calificado de \u00abmuy dif\u00edcil\u00bb.<\/p>\n<p>Adem\u00e1s, ha animado a los j\u00f3venes directores a \u00abque rueden, que rueden, y que sigan rodando\u00bb y les ha pedido que no dependan de los premios. \u00abLas pel\u00edculas son lo que son, con o sin premios\u00bb, ha zanjado.<\/p>\n<p>Amaia Salamanca, ganadora del Premio Joven Talento, se ha mostrado muy agradecida con el festival por la confianza que ha depositado en ella. \u00abPara m\u00ed este premio es algo muy grande\u00bb, ha aseverado.<\/p>\n<p>Muy conocida por series de televisi\u00f3n como \u00abSin tetas no hay para\u00edso\u00bb y \u00abGran Hotel\u00bb y por proyectos cinematogr\u00e1ficos como \u00abAtraco\u00bb y \u00abTensi\u00f3n sexual no resuelta\u00bb, ha declarado que ser\u00eda \u00abincapaz\u00bb de elegir entre cine y televisi\u00f3n.<\/p>\n<p>\u00abEs como si me preguntasen a qui\u00e9n quiero m\u00e1s, \u00bfa mam\u00e1 o a pap\u00e1? Me gustan ambos medios\u00bb, ha bromeado.<\/p>\n<p>\u00abNo me importa el medio, yo en lo que creo es en los proyectos, en aquellas cosas que me puedan hacer crecer\u00bb, ha concluido.<\/p>\n","protected":false},"excerpt":{"rendered":"<p>Zaragoza, 29 nov (EFE).- El actor Jos\u00e9 Coronado ha asegurado hoy que \u00abla profesi\u00f3n lo est\u00e1 pasando muy mal\u00bb y ha a\u00f1adido que tanto \u00e9l, como las compa\u00f1eras homenajeadas por el Festival de Cine de Zaragoza, son \u00abunos privilegiados\u00bb, Jos\u00e9 Coronado, Amaia Salamanca y Gracia Querejeta recoger\u00e1n ma\u00f1ana los galardones otorgados por este certamen en [&hellip;]<\/p>\n","protected":false},"author":1,"featured_media":455998,"comment_status":"closed","ping_status":"open","sticky":false,"template":"","format":"standard","meta":{"footnotes":""},"categories":[50],"tags":[],"class_list":["post-455997","post","type-post","status-publish","format-standard","has-post-thumbnail","hentry","category-revista-de-ocio"],"aioseo_notices":[],"aioseo_head":"\n\t\t<!-- All in One SEO Pro 5.0.1 - aioseo.com -->\n\t<meta name=\"description\" content=\"Zaragoza, 29 nov (EFE).- El actor Jos\u00e9 Coronado ha asegurado hoy que &quot;la profesi\u00f3n lo est\u00e1 pasando muy mal&quot; y ha a\u00f1adido que tanto \u00e9l, como las compa\u00f1eras homenajeadas por el Festival de Cine de Zaragoza, son &quot;unos privilegiados&quot;, Jos\u00e9 Coronado, Amaia Salamanca y Gracia Querejeta recoger\u00e1n ma\u00f1ana los galardones otorgados por este certamen en\" \/>\n\t<meta name=\"robots\" content=\"max-image-preview:large\" \/>\n\t<meta name=\"author\" content=\"El Digital de Asturias\"\/>\n\t<meta name=\"google-site-verification\" content=\"UA-38556648-1\" \/>\n\t<meta name=\"msvalidate.01\" content=\"7dfe9f3f1b24437ab69f4f2559babe99\" \/>\n\t<meta name=\"keywords\" content=\"revista de ocio\" \/>\n\t<link rel=\"canonical\" href=\"https:\/\/www.eldigitaldeasturias.com\/noticias\/jose-coronado-la-profesion-lo-esta-pasando-muy-mal\/\" \/>\n\t<meta name=\"generator\" content=\"All in One SEO Pro (AIOSEO) 5.0.1\" \/>\n\t\t<meta property=\"og:locale\" content=\"es_ES\" \/>\n\t\t<meta property=\"og:site_name\" content=\"El Digital de Asturias\" \/>\n\t\t<meta property=\"og:type\" content=\"article\" \/>\n\t\t<meta property=\"og:title\" content=\"Jos\u00e9 Coronado : \u00abLa profesi\u00f3n lo est\u00e1 pasando muy mal\u00bb - El Digital de Asturias\" \/>\n\t\t<meta property=\"og:description\" content=\"Zaragoza, 29 nov (EFE).- El actor Jos\u00e9 Coronado ha asegurado hoy que &quot;la profesi\u00f3n lo est\u00e1 pasando muy mal&quot; y ha a\u00f1adido que tanto \u00e9l, como las compa\u00f1eras homenajeadas por el Festival de Cine de Zaragoza, son &quot;unos privilegiados&quot;, Jos\u00e9 Coronado, Amaia Salamanca y Gracia Querejeta recoger\u00e1n ma\u00f1ana los galardones otorgados por este certamen en\" \/>\n\t\t<meta property=\"og:url\" content=\"https:\/\/www.eldigitaldeasturias.com\/noticias\/jose-coronado-la-profesion-lo-esta-pasando-muy-mal\/\" \/>\n\t\t<meta property=\"article:tag\" content=\"revista de ocio\" \/>\n\t\t<meta property=\"article:published_time\" content=\"2013-11-30T00:10:51+00:00\" \/>\n\t\t<meta property=\"article:modified_time\" content=\"2013-11-30T00:10:51+00:00\" \/>\n\t\t<meta property=\"article:publisher\" content=\"https:\/\/facebook.com\/eldigitaldeasturias\" \/>\n\t\t<meta name=\"twitter:card\" content=\"summary_large_image\" \/>\n\t\t<meta name=\"twitter:title\" content=\"Jos\u00e9 Coronado : \u00abLa profesi\u00f3n lo est\u00e1 pasando muy mal\u00bb - El Digital de Asturias\" \/>\n\t\t<meta name=\"twitter:description\" content=\"Zaragoza, 29 nov (EFE).- El actor Jos\u00e9 Coronado ha asegurado hoy que &quot;la profesi\u00f3n lo est\u00e1 pasando muy mal&quot; y ha a\u00f1adido que tanto \u00e9l, como las compa\u00f1eras homenajeadas por el Festival de Cine de Zaragoza, son &quot;unos privilegiados&quot;, Jos\u00e9 Coronado, Amaia Salamanca y Gracia Querejeta recoger\u00e1n ma\u00f1ana los galardones otorgados por este certamen en\" \/>\n\t\t<meta name=\"twitter:label1\" content=\"Escrito por\" \/>\n\t\t<meta name=\"twitter:data1\" content=\"El Digital de Asturias\" \/>\n\t\t<meta name=\"twitter:label2\" content=\"Tiempo de lectura estimado\" \/>\n\t\t<meta name=\"twitter:data2\" content=\"2 minutos\" \/>\n\t\t<script type=\"application\/ld+json\" class=\"aioseo-schema\">\n\t\t\t{\"@context\":\"https:\\\/\\\/schema.org\",\"@graph\":[{\"@type\":\"BlogPosting\",\"@id\":\"https:\\\/\\\/www.eldigitaldeasturias.com\\\/noticias\\\/jose-coronado-la-profesion-lo-esta-pasando-muy-mal\\\/#blogposting\",\"name\":\"Jos\\u00e9 Coronado : \\u00abLa profesi\\u00f3n lo est\\u00e1 pasando muy mal\\u00bb - El Digital de Asturias\",\"headline\":\"Jos\\u00e9 Coronado : \\u00abLa profesi\\u00f3n lo est\\u00e1 pasando muy mal\\u00bb\",\"author\":{\"@id\":\"https:\\\/\\\/www.eldigitaldeasturias.com\\\/noticias\\\/author\\\/admin\\\/#author\"},\"publisher\":{\"@id\":\"https:\\\/\\\/www.eldigitaldeasturias.com\\\/noticias\\\/#organization\"},\"image\":{\"@type\":\"ImageObject\",\"url\":455998},\"datePublished\":\"2013-11-29T23:10:51+01:00\",\"dateModified\":\"2013-11-29T23:10:51+01:00\",\"inLanguage\":\"es-ES\",\"mainEntityOfPage\":{\"@id\":\"https:\\\/\\\/www.eldigitaldeasturias.com\\\/noticias\\\/jose-coronado-la-profesion-lo-esta-pasando-muy-mal\\\/#webpage\"},\"isPartOf\":{\"@id\":\"https:\\\/\\\/www.eldigitaldeasturias.com\\\/noticias\\\/jose-coronado-la-profesion-lo-esta-pasando-muy-mal\\\/#webpage\"},\"articleSection\":\"Revista de Ocio\"},{\"@type\":\"BreadcrumbList\",\"@id\":\"https:\\\/\\\/www.eldigitaldeasturias.com\\\/noticias\\\/jose-coronado-la-profesion-lo-esta-pasando-muy-mal\\\/#breadcrumblist\",\"itemListElement\":[{\"@type\":\"ListItem\",\"@id\":\"https:\\\/\\\/www.eldigitaldeasturias.com\\\/noticias#listItem\",\"position\":1,\"name\":\"Home\",\"item\":\"https:\\\/\\\/www.eldigitaldeasturias.com\\\/noticias\",\"nextItem\":{\"@type\":\"ListItem\",\"@id\":\"https:\\\/\\\/www.eldigitaldeasturias.com\\\/noticias\\\/category\\\/revista-de-ocio\\\/#listItem\",\"name\":\"Revista de Ocio\"}},{\"@type\":\"ListItem\",\"@id\":\"https:\\\/\\\/www.eldigitaldeasturias.com\\\/noticias\\\/category\\\/revista-de-ocio\\\/#listItem\",\"position\":2,\"name\":\"Revista de Ocio\",\"item\":\"https:\\\/\\\/www.eldigitaldeasturias.com\\\/noticias\\\/category\\\/revista-de-ocio\\\/\",\"nextItem\":{\"@type\":\"ListItem\",\"@id\":\"https:\\\/\\\/www.eldigitaldeasturias.com\\\/noticias\\\/jose-coronado-la-profesion-lo-esta-pasando-muy-mal\\\/#listItem\",\"name\":\"Jos\\u00e9 Coronado : \\u00abLa profesi\\u00f3n lo est\\u00e1 pasando muy mal\\u00bb\"},\"previousItem\":{\"@type\":\"ListItem\",\"@id\":\"https:\\\/\\\/www.eldigitaldeasturias.com\\\/noticias#listItem\",\"name\":\"Home\"}},{\"@type\":\"ListItem\",\"@id\":\"https:\\\/\\\/www.eldigitaldeasturias.com\\\/noticias\\\/jose-coronado-la-profesion-lo-esta-pasando-muy-mal\\\/#listItem\",\"position\":3,\"name\":\"Jos\\u00e9 Coronado : \\u00abLa profesi\\u00f3n lo est\\u00e1 pasando muy mal\\u00bb\",\"previousItem\":{\"@type\":\"ListItem\",\"@id\":\"https:\\\/\\\/www.eldigitaldeasturias.com\\\/noticias\\\/category\\\/revista-de-ocio\\\/#listItem\",\"name\":\"Revista de Ocio\"}}]},{\"@type\":\"Organization\",\"@id\":\"https:\\\/\\\/www.eldigitaldeasturias.com\\\/noticias\\\/#organization\",\"name\":\"El Digital de Asturias\",\"description\":\"Hemeroteca\",\"url\":\"https:\\\/\\\/www.eldigitaldeasturias.com\\\/noticias\\\/\",\"email\":\"info@eldigitaldeasturias.com\",\"telephone\":\"+34652131393\",\"logo\":{\"@type\":\"ImageObject\",\"url\":\"https:\\\/\\\/www.eldigitaldeasturias.com\\\/noticias\\\/wp-content\\\/uploads\\\/2020\\\/12\\\/EDA.jpg\",\"@id\":\"https:\\\/\\\/www.eldigitaldeasturias.com\\\/noticias\\\/jose-coronado-la-profesion-lo-esta-pasando-muy-mal\\\/#organizationLogo\"},\"image\":{\"@id\":\"https:\\\/\\\/www.eldigitaldeasturias.com\\\/noticias\\\/jose-coronado-la-profesion-lo-esta-pasando-muy-mal\\\/#organizationLogo\"},\"sameAs\":[\"https:\\\/\\\/facebook.com\\\/eldigitaldeasturias\",\"https:\\\/\\\/www.youtube.com\\\/channel\\\/UCZP-2wLEB9Rv6erhFmqVnvg\"],\"address\":{\"@id\":\"https:\\\/\\\/www.eldigitaldeasturias.com\\\/noticias\\\/#postaladdress\",\"@type\":\"PostalAddress\",\"streetAddress\":\"san antonio 4\",\"postalCode\":\"33430\",\"addressLocality\":\"Cand\\u00e1s\",\"addressRegion\":\"Asturias\",\"addressCountry\":\"ES\"}},{\"@type\":\"Person\",\"@id\":\"https:\\\/\\\/www.eldigitaldeasturias.com\\\/noticias\\\/author\\\/admin\\\/#author\",\"url\":\"https:\\\/\\\/www.eldigitaldeasturias.com\\\/noticias\\\/author\\\/admin\\\/\",\"name\":\"El Digital de Asturias\",\"image\":{\"@type\":\"ImageObject\",\"@id\":\"https:\\\/\\\/www.eldigitaldeasturias.com\\\/noticias\\\/jose-coronado-la-profesion-lo-esta-pasando-muy-mal\\\/#authorImage\",\"url\":\"https:\\\/\\\/secure.gravatar.com\\\/avatar\\\/df2aeffc32bcd13f8d26072ef8a91b623d677766deac7f97ca815868cd41bf5e?s=96&d=mm&r=g\",\"width\":96,\"height\":96,\"caption\":\"El Digital de Asturias\"}},{\"@type\":\"WebPage\",\"@id\":\"https:\\\/\\\/www.eldigitaldeasturias.com\\\/noticias\\\/jose-coronado-la-profesion-lo-esta-pasando-muy-mal\\\/#webpage\",\"url\":\"https:\\\/\\\/www.eldigitaldeasturias.com\\\/noticias\\\/jose-coronado-la-profesion-lo-esta-pasando-muy-mal\\\/\",\"name\":\"Jos\\u00e9 Coronado : \\u00abLa profesi\\u00f3n lo est\\u00e1 pasando muy mal\\u00bb - El Digital de Asturias\",\"description\":\"Zaragoza, 29 nov (EFE).- El actor Jos\\u00e9 Coronado ha asegurado hoy que \\\"la profesi\\u00f3n lo est\\u00e1 pasando muy mal\\\" y ha a\\u00f1adido que tanto \\u00e9l, como las compa\\u00f1eras homenajeadas por el Festival de Cine de Zaragoza, son \\\"unos privilegiados\\\", Jos\\u00e9 Coronado, Amaia Salamanca y Gracia Querejeta recoger\\u00e1n ma\\u00f1ana los galardones otorgados por este certamen en\",\"inLanguage\":\"es-ES\",\"isPartOf\":{\"@id\":\"https:\\\/\\\/www.eldigitaldeasturias.com\\\/noticias\\\/#website\"},\"breadcrumb\":{\"@id\":\"https:\\\/\\\/www.eldigitaldeasturias.com\\\/noticias\\\/jose-coronado-la-profesion-lo-esta-pasando-muy-mal\\\/#breadcrumblist\"},\"author\":{\"@id\":\"https:\\\/\\\/www.eldigitaldeasturias.com\\\/noticias\\\/author\\\/admin\\\/#author\"},\"creator\":{\"@id\":\"https:\\\/\\\/www.eldigitaldeasturias.com\\\/noticias\\\/author\\\/admin\\\/#author\"},\"image\":{\"@type\":\"ImageObject\",\"url\":455998,\"@id\":\"https:\\\/\\\/www.eldigitaldeasturias.com\\\/noticias\\\/jose-coronado-la-profesion-lo-esta-pasando-muy-mal\\\/#mainImage\"},\"primaryImageOfPage\":{\"@id\":\"https:\\\/\\\/www.eldigitaldeasturias.com\\\/noticias\\\/jose-coronado-la-profesion-lo-esta-pasando-muy-mal\\\/#mainImage\"},\"datePublished\":\"2013-11-29T23:10:51+01:00\",\"dateModified\":\"2013-11-29T23:10:51+01:00\"},{\"@type\":\"WebSite\",\"@id\":\"https:\\\/\\\/www.eldigitaldeasturias.com\\\/noticias\\\/#website\",\"url\":\"https:\\\/\\\/www.eldigitaldeasturias.com\\\/noticias\\\/\",\"name\":\"El Digital de Asturias - Diario de actualidad y noticias\",\"alternateName\":\"El Digital de Asturias - Diario de actualidad y noticias\",\"description\":\"Hemeroteca\",\"inLanguage\":\"es-ES\",\"publisher\":{\"@id\":\"https:\\\/\\\/www.eldigitaldeasturias.com\\\/noticias\\\/#organization\"}}]}\n\t\t<\/script>\n\t\t<!-- All in One SEO Pro -->\r\n\t\t<title>Jos\u00e9 Coronado : \u00abLa profesi\u00f3n lo est\u00e1 pasando muy mal\u00bb - El Digital de Asturias<\/title>\n\n","aioseo_head_json":{"title":"Jos\u00e9 Coronado : \u00abLa profesi\u00f3n lo est\u00e1 pasando muy mal\u00bb - El Digital de Asturias","description":"Zaragoza, 29 nov (EFE).- El actor Jos\u00e9 Coronado ha asegurado hoy que \"la profesi\u00f3n lo est\u00e1 pasando muy mal\" y ha a\u00f1adido que tanto \u00e9l, como las compa\u00f1eras homenajeadas por el Festival de Cine de Zaragoza, son \"unos privilegiados\", Jos\u00e9 Coronado, Amaia Salamanca y Gracia Querejeta recoger\u00e1n ma\u00f1ana los galardones otorgados por este certamen en","canonical_url":"https:\/\/www.eldigitaldeasturias.com\/noticias\/jose-coronado-la-profesion-lo-esta-pasando-muy-mal\/","robots":"max-image-preview:large","keywords":"revista de ocio","webmasterTools":{"google-site-verification":"UA-38556648-1","msvalidate.01":"7dfe9f3f1b24437ab69f4f2559babe99","miscellaneous":""},"schema":{"@context":"https:\/\/schema.org","@graph":[{"@type":"BlogPosting","@id":"https:\/\/www.eldigitaldeasturias.com\/noticias\/jose-coronado-la-profesion-lo-esta-pasando-muy-mal\/#blogposting","name":"Jos\u00e9 Coronado : \u00abLa profesi\u00f3n lo est\u00e1 pasando muy mal\u00bb - El Digital de Asturias","headline":"Jos\u00e9 Coronado : \u00abLa profesi\u00f3n lo est\u00e1 pasando muy mal\u00bb","author":{"@id":"https:\/\/www.eldigitaldeasturias.com\/noticias\/author\/admin\/#author"},"publisher":{"@id":"https:\/\/www.eldigitaldeasturias.com\/noticias\/#organization"},"image":{"@type":"ImageObject","url":455998},"datePublished":"2013-11-29T23:10:51+01:00","dateModified":"2013-11-29T23:10:51+01:00","inLanguage":"es-ES","mainEntityOfPage":{"@id":"https:\/\/www.eldigitaldeasturias.com\/noticias\/jose-coronado-la-profesion-lo-esta-pasando-muy-mal\/#webpage"},"isPartOf":{"@id":"https:\/\/www.eldigitaldeasturias.com\/noticias\/jose-coronado-la-profesion-lo-esta-pasando-muy-mal\/#webpage"},"articleSection":"Revista de Ocio"},{"@type":"BreadcrumbList","@id":"https:\/\/www.eldigitaldeasturias.com\/noticias\/jose-coronado-la-profesion-lo-esta-pasando-muy-mal\/#breadcrumblist","itemListElement":[{"@type":"ListItem","@id":"https:\/\/www.eldigitaldeasturias.com\/noticias#listItem","position":1,"name":"Home","item":"https:\/\/www.eldigitaldeasturias.com\/noticias","nextItem":{"@type":"ListItem","@id":"https:\/\/www.eldigitaldeasturias.com\/noticias\/category\/revista-de-ocio\/#listItem","name":"Revista de Ocio"}},{"@type":"ListItem","@id":"https:\/\/www.eldigitaldeasturias.com\/noticias\/category\/revista-de-ocio\/#listItem","position":2,"name":"Revista de Ocio","item":"https:\/\/www.eldigitaldeasturias.com\/noticias\/category\/revista-de-ocio\/","nextItem":{"@type":"ListItem","@id":"https:\/\/www.eldigitaldeasturias.com\/noticias\/jose-coronado-la-profesion-lo-esta-pasando-muy-mal\/#listItem","name":"Jos\u00e9 Coronado : \u00abLa profesi\u00f3n lo est\u00e1 pasando muy mal\u00bb"},"previousItem":{"@type":"ListItem","@id":"https:\/\/www.eldigitaldeasturias.com\/noticias#listItem","name":"Home"}},{"@type":"ListItem","@id":"https:\/\/www.eldigitaldeasturias.com\/noticias\/jose-coronado-la-profesion-lo-esta-pasando-muy-mal\/#listItem","position":3,"name":"Jos\u00e9 Coronado : \u00abLa profesi\u00f3n lo est\u00e1 pasando muy mal\u00bb","previousItem":{"@type":"ListItem","@id":"https:\/\/www.eldigitaldeasturias.com\/noticias\/category\/revista-de-ocio\/#listItem","name":"Revista de Ocio"}}]},{"@type":"Organization","@id":"https:\/\/www.eldigitaldeasturias.com\/noticias\/#organization","name":"El Digital de Asturias","description":"Hemeroteca","url":"https:\/\/www.eldigitaldeasturias.com\/noticias\/","email":"info@eldigitaldeasturias.com","telephone":"+34652131393","logo":{"@type":"ImageObject","url":"https:\/\/www.eldigitaldeasturias.com\/noticias\/wp-content\/uploads\/2020\/12\/EDA.jpg","@id":"https:\/\/www.eldigitaldeasturias.com\/noticias\/jose-coronado-la-profesion-lo-esta-pasando-muy-mal\/#organizationLogo"},"image":{"@id":"https:\/\/www.eldigitaldeasturias.com\/noticias\/jose-coronado-la-profesion-lo-esta-pasando-muy-mal\/#organizationLogo"},"sameAs":["https:\/\/facebook.com\/eldigitaldeasturias","https:\/\/www.youtube.com\/channel\/UCZP-2wLEB9Rv6erhFmqVnvg"],"address":{"@id":"https:\/\/www.eldigitaldeasturias.com\/noticias\/#postaladdress","@type":"PostalAddress","streetAddress":"san antonio 4","postalCode":"33430","addressLocality":"Cand\u00e1s","addressRegion":"Asturias","addressCountry":"ES"}},{"@type":"Person","@id":"https:\/\/www.eldigitaldeasturias.com\/noticias\/author\/admin\/#author","url":"https:\/\/www.eldigitaldeasturias.com\/noticias\/author\/admin\/","name":"El Digital de Asturias","image":{"@type":"ImageObject","@id":"https:\/\/www.eldigitaldeasturias.com\/noticias\/jose-coronado-la-profesion-lo-esta-pasando-muy-mal\/#authorImage","url":"https:\/\/secure.gravatar.com\/avatar\/df2aeffc32bcd13f8d26072ef8a91b623d677766deac7f97ca815868cd41bf5e?s=96&d=mm&r=g","width":96,"height":96,"caption":"El Digital de Asturias"}},{"@type":"WebPage","@id":"https:\/\/www.eldigitaldeasturias.com\/noticias\/jose-coronado-la-profesion-lo-esta-pasando-muy-mal\/#webpage","url":"https:\/\/www.eldigitaldeasturias.com\/noticias\/jose-coronado-la-profesion-lo-esta-pasando-muy-mal\/","name":"Jos\u00e9 Coronado : \u00abLa profesi\u00f3n lo est\u00e1 pasando muy mal\u00bb - El Digital de Asturias","description":"Zaragoza, 29 nov (EFE).- El actor Jos\u00e9 Coronado ha asegurado hoy que \"la profesi\u00f3n lo est\u00e1 pasando muy mal\" y ha a\u00f1adido que tanto \u00e9l, como las compa\u00f1eras homenajeadas por el Festival de Cine de Zaragoza, son \"unos privilegiados\", Jos\u00e9 Coronado, Amaia Salamanca y Gracia Querejeta recoger\u00e1n ma\u00f1ana los galardones otorgados por este certamen en","inLanguage":"es-ES","isPartOf":{"@id":"https:\/\/www.eldigitaldeasturias.com\/noticias\/#website"},"breadcrumb":{"@id":"https:\/\/www.eldigitaldeasturias.com\/noticias\/jose-coronado-la-profesion-lo-esta-pasando-muy-mal\/#breadcrumblist"},"author":{"@id":"https:\/\/www.eldigitaldeasturias.com\/noticias\/author\/admin\/#author"},"creator":{"@id":"https:\/\/www.eldigitaldeasturias.com\/noticias\/author\/admin\/#author"},"image":{"@type":"ImageObject","url":455998,"@id":"https:\/\/www.eldigitaldeasturias.com\/noticias\/jose-coronado-la-profesion-lo-esta-pasando-muy-mal\/#mainImage"},"primaryImageOfPage":{"@id":"https:\/\/www.eldigitaldeasturias.com\/noticias\/jose-coronado-la-profesion-lo-esta-pasando-muy-mal\/#mainImage"},"datePublished":"2013-11-29T23:10:51+01:00","dateModified":"2013-11-29T23:10:51+01:00"},{"@type":"WebSite","@id":"https:\/\/www.eldigitaldeasturias.com\/noticias\/#website","url":"https:\/\/www.eldigitaldeasturias.com\/noticias\/","name":"El Digital de Asturias - Diario de actualidad y noticias","alternateName":"El Digital de Asturias - Diario de actualidad y noticias","description":"Hemeroteca","inLanguage":"es-ES","publisher":{"@id":"https:\/\/www.eldigitaldeasturias.com\/noticias\/#organization"}}]},"og:locale":"es_ES","og:site_name":"El Digital de Asturias","og:type":"article","og:title":"Jos\u00e9 Coronado : \u00abLa profesi\u00f3n lo est\u00e1 pasando muy mal\u00bb - El Digital de Asturias","og:description":"Zaragoza, 29 nov (EFE).- El actor Jos\u00e9 Coronado ha asegurado hoy que &quot;la profesi\u00f3n lo est\u00e1 pasando muy mal&quot; y ha a\u00f1adido que tanto \u00e9l, como las compa\u00f1eras homenajeadas por el Festival de Cine de Zaragoza, son &quot;unos privilegiados&quot;, Jos\u00e9 Coronado, Amaia Salamanca y Gracia Querejeta recoger\u00e1n ma\u00f1ana los galardones otorgados por este certamen en","og:url":"https:\/\/www.eldigitaldeasturias.com\/noticias\/jose-coronado-la-profesion-lo-esta-pasando-muy-mal\/","article:tag":["revista de ocio"],"article:published_time":"2013-11-30T00:10:51+00:00","article:modified_time":"2013-11-30T00:10:51+00:00","article:publisher":"https:\/\/facebook.com\/eldigitaldeasturias","twitter:card":"summary_large_image","twitter:title":"Jos\u00e9 Coronado : \u00abLa profesi\u00f3n lo est\u00e1 pasando muy mal\u00bb - El Digital de Asturias","twitter:description":"Zaragoza, 29 nov (EFE).- El actor Jos\u00e9 Coronado ha asegurado hoy que &quot;la profesi\u00f3n lo est\u00e1 pasando muy mal&quot; y ha a\u00f1adido que tanto \u00e9l, como las compa\u00f1eras homenajeadas por el Festival de Cine de Zaragoza, son &quot;unos privilegiados&quot;, Jos\u00e9 Coronado, Amaia Salamanca y Gracia Querejeta recoger\u00e1n ma\u00f1ana los galardones otorgados por este certamen en","twitter:label1":"Escrito por","twitter:data1":"El Digital de Asturias","twitter:label2":"Tiempo de lectura estimado","twitter:data2":"2 minutos"},"aioseo_meta_data":{"post_id":"455997","title":null,"description":null,"keywords":null,"keyphrases":null,"primary_term":null,"canonical_url":null,"og_title":null,"og_description":null,"og_object_type":"default","og_image_type":"default","og_image_url":null,"og_image_width":null,"og_image_height":null,"og_image_custom_url":null,"og_image_custom_fields":null,"og_video":null,"og_custom_url":null,"og_article_section":null,"og_article_tags":null,"twitter_use_og":true,"twitter_card":"default","twitter_image_type":"default","twitter_image_url":null,"twitter_image_custom_url":null,"twitter_image_custom_fields":null,"twitter_title":null,"twitter_description":null,"schema":{"blockGraphs":[],"customGraphs":[],"default":{"data":{"Article":[],"Course":[],"Dataset":[],"FAQPage":[],"Movie":[],"Person":[],"Product":[],"ProductReview":[],"Car":[],"Recipe":[],"Service":[],"SoftwareApplication":[],"WebPage":[]},"graphName":"","isEnabled":true},"graphs":[],"defaultGraph":"","defaultPostTypeGraph":""},"schema_type":null,"schema_type_options":null,"pillar_content":false,"robots_default":true,"robots_noindex":false,"robots_noarchive":false,"robots_nosnippet":false,"robots_nofollow":false,"robots_noimageindex":false,"robots_noodp":false,"robots_notranslate":false,"robots_max_snippet":null,"robots_max_videopreview":null,"robots_max_imagepreview":"none","priority":null,"frequency":null,"local_seo":null,"seo_analyzer_scan_date":"2026-05-29 20:21:55","breadcrumb_settings":null,"limit_modified_date":false,"open_ai":null,"ai":null,"created":"2020-11-14 22:45:24","updated":"2026-05-29 20:21:55","focus_keyword":null,"additional_keywords":null,"truseo_locale":null},"aioseo_breadcrumb":"<div class=\"aioseo-breadcrumbs\"><span class=\"aioseo-breadcrumb\">\n\t<a href=\"https:\/\/www.eldigitaldeasturias.com\/noticias\" title=\"Home\">Home<\/a>\n<\/span><span class=\"aioseo-breadcrumb-separator\">\u2013<\/span><span class=\"aioseo-breadcrumb\">\n\t<a href=\"https:\/\/www.eldigitaldeasturias.com\/noticias\/category\/revista-de-ocio\/\" title=\"Revista de Ocio\">Revista de Ocio<\/a>\n<\/span><span class=\"aioseo-breadcrumb-separator\">\u2013<\/span><span class=\"aioseo-breadcrumb\">\n\t<a href=\"https:\/\/www.eldigitaldeasturias.com\/noticias\/jose-coronado-la-profesion-lo-esta-pasando-muy-mal\/\" title=\"Jos\u00e9 Coronado : \u00abLa profesi\u00f3n lo est\u00e1 pasando muy mal\u00bb\">Jos\u00e9 Coronado : \u00abLa profesi\u00f3n lo est\u00e1 pasando muy mal\u00bb<\/a>\n<\/span><\/div>","aioseo_breadcrumb_json":[{"label":"Home","link":"https:\/\/www.eldigitaldeasturias.com\/noticias"},{"label":"Revista de Ocio","link":"https:\/\/www.eldigitaldeasturias.com\/noticias\/category\/revista-de-ocio\/"},{"label":"Jos\u00e9 Coronado : \u00abLa profesi\u00f3n lo est\u00e1 pasando muy mal\u00bb","link":"https:\/\/www.eldigitaldeasturias.com\/noticias\/jose-coronado-la-profesion-lo-esta-pasando-muy-mal\/"}],"_links":{"self":[{"href":"https:\/\/www.eldigitaldeasturias.com\/noticias\/wp-json\/wp\/v2\/posts\/455997","targetHints":{"allow":["GET"]}}],"collection":[{"href":"https:\/\/www.eldigitaldeasturias.com\/noticias\/wp-json\/wp\/v2\/posts"}],"about":[{"href":"https:\/\/www.eldigitaldeasturias.com\/noticias\/wp-json\/wp\/v2\/types\/post"}],"author":[{"embeddable":true,"href":"https:\/\/www.eldigitaldeasturias.com\/noticias\/wp-json\/wp\/v2\/users\/1"}],"replies":[{"embeddable":true,"href":"https:\/\/www.eldigitaldeasturias.com\/noticias\/wp-json\/wp\/v2\/comments?post=455997"}],"version-history":[{"count":0,"href":"https:\/\/www.eldigitaldeasturias.com\/noticias\/wp-json\/wp\/v2\/posts\/455997\/revisions"}],"wp:attachment":[{"href":"https:\/\/www.eldigitaldeasturias.com\/noticias\/wp-json\/wp\/v2\/media?parent=455997"}],"wp:term":[{"taxonomy":"category","embeddable":true,"href":"https:\/\/www.eldigitaldeasturias.com\/noticias\/wp-json\/wp\/v2\/categories?post=455997"},{"taxonomy":"post_tag","embeddable":true,"href":"https:\/\/www.eldigitaldeasturias.com\/noticias\/wp-json\/wp\/v2\/tags?post=455997"}],"curies":[{"name":"wp","href":"https:\/\/api.w.org\/{rel}","templated":true}]}}