{"id":455985,"date":"2013-11-29T23:03:40","date_gmt":"2013-11-30T00:03:40","guid":{"rendered":"http:\/\/www.eldigitaldeasturias.com\/noticias\/?p=455985"},"modified":"2013-11-29T23:03:40","modified_gmt":"2013-11-30T00:03:40","slug":"el-centro-georges-pompidou-abrira-en-malaga-su-primera-sede-fuera-de-francia","status":"publish","type":"post","link":"https:\/\/www.eldigitaldeasturias.com\/noticias\/el-centro-georges-pompidou-abrira-en-malaga-su-primera-sede-fuera-de-francia\/","title":{"rendered":"El Centro Georges Pompidou abrir\u00e1 en M\u00e1laga su primera sede fuera de Francia"},"content":{"rendered":"<p><img loading=\"lazy\" decoding=\"async\" class=\"alignleft size-medium wp-image-455986\" alt=\"5761815w\" src=\"https:\/\/www.eldigitaldeasturias.com\/noticias\/wp-content\/uploads\/2013\/11\/5761815w-360x239.jpg\" width=\"360\" height=\"239\" \/>M\u00e1laga, 29 nov (EFE).- El Centro Nacional de Arte y Cultura Georges Pompidou de Par\u00eds abrir\u00e1 en M\u00e1laga su primera sede fuera de Francia, donde instalar\u00e1 una colecci\u00f3n permanente de setenta obras y exposiciones temporales anuales, seg\u00fan ha anunciado hoy el alcalde de la capital malague\u00f1a, Francisco de la Torre.<\/p>\n<p>El regidor ha explicado en rueda de prensa que la sede se ubicar\u00e1 en una superficie de m\u00e1s de 6.000 metros cuadrados del Muelle 1 del puerto malague\u00f1o, coronada por un cubo de cristal que ejerce como lucernario.<\/p>\n<p>El protocolo de acuerdo suscrito con la instituci\u00f3n francesa tiene una vigencia de cinco a\u00f1os, con posibilidad de pr\u00f3rroga que podr\u00eda ser por otros cinco a\u00f1os.<\/p>\n<p>El Ayuntamiento se compromete a pagar al Centro Pompidou un mill\u00f3n de euros anuales, aunque el alcalde espera que esta cifra pueda ser sufragada al menos parcialmente por la iniciativa privada, fundamentalmente empresas espa\u00f1olas que trabajan en Francia o firmas del pa\u00eds vecino que act\u00faan en Espa\u00f1a.<\/p>\n<p>De la Torre ha recordado que esta instituci\u00f3n solo ten\u00eda hasta ahora una sede fuera de Par\u00eds, en la ciudad francesa de Metz, y ha resaltado que el acuerdo \u00abconsolida el proyecto estrat\u00e9gico de M\u00e1laga para ser una potente ciudad cultural con una brillante oferta y una potente ciudad tecnol\u00f3gica\u00bb.<\/p>\n<p>Tambi\u00e9n ha asegurado que los responsables del Pompidou, que est\u00e1 entre los diez centros art\u00edsticos mundiales con m\u00e1s visitas, con unos 3,8 millones de personas al a\u00f1o, est\u00e1n \u00abilusionados por estar en una ciudad con la proyecci\u00f3n cultural, tecnol\u00f3gica y tur\u00edstica de M\u00e1laga\u00bb.<\/p>\n<p>Al protocolo suscrito ahora le seguir\u00e1 un contrato que se firmar\u00e1 no menos de seis meses antes de la apertura del centro, y desde ahora, durante tres meses, definir\u00e1n sus contenidos un conservador del Pompidou y, por parte de M\u00e1laga, el director de la Fundaci\u00f3n Picasso, Jos\u00e9 Mar\u00eda Luna.<\/p>\n<p>Respecto a los plazos, el alcalde ha expresado su confianza en que el centro pueda abrir \u00aba lo largo del a\u00f1o 2015\u00bb y ha recordado que los presupuestos municipales para 2014 recogen una partida de 2,5 millones de euros para acondicionar el espacio.<\/p>\n<p>Sin embargo, el importe total de esta obra podr\u00eda alcanzar los cinco millones de euros, por lo que De la Torre espera contar con la colaboraci\u00f3n de empresas como la entidad financiera Unicaja.<\/p>\n<p>Sobre los fondos, ha apuntado que el Pompidou podr\u00eda ceder piezas de arte moderno y contempor\u00e1neo, aunque se ha inclinado por el moderno, que \u00abcompletar\u00eda el abanico expositivo en M\u00e1laga, con Picasso ya cubierto, arte contempor\u00e1neo y el siglo XIX con el Museo de Bellas Artes cuando se abra y el Museo Carmen Thyssen\u00bb.<\/p>\n<p>Todo ello \u00absit\u00faa a M\u00e1laga en una posici\u00f3n de liderazgo en Espa\u00f1a y Europa en cuanto a su potencia expositiva\u00bb, seg\u00fan el regidor, que ha desvelado que su primer contacto con los responsables del Pompidou se produjo cuando este centro albergaba una exposici\u00f3n sobre Dal\u00ed.<\/p>\n<p>Tambi\u00e9n ha relatado que la primera idea le surgi\u00f3 en 2008 al leer noticias sobre la sede del Pompidou en Metz, o los proyectos del Louvre en Lens y Abu Dabi, y aprovechando un partido de f\u00fatbol Espa\u00f1a-Francia en M\u00e1laga se lo plante\u00f3 al entonces embajador franc\u00e9s en Espa\u00f1a, que \u00abse extra\u00f1\u00f3 un poco\u00bb.<\/p>\n<p>Seg\u00fan De la Torre, el Centro Pompidou maneja actualmente otras ofertas para iniciativas similares \u00aben pa\u00edses emergentes\u00bb, pero sus responsables \u00abhan querido que el primer acuerdo que se firme sea el de M\u00e1laga\u00bb.<\/p>\n","protected":false},"excerpt":{"rendered":"<p>M\u00e1laga, 29 nov (EFE).- El Centro Nacional de Arte y Cultura Georges Pompidou de Par\u00eds abrir\u00e1 en M\u00e1laga su primera sede fuera de Francia, donde instalar\u00e1 una colecci\u00f3n permanente de setenta obras y exposiciones temporales anuales, seg\u00fan ha anunciado hoy el alcalde de la capital malague\u00f1a, Francisco de la Torre. El regidor ha explicado en [&hellip;]<\/p>\n","protected":false},"author":1,"featured_media":455986,"comment_status":"closed","ping_status":"open","sticky":false,"template":"","format":"standard","meta":{"footnotes":""},"categories":[50],"tags":[],"class_list":["post-455985","post","type-post","status-publish","format-standard","has-post-thumbnail","hentry","category-revista-de-ocio"],"aioseo_notices":[],"aioseo_head":"\n\t\t<!-- All in One SEO Pro 5.0.1 - aioseo.com -->\n\t<meta name=\"description\" content=\"M\u00e1laga, 29 nov (EFE).- El Centro Nacional de Arte y Cultura Georges Pompidou de Par\u00eds abrir\u00e1 en M\u00e1laga su primera sede fuera de Francia, donde instalar\u00e1 una colecci\u00f3n permanente de setenta obras y exposiciones temporales anuales, seg\u00fan ha anunciado hoy el alcalde de la capital malague\u00f1a, Francisco de la Torre. El regidor ha explicado en\" \/>\n\t<meta name=\"robots\" content=\"max-image-preview:large\" \/>\n\t<meta name=\"author\" content=\"El Digital de Asturias\"\/>\n\t<meta name=\"google-site-verification\" content=\"UA-38556648-1\" \/>\n\t<meta name=\"msvalidate.01\" content=\"7dfe9f3f1b24437ab69f4f2559babe99\" \/>\n\t<meta name=\"keywords\" content=\"revista de ocio\" \/>\n\t<link rel=\"canonical\" href=\"https:\/\/www.eldigitaldeasturias.com\/noticias\/el-centro-georges-pompidou-abrira-en-malaga-su-primera-sede-fuera-de-francia\/\" \/>\n\t<meta name=\"generator\" content=\"All in One SEO Pro (AIOSEO) 5.0.1\" \/>\n\t\t<meta property=\"og:locale\" content=\"es_ES\" \/>\n\t\t<meta property=\"og:site_name\" content=\"El Digital de Asturias\" \/>\n\t\t<meta property=\"og:type\" content=\"article\" \/>\n\t\t<meta property=\"og:title\" content=\"El Centro Georges Pompidou abrir\u00e1 en M\u00e1laga su primera sede fuera de Francia - El Digital de Asturias\" \/>\n\t\t<meta property=\"og:description\" content=\"M\u00e1laga, 29 nov (EFE).- El Centro Nacional de Arte y Cultura Georges Pompidou de Par\u00eds abrir\u00e1 en M\u00e1laga su primera sede fuera de Francia, donde instalar\u00e1 una colecci\u00f3n permanente de setenta obras y exposiciones temporales anuales, seg\u00fan ha anunciado hoy el alcalde de la capital malague\u00f1a, Francisco de la Torre. El regidor ha explicado en\" \/>\n\t\t<meta property=\"og:url\" content=\"https:\/\/www.eldigitaldeasturias.com\/noticias\/el-centro-georges-pompidou-abrira-en-malaga-su-primera-sede-fuera-de-francia\/\" \/>\n\t\t<meta property=\"article:tag\" content=\"revista de ocio\" \/>\n\t\t<meta property=\"article:published_time\" content=\"2013-11-30T00:03:40+00:00\" \/>\n\t\t<meta property=\"article:modified_time\" content=\"2013-11-30T00:03:40+00:00\" \/>\n\t\t<meta property=\"article:publisher\" content=\"https:\/\/facebook.com\/eldigitaldeasturias\" \/>\n\t\t<meta name=\"twitter:card\" content=\"summary_large_image\" \/>\n\t\t<meta name=\"twitter:title\" content=\"El Centro Georges Pompidou abrir\u00e1 en M\u00e1laga su primera sede fuera de Francia - El Digital de Asturias\" \/>\n\t\t<meta name=\"twitter:description\" content=\"M\u00e1laga, 29 nov (EFE).- El Centro Nacional de Arte y Cultura Georges Pompidou de Par\u00eds abrir\u00e1 en M\u00e1laga su primera sede fuera de Francia, donde instalar\u00e1 una colecci\u00f3n permanente de setenta obras y exposiciones temporales anuales, seg\u00fan ha anunciado hoy el alcalde de la capital malague\u00f1a, Francisco de la Torre. El regidor ha explicado en\" \/>\n\t\t<meta name=\"twitter:label1\" content=\"Escrito por\" \/>\n\t\t<meta name=\"twitter:data1\" content=\"El Digital de Asturias\" \/>\n\t\t<meta name=\"twitter:label2\" content=\"Tiempo de lectura estimado\" \/>\n\t\t<meta name=\"twitter:data2\" content=\"3 minutos\" \/>\n\t\t<script type=\"application\/ld+json\" class=\"aioseo-schema\">\n\t\t\t{\"@context\":\"https:\\\/\\\/schema.org\",\"@graph\":[{\"@type\":\"BlogPosting\",\"@id\":\"https:\\\/\\\/www.eldigitaldeasturias.com\\\/noticias\\\/el-centro-georges-pompidou-abrira-en-malaga-su-primera-sede-fuera-de-francia\\\/#blogposting\",\"name\":\"El Centro Georges Pompidou abrir\\u00e1 en M\\u00e1laga su primera sede fuera de Francia - El Digital de Asturias\",\"headline\":\"El Centro Georges Pompidou abrir\\u00e1 en M\\u00e1laga su primera sede fuera de Francia\",\"author\":{\"@id\":\"https:\\\/\\\/www.eldigitaldeasturias.com\\\/noticias\\\/author\\\/admin\\\/#author\"},\"publisher\":{\"@id\":\"https:\\\/\\\/www.eldigitaldeasturias.com\\\/noticias\\\/#organization\"},\"image\":{\"@type\":\"ImageObject\",\"url\":455986},\"datePublished\":\"2013-11-29T23:03:40+01:00\",\"dateModified\":\"2013-11-29T23:03:40+01:00\",\"inLanguage\":\"es-ES\",\"mainEntityOfPage\":{\"@id\":\"https:\\\/\\\/www.eldigitaldeasturias.com\\\/noticias\\\/el-centro-georges-pompidou-abrira-en-malaga-su-primera-sede-fuera-de-francia\\\/#webpage\"},\"isPartOf\":{\"@id\":\"https:\\\/\\\/www.eldigitaldeasturias.com\\\/noticias\\\/el-centro-georges-pompidou-abrira-en-malaga-su-primera-sede-fuera-de-francia\\\/#webpage\"},\"articleSection\":\"Revista de Ocio\"},{\"@type\":\"BreadcrumbList\",\"@id\":\"https:\\\/\\\/www.eldigitaldeasturias.com\\\/noticias\\\/el-centro-georges-pompidou-abrira-en-malaga-su-primera-sede-fuera-de-francia\\\/#breadcrumblist\",\"itemListElement\":[{\"@type\":\"ListItem\",\"@id\":\"https:\\\/\\\/www.eldigitaldeasturias.com\\\/noticias#listItem\",\"position\":1,\"name\":\"Home\",\"item\":\"https:\\\/\\\/www.eldigitaldeasturias.com\\\/noticias\",\"nextItem\":{\"@type\":\"ListItem\",\"@id\":\"https:\\\/\\\/www.eldigitaldeasturias.com\\\/noticias\\\/category\\\/revista-de-ocio\\\/#listItem\",\"name\":\"Revista de Ocio\"}},{\"@type\":\"ListItem\",\"@id\":\"https:\\\/\\\/www.eldigitaldeasturias.com\\\/noticias\\\/category\\\/revista-de-ocio\\\/#listItem\",\"position\":2,\"name\":\"Revista de Ocio\",\"item\":\"https:\\\/\\\/www.eldigitaldeasturias.com\\\/noticias\\\/category\\\/revista-de-ocio\\\/\",\"nextItem\":{\"@type\":\"ListItem\",\"@id\":\"https:\\\/\\\/www.eldigitaldeasturias.com\\\/noticias\\\/el-centro-georges-pompidou-abrira-en-malaga-su-primera-sede-fuera-de-francia\\\/#listItem\",\"name\":\"El Centro Georges Pompidou abrir\\u00e1 en M\\u00e1laga su primera sede fuera de Francia\"},\"previousItem\":{\"@type\":\"ListItem\",\"@id\":\"https:\\\/\\\/www.eldigitaldeasturias.com\\\/noticias#listItem\",\"name\":\"Home\"}},{\"@type\":\"ListItem\",\"@id\":\"https:\\\/\\\/www.eldigitaldeasturias.com\\\/noticias\\\/el-centro-georges-pompidou-abrira-en-malaga-su-primera-sede-fuera-de-francia\\\/#listItem\",\"position\":3,\"name\":\"El Centro Georges Pompidou abrir\\u00e1 en M\\u00e1laga su primera sede fuera de Francia\",\"previousItem\":{\"@type\":\"ListItem\",\"@id\":\"https:\\\/\\\/www.eldigitaldeasturias.com\\\/noticias\\\/category\\\/revista-de-ocio\\\/#listItem\",\"name\":\"Revista de Ocio\"}}]},{\"@type\":\"Organization\",\"@id\":\"https:\\\/\\\/www.eldigitaldeasturias.com\\\/noticias\\\/#organization\",\"name\":\"El Digital de Asturias\",\"description\":\"Hemeroteca\",\"url\":\"https:\\\/\\\/www.eldigitaldeasturias.com\\\/noticias\\\/\",\"email\":\"info@eldigitaldeasturias.com\",\"telephone\":\"+34652131393\",\"logo\":{\"@type\":\"ImageObject\",\"url\":\"https:\\\/\\\/www.eldigitaldeasturias.com\\\/noticias\\\/wp-content\\\/uploads\\\/2020\\\/12\\\/EDA.jpg\",\"@id\":\"https:\\\/\\\/www.eldigitaldeasturias.com\\\/noticias\\\/el-centro-georges-pompidou-abrira-en-malaga-su-primera-sede-fuera-de-francia\\\/#organizationLogo\"},\"image\":{\"@id\":\"https:\\\/\\\/www.eldigitaldeasturias.com\\\/noticias\\\/el-centro-georges-pompidou-abrira-en-malaga-su-primera-sede-fuera-de-francia\\\/#organizationLogo\"},\"sameAs\":[\"https:\\\/\\\/facebook.com\\\/eldigitaldeasturias\",\"https:\\\/\\\/www.youtube.com\\\/channel\\\/UCZP-2wLEB9Rv6erhFmqVnvg\"],\"address\":{\"@id\":\"https:\\\/\\\/www.eldigitaldeasturias.com\\\/noticias\\\/#postaladdress\",\"@type\":\"PostalAddress\",\"streetAddress\":\"san antonio 4\",\"postalCode\":\"33430\",\"addressLocality\":\"Cand\\u00e1s\",\"addressRegion\":\"Asturias\",\"addressCountry\":\"ES\"}},{\"@type\":\"Person\",\"@id\":\"https:\\\/\\\/www.eldigitaldeasturias.com\\\/noticias\\\/author\\\/admin\\\/#author\",\"url\":\"https:\\\/\\\/www.eldigitaldeasturias.com\\\/noticias\\\/author\\\/admin\\\/\",\"name\":\"El Digital de Asturias\",\"image\":{\"@type\":\"ImageObject\",\"@id\":\"https:\\\/\\\/www.eldigitaldeasturias.com\\\/noticias\\\/el-centro-georges-pompidou-abrira-en-malaga-su-primera-sede-fuera-de-francia\\\/#authorImage\",\"url\":\"https:\\\/\\\/secure.gravatar.com\\\/avatar\\\/df2aeffc32bcd13f8d26072ef8a91b623d677766deac7f97ca815868cd41bf5e?s=96&d=mm&r=g\",\"width\":96,\"height\":96,\"caption\":\"El Digital de Asturias\"}},{\"@type\":\"WebPage\",\"@id\":\"https:\\\/\\\/www.eldigitaldeasturias.com\\\/noticias\\\/el-centro-georges-pompidou-abrira-en-malaga-su-primera-sede-fuera-de-francia\\\/#webpage\",\"url\":\"https:\\\/\\\/www.eldigitaldeasturias.com\\\/noticias\\\/el-centro-georges-pompidou-abrira-en-malaga-su-primera-sede-fuera-de-francia\\\/\",\"name\":\"El Centro Georges Pompidou abrir\\u00e1 en M\\u00e1laga su primera sede fuera de Francia - El Digital de Asturias\",\"description\":\"M\\u00e1laga, 29 nov (EFE).- El Centro Nacional de Arte y Cultura Georges Pompidou de Par\\u00eds abrir\\u00e1 en M\\u00e1laga su primera sede fuera de Francia, donde instalar\\u00e1 una colecci\\u00f3n permanente de setenta obras y exposiciones temporales anuales, seg\\u00fan ha anunciado hoy el alcalde de la capital malague\\u00f1a, Francisco de la Torre. El regidor ha explicado en\",\"inLanguage\":\"es-ES\",\"isPartOf\":{\"@id\":\"https:\\\/\\\/www.eldigitaldeasturias.com\\\/noticias\\\/#website\"},\"breadcrumb\":{\"@id\":\"https:\\\/\\\/www.eldigitaldeasturias.com\\\/noticias\\\/el-centro-georges-pompidou-abrira-en-malaga-su-primera-sede-fuera-de-francia\\\/#breadcrumblist\"},\"author\":{\"@id\":\"https:\\\/\\\/www.eldigitaldeasturias.com\\\/noticias\\\/author\\\/admin\\\/#author\"},\"creator\":{\"@id\":\"https:\\\/\\\/www.eldigitaldeasturias.com\\\/noticias\\\/author\\\/admin\\\/#author\"},\"image\":{\"@type\":\"ImageObject\",\"url\":455986,\"@id\":\"https:\\\/\\\/www.eldigitaldeasturias.com\\\/noticias\\\/el-centro-georges-pompidou-abrira-en-malaga-su-primera-sede-fuera-de-francia\\\/#mainImage\"},\"primaryImageOfPage\":{\"@id\":\"https:\\\/\\\/www.eldigitaldeasturias.com\\\/noticias\\\/el-centro-georges-pompidou-abrira-en-malaga-su-primera-sede-fuera-de-francia\\\/#mainImage\"},\"datePublished\":\"2013-11-29T23:03:40+01:00\",\"dateModified\":\"2013-11-29T23:03:40+01:00\"},{\"@type\":\"WebSite\",\"@id\":\"https:\\\/\\\/www.eldigitaldeasturias.com\\\/noticias\\\/#website\",\"url\":\"https:\\\/\\\/www.eldigitaldeasturias.com\\\/noticias\\\/\",\"name\":\"El Digital de Asturias - Diario de actualidad y noticias\",\"alternateName\":\"El Digital de Asturias - Diario de actualidad y noticias\",\"description\":\"Hemeroteca\",\"inLanguage\":\"es-ES\",\"publisher\":{\"@id\":\"https:\\\/\\\/www.eldigitaldeasturias.com\\\/noticias\\\/#organization\"}}]}\n\t\t<\/script>\n\t\t<!-- All in One SEO Pro -->\r\n\t\t<title>El Centro Georges Pompidou abrir\u00e1 en M\u00e1laga su primera sede fuera de Francia - El Digital de Asturias<\/title>\n\n","aioseo_head_json":{"title":"El Centro Georges Pompidou abrir\u00e1 en M\u00e1laga su primera sede fuera de Francia - El Digital de Asturias","description":"M\u00e1laga, 29 nov (EFE).- El Centro Nacional de Arte y Cultura Georges Pompidou de Par\u00eds abrir\u00e1 en M\u00e1laga su primera sede fuera de Francia, donde instalar\u00e1 una colecci\u00f3n permanente de setenta obras y exposiciones temporales anuales, seg\u00fan ha anunciado hoy el alcalde de la capital malague\u00f1a, Francisco de la Torre. El regidor ha explicado en","canonical_url":"https:\/\/www.eldigitaldeasturias.com\/noticias\/el-centro-georges-pompidou-abrira-en-malaga-su-primera-sede-fuera-de-francia\/","robots":"max-image-preview:large","keywords":"revista de ocio","webmasterTools":{"google-site-verification":"UA-38556648-1","msvalidate.01":"7dfe9f3f1b24437ab69f4f2559babe99","miscellaneous":""},"schema":{"@context":"https:\/\/schema.org","@graph":[{"@type":"BlogPosting","@id":"https:\/\/www.eldigitaldeasturias.com\/noticias\/el-centro-georges-pompidou-abrira-en-malaga-su-primera-sede-fuera-de-francia\/#blogposting","name":"El Centro Georges Pompidou abrir\u00e1 en M\u00e1laga su primera sede fuera de Francia - El Digital de Asturias","headline":"El Centro Georges Pompidou abrir\u00e1 en M\u00e1laga su primera sede fuera de Francia","author":{"@id":"https:\/\/www.eldigitaldeasturias.com\/noticias\/author\/admin\/#author"},"publisher":{"@id":"https:\/\/www.eldigitaldeasturias.com\/noticias\/#organization"},"image":{"@type":"ImageObject","url":455986},"datePublished":"2013-11-29T23:03:40+01:00","dateModified":"2013-11-29T23:03:40+01:00","inLanguage":"es-ES","mainEntityOfPage":{"@id":"https:\/\/www.eldigitaldeasturias.com\/noticias\/el-centro-georges-pompidou-abrira-en-malaga-su-primera-sede-fuera-de-francia\/#webpage"},"isPartOf":{"@id":"https:\/\/www.eldigitaldeasturias.com\/noticias\/el-centro-georges-pompidou-abrira-en-malaga-su-primera-sede-fuera-de-francia\/#webpage"},"articleSection":"Revista de Ocio"},{"@type":"BreadcrumbList","@id":"https:\/\/www.eldigitaldeasturias.com\/noticias\/el-centro-georges-pompidou-abrira-en-malaga-su-primera-sede-fuera-de-francia\/#breadcrumblist","itemListElement":[{"@type":"ListItem","@id":"https:\/\/www.eldigitaldeasturias.com\/noticias#listItem","position":1,"name":"Home","item":"https:\/\/www.eldigitaldeasturias.com\/noticias","nextItem":{"@type":"ListItem","@id":"https:\/\/www.eldigitaldeasturias.com\/noticias\/category\/revista-de-ocio\/#listItem","name":"Revista de Ocio"}},{"@type":"ListItem","@id":"https:\/\/www.eldigitaldeasturias.com\/noticias\/category\/revista-de-ocio\/#listItem","position":2,"name":"Revista de Ocio","item":"https:\/\/www.eldigitaldeasturias.com\/noticias\/category\/revista-de-ocio\/","nextItem":{"@type":"ListItem","@id":"https:\/\/www.eldigitaldeasturias.com\/noticias\/el-centro-georges-pompidou-abrira-en-malaga-su-primera-sede-fuera-de-francia\/#listItem","name":"El Centro Georges Pompidou abrir\u00e1 en M\u00e1laga su primera sede fuera de Francia"},"previousItem":{"@type":"ListItem","@id":"https:\/\/www.eldigitaldeasturias.com\/noticias#listItem","name":"Home"}},{"@type":"ListItem","@id":"https:\/\/www.eldigitaldeasturias.com\/noticias\/el-centro-georges-pompidou-abrira-en-malaga-su-primera-sede-fuera-de-francia\/#listItem","position":3,"name":"El Centro Georges Pompidou abrir\u00e1 en M\u00e1laga su primera sede fuera de Francia","previousItem":{"@type":"ListItem","@id":"https:\/\/www.eldigitaldeasturias.com\/noticias\/category\/revista-de-ocio\/#listItem","name":"Revista de Ocio"}}]},{"@type":"Organization","@id":"https:\/\/www.eldigitaldeasturias.com\/noticias\/#organization","name":"El Digital de Asturias","description":"Hemeroteca","url":"https:\/\/www.eldigitaldeasturias.com\/noticias\/","email":"info@eldigitaldeasturias.com","telephone":"+34652131393","logo":{"@type":"ImageObject","url":"https:\/\/www.eldigitaldeasturias.com\/noticias\/wp-content\/uploads\/2020\/12\/EDA.jpg","@id":"https:\/\/www.eldigitaldeasturias.com\/noticias\/el-centro-georges-pompidou-abrira-en-malaga-su-primera-sede-fuera-de-francia\/#organizationLogo"},"image":{"@id":"https:\/\/www.eldigitaldeasturias.com\/noticias\/el-centro-georges-pompidou-abrira-en-malaga-su-primera-sede-fuera-de-francia\/#organizationLogo"},"sameAs":["https:\/\/facebook.com\/eldigitaldeasturias","https:\/\/www.youtube.com\/channel\/UCZP-2wLEB9Rv6erhFmqVnvg"],"address":{"@id":"https:\/\/www.eldigitaldeasturias.com\/noticias\/#postaladdress","@type":"PostalAddress","streetAddress":"san antonio 4","postalCode":"33430","addressLocality":"Cand\u00e1s","addressRegion":"Asturias","addressCountry":"ES"}},{"@type":"Person","@id":"https:\/\/www.eldigitaldeasturias.com\/noticias\/author\/admin\/#author","url":"https:\/\/www.eldigitaldeasturias.com\/noticias\/author\/admin\/","name":"El Digital de Asturias","image":{"@type":"ImageObject","@id":"https:\/\/www.eldigitaldeasturias.com\/noticias\/el-centro-georges-pompidou-abrira-en-malaga-su-primera-sede-fuera-de-francia\/#authorImage","url":"https:\/\/secure.gravatar.com\/avatar\/df2aeffc32bcd13f8d26072ef8a91b623d677766deac7f97ca815868cd41bf5e?s=96&d=mm&r=g","width":96,"height":96,"caption":"El Digital de Asturias"}},{"@type":"WebPage","@id":"https:\/\/www.eldigitaldeasturias.com\/noticias\/el-centro-georges-pompidou-abrira-en-malaga-su-primera-sede-fuera-de-francia\/#webpage","url":"https:\/\/www.eldigitaldeasturias.com\/noticias\/el-centro-georges-pompidou-abrira-en-malaga-su-primera-sede-fuera-de-francia\/","name":"El Centro Georges Pompidou abrir\u00e1 en M\u00e1laga su primera sede fuera de Francia - El Digital de Asturias","description":"M\u00e1laga, 29 nov (EFE).- El Centro Nacional de Arte y Cultura Georges Pompidou de Par\u00eds abrir\u00e1 en M\u00e1laga su primera sede fuera de Francia, donde instalar\u00e1 una colecci\u00f3n permanente de setenta obras y exposiciones temporales anuales, seg\u00fan ha anunciado hoy el alcalde de la capital malague\u00f1a, Francisco de la Torre. El regidor ha explicado en","inLanguage":"es-ES","isPartOf":{"@id":"https:\/\/www.eldigitaldeasturias.com\/noticias\/#website"},"breadcrumb":{"@id":"https:\/\/www.eldigitaldeasturias.com\/noticias\/el-centro-georges-pompidou-abrira-en-malaga-su-primera-sede-fuera-de-francia\/#breadcrumblist"},"author":{"@id":"https:\/\/www.eldigitaldeasturias.com\/noticias\/author\/admin\/#author"},"creator":{"@id":"https:\/\/www.eldigitaldeasturias.com\/noticias\/author\/admin\/#author"},"image":{"@type":"ImageObject","url":455986,"@id":"https:\/\/www.eldigitaldeasturias.com\/noticias\/el-centro-georges-pompidou-abrira-en-malaga-su-primera-sede-fuera-de-francia\/#mainImage"},"primaryImageOfPage":{"@id":"https:\/\/www.eldigitaldeasturias.com\/noticias\/el-centro-georges-pompidou-abrira-en-malaga-su-primera-sede-fuera-de-francia\/#mainImage"},"datePublished":"2013-11-29T23:03:40+01:00","dateModified":"2013-11-29T23:03:40+01:00"},{"@type":"WebSite","@id":"https:\/\/www.eldigitaldeasturias.com\/noticias\/#website","url":"https:\/\/www.eldigitaldeasturias.com\/noticias\/","name":"El Digital de Asturias - Diario de actualidad y noticias","alternateName":"El Digital de Asturias - Diario de actualidad y noticias","description":"Hemeroteca","inLanguage":"es-ES","publisher":{"@id":"https:\/\/www.eldigitaldeasturias.com\/noticias\/#organization"}}]},"og:locale":"es_ES","og:site_name":"El Digital de Asturias","og:type":"article","og:title":"El Centro Georges Pompidou abrir\u00e1 en M\u00e1laga su primera sede fuera de Francia - El Digital de Asturias","og:description":"M\u00e1laga, 29 nov (EFE).- El Centro Nacional de Arte y Cultura Georges Pompidou de Par\u00eds abrir\u00e1 en M\u00e1laga su primera sede fuera de Francia, donde instalar\u00e1 una colecci\u00f3n permanente de setenta obras y exposiciones temporales anuales, seg\u00fan ha anunciado hoy el alcalde de la capital malague\u00f1a, Francisco de la Torre. El regidor ha explicado en","og:url":"https:\/\/www.eldigitaldeasturias.com\/noticias\/el-centro-georges-pompidou-abrira-en-malaga-su-primera-sede-fuera-de-francia\/","article:tag":["revista de ocio"],"article:published_time":"2013-11-30T00:03:40+00:00","article:modified_time":"2013-11-30T00:03:40+00:00","article:publisher":"https:\/\/facebook.com\/eldigitaldeasturias","twitter:card":"summary_large_image","twitter:title":"El Centro Georges Pompidou abrir\u00e1 en M\u00e1laga su primera sede fuera de Francia - El Digital de Asturias","twitter:description":"M\u00e1laga, 29 nov (EFE).- El Centro Nacional de Arte y Cultura Georges Pompidou de Par\u00eds abrir\u00e1 en M\u00e1laga su primera sede fuera de Francia, donde instalar\u00e1 una colecci\u00f3n permanente de setenta obras y exposiciones temporales anuales, seg\u00fan ha anunciado hoy el alcalde de la capital malague\u00f1a, Francisco de la Torre. El regidor ha explicado en","twitter:label1":"Escrito por","twitter:data1":"El Digital de Asturias","twitter:label2":"Tiempo de lectura estimado","twitter:data2":"3 minutos"},"aioseo_meta_data":{"post_id":"455985","title":null,"description":null,"keywords":null,"keyphrases":null,"primary_term":null,"canonical_url":null,"og_title":null,"og_description":null,"og_object_type":"default","og_image_type":"default","og_image_url":null,"og_image_width":null,"og_image_height":null,"og_image_custom_url":null,"og_image_custom_fields":null,"og_video":null,"og_custom_url":null,"og_article_section":null,"og_article_tags":null,"twitter_use_og":true,"twitter_card":"default","twitter_image_type":"default","twitter_image_url":null,"twitter_image_custom_url":null,"twitter_image_custom_fields":null,"twitter_title":null,"twitter_description":null,"schema":{"blockGraphs":[],"customGraphs":[],"default":{"data":{"Article":[],"Course":[],"Dataset":[],"FAQPage":[],"Movie":[],"Person":[],"Product":[],"ProductReview":[],"Car":[],"Recipe":[],"Service":[],"SoftwareApplication":[],"WebPage":[]},"graphName":"","isEnabled":true},"graphs":[],"defaultGraph":"","defaultPostTypeGraph":""},"schema_type":null,"schema_type_options":null,"pillar_content":false,"robots_default":true,"robots_noindex":false,"robots_noarchive":false,"robots_nosnippet":false,"robots_nofollow":false,"robots_noimageindex":false,"robots_noodp":false,"robots_notranslate":false,"robots_max_snippet":null,"robots_max_videopreview":null,"robots_max_imagepreview":"none","priority":null,"frequency":null,"local_seo":null,"seo_analyzer_scan_date":"2026-05-29 20:19:59","breadcrumb_settings":null,"limit_modified_date":false,"open_ai":null,"ai":null,"created":"2020-11-14 22:45:24","updated":"2026-05-29 20:19:59","focus_keyword":null,"additional_keywords":null,"truseo_locale":null},"aioseo_breadcrumb":"<div class=\"aioseo-breadcrumbs\"><span class=\"aioseo-breadcrumb\">\n\t<a href=\"https:\/\/www.eldigitaldeasturias.com\/noticias\" title=\"Home\">Home<\/a>\n<\/span><span class=\"aioseo-breadcrumb-separator\">\u2013<\/span><span class=\"aioseo-breadcrumb\">\n\t<a href=\"https:\/\/www.eldigitaldeasturias.com\/noticias\/category\/revista-de-ocio\/\" title=\"Revista de Ocio\">Revista de Ocio<\/a>\n<\/span><span class=\"aioseo-breadcrumb-separator\">\u2013<\/span><span class=\"aioseo-breadcrumb\">\n\t<a href=\"https:\/\/www.eldigitaldeasturias.com\/noticias\/el-centro-georges-pompidou-abrira-en-malaga-su-primera-sede-fuera-de-francia\/\" title=\"El Centro Georges Pompidou abrir\u00e1 en M\u00e1laga su primera sede fuera de Francia\">El Centro Georges Pompidou abrir\u00e1 en M\u00e1laga su primera sede fuera de Francia<\/a>\n<\/span><\/div>","aioseo_breadcrumb_json":[{"label":"Home","link":"https:\/\/www.eldigitaldeasturias.com\/noticias"},{"label":"Revista de Ocio","link":"https:\/\/www.eldigitaldeasturias.com\/noticias\/category\/revista-de-ocio\/"},{"label":"El Centro Georges Pompidou abrir\u00e1 en M\u00e1laga su primera sede fuera de Francia","link":"https:\/\/www.eldigitaldeasturias.com\/noticias\/el-centro-georges-pompidou-abrira-en-malaga-su-primera-sede-fuera-de-francia\/"}],"_links":{"self":[{"href":"https:\/\/www.eldigitaldeasturias.com\/noticias\/wp-json\/wp\/v2\/posts\/455985","targetHints":{"allow":["GET"]}}],"collection":[{"href":"https:\/\/www.eldigitaldeasturias.com\/noticias\/wp-json\/wp\/v2\/posts"}],"about":[{"href":"https:\/\/www.eldigitaldeasturias.com\/noticias\/wp-json\/wp\/v2\/types\/post"}],"author":[{"embeddable":true,"href":"https:\/\/www.eldigitaldeasturias.com\/noticias\/wp-json\/wp\/v2\/users\/1"}],"replies":[{"embeddable":true,"href":"https:\/\/www.eldigitaldeasturias.com\/noticias\/wp-json\/wp\/v2\/comments?post=455985"}],"version-history":[{"count":0,"href":"https:\/\/www.eldigitaldeasturias.com\/noticias\/wp-json\/wp\/v2\/posts\/455985\/revisions"}],"wp:attachment":[{"href":"https:\/\/www.eldigitaldeasturias.com\/noticias\/wp-json\/wp\/v2\/media?parent=455985"}],"wp:term":[{"taxonomy":"category","embeddable":true,"href":"https:\/\/www.eldigitaldeasturias.com\/noticias\/wp-json\/wp\/v2\/categories?post=455985"},{"taxonomy":"post_tag","embeddable":true,"href":"https:\/\/www.eldigitaldeasturias.com\/noticias\/wp-json\/wp\/v2\/tags?post=455985"}],"curies":[{"name":"wp","href":"https:\/\/api.w.org\/{rel}","templated":true}]}}