{"id":455979,"date":"2013-11-29T23:00:13","date_gmt":"2013-11-30T00:00:13","guid":{"rendered":"http:\/\/www.eldigitaldeasturias.com\/noticias\/?p=455979"},"modified":"2013-11-29T23:00:13","modified_gmt":"2013-11-30T00:00:13","slug":"puedo-sonar-contigo-de-blue-jeans-saldra-a-la-venta-el-4-de-febrero","status":"publish","type":"post","link":"https:\/\/www.eldigitaldeasturias.com\/noticias\/puedo-sonar-contigo-de-blue-jeans-saldra-a-la-venta-el-4-de-febrero\/","title":{"rendered":"\u00ab\u00bfPuedo so\u00f1ar contigo?\u00bb, de \u00abBlue Jeans\u00bb, saldr\u00e1 a la venta el 4 de febrero"},"content":{"rendered":"<p><img loading=\"lazy\" decoding=\"async\" class=\"alignleft size-medium wp-image-455980\" alt=\"5762750w\" src=\"https:\/\/www.eldigitaldeasturias.com\/noticias\/wp-content\/uploads\/2013\/11\/5762750w-360x239.jpg\" width=\"360\" height=\"239\" \/>Madrid, 29 nov (EFE).- \u00ab\u00bfPuedo so\u00f1ar contigo?\u00bb. Este ser\u00e1 el t\u00edtulo de la \u00faltima entrega de la trilog\u00eda de \u00abEl Club de los Incomprendidos\u00bb, (Planeta), del escritor sevillano Francisco de Paula, \u00abBlue Jeans\u00bb, que saldr\u00e1 a la venta el 4 de febrero.<\/p>\n<p>Tras la celebraci\u00f3n de una yincana, llevada a cabo por las seguidoras de \u00abBlue Jeans\u00bb en Madrid, Barcelona, Sevilla, Bilbao y Valencia, de Paula ha desvelado en su cuenta de Twitter estos esperados datos.<\/p>\n<p>Y Valencia ha sido la ciudad en la que las conocidas como \u00ab#Bluejeaners\u00bb han desvelado las primeras la \u00abansiada informaci\u00f3n\u00bb, despu\u00e9s de que el autor, desde una c\u00e9ntrica librer\u00eda madrile\u00f1a les fuera dando las pistas a trav\u00e9s de su cuenta de esta red social y la etiqueta \u00ab#retoblujeaners\u00bb.<\/p>\n<p>Con esta victoria, las fans del sevillano han conseguido que Valencia sea la ciudad que acoja, tras la publicaci\u00f3n del libro, la primera firma de libros del autor.<\/p>\n<p>De Paula cuenta en la actualidad con m\u00e1s de 40.200 seguidores, lo que le convierte en uno de los escritores espa\u00f1oles m\u00e1s seguidos en las redes sociales. Y es que, como ha reconocido a Efe de Paula, las redes sociales forman parte de su vida.<\/p>\n<p>\u00abLas redes sociales aportan mucho a mi obra y adem\u00e1s son una oportunidad de estar en contacto con gente que lee los libros, con la que te apoya. Mis seguidoras me han aportado a lo largo de los \u00faltimos libros cosas como canciones o datos sobre qu\u00e9 les gustar\u00eda que pasara con un personaje\u00bb, ha contado.<\/p>\n<p>Por este motivo, para el autor, que se encuentra en la recta final de \u00ab\u00bfPuedo so\u00f1ar contigo?\u00bb, \u00abEl Club de los Incomprendidos\u00bb ha sido desde el principio \u00abuna aventura de todos, no s\u00f3lo de Bluejeans\u00bb.<\/p>\n<p>Pese a que no ha facilitado ning\u00fan dato sobre las nuevas aventuras de Eli, Valeria, Bruno, Ra\u00fal, Mar\u00eda y Ester, de Paula ha adelantado que \u00abel tiempo pasa, y tambi\u00e9n para ellos\u00bb.<\/p>\n<p>Esta obra viene precedida del gran \u00e9xito que \u00abBlue Jeans\u00bb obtuvo con su primer trabajo, la trilog\u00eda \u00abCanciones para Paula\u00bb, de la que vendi\u00f3 m\u00e1s de 300.000 ejemplares, y de la siguiente \u00abBuenos d\u00edas, Princesa\u00bb.<\/p>\n<p>Tras finalizar el acto, el autor ha convocado otro concurso a trav\u00e9s de Twitter en el que el sus seguidores tienen que conseguir que 50 de sus seguidores en esta red social escriban la etiqueta \u00ab#Puedoso\u00f1arcontigo\u00bb.<\/p>\n<p>El ganador aparecer\u00e1 en los agradecimientos de esta tercera entrega.<\/p>\n","protected":false},"excerpt":{"rendered":"<p>Madrid, 29 nov (EFE).- \u00ab\u00bfPuedo so\u00f1ar contigo?\u00bb. Este ser\u00e1 el t\u00edtulo de la \u00faltima entrega de la trilog\u00eda de \u00abEl Club de los Incomprendidos\u00bb, (Planeta), del escritor sevillano Francisco de Paula, \u00abBlue Jeans\u00bb, que saldr\u00e1 a la venta el 4 de febrero. Tras la celebraci\u00f3n de una yincana, llevada a cabo por las seguidoras de [&hellip;]<\/p>\n","protected":false},"author":1,"featured_media":455980,"comment_status":"closed","ping_status":"open","sticky":false,"template":"","format":"standard","meta":{"footnotes":""},"categories":[50],"tags":[],"class_list":["post-455979","post","type-post","status-publish","format-standard","has-post-thumbnail","hentry","category-revista-de-ocio"],"aioseo_notices":[],"aioseo_head":"\n\t\t<!-- All in One SEO Pro 5.0.1 - aioseo.com -->\n\t<meta name=\"description\" content=\"Madrid, 29 nov (EFE).- &quot;\u00bfPuedo so\u00f1ar contigo?&quot;. Este ser\u00e1 el t\u00edtulo de la \u00faltima entrega de la trilog\u00eda de &quot;El Club de los Incomprendidos&quot;, (Planeta), del escritor sevillano Francisco de Paula, &quot;Blue Jeans&quot;, que saldr\u00e1 a la venta el 4 de febrero. Tras la celebraci\u00f3n de una yincana, llevada a cabo por las seguidoras de\" \/>\n\t<meta name=\"robots\" content=\"max-image-preview:large\" \/>\n\t<meta name=\"author\" content=\"El Digital de Asturias\"\/>\n\t<meta name=\"google-site-verification\" content=\"UA-38556648-1\" \/>\n\t<meta name=\"msvalidate.01\" content=\"7dfe9f3f1b24437ab69f4f2559babe99\" \/>\n\t<meta name=\"keywords\" content=\"revista de ocio\" \/>\n\t<link rel=\"canonical\" href=\"https:\/\/www.eldigitaldeasturias.com\/noticias\/puedo-sonar-contigo-de-blue-jeans-saldra-a-la-venta-el-4-de-febrero\/\" \/>\n\t<meta name=\"generator\" content=\"All in One SEO Pro (AIOSEO) 5.0.1\" \/>\n\t\t<meta property=\"og:locale\" content=\"es_ES\" \/>\n\t\t<meta property=\"og:site_name\" content=\"El Digital de Asturias\" \/>\n\t\t<meta property=\"og:type\" content=\"article\" \/>\n\t\t<meta property=\"og:title\" content=\"\u00ab\u00bfPuedo so\u00f1ar contigo?\u00bb, de \u00abBlue Jeans\u00bb, saldr\u00e1 a la venta el 4 de febrero - El Digital de Asturias\" \/>\n\t\t<meta property=\"og:description\" content=\"Madrid, 29 nov (EFE).- &quot;\u00bfPuedo so\u00f1ar contigo?&quot;. Este ser\u00e1 el t\u00edtulo de la \u00faltima entrega de la trilog\u00eda de &quot;El Club de los Incomprendidos&quot;, (Planeta), del escritor sevillano Francisco de Paula, &quot;Blue Jeans&quot;, que saldr\u00e1 a la venta el 4 de febrero. Tras la celebraci\u00f3n de una yincana, llevada a cabo por las seguidoras de\" \/>\n\t\t<meta property=\"og:url\" content=\"https:\/\/www.eldigitaldeasturias.com\/noticias\/puedo-sonar-contigo-de-blue-jeans-saldra-a-la-venta-el-4-de-febrero\/\" \/>\n\t\t<meta property=\"article:tag\" content=\"revista de ocio\" \/>\n\t\t<meta property=\"article:published_time\" content=\"2013-11-30T00:00:13+00:00\" \/>\n\t\t<meta property=\"article:modified_time\" content=\"2013-11-30T00:00:13+00:00\" \/>\n\t\t<meta property=\"article:publisher\" content=\"https:\/\/facebook.com\/eldigitaldeasturias\" \/>\n\t\t<meta name=\"twitter:card\" content=\"summary_large_image\" \/>\n\t\t<meta name=\"twitter:title\" content=\"\u00ab\u00bfPuedo so\u00f1ar contigo?\u00bb, de \u00abBlue Jeans\u00bb, saldr\u00e1 a la venta el 4 de febrero - El Digital de Asturias\" \/>\n\t\t<meta name=\"twitter:description\" content=\"Madrid, 29 nov (EFE).- &quot;\u00bfPuedo so\u00f1ar contigo?&quot;. Este ser\u00e1 el t\u00edtulo de la \u00faltima entrega de la trilog\u00eda de &quot;El Club de los Incomprendidos&quot;, (Planeta), del escritor sevillano Francisco de Paula, &quot;Blue Jeans&quot;, que saldr\u00e1 a la venta el 4 de febrero. Tras la celebraci\u00f3n de una yincana, llevada a cabo por las seguidoras de\" \/>\n\t\t<meta name=\"twitter:label1\" content=\"Escrito por\" \/>\n\t\t<meta name=\"twitter:data1\" content=\"El Digital de Asturias\" \/>\n\t\t<meta name=\"twitter:label2\" content=\"Tiempo de lectura estimado\" \/>\n\t\t<meta name=\"twitter:data2\" content=\"2 minutos\" \/>\n\t\t<script type=\"application\/ld+json\" class=\"aioseo-schema\">\n\t\t\t{\"@context\":\"https:\\\/\\\/schema.org\",\"@graph\":[{\"@type\":\"BlogPosting\",\"@id\":\"https:\\\/\\\/www.eldigitaldeasturias.com\\\/noticias\\\/puedo-sonar-contigo-de-blue-jeans-saldra-a-la-venta-el-4-de-febrero\\\/#blogposting\",\"name\":\"\\u00ab\\u00bfPuedo so\\u00f1ar contigo?\\u00bb, de \\u00abBlue Jeans\\u00bb, saldr\\u00e1 a la venta el 4 de febrero - El Digital de Asturias\",\"headline\":\"\\u00ab\\u00bfPuedo so\\u00f1ar contigo?\\u00bb, de \\u00abBlue Jeans\\u00bb, saldr\\u00e1 a la venta el 4 de febrero\",\"author\":{\"@id\":\"https:\\\/\\\/www.eldigitaldeasturias.com\\\/noticias\\\/author\\\/admin\\\/#author\"},\"publisher\":{\"@id\":\"https:\\\/\\\/www.eldigitaldeasturias.com\\\/noticias\\\/#organization\"},\"image\":{\"@type\":\"ImageObject\",\"url\":455980},\"datePublished\":\"2013-11-29T23:00:13+01:00\",\"dateModified\":\"2013-11-29T23:00:13+01:00\",\"inLanguage\":\"es-ES\",\"mainEntityOfPage\":{\"@id\":\"https:\\\/\\\/www.eldigitaldeasturias.com\\\/noticias\\\/puedo-sonar-contigo-de-blue-jeans-saldra-a-la-venta-el-4-de-febrero\\\/#webpage\"},\"isPartOf\":{\"@id\":\"https:\\\/\\\/www.eldigitaldeasturias.com\\\/noticias\\\/puedo-sonar-contigo-de-blue-jeans-saldra-a-la-venta-el-4-de-febrero\\\/#webpage\"},\"articleSection\":\"Revista de Ocio\"},{\"@type\":\"BreadcrumbList\",\"@id\":\"https:\\\/\\\/www.eldigitaldeasturias.com\\\/noticias\\\/puedo-sonar-contigo-de-blue-jeans-saldra-a-la-venta-el-4-de-febrero\\\/#breadcrumblist\",\"itemListElement\":[{\"@type\":\"ListItem\",\"@id\":\"https:\\\/\\\/www.eldigitaldeasturias.com\\\/noticias#listItem\",\"position\":1,\"name\":\"Home\",\"item\":\"https:\\\/\\\/www.eldigitaldeasturias.com\\\/noticias\",\"nextItem\":{\"@type\":\"ListItem\",\"@id\":\"https:\\\/\\\/www.eldigitaldeasturias.com\\\/noticias\\\/category\\\/revista-de-ocio\\\/#listItem\",\"name\":\"Revista de Ocio\"}},{\"@type\":\"ListItem\",\"@id\":\"https:\\\/\\\/www.eldigitaldeasturias.com\\\/noticias\\\/category\\\/revista-de-ocio\\\/#listItem\",\"position\":2,\"name\":\"Revista de Ocio\",\"item\":\"https:\\\/\\\/www.eldigitaldeasturias.com\\\/noticias\\\/category\\\/revista-de-ocio\\\/\",\"nextItem\":{\"@type\":\"ListItem\",\"@id\":\"https:\\\/\\\/www.eldigitaldeasturias.com\\\/noticias\\\/puedo-sonar-contigo-de-blue-jeans-saldra-a-la-venta-el-4-de-febrero\\\/#listItem\",\"name\":\"\\u00ab\\u00bfPuedo so\\u00f1ar contigo?\\u00bb, de \\u00abBlue Jeans\\u00bb, saldr\\u00e1 a la venta el 4 de febrero\"},\"previousItem\":{\"@type\":\"ListItem\",\"@id\":\"https:\\\/\\\/www.eldigitaldeasturias.com\\\/noticias#listItem\",\"name\":\"Home\"}},{\"@type\":\"ListItem\",\"@id\":\"https:\\\/\\\/www.eldigitaldeasturias.com\\\/noticias\\\/puedo-sonar-contigo-de-blue-jeans-saldra-a-la-venta-el-4-de-febrero\\\/#listItem\",\"position\":3,\"name\":\"\\u00ab\\u00bfPuedo so\\u00f1ar contigo?\\u00bb, de \\u00abBlue Jeans\\u00bb, saldr\\u00e1 a la venta el 4 de febrero\",\"previousItem\":{\"@type\":\"ListItem\",\"@id\":\"https:\\\/\\\/www.eldigitaldeasturias.com\\\/noticias\\\/category\\\/revista-de-ocio\\\/#listItem\",\"name\":\"Revista de Ocio\"}}]},{\"@type\":\"Organization\",\"@id\":\"https:\\\/\\\/www.eldigitaldeasturias.com\\\/noticias\\\/#organization\",\"name\":\"El Digital de Asturias\",\"description\":\"Hemeroteca\",\"url\":\"https:\\\/\\\/www.eldigitaldeasturias.com\\\/noticias\\\/\",\"email\":\"info@eldigitaldeasturias.com\",\"telephone\":\"+34652131393\",\"logo\":{\"@type\":\"ImageObject\",\"url\":\"https:\\\/\\\/www.eldigitaldeasturias.com\\\/noticias\\\/wp-content\\\/uploads\\\/2020\\\/12\\\/EDA.jpg\",\"@id\":\"https:\\\/\\\/www.eldigitaldeasturias.com\\\/noticias\\\/puedo-sonar-contigo-de-blue-jeans-saldra-a-la-venta-el-4-de-febrero\\\/#organizationLogo\"},\"image\":{\"@id\":\"https:\\\/\\\/www.eldigitaldeasturias.com\\\/noticias\\\/puedo-sonar-contigo-de-blue-jeans-saldra-a-la-venta-el-4-de-febrero\\\/#organizationLogo\"},\"sameAs\":[\"https:\\\/\\\/facebook.com\\\/eldigitaldeasturias\",\"https:\\\/\\\/www.youtube.com\\\/channel\\\/UCZP-2wLEB9Rv6erhFmqVnvg\"],\"address\":{\"@id\":\"https:\\\/\\\/www.eldigitaldeasturias.com\\\/noticias\\\/#postaladdress\",\"@type\":\"PostalAddress\",\"streetAddress\":\"san antonio 4\",\"postalCode\":\"33430\",\"addressLocality\":\"Cand\\u00e1s\",\"addressRegion\":\"Asturias\",\"addressCountry\":\"ES\"}},{\"@type\":\"Person\",\"@id\":\"https:\\\/\\\/www.eldigitaldeasturias.com\\\/noticias\\\/author\\\/admin\\\/#author\",\"url\":\"https:\\\/\\\/www.eldigitaldeasturias.com\\\/noticias\\\/author\\\/admin\\\/\",\"name\":\"El Digital de Asturias\",\"image\":{\"@type\":\"ImageObject\",\"@id\":\"https:\\\/\\\/www.eldigitaldeasturias.com\\\/noticias\\\/puedo-sonar-contigo-de-blue-jeans-saldra-a-la-venta-el-4-de-febrero\\\/#authorImage\",\"url\":\"https:\\\/\\\/secure.gravatar.com\\\/avatar\\\/df2aeffc32bcd13f8d26072ef8a91b623d677766deac7f97ca815868cd41bf5e?s=96&d=mm&r=g\",\"width\":96,\"height\":96,\"caption\":\"El Digital de Asturias\"}},{\"@type\":\"WebPage\",\"@id\":\"https:\\\/\\\/www.eldigitaldeasturias.com\\\/noticias\\\/puedo-sonar-contigo-de-blue-jeans-saldra-a-la-venta-el-4-de-febrero\\\/#webpage\",\"url\":\"https:\\\/\\\/www.eldigitaldeasturias.com\\\/noticias\\\/puedo-sonar-contigo-de-blue-jeans-saldra-a-la-venta-el-4-de-febrero\\\/\",\"name\":\"\\u00ab\\u00bfPuedo so\\u00f1ar contigo?\\u00bb, de \\u00abBlue Jeans\\u00bb, saldr\\u00e1 a la venta el 4 de febrero - El Digital de Asturias\",\"description\":\"Madrid, 29 nov (EFE).- \\\"\\u00bfPuedo so\\u00f1ar contigo?\\\". Este ser\\u00e1 el t\\u00edtulo de la \\u00faltima entrega de la trilog\\u00eda de \\\"El Club de los Incomprendidos\\\", (Planeta), del escritor sevillano Francisco de Paula, \\\"Blue Jeans\\\", que saldr\\u00e1 a la venta el 4 de febrero. Tras la celebraci\\u00f3n de una yincana, llevada a cabo por las seguidoras de\",\"inLanguage\":\"es-ES\",\"isPartOf\":{\"@id\":\"https:\\\/\\\/www.eldigitaldeasturias.com\\\/noticias\\\/#website\"},\"breadcrumb\":{\"@id\":\"https:\\\/\\\/www.eldigitaldeasturias.com\\\/noticias\\\/puedo-sonar-contigo-de-blue-jeans-saldra-a-la-venta-el-4-de-febrero\\\/#breadcrumblist\"},\"author\":{\"@id\":\"https:\\\/\\\/www.eldigitaldeasturias.com\\\/noticias\\\/author\\\/admin\\\/#author\"},\"creator\":{\"@id\":\"https:\\\/\\\/www.eldigitaldeasturias.com\\\/noticias\\\/author\\\/admin\\\/#author\"},\"image\":{\"@type\":\"ImageObject\",\"url\":455980,\"@id\":\"https:\\\/\\\/www.eldigitaldeasturias.com\\\/noticias\\\/puedo-sonar-contigo-de-blue-jeans-saldra-a-la-venta-el-4-de-febrero\\\/#mainImage\"},\"primaryImageOfPage\":{\"@id\":\"https:\\\/\\\/www.eldigitaldeasturias.com\\\/noticias\\\/puedo-sonar-contigo-de-blue-jeans-saldra-a-la-venta-el-4-de-febrero\\\/#mainImage\"},\"datePublished\":\"2013-11-29T23:00:13+01:00\",\"dateModified\":\"2013-11-29T23:00:13+01:00\"},{\"@type\":\"WebSite\",\"@id\":\"https:\\\/\\\/www.eldigitaldeasturias.com\\\/noticias\\\/#website\",\"url\":\"https:\\\/\\\/www.eldigitaldeasturias.com\\\/noticias\\\/\",\"name\":\"El Digital de Asturias - Diario de actualidad y noticias\",\"alternateName\":\"El Digital de Asturias - Diario de actualidad y noticias\",\"description\":\"Hemeroteca\",\"inLanguage\":\"es-ES\",\"publisher\":{\"@id\":\"https:\\\/\\\/www.eldigitaldeasturias.com\\\/noticias\\\/#organization\"}}]}\n\t\t<\/script>\n\t\t<!-- All in One SEO Pro -->\r\n\t\t<title>\u00ab\u00bfPuedo so\u00f1ar contigo?\u00bb, de \u00abBlue Jeans\u00bb, saldr\u00e1 a la venta el 4 de febrero - El Digital de Asturias<\/title>\n\n","aioseo_head_json":{"title":"\u00ab\u00bfPuedo so\u00f1ar contigo?\u00bb, de \u00abBlue Jeans\u00bb, saldr\u00e1 a la venta el 4 de febrero - El Digital de Asturias","description":"Madrid, 29 nov (EFE).- \"\u00bfPuedo so\u00f1ar contigo?\". Este ser\u00e1 el t\u00edtulo de la \u00faltima entrega de la trilog\u00eda de \"El Club de los Incomprendidos\", (Planeta), del escritor sevillano Francisco de Paula, \"Blue Jeans\", que saldr\u00e1 a la venta el 4 de febrero. Tras la celebraci\u00f3n de una yincana, llevada a cabo por las seguidoras de","canonical_url":"https:\/\/www.eldigitaldeasturias.com\/noticias\/puedo-sonar-contigo-de-blue-jeans-saldra-a-la-venta-el-4-de-febrero\/","robots":"max-image-preview:large","keywords":"revista de ocio","webmasterTools":{"google-site-verification":"UA-38556648-1","msvalidate.01":"7dfe9f3f1b24437ab69f4f2559babe99","miscellaneous":""},"schema":{"@context":"https:\/\/schema.org","@graph":[{"@type":"BlogPosting","@id":"https:\/\/www.eldigitaldeasturias.com\/noticias\/puedo-sonar-contigo-de-blue-jeans-saldra-a-la-venta-el-4-de-febrero\/#blogposting","name":"\u00ab\u00bfPuedo so\u00f1ar contigo?\u00bb, de \u00abBlue Jeans\u00bb, saldr\u00e1 a la venta el 4 de febrero - El Digital de Asturias","headline":"\u00ab\u00bfPuedo so\u00f1ar contigo?\u00bb, de \u00abBlue Jeans\u00bb, saldr\u00e1 a la venta el 4 de febrero","author":{"@id":"https:\/\/www.eldigitaldeasturias.com\/noticias\/author\/admin\/#author"},"publisher":{"@id":"https:\/\/www.eldigitaldeasturias.com\/noticias\/#organization"},"image":{"@type":"ImageObject","url":455980},"datePublished":"2013-11-29T23:00:13+01:00","dateModified":"2013-11-29T23:00:13+01:00","inLanguage":"es-ES","mainEntityOfPage":{"@id":"https:\/\/www.eldigitaldeasturias.com\/noticias\/puedo-sonar-contigo-de-blue-jeans-saldra-a-la-venta-el-4-de-febrero\/#webpage"},"isPartOf":{"@id":"https:\/\/www.eldigitaldeasturias.com\/noticias\/puedo-sonar-contigo-de-blue-jeans-saldra-a-la-venta-el-4-de-febrero\/#webpage"},"articleSection":"Revista de Ocio"},{"@type":"BreadcrumbList","@id":"https:\/\/www.eldigitaldeasturias.com\/noticias\/puedo-sonar-contigo-de-blue-jeans-saldra-a-la-venta-el-4-de-febrero\/#breadcrumblist","itemListElement":[{"@type":"ListItem","@id":"https:\/\/www.eldigitaldeasturias.com\/noticias#listItem","position":1,"name":"Home","item":"https:\/\/www.eldigitaldeasturias.com\/noticias","nextItem":{"@type":"ListItem","@id":"https:\/\/www.eldigitaldeasturias.com\/noticias\/category\/revista-de-ocio\/#listItem","name":"Revista de Ocio"}},{"@type":"ListItem","@id":"https:\/\/www.eldigitaldeasturias.com\/noticias\/category\/revista-de-ocio\/#listItem","position":2,"name":"Revista de Ocio","item":"https:\/\/www.eldigitaldeasturias.com\/noticias\/category\/revista-de-ocio\/","nextItem":{"@type":"ListItem","@id":"https:\/\/www.eldigitaldeasturias.com\/noticias\/puedo-sonar-contigo-de-blue-jeans-saldra-a-la-venta-el-4-de-febrero\/#listItem","name":"\u00ab\u00bfPuedo so\u00f1ar contigo?\u00bb, de \u00abBlue Jeans\u00bb, saldr\u00e1 a la venta el 4 de febrero"},"previousItem":{"@type":"ListItem","@id":"https:\/\/www.eldigitaldeasturias.com\/noticias#listItem","name":"Home"}},{"@type":"ListItem","@id":"https:\/\/www.eldigitaldeasturias.com\/noticias\/puedo-sonar-contigo-de-blue-jeans-saldra-a-la-venta-el-4-de-febrero\/#listItem","position":3,"name":"\u00ab\u00bfPuedo so\u00f1ar contigo?\u00bb, de \u00abBlue Jeans\u00bb, saldr\u00e1 a la venta el 4 de febrero","previousItem":{"@type":"ListItem","@id":"https:\/\/www.eldigitaldeasturias.com\/noticias\/category\/revista-de-ocio\/#listItem","name":"Revista de Ocio"}}]},{"@type":"Organization","@id":"https:\/\/www.eldigitaldeasturias.com\/noticias\/#organization","name":"El Digital de Asturias","description":"Hemeroteca","url":"https:\/\/www.eldigitaldeasturias.com\/noticias\/","email":"info@eldigitaldeasturias.com","telephone":"+34652131393","logo":{"@type":"ImageObject","url":"https:\/\/www.eldigitaldeasturias.com\/noticias\/wp-content\/uploads\/2020\/12\/EDA.jpg","@id":"https:\/\/www.eldigitaldeasturias.com\/noticias\/puedo-sonar-contigo-de-blue-jeans-saldra-a-la-venta-el-4-de-febrero\/#organizationLogo"},"image":{"@id":"https:\/\/www.eldigitaldeasturias.com\/noticias\/puedo-sonar-contigo-de-blue-jeans-saldra-a-la-venta-el-4-de-febrero\/#organizationLogo"},"sameAs":["https:\/\/facebook.com\/eldigitaldeasturias","https:\/\/www.youtube.com\/channel\/UCZP-2wLEB9Rv6erhFmqVnvg"],"address":{"@id":"https:\/\/www.eldigitaldeasturias.com\/noticias\/#postaladdress","@type":"PostalAddress","streetAddress":"san antonio 4","postalCode":"33430","addressLocality":"Cand\u00e1s","addressRegion":"Asturias","addressCountry":"ES"}},{"@type":"Person","@id":"https:\/\/www.eldigitaldeasturias.com\/noticias\/author\/admin\/#author","url":"https:\/\/www.eldigitaldeasturias.com\/noticias\/author\/admin\/","name":"El Digital de Asturias","image":{"@type":"ImageObject","@id":"https:\/\/www.eldigitaldeasturias.com\/noticias\/puedo-sonar-contigo-de-blue-jeans-saldra-a-la-venta-el-4-de-febrero\/#authorImage","url":"https:\/\/secure.gravatar.com\/avatar\/df2aeffc32bcd13f8d26072ef8a91b623d677766deac7f97ca815868cd41bf5e?s=96&d=mm&r=g","width":96,"height":96,"caption":"El Digital de Asturias"}},{"@type":"WebPage","@id":"https:\/\/www.eldigitaldeasturias.com\/noticias\/puedo-sonar-contigo-de-blue-jeans-saldra-a-la-venta-el-4-de-febrero\/#webpage","url":"https:\/\/www.eldigitaldeasturias.com\/noticias\/puedo-sonar-contigo-de-blue-jeans-saldra-a-la-venta-el-4-de-febrero\/","name":"\u00ab\u00bfPuedo so\u00f1ar contigo?\u00bb, de \u00abBlue Jeans\u00bb, saldr\u00e1 a la venta el 4 de febrero - El Digital de Asturias","description":"Madrid, 29 nov (EFE).- \"\u00bfPuedo so\u00f1ar contigo?\". Este ser\u00e1 el t\u00edtulo de la \u00faltima entrega de la trilog\u00eda de \"El Club de los Incomprendidos\", (Planeta), del escritor sevillano Francisco de Paula, \"Blue Jeans\", que saldr\u00e1 a la venta el 4 de febrero. Tras la celebraci\u00f3n de una yincana, llevada a cabo por las seguidoras de","inLanguage":"es-ES","isPartOf":{"@id":"https:\/\/www.eldigitaldeasturias.com\/noticias\/#website"},"breadcrumb":{"@id":"https:\/\/www.eldigitaldeasturias.com\/noticias\/puedo-sonar-contigo-de-blue-jeans-saldra-a-la-venta-el-4-de-febrero\/#breadcrumblist"},"author":{"@id":"https:\/\/www.eldigitaldeasturias.com\/noticias\/author\/admin\/#author"},"creator":{"@id":"https:\/\/www.eldigitaldeasturias.com\/noticias\/author\/admin\/#author"},"image":{"@type":"ImageObject","url":455980,"@id":"https:\/\/www.eldigitaldeasturias.com\/noticias\/puedo-sonar-contigo-de-blue-jeans-saldra-a-la-venta-el-4-de-febrero\/#mainImage"},"primaryImageOfPage":{"@id":"https:\/\/www.eldigitaldeasturias.com\/noticias\/puedo-sonar-contigo-de-blue-jeans-saldra-a-la-venta-el-4-de-febrero\/#mainImage"},"datePublished":"2013-11-29T23:00:13+01:00","dateModified":"2013-11-29T23:00:13+01:00"},{"@type":"WebSite","@id":"https:\/\/www.eldigitaldeasturias.com\/noticias\/#website","url":"https:\/\/www.eldigitaldeasturias.com\/noticias\/","name":"El Digital de Asturias - Diario de actualidad y noticias","alternateName":"El Digital de Asturias - Diario de actualidad y noticias","description":"Hemeroteca","inLanguage":"es-ES","publisher":{"@id":"https:\/\/www.eldigitaldeasturias.com\/noticias\/#organization"}}]},"og:locale":"es_ES","og:site_name":"El Digital de Asturias","og:type":"article","og:title":"\u00ab\u00bfPuedo so\u00f1ar contigo?\u00bb, de \u00abBlue Jeans\u00bb, saldr\u00e1 a la venta el 4 de febrero - El Digital de Asturias","og:description":"Madrid, 29 nov (EFE).- &quot;\u00bfPuedo so\u00f1ar contigo?&quot;. Este ser\u00e1 el t\u00edtulo de la \u00faltima entrega de la trilog\u00eda de &quot;El Club de los Incomprendidos&quot;, (Planeta), del escritor sevillano Francisco de Paula, &quot;Blue Jeans&quot;, que saldr\u00e1 a la venta el 4 de febrero. Tras la celebraci\u00f3n de una yincana, llevada a cabo por las seguidoras de","og:url":"https:\/\/www.eldigitaldeasturias.com\/noticias\/puedo-sonar-contigo-de-blue-jeans-saldra-a-la-venta-el-4-de-febrero\/","article:tag":["revista de ocio"],"article:published_time":"2013-11-30T00:00:13+00:00","article:modified_time":"2013-11-30T00:00:13+00:00","article:publisher":"https:\/\/facebook.com\/eldigitaldeasturias","twitter:card":"summary_large_image","twitter:title":"\u00ab\u00bfPuedo so\u00f1ar contigo?\u00bb, de \u00abBlue Jeans\u00bb, saldr\u00e1 a la venta el 4 de febrero - El Digital de Asturias","twitter:description":"Madrid, 29 nov (EFE).- &quot;\u00bfPuedo so\u00f1ar contigo?&quot;. Este ser\u00e1 el t\u00edtulo de la \u00faltima entrega de la trilog\u00eda de &quot;El Club de los Incomprendidos&quot;, (Planeta), del escritor sevillano Francisco de Paula, &quot;Blue Jeans&quot;, que saldr\u00e1 a la venta el 4 de febrero. Tras la celebraci\u00f3n de una yincana, llevada a cabo por las seguidoras de","twitter:label1":"Escrito por","twitter:data1":"El Digital de Asturias","twitter:label2":"Tiempo de lectura estimado","twitter:data2":"2 minutos"},"aioseo_meta_data":{"post_id":"455979","title":null,"description":null,"keywords":null,"keyphrases":null,"primary_term":null,"canonical_url":null,"og_title":null,"og_description":null,"og_object_type":"default","og_image_type":"default","og_image_url":null,"og_image_width":null,"og_image_height":null,"og_image_custom_url":null,"og_image_custom_fields":null,"og_video":null,"og_custom_url":null,"og_article_section":null,"og_article_tags":null,"twitter_use_og":true,"twitter_card":"default","twitter_image_type":"default","twitter_image_url":null,"twitter_image_custom_url":null,"twitter_image_custom_fields":null,"twitter_title":null,"twitter_description":null,"schema":{"blockGraphs":[],"customGraphs":[],"default":{"data":{"Article":[],"Course":[],"Dataset":[],"FAQPage":[],"Movie":[],"Person":[],"Product":[],"ProductReview":[],"Car":[],"Recipe":[],"Service":[],"SoftwareApplication":[],"WebPage":[]},"graphName":"","isEnabled":true},"graphs":[],"defaultGraph":"","defaultPostTypeGraph":""},"schema_type":null,"schema_type_options":null,"pillar_content":false,"robots_default":true,"robots_noindex":false,"robots_noarchive":false,"robots_nosnippet":false,"robots_nofollow":false,"robots_noimageindex":false,"robots_noodp":false,"robots_notranslate":false,"robots_max_snippet":null,"robots_max_videopreview":null,"robots_max_imagepreview":"none","priority":null,"frequency":null,"local_seo":null,"seo_analyzer_scan_date":"2026-05-29 20:19:58","breadcrumb_settings":null,"limit_modified_date":false,"open_ai":null,"ai":null,"created":"2020-11-14 22:45:24","updated":"2026-05-29 20:19:58","focus_keyword":null,"additional_keywords":null,"truseo_locale":null},"aioseo_breadcrumb":"<div class=\"aioseo-breadcrumbs\"><span class=\"aioseo-breadcrumb\">\n\t<a href=\"https:\/\/www.eldigitaldeasturias.com\/noticias\" title=\"Home\">Home<\/a>\n<\/span><span class=\"aioseo-breadcrumb-separator\">\u2013<\/span><span class=\"aioseo-breadcrumb\">\n\t<a href=\"https:\/\/www.eldigitaldeasturias.com\/noticias\/category\/revista-de-ocio\/\" title=\"Revista de Ocio\">Revista de Ocio<\/a>\n<\/span><span class=\"aioseo-breadcrumb-separator\">\u2013<\/span><span class=\"aioseo-breadcrumb\">\n\t<a href=\"https:\/\/www.eldigitaldeasturias.com\/noticias\/puedo-sonar-contigo-de-blue-jeans-saldra-a-la-venta-el-4-de-febrero\/\" title=\"\u00ab\u00bfPuedo so\u00f1ar contigo?\u00bb, de \u00abBlue Jeans\u00bb, saldr\u00e1 a la venta el 4 de febrero\">\u00ab\u00bfPuedo so\u00f1ar contigo?\u00bb, de \u00abBlue Jeans\u00bb, saldr\u00e1 a la venta el 4 de febrero<\/a>\n<\/span><\/div>","aioseo_breadcrumb_json":[{"label":"Home","link":"https:\/\/www.eldigitaldeasturias.com\/noticias"},{"label":"Revista de Ocio","link":"https:\/\/www.eldigitaldeasturias.com\/noticias\/category\/revista-de-ocio\/"},{"label":"\u00ab\u00bfPuedo so\u00f1ar contigo?\u00bb, de \u00abBlue Jeans\u00bb, saldr\u00e1 a la venta el 4 de febrero","link":"https:\/\/www.eldigitaldeasturias.com\/noticias\/puedo-sonar-contigo-de-blue-jeans-saldra-a-la-venta-el-4-de-febrero\/"}],"_links":{"self":[{"href":"https:\/\/www.eldigitaldeasturias.com\/noticias\/wp-json\/wp\/v2\/posts\/455979","targetHints":{"allow":["GET"]}}],"collection":[{"href":"https:\/\/www.eldigitaldeasturias.com\/noticias\/wp-json\/wp\/v2\/posts"}],"about":[{"href":"https:\/\/www.eldigitaldeasturias.com\/noticias\/wp-json\/wp\/v2\/types\/post"}],"author":[{"embeddable":true,"href":"https:\/\/www.eldigitaldeasturias.com\/noticias\/wp-json\/wp\/v2\/users\/1"}],"replies":[{"embeddable":true,"href":"https:\/\/www.eldigitaldeasturias.com\/noticias\/wp-json\/wp\/v2\/comments?post=455979"}],"version-history":[{"count":0,"href":"https:\/\/www.eldigitaldeasturias.com\/noticias\/wp-json\/wp\/v2\/posts\/455979\/revisions"}],"wp:attachment":[{"href":"https:\/\/www.eldigitaldeasturias.com\/noticias\/wp-json\/wp\/v2\/media?parent=455979"}],"wp:term":[{"taxonomy":"category","embeddable":true,"href":"https:\/\/www.eldigitaldeasturias.com\/noticias\/wp-json\/wp\/v2\/categories?post=455979"},{"taxonomy":"post_tag","embeddable":true,"href":"https:\/\/www.eldigitaldeasturias.com\/noticias\/wp-json\/wp\/v2\/tags?post=455979"}],"curies":[{"name":"wp","href":"https:\/\/api.w.org\/{rel}","templated":true}]}}