{"id":455958,"date":"2013-11-29T22:46:31","date_gmt":"2013-11-29T23:46:31","guid":{"rendered":"http:\/\/www.eldigitaldeasturias.com\/noticias\/?p=455958"},"modified":"2013-11-29T22:46:31","modified_gmt":"2013-11-29T23:46:31","slug":"dimite-el-lider-de-ugt-andalucia-tras-confirmar-la-junta-el-desvio-de-18-millones","status":"publish","type":"post","link":"https:\/\/www.eldigitaldeasturias.com\/noticias\/dimite-el-lider-de-ugt-andalucia-tras-confirmar-la-junta-el-desvio-de-18-millones\/","title":{"rendered":"Dimite el l\u00edder de UGT-Andaluc\u00eda tras confirmar la Junta el desv\u00edo de 1,8 millones"},"content":{"rendered":"<p><img loading=\"lazy\" decoding=\"async\" class=\"alignleft size-medium wp-image-455959\" alt=\"5762513w\" src=\"https:\/\/www.eldigitaldeasturias.com\/noticias\/wp-content\/uploads\/2013\/11\/5762513w-360x225.jpg\" width=\"360\" height=\"225\" \/>Sevilla, 29 nov (EFE).- El secretario general de UGT-Andaluc\u00eda, Francisco Fern\u00e1ndez Sevilla, ha presentado hoy su dimisi\u00f3n ante la creciente presi\u00f3n por el supuesto desv\u00edo de fondos de formaci\u00f3n que ha derivado en la apertura de dos expedientes por parte de la Junta con un importe de devoluci\u00f3n de 1,8 millones de euros.<\/p>\n<p>El detonante de la dimisi\u00f3n, comunicada esta tarde a la Ejecutiva en una reuni\u00f3n extraordinaria, han sido los expedientes abiertos por el Gobierno andaluz para revisar las ayudas concedidas a UGT en los \u00faltimos a\u00f1os ante las sospechas de irregularidades y la confirmaci\u00f3n de que los c\u00e1lculos iniciales apuntan a que tendr\u00e1 que devolver 1,8 millones de dos expedientes, aunque est\u00e1n en revisi\u00f3n unos treinta.<\/p>\n<p>Fern\u00e1ndez ha dicho que se va \u00aborgulloso\u00bb de haber liderado la organizaci\u00f3n y ha destacado el \u00abbuen trabajo\u00bb de la nueva direcci\u00f3n y, en un encuentro con periodistas en el que no ha admitido preguntas, ha asegurado que no ha recibido ninguna presi\u00f3n para dimitir.<\/p>\n<p>El actual responsable de Organizaci\u00f3n de UGT-Andaluc\u00eda, Manuel Ferrer, asumir\u00e1 las funciones de secretario general hasta el 9 de enero, cuando se celebrar\u00e1 el comit\u00e9 extraordinario.<\/p>\n<p>En principio se barajaba la dimisi\u00f3n para esa fecha, 9 de enero, en un comit\u00e9 regional extraordinario -m\u00e1ximo \u00f3rgano de decisi\u00f3n entre congresos-, pero se ha precipitado hoy a ra\u00edz de los expedientes abiertos por la Junta que, adem\u00e1s, no descarta llevar las irregularidades a los tribunales si as\u00ed lo estiman sus servicios jur\u00eddicos.<\/p>\n<p>De hecho, el socio de Gobierno del PSOE en la Junta, Izquierda Unida, se ha mostrado favorable a llevar a los tribunales las presuntas irregularidades de UGT en los fondos p\u00fablicos, as\u00ed como el PP, que ha denunciado \u00abconnivencia\u00bb de la Junta con el sindicato en el asunto de las subvenciones.<\/p>\n<p>Tambi\u00e9n se ha visto obligado a intervenir esta semana el secretario general de la UGT, C\u00e1ndido M\u00e9ndez, quien apremi\u00f3 a la organizaci\u00f3n andaluza a asumir las responsabilidades y a rendir cuentas por las presuntas irregularidades.<\/p>\n<p>El caso ha tenido uno de sus puntos \u00e1lgidos esta semana con una informaci\u00f3n publicada por &#8216;El Mundo&#8217;, seg\u00fan la cual UGT carg\u00f3 a la Junta 700 maletines de piel falsificados en Asia para los asistentes a un congreso sindical, a los que se suman otros desv\u00edos de fondos para cubrir gastos de una comida en la feria de abril en Sevilla, entre los m\u00e1s llamativos.<\/p>\n<p>El incesante goteo de informaciones llev\u00f3 a UGT a crear una comisi\u00f3n interna en agosto pasado para revisar las facturas relativas a los fondos p\u00fablicos, y un mes y medio m\u00e1s tarde constataron que no hab\u00eda recibos falsos ni malversaci\u00f3n de fondos p\u00fablicos en la contabilidad del sindicato, aunque admiti\u00f3 \u00abinterpretaciones contables\u00bb en la justificaci\u00f3n de los datos.<\/p>\n<p>De forma paralela, se conoci\u00f3 que la Junta hab\u00eda pedido a UGT el reintegro de 25.000 euros por dos subvenciones gastadas de manera indebida en una comida en la feria de abril de Sevilla y en adecuar un pabell\u00f3n para una reuni\u00f3n sindical.<\/p>\n<p>Una vez formalizada la dimisi\u00f3n, la ejecutiva estar\u00e1 en funciones hasta que se celebre el comit\u00e9 regional en enero y, seg\u00fan ha informado a Efe el responsable de comunicaci\u00f3n del sindicato, Jos\u00e9 Ginel, la voluntad de la direcci\u00f3n es no tener que convocar un congreso extraordinario y resolver esta situaci\u00f3n en el comit\u00e9 de enero cubriendo las vacantes que queden en la ejecutiva, en caso de que dimita alg\u00fan miembro m\u00e1s.<\/p>\n<p>Fern\u00e1ndez Sevilla accedi\u00f3 a la secretar\u00eda general de UGT-A en mayo pasado en sustituci\u00f3n de Manuel Pastrana, con quien comparti\u00f3 tareas de responsabilidad en sus dos \u00faltimos mandatos.<\/p>\n<p>La consejera de Hacienda, Mar\u00eda Jes\u00fas Montero, ha expresado su respeto por la dimisi\u00f3n y la ha vinculado a los expedientes abiertos por la Junta por supuesto desv\u00edo de los fondos de formaci\u00f3n.<\/p>\n<p>Tambi\u00e9n el secretario de Organizaci\u00f3n del PSOE de Andaluc\u00eda, Juan Cornejo, ha expresado su respeto por la dimisi\u00f3n del secretario de UGT-A y ha reafirmado el respaldo del PSOE andaluz a los sindicatos \u00abcomo pieza clave en la defensa de los derechos de los trabajadores\u00bb.<\/p>\n<p>El secretario de Relaciones Institucionales del PSOE, Antonio Hernando, ha valorado la \u00abrapidez\u00bb con la que ha asumido responsabilidades la UGT y le ha sugerido al jefe del Ejecutivo, Mariano Rajoy, que tome nota.<\/p>\n<p>Para el PP-A, la dimisi\u00f3n obedece a que se est\u00e1 viendo \u00abacorralado\u00bb, adem\u00e1s de ser un \u00abindicio\u00bb de que lo ocurrido con el supuesto desv\u00edo de fondos p\u00fablicos para la organizaci\u00f3n es \u00abmuy grave\u00bb, seg\u00fan la vicesecretaria de Territorio, Medio Ambiente y Asuntos Europeos del PP-A, Alicia Mart\u00ednez.<\/p>\n<p>El l\u00edder de IU, Cayo Lara, cree que la dimisi\u00f3n del secretario general de la UGT-A deber\u00eda servir \u00abde ejemplo\u00bb para otras sedes, en alusi\u00f3n al PP, que, con acusaciones \u00abgrav\u00edsimas\u00bb de corrupci\u00f3n, dificultan la labor de la justicia para que no investigue.<\/p>\n","protected":false},"excerpt":{"rendered":"<p>Sevilla, 29 nov (EFE).- El secretario general de UGT-Andaluc\u00eda, Francisco Fern\u00e1ndez Sevilla, ha presentado hoy su dimisi\u00f3n ante la creciente presi\u00f3n por el supuesto desv\u00edo de fondos de formaci\u00f3n que ha derivado en la apertura de dos expedientes por parte de la Junta con un importe de devoluci\u00f3n de 1,8 millones de euros. El detonante [&hellip;]<\/p>\n","protected":false},"author":1,"featured_media":455959,"comment_status":"closed","ping_status":"open","sticky":false,"template":"","format":"standard","meta":{"footnotes":""},"categories":[5],"tags":[],"class_list":["post-455958","post","type-post","status-publish","format-standard","has-post-thumbnail","hentry","category-sucesos"],"aioseo_notices":[],"aioseo_head":"\n\t\t<!-- All in One SEO Pro 5.0.1 - aioseo.com -->\n\t<meta name=\"description\" content=\"Sevilla, 29 nov (EFE).- El secretario general de UGT-Andaluc\u00eda, Francisco Fern\u00e1ndez Sevilla, ha presentado hoy su dimisi\u00f3n ante la creciente presi\u00f3n por el supuesto desv\u00edo de fondos de formaci\u00f3n que ha derivado en la apertura de dos expedientes por parte de la Junta con un importe de devoluci\u00f3n de 1,8 millones de euros. El detonante\" \/>\n\t<meta name=\"robots\" content=\"max-image-preview:large\" \/>\n\t<meta name=\"author\" content=\"El Digital de Asturias\"\/>\n\t<meta name=\"google-site-verification\" content=\"UA-38556648-1\" \/>\n\t<meta name=\"msvalidate.01\" content=\"7dfe9f3f1b24437ab69f4f2559babe99\" \/>\n\t<meta name=\"keywords\" content=\"sucesos\" \/>\n\t<link rel=\"canonical\" href=\"https:\/\/www.eldigitaldeasturias.com\/noticias\/dimite-el-lider-de-ugt-andalucia-tras-confirmar-la-junta-el-desvio-de-18-millones\/\" \/>\n\t<meta name=\"generator\" content=\"All in One SEO Pro (AIOSEO) 5.0.1\" \/>\n\t\t<meta property=\"og:locale\" content=\"es_ES\" \/>\n\t\t<meta property=\"og:site_name\" content=\"El Digital de Asturias\" \/>\n\t\t<meta property=\"og:type\" content=\"article\" \/>\n\t\t<meta property=\"og:title\" content=\"Dimite el l\u00edder de UGT-Andaluc\u00eda tras confirmar la Junta el desv\u00edo de 1,8 millones - El Digital de Asturias\" \/>\n\t\t<meta property=\"og:description\" content=\"Sevilla, 29 nov (EFE).- El secretario general de UGT-Andaluc\u00eda, Francisco Fern\u00e1ndez Sevilla, ha presentado hoy su dimisi\u00f3n ante la creciente presi\u00f3n por el supuesto desv\u00edo de fondos de formaci\u00f3n que ha derivado en la apertura de dos expedientes por parte de la Junta con un importe de devoluci\u00f3n de 1,8 millones de euros. El detonante\" \/>\n\t\t<meta property=\"og:url\" content=\"https:\/\/www.eldigitaldeasturias.com\/noticias\/dimite-el-lider-de-ugt-andalucia-tras-confirmar-la-junta-el-desvio-de-18-millones\/\" \/>\n\t\t<meta property=\"article:tag\" content=\"sucesos\" \/>\n\t\t<meta property=\"article:published_time\" content=\"2013-11-29T23:46:31+00:00\" \/>\n\t\t<meta property=\"article:modified_time\" content=\"2013-11-29T23:46:31+00:00\" \/>\n\t\t<meta property=\"article:publisher\" content=\"https:\/\/facebook.com\/eldigitaldeasturias\" \/>\n\t\t<meta name=\"twitter:card\" content=\"summary_large_image\" \/>\n\t\t<meta name=\"twitter:title\" content=\"Dimite el l\u00edder de UGT-Andaluc\u00eda tras confirmar la Junta el desv\u00edo de 1,8 millones - El Digital de Asturias\" \/>\n\t\t<meta name=\"twitter:description\" content=\"Sevilla, 29 nov (EFE).- El secretario general de UGT-Andaluc\u00eda, Francisco Fern\u00e1ndez Sevilla, ha presentado hoy su dimisi\u00f3n ante la creciente presi\u00f3n por el supuesto desv\u00edo de fondos de formaci\u00f3n que ha derivado en la apertura de dos expedientes por parte de la Junta con un importe de devoluci\u00f3n de 1,8 millones de euros. El detonante\" \/>\n\t\t<meta name=\"twitter:label1\" content=\"Escrito por\" \/>\n\t\t<meta name=\"twitter:data1\" content=\"El Digital de Asturias\" \/>\n\t\t<meta name=\"twitter:label2\" content=\"Tiempo de lectura estimado\" \/>\n\t\t<meta name=\"twitter:data2\" content=\"4 minutos\" \/>\n\t\t<script type=\"application\/ld+json\" class=\"aioseo-schema\">\n\t\t\t{\"@context\":\"https:\\\/\\\/schema.org\",\"@graph\":[{\"@type\":\"BlogPosting\",\"@id\":\"https:\\\/\\\/www.eldigitaldeasturias.com\\\/noticias\\\/dimite-el-lider-de-ugt-andalucia-tras-confirmar-la-junta-el-desvio-de-18-millones\\\/#blogposting\",\"name\":\"Dimite el l\\u00edder de UGT-Andaluc\\u00eda tras confirmar la Junta el desv\\u00edo de 1,8 millones - El Digital de Asturias\",\"headline\":\"Dimite el l\\u00edder de UGT-Andaluc\\u00eda tras confirmar la Junta el desv\\u00edo de 1,8 millones\",\"author\":{\"@id\":\"https:\\\/\\\/www.eldigitaldeasturias.com\\\/noticias\\\/author\\\/admin\\\/#author\"},\"publisher\":{\"@id\":\"https:\\\/\\\/www.eldigitaldeasturias.com\\\/noticias\\\/#organization\"},\"image\":{\"@type\":\"ImageObject\",\"url\":455959},\"datePublished\":\"2013-11-29T22:46:31+01:00\",\"dateModified\":\"2013-11-29T22:46:31+01:00\",\"inLanguage\":\"es-ES\",\"mainEntityOfPage\":{\"@id\":\"https:\\\/\\\/www.eldigitaldeasturias.com\\\/noticias\\\/dimite-el-lider-de-ugt-andalucia-tras-confirmar-la-junta-el-desvio-de-18-millones\\\/#webpage\"},\"isPartOf\":{\"@id\":\"https:\\\/\\\/www.eldigitaldeasturias.com\\\/noticias\\\/dimite-el-lider-de-ugt-andalucia-tras-confirmar-la-junta-el-desvio-de-18-millones\\\/#webpage\"},\"articleSection\":\"Sucesos\"},{\"@type\":\"BreadcrumbList\",\"@id\":\"https:\\\/\\\/www.eldigitaldeasturias.com\\\/noticias\\\/dimite-el-lider-de-ugt-andalucia-tras-confirmar-la-junta-el-desvio-de-18-millones\\\/#breadcrumblist\",\"itemListElement\":[{\"@type\":\"ListItem\",\"@id\":\"https:\\\/\\\/www.eldigitaldeasturias.com\\\/noticias#listItem\",\"position\":1,\"name\":\"Home\",\"item\":\"https:\\\/\\\/www.eldigitaldeasturias.com\\\/noticias\",\"nextItem\":{\"@type\":\"ListItem\",\"@id\":\"https:\\\/\\\/www.eldigitaldeasturias.com\\\/noticias\\\/category\\\/sucesos\\\/#listItem\",\"name\":\"Sucesos\"}},{\"@type\":\"ListItem\",\"@id\":\"https:\\\/\\\/www.eldigitaldeasturias.com\\\/noticias\\\/category\\\/sucesos\\\/#listItem\",\"position\":2,\"name\":\"Sucesos\",\"item\":\"https:\\\/\\\/www.eldigitaldeasturias.com\\\/noticias\\\/category\\\/sucesos\\\/\",\"nextItem\":{\"@type\":\"ListItem\",\"@id\":\"https:\\\/\\\/www.eldigitaldeasturias.com\\\/noticias\\\/dimite-el-lider-de-ugt-andalucia-tras-confirmar-la-junta-el-desvio-de-18-millones\\\/#listItem\",\"name\":\"Dimite el l\\u00edder de UGT-Andaluc\\u00eda tras confirmar la Junta el desv\\u00edo de 1,8 millones\"},\"previousItem\":{\"@type\":\"ListItem\",\"@id\":\"https:\\\/\\\/www.eldigitaldeasturias.com\\\/noticias#listItem\",\"name\":\"Home\"}},{\"@type\":\"ListItem\",\"@id\":\"https:\\\/\\\/www.eldigitaldeasturias.com\\\/noticias\\\/dimite-el-lider-de-ugt-andalucia-tras-confirmar-la-junta-el-desvio-de-18-millones\\\/#listItem\",\"position\":3,\"name\":\"Dimite el l\\u00edder de UGT-Andaluc\\u00eda tras confirmar la Junta el desv\\u00edo de 1,8 millones\",\"previousItem\":{\"@type\":\"ListItem\",\"@id\":\"https:\\\/\\\/www.eldigitaldeasturias.com\\\/noticias\\\/category\\\/sucesos\\\/#listItem\",\"name\":\"Sucesos\"}}]},{\"@type\":\"Organization\",\"@id\":\"https:\\\/\\\/www.eldigitaldeasturias.com\\\/noticias\\\/#organization\",\"name\":\"El Digital de Asturias\",\"description\":\"Hemeroteca\",\"url\":\"https:\\\/\\\/www.eldigitaldeasturias.com\\\/noticias\\\/\",\"email\":\"info@eldigitaldeasturias.com\",\"telephone\":\"+34652131393\",\"logo\":{\"@type\":\"ImageObject\",\"url\":\"https:\\\/\\\/www.eldigitaldeasturias.com\\\/noticias\\\/wp-content\\\/uploads\\\/2020\\\/12\\\/EDA.jpg\",\"@id\":\"https:\\\/\\\/www.eldigitaldeasturias.com\\\/noticias\\\/dimite-el-lider-de-ugt-andalucia-tras-confirmar-la-junta-el-desvio-de-18-millones\\\/#organizationLogo\"},\"image\":{\"@id\":\"https:\\\/\\\/www.eldigitaldeasturias.com\\\/noticias\\\/dimite-el-lider-de-ugt-andalucia-tras-confirmar-la-junta-el-desvio-de-18-millones\\\/#organizationLogo\"},\"sameAs\":[\"https:\\\/\\\/facebook.com\\\/eldigitaldeasturias\",\"https:\\\/\\\/www.youtube.com\\\/channel\\\/UCZP-2wLEB9Rv6erhFmqVnvg\"],\"address\":{\"@id\":\"https:\\\/\\\/www.eldigitaldeasturias.com\\\/noticias\\\/#postaladdress\",\"@type\":\"PostalAddress\",\"streetAddress\":\"san antonio 4\",\"postalCode\":\"33430\",\"addressLocality\":\"Cand\\u00e1s\",\"addressRegion\":\"Asturias\",\"addressCountry\":\"ES\"}},{\"@type\":\"Person\",\"@id\":\"https:\\\/\\\/www.eldigitaldeasturias.com\\\/noticias\\\/author\\\/admin\\\/#author\",\"url\":\"https:\\\/\\\/www.eldigitaldeasturias.com\\\/noticias\\\/author\\\/admin\\\/\",\"name\":\"El Digital de Asturias\",\"image\":{\"@type\":\"ImageObject\",\"@id\":\"https:\\\/\\\/www.eldigitaldeasturias.com\\\/noticias\\\/dimite-el-lider-de-ugt-andalucia-tras-confirmar-la-junta-el-desvio-de-18-millones\\\/#authorImage\",\"url\":\"https:\\\/\\\/secure.gravatar.com\\\/avatar\\\/df2aeffc32bcd13f8d26072ef8a91b623d677766deac7f97ca815868cd41bf5e?s=96&d=mm&r=g\",\"width\":96,\"height\":96,\"caption\":\"El Digital de Asturias\"}},{\"@type\":\"WebPage\",\"@id\":\"https:\\\/\\\/www.eldigitaldeasturias.com\\\/noticias\\\/dimite-el-lider-de-ugt-andalucia-tras-confirmar-la-junta-el-desvio-de-18-millones\\\/#webpage\",\"url\":\"https:\\\/\\\/www.eldigitaldeasturias.com\\\/noticias\\\/dimite-el-lider-de-ugt-andalucia-tras-confirmar-la-junta-el-desvio-de-18-millones\\\/\",\"name\":\"Dimite el l\\u00edder de UGT-Andaluc\\u00eda tras confirmar la Junta el desv\\u00edo de 1,8 millones - El Digital de Asturias\",\"description\":\"Sevilla, 29 nov (EFE).- El secretario general de UGT-Andaluc\\u00eda, Francisco Fern\\u00e1ndez Sevilla, ha presentado hoy su dimisi\\u00f3n ante la creciente presi\\u00f3n por el supuesto desv\\u00edo de fondos de formaci\\u00f3n que ha derivado en la apertura de dos expedientes por parte de la Junta con un importe de devoluci\\u00f3n de 1,8 millones de euros. El detonante\",\"inLanguage\":\"es-ES\",\"isPartOf\":{\"@id\":\"https:\\\/\\\/www.eldigitaldeasturias.com\\\/noticias\\\/#website\"},\"breadcrumb\":{\"@id\":\"https:\\\/\\\/www.eldigitaldeasturias.com\\\/noticias\\\/dimite-el-lider-de-ugt-andalucia-tras-confirmar-la-junta-el-desvio-de-18-millones\\\/#breadcrumblist\"},\"author\":{\"@id\":\"https:\\\/\\\/www.eldigitaldeasturias.com\\\/noticias\\\/author\\\/admin\\\/#author\"},\"creator\":{\"@id\":\"https:\\\/\\\/www.eldigitaldeasturias.com\\\/noticias\\\/author\\\/admin\\\/#author\"},\"image\":{\"@type\":\"ImageObject\",\"url\":455959,\"@id\":\"https:\\\/\\\/www.eldigitaldeasturias.com\\\/noticias\\\/dimite-el-lider-de-ugt-andalucia-tras-confirmar-la-junta-el-desvio-de-18-millones\\\/#mainImage\"},\"primaryImageOfPage\":{\"@id\":\"https:\\\/\\\/www.eldigitaldeasturias.com\\\/noticias\\\/dimite-el-lider-de-ugt-andalucia-tras-confirmar-la-junta-el-desvio-de-18-millones\\\/#mainImage\"},\"datePublished\":\"2013-11-29T22:46:31+01:00\",\"dateModified\":\"2013-11-29T22:46:31+01:00\"},{\"@type\":\"WebSite\",\"@id\":\"https:\\\/\\\/www.eldigitaldeasturias.com\\\/noticias\\\/#website\",\"url\":\"https:\\\/\\\/www.eldigitaldeasturias.com\\\/noticias\\\/\",\"name\":\"El Digital de Asturias - Diario de actualidad y noticias\",\"alternateName\":\"El Digital de Asturias - Diario de actualidad y noticias\",\"description\":\"Hemeroteca\",\"inLanguage\":\"es-ES\",\"publisher\":{\"@id\":\"https:\\\/\\\/www.eldigitaldeasturias.com\\\/noticias\\\/#organization\"}}]}\n\t\t<\/script>\n\t\t<!-- All in One SEO Pro -->\r\n\t\t<title>Dimite el l\u00edder de UGT-Andaluc\u00eda tras confirmar la Junta el desv\u00edo de 1,8 millones - El Digital de Asturias<\/title>\n\n","aioseo_head_json":{"title":"Dimite el l\u00edder de UGT-Andaluc\u00eda tras confirmar la Junta el desv\u00edo de 1,8 millones - El Digital de Asturias","description":"Sevilla, 29 nov (EFE).- El secretario general de UGT-Andaluc\u00eda, Francisco Fern\u00e1ndez Sevilla, ha presentado hoy su dimisi\u00f3n ante la creciente presi\u00f3n por el supuesto desv\u00edo de fondos de formaci\u00f3n que ha derivado en la apertura de dos expedientes por parte de la Junta con un importe de devoluci\u00f3n de 1,8 millones de euros. El detonante","canonical_url":"https:\/\/www.eldigitaldeasturias.com\/noticias\/dimite-el-lider-de-ugt-andalucia-tras-confirmar-la-junta-el-desvio-de-18-millones\/","robots":"max-image-preview:large","keywords":"sucesos","webmasterTools":{"google-site-verification":"UA-38556648-1","msvalidate.01":"7dfe9f3f1b24437ab69f4f2559babe99","miscellaneous":""},"schema":{"@context":"https:\/\/schema.org","@graph":[{"@type":"BlogPosting","@id":"https:\/\/www.eldigitaldeasturias.com\/noticias\/dimite-el-lider-de-ugt-andalucia-tras-confirmar-la-junta-el-desvio-de-18-millones\/#blogposting","name":"Dimite el l\u00edder de UGT-Andaluc\u00eda tras confirmar la Junta el desv\u00edo de 1,8 millones - El Digital de Asturias","headline":"Dimite el l\u00edder de UGT-Andaluc\u00eda tras confirmar la Junta el desv\u00edo de 1,8 millones","author":{"@id":"https:\/\/www.eldigitaldeasturias.com\/noticias\/author\/admin\/#author"},"publisher":{"@id":"https:\/\/www.eldigitaldeasturias.com\/noticias\/#organization"},"image":{"@type":"ImageObject","url":455959},"datePublished":"2013-11-29T22:46:31+01:00","dateModified":"2013-11-29T22:46:31+01:00","inLanguage":"es-ES","mainEntityOfPage":{"@id":"https:\/\/www.eldigitaldeasturias.com\/noticias\/dimite-el-lider-de-ugt-andalucia-tras-confirmar-la-junta-el-desvio-de-18-millones\/#webpage"},"isPartOf":{"@id":"https:\/\/www.eldigitaldeasturias.com\/noticias\/dimite-el-lider-de-ugt-andalucia-tras-confirmar-la-junta-el-desvio-de-18-millones\/#webpage"},"articleSection":"Sucesos"},{"@type":"BreadcrumbList","@id":"https:\/\/www.eldigitaldeasturias.com\/noticias\/dimite-el-lider-de-ugt-andalucia-tras-confirmar-la-junta-el-desvio-de-18-millones\/#breadcrumblist","itemListElement":[{"@type":"ListItem","@id":"https:\/\/www.eldigitaldeasturias.com\/noticias#listItem","position":1,"name":"Home","item":"https:\/\/www.eldigitaldeasturias.com\/noticias","nextItem":{"@type":"ListItem","@id":"https:\/\/www.eldigitaldeasturias.com\/noticias\/category\/sucesos\/#listItem","name":"Sucesos"}},{"@type":"ListItem","@id":"https:\/\/www.eldigitaldeasturias.com\/noticias\/category\/sucesos\/#listItem","position":2,"name":"Sucesos","item":"https:\/\/www.eldigitaldeasturias.com\/noticias\/category\/sucesos\/","nextItem":{"@type":"ListItem","@id":"https:\/\/www.eldigitaldeasturias.com\/noticias\/dimite-el-lider-de-ugt-andalucia-tras-confirmar-la-junta-el-desvio-de-18-millones\/#listItem","name":"Dimite el l\u00edder de UGT-Andaluc\u00eda tras confirmar la Junta el desv\u00edo de 1,8 millones"},"previousItem":{"@type":"ListItem","@id":"https:\/\/www.eldigitaldeasturias.com\/noticias#listItem","name":"Home"}},{"@type":"ListItem","@id":"https:\/\/www.eldigitaldeasturias.com\/noticias\/dimite-el-lider-de-ugt-andalucia-tras-confirmar-la-junta-el-desvio-de-18-millones\/#listItem","position":3,"name":"Dimite el l\u00edder de UGT-Andaluc\u00eda tras confirmar la Junta el desv\u00edo de 1,8 millones","previousItem":{"@type":"ListItem","@id":"https:\/\/www.eldigitaldeasturias.com\/noticias\/category\/sucesos\/#listItem","name":"Sucesos"}}]},{"@type":"Organization","@id":"https:\/\/www.eldigitaldeasturias.com\/noticias\/#organization","name":"El Digital de Asturias","description":"Hemeroteca","url":"https:\/\/www.eldigitaldeasturias.com\/noticias\/","email":"info@eldigitaldeasturias.com","telephone":"+34652131393","logo":{"@type":"ImageObject","url":"https:\/\/www.eldigitaldeasturias.com\/noticias\/wp-content\/uploads\/2020\/12\/EDA.jpg","@id":"https:\/\/www.eldigitaldeasturias.com\/noticias\/dimite-el-lider-de-ugt-andalucia-tras-confirmar-la-junta-el-desvio-de-18-millones\/#organizationLogo"},"image":{"@id":"https:\/\/www.eldigitaldeasturias.com\/noticias\/dimite-el-lider-de-ugt-andalucia-tras-confirmar-la-junta-el-desvio-de-18-millones\/#organizationLogo"},"sameAs":["https:\/\/facebook.com\/eldigitaldeasturias","https:\/\/www.youtube.com\/channel\/UCZP-2wLEB9Rv6erhFmqVnvg"],"address":{"@id":"https:\/\/www.eldigitaldeasturias.com\/noticias\/#postaladdress","@type":"PostalAddress","streetAddress":"san antonio 4","postalCode":"33430","addressLocality":"Cand\u00e1s","addressRegion":"Asturias","addressCountry":"ES"}},{"@type":"Person","@id":"https:\/\/www.eldigitaldeasturias.com\/noticias\/author\/admin\/#author","url":"https:\/\/www.eldigitaldeasturias.com\/noticias\/author\/admin\/","name":"El Digital de Asturias","image":{"@type":"ImageObject","@id":"https:\/\/www.eldigitaldeasturias.com\/noticias\/dimite-el-lider-de-ugt-andalucia-tras-confirmar-la-junta-el-desvio-de-18-millones\/#authorImage","url":"https:\/\/secure.gravatar.com\/avatar\/df2aeffc32bcd13f8d26072ef8a91b623d677766deac7f97ca815868cd41bf5e?s=96&d=mm&r=g","width":96,"height":96,"caption":"El Digital de Asturias"}},{"@type":"WebPage","@id":"https:\/\/www.eldigitaldeasturias.com\/noticias\/dimite-el-lider-de-ugt-andalucia-tras-confirmar-la-junta-el-desvio-de-18-millones\/#webpage","url":"https:\/\/www.eldigitaldeasturias.com\/noticias\/dimite-el-lider-de-ugt-andalucia-tras-confirmar-la-junta-el-desvio-de-18-millones\/","name":"Dimite el l\u00edder de UGT-Andaluc\u00eda tras confirmar la Junta el desv\u00edo de 1,8 millones - El Digital de Asturias","description":"Sevilla, 29 nov (EFE).- El secretario general de UGT-Andaluc\u00eda, Francisco Fern\u00e1ndez Sevilla, ha presentado hoy su dimisi\u00f3n ante la creciente presi\u00f3n por el supuesto desv\u00edo de fondos de formaci\u00f3n que ha derivado en la apertura de dos expedientes por parte de la Junta con un importe de devoluci\u00f3n de 1,8 millones de euros. El detonante","inLanguage":"es-ES","isPartOf":{"@id":"https:\/\/www.eldigitaldeasturias.com\/noticias\/#website"},"breadcrumb":{"@id":"https:\/\/www.eldigitaldeasturias.com\/noticias\/dimite-el-lider-de-ugt-andalucia-tras-confirmar-la-junta-el-desvio-de-18-millones\/#breadcrumblist"},"author":{"@id":"https:\/\/www.eldigitaldeasturias.com\/noticias\/author\/admin\/#author"},"creator":{"@id":"https:\/\/www.eldigitaldeasturias.com\/noticias\/author\/admin\/#author"},"image":{"@type":"ImageObject","url":455959,"@id":"https:\/\/www.eldigitaldeasturias.com\/noticias\/dimite-el-lider-de-ugt-andalucia-tras-confirmar-la-junta-el-desvio-de-18-millones\/#mainImage"},"primaryImageOfPage":{"@id":"https:\/\/www.eldigitaldeasturias.com\/noticias\/dimite-el-lider-de-ugt-andalucia-tras-confirmar-la-junta-el-desvio-de-18-millones\/#mainImage"},"datePublished":"2013-11-29T22:46:31+01:00","dateModified":"2013-11-29T22:46:31+01:00"},{"@type":"WebSite","@id":"https:\/\/www.eldigitaldeasturias.com\/noticias\/#website","url":"https:\/\/www.eldigitaldeasturias.com\/noticias\/","name":"El Digital de Asturias - Diario de actualidad y noticias","alternateName":"El Digital de Asturias - Diario de actualidad y noticias","description":"Hemeroteca","inLanguage":"es-ES","publisher":{"@id":"https:\/\/www.eldigitaldeasturias.com\/noticias\/#organization"}}]},"og:locale":"es_ES","og:site_name":"El Digital de Asturias","og:type":"article","og:title":"Dimite el l\u00edder de UGT-Andaluc\u00eda tras confirmar la Junta el desv\u00edo de 1,8 millones - El Digital de Asturias","og:description":"Sevilla, 29 nov (EFE).- El secretario general de UGT-Andaluc\u00eda, Francisco Fern\u00e1ndez Sevilla, ha presentado hoy su dimisi\u00f3n ante la creciente presi\u00f3n por el supuesto desv\u00edo de fondos de formaci\u00f3n que ha derivado en la apertura de dos expedientes por parte de la Junta con un importe de devoluci\u00f3n de 1,8 millones de euros. El detonante","og:url":"https:\/\/www.eldigitaldeasturias.com\/noticias\/dimite-el-lider-de-ugt-andalucia-tras-confirmar-la-junta-el-desvio-de-18-millones\/","article:tag":["sucesos"],"article:published_time":"2013-11-29T23:46:31+00:00","article:modified_time":"2013-11-29T23:46:31+00:00","article:publisher":"https:\/\/facebook.com\/eldigitaldeasturias","twitter:card":"summary_large_image","twitter:title":"Dimite el l\u00edder de UGT-Andaluc\u00eda tras confirmar la Junta el desv\u00edo de 1,8 millones - El Digital de Asturias","twitter:description":"Sevilla, 29 nov (EFE).- El secretario general de UGT-Andaluc\u00eda, Francisco Fern\u00e1ndez Sevilla, ha presentado hoy su dimisi\u00f3n ante la creciente presi\u00f3n por el supuesto desv\u00edo de fondos de formaci\u00f3n que ha derivado en la apertura de dos expedientes por parte de la Junta con un importe de devoluci\u00f3n de 1,8 millones de euros. El detonante","twitter:label1":"Escrito por","twitter:data1":"El Digital de Asturias","twitter:label2":"Tiempo de lectura estimado","twitter:data2":"4 minutos"},"aioseo_meta_data":{"post_id":"455958","title":null,"description":null,"keywords":null,"keyphrases":null,"primary_term":null,"canonical_url":null,"og_title":null,"og_description":null,"og_object_type":"default","og_image_type":"default","og_image_url":null,"og_image_width":null,"og_image_height":null,"og_image_custom_url":null,"og_image_custom_fields":null,"og_video":null,"og_custom_url":null,"og_article_section":null,"og_article_tags":null,"twitter_use_og":true,"twitter_card":"default","twitter_image_type":"default","twitter_image_url":null,"twitter_image_custom_url":null,"twitter_image_custom_fields":null,"twitter_title":null,"twitter_description":null,"schema":{"blockGraphs":[],"customGraphs":[],"default":{"data":{"Article":[],"Course":[],"Dataset":[],"FAQPage":[],"Movie":[],"Person":[],"Product":[],"ProductReview":[],"Car":[],"Recipe":[],"Service":[],"SoftwareApplication":[],"WebPage":[]},"graphName":"","isEnabled":true},"graphs":[],"defaultGraph":"","defaultPostTypeGraph":""},"schema_type":null,"schema_type_options":null,"pillar_content":false,"robots_default":true,"robots_noindex":false,"robots_noarchive":false,"robots_nosnippet":false,"robots_nofollow":false,"robots_noimageindex":false,"robots_noodp":false,"robots_notranslate":false,"robots_max_snippet":null,"robots_max_videopreview":null,"robots_max_imagepreview":"none","priority":null,"frequency":null,"local_seo":null,"seo_analyzer_scan_date":"2026-05-29 20:13:56","breadcrumb_settings":null,"limit_modified_date":false,"open_ai":null,"ai":null,"created":"2020-11-14 22:45:24","updated":"2026-05-29 20:13:56","focus_keyword":null,"additional_keywords":null,"truseo_locale":null},"aioseo_breadcrumb":"<div class=\"aioseo-breadcrumbs\"><span class=\"aioseo-breadcrumb\">\n\t<a href=\"https:\/\/www.eldigitaldeasturias.com\/noticias\" title=\"Home\">Home<\/a>\n<\/span><span class=\"aioseo-breadcrumb-separator\">\u2013<\/span><span class=\"aioseo-breadcrumb\">\n\t<a href=\"https:\/\/www.eldigitaldeasturias.com\/noticias\/category\/sucesos\/\" title=\"Sucesos\">Sucesos<\/a>\n<\/span><span class=\"aioseo-breadcrumb-separator\">\u2013<\/span><span class=\"aioseo-breadcrumb\">\n\t<a href=\"https:\/\/www.eldigitaldeasturias.com\/noticias\/dimite-el-lider-de-ugt-andalucia-tras-confirmar-la-junta-el-desvio-de-18-millones\/\" title=\"Dimite el l\u00edder de UGT-Andaluc\u00eda tras confirmar la Junta el desv\u00edo de 1,8 millones\">Dimite el l\u00edder de UGT-Andaluc\u00eda tras confirmar la Junta el desv\u00edo de 1,8 millones<\/a>\n<\/span><\/div>","aioseo_breadcrumb_json":[{"label":"Home","link":"https:\/\/www.eldigitaldeasturias.com\/noticias"},{"label":"Sucesos","link":"https:\/\/www.eldigitaldeasturias.com\/noticias\/category\/sucesos\/"},{"label":"Dimite el l\u00edder de UGT-Andaluc\u00eda tras confirmar la Junta el desv\u00edo de 1,8 millones","link":"https:\/\/www.eldigitaldeasturias.com\/noticias\/dimite-el-lider-de-ugt-andalucia-tras-confirmar-la-junta-el-desvio-de-18-millones\/"}],"_links":{"self":[{"href":"https:\/\/www.eldigitaldeasturias.com\/noticias\/wp-json\/wp\/v2\/posts\/455958","targetHints":{"allow":["GET"]}}],"collection":[{"href":"https:\/\/www.eldigitaldeasturias.com\/noticias\/wp-json\/wp\/v2\/posts"}],"about":[{"href":"https:\/\/www.eldigitaldeasturias.com\/noticias\/wp-json\/wp\/v2\/types\/post"}],"author":[{"embeddable":true,"href":"https:\/\/www.eldigitaldeasturias.com\/noticias\/wp-json\/wp\/v2\/users\/1"}],"replies":[{"embeddable":true,"href":"https:\/\/www.eldigitaldeasturias.com\/noticias\/wp-json\/wp\/v2\/comments?post=455958"}],"version-history":[{"count":0,"href":"https:\/\/www.eldigitaldeasturias.com\/noticias\/wp-json\/wp\/v2\/posts\/455958\/revisions"}],"wp:attachment":[{"href":"https:\/\/www.eldigitaldeasturias.com\/noticias\/wp-json\/wp\/v2\/media?parent=455958"}],"wp:term":[{"taxonomy":"category","embeddable":true,"href":"https:\/\/www.eldigitaldeasturias.com\/noticias\/wp-json\/wp\/v2\/categories?post=455958"},{"taxonomy":"post_tag","embeddable":true,"href":"https:\/\/www.eldigitaldeasturias.com\/noticias\/wp-json\/wp\/v2\/tags?post=455958"}],"curies":[{"name":"wp","href":"https:\/\/api.w.org\/{rel}","templated":true}]}}