{"id":455955,"date":"2013-11-29T22:45:07","date_gmt":"2013-11-29T23:45:07","guid":{"rendered":"http:\/\/www.eldigitaldeasturias.com\/noticias\/?p=455955"},"modified":"2013-11-29T22:45:07","modified_gmt":"2013-11-29T23:45:07","slug":"un-autobus-recorre-las-calles-de-madrid-con-imagenes-cruentas-del-aborto","status":"publish","type":"post","link":"https:\/\/www.eldigitaldeasturias.com\/noticias\/un-autobus-recorre-las-calles-de-madrid-con-imagenes-cruentas-del-aborto\/","title":{"rendered":"Un autob\u00fas recorre las calles de Madrid con im\u00e1genes cruentas del aborto"},"content":{"rendered":"<p><img loading=\"lazy\" decoding=\"async\" class=\"alignleft size-medium wp-image-455956\" alt=\"5762570w\" src=\"https:\/\/www.eldigitaldeasturias.com\/noticias\/wp-content\/uploads\/2013\/11\/5762570w-360x239.jpg\" width=\"360\" height=\"239\" \/>Madrid, 29 nov (EFE).- Un autob\u00fas con im\u00e1genes cruentas del aborto, como fetos de 10, 11 y 24 semanas de gestaci\u00f3n ensangrentados y descuartizados, recorre las calles de Madrid en el marco de una campa\u00f1a promovida por el Centro para la Reforma Bio\u00e9tica en Espa\u00f1a.<\/p>\n<p>Durante una semana, el autob\u00fas atravesar\u00e1 las principales calles de la capital de Espa\u00f1a mostrando im\u00e1genes expl\u00edcitas del aborto porque, seg\u00fan los impulsores de esta iniciativa, \u00abno se puede seguir ocultando\u00bb la \u00abterrible realidad\u00bb de este asunto.<\/p>\n<p>Se trata de la primera campa\u00f1a de este organismo espa\u00f1ol, alentada y apoyada por el Centro de la Reforma Bio\u00e9tica de Estados Unidos y otros movimientos similares.<\/p>\n<p>Jorge Benito, de AbortoNo.org -la web del proyecto en Espa\u00f1a-, ha explicado hoy a Efe que quieren \u00abadvertir e informar sobre la aut\u00e9ntica realidad del aborto provocado y su negocio, que ellos mismos califican de genocidio y que con mucha frecuencia es ocultada\u00bb.<\/p>\n<p>Ante el debate del aborto, seg\u00fan ha advertido, no se pueden seguir \u00abocultando por m\u00e1s tiempo\u00bb las \u00abevidencias\u00bb de lo que califican de \u00abmasacre\u00bb.<\/p>\n<p>\u00abM\u00e1xime cuando, como en la \u00e9poca de la esclavitud respecto a los esclavos o en la del nazismo en las que se trataba de no humanos a las v\u00edctimas, se dicen disparates tales como que el no nacido no tiene derechos humanos y que el aborto es un derecho\u00bb, ha alegado.<\/p>\n<p>Benito ha indicado que \u00ablamentablemente en nuestra sociedad de la informaci\u00f3n mucha gente desconoce la realidad de la majestad inmensa del desarrollo prenatal y de la atrocidad indescriptible del aborto provocado\u00bb.<\/p>\n<p>El portavoz de AbortoNo.org entiende que \u00abmostrar estas im\u00e1genes ayuda a aclarar este punto y a entender que la posici\u00f3n realmente extremista es la que permite y\/o promueve el aborto a petici\u00f3n\u00bb.<\/p>\n<p>En las paredes externas del autob\u00fas se han instalado unos carteles con im\u00e1genes de beb\u00e9s o partes de sus cuerpos \u00abmasacrados\u00bb, en las que se pueden distinguir con nitidez las extremidades, la cabeza, los ojos o la boca.<\/p>\n<p>Por ejemplo, se muestra la mano de un \u00abbeb\u00e9\u00bb de 10 semanas de gestaci\u00f3n, comparada en tama\u00f1o a la punta de un l\u00e1piz.<\/p>\n<p>\u00abSabemos que la realidad del aborto a petici\u00f3n es muy desagradable y dolorosa, no en vano hasta los partidarios del aborto no niegan que se trate de una realidad traum\u00e1tica\u00bb, ha indicado.<\/p>\n<p>Desde Aborto.org, pretenden \u00abdespertar conciencias dormidas y sometidas al temor y a la ignorancia del discurso cultural imperante\u00bb.<\/p>\n<p>\u00abCon ello tambi\u00e9n pretendemos evitar que muchas mujeres sean enga\u00f1adas y que las que ya lo han sido busquen ayuda para sanar las graves heridas espirituales y psicol\u00f3gicas que provoca el aborto provocado\u00bb, ha se\u00f1alado Benito, consciente del \u00abfuerte impacto\u00bb que provocan las im\u00e1genes que porta el autob\u00fas.<\/p>\n<p>En Espa\u00f1a, a su juicio, los partidos mayoritarios vienen demostrando que han renunciado a establecer legislaciones que \u00abprotejan de verdad al beb\u00e9 no nacido y den una informaci\u00f3n veraz al ciudadano\u00bb.<\/p>\n<p>Benito ha confesado que ante las im\u00e1genes del autob\u00fas hay reacciones de todo tipo: \u00abhay gente que nos felicita, otros protestan, gritan, levantan el dedo \u00edndice o hacen pitadas con sus coches, otros tratan de pasar ignor\u00e1ndolo mirando para otro lado, otros nos hacen fotos, otros se quedan con la boca abierta\u00bb.<\/p>\n<p>\u00abEsto es bueno, porque muestra que la campa\u00f1a funciona; en general la gente no queda indiferente, porque las im\u00e1genes obligan a la reflexi\u00f3n\u00bb, ha concluido.<\/p>\n<p>Seg\u00fan este portavoz, por la experiencia de este tipo de campa\u00f1as en otros pa\u00edses \u00abmuchas mujeres que est\u00e1n considerando abortar desisten al ver la verdad\u00bb de lo que van a hacer.<\/p>\n","protected":false},"excerpt":{"rendered":"<p>Madrid, 29 nov (EFE).- Un autob\u00fas con im\u00e1genes cruentas del aborto, como fetos de 10, 11 y 24 semanas de gestaci\u00f3n ensangrentados y descuartizados, recorre las calles de Madrid en el marco de una campa\u00f1a promovida por el Centro para la Reforma Bio\u00e9tica en Espa\u00f1a. Durante una semana, el autob\u00fas atravesar\u00e1 las principales calles de [&hellip;]<\/p>\n","protected":false},"author":1,"featured_media":455956,"comment_status":"closed","ping_status":"open","sticky":false,"template":"","format":"standard","meta":{"footnotes":""},"categories":[28],"tags":[],"class_list":["post-455955","post","type-post","status-publish","format-standard","has-post-thumbnail","hentry","category-sociedad"],"aioseo_notices":[],"aioseo_head":"\n\t\t<!-- All in One SEO Pro 5.0.1 - aioseo.com -->\n\t<meta name=\"description\" content=\"Madrid, 29 nov (EFE).- Un autob\u00fas con im\u00e1genes cruentas del aborto, como fetos de 10, 11 y 24 semanas de gestaci\u00f3n ensangrentados y descuartizados, recorre las calles de Madrid en el marco de una campa\u00f1a promovida por el Centro para la Reforma Bio\u00e9tica en Espa\u00f1a. Durante una semana, el autob\u00fas atravesar\u00e1 las principales calles de\" \/>\n\t<meta name=\"robots\" content=\"max-image-preview:large\" \/>\n\t<meta name=\"author\" content=\"El Digital de Asturias\"\/>\n\t<meta name=\"google-site-verification\" content=\"UA-38556648-1\" \/>\n\t<meta name=\"msvalidate.01\" content=\"7dfe9f3f1b24437ab69f4f2559babe99\" \/>\n\t<meta name=\"keywords\" content=\"sociedad\" \/>\n\t<link rel=\"canonical\" href=\"https:\/\/www.eldigitaldeasturias.com\/noticias\/un-autobus-recorre-las-calles-de-madrid-con-imagenes-cruentas-del-aborto\/\" \/>\n\t<meta name=\"generator\" content=\"All in One SEO Pro (AIOSEO) 5.0.1\" \/>\n\t\t<meta property=\"og:locale\" content=\"es_ES\" \/>\n\t\t<meta property=\"og:site_name\" content=\"El Digital de Asturias\" \/>\n\t\t<meta property=\"og:type\" content=\"article\" \/>\n\t\t<meta property=\"og:title\" content=\"Un autob\u00fas recorre las calles de Madrid con im\u00e1genes cruentas del aborto - El Digital de Asturias\" \/>\n\t\t<meta property=\"og:description\" content=\"Madrid, 29 nov (EFE).- Un autob\u00fas con im\u00e1genes cruentas del aborto, como fetos de 10, 11 y 24 semanas de gestaci\u00f3n ensangrentados y descuartizados, recorre las calles de Madrid en el marco de una campa\u00f1a promovida por el Centro para la Reforma Bio\u00e9tica en Espa\u00f1a. Durante una semana, el autob\u00fas atravesar\u00e1 las principales calles de\" \/>\n\t\t<meta property=\"og:url\" content=\"https:\/\/www.eldigitaldeasturias.com\/noticias\/un-autobus-recorre-las-calles-de-madrid-con-imagenes-cruentas-del-aborto\/\" \/>\n\t\t<meta property=\"article:tag\" content=\"sociedad\" \/>\n\t\t<meta property=\"article:published_time\" content=\"2013-11-29T23:45:07+00:00\" \/>\n\t\t<meta property=\"article:modified_time\" content=\"2013-11-29T23:45:07+00:00\" \/>\n\t\t<meta property=\"article:publisher\" content=\"https:\/\/facebook.com\/eldigitaldeasturias\" \/>\n\t\t<meta name=\"twitter:card\" content=\"summary_large_image\" \/>\n\t\t<meta name=\"twitter:title\" content=\"Un autob\u00fas recorre las calles de Madrid con im\u00e1genes cruentas del aborto - El Digital de Asturias\" \/>\n\t\t<meta name=\"twitter:description\" content=\"Madrid, 29 nov (EFE).- Un autob\u00fas con im\u00e1genes cruentas del aborto, como fetos de 10, 11 y 24 semanas de gestaci\u00f3n ensangrentados y descuartizados, recorre las calles de Madrid en el marco de una campa\u00f1a promovida por el Centro para la Reforma Bio\u00e9tica en Espa\u00f1a. Durante una semana, el autob\u00fas atravesar\u00e1 las principales calles de\" \/>\n\t\t<meta name=\"twitter:label1\" content=\"Escrito por\" \/>\n\t\t<meta name=\"twitter:data1\" content=\"El Digital de Asturias\" \/>\n\t\t<meta name=\"twitter:label2\" content=\"Tiempo de lectura estimado\" \/>\n\t\t<meta name=\"twitter:data2\" content=\"3 minutos\" \/>\n\t\t<script type=\"application\/ld+json\" class=\"aioseo-schema\">\n\t\t\t{\"@context\":\"https:\\\/\\\/schema.org\",\"@graph\":[{\"@type\":\"BlogPosting\",\"@id\":\"https:\\\/\\\/www.eldigitaldeasturias.com\\\/noticias\\\/un-autobus-recorre-las-calles-de-madrid-con-imagenes-cruentas-del-aborto\\\/#blogposting\",\"name\":\"Un autob\\u00fas recorre las calles de Madrid con im\\u00e1genes cruentas del aborto - El Digital de Asturias\",\"headline\":\"Un autob\\u00fas recorre las calles de Madrid con im\\u00e1genes cruentas del aborto\",\"author\":{\"@id\":\"https:\\\/\\\/www.eldigitaldeasturias.com\\\/noticias\\\/author\\\/admin\\\/#author\"},\"publisher\":{\"@id\":\"https:\\\/\\\/www.eldigitaldeasturias.com\\\/noticias\\\/#organization\"},\"image\":{\"@type\":\"ImageObject\",\"url\":455956},\"datePublished\":\"2013-11-29T22:45:07+01:00\",\"dateModified\":\"2013-11-29T22:45:07+01:00\",\"inLanguage\":\"es-ES\",\"mainEntityOfPage\":{\"@id\":\"https:\\\/\\\/www.eldigitaldeasturias.com\\\/noticias\\\/un-autobus-recorre-las-calles-de-madrid-con-imagenes-cruentas-del-aborto\\\/#webpage\"},\"isPartOf\":{\"@id\":\"https:\\\/\\\/www.eldigitaldeasturias.com\\\/noticias\\\/un-autobus-recorre-las-calles-de-madrid-con-imagenes-cruentas-del-aborto\\\/#webpage\"},\"articleSection\":\"Sociedad\"},{\"@type\":\"BreadcrumbList\",\"@id\":\"https:\\\/\\\/www.eldigitaldeasturias.com\\\/noticias\\\/un-autobus-recorre-las-calles-de-madrid-con-imagenes-cruentas-del-aborto\\\/#breadcrumblist\",\"itemListElement\":[{\"@type\":\"ListItem\",\"@id\":\"https:\\\/\\\/www.eldigitaldeasturias.com\\\/noticias#listItem\",\"position\":1,\"name\":\"Home\",\"item\":\"https:\\\/\\\/www.eldigitaldeasturias.com\\\/noticias\",\"nextItem\":{\"@type\":\"ListItem\",\"@id\":\"https:\\\/\\\/www.eldigitaldeasturias.com\\\/noticias\\\/category\\\/sociedad\\\/#listItem\",\"name\":\"Sociedad\"}},{\"@type\":\"ListItem\",\"@id\":\"https:\\\/\\\/www.eldigitaldeasturias.com\\\/noticias\\\/category\\\/sociedad\\\/#listItem\",\"position\":2,\"name\":\"Sociedad\",\"item\":\"https:\\\/\\\/www.eldigitaldeasturias.com\\\/noticias\\\/category\\\/sociedad\\\/\",\"nextItem\":{\"@type\":\"ListItem\",\"@id\":\"https:\\\/\\\/www.eldigitaldeasturias.com\\\/noticias\\\/un-autobus-recorre-las-calles-de-madrid-con-imagenes-cruentas-del-aborto\\\/#listItem\",\"name\":\"Un autob\\u00fas recorre las calles de Madrid con im\\u00e1genes cruentas del aborto\"},\"previousItem\":{\"@type\":\"ListItem\",\"@id\":\"https:\\\/\\\/www.eldigitaldeasturias.com\\\/noticias#listItem\",\"name\":\"Home\"}},{\"@type\":\"ListItem\",\"@id\":\"https:\\\/\\\/www.eldigitaldeasturias.com\\\/noticias\\\/un-autobus-recorre-las-calles-de-madrid-con-imagenes-cruentas-del-aborto\\\/#listItem\",\"position\":3,\"name\":\"Un autob\\u00fas recorre las calles de Madrid con im\\u00e1genes cruentas del aborto\",\"previousItem\":{\"@type\":\"ListItem\",\"@id\":\"https:\\\/\\\/www.eldigitaldeasturias.com\\\/noticias\\\/category\\\/sociedad\\\/#listItem\",\"name\":\"Sociedad\"}}]},{\"@type\":\"Organization\",\"@id\":\"https:\\\/\\\/www.eldigitaldeasturias.com\\\/noticias\\\/#organization\",\"name\":\"El Digital de Asturias\",\"description\":\"Hemeroteca\",\"url\":\"https:\\\/\\\/www.eldigitaldeasturias.com\\\/noticias\\\/\",\"email\":\"info@eldigitaldeasturias.com\",\"telephone\":\"+34652131393\",\"logo\":{\"@type\":\"ImageObject\",\"url\":\"https:\\\/\\\/www.eldigitaldeasturias.com\\\/noticias\\\/wp-content\\\/uploads\\\/2020\\\/12\\\/EDA.jpg\",\"@id\":\"https:\\\/\\\/www.eldigitaldeasturias.com\\\/noticias\\\/un-autobus-recorre-las-calles-de-madrid-con-imagenes-cruentas-del-aborto\\\/#organizationLogo\"},\"image\":{\"@id\":\"https:\\\/\\\/www.eldigitaldeasturias.com\\\/noticias\\\/un-autobus-recorre-las-calles-de-madrid-con-imagenes-cruentas-del-aborto\\\/#organizationLogo\"},\"sameAs\":[\"https:\\\/\\\/facebook.com\\\/eldigitaldeasturias\",\"https:\\\/\\\/www.youtube.com\\\/channel\\\/UCZP-2wLEB9Rv6erhFmqVnvg\"],\"address\":{\"@id\":\"https:\\\/\\\/www.eldigitaldeasturias.com\\\/noticias\\\/#postaladdress\",\"@type\":\"PostalAddress\",\"streetAddress\":\"san antonio 4\",\"postalCode\":\"33430\",\"addressLocality\":\"Cand\\u00e1s\",\"addressRegion\":\"Asturias\",\"addressCountry\":\"ES\"}},{\"@type\":\"Person\",\"@id\":\"https:\\\/\\\/www.eldigitaldeasturias.com\\\/noticias\\\/author\\\/admin\\\/#author\",\"url\":\"https:\\\/\\\/www.eldigitaldeasturias.com\\\/noticias\\\/author\\\/admin\\\/\",\"name\":\"El Digital de Asturias\",\"image\":{\"@type\":\"ImageObject\",\"@id\":\"https:\\\/\\\/www.eldigitaldeasturias.com\\\/noticias\\\/un-autobus-recorre-las-calles-de-madrid-con-imagenes-cruentas-del-aborto\\\/#authorImage\",\"url\":\"https:\\\/\\\/secure.gravatar.com\\\/avatar\\\/df2aeffc32bcd13f8d26072ef8a91b623d677766deac7f97ca815868cd41bf5e?s=96&d=mm&r=g\",\"width\":96,\"height\":96,\"caption\":\"El Digital de Asturias\"}},{\"@type\":\"WebPage\",\"@id\":\"https:\\\/\\\/www.eldigitaldeasturias.com\\\/noticias\\\/un-autobus-recorre-las-calles-de-madrid-con-imagenes-cruentas-del-aborto\\\/#webpage\",\"url\":\"https:\\\/\\\/www.eldigitaldeasturias.com\\\/noticias\\\/un-autobus-recorre-las-calles-de-madrid-con-imagenes-cruentas-del-aborto\\\/\",\"name\":\"Un autob\\u00fas recorre las calles de Madrid con im\\u00e1genes cruentas del aborto - El Digital de Asturias\",\"description\":\"Madrid, 29 nov (EFE).- Un autob\\u00fas con im\\u00e1genes cruentas del aborto, como fetos de 10, 11 y 24 semanas de gestaci\\u00f3n ensangrentados y descuartizados, recorre las calles de Madrid en el marco de una campa\\u00f1a promovida por el Centro para la Reforma Bio\\u00e9tica en Espa\\u00f1a. Durante una semana, el autob\\u00fas atravesar\\u00e1 las principales calles de\",\"inLanguage\":\"es-ES\",\"isPartOf\":{\"@id\":\"https:\\\/\\\/www.eldigitaldeasturias.com\\\/noticias\\\/#website\"},\"breadcrumb\":{\"@id\":\"https:\\\/\\\/www.eldigitaldeasturias.com\\\/noticias\\\/un-autobus-recorre-las-calles-de-madrid-con-imagenes-cruentas-del-aborto\\\/#breadcrumblist\"},\"author\":{\"@id\":\"https:\\\/\\\/www.eldigitaldeasturias.com\\\/noticias\\\/author\\\/admin\\\/#author\"},\"creator\":{\"@id\":\"https:\\\/\\\/www.eldigitaldeasturias.com\\\/noticias\\\/author\\\/admin\\\/#author\"},\"image\":{\"@type\":\"ImageObject\",\"url\":455956,\"@id\":\"https:\\\/\\\/www.eldigitaldeasturias.com\\\/noticias\\\/un-autobus-recorre-las-calles-de-madrid-con-imagenes-cruentas-del-aborto\\\/#mainImage\"},\"primaryImageOfPage\":{\"@id\":\"https:\\\/\\\/www.eldigitaldeasturias.com\\\/noticias\\\/un-autobus-recorre-las-calles-de-madrid-con-imagenes-cruentas-del-aborto\\\/#mainImage\"},\"datePublished\":\"2013-11-29T22:45:07+01:00\",\"dateModified\":\"2013-11-29T22:45:07+01:00\"},{\"@type\":\"WebSite\",\"@id\":\"https:\\\/\\\/www.eldigitaldeasturias.com\\\/noticias\\\/#website\",\"url\":\"https:\\\/\\\/www.eldigitaldeasturias.com\\\/noticias\\\/\",\"name\":\"El Digital de Asturias - Diario de actualidad y noticias\",\"alternateName\":\"El Digital de Asturias - Diario de actualidad y noticias\",\"description\":\"Hemeroteca\",\"inLanguage\":\"es-ES\",\"publisher\":{\"@id\":\"https:\\\/\\\/www.eldigitaldeasturias.com\\\/noticias\\\/#organization\"}}]}\n\t\t<\/script>\n\t\t<!-- All in One SEO Pro -->\r\n\t\t<title>Un autob\u00fas recorre las calles de Madrid con im\u00e1genes cruentas del aborto - El Digital de Asturias<\/title>\n\n","aioseo_head_json":{"title":"Un autob\u00fas recorre las calles de Madrid con im\u00e1genes cruentas del aborto - El Digital de Asturias","description":"Madrid, 29 nov (EFE).- Un autob\u00fas con im\u00e1genes cruentas del aborto, como fetos de 10, 11 y 24 semanas de gestaci\u00f3n ensangrentados y descuartizados, recorre las calles de Madrid en el marco de una campa\u00f1a promovida por el Centro para la Reforma Bio\u00e9tica en Espa\u00f1a. Durante una semana, el autob\u00fas atravesar\u00e1 las principales calles de","canonical_url":"https:\/\/www.eldigitaldeasturias.com\/noticias\/un-autobus-recorre-las-calles-de-madrid-con-imagenes-cruentas-del-aborto\/","robots":"max-image-preview:large","keywords":"sociedad","webmasterTools":{"google-site-verification":"UA-38556648-1","msvalidate.01":"7dfe9f3f1b24437ab69f4f2559babe99","miscellaneous":""},"schema":{"@context":"https:\/\/schema.org","@graph":[{"@type":"BlogPosting","@id":"https:\/\/www.eldigitaldeasturias.com\/noticias\/un-autobus-recorre-las-calles-de-madrid-con-imagenes-cruentas-del-aborto\/#blogposting","name":"Un autob\u00fas recorre las calles de Madrid con im\u00e1genes cruentas del aborto - El Digital de Asturias","headline":"Un autob\u00fas recorre las calles de Madrid con im\u00e1genes cruentas del aborto","author":{"@id":"https:\/\/www.eldigitaldeasturias.com\/noticias\/author\/admin\/#author"},"publisher":{"@id":"https:\/\/www.eldigitaldeasturias.com\/noticias\/#organization"},"image":{"@type":"ImageObject","url":455956},"datePublished":"2013-11-29T22:45:07+01:00","dateModified":"2013-11-29T22:45:07+01:00","inLanguage":"es-ES","mainEntityOfPage":{"@id":"https:\/\/www.eldigitaldeasturias.com\/noticias\/un-autobus-recorre-las-calles-de-madrid-con-imagenes-cruentas-del-aborto\/#webpage"},"isPartOf":{"@id":"https:\/\/www.eldigitaldeasturias.com\/noticias\/un-autobus-recorre-las-calles-de-madrid-con-imagenes-cruentas-del-aborto\/#webpage"},"articleSection":"Sociedad"},{"@type":"BreadcrumbList","@id":"https:\/\/www.eldigitaldeasturias.com\/noticias\/un-autobus-recorre-las-calles-de-madrid-con-imagenes-cruentas-del-aborto\/#breadcrumblist","itemListElement":[{"@type":"ListItem","@id":"https:\/\/www.eldigitaldeasturias.com\/noticias#listItem","position":1,"name":"Home","item":"https:\/\/www.eldigitaldeasturias.com\/noticias","nextItem":{"@type":"ListItem","@id":"https:\/\/www.eldigitaldeasturias.com\/noticias\/category\/sociedad\/#listItem","name":"Sociedad"}},{"@type":"ListItem","@id":"https:\/\/www.eldigitaldeasturias.com\/noticias\/category\/sociedad\/#listItem","position":2,"name":"Sociedad","item":"https:\/\/www.eldigitaldeasturias.com\/noticias\/category\/sociedad\/","nextItem":{"@type":"ListItem","@id":"https:\/\/www.eldigitaldeasturias.com\/noticias\/un-autobus-recorre-las-calles-de-madrid-con-imagenes-cruentas-del-aborto\/#listItem","name":"Un autob\u00fas recorre las calles de Madrid con im\u00e1genes cruentas del aborto"},"previousItem":{"@type":"ListItem","@id":"https:\/\/www.eldigitaldeasturias.com\/noticias#listItem","name":"Home"}},{"@type":"ListItem","@id":"https:\/\/www.eldigitaldeasturias.com\/noticias\/un-autobus-recorre-las-calles-de-madrid-con-imagenes-cruentas-del-aborto\/#listItem","position":3,"name":"Un autob\u00fas recorre las calles de Madrid con im\u00e1genes cruentas del aborto","previousItem":{"@type":"ListItem","@id":"https:\/\/www.eldigitaldeasturias.com\/noticias\/category\/sociedad\/#listItem","name":"Sociedad"}}]},{"@type":"Organization","@id":"https:\/\/www.eldigitaldeasturias.com\/noticias\/#organization","name":"El Digital de Asturias","description":"Hemeroteca","url":"https:\/\/www.eldigitaldeasturias.com\/noticias\/","email":"info@eldigitaldeasturias.com","telephone":"+34652131393","logo":{"@type":"ImageObject","url":"https:\/\/www.eldigitaldeasturias.com\/noticias\/wp-content\/uploads\/2020\/12\/EDA.jpg","@id":"https:\/\/www.eldigitaldeasturias.com\/noticias\/un-autobus-recorre-las-calles-de-madrid-con-imagenes-cruentas-del-aborto\/#organizationLogo"},"image":{"@id":"https:\/\/www.eldigitaldeasturias.com\/noticias\/un-autobus-recorre-las-calles-de-madrid-con-imagenes-cruentas-del-aborto\/#organizationLogo"},"sameAs":["https:\/\/facebook.com\/eldigitaldeasturias","https:\/\/www.youtube.com\/channel\/UCZP-2wLEB9Rv6erhFmqVnvg"],"address":{"@id":"https:\/\/www.eldigitaldeasturias.com\/noticias\/#postaladdress","@type":"PostalAddress","streetAddress":"san antonio 4","postalCode":"33430","addressLocality":"Cand\u00e1s","addressRegion":"Asturias","addressCountry":"ES"}},{"@type":"Person","@id":"https:\/\/www.eldigitaldeasturias.com\/noticias\/author\/admin\/#author","url":"https:\/\/www.eldigitaldeasturias.com\/noticias\/author\/admin\/","name":"El Digital de Asturias","image":{"@type":"ImageObject","@id":"https:\/\/www.eldigitaldeasturias.com\/noticias\/un-autobus-recorre-las-calles-de-madrid-con-imagenes-cruentas-del-aborto\/#authorImage","url":"https:\/\/secure.gravatar.com\/avatar\/df2aeffc32bcd13f8d26072ef8a91b623d677766deac7f97ca815868cd41bf5e?s=96&d=mm&r=g","width":96,"height":96,"caption":"El Digital de Asturias"}},{"@type":"WebPage","@id":"https:\/\/www.eldigitaldeasturias.com\/noticias\/un-autobus-recorre-las-calles-de-madrid-con-imagenes-cruentas-del-aborto\/#webpage","url":"https:\/\/www.eldigitaldeasturias.com\/noticias\/un-autobus-recorre-las-calles-de-madrid-con-imagenes-cruentas-del-aborto\/","name":"Un autob\u00fas recorre las calles de Madrid con im\u00e1genes cruentas del aborto - El Digital de Asturias","description":"Madrid, 29 nov (EFE).- Un autob\u00fas con im\u00e1genes cruentas del aborto, como fetos de 10, 11 y 24 semanas de gestaci\u00f3n ensangrentados y descuartizados, recorre las calles de Madrid en el marco de una campa\u00f1a promovida por el Centro para la Reforma Bio\u00e9tica en Espa\u00f1a. Durante una semana, el autob\u00fas atravesar\u00e1 las principales calles de","inLanguage":"es-ES","isPartOf":{"@id":"https:\/\/www.eldigitaldeasturias.com\/noticias\/#website"},"breadcrumb":{"@id":"https:\/\/www.eldigitaldeasturias.com\/noticias\/un-autobus-recorre-las-calles-de-madrid-con-imagenes-cruentas-del-aborto\/#breadcrumblist"},"author":{"@id":"https:\/\/www.eldigitaldeasturias.com\/noticias\/author\/admin\/#author"},"creator":{"@id":"https:\/\/www.eldigitaldeasturias.com\/noticias\/author\/admin\/#author"},"image":{"@type":"ImageObject","url":455956,"@id":"https:\/\/www.eldigitaldeasturias.com\/noticias\/un-autobus-recorre-las-calles-de-madrid-con-imagenes-cruentas-del-aborto\/#mainImage"},"primaryImageOfPage":{"@id":"https:\/\/www.eldigitaldeasturias.com\/noticias\/un-autobus-recorre-las-calles-de-madrid-con-imagenes-cruentas-del-aborto\/#mainImage"},"datePublished":"2013-11-29T22:45:07+01:00","dateModified":"2013-11-29T22:45:07+01:00"},{"@type":"WebSite","@id":"https:\/\/www.eldigitaldeasturias.com\/noticias\/#website","url":"https:\/\/www.eldigitaldeasturias.com\/noticias\/","name":"El Digital de Asturias - Diario de actualidad y noticias","alternateName":"El Digital de Asturias - Diario de actualidad y noticias","description":"Hemeroteca","inLanguage":"es-ES","publisher":{"@id":"https:\/\/www.eldigitaldeasturias.com\/noticias\/#organization"}}]},"og:locale":"es_ES","og:site_name":"El Digital de Asturias","og:type":"article","og:title":"Un autob\u00fas recorre las calles de Madrid con im\u00e1genes cruentas del aborto - El Digital de Asturias","og:description":"Madrid, 29 nov (EFE).- Un autob\u00fas con im\u00e1genes cruentas del aborto, como fetos de 10, 11 y 24 semanas de gestaci\u00f3n ensangrentados y descuartizados, recorre las calles de Madrid en el marco de una campa\u00f1a promovida por el Centro para la Reforma Bio\u00e9tica en Espa\u00f1a. Durante una semana, el autob\u00fas atravesar\u00e1 las principales calles de","og:url":"https:\/\/www.eldigitaldeasturias.com\/noticias\/un-autobus-recorre-las-calles-de-madrid-con-imagenes-cruentas-del-aborto\/","article:tag":["sociedad"],"article:published_time":"2013-11-29T23:45:07+00:00","article:modified_time":"2013-11-29T23:45:07+00:00","article:publisher":"https:\/\/facebook.com\/eldigitaldeasturias","twitter:card":"summary_large_image","twitter:title":"Un autob\u00fas recorre las calles de Madrid con im\u00e1genes cruentas del aborto - El Digital de Asturias","twitter:description":"Madrid, 29 nov (EFE).- Un autob\u00fas con im\u00e1genes cruentas del aborto, como fetos de 10, 11 y 24 semanas de gestaci\u00f3n ensangrentados y descuartizados, recorre las calles de Madrid en el marco de una campa\u00f1a promovida por el Centro para la Reforma Bio\u00e9tica en Espa\u00f1a. Durante una semana, el autob\u00fas atravesar\u00e1 las principales calles de","twitter:label1":"Escrito por","twitter:data1":"El Digital de Asturias","twitter:label2":"Tiempo de lectura estimado","twitter:data2":"3 minutos"},"aioseo_meta_data":{"post_id":"455955","title":null,"description":null,"keywords":null,"keyphrases":null,"primary_term":null,"canonical_url":null,"og_title":null,"og_description":null,"og_object_type":"default","og_image_type":"default","og_image_url":null,"og_image_width":null,"og_image_height":null,"og_image_custom_url":null,"og_image_custom_fields":null,"og_video":null,"og_custom_url":null,"og_article_section":null,"og_article_tags":null,"twitter_use_og":true,"twitter_card":"default","twitter_image_type":"default","twitter_image_url":null,"twitter_image_custom_url":null,"twitter_image_custom_fields":null,"twitter_title":null,"twitter_description":null,"schema":{"blockGraphs":[],"customGraphs":[],"default":{"data":{"Article":[],"Course":[],"Dataset":[],"FAQPage":[],"Movie":[],"Person":[],"Product":[],"ProductReview":[],"Car":[],"Recipe":[],"Service":[],"SoftwareApplication":[],"WebPage":[]},"graphName":"","isEnabled":true},"graphs":[],"defaultGraph":"","defaultPostTypeGraph":""},"schema_type":null,"schema_type_options":null,"pillar_content":false,"robots_default":true,"robots_noindex":false,"robots_noarchive":false,"robots_nosnippet":false,"robots_nofollow":false,"robots_noimageindex":false,"robots_noodp":false,"robots_notranslate":false,"robots_max_snippet":null,"robots_max_videopreview":null,"robots_max_imagepreview":"none","priority":null,"frequency":null,"local_seo":null,"seo_analyzer_scan_date":"2026-05-29 20:13:55","breadcrumb_settings":null,"limit_modified_date":false,"open_ai":null,"ai":null,"created":"2020-11-14 22:45:24","updated":"2026-05-29 20:13:55","focus_keyword":null,"additional_keywords":null,"truseo_locale":null},"aioseo_breadcrumb":"<div class=\"aioseo-breadcrumbs\"><span class=\"aioseo-breadcrumb\">\n\t<a href=\"https:\/\/www.eldigitaldeasturias.com\/noticias\" title=\"Home\">Home<\/a>\n<\/span><span class=\"aioseo-breadcrumb-separator\">\u2013<\/span><span class=\"aioseo-breadcrumb\">\n\t<a href=\"https:\/\/www.eldigitaldeasturias.com\/noticias\/category\/sociedad\/\" title=\"Sociedad\">Sociedad<\/a>\n<\/span><span class=\"aioseo-breadcrumb-separator\">\u2013<\/span><span class=\"aioseo-breadcrumb\">\n\t<a href=\"https:\/\/www.eldigitaldeasturias.com\/noticias\/un-autobus-recorre-las-calles-de-madrid-con-imagenes-cruentas-del-aborto\/\" title=\"Un autob\u00fas recorre las calles de Madrid con im\u00e1genes cruentas del aborto\">Un autob\u00fas recorre las calles de Madrid con im\u00e1genes cruentas del aborto<\/a>\n<\/span><\/div>","aioseo_breadcrumb_json":[{"label":"Home","link":"https:\/\/www.eldigitaldeasturias.com\/noticias"},{"label":"Sociedad","link":"https:\/\/www.eldigitaldeasturias.com\/noticias\/category\/sociedad\/"},{"label":"Un autob\u00fas recorre las calles de Madrid con im\u00e1genes cruentas del aborto","link":"https:\/\/www.eldigitaldeasturias.com\/noticias\/un-autobus-recorre-las-calles-de-madrid-con-imagenes-cruentas-del-aborto\/"}],"_links":{"self":[{"href":"https:\/\/www.eldigitaldeasturias.com\/noticias\/wp-json\/wp\/v2\/posts\/455955","targetHints":{"allow":["GET"]}}],"collection":[{"href":"https:\/\/www.eldigitaldeasturias.com\/noticias\/wp-json\/wp\/v2\/posts"}],"about":[{"href":"https:\/\/www.eldigitaldeasturias.com\/noticias\/wp-json\/wp\/v2\/types\/post"}],"author":[{"embeddable":true,"href":"https:\/\/www.eldigitaldeasturias.com\/noticias\/wp-json\/wp\/v2\/users\/1"}],"replies":[{"embeddable":true,"href":"https:\/\/www.eldigitaldeasturias.com\/noticias\/wp-json\/wp\/v2\/comments?post=455955"}],"version-history":[{"count":0,"href":"https:\/\/www.eldigitaldeasturias.com\/noticias\/wp-json\/wp\/v2\/posts\/455955\/revisions"}],"wp:attachment":[{"href":"https:\/\/www.eldigitaldeasturias.com\/noticias\/wp-json\/wp\/v2\/media?parent=455955"}],"wp:term":[{"taxonomy":"category","embeddable":true,"href":"https:\/\/www.eldigitaldeasturias.com\/noticias\/wp-json\/wp\/v2\/categories?post=455955"},{"taxonomy":"post_tag","embeddable":true,"href":"https:\/\/www.eldigitaldeasturias.com\/noticias\/wp-json\/wp\/v2\/tags?post=455955"}],"curies":[{"name":"wp","href":"https:\/\/api.w.org\/{rel}","templated":true}]}}