{"id":455952,"date":"2013-11-29T22:42:56","date_gmt":"2013-11-29T23:42:56","guid":{"rendered":"http:\/\/www.eldigitaldeasturias.com\/noticias\/?p=455952"},"modified":"2013-12-05T21:49:57","modified_gmt":"2013-12-05T22:49:57","slug":"pablo-alboran-protagonista-musical-de-la-navidad-en-tve","status":"publish","type":"post","link":"https:\/\/www.eldigitaldeasturias.com\/noticias\/pablo-alboran-protagonista-musical-de-la-navidad-en-tve\/","title":{"rendered":"Pablo Albor\u00e1n, protagonista musical de la Navidad en TVE"},"content":{"rendered":"<p><img loading=\"lazy\" decoding=\"async\" class=\"alignleft size-medium wp-image-455953\" alt=\"5762526w\" src=\"https:\/\/www.eldigitaldeasturias.com\/noticias\/wp-content\/uploads\/2013\/11\/5762526w-360x239.jpg\" width=\"360\" height=\"239\" \/>Madrid, 29 nov (EFE).- Pablo Albor\u00e1n protagonizar\u00e1 uno de los programas musicales que prepara Televisi\u00f3n Espa\u00f1ola para su programaci\u00f3n especial de Navidad, en el que el cantante malague\u00f1o actuar\u00e1 en duetos junto a artistas como James Blunt, Laura Pausini, Sergio Dalma, Mal\u00fa y Raphael.<\/p>\n<p>Albor\u00e1n, el artista que m\u00e1s discos ha vendido los dos \u00faltimos a\u00f1os en Espa\u00f1a, se repartir\u00e1 con Raphael, un cl\u00e1sico ya en la programaci\u00f3n navide\u00f1a de TVE, las fechas principales de finales de 2013, han explicado a Efe fuentes de la cadena p\u00fablica.<\/p>\n<p>Albor\u00e1n, de 24 a\u00f1os, ofrecer\u00e1 en el especial de TVE sus temas m\u00e1s populares, como \u00abTanto\u00bb y \u00abSolamente t\u00fa\u00bb, en ocasiones acompa\u00f1ado por colegas de fama internacional como el brit\u00e1nico James Blunt o la italiana Laura Pausini, que han viajado a Espa\u00f1a para grabar sus duetos con el protagonista del programa.<\/p>\n<p>El artista malague\u00f1o cerr\u00f3 recientemente en Espa\u00f1a una gira de 40 conciertos en la que ha reunido desde el 17 de mayo a 200.000 espectadores por pabellones de todo el pa\u00eds.<\/p>\n<p>Y en estos d\u00edas se encuentra actuando en Latinoam\u00e9rica para promocionar la nueva edici\u00f3n de su \u00e1lbum \u00abTanto\u00bb, que ha sido nominado a tres Latin Grammy por la mejor \u00abGrabaci\u00f3n del A\u00f1o\u00bb, \u00ab\u00c1lbum del A\u00f1o\u00bb y \u00abMejor \u00c1lbum Vocal Pop Tradicional\u00bb.<\/p>\n<p>En M\u00e9xico, Albor\u00e1n agot\u00f3 las entradas para los dos conciertos que ofreci\u00f3 en el Lunario del Auditorio Nacional de la capital mexicana el 26 y 28 de noviembre pasados.<\/p>\n","protected":false},"excerpt":{"rendered":"<p>Madrid, 29 nov (EFE).- Pablo Albor\u00e1n protagonizar\u00e1 uno de los programas musicales que prepara Televisi\u00f3n Espa\u00f1ola para su programaci\u00f3n especial de Navidad, en el que el cantante malague\u00f1o actuar\u00e1 en duetos junto a artistas como James Blunt, Laura Pausini, Sergio Dalma, Mal\u00fa y Raphael. Albor\u00e1n, el artista que m\u00e1s discos ha vendido los dos \u00faltimos [&hellip;]<\/p>\n","protected":false},"author":1,"featured_media":455953,"comment_status":"closed","ping_status":"open","sticky":false,"template":"","format":"standard","meta":{"footnotes":""},"categories":[50],"tags":[],"class_list":["post-455952","post","type-post","status-publish","format-standard","has-post-thumbnail","hentry","category-revista-de-ocio"],"aioseo_notices":[],"aioseo_head":"\n\t\t<!-- All in One SEO Pro 5.0.1 - aioseo.com -->\n\t<meta name=\"description\" content=\"Madrid, 29 nov (EFE).- Pablo Albor\u00e1n protagonizar\u00e1 uno de los programas musicales que prepara Televisi\u00f3n Espa\u00f1ola para su programaci\u00f3n especial de Navidad, en el que el cantante malague\u00f1o actuar\u00e1 en duetos junto a artistas como James Blunt, Laura Pausini, Sergio Dalma, Mal\u00fa y Raphael. Albor\u00e1n, el artista que m\u00e1s discos ha vendido los dos \u00faltimos\" \/>\n\t<meta name=\"robots\" content=\"max-image-preview:large\" \/>\n\t<meta name=\"author\" content=\"El Digital de Asturias\"\/>\n\t<meta name=\"google-site-verification\" content=\"UA-38556648-1\" \/>\n\t<meta name=\"msvalidate.01\" content=\"7dfe9f3f1b24437ab69f4f2559babe99\" \/>\n\t<meta name=\"keywords\" content=\"revista de ocio\" \/>\n\t<link rel=\"canonical\" href=\"https:\/\/www.eldigitaldeasturias.com\/noticias\/pablo-alboran-protagonista-musical-de-la-navidad-en-tve\/\" \/>\n\t<meta name=\"generator\" content=\"All in One SEO Pro (AIOSEO) 5.0.1\" \/>\n\t\t<meta property=\"og:locale\" content=\"es_ES\" \/>\n\t\t<meta property=\"og:site_name\" content=\"El Digital de Asturias\" \/>\n\t\t<meta property=\"og:type\" content=\"article\" \/>\n\t\t<meta property=\"og:title\" content=\"Pablo Albor\u00e1n, protagonista musical de la Navidad en TVE - El Digital de Asturias\" \/>\n\t\t<meta property=\"og:description\" content=\"Madrid, 29 nov (EFE).- Pablo Albor\u00e1n protagonizar\u00e1 uno de los programas musicales que prepara Televisi\u00f3n Espa\u00f1ola para su programaci\u00f3n especial de Navidad, en el que el cantante malague\u00f1o actuar\u00e1 en duetos junto a artistas como James Blunt, Laura Pausini, Sergio Dalma, Mal\u00fa y Raphael. Albor\u00e1n, el artista que m\u00e1s discos ha vendido los dos \u00faltimos\" \/>\n\t\t<meta property=\"og:url\" content=\"https:\/\/www.eldigitaldeasturias.com\/noticias\/pablo-alboran-protagonista-musical-de-la-navidad-en-tve\/\" \/>\n\t\t<meta property=\"article:tag\" content=\"revista de ocio\" \/>\n\t\t<meta property=\"article:published_time\" content=\"2013-11-29T23:42:56+00:00\" \/>\n\t\t<meta property=\"article:modified_time\" content=\"2013-12-05T22:49:57+00:00\" \/>\n\t\t<meta property=\"article:publisher\" content=\"https:\/\/facebook.com\/eldigitaldeasturias\" \/>\n\t\t<meta name=\"twitter:card\" content=\"summary_large_image\" \/>\n\t\t<meta name=\"twitter:title\" content=\"Pablo Albor\u00e1n, protagonista musical de la Navidad en TVE - El Digital de Asturias\" \/>\n\t\t<meta name=\"twitter:description\" content=\"Madrid, 29 nov (EFE).- Pablo Albor\u00e1n protagonizar\u00e1 uno de los programas musicales que prepara Televisi\u00f3n Espa\u00f1ola para su programaci\u00f3n especial de Navidad, en el que el cantante malague\u00f1o actuar\u00e1 en duetos junto a artistas como James Blunt, Laura Pausini, Sergio Dalma, Mal\u00fa y Raphael. Albor\u00e1n, el artista que m\u00e1s discos ha vendido los dos \u00faltimos\" \/>\n\t\t<meta name=\"twitter:label1\" content=\"Escrito por\" \/>\n\t\t<meta name=\"twitter:data1\" content=\"El Digital de Asturias\" \/>\n\t\t<meta name=\"twitter:label2\" content=\"Tiempo de lectura estimado\" \/>\n\t\t<meta name=\"twitter:data2\" content=\"1 minuto\" \/>\n\t\t<script type=\"application\/ld+json\" class=\"aioseo-schema\">\n\t\t\t{\"@context\":\"https:\\\/\\\/schema.org\",\"@graph\":[{\"@type\":\"BlogPosting\",\"@id\":\"https:\\\/\\\/www.eldigitaldeasturias.com\\\/noticias\\\/pablo-alboran-protagonista-musical-de-la-navidad-en-tve\\\/#blogposting\",\"name\":\"Pablo Albor\\u00e1n, protagonista musical de la Navidad en TVE - El Digital de Asturias\",\"headline\":\"Pablo Albor\\u00e1n, protagonista musical de la Navidad en TVE\",\"author\":{\"@id\":\"https:\\\/\\\/www.eldigitaldeasturias.com\\\/noticias\\\/author\\\/admin\\\/#author\"},\"publisher\":{\"@id\":\"https:\\\/\\\/www.eldigitaldeasturias.com\\\/noticias\\\/#organization\"},\"image\":{\"@type\":\"ImageObject\",\"url\":455953},\"datePublished\":\"2013-11-29T22:42:56+01:00\",\"dateModified\":\"2013-12-05T21:49:57+01:00\",\"inLanguage\":\"es-ES\",\"mainEntityOfPage\":{\"@id\":\"https:\\\/\\\/www.eldigitaldeasturias.com\\\/noticias\\\/pablo-alboran-protagonista-musical-de-la-navidad-en-tve\\\/#webpage\"},\"isPartOf\":{\"@id\":\"https:\\\/\\\/www.eldigitaldeasturias.com\\\/noticias\\\/pablo-alboran-protagonista-musical-de-la-navidad-en-tve\\\/#webpage\"},\"articleSection\":\"Revista de Ocio\"},{\"@type\":\"BreadcrumbList\",\"@id\":\"https:\\\/\\\/www.eldigitaldeasturias.com\\\/noticias\\\/pablo-alboran-protagonista-musical-de-la-navidad-en-tve\\\/#breadcrumblist\",\"itemListElement\":[{\"@type\":\"ListItem\",\"@id\":\"https:\\\/\\\/www.eldigitaldeasturias.com\\\/noticias#listItem\",\"position\":1,\"name\":\"Home\",\"item\":\"https:\\\/\\\/www.eldigitaldeasturias.com\\\/noticias\",\"nextItem\":{\"@type\":\"ListItem\",\"@id\":\"https:\\\/\\\/www.eldigitaldeasturias.com\\\/noticias\\\/category\\\/revista-de-ocio\\\/#listItem\",\"name\":\"Revista de Ocio\"}},{\"@type\":\"ListItem\",\"@id\":\"https:\\\/\\\/www.eldigitaldeasturias.com\\\/noticias\\\/category\\\/revista-de-ocio\\\/#listItem\",\"position\":2,\"name\":\"Revista de Ocio\",\"item\":\"https:\\\/\\\/www.eldigitaldeasturias.com\\\/noticias\\\/category\\\/revista-de-ocio\\\/\",\"nextItem\":{\"@type\":\"ListItem\",\"@id\":\"https:\\\/\\\/www.eldigitaldeasturias.com\\\/noticias\\\/pablo-alboran-protagonista-musical-de-la-navidad-en-tve\\\/#listItem\",\"name\":\"Pablo Albor\\u00e1n, protagonista musical de la Navidad en TVE\"},\"previousItem\":{\"@type\":\"ListItem\",\"@id\":\"https:\\\/\\\/www.eldigitaldeasturias.com\\\/noticias#listItem\",\"name\":\"Home\"}},{\"@type\":\"ListItem\",\"@id\":\"https:\\\/\\\/www.eldigitaldeasturias.com\\\/noticias\\\/pablo-alboran-protagonista-musical-de-la-navidad-en-tve\\\/#listItem\",\"position\":3,\"name\":\"Pablo Albor\\u00e1n, protagonista musical de la Navidad en TVE\",\"previousItem\":{\"@type\":\"ListItem\",\"@id\":\"https:\\\/\\\/www.eldigitaldeasturias.com\\\/noticias\\\/category\\\/revista-de-ocio\\\/#listItem\",\"name\":\"Revista de Ocio\"}}]},{\"@type\":\"Organization\",\"@id\":\"https:\\\/\\\/www.eldigitaldeasturias.com\\\/noticias\\\/#organization\",\"name\":\"El Digital de Asturias\",\"description\":\"Hemeroteca\",\"url\":\"https:\\\/\\\/www.eldigitaldeasturias.com\\\/noticias\\\/\",\"email\":\"info@eldigitaldeasturias.com\",\"telephone\":\"+34652131393\",\"logo\":{\"@type\":\"ImageObject\",\"url\":\"https:\\\/\\\/www.eldigitaldeasturias.com\\\/noticias\\\/wp-content\\\/uploads\\\/2020\\\/12\\\/EDA.jpg\",\"@id\":\"https:\\\/\\\/www.eldigitaldeasturias.com\\\/noticias\\\/pablo-alboran-protagonista-musical-de-la-navidad-en-tve\\\/#organizationLogo\"},\"image\":{\"@id\":\"https:\\\/\\\/www.eldigitaldeasturias.com\\\/noticias\\\/pablo-alboran-protagonista-musical-de-la-navidad-en-tve\\\/#organizationLogo\"},\"sameAs\":[\"https:\\\/\\\/facebook.com\\\/eldigitaldeasturias\",\"https:\\\/\\\/www.youtube.com\\\/channel\\\/UCZP-2wLEB9Rv6erhFmqVnvg\"],\"address\":{\"@id\":\"https:\\\/\\\/www.eldigitaldeasturias.com\\\/noticias\\\/#postaladdress\",\"@type\":\"PostalAddress\",\"streetAddress\":\"san antonio 4\",\"postalCode\":\"33430\",\"addressLocality\":\"Cand\\u00e1s\",\"addressRegion\":\"Asturias\",\"addressCountry\":\"ES\"}},{\"@type\":\"Person\",\"@id\":\"https:\\\/\\\/www.eldigitaldeasturias.com\\\/noticias\\\/author\\\/admin\\\/#author\",\"url\":\"https:\\\/\\\/www.eldigitaldeasturias.com\\\/noticias\\\/author\\\/admin\\\/\",\"name\":\"El Digital de Asturias\",\"image\":{\"@type\":\"ImageObject\",\"@id\":\"https:\\\/\\\/www.eldigitaldeasturias.com\\\/noticias\\\/pablo-alboran-protagonista-musical-de-la-navidad-en-tve\\\/#authorImage\",\"url\":\"https:\\\/\\\/secure.gravatar.com\\\/avatar\\\/df2aeffc32bcd13f8d26072ef8a91b623d677766deac7f97ca815868cd41bf5e?s=96&d=mm&r=g\",\"width\":96,\"height\":96,\"caption\":\"El Digital de Asturias\"}},{\"@type\":\"WebPage\",\"@id\":\"https:\\\/\\\/www.eldigitaldeasturias.com\\\/noticias\\\/pablo-alboran-protagonista-musical-de-la-navidad-en-tve\\\/#webpage\",\"url\":\"https:\\\/\\\/www.eldigitaldeasturias.com\\\/noticias\\\/pablo-alboran-protagonista-musical-de-la-navidad-en-tve\\\/\",\"name\":\"Pablo Albor\\u00e1n, protagonista musical de la Navidad en TVE - El Digital de Asturias\",\"description\":\"Madrid, 29 nov (EFE).- Pablo Albor\\u00e1n protagonizar\\u00e1 uno de los programas musicales que prepara Televisi\\u00f3n Espa\\u00f1ola para su programaci\\u00f3n especial de Navidad, en el que el cantante malague\\u00f1o actuar\\u00e1 en duetos junto a artistas como James Blunt, Laura Pausini, Sergio Dalma, Mal\\u00fa y Raphael. Albor\\u00e1n, el artista que m\\u00e1s discos ha vendido los dos \\u00faltimos\",\"inLanguage\":\"es-ES\",\"isPartOf\":{\"@id\":\"https:\\\/\\\/www.eldigitaldeasturias.com\\\/noticias\\\/#website\"},\"breadcrumb\":{\"@id\":\"https:\\\/\\\/www.eldigitaldeasturias.com\\\/noticias\\\/pablo-alboran-protagonista-musical-de-la-navidad-en-tve\\\/#breadcrumblist\"},\"author\":{\"@id\":\"https:\\\/\\\/www.eldigitaldeasturias.com\\\/noticias\\\/author\\\/admin\\\/#author\"},\"creator\":{\"@id\":\"https:\\\/\\\/www.eldigitaldeasturias.com\\\/noticias\\\/author\\\/admin\\\/#author\"},\"image\":{\"@type\":\"ImageObject\",\"url\":455953,\"@id\":\"https:\\\/\\\/www.eldigitaldeasturias.com\\\/noticias\\\/pablo-alboran-protagonista-musical-de-la-navidad-en-tve\\\/#mainImage\"},\"primaryImageOfPage\":{\"@id\":\"https:\\\/\\\/www.eldigitaldeasturias.com\\\/noticias\\\/pablo-alboran-protagonista-musical-de-la-navidad-en-tve\\\/#mainImage\"},\"datePublished\":\"2013-11-29T22:42:56+01:00\",\"dateModified\":\"2013-12-05T21:49:57+01:00\"},{\"@type\":\"WebSite\",\"@id\":\"https:\\\/\\\/www.eldigitaldeasturias.com\\\/noticias\\\/#website\",\"url\":\"https:\\\/\\\/www.eldigitaldeasturias.com\\\/noticias\\\/\",\"name\":\"El Digital de Asturias - Diario de actualidad y noticias\",\"alternateName\":\"El Digital de Asturias - Diario de actualidad y noticias\",\"description\":\"Hemeroteca\",\"inLanguage\":\"es-ES\",\"publisher\":{\"@id\":\"https:\\\/\\\/www.eldigitaldeasturias.com\\\/noticias\\\/#organization\"}}]}\n\t\t<\/script>\n\t\t<!-- All in One SEO Pro -->\r\n\t\t<title>Pablo Albor\u00e1n, protagonista musical de la Navidad en TVE - El Digital de Asturias<\/title>\n\n","aioseo_head_json":{"title":"Pablo Albor\u00e1n, protagonista musical de la Navidad en TVE - El Digital de Asturias","description":"Madrid, 29 nov (EFE).- Pablo Albor\u00e1n protagonizar\u00e1 uno de los programas musicales que prepara Televisi\u00f3n Espa\u00f1ola para su programaci\u00f3n especial de Navidad, en el que el cantante malague\u00f1o actuar\u00e1 en duetos junto a artistas como James Blunt, Laura Pausini, Sergio Dalma, Mal\u00fa y Raphael. Albor\u00e1n, el artista que m\u00e1s discos ha vendido los dos \u00faltimos","canonical_url":"https:\/\/www.eldigitaldeasturias.com\/noticias\/pablo-alboran-protagonista-musical-de-la-navidad-en-tve\/","robots":"max-image-preview:large","keywords":"revista de ocio","webmasterTools":{"google-site-verification":"UA-38556648-1","msvalidate.01":"7dfe9f3f1b24437ab69f4f2559babe99","miscellaneous":""},"schema":{"@context":"https:\/\/schema.org","@graph":[{"@type":"BlogPosting","@id":"https:\/\/www.eldigitaldeasturias.com\/noticias\/pablo-alboran-protagonista-musical-de-la-navidad-en-tve\/#blogposting","name":"Pablo Albor\u00e1n, protagonista musical de la Navidad en TVE - El Digital de Asturias","headline":"Pablo Albor\u00e1n, protagonista musical de la Navidad en TVE","author":{"@id":"https:\/\/www.eldigitaldeasturias.com\/noticias\/author\/admin\/#author"},"publisher":{"@id":"https:\/\/www.eldigitaldeasturias.com\/noticias\/#organization"},"image":{"@type":"ImageObject","url":455953},"datePublished":"2013-11-29T22:42:56+01:00","dateModified":"2013-12-05T21:49:57+01:00","inLanguage":"es-ES","mainEntityOfPage":{"@id":"https:\/\/www.eldigitaldeasturias.com\/noticias\/pablo-alboran-protagonista-musical-de-la-navidad-en-tve\/#webpage"},"isPartOf":{"@id":"https:\/\/www.eldigitaldeasturias.com\/noticias\/pablo-alboran-protagonista-musical-de-la-navidad-en-tve\/#webpage"},"articleSection":"Revista de Ocio"},{"@type":"BreadcrumbList","@id":"https:\/\/www.eldigitaldeasturias.com\/noticias\/pablo-alboran-protagonista-musical-de-la-navidad-en-tve\/#breadcrumblist","itemListElement":[{"@type":"ListItem","@id":"https:\/\/www.eldigitaldeasturias.com\/noticias#listItem","position":1,"name":"Home","item":"https:\/\/www.eldigitaldeasturias.com\/noticias","nextItem":{"@type":"ListItem","@id":"https:\/\/www.eldigitaldeasturias.com\/noticias\/category\/revista-de-ocio\/#listItem","name":"Revista de Ocio"}},{"@type":"ListItem","@id":"https:\/\/www.eldigitaldeasturias.com\/noticias\/category\/revista-de-ocio\/#listItem","position":2,"name":"Revista de Ocio","item":"https:\/\/www.eldigitaldeasturias.com\/noticias\/category\/revista-de-ocio\/","nextItem":{"@type":"ListItem","@id":"https:\/\/www.eldigitaldeasturias.com\/noticias\/pablo-alboran-protagonista-musical-de-la-navidad-en-tve\/#listItem","name":"Pablo Albor\u00e1n, protagonista musical de la Navidad en TVE"},"previousItem":{"@type":"ListItem","@id":"https:\/\/www.eldigitaldeasturias.com\/noticias#listItem","name":"Home"}},{"@type":"ListItem","@id":"https:\/\/www.eldigitaldeasturias.com\/noticias\/pablo-alboran-protagonista-musical-de-la-navidad-en-tve\/#listItem","position":3,"name":"Pablo Albor\u00e1n, protagonista musical de la Navidad en TVE","previousItem":{"@type":"ListItem","@id":"https:\/\/www.eldigitaldeasturias.com\/noticias\/category\/revista-de-ocio\/#listItem","name":"Revista de Ocio"}}]},{"@type":"Organization","@id":"https:\/\/www.eldigitaldeasturias.com\/noticias\/#organization","name":"El Digital de Asturias","description":"Hemeroteca","url":"https:\/\/www.eldigitaldeasturias.com\/noticias\/","email":"info@eldigitaldeasturias.com","telephone":"+34652131393","logo":{"@type":"ImageObject","url":"https:\/\/www.eldigitaldeasturias.com\/noticias\/wp-content\/uploads\/2020\/12\/EDA.jpg","@id":"https:\/\/www.eldigitaldeasturias.com\/noticias\/pablo-alboran-protagonista-musical-de-la-navidad-en-tve\/#organizationLogo"},"image":{"@id":"https:\/\/www.eldigitaldeasturias.com\/noticias\/pablo-alboran-protagonista-musical-de-la-navidad-en-tve\/#organizationLogo"},"sameAs":["https:\/\/facebook.com\/eldigitaldeasturias","https:\/\/www.youtube.com\/channel\/UCZP-2wLEB9Rv6erhFmqVnvg"],"address":{"@id":"https:\/\/www.eldigitaldeasturias.com\/noticias\/#postaladdress","@type":"PostalAddress","streetAddress":"san antonio 4","postalCode":"33430","addressLocality":"Cand\u00e1s","addressRegion":"Asturias","addressCountry":"ES"}},{"@type":"Person","@id":"https:\/\/www.eldigitaldeasturias.com\/noticias\/author\/admin\/#author","url":"https:\/\/www.eldigitaldeasturias.com\/noticias\/author\/admin\/","name":"El Digital de Asturias","image":{"@type":"ImageObject","@id":"https:\/\/www.eldigitaldeasturias.com\/noticias\/pablo-alboran-protagonista-musical-de-la-navidad-en-tve\/#authorImage","url":"https:\/\/secure.gravatar.com\/avatar\/df2aeffc32bcd13f8d26072ef8a91b623d677766deac7f97ca815868cd41bf5e?s=96&d=mm&r=g","width":96,"height":96,"caption":"El Digital de Asturias"}},{"@type":"WebPage","@id":"https:\/\/www.eldigitaldeasturias.com\/noticias\/pablo-alboran-protagonista-musical-de-la-navidad-en-tve\/#webpage","url":"https:\/\/www.eldigitaldeasturias.com\/noticias\/pablo-alboran-protagonista-musical-de-la-navidad-en-tve\/","name":"Pablo Albor\u00e1n, protagonista musical de la Navidad en TVE - El Digital de Asturias","description":"Madrid, 29 nov (EFE).- Pablo Albor\u00e1n protagonizar\u00e1 uno de los programas musicales que prepara Televisi\u00f3n Espa\u00f1ola para su programaci\u00f3n especial de Navidad, en el que el cantante malague\u00f1o actuar\u00e1 en duetos junto a artistas como James Blunt, Laura Pausini, Sergio Dalma, Mal\u00fa y Raphael. Albor\u00e1n, el artista que m\u00e1s discos ha vendido los dos \u00faltimos","inLanguage":"es-ES","isPartOf":{"@id":"https:\/\/www.eldigitaldeasturias.com\/noticias\/#website"},"breadcrumb":{"@id":"https:\/\/www.eldigitaldeasturias.com\/noticias\/pablo-alboran-protagonista-musical-de-la-navidad-en-tve\/#breadcrumblist"},"author":{"@id":"https:\/\/www.eldigitaldeasturias.com\/noticias\/author\/admin\/#author"},"creator":{"@id":"https:\/\/www.eldigitaldeasturias.com\/noticias\/author\/admin\/#author"},"image":{"@type":"ImageObject","url":455953,"@id":"https:\/\/www.eldigitaldeasturias.com\/noticias\/pablo-alboran-protagonista-musical-de-la-navidad-en-tve\/#mainImage"},"primaryImageOfPage":{"@id":"https:\/\/www.eldigitaldeasturias.com\/noticias\/pablo-alboran-protagonista-musical-de-la-navidad-en-tve\/#mainImage"},"datePublished":"2013-11-29T22:42:56+01:00","dateModified":"2013-12-05T21:49:57+01:00"},{"@type":"WebSite","@id":"https:\/\/www.eldigitaldeasturias.com\/noticias\/#website","url":"https:\/\/www.eldigitaldeasturias.com\/noticias\/","name":"El Digital de Asturias - Diario de actualidad y noticias","alternateName":"El Digital de Asturias - Diario de actualidad y noticias","description":"Hemeroteca","inLanguage":"es-ES","publisher":{"@id":"https:\/\/www.eldigitaldeasturias.com\/noticias\/#organization"}}]},"og:locale":"es_ES","og:site_name":"El Digital de Asturias","og:type":"article","og:title":"Pablo Albor\u00e1n, protagonista musical de la Navidad en TVE - El Digital de Asturias","og:description":"Madrid, 29 nov (EFE).- Pablo Albor\u00e1n protagonizar\u00e1 uno de los programas musicales que prepara Televisi\u00f3n Espa\u00f1ola para su programaci\u00f3n especial de Navidad, en el que el cantante malague\u00f1o actuar\u00e1 en duetos junto a artistas como James Blunt, Laura Pausini, Sergio Dalma, Mal\u00fa y Raphael. Albor\u00e1n, el artista que m\u00e1s discos ha vendido los dos \u00faltimos","og:url":"https:\/\/www.eldigitaldeasturias.com\/noticias\/pablo-alboran-protagonista-musical-de-la-navidad-en-tve\/","article:tag":["revista de ocio"],"article:published_time":"2013-11-29T23:42:56+00:00","article:modified_time":"2013-12-05T22:49:57+00:00","article:publisher":"https:\/\/facebook.com\/eldigitaldeasturias","twitter:card":"summary_large_image","twitter:title":"Pablo Albor\u00e1n, protagonista musical de la Navidad en TVE - El Digital de Asturias","twitter:description":"Madrid, 29 nov (EFE).- Pablo Albor\u00e1n protagonizar\u00e1 uno de los programas musicales que prepara Televisi\u00f3n Espa\u00f1ola para su programaci\u00f3n especial de Navidad, en el que el cantante malague\u00f1o actuar\u00e1 en duetos junto a artistas como James Blunt, Laura Pausini, Sergio Dalma, Mal\u00fa y Raphael. Albor\u00e1n, el artista que m\u00e1s discos ha vendido los dos \u00faltimos","twitter:label1":"Escrito por","twitter:data1":"El Digital de Asturias","twitter:label2":"Tiempo de lectura estimado","twitter:data2":"1 minuto"},"aioseo_meta_data":{"post_id":"455952","title":null,"description":null,"keywords":null,"keyphrases":null,"primary_term":null,"canonical_url":null,"og_title":null,"og_description":null,"og_object_type":"default","og_image_type":"default","og_image_url":null,"og_image_width":null,"og_image_height":null,"og_image_custom_url":null,"og_image_custom_fields":null,"og_video":null,"og_custom_url":null,"og_article_section":null,"og_article_tags":null,"twitter_use_og":true,"twitter_card":"default","twitter_image_type":"default","twitter_image_url":null,"twitter_image_custom_url":null,"twitter_image_custom_fields":null,"twitter_title":null,"twitter_description":null,"schema":{"blockGraphs":[],"customGraphs":[],"default":{"data":{"Article":[],"Course":[],"Dataset":[],"FAQPage":[],"Movie":[],"Person":[],"Product":[],"ProductReview":[],"Car":[],"Recipe":[],"Service":[],"SoftwareApplication":[],"WebPage":[]},"graphName":"","isEnabled":true},"graphs":[],"defaultGraph":"","defaultPostTypeGraph":""},"schema_type":null,"schema_type_options":null,"pillar_content":false,"robots_default":true,"robots_noindex":false,"robots_noarchive":false,"robots_nosnippet":false,"robots_nofollow":false,"robots_noimageindex":false,"robots_noodp":false,"robots_notranslate":false,"robots_max_snippet":null,"robots_max_videopreview":null,"robots_max_imagepreview":"none","priority":null,"frequency":null,"local_seo":null,"seo_analyzer_scan_date":"2026-05-29 20:13:55","breadcrumb_settings":null,"limit_modified_date":false,"open_ai":null,"ai":null,"created":"2020-11-14 22:45:24","updated":"2026-05-29 20:13:55","focus_keyword":null,"additional_keywords":null,"truseo_locale":null},"aioseo_breadcrumb":"<div class=\"aioseo-breadcrumbs\"><span class=\"aioseo-breadcrumb\">\n\t<a href=\"https:\/\/www.eldigitaldeasturias.com\/noticias\" title=\"Home\">Home<\/a>\n<\/span><span class=\"aioseo-breadcrumb-separator\">\u2013<\/span><span class=\"aioseo-breadcrumb\">\n\t<a href=\"https:\/\/www.eldigitaldeasturias.com\/noticias\/category\/revista-de-ocio\/\" title=\"Revista de Ocio\">Revista de Ocio<\/a>\n<\/span><span class=\"aioseo-breadcrumb-separator\">\u2013<\/span><span class=\"aioseo-breadcrumb\">\n\t<a href=\"https:\/\/www.eldigitaldeasturias.com\/noticias\/pablo-alboran-protagonista-musical-de-la-navidad-en-tve\/\" title=\"Pablo Albor\u00e1n, protagonista musical de la Navidad en TVE\">Pablo Albor\u00e1n, protagonista musical de la Navidad en TVE<\/a>\n<\/span><\/div>","aioseo_breadcrumb_json":[{"label":"Home","link":"https:\/\/www.eldigitaldeasturias.com\/noticias"},{"label":"Revista de Ocio","link":"https:\/\/www.eldigitaldeasturias.com\/noticias\/category\/revista-de-ocio\/"},{"label":"Pablo Albor\u00e1n, protagonista musical de la Navidad en TVE","link":"https:\/\/www.eldigitaldeasturias.com\/noticias\/pablo-alboran-protagonista-musical-de-la-navidad-en-tve\/"}],"_links":{"self":[{"href":"https:\/\/www.eldigitaldeasturias.com\/noticias\/wp-json\/wp\/v2\/posts\/455952","targetHints":{"allow":["GET"]}}],"collection":[{"href":"https:\/\/www.eldigitaldeasturias.com\/noticias\/wp-json\/wp\/v2\/posts"}],"about":[{"href":"https:\/\/www.eldigitaldeasturias.com\/noticias\/wp-json\/wp\/v2\/types\/post"}],"author":[{"embeddable":true,"href":"https:\/\/www.eldigitaldeasturias.com\/noticias\/wp-json\/wp\/v2\/users\/1"}],"replies":[{"embeddable":true,"href":"https:\/\/www.eldigitaldeasturias.com\/noticias\/wp-json\/wp\/v2\/comments?post=455952"}],"version-history":[{"count":0,"href":"https:\/\/www.eldigitaldeasturias.com\/noticias\/wp-json\/wp\/v2\/posts\/455952\/revisions"}],"wp:attachment":[{"href":"https:\/\/www.eldigitaldeasturias.com\/noticias\/wp-json\/wp\/v2\/media?parent=455952"}],"wp:term":[{"taxonomy":"category","embeddable":true,"href":"https:\/\/www.eldigitaldeasturias.com\/noticias\/wp-json\/wp\/v2\/categories?post=455952"},{"taxonomy":"post_tag","embeddable":true,"href":"https:\/\/www.eldigitaldeasturias.com\/noticias\/wp-json\/wp\/v2\/tags?post=455952"}],"curies":[{"name":"wp","href":"https:\/\/api.w.org\/{rel}","templated":true}]}}