{"id":455949,"date":"2013-11-29T22:40:36","date_gmt":"2013-11-29T23:40:36","guid":{"rendered":"http:\/\/www.eldigitaldeasturias.com\/noticias\/?p=455949"},"modified":"2013-11-29T22:40:36","modified_gmt":"2013-11-29T23:40:36","slug":"los-protagonistas-de-aida-despediran-el-ano-en-telecinco","status":"publish","type":"post","link":"https:\/\/www.eldigitaldeasturias.com\/noticias\/los-protagonistas-de-aida-despediran-el-ano-en-telecinco\/","title":{"rendered":"Los protagonistas de \u00abA\u00edda\u00bb despedir\u00e1n el a\u00f1o en Telecinco"},"content":{"rendered":"<p><img loading=\"lazy\" decoding=\"async\" class=\"alignleft size-medium wp-image-455950\" alt=\"5762421w\" src=\"https:\/\/www.eldigitaldeasturias.com\/noticias\/wp-content\/uploads\/2013\/11\/5762421w-360x239.jpg\" width=\"360\" height=\"239\" \/>Madrid, 29 nov (EFE).- Luisma, Chema, Soraya y Barajas, es decir los actores Paco Le\u00f3n, Pepe Viyuela, Miren Ibarguren y Canco Rodr\u00edguez, protagonistas de la comedia \u00abA\u00edda\u00bb, ser\u00e1n los encargados de retransmitir las campanadas de Fin de A\u00f1o en Telecinco, ha anunciado hoy la cadena.<\/p>\n<p>Los cuatros personajes del alocado barrio de Esperanza Sur, donde transcurre esta serie, se trasladar\u00e1n a la Puerta del Sol de Madrid para dar la bienvenida a 2014, el a\u00f1o en que esta hist\u00f3rica comedia concluir\u00e1 su andadura en la televisi\u00f3n tras m\u00e1s de doscientos cap\u00edtulos.<\/p>\n<p>Los personajes de \u00abA\u00edda\u00bb estar\u00e1n en la Puerta del Sol en directo y con un gui\u00f3n desarrollado por el equipo creativo de la serie, puntualiza Telecinco.<\/p>\n<p>\u00abA\u00edda\u00bb, la comedia m\u00e1s longeva de la televisi\u00f3n espa\u00f1ola, concluir\u00e1 su andadura en 2014, seg\u00fan anunci\u00f3 recientemente Telecinco, que trabaja con la productora de la serie, Globomedia, en un final \u00aba la altura de esta ficci\u00f3n\u00bb.<\/p>\n<p>El equipo creativo de la serie trabaja en una nueva comedia para Telecinco, informa tambi\u00e9n la cadena, que dice afrontar uno de sus mayores retos: \u00abAcometer la recta final de la serie\u00bb.<\/p>\n<p>\u00abA\u00edda\u00bb fue el primer \u00abspin off\u00bb de la televisi\u00f3n espa\u00f1ola y en su trayectoria ha conseguido los galardones m\u00e1s relevantes, entre ellos el Premio Ondas a la Mejor Ficci\u00f3n en 2006.<\/p>\n<p>En 2013 ha sido Pepe Viyuela el ganador del Ondas como mejor actor, uniendo su nombre al de Paco Le\u00f3n, Mariano Pe\u00f1a y Carmen Machi, actriz cuyo personaje, A\u00edda, dio nombre a esta serie tras ser uno de los principales de una comedia tambi\u00e9n emblem\u00e1tica de la televisi\u00f3n nacional: \u00ab7 vidas\u00bb.<\/p>\n","protected":false},"excerpt":{"rendered":"<p>Madrid, 29 nov (EFE).- Luisma, Chema, Soraya y Barajas, es decir los actores Paco Le\u00f3n, Pepe Viyuela, Miren Ibarguren y Canco Rodr\u00edguez, protagonistas de la comedia \u00abA\u00edda\u00bb, ser\u00e1n los encargados de retransmitir las campanadas de Fin de A\u00f1o en Telecinco, ha anunciado hoy la cadena. Los cuatros personajes del alocado barrio de Esperanza Sur, donde [&hellip;]<\/p>\n","protected":false},"author":1,"featured_media":455950,"comment_status":"closed","ping_status":"open","sticky":false,"template":"","format":"standard","meta":{"footnotes":""},"categories":[50],"tags":[],"class_list":["post-455949","post","type-post","status-publish","format-standard","has-post-thumbnail","hentry","category-revista-de-ocio"],"aioseo_notices":[],"aioseo_head":"\n\t\t<!-- All in One SEO Pro 5.0.1 - aioseo.com -->\n\t<meta name=\"description\" content=\"Madrid, 29 nov (EFE).- Luisma, Chema, Soraya y Barajas, es decir los actores Paco Le\u00f3n, Pepe Viyuela, Miren Ibarguren y Canco Rodr\u00edguez, protagonistas de la comedia &quot;A\u00edda&quot;, ser\u00e1n los encargados de retransmitir las campanadas de Fin de A\u00f1o en Telecinco, ha anunciado hoy la cadena. Los cuatros personajes del alocado barrio de Esperanza Sur, donde\" \/>\n\t<meta name=\"robots\" content=\"max-image-preview:large\" \/>\n\t<meta name=\"author\" content=\"El Digital de Asturias\"\/>\n\t<meta name=\"google-site-verification\" content=\"UA-38556648-1\" \/>\n\t<meta name=\"msvalidate.01\" content=\"7dfe9f3f1b24437ab69f4f2559babe99\" \/>\n\t<meta name=\"keywords\" content=\"revista de ocio\" \/>\n\t<link rel=\"canonical\" href=\"https:\/\/www.eldigitaldeasturias.com\/noticias\/los-protagonistas-de-aida-despediran-el-ano-en-telecinco\/\" \/>\n\t<meta name=\"generator\" content=\"All in One SEO Pro (AIOSEO) 5.0.1\" \/>\n\t\t<meta property=\"og:locale\" content=\"es_ES\" \/>\n\t\t<meta property=\"og:site_name\" content=\"El Digital de Asturias\" \/>\n\t\t<meta property=\"og:type\" content=\"article\" \/>\n\t\t<meta property=\"og:title\" content=\"Los protagonistas de \u00abA\u00edda\u00bb despedir\u00e1n el a\u00f1o en Telecinco - El Digital de Asturias\" \/>\n\t\t<meta property=\"og:description\" content=\"Madrid, 29 nov (EFE).- Luisma, Chema, Soraya y Barajas, es decir los actores Paco Le\u00f3n, Pepe Viyuela, Miren Ibarguren y Canco Rodr\u00edguez, protagonistas de la comedia &quot;A\u00edda&quot;, ser\u00e1n los encargados de retransmitir las campanadas de Fin de A\u00f1o en Telecinco, ha anunciado hoy la cadena. Los cuatros personajes del alocado barrio de Esperanza Sur, donde\" \/>\n\t\t<meta property=\"og:url\" content=\"https:\/\/www.eldigitaldeasturias.com\/noticias\/los-protagonistas-de-aida-despediran-el-ano-en-telecinco\/\" \/>\n\t\t<meta property=\"article:tag\" content=\"revista de ocio\" \/>\n\t\t<meta property=\"article:published_time\" content=\"2013-11-29T23:40:36+00:00\" \/>\n\t\t<meta property=\"article:modified_time\" content=\"2013-11-29T23:40:36+00:00\" \/>\n\t\t<meta property=\"article:publisher\" content=\"https:\/\/facebook.com\/eldigitaldeasturias\" \/>\n\t\t<meta name=\"twitter:card\" content=\"summary_large_image\" \/>\n\t\t<meta name=\"twitter:title\" content=\"Los protagonistas de \u00abA\u00edda\u00bb despedir\u00e1n el a\u00f1o en Telecinco - El Digital de Asturias\" \/>\n\t\t<meta name=\"twitter:description\" content=\"Madrid, 29 nov (EFE).- Luisma, Chema, Soraya y Barajas, es decir los actores Paco Le\u00f3n, Pepe Viyuela, Miren Ibarguren y Canco Rodr\u00edguez, protagonistas de la comedia &quot;A\u00edda&quot;, ser\u00e1n los encargados de retransmitir las campanadas de Fin de A\u00f1o en Telecinco, ha anunciado hoy la cadena. Los cuatros personajes del alocado barrio de Esperanza Sur, donde\" \/>\n\t\t<meta name=\"twitter:label1\" content=\"Escrito por\" \/>\n\t\t<meta name=\"twitter:data1\" content=\"El Digital de Asturias\" \/>\n\t\t<meta name=\"twitter:label2\" content=\"Tiempo de lectura estimado\" \/>\n\t\t<meta name=\"twitter:data2\" content=\"1 minuto\" \/>\n\t\t<script type=\"application\/ld+json\" class=\"aioseo-schema\">\n\t\t\t{\"@context\":\"https:\\\/\\\/schema.org\",\"@graph\":[{\"@type\":\"BlogPosting\",\"@id\":\"https:\\\/\\\/www.eldigitaldeasturias.com\\\/noticias\\\/los-protagonistas-de-aida-despediran-el-ano-en-telecinco\\\/#blogposting\",\"name\":\"Los protagonistas de \\u00abA\\u00edda\\u00bb despedir\\u00e1n el a\\u00f1o en Telecinco - El Digital de Asturias\",\"headline\":\"Los protagonistas de \\u00abA\\u00edda\\u00bb despedir\\u00e1n el a\\u00f1o en Telecinco\",\"author\":{\"@id\":\"https:\\\/\\\/www.eldigitaldeasturias.com\\\/noticias\\\/author\\\/admin\\\/#author\"},\"publisher\":{\"@id\":\"https:\\\/\\\/www.eldigitaldeasturias.com\\\/noticias\\\/#organization\"},\"image\":{\"@type\":\"ImageObject\",\"url\":455950},\"datePublished\":\"2013-11-29T22:40:36+01:00\",\"dateModified\":\"2013-11-29T22:40:36+01:00\",\"inLanguage\":\"es-ES\",\"mainEntityOfPage\":{\"@id\":\"https:\\\/\\\/www.eldigitaldeasturias.com\\\/noticias\\\/los-protagonistas-de-aida-despediran-el-ano-en-telecinco\\\/#webpage\"},\"isPartOf\":{\"@id\":\"https:\\\/\\\/www.eldigitaldeasturias.com\\\/noticias\\\/los-protagonistas-de-aida-despediran-el-ano-en-telecinco\\\/#webpage\"},\"articleSection\":\"Revista de Ocio\"},{\"@type\":\"BreadcrumbList\",\"@id\":\"https:\\\/\\\/www.eldigitaldeasturias.com\\\/noticias\\\/los-protagonistas-de-aida-despediran-el-ano-en-telecinco\\\/#breadcrumblist\",\"itemListElement\":[{\"@type\":\"ListItem\",\"@id\":\"https:\\\/\\\/www.eldigitaldeasturias.com\\\/noticias#listItem\",\"position\":1,\"name\":\"Home\",\"item\":\"https:\\\/\\\/www.eldigitaldeasturias.com\\\/noticias\",\"nextItem\":{\"@type\":\"ListItem\",\"@id\":\"https:\\\/\\\/www.eldigitaldeasturias.com\\\/noticias\\\/category\\\/revista-de-ocio\\\/#listItem\",\"name\":\"Revista de Ocio\"}},{\"@type\":\"ListItem\",\"@id\":\"https:\\\/\\\/www.eldigitaldeasturias.com\\\/noticias\\\/category\\\/revista-de-ocio\\\/#listItem\",\"position\":2,\"name\":\"Revista de Ocio\",\"item\":\"https:\\\/\\\/www.eldigitaldeasturias.com\\\/noticias\\\/category\\\/revista-de-ocio\\\/\",\"nextItem\":{\"@type\":\"ListItem\",\"@id\":\"https:\\\/\\\/www.eldigitaldeasturias.com\\\/noticias\\\/los-protagonistas-de-aida-despediran-el-ano-en-telecinco\\\/#listItem\",\"name\":\"Los protagonistas de \\u00abA\\u00edda\\u00bb despedir\\u00e1n el a\\u00f1o en Telecinco\"},\"previousItem\":{\"@type\":\"ListItem\",\"@id\":\"https:\\\/\\\/www.eldigitaldeasturias.com\\\/noticias#listItem\",\"name\":\"Home\"}},{\"@type\":\"ListItem\",\"@id\":\"https:\\\/\\\/www.eldigitaldeasturias.com\\\/noticias\\\/los-protagonistas-de-aida-despediran-el-ano-en-telecinco\\\/#listItem\",\"position\":3,\"name\":\"Los protagonistas de \\u00abA\\u00edda\\u00bb despedir\\u00e1n el a\\u00f1o en Telecinco\",\"previousItem\":{\"@type\":\"ListItem\",\"@id\":\"https:\\\/\\\/www.eldigitaldeasturias.com\\\/noticias\\\/category\\\/revista-de-ocio\\\/#listItem\",\"name\":\"Revista de Ocio\"}}]},{\"@type\":\"Organization\",\"@id\":\"https:\\\/\\\/www.eldigitaldeasturias.com\\\/noticias\\\/#organization\",\"name\":\"El Digital de Asturias\",\"description\":\"Hemeroteca\",\"url\":\"https:\\\/\\\/www.eldigitaldeasturias.com\\\/noticias\\\/\",\"email\":\"info@eldigitaldeasturias.com\",\"telephone\":\"+34652131393\",\"logo\":{\"@type\":\"ImageObject\",\"url\":\"https:\\\/\\\/www.eldigitaldeasturias.com\\\/noticias\\\/wp-content\\\/uploads\\\/2020\\\/12\\\/EDA.jpg\",\"@id\":\"https:\\\/\\\/www.eldigitaldeasturias.com\\\/noticias\\\/los-protagonistas-de-aida-despediran-el-ano-en-telecinco\\\/#organizationLogo\"},\"image\":{\"@id\":\"https:\\\/\\\/www.eldigitaldeasturias.com\\\/noticias\\\/los-protagonistas-de-aida-despediran-el-ano-en-telecinco\\\/#organizationLogo\"},\"sameAs\":[\"https:\\\/\\\/facebook.com\\\/eldigitaldeasturias\",\"https:\\\/\\\/www.youtube.com\\\/channel\\\/UCZP-2wLEB9Rv6erhFmqVnvg\"],\"address\":{\"@id\":\"https:\\\/\\\/www.eldigitaldeasturias.com\\\/noticias\\\/#postaladdress\",\"@type\":\"PostalAddress\",\"streetAddress\":\"san antonio 4\",\"postalCode\":\"33430\",\"addressLocality\":\"Cand\\u00e1s\",\"addressRegion\":\"Asturias\",\"addressCountry\":\"ES\"}},{\"@type\":\"Person\",\"@id\":\"https:\\\/\\\/www.eldigitaldeasturias.com\\\/noticias\\\/author\\\/admin\\\/#author\",\"url\":\"https:\\\/\\\/www.eldigitaldeasturias.com\\\/noticias\\\/author\\\/admin\\\/\",\"name\":\"El Digital de Asturias\",\"image\":{\"@type\":\"ImageObject\",\"@id\":\"https:\\\/\\\/www.eldigitaldeasturias.com\\\/noticias\\\/los-protagonistas-de-aida-despediran-el-ano-en-telecinco\\\/#authorImage\",\"url\":\"https:\\\/\\\/secure.gravatar.com\\\/avatar\\\/df2aeffc32bcd13f8d26072ef8a91b623d677766deac7f97ca815868cd41bf5e?s=96&d=mm&r=g\",\"width\":96,\"height\":96,\"caption\":\"El Digital de Asturias\"}},{\"@type\":\"WebPage\",\"@id\":\"https:\\\/\\\/www.eldigitaldeasturias.com\\\/noticias\\\/los-protagonistas-de-aida-despediran-el-ano-en-telecinco\\\/#webpage\",\"url\":\"https:\\\/\\\/www.eldigitaldeasturias.com\\\/noticias\\\/los-protagonistas-de-aida-despediran-el-ano-en-telecinco\\\/\",\"name\":\"Los protagonistas de \\u00abA\\u00edda\\u00bb despedir\\u00e1n el a\\u00f1o en Telecinco - El Digital de Asturias\",\"description\":\"Madrid, 29 nov (EFE).- Luisma, Chema, Soraya y Barajas, es decir los actores Paco Le\\u00f3n, Pepe Viyuela, Miren Ibarguren y Canco Rodr\\u00edguez, protagonistas de la comedia \\\"A\\u00edda\\\", ser\\u00e1n los encargados de retransmitir las campanadas de Fin de A\\u00f1o en Telecinco, ha anunciado hoy la cadena. Los cuatros personajes del alocado barrio de Esperanza Sur, donde\",\"inLanguage\":\"es-ES\",\"isPartOf\":{\"@id\":\"https:\\\/\\\/www.eldigitaldeasturias.com\\\/noticias\\\/#website\"},\"breadcrumb\":{\"@id\":\"https:\\\/\\\/www.eldigitaldeasturias.com\\\/noticias\\\/los-protagonistas-de-aida-despediran-el-ano-en-telecinco\\\/#breadcrumblist\"},\"author\":{\"@id\":\"https:\\\/\\\/www.eldigitaldeasturias.com\\\/noticias\\\/author\\\/admin\\\/#author\"},\"creator\":{\"@id\":\"https:\\\/\\\/www.eldigitaldeasturias.com\\\/noticias\\\/author\\\/admin\\\/#author\"},\"image\":{\"@type\":\"ImageObject\",\"url\":455950,\"@id\":\"https:\\\/\\\/www.eldigitaldeasturias.com\\\/noticias\\\/los-protagonistas-de-aida-despediran-el-ano-en-telecinco\\\/#mainImage\"},\"primaryImageOfPage\":{\"@id\":\"https:\\\/\\\/www.eldigitaldeasturias.com\\\/noticias\\\/los-protagonistas-de-aida-despediran-el-ano-en-telecinco\\\/#mainImage\"},\"datePublished\":\"2013-11-29T22:40:36+01:00\",\"dateModified\":\"2013-11-29T22:40:36+01:00\"},{\"@type\":\"WebSite\",\"@id\":\"https:\\\/\\\/www.eldigitaldeasturias.com\\\/noticias\\\/#website\",\"url\":\"https:\\\/\\\/www.eldigitaldeasturias.com\\\/noticias\\\/\",\"name\":\"El Digital de Asturias - Diario de actualidad y noticias\",\"alternateName\":\"El Digital de Asturias - Diario de actualidad y noticias\",\"description\":\"Hemeroteca\",\"inLanguage\":\"es-ES\",\"publisher\":{\"@id\":\"https:\\\/\\\/www.eldigitaldeasturias.com\\\/noticias\\\/#organization\"}}]}\n\t\t<\/script>\n\t\t<!-- All in One SEO Pro -->\r\n\t\t<title>Los protagonistas de \u00abA\u00edda\u00bb despedir\u00e1n el a\u00f1o en Telecinco - El Digital de Asturias<\/title>\n\n","aioseo_head_json":{"title":"Los protagonistas de \u00abA\u00edda\u00bb despedir\u00e1n el a\u00f1o en Telecinco - El Digital de Asturias","description":"Madrid, 29 nov (EFE).- Luisma, Chema, Soraya y Barajas, es decir los actores Paco Le\u00f3n, Pepe Viyuela, Miren Ibarguren y Canco Rodr\u00edguez, protagonistas de la comedia \"A\u00edda\", ser\u00e1n los encargados de retransmitir las campanadas de Fin de A\u00f1o en Telecinco, ha anunciado hoy la cadena. Los cuatros personajes del alocado barrio de Esperanza Sur, donde","canonical_url":"https:\/\/www.eldigitaldeasturias.com\/noticias\/los-protagonistas-de-aida-despediran-el-ano-en-telecinco\/","robots":"max-image-preview:large","keywords":"revista de ocio","webmasterTools":{"google-site-verification":"UA-38556648-1","msvalidate.01":"7dfe9f3f1b24437ab69f4f2559babe99","miscellaneous":""},"schema":{"@context":"https:\/\/schema.org","@graph":[{"@type":"BlogPosting","@id":"https:\/\/www.eldigitaldeasturias.com\/noticias\/los-protagonistas-de-aida-despediran-el-ano-en-telecinco\/#blogposting","name":"Los protagonistas de \u00abA\u00edda\u00bb despedir\u00e1n el a\u00f1o en Telecinco - El Digital de Asturias","headline":"Los protagonistas de \u00abA\u00edda\u00bb despedir\u00e1n el a\u00f1o en Telecinco","author":{"@id":"https:\/\/www.eldigitaldeasturias.com\/noticias\/author\/admin\/#author"},"publisher":{"@id":"https:\/\/www.eldigitaldeasturias.com\/noticias\/#organization"},"image":{"@type":"ImageObject","url":455950},"datePublished":"2013-11-29T22:40:36+01:00","dateModified":"2013-11-29T22:40:36+01:00","inLanguage":"es-ES","mainEntityOfPage":{"@id":"https:\/\/www.eldigitaldeasturias.com\/noticias\/los-protagonistas-de-aida-despediran-el-ano-en-telecinco\/#webpage"},"isPartOf":{"@id":"https:\/\/www.eldigitaldeasturias.com\/noticias\/los-protagonistas-de-aida-despediran-el-ano-en-telecinco\/#webpage"},"articleSection":"Revista de Ocio"},{"@type":"BreadcrumbList","@id":"https:\/\/www.eldigitaldeasturias.com\/noticias\/los-protagonistas-de-aida-despediran-el-ano-en-telecinco\/#breadcrumblist","itemListElement":[{"@type":"ListItem","@id":"https:\/\/www.eldigitaldeasturias.com\/noticias#listItem","position":1,"name":"Home","item":"https:\/\/www.eldigitaldeasturias.com\/noticias","nextItem":{"@type":"ListItem","@id":"https:\/\/www.eldigitaldeasturias.com\/noticias\/category\/revista-de-ocio\/#listItem","name":"Revista de Ocio"}},{"@type":"ListItem","@id":"https:\/\/www.eldigitaldeasturias.com\/noticias\/category\/revista-de-ocio\/#listItem","position":2,"name":"Revista de Ocio","item":"https:\/\/www.eldigitaldeasturias.com\/noticias\/category\/revista-de-ocio\/","nextItem":{"@type":"ListItem","@id":"https:\/\/www.eldigitaldeasturias.com\/noticias\/los-protagonistas-de-aida-despediran-el-ano-en-telecinco\/#listItem","name":"Los protagonistas de \u00abA\u00edda\u00bb despedir\u00e1n el a\u00f1o en Telecinco"},"previousItem":{"@type":"ListItem","@id":"https:\/\/www.eldigitaldeasturias.com\/noticias#listItem","name":"Home"}},{"@type":"ListItem","@id":"https:\/\/www.eldigitaldeasturias.com\/noticias\/los-protagonistas-de-aida-despediran-el-ano-en-telecinco\/#listItem","position":3,"name":"Los protagonistas de \u00abA\u00edda\u00bb despedir\u00e1n el a\u00f1o en Telecinco","previousItem":{"@type":"ListItem","@id":"https:\/\/www.eldigitaldeasturias.com\/noticias\/category\/revista-de-ocio\/#listItem","name":"Revista de Ocio"}}]},{"@type":"Organization","@id":"https:\/\/www.eldigitaldeasturias.com\/noticias\/#organization","name":"El Digital de Asturias","description":"Hemeroteca","url":"https:\/\/www.eldigitaldeasturias.com\/noticias\/","email":"info@eldigitaldeasturias.com","telephone":"+34652131393","logo":{"@type":"ImageObject","url":"https:\/\/www.eldigitaldeasturias.com\/noticias\/wp-content\/uploads\/2020\/12\/EDA.jpg","@id":"https:\/\/www.eldigitaldeasturias.com\/noticias\/los-protagonistas-de-aida-despediran-el-ano-en-telecinco\/#organizationLogo"},"image":{"@id":"https:\/\/www.eldigitaldeasturias.com\/noticias\/los-protagonistas-de-aida-despediran-el-ano-en-telecinco\/#organizationLogo"},"sameAs":["https:\/\/facebook.com\/eldigitaldeasturias","https:\/\/www.youtube.com\/channel\/UCZP-2wLEB9Rv6erhFmqVnvg"],"address":{"@id":"https:\/\/www.eldigitaldeasturias.com\/noticias\/#postaladdress","@type":"PostalAddress","streetAddress":"san antonio 4","postalCode":"33430","addressLocality":"Cand\u00e1s","addressRegion":"Asturias","addressCountry":"ES"}},{"@type":"Person","@id":"https:\/\/www.eldigitaldeasturias.com\/noticias\/author\/admin\/#author","url":"https:\/\/www.eldigitaldeasturias.com\/noticias\/author\/admin\/","name":"El Digital de Asturias","image":{"@type":"ImageObject","@id":"https:\/\/www.eldigitaldeasturias.com\/noticias\/los-protagonistas-de-aida-despediran-el-ano-en-telecinco\/#authorImage","url":"https:\/\/secure.gravatar.com\/avatar\/df2aeffc32bcd13f8d26072ef8a91b623d677766deac7f97ca815868cd41bf5e?s=96&d=mm&r=g","width":96,"height":96,"caption":"El Digital de Asturias"}},{"@type":"WebPage","@id":"https:\/\/www.eldigitaldeasturias.com\/noticias\/los-protagonistas-de-aida-despediran-el-ano-en-telecinco\/#webpage","url":"https:\/\/www.eldigitaldeasturias.com\/noticias\/los-protagonistas-de-aida-despediran-el-ano-en-telecinco\/","name":"Los protagonistas de \u00abA\u00edda\u00bb despedir\u00e1n el a\u00f1o en Telecinco - El Digital de Asturias","description":"Madrid, 29 nov (EFE).- Luisma, Chema, Soraya y Barajas, es decir los actores Paco Le\u00f3n, Pepe Viyuela, Miren Ibarguren y Canco Rodr\u00edguez, protagonistas de la comedia \"A\u00edda\", ser\u00e1n los encargados de retransmitir las campanadas de Fin de A\u00f1o en Telecinco, ha anunciado hoy la cadena. Los cuatros personajes del alocado barrio de Esperanza Sur, donde","inLanguage":"es-ES","isPartOf":{"@id":"https:\/\/www.eldigitaldeasturias.com\/noticias\/#website"},"breadcrumb":{"@id":"https:\/\/www.eldigitaldeasturias.com\/noticias\/los-protagonistas-de-aida-despediran-el-ano-en-telecinco\/#breadcrumblist"},"author":{"@id":"https:\/\/www.eldigitaldeasturias.com\/noticias\/author\/admin\/#author"},"creator":{"@id":"https:\/\/www.eldigitaldeasturias.com\/noticias\/author\/admin\/#author"},"image":{"@type":"ImageObject","url":455950,"@id":"https:\/\/www.eldigitaldeasturias.com\/noticias\/los-protagonistas-de-aida-despediran-el-ano-en-telecinco\/#mainImage"},"primaryImageOfPage":{"@id":"https:\/\/www.eldigitaldeasturias.com\/noticias\/los-protagonistas-de-aida-despediran-el-ano-en-telecinco\/#mainImage"},"datePublished":"2013-11-29T22:40:36+01:00","dateModified":"2013-11-29T22:40:36+01:00"},{"@type":"WebSite","@id":"https:\/\/www.eldigitaldeasturias.com\/noticias\/#website","url":"https:\/\/www.eldigitaldeasturias.com\/noticias\/","name":"El Digital de Asturias - Diario de actualidad y noticias","alternateName":"El Digital de Asturias - Diario de actualidad y noticias","description":"Hemeroteca","inLanguage":"es-ES","publisher":{"@id":"https:\/\/www.eldigitaldeasturias.com\/noticias\/#organization"}}]},"og:locale":"es_ES","og:site_name":"El Digital de Asturias","og:type":"article","og:title":"Los protagonistas de \u00abA\u00edda\u00bb despedir\u00e1n el a\u00f1o en Telecinco - El Digital de Asturias","og:description":"Madrid, 29 nov (EFE).- Luisma, Chema, Soraya y Barajas, es decir los actores Paco Le\u00f3n, Pepe Viyuela, Miren Ibarguren y Canco Rodr\u00edguez, protagonistas de la comedia &quot;A\u00edda&quot;, ser\u00e1n los encargados de retransmitir las campanadas de Fin de A\u00f1o en Telecinco, ha anunciado hoy la cadena. Los cuatros personajes del alocado barrio de Esperanza Sur, donde","og:url":"https:\/\/www.eldigitaldeasturias.com\/noticias\/los-protagonistas-de-aida-despediran-el-ano-en-telecinco\/","article:tag":["revista de ocio"],"article:published_time":"2013-11-29T23:40:36+00:00","article:modified_time":"2013-11-29T23:40:36+00:00","article:publisher":"https:\/\/facebook.com\/eldigitaldeasturias","twitter:card":"summary_large_image","twitter:title":"Los protagonistas de \u00abA\u00edda\u00bb despedir\u00e1n el a\u00f1o en Telecinco - El Digital de Asturias","twitter:description":"Madrid, 29 nov (EFE).- Luisma, Chema, Soraya y Barajas, es decir los actores Paco Le\u00f3n, Pepe Viyuela, Miren Ibarguren y Canco Rodr\u00edguez, protagonistas de la comedia &quot;A\u00edda&quot;, ser\u00e1n los encargados de retransmitir las campanadas de Fin de A\u00f1o en Telecinco, ha anunciado hoy la cadena. Los cuatros personajes del alocado barrio de Esperanza Sur, donde","twitter:label1":"Escrito por","twitter:data1":"El Digital de Asturias","twitter:label2":"Tiempo de lectura estimado","twitter:data2":"1 minuto"},"aioseo_meta_data":{"post_id":"455949","title":null,"description":null,"keywords":null,"keyphrases":null,"primary_term":null,"canonical_url":null,"og_title":null,"og_description":null,"og_object_type":"default","og_image_type":"default","og_image_url":null,"og_image_width":null,"og_image_height":null,"og_image_custom_url":null,"og_image_custom_fields":null,"og_video":null,"og_custom_url":null,"og_article_section":null,"og_article_tags":null,"twitter_use_og":true,"twitter_card":"default","twitter_image_type":"default","twitter_image_url":null,"twitter_image_custom_url":null,"twitter_image_custom_fields":null,"twitter_title":null,"twitter_description":null,"schema":{"blockGraphs":[],"customGraphs":[],"default":{"data":{"Article":[],"Course":[],"Dataset":[],"FAQPage":[],"Movie":[],"Person":[],"Product":[],"ProductReview":[],"Car":[],"Recipe":[],"Service":[],"SoftwareApplication":[],"WebPage":[]},"graphName":"","isEnabled":true},"graphs":[],"defaultGraph":"","defaultPostTypeGraph":""},"schema_type":null,"schema_type_options":null,"pillar_content":false,"robots_default":true,"robots_noindex":false,"robots_noarchive":false,"robots_nosnippet":false,"robots_nofollow":false,"robots_noimageindex":false,"robots_noodp":false,"robots_notranslate":false,"robots_max_snippet":null,"robots_max_videopreview":null,"robots_max_imagepreview":"none","priority":null,"frequency":null,"local_seo":null,"seo_analyzer_scan_date":"2026-05-29 20:11:51","breadcrumb_settings":null,"limit_modified_date":false,"open_ai":null,"ai":null,"created":"2020-11-14 22:45:24","updated":"2026-05-29 20:11:51","focus_keyword":null,"additional_keywords":null,"truseo_locale":null},"aioseo_breadcrumb":"<div class=\"aioseo-breadcrumbs\"><span class=\"aioseo-breadcrumb\">\n\t<a href=\"https:\/\/www.eldigitaldeasturias.com\/noticias\" title=\"Home\">Home<\/a>\n<\/span><span class=\"aioseo-breadcrumb-separator\">\u2013<\/span><span class=\"aioseo-breadcrumb\">\n\t<a href=\"https:\/\/www.eldigitaldeasturias.com\/noticias\/category\/revista-de-ocio\/\" title=\"Revista de Ocio\">Revista de Ocio<\/a>\n<\/span><span class=\"aioseo-breadcrumb-separator\">\u2013<\/span><span class=\"aioseo-breadcrumb\">\n\t<a href=\"https:\/\/www.eldigitaldeasturias.com\/noticias\/los-protagonistas-de-aida-despediran-el-ano-en-telecinco\/\" title=\"Los protagonistas de \u00abA\u00edda\u00bb despedir\u00e1n el a\u00f1o en Telecinco\">Los protagonistas de \u00abA\u00edda\u00bb despedir\u00e1n el a\u00f1o en Telecinco<\/a>\n<\/span><\/div>","aioseo_breadcrumb_json":[{"label":"Home","link":"https:\/\/www.eldigitaldeasturias.com\/noticias"},{"label":"Revista de Ocio","link":"https:\/\/www.eldigitaldeasturias.com\/noticias\/category\/revista-de-ocio\/"},{"label":"Los protagonistas de \u00abA\u00edda\u00bb despedir\u00e1n el a\u00f1o en Telecinco","link":"https:\/\/www.eldigitaldeasturias.com\/noticias\/los-protagonistas-de-aida-despediran-el-ano-en-telecinco\/"}],"_links":{"self":[{"href":"https:\/\/www.eldigitaldeasturias.com\/noticias\/wp-json\/wp\/v2\/posts\/455949","targetHints":{"allow":["GET"]}}],"collection":[{"href":"https:\/\/www.eldigitaldeasturias.com\/noticias\/wp-json\/wp\/v2\/posts"}],"about":[{"href":"https:\/\/www.eldigitaldeasturias.com\/noticias\/wp-json\/wp\/v2\/types\/post"}],"author":[{"embeddable":true,"href":"https:\/\/www.eldigitaldeasturias.com\/noticias\/wp-json\/wp\/v2\/users\/1"}],"replies":[{"embeddable":true,"href":"https:\/\/www.eldigitaldeasturias.com\/noticias\/wp-json\/wp\/v2\/comments?post=455949"}],"version-history":[{"count":0,"href":"https:\/\/www.eldigitaldeasturias.com\/noticias\/wp-json\/wp\/v2\/posts\/455949\/revisions"}],"wp:attachment":[{"href":"https:\/\/www.eldigitaldeasturias.com\/noticias\/wp-json\/wp\/v2\/media?parent=455949"}],"wp:term":[{"taxonomy":"category","embeddable":true,"href":"https:\/\/www.eldigitaldeasturias.com\/noticias\/wp-json\/wp\/v2\/categories?post=455949"},{"taxonomy":"post_tag","embeddable":true,"href":"https:\/\/www.eldigitaldeasturias.com\/noticias\/wp-json\/wp\/v2\/tags?post=455949"}],"curies":[{"name":"wp","href":"https:\/\/api.w.org\/{rel}","templated":true}]}}