{"id":455946,"date":"2013-11-29T22:36:55","date_gmt":"2013-11-29T23:36:55","guid":{"rendered":"http:\/\/www.eldigitaldeasturias.com\/noticias\/?p=455946"},"modified":"2013-11-29T22:36:55","modified_gmt":"2013-11-29T23:36:55","slug":"aleix-gordo-expone-en-tokio-junto-al-japones-tadaomi-shibuya","status":"publish","type":"post","link":"https:\/\/www.eldigitaldeasturias.com\/noticias\/aleix-gordo-expone-en-tokio-junto-al-japones-tadaomi-shibuya\/","title":{"rendered":"Aleix Gordo expone en Tokio junto al japon\u00e9s Tadaomi Shibuya"},"content":{"rendered":"<p><img loading=\"lazy\" decoding=\"async\" class=\"alignleft size-medium wp-image-455947\" alt=\"5762383w\" src=\"https:\/\/www.eldigitaldeasturias.com\/noticias\/wp-content\/uploads\/2013\/11\/5762383w-360x202.jpg\" width=\"360\" height=\"202\" \/>Tokio, 29 nov (EFE).- El ilustrador y muralista espa\u00f1ol Aleix Gordo Hostau expone desde hoy en Tokio junto al artista japon\u00e9s Tadaomi Shibuya, en lo que supone un encuentro \u00abmuy particular\u00bb entre un occidental fascinado con Jap\u00f3n y un japon\u00e9s con grandes influencias occidentales.<\/p>\n<p>La exposici\u00f3n, que se puede ver desde hoy en la galer\u00eda Midori.so, lleva por t\u00edtulo \u00abWAYO-SECCHU\u00bb, que es como los japoneses llaman a todo aquello que mezcla su cultura y la occidental.<\/p>\n<p>En la muestra cada artista expone quince serigraf\u00edas creadas exclusivamente para la ocasi\u00f3n, adem\u00e1s de un mural gigante de gran formato creado entre los dos.<\/p>\n<p>Durante la inauguraci\u00f3n realizaron adem\u00e1s un \u00ablive painting\u00bb a cuatro manos, que quedar\u00e1 expuesto en la galer\u00eda.<\/p>\n<p>Gordo Hostau, que se declara admirador desde hace muchos a\u00f1os de Shibuya, al que califica como \u00abun ilustrador y muralista bestial\u00bb, considera la oportunidad de haberle conocido y trabajado con \u00e9l como \u00abun regalazo\u00bb.<\/p>\n<p>El joven artista de Barcelona, que ha pasado un mes en la capital nipona preparando la muestra, reconoci\u00f3 a Efe que llevaba mucho tiempo preparando este viaje.<\/p>\n<p>\u00abMi relaci\u00f3n con Jap\u00f3n viene de lejos. He estudiado japon\u00e9s, caligraf\u00eda e hice Kendo (arte marcial nip\u00f3n) durante ocho a\u00f1os\u00bb, explica el ilustrador fascinado adem\u00e1s con el manga.<\/p>\n<p>En este sentido, Gordo Hostau cuenta entre sus referencias con series de televisi\u00f3n como \u00abBola de Drag\u00f3n\u00bb, \u00abuna influencia que me persigue desde la infancia\u00bb, dijo.<\/p>\n<p>A pesar de su conexi\u00f3n con lo japon\u00e9s, esta ha sido la primera vez que el reconocido admirador de ilustradores nipones como Akira Toriyama o Katsunori Ohtomo viaja al pa\u00eds del sol naciente.<\/p>\n<p>\u00abEs una sensaci\u00f3n muy extra\u00f1a. Me ha sorprendido mucho pero al mismo tiempo me siento como en casa. Creo que es de los pocos lugares del mundo, aparte de Barcelona, en los que vivir\u00eda\u00bb, cuenta el artista catal\u00e1n al hacer balance de su estancia en la capital nipona.<\/p>\n<p>A su vuelta a casa le espera una exposici\u00f3n de sus c\u00f3mics en el espacio art\u00edstico La Contra de la ciudad condal que se inaugura a mediados de diciembre.<\/p>\n<p>Adem\u00e1s, este s\u00e1bado se presentan algunas de sus obras en una exposici\u00f3n colectiva en Tiblis (Georgia) que forma parte de un ciclo itinerante de la Bienale de Santorini (Grecia).<\/p>\n","protected":false},"excerpt":{"rendered":"<p>Tokio, 29 nov (EFE).- El ilustrador y muralista espa\u00f1ol Aleix Gordo Hostau expone desde hoy en Tokio junto al artista japon\u00e9s Tadaomi Shibuya, en lo que supone un encuentro \u00abmuy particular\u00bb entre un occidental fascinado con Jap\u00f3n y un japon\u00e9s con grandes influencias occidentales. La exposici\u00f3n, que se puede ver desde hoy en la galer\u00eda [&hellip;]<\/p>\n","protected":false},"author":1,"featured_media":455947,"comment_status":"closed","ping_status":"open","sticky":false,"template":"","format":"standard","meta":{"footnotes":""},"categories":[50],"tags":[],"class_list":["post-455946","post","type-post","status-publish","format-standard","has-post-thumbnail","hentry","category-revista-de-ocio"],"aioseo_notices":[],"aioseo_head":"\n\t\t<!-- All in One SEO Pro 5.0.1 - aioseo.com -->\n\t<meta name=\"description\" content=\"Tokio, 29 nov (EFE).- El ilustrador y muralista espa\u00f1ol Aleix Gordo Hostau expone desde hoy en Tokio junto al artista japon\u00e9s Tadaomi Shibuya, en lo que supone un encuentro &quot;muy particular&quot; entre un occidental fascinado con Jap\u00f3n y un japon\u00e9s con grandes influencias occidentales. La exposici\u00f3n, que se puede ver desde hoy en la galer\u00eda\" \/>\n\t<meta name=\"robots\" content=\"max-image-preview:large\" \/>\n\t<meta name=\"author\" content=\"El Digital de Asturias\"\/>\n\t<meta name=\"google-site-verification\" content=\"UA-38556648-1\" \/>\n\t<meta name=\"msvalidate.01\" content=\"7dfe9f3f1b24437ab69f4f2559babe99\" \/>\n\t<meta name=\"keywords\" content=\"revista de ocio\" \/>\n\t<link rel=\"canonical\" href=\"https:\/\/www.eldigitaldeasturias.com\/noticias\/aleix-gordo-expone-en-tokio-junto-al-japones-tadaomi-shibuya\/\" \/>\n\t<meta name=\"generator\" content=\"All in One SEO Pro (AIOSEO) 5.0.1\" \/>\n\t\t<meta property=\"og:locale\" content=\"es_ES\" \/>\n\t\t<meta property=\"og:site_name\" content=\"El Digital de Asturias\" \/>\n\t\t<meta property=\"og:type\" content=\"article\" \/>\n\t\t<meta property=\"og:title\" content=\"Aleix Gordo expone en Tokio junto al japon\u00e9s Tadaomi Shibuya - El Digital de Asturias\" \/>\n\t\t<meta property=\"og:description\" content=\"Tokio, 29 nov (EFE).- El ilustrador y muralista espa\u00f1ol Aleix Gordo Hostau expone desde hoy en Tokio junto al artista japon\u00e9s Tadaomi Shibuya, en lo que supone un encuentro &quot;muy particular&quot; entre un occidental fascinado con Jap\u00f3n y un japon\u00e9s con grandes influencias occidentales. La exposici\u00f3n, que se puede ver desde hoy en la galer\u00eda\" \/>\n\t\t<meta property=\"og:url\" content=\"https:\/\/www.eldigitaldeasturias.com\/noticias\/aleix-gordo-expone-en-tokio-junto-al-japones-tadaomi-shibuya\/\" \/>\n\t\t<meta property=\"article:tag\" content=\"revista de ocio\" \/>\n\t\t<meta property=\"article:published_time\" content=\"2013-11-29T23:36:55+00:00\" \/>\n\t\t<meta property=\"article:modified_time\" content=\"2013-11-29T23:36:55+00:00\" \/>\n\t\t<meta property=\"article:publisher\" content=\"https:\/\/facebook.com\/eldigitaldeasturias\" \/>\n\t\t<meta name=\"twitter:card\" content=\"summary_large_image\" \/>\n\t\t<meta name=\"twitter:title\" content=\"Aleix Gordo expone en Tokio junto al japon\u00e9s Tadaomi Shibuya - El Digital de Asturias\" \/>\n\t\t<meta name=\"twitter:description\" content=\"Tokio, 29 nov (EFE).- El ilustrador y muralista espa\u00f1ol Aleix Gordo Hostau expone desde hoy en Tokio junto al artista japon\u00e9s Tadaomi Shibuya, en lo que supone un encuentro &quot;muy particular&quot; entre un occidental fascinado con Jap\u00f3n y un japon\u00e9s con grandes influencias occidentales. La exposici\u00f3n, que se puede ver desde hoy en la galer\u00eda\" \/>\n\t\t<meta name=\"twitter:label1\" content=\"Escrito por\" \/>\n\t\t<meta name=\"twitter:data1\" content=\"El Digital de Asturias\" \/>\n\t\t<meta name=\"twitter:label2\" content=\"Tiempo de lectura estimado\" \/>\n\t\t<meta name=\"twitter:data2\" content=\"2 minutos\" \/>\n\t\t<script type=\"application\/ld+json\" class=\"aioseo-schema\">\n\t\t\t{\"@context\":\"https:\\\/\\\/schema.org\",\"@graph\":[{\"@type\":\"BlogPosting\",\"@id\":\"https:\\\/\\\/www.eldigitaldeasturias.com\\\/noticias\\\/aleix-gordo-expone-en-tokio-junto-al-japones-tadaomi-shibuya\\\/#blogposting\",\"name\":\"Aleix Gordo expone en Tokio junto al japon\\u00e9s Tadaomi Shibuya - El Digital de Asturias\",\"headline\":\"Aleix Gordo expone en Tokio junto al japon\\u00e9s Tadaomi Shibuya\",\"author\":{\"@id\":\"https:\\\/\\\/www.eldigitaldeasturias.com\\\/noticias\\\/author\\\/admin\\\/#author\"},\"publisher\":{\"@id\":\"https:\\\/\\\/www.eldigitaldeasturias.com\\\/noticias\\\/#organization\"},\"image\":{\"@type\":\"ImageObject\",\"url\":455947},\"datePublished\":\"2013-11-29T22:36:55+01:00\",\"dateModified\":\"2013-11-29T22:36:55+01:00\",\"inLanguage\":\"es-ES\",\"mainEntityOfPage\":{\"@id\":\"https:\\\/\\\/www.eldigitaldeasturias.com\\\/noticias\\\/aleix-gordo-expone-en-tokio-junto-al-japones-tadaomi-shibuya\\\/#webpage\"},\"isPartOf\":{\"@id\":\"https:\\\/\\\/www.eldigitaldeasturias.com\\\/noticias\\\/aleix-gordo-expone-en-tokio-junto-al-japones-tadaomi-shibuya\\\/#webpage\"},\"articleSection\":\"Revista de Ocio\"},{\"@type\":\"BreadcrumbList\",\"@id\":\"https:\\\/\\\/www.eldigitaldeasturias.com\\\/noticias\\\/aleix-gordo-expone-en-tokio-junto-al-japones-tadaomi-shibuya\\\/#breadcrumblist\",\"itemListElement\":[{\"@type\":\"ListItem\",\"@id\":\"https:\\\/\\\/www.eldigitaldeasturias.com\\\/noticias#listItem\",\"position\":1,\"name\":\"Home\",\"item\":\"https:\\\/\\\/www.eldigitaldeasturias.com\\\/noticias\",\"nextItem\":{\"@type\":\"ListItem\",\"@id\":\"https:\\\/\\\/www.eldigitaldeasturias.com\\\/noticias\\\/category\\\/revista-de-ocio\\\/#listItem\",\"name\":\"Revista de Ocio\"}},{\"@type\":\"ListItem\",\"@id\":\"https:\\\/\\\/www.eldigitaldeasturias.com\\\/noticias\\\/category\\\/revista-de-ocio\\\/#listItem\",\"position\":2,\"name\":\"Revista de Ocio\",\"item\":\"https:\\\/\\\/www.eldigitaldeasturias.com\\\/noticias\\\/category\\\/revista-de-ocio\\\/\",\"nextItem\":{\"@type\":\"ListItem\",\"@id\":\"https:\\\/\\\/www.eldigitaldeasturias.com\\\/noticias\\\/aleix-gordo-expone-en-tokio-junto-al-japones-tadaomi-shibuya\\\/#listItem\",\"name\":\"Aleix Gordo expone en Tokio junto al japon\\u00e9s Tadaomi Shibuya\"},\"previousItem\":{\"@type\":\"ListItem\",\"@id\":\"https:\\\/\\\/www.eldigitaldeasturias.com\\\/noticias#listItem\",\"name\":\"Home\"}},{\"@type\":\"ListItem\",\"@id\":\"https:\\\/\\\/www.eldigitaldeasturias.com\\\/noticias\\\/aleix-gordo-expone-en-tokio-junto-al-japones-tadaomi-shibuya\\\/#listItem\",\"position\":3,\"name\":\"Aleix Gordo expone en Tokio junto al japon\\u00e9s Tadaomi Shibuya\",\"previousItem\":{\"@type\":\"ListItem\",\"@id\":\"https:\\\/\\\/www.eldigitaldeasturias.com\\\/noticias\\\/category\\\/revista-de-ocio\\\/#listItem\",\"name\":\"Revista de Ocio\"}}]},{\"@type\":\"Organization\",\"@id\":\"https:\\\/\\\/www.eldigitaldeasturias.com\\\/noticias\\\/#organization\",\"name\":\"El Digital de Asturias\",\"description\":\"Hemeroteca\",\"url\":\"https:\\\/\\\/www.eldigitaldeasturias.com\\\/noticias\\\/\",\"email\":\"info@eldigitaldeasturias.com\",\"telephone\":\"+34652131393\",\"logo\":{\"@type\":\"ImageObject\",\"url\":\"https:\\\/\\\/www.eldigitaldeasturias.com\\\/noticias\\\/wp-content\\\/uploads\\\/2020\\\/12\\\/EDA.jpg\",\"@id\":\"https:\\\/\\\/www.eldigitaldeasturias.com\\\/noticias\\\/aleix-gordo-expone-en-tokio-junto-al-japones-tadaomi-shibuya\\\/#organizationLogo\"},\"image\":{\"@id\":\"https:\\\/\\\/www.eldigitaldeasturias.com\\\/noticias\\\/aleix-gordo-expone-en-tokio-junto-al-japones-tadaomi-shibuya\\\/#organizationLogo\"},\"sameAs\":[\"https:\\\/\\\/facebook.com\\\/eldigitaldeasturias\",\"https:\\\/\\\/www.youtube.com\\\/channel\\\/UCZP-2wLEB9Rv6erhFmqVnvg\"],\"address\":{\"@id\":\"https:\\\/\\\/www.eldigitaldeasturias.com\\\/noticias\\\/#postaladdress\",\"@type\":\"PostalAddress\",\"streetAddress\":\"san antonio 4\",\"postalCode\":\"33430\",\"addressLocality\":\"Cand\\u00e1s\",\"addressRegion\":\"Asturias\",\"addressCountry\":\"ES\"}},{\"@type\":\"Person\",\"@id\":\"https:\\\/\\\/www.eldigitaldeasturias.com\\\/noticias\\\/author\\\/admin\\\/#author\",\"url\":\"https:\\\/\\\/www.eldigitaldeasturias.com\\\/noticias\\\/author\\\/admin\\\/\",\"name\":\"El Digital de Asturias\",\"image\":{\"@type\":\"ImageObject\",\"@id\":\"https:\\\/\\\/www.eldigitaldeasturias.com\\\/noticias\\\/aleix-gordo-expone-en-tokio-junto-al-japones-tadaomi-shibuya\\\/#authorImage\",\"url\":\"https:\\\/\\\/secure.gravatar.com\\\/avatar\\\/df2aeffc32bcd13f8d26072ef8a91b623d677766deac7f97ca815868cd41bf5e?s=96&d=mm&r=g\",\"width\":96,\"height\":96,\"caption\":\"El Digital de Asturias\"}},{\"@type\":\"WebPage\",\"@id\":\"https:\\\/\\\/www.eldigitaldeasturias.com\\\/noticias\\\/aleix-gordo-expone-en-tokio-junto-al-japones-tadaomi-shibuya\\\/#webpage\",\"url\":\"https:\\\/\\\/www.eldigitaldeasturias.com\\\/noticias\\\/aleix-gordo-expone-en-tokio-junto-al-japones-tadaomi-shibuya\\\/\",\"name\":\"Aleix Gordo expone en Tokio junto al japon\\u00e9s Tadaomi Shibuya - El Digital de Asturias\",\"description\":\"Tokio, 29 nov (EFE).- El ilustrador y muralista espa\\u00f1ol Aleix Gordo Hostau expone desde hoy en Tokio junto al artista japon\\u00e9s Tadaomi Shibuya, en lo que supone un encuentro \\\"muy particular\\\" entre un occidental fascinado con Jap\\u00f3n y un japon\\u00e9s con grandes influencias occidentales. La exposici\\u00f3n, que se puede ver desde hoy en la galer\\u00eda\",\"inLanguage\":\"es-ES\",\"isPartOf\":{\"@id\":\"https:\\\/\\\/www.eldigitaldeasturias.com\\\/noticias\\\/#website\"},\"breadcrumb\":{\"@id\":\"https:\\\/\\\/www.eldigitaldeasturias.com\\\/noticias\\\/aleix-gordo-expone-en-tokio-junto-al-japones-tadaomi-shibuya\\\/#breadcrumblist\"},\"author\":{\"@id\":\"https:\\\/\\\/www.eldigitaldeasturias.com\\\/noticias\\\/author\\\/admin\\\/#author\"},\"creator\":{\"@id\":\"https:\\\/\\\/www.eldigitaldeasturias.com\\\/noticias\\\/author\\\/admin\\\/#author\"},\"image\":{\"@type\":\"ImageObject\",\"url\":455947,\"@id\":\"https:\\\/\\\/www.eldigitaldeasturias.com\\\/noticias\\\/aleix-gordo-expone-en-tokio-junto-al-japones-tadaomi-shibuya\\\/#mainImage\"},\"primaryImageOfPage\":{\"@id\":\"https:\\\/\\\/www.eldigitaldeasturias.com\\\/noticias\\\/aleix-gordo-expone-en-tokio-junto-al-japones-tadaomi-shibuya\\\/#mainImage\"},\"datePublished\":\"2013-11-29T22:36:55+01:00\",\"dateModified\":\"2013-11-29T22:36:55+01:00\"},{\"@type\":\"WebSite\",\"@id\":\"https:\\\/\\\/www.eldigitaldeasturias.com\\\/noticias\\\/#website\",\"url\":\"https:\\\/\\\/www.eldigitaldeasturias.com\\\/noticias\\\/\",\"name\":\"El Digital de Asturias - Diario de actualidad y noticias\",\"alternateName\":\"El Digital de Asturias - Diario de actualidad y noticias\",\"description\":\"Hemeroteca\",\"inLanguage\":\"es-ES\",\"publisher\":{\"@id\":\"https:\\\/\\\/www.eldigitaldeasturias.com\\\/noticias\\\/#organization\"}}]}\n\t\t<\/script>\n\t\t<!-- All in One SEO Pro -->\r\n\t\t<title>Aleix Gordo expone en Tokio junto al japon\u00e9s Tadaomi Shibuya - El Digital de Asturias<\/title>\n\n","aioseo_head_json":{"title":"Aleix Gordo expone en Tokio junto al japon\u00e9s Tadaomi Shibuya - El Digital de Asturias","description":"Tokio, 29 nov (EFE).- El ilustrador y muralista espa\u00f1ol Aleix Gordo Hostau expone desde hoy en Tokio junto al artista japon\u00e9s Tadaomi Shibuya, en lo que supone un encuentro \"muy particular\" entre un occidental fascinado con Jap\u00f3n y un japon\u00e9s con grandes influencias occidentales. La exposici\u00f3n, que se puede ver desde hoy en la galer\u00eda","canonical_url":"https:\/\/www.eldigitaldeasturias.com\/noticias\/aleix-gordo-expone-en-tokio-junto-al-japones-tadaomi-shibuya\/","robots":"max-image-preview:large","keywords":"revista de ocio","webmasterTools":{"google-site-verification":"UA-38556648-1","msvalidate.01":"7dfe9f3f1b24437ab69f4f2559babe99","miscellaneous":""},"schema":{"@context":"https:\/\/schema.org","@graph":[{"@type":"BlogPosting","@id":"https:\/\/www.eldigitaldeasturias.com\/noticias\/aleix-gordo-expone-en-tokio-junto-al-japones-tadaomi-shibuya\/#blogposting","name":"Aleix Gordo expone en Tokio junto al japon\u00e9s Tadaomi Shibuya - El Digital de Asturias","headline":"Aleix Gordo expone en Tokio junto al japon\u00e9s Tadaomi Shibuya","author":{"@id":"https:\/\/www.eldigitaldeasturias.com\/noticias\/author\/admin\/#author"},"publisher":{"@id":"https:\/\/www.eldigitaldeasturias.com\/noticias\/#organization"},"image":{"@type":"ImageObject","url":455947},"datePublished":"2013-11-29T22:36:55+01:00","dateModified":"2013-11-29T22:36:55+01:00","inLanguage":"es-ES","mainEntityOfPage":{"@id":"https:\/\/www.eldigitaldeasturias.com\/noticias\/aleix-gordo-expone-en-tokio-junto-al-japones-tadaomi-shibuya\/#webpage"},"isPartOf":{"@id":"https:\/\/www.eldigitaldeasturias.com\/noticias\/aleix-gordo-expone-en-tokio-junto-al-japones-tadaomi-shibuya\/#webpage"},"articleSection":"Revista de Ocio"},{"@type":"BreadcrumbList","@id":"https:\/\/www.eldigitaldeasturias.com\/noticias\/aleix-gordo-expone-en-tokio-junto-al-japones-tadaomi-shibuya\/#breadcrumblist","itemListElement":[{"@type":"ListItem","@id":"https:\/\/www.eldigitaldeasturias.com\/noticias#listItem","position":1,"name":"Home","item":"https:\/\/www.eldigitaldeasturias.com\/noticias","nextItem":{"@type":"ListItem","@id":"https:\/\/www.eldigitaldeasturias.com\/noticias\/category\/revista-de-ocio\/#listItem","name":"Revista de Ocio"}},{"@type":"ListItem","@id":"https:\/\/www.eldigitaldeasturias.com\/noticias\/category\/revista-de-ocio\/#listItem","position":2,"name":"Revista de Ocio","item":"https:\/\/www.eldigitaldeasturias.com\/noticias\/category\/revista-de-ocio\/","nextItem":{"@type":"ListItem","@id":"https:\/\/www.eldigitaldeasturias.com\/noticias\/aleix-gordo-expone-en-tokio-junto-al-japones-tadaomi-shibuya\/#listItem","name":"Aleix Gordo expone en Tokio junto al japon\u00e9s Tadaomi Shibuya"},"previousItem":{"@type":"ListItem","@id":"https:\/\/www.eldigitaldeasturias.com\/noticias#listItem","name":"Home"}},{"@type":"ListItem","@id":"https:\/\/www.eldigitaldeasturias.com\/noticias\/aleix-gordo-expone-en-tokio-junto-al-japones-tadaomi-shibuya\/#listItem","position":3,"name":"Aleix Gordo expone en Tokio junto al japon\u00e9s Tadaomi Shibuya","previousItem":{"@type":"ListItem","@id":"https:\/\/www.eldigitaldeasturias.com\/noticias\/category\/revista-de-ocio\/#listItem","name":"Revista de Ocio"}}]},{"@type":"Organization","@id":"https:\/\/www.eldigitaldeasturias.com\/noticias\/#organization","name":"El Digital de Asturias","description":"Hemeroteca","url":"https:\/\/www.eldigitaldeasturias.com\/noticias\/","email":"info@eldigitaldeasturias.com","telephone":"+34652131393","logo":{"@type":"ImageObject","url":"https:\/\/www.eldigitaldeasturias.com\/noticias\/wp-content\/uploads\/2020\/12\/EDA.jpg","@id":"https:\/\/www.eldigitaldeasturias.com\/noticias\/aleix-gordo-expone-en-tokio-junto-al-japones-tadaomi-shibuya\/#organizationLogo"},"image":{"@id":"https:\/\/www.eldigitaldeasturias.com\/noticias\/aleix-gordo-expone-en-tokio-junto-al-japones-tadaomi-shibuya\/#organizationLogo"},"sameAs":["https:\/\/facebook.com\/eldigitaldeasturias","https:\/\/www.youtube.com\/channel\/UCZP-2wLEB9Rv6erhFmqVnvg"],"address":{"@id":"https:\/\/www.eldigitaldeasturias.com\/noticias\/#postaladdress","@type":"PostalAddress","streetAddress":"san antonio 4","postalCode":"33430","addressLocality":"Cand\u00e1s","addressRegion":"Asturias","addressCountry":"ES"}},{"@type":"Person","@id":"https:\/\/www.eldigitaldeasturias.com\/noticias\/author\/admin\/#author","url":"https:\/\/www.eldigitaldeasturias.com\/noticias\/author\/admin\/","name":"El Digital de Asturias","image":{"@type":"ImageObject","@id":"https:\/\/www.eldigitaldeasturias.com\/noticias\/aleix-gordo-expone-en-tokio-junto-al-japones-tadaomi-shibuya\/#authorImage","url":"https:\/\/secure.gravatar.com\/avatar\/df2aeffc32bcd13f8d26072ef8a91b623d677766deac7f97ca815868cd41bf5e?s=96&d=mm&r=g","width":96,"height":96,"caption":"El Digital de Asturias"}},{"@type":"WebPage","@id":"https:\/\/www.eldigitaldeasturias.com\/noticias\/aleix-gordo-expone-en-tokio-junto-al-japones-tadaomi-shibuya\/#webpage","url":"https:\/\/www.eldigitaldeasturias.com\/noticias\/aleix-gordo-expone-en-tokio-junto-al-japones-tadaomi-shibuya\/","name":"Aleix Gordo expone en Tokio junto al japon\u00e9s Tadaomi Shibuya - El Digital de Asturias","description":"Tokio, 29 nov (EFE).- El ilustrador y muralista espa\u00f1ol Aleix Gordo Hostau expone desde hoy en Tokio junto al artista japon\u00e9s Tadaomi Shibuya, en lo que supone un encuentro \"muy particular\" entre un occidental fascinado con Jap\u00f3n y un japon\u00e9s con grandes influencias occidentales. La exposici\u00f3n, que se puede ver desde hoy en la galer\u00eda","inLanguage":"es-ES","isPartOf":{"@id":"https:\/\/www.eldigitaldeasturias.com\/noticias\/#website"},"breadcrumb":{"@id":"https:\/\/www.eldigitaldeasturias.com\/noticias\/aleix-gordo-expone-en-tokio-junto-al-japones-tadaomi-shibuya\/#breadcrumblist"},"author":{"@id":"https:\/\/www.eldigitaldeasturias.com\/noticias\/author\/admin\/#author"},"creator":{"@id":"https:\/\/www.eldigitaldeasturias.com\/noticias\/author\/admin\/#author"},"image":{"@type":"ImageObject","url":455947,"@id":"https:\/\/www.eldigitaldeasturias.com\/noticias\/aleix-gordo-expone-en-tokio-junto-al-japones-tadaomi-shibuya\/#mainImage"},"primaryImageOfPage":{"@id":"https:\/\/www.eldigitaldeasturias.com\/noticias\/aleix-gordo-expone-en-tokio-junto-al-japones-tadaomi-shibuya\/#mainImage"},"datePublished":"2013-11-29T22:36:55+01:00","dateModified":"2013-11-29T22:36:55+01:00"},{"@type":"WebSite","@id":"https:\/\/www.eldigitaldeasturias.com\/noticias\/#website","url":"https:\/\/www.eldigitaldeasturias.com\/noticias\/","name":"El Digital de Asturias - Diario de actualidad y noticias","alternateName":"El Digital de Asturias - Diario de actualidad y noticias","description":"Hemeroteca","inLanguage":"es-ES","publisher":{"@id":"https:\/\/www.eldigitaldeasturias.com\/noticias\/#organization"}}]},"og:locale":"es_ES","og:site_name":"El Digital de Asturias","og:type":"article","og:title":"Aleix Gordo expone en Tokio junto al japon\u00e9s Tadaomi Shibuya - El Digital de Asturias","og:description":"Tokio, 29 nov (EFE).- El ilustrador y muralista espa\u00f1ol Aleix Gordo Hostau expone desde hoy en Tokio junto al artista japon\u00e9s Tadaomi Shibuya, en lo que supone un encuentro &quot;muy particular&quot; entre un occidental fascinado con Jap\u00f3n y un japon\u00e9s con grandes influencias occidentales. La exposici\u00f3n, que se puede ver desde hoy en la galer\u00eda","og:url":"https:\/\/www.eldigitaldeasturias.com\/noticias\/aleix-gordo-expone-en-tokio-junto-al-japones-tadaomi-shibuya\/","article:tag":["revista de ocio"],"article:published_time":"2013-11-29T23:36:55+00:00","article:modified_time":"2013-11-29T23:36:55+00:00","article:publisher":"https:\/\/facebook.com\/eldigitaldeasturias","twitter:card":"summary_large_image","twitter:title":"Aleix Gordo expone en Tokio junto al japon\u00e9s Tadaomi Shibuya - El Digital de Asturias","twitter:description":"Tokio, 29 nov (EFE).- El ilustrador y muralista espa\u00f1ol Aleix Gordo Hostau expone desde hoy en Tokio junto al artista japon\u00e9s Tadaomi Shibuya, en lo que supone un encuentro &quot;muy particular&quot; entre un occidental fascinado con Jap\u00f3n y un japon\u00e9s con grandes influencias occidentales. La exposici\u00f3n, que se puede ver desde hoy en la galer\u00eda","twitter:label1":"Escrito por","twitter:data1":"El Digital de Asturias","twitter:label2":"Tiempo de lectura estimado","twitter:data2":"2 minutos"},"aioseo_meta_data":{"post_id":"455946","title":null,"description":null,"keywords":null,"keyphrases":null,"primary_term":null,"canonical_url":null,"og_title":null,"og_description":null,"og_object_type":"default","og_image_type":"default","og_image_url":null,"og_image_width":null,"og_image_height":null,"og_image_custom_url":null,"og_image_custom_fields":null,"og_video":null,"og_custom_url":null,"og_article_section":null,"og_article_tags":null,"twitter_use_og":true,"twitter_card":"default","twitter_image_type":"default","twitter_image_url":null,"twitter_image_custom_url":null,"twitter_image_custom_fields":null,"twitter_title":null,"twitter_description":null,"schema":{"blockGraphs":[],"customGraphs":[],"default":{"data":{"Article":[],"Course":[],"Dataset":[],"FAQPage":[],"Movie":[],"Person":[],"Product":[],"ProductReview":[],"Car":[],"Recipe":[],"Service":[],"SoftwareApplication":[],"WebPage":[]},"graphName":"","isEnabled":true},"graphs":[],"defaultGraph":"","defaultPostTypeGraph":""},"schema_type":null,"schema_type_options":null,"pillar_content":false,"robots_default":true,"robots_noindex":false,"robots_noarchive":false,"robots_nosnippet":false,"robots_nofollow":false,"robots_noimageindex":false,"robots_noodp":false,"robots_notranslate":false,"robots_max_snippet":null,"robots_max_videopreview":null,"robots_max_imagepreview":"none","priority":null,"frequency":null,"local_seo":null,"seo_analyzer_scan_date":"2026-05-29 20:11:50","breadcrumb_settings":null,"limit_modified_date":false,"open_ai":null,"ai":null,"created":"2020-11-14 22:45:24","updated":"2026-05-29 20:11:50","focus_keyword":null,"additional_keywords":null,"truseo_locale":null},"aioseo_breadcrumb":"<div class=\"aioseo-breadcrumbs\"><span class=\"aioseo-breadcrumb\">\n\t<a href=\"https:\/\/www.eldigitaldeasturias.com\/noticias\" title=\"Home\">Home<\/a>\n<\/span><span class=\"aioseo-breadcrumb-separator\">\u2013<\/span><span class=\"aioseo-breadcrumb\">\n\t<a href=\"https:\/\/www.eldigitaldeasturias.com\/noticias\/category\/revista-de-ocio\/\" title=\"Revista de Ocio\">Revista de Ocio<\/a>\n<\/span><span class=\"aioseo-breadcrumb-separator\">\u2013<\/span><span class=\"aioseo-breadcrumb\">\n\t<a href=\"https:\/\/www.eldigitaldeasturias.com\/noticias\/aleix-gordo-expone-en-tokio-junto-al-japones-tadaomi-shibuya\/\" title=\"Aleix Gordo expone en Tokio junto al japon\u00e9s Tadaomi Shibuya\">Aleix Gordo expone en Tokio junto al japon\u00e9s Tadaomi Shibuya<\/a>\n<\/span><\/div>","aioseo_breadcrumb_json":[{"label":"Home","link":"https:\/\/www.eldigitaldeasturias.com\/noticias"},{"label":"Revista de Ocio","link":"https:\/\/www.eldigitaldeasturias.com\/noticias\/category\/revista-de-ocio\/"},{"label":"Aleix Gordo expone en Tokio junto al japon\u00e9s Tadaomi Shibuya","link":"https:\/\/www.eldigitaldeasturias.com\/noticias\/aleix-gordo-expone-en-tokio-junto-al-japones-tadaomi-shibuya\/"}],"_links":{"self":[{"href":"https:\/\/www.eldigitaldeasturias.com\/noticias\/wp-json\/wp\/v2\/posts\/455946","targetHints":{"allow":["GET"]}}],"collection":[{"href":"https:\/\/www.eldigitaldeasturias.com\/noticias\/wp-json\/wp\/v2\/posts"}],"about":[{"href":"https:\/\/www.eldigitaldeasturias.com\/noticias\/wp-json\/wp\/v2\/types\/post"}],"author":[{"embeddable":true,"href":"https:\/\/www.eldigitaldeasturias.com\/noticias\/wp-json\/wp\/v2\/users\/1"}],"replies":[{"embeddable":true,"href":"https:\/\/www.eldigitaldeasturias.com\/noticias\/wp-json\/wp\/v2\/comments?post=455946"}],"version-history":[{"count":0,"href":"https:\/\/www.eldigitaldeasturias.com\/noticias\/wp-json\/wp\/v2\/posts\/455946\/revisions"}],"wp:attachment":[{"href":"https:\/\/www.eldigitaldeasturias.com\/noticias\/wp-json\/wp\/v2\/media?parent=455946"}],"wp:term":[{"taxonomy":"category","embeddable":true,"href":"https:\/\/www.eldigitaldeasturias.com\/noticias\/wp-json\/wp\/v2\/categories?post=455946"},{"taxonomy":"post_tag","embeddable":true,"href":"https:\/\/www.eldigitaldeasturias.com\/noticias\/wp-json\/wp\/v2\/tags?post=455946"}],"curies":[{"name":"wp","href":"https:\/\/api.w.org\/{rel}","templated":true}]}}