{"id":455943,"date":"2013-11-29T22:35:01","date_gmt":"2013-11-29T23:35:01","guid":{"rendered":"http:\/\/www.eldigitaldeasturias.com\/noticias\/?p=455943"},"modified":"2013-12-05T21:50:10","modified_gmt":"2013-12-05T22:50:10","slug":"el-principito-un-montaje-familiar-para-abrir-el-corazon-esta-navidad","status":"publish","type":"post","link":"https:\/\/www.eldigitaldeasturias.com\/noticias\/el-principito-un-montaje-familiar-para-abrir-el-corazon-esta-navidad\/","title":{"rendered":"\u00abEl Principito\u00bb, un montaje familiar para abrir el coraz\u00f3n esta Navidad"},"content":{"rendered":"<p><img loading=\"lazy\" decoding=\"async\" class=\"alignleft size-medium wp-image-455944\" alt=\"5762371w\" src=\"https:\/\/www.eldigitaldeasturias.com\/noticias\/wp-content\/uploads\/2013\/11\/5762371w-360x239.jpg\" width=\"360\" height=\"239\" \/>Madrid, 29 nov (EFE).- El ni\u00f1o interior resurge en los escenarios de Madrid con la adaptaci\u00f3n de \u00abEl Principito\u00bb, obra del escritor franc\u00e9s Antoine de Saint-Exup\u00e9ry y que el director Sergio S\u00e1ldez llevar\u00e1 al Teatro Marquina, desde ma\u00f1ana y hasta el pr\u00f3ximo cinco de enero, para recordar que tambi\u00e9n hay que sentir con el coraz\u00f3n.<\/p>\n<p>\u00abLlevamos al teatro un cuento narrado por un ni\u00f1o, pero con un mensaje muy adulto que hoy se mantiene intacto\u00bb, ha declarado hoy S\u00e1ldez en una entrevista con Efe.<\/p>\n<p>Saint-Exup\u00e9ry escribi\u00f3 \u00abEl Principito\u00bb en 1944, coincidiendo con el \u00faltimo periodo de la Segunda Guerra Mundial. Desde entonces, este texto ha trasladado el mensaje de que \u00ablo esencial es invisible a los ojos\u00bb generaci\u00f3n tras generaci\u00f3n.<\/p>\n<p>Ahora, esta misiva llega en formato de producci\u00f3n teatral para abrir las mentes de los m\u00e1s peque\u00f1os, pero tambi\u00e9n la de sus padres y abuelos con una actuaci\u00f3n familiar, llena de color y dedicada a todos los p\u00fablicos.<\/p>\n<p>\u00abLos m\u00e1s peque\u00f1os se quedar\u00e1n con los juegos est\u00e9ticos y la pl\u00e1stica, mientras que los m\u00e1s adultos sacar\u00e1n sus propias conclusiones\u00bb, ha destacado el protagonista de la obra, Alberto Arcos, que ha reconocido sentirse muy identificado con su personaje.<\/p>\n<p>\u00abEs un ni\u00f1o muy inquieto, con un esp\u00edritu muy libre, siempre queriendo aprender y en busca de respuestas\u00bb, ha explicado el int\u00e9rprete.<\/p>\n<p>Arcos comparte escenario con los actores Jes\u00fas Amate, Ana Jos\u00e9 B\u00f3veda, Kiko Guti\u00e9rrez y M\u00f3nica Bilbao que se han enfundado en unos \u00abm\u00e1gicos\u00bb trajes, fieles a los bocetos dise\u00f1ados por Saint-Exup\u00e9ry.<\/p>\n<p>Un vestuario dotado de fantas\u00eda y pigmentaci\u00f3n, en el que medias m\u00e1scaras cubren unas caras repletas de barbas y cejas de color, fijar\u00e1 la atenci\u00f3n de la retina de los m\u00e1s peque\u00f1os.<\/p>\n<p>\u00abLas m\u00e1scaras siempre parecen que quitan expresividad pero en este caso ocurre lo contrario\u00bb, ha se\u00f1alado Arcos, que ha destacado el sencillo montaje sobre el escenario.<\/p>\n<p>\u00abEl texto es tan bueno que la escena es muy simple. Tan solo jugamos con un planeta, un avi\u00f3n y una atm\u00f3sfera de luces\u00bb, ha continuado el director.<\/p>\n<p>De este modo, el ambiente se llena de color seg\u00fan el espacio en el que el relato se encuentre y los mundos se suceden en un curioso viaje hacia las ra\u00edces del ser humano.<\/p>\n<p>Adem\u00e1s, este espect\u00e1culo ha incorporado el empleo de material audiovisual y un v\u00eddeo construye las escenas m\u00e1s complejas y que exploran el universo, para despu\u00e9s \u00abregresar a la realidad\u00bb.<\/p>\n<p>Diversos peluches, al estilo \u00abmuppet\u00bb, concentran la acci\u00f3n en las escenas de tierra y dotan de energ\u00eda un espect\u00e1culo \u00abm\u00e1s fresco y canalla\u00bb, alejado del aspecto metaf\u00edsico original del texto.<\/p>\n<p>\u00abEl Principito\u00bb llega as\u00ed al teatro con una obra en el que el color y la est\u00e9tica se funden con un mensaje de fraternidad, escrito hace ya siete d\u00e9cadas pero que hoy contin\u00faa tan vigente como entonces.<\/p>\n","protected":false},"excerpt":{"rendered":"<p>Madrid, 29 nov (EFE).- El ni\u00f1o interior resurge en los escenarios de Madrid con la adaptaci\u00f3n de \u00abEl Principito\u00bb, obra del escritor franc\u00e9s Antoine de Saint-Exup\u00e9ry y que el director Sergio S\u00e1ldez llevar\u00e1 al Teatro Marquina, desde ma\u00f1ana y hasta el pr\u00f3ximo cinco de enero, para recordar que tambi\u00e9n hay que sentir con el coraz\u00f3n. [&hellip;]<\/p>\n","protected":false},"author":1,"featured_media":455944,"comment_status":"closed","ping_status":"open","sticky":false,"template":"","format":"standard","meta":{"footnotes":""},"categories":[50],"tags":[],"class_list":["post-455943","post","type-post","status-publish","format-standard","has-post-thumbnail","hentry","category-revista-de-ocio"],"aioseo_notices":[],"aioseo_head":"\n\t\t<!-- All in One SEO Pro 5.0.1 - aioseo.com -->\n\t<meta name=\"description\" content=\"Madrid, 29 nov (EFE).- El ni\u00f1o interior resurge en los escenarios de Madrid con la adaptaci\u00f3n de &quot;El Principito&quot;, obra del escritor franc\u00e9s Antoine de Saint-Exup\u00e9ry y que el director Sergio S\u00e1ldez llevar\u00e1 al Teatro Marquina, desde ma\u00f1ana y hasta el pr\u00f3ximo cinco de enero, para recordar que tambi\u00e9n hay que sentir con el coraz\u00f3n.\" \/>\n\t<meta name=\"robots\" content=\"max-image-preview:large\" \/>\n\t<meta name=\"author\" content=\"El Digital de Asturias\"\/>\n\t<meta name=\"google-site-verification\" content=\"UA-38556648-1\" \/>\n\t<meta name=\"msvalidate.01\" content=\"7dfe9f3f1b24437ab69f4f2559babe99\" \/>\n\t<meta name=\"keywords\" content=\"revista de ocio\" \/>\n\t<link rel=\"canonical\" href=\"https:\/\/www.eldigitaldeasturias.com\/noticias\/el-principito-un-montaje-familiar-para-abrir-el-corazon-esta-navidad\/\" \/>\n\t<meta name=\"generator\" content=\"All in One SEO Pro (AIOSEO) 5.0.1\" \/>\n\t\t<meta property=\"og:locale\" content=\"es_ES\" \/>\n\t\t<meta property=\"og:site_name\" content=\"El Digital de Asturias\" \/>\n\t\t<meta property=\"og:type\" content=\"article\" \/>\n\t\t<meta property=\"og:title\" content=\"\u00abEl Principito\u00bb, un montaje familiar para abrir el coraz\u00f3n esta Navidad - El Digital de Asturias\" \/>\n\t\t<meta property=\"og:description\" content=\"Madrid, 29 nov (EFE).- El ni\u00f1o interior resurge en los escenarios de Madrid con la adaptaci\u00f3n de &quot;El Principito&quot;, obra del escritor franc\u00e9s Antoine de Saint-Exup\u00e9ry y que el director Sergio S\u00e1ldez llevar\u00e1 al Teatro Marquina, desde ma\u00f1ana y hasta el pr\u00f3ximo cinco de enero, para recordar que tambi\u00e9n hay que sentir con el coraz\u00f3n.\" \/>\n\t\t<meta property=\"og:url\" content=\"https:\/\/www.eldigitaldeasturias.com\/noticias\/el-principito-un-montaje-familiar-para-abrir-el-corazon-esta-navidad\/\" \/>\n\t\t<meta property=\"article:tag\" content=\"revista de ocio\" \/>\n\t\t<meta property=\"article:published_time\" content=\"2013-11-29T23:35:01+00:00\" \/>\n\t\t<meta property=\"article:modified_time\" content=\"2013-12-05T22:50:10+00:00\" \/>\n\t\t<meta property=\"article:publisher\" content=\"https:\/\/facebook.com\/eldigitaldeasturias\" \/>\n\t\t<meta name=\"twitter:card\" content=\"summary_large_image\" \/>\n\t\t<meta name=\"twitter:title\" content=\"\u00abEl Principito\u00bb, un montaje familiar para abrir el coraz\u00f3n esta Navidad - El Digital de Asturias\" \/>\n\t\t<meta name=\"twitter:description\" content=\"Madrid, 29 nov (EFE).- El ni\u00f1o interior resurge en los escenarios de Madrid con la adaptaci\u00f3n de &quot;El Principito&quot;, obra del escritor franc\u00e9s Antoine de Saint-Exup\u00e9ry y que el director Sergio S\u00e1ldez llevar\u00e1 al Teatro Marquina, desde ma\u00f1ana y hasta el pr\u00f3ximo cinco de enero, para recordar que tambi\u00e9n hay que sentir con el coraz\u00f3n.\" \/>\n\t\t<meta name=\"twitter:label1\" content=\"Escrito por\" \/>\n\t\t<meta name=\"twitter:data1\" content=\"El Digital de Asturias\" \/>\n\t\t<meta name=\"twitter:label2\" content=\"Tiempo de lectura estimado\" \/>\n\t\t<meta name=\"twitter:data2\" content=\"3 minutos\" \/>\n\t\t<script type=\"application\/ld+json\" class=\"aioseo-schema\">\n\t\t\t{\"@context\":\"https:\\\/\\\/schema.org\",\"@graph\":[{\"@type\":\"BlogPosting\",\"@id\":\"https:\\\/\\\/www.eldigitaldeasturias.com\\\/noticias\\\/el-principito-un-montaje-familiar-para-abrir-el-corazon-esta-navidad\\\/#blogposting\",\"name\":\"\\u00abEl Principito\\u00bb, un montaje familiar para abrir el coraz\\u00f3n esta Navidad - El Digital de Asturias\",\"headline\":\"\\u00abEl Principito\\u00bb, un montaje familiar para abrir el coraz\\u00f3n esta Navidad\",\"author\":{\"@id\":\"https:\\\/\\\/www.eldigitaldeasturias.com\\\/noticias\\\/author\\\/admin\\\/#author\"},\"publisher\":{\"@id\":\"https:\\\/\\\/www.eldigitaldeasturias.com\\\/noticias\\\/#organization\"},\"image\":{\"@type\":\"ImageObject\",\"url\":455944},\"datePublished\":\"2013-11-29T22:35:01+01:00\",\"dateModified\":\"2013-12-05T21:50:10+01:00\",\"inLanguage\":\"es-ES\",\"mainEntityOfPage\":{\"@id\":\"https:\\\/\\\/www.eldigitaldeasturias.com\\\/noticias\\\/el-principito-un-montaje-familiar-para-abrir-el-corazon-esta-navidad\\\/#webpage\"},\"isPartOf\":{\"@id\":\"https:\\\/\\\/www.eldigitaldeasturias.com\\\/noticias\\\/el-principito-un-montaje-familiar-para-abrir-el-corazon-esta-navidad\\\/#webpage\"},\"articleSection\":\"Revista de Ocio\"},{\"@type\":\"BreadcrumbList\",\"@id\":\"https:\\\/\\\/www.eldigitaldeasturias.com\\\/noticias\\\/el-principito-un-montaje-familiar-para-abrir-el-corazon-esta-navidad\\\/#breadcrumblist\",\"itemListElement\":[{\"@type\":\"ListItem\",\"@id\":\"https:\\\/\\\/www.eldigitaldeasturias.com\\\/noticias#listItem\",\"position\":1,\"name\":\"Home\",\"item\":\"https:\\\/\\\/www.eldigitaldeasturias.com\\\/noticias\",\"nextItem\":{\"@type\":\"ListItem\",\"@id\":\"https:\\\/\\\/www.eldigitaldeasturias.com\\\/noticias\\\/category\\\/revista-de-ocio\\\/#listItem\",\"name\":\"Revista de Ocio\"}},{\"@type\":\"ListItem\",\"@id\":\"https:\\\/\\\/www.eldigitaldeasturias.com\\\/noticias\\\/category\\\/revista-de-ocio\\\/#listItem\",\"position\":2,\"name\":\"Revista de Ocio\",\"item\":\"https:\\\/\\\/www.eldigitaldeasturias.com\\\/noticias\\\/category\\\/revista-de-ocio\\\/\",\"nextItem\":{\"@type\":\"ListItem\",\"@id\":\"https:\\\/\\\/www.eldigitaldeasturias.com\\\/noticias\\\/el-principito-un-montaje-familiar-para-abrir-el-corazon-esta-navidad\\\/#listItem\",\"name\":\"\\u00abEl Principito\\u00bb, un montaje familiar para abrir el coraz\\u00f3n esta Navidad\"},\"previousItem\":{\"@type\":\"ListItem\",\"@id\":\"https:\\\/\\\/www.eldigitaldeasturias.com\\\/noticias#listItem\",\"name\":\"Home\"}},{\"@type\":\"ListItem\",\"@id\":\"https:\\\/\\\/www.eldigitaldeasturias.com\\\/noticias\\\/el-principito-un-montaje-familiar-para-abrir-el-corazon-esta-navidad\\\/#listItem\",\"position\":3,\"name\":\"\\u00abEl Principito\\u00bb, un montaje familiar para abrir el coraz\\u00f3n esta Navidad\",\"previousItem\":{\"@type\":\"ListItem\",\"@id\":\"https:\\\/\\\/www.eldigitaldeasturias.com\\\/noticias\\\/category\\\/revista-de-ocio\\\/#listItem\",\"name\":\"Revista de Ocio\"}}]},{\"@type\":\"Organization\",\"@id\":\"https:\\\/\\\/www.eldigitaldeasturias.com\\\/noticias\\\/#organization\",\"name\":\"El Digital de Asturias\",\"description\":\"Hemeroteca\",\"url\":\"https:\\\/\\\/www.eldigitaldeasturias.com\\\/noticias\\\/\",\"email\":\"info@eldigitaldeasturias.com\",\"telephone\":\"+34652131393\",\"logo\":{\"@type\":\"ImageObject\",\"url\":\"https:\\\/\\\/www.eldigitaldeasturias.com\\\/noticias\\\/wp-content\\\/uploads\\\/2020\\\/12\\\/EDA.jpg\",\"@id\":\"https:\\\/\\\/www.eldigitaldeasturias.com\\\/noticias\\\/el-principito-un-montaje-familiar-para-abrir-el-corazon-esta-navidad\\\/#organizationLogo\"},\"image\":{\"@id\":\"https:\\\/\\\/www.eldigitaldeasturias.com\\\/noticias\\\/el-principito-un-montaje-familiar-para-abrir-el-corazon-esta-navidad\\\/#organizationLogo\"},\"sameAs\":[\"https:\\\/\\\/facebook.com\\\/eldigitaldeasturias\",\"https:\\\/\\\/www.youtube.com\\\/channel\\\/UCZP-2wLEB9Rv6erhFmqVnvg\"],\"address\":{\"@id\":\"https:\\\/\\\/www.eldigitaldeasturias.com\\\/noticias\\\/#postaladdress\",\"@type\":\"PostalAddress\",\"streetAddress\":\"san antonio 4\",\"postalCode\":\"33430\",\"addressLocality\":\"Cand\\u00e1s\",\"addressRegion\":\"Asturias\",\"addressCountry\":\"ES\"}},{\"@type\":\"Person\",\"@id\":\"https:\\\/\\\/www.eldigitaldeasturias.com\\\/noticias\\\/author\\\/admin\\\/#author\",\"url\":\"https:\\\/\\\/www.eldigitaldeasturias.com\\\/noticias\\\/author\\\/admin\\\/\",\"name\":\"El Digital de Asturias\",\"image\":{\"@type\":\"ImageObject\",\"@id\":\"https:\\\/\\\/www.eldigitaldeasturias.com\\\/noticias\\\/el-principito-un-montaje-familiar-para-abrir-el-corazon-esta-navidad\\\/#authorImage\",\"url\":\"https:\\\/\\\/secure.gravatar.com\\\/avatar\\\/df2aeffc32bcd13f8d26072ef8a91b623d677766deac7f97ca815868cd41bf5e?s=96&d=mm&r=g\",\"width\":96,\"height\":96,\"caption\":\"El Digital de Asturias\"}},{\"@type\":\"WebPage\",\"@id\":\"https:\\\/\\\/www.eldigitaldeasturias.com\\\/noticias\\\/el-principito-un-montaje-familiar-para-abrir-el-corazon-esta-navidad\\\/#webpage\",\"url\":\"https:\\\/\\\/www.eldigitaldeasturias.com\\\/noticias\\\/el-principito-un-montaje-familiar-para-abrir-el-corazon-esta-navidad\\\/\",\"name\":\"\\u00abEl Principito\\u00bb, un montaje familiar para abrir el coraz\\u00f3n esta Navidad - El Digital de Asturias\",\"description\":\"Madrid, 29 nov (EFE).- El ni\\u00f1o interior resurge en los escenarios de Madrid con la adaptaci\\u00f3n de \\\"El Principito\\\", obra del escritor franc\\u00e9s Antoine de Saint-Exup\\u00e9ry y que el director Sergio S\\u00e1ldez llevar\\u00e1 al Teatro Marquina, desde ma\\u00f1ana y hasta el pr\\u00f3ximo cinco de enero, para recordar que tambi\\u00e9n hay que sentir con el coraz\\u00f3n.\",\"inLanguage\":\"es-ES\",\"isPartOf\":{\"@id\":\"https:\\\/\\\/www.eldigitaldeasturias.com\\\/noticias\\\/#website\"},\"breadcrumb\":{\"@id\":\"https:\\\/\\\/www.eldigitaldeasturias.com\\\/noticias\\\/el-principito-un-montaje-familiar-para-abrir-el-corazon-esta-navidad\\\/#breadcrumblist\"},\"author\":{\"@id\":\"https:\\\/\\\/www.eldigitaldeasturias.com\\\/noticias\\\/author\\\/admin\\\/#author\"},\"creator\":{\"@id\":\"https:\\\/\\\/www.eldigitaldeasturias.com\\\/noticias\\\/author\\\/admin\\\/#author\"},\"image\":{\"@type\":\"ImageObject\",\"url\":455944,\"@id\":\"https:\\\/\\\/www.eldigitaldeasturias.com\\\/noticias\\\/el-principito-un-montaje-familiar-para-abrir-el-corazon-esta-navidad\\\/#mainImage\"},\"primaryImageOfPage\":{\"@id\":\"https:\\\/\\\/www.eldigitaldeasturias.com\\\/noticias\\\/el-principito-un-montaje-familiar-para-abrir-el-corazon-esta-navidad\\\/#mainImage\"},\"datePublished\":\"2013-11-29T22:35:01+01:00\",\"dateModified\":\"2013-12-05T21:50:10+01:00\"},{\"@type\":\"WebSite\",\"@id\":\"https:\\\/\\\/www.eldigitaldeasturias.com\\\/noticias\\\/#website\",\"url\":\"https:\\\/\\\/www.eldigitaldeasturias.com\\\/noticias\\\/\",\"name\":\"El Digital de Asturias - Diario de actualidad y noticias\",\"alternateName\":\"El Digital de Asturias - Diario de actualidad y noticias\",\"description\":\"Hemeroteca\",\"inLanguage\":\"es-ES\",\"publisher\":{\"@id\":\"https:\\\/\\\/www.eldigitaldeasturias.com\\\/noticias\\\/#organization\"}}]}\n\t\t<\/script>\n\t\t<!-- All in One SEO Pro -->\r\n\t\t<title>\u00abEl Principito\u00bb, un montaje familiar para abrir el coraz\u00f3n esta Navidad - El Digital de Asturias<\/title>\n\n","aioseo_head_json":{"title":"\u00abEl Principito\u00bb, un montaje familiar para abrir el coraz\u00f3n esta Navidad - El Digital de Asturias","description":"Madrid, 29 nov (EFE).- El ni\u00f1o interior resurge en los escenarios de Madrid con la adaptaci\u00f3n de \"El Principito\", obra del escritor franc\u00e9s Antoine de Saint-Exup\u00e9ry y que el director Sergio S\u00e1ldez llevar\u00e1 al Teatro Marquina, desde ma\u00f1ana y hasta el pr\u00f3ximo cinco de enero, para recordar que tambi\u00e9n hay que sentir con el coraz\u00f3n.","canonical_url":"https:\/\/www.eldigitaldeasturias.com\/noticias\/el-principito-un-montaje-familiar-para-abrir-el-corazon-esta-navidad\/","robots":"max-image-preview:large","keywords":"revista de ocio","webmasterTools":{"google-site-verification":"UA-38556648-1","msvalidate.01":"7dfe9f3f1b24437ab69f4f2559babe99","miscellaneous":""},"schema":{"@context":"https:\/\/schema.org","@graph":[{"@type":"BlogPosting","@id":"https:\/\/www.eldigitaldeasturias.com\/noticias\/el-principito-un-montaje-familiar-para-abrir-el-corazon-esta-navidad\/#blogposting","name":"\u00abEl Principito\u00bb, un montaje familiar para abrir el coraz\u00f3n esta Navidad - El Digital de Asturias","headline":"\u00abEl Principito\u00bb, un montaje familiar para abrir el coraz\u00f3n esta Navidad","author":{"@id":"https:\/\/www.eldigitaldeasturias.com\/noticias\/author\/admin\/#author"},"publisher":{"@id":"https:\/\/www.eldigitaldeasturias.com\/noticias\/#organization"},"image":{"@type":"ImageObject","url":455944},"datePublished":"2013-11-29T22:35:01+01:00","dateModified":"2013-12-05T21:50:10+01:00","inLanguage":"es-ES","mainEntityOfPage":{"@id":"https:\/\/www.eldigitaldeasturias.com\/noticias\/el-principito-un-montaje-familiar-para-abrir-el-corazon-esta-navidad\/#webpage"},"isPartOf":{"@id":"https:\/\/www.eldigitaldeasturias.com\/noticias\/el-principito-un-montaje-familiar-para-abrir-el-corazon-esta-navidad\/#webpage"},"articleSection":"Revista de Ocio"},{"@type":"BreadcrumbList","@id":"https:\/\/www.eldigitaldeasturias.com\/noticias\/el-principito-un-montaje-familiar-para-abrir-el-corazon-esta-navidad\/#breadcrumblist","itemListElement":[{"@type":"ListItem","@id":"https:\/\/www.eldigitaldeasturias.com\/noticias#listItem","position":1,"name":"Home","item":"https:\/\/www.eldigitaldeasturias.com\/noticias","nextItem":{"@type":"ListItem","@id":"https:\/\/www.eldigitaldeasturias.com\/noticias\/category\/revista-de-ocio\/#listItem","name":"Revista de Ocio"}},{"@type":"ListItem","@id":"https:\/\/www.eldigitaldeasturias.com\/noticias\/category\/revista-de-ocio\/#listItem","position":2,"name":"Revista de Ocio","item":"https:\/\/www.eldigitaldeasturias.com\/noticias\/category\/revista-de-ocio\/","nextItem":{"@type":"ListItem","@id":"https:\/\/www.eldigitaldeasturias.com\/noticias\/el-principito-un-montaje-familiar-para-abrir-el-corazon-esta-navidad\/#listItem","name":"\u00abEl Principito\u00bb, un montaje familiar para abrir el coraz\u00f3n esta Navidad"},"previousItem":{"@type":"ListItem","@id":"https:\/\/www.eldigitaldeasturias.com\/noticias#listItem","name":"Home"}},{"@type":"ListItem","@id":"https:\/\/www.eldigitaldeasturias.com\/noticias\/el-principito-un-montaje-familiar-para-abrir-el-corazon-esta-navidad\/#listItem","position":3,"name":"\u00abEl Principito\u00bb, un montaje familiar para abrir el coraz\u00f3n esta Navidad","previousItem":{"@type":"ListItem","@id":"https:\/\/www.eldigitaldeasturias.com\/noticias\/category\/revista-de-ocio\/#listItem","name":"Revista de Ocio"}}]},{"@type":"Organization","@id":"https:\/\/www.eldigitaldeasturias.com\/noticias\/#organization","name":"El Digital de Asturias","description":"Hemeroteca","url":"https:\/\/www.eldigitaldeasturias.com\/noticias\/","email":"info@eldigitaldeasturias.com","telephone":"+34652131393","logo":{"@type":"ImageObject","url":"https:\/\/www.eldigitaldeasturias.com\/noticias\/wp-content\/uploads\/2020\/12\/EDA.jpg","@id":"https:\/\/www.eldigitaldeasturias.com\/noticias\/el-principito-un-montaje-familiar-para-abrir-el-corazon-esta-navidad\/#organizationLogo"},"image":{"@id":"https:\/\/www.eldigitaldeasturias.com\/noticias\/el-principito-un-montaje-familiar-para-abrir-el-corazon-esta-navidad\/#organizationLogo"},"sameAs":["https:\/\/facebook.com\/eldigitaldeasturias","https:\/\/www.youtube.com\/channel\/UCZP-2wLEB9Rv6erhFmqVnvg"],"address":{"@id":"https:\/\/www.eldigitaldeasturias.com\/noticias\/#postaladdress","@type":"PostalAddress","streetAddress":"san antonio 4","postalCode":"33430","addressLocality":"Cand\u00e1s","addressRegion":"Asturias","addressCountry":"ES"}},{"@type":"Person","@id":"https:\/\/www.eldigitaldeasturias.com\/noticias\/author\/admin\/#author","url":"https:\/\/www.eldigitaldeasturias.com\/noticias\/author\/admin\/","name":"El Digital de Asturias","image":{"@type":"ImageObject","@id":"https:\/\/www.eldigitaldeasturias.com\/noticias\/el-principito-un-montaje-familiar-para-abrir-el-corazon-esta-navidad\/#authorImage","url":"https:\/\/secure.gravatar.com\/avatar\/df2aeffc32bcd13f8d26072ef8a91b623d677766deac7f97ca815868cd41bf5e?s=96&d=mm&r=g","width":96,"height":96,"caption":"El Digital de Asturias"}},{"@type":"WebPage","@id":"https:\/\/www.eldigitaldeasturias.com\/noticias\/el-principito-un-montaje-familiar-para-abrir-el-corazon-esta-navidad\/#webpage","url":"https:\/\/www.eldigitaldeasturias.com\/noticias\/el-principito-un-montaje-familiar-para-abrir-el-corazon-esta-navidad\/","name":"\u00abEl Principito\u00bb, un montaje familiar para abrir el coraz\u00f3n esta Navidad - El Digital de Asturias","description":"Madrid, 29 nov (EFE).- El ni\u00f1o interior resurge en los escenarios de Madrid con la adaptaci\u00f3n de \"El Principito\", obra del escritor franc\u00e9s Antoine de Saint-Exup\u00e9ry y que el director Sergio S\u00e1ldez llevar\u00e1 al Teatro Marquina, desde ma\u00f1ana y hasta el pr\u00f3ximo cinco de enero, para recordar que tambi\u00e9n hay que sentir con el coraz\u00f3n.","inLanguage":"es-ES","isPartOf":{"@id":"https:\/\/www.eldigitaldeasturias.com\/noticias\/#website"},"breadcrumb":{"@id":"https:\/\/www.eldigitaldeasturias.com\/noticias\/el-principito-un-montaje-familiar-para-abrir-el-corazon-esta-navidad\/#breadcrumblist"},"author":{"@id":"https:\/\/www.eldigitaldeasturias.com\/noticias\/author\/admin\/#author"},"creator":{"@id":"https:\/\/www.eldigitaldeasturias.com\/noticias\/author\/admin\/#author"},"image":{"@type":"ImageObject","url":455944,"@id":"https:\/\/www.eldigitaldeasturias.com\/noticias\/el-principito-un-montaje-familiar-para-abrir-el-corazon-esta-navidad\/#mainImage"},"primaryImageOfPage":{"@id":"https:\/\/www.eldigitaldeasturias.com\/noticias\/el-principito-un-montaje-familiar-para-abrir-el-corazon-esta-navidad\/#mainImage"},"datePublished":"2013-11-29T22:35:01+01:00","dateModified":"2013-12-05T21:50:10+01:00"},{"@type":"WebSite","@id":"https:\/\/www.eldigitaldeasturias.com\/noticias\/#website","url":"https:\/\/www.eldigitaldeasturias.com\/noticias\/","name":"El Digital de Asturias - Diario de actualidad y noticias","alternateName":"El Digital de Asturias - Diario de actualidad y noticias","description":"Hemeroteca","inLanguage":"es-ES","publisher":{"@id":"https:\/\/www.eldigitaldeasturias.com\/noticias\/#organization"}}]},"og:locale":"es_ES","og:site_name":"El Digital de Asturias","og:type":"article","og:title":"\u00abEl Principito\u00bb, un montaje familiar para abrir el coraz\u00f3n esta Navidad - El Digital de Asturias","og:description":"Madrid, 29 nov (EFE).- El ni\u00f1o interior resurge en los escenarios de Madrid con la adaptaci\u00f3n de &quot;El Principito&quot;, obra del escritor franc\u00e9s Antoine de Saint-Exup\u00e9ry y que el director Sergio S\u00e1ldez llevar\u00e1 al Teatro Marquina, desde ma\u00f1ana y hasta el pr\u00f3ximo cinco de enero, para recordar que tambi\u00e9n hay que sentir con el coraz\u00f3n.","og:url":"https:\/\/www.eldigitaldeasturias.com\/noticias\/el-principito-un-montaje-familiar-para-abrir-el-corazon-esta-navidad\/","article:tag":["revista de ocio"],"article:published_time":"2013-11-29T23:35:01+00:00","article:modified_time":"2013-12-05T22:50:10+00:00","article:publisher":"https:\/\/facebook.com\/eldigitaldeasturias","twitter:card":"summary_large_image","twitter:title":"\u00abEl Principito\u00bb, un montaje familiar para abrir el coraz\u00f3n esta Navidad - El Digital de Asturias","twitter:description":"Madrid, 29 nov (EFE).- El ni\u00f1o interior resurge en los escenarios de Madrid con la adaptaci\u00f3n de &quot;El Principito&quot;, obra del escritor franc\u00e9s Antoine de Saint-Exup\u00e9ry y que el director Sergio S\u00e1ldez llevar\u00e1 al Teatro Marquina, desde ma\u00f1ana y hasta el pr\u00f3ximo cinco de enero, para recordar que tambi\u00e9n hay que sentir con el coraz\u00f3n.","twitter:label1":"Escrito por","twitter:data1":"El Digital de Asturias","twitter:label2":"Tiempo de lectura estimado","twitter:data2":"3 minutos"},"aioseo_meta_data":{"post_id":"455943","title":null,"description":null,"keywords":null,"keyphrases":null,"primary_term":null,"canonical_url":null,"og_title":null,"og_description":null,"og_object_type":"default","og_image_type":"default","og_image_url":null,"og_image_width":null,"og_image_height":null,"og_image_custom_url":null,"og_image_custom_fields":null,"og_video":null,"og_custom_url":null,"og_article_section":null,"og_article_tags":null,"twitter_use_og":true,"twitter_card":"default","twitter_image_type":"default","twitter_image_url":null,"twitter_image_custom_url":null,"twitter_image_custom_fields":null,"twitter_title":null,"twitter_description":null,"schema":{"blockGraphs":[],"customGraphs":[],"default":{"data":{"Article":[],"Course":[],"Dataset":[],"FAQPage":[],"Movie":[],"Person":[],"Product":[],"ProductReview":[],"Car":[],"Recipe":[],"Service":[],"SoftwareApplication":[],"WebPage":[]},"graphName":"","isEnabled":true},"graphs":[],"defaultGraph":"","defaultPostTypeGraph":""},"schema_type":null,"schema_type_options":null,"pillar_content":false,"robots_default":true,"robots_noindex":false,"robots_noarchive":false,"robots_nosnippet":false,"robots_nofollow":false,"robots_noimageindex":false,"robots_noodp":false,"robots_notranslate":false,"robots_max_snippet":null,"robots_max_videopreview":null,"robots_max_imagepreview":"none","priority":null,"frequency":null,"local_seo":null,"seo_analyzer_scan_date":"2026-05-29 20:11:50","breadcrumb_settings":null,"limit_modified_date":false,"open_ai":null,"ai":null,"created":"2020-11-14 22:45:24","updated":"2026-05-29 20:11:50","focus_keyword":null,"additional_keywords":null,"truseo_locale":null},"aioseo_breadcrumb":"<div class=\"aioseo-breadcrumbs\"><span class=\"aioseo-breadcrumb\">\n\t<a href=\"https:\/\/www.eldigitaldeasturias.com\/noticias\" title=\"Home\">Home<\/a>\n<\/span><span class=\"aioseo-breadcrumb-separator\">\u2013<\/span><span class=\"aioseo-breadcrumb\">\n\t<a href=\"https:\/\/www.eldigitaldeasturias.com\/noticias\/category\/revista-de-ocio\/\" title=\"Revista de Ocio\">Revista de Ocio<\/a>\n<\/span><span class=\"aioseo-breadcrumb-separator\">\u2013<\/span><span class=\"aioseo-breadcrumb\">\n\t<a href=\"https:\/\/www.eldigitaldeasturias.com\/noticias\/el-principito-un-montaje-familiar-para-abrir-el-corazon-esta-navidad\/\" title=\"\u00abEl Principito\u00bb, un montaje familiar para abrir el coraz\u00f3n esta Navidad\">\u00abEl Principito\u00bb, un montaje familiar para abrir el coraz\u00f3n esta Navidad<\/a>\n<\/span><\/div>","aioseo_breadcrumb_json":[{"label":"Home","link":"https:\/\/www.eldigitaldeasturias.com\/noticias"},{"label":"Revista de Ocio","link":"https:\/\/www.eldigitaldeasturias.com\/noticias\/category\/revista-de-ocio\/"},{"label":"\u00abEl Principito\u00bb, un montaje familiar para abrir el coraz\u00f3n esta Navidad","link":"https:\/\/www.eldigitaldeasturias.com\/noticias\/el-principito-un-montaje-familiar-para-abrir-el-corazon-esta-navidad\/"}],"_links":{"self":[{"href":"https:\/\/www.eldigitaldeasturias.com\/noticias\/wp-json\/wp\/v2\/posts\/455943","targetHints":{"allow":["GET"]}}],"collection":[{"href":"https:\/\/www.eldigitaldeasturias.com\/noticias\/wp-json\/wp\/v2\/posts"}],"about":[{"href":"https:\/\/www.eldigitaldeasturias.com\/noticias\/wp-json\/wp\/v2\/types\/post"}],"author":[{"embeddable":true,"href":"https:\/\/www.eldigitaldeasturias.com\/noticias\/wp-json\/wp\/v2\/users\/1"}],"replies":[{"embeddable":true,"href":"https:\/\/www.eldigitaldeasturias.com\/noticias\/wp-json\/wp\/v2\/comments?post=455943"}],"version-history":[{"count":0,"href":"https:\/\/www.eldigitaldeasturias.com\/noticias\/wp-json\/wp\/v2\/posts\/455943\/revisions"}],"wp:attachment":[{"href":"https:\/\/www.eldigitaldeasturias.com\/noticias\/wp-json\/wp\/v2\/media?parent=455943"}],"wp:term":[{"taxonomy":"category","embeddable":true,"href":"https:\/\/www.eldigitaldeasturias.com\/noticias\/wp-json\/wp\/v2\/categories?post=455943"},{"taxonomy":"post_tag","embeddable":true,"href":"https:\/\/www.eldigitaldeasturias.com\/noticias\/wp-json\/wp\/v2\/tags?post=455943"}],"curies":[{"name":"wp","href":"https:\/\/api.w.org\/{rel}","templated":true}]}}