{"id":455922,"date":"2013-11-29T22:16:12","date_gmt":"2013-11-29T23:16:12","guid":{"rendered":"http:\/\/www.eldigitaldeasturias.com\/noticias\/?p=455922"},"modified":"2013-11-29T22:16:12","modified_gmt":"2013-11-29T23:16:12","slug":"publican-un-inedito-de-max-aub-sobre-luis-bunuel","status":"publish","type":"post","link":"https:\/\/www.eldigitaldeasturias.com\/noticias\/publican-un-inedito-de-max-aub-sobre-luis-bunuel\/","title":{"rendered":"Publican un in\u00e9dito de Max Aub sobre Luis Bu\u00f1uel"},"content":{"rendered":"<p><img loading=\"lazy\" decoding=\"async\" class=\"alignleft size-medium wp-image-455923\" alt=\"5761857w\" src=\"https:\/\/www.eldigitaldeasturias.com\/noticias\/wp-content\/uploads\/2013\/11\/5761857w-360x266.jpg\" width=\"360\" height=\"266\" \/>Toledo, 29 nov (EFE).- El \u00faltimo trabajo in\u00e9dito de Max Aub, que el escritor de origen jud\u00edo prepar\u00f3 durante su exilio en M\u00e9xico sobre Luis Bu\u00f1uel, ha sido recuperado en un libro, \u00abimprescindible para recuperar la memoria colectiva de un pueblo\u00bb.<\/p>\n<p>\u00abLuis Bu\u00f1uel, novela\u00bb, es el t\u00edtulo del libro que ha sido presentado hoy en Toledo en el marco de la V edici\u00f3n del Festival Internacional del Cine y la Palabra (CiBRA).<\/p>\n<p>La presentaci\u00f3n del texto, de 600 p\u00e1ginas, ha corrido a cargo de Carmen Peire, de la editorial Cuadernos de Vig\u00eda, que durante tres a\u00f1os y medio de trabajo y estudio ha logrado ordenar y estructurar las cinco mil p\u00e1ginas que se guardan en la Fundaci\u00f3n Max Aub de Segorbe (Castell\u00f3n).<\/p>\n<p>Seg\u00fan Peire, el libro presentado en Toledo por primera vez en nuestro pa\u00eds, es un texto \u00abimprescindible para la recuperaci\u00f3n de la memoria colectiva de un pueblo\u00bb desde los tiempos de la Rep\u00fablica, pasando por la Guerra Civil y el exilio, episodios que vivieron en paralelo Aub y Bu\u00f1uel.<\/p>\n<p>La primera parte del libro, ha explicado Peire, incluye una biograf\u00eda novelada de Bu\u00f1uel, aunque sus \u00faltimas pel\u00edculas no est\u00e1n incluidas, dado que Max Aub muri\u00f3 once a\u00f1os antes que el cineasta.<\/p>\n<p>La segunda parte del libro recoge un an\u00e1lisis \u00abmuy l\u00facido\u00bb de las vanguardias art\u00edsticas de la primera mitad del siglo XX desde un punto de vista del contexto social y pol\u00edtico de la \u00e9poca, que es lo m\u00e1s novedoso, ha explicado Peire.<\/p>\n","protected":false},"excerpt":{"rendered":"<p>Toledo, 29 nov (EFE).- El \u00faltimo trabajo in\u00e9dito de Max Aub, que el escritor de origen jud\u00edo prepar\u00f3 durante su exilio en M\u00e9xico sobre Luis Bu\u00f1uel, ha sido recuperado en un libro, \u00abimprescindible para recuperar la memoria colectiva de un pueblo\u00bb. \u00abLuis Bu\u00f1uel, novela\u00bb, es el t\u00edtulo del libro que ha sido presentado hoy en [&hellip;]<\/p>\n","protected":false},"author":1,"featured_media":455923,"comment_status":"closed","ping_status":"open","sticky":false,"template":"","format":"standard","meta":{"footnotes":""},"categories":[50],"tags":[],"class_list":["post-455922","post","type-post","status-publish","format-standard","has-post-thumbnail","hentry","category-revista-de-ocio"],"aioseo_notices":[],"aioseo_head":"\n\t\t<!-- All in One SEO Pro 5.0.1 - aioseo.com -->\n\t<meta name=\"description\" content=\"Toledo, 29 nov (EFE).- El \u00faltimo trabajo in\u00e9dito de Max Aub, que el escritor de origen jud\u00edo prepar\u00f3 durante su exilio en M\u00e9xico sobre Luis Bu\u00f1uel, ha sido recuperado en un libro, &quot;imprescindible para recuperar la memoria colectiva de un pueblo&quot;. &quot;Luis Bu\u00f1uel, novela&quot;, es el t\u00edtulo del libro que ha sido presentado hoy en\" \/>\n\t<meta name=\"robots\" content=\"max-image-preview:large\" \/>\n\t<meta name=\"author\" content=\"El Digital de Asturias\"\/>\n\t<meta name=\"google-site-verification\" content=\"UA-38556648-1\" \/>\n\t<meta name=\"msvalidate.01\" content=\"7dfe9f3f1b24437ab69f4f2559babe99\" \/>\n\t<meta name=\"keywords\" content=\"revista de ocio\" \/>\n\t<link rel=\"canonical\" href=\"https:\/\/www.eldigitaldeasturias.com\/noticias\/publican-un-inedito-de-max-aub-sobre-luis-bunuel\/\" \/>\n\t<meta name=\"generator\" content=\"All in One SEO Pro (AIOSEO) 5.0.1\" \/>\n\t\t<meta property=\"og:locale\" content=\"es_ES\" \/>\n\t\t<meta property=\"og:site_name\" content=\"El Digital de Asturias\" \/>\n\t\t<meta property=\"og:type\" content=\"article\" \/>\n\t\t<meta property=\"og:title\" content=\"Publican un in\u00e9dito de Max Aub sobre Luis Bu\u00f1uel - El Digital de Asturias\" \/>\n\t\t<meta property=\"og:description\" content=\"Toledo, 29 nov (EFE).- El \u00faltimo trabajo in\u00e9dito de Max Aub, que el escritor de origen jud\u00edo prepar\u00f3 durante su exilio en M\u00e9xico sobre Luis Bu\u00f1uel, ha sido recuperado en un libro, &quot;imprescindible para recuperar la memoria colectiva de un pueblo&quot;. &quot;Luis Bu\u00f1uel, novela&quot;, es el t\u00edtulo del libro que ha sido presentado hoy en\" \/>\n\t\t<meta property=\"og:url\" content=\"https:\/\/www.eldigitaldeasturias.com\/noticias\/publican-un-inedito-de-max-aub-sobre-luis-bunuel\/\" \/>\n\t\t<meta property=\"article:tag\" content=\"revista de ocio\" \/>\n\t\t<meta property=\"article:published_time\" content=\"2013-11-29T23:16:12+00:00\" \/>\n\t\t<meta property=\"article:modified_time\" content=\"2013-11-29T23:16:12+00:00\" \/>\n\t\t<meta property=\"article:publisher\" content=\"https:\/\/facebook.com\/eldigitaldeasturias\" \/>\n\t\t<meta name=\"twitter:card\" content=\"summary_large_image\" \/>\n\t\t<meta name=\"twitter:title\" content=\"Publican un in\u00e9dito de Max Aub sobre Luis Bu\u00f1uel - El Digital de Asturias\" \/>\n\t\t<meta name=\"twitter:description\" content=\"Toledo, 29 nov (EFE).- El \u00faltimo trabajo in\u00e9dito de Max Aub, que el escritor de origen jud\u00edo prepar\u00f3 durante su exilio en M\u00e9xico sobre Luis Bu\u00f1uel, ha sido recuperado en un libro, &quot;imprescindible para recuperar la memoria colectiva de un pueblo&quot;. &quot;Luis Bu\u00f1uel, novela&quot;, es el t\u00edtulo del libro que ha sido presentado hoy en\" \/>\n\t\t<meta name=\"twitter:label1\" content=\"Escrito por\" \/>\n\t\t<meta name=\"twitter:data1\" content=\"El Digital de Asturias\" \/>\n\t\t<meta name=\"twitter:label2\" content=\"Tiempo de lectura estimado\" \/>\n\t\t<meta name=\"twitter:data2\" content=\"1 minuto\" \/>\n\t\t<script type=\"application\/ld+json\" class=\"aioseo-schema\">\n\t\t\t{\"@context\":\"https:\\\/\\\/schema.org\",\"@graph\":[{\"@type\":\"BlogPosting\",\"@id\":\"https:\\\/\\\/www.eldigitaldeasturias.com\\\/noticias\\\/publican-un-inedito-de-max-aub-sobre-luis-bunuel\\\/#blogposting\",\"name\":\"Publican un in\\u00e9dito de Max Aub sobre Luis Bu\\u00f1uel - El Digital de Asturias\",\"headline\":\"Publican un in\\u00e9dito de Max Aub sobre Luis Bu\\u00f1uel\",\"author\":{\"@id\":\"https:\\\/\\\/www.eldigitaldeasturias.com\\\/noticias\\\/author\\\/admin\\\/#author\"},\"publisher\":{\"@id\":\"https:\\\/\\\/www.eldigitaldeasturias.com\\\/noticias\\\/#organization\"},\"image\":{\"@type\":\"ImageObject\",\"url\":455923},\"datePublished\":\"2013-11-29T22:16:12+01:00\",\"dateModified\":\"2013-11-29T22:16:12+01:00\",\"inLanguage\":\"es-ES\",\"mainEntityOfPage\":{\"@id\":\"https:\\\/\\\/www.eldigitaldeasturias.com\\\/noticias\\\/publican-un-inedito-de-max-aub-sobre-luis-bunuel\\\/#webpage\"},\"isPartOf\":{\"@id\":\"https:\\\/\\\/www.eldigitaldeasturias.com\\\/noticias\\\/publican-un-inedito-de-max-aub-sobre-luis-bunuel\\\/#webpage\"},\"articleSection\":\"Revista de Ocio\"},{\"@type\":\"BreadcrumbList\",\"@id\":\"https:\\\/\\\/www.eldigitaldeasturias.com\\\/noticias\\\/publican-un-inedito-de-max-aub-sobre-luis-bunuel\\\/#breadcrumblist\",\"itemListElement\":[{\"@type\":\"ListItem\",\"@id\":\"https:\\\/\\\/www.eldigitaldeasturias.com\\\/noticias#listItem\",\"position\":1,\"name\":\"Home\",\"item\":\"https:\\\/\\\/www.eldigitaldeasturias.com\\\/noticias\",\"nextItem\":{\"@type\":\"ListItem\",\"@id\":\"https:\\\/\\\/www.eldigitaldeasturias.com\\\/noticias\\\/category\\\/revista-de-ocio\\\/#listItem\",\"name\":\"Revista de Ocio\"}},{\"@type\":\"ListItem\",\"@id\":\"https:\\\/\\\/www.eldigitaldeasturias.com\\\/noticias\\\/category\\\/revista-de-ocio\\\/#listItem\",\"position\":2,\"name\":\"Revista de Ocio\",\"item\":\"https:\\\/\\\/www.eldigitaldeasturias.com\\\/noticias\\\/category\\\/revista-de-ocio\\\/\",\"nextItem\":{\"@type\":\"ListItem\",\"@id\":\"https:\\\/\\\/www.eldigitaldeasturias.com\\\/noticias\\\/publican-un-inedito-de-max-aub-sobre-luis-bunuel\\\/#listItem\",\"name\":\"Publican un in\\u00e9dito de Max Aub sobre Luis Bu\\u00f1uel\"},\"previousItem\":{\"@type\":\"ListItem\",\"@id\":\"https:\\\/\\\/www.eldigitaldeasturias.com\\\/noticias#listItem\",\"name\":\"Home\"}},{\"@type\":\"ListItem\",\"@id\":\"https:\\\/\\\/www.eldigitaldeasturias.com\\\/noticias\\\/publican-un-inedito-de-max-aub-sobre-luis-bunuel\\\/#listItem\",\"position\":3,\"name\":\"Publican un in\\u00e9dito de Max Aub sobre Luis Bu\\u00f1uel\",\"previousItem\":{\"@type\":\"ListItem\",\"@id\":\"https:\\\/\\\/www.eldigitaldeasturias.com\\\/noticias\\\/category\\\/revista-de-ocio\\\/#listItem\",\"name\":\"Revista de Ocio\"}}]},{\"@type\":\"Organization\",\"@id\":\"https:\\\/\\\/www.eldigitaldeasturias.com\\\/noticias\\\/#organization\",\"name\":\"El Digital de Asturias\",\"description\":\"Hemeroteca\",\"url\":\"https:\\\/\\\/www.eldigitaldeasturias.com\\\/noticias\\\/\",\"email\":\"info@eldigitaldeasturias.com\",\"telephone\":\"+34652131393\",\"logo\":{\"@type\":\"ImageObject\",\"url\":\"https:\\\/\\\/www.eldigitaldeasturias.com\\\/noticias\\\/wp-content\\\/uploads\\\/2020\\\/12\\\/EDA.jpg\",\"@id\":\"https:\\\/\\\/www.eldigitaldeasturias.com\\\/noticias\\\/publican-un-inedito-de-max-aub-sobre-luis-bunuel\\\/#organizationLogo\"},\"image\":{\"@id\":\"https:\\\/\\\/www.eldigitaldeasturias.com\\\/noticias\\\/publican-un-inedito-de-max-aub-sobre-luis-bunuel\\\/#organizationLogo\"},\"sameAs\":[\"https:\\\/\\\/facebook.com\\\/eldigitaldeasturias\",\"https:\\\/\\\/www.youtube.com\\\/channel\\\/UCZP-2wLEB9Rv6erhFmqVnvg\"],\"address\":{\"@id\":\"https:\\\/\\\/www.eldigitaldeasturias.com\\\/noticias\\\/#postaladdress\",\"@type\":\"PostalAddress\",\"streetAddress\":\"san antonio 4\",\"postalCode\":\"33430\",\"addressLocality\":\"Cand\\u00e1s\",\"addressRegion\":\"Asturias\",\"addressCountry\":\"ES\"}},{\"@type\":\"Person\",\"@id\":\"https:\\\/\\\/www.eldigitaldeasturias.com\\\/noticias\\\/author\\\/admin\\\/#author\",\"url\":\"https:\\\/\\\/www.eldigitaldeasturias.com\\\/noticias\\\/author\\\/admin\\\/\",\"name\":\"El Digital de Asturias\",\"image\":{\"@type\":\"ImageObject\",\"@id\":\"https:\\\/\\\/www.eldigitaldeasturias.com\\\/noticias\\\/publican-un-inedito-de-max-aub-sobre-luis-bunuel\\\/#authorImage\",\"url\":\"https:\\\/\\\/secure.gravatar.com\\\/avatar\\\/df2aeffc32bcd13f8d26072ef8a91b623d677766deac7f97ca815868cd41bf5e?s=96&d=mm&r=g\",\"width\":96,\"height\":96,\"caption\":\"El Digital de Asturias\"}},{\"@type\":\"WebPage\",\"@id\":\"https:\\\/\\\/www.eldigitaldeasturias.com\\\/noticias\\\/publican-un-inedito-de-max-aub-sobre-luis-bunuel\\\/#webpage\",\"url\":\"https:\\\/\\\/www.eldigitaldeasturias.com\\\/noticias\\\/publican-un-inedito-de-max-aub-sobre-luis-bunuel\\\/\",\"name\":\"Publican un in\\u00e9dito de Max Aub sobre Luis Bu\\u00f1uel - El Digital de Asturias\",\"description\":\"Toledo, 29 nov (EFE).- El \\u00faltimo trabajo in\\u00e9dito de Max Aub, que el escritor de origen jud\\u00edo prepar\\u00f3 durante su exilio en M\\u00e9xico sobre Luis Bu\\u00f1uel, ha sido recuperado en un libro, \\\"imprescindible para recuperar la memoria colectiva de un pueblo\\\". \\\"Luis Bu\\u00f1uel, novela\\\", es el t\\u00edtulo del libro que ha sido presentado hoy en\",\"inLanguage\":\"es-ES\",\"isPartOf\":{\"@id\":\"https:\\\/\\\/www.eldigitaldeasturias.com\\\/noticias\\\/#website\"},\"breadcrumb\":{\"@id\":\"https:\\\/\\\/www.eldigitaldeasturias.com\\\/noticias\\\/publican-un-inedito-de-max-aub-sobre-luis-bunuel\\\/#breadcrumblist\"},\"author\":{\"@id\":\"https:\\\/\\\/www.eldigitaldeasturias.com\\\/noticias\\\/author\\\/admin\\\/#author\"},\"creator\":{\"@id\":\"https:\\\/\\\/www.eldigitaldeasturias.com\\\/noticias\\\/author\\\/admin\\\/#author\"},\"image\":{\"@type\":\"ImageObject\",\"url\":455923,\"@id\":\"https:\\\/\\\/www.eldigitaldeasturias.com\\\/noticias\\\/publican-un-inedito-de-max-aub-sobre-luis-bunuel\\\/#mainImage\"},\"primaryImageOfPage\":{\"@id\":\"https:\\\/\\\/www.eldigitaldeasturias.com\\\/noticias\\\/publican-un-inedito-de-max-aub-sobre-luis-bunuel\\\/#mainImage\"},\"datePublished\":\"2013-11-29T22:16:12+01:00\",\"dateModified\":\"2013-11-29T22:16:12+01:00\"},{\"@type\":\"WebSite\",\"@id\":\"https:\\\/\\\/www.eldigitaldeasturias.com\\\/noticias\\\/#website\",\"url\":\"https:\\\/\\\/www.eldigitaldeasturias.com\\\/noticias\\\/\",\"name\":\"El Digital de Asturias - Diario de actualidad y noticias\",\"alternateName\":\"El Digital de Asturias - Diario de actualidad y noticias\",\"description\":\"Hemeroteca\",\"inLanguage\":\"es-ES\",\"publisher\":{\"@id\":\"https:\\\/\\\/www.eldigitaldeasturias.com\\\/noticias\\\/#organization\"}}]}\n\t\t<\/script>\n\t\t<!-- All in One SEO Pro -->\r\n\t\t<title>Publican un in\u00e9dito de Max Aub sobre Luis Bu\u00f1uel - El Digital de Asturias<\/title>\n\n","aioseo_head_json":{"title":"Publican un in\u00e9dito de Max Aub sobre Luis Bu\u00f1uel - El Digital de Asturias","description":"Toledo, 29 nov (EFE).- El \u00faltimo trabajo in\u00e9dito de Max Aub, que el escritor de origen jud\u00edo prepar\u00f3 durante su exilio en M\u00e9xico sobre Luis Bu\u00f1uel, ha sido recuperado en un libro, \"imprescindible para recuperar la memoria colectiva de un pueblo\". \"Luis Bu\u00f1uel, novela\", es el t\u00edtulo del libro que ha sido presentado hoy en","canonical_url":"https:\/\/www.eldigitaldeasturias.com\/noticias\/publican-un-inedito-de-max-aub-sobre-luis-bunuel\/","robots":"max-image-preview:large","keywords":"revista de ocio","webmasterTools":{"google-site-verification":"UA-38556648-1","msvalidate.01":"7dfe9f3f1b24437ab69f4f2559babe99","miscellaneous":""},"schema":{"@context":"https:\/\/schema.org","@graph":[{"@type":"BlogPosting","@id":"https:\/\/www.eldigitaldeasturias.com\/noticias\/publican-un-inedito-de-max-aub-sobre-luis-bunuel\/#blogposting","name":"Publican un in\u00e9dito de Max Aub sobre Luis Bu\u00f1uel - El Digital de Asturias","headline":"Publican un in\u00e9dito de Max Aub sobre Luis Bu\u00f1uel","author":{"@id":"https:\/\/www.eldigitaldeasturias.com\/noticias\/author\/admin\/#author"},"publisher":{"@id":"https:\/\/www.eldigitaldeasturias.com\/noticias\/#organization"},"image":{"@type":"ImageObject","url":455923},"datePublished":"2013-11-29T22:16:12+01:00","dateModified":"2013-11-29T22:16:12+01:00","inLanguage":"es-ES","mainEntityOfPage":{"@id":"https:\/\/www.eldigitaldeasturias.com\/noticias\/publican-un-inedito-de-max-aub-sobre-luis-bunuel\/#webpage"},"isPartOf":{"@id":"https:\/\/www.eldigitaldeasturias.com\/noticias\/publican-un-inedito-de-max-aub-sobre-luis-bunuel\/#webpage"},"articleSection":"Revista de Ocio"},{"@type":"BreadcrumbList","@id":"https:\/\/www.eldigitaldeasturias.com\/noticias\/publican-un-inedito-de-max-aub-sobre-luis-bunuel\/#breadcrumblist","itemListElement":[{"@type":"ListItem","@id":"https:\/\/www.eldigitaldeasturias.com\/noticias#listItem","position":1,"name":"Home","item":"https:\/\/www.eldigitaldeasturias.com\/noticias","nextItem":{"@type":"ListItem","@id":"https:\/\/www.eldigitaldeasturias.com\/noticias\/category\/revista-de-ocio\/#listItem","name":"Revista de Ocio"}},{"@type":"ListItem","@id":"https:\/\/www.eldigitaldeasturias.com\/noticias\/category\/revista-de-ocio\/#listItem","position":2,"name":"Revista de Ocio","item":"https:\/\/www.eldigitaldeasturias.com\/noticias\/category\/revista-de-ocio\/","nextItem":{"@type":"ListItem","@id":"https:\/\/www.eldigitaldeasturias.com\/noticias\/publican-un-inedito-de-max-aub-sobre-luis-bunuel\/#listItem","name":"Publican un in\u00e9dito de Max Aub sobre Luis Bu\u00f1uel"},"previousItem":{"@type":"ListItem","@id":"https:\/\/www.eldigitaldeasturias.com\/noticias#listItem","name":"Home"}},{"@type":"ListItem","@id":"https:\/\/www.eldigitaldeasturias.com\/noticias\/publican-un-inedito-de-max-aub-sobre-luis-bunuel\/#listItem","position":3,"name":"Publican un in\u00e9dito de Max Aub sobre Luis Bu\u00f1uel","previousItem":{"@type":"ListItem","@id":"https:\/\/www.eldigitaldeasturias.com\/noticias\/category\/revista-de-ocio\/#listItem","name":"Revista de Ocio"}}]},{"@type":"Organization","@id":"https:\/\/www.eldigitaldeasturias.com\/noticias\/#organization","name":"El Digital de Asturias","description":"Hemeroteca","url":"https:\/\/www.eldigitaldeasturias.com\/noticias\/","email":"info@eldigitaldeasturias.com","telephone":"+34652131393","logo":{"@type":"ImageObject","url":"https:\/\/www.eldigitaldeasturias.com\/noticias\/wp-content\/uploads\/2020\/12\/EDA.jpg","@id":"https:\/\/www.eldigitaldeasturias.com\/noticias\/publican-un-inedito-de-max-aub-sobre-luis-bunuel\/#organizationLogo"},"image":{"@id":"https:\/\/www.eldigitaldeasturias.com\/noticias\/publican-un-inedito-de-max-aub-sobre-luis-bunuel\/#organizationLogo"},"sameAs":["https:\/\/facebook.com\/eldigitaldeasturias","https:\/\/www.youtube.com\/channel\/UCZP-2wLEB9Rv6erhFmqVnvg"],"address":{"@id":"https:\/\/www.eldigitaldeasturias.com\/noticias\/#postaladdress","@type":"PostalAddress","streetAddress":"san antonio 4","postalCode":"33430","addressLocality":"Cand\u00e1s","addressRegion":"Asturias","addressCountry":"ES"}},{"@type":"Person","@id":"https:\/\/www.eldigitaldeasturias.com\/noticias\/author\/admin\/#author","url":"https:\/\/www.eldigitaldeasturias.com\/noticias\/author\/admin\/","name":"El Digital de Asturias","image":{"@type":"ImageObject","@id":"https:\/\/www.eldigitaldeasturias.com\/noticias\/publican-un-inedito-de-max-aub-sobre-luis-bunuel\/#authorImage","url":"https:\/\/secure.gravatar.com\/avatar\/df2aeffc32bcd13f8d26072ef8a91b623d677766deac7f97ca815868cd41bf5e?s=96&d=mm&r=g","width":96,"height":96,"caption":"El Digital de Asturias"}},{"@type":"WebPage","@id":"https:\/\/www.eldigitaldeasturias.com\/noticias\/publican-un-inedito-de-max-aub-sobre-luis-bunuel\/#webpage","url":"https:\/\/www.eldigitaldeasturias.com\/noticias\/publican-un-inedito-de-max-aub-sobre-luis-bunuel\/","name":"Publican un in\u00e9dito de Max Aub sobre Luis Bu\u00f1uel - El Digital de Asturias","description":"Toledo, 29 nov (EFE).- El \u00faltimo trabajo in\u00e9dito de Max Aub, que el escritor de origen jud\u00edo prepar\u00f3 durante su exilio en M\u00e9xico sobre Luis Bu\u00f1uel, ha sido recuperado en un libro, \"imprescindible para recuperar la memoria colectiva de un pueblo\". \"Luis Bu\u00f1uel, novela\", es el t\u00edtulo del libro que ha sido presentado hoy en","inLanguage":"es-ES","isPartOf":{"@id":"https:\/\/www.eldigitaldeasturias.com\/noticias\/#website"},"breadcrumb":{"@id":"https:\/\/www.eldigitaldeasturias.com\/noticias\/publican-un-inedito-de-max-aub-sobre-luis-bunuel\/#breadcrumblist"},"author":{"@id":"https:\/\/www.eldigitaldeasturias.com\/noticias\/author\/admin\/#author"},"creator":{"@id":"https:\/\/www.eldigitaldeasturias.com\/noticias\/author\/admin\/#author"},"image":{"@type":"ImageObject","url":455923,"@id":"https:\/\/www.eldigitaldeasturias.com\/noticias\/publican-un-inedito-de-max-aub-sobre-luis-bunuel\/#mainImage"},"primaryImageOfPage":{"@id":"https:\/\/www.eldigitaldeasturias.com\/noticias\/publican-un-inedito-de-max-aub-sobre-luis-bunuel\/#mainImage"},"datePublished":"2013-11-29T22:16:12+01:00","dateModified":"2013-11-29T22:16:12+01:00"},{"@type":"WebSite","@id":"https:\/\/www.eldigitaldeasturias.com\/noticias\/#website","url":"https:\/\/www.eldigitaldeasturias.com\/noticias\/","name":"El Digital de Asturias - Diario de actualidad y noticias","alternateName":"El Digital de Asturias - Diario de actualidad y noticias","description":"Hemeroteca","inLanguage":"es-ES","publisher":{"@id":"https:\/\/www.eldigitaldeasturias.com\/noticias\/#organization"}}]},"og:locale":"es_ES","og:site_name":"El Digital de Asturias","og:type":"article","og:title":"Publican un in\u00e9dito de Max Aub sobre Luis Bu\u00f1uel - El Digital de Asturias","og:description":"Toledo, 29 nov (EFE).- El \u00faltimo trabajo in\u00e9dito de Max Aub, que el escritor de origen jud\u00edo prepar\u00f3 durante su exilio en M\u00e9xico sobre Luis Bu\u00f1uel, ha sido recuperado en un libro, &quot;imprescindible para recuperar la memoria colectiva de un pueblo&quot;. &quot;Luis Bu\u00f1uel, novela&quot;, es el t\u00edtulo del libro que ha sido presentado hoy en","og:url":"https:\/\/www.eldigitaldeasturias.com\/noticias\/publican-un-inedito-de-max-aub-sobre-luis-bunuel\/","article:tag":["revista de ocio"],"article:published_time":"2013-11-29T23:16:12+00:00","article:modified_time":"2013-11-29T23:16:12+00:00","article:publisher":"https:\/\/facebook.com\/eldigitaldeasturias","twitter:card":"summary_large_image","twitter:title":"Publican un in\u00e9dito de Max Aub sobre Luis Bu\u00f1uel - El Digital de Asturias","twitter:description":"Toledo, 29 nov (EFE).- El \u00faltimo trabajo in\u00e9dito de Max Aub, que el escritor de origen jud\u00edo prepar\u00f3 durante su exilio en M\u00e9xico sobre Luis Bu\u00f1uel, ha sido recuperado en un libro, &quot;imprescindible para recuperar la memoria colectiva de un pueblo&quot;. &quot;Luis Bu\u00f1uel, novela&quot;, es el t\u00edtulo del libro que ha sido presentado hoy en","twitter:label1":"Escrito por","twitter:data1":"El Digital de Asturias","twitter:label2":"Tiempo de lectura estimado","twitter:data2":"1 minuto"},"aioseo_meta_data":{"post_id":"455922","title":null,"description":null,"keywords":null,"keyphrases":null,"primary_term":null,"canonical_url":null,"og_title":null,"og_description":null,"og_object_type":"default","og_image_type":"default","og_image_url":null,"og_image_width":null,"og_image_height":null,"og_image_custom_url":null,"og_image_custom_fields":null,"og_video":null,"og_custom_url":null,"og_article_section":null,"og_article_tags":null,"twitter_use_og":true,"twitter_card":"default","twitter_image_type":"default","twitter_image_url":null,"twitter_image_custom_url":null,"twitter_image_custom_fields":null,"twitter_title":null,"twitter_description":null,"schema":{"blockGraphs":[],"customGraphs":[],"default":{"data":{"Article":[],"Course":[],"Dataset":[],"FAQPage":[],"Movie":[],"Person":[],"Product":[],"ProductReview":[],"Car":[],"Recipe":[],"Service":[],"SoftwareApplication":[],"WebPage":[]},"graphName":"","isEnabled":true},"graphs":[],"defaultGraph":"","defaultPostTypeGraph":""},"schema_type":null,"schema_type_options":null,"pillar_content":false,"robots_default":true,"robots_noindex":false,"robots_noarchive":false,"robots_nosnippet":false,"robots_nofollow":false,"robots_noimageindex":false,"robots_noodp":false,"robots_notranslate":false,"robots_max_snippet":null,"robots_max_videopreview":null,"robots_max_imagepreview":"none","priority":null,"frequency":null,"local_seo":null,"seo_analyzer_scan_date":"2026-05-29 20:04:13","breadcrumb_settings":null,"limit_modified_date":false,"open_ai":null,"ai":null,"created":"2020-11-14 22:45:24","updated":"2026-05-29 20:04:13","focus_keyword":null,"additional_keywords":null,"truseo_locale":null},"aioseo_breadcrumb":"<div class=\"aioseo-breadcrumbs\"><span class=\"aioseo-breadcrumb\">\n\t<a href=\"https:\/\/www.eldigitaldeasturias.com\/noticias\" title=\"Home\">Home<\/a>\n<\/span><span class=\"aioseo-breadcrumb-separator\">\u2013<\/span><span class=\"aioseo-breadcrumb\">\n\t<a href=\"https:\/\/www.eldigitaldeasturias.com\/noticias\/category\/revista-de-ocio\/\" title=\"Revista de Ocio\">Revista de Ocio<\/a>\n<\/span><span class=\"aioseo-breadcrumb-separator\">\u2013<\/span><span class=\"aioseo-breadcrumb\">\n\t<a href=\"https:\/\/www.eldigitaldeasturias.com\/noticias\/publican-un-inedito-de-max-aub-sobre-luis-bunuel\/\" title=\"Publican un in\u00e9dito de Max Aub sobre Luis Bu\u00f1uel\">Publican un in\u00e9dito de Max Aub sobre Luis Bu\u00f1uel<\/a>\n<\/span><\/div>","aioseo_breadcrumb_json":[{"label":"Home","link":"https:\/\/www.eldigitaldeasturias.com\/noticias"},{"label":"Revista de Ocio","link":"https:\/\/www.eldigitaldeasturias.com\/noticias\/category\/revista-de-ocio\/"},{"label":"Publican un in\u00e9dito de Max Aub sobre Luis Bu\u00f1uel","link":"https:\/\/www.eldigitaldeasturias.com\/noticias\/publican-un-inedito-de-max-aub-sobre-luis-bunuel\/"}],"_links":{"self":[{"href":"https:\/\/www.eldigitaldeasturias.com\/noticias\/wp-json\/wp\/v2\/posts\/455922","targetHints":{"allow":["GET"]}}],"collection":[{"href":"https:\/\/www.eldigitaldeasturias.com\/noticias\/wp-json\/wp\/v2\/posts"}],"about":[{"href":"https:\/\/www.eldigitaldeasturias.com\/noticias\/wp-json\/wp\/v2\/types\/post"}],"author":[{"embeddable":true,"href":"https:\/\/www.eldigitaldeasturias.com\/noticias\/wp-json\/wp\/v2\/users\/1"}],"replies":[{"embeddable":true,"href":"https:\/\/www.eldigitaldeasturias.com\/noticias\/wp-json\/wp\/v2\/comments?post=455922"}],"version-history":[{"count":0,"href":"https:\/\/www.eldigitaldeasturias.com\/noticias\/wp-json\/wp\/v2\/posts\/455922\/revisions"}],"wp:attachment":[{"href":"https:\/\/www.eldigitaldeasturias.com\/noticias\/wp-json\/wp\/v2\/media?parent=455922"}],"wp:term":[{"taxonomy":"category","embeddable":true,"href":"https:\/\/www.eldigitaldeasturias.com\/noticias\/wp-json\/wp\/v2\/categories?post=455922"},{"taxonomy":"post_tag","embeddable":true,"href":"https:\/\/www.eldigitaldeasturias.com\/noticias\/wp-json\/wp\/v2\/tags?post=455922"}],"curies":[{"name":"wp","href":"https:\/\/api.w.org\/{rel}","templated":true}]}}