{"id":455910,"date":"2013-11-29T22:07:34","date_gmt":"2013-11-29T23:07:34","guid":{"rendered":"http:\/\/www.eldigitaldeasturias.com\/noticias\/?p=455910"},"modified":"2013-11-29T22:07:34","modified_gmt":"2013-11-29T23:07:34","slug":"la-pelicula-de-mandela-llena-los-cines-el-dia-de-su-estreno-en-sudafrica","status":"publish","type":"post","link":"https:\/\/www.eldigitaldeasturias.com\/noticias\/la-pelicula-de-mandela-llena-los-cines-el-dia-de-su-estreno-en-sudafrica\/","title":{"rendered":"La pel\u00edcula de Mandela llena los cines el d\u00eda de su estreno en Sud\u00e1frica"},"content":{"rendered":"<p><img loading=\"lazy\" decoding=\"async\" class=\"alignleft size-medium wp-image-455911\" alt=\"5762182w\" src=\"https:\/\/www.eldigitaldeasturias.com\/noticias\/wp-content\/uploads\/2013\/11\/5762182w-215x320.jpg\" width=\"215\" height=\"320\" \/>Johannesburgo, 29 nov (EFE).- La pel\u00edcula biogr\u00e1fica sobre el expresidente sudafricano Nelson Mandela, \u00abLong Walk To Freedom\u00bb, fue estrenada en Sud\u00e1frica con gran \u00e9xito de p\u00fablico, asegur\u00f3 hoy a Efe el productor de la cinta, Anant Singh.<\/p>\n<p>\u00abPude ver el estreno (anoche) en dos cines de Durban -ciudad sudafricana en la que reside-, los dos con todas las entradas vendidas\u00bb, dijo Singh.<\/p>\n<p>El productor destac\u00f3 la intensidad con que los asistentes a la sala siguieron la proyecci\u00f3n, y calific\u00f3 el estreno en su pa\u00eds de \u00abmuy emocionante\u00bb.<\/p>\n<p>Parecidas sensaciones experiment\u00f3 la abogada Annelien Carr, de 30 a\u00f1os, quien asegur\u00f3 a Efe que llor\u00f3 durante al proyecci\u00f3n y agreg\u00f3 que todos los espectadores, de todas las razas, mostraban su indignaci\u00f3n en las escenas que recrean los momentos m\u00e1s duros de la lucha de Mandela contra el r\u00e9gimen racista del \u00abapartheid\u00bb.<\/p>\n<p>Coincidiendo con el estreno de la cinta -dirigida por el brit\u00e1nico Justin Chadwick y con su compatriota Idris Elba en el papel del Mandela adulto-, la prensa sudafricana ha alabado el \u00abatractivo\u00bb de la pel\u00edcula y su rigor hist\u00f3rico.<\/p>\n<p>\u00abLos responsables de &#8216;Long Walk To Freedom&#8217; han hecho una pel\u00edcula amena y que al mismo tiempo es fiel a los hechos\u00bb, escribe hoy el semanario \u00abMail &amp; Guardian\u00bb.<\/p>\n<p>Por su parte, el diario \u00abThe Star\u00bb -que antes hab\u00eda criticado el filme por su supuesta falta de conexi\u00f3n en las escenas- alab\u00f3 la capacidad de la pel\u00edcula de poner en dos horas y media aspectos de la historia sudafricana como la \u00abinjusticia\u00bb y la \u00abreconciliaci\u00f3n\u00bb.<\/p>\n","protected":false},"excerpt":{"rendered":"<p>Johannesburgo, 29 nov (EFE).- La pel\u00edcula biogr\u00e1fica sobre el expresidente sudafricano Nelson Mandela, \u00abLong Walk To Freedom\u00bb, fue estrenada en Sud\u00e1frica con gran \u00e9xito de p\u00fablico, asegur\u00f3 hoy a Efe el productor de la cinta, Anant Singh. \u00abPude ver el estreno (anoche) en dos cines de Durban -ciudad sudafricana en la que reside-, los dos [&hellip;]<\/p>\n","protected":false},"author":1,"featured_media":455911,"comment_status":"closed","ping_status":"open","sticky":false,"template":"","format":"standard","meta":{"footnotes":""},"categories":[50],"tags":[],"class_list":["post-455910","post","type-post","status-publish","format-standard","has-post-thumbnail","hentry","category-revista-de-ocio"],"aioseo_notices":[],"aioseo_head":"\n\t\t<!-- All in One SEO Pro 5.0.1 - aioseo.com -->\n\t<meta name=\"description\" content=\"Johannesburgo, 29 nov (EFE).- La pel\u00edcula biogr\u00e1fica sobre el expresidente sudafricano Nelson Mandela, &quot;Long Walk To Freedom&quot;, fue estrenada en Sud\u00e1frica con gran \u00e9xito de p\u00fablico, asegur\u00f3 hoy a Efe el productor de la cinta, Anant Singh. &quot;Pude ver el estreno (anoche) en dos cines de Durban -ciudad sudafricana en la que reside-, los dos\" \/>\n\t<meta name=\"robots\" content=\"max-image-preview:large\" \/>\n\t<meta name=\"author\" content=\"El Digital de Asturias\"\/>\n\t<meta name=\"google-site-verification\" content=\"UA-38556648-1\" \/>\n\t<meta name=\"msvalidate.01\" content=\"7dfe9f3f1b24437ab69f4f2559babe99\" \/>\n\t<meta name=\"keywords\" content=\"revista de ocio\" \/>\n\t<link rel=\"canonical\" href=\"https:\/\/www.eldigitaldeasturias.com\/noticias\/la-pelicula-de-mandela-llena-los-cines-el-dia-de-su-estreno-en-sudafrica\/\" \/>\n\t<meta name=\"generator\" content=\"All in One SEO Pro (AIOSEO) 5.0.1\" \/>\n\t\t<meta property=\"og:locale\" content=\"es_ES\" \/>\n\t\t<meta property=\"og:site_name\" content=\"El Digital de Asturias\" \/>\n\t\t<meta property=\"og:type\" content=\"article\" \/>\n\t\t<meta property=\"og:title\" content=\"La pel\u00edcula de Mandela llena los cines el d\u00eda de su estreno en Sud\u00e1frica - El Digital de Asturias\" \/>\n\t\t<meta property=\"og:description\" content=\"Johannesburgo, 29 nov (EFE).- La pel\u00edcula biogr\u00e1fica sobre el expresidente sudafricano Nelson Mandela, &quot;Long Walk To Freedom&quot;, fue estrenada en Sud\u00e1frica con gran \u00e9xito de p\u00fablico, asegur\u00f3 hoy a Efe el productor de la cinta, Anant Singh. &quot;Pude ver el estreno (anoche) en dos cines de Durban -ciudad sudafricana en la que reside-, los dos\" \/>\n\t\t<meta property=\"og:url\" content=\"https:\/\/www.eldigitaldeasturias.com\/noticias\/la-pelicula-de-mandela-llena-los-cines-el-dia-de-su-estreno-en-sudafrica\/\" \/>\n\t\t<meta property=\"article:tag\" content=\"revista de ocio\" \/>\n\t\t<meta property=\"article:published_time\" content=\"2013-11-29T23:07:34+00:00\" \/>\n\t\t<meta property=\"article:modified_time\" content=\"2013-11-29T23:07:34+00:00\" \/>\n\t\t<meta property=\"article:publisher\" content=\"https:\/\/facebook.com\/eldigitaldeasturias\" \/>\n\t\t<meta name=\"twitter:card\" content=\"summary_large_image\" \/>\n\t\t<meta name=\"twitter:title\" content=\"La pel\u00edcula de Mandela llena los cines el d\u00eda de su estreno en Sud\u00e1frica - El Digital de Asturias\" \/>\n\t\t<meta name=\"twitter:description\" content=\"Johannesburgo, 29 nov (EFE).- La pel\u00edcula biogr\u00e1fica sobre el expresidente sudafricano Nelson Mandela, &quot;Long Walk To Freedom&quot;, fue estrenada en Sud\u00e1frica con gran \u00e9xito de p\u00fablico, asegur\u00f3 hoy a Efe el productor de la cinta, Anant Singh. &quot;Pude ver el estreno (anoche) en dos cines de Durban -ciudad sudafricana en la que reside-, los dos\" \/>\n\t\t<meta name=\"twitter:label1\" content=\"Escrito por\" \/>\n\t\t<meta name=\"twitter:data1\" content=\"El Digital de Asturias\" \/>\n\t\t<meta name=\"twitter:label2\" content=\"Tiempo de lectura estimado\" \/>\n\t\t<meta name=\"twitter:data2\" content=\"1 minuto\" \/>\n\t\t<script type=\"application\/ld+json\" class=\"aioseo-schema\">\n\t\t\t{\"@context\":\"https:\\\/\\\/schema.org\",\"@graph\":[{\"@type\":\"BlogPosting\",\"@id\":\"https:\\\/\\\/www.eldigitaldeasturias.com\\\/noticias\\\/la-pelicula-de-mandela-llena-los-cines-el-dia-de-su-estreno-en-sudafrica\\\/#blogposting\",\"name\":\"La pel\\u00edcula de Mandela llena los cines el d\\u00eda de su estreno en Sud\\u00e1frica - El Digital de Asturias\",\"headline\":\"La pel\\u00edcula de Mandela llena los cines el d\\u00eda de su estreno en Sud\\u00e1frica\",\"author\":{\"@id\":\"https:\\\/\\\/www.eldigitaldeasturias.com\\\/noticias\\\/author\\\/admin\\\/#author\"},\"publisher\":{\"@id\":\"https:\\\/\\\/www.eldigitaldeasturias.com\\\/noticias\\\/#organization\"},\"image\":{\"@type\":\"ImageObject\",\"url\":455911},\"datePublished\":\"2013-11-29T22:07:34+01:00\",\"dateModified\":\"2013-11-29T22:07:34+01:00\",\"inLanguage\":\"es-ES\",\"mainEntityOfPage\":{\"@id\":\"https:\\\/\\\/www.eldigitaldeasturias.com\\\/noticias\\\/la-pelicula-de-mandela-llena-los-cines-el-dia-de-su-estreno-en-sudafrica\\\/#webpage\"},\"isPartOf\":{\"@id\":\"https:\\\/\\\/www.eldigitaldeasturias.com\\\/noticias\\\/la-pelicula-de-mandela-llena-los-cines-el-dia-de-su-estreno-en-sudafrica\\\/#webpage\"},\"articleSection\":\"Revista de Ocio\"},{\"@type\":\"BreadcrumbList\",\"@id\":\"https:\\\/\\\/www.eldigitaldeasturias.com\\\/noticias\\\/la-pelicula-de-mandela-llena-los-cines-el-dia-de-su-estreno-en-sudafrica\\\/#breadcrumblist\",\"itemListElement\":[{\"@type\":\"ListItem\",\"@id\":\"https:\\\/\\\/www.eldigitaldeasturias.com\\\/noticias#listItem\",\"position\":1,\"name\":\"Home\",\"item\":\"https:\\\/\\\/www.eldigitaldeasturias.com\\\/noticias\",\"nextItem\":{\"@type\":\"ListItem\",\"@id\":\"https:\\\/\\\/www.eldigitaldeasturias.com\\\/noticias\\\/category\\\/revista-de-ocio\\\/#listItem\",\"name\":\"Revista de Ocio\"}},{\"@type\":\"ListItem\",\"@id\":\"https:\\\/\\\/www.eldigitaldeasturias.com\\\/noticias\\\/category\\\/revista-de-ocio\\\/#listItem\",\"position\":2,\"name\":\"Revista de Ocio\",\"item\":\"https:\\\/\\\/www.eldigitaldeasturias.com\\\/noticias\\\/category\\\/revista-de-ocio\\\/\",\"nextItem\":{\"@type\":\"ListItem\",\"@id\":\"https:\\\/\\\/www.eldigitaldeasturias.com\\\/noticias\\\/la-pelicula-de-mandela-llena-los-cines-el-dia-de-su-estreno-en-sudafrica\\\/#listItem\",\"name\":\"La pel\\u00edcula de Mandela llena los cines el d\\u00eda de su estreno en Sud\\u00e1frica\"},\"previousItem\":{\"@type\":\"ListItem\",\"@id\":\"https:\\\/\\\/www.eldigitaldeasturias.com\\\/noticias#listItem\",\"name\":\"Home\"}},{\"@type\":\"ListItem\",\"@id\":\"https:\\\/\\\/www.eldigitaldeasturias.com\\\/noticias\\\/la-pelicula-de-mandela-llena-los-cines-el-dia-de-su-estreno-en-sudafrica\\\/#listItem\",\"position\":3,\"name\":\"La pel\\u00edcula de Mandela llena los cines el d\\u00eda de su estreno en Sud\\u00e1frica\",\"previousItem\":{\"@type\":\"ListItem\",\"@id\":\"https:\\\/\\\/www.eldigitaldeasturias.com\\\/noticias\\\/category\\\/revista-de-ocio\\\/#listItem\",\"name\":\"Revista de Ocio\"}}]},{\"@type\":\"Organization\",\"@id\":\"https:\\\/\\\/www.eldigitaldeasturias.com\\\/noticias\\\/#organization\",\"name\":\"El Digital de Asturias\",\"description\":\"Hemeroteca\",\"url\":\"https:\\\/\\\/www.eldigitaldeasturias.com\\\/noticias\\\/\",\"email\":\"info@eldigitaldeasturias.com\",\"telephone\":\"+34652131393\",\"logo\":{\"@type\":\"ImageObject\",\"url\":\"https:\\\/\\\/www.eldigitaldeasturias.com\\\/noticias\\\/wp-content\\\/uploads\\\/2020\\\/12\\\/EDA.jpg\",\"@id\":\"https:\\\/\\\/www.eldigitaldeasturias.com\\\/noticias\\\/la-pelicula-de-mandela-llena-los-cines-el-dia-de-su-estreno-en-sudafrica\\\/#organizationLogo\"},\"image\":{\"@id\":\"https:\\\/\\\/www.eldigitaldeasturias.com\\\/noticias\\\/la-pelicula-de-mandela-llena-los-cines-el-dia-de-su-estreno-en-sudafrica\\\/#organizationLogo\"},\"sameAs\":[\"https:\\\/\\\/facebook.com\\\/eldigitaldeasturias\",\"https:\\\/\\\/www.youtube.com\\\/channel\\\/UCZP-2wLEB9Rv6erhFmqVnvg\"],\"address\":{\"@id\":\"https:\\\/\\\/www.eldigitaldeasturias.com\\\/noticias\\\/#postaladdress\",\"@type\":\"PostalAddress\",\"streetAddress\":\"san antonio 4\",\"postalCode\":\"33430\",\"addressLocality\":\"Cand\\u00e1s\",\"addressRegion\":\"Asturias\",\"addressCountry\":\"ES\"}},{\"@type\":\"Person\",\"@id\":\"https:\\\/\\\/www.eldigitaldeasturias.com\\\/noticias\\\/author\\\/admin\\\/#author\",\"url\":\"https:\\\/\\\/www.eldigitaldeasturias.com\\\/noticias\\\/author\\\/admin\\\/\",\"name\":\"El Digital de Asturias\",\"image\":{\"@type\":\"ImageObject\",\"@id\":\"https:\\\/\\\/www.eldigitaldeasturias.com\\\/noticias\\\/la-pelicula-de-mandela-llena-los-cines-el-dia-de-su-estreno-en-sudafrica\\\/#authorImage\",\"url\":\"https:\\\/\\\/secure.gravatar.com\\\/avatar\\\/df2aeffc32bcd13f8d26072ef8a91b623d677766deac7f97ca815868cd41bf5e?s=96&d=mm&r=g\",\"width\":96,\"height\":96,\"caption\":\"El Digital de Asturias\"}},{\"@type\":\"WebPage\",\"@id\":\"https:\\\/\\\/www.eldigitaldeasturias.com\\\/noticias\\\/la-pelicula-de-mandela-llena-los-cines-el-dia-de-su-estreno-en-sudafrica\\\/#webpage\",\"url\":\"https:\\\/\\\/www.eldigitaldeasturias.com\\\/noticias\\\/la-pelicula-de-mandela-llena-los-cines-el-dia-de-su-estreno-en-sudafrica\\\/\",\"name\":\"La pel\\u00edcula de Mandela llena los cines el d\\u00eda de su estreno en Sud\\u00e1frica - El Digital de Asturias\",\"description\":\"Johannesburgo, 29 nov (EFE).- La pel\\u00edcula biogr\\u00e1fica sobre el expresidente sudafricano Nelson Mandela, \\\"Long Walk To Freedom\\\", fue estrenada en Sud\\u00e1frica con gran \\u00e9xito de p\\u00fablico, asegur\\u00f3 hoy a Efe el productor de la cinta, Anant Singh. \\\"Pude ver el estreno (anoche) en dos cines de Durban -ciudad sudafricana en la que reside-, los dos\",\"inLanguage\":\"es-ES\",\"isPartOf\":{\"@id\":\"https:\\\/\\\/www.eldigitaldeasturias.com\\\/noticias\\\/#website\"},\"breadcrumb\":{\"@id\":\"https:\\\/\\\/www.eldigitaldeasturias.com\\\/noticias\\\/la-pelicula-de-mandela-llena-los-cines-el-dia-de-su-estreno-en-sudafrica\\\/#breadcrumblist\"},\"author\":{\"@id\":\"https:\\\/\\\/www.eldigitaldeasturias.com\\\/noticias\\\/author\\\/admin\\\/#author\"},\"creator\":{\"@id\":\"https:\\\/\\\/www.eldigitaldeasturias.com\\\/noticias\\\/author\\\/admin\\\/#author\"},\"image\":{\"@type\":\"ImageObject\",\"url\":455911,\"@id\":\"https:\\\/\\\/www.eldigitaldeasturias.com\\\/noticias\\\/la-pelicula-de-mandela-llena-los-cines-el-dia-de-su-estreno-en-sudafrica\\\/#mainImage\"},\"primaryImageOfPage\":{\"@id\":\"https:\\\/\\\/www.eldigitaldeasturias.com\\\/noticias\\\/la-pelicula-de-mandela-llena-los-cines-el-dia-de-su-estreno-en-sudafrica\\\/#mainImage\"},\"datePublished\":\"2013-11-29T22:07:34+01:00\",\"dateModified\":\"2013-11-29T22:07:34+01:00\"},{\"@type\":\"WebSite\",\"@id\":\"https:\\\/\\\/www.eldigitaldeasturias.com\\\/noticias\\\/#website\",\"url\":\"https:\\\/\\\/www.eldigitaldeasturias.com\\\/noticias\\\/\",\"name\":\"El Digital de Asturias - Diario de actualidad y noticias\",\"alternateName\":\"El Digital de Asturias - Diario de actualidad y noticias\",\"description\":\"Hemeroteca\",\"inLanguage\":\"es-ES\",\"publisher\":{\"@id\":\"https:\\\/\\\/www.eldigitaldeasturias.com\\\/noticias\\\/#organization\"}}]}\n\t\t<\/script>\n\t\t<!-- All in One SEO Pro -->\r\n\t\t<title>La pel\u00edcula de Mandela llena los cines el d\u00eda de su estreno en Sud\u00e1frica - El Digital de Asturias<\/title>\n\n","aioseo_head_json":{"title":"La pel\u00edcula de Mandela llena los cines el d\u00eda de su estreno en Sud\u00e1frica - El Digital de Asturias","description":"Johannesburgo, 29 nov (EFE).- La pel\u00edcula biogr\u00e1fica sobre el expresidente sudafricano Nelson Mandela, \"Long Walk To Freedom\", fue estrenada en Sud\u00e1frica con gran \u00e9xito de p\u00fablico, asegur\u00f3 hoy a Efe el productor de la cinta, Anant Singh. \"Pude ver el estreno (anoche) en dos cines de Durban -ciudad sudafricana en la que reside-, los dos","canonical_url":"https:\/\/www.eldigitaldeasturias.com\/noticias\/la-pelicula-de-mandela-llena-los-cines-el-dia-de-su-estreno-en-sudafrica\/","robots":"max-image-preview:large","keywords":"revista de ocio","webmasterTools":{"google-site-verification":"UA-38556648-1","msvalidate.01":"7dfe9f3f1b24437ab69f4f2559babe99","miscellaneous":""},"schema":{"@context":"https:\/\/schema.org","@graph":[{"@type":"BlogPosting","@id":"https:\/\/www.eldigitaldeasturias.com\/noticias\/la-pelicula-de-mandela-llena-los-cines-el-dia-de-su-estreno-en-sudafrica\/#blogposting","name":"La pel\u00edcula de Mandela llena los cines el d\u00eda de su estreno en Sud\u00e1frica - El Digital de Asturias","headline":"La pel\u00edcula de Mandela llena los cines el d\u00eda de su estreno en Sud\u00e1frica","author":{"@id":"https:\/\/www.eldigitaldeasturias.com\/noticias\/author\/admin\/#author"},"publisher":{"@id":"https:\/\/www.eldigitaldeasturias.com\/noticias\/#organization"},"image":{"@type":"ImageObject","url":455911},"datePublished":"2013-11-29T22:07:34+01:00","dateModified":"2013-11-29T22:07:34+01:00","inLanguage":"es-ES","mainEntityOfPage":{"@id":"https:\/\/www.eldigitaldeasturias.com\/noticias\/la-pelicula-de-mandela-llena-los-cines-el-dia-de-su-estreno-en-sudafrica\/#webpage"},"isPartOf":{"@id":"https:\/\/www.eldigitaldeasturias.com\/noticias\/la-pelicula-de-mandela-llena-los-cines-el-dia-de-su-estreno-en-sudafrica\/#webpage"},"articleSection":"Revista de Ocio"},{"@type":"BreadcrumbList","@id":"https:\/\/www.eldigitaldeasturias.com\/noticias\/la-pelicula-de-mandela-llena-los-cines-el-dia-de-su-estreno-en-sudafrica\/#breadcrumblist","itemListElement":[{"@type":"ListItem","@id":"https:\/\/www.eldigitaldeasturias.com\/noticias#listItem","position":1,"name":"Home","item":"https:\/\/www.eldigitaldeasturias.com\/noticias","nextItem":{"@type":"ListItem","@id":"https:\/\/www.eldigitaldeasturias.com\/noticias\/category\/revista-de-ocio\/#listItem","name":"Revista de Ocio"}},{"@type":"ListItem","@id":"https:\/\/www.eldigitaldeasturias.com\/noticias\/category\/revista-de-ocio\/#listItem","position":2,"name":"Revista de Ocio","item":"https:\/\/www.eldigitaldeasturias.com\/noticias\/category\/revista-de-ocio\/","nextItem":{"@type":"ListItem","@id":"https:\/\/www.eldigitaldeasturias.com\/noticias\/la-pelicula-de-mandela-llena-los-cines-el-dia-de-su-estreno-en-sudafrica\/#listItem","name":"La pel\u00edcula de Mandela llena los cines el d\u00eda de su estreno en Sud\u00e1frica"},"previousItem":{"@type":"ListItem","@id":"https:\/\/www.eldigitaldeasturias.com\/noticias#listItem","name":"Home"}},{"@type":"ListItem","@id":"https:\/\/www.eldigitaldeasturias.com\/noticias\/la-pelicula-de-mandela-llena-los-cines-el-dia-de-su-estreno-en-sudafrica\/#listItem","position":3,"name":"La pel\u00edcula de Mandela llena los cines el d\u00eda de su estreno en Sud\u00e1frica","previousItem":{"@type":"ListItem","@id":"https:\/\/www.eldigitaldeasturias.com\/noticias\/category\/revista-de-ocio\/#listItem","name":"Revista de Ocio"}}]},{"@type":"Organization","@id":"https:\/\/www.eldigitaldeasturias.com\/noticias\/#organization","name":"El Digital de Asturias","description":"Hemeroteca","url":"https:\/\/www.eldigitaldeasturias.com\/noticias\/","email":"info@eldigitaldeasturias.com","telephone":"+34652131393","logo":{"@type":"ImageObject","url":"https:\/\/www.eldigitaldeasturias.com\/noticias\/wp-content\/uploads\/2020\/12\/EDA.jpg","@id":"https:\/\/www.eldigitaldeasturias.com\/noticias\/la-pelicula-de-mandela-llena-los-cines-el-dia-de-su-estreno-en-sudafrica\/#organizationLogo"},"image":{"@id":"https:\/\/www.eldigitaldeasturias.com\/noticias\/la-pelicula-de-mandela-llena-los-cines-el-dia-de-su-estreno-en-sudafrica\/#organizationLogo"},"sameAs":["https:\/\/facebook.com\/eldigitaldeasturias","https:\/\/www.youtube.com\/channel\/UCZP-2wLEB9Rv6erhFmqVnvg"],"address":{"@id":"https:\/\/www.eldigitaldeasturias.com\/noticias\/#postaladdress","@type":"PostalAddress","streetAddress":"san antonio 4","postalCode":"33430","addressLocality":"Cand\u00e1s","addressRegion":"Asturias","addressCountry":"ES"}},{"@type":"Person","@id":"https:\/\/www.eldigitaldeasturias.com\/noticias\/author\/admin\/#author","url":"https:\/\/www.eldigitaldeasturias.com\/noticias\/author\/admin\/","name":"El Digital de Asturias","image":{"@type":"ImageObject","@id":"https:\/\/www.eldigitaldeasturias.com\/noticias\/la-pelicula-de-mandela-llena-los-cines-el-dia-de-su-estreno-en-sudafrica\/#authorImage","url":"https:\/\/secure.gravatar.com\/avatar\/df2aeffc32bcd13f8d26072ef8a91b623d677766deac7f97ca815868cd41bf5e?s=96&d=mm&r=g","width":96,"height":96,"caption":"El Digital de Asturias"}},{"@type":"WebPage","@id":"https:\/\/www.eldigitaldeasturias.com\/noticias\/la-pelicula-de-mandela-llena-los-cines-el-dia-de-su-estreno-en-sudafrica\/#webpage","url":"https:\/\/www.eldigitaldeasturias.com\/noticias\/la-pelicula-de-mandela-llena-los-cines-el-dia-de-su-estreno-en-sudafrica\/","name":"La pel\u00edcula de Mandela llena los cines el d\u00eda de su estreno en Sud\u00e1frica - El Digital de Asturias","description":"Johannesburgo, 29 nov (EFE).- La pel\u00edcula biogr\u00e1fica sobre el expresidente sudafricano Nelson Mandela, \"Long Walk To Freedom\", fue estrenada en Sud\u00e1frica con gran \u00e9xito de p\u00fablico, asegur\u00f3 hoy a Efe el productor de la cinta, Anant Singh. \"Pude ver el estreno (anoche) en dos cines de Durban -ciudad sudafricana en la que reside-, los dos","inLanguage":"es-ES","isPartOf":{"@id":"https:\/\/www.eldigitaldeasturias.com\/noticias\/#website"},"breadcrumb":{"@id":"https:\/\/www.eldigitaldeasturias.com\/noticias\/la-pelicula-de-mandela-llena-los-cines-el-dia-de-su-estreno-en-sudafrica\/#breadcrumblist"},"author":{"@id":"https:\/\/www.eldigitaldeasturias.com\/noticias\/author\/admin\/#author"},"creator":{"@id":"https:\/\/www.eldigitaldeasturias.com\/noticias\/author\/admin\/#author"},"image":{"@type":"ImageObject","url":455911,"@id":"https:\/\/www.eldigitaldeasturias.com\/noticias\/la-pelicula-de-mandela-llena-los-cines-el-dia-de-su-estreno-en-sudafrica\/#mainImage"},"primaryImageOfPage":{"@id":"https:\/\/www.eldigitaldeasturias.com\/noticias\/la-pelicula-de-mandela-llena-los-cines-el-dia-de-su-estreno-en-sudafrica\/#mainImage"},"datePublished":"2013-11-29T22:07:34+01:00","dateModified":"2013-11-29T22:07:34+01:00"},{"@type":"WebSite","@id":"https:\/\/www.eldigitaldeasturias.com\/noticias\/#website","url":"https:\/\/www.eldigitaldeasturias.com\/noticias\/","name":"El Digital de Asturias - Diario de actualidad y noticias","alternateName":"El Digital de Asturias - Diario de actualidad y noticias","description":"Hemeroteca","inLanguage":"es-ES","publisher":{"@id":"https:\/\/www.eldigitaldeasturias.com\/noticias\/#organization"}}]},"og:locale":"es_ES","og:site_name":"El Digital de Asturias","og:type":"article","og:title":"La pel\u00edcula de Mandela llena los cines el d\u00eda de su estreno en Sud\u00e1frica - El Digital de Asturias","og:description":"Johannesburgo, 29 nov (EFE).- La pel\u00edcula biogr\u00e1fica sobre el expresidente sudafricano Nelson Mandela, &quot;Long Walk To Freedom&quot;, fue estrenada en Sud\u00e1frica con gran \u00e9xito de p\u00fablico, asegur\u00f3 hoy a Efe el productor de la cinta, Anant Singh. &quot;Pude ver el estreno (anoche) en dos cines de Durban -ciudad sudafricana en la que reside-, los dos","og:url":"https:\/\/www.eldigitaldeasturias.com\/noticias\/la-pelicula-de-mandela-llena-los-cines-el-dia-de-su-estreno-en-sudafrica\/","article:tag":["revista de ocio"],"article:published_time":"2013-11-29T23:07:34+00:00","article:modified_time":"2013-11-29T23:07:34+00:00","article:publisher":"https:\/\/facebook.com\/eldigitaldeasturias","twitter:card":"summary_large_image","twitter:title":"La pel\u00edcula de Mandela llena los cines el d\u00eda de su estreno en Sud\u00e1frica - El Digital de Asturias","twitter:description":"Johannesburgo, 29 nov (EFE).- La pel\u00edcula biogr\u00e1fica sobre el expresidente sudafricano Nelson Mandela, &quot;Long Walk To Freedom&quot;, fue estrenada en Sud\u00e1frica con gran \u00e9xito de p\u00fablico, asegur\u00f3 hoy a Efe el productor de la cinta, Anant Singh. &quot;Pude ver el estreno (anoche) en dos cines de Durban -ciudad sudafricana en la que reside-, los dos","twitter:label1":"Escrito por","twitter:data1":"El Digital de Asturias","twitter:label2":"Tiempo de lectura estimado","twitter:data2":"1 minuto"},"aioseo_meta_data":{"post_id":"455910","title":null,"description":null,"keywords":null,"keyphrases":null,"primary_term":null,"canonical_url":null,"og_title":null,"og_description":null,"og_object_type":"default","og_image_type":"default","og_image_url":null,"og_image_width":null,"og_image_height":null,"og_image_custom_url":null,"og_image_custom_fields":null,"og_video":null,"og_custom_url":null,"og_article_section":null,"og_article_tags":null,"twitter_use_og":true,"twitter_card":"default","twitter_image_type":"default","twitter_image_url":null,"twitter_image_custom_url":null,"twitter_image_custom_fields":null,"twitter_title":null,"twitter_description":null,"schema":{"blockGraphs":[],"customGraphs":[],"default":{"data":{"Article":[],"Course":[],"Dataset":[],"FAQPage":[],"Movie":[],"Person":[],"Product":[],"ProductReview":[],"Car":[],"Recipe":[],"Service":[],"SoftwareApplication":[],"WebPage":[]},"graphName":"","isEnabled":true},"graphs":[],"defaultGraph":"","defaultPostTypeGraph":""},"schema_type":null,"schema_type_options":null,"pillar_content":false,"robots_default":true,"robots_noindex":false,"robots_noarchive":false,"robots_nosnippet":false,"robots_nofollow":false,"robots_noimageindex":false,"robots_noodp":false,"robots_notranslate":false,"robots_max_snippet":null,"robots_max_videopreview":null,"robots_max_imagepreview":"none","priority":null,"frequency":null,"local_seo":null,"seo_analyzer_scan_date":"2026-05-29 20:01:59","breadcrumb_settings":null,"limit_modified_date":false,"open_ai":null,"ai":null,"created":"2020-11-14 22:45:24","updated":"2026-05-29 20:01:59","focus_keyword":null,"additional_keywords":null,"truseo_locale":null},"aioseo_breadcrumb":"<div class=\"aioseo-breadcrumbs\"><span class=\"aioseo-breadcrumb\">\n\t<a href=\"https:\/\/www.eldigitaldeasturias.com\/noticias\" title=\"Home\">Home<\/a>\n<\/span><span class=\"aioseo-breadcrumb-separator\">\u2013<\/span><span class=\"aioseo-breadcrumb\">\n\t<a href=\"https:\/\/www.eldigitaldeasturias.com\/noticias\/category\/revista-de-ocio\/\" title=\"Revista de Ocio\">Revista de Ocio<\/a>\n<\/span><span class=\"aioseo-breadcrumb-separator\">\u2013<\/span><span class=\"aioseo-breadcrumb\">\n\t<a href=\"https:\/\/www.eldigitaldeasturias.com\/noticias\/la-pelicula-de-mandela-llena-los-cines-el-dia-de-su-estreno-en-sudafrica\/\" title=\"La pel\u00edcula de Mandela llena los cines el d\u00eda de su estreno en Sud\u00e1frica\">La pel\u00edcula de Mandela llena los cines el d\u00eda de su estreno en Sud\u00e1frica<\/a>\n<\/span><\/div>","aioseo_breadcrumb_json":[{"label":"Home","link":"https:\/\/www.eldigitaldeasturias.com\/noticias"},{"label":"Revista de Ocio","link":"https:\/\/www.eldigitaldeasturias.com\/noticias\/category\/revista-de-ocio\/"},{"label":"La pel\u00edcula de Mandela llena los cines el d\u00eda de su estreno en Sud\u00e1frica","link":"https:\/\/www.eldigitaldeasturias.com\/noticias\/la-pelicula-de-mandela-llena-los-cines-el-dia-de-su-estreno-en-sudafrica\/"}],"_links":{"self":[{"href":"https:\/\/www.eldigitaldeasturias.com\/noticias\/wp-json\/wp\/v2\/posts\/455910","targetHints":{"allow":["GET"]}}],"collection":[{"href":"https:\/\/www.eldigitaldeasturias.com\/noticias\/wp-json\/wp\/v2\/posts"}],"about":[{"href":"https:\/\/www.eldigitaldeasturias.com\/noticias\/wp-json\/wp\/v2\/types\/post"}],"author":[{"embeddable":true,"href":"https:\/\/www.eldigitaldeasturias.com\/noticias\/wp-json\/wp\/v2\/users\/1"}],"replies":[{"embeddable":true,"href":"https:\/\/www.eldigitaldeasturias.com\/noticias\/wp-json\/wp\/v2\/comments?post=455910"}],"version-history":[{"count":0,"href":"https:\/\/www.eldigitaldeasturias.com\/noticias\/wp-json\/wp\/v2\/posts\/455910\/revisions"}],"wp:attachment":[{"href":"https:\/\/www.eldigitaldeasturias.com\/noticias\/wp-json\/wp\/v2\/media?parent=455910"}],"wp:term":[{"taxonomy":"category","embeddable":true,"href":"https:\/\/www.eldigitaldeasturias.com\/noticias\/wp-json\/wp\/v2\/categories?post=455910"},{"taxonomy":"post_tag","embeddable":true,"href":"https:\/\/www.eldigitaldeasturias.com\/noticias\/wp-json\/wp\/v2\/tags?post=455910"}],"curies":[{"name":"wp","href":"https:\/\/api.w.org\/{rel}","templated":true}]}}