{"id":455883,"date":"2013-11-29T21:34:38","date_gmt":"2013-11-29T22:34:38","guid":{"rendered":"http:\/\/www.eldigitaldeasturias.com\/noticias\/?p=455883"},"modified":"2013-11-29T21:34:38","modified_gmt":"2013-11-29T22:34:38","slug":"la-diseccion-por-gunter-grass-de-la-alemania-nazi-reeditada-50-anos-despues","status":"publish","type":"post","link":"https:\/\/www.eldigitaldeasturias.com\/noticias\/la-diseccion-por-gunter-grass-de-la-alemania-nazi-reeditada-50-anos-despues\/","title":{"rendered":"La disecci\u00f3n por G\u00fcnter Grass de la Alemania nazi, reeditada 50 a\u00f1os despu\u00e9s"},"content":{"rendered":"<p><img loading=\"lazy\" decoding=\"async\" class=\"alignleft size-medium wp-image-455884\" alt=\"5762024w\" src=\"https:\/\/www.eldigitaldeasturias.com\/noticias\/wp-content\/uploads\/2013\/11\/5762024w-360x239.jpg\" width=\"360\" height=\"239\" \/>Madrid, 29 nov (EFE).- El retrato literario y sat\u00edrico de la Alemania nacionalsocialista, desde su nacimiento hasta su ocaso, regresa con una edici\u00f3n especial que celebra los cincuenta a\u00f1os de la publicaci\u00f3n de \u00abA\u00f1os de perro\u00bb, obra culmen de la pluma del Premio Nobel de Literatura 1999 G\u00fcnter Grass.<\/p>\n<p>Reeditada en espa\u00f1ol por Alfaguara, \u00abA\u00f1os de perro\u00bb (1963) se configura as\u00ed como un boceto magistral que disecciona los caminos del fascismo. Grass, tan cr\u00edtico como siempre, describe las claves que transformaron el pa\u00eds germano en un imperio d\u00e9spota y tir\u00e1nico.<\/p>\n<p>Ahora, 50 a\u00f1os despu\u00e9s de su creaci\u00f3n, esta novela retorna para iluminar una actualidad que se vislumbra gris y en la que la sombra del totalitarismo planea como ya lo hiciera en la d\u00e9cada de los 30, seg\u00fan la editorial.<\/p>\n<p>Grass (Ciudad libre de D\u00e1nzig, 1927) est\u00e1 considerado uno de los mejores y m\u00e1s pol\u00e9micos escritores alemanes. Su obra \u00abEl tambor de hojalata\u00bb (1959) supuso una revoluci\u00f3n en la literatura de la posguerra y \u00abA\u00f1os de perro\u00bb simboliz\u00f3 su regreso tras casi cinco a\u00f1os en blanco.<\/p>\n<p>El escritor se adentra as\u00ed en la historia de amistad de dos personajes a los que la historia enfrentar\u00e1. De este modo, el lector se convierte en testigo de la compleja realidad que asolar\u00e1 a Walter Matern, miembro de las fuerzas de asalto nazis SA, y Eduard Amsel, de origen jud\u00edo.<\/p>\n<p>Una historia de gente ordinaria cuyo contexto obligar\u00e1 a convertirse en h\u00e9roes. A trav\u00e9s de los comentarios y di\u00e1logos del pueblo de D\u00e1nzig, Grass descubre objetivamente los hechos que precedieron a la Segunda Guerra Mundial.<\/p>\n<p>De este modo, \u00abA\u00f1os de perro\u00bb ironiza la hist\u00f3rica megaloman\u00eda que padece la Alemania de los a\u00f1os 30 y que culminar\u00e1 en el nacimiento del nazismo.<\/p>\n<p>Una novela que se distanciaba as\u00ed de la resignaci\u00f3n que sobreviene al fin de la guerra e inaugur\u00f3 una nueva era literaria en lengua germana en la d\u00e9cada de los 60.<\/p>\n<p>A trav\u00e9s de una l\u00edrica compleja, Grass demostr\u00f3 que si la realidad cambia, el lenguaje debe avanzar tambi\u00e9n y retrat\u00f3 con maestr\u00eda los nuevos horrores forjados en la Segunda Guerra Mundial.<\/p>\n<p>\u00abA\u00f1os de perro\u00bb, considerado por el propio autor como su libro \u00abpreferido\u00bb completa la Trilog\u00eda D\u00e1nzig, junto a \u00abEl tambor de hojalata\u00bb y \u00abEl gato y el rat\u00f3n\u00bb (1961). Obras con las que el autor se construir\u00eda un nombre y le consagrar\u00edan como revelador del rostro oculto de la historia.<\/p>\n<p>Grass recibi\u00f3 en el a\u00f1o 1999, mismo a\u00f1o en el que se alzar\u00eda con el Nobel de Literatura, el Premio Pr\u00edncipe de Asturias de las Letras, convirti\u00e9ndose as\u00ed en el primer intelectual en lengua no espa\u00f1ola que recib\u00eda este reconocimiento.<\/p>\n","protected":false},"excerpt":{"rendered":"<p>Madrid, 29 nov (EFE).- El retrato literario y sat\u00edrico de la Alemania nacionalsocialista, desde su nacimiento hasta su ocaso, regresa con una edici\u00f3n especial que celebra los cincuenta a\u00f1os de la publicaci\u00f3n de \u00abA\u00f1os de perro\u00bb, obra culmen de la pluma del Premio Nobel de Literatura 1999 G\u00fcnter Grass. Reeditada en espa\u00f1ol por Alfaguara, \u00abA\u00f1os [&hellip;]<\/p>\n","protected":false},"author":1,"featured_media":455884,"comment_status":"closed","ping_status":"open","sticky":false,"template":"","format":"standard","meta":{"footnotes":""},"categories":[28],"tags":[],"class_list":["post-455883","post","type-post","status-publish","format-standard","has-post-thumbnail","hentry","category-sociedad"],"aioseo_notices":[],"aioseo_head":"\n\t\t<!-- All in One SEO Pro 5.0.1 - aioseo.com -->\n\t<meta name=\"description\" content=\"Madrid, 29 nov (EFE).- El retrato literario y sat\u00edrico de la Alemania nacionalsocialista, desde su nacimiento hasta su ocaso, regresa con una edici\u00f3n especial que celebra los cincuenta a\u00f1os de la publicaci\u00f3n de &quot;A\u00f1os de perro&quot;, obra culmen de la pluma del Premio Nobel de Literatura 1999 G\u00fcnter Grass. Reeditada en espa\u00f1ol por Alfaguara, &quot;A\u00f1os\" \/>\n\t<meta name=\"robots\" content=\"max-image-preview:large\" \/>\n\t<meta name=\"author\" content=\"El Digital de Asturias\"\/>\n\t<meta name=\"google-site-verification\" content=\"UA-38556648-1\" \/>\n\t<meta name=\"msvalidate.01\" content=\"7dfe9f3f1b24437ab69f4f2559babe99\" \/>\n\t<meta name=\"keywords\" content=\"sociedad\" \/>\n\t<link rel=\"canonical\" href=\"https:\/\/www.eldigitaldeasturias.com\/noticias\/la-diseccion-por-gunter-grass-de-la-alemania-nazi-reeditada-50-anos-despues\/\" \/>\n\t<meta name=\"generator\" content=\"All in One SEO Pro (AIOSEO) 5.0.1\" \/>\n\t\t<meta property=\"og:locale\" content=\"es_ES\" \/>\n\t\t<meta property=\"og:site_name\" content=\"El Digital de Asturias\" \/>\n\t\t<meta property=\"og:type\" content=\"article\" \/>\n\t\t<meta property=\"og:title\" content=\"La disecci\u00f3n por G\u00fcnter Grass de la Alemania nazi, reeditada 50 a\u00f1os despu\u00e9s - El Digital de Asturias\" \/>\n\t\t<meta property=\"og:description\" content=\"Madrid, 29 nov (EFE).- El retrato literario y sat\u00edrico de la Alemania nacionalsocialista, desde su nacimiento hasta su ocaso, regresa con una edici\u00f3n especial que celebra los cincuenta a\u00f1os de la publicaci\u00f3n de &quot;A\u00f1os de perro&quot;, obra culmen de la pluma del Premio Nobel de Literatura 1999 G\u00fcnter Grass. Reeditada en espa\u00f1ol por Alfaguara, &quot;A\u00f1os\" \/>\n\t\t<meta property=\"og:url\" content=\"https:\/\/www.eldigitaldeasturias.com\/noticias\/la-diseccion-por-gunter-grass-de-la-alemania-nazi-reeditada-50-anos-despues\/\" \/>\n\t\t<meta property=\"article:tag\" content=\"sociedad\" \/>\n\t\t<meta property=\"article:published_time\" content=\"2013-11-29T22:34:38+00:00\" \/>\n\t\t<meta property=\"article:modified_time\" content=\"2013-11-29T22:34:38+00:00\" \/>\n\t\t<meta property=\"article:publisher\" content=\"https:\/\/facebook.com\/eldigitaldeasturias\" \/>\n\t\t<meta name=\"twitter:card\" content=\"summary_large_image\" \/>\n\t\t<meta name=\"twitter:title\" content=\"La disecci\u00f3n por G\u00fcnter Grass de la Alemania nazi, reeditada 50 a\u00f1os despu\u00e9s - El Digital de Asturias\" \/>\n\t\t<meta name=\"twitter:description\" content=\"Madrid, 29 nov (EFE).- El retrato literario y sat\u00edrico de la Alemania nacionalsocialista, desde su nacimiento hasta su ocaso, regresa con una edici\u00f3n especial que celebra los cincuenta a\u00f1os de la publicaci\u00f3n de &quot;A\u00f1os de perro&quot;, obra culmen de la pluma del Premio Nobel de Literatura 1999 G\u00fcnter Grass. Reeditada en espa\u00f1ol por Alfaguara, &quot;A\u00f1os\" \/>\n\t\t<meta name=\"twitter:label1\" content=\"Escrito por\" \/>\n\t\t<meta name=\"twitter:data1\" content=\"El Digital de Asturias\" \/>\n\t\t<meta name=\"twitter:label2\" content=\"Tiempo de lectura estimado\" \/>\n\t\t<meta name=\"twitter:data2\" content=\"2 minutos\" \/>\n\t\t<script type=\"application\/ld+json\" class=\"aioseo-schema\">\n\t\t\t{\"@context\":\"https:\\\/\\\/schema.org\",\"@graph\":[{\"@type\":\"BlogPosting\",\"@id\":\"https:\\\/\\\/www.eldigitaldeasturias.com\\\/noticias\\\/la-diseccion-por-gunter-grass-de-la-alemania-nazi-reeditada-50-anos-despues\\\/#blogposting\",\"name\":\"La disecci\\u00f3n por G\\u00fcnter Grass de la Alemania nazi, reeditada 50 a\\u00f1os despu\\u00e9s - El Digital de Asturias\",\"headline\":\"La disecci\\u00f3n por G\\u00fcnter Grass de la Alemania nazi, reeditada 50 a\\u00f1os despu\\u00e9s\",\"author\":{\"@id\":\"https:\\\/\\\/www.eldigitaldeasturias.com\\\/noticias\\\/author\\\/admin\\\/#author\"},\"publisher\":{\"@id\":\"https:\\\/\\\/www.eldigitaldeasturias.com\\\/noticias\\\/#organization\"},\"image\":{\"@type\":\"ImageObject\",\"url\":455884},\"datePublished\":\"2013-11-29T21:34:38+01:00\",\"dateModified\":\"2013-11-29T21:34:38+01:00\",\"inLanguage\":\"es-ES\",\"mainEntityOfPage\":{\"@id\":\"https:\\\/\\\/www.eldigitaldeasturias.com\\\/noticias\\\/la-diseccion-por-gunter-grass-de-la-alemania-nazi-reeditada-50-anos-despues\\\/#webpage\"},\"isPartOf\":{\"@id\":\"https:\\\/\\\/www.eldigitaldeasturias.com\\\/noticias\\\/la-diseccion-por-gunter-grass-de-la-alemania-nazi-reeditada-50-anos-despues\\\/#webpage\"},\"articleSection\":\"Sociedad\"},{\"@type\":\"BreadcrumbList\",\"@id\":\"https:\\\/\\\/www.eldigitaldeasturias.com\\\/noticias\\\/la-diseccion-por-gunter-grass-de-la-alemania-nazi-reeditada-50-anos-despues\\\/#breadcrumblist\",\"itemListElement\":[{\"@type\":\"ListItem\",\"@id\":\"https:\\\/\\\/www.eldigitaldeasturias.com\\\/noticias#listItem\",\"position\":1,\"name\":\"Home\",\"item\":\"https:\\\/\\\/www.eldigitaldeasturias.com\\\/noticias\",\"nextItem\":{\"@type\":\"ListItem\",\"@id\":\"https:\\\/\\\/www.eldigitaldeasturias.com\\\/noticias\\\/category\\\/sociedad\\\/#listItem\",\"name\":\"Sociedad\"}},{\"@type\":\"ListItem\",\"@id\":\"https:\\\/\\\/www.eldigitaldeasturias.com\\\/noticias\\\/category\\\/sociedad\\\/#listItem\",\"position\":2,\"name\":\"Sociedad\",\"item\":\"https:\\\/\\\/www.eldigitaldeasturias.com\\\/noticias\\\/category\\\/sociedad\\\/\",\"nextItem\":{\"@type\":\"ListItem\",\"@id\":\"https:\\\/\\\/www.eldigitaldeasturias.com\\\/noticias\\\/la-diseccion-por-gunter-grass-de-la-alemania-nazi-reeditada-50-anos-despues\\\/#listItem\",\"name\":\"La disecci\\u00f3n por G\\u00fcnter Grass de la Alemania nazi, reeditada 50 a\\u00f1os despu\\u00e9s\"},\"previousItem\":{\"@type\":\"ListItem\",\"@id\":\"https:\\\/\\\/www.eldigitaldeasturias.com\\\/noticias#listItem\",\"name\":\"Home\"}},{\"@type\":\"ListItem\",\"@id\":\"https:\\\/\\\/www.eldigitaldeasturias.com\\\/noticias\\\/la-diseccion-por-gunter-grass-de-la-alemania-nazi-reeditada-50-anos-despues\\\/#listItem\",\"position\":3,\"name\":\"La disecci\\u00f3n por G\\u00fcnter Grass de la Alemania nazi, reeditada 50 a\\u00f1os despu\\u00e9s\",\"previousItem\":{\"@type\":\"ListItem\",\"@id\":\"https:\\\/\\\/www.eldigitaldeasturias.com\\\/noticias\\\/category\\\/sociedad\\\/#listItem\",\"name\":\"Sociedad\"}}]},{\"@type\":\"Organization\",\"@id\":\"https:\\\/\\\/www.eldigitaldeasturias.com\\\/noticias\\\/#organization\",\"name\":\"El Digital de Asturias\",\"description\":\"Hemeroteca\",\"url\":\"https:\\\/\\\/www.eldigitaldeasturias.com\\\/noticias\\\/\",\"email\":\"info@eldigitaldeasturias.com\",\"telephone\":\"+34652131393\",\"logo\":{\"@type\":\"ImageObject\",\"url\":\"https:\\\/\\\/www.eldigitaldeasturias.com\\\/noticias\\\/wp-content\\\/uploads\\\/2020\\\/12\\\/EDA.jpg\",\"@id\":\"https:\\\/\\\/www.eldigitaldeasturias.com\\\/noticias\\\/la-diseccion-por-gunter-grass-de-la-alemania-nazi-reeditada-50-anos-despues\\\/#organizationLogo\"},\"image\":{\"@id\":\"https:\\\/\\\/www.eldigitaldeasturias.com\\\/noticias\\\/la-diseccion-por-gunter-grass-de-la-alemania-nazi-reeditada-50-anos-despues\\\/#organizationLogo\"},\"sameAs\":[\"https:\\\/\\\/facebook.com\\\/eldigitaldeasturias\",\"https:\\\/\\\/www.youtube.com\\\/channel\\\/UCZP-2wLEB9Rv6erhFmqVnvg\"],\"address\":{\"@id\":\"https:\\\/\\\/www.eldigitaldeasturias.com\\\/noticias\\\/#postaladdress\",\"@type\":\"PostalAddress\",\"streetAddress\":\"san antonio 4\",\"postalCode\":\"33430\",\"addressLocality\":\"Cand\\u00e1s\",\"addressRegion\":\"Asturias\",\"addressCountry\":\"ES\"}},{\"@type\":\"Person\",\"@id\":\"https:\\\/\\\/www.eldigitaldeasturias.com\\\/noticias\\\/author\\\/admin\\\/#author\",\"url\":\"https:\\\/\\\/www.eldigitaldeasturias.com\\\/noticias\\\/author\\\/admin\\\/\",\"name\":\"El Digital de Asturias\",\"image\":{\"@type\":\"ImageObject\",\"@id\":\"https:\\\/\\\/www.eldigitaldeasturias.com\\\/noticias\\\/la-diseccion-por-gunter-grass-de-la-alemania-nazi-reeditada-50-anos-despues\\\/#authorImage\",\"url\":\"https:\\\/\\\/secure.gravatar.com\\\/avatar\\\/df2aeffc32bcd13f8d26072ef8a91b623d677766deac7f97ca815868cd41bf5e?s=96&d=mm&r=g\",\"width\":96,\"height\":96,\"caption\":\"El Digital de Asturias\"}},{\"@type\":\"WebPage\",\"@id\":\"https:\\\/\\\/www.eldigitaldeasturias.com\\\/noticias\\\/la-diseccion-por-gunter-grass-de-la-alemania-nazi-reeditada-50-anos-despues\\\/#webpage\",\"url\":\"https:\\\/\\\/www.eldigitaldeasturias.com\\\/noticias\\\/la-diseccion-por-gunter-grass-de-la-alemania-nazi-reeditada-50-anos-despues\\\/\",\"name\":\"La disecci\\u00f3n por G\\u00fcnter Grass de la Alemania nazi, reeditada 50 a\\u00f1os despu\\u00e9s - El Digital de Asturias\",\"description\":\"Madrid, 29 nov (EFE).- El retrato literario y sat\\u00edrico de la Alemania nacionalsocialista, desde su nacimiento hasta su ocaso, regresa con una edici\\u00f3n especial que celebra los cincuenta a\\u00f1os de la publicaci\\u00f3n de \\\"A\\u00f1os de perro\\\", obra culmen de la pluma del Premio Nobel de Literatura 1999 G\\u00fcnter Grass. Reeditada en espa\\u00f1ol por Alfaguara, \\\"A\\u00f1os\",\"inLanguage\":\"es-ES\",\"isPartOf\":{\"@id\":\"https:\\\/\\\/www.eldigitaldeasturias.com\\\/noticias\\\/#website\"},\"breadcrumb\":{\"@id\":\"https:\\\/\\\/www.eldigitaldeasturias.com\\\/noticias\\\/la-diseccion-por-gunter-grass-de-la-alemania-nazi-reeditada-50-anos-despues\\\/#breadcrumblist\"},\"author\":{\"@id\":\"https:\\\/\\\/www.eldigitaldeasturias.com\\\/noticias\\\/author\\\/admin\\\/#author\"},\"creator\":{\"@id\":\"https:\\\/\\\/www.eldigitaldeasturias.com\\\/noticias\\\/author\\\/admin\\\/#author\"},\"image\":{\"@type\":\"ImageObject\",\"url\":455884,\"@id\":\"https:\\\/\\\/www.eldigitaldeasturias.com\\\/noticias\\\/la-diseccion-por-gunter-grass-de-la-alemania-nazi-reeditada-50-anos-despues\\\/#mainImage\"},\"primaryImageOfPage\":{\"@id\":\"https:\\\/\\\/www.eldigitaldeasturias.com\\\/noticias\\\/la-diseccion-por-gunter-grass-de-la-alemania-nazi-reeditada-50-anos-despues\\\/#mainImage\"},\"datePublished\":\"2013-11-29T21:34:38+01:00\",\"dateModified\":\"2013-11-29T21:34:38+01:00\"},{\"@type\":\"WebSite\",\"@id\":\"https:\\\/\\\/www.eldigitaldeasturias.com\\\/noticias\\\/#website\",\"url\":\"https:\\\/\\\/www.eldigitaldeasturias.com\\\/noticias\\\/\",\"name\":\"El Digital de Asturias - Diario de actualidad y noticias\",\"alternateName\":\"El Digital de Asturias - Diario de actualidad y noticias\",\"description\":\"Hemeroteca\",\"inLanguage\":\"es-ES\",\"publisher\":{\"@id\":\"https:\\\/\\\/www.eldigitaldeasturias.com\\\/noticias\\\/#organization\"}}]}\n\t\t<\/script>\n\t\t<!-- All in One SEO Pro -->\r\n\t\t<title>La disecci\u00f3n por G\u00fcnter Grass de la Alemania nazi, reeditada 50 a\u00f1os despu\u00e9s - El Digital de Asturias<\/title>\n\n","aioseo_head_json":{"title":"La disecci\u00f3n por G\u00fcnter Grass de la Alemania nazi, reeditada 50 a\u00f1os despu\u00e9s - El Digital de Asturias","description":"Madrid, 29 nov (EFE).- El retrato literario y sat\u00edrico de la Alemania nacionalsocialista, desde su nacimiento hasta su ocaso, regresa con una edici\u00f3n especial que celebra los cincuenta a\u00f1os de la publicaci\u00f3n de \"A\u00f1os de perro\", obra culmen de la pluma del Premio Nobel de Literatura 1999 G\u00fcnter Grass. Reeditada en espa\u00f1ol por Alfaguara, \"A\u00f1os","canonical_url":"https:\/\/www.eldigitaldeasturias.com\/noticias\/la-diseccion-por-gunter-grass-de-la-alemania-nazi-reeditada-50-anos-despues\/","robots":"max-image-preview:large","keywords":"sociedad","webmasterTools":{"google-site-verification":"UA-38556648-1","msvalidate.01":"7dfe9f3f1b24437ab69f4f2559babe99","miscellaneous":""},"schema":{"@context":"https:\/\/schema.org","@graph":[{"@type":"BlogPosting","@id":"https:\/\/www.eldigitaldeasturias.com\/noticias\/la-diseccion-por-gunter-grass-de-la-alemania-nazi-reeditada-50-anos-despues\/#blogposting","name":"La disecci\u00f3n por G\u00fcnter Grass de la Alemania nazi, reeditada 50 a\u00f1os despu\u00e9s - El Digital de Asturias","headline":"La disecci\u00f3n por G\u00fcnter Grass de la Alemania nazi, reeditada 50 a\u00f1os despu\u00e9s","author":{"@id":"https:\/\/www.eldigitaldeasturias.com\/noticias\/author\/admin\/#author"},"publisher":{"@id":"https:\/\/www.eldigitaldeasturias.com\/noticias\/#organization"},"image":{"@type":"ImageObject","url":455884},"datePublished":"2013-11-29T21:34:38+01:00","dateModified":"2013-11-29T21:34:38+01:00","inLanguage":"es-ES","mainEntityOfPage":{"@id":"https:\/\/www.eldigitaldeasturias.com\/noticias\/la-diseccion-por-gunter-grass-de-la-alemania-nazi-reeditada-50-anos-despues\/#webpage"},"isPartOf":{"@id":"https:\/\/www.eldigitaldeasturias.com\/noticias\/la-diseccion-por-gunter-grass-de-la-alemania-nazi-reeditada-50-anos-despues\/#webpage"},"articleSection":"Sociedad"},{"@type":"BreadcrumbList","@id":"https:\/\/www.eldigitaldeasturias.com\/noticias\/la-diseccion-por-gunter-grass-de-la-alemania-nazi-reeditada-50-anos-despues\/#breadcrumblist","itemListElement":[{"@type":"ListItem","@id":"https:\/\/www.eldigitaldeasturias.com\/noticias#listItem","position":1,"name":"Home","item":"https:\/\/www.eldigitaldeasturias.com\/noticias","nextItem":{"@type":"ListItem","@id":"https:\/\/www.eldigitaldeasturias.com\/noticias\/category\/sociedad\/#listItem","name":"Sociedad"}},{"@type":"ListItem","@id":"https:\/\/www.eldigitaldeasturias.com\/noticias\/category\/sociedad\/#listItem","position":2,"name":"Sociedad","item":"https:\/\/www.eldigitaldeasturias.com\/noticias\/category\/sociedad\/","nextItem":{"@type":"ListItem","@id":"https:\/\/www.eldigitaldeasturias.com\/noticias\/la-diseccion-por-gunter-grass-de-la-alemania-nazi-reeditada-50-anos-despues\/#listItem","name":"La disecci\u00f3n por G\u00fcnter Grass de la Alemania nazi, reeditada 50 a\u00f1os despu\u00e9s"},"previousItem":{"@type":"ListItem","@id":"https:\/\/www.eldigitaldeasturias.com\/noticias#listItem","name":"Home"}},{"@type":"ListItem","@id":"https:\/\/www.eldigitaldeasturias.com\/noticias\/la-diseccion-por-gunter-grass-de-la-alemania-nazi-reeditada-50-anos-despues\/#listItem","position":3,"name":"La disecci\u00f3n por G\u00fcnter Grass de la Alemania nazi, reeditada 50 a\u00f1os despu\u00e9s","previousItem":{"@type":"ListItem","@id":"https:\/\/www.eldigitaldeasturias.com\/noticias\/category\/sociedad\/#listItem","name":"Sociedad"}}]},{"@type":"Organization","@id":"https:\/\/www.eldigitaldeasturias.com\/noticias\/#organization","name":"El Digital de Asturias","description":"Hemeroteca","url":"https:\/\/www.eldigitaldeasturias.com\/noticias\/","email":"info@eldigitaldeasturias.com","telephone":"+34652131393","logo":{"@type":"ImageObject","url":"https:\/\/www.eldigitaldeasturias.com\/noticias\/wp-content\/uploads\/2020\/12\/EDA.jpg","@id":"https:\/\/www.eldigitaldeasturias.com\/noticias\/la-diseccion-por-gunter-grass-de-la-alemania-nazi-reeditada-50-anos-despues\/#organizationLogo"},"image":{"@id":"https:\/\/www.eldigitaldeasturias.com\/noticias\/la-diseccion-por-gunter-grass-de-la-alemania-nazi-reeditada-50-anos-despues\/#organizationLogo"},"sameAs":["https:\/\/facebook.com\/eldigitaldeasturias","https:\/\/www.youtube.com\/channel\/UCZP-2wLEB9Rv6erhFmqVnvg"],"address":{"@id":"https:\/\/www.eldigitaldeasturias.com\/noticias\/#postaladdress","@type":"PostalAddress","streetAddress":"san antonio 4","postalCode":"33430","addressLocality":"Cand\u00e1s","addressRegion":"Asturias","addressCountry":"ES"}},{"@type":"Person","@id":"https:\/\/www.eldigitaldeasturias.com\/noticias\/author\/admin\/#author","url":"https:\/\/www.eldigitaldeasturias.com\/noticias\/author\/admin\/","name":"El Digital de Asturias","image":{"@type":"ImageObject","@id":"https:\/\/www.eldigitaldeasturias.com\/noticias\/la-diseccion-por-gunter-grass-de-la-alemania-nazi-reeditada-50-anos-despues\/#authorImage","url":"https:\/\/secure.gravatar.com\/avatar\/df2aeffc32bcd13f8d26072ef8a91b623d677766deac7f97ca815868cd41bf5e?s=96&d=mm&r=g","width":96,"height":96,"caption":"El Digital de Asturias"}},{"@type":"WebPage","@id":"https:\/\/www.eldigitaldeasturias.com\/noticias\/la-diseccion-por-gunter-grass-de-la-alemania-nazi-reeditada-50-anos-despues\/#webpage","url":"https:\/\/www.eldigitaldeasturias.com\/noticias\/la-diseccion-por-gunter-grass-de-la-alemania-nazi-reeditada-50-anos-despues\/","name":"La disecci\u00f3n por G\u00fcnter Grass de la Alemania nazi, reeditada 50 a\u00f1os despu\u00e9s - El Digital de Asturias","description":"Madrid, 29 nov (EFE).- El retrato literario y sat\u00edrico de la Alemania nacionalsocialista, desde su nacimiento hasta su ocaso, regresa con una edici\u00f3n especial que celebra los cincuenta a\u00f1os de la publicaci\u00f3n de \"A\u00f1os de perro\", obra culmen de la pluma del Premio Nobel de Literatura 1999 G\u00fcnter Grass. Reeditada en espa\u00f1ol por Alfaguara, \"A\u00f1os","inLanguage":"es-ES","isPartOf":{"@id":"https:\/\/www.eldigitaldeasturias.com\/noticias\/#website"},"breadcrumb":{"@id":"https:\/\/www.eldigitaldeasturias.com\/noticias\/la-diseccion-por-gunter-grass-de-la-alemania-nazi-reeditada-50-anos-despues\/#breadcrumblist"},"author":{"@id":"https:\/\/www.eldigitaldeasturias.com\/noticias\/author\/admin\/#author"},"creator":{"@id":"https:\/\/www.eldigitaldeasturias.com\/noticias\/author\/admin\/#author"},"image":{"@type":"ImageObject","url":455884,"@id":"https:\/\/www.eldigitaldeasturias.com\/noticias\/la-diseccion-por-gunter-grass-de-la-alemania-nazi-reeditada-50-anos-despues\/#mainImage"},"primaryImageOfPage":{"@id":"https:\/\/www.eldigitaldeasturias.com\/noticias\/la-diseccion-por-gunter-grass-de-la-alemania-nazi-reeditada-50-anos-despues\/#mainImage"},"datePublished":"2013-11-29T21:34:38+01:00","dateModified":"2013-11-29T21:34:38+01:00"},{"@type":"WebSite","@id":"https:\/\/www.eldigitaldeasturias.com\/noticias\/#website","url":"https:\/\/www.eldigitaldeasturias.com\/noticias\/","name":"El Digital de Asturias - Diario de actualidad y noticias","alternateName":"El Digital de Asturias - Diario de actualidad y noticias","description":"Hemeroteca","inLanguage":"es-ES","publisher":{"@id":"https:\/\/www.eldigitaldeasturias.com\/noticias\/#organization"}}]},"og:locale":"es_ES","og:site_name":"El Digital de Asturias","og:type":"article","og:title":"La disecci\u00f3n por G\u00fcnter Grass de la Alemania nazi, reeditada 50 a\u00f1os despu\u00e9s - El Digital de Asturias","og:description":"Madrid, 29 nov (EFE).- El retrato literario y sat\u00edrico de la Alemania nacionalsocialista, desde su nacimiento hasta su ocaso, regresa con una edici\u00f3n especial que celebra los cincuenta a\u00f1os de la publicaci\u00f3n de &quot;A\u00f1os de perro&quot;, obra culmen de la pluma del Premio Nobel de Literatura 1999 G\u00fcnter Grass. Reeditada en espa\u00f1ol por Alfaguara, &quot;A\u00f1os","og:url":"https:\/\/www.eldigitaldeasturias.com\/noticias\/la-diseccion-por-gunter-grass-de-la-alemania-nazi-reeditada-50-anos-despues\/","article:tag":["sociedad"],"article:published_time":"2013-11-29T22:34:38+00:00","article:modified_time":"2013-11-29T22:34:38+00:00","article:publisher":"https:\/\/facebook.com\/eldigitaldeasturias","twitter:card":"summary_large_image","twitter:title":"La disecci\u00f3n por G\u00fcnter Grass de la Alemania nazi, reeditada 50 a\u00f1os despu\u00e9s - El Digital de Asturias","twitter:description":"Madrid, 29 nov (EFE).- El retrato literario y sat\u00edrico de la Alemania nacionalsocialista, desde su nacimiento hasta su ocaso, regresa con una edici\u00f3n especial que celebra los cincuenta a\u00f1os de la publicaci\u00f3n de &quot;A\u00f1os de perro&quot;, obra culmen de la pluma del Premio Nobel de Literatura 1999 G\u00fcnter Grass. Reeditada en espa\u00f1ol por Alfaguara, &quot;A\u00f1os","twitter:label1":"Escrito por","twitter:data1":"El Digital de Asturias","twitter:label2":"Tiempo de lectura estimado","twitter:data2":"2 minutos"},"aioseo_meta_data":{"post_id":"455883","title":null,"description":null,"keywords":null,"keyphrases":null,"primary_term":null,"canonical_url":null,"og_title":null,"og_description":null,"og_object_type":"default","og_image_type":"default","og_image_url":null,"og_image_width":null,"og_image_height":null,"og_image_custom_url":null,"og_image_custom_fields":null,"og_video":null,"og_custom_url":null,"og_article_section":null,"og_article_tags":null,"twitter_use_og":true,"twitter_card":"default","twitter_image_type":"default","twitter_image_url":null,"twitter_image_custom_url":null,"twitter_image_custom_fields":null,"twitter_title":null,"twitter_description":null,"schema":{"blockGraphs":[],"customGraphs":[],"default":{"data":{"Article":[],"Course":[],"Dataset":[],"FAQPage":[],"Movie":[],"Person":[],"Product":[],"ProductReview":[],"Car":[],"Recipe":[],"Service":[],"SoftwareApplication":[],"WebPage":[]},"graphName":"","isEnabled":true},"graphs":[],"defaultGraph":"","defaultPostTypeGraph":""},"schema_type":null,"schema_type_options":null,"pillar_content":false,"robots_default":true,"robots_noindex":false,"robots_noarchive":false,"robots_nosnippet":false,"robots_nofollow":false,"robots_noimageindex":false,"robots_noodp":false,"robots_notranslate":false,"robots_max_snippet":null,"robots_max_videopreview":null,"robots_max_imagepreview":"none","priority":null,"frequency":null,"local_seo":null,"seo_analyzer_scan_date":"2026-05-29 19:56:03","breadcrumb_settings":null,"limit_modified_date":false,"open_ai":null,"ai":null,"created":"2020-11-14 22:45:24","updated":"2026-05-29 19:56:03","focus_keyword":null,"additional_keywords":null,"truseo_locale":null},"aioseo_breadcrumb":"<div class=\"aioseo-breadcrumbs\"><span class=\"aioseo-breadcrumb\">\n\t<a href=\"https:\/\/www.eldigitaldeasturias.com\/noticias\" title=\"Home\">Home<\/a>\n<\/span><span class=\"aioseo-breadcrumb-separator\">\u2013<\/span><span class=\"aioseo-breadcrumb\">\n\t<a href=\"https:\/\/www.eldigitaldeasturias.com\/noticias\/category\/sociedad\/\" title=\"Sociedad\">Sociedad<\/a>\n<\/span><span class=\"aioseo-breadcrumb-separator\">\u2013<\/span><span class=\"aioseo-breadcrumb\">\n\t<a href=\"https:\/\/www.eldigitaldeasturias.com\/noticias\/la-diseccion-por-gunter-grass-de-la-alemania-nazi-reeditada-50-anos-despues\/\" title=\"La disecci\u00f3n por G\u00fcnter Grass de la Alemania nazi, reeditada 50 a\u00f1os despu\u00e9s\">La disecci\u00f3n por G\u00fcnter Grass de la Alemania nazi, reeditada 50 a\u00f1os despu\u00e9s<\/a>\n<\/span><\/div>","aioseo_breadcrumb_json":[{"label":"Home","link":"https:\/\/www.eldigitaldeasturias.com\/noticias"},{"label":"Sociedad","link":"https:\/\/www.eldigitaldeasturias.com\/noticias\/category\/sociedad\/"},{"label":"La disecci\u00f3n por G\u00fcnter Grass de la Alemania nazi, reeditada 50 a\u00f1os despu\u00e9s","link":"https:\/\/www.eldigitaldeasturias.com\/noticias\/la-diseccion-por-gunter-grass-de-la-alemania-nazi-reeditada-50-anos-despues\/"}],"_links":{"self":[{"href":"https:\/\/www.eldigitaldeasturias.com\/noticias\/wp-json\/wp\/v2\/posts\/455883","targetHints":{"allow":["GET"]}}],"collection":[{"href":"https:\/\/www.eldigitaldeasturias.com\/noticias\/wp-json\/wp\/v2\/posts"}],"about":[{"href":"https:\/\/www.eldigitaldeasturias.com\/noticias\/wp-json\/wp\/v2\/types\/post"}],"author":[{"embeddable":true,"href":"https:\/\/www.eldigitaldeasturias.com\/noticias\/wp-json\/wp\/v2\/users\/1"}],"replies":[{"embeddable":true,"href":"https:\/\/www.eldigitaldeasturias.com\/noticias\/wp-json\/wp\/v2\/comments?post=455883"}],"version-history":[{"count":0,"href":"https:\/\/www.eldigitaldeasturias.com\/noticias\/wp-json\/wp\/v2\/posts\/455883\/revisions"}],"wp:attachment":[{"href":"https:\/\/www.eldigitaldeasturias.com\/noticias\/wp-json\/wp\/v2\/media?parent=455883"}],"wp:term":[{"taxonomy":"category","embeddable":true,"href":"https:\/\/www.eldigitaldeasturias.com\/noticias\/wp-json\/wp\/v2\/categories?post=455883"},{"taxonomy":"post_tag","embeddable":true,"href":"https:\/\/www.eldigitaldeasturias.com\/noticias\/wp-json\/wp\/v2\/tags?post=455883"}],"curies":[{"name":"wp","href":"https:\/\/api.w.org\/{rel}","templated":true}]}}