{"id":455876,"date":"2013-11-29T21:26:25","date_gmt":"2013-11-29T22:26:25","guid":{"rendered":"http:\/\/www.eldigitaldeasturias.com\/noticias\/?p=455876"},"modified":"2013-11-29T21:26:25","modified_gmt":"2013-11-29T22:26:25","slug":"la-lista-de-schindler-y-el-renacimiento-del-barrio-judio-de-cracovia","status":"publish","type":"post","link":"https:\/\/www.eldigitaldeasturias.com\/noticias\/la-lista-de-schindler-y-el-renacimiento-del-barrio-judio-de-cracovia\/","title":{"rendered":"\u00abLa lista de Schindler\u00bb y el renacimiento del barrio jud\u00edo de Cracovia"},"content":{"rendered":"<p><img loading=\"lazy\" decoding=\"async\" class=\"alignleft size-medium wp-image-455877\" alt=\"schindler_1793007c\" src=\"https:\/\/www.eldigitaldeasturias.com\/noticias\/wp-content\/uploads\/2013\/11\/schindler_1793007c-360x224.jpg\" width=\"360\" height=\"224\" \/>Cracovia, 29 nov (dpa) &#8211; Si Steven Spielberg quisiera filmar hoy \u00abLa lista de Schindler\u00bb en su escenerio original, tendr\u00eda graves problemas: all\u00ed donde hace 20 a\u00f1os, en el rodaje de la que quiz\u00e1 sea su pel\u00edcula m\u00e1s personal, las grises y tristes casas del barrio Kazimierz de Cracovia encajaban perfectamente con el blanco y negro del metraje, hoy ha surgido un distrito de moda.<\/p>\n<p>Los antiguos edificios lucen ahora fachadas arregladas y pintadas y los turistas recorren sus calles o se mueven en peque\u00f1os trenes el\u00e9ctricos hacia la que anta\u00f1o fue la f\u00e1brica de Schindler, en el vecino barrio de Podgorze. Y en esa nueva y colorida cara de Kazimierz, el antiguo barrio jud\u00edo de Cracovia, Spielberg ha tenido mucho que ver.<\/p>\n<p>Cuando el 30 de noviembre de hace ahora dos d\u00e9cadas el cineasta estren\u00f3 \u00abLa lista de Schindler\u00bb en Washington, dando a conocer la hasta entonces desconocida historia del alem\u00e1n Oskar Schindler -que pas\u00f3 de ser un oportunista a salvar a 1.200 jud\u00edos- comenzaron a llegar a Cracovia los primeros turistas cin\u00e9filos. Quer\u00edan ver d\u00f3nde estaba la antigua f\u00e1brica, el gueto o el campo de trabajo de Plaszow.<\/p>\n<p>\u00abEl \u00e9xito de la pel\u00edcula marc\u00f3 el comienzo del renacimiento del barrio\u00bb, afirma Magdalena Sroka, de la secretar\u00eda de cultura de la ciudad. Del antiguo gueto queda muy poco, pero Kazimierz, con sus sinagogas y su mikve -espacio para ba\u00f1os de purificaci\u00f3n que hoy alberga un restaurante-, sus serpenteantes callejones y el cementerio Remuh con sus tumbas de famosos rabinos, primero inspiraron a Spielberg y despu\u00e9s a turistas de todo el mundo.<\/p>\n<p>Las casas de Kazimierz sobrevivieron a la guerra, al contrario que la mayor\u00eda de sus habitantes, que primero fueron trasladados al gueto y luego a Auschwitz o a otros campos de concentraci\u00f3n alemanes. Tras la contienda, algunos supervivientes regresaron, pero el barrio cay\u00f3 en la decadencia.<\/p>\n<p>En las casas en las que anta\u00f1o reverberaban las velas del sabbat, las autoridades alojaron a las familias m\u00e1s pobres. Hubo que esperar hasta los a\u00f1os 90 para que artistas e intelectuales descubrieran el decadente encanto de Kazimierz. Y as\u00ed llegaron los primeros intentos de recuperar la herencia jud\u00eda de la ciudad.<\/p>\n<p>El restaurante \u00abAriel\u00bb, en la plaza m\u00e1s grande del barrio, ya serv\u00eda platos tradicionales jud\u00edos como el \u00abgefilte Fisz\u00bb cuando lleg\u00f3 Spielberg. All\u00ed film\u00f3 la famosa escena de la fiesta que Schindler prepar\u00f3 a sus amigos nazis a fin de conseguir concesiones para sus trabajadores jud\u00edos. Fotogramas e instant\u00e1neas del rodaje forman parte de la decoraci\u00f3n del local.<\/p>\n<p>Hoy en d\u00eda, las calles de Kazimierz est\u00e1n llenas de restaurantes, clubes y bares de moda. No hay agencia de viajes u hotel que no ofrezca tours sobre Kazimierz y \u00abLa lista de Schindler\u00bb. La antigua f\u00e1brica, que durante d\u00e9cadas estuvo vac\u00eda, alberga desde hace tres a\u00f1os un museo con una exposici\u00f3n multimedia sobre la ocupaci\u00f3n alemana de Cracovia. Y el viejo despacho de Schindler a\u00fan conserva el escritorio del industrial, con una m\u00e1quina de escribir como en la que escribi\u00f3 la famosa lista que salv\u00f3 1.200 vidas.<\/p>\n<p>Tras la impresi\u00f3n que le caus\u00f3 su experiencia en Cracovia, Spielberg no s\u00f3lo puso en marcha la Fundaci\u00f3n Shoah, con el fin de documentar lo ocurrido para las pr\u00f3ximas generaciones, sino que tambi\u00e9n particip\u00f3 en la financiaci\u00f3n de un peque\u00f1o museo en la antigua farmacia del gueto y en la conservaci\u00f3n de los \u00faltimos restos de \u00e9ste.<\/p>\n<p>Este compromiso hizo que Cracovia lo nombrara en 2005 \u00abpatr\u00f3n de la cultura\u00bb. Desde hace un par de semanas, el c\u00edrculo se ha cerrado, y no s\u00f3lo en Cracovia, sino tambi\u00e9n en Varsovia. All\u00ed, en el Museo de la Historia de los Jud\u00edos Polacos, hay desde ahora acceso al material de la fundaci\u00f3n Shoah.<\/p>\n<p>Por Eva Krafczyk<\/p>\n","protected":false},"excerpt":{"rendered":"<p>Cracovia, 29 nov (dpa) &#8211; Si Steven Spielberg quisiera filmar hoy \u00abLa lista de Schindler\u00bb en su escenerio original, tendr\u00eda graves problemas: all\u00ed donde hace 20 a\u00f1os, en el rodaje de la que quiz\u00e1 sea su pel\u00edcula m\u00e1s personal, las grises y tristes casas del barrio Kazimierz de Cracovia encajaban perfectamente con el blanco y [&hellip;]<\/p>\n","protected":false},"author":1,"featured_media":455877,"comment_status":"closed","ping_status":"open","sticky":false,"template":"","format":"standard","meta":{"footnotes":""},"categories":[28],"tags":[],"class_list":["post-455876","post","type-post","status-publish","format-standard","has-post-thumbnail","hentry","category-sociedad"],"aioseo_notices":[],"aioseo_head":"\n\t\t<!-- All in One SEO Pro 5.0.1 - aioseo.com -->\n\t<meta name=\"description\" content=\"Cracovia, 29 nov (dpa) - Si Steven Spielberg quisiera filmar hoy &quot;La lista de Schindler&quot; en su escenerio original, tendr\u00eda graves problemas: all\u00ed donde hace 20 a\u00f1os, en el rodaje de la que quiz\u00e1 sea su pel\u00edcula m\u00e1s personal, las grises y tristes casas del barrio Kazimierz de Cracovia encajaban perfectamente con el blanco y\" \/>\n\t<meta name=\"robots\" content=\"max-image-preview:large\" \/>\n\t<meta name=\"author\" content=\"El Digital de Asturias\"\/>\n\t<meta name=\"google-site-verification\" content=\"UA-38556648-1\" \/>\n\t<meta name=\"msvalidate.01\" content=\"7dfe9f3f1b24437ab69f4f2559babe99\" \/>\n\t<meta name=\"keywords\" content=\"sociedad\" \/>\n\t<link rel=\"canonical\" href=\"https:\/\/www.eldigitaldeasturias.com\/noticias\/la-lista-de-schindler-y-el-renacimiento-del-barrio-judio-de-cracovia\/\" \/>\n\t<meta name=\"generator\" content=\"All in One SEO Pro (AIOSEO) 5.0.1\" \/>\n\t\t<meta property=\"og:locale\" content=\"es_ES\" \/>\n\t\t<meta property=\"og:site_name\" content=\"El Digital de Asturias\" \/>\n\t\t<meta property=\"og:type\" content=\"article\" \/>\n\t\t<meta property=\"og:title\" content=\"\u00abLa lista de Schindler\u00bb y el renacimiento del barrio jud\u00edo de Cracovia - El Digital de Asturias\" \/>\n\t\t<meta property=\"og:description\" content=\"Cracovia, 29 nov (dpa) - Si Steven Spielberg quisiera filmar hoy &quot;La lista de Schindler&quot; en su escenerio original, tendr\u00eda graves problemas: all\u00ed donde hace 20 a\u00f1os, en el rodaje de la que quiz\u00e1 sea su pel\u00edcula m\u00e1s personal, las grises y tristes casas del barrio Kazimierz de Cracovia encajaban perfectamente con el blanco y\" \/>\n\t\t<meta property=\"og:url\" content=\"https:\/\/www.eldigitaldeasturias.com\/noticias\/la-lista-de-schindler-y-el-renacimiento-del-barrio-judio-de-cracovia\/\" \/>\n\t\t<meta property=\"article:tag\" content=\"sociedad\" \/>\n\t\t<meta property=\"article:published_time\" content=\"2013-11-29T22:26:25+00:00\" \/>\n\t\t<meta property=\"article:modified_time\" content=\"2013-11-29T22:26:25+00:00\" \/>\n\t\t<meta property=\"article:publisher\" content=\"https:\/\/facebook.com\/eldigitaldeasturias\" \/>\n\t\t<meta name=\"twitter:card\" content=\"summary_large_image\" \/>\n\t\t<meta name=\"twitter:title\" content=\"\u00abLa lista de Schindler\u00bb y el renacimiento del barrio jud\u00edo de Cracovia - El Digital de Asturias\" \/>\n\t\t<meta name=\"twitter:description\" content=\"Cracovia, 29 nov (dpa) - Si Steven Spielberg quisiera filmar hoy &quot;La lista de Schindler&quot; en su escenerio original, tendr\u00eda graves problemas: all\u00ed donde hace 20 a\u00f1os, en el rodaje de la que quiz\u00e1 sea su pel\u00edcula m\u00e1s personal, las grises y tristes casas del barrio Kazimierz de Cracovia encajaban perfectamente con el blanco y\" \/>\n\t\t<meta name=\"twitter:label1\" content=\"Escrito por\" \/>\n\t\t<meta name=\"twitter:data1\" content=\"El Digital de Asturias\" \/>\n\t\t<meta name=\"twitter:label2\" content=\"Tiempo de lectura estimado\" \/>\n\t\t<meta name=\"twitter:data2\" content=\"3 minutos\" \/>\n\t\t<script type=\"application\/ld+json\" class=\"aioseo-schema\">\n\t\t\t{\"@context\":\"https:\\\/\\\/schema.org\",\"@graph\":[{\"@type\":\"BlogPosting\",\"@id\":\"https:\\\/\\\/www.eldigitaldeasturias.com\\\/noticias\\\/la-lista-de-schindler-y-el-renacimiento-del-barrio-judio-de-cracovia\\\/#blogposting\",\"name\":\"\\u00abLa lista de Schindler\\u00bb y el renacimiento del barrio jud\\u00edo de Cracovia - El Digital de Asturias\",\"headline\":\"\\u00abLa lista de Schindler\\u00bb y el renacimiento del barrio jud\\u00edo de Cracovia\",\"author\":{\"@id\":\"https:\\\/\\\/www.eldigitaldeasturias.com\\\/noticias\\\/author\\\/admin\\\/#author\"},\"publisher\":{\"@id\":\"https:\\\/\\\/www.eldigitaldeasturias.com\\\/noticias\\\/#organization\"},\"image\":{\"@type\":\"ImageObject\",\"url\":455877},\"datePublished\":\"2013-11-29T21:26:25+01:00\",\"dateModified\":\"2013-11-29T21:26:25+01:00\",\"inLanguage\":\"es-ES\",\"mainEntityOfPage\":{\"@id\":\"https:\\\/\\\/www.eldigitaldeasturias.com\\\/noticias\\\/la-lista-de-schindler-y-el-renacimiento-del-barrio-judio-de-cracovia\\\/#webpage\"},\"isPartOf\":{\"@id\":\"https:\\\/\\\/www.eldigitaldeasturias.com\\\/noticias\\\/la-lista-de-schindler-y-el-renacimiento-del-barrio-judio-de-cracovia\\\/#webpage\"},\"articleSection\":\"Sociedad\"},{\"@type\":\"BreadcrumbList\",\"@id\":\"https:\\\/\\\/www.eldigitaldeasturias.com\\\/noticias\\\/la-lista-de-schindler-y-el-renacimiento-del-barrio-judio-de-cracovia\\\/#breadcrumblist\",\"itemListElement\":[{\"@type\":\"ListItem\",\"@id\":\"https:\\\/\\\/www.eldigitaldeasturias.com\\\/noticias#listItem\",\"position\":1,\"name\":\"Home\",\"item\":\"https:\\\/\\\/www.eldigitaldeasturias.com\\\/noticias\",\"nextItem\":{\"@type\":\"ListItem\",\"@id\":\"https:\\\/\\\/www.eldigitaldeasturias.com\\\/noticias\\\/category\\\/sociedad\\\/#listItem\",\"name\":\"Sociedad\"}},{\"@type\":\"ListItem\",\"@id\":\"https:\\\/\\\/www.eldigitaldeasturias.com\\\/noticias\\\/category\\\/sociedad\\\/#listItem\",\"position\":2,\"name\":\"Sociedad\",\"item\":\"https:\\\/\\\/www.eldigitaldeasturias.com\\\/noticias\\\/category\\\/sociedad\\\/\",\"nextItem\":{\"@type\":\"ListItem\",\"@id\":\"https:\\\/\\\/www.eldigitaldeasturias.com\\\/noticias\\\/la-lista-de-schindler-y-el-renacimiento-del-barrio-judio-de-cracovia\\\/#listItem\",\"name\":\"\\u00abLa lista de Schindler\\u00bb y el renacimiento del barrio jud\\u00edo de Cracovia\"},\"previousItem\":{\"@type\":\"ListItem\",\"@id\":\"https:\\\/\\\/www.eldigitaldeasturias.com\\\/noticias#listItem\",\"name\":\"Home\"}},{\"@type\":\"ListItem\",\"@id\":\"https:\\\/\\\/www.eldigitaldeasturias.com\\\/noticias\\\/la-lista-de-schindler-y-el-renacimiento-del-barrio-judio-de-cracovia\\\/#listItem\",\"position\":3,\"name\":\"\\u00abLa lista de Schindler\\u00bb y el renacimiento del barrio jud\\u00edo de Cracovia\",\"previousItem\":{\"@type\":\"ListItem\",\"@id\":\"https:\\\/\\\/www.eldigitaldeasturias.com\\\/noticias\\\/category\\\/sociedad\\\/#listItem\",\"name\":\"Sociedad\"}}]},{\"@type\":\"Organization\",\"@id\":\"https:\\\/\\\/www.eldigitaldeasturias.com\\\/noticias\\\/#organization\",\"name\":\"El Digital de Asturias\",\"description\":\"Hemeroteca\",\"url\":\"https:\\\/\\\/www.eldigitaldeasturias.com\\\/noticias\\\/\",\"email\":\"info@eldigitaldeasturias.com\",\"telephone\":\"+34652131393\",\"logo\":{\"@type\":\"ImageObject\",\"url\":\"https:\\\/\\\/www.eldigitaldeasturias.com\\\/noticias\\\/wp-content\\\/uploads\\\/2020\\\/12\\\/EDA.jpg\",\"@id\":\"https:\\\/\\\/www.eldigitaldeasturias.com\\\/noticias\\\/la-lista-de-schindler-y-el-renacimiento-del-barrio-judio-de-cracovia\\\/#organizationLogo\"},\"image\":{\"@id\":\"https:\\\/\\\/www.eldigitaldeasturias.com\\\/noticias\\\/la-lista-de-schindler-y-el-renacimiento-del-barrio-judio-de-cracovia\\\/#organizationLogo\"},\"sameAs\":[\"https:\\\/\\\/facebook.com\\\/eldigitaldeasturias\",\"https:\\\/\\\/www.youtube.com\\\/channel\\\/UCZP-2wLEB9Rv6erhFmqVnvg\"],\"address\":{\"@id\":\"https:\\\/\\\/www.eldigitaldeasturias.com\\\/noticias\\\/#postaladdress\",\"@type\":\"PostalAddress\",\"streetAddress\":\"san antonio 4\",\"postalCode\":\"33430\",\"addressLocality\":\"Cand\\u00e1s\",\"addressRegion\":\"Asturias\",\"addressCountry\":\"ES\"}},{\"@type\":\"Person\",\"@id\":\"https:\\\/\\\/www.eldigitaldeasturias.com\\\/noticias\\\/author\\\/admin\\\/#author\",\"url\":\"https:\\\/\\\/www.eldigitaldeasturias.com\\\/noticias\\\/author\\\/admin\\\/\",\"name\":\"El Digital de Asturias\",\"image\":{\"@type\":\"ImageObject\",\"@id\":\"https:\\\/\\\/www.eldigitaldeasturias.com\\\/noticias\\\/la-lista-de-schindler-y-el-renacimiento-del-barrio-judio-de-cracovia\\\/#authorImage\",\"url\":\"https:\\\/\\\/secure.gravatar.com\\\/avatar\\\/df2aeffc32bcd13f8d26072ef8a91b623d677766deac7f97ca815868cd41bf5e?s=96&d=mm&r=g\",\"width\":96,\"height\":96,\"caption\":\"El Digital de Asturias\"}},{\"@type\":\"WebPage\",\"@id\":\"https:\\\/\\\/www.eldigitaldeasturias.com\\\/noticias\\\/la-lista-de-schindler-y-el-renacimiento-del-barrio-judio-de-cracovia\\\/#webpage\",\"url\":\"https:\\\/\\\/www.eldigitaldeasturias.com\\\/noticias\\\/la-lista-de-schindler-y-el-renacimiento-del-barrio-judio-de-cracovia\\\/\",\"name\":\"\\u00abLa lista de Schindler\\u00bb y el renacimiento del barrio jud\\u00edo de Cracovia - El Digital de Asturias\",\"description\":\"Cracovia, 29 nov (dpa) - Si Steven Spielberg quisiera filmar hoy \\\"La lista de Schindler\\\" en su escenerio original, tendr\\u00eda graves problemas: all\\u00ed donde hace 20 a\\u00f1os, en el rodaje de la que quiz\\u00e1 sea su pel\\u00edcula m\\u00e1s personal, las grises y tristes casas del barrio Kazimierz de Cracovia encajaban perfectamente con el blanco y\",\"inLanguage\":\"es-ES\",\"isPartOf\":{\"@id\":\"https:\\\/\\\/www.eldigitaldeasturias.com\\\/noticias\\\/#website\"},\"breadcrumb\":{\"@id\":\"https:\\\/\\\/www.eldigitaldeasturias.com\\\/noticias\\\/la-lista-de-schindler-y-el-renacimiento-del-barrio-judio-de-cracovia\\\/#breadcrumblist\"},\"author\":{\"@id\":\"https:\\\/\\\/www.eldigitaldeasturias.com\\\/noticias\\\/author\\\/admin\\\/#author\"},\"creator\":{\"@id\":\"https:\\\/\\\/www.eldigitaldeasturias.com\\\/noticias\\\/author\\\/admin\\\/#author\"},\"image\":{\"@type\":\"ImageObject\",\"url\":455877,\"@id\":\"https:\\\/\\\/www.eldigitaldeasturias.com\\\/noticias\\\/la-lista-de-schindler-y-el-renacimiento-del-barrio-judio-de-cracovia\\\/#mainImage\"},\"primaryImageOfPage\":{\"@id\":\"https:\\\/\\\/www.eldigitaldeasturias.com\\\/noticias\\\/la-lista-de-schindler-y-el-renacimiento-del-barrio-judio-de-cracovia\\\/#mainImage\"},\"datePublished\":\"2013-11-29T21:26:25+01:00\",\"dateModified\":\"2013-11-29T21:26:25+01:00\"},{\"@type\":\"WebSite\",\"@id\":\"https:\\\/\\\/www.eldigitaldeasturias.com\\\/noticias\\\/#website\",\"url\":\"https:\\\/\\\/www.eldigitaldeasturias.com\\\/noticias\\\/\",\"name\":\"El Digital de Asturias - Diario de actualidad y noticias\",\"alternateName\":\"El Digital de Asturias - Diario de actualidad y noticias\",\"description\":\"Hemeroteca\",\"inLanguage\":\"es-ES\",\"publisher\":{\"@id\":\"https:\\\/\\\/www.eldigitaldeasturias.com\\\/noticias\\\/#organization\"}}]}\n\t\t<\/script>\n\t\t<!-- All in One SEO Pro -->\r\n\t\t<title>\u00abLa lista de Schindler\u00bb y el renacimiento del barrio jud\u00edo de Cracovia - El Digital de Asturias<\/title>\n\n","aioseo_head_json":{"title":"\u00abLa lista de Schindler\u00bb y el renacimiento del barrio jud\u00edo de Cracovia - El Digital de Asturias","description":"Cracovia, 29 nov (dpa) - Si Steven Spielberg quisiera filmar hoy \"La lista de Schindler\" en su escenerio original, tendr\u00eda graves problemas: all\u00ed donde hace 20 a\u00f1os, en el rodaje de la que quiz\u00e1 sea su pel\u00edcula m\u00e1s personal, las grises y tristes casas del barrio Kazimierz de Cracovia encajaban perfectamente con el blanco y","canonical_url":"https:\/\/www.eldigitaldeasturias.com\/noticias\/la-lista-de-schindler-y-el-renacimiento-del-barrio-judio-de-cracovia\/","robots":"max-image-preview:large","keywords":"sociedad","webmasterTools":{"google-site-verification":"UA-38556648-1","msvalidate.01":"7dfe9f3f1b24437ab69f4f2559babe99","miscellaneous":""},"schema":{"@context":"https:\/\/schema.org","@graph":[{"@type":"BlogPosting","@id":"https:\/\/www.eldigitaldeasturias.com\/noticias\/la-lista-de-schindler-y-el-renacimiento-del-barrio-judio-de-cracovia\/#blogposting","name":"\u00abLa lista de Schindler\u00bb y el renacimiento del barrio jud\u00edo de Cracovia - El Digital de Asturias","headline":"\u00abLa lista de Schindler\u00bb y el renacimiento del barrio jud\u00edo de Cracovia","author":{"@id":"https:\/\/www.eldigitaldeasturias.com\/noticias\/author\/admin\/#author"},"publisher":{"@id":"https:\/\/www.eldigitaldeasturias.com\/noticias\/#organization"},"image":{"@type":"ImageObject","url":455877},"datePublished":"2013-11-29T21:26:25+01:00","dateModified":"2013-11-29T21:26:25+01:00","inLanguage":"es-ES","mainEntityOfPage":{"@id":"https:\/\/www.eldigitaldeasturias.com\/noticias\/la-lista-de-schindler-y-el-renacimiento-del-barrio-judio-de-cracovia\/#webpage"},"isPartOf":{"@id":"https:\/\/www.eldigitaldeasturias.com\/noticias\/la-lista-de-schindler-y-el-renacimiento-del-barrio-judio-de-cracovia\/#webpage"},"articleSection":"Sociedad"},{"@type":"BreadcrumbList","@id":"https:\/\/www.eldigitaldeasturias.com\/noticias\/la-lista-de-schindler-y-el-renacimiento-del-barrio-judio-de-cracovia\/#breadcrumblist","itemListElement":[{"@type":"ListItem","@id":"https:\/\/www.eldigitaldeasturias.com\/noticias#listItem","position":1,"name":"Home","item":"https:\/\/www.eldigitaldeasturias.com\/noticias","nextItem":{"@type":"ListItem","@id":"https:\/\/www.eldigitaldeasturias.com\/noticias\/category\/sociedad\/#listItem","name":"Sociedad"}},{"@type":"ListItem","@id":"https:\/\/www.eldigitaldeasturias.com\/noticias\/category\/sociedad\/#listItem","position":2,"name":"Sociedad","item":"https:\/\/www.eldigitaldeasturias.com\/noticias\/category\/sociedad\/","nextItem":{"@type":"ListItem","@id":"https:\/\/www.eldigitaldeasturias.com\/noticias\/la-lista-de-schindler-y-el-renacimiento-del-barrio-judio-de-cracovia\/#listItem","name":"\u00abLa lista de Schindler\u00bb y el renacimiento del barrio jud\u00edo de Cracovia"},"previousItem":{"@type":"ListItem","@id":"https:\/\/www.eldigitaldeasturias.com\/noticias#listItem","name":"Home"}},{"@type":"ListItem","@id":"https:\/\/www.eldigitaldeasturias.com\/noticias\/la-lista-de-schindler-y-el-renacimiento-del-barrio-judio-de-cracovia\/#listItem","position":3,"name":"\u00abLa lista de Schindler\u00bb y el renacimiento del barrio jud\u00edo de Cracovia","previousItem":{"@type":"ListItem","@id":"https:\/\/www.eldigitaldeasturias.com\/noticias\/category\/sociedad\/#listItem","name":"Sociedad"}}]},{"@type":"Organization","@id":"https:\/\/www.eldigitaldeasturias.com\/noticias\/#organization","name":"El Digital de Asturias","description":"Hemeroteca","url":"https:\/\/www.eldigitaldeasturias.com\/noticias\/","email":"info@eldigitaldeasturias.com","telephone":"+34652131393","logo":{"@type":"ImageObject","url":"https:\/\/www.eldigitaldeasturias.com\/noticias\/wp-content\/uploads\/2020\/12\/EDA.jpg","@id":"https:\/\/www.eldigitaldeasturias.com\/noticias\/la-lista-de-schindler-y-el-renacimiento-del-barrio-judio-de-cracovia\/#organizationLogo"},"image":{"@id":"https:\/\/www.eldigitaldeasturias.com\/noticias\/la-lista-de-schindler-y-el-renacimiento-del-barrio-judio-de-cracovia\/#organizationLogo"},"sameAs":["https:\/\/facebook.com\/eldigitaldeasturias","https:\/\/www.youtube.com\/channel\/UCZP-2wLEB9Rv6erhFmqVnvg"],"address":{"@id":"https:\/\/www.eldigitaldeasturias.com\/noticias\/#postaladdress","@type":"PostalAddress","streetAddress":"san antonio 4","postalCode":"33430","addressLocality":"Cand\u00e1s","addressRegion":"Asturias","addressCountry":"ES"}},{"@type":"Person","@id":"https:\/\/www.eldigitaldeasturias.com\/noticias\/author\/admin\/#author","url":"https:\/\/www.eldigitaldeasturias.com\/noticias\/author\/admin\/","name":"El Digital de Asturias","image":{"@type":"ImageObject","@id":"https:\/\/www.eldigitaldeasturias.com\/noticias\/la-lista-de-schindler-y-el-renacimiento-del-barrio-judio-de-cracovia\/#authorImage","url":"https:\/\/secure.gravatar.com\/avatar\/df2aeffc32bcd13f8d26072ef8a91b623d677766deac7f97ca815868cd41bf5e?s=96&d=mm&r=g","width":96,"height":96,"caption":"El Digital de Asturias"}},{"@type":"WebPage","@id":"https:\/\/www.eldigitaldeasturias.com\/noticias\/la-lista-de-schindler-y-el-renacimiento-del-barrio-judio-de-cracovia\/#webpage","url":"https:\/\/www.eldigitaldeasturias.com\/noticias\/la-lista-de-schindler-y-el-renacimiento-del-barrio-judio-de-cracovia\/","name":"\u00abLa lista de Schindler\u00bb y el renacimiento del barrio jud\u00edo de Cracovia - El Digital de Asturias","description":"Cracovia, 29 nov (dpa) - Si Steven Spielberg quisiera filmar hoy \"La lista de Schindler\" en su escenerio original, tendr\u00eda graves problemas: all\u00ed donde hace 20 a\u00f1os, en el rodaje de la que quiz\u00e1 sea su pel\u00edcula m\u00e1s personal, las grises y tristes casas del barrio Kazimierz de Cracovia encajaban perfectamente con el blanco y","inLanguage":"es-ES","isPartOf":{"@id":"https:\/\/www.eldigitaldeasturias.com\/noticias\/#website"},"breadcrumb":{"@id":"https:\/\/www.eldigitaldeasturias.com\/noticias\/la-lista-de-schindler-y-el-renacimiento-del-barrio-judio-de-cracovia\/#breadcrumblist"},"author":{"@id":"https:\/\/www.eldigitaldeasturias.com\/noticias\/author\/admin\/#author"},"creator":{"@id":"https:\/\/www.eldigitaldeasturias.com\/noticias\/author\/admin\/#author"},"image":{"@type":"ImageObject","url":455877,"@id":"https:\/\/www.eldigitaldeasturias.com\/noticias\/la-lista-de-schindler-y-el-renacimiento-del-barrio-judio-de-cracovia\/#mainImage"},"primaryImageOfPage":{"@id":"https:\/\/www.eldigitaldeasturias.com\/noticias\/la-lista-de-schindler-y-el-renacimiento-del-barrio-judio-de-cracovia\/#mainImage"},"datePublished":"2013-11-29T21:26:25+01:00","dateModified":"2013-11-29T21:26:25+01:00"},{"@type":"WebSite","@id":"https:\/\/www.eldigitaldeasturias.com\/noticias\/#website","url":"https:\/\/www.eldigitaldeasturias.com\/noticias\/","name":"El Digital de Asturias - Diario de actualidad y noticias","alternateName":"El Digital de Asturias - Diario de actualidad y noticias","description":"Hemeroteca","inLanguage":"es-ES","publisher":{"@id":"https:\/\/www.eldigitaldeasturias.com\/noticias\/#organization"}}]},"og:locale":"es_ES","og:site_name":"El Digital de Asturias","og:type":"article","og:title":"\u00abLa lista de Schindler\u00bb y el renacimiento del barrio jud\u00edo de Cracovia - El Digital de Asturias","og:description":"Cracovia, 29 nov (dpa) - Si Steven Spielberg quisiera filmar hoy &quot;La lista de Schindler&quot; en su escenerio original, tendr\u00eda graves problemas: all\u00ed donde hace 20 a\u00f1os, en el rodaje de la que quiz\u00e1 sea su pel\u00edcula m\u00e1s personal, las grises y tristes casas del barrio Kazimierz de Cracovia encajaban perfectamente con el blanco y","og:url":"https:\/\/www.eldigitaldeasturias.com\/noticias\/la-lista-de-schindler-y-el-renacimiento-del-barrio-judio-de-cracovia\/","article:tag":["sociedad"],"article:published_time":"2013-11-29T22:26:25+00:00","article:modified_time":"2013-11-29T22:26:25+00:00","article:publisher":"https:\/\/facebook.com\/eldigitaldeasturias","twitter:card":"summary_large_image","twitter:title":"\u00abLa lista de Schindler\u00bb y el renacimiento del barrio jud\u00edo de Cracovia - El Digital de Asturias","twitter:description":"Cracovia, 29 nov (dpa) - Si Steven Spielberg quisiera filmar hoy &quot;La lista de Schindler&quot; en su escenerio original, tendr\u00eda graves problemas: all\u00ed donde hace 20 a\u00f1os, en el rodaje de la que quiz\u00e1 sea su pel\u00edcula m\u00e1s personal, las grises y tristes casas del barrio Kazimierz de Cracovia encajaban perfectamente con el blanco y","twitter:label1":"Escrito por","twitter:data1":"El Digital de Asturias","twitter:label2":"Tiempo de lectura estimado","twitter:data2":"3 minutos"},"aioseo_meta_data":{"post_id":"455876","title":null,"description":null,"keywords":null,"keyphrases":null,"primary_term":null,"canonical_url":null,"og_title":null,"og_description":null,"og_object_type":"default","og_image_type":"default","og_image_url":null,"og_image_width":null,"og_image_height":null,"og_image_custom_url":null,"og_image_custom_fields":null,"og_video":null,"og_custom_url":null,"og_article_section":null,"og_article_tags":null,"twitter_use_og":true,"twitter_card":"default","twitter_image_type":"default","twitter_image_url":null,"twitter_image_custom_url":null,"twitter_image_custom_fields":null,"twitter_title":null,"twitter_description":null,"schema":{"blockGraphs":[],"customGraphs":[],"default":{"data":{"Article":[],"Course":[],"Dataset":[],"FAQPage":[],"Movie":[],"Person":[],"Product":[],"ProductReview":[],"Car":[],"Recipe":[],"Service":[],"SoftwareApplication":[],"WebPage":[]},"graphName":"","isEnabled":true},"graphs":[],"defaultGraph":"","defaultPostTypeGraph":""},"schema_type":null,"schema_type_options":null,"pillar_content":false,"robots_default":true,"robots_noindex":false,"robots_noarchive":false,"robots_nosnippet":false,"robots_nofollow":false,"robots_noimageindex":false,"robots_noodp":false,"robots_notranslate":false,"robots_max_snippet":null,"robots_max_videopreview":null,"robots_max_imagepreview":"none","priority":null,"frequency":null,"local_seo":null,"seo_analyzer_scan_date":"2026-05-29 19:54:08","breadcrumb_settings":null,"limit_modified_date":false,"open_ai":null,"ai":null,"created":"2020-11-14 22:45:22","updated":"2026-05-29 19:54:08","focus_keyword":null,"additional_keywords":null,"truseo_locale":null},"aioseo_breadcrumb":"<div class=\"aioseo-breadcrumbs\"><span class=\"aioseo-breadcrumb\">\n\t<a href=\"https:\/\/www.eldigitaldeasturias.com\/noticias\" title=\"Home\">Home<\/a>\n<\/span><span class=\"aioseo-breadcrumb-separator\">\u2013<\/span><span class=\"aioseo-breadcrumb\">\n\t<a href=\"https:\/\/www.eldigitaldeasturias.com\/noticias\/category\/sociedad\/\" title=\"Sociedad\">Sociedad<\/a>\n<\/span><span class=\"aioseo-breadcrumb-separator\">\u2013<\/span><span class=\"aioseo-breadcrumb\">\n\t<a href=\"https:\/\/www.eldigitaldeasturias.com\/noticias\/la-lista-de-schindler-y-el-renacimiento-del-barrio-judio-de-cracovia\/\" title=\"\u00abLa lista de Schindler\u00bb y el renacimiento del barrio jud\u00edo de Cracovia\">\u00abLa lista de Schindler\u00bb y el renacimiento del barrio jud\u00edo de Cracovia<\/a>\n<\/span><\/div>","aioseo_breadcrumb_json":[{"label":"Home","link":"https:\/\/www.eldigitaldeasturias.com\/noticias"},{"label":"Sociedad","link":"https:\/\/www.eldigitaldeasturias.com\/noticias\/category\/sociedad\/"},{"label":"\u00abLa lista de Schindler\u00bb y el renacimiento del barrio jud\u00edo de Cracovia","link":"https:\/\/www.eldigitaldeasturias.com\/noticias\/la-lista-de-schindler-y-el-renacimiento-del-barrio-judio-de-cracovia\/"}],"_links":{"self":[{"href":"https:\/\/www.eldigitaldeasturias.com\/noticias\/wp-json\/wp\/v2\/posts\/455876","targetHints":{"allow":["GET"]}}],"collection":[{"href":"https:\/\/www.eldigitaldeasturias.com\/noticias\/wp-json\/wp\/v2\/posts"}],"about":[{"href":"https:\/\/www.eldigitaldeasturias.com\/noticias\/wp-json\/wp\/v2\/types\/post"}],"author":[{"embeddable":true,"href":"https:\/\/www.eldigitaldeasturias.com\/noticias\/wp-json\/wp\/v2\/users\/1"}],"replies":[{"embeddable":true,"href":"https:\/\/www.eldigitaldeasturias.com\/noticias\/wp-json\/wp\/v2\/comments?post=455876"}],"version-history":[{"count":0,"href":"https:\/\/www.eldigitaldeasturias.com\/noticias\/wp-json\/wp\/v2\/posts\/455876\/revisions"}],"wp:attachment":[{"href":"https:\/\/www.eldigitaldeasturias.com\/noticias\/wp-json\/wp\/v2\/media?parent=455876"}],"wp:term":[{"taxonomy":"category","embeddable":true,"href":"https:\/\/www.eldigitaldeasturias.com\/noticias\/wp-json\/wp\/v2\/categories?post=455876"},{"taxonomy":"post_tag","embeddable":true,"href":"https:\/\/www.eldigitaldeasturias.com\/noticias\/wp-json\/wp\/v2\/tags?post=455876"}],"curies":[{"name":"wp","href":"https:\/\/api.w.org\/{rel}","templated":true}]}}