{"id":455873,"date":"2013-11-29T21:20:50","date_gmt":"2013-11-29T22:20:50","guid":{"rendered":"http:\/\/www.eldigitaldeasturias.com\/noticias\/?p=455873"},"modified":"2013-11-29T21:20:50","modified_gmt":"2013-11-29T22:20:50","slug":"miguel-ricart-condenado-por-el-asesinato-de-tres-ninas-en-libertad","status":"publish","type":"post","link":"https:\/\/www.eldigitaldeasturias.com\/noticias\/miguel-ricart-condenado-por-el-asesinato-de-tres-ninas-en-libertad\/","title":{"rendered":"Miguel Ricart, condenado por el asesinato de tres ni\u00f1as, en libertad"},"content":{"rendered":"<p><img loading=\"lazy\" decoding=\"async\" class=\"alignleft size-medium wp-image-455874\" alt=\"5762801w\" src=\"https:\/\/www.eldigitaldeasturias.com\/noticias\/wp-content\/uploads\/2013\/11\/5762801w-360x243.jpg\" width=\"360\" height=\"243\" \/>Manzanares (Espa\u00f1a), 29 nov (EFE).- El espa\u00f1ol Miguel Ricart sali\u00f3 hoy de la c\u00e1rcel tras cumplir una condena de casi 21 a\u00f1os por secuestrar, violar y asesinar a tres adolescentes en la provincia de Valencia (este) , una liberaci\u00f3n criticada por la opini\u00f3n p\u00fablica y que motiva la alerta de la Polic\u00eda.<\/p>\n<p>Ricart, de 44 a\u00f1os, pudo salir de la c\u00e1rcel hoy debido a la sentencia del pasado 21 de octubre del Tribunal Europeo de Derechos Humanos (TEDH) en contra de la aplicaci\u00f3n de la doctrina Parot, una pr\u00e1ctica que permit\u00eda en Espa\u00f1a alargar la estancia en prisi\u00f3n de los condenados por cr\u00edmenes graves.<\/p>\n<p>El TEDH consider\u00f3 que su formulaci\u00f3n retroactiva era contraria a derecho.<\/p>\n<p>Al igual que Ricart, m\u00e1s de una cincuentena de criminales y terroristas a los que se les hab\u00eda aplicado la doctrina Parot han salido de la c\u00e1rcel en poco m\u00e1s de un mes.<\/p>\n<p>Cubierto con un pasamonta\u00f1as, Ricart abandon\u00f3 en taxi la c\u00e1rcel de Herrera de la Mancha, en Ciudad Real (centro-sur), a cuyas puertas no le esperaba nadie, excepto un nutrido grupo de periodistas.<\/p>\n<p>Ricart fue detenido en enero de 1993 y condenado a 170 a\u00f1os de prisi\u00f3n por el secuestro, violaci\u00f3n y asesinato de M\u00edriam, To\u00f1i y Desir\u00e9e, tres ni\u00f1as de la localidad de Alc\u00e0sser, en la provincia de Valencia, cuyos cuerpos fueron encontrados un mes despu\u00e9s de su desaparici\u00f3n, enterrados en una finca de la zona.<\/p>\n<p>El condenado, quien se desdijo en el juicio de su primera inculpaci\u00f3n en unos hechos por los que a\u00fan se busca a su amigo Antonio Angl\u00e9s, sostuvo en la c\u00e1rcel la versi\u00f3n de que \u00e9l no mato a las ni\u00f1as, seg\u00fan dijeron algunos de sus excompa\u00f1eros en los \u00faltimos d\u00edas a los periodistas que hac\u00edan guardia en la puerta de la penitenciar\u00eda.<\/p>\n<p>La Abogac\u00eda del Estado recurrir\u00e1 el pr\u00f3ximo lunes la excarcelaci\u00f3n de Miguel Ricart, dijeron fuentes oficiales.<\/p>\n<p>La asociaci\u00f3n de mujeres Clara Campoamor, que ejerce la acusaci\u00f3n popular, asegur\u00f3 que aprovechar\u00e1 \u00abcualquier resquicio\u00bb para recurrir la puesta en libertad de Ricart.<\/p>\n<p>Por su parte, la Fiscal\u00eda ha remitido un escrito a las Fuerzas y Cuerpos de Seguridad, tanto a la Polic\u00eda Nacional como a la Guardia Civil, en el que les comunica que adopten las \u00abmedidas oportunas\u00bb para \u00abprevenir la comisi\u00f3n de nuevos hechos delictivos y proteger adecuadamente a las posibles v\u00edctimas de los mismos\u00bb.<\/p>\n","protected":false},"excerpt":{"rendered":"<p>Manzanares (Espa\u00f1a), 29 nov (EFE).- El espa\u00f1ol Miguel Ricart sali\u00f3 hoy de la c\u00e1rcel tras cumplir una condena de casi 21 a\u00f1os por secuestrar, violar y asesinar a tres adolescentes en la provincia de Valencia (este) , una liberaci\u00f3n criticada por la opini\u00f3n p\u00fablica y que motiva la alerta de la Polic\u00eda. Ricart, de 44 [&hellip;]<\/p>\n","protected":false},"author":1,"featured_media":455874,"comment_status":"closed","ping_status":"open","sticky":false,"template":"","format":"standard","meta":{"footnotes":""},"categories":[5],"tags":[],"class_list":["post-455873","post","type-post","status-publish","format-standard","has-post-thumbnail","hentry","category-sucesos"],"aioseo_notices":[],"aioseo_head":"\n\t\t<!-- All in One SEO Pro 5.0.1 - aioseo.com -->\n\t<meta name=\"description\" content=\"Manzanares (Espa\u00f1a), 29 nov (EFE).- El espa\u00f1ol Miguel Ricart sali\u00f3 hoy de la c\u00e1rcel tras cumplir una condena de casi 21 a\u00f1os por secuestrar, violar y asesinar a tres adolescentes en la provincia de Valencia (este) , una liberaci\u00f3n criticada por la opini\u00f3n p\u00fablica y que motiva la alerta de la Polic\u00eda. Ricart, de 44\" \/>\n\t<meta name=\"robots\" content=\"max-image-preview:large\" \/>\n\t<meta name=\"author\" content=\"El Digital de Asturias\"\/>\n\t<meta name=\"google-site-verification\" content=\"UA-38556648-1\" \/>\n\t<meta name=\"msvalidate.01\" content=\"7dfe9f3f1b24437ab69f4f2559babe99\" \/>\n\t<meta name=\"keywords\" content=\"sucesos\" \/>\n\t<link rel=\"canonical\" href=\"https:\/\/www.eldigitaldeasturias.com\/noticias\/miguel-ricart-condenado-por-el-asesinato-de-tres-ninas-en-libertad\/\" \/>\n\t<meta name=\"generator\" content=\"All in One SEO Pro (AIOSEO) 5.0.1\" \/>\n\t\t<meta property=\"og:locale\" content=\"es_ES\" \/>\n\t\t<meta property=\"og:site_name\" content=\"El Digital de Asturias\" \/>\n\t\t<meta property=\"og:type\" content=\"article\" \/>\n\t\t<meta property=\"og:title\" content=\"Miguel Ricart, condenado por el asesinato de tres ni\u00f1as, en libertad - El Digital de Asturias\" \/>\n\t\t<meta property=\"og:description\" content=\"Manzanares (Espa\u00f1a), 29 nov (EFE).- El espa\u00f1ol Miguel Ricart sali\u00f3 hoy de la c\u00e1rcel tras cumplir una condena de casi 21 a\u00f1os por secuestrar, violar y asesinar a tres adolescentes en la provincia de Valencia (este) , una liberaci\u00f3n criticada por la opini\u00f3n p\u00fablica y que motiva la alerta de la Polic\u00eda. Ricart, de 44\" \/>\n\t\t<meta property=\"og:url\" content=\"https:\/\/www.eldigitaldeasturias.com\/noticias\/miguel-ricart-condenado-por-el-asesinato-de-tres-ninas-en-libertad\/\" \/>\n\t\t<meta property=\"article:tag\" content=\"sucesos\" \/>\n\t\t<meta property=\"article:published_time\" content=\"2013-11-29T22:20:50+00:00\" \/>\n\t\t<meta property=\"article:modified_time\" content=\"2013-11-29T22:20:50+00:00\" \/>\n\t\t<meta property=\"article:publisher\" content=\"https:\/\/facebook.com\/eldigitaldeasturias\" \/>\n\t\t<meta name=\"twitter:card\" content=\"summary_large_image\" \/>\n\t\t<meta name=\"twitter:title\" content=\"Miguel Ricart, condenado por el asesinato de tres ni\u00f1as, en libertad - El Digital de Asturias\" \/>\n\t\t<meta name=\"twitter:description\" content=\"Manzanares (Espa\u00f1a), 29 nov (EFE).- El espa\u00f1ol Miguel Ricart sali\u00f3 hoy de la c\u00e1rcel tras cumplir una condena de casi 21 a\u00f1os por secuestrar, violar y asesinar a tres adolescentes en la provincia de Valencia (este) , una liberaci\u00f3n criticada por la opini\u00f3n p\u00fablica y que motiva la alerta de la Polic\u00eda. Ricart, de 44\" \/>\n\t\t<meta name=\"twitter:label1\" content=\"Escrito por\" \/>\n\t\t<meta name=\"twitter:data1\" content=\"El Digital de Asturias\" \/>\n\t\t<meta name=\"twitter:label2\" content=\"Tiempo de lectura estimado\" \/>\n\t\t<meta name=\"twitter:data2\" content=\"2 minutos\" \/>\n\t\t<script type=\"application\/ld+json\" class=\"aioseo-schema\">\n\t\t\t{\"@context\":\"https:\\\/\\\/schema.org\",\"@graph\":[{\"@type\":\"BlogPosting\",\"@id\":\"https:\\\/\\\/www.eldigitaldeasturias.com\\\/noticias\\\/miguel-ricart-condenado-por-el-asesinato-de-tres-ninas-en-libertad\\\/#blogposting\",\"name\":\"Miguel Ricart, condenado por el asesinato de tres ni\\u00f1as, en libertad - El Digital de Asturias\",\"headline\":\"Miguel Ricart, condenado por el asesinato de tres ni\\u00f1as, en libertad\",\"author\":{\"@id\":\"https:\\\/\\\/www.eldigitaldeasturias.com\\\/noticias\\\/author\\\/admin\\\/#author\"},\"publisher\":{\"@id\":\"https:\\\/\\\/www.eldigitaldeasturias.com\\\/noticias\\\/#organization\"},\"image\":{\"@type\":\"ImageObject\",\"url\":455874},\"datePublished\":\"2013-11-29T21:20:50+01:00\",\"dateModified\":\"2013-11-29T21:20:50+01:00\",\"inLanguage\":\"es-ES\",\"mainEntityOfPage\":{\"@id\":\"https:\\\/\\\/www.eldigitaldeasturias.com\\\/noticias\\\/miguel-ricart-condenado-por-el-asesinato-de-tres-ninas-en-libertad\\\/#webpage\"},\"isPartOf\":{\"@id\":\"https:\\\/\\\/www.eldigitaldeasturias.com\\\/noticias\\\/miguel-ricart-condenado-por-el-asesinato-de-tres-ninas-en-libertad\\\/#webpage\"},\"articleSection\":\"Sucesos\"},{\"@type\":\"BreadcrumbList\",\"@id\":\"https:\\\/\\\/www.eldigitaldeasturias.com\\\/noticias\\\/miguel-ricart-condenado-por-el-asesinato-de-tres-ninas-en-libertad\\\/#breadcrumblist\",\"itemListElement\":[{\"@type\":\"ListItem\",\"@id\":\"https:\\\/\\\/www.eldigitaldeasturias.com\\\/noticias#listItem\",\"position\":1,\"name\":\"Home\",\"item\":\"https:\\\/\\\/www.eldigitaldeasturias.com\\\/noticias\",\"nextItem\":{\"@type\":\"ListItem\",\"@id\":\"https:\\\/\\\/www.eldigitaldeasturias.com\\\/noticias\\\/category\\\/sucesos\\\/#listItem\",\"name\":\"Sucesos\"}},{\"@type\":\"ListItem\",\"@id\":\"https:\\\/\\\/www.eldigitaldeasturias.com\\\/noticias\\\/category\\\/sucesos\\\/#listItem\",\"position\":2,\"name\":\"Sucesos\",\"item\":\"https:\\\/\\\/www.eldigitaldeasturias.com\\\/noticias\\\/category\\\/sucesos\\\/\",\"nextItem\":{\"@type\":\"ListItem\",\"@id\":\"https:\\\/\\\/www.eldigitaldeasturias.com\\\/noticias\\\/miguel-ricart-condenado-por-el-asesinato-de-tres-ninas-en-libertad\\\/#listItem\",\"name\":\"Miguel Ricart, condenado por el asesinato de tres ni\\u00f1as, en libertad\"},\"previousItem\":{\"@type\":\"ListItem\",\"@id\":\"https:\\\/\\\/www.eldigitaldeasturias.com\\\/noticias#listItem\",\"name\":\"Home\"}},{\"@type\":\"ListItem\",\"@id\":\"https:\\\/\\\/www.eldigitaldeasturias.com\\\/noticias\\\/miguel-ricart-condenado-por-el-asesinato-de-tres-ninas-en-libertad\\\/#listItem\",\"position\":3,\"name\":\"Miguel Ricart, condenado por el asesinato de tres ni\\u00f1as, en libertad\",\"previousItem\":{\"@type\":\"ListItem\",\"@id\":\"https:\\\/\\\/www.eldigitaldeasturias.com\\\/noticias\\\/category\\\/sucesos\\\/#listItem\",\"name\":\"Sucesos\"}}]},{\"@type\":\"Organization\",\"@id\":\"https:\\\/\\\/www.eldigitaldeasturias.com\\\/noticias\\\/#organization\",\"name\":\"El Digital de Asturias\",\"description\":\"Hemeroteca\",\"url\":\"https:\\\/\\\/www.eldigitaldeasturias.com\\\/noticias\\\/\",\"email\":\"info@eldigitaldeasturias.com\",\"telephone\":\"+34652131393\",\"logo\":{\"@type\":\"ImageObject\",\"url\":\"https:\\\/\\\/www.eldigitaldeasturias.com\\\/noticias\\\/wp-content\\\/uploads\\\/2020\\\/12\\\/EDA.jpg\",\"@id\":\"https:\\\/\\\/www.eldigitaldeasturias.com\\\/noticias\\\/miguel-ricart-condenado-por-el-asesinato-de-tres-ninas-en-libertad\\\/#organizationLogo\"},\"image\":{\"@id\":\"https:\\\/\\\/www.eldigitaldeasturias.com\\\/noticias\\\/miguel-ricart-condenado-por-el-asesinato-de-tres-ninas-en-libertad\\\/#organizationLogo\"},\"sameAs\":[\"https:\\\/\\\/facebook.com\\\/eldigitaldeasturias\",\"https:\\\/\\\/www.youtube.com\\\/channel\\\/UCZP-2wLEB9Rv6erhFmqVnvg\"],\"address\":{\"@id\":\"https:\\\/\\\/www.eldigitaldeasturias.com\\\/noticias\\\/#postaladdress\",\"@type\":\"PostalAddress\",\"streetAddress\":\"san antonio 4\",\"postalCode\":\"33430\",\"addressLocality\":\"Cand\\u00e1s\",\"addressRegion\":\"Asturias\",\"addressCountry\":\"ES\"}},{\"@type\":\"Person\",\"@id\":\"https:\\\/\\\/www.eldigitaldeasturias.com\\\/noticias\\\/author\\\/admin\\\/#author\",\"url\":\"https:\\\/\\\/www.eldigitaldeasturias.com\\\/noticias\\\/author\\\/admin\\\/\",\"name\":\"El Digital de Asturias\",\"image\":{\"@type\":\"ImageObject\",\"@id\":\"https:\\\/\\\/www.eldigitaldeasturias.com\\\/noticias\\\/miguel-ricart-condenado-por-el-asesinato-de-tres-ninas-en-libertad\\\/#authorImage\",\"url\":\"https:\\\/\\\/secure.gravatar.com\\\/avatar\\\/df2aeffc32bcd13f8d26072ef8a91b623d677766deac7f97ca815868cd41bf5e?s=96&d=mm&r=g\",\"width\":96,\"height\":96,\"caption\":\"El Digital de Asturias\"}},{\"@type\":\"WebPage\",\"@id\":\"https:\\\/\\\/www.eldigitaldeasturias.com\\\/noticias\\\/miguel-ricart-condenado-por-el-asesinato-de-tres-ninas-en-libertad\\\/#webpage\",\"url\":\"https:\\\/\\\/www.eldigitaldeasturias.com\\\/noticias\\\/miguel-ricart-condenado-por-el-asesinato-de-tres-ninas-en-libertad\\\/\",\"name\":\"Miguel Ricart, condenado por el asesinato de tres ni\\u00f1as, en libertad - El Digital de Asturias\",\"description\":\"Manzanares (Espa\\u00f1a), 29 nov (EFE).- El espa\\u00f1ol Miguel Ricart sali\\u00f3 hoy de la c\\u00e1rcel tras cumplir una condena de casi 21 a\\u00f1os por secuestrar, violar y asesinar a tres adolescentes en la provincia de Valencia (este) , una liberaci\\u00f3n criticada por la opini\\u00f3n p\\u00fablica y que motiva la alerta de la Polic\\u00eda. Ricart, de 44\",\"inLanguage\":\"es-ES\",\"isPartOf\":{\"@id\":\"https:\\\/\\\/www.eldigitaldeasturias.com\\\/noticias\\\/#website\"},\"breadcrumb\":{\"@id\":\"https:\\\/\\\/www.eldigitaldeasturias.com\\\/noticias\\\/miguel-ricart-condenado-por-el-asesinato-de-tres-ninas-en-libertad\\\/#breadcrumblist\"},\"author\":{\"@id\":\"https:\\\/\\\/www.eldigitaldeasturias.com\\\/noticias\\\/author\\\/admin\\\/#author\"},\"creator\":{\"@id\":\"https:\\\/\\\/www.eldigitaldeasturias.com\\\/noticias\\\/author\\\/admin\\\/#author\"},\"image\":{\"@type\":\"ImageObject\",\"url\":455874,\"@id\":\"https:\\\/\\\/www.eldigitaldeasturias.com\\\/noticias\\\/miguel-ricart-condenado-por-el-asesinato-de-tres-ninas-en-libertad\\\/#mainImage\"},\"primaryImageOfPage\":{\"@id\":\"https:\\\/\\\/www.eldigitaldeasturias.com\\\/noticias\\\/miguel-ricart-condenado-por-el-asesinato-de-tres-ninas-en-libertad\\\/#mainImage\"},\"datePublished\":\"2013-11-29T21:20:50+01:00\",\"dateModified\":\"2013-11-29T21:20:50+01:00\"},{\"@type\":\"WebSite\",\"@id\":\"https:\\\/\\\/www.eldigitaldeasturias.com\\\/noticias\\\/#website\",\"url\":\"https:\\\/\\\/www.eldigitaldeasturias.com\\\/noticias\\\/\",\"name\":\"El Digital de Asturias - Diario de actualidad y noticias\",\"alternateName\":\"El Digital de Asturias - Diario de actualidad y noticias\",\"description\":\"Hemeroteca\",\"inLanguage\":\"es-ES\",\"publisher\":{\"@id\":\"https:\\\/\\\/www.eldigitaldeasturias.com\\\/noticias\\\/#organization\"}}]}\n\t\t<\/script>\n\t\t<!-- All in One SEO Pro -->\r\n\t\t<title>Miguel Ricart, condenado por el asesinato de tres ni\u00f1as, en libertad - El Digital de Asturias<\/title>\n\n","aioseo_head_json":{"title":"Miguel Ricart, condenado por el asesinato de tres ni\u00f1as, en libertad - El Digital de Asturias","description":"Manzanares (Espa\u00f1a), 29 nov (EFE).- El espa\u00f1ol Miguel Ricart sali\u00f3 hoy de la c\u00e1rcel tras cumplir una condena de casi 21 a\u00f1os por secuestrar, violar y asesinar a tres adolescentes en la provincia de Valencia (este) , una liberaci\u00f3n criticada por la opini\u00f3n p\u00fablica y que motiva la alerta de la Polic\u00eda. Ricart, de 44","canonical_url":"https:\/\/www.eldigitaldeasturias.com\/noticias\/miguel-ricart-condenado-por-el-asesinato-de-tres-ninas-en-libertad\/","robots":"max-image-preview:large","keywords":"sucesos","webmasterTools":{"google-site-verification":"UA-38556648-1","msvalidate.01":"7dfe9f3f1b24437ab69f4f2559babe99","miscellaneous":""},"schema":{"@context":"https:\/\/schema.org","@graph":[{"@type":"BlogPosting","@id":"https:\/\/www.eldigitaldeasturias.com\/noticias\/miguel-ricart-condenado-por-el-asesinato-de-tres-ninas-en-libertad\/#blogposting","name":"Miguel Ricart, condenado por el asesinato de tres ni\u00f1as, en libertad - El Digital de Asturias","headline":"Miguel Ricart, condenado por el asesinato de tres ni\u00f1as, en libertad","author":{"@id":"https:\/\/www.eldigitaldeasturias.com\/noticias\/author\/admin\/#author"},"publisher":{"@id":"https:\/\/www.eldigitaldeasturias.com\/noticias\/#organization"},"image":{"@type":"ImageObject","url":455874},"datePublished":"2013-11-29T21:20:50+01:00","dateModified":"2013-11-29T21:20:50+01:00","inLanguage":"es-ES","mainEntityOfPage":{"@id":"https:\/\/www.eldigitaldeasturias.com\/noticias\/miguel-ricart-condenado-por-el-asesinato-de-tres-ninas-en-libertad\/#webpage"},"isPartOf":{"@id":"https:\/\/www.eldigitaldeasturias.com\/noticias\/miguel-ricart-condenado-por-el-asesinato-de-tres-ninas-en-libertad\/#webpage"},"articleSection":"Sucesos"},{"@type":"BreadcrumbList","@id":"https:\/\/www.eldigitaldeasturias.com\/noticias\/miguel-ricart-condenado-por-el-asesinato-de-tres-ninas-en-libertad\/#breadcrumblist","itemListElement":[{"@type":"ListItem","@id":"https:\/\/www.eldigitaldeasturias.com\/noticias#listItem","position":1,"name":"Home","item":"https:\/\/www.eldigitaldeasturias.com\/noticias","nextItem":{"@type":"ListItem","@id":"https:\/\/www.eldigitaldeasturias.com\/noticias\/category\/sucesos\/#listItem","name":"Sucesos"}},{"@type":"ListItem","@id":"https:\/\/www.eldigitaldeasturias.com\/noticias\/category\/sucesos\/#listItem","position":2,"name":"Sucesos","item":"https:\/\/www.eldigitaldeasturias.com\/noticias\/category\/sucesos\/","nextItem":{"@type":"ListItem","@id":"https:\/\/www.eldigitaldeasturias.com\/noticias\/miguel-ricart-condenado-por-el-asesinato-de-tres-ninas-en-libertad\/#listItem","name":"Miguel Ricart, condenado por el asesinato de tres ni\u00f1as, en libertad"},"previousItem":{"@type":"ListItem","@id":"https:\/\/www.eldigitaldeasturias.com\/noticias#listItem","name":"Home"}},{"@type":"ListItem","@id":"https:\/\/www.eldigitaldeasturias.com\/noticias\/miguel-ricart-condenado-por-el-asesinato-de-tres-ninas-en-libertad\/#listItem","position":3,"name":"Miguel Ricart, condenado por el asesinato de tres ni\u00f1as, en libertad","previousItem":{"@type":"ListItem","@id":"https:\/\/www.eldigitaldeasturias.com\/noticias\/category\/sucesos\/#listItem","name":"Sucesos"}}]},{"@type":"Organization","@id":"https:\/\/www.eldigitaldeasturias.com\/noticias\/#organization","name":"El Digital de Asturias","description":"Hemeroteca","url":"https:\/\/www.eldigitaldeasturias.com\/noticias\/","email":"info@eldigitaldeasturias.com","telephone":"+34652131393","logo":{"@type":"ImageObject","url":"https:\/\/www.eldigitaldeasturias.com\/noticias\/wp-content\/uploads\/2020\/12\/EDA.jpg","@id":"https:\/\/www.eldigitaldeasturias.com\/noticias\/miguel-ricart-condenado-por-el-asesinato-de-tres-ninas-en-libertad\/#organizationLogo"},"image":{"@id":"https:\/\/www.eldigitaldeasturias.com\/noticias\/miguel-ricart-condenado-por-el-asesinato-de-tres-ninas-en-libertad\/#organizationLogo"},"sameAs":["https:\/\/facebook.com\/eldigitaldeasturias","https:\/\/www.youtube.com\/channel\/UCZP-2wLEB9Rv6erhFmqVnvg"],"address":{"@id":"https:\/\/www.eldigitaldeasturias.com\/noticias\/#postaladdress","@type":"PostalAddress","streetAddress":"san antonio 4","postalCode":"33430","addressLocality":"Cand\u00e1s","addressRegion":"Asturias","addressCountry":"ES"}},{"@type":"Person","@id":"https:\/\/www.eldigitaldeasturias.com\/noticias\/author\/admin\/#author","url":"https:\/\/www.eldigitaldeasturias.com\/noticias\/author\/admin\/","name":"El Digital de Asturias","image":{"@type":"ImageObject","@id":"https:\/\/www.eldigitaldeasturias.com\/noticias\/miguel-ricart-condenado-por-el-asesinato-de-tres-ninas-en-libertad\/#authorImage","url":"https:\/\/secure.gravatar.com\/avatar\/df2aeffc32bcd13f8d26072ef8a91b623d677766deac7f97ca815868cd41bf5e?s=96&d=mm&r=g","width":96,"height":96,"caption":"El Digital de Asturias"}},{"@type":"WebPage","@id":"https:\/\/www.eldigitaldeasturias.com\/noticias\/miguel-ricart-condenado-por-el-asesinato-de-tres-ninas-en-libertad\/#webpage","url":"https:\/\/www.eldigitaldeasturias.com\/noticias\/miguel-ricart-condenado-por-el-asesinato-de-tres-ninas-en-libertad\/","name":"Miguel Ricart, condenado por el asesinato de tres ni\u00f1as, en libertad - El Digital de Asturias","description":"Manzanares (Espa\u00f1a), 29 nov (EFE).- El espa\u00f1ol Miguel Ricart sali\u00f3 hoy de la c\u00e1rcel tras cumplir una condena de casi 21 a\u00f1os por secuestrar, violar y asesinar a tres adolescentes en la provincia de Valencia (este) , una liberaci\u00f3n criticada por la opini\u00f3n p\u00fablica y que motiva la alerta de la Polic\u00eda. Ricart, de 44","inLanguage":"es-ES","isPartOf":{"@id":"https:\/\/www.eldigitaldeasturias.com\/noticias\/#website"},"breadcrumb":{"@id":"https:\/\/www.eldigitaldeasturias.com\/noticias\/miguel-ricart-condenado-por-el-asesinato-de-tres-ninas-en-libertad\/#breadcrumblist"},"author":{"@id":"https:\/\/www.eldigitaldeasturias.com\/noticias\/author\/admin\/#author"},"creator":{"@id":"https:\/\/www.eldigitaldeasturias.com\/noticias\/author\/admin\/#author"},"image":{"@type":"ImageObject","url":455874,"@id":"https:\/\/www.eldigitaldeasturias.com\/noticias\/miguel-ricart-condenado-por-el-asesinato-de-tres-ninas-en-libertad\/#mainImage"},"primaryImageOfPage":{"@id":"https:\/\/www.eldigitaldeasturias.com\/noticias\/miguel-ricart-condenado-por-el-asesinato-de-tres-ninas-en-libertad\/#mainImage"},"datePublished":"2013-11-29T21:20:50+01:00","dateModified":"2013-11-29T21:20:50+01:00"},{"@type":"WebSite","@id":"https:\/\/www.eldigitaldeasturias.com\/noticias\/#website","url":"https:\/\/www.eldigitaldeasturias.com\/noticias\/","name":"El Digital de Asturias - Diario de actualidad y noticias","alternateName":"El Digital de Asturias - Diario de actualidad y noticias","description":"Hemeroteca","inLanguage":"es-ES","publisher":{"@id":"https:\/\/www.eldigitaldeasturias.com\/noticias\/#organization"}}]},"og:locale":"es_ES","og:site_name":"El Digital de Asturias","og:type":"article","og:title":"Miguel Ricart, condenado por el asesinato de tres ni\u00f1as, en libertad - El Digital de Asturias","og:description":"Manzanares (Espa\u00f1a), 29 nov (EFE).- El espa\u00f1ol Miguel Ricart sali\u00f3 hoy de la c\u00e1rcel tras cumplir una condena de casi 21 a\u00f1os por secuestrar, violar y asesinar a tres adolescentes en la provincia de Valencia (este) , una liberaci\u00f3n criticada por la opini\u00f3n p\u00fablica y que motiva la alerta de la Polic\u00eda. Ricart, de 44","og:url":"https:\/\/www.eldigitaldeasturias.com\/noticias\/miguel-ricart-condenado-por-el-asesinato-de-tres-ninas-en-libertad\/","article:tag":["sucesos"],"article:published_time":"2013-11-29T22:20:50+00:00","article:modified_time":"2013-11-29T22:20:50+00:00","article:publisher":"https:\/\/facebook.com\/eldigitaldeasturias","twitter:card":"summary_large_image","twitter:title":"Miguel Ricart, condenado por el asesinato de tres ni\u00f1as, en libertad - El Digital de Asturias","twitter:description":"Manzanares (Espa\u00f1a), 29 nov (EFE).- El espa\u00f1ol Miguel Ricart sali\u00f3 hoy de la c\u00e1rcel tras cumplir una condena de casi 21 a\u00f1os por secuestrar, violar y asesinar a tres adolescentes en la provincia de Valencia (este) , una liberaci\u00f3n criticada por la opini\u00f3n p\u00fablica y que motiva la alerta de la Polic\u00eda. Ricart, de 44","twitter:label1":"Escrito por","twitter:data1":"El Digital de Asturias","twitter:label2":"Tiempo de lectura estimado","twitter:data2":"2 minutos"},"aioseo_meta_data":{"post_id":"455873","title":null,"description":null,"keywords":null,"keyphrases":null,"primary_term":null,"canonical_url":null,"og_title":null,"og_description":null,"og_object_type":"default","og_image_type":"default","og_image_url":null,"og_image_width":null,"og_image_height":null,"og_image_custom_url":null,"og_image_custom_fields":null,"og_video":null,"og_custom_url":null,"og_article_section":null,"og_article_tags":null,"twitter_use_og":true,"twitter_card":"default","twitter_image_type":"default","twitter_image_url":null,"twitter_image_custom_url":null,"twitter_image_custom_fields":null,"twitter_title":null,"twitter_description":null,"schema":{"blockGraphs":[],"customGraphs":[],"default":{"data":{"Article":[],"Course":[],"Dataset":[],"FAQPage":[],"Movie":[],"Person":[],"Product":[],"ProductReview":[],"Car":[],"Recipe":[],"Service":[],"SoftwareApplication":[],"WebPage":[]},"graphName":"","isEnabled":true},"graphs":[],"defaultGraph":"","defaultPostTypeGraph":""},"schema_type":null,"schema_type_options":null,"pillar_content":false,"robots_default":true,"robots_noindex":false,"robots_noarchive":false,"robots_nosnippet":false,"robots_nofollow":false,"robots_noimageindex":false,"robots_noodp":false,"robots_notranslate":false,"robots_max_snippet":null,"robots_max_videopreview":null,"robots_max_imagepreview":"none","priority":null,"frequency":null,"local_seo":null,"seo_analyzer_scan_date":"2026-05-29 19:54:07","breadcrumb_settings":null,"limit_modified_date":false,"open_ai":null,"ai":null,"created":"2020-11-14 22:45:22","updated":"2026-05-29 19:54:07","focus_keyword":null,"additional_keywords":null,"truseo_locale":null},"aioseo_breadcrumb":"<div class=\"aioseo-breadcrumbs\"><span class=\"aioseo-breadcrumb\">\n\t<a href=\"https:\/\/www.eldigitaldeasturias.com\/noticias\" title=\"Home\">Home<\/a>\n<\/span><span class=\"aioseo-breadcrumb-separator\">\u2013<\/span><span class=\"aioseo-breadcrumb\">\n\t<a href=\"https:\/\/www.eldigitaldeasturias.com\/noticias\/category\/sucesos\/\" title=\"Sucesos\">Sucesos<\/a>\n<\/span><span class=\"aioseo-breadcrumb-separator\">\u2013<\/span><span class=\"aioseo-breadcrumb\">\n\t<a href=\"https:\/\/www.eldigitaldeasturias.com\/noticias\/miguel-ricart-condenado-por-el-asesinato-de-tres-ninas-en-libertad\/\" title=\"Miguel Ricart, condenado por el asesinato de tres ni\u00f1as, en libertad\">Miguel Ricart, condenado por el asesinato de tres ni\u00f1as, en libertad<\/a>\n<\/span><\/div>","aioseo_breadcrumb_json":[{"label":"Home","link":"https:\/\/www.eldigitaldeasturias.com\/noticias"},{"label":"Sucesos","link":"https:\/\/www.eldigitaldeasturias.com\/noticias\/category\/sucesos\/"},{"label":"Miguel Ricart, condenado por el asesinato de tres ni\u00f1as, en libertad","link":"https:\/\/www.eldigitaldeasturias.com\/noticias\/miguel-ricart-condenado-por-el-asesinato-de-tres-ninas-en-libertad\/"}],"_links":{"self":[{"href":"https:\/\/www.eldigitaldeasturias.com\/noticias\/wp-json\/wp\/v2\/posts\/455873","targetHints":{"allow":["GET"]}}],"collection":[{"href":"https:\/\/www.eldigitaldeasturias.com\/noticias\/wp-json\/wp\/v2\/posts"}],"about":[{"href":"https:\/\/www.eldigitaldeasturias.com\/noticias\/wp-json\/wp\/v2\/types\/post"}],"author":[{"embeddable":true,"href":"https:\/\/www.eldigitaldeasturias.com\/noticias\/wp-json\/wp\/v2\/users\/1"}],"replies":[{"embeddable":true,"href":"https:\/\/www.eldigitaldeasturias.com\/noticias\/wp-json\/wp\/v2\/comments?post=455873"}],"version-history":[{"count":0,"href":"https:\/\/www.eldigitaldeasturias.com\/noticias\/wp-json\/wp\/v2\/posts\/455873\/revisions"}],"wp:attachment":[{"href":"https:\/\/www.eldigitaldeasturias.com\/noticias\/wp-json\/wp\/v2\/media?parent=455873"}],"wp:term":[{"taxonomy":"category","embeddable":true,"href":"https:\/\/www.eldigitaldeasturias.com\/noticias\/wp-json\/wp\/v2\/categories?post=455873"},{"taxonomy":"post_tag","embeddable":true,"href":"https:\/\/www.eldigitaldeasturias.com\/noticias\/wp-json\/wp\/v2\/tags?post=455873"}],"curies":[{"name":"wp","href":"https:\/\/api.w.org\/{rel}","templated":true}]}}