{"id":455865,"date":"2013-11-29T21:03:13","date_gmt":"2013-11-29T22:03:13","guid":{"rendered":"http:\/\/www.eldigitaldeasturias.com\/noticias\/?p=455865"},"modified":"2013-11-29T21:03:13","modified_gmt":"2013-11-29T22:03:13","slug":"el-vaticano-ayudara-a-la-iglesia-carioca-a-pagar-la-deuda-de-la-jmj","status":"publish","type":"post","link":"https:\/\/www.eldigitaldeasturias.com\/noticias\/el-vaticano-ayudara-a-la-iglesia-carioca-a-pagar-la-deuda-de-la-jmj\/","title":{"rendered":"El Vaticano ayudar\u00e1 a la Iglesia carioca a pagar la deuda de la JMJ"},"content":{"rendered":"<p><img loading=\"lazy\" decoding=\"async\" class=\"alignleft size-medium wp-image-2772\" alt=\"Vaticano\" src=\"https:\/\/www.eldigitaldeasturias.com\/noticias\/wp-content\/uploads\/2013\/09\/Vaticano-360x230.jpg\" width=\"360\" height=\"230\" \/>R\u00edo de Janeiro, 29 nov (dpa) &#8211; El Vaticano ayudar\u00e1 la Archidi\u00f3cesis de R\u00edo de Janeiro a sufragar las deudas acumuladas con la organizaci\u00f3n, en julio pasado, de la Jornada Mundial de la Juventud (JMJ), que trajo a la ciudad brasile\u00f1a el papa Francisco.<\/p>\n<p>En una nota divulgada hoy por la prensa local, el comit\u00e9 organizador de la cita afirma que el pont\u00edfice \u00abpropuso contribuir con ayuda financiera para honrar parte de las investigaciones de la JMJ\u00bb, aunque no revel\u00f3 el monto del aporte.<\/p>\n<p>La JMJ, que atrajo a R\u00edo a unos dos millones de fieles cat\u00f3licos, dej\u00f3 para la Iglesia de R\u00edo deudas por 90 millones de reales (unos 39 millones de d\u00f3lares).<\/p>\n<p>La Archidi\u00f3cesis logr\u00f3 pagar algo m\u00e1s de la mitad de la deuda con ingresos originarios de la venta, en agosto, de un edificio que pose\u00eda en R\u00edo, pero sigue sin honrar compromisos por unos 18 millones de d\u00f3lares.<\/p>\n","protected":false},"excerpt":{"rendered":"<p>R\u00edo de Janeiro, 29 nov (dpa) &#8211; El Vaticano ayudar\u00e1 la Archidi\u00f3cesis de R\u00edo de Janeiro a sufragar las deudas acumuladas con la organizaci\u00f3n, en julio pasado, de la Jornada Mundial de la Juventud (JMJ), que trajo a la ciudad brasile\u00f1a el papa Francisco. En una nota divulgada hoy por la prensa local, el comit\u00e9 [&hellip;]<\/p>\n","protected":false},"author":1,"featured_media":1132184,"comment_status":"closed","ping_status":"open","sticky":false,"template":"","format":"standard","meta":{"footnotes":""},"categories":[28],"tags":[],"class_list":["post-455865","post","type-post","status-publish","format-standard","has-post-thumbnail","hentry","category-sociedad"],"aioseo_notices":[],"aioseo_head":"\n\t\t<!-- All in One SEO Pro 5.0.1 - aioseo.com -->\n\t<meta name=\"description\" content=\"R\u00edo de Janeiro, 29 nov (dpa) - El Vaticano ayudar\u00e1 la Archidi\u00f3cesis de R\u00edo de Janeiro a sufragar las deudas acumuladas con la organizaci\u00f3n, en julio pasado, de la Jornada Mundial de la Juventud (JMJ), que trajo a la ciudad brasile\u00f1a el papa Francisco. En una nota divulgada hoy por la prensa local, el comit\u00e9\" \/>\n\t<meta name=\"robots\" content=\"max-image-preview:large\" \/>\n\t<meta name=\"author\" content=\"El Digital de Asturias\"\/>\n\t<meta name=\"google-site-verification\" content=\"UA-38556648-1\" \/>\n\t<meta name=\"msvalidate.01\" content=\"7dfe9f3f1b24437ab69f4f2559babe99\" \/>\n\t<meta name=\"keywords\" content=\"sociedad\" \/>\n\t<link rel=\"canonical\" href=\"https:\/\/www.eldigitaldeasturias.com\/noticias\/el-vaticano-ayudara-a-la-iglesia-carioca-a-pagar-la-deuda-de-la-jmj\/\" \/>\n\t<meta name=\"generator\" content=\"All in One SEO Pro (AIOSEO) 5.0.1\" \/>\n\t\t<meta property=\"og:locale\" content=\"es_ES\" \/>\n\t\t<meta property=\"og:site_name\" content=\"El Digital de Asturias\" \/>\n\t\t<meta property=\"og:type\" content=\"article\" \/>\n\t\t<meta property=\"og:title\" content=\"El Vaticano ayudar\u00e1 a la Iglesia carioca a pagar la deuda de la JMJ - El Digital de Asturias\" \/>\n\t\t<meta property=\"og:description\" content=\"R\u00edo de Janeiro, 29 nov (dpa) - El Vaticano ayudar\u00e1 la Archidi\u00f3cesis de R\u00edo de Janeiro a sufragar las deudas acumuladas con la organizaci\u00f3n, en julio pasado, de la Jornada Mundial de la Juventud (JMJ), que trajo a la ciudad brasile\u00f1a el papa Francisco. En una nota divulgada hoy por la prensa local, el comit\u00e9\" \/>\n\t\t<meta property=\"og:url\" content=\"https:\/\/www.eldigitaldeasturias.com\/noticias\/el-vaticano-ayudara-a-la-iglesia-carioca-a-pagar-la-deuda-de-la-jmj\/\" \/>\n\t\t<meta property=\"og:image\" content=\"https:\/\/www.eldigitaldeasturias.com\/noticias\/wp-content\/uploads\/2026\/06\/Contenidos.jpg\" \/>\n\t\t<meta property=\"og:image:secure_url\" content=\"https:\/\/www.eldigitaldeasturias.com\/noticias\/wp-content\/uploads\/2026\/06\/Contenidos.jpg\" \/>\n\t\t<meta property=\"og:image:width\" content=\"1265\" \/>\n\t\t<meta property=\"og:image:height\" content=\"697\" \/>\n\t\t<meta property=\"article:tag\" content=\"sociedad\" \/>\n\t\t<meta property=\"article:published_time\" content=\"2013-11-29T22:03:13+00:00\" \/>\n\t\t<meta property=\"article:modified_time\" content=\"2013-11-29T22:03:13+00:00\" \/>\n\t\t<meta property=\"article:publisher\" content=\"https:\/\/facebook.com\/eldigitaldeasturias\" \/>\n\t\t<meta name=\"twitter:card\" content=\"summary_large_image\" \/>\n\t\t<meta name=\"twitter:title\" content=\"El Vaticano ayudar\u00e1 a la Iglesia carioca a pagar la deuda de la JMJ - El Digital de Asturias\" \/>\n\t\t<meta name=\"twitter:description\" content=\"R\u00edo de Janeiro, 29 nov (dpa) - El Vaticano ayudar\u00e1 la Archidi\u00f3cesis de R\u00edo de Janeiro a sufragar las deudas acumuladas con la organizaci\u00f3n, en julio pasado, de la Jornada Mundial de la Juventud (JMJ), que trajo a la ciudad brasile\u00f1a el papa Francisco. En una nota divulgada hoy por la prensa local, el comit\u00e9\" \/>\n\t\t<meta name=\"twitter:image\" content=\"https:\/\/www.eldigitaldeasturias.com\/noticias\/wp-content\/uploads\/2026\/06\/Contenidos.jpg\" \/>\n\t\t<meta name=\"twitter:label1\" content=\"Escrito por\" \/>\n\t\t<meta name=\"twitter:data1\" content=\"El Digital de Asturias\" \/>\n\t\t<meta name=\"twitter:label2\" content=\"Tiempo de lectura estimado\" \/>\n\t\t<meta name=\"twitter:data2\" content=\"1 minuto\" \/>\n\t\t<script type=\"application\/ld+json\" class=\"aioseo-schema\">\n\t\t\t{\"@context\":\"https:\\\/\\\/schema.org\",\"@graph\":[{\"@type\":\"BlogPosting\",\"@id\":\"https:\\\/\\\/www.eldigitaldeasturias.com\\\/noticias\\\/el-vaticano-ayudara-a-la-iglesia-carioca-a-pagar-la-deuda-de-la-jmj\\\/#blogposting\",\"name\":\"El Vaticano ayudar\\u00e1 a la Iglesia carioca a pagar la deuda de la JMJ - El Digital de Asturias\",\"headline\":\"El Vaticano ayudar\\u00e1 a la Iglesia carioca a pagar la deuda de la JMJ\",\"author\":{\"@id\":\"https:\\\/\\\/www.eldigitaldeasturias.com\\\/noticias\\\/author\\\/admin\\\/#author\"},\"publisher\":{\"@id\":\"https:\\\/\\\/www.eldigitaldeasturias.com\\\/noticias\\\/#organization\"},\"image\":{\"@type\":\"ImageObject\",\"url\":\"https:\\\/\\\/www.eldigitaldeasturias.com\\\/noticias\\\/wp-content\\\/uploads\\\/2026\\\/06\\\/Contenidos.jpg\",\"width\":1265,\"height\":697,\"caption\":\"Contenidos\"},\"datePublished\":\"2013-11-29T21:03:13+01:00\",\"dateModified\":\"2013-11-29T21:03:13+01:00\",\"inLanguage\":\"es-ES\",\"mainEntityOfPage\":{\"@id\":\"https:\\\/\\\/www.eldigitaldeasturias.com\\\/noticias\\\/el-vaticano-ayudara-a-la-iglesia-carioca-a-pagar-la-deuda-de-la-jmj\\\/#webpage\"},\"isPartOf\":{\"@id\":\"https:\\\/\\\/www.eldigitaldeasturias.com\\\/noticias\\\/el-vaticano-ayudara-a-la-iglesia-carioca-a-pagar-la-deuda-de-la-jmj\\\/#webpage\"},\"articleSection\":\"Sociedad\"},{\"@type\":\"BreadcrumbList\",\"@id\":\"https:\\\/\\\/www.eldigitaldeasturias.com\\\/noticias\\\/el-vaticano-ayudara-a-la-iglesia-carioca-a-pagar-la-deuda-de-la-jmj\\\/#breadcrumblist\",\"itemListElement\":[{\"@type\":\"ListItem\",\"@id\":\"https:\\\/\\\/www.eldigitaldeasturias.com\\\/noticias#listItem\",\"position\":1,\"name\":\"Home\",\"item\":\"https:\\\/\\\/www.eldigitaldeasturias.com\\\/noticias\",\"nextItem\":{\"@type\":\"ListItem\",\"@id\":\"https:\\\/\\\/www.eldigitaldeasturias.com\\\/noticias\\\/category\\\/sociedad\\\/#listItem\",\"name\":\"Sociedad\"}},{\"@type\":\"ListItem\",\"@id\":\"https:\\\/\\\/www.eldigitaldeasturias.com\\\/noticias\\\/category\\\/sociedad\\\/#listItem\",\"position\":2,\"name\":\"Sociedad\",\"item\":\"https:\\\/\\\/www.eldigitaldeasturias.com\\\/noticias\\\/category\\\/sociedad\\\/\",\"nextItem\":{\"@type\":\"ListItem\",\"@id\":\"https:\\\/\\\/www.eldigitaldeasturias.com\\\/noticias\\\/el-vaticano-ayudara-a-la-iglesia-carioca-a-pagar-la-deuda-de-la-jmj\\\/#listItem\",\"name\":\"El Vaticano ayudar\\u00e1 a la Iglesia carioca a pagar la deuda de la JMJ\"},\"previousItem\":{\"@type\":\"ListItem\",\"@id\":\"https:\\\/\\\/www.eldigitaldeasturias.com\\\/noticias#listItem\",\"name\":\"Home\"}},{\"@type\":\"ListItem\",\"@id\":\"https:\\\/\\\/www.eldigitaldeasturias.com\\\/noticias\\\/el-vaticano-ayudara-a-la-iglesia-carioca-a-pagar-la-deuda-de-la-jmj\\\/#listItem\",\"position\":3,\"name\":\"El Vaticano ayudar\\u00e1 a la Iglesia carioca a pagar la deuda de la JMJ\",\"previousItem\":{\"@type\":\"ListItem\",\"@id\":\"https:\\\/\\\/www.eldigitaldeasturias.com\\\/noticias\\\/category\\\/sociedad\\\/#listItem\",\"name\":\"Sociedad\"}}]},{\"@type\":\"Organization\",\"@id\":\"https:\\\/\\\/www.eldigitaldeasturias.com\\\/noticias\\\/#organization\",\"name\":\"El Digital de Asturias\",\"description\":\"Hemeroteca\",\"url\":\"https:\\\/\\\/www.eldigitaldeasturias.com\\\/noticias\\\/\",\"email\":\"info@eldigitaldeasturias.com\",\"telephone\":\"+34652131393\",\"logo\":{\"@type\":\"ImageObject\",\"url\":\"https:\\\/\\\/www.eldigitaldeasturias.com\\\/noticias\\\/wp-content\\\/uploads\\\/2020\\\/12\\\/EDA.jpg\",\"@id\":\"https:\\\/\\\/www.eldigitaldeasturias.com\\\/noticias\\\/el-vaticano-ayudara-a-la-iglesia-carioca-a-pagar-la-deuda-de-la-jmj\\\/#organizationLogo\"},\"image\":{\"@id\":\"https:\\\/\\\/www.eldigitaldeasturias.com\\\/noticias\\\/el-vaticano-ayudara-a-la-iglesia-carioca-a-pagar-la-deuda-de-la-jmj\\\/#organizationLogo\"},\"sameAs\":[\"https:\\\/\\\/facebook.com\\\/eldigitaldeasturias\",\"https:\\\/\\\/www.youtube.com\\\/channel\\\/UCZP-2wLEB9Rv6erhFmqVnvg\"],\"address\":{\"@id\":\"https:\\\/\\\/www.eldigitaldeasturias.com\\\/noticias\\\/#postaladdress\",\"@type\":\"PostalAddress\",\"streetAddress\":\"san antonio 4\",\"postalCode\":\"33430\",\"addressLocality\":\"Cand\\u00e1s\",\"addressRegion\":\"Asturias\",\"addressCountry\":\"ES\"}},{\"@type\":\"Person\",\"@id\":\"https:\\\/\\\/www.eldigitaldeasturias.com\\\/noticias\\\/author\\\/admin\\\/#author\",\"url\":\"https:\\\/\\\/www.eldigitaldeasturias.com\\\/noticias\\\/author\\\/admin\\\/\",\"name\":\"El Digital de Asturias\",\"image\":{\"@type\":\"ImageObject\",\"@id\":\"https:\\\/\\\/www.eldigitaldeasturias.com\\\/noticias\\\/el-vaticano-ayudara-a-la-iglesia-carioca-a-pagar-la-deuda-de-la-jmj\\\/#authorImage\",\"url\":\"https:\\\/\\\/secure.gravatar.com\\\/avatar\\\/df2aeffc32bcd13f8d26072ef8a91b623d677766deac7f97ca815868cd41bf5e?s=96&d=mm&r=g\",\"width\":96,\"height\":96,\"caption\":\"El Digital de Asturias\"}},{\"@type\":\"WebPage\",\"@id\":\"https:\\\/\\\/www.eldigitaldeasturias.com\\\/noticias\\\/el-vaticano-ayudara-a-la-iglesia-carioca-a-pagar-la-deuda-de-la-jmj\\\/#webpage\",\"url\":\"https:\\\/\\\/www.eldigitaldeasturias.com\\\/noticias\\\/el-vaticano-ayudara-a-la-iglesia-carioca-a-pagar-la-deuda-de-la-jmj\\\/\",\"name\":\"El Vaticano ayudar\\u00e1 a la Iglesia carioca a pagar la deuda de la JMJ - El Digital de Asturias\",\"description\":\"R\\u00edo de Janeiro, 29 nov (dpa) - El Vaticano ayudar\\u00e1 la Archidi\\u00f3cesis de R\\u00edo de Janeiro a sufragar las deudas acumuladas con la organizaci\\u00f3n, en julio pasado, de la Jornada Mundial de la Juventud (JMJ), que trajo a la ciudad brasile\\u00f1a el papa Francisco. En una nota divulgada hoy por la prensa local, el comit\\u00e9\",\"inLanguage\":\"es-ES\",\"isPartOf\":{\"@id\":\"https:\\\/\\\/www.eldigitaldeasturias.com\\\/noticias\\\/#website\"},\"breadcrumb\":{\"@id\":\"https:\\\/\\\/www.eldigitaldeasturias.com\\\/noticias\\\/el-vaticano-ayudara-a-la-iglesia-carioca-a-pagar-la-deuda-de-la-jmj\\\/#breadcrumblist\"},\"author\":{\"@id\":\"https:\\\/\\\/www.eldigitaldeasturias.com\\\/noticias\\\/author\\\/admin\\\/#author\"},\"creator\":{\"@id\":\"https:\\\/\\\/www.eldigitaldeasturias.com\\\/noticias\\\/author\\\/admin\\\/#author\"},\"image\":{\"@type\":\"ImageObject\",\"url\":\"https:\\\/\\\/www.eldigitaldeasturias.com\\\/noticias\\\/wp-content\\\/uploads\\\/2026\\\/06\\\/Contenidos.jpg\",\"@id\":\"https:\\\/\\\/www.eldigitaldeasturias.com\\\/noticias\\\/el-vaticano-ayudara-a-la-iglesia-carioca-a-pagar-la-deuda-de-la-jmj\\\/#mainImage\",\"width\":1265,\"height\":697,\"caption\":\"Contenidos\"},\"primaryImageOfPage\":{\"@id\":\"https:\\\/\\\/www.eldigitaldeasturias.com\\\/noticias\\\/el-vaticano-ayudara-a-la-iglesia-carioca-a-pagar-la-deuda-de-la-jmj\\\/#mainImage\"},\"datePublished\":\"2013-11-29T21:03:13+01:00\",\"dateModified\":\"2013-11-29T21:03:13+01:00\"},{\"@type\":\"WebSite\",\"@id\":\"https:\\\/\\\/www.eldigitaldeasturias.com\\\/noticias\\\/#website\",\"url\":\"https:\\\/\\\/www.eldigitaldeasturias.com\\\/noticias\\\/\",\"name\":\"El Digital de Asturias - Diario de actualidad y noticias\",\"alternateName\":\"El Digital de Asturias - Diario de actualidad y noticias\",\"description\":\"Hemeroteca\",\"inLanguage\":\"es-ES\",\"publisher\":{\"@id\":\"https:\\\/\\\/www.eldigitaldeasturias.com\\\/noticias\\\/#organization\"}}]}\n\t\t<\/script>\n\t\t<!-- All in One SEO Pro -->\r\n\t\t<title>El Vaticano ayudar\u00e1 a la Iglesia carioca a pagar la deuda de la JMJ - El Digital de Asturias<\/title>\n\n","aioseo_head_json":{"title":"El Vaticano ayudar\u00e1 a la Iglesia carioca a pagar la deuda de la JMJ - El Digital de Asturias","description":"R\u00edo de Janeiro, 29 nov (dpa) - El Vaticano ayudar\u00e1 la Archidi\u00f3cesis de R\u00edo de Janeiro a sufragar las deudas acumuladas con la organizaci\u00f3n, en julio pasado, de la Jornada Mundial de la Juventud (JMJ), que trajo a la ciudad brasile\u00f1a el papa Francisco. En una nota divulgada hoy por la prensa local, el comit\u00e9","canonical_url":"https:\/\/www.eldigitaldeasturias.com\/noticias\/el-vaticano-ayudara-a-la-iglesia-carioca-a-pagar-la-deuda-de-la-jmj\/","robots":"max-image-preview:large","keywords":"sociedad","webmasterTools":{"google-site-verification":"UA-38556648-1","msvalidate.01":"7dfe9f3f1b24437ab69f4f2559babe99","miscellaneous":""},"schema":{"@context":"https:\/\/schema.org","@graph":[{"@type":"BlogPosting","@id":"https:\/\/www.eldigitaldeasturias.com\/noticias\/el-vaticano-ayudara-a-la-iglesia-carioca-a-pagar-la-deuda-de-la-jmj\/#blogposting","name":"El Vaticano ayudar\u00e1 a la Iglesia carioca a pagar la deuda de la JMJ - El Digital de Asturias","headline":"El Vaticano ayudar\u00e1 a la Iglesia carioca a pagar la deuda de la JMJ","author":{"@id":"https:\/\/www.eldigitaldeasturias.com\/noticias\/author\/admin\/#author"},"publisher":{"@id":"https:\/\/www.eldigitaldeasturias.com\/noticias\/#organization"},"image":{"@type":"ImageObject","url":"https:\/\/www.eldigitaldeasturias.com\/noticias\/wp-content\/uploads\/2026\/06\/Contenidos.jpg","width":1265,"height":697,"caption":"Contenidos"},"datePublished":"2013-11-29T21:03:13+01:00","dateModified":"2013-11-29T21:03:13+01:00","inLanguage":"es-ES","mainEntityOfPage":{"@id":"https:\/\/www.eldigitaldeasturias.com\/noticias\/el-vaticano-ayudara-a-la-iglesia-carioca-a-pagar-la-deuda-de-la-jmj\/#webpage"},"isPartOf":{"@id":"https:\/\/www.eldigitaldeasturias.com\/noticias\/el-vaticano-ayudara-a-la-iglesia-carioca-a-pagar-la-deuda-de-la-jmj\/#webpage"},"articleSection":"Sociedad"},{"@type":"BreadcrumbList","@id":"https:\/\/www.eldigitaldeasturias.com\/noticias\/el-vaticano-ayudara-a-la-iglesia-carioca-a-pagar-la-deuda-de-la-jmj\/#breadcrumblist","itemListElement":[{"@type":"ListItem","@id":"https:\/\/www.eldigitaldeasturias.com\/noticias#listItem","position":1,"name":"Home","item":"https:\/\/www.eldigitaldeasturias.com\/noticias","nextItem":{"@type":"ListItem","@id":"https:\/\/www.eldigitaldeasturias.com\/noticias\/category\/sociedad\/#listItem","name":"Sociedad"}},{"@type":"ListItem","@id":"https:\/\/www.eldigitaldeasturias.com\/noticias\/category\/sociedad\/#listItem","position":2,"name":"Sociedad","item":"https:\/\/www.eldigitaldeasturias.com\/noticias\/category\/sociedad\/","nextItem":{"@type":"ListItem","@id":"https:\/\/www.eldigitaldeasturias.com\/noticias\/el-vaticano-ayudara-a-la-iglesia-carioca-a-pagar-la-deuda-de-la-jmj\/#listItem","name":"El Vaticano ayudar\u00e1 a la Iglesia carioca a pagar la deuda de la JMJ"},"previousItem":{"@type":"ListItem","@id":"https:\/\/www.eldigitaldeasturias.com\/noticias#listItem","name":"Home"}},{"@type":"ListItem","@id":"https:\/\/www.eldigitaldeasturias.com\/noticias\/el-vaticano-ayudara-a-la-iglesia-carioca-a-pagar-la-deuda-de-la-jmj\/#listItem","position":3,"name":"El Vaticano ayudar\u00e1 a la Iglesia carioca a pagar la deuda de la JMJ","previousItem":{"@type":"ListItem","@id":"https:\/\/www.eldigitaldeasturias.com\/noticias\/category\/sociedad\/#listItem","name":"Sociedad"}}]},{"@type":"Organization","@id":"https:\/\/www.eldigitaldeasturias.com\/noticias\/#organization","name":"El Digital de Asturias","description":"Hemeroteca","url":"https:\/\/www.eldigitaldeasturias.com\/noticias\/","email":"info@eldigitaldeasturias.com","telephone":"+34652131393","logo":{"@type":"ImageObject","url":"https:\/\/www.eldigitaldeasturias.com\/noticias\/wp-content\/uploads\/2020\/12\/EDA.jpg","@id":"https:\/\/www.eldigitaldeasturias.com\/noticias\/el-vaticano-ayudara-a-la-iglesia-carioca-a-pagar-la-deuda-de-la-jmj\/#organizationLogo"},"image":{"@id":"https:\/\/www.eldigitaldeasturias.com\/noticias\/el-vaticano-ayudara-a-la-iglesia-carioca-a-pagar-la-deuda-de-la-jmj\/#organizationLogo"},"sameAs":["https:\/\/facebook.com\/eldigitaldeasturias","https:\/\/www.youtube.com\/channel\/UCZP-2wLEB9Rv6erhFmqVnvg"],"address":{"@id":"https:\/\/www.eldigitaldeasturias.com\/noticias\/#postaladdress","@type":"PostalAddress","streetAddress":"san antonio 4","postalCode":"33430","addressLocality":"Cand\u00e1s","addressRegion":"Asturias","addressCountry":"ES"}},{"@type":"Person","@id":"https:\/\/www.eldigitaldeasturias.com\/noticias\/author\/admin\/#author","url":"https:\/\/www.eldigitaldeasturias.com\/noticias\/author\/admin\/","name":"El Digital de Asturias","image":{"@type":"ImageObject","@id":"https:\/\/www.eldigitaldeasturias.com\/noticias\/el-vaticano-ayudara-a-la-iglesia-carioca-a-pagar-la-deuda-de-la-jmj\/#authorImage","url":"https:\/\/secure.gravatar.com\/avatar\/df2aeffc32bcd13f8d26072ef8a91b623d677766deac7f97ca815868cd41bf5e?s=96&d=mm&r=g","width":96,"height":96,"caption":"El Digital de Asturias"}},{"@type":"WebPage","@id":"https:\/\/www.eldigitaldeasturias.com\/noticias\/el-vaticano-ayudara-a-la-iglesia-carioca-a-pagar-la-deuda-de-la-jmj\/#webpage","url":"https:\/\/www.eldigitaldeasturias.com\/noticias\/el-vaticano-ayudara-a-la-iglesia-carioca-a-pagar-la-deuda-de-la-jmj\/","name":"El Vaticano ayudar\u00e1 a la Iglesia carioca a pagar la deuda de la JMJ - El Digital de Asturias","description":"R\u00edo de Janeiro, 29 nov (dpa) - El Vaticano ayudar\u00e1 la Archidi\u00f3cesis de R\u00edo de Janeiro a sufragar las deudas acumuladas con la organizaci\u00f3n, en julio pasado, de la Jornada Mundial de la Juventud (JMJ), que trajo a la ciudad brasile\u00f1a el papa Francisco. En una nota divulgada hoy por la prensa local, el comit\u00e9","inLanguage":"es-ES","isPartOf":{"@id":"https:\/\/www.eldigitaldeasturias.com\/noticias\/#website"},"breadcrumb":{"@id":"https:\/\/www.eldigitaldeasturias.com\/noticias\/el-vaticano-ayudara-a-la-iglesia-carioca-a-pagar-la-deuda-de-la-jmj\/#breadcrumblist"},"author":{"@id":"https:\/\/www.eldigitaldeasturias.com\/noticias\/author\/admin\/#author"},"creator":{"@id":"https:\/\/www.eldigitaldeasturias.com\/noticias\/author\/admin\/#author"},"image":{"@type":"ImageObject","url":"https:\/\/www.eldigitaldeasturias.com\/noticias\/wp-content\/uploads\/2026\/06\/Contenidos.jpg","@id":"https:\/\/www.eldigitaldeasturias.com\/noticias\/el-vaticano-ayudara-a-la-iglesia-carioca-a-pagar-la-deuda-de-la-jmj\/#mainImage","width":1265,"height":697,"caption":"Contenidos"},"primaryImageOfPage":{"@id":"https:\/\/www.eldigitaldeasturias.com\/noticias\/el-vaticano-ayudara-a-la-iglesia-carioca-a-pagar-la-deuda-de-la-jmj\/#mainImage"},"datePublished":"2013-11-29T21:03:13+01:00","dateModified":"2013-11-29T21:03:13+01:00"},{"@type":"WebSite","@id":"https:\/\/www.eldigitaldeasturias.com\/noticias\/#website","url":"https:\/\/www.eldigitaldeasturias.com\/noticias\/","name":"El Digital de Asturias - Diario de actualidad y noticias","alternateName":"El Digital de Asturias - Diario de actualidad y noticias","description":"Hemeroteca","inLanguage":"es-ES","publisher":{"@id":"https:\/\/www.eldigitaldeasturias.com\/noticias\/#organization"}}]},"og:locale":"es_ES","og:site_name":"El Digital de Asturias","og:type":"article","og:title":"El Vaticano ayudar\u00e1 a la Iglesia carioca a pagar la deuda de la JMJ - El Digital de Asturias","og:description":"R\u00edo de Janeiro, 29 nov (dpa) - El Vaticano ayudar\u00e1 la Archidi\u00f3cesis de R\u00edo de Janeiro a sufragar las deudas acumuladas con la organizaci\u00f3n, en julio pasado, de la Jornada Mundial de la Juventud (JMJ), que trajo a la ciudad brasile\u00f1a el papa Francisco. En una nota divulgada hoy por la prensa local, el comit\u00e9","og:url":"https:\/\/www.eldigitaldeasturias.com\/noticias\/el-vaticano-ayudara-a-la-iglesia-carioca-a-pagar-la-deuda-de-la-jmj\/","og:image":"https:\/\/www.eldigitaldeasturias.com\/noticias\/wp-content\/uploads\/2026\/06\/Contenidos.jpg","og:image:secure_url":"https:\/\/www.eldigitaldeasturias.com\/noticias\/wp-content\/uploads\/2026\/06\/Contenidos.jpg","og:image:width":1265,"og:image:height":697,"article:tag":["sociedad"],"article:published_time":"2013-11-29T22:03:13+00:00","article:modified_time":"2013-11-29T22:03:13+00:00","article:publisher":"https:\/\/facebook.com\/eldigitaldeasturias","twitter:card":"summary_large_image","twitter:title":"El Vaticano ayudar\u00e1 a la Iglesia carioca a pagar la deuda de la JMJ - El Digital de Asturias","twitter:description":"R\u00edo de Janeiro, 29 nov (dpa) - El Vaticano ayudar\u00e1 la Archidi\u00f3cesis de R\u00edo de Janeiro a sufragar las deudas acumuladas con la organizaci\u00f3n, en julio pasado, de la Jornada Mundial de la Juventud (JMJ), que trajo a la ciudad brasile\u00f1a el papa Francisco. En una nota divulgada hoy por la prensa local, el comit\u00e9","twitter:image":"https:\/\/www.eldigitaldeasturias.com\/noticias\/wp-content\/uploads\/2026\/06\/Contenidos.jpg","twitter:label1":"Escrito por","twitter:data1":"El Digital de Asturias","twitter:label2":"Tiempo de lectura estimado","twitter:data2":"1 minuto"},"aioseo_meta_data":{"post_id":"455865","title":null,"description":null,"keywords":null,"keyphrases":null,"primary_term":null,"canonical_url":null,"og_title":null,"og_description":null,"og_object_type":"default","og_image_type":"default","og_image_url":null,"og_image_width":null,"og_image_height":null,"og_image_custom_url":null,"og_image_custom_fields":null,"og_video":null,"og_custom_url":null,"og_article_section":null,"og_article_tags":null,"twitter_use_og":true,"twitter_card":"default","twitter_image_type":"default","twitter_image_url":null,"twitter_image_custom_url":null,"twitter_image_custom_fields":null,"twitter_title":null,"twitter_description":null,"schema":{"blockGraphs":[],"customGraphs":[],"default":{"data":{"Article":[],"Course":[],"Dataset":[],"FAQPage":[],"Movie":[],"Person":[],"Product":[],"ProductReview":[],"Car":[],"Recipe":[],"Service":[],"SoftwareApplication":[],"WebPage":[]},"graphName":"","isEnabled":true},"graphs":[],"defaultGraph":"","defaultPostTypeGraph":""},"schema_type":null,"schema_type_options":null,"pillar_content":false,"robots_default":true,"robots_noindex":false,"robots_noarchive":false,"robots_nosnippet":false,"robots_nofollow":false,"robots_noimageindex":false,"robots_noodp":false,"robots_notranslate":false,"robots_max_snippet":null,"robots_max_videopreview":null,"robots_max_imagepreview":"none","priority":null,"frequency":null,"local_seo":null,"seo_analyzer_scan_date":"2026-05-29 19:49:26","breadcrumb_settings":null,"limit_modified_date":false,"open_ai":null,"ai":null,"created":"2020-11-14 22:45:22","updated":"2026-05-29 19:49:26","focus_keyword":null,"additional_keywords":null,"truseo_locale":null},"aioseo_breadcrumb":"<div class=\"aioseo-breadcrumbs\"><span class=\"aioseo-breadcrumb\">\n\t<a href=\"https:\/\/www.eldigitaldeasturias.com\/noticias\" title=\"Home\">Home<\/a>\n<\/span><span class=\"aioseo-breadcrumb-separator\">\u2013<\/span><span class=\"aioseo-breadcrumb\">\n\t<a href=\"https:\/\/www.eldigitaldeasturias.com\/noticias\/category\/sociedad\/\" title=\"Sociedad\">Sociedad<\/a>\n<\/span><span class=\"aioseo-breadcrumb-separator\">\u2013<\/span><span class=\"aioseo-breadcrumb\">\n\t<a href=\"https:\/\/www.eldigitaldeasturias.com\/noticias\/el-vaticano-ayudara-a-la-iglesia-carioca-a-pagar-la-deuda-de-la-jmj\/\" title=\"El Vaticano ayudar\u00e1 a la Iglesia carioca a pagar la deuda de la JMJ\">El Vaticano ayudar\u00e1 a la Iglesia carioca a pagar la deuda de la JMJ<\/a>\n<\/span><\/div>","aioseo_breadcrumb_json":[{"label":"Home","link":"https:\/\/www.eldigitaldeasturias.com\/noticias"},{"label":"Sociedad","link":"https:\/\/www.eldigitaldeasturias.com\/noticias\/category\/sociedad\/"},{"label":"El Vaticano ayudar\u00e1 a la Iglesia carioca a pagar la deuda de la JMJ","link":"https:\/\/www.eldigitaldeasturias.com\/noticias\/el-vaticano-ayudara-a-la-iglesia-carioca-a-pagar-la-deuda-de-la-jmj\/"}],"_links":{"self":[{"href":"https:\/\/www.eldigitaldeasturias.com\/noticias\/wp-json\/wp\/v2\/posts\/455865","targetHints":{"allow":["GET"]}}],"collection":[{"href":"https:\/\/www.eldigitaldeasturias.com\/noticias\/wp-json\/wp\/v2\/posts"}],"about":[{"href":"https:\/\/www.eldigitaldeasturias.com\/noticias\/wp-json\/wp\/v2\/types\/post"}],"author":[{"embeddable":true,"href":"https:\/\/www.eldigitaldeasturias.com\/noticias\/wp-json\/wp\/v2\/users\/1"}],"replies":[{"embeddable":true,"href":"https:\/\/www.eldigitaldeasturias.com\/noticias\/wp-json\/wp\/v2\/comments?post=455865"}],"version-history":[{"count":0,"href":"https:\/\/www.eldigitaldeasturias.com\/noticias\/wp-json\/wp\/v2\/posts\/455865\/revisions"}],"wp:featuredmedia":[{"embeddable":true,"href":"https:\/\/www.eldigitaldeasturias.com\/noticias\/wp-json\/wp\/v2\/media\/1132184"}],"wp:attachment":[{"href":"https:\/\/www.eldigitaldeasturias.com\/noticias\/wp-json\/wp\/v2\/media?parent=455865"}],"wp:term":[{"taxonomy":"category","embeddable":true,"href":"https:\/\/www.eldigitaldeasturias.com\/noticias\/wp-json\/wp\/v2\/categories?post=455865"},{"taxonomy":"post_tag","embeddable":true,"href":"https:\/\/www.eldigitaldeasturias.com\/noticias\/wp-json\/wp\/v2\/tags?post=455865"}],"curies":[{"name":"wp","href":"https:\/\/api.w.org\/{rel}","templated":true}]}}