{"id":455856,"date":"2013-11-29T20:50:05","date_gmt":"2013-11-29T21:50:05","guid":{"rendered":"http:\/\/www.eldigitaldeasturias.com\/noticias\/?p=455856"},"modified":"2013-11-29T20:50:31","modified_gmt":"2013-11-29T21:50:31","slug":"el-tsja-insta-a-cudillero-a-elegir-un-alcalde-o-crear-gestora-que-se-podria-revocar","status":"publish","type":"post","link":"https:\/\/www.eldigitaldeasturias.com\/noticias\/el-tsja-insta-a-cudillero-a-elegir-un-alcalde-o-crear-gestora-que-se-podria-revocar\/","title":{"rendered":"El TSJA insta a Cudillero a elegir un alcalde o crear una gestora que se podr\u00eda revocar"},"content":{"rendered":"<p><img loading=\"lazy\" decoding=\"async\" class=\"alignleft size-medium wp-image-370\" alt=\"audienciaprovincialoviedo_20130918194045_800\" src=\"https:\/\/www.eldigitaldeasturias.com\/noticias\/wp-content\/uploads\/2013\/09\/audienciaprovincialoviedo_20130918194045_800-360x240.jpg\" width=\"360\" height=\"240\" \/>Oviedo, 29 nov (EFE).- El Tribunal Superior de Justicia de Asturias (TSJA) ha dictado un auto en el que insta al Ayuntamiento de Cudillero a elegir nuevo alcalde o a iniciar las actuaciones necesarias para constituir la constituir la gestora municipal, de la que advierte, no obstante, que podr\u00eda ser revocada.<\/p>\n<p>En un auto del 28 de noviembre, al que ha tenido acceso Efe y contra el que cabe recurso de reposici\u00f3n en el plazo de cinco d\u00edas, el TSJA ordena \u00abreponer las actuaciones a la fecha de 23 de agosto\u00bb, cuando fue elegido alcalde el socialista Luis Fern\u00e1ndez Garay y cuya designaci\u00f3n fue anulada por el Alto Tribunal asturiano.<\/p>\n<p>El TSJA establece que \u00abdeben de entenderse nulas y sin valor las actuaciones que se han seguido con posterioridad\u00bb y ordena la celebraci\u00f3n, en el plazo de diez d\u00edas a partir de la firmeza del auto, de un nuevo pleno \u00abpartiendo de la configuraci\u00f3n del Ayuntamiento a dicha fecha\u00bb.<\/p>\n<p>El auto insta a que \u00abse tomen en consideraci\u00f3n las renuncias a concejal presentadas hasta entonces y seguidamente se proceda a la elecci\u00f3n de alcalde o, en su caso, se inicien las actuaciones necesarias para constituir la comisi\u00f3n gestora municipal\u00bb prevista en el caso de que m\u00e1s de la mitad de los concejales no sean electos.<\/p>\n<p>No obstante, recuerda que en la fecha en la que se celebr\u00f3 el pleno anulado solo uno de los concejales, del PSOE, era no electo.<\/p>\n<p>Apunta que a la situaci\u00f3n de constituir una comisi\u00f3n gestora municipal \u00abse llegar\u00eda de dar validez y eficacia a las renuncias efectuadas con posterioridad a la fecha de 23 de agosto, que entendemos susceptibles de ser revocadas en tanto que no han sido perfeccionadas al no haber sido presentadas ante un pleno municipal valido\u00bb.<\/p>\n<p>En caso de llegar a un gestora, el TSJA establece que \u00abdeber\u00e1 estar formada por quienes permanezcan como concejales y aquellos ciudadanos que fueran designados en sustituci\u00f3n de los renunciantes o dimisionarios hasta cubrir el numero de vacantes en la misma proporci\u00f3n resultante de las elecciones\u00bb.<\/p>\n<p>En un comunicado, el portavoz de Foro Cudillero, Juan Carragal, ha subrayado que, dada la composici\u00f3n de la corporaci\u00f3n el 23 de agosto, \u00abno se dar\u00eda el supuesto previsto para la constituci\u00f3n de una comisi\u00f3n gestora, y por tanto no procede ampararse en esta circunstancia para no elegir alcalde y no dar estricto cumplimiento a la sentencia\u00bb.<\/p>\n<p>Adem\u00e1s, ha considerado que el auto ha puesto de manifiesto \u00ablas maniobras y artima\u00f1as fraudulentas llevadas a cabo por el PSOE pixueto, con el benepl\u00e1cito y consentimiento de la FSA\u00bb.<\/p>\n<p>En declaraciones a Efe, la portavoz municipal del PP, Carmen P\u00e9rez de la Mata, ha realizado una \u00abprudente\u00bb valoraci\u00f3n personal del auto en la que tambi\u00e9n interpreta que no se dar\u00eda la \u00absituaci\u00f3n de gestora\u00bb.<\/p>\n<p>Precisamente hoy, la alcaldesa de Cudillero en funciones, la socialista Olga Fern\u00e1ndez, hab\u00eda convocado un pleno extraordinario para el pr\u00f3ximo martes, 3 de diciembre, para el nombramiento de tres nuevos concejales no electos del PSOE, los de Diego Antonio C\u00e1ndano, Pelayo Marqu\u00e9s y Ver\u00f3nica Marqu\u00e9s, para cubrir las vacantes de los ediles socialistas Luis Fern\u00e1ndez Garay, Ver\u00f3nica Vior Mart\u00ednez y Fernando Castro Garc\u00eda.<\/p>\n<p>La oposici\u00f3n considera que estas renuncias son un fraude de ley con el \u00fanico prop\u00f3sito de forzar la creaci\u00f3n de una gestora.<\/p>\n","protected":false},"excerpt":{"rendered":"<p>Oviedo, 29 nov (EFE).- El Tribunal Superior de Justicia de Asturias (TSJA) ha dictado un auto en el que insta al Ayuntamiento de Cudillero a elegir nuevo alcalde o a iniciar las actuaciones necesarias para constituir la constituir la gestora municipal, de la que advierte, no obstante, que podr\u00eda ser revocada. En un auto del [&hellip;]<\/p>\n","protected":false},"author":1,"featured_media":1132184,"comment_status":"closed","ping_status":"open","sticky":false,"template":"","format":"standard","meta":{"footnotes":""},"categories":[12],"tags":[],"class_list":["post-455856","post","type-post","status-publish","format-standard","has-post-thumbnail","hentry","category-actualidad-asturias"],"aioseo_notices":[],"aioseo_head":"\n\t\t<!-- All in One SEO Pro 5.0.1 - aioseo.com -->\n\t<meta name=\"description\" content=\"Oviedo, 29 nov (EFE).- El Tribunal Superior de Justicia de Asturias (TSJA) ha dictado un auto en el que insta al Ayuntamiento de Cudillero a elegir nuevo alcalde o a iniciar las actuaciones necesarias para constituir la constituir la gestora municipal, de la que advierte, no obstante, que podr\u00eda ser revocada. En un auto del\" \/>\n\t<meta name=\"robots\" content=\"max-image-preview:large\" \/>\n\t<meta name=\"author\" content=\"El Digital de Asturias\"\/>\n\t<meta name=\"google-site-verification\" content=\"UA-38556648-1\" \/>\n\t<meta name=\"msvalidate.01\" content=\"7dfe9f3f1b24437ab69f4f2559babe99\" \/>\n\t<meta name=\"keywords\" content=\"actualidad asturias\" \/>\n\t<link rel=\"canonical\" href=\"https:\/\/www.eldigitaldeasturias.com\/noticias\/el-tsja-insta-a-cudillero-a-elegir-un-alcalde-o-crear-gestora-que-se-podria-revocar\/\" \/>\n\t<meta name=\"generator\" content=\"All in One SEO Pro (AIOSEO) 5.0.1\" \/>\n\t\t<meta property=\"og:locale\" content=\"es_ES\" \/>\n\t\t<meta property=\"og:site_name\" content=\"El Digital de Asturias\" \/>\n\t\t<meta property=\"og:type\" content=\"article\" \/>\n\t\t<meta property=\"og:title\" content=\"El TSJA insta a Cudillero a elegir un alcalde o crear una gestora que se podr\u00eda revocar - El Digital de Asturias\" \/>\n\t\t<meta property=\"og:description\" content=\"Oviedo, 29 nov (EFE).- El Tribunal Superior de Justicia de Asturias (TSJA) ha dictado un auto en el que insta al Ayuntamiento de Cudillero a elegir nuevo alcalde o a iniciar las actuaciones necesarias para constituir la constituir la gestora municipal, de la que advierte, no obstante, que podr\u00eda ser revocada. En un auto del\" \/>\n\t\t<meta property=\"og:url\" content=\"https:\/\/www.eldigitaldeasturias.com\/noticias\/el-tsja-insta-a-cudillero-a-elegir-un-alcalde-o-crear-gestora-que-se-podria-revocar\/\" \/>\n\t\t<meta property=\"og:image\" content=\"https:\/\/www.eldigitaldeasturias.com\/noticias\/wp-content\/uploads\/2026\/06\/Contenidos.jpg\" \/>\n\t\t<meta property=\"og:image:secure_url\" content=\"https:\/\/www.eldigitaldeasturias.com\/noticias\/wp-content\/uploads\/2026\/06\/Contenidos.jpg\" \/>\n\t\t<meta property=\"og:image:width\" content=\"1265\" \/>\n\t\t<meta property=\"og:image:height\" content=\"697\" \/>\n\t\t<meta property=\"article:tag\" content=\"actualidad asturias\" \/>\n\t\t<meta property=\"article:published_time\" content=\"2013-11-29T21:50:05+00:00\" \/>\n\t\t<meta property=\"article:modified_time\" content=\"2013-11-29T21:50:31+00:00\" \/>\n\t\t<meta property=\"article:publisher\" content=\"https:\/\/facebook.com\/eldigitaldeasturias\" \/>\n\t\t<meta name=\"twitter:card\" content=\"summary_large_image\" \/>\n\t\t<meta name=\"twitter:title\" content=\"El TSJA insta a Cudillero a elegir un alcalde o crear una gestora que se podr\u00eda revocar - El Digital de Asturias\" \/>\n\t\t<meta name=\"twitter:description\" content=\"Oviedo, 29 nov (EFE).- El Tribunal Superior de Justicia de Asturias (TSJA) ha dictado un auto en el que insta al Ayuntamiento de Cudillero a elegir nuevo alcalde o a iniciar las actuaciones necesarias para constituir la constituir la gestora municipal, de la que advierte, no obstante, que podr\u00eda ser revocada. En un auto del\" \/>\n\t\t<meta name=\"twitter:image\" content=\"https:\/\/www.eldigitaldeasturias.com\/noticias\/wp-content\/uploads\/2026\/06\/Contenidos.jpg\" \/>\n\t\t<meta name=\"twitter:label1\" content=\"Escrito por\" \/>\n\t\t<meta name=\"twitter:data1\" content=\"El Digital de Asturias\" \/>\n\t\t<meta name=\"twitter:label2\" content=\"Tiempo de lectura estimado\" \/>\n\t\t<meta name=\"twitter:data2\" content=\"3 minutos\" \/>\n\t\t<script type=\"application\/ld+json\" class=\"aioseo-schema\">\n\t\t\t{\"@context\":\"https:\\\/\\\/schema.org\",\"@graph\":[{\"@type\":\"BlogPosting\",\"@id\":\"https:\\\/\\\/www.eldigitaldeasturias.com\\\/noticias\\\/el-tsja-insta-a-cudillero-a-elegir-un-alcalde-o-crear-gestora-que-se-podria-revocar\\\/#blogposting\",\"name\":\"El TSJA insta a Cudillero a elegir un alcalde o crear una gestora que se podr\\u00eda revocar - El Digital de Asturias\",\"headline\":\"El TSJA insta a Cudillero a elegir un alcalde o crear una gestora que se podr\\u00eda revocar\",\"author\":{\"@id\":\"https:\\\/\\\/www.eldigitaldeasturias.com\\\/noticias\\\/author\\\/admin\\\/#author\"},\"publisher\":{\"@id\":\"https:\\\/\\\/www.eldigitaldeasturias.com\\\/noticias\\\/#organization\"},\"image\":{\"@type\":\"ImageObject\",\"url\":\"https:\\\/\\\/www.eldigitaldeasturias.com\\\/noticias\\\/wp-content\\\/uploads\\\/2026\\\/06\\\/Contenidos.jpg\",\"width\":1265,\"height\":697,\"caption\":\"Contenidos\"},\"datePublished\":\"2013-11-29T20:50:05+01:00\",\"dateModified\":\"2013-11-29T20:50:31+01:00\",\"inLanguage\":\"es-ES\",\"mainEntityOfPage\":{\"@id\":\"https:\\\/\\\/www.eldigitaldeasturias.com\\\/noticias\\\/el-tsja-insta-a-cudillero-a-elegir-un-alcalde-o-crear-gestora-que-se-podria-revocar\\\/#webpage\"},\"isPartOf\":{\"@id\":\"https:\\\/\\\/www.eldigitaldeasturias.com\\\/noticias\\\/el-tsja-insta-a-cudillero-a-elegir-un-alcalde-o-crear-gestora-que-se-podria-revocar\\\/#webpage\"},\"articleSection\":\"Actualidad Asturias\"},{\"@type\":\"BreadcrumbList\",\"@id\":\"https:\\\/\\\/www.eldigitaldeasturias.com\\\/noticias\\\/el-tsja-insta-a-cudillero-a-elegir-un-alcalde-o-crear-gestora-que-se-podria-revocar\\\/#breadcrumblist\",\"itemListElement\":[{\"@type\":\"ListItem\",\"@id\":\"https:\\\/\\\/www.eldigitaldeasturias.com\\\/noticias#listItem\",\"position\":1,\"name\":\"Home\",\"item\":\"https:\\\/\\\/www.eldigitaldeasturias.com\\\/noticias\",\"nextItem\":{\"@type\":\"ListItem\",\"@id\":\"https:\\\/\\\/www.eldigitaldeasturias.com\\\/noticias\\\/category\\\/actualidad-asturias\\\/#listItem\",\"name\":\"Actualidad Asturias\"}},{\"@type\":\"ListItem\",\"@id\":\"https:\\\/\\\/www.eldigitaldeasturias.com\\\/noticias\\\/category\\\/actualidad-asturias\\\/#listItem\",\"position\":2,\"name\":\"Actualidad Asturias\",\"item\":\"https:\\\/\\\/www.eldigitaldeasturias.com\\\/noticias\\\/category\\\/actualidad-asturias\\\/\",\"nextItem\":{\"@type\":\"ListItem\",\"@id\":\"https:\\\/\\\/www.eldigitaldeasturias.com\\\/noticias\\\/el-tsja-insta-a-cudillero-a-elegir-un-alcalde-o-crear-gestora-que-se-podria-revocar\\\/#listItem\",\"name\":\"El TSJA insta a Cudillero a elegir un alcalde o crear una gestora que se podr\\u00eda revocar\"},\"previousItem\":{\"@type\":\"ListItem\",\"@id\":\"https:\\\/\\\/www.eldigitaldeasturias.com\\\/noticias#listItem\",\"name\":\"Home\"}},{\"@type\":\"ListItem\",\"@id\":\"https:\\\/\\\/www.eldigitaldeasturias.com\\\/noticias\\\/el-tsja-insta-a-cudillero-a-elegir-un-alcalde-o-crear-gestora-que-se-podria-revocar\\\/#listItem\",\"position\":3,\"name\":\"El TSJA insta a Cudillero a elegir un alcalde o crear una gestora que se podr\\u00eda revocar\",\"previousItem\":{\"@type\":\"ListItem\",\"@id\":\"https:\\\/\\\/www.eldigitaldeasturias.com\\\/noticias\\\/category\\\/actualidad-asturias\\\/#listItem\",\"name\":\"Actualidad Asturias\"}}]},{\"@type\":\"Organization\",\"@id\":\"https:\\\/\\\/www.eldigitaldeasturias.com\\\/noticias\\\/#organization\",\"name\":\"El Digital de Asturias\",\"description\":\"Hemeroteca\",\"url\":\"https:\\\/\\\/www.eldigitaldeasturias.com\\\/noticias\\\/\",\"email\":\"info@eldigitaldeasturias.com\",\"telephone\":\"+34652131393\",\"logo\":{\"@type\":\"ImageObject\",\"url\":\"https:\\\/\\\/www.eldigitaldeasturias.com\\\/noticias\\\/wp-content\\\/uploads\\\/2020\\\/12\\\/EDA.jpg\",\"@id\":\"https:\\\/\\\/www.eldigitaldeasturias.com\\\/noticias\\\/el-tsja-insta-a-cudillero-a-elegir-un-alcalde-o-crear-gestora-que-se-podria-revocar\\\/#organizationLogo\"},\"image\":{\"@id\":\"https:\\\/\\\/www.eldigitaldeasturias.com\\\/noticias\\\/el-tsja-insta-a-cudillero-a-elegir-un-alcalde-o-crear-gestora-que-se-podria-revocar\\\/#organizationLogo\"},\"sameAs\":[\"https:\\\/\\\/facebook.com\\\/eldigitaldeasturias\",\"https:\\\/\\\/www.youtube.com\\\/channel\\\/UCZP-2wLEB9Rv6erhFmqVnvg\"],\"address\":{\"@id\":\"https:\\\/\\\/www.eldigitaldeasturias.com\\\/noticias\\\/#postaladdress\",\"@type\":\"PostalAddress\",\"streetAddress\":\"san antonio 4\",\"postalCode\":\"33430\",\"addressLocality\":\"Cand\\u00e1s\",\"addressRegion\":\"Asturias\",\"addressCountry\":\"ES\"}},{\"@type\":\"Person\",\"@id\":\"https:\\\/\\\/www.eldigitaldeasturias.com\\\/noticias\\\/author\\\/admin\\\/#author\",\"url\":\"https:\\\/\\\/www.eldigitaldeasturias.com\\\/noticias\\\/author\\\/admin\\\/\",\"name\":\"El Digital de Asturias\",\"image\":{\"@type\":\"ImageObject\",\"@id\":\"https:\\\/\\\/www.eldigitaldeasturias.com\\\/noticias\\\/el-tsja-insta-a-cudillero-a-elegir-un-alcalde-o-crear-gestora-que-se-podria-revocar\\\/#authorImage\",\"url\":\"https:\\\/\\\/secure.gravatar.com\\\/avatar\\\/df2aeffc32bcd13f8d26072ef8a91b623d677766deac7f97ca815868cd41bf5e?s=96&d=mm&r=g\",\"width\":96,\"height\":96,\"caption\":\"El Digital de Asturias\"}},{\"@type\":\"WebPage\",\"@id\":\"https:\\\/\\\/www.eldigitaldeasturias.com\\\/noticias\\\/el-tsja-insta-a-cudillero-a-elegir-un-alcalde-o-crear-gestora-que-se-podria-revocar\\\/#webpage\",\"url\":\"https:\\\/\\\/www.eldigitaldeasturias.com\\\/noticias\\\/el-tsja-insta-a-cudillero-a-elegir-un-alcalde-o-crear-gestora-que-se-podria-revocar\\\/\",\"name\":\"El TSJA insta a Cudillero a elegir un alcalde o crear una gestora que se podr\\u00eda revocar - El Digital de Asturias\",\"description\":\"Oviedo, 29 nov (EFE).- El Tribunal Superior de Justicia de Asturias (TSJA) ha dictado un auto en el que insta al Ayuntamiento de Cudillero a elegir nuevo alcalde o a iniciar las actuaciones necesarias para constituir la constituir la gestora municipal, de la que advierte, no obstante, que podr\\u00eda ser revocada. En un auto del\",\"inLanguage\":\"es-ES\",\"isPartOf\":{\"@id\":\"https:\\\/\\\/www.eldigitaldeasturias.com\\\/noticias\\\/#website\"},\"breadcrumb\":{\"@id\":\"https:\\\/\\\/www.eldigitaldeasturias.com\\\/noticias\\\/el-tsja-insta-a-cudillero-a-elegir-un-alcalde-o-crear-gestora-que-se-podria-revocar\\\/#breadcrumblist\"},\"author\":{\"@id\":\"https:\\\/\\\/www.eldigitaldeasturias.com\\\/noticias\\\/author\\\/admin\\\/#author\"},\"creator\":{\"@id\":\"https:\\\/\\\/www.eldigitaldeasturias.com\\\/noticias\\\/author\\\/admin\\\/#author\"},\"image\":{\"@type\":\"ImageObject\",\"url\":\"https:\\\/\\\/www.eldigitaldeasturias.com\\\/noticias\\\/wp-content\\\/uploads\\\/2026\\\/06\\\/Contenidos.jpg\",\"@id\":\"https:\\\/\\\/www.eldigitaldeasturias.com\\\/noticias\\\/el-tsja-insta-a-cudillero-a-elegir-un-alcalde-o-crear-gestora-que-se-podria-revocar\\\/#mainImage\",\"width\":1265,\"height\":697,\"caption\":\"Contenidos\"},\"primaryImageOfPage\":{\"@id\":\"https:\\\/\\\/www.eldigitaldeasturias.com\\\/noticias\\\/el-tsja-insta-a-cudillero-a-elegir-un-alcalde-o-crear-gestora-que-se-podria-revocar\\\/#mainImage\"},\"datePublished\":\"2013-11-29T20:50:05+01:00\",\"dateModified\":\"2013-11-29T20:50:31+01:00\"},{\"@type\":\"WebSite\",\"@id\":\"https:\\\/\\\/www.eldigitaldeasturias.com\\\/noticias\\\/#website\",\"url\":\"https:\\\/\\\/www.eldigitaldeasturias.com\\\/noticias\\\/\",\"name\":\"El Digital de Asturias - Diario de actualidad y noticias\",\"alternateName\":\"El Digital de Asturias - Diario de actualidad y noticias\",\"description\":\"Hemeroteca\",\"inLanguage\":\"es-ES\",\"publisher\":{\"@id\":\"https:\\\/\\\/www.eldigitaldeasturias.com\\\/noticias\\\/#organization\"}}]}\n\t\t<\/script>\n\t\t<!-- All in One SEO Pro -->\r\n\t\t<title>El TSJA insta a Cudillero a elegir un alcalde o crear una gestora que se podr\u00eda revocar - El Digital de Asturias<\/title>\n\n","aioseo_head_json":{"title":"El TSJA insta a Cudillero a elegir un alcalde o crear una gestora que se podr\u00eda revocar - El Digital de Asturias","description":"Oviedo, 29 nov (EFE).- El Tribunal Superior de Justicia de Asturias (TSJA) ha dictado un auto en el que insta al Ayuntamiento de Cudillero a elegir nuevo alcalde o a iniciar las actuaciones necesarias para constituir la constituir la gestora municipal, de la que advierte, no obstante, que podr\u00eda ser revocada. En un auto del","canonical_url":"https:\/\/www.eldigitaldeasturias.com\/noticias\/el-tsja-insta-a-cudillero-a-elegir-un-alcalde-o-crear-gestora-que-se-podria-revocar\/","robots":"max-image-preview:large","keywords":"actualidad asturias","webmasterTools":{"google-site-verification":"UA-38556648-1","msvalidate.01":"7dfe9f3f1b24437ab69f4f2559babe99","miscellaneous":""},"schema":{"@context":"https:\/\/schema.org","@graph":[{"@type":"BlogPosting","@id":"https:\/\/www.eldigitaldeasturias.com\/noticias\/el-tsja-insta-a-cudillero-a-elegir-un-alcalde-o-crear-gestora-que-se-podria-revocar\/#blogposting","name":"El TSJA insta a Cudillero a elegir un alcalde o crear una gestora que se podr\u00eda revocar - El Digital de Asturias","headline":"El TSJA insta a Cudillero a elegir un alcalde o crear una gestora que se podr\u00eda revocar","author":{"@id":"https:\/\/www.eldigitaldeasturias.com\/noticias\/author\/admin\/#author"},"publisher":{"@id":"https:\/\/www.eldigitaldeasturias.com\/noticias\/#organization"},"image":{"@type":"ImageObject","url":"https:\/\/www.eldigitaldeasturias.com\/noticias\/wp-content\/uploads\/2026\/06\/Contenidos.jpg","width":1265,"height":697,"caption":"Contenidos"},"datePublished":"2013-11-29T20:50:05+01:00","dateModified":"2013-11-29T20:50:31+01:00","inLanguage":"es-ES","mainEntityOfPage":{"@id":"https:\/\/www.eldigitaldeasturias.com\/noticias\/el-tsja-insta-a-cudillero-a-elegir-un-alcalde-o-crear-gestora-que-se-podria-revocar\/#webpage"},"isPartOf":{"@id":"https:\/\/www.eldigitaldeasturias.com\/noticias\/el-tsja-insta-a-cudillero-a-elegir-un-alcalde-o-crear-gestora-que-se-podria-revocar\/#webpage"},"articleSection":"Actualidad Asturias"},{"@type":"BreadcrumbList","@id":"https:\/\/www.eldigitaldeasturias.com\/noticias\/el-tsja-insta-a-cudillero-a-elegir-un-alcalde-o-crear-gestora-que-se-podria-revocar\/#breadcrumblist","itemListElement":[{"@type":"ListItem","@id":"https:\/\/www.eldigitaldeasturias.com\/noticias#listItem","position":1,"name":"Home","item":"https:\/\/www.eldigitaldeasturias.com\/noticias","nextItem":{"@type":"ListItem","@id":"https:\/\/www.eldigitaldeasturias.com\/noticias\/category\/actualidad-asturias\/#listItem","name":"Actualidad Asturias"}},{"@type":"ListItem","@id":"https:\/\/www.eldigitaldeasturias.com\/noticias\/category\/actualidad-asturias\/#listItem","position":2,"name":"Actualidad Asturias","item":"https:\/\/www.eldigitaldeasturias.com\/noticias\/category\/actualidad-asturias\/","nextItem":{"@type":"ListItem","@id":"https:\/\/www.eldigitaldeasturias.com\/noticias\/el-tsja-insta-a-cudillero-a-elegir-un-alcalde-o-crear-gestora-que-se-podria-revocar\/#listItem","name":"El TSJA insta a Cudillero a elegir un alcalde o crear una gestora que se podr\u00eda revocar"},"previousItem":{"@type":"ListItem","@id":"https:\/\/www.eldigitaldeasturias.com\/noticias#listItem","name":"Home"}},{"@type":"ListItem","@id":"https:\/\/www.eldigitaldeasturias.com\/noticias\/el-tsja-insta-a-cudillero-a-elegir-un-alcalde-o-crear-gestora-que-se-podria-revocar\/#listItem","position":3,"name":"El TSJA insta a Cudillero a elegir un alcalde o crear una gestora que se podr\u00eda revocar","previousItem":{"@type":"ListItem","@id":"https:\/\/www.eldigitaldeasturias.com\/noticias\/category\/actualidad-asturias\/#listItem","name":"Actualidad Asturias"}}]},{"@type":"Organization","@id":"https:\/\/www.eldigitaldeasturias.com\/noticias\/#organization","name":"El Digital de Asturias","description":"Hemeroteca","url":"https:\/\/www.eldigitaldeasturias.com\/noticias\/","email":"info@eldigitaldeasturias.com","telephone":"+34652131393","logo":{"@type":"ImageObject","url":"https:\/\/www.eldigitaldeasturias.com\/noticias\/wp-content\/uploads\/2020\/12\/EDA.jpg","@id":"https:\/\/www.eldigitaldeasturias.com\/noticias\/el-tsja-insta-a-cudillero-a-elegir-un-alcalde-o-crear-gestora-que-se-podria-revocar\/#organizationLogo"},"image":{"@id":"https:\/\/www.eldigitaldeasturias.com\/noticias\/el-tsja-insta-a-cudillero-a-elegir-un-alcalde-o-crear-gestora-que-se-podria-revocar\/#organizationLogo"},"sameAs":["https:\/\/facebook.com\/eldigitaldeasturias","https:\/\/www.youtube.com\/channel\/UCZP-2wLEB9Rv6erhFmqVnvg"],"address":{"@id":"https:\/\/www.eldigitaldeasturias.com\/noticias\/#postaladdress","@type":"PostalAddress","streetAddress":"san antonio 4","postalCode":"33430","addressLocality":"Cand\u00e1s","addressRegion":"Asturias","addressCountry":"ES"}},{"@type":"Person","@id":"https:\/\/www.eldigitaldeasturias.com\/noticias\/author\/admin\/#author","url":"https:\/\/www.eldigitaldeasturias.com\/noticias\/author\/admin\/","name":"El Digital de Asturias","image":{"@type":"ImageObject","@id":"https:\/\/www.eldigitaldeasturias.com\/noticias\/el-tsja-insta-a-cudillero-a-elegir-un-alcalde-o-crear-gestora-que-se-podria-revocar\/#authorImage","url":"https:\/\/secure.gravatar.com\/avatar\/df2aeffc32bcd13f8d26072ef8a91b623d677766deac7f97ca815868cd41bf5e?s=96&d=mm&r=g","width":96,"height":96,"caption":"El Digital de Asturias"}},{"@type":"WebPage","@id":"https:\/\/www.eldigitaldeasturias.com\/noticias\/el-tsja-insta-a-cudillero-a-elegir-un-alcalde-o-crear-gestora-que-se-podria-revocar\/#webpage","url":"https:\/\/www.eldigitaldeasturias.com\/noticias\/el-tsja-insta-a-cudillero-a-elegir-un-alcalde-o-crear-gestora-que-se-podria-revocar\/","name":"El TSJA insta a Cudillero a elegir un alcalde o crear una gestora que se podr\u00eda revocar - El Digital de Asturias","description":"Oviedo, 29 nov (EFE).- El Tribunal Superior de Justicia de Asturias (TSJA) ha dictado un auto en el que insta al Ayuntamiento de Cudillero a elegir nuevo alcalde o a iniciar las actuaciones necesarias para constituir la constituir la gestora municipal, de la que advierte, no obstante, que podr\u00eda ser revocada. En un auto del","inLanguage":"es-ES","isPartOf":{"@id":"https:\/\/www.eldigitaldeasturias.com\/noticias\/#website"},"breadcrumb":{"@id":"https:\/\/www.eldigitaldeasturias.com\/noticias\/el-tsja-insta-a-cudillero-a-elegir-un-alcalde-o-crear-gestora-que-se-podria-revocar\/#breadcrumblist"},"author":{"@id":"https:\/\/www.eldigitaldeasturias.com\/noticias\/author\/admin\/#author"},"creator":{"@id":"https:\/\/www.eldigitaldeasturias.com\/noticias\/author\/admin\/#author"},"image":{"@type":"ImageObject","url":"https:\/\/www.eldigitaldeasturias.com\/noticias\/wp-content\/uploads\/2026\/06\/Contenidos.jpg","@id":"https:\/\/www.eldigitaldeasturias.com\/noticias\/el-tsja-insta-a-cudillero-a-elegir-un-alcalde-o-crear-gestora-que-se-podria-revocar\/#mainImage","width":1265,"height":697,"caption":"Contenidos"},"primaryImageOfPage":{"@id":"https:\/\/www.eldigitaldeasturias.com\/noticias\/el-tsja-insta-a-cudillero-a-elegir-un-alcalde-o-crear-gestora-que-se-podria-revocar\/#mainImage"},"datePublished":"2013-11-29T20:50:05+01:00","dateModified":"2013-11-29T20:50:31+01:00"},{"@type":"WebSite","@id":"https:\/\/www.eldigitaldeasturias.com\/noticias\/#website","url":"https:\/\/www.eldigitaldeasturias.com\/noticias\/","name":"El Digital de Asturias - Diario de actualidad y noticias","alternateName":"El Digital de Asturias - Diario de actualidad y noticias","description":"Hemeroteca","inLanguage":"es-ES","publisher":{"@id":"https:\/\/www.eldigitaldeasturias.com\/noticias\/#organization"}}]},"og:locale":"es_ES","og:site_name":"El Digital de Asturias","og:type":"article","og:title":"El TSJA insta a Cudillero a elegir un alcalde o crear una gestora que se podr\u00eda revocar - El Digital de Asturias","og:description":"Oviedo, 29 nov (EFE).- El Tribunal Superior de Justicia de Asturias (TSJA) ha dictado un auto en el que insta al Ayuntamiento de Cudillero a elegir nuevo alcalde o a iniciar las actuaciones necesarias para constituir la constituir la gestora municipal, de la que advierte, no obstante, que podr\u00eda ser revocada. En un auto del","og:url":"https:\/\/www.eldigitaldeasturias.com\/noticias\/el-tsja-insta-a-cudillero-a-elegir-un-alcalde-o-crear-gestora-que-se-podria-revocar\/","og:image":"https:\/\/www.eldigitaldeasturias.com\/noticias\/wp-content\/uploads\/2026\/06\/Contenidos.jpg","og:image:secure_url":"https:\/\/www.eldigitaldeasturias.com\/noticias\/wp-content\/uploads\/2026\/06\/Contenidos.jpg","og:image:width":1265,"og:image:height":697,"article:tag":["actualidad asturias"],"article:published_time":"2013-11-29T21:50:05+00:00","article:modified_time":"2013-11-29T21:50:31+00:00","article:publisher":"https:\/\/facebook.com\/eldigitaldeasturias","twitter:card":"summary_large_image","twitter:title":"El TSJA insta a Cudillero a elegir un alcalde o crear una gestora que se podr\u00eda revocar - El Digital de Asturias","twitter:description":"Oviedo, 29 nov (EFE).- El Tribunal Superior de Justicia de Asturias (TSJA) ha dictado un auto en el que insta al Ayuntamiento de Cudillero a elegir nuevo alcalde o a iniciar las actuaciones necesarias para constituir la constituir la gestora municipal, de la que advierte, no obstante, que podr\u00eda ser revocada. En un auto del","twitter:image":"https:\/\/www.eldigitaldeasturias.com\/noticias\/wp-content\/uploads\/2026\/06\/Contenidos.jpg","twitter:label1":"Escrito por","twitter:data1":"El Digital de Asturias","twitter:label2":"Tiempo de lectura estimado","twitter:data2":"3 minutos"},"aioseo_meta_data":{"post_id":"455856","title":null,"description":null,"keywords":null,"keyphrases":null,"primary_term":null,"canonical_url":null,"og_title":null,"og_description":null,"og_object_type":"default","og_image_type":"default","og_image_url":null,"og_image_width":null,"og_image_height":null,"og_image_custom_url":null,"og_image_custom_fields":null,"og_video":null,"og_custom_url":null,"og_article_section":null,"og_article_tags":null,"twitter_use_og":true,"twitter_card":"default","twitter_image_type":"default","twitter_image_url":null,"twitter_image_custom_url":null,"twitter_image_custom_fields":null,"twitter_title":null,"twitter_description":null,"schema":{"blockGraphs":[],"customGraphs":[],"default":{"data":{"Article":[],"Course":[],"Dataset":[],"FAQPage":[],"Movie":[],"Person":[],"Product":[],"ProductReview":[],"Car":[],"Recipe":[],"Service":[],"SoftwareApplication":[],"WebPage":[]},"graphName":"","isEnabled":true},"graphs":[],"defaultGraph":"","defaultPostTypeGraph":""},"schema_type":null,"schema_type_options":null,"pillar_content":false,"robots_default":true,"robots_noindex":false,"robots_noarchive":false,"robots_nosnippet":false,"robots_nofollow":false,"robots_noimageindex":false,"robots_noodp":false,"robots_notranslate":false,"robots_max_snippet":null,"robots_max_videopreview":null,"robots_max_imagepreview":"none","priority":null,"frequency":null,"local_seo":null,"seo_analyzer_scan_date":"2026-05-29 19:47:09","breadcrumb_settings":null,"limit_modified_date":false,"open_ai":null,"ai":null,"created":"2020-11-14 22:45:22","updated":"2026-05-29 19:47:09","focus_keyword":null,"additional_keywords":null,"truseo_locale":null},"aioseo_breadcrumb":"<div class=\"aioseo-breadcrumbs\"><span class=\"aioseo-breadcrumb\">\n\t<a href=\"https:\/\/www.eldigitaldeasturias.com\/noticias\" title=\"Home\">Home<\/a>\n<\/span><span class=\"aioseo-breadcrumb-separator\">\u2013<\/span><span class=\"aioseo-breadcrumb\">\n\t<a href=\"https:\/\/www.eldigitaldeasturias.com\/noticias\/category\/actualidad-asturias\/\" title=\"Actualidad Asturias\">Actualidad Asturias<\/a>\n<\/span><span class=\"aioseo-breadcrumb-separator\">\u2013<\/span><span class=\"aioseo-breadcrumb\">\n\t<a href=\"https:\/\/www.eldigitaldeasturias.com\/noticias\/el-tsja-insta-a-cudillero-a-elegir-un-alcalde-o-crear-gestora-que-se-podria-revocar\/\" title=\"El TSJA insta a Cudillero a elegir un alcalde o crear una gestora que se podr\u00eda revocar\">El TSJA insta a Cudillero a elegir un alcalde o crear una gestora que se podr\u00eda revocar<\/a>\n<\/span><\/div>","aioseo_breadcrumb_json":[{"label":"Home","link":"https:\/\/www.eldigitaldeasturias.com\/noticias"},{"label":"Actualidad Asturias","link":"https:\/\/www.eldigitaldeasturias.com\/noticias\/category\/actualidad-asturias\/"},{"label":"El TSJA insta a Cudillero a elegir un alcalde o crear una gestora que se podr\u00eda revocar","link":"https:\/\/www.eldigitaldeasturias.com\/noticias\/el-tsja-insta-a-cudillero-a-elegir-un-alcalde-o-crear-gestora-que-se-podria-revocar\/"}],"_links":{"self":[{"href":"https:\/\/www.eldigitaldeasturias.com\/noticias\/wp-json\/wp\/v2\/posts\/455856","targetHints":{"allow":["GET"]}}],"collection":[{"href":"https:\/\/www.eldigitaldeasturias.com\/noticias\/wp-json\/wp\/v2\/posts"}],"about":[{"href":"https:\/\/www.eldigitaldeasturias.com\/noticias\/wp-json\/wp\/v2\/types\/post"}],"author":[{"embeddable":true,"href":"https:\/\/www.eldigitaldeasturias.com\/noticias\/wp-json\/wp\/v2\/users\/1"}],"replies":[{"embeddable":true,"href":"https:\/\/www.eldigitaldeasturias.com\/noticias\/wp-json\/wp\/v2\/comments?post=455856"}],"version-history":[{"count":0,"href":"https:\/\/www.eldigitaldeasturias.com\/noticias\/wp-json\/wp\/v2\/posts\/455856\/revisions"}],"wp:featuredmedia":[{"embeddable":true,"href":"https:\/\/www.eldigitaldeasturias.com\/noticias\/wp-json\/wp\/v2\/media\/1132184"}],"wp:attachment":[{"href":"https:\/\/www.eldigitaldeasturias.com\/noticias\/wp-json\/wp\/v2\/media?parent=455856"}],"wp:term":[{"taxonomy":"category","embeddable":true,"href":"https:\/\/www.eldigitaldeasturias.com\/noticias\/wp-json\/wp\/v2\/categories?post=455856"},{"taxonomy":"post_tag","embeddable":true,"href":"https:\/\/www.eldigitaldeasturias.com\/noticias\/wp-json\/wp\/v2\/tags?post=455856"}],"curies":[{"name":"wp","href":"https:\/\/api.w.org\/{rel}","templated":true}]}}