{"id":455854,"date":"2013-11-29T20:47:53","date_gmt":"2013-11-29T21:47:53","guid":{"rendered":"http:\/\/www.eldigitaldeasturias.com\/noticias\/?p=455854"},"modified":"2013-11-29T20:47:53","modified_gmt":"2013-11-29T21:47:53","slug":"la-estacion-de-valgrande-pajares-recibe-861-usuarios-en-su-primer-dia","status":"publish","type":"post","link":"https:\/\/www.eldigitaldeasturias.com\/noticias\/la-estacion-de-valgrande-pajares-recibe-861-usuarios-en-su-primer-dia\/","title":{"rendered":"La estaci\u00f3n de Valgrande-Pajares recibe 861 usuarios en su primer d\u00eda"},"content":{"rendered":"<p><img loading=\"lazy\" decoding=\"async\" class=\"alignleft size-medium wp-image-1568\" alt=\"nieve_20130922114644_800\" src=\"https:\/\/www.eldigitaldeasturias.com\/noticias\/wp-content\/uploads\/2013\/09\/nieve_20130922114644_800-360x269.jpg\" width=\"360\" height=\"269\" \/>Oviedo, 29 nov (EFE).- La estaci\u00f3n invernal Valgrande-Pajares ha recibido en su primer d\u00eda de la temporada un total de 861 usuarios, una cifra que la direcci\u00f3n califica de \u00abimportante al tratarse de un d\u00eda laborable\u00bb.<\/p>\n<p>El complejo ha destacado en un comunicado que hasta la fecha ya ha tramitado 1.145 abonos, m\u00e1s de 200 por encima de la cifra alcanzada el a\u00f1o pasado por estas fechas.<\/p>\n<p>La estaci\u00f3n abrir\u00e1 ma\u00f1ana con 27 pistas y casi 19 kil\u00f3metros esquiables, y la puesta en funcionamiento de cuatro telesillas &#8211; Bra\u00f1ill\u00edn, Patines, Valle del Sol y Hoya de Cueto Negro- y los telesqu\u00eds Tubo y Fuente la Reina.<\/p>\n<p>En la jornada de hoy abri\u00f3 23 pistas con 14 kil\u00f3metros esquiables \u00abcon unas condiciones excepcionales de nieve\u00bb, seg\u00fan la direcci\u00f3n.<\/p>\n","protected":false},"excerpt":{"rendered":"<p>Oviedo, 29 nov (EFE).- La estaci\u00f3n invernal Valgrande-Pajares ha recibido en su primer d\u00eda de la temporada un total de 861 usuarios, una cifra que la direcci\u00f3n califica de \u00abimportante al tratarse de un d\u00eda laborable\u00bb. El complejo ha destacado en un comunicado que hasta la fecha ya ha tramitado 1.145 abonos, m\u00e1s de 200 [&hellip;]<\/p>\n","protected":false},"author":1,"featured_media":1132184,"comment_status":"closed","ping_status":"open","sticky":false,"template":"","format":"standard","meta":{"footnotes":""},"categories":[12],"tags":[],"class_list":["post-455854","post","type-post","status-publish","format-standard","has-post-thumbnail","hentry","category-actualidad-asturias"],"aioseo_notices":[],"aioseo_head":"\n\t\t<!-- All in One SEO Pro 5.0.1 - aioseo.com -->\n\t<meta name=\"description\" content=\"Oviedo, 29 nov (EFE).- La estaci\u00f3n invernal Valgrande-Pajares ha recibido en su primer d\u00eda de la temporada un total de 861 usuarios, una cifra que la direcci\u00f3n califica de &quot;importante al tratarse de un d\u00eda laborable&quot;. El complejo ha destacado en un comunicado que hasta la fecha ya ha tramitado 1.145 abonos, m\u00e1s de 200\" \/>\n\t<meta name=\"robots\" content=\"max-image-preview:large\" \/>\n\t<meta name=\"author\" content=\"El Digital de Asturias\"\/>\n\t<meta name=\"google-site-verification\" content=\"UA-38556648-1\" \/>\n\t<meta name=\"msvalidate.01\" content=\"7dfe9f3f1b24437ab69f4f2559babe99\" \/>\n\t<meta name=\"keywords\" content=\"actualidad asturias\" \/>\n\t<link rel=\"canonical\" href=\"https:\/\/www.eldigitaldeasturias.com\/noticias\/la-estacion-de-valgrande-pajares-recibe-861-usuarios-en-su-primer-dia\/\" \/>\n\t<meta name=\"generator\" content=\"All in One SEO Pro (AIOSEO) 5.0.1\" \/>\n\t\t<meta property=\"og:locale\" content=\"es_ES\" \/>\n\t\t<meta property=\"og:site_name\" content=\"El Digital de Asturias\" \/>\n\t\t<meta property=\"og:type\" content=\"article\" \/>\n\t\t<meta property=\"og:title\" content=\"La estaci\u00f3n de Valgrande-Pajares recibe 861 usuarios en su primer d\u00eda - El Digital de Asturias\" \/>\n\t\t<meta property=\"og:description\" content=\"Oviedo, 29 nov (EFE).- La estaci\u00f3n invernal Valgrande-Pajares ha recibido en su primer d\u00eda de la temporada un total de 861 usuarios, una cifra que la direcci\u00f3n califica de &quot;importante al tratarse de un d\u00eda laborable&quot;. El complejo ha destacado en un comunicado que hasta la fecha ya ha tramitado 1.145 abonos, m\u00e1s de 200\" \/>\n\t\t<meta property=\"og:url\" content=\"https:\/\/www.eldigitaldeasturias.com\/noticias\/la-estacion-de-valgrande-pajares-recibe-861-usuarios-en-su-primer-dia\/\" \/>\n\t\t<meta property=\"og:image\" content=\"https:\/\/www.eldigitaldeasturias.com\/noticias\/wp-content\/uploads\/2026\/06\/Contenidos.jpg\" \/>\n\t\t<meta property=\"og:image:secure_url\" content=\"https:\/\/www.eldigitaldeasturias.com\/noticias\/wp-content\/uploads\/2026\/06\/Contenidos.jpg\" \/>\n\t\t<meta property=\"og:image:width\" content=\"1265\" \/>\n\t\t<meta property=\"og:image:height\" content=\"697\" \/>\n\t\t<meta property=\"article:tag\" content=\"actualidad asturias\" \/>\n\t\t<meta property=\"article:published_time\" content=\"2013-11-29T21:47:53+00:00\" \/>\n\t\t<meta property=\"article:modified_time\" content=\"2013-11-29T21:47:53+00:00\" \/>\n\t\t<meta property=\"article:publisher\" content=\"https:\/\/facebook.com\/eldigitaldeasturias\" \/>\n\t\t<meta name=\"twitter:card\" content=\"summary_large_image\" \/>\n\t\t<meta name=\"twitter:title\" content=\"La estaci\u00f3n de Valgrande-Pajares recibe 861 usuarios en su primer d\u00eda - El Digital de Asturias\" \/>\n\t\t<meta name=\"twitter:description\" content=\"Oviedo, 29 nov (EFE).- La estaci\u00f3n invernal Valgrande-Pajares ha recibido en su primer d\u00eda de la temporada un total de 861 usuarios, una cifra que la direcci\u00f3n califica de &quot;importante al tratarse de un d\u00eda laborable&quot;. El complejo ha destacado en un comunicado que hasta la fecha ya ha tramitado 1.145 abonos, m\u00e1s de 200\" \/>\n\t\t<meta name=\"twitter:image\" content=\"https:\/\/www.eldigitaldeasturias.com\/noticias\/wp-content\/uploads\/2026\/06\/Contenidos.jpg\" \/>\n\t\t<meta name=\"twitter:label1\" content=\"Escrito por\" \/>\n\t\t<meta name=\"twitter:data1\" content=\"El Digital de Asturias\" \/>\n\t\t<meta name=\"twitter:label2\" content=\"Tiempo de lectura estimado\" \/>\n\t\t<meta name=\"twitter:data2\" content=\"1 minuto\" \/>\n\t\t<script type=\"application\/ld+json\" class=\"aioseo-schema\">\n\t\t\t{\"@context\":\"https:\\\/\\\/schema.org\",\"@graph\":[{\"@type\":\"BlogPosting\",\"@id\":\"https:\\\/\\\/www.eldigitaldeasturias.com\\\/noticias\\\/la-estacion-de-valgrande-pajares-recibe-861-usuarios-en-su-primer-dia\\\/#blogposting\",\"name\":\"La estaci\\u00f3n de Valgrande-Pajares recibe 861 usuarios en su primer d\\u00eda - El Digital de Asturias\",\"headline\":\"La estaci\\u00f3n de Valgrande-Pajares recibe 861 usuarios en su primer d\\u00eda\",\"author\":{\"@id\":\"https:\\\/\\\/www.eldigitaldeasturias.com\\\/noticias\\\/author\\\/admin\\\/#author\"},\"publisher\":{\"@id\":\"https:\\\/\\\/www.eldigitaldeasturias.com\\\/noticias\\\/#organization\"},\"image\":{\"@type\":\"ImageObject\",\"url\":\"https:\\\/\\\/www.eldigitaldeasturias.com\\\/noticias\\\/wp-content\\\/uploads\\\/2026\\\/06\\\/Contenidos.jpg\",\"width\":1265,\"height\":697,\"caption\":\"Contenidos\"},\"datePublished\":\"2013-11-29T20:47:53+01:00\",\"dateModified\":\"2013-11-29T20:47:53+01:00\",\"inLanguage\":\"es-ES\",\"mainEntityOfPage\":{\"@id\":\"https:\\\/\\\/www.eldigitaldeasturias.com\\\/noticias\\\/la-estacion-de-valgrande-pajares-recibe-861-usuarios-en-su-primer-dia\\\/#webpage\"},\"isPartOf\":{\"@id\":\"https:\\\/\\\/www.eldigitaldeasturias.com\\\/noticias\\\/la-estacion-de-valgrande-pajares-recibe-861-usuarios-en-su-primer-dia\\\/#webpage\"},\"articleSection\":\"Actualidad Asturias\"},{\"@type\":\"BreadcrumbList\",\"@id\":\"https:\\\/\\\/www.eldigitaldeasturias.com\\\/noticias\\\/la-estacion-de-valgrande-pajares-recibe-861-usuarios-en-su-primer-dia\\\/#breadcrumblist\",\"itemListElement\":[{\"@type\":\"ListItem\",\"@id\":\"https:\\\/\\\/www.eldigitaldeasturias.com\\\/noticias#listItem\",\"position\":1,\"name\":\"Home\",\"item\":\"https:\\\/\\\/www.eldigitaldeasturias.com\\\/noticias\",\"nextItem\":{\"@type\":\"ListItem\",\"@id\":\"https:\\\/\\\/www.eldigitaldeasturias.com\\\/noticias\\\/category\\\/actualidad-asturias\\\/#listItem\",\"name\":\"Actualidad Asturias\"}},{\"@type\":\"ListItem\",\"@id\":\"https:\\\/\\\/www.eldigitaldeasturias.com\\\/noticias\\\/category\\\/actualidad-asturias\\\/#listItem\",\"position\":2,\"name\":\"Actualidad Asturias\",\"item\":\"https:\\\/\\\/www.eldigitaldeasturias.com\\\/noticias\\\/category\\\/actualidad-asturias\\\/\",\"nextItem\":{\"@type\":\"ListItem\",\"@id\":\"https:\\\/\\\/www.eldigitaldeasturias.com\\\/noticias\\\/la-estacion-de-valgrande-pajares-recibe-861-usuarios-en-su-primer-dia\\\/#listItem\",\"name\":\"La estaci\\u00f3n de Valgrande-Pajares recibe 861 usuarios en su primer d\\u00eda\"},\"previousItem\":{\"@type\":\"ListItem\",\"@id\":\"https:\\\/\\\/www.eldigitaldeasturias.com\\\/noticias#listItem\",\"name\":\"Home\"}},{\"@type\":\"ListItem\",\"@id\":\"https:\\\/\\\/www.eldigitaldeasturias.com\\\/noticias\\\/la-estacion-de-valgrande-pajares-recibe-861-usuarios-en-su-primer-dia\\\/#listItem\",\"position\":3,\"name\":\"La estaci\\u00f3n de Valgrande-Pajares recibe 861 usuarios en su primer d\\u00eda\",\"previousItem\":{\"@type\":\"ListItem\",\"@id\":\"https:\\\/\\\/www.eldigitaldeasturias.com\\\/noticias\\\/category\\\/actualidad-asturias\\\/#listItem\",\"name\":\"Actualidad Asturias\"}}]},{\"@type\":\"Organization\",\"@id\":\"https:\\\/\\\/www.eldigitaldeasturias.com\\\/noticias\\\/#organization\",\"name\":\"El Digital de Asturias\",\"description\":\"Hemeroteca\",\"url\":\"https:\\\/\\\/www.eldigitaldeasturias.com\\\/noticias\\\/\",\"email\":\"info@eldigitaldeasturias.com\",\"telephone\":\"+34652131393\",\"logo\":{\"@type\":\"ImageObject\",\"url\":\"https:\\\/\\\/www.eldigitaldeasturias.com\\\/noticias\\\/wp-content\\\/uploads\\\/2020\\\/12\\\/EDA.jpg\",\"@id\":\"https:\\\/\\\/www.eldigitaldeasturias.com\\\/noticias\\\/la-estacion-de-valgrande-pajares-recibe-861-usuarios-en-su-primer-dia\\\/#organizationLogo\"},\"image\":{\"@id\":\"https:\\\/\\\/www.eldigitaldeasturias.com\\\/noticias\\\/la-estacion-de-valgrande-pajares-recibe-861-usuarios-en-su-primer-dia\\\/#organizationLogo\"},\"sameAs\":[\"https:\\\/\\\/facebook.com\\\/eldigitaldeasturias\",\"https:\\\/\\\/www.youtube.com\\\/channel\\\/UCZP-2wLEB9Rv6erhFmqVnvg\"],\"address\":{\"@id\":\"https:\\\/\\\/www.eldigitaldeasturias.com\\\/noticias\\\/#postaladdress\",\"@type\":\"PostalAddress\",\"streetAddress\":\"san antonio 4\",\"postalCode\":\"33430\",\"addressLocality\":\"Cand\\u00e1s\",\"addressRegion\":\"Asturias\",\"addressCountry\":\"ES\"}},{\"@type\":\"Person\",\"@id\":\"https:\\\/\\\/www.eldigitaldeasturias.com\\\/noticias\\\/author\\\/admin\\\/#author\",\"url\":\"https:\\\/\\\/www.eldigitaldeasturias.com\\\/noticias\\\/author\\\/admin\\\/\",\"name\":\"El Digital de Asturias\",\"image\":{\"@type\":\"ImageObject\",\"@id\":\"https:\\\/\\\/www.eldigitaldeasturias.com\\\/noticias\\\/la-estacion-de-valgrande-pajares-recibe-861-usuarios-en-su-primer-dia\\\/#authorImage\",\"url\":\"https:\\\/\\\/secure.gravatar.com\\\/avatar\\\/df2aeffc32bcd13f8d26072ef8a91b623d677766deac7f97ca815868cd41bf5e?s=96&d=mm&r=g\",\"width\":96,\"height\":96,\"caption\":\"El Digital de Asturias\"}},{\"@type\":\"WebPage\",\"@id\":\"https:\\\/\\\/www.eldigitaldeasturias.com\\\/noticias\\\/la-estacion-de-valgrande-pajares-recibe-861-usuarios-en-su-primer-dia\\\/#webpage\",\"url\":\"https:\\\/\\\/www.eldigitaldeasturias.com\\\/noticias\\\/la-estacion-de-valgrande-pajares-recibe-861-usuarios-en-su-primer-dia\\\/\",\"name\":\"La estaci\\u00f3n de Valgrande-Pajares recibe 861 usuarios en su primer d\\u00eda - El Digital de Asturias\",\"description\":\"Oviedo, 29 nov (EFE).- La estaci\\u00f3n invernal Valgrande-Pajares ha recibido en su primer d\\u00eda de la temporada un total de 861 usuarios, una cifra que la direcci\\u00f3n califica de \\\"importante al tratarse de un d\\u00eda laborable\\\". El complejo ha destacado en un comunicado que hasta la fecha ya ha tramitado 1.145 abonos, m\\u00e1s de 200\",\"inLanguage\":\"es-ES\",\"isPartOf\":{\"@id\":\"https:\\\/\\\/www.eldigitaldeasturias.com\\\/noticias\\\/#website\"},\"breadcrumb\":{\"@id\":\"https:\\\/\\\/www.eldigitaldeasturias.com\\\/noticias\\\/la-estacion-de-valgrande-pajares-recibe-861-usuarios-en-su-primer-dia\\\/#breadcrumblist\"},\"author\":{\"@id\":\"https:\\\/\\\/www.eldigitaldeasturias.com\\\/noticias\\\/author\\\/admin\\\/#author\"},\"creator\":{\"@id\":\"https:\\\/\\\/www.eldigitaldeasturias.com\\\/noticias\\\/author\\\/admin\\\/#author\"},\"image\":{\"@type\":\"ImageObject\",\"url\":\"https:\\\/\\\/www.eldigitaldeasturias.com\\\/noticias\\\/wp-content\\\/uploads\\\/2026\\\/06\\\/Contenidos.jpg\",\"@id\":\"https:\\\/\\\/www.eldigitaldeasturias.com\\\/noticias\\\/la-estacion-de-valgrande-pajares-recibe-861-usuarios-en-su-primer-dia\\\/#mainImage\",\"width\":1265,\"height\":697,\"caption\":\"Contenidos\"},\"primaryImageOfPage\":{\"@id\":\"https:\\\/\\\/www.eldigitaldeasturias.com\\\/noticias\\\/la-estacion-de-valgrande-pajares-recibe-861-usuarios-en-su-primer-dia\\\/#mainImage\"},\"datePublished\":\"2013-11-29T20:47:53+01:00\",\"dateModified\":\"2013-11-29T20:47:53+01:00\"},{\"@type\":\"WebSite\",\"@id\":\"https:\\\/\\\/www.eldigitaldeasturias.com\\\/noticias\\\/#website\",\"url\":\"https:\\\/\\\/www.eldigitaldeasturias.com\\\/noticias\\\/\",\"name\":\"El Digital de Asturias - Diario de actualidad y noticias\",\"alternateName\":\"El Digital de Asturias - Diario de actualidad y noticias\",\"description\":\"Hemeroteca\",\"inLanguage\":\"es-ES\",\"publisher\":{\"@id\":\"https:\\\/\\\/www.eldigitaldeasturias.com\\\/noticias\\\/#organization\"}}]}\n\t\t<\/script>\n\t\t<!-- All in One SEO Pro -->\r\n\t\t<title>La estaci\u00f3n de Valgrande-Pajares recibe 861 usuarios en su primer d\u00eda - El Digital de Asturias<\/title>\n\n","aioseo_head_json":{"title":"La estaci\u00f3n de Valgrande-Pajares recibe 861 usuarios en su primer d\u00eda - El Digital de Asturias","description":"Oviedo, 29 nov (EFE).- La estaci\u00f3n invernal Valgrande-Pajares ha recibido en su primer d\u00eda de la temporada un total de 861 usuarios, una cifra que la direcci\u00f3n califica de \"importante al tratarse de un d\u00eda laborable\". El complejo ha destacado en un comunicado que hasta la fecha ya ha tramitado 1.145 abonos, m\u00e1s de 200","canonical_url":"https:\/\/www.eldigitaldeasturias.com\/noticias\/la-estacion-de-valgrande-pajares-recibe-861-usuarios-en-su-primer-dia\/","robots":"max-image-preview:large","keywords":"actualidad asturias","webmasterTools":{"google-site-verification":"UA-38556648-1","msvalidate.01":"7dfe9f3f1b24437ab69f4f2559babe99","miscellaneous":""},"schema":{"@context":"https:\/\/schema.org","@graph":[{"@type":"BlogPosting","@id":"https:\/\/www.eldigitaldeasturias.com\/noticias\/la-estacion-de-valgrande-pajares-recibe-861-usuarios-en-su-primer-dia\/#blogposting","name":"La estaci\u00f3n de Valgrande-Pajares recibe 861 usuarios en su primer d\u00eda - El Digital de Asturias","headline":"La estaci\u00f3n de Valgrande-Pajares recibe 861 usuarios en su primer d\u00eda","author":{"@id":"https:\/\/www.eldigitaldeasturias.com\/noticias\/author\/admin\/#author"},"publisher":{"@id":"https:\/\/www.eldigitaldeasturias.com\/noticias\/#organization"},"image":{"@type":"ImageObject","url":"https:\/\/www.eldigitaldeasturias.com\/noticias\/wp-content\/uploads\/2026\/06\/Contenidos.jpg","width":1265,"height":697,"caption":"Contenidos"},"datePublished":"2013-11-29T20:47:53+01:00","dateModified":"2013-11-29T20:47:53+01:00","inLanguage":"es-ES","mainEntityOfPage":{"@id":"https:\/\/www.eldigitaldeasturias.com\/noticias\/la-estacion-de-valgrande-pajares-recibe-861-usuarios-en-su-primer-dia\/#webpage"},"isPartOf":{"@id":"https:\/\/www.eldigitaldeasturias.com\/noticias\/la-estacion-de-valgrande-pajares-recibe-861-usuarios-en-su-primer-dia\/#webpage"},"articleSection":"Actualidad Asturias"},{"@type":"BreadcrumbList","@id":"https:\/\/www.eldigitaldeasturias.com\/noticias\/la-estacion-de-valgrande-pajares-recibe-861-usuarios-en-su-primer-dia\/#breadcrumblist","itemListElement":[{"@type":"ListItem","@id":"https:\/\/www.eldigitaldeasturias.com\/noticias#listItem","position":1,"name":"Home","item":"https:\/\/www.eldigitaldeasturias.com\/noticias","nextItem":{"@type":"ListItem","@id":"https:\/\/www.eldigitaldeasturias.com\/noticias\/category\/actualidad-asturias\/#listItem","name":"Actualidad Asturias"}},{"@type":"ListItem","@id":"https:\/\/www.eldigitaldeasturias.com\/noticias\/category\/actualidad-asturias\/#listItem","position":2,"name":"Actualidad Asturias","item":"https:\/\/www.eldigitaldeasturias.com\/noticias\/category\/actualidad-asturias\/","nextItem":{"@type":"ListItem","@id":"https:\/\/www.eldigitaldeasturias.com\/noticias\/la-estacion-de-valgrande-pajares-recibe-861-usuarios-en-su-primer-dia\/#listItem","name":"La estaci\u00f3n de Valgrande-Pajares recibe 861 usuarios en su primer d\u00eda"},"previousItem":{"@type":"ListItem","@id":"https:\/\/www.eldigitaldeasturias.com\/noticias#listItem","name":"Home"}},{"@type":"ListItem","@id":"https:\/\/www.eldigitaldeasturias.com\/noticias\/la-estacion-de-valgrande-pajares-recibe-861-usuarios-en-su-primer-dia\/#listItem","position":3,"name":"La estaci\u00f3n de Valgrande-Pajares recibe 861 usuarios en su primer d\u00eda","previousItem":{"@type":"ListItem","@id":"https:\/\/www.eldigitaldeasturias.com\/noticias\/category\/actualidad-asturias\/#listItem","name":"Actualidad Asturias"}}]},{"@type":"Organization","@id":"https:\/\/www.eldigitaldeasturias.com\/noticias\/#organization","name":"El Digital de Asturias","description":"Hemeroteca","url":"https:\/\/www.eldigitaldeasturias.com\/noticias\/","email":"info@eldigitaldeasturias.com","telephone":"+34652131393","logo":{"@type":"ImageObject","url":"https:\/\/www.eldigitaldeasturias.com\/noticias\/wp-content\/uploads\/2020\/12\/EDA.jpg","@id":"https:\/\/www.eldigitaldeasturias.com\/noticias\/la-estacion-de-valgrande-pajares-recibe-861-usuarios-en-su-primer-dia\/#organizationLogo"},"image":{"@id":"https:\/\/www.eldigitaldeasturias.com\/noticias\/la-estacion-de-valgrande-pajares-recibe-861-usuarios-en-su-primer-dia\/#organizationLogo"},"sameAs":["https:\/\/facebook.com\/eldigitaldeasturias","https:\/\/www.youtube.com\/channel\/UCZP-2wLEB9Rv6erhFmqVnvg"],"address":{"@id":"https:\/\/www.eldigitaldeasturias.com\/noticias\/#postaladdress","@type":"PostalAddress","streetAddress":"san antonio 4","postalCode":"33430","addressLocality":"Cand\u00e1s","addressRegion":"Asturias","addressCountry":"ES"}},{"@type":"Person","@id":"https:\/\/www.eldigitaldeasturias.com\/noticias\/author\/admin\/#author","url":"https:\/\/www.eldigitaldeasturias.com\/noticias\/author\/admin\/","name":"El Digital de Asturias","image":{"@type":"ImageObject","@id":"https:\/\/www.eldigitaldeasturias.com\/noticias\/la-estacion-de-valgrande-pajares-recibe-861-usuarios-en-su-primer-dia\/#authorImage","url":"https:\/\/secure.gravatar.com\/avatar\/df2aeffc32bcd13f8d26072ef8a91b623d677766deac7f97ca815868cd41bf5e?s=96&d=mm&r=g","width":96,"height":96,"caption":"El Digital de Asturias"}},{"@type":"WebPage","@id":"https:\/\/www.eldigitaldeasturias.com\/noticias\/la-estacion-de-valgrande-pajares-recibe-861-usuarios-en-su-primer-dia\/#webpage","url":"https:\/\/www.eldigitaldeasturias.com\/noticias\/la-estacion-de-valgrande-pajares-recibe-861-usuarios-en-su-primer-dia\/","name":"La estaci\u00f3n de Valgrande-Pajares recibe 861 usuarios en su primer d\u00eda - El Digital de Asturias","description":"Oviedo, 29 nov (EFE).- La estaci\u00f3n invernal Valgrande-Pajares ha recibido en su primer d\u00eda de la temporada un total de 861 usuarios, una cifra que la direcci\u00f3n califica de \"importante al tratarse de un d\u00eda laborable\". El complejo ha destacado en un comunicado que hasta la fecha ya ha tramitado 1.145 abonos, m\u00e1s de 200","inLanguage":"es-ES","isPartOf":{"@id":"https:\/\/www.eldigitaldeasturias.com\/noticias\/#website"},"breadcrumb":{"@id":"https:\/\/www.eldigitaldeasturias.com\/noticias\/la-estacion-de-valgrande-pajares-recibe-861-usuarios-en-su-primer-dia\/#breadcrumblist"},"author":{"@id":"https:\/\/www.eldigitaldeasturias.com\/noticias\/author\/admin\/#author"},"creator":{"@id":"https:\/\/www.eldigitaldeasturias.com\/noticias\/author\/admin\/#author"},"image":{"@type":"ImageObject","url":"https:\/\/www.eldigitaldeasturias.com\/noticias\/wp-content\/uploads\/2026\/06\/Contenidos.jpg","@id":"https:\/\/www.eldigitaldeasturias.com\/noticias\/la-estacion-de-valgrande-pajares-recibe-861-usuarios-en-su-primer-dia\/#mainImage","width":1265,"height":697,"caption":"Contenidos"},"primaryImageOfPage":{"@id":"https:\/\/www.eldigitaldeasturias.com\/noticias\/la-estacion-de-valgrande-pajares-recibe-861-usuarios-en-su-primer-dia\/#mainImage"},"datePublished":"2013-11-29T20:47:53+01:00","dateModified":"2013-11-29T20:47:53+01:00"},{"@type":"WebSite","@id":"https:\/\/www.eldigitaldeasturias.com\/noticias\/#website","url":"https:\/\/www.eldigitaldeasturias.com\/noticias\/","name":"El Digital de Asturias - Diario de actualidad y noticias","alternateName":"El Digital de Asturias - Diario de actualidad y noticias","description":"Hemeroteca","inLanguage":"es-ES","publisher":{"@id":"https:\/\/www.eldigitaldeasturias.com\/noticias\/#organization"}}]},"og:locale":"es_ES","og:site_name":"El Digital de Asturias","og:type":"article","og:title":"La estaci\u00f3n de Valgrande-Pajares recibe 861 usuarios en su primer d\u00eda - El Digital de Asturias","og:description":"Oviedo, 29 nov (EFE).- La estaci\u00f3n invernal Valgrande-Pajares ha recibido en su primer d\u00eda de la temporada un total de 861 usuarios, una cifra que la direcci\u00f3n califica de &quot;importante al tratarse de un d\u00eda laborable&quot;. El complejo ha destacado en un comunicado que hasta la fecha ya ha tramitado 1.145 abonos, m\u00e1s de 200","og:url":"https:\/\/www.eldigitaldeasturias.com\/noticias\/la-estacion-de-valgrande-pajares-recibe-861-usuarios-en-su-primer-dia\/","og:image":"https:\/\/www.eldigitaldeasturias.com\/noticias\/wp-content\/uploads\/2026\/06\/Contenidos.jpg","og:image:secure_url":"https:\/\/www.eldigitaldeasturias.com\/noticias\/wp-content\/uploads\/2026\/06\/Contenidos.jpg","og:image:width":1265,"og:image:height":697,"article:tag":["actualidad asturias"],"article:published_time":"2013-11-29T21:47:53+00:00","article:modified_time":"2013-11-29T21:47:53+00:00","article:publisher":"https:\/\/facebook.com\/eldigitaldeasturias","twitter:card":"summary_large_image","twitter:title":"La estaci\u00f3n de Valgrande-Pajares recibe 861 usuarios en su primer d\u00eda - El Digital de Asturias","twitter:description":"Oviedo, 29 nov (EFE).- La estaci\u00f3n invernal Valgrande-Pajares ha recibido en su primer d\u00eda de la temporada un total de 861 usuarios, una cifra que la direcci\u00f3n califica de &quot;importante al tratarse de un d\u00eda laborable&quot;. El complejo ha destacado en un comunicado que hasta la fecha ya ha tramitado 1.145 abonos, m\u00e1s de 200","twitter:image":"https:\/\/www.eldigitaldeasturias.com\/noticias\/wp-content\/uploads\/2026\/06\/Contenidos.jpg","twitter:label1":"Escrito por","twitter:data1":"El Digital de Asturias","twitter:label2":"Tiempo de lectura estimado","twitter:data2":"1 minuto"},"aioseo_meta_data":{"post_id":"455854","title":null,"description":null,"keywords":null,"keyphrases":null,"primary_term":null,"canonical_url":null,"og_title":null,"og_description":null,"og_object_type":"default","og_image_type":"default","og_image_url":null,"og_image_width":null,"og_image_height":null,"og_image_custom_url":null,"og_image_custom_fields":null,"og_video":null,"og_custom_url":null,"og_article_section":null,"og_article_tags":null,"twitter_use_og":true,"twitter_card":"default","twitter_image_type":"default","twitter_image_url":null,"twitter_image_custom_url":null,"twitter_image_custom_fields":null,"twitter_title":null,"twitter_description":null,"schema":{"blockGraphs":[],"customGraphs":[],"default":{"data":{"Article":[],"Course":[],"Dataset":[],"FAQPage":[],"Movie":[],"Person":[],"Product":[],"ProductReview":[],"Car":[],"Recipe":[],"Service":[],"SoftwareApplication":[],"WebPage":[]},"graphName":"","isEnabled":true},"graphs":[],"defaultGraph":"","defaultPostTypeGraph":""},"schema_type":null,"schema_type_options":null,"pillar_content":false,"robots_default":true,"robots_noindex":false,"robots_noarchive":false,"robots_nosnippet":false,"robots_nofollow":false,"robots_noimageindex":false,"robots_noodp":false,"robots_notranslate":false,"robots_max_snippet":null,"robots_max_videopreview":null,"robots_max_imagepreview":"none","priority":null,"frequency":null,"local_seo":null,"seo_analyzer_scan_date":"2026-05-29 19:47:08","breadcrumb_settings":null,"limit_modified_date":false,"open_ai":null,"ai":null,"created":"2020-11-14 22:45:22","updated":"2026-05-29 19:47:08","focus_keyword":null,"additional_keywords":null,"truseo_locale":null},"aioseo_breadcrumb":"<div class=\"aioseo-breadcrumbs\"><span class=\"aioseo-breadcrumb\">\n\t<a href=\"https:\/\/www.eldigitaldeasturias.com\/noticias\" title=\"Home\">Home<\/a>\n<\/span><span class=\"aioseo-breadcrumb-separator\">\u2013<\/span><span class=\"aioseo-breadcrumb\">\n\t<a href=\"https:\/\/www.eldigitaldeasturias.com\/noticias\/category\/actualidad-asturias\/\" title=\"Actualidad Asturias\">Actualidad Asturias<\/a>\n<\/span><span class=\"aioseo-breadcrumb-separator\">\u2013<\/span><span class=\"aioseo-breadcrumb\">\n\t<a href=\"https:\/\/www.eldigitaldeasturias.com\/noticias\/la-estacion-de-valgrande-pajares-recibe-861-usuarios-en-su-primer-dia\/\" title=\"La estaci\u00f3n de Valgrande-Pajares recibe 861 usuarios en su primer d\u00eda\">La estaci\u00f3n de Valgrande-Pajares recibe 861 usuarios en su primer d\u00eda<\/a>\n<\/span><\/div>","aioseo_breadcrumb_json":[{"label":"Home","link":"https:\/\/www.eldigitaldeasturias.com\/noticias"},{"label":"Actualidad Asturias","link":"https:\/\/www.eldigitaldeasturias.com\/noticias\/category\/actualidad-asturias\/"},{"label":"La estaci\u00f3n de Valgrande-Pajares recibe 861 usuarios en su primer d\u00eda","link":"https:\/\/www.eldigitaldeasturias.com\/noticias\/la-estacion-de-valgrande-pajares-recibe-861-usuarios-en-su-primer-dia\/"}],"_links":{"self":[{"href":"https:\/\/www.eldigitaldeasturias.com\/noticias\/wp-json\/wp\/v2\/posts\/455854","targetHints":{"allow":["GET"]}}],"collection":[{"href":"https:\/\/www.eldigitaldeasturias.com\/noticias\/wp-json\/wp\/v2\/posts"}],"about":[{"href":"https:\/\/www.eldigitaldeasturias.com\/noticias\/wp-json\/wp\/v2\/types\/post"}],"author":[{"embeddable":true,"href":"https:\/\/www.eldigitaldeasturias.com\/noticias\/wp-json\/wp\/v2\/users\/1"}],"replies":[{"embeddable":true,"href":"https:\/\/www.eldigitaldeasturias.com\/noticias\/wp-json\/wp\/v2\/comments?post=455854"}],"version-history":[{"count":0,"href":"https:\/\/www.eldigitaldeasturias.com\/noticias\/wp-json\/wp\/v2\/posts\/455854\/revisions"}],"wp:featuredmedia":[{"embeddable":true,"href":"https:\/\/www.eldigitaldeasturias.com\/noticias\/wp-json\/wp\/v2\/media\/1132184"}],"wp:attachment":[{"href":"https:\/\/www.eldigitaldeasturias.com\/noticias\/wp-json\/wp\/v2\/media?parent=455854"}],"wp:term":[{"taxonomy":"category","embeddable":true,"href":"https:\/\/www.eldigitaldeasturias.com\/noticias\/wp-json\/wp\/v2\/categories?post=455854"},{"taxonomy":"post_tag","embeddable":true,"href":"https:\/\/www.eldigitaldeasturias.com\/noticias\/wp-json\/wp\/v2\/tags?post=455854"}],"curies":[{"name":"wp","href":"https:\/\/api.w.org\/{rel}","templated":true}]}}