{"id":455852,"date":"2013-11-29T20:46:16","date_gmt":"2013-11-29T21:46:16","guid":{"rendered":"http:\/\/www.eldigitaldeasturias.com\/noticias\/?p=455852"},"modified":"2013-11-29T20:46:16","modified_gmt":"2013-11-29T21:46:16","slug":"detenido-un-vecino-de-gijon-acusado-de-vender-hachis","status":"publish","type":"post","link":"https:\/\/www.eldigitaldeasturias.com\/noticias\/detenido-un-vecino-de-gijon-acusado-de-vender-hachis\/","title":{"rendered":"Detenido un vecino de Gij\u00f3n acusado de vender hach\u00eds"},"content":{"rendered":"<p><img loading=\"lazy\" decoding=\"async\" class=\"alignleft size-medium wp-image-455587\" alt=\"policia\" src=\"https:\/\/www.eldigitaldeasturias.com\/noticias\/wp-content\/uploads\/2013\/11\/policia-360x226.jpg\" width=\"360\" height=\"226\" \/>Gij\u00f3n, 29 nov (EFE).- Un hombre de 40 a\u00f1os ha sido detenido por agentes de la Polic\u00eda Nacional de Gij\u00f3n acusado de un delito contra la salud p\u00fablica por la presunta venta de hach\u00eds en un bar situado en la calle Feij\u00f3o, en las inmediaciones de un colegio.<\/p>\n<p>Fuentes policiales han informado de que la detenci\u00f3n se produjo a ra\u00edz de varias informaciones de vecinos que hab\u00edan alertado de la distribuci\u00f3n de droga en un bar de esa calle en la que lo agentes de Seguridad Ciudadana ya hab\u00edan intervenido en tres ocasiones anteriores .<\/p>\n<p>Una vez interceptado, se pudo comprobar que en todos los casos, iba a recoger la dosis de hach\u00eds al buz\u00f3n del portal de su vivienda donde los guardaba para evitar ser detectado por la polic\u00eda con grandes cantidades.<\/p>\n<p>Al arrestado se le intervino en el buz\u00f3n una pitillera con restos de hach\u00eds que era donde ocultaba\u00a0 la sustancia que distribu\u00eda y 530 euros.<\/p>\n<p>En el cacheo de seguridad se el encontr\u00f3 una navaja, dos m\u00f3viles y\u00a0 108 euros y en su domicilio, dos plantas de marihuana, 650 euros y varias bolsas de pl\u00e1stico con cierre herm\u00e9tico , usadas normalmente para la distribuci\u00f3n al por menor de la droga.<\/p>\n<p>El detenido, que ten\u00eda 22 detenciones anteriores, pas\u00f3 esta ma\u00f1ana a disposici\u00f3n judicial, seg\u00fan las mismas fuentes<\/p>\n","protected":false},"excerpt":{"rendered":"<p>Gij\u00f3n, 29 nov (EFE).- Un hombre de 40 a\u00f1os ha sido detenido por agentes de la Polic\u00eda Nacional de Gij\u00f3n acusado de un delito contra la salud p\u00fablica por la presunta venta de hach\u00eds en un bar situado en la calle Feij\u00f3o, en las inmediaciones de un colegio. Fuentes policiales han informado de que la [&hellip;]<\/p>\n","protected":false},"author":1,"featured_media":455587,"comment_status":"closed","ping_status":"open","sticky":false,"template":"","format":"standard","meta":{"footnotes":""},"categories":[12],"tags":[],"class_list":["post-455852","post","type-post","status-publish","format-standard","has-post-thumbnail","hentry","category-actualidad-asturias"],"aioseo_notices":[],"aioseo_head":"\n\t\t<!-- All in One SEO Pro 5.0.1 - aioseo.com -->\n\t<meta name=\"description\" content=\"Gij\u00f3n, 29 nov (EFE).- Un hombre de 40 a\u00f1os ha sido detenido por agentes de la Polic\u00eda Nacional de Gij\u00f3n acusado de un delito contra la salud p\u00fablica por la presunta venta de hach\u00eds en un bar situado en la calle Feij\u00f3o, en las inmediaciones de un colegio. Fuentes policiales han informado de que la\" \/>\n\t<meta name=\"robots\" content=\"max-image-preview:large\" \/>\n\t<meta name=\"author\" content=\"El Digital de Asturias\"\/>\n\t<meta name=\"google-site-verification\" content=\"UA-38556648-1\" \/>\n\t<meta name=\"msvalidate.01\" content=\"7dfe9f3f1b24437ab69f4f2559babe99\" \/>\n\t<meta name=\"keywords\" content=\"actualidad asturias\" \/>\n\t<link rel=\"canonical\" href=\"https:\/\/www.eldigitaldeasturias.com\/noticias\/detenido-un-vecino-de-gijon-acusado-de-vender-hachis\/\" \/>\n\t<meta name=\"generator\" content=\"All in One SEO Pro (AIOSEO) 5.0.1\" \/>\n\t\t<meta property=\"og:locale\" content=\"es_ES\" \/>\n\t\t<meta property=\"og:site_name\" content=\"El Digital de Asturias\" \/>\n\t\t<meta property=\"og:type\" content=\"article\" \/>\n\t\t<meta property=\"og:title\" content=\"Detenido un vecino de Gij\u00f3n acusado de vender hach\u00eds - El Digital de Asturias\" \/>\n\t\t<meta property=\"og:description\" content=\"Gij\u00f3n, 29 nov (EFE).- Un hombre de 40 a\u00f1os ha sido detenido por agentes de la Polic\u00eda Nacional de Gij\u00f3n acusado de un delito contra la salud p\u00fablica por la presunta venta de hach\u00eds en un bar situado en la calle Feij\u00f3o, en las inmediaciones de un colegio. Fuentes policiales han informado de que la\" \/>\n\t\t<meta property=\"og:url\" content=\"https:\/\/www.eldigitaldeasturias.com\/noticias\/detenido-un-vecino-de-gijon-acusado-de-vender-hachis\/\" \/>\n\t\t<meta property=\"article:tag\" content=\"actualidad asturias\" \/>\n\t\t<meta property=\"article:published_time\" content=\"2013-11-29T21:46:16+00:00\" \/>\n\t\t<meta property=\"article:modified_time\" content=\"2013-11-29T21:46:16+00:00\" \/>\n\t\t<meta property=\"article:publisher\" content=\"https:\/\/facebook.com\/eldigitaldeasturias\" \/>\n\t\t<meta name=\"twitter:card\" content=\"summary_large_image\" \/>\n\t\t<meta name=\"twitter:title\" content=\"Detenido un vecino de Gij\u00f3n acusado de vender hach\u00eds - El Digital de Asturias\" \/>\n\t\t<meta name=\"twitter:description\" content=\"Gij\u00f3n, 29 nov (EFE).- Un hombre de 40 a\u00f1os ha sido detenido por agentes de la Polic\u00eda Nacional de Gij\u00f3n acusado de un delito contra la salud p\u00fablica por la presunta venta de hach\u00eds en un bar situado en la calle Feij\u00f3o, en las inmediaciones de un colegio. Fuentes policiales han informado de que la\" \/>\n\t\t<meta name=\"twitter:label1\" content=\"Escrito por\" \/>\n\t\t<meta name=\"twitter:data1\" content=\"El Digital de Asturias\" \/>\n\t\t<meta name=\"twitter:label2\" content=\"Tiempo de lectura estimado\" \/>\n\t\t<meta name=\"twitter:data2\" content=\"1 minuto\" \/>\n\t\t<script type=\"application\/ld+json\" class=\"aioseo-schema\">\n\t\t\t{\"@context\":\"https:\\\/\\\/schema.org\",\"@graph\":[{\"@type\":\"BlogPosting\",\"@id\":\"https:\\\/\\\/www.eldigitaldeasturias.com\\\/noticias\\\/detenido-un-vecino-de-gijon-acusado-de-vender-hachis\\\/#blogposting\",\"name\":\"Detenido un vecino de Gij\\u00f3n acusado de vender hach\\u00eds - El Digital de Asturias\",\"headline\":\"Detenido un vecino de Gij\\u00f3n acusado de vender hach\\u00eds\",\"author\":{\"@id\":\"https:\\\/\\\/www.eldigitaldeasturias.com\\\/noticias\\\/author\\\/admin\\\/#author\"},\"publisher\":{\"@id\":\"https:\\\/\\\/www.eldigitaldeasturias.com\\\/noticias\\\/#organization\"},\"image\":{\"@type\":\"ImageObject\",\"url\":455587},\"datePublished\":\"2013-11-29T20:46:16+01:00\",\"dateModified\":\"2013-11-29T20:46:16+01:00\",\"inLanguage\":\"es-ES\",\"mainEntityOfPage\":{\"@id\":\"https:\\\/\\\/www.eldigitaldeasturias.com\\\/noticias\\\/detenido-un-vecino-de-gijon-acusado-de-vender-hachis\\\/#webpage\"},\"isPartOf\":{\"@id\":\"https:\\\/\\\/www.eldigitaldeasturias.com\\\/noticias\\\/detenido-un-vecino-de-gijon-acusado-de-vender-hachis\\\/#webpage\"},\"articleSection\":\"Actualidad Asturias\"},{\"@type\":\"BreadcrumbList\",\"@id\":\"https:\\\/\\\/www.eldigitaldeasturias.com\\\/noticias\\\/detenido-un-vecino-de-gijon-acusado-de-vender-hachis\\\/#breadcrumblist\",\"itemListElement\":[{\"@type\":\"ListItem\",\"@id\":\"https:\\\/\\\/www.eldigitaldeasturias.com\\\/noticias#listItem\",\"position\":1,\"name\":\"Home\",\"item\":\"https:\\\/\\\/www.eldigitaldeasturias.com\\\/noticias\",\"nextItem\":{\"@type\":\"ListItem\",\"@id\":\"https:\\\/\\\/www.eldigitaldeasturias.com\\\/noticias\\\/category\\\/actualidad-asturias\\\/#listItem\",\"name\":\"Actualidad Asturias\"}},{\"@type\":\"ListItem\",\"@id\":\"https:\\\/\\\/www.eldigitaldeasturias.com\\\/noticias\\\/category\\\/actualidad-asturias\\\/#listItem\",\"position\":2,\"name\":\"Actualidad Asturias\",\"item\":\"https:\\\/\\\/www.eldigitaldeasturias.com\\\/noticias\\\/category\\\/actualidad-asturias\\\/\",\"nextItem\":{\"@type\":\"ListItem\",\"@id\":\"https:\\\/\\\/www.eldigitaldeasturias.com\\\/noticias\\\/detenido-un-vecino-de-gijon-acusado-de-vender-hachis\\\/#listItem\",\"name\":\"Detenido un vecino de Gij\\u00f3n acusado de vender hach\\u00eds\"},\"previousItem\":{\"@type\":\"ListItem\",\"@id\":\"https:\\\/\\\/www.eldigitaldeasturias.com\\\/noticias#listItem\",\"name\":\"Home\"}},{\"@type\":\"ListItem\",\"@id\":\"https:\\\/\\\/www.eldigitaldeasturias.com\\\/noticias\\\/detenido-un-vecino-de-gijon-acusado-de-vender-hachis\\\/#listItem\",\"position\":3,\"name\":\"Detenido un vecino de Gij\\u00f3n acusado de vender hach\\u00eds\",\"previousItem\":{\"@type\":\"ListItem\",\"@id\":\"https:\\\/\\\/www.eldigitaldeasturias.com\\\/noticias\\\/category\\\/actualidad-asturias\\\/#listItem\",\"name\":\"Actualidad Asturias\"}}]},{\"@type\":\"Organization\",\"@id\":\"https:\\\/\\\/www.eldigitaldeasturias.com\\\/noticias\\\/#organization\",\"name\":\"El Digital de Asturias\",\"description\":\"Hemeroteca\",\"url\":\"https:\\\/\\\/www.eldigitaldeasturias.com\\\/noticias\\\/\",\"email\":\"info@eldigitaldeasturias.com\",\"telephone\":\"+34652131393\",\"logo\":{\"@type\":\"ImageObject\",\"url\":\"https:\\\/\\\/www.eldigitaldeasturias.com\\\/noticias\\\/wp-content\\\/uploads\\\/2020\\\/12\\\/EDA.jpg\",\"@id\":\"https:\\\/\\\/www.eldigitaldeasturias.com\\\/noticias\\\/detenido-un-vecino-de-gijon-acusado-de-vender-hachis\\\/#organizationLogo\"},\"image\":{\"@id\":\"https:\\\/\\\/www.eldigitaldeasturias.com\\\/noticias\\\/detenido-un-vecino-de-gijon-acusado-de-vender-hachis\\\/#organizationLogo\"},\"sameAs\":[\"https:\\\/\\\/facebook.com\\\/eldigitaldeasturias\",\"https:\\\/\\\/www.youtube.com\\\/channel\\\/UCZP-2wLEB9Rv6erhFmqVnvg\"],\"address\":{\"@id\":\"https:\\\/\\\/www.eldigitaldeasturias.com\\\/noticias\\\/#postaladdress\",\"@type\":\"PostalAddress\",\"streetAddress\":\"san antonio 4\",\"postalCode\":\"33430\",\"addressLocality\":\"Cand\\u00e1s\",\"addressRegion\":\"Asturias\",\"addressCountry\":\"ES\"}},{\"@type\":\"Person\",\"@id\":\"https:\\\/\\\/www.eldigitaldeasturias.com\\\/noticias\\\/author\\\/admin\\\/#author\",\"url\":\"https:\\\/\\\/www.eldigitaldeasturias.com\\\/noticias\\\/author\\\/admin\\\/\",\"name\":\"El Digital de Asturias\",\"image\":{\"@type\":\"ImageObject\",\"@id\":\"https:\\\/\\\/www.eldigitaldeasturias.com\\\/noticias\\\/detenido-un-vecino-de-gijon-acusado-de-vender-hachis\\\/#authorImage\",\"url\":\"https:\\\/\\\/secure.gravatar.com\\\/avatar\\\/df2aeffc32bcd13f8d26072ef8a91b623d677766deac7f97ca815868cd41bf5e?s=96&d=mm&r=g\",\"width\":96,\"height\":96,\"caption\":\"El Digital de Asturias\"}},{\"@type\":\"WebPage\",\"@id\":\"https:\\\/\\\/www.eldigitaldeasturias.com\\\/noticias\\\/detenido-un-vecino-de-gijon-acusado-de-vender-hachis\\\/#webpage\",\"url\":\"https:\\\/\\\/www.eldigitaldeasturias.com\\\/noticias\\\/detenido-un-vecino-de-gijon-acusado-de-vender-hachis\\\/\",\"name\":\"Detenido un vecino de Gij\\u00f3n acusado de vender hach\\u00eds - El Digital de Asturias\",\"description\":\"Gij\\u00f3n, 29 nov (EFE).- Un hombre de 40 a\\u00f1os ha sido detenido por agentes de la Polic\\u00eda Nacional de Gij\\u00f3n acusado de un delito contra la salud p\\u00fablica por la presunta venta de hach\\u00eds en un bar situado en la calle Feij\\u00f3o, en las inmediaciones de un colegio. Fuentes policiales han informado de que la\",\"inLanguage\":\"es-ES\",\"isPartOf\":{\"@id\":\"https:\\\/\\\/www.eldigitaldeasturias.com\\\/noticias\\\/#website\"},\"breadcrumb\":{\"@id\":\"https:\\\/\\\/www.eldigitaldeasturias.com\\\/noticias\\\/detenido-un-vecino-de-gijon-acusado-de-vender-hachis\\\/#breadcrumblist\"},\"author\":{\"@id\":\"https:\\\/\\\/www.eldigitaldeasturias.com\\\/noticias\\\/author\\\/admin\\\/#author\"},\"creator\":{\"@id\":\"https:\\\/\\\/www.eldigitaldeasturias.com\\\/noticias\\\/author\\\/admin\\\/#author\"},\"image\":{\"@type\":\"ImageObject\",\"url\":455587,\"@id\":\"https:\\\/\\\/www.eldigitaldeasturias.com\\\/noticias\\\/detenido-un-vecino-de-gijon-acusado-de-vender-hachis\\\/#mainImage\"},\"primaryImageOfPage\":{\"@id\":\"https:\\\/\\\/www.eldigitaldeasturias.com\\\/noticias\\\/detenido-un-vecino-de-gijon-acusado-de-vender-hachis\\\/#mainImage\"},\"datePublished\":\"2013-11-29T20:46:16+01:00\",\"dateModified\":\"2013-11-29T20:46:16+01:00\"},{\"@type\":\"WebSite\",\"@id\":\"https:\\\/\\\/www.eldigitaldeasturias.com\\\/noticias\\\/#website\",\"url\":\"https:\\\/\\\/www.eldigitaldeasturias.com\\\/noticias\\\/\",\"name\":\"El Digital de Asturias - Diario de actualidad y noticias\",\"alternateName\":\"El Digital de Asturias - Diario de actualidad y noticias\",\"description\":\"Hemeroteca\",\"inLanguage\":\"es-ES\",\"publisher\":{\"@id\":\"https:\\\/\\\/www.eldigitaldeasturias.com\\\/noticias\\\/#organization\"}}]}\n\t\t<\/script>\n\t\t<!-- All in One SEO Pro -->\r\n\t\t<title>Detenido un vecino de Gij\u00f3n acusado de vender hach\u00eds - El Digital de Asturias<\/title>\n\n","aioseo_head_json":{"title":"Detenido un vecino de Gij\u00f3n acusado de vender hach\u00eds - El Digital de Asturias","description":"Gij\u00f3n, 29 nov (EFE).- Un hombre de 40 a\u00f1os ha sido detenido por agentes de la Polic\u00eda Nacional de Gij\u00f3n acusado de un delito contra la salud p\u00fablica por la presunta venta de hach\u00eds en un bar situado en la calle Feij\u00f3o, en las inmediaciones de un colegio. Fuentes policiales han informado de que la","canonical_url":"https:\/\/www.eldigitaldeasturias.com\/noticias\/detenido-un-vecino-de-gijon-acusado-de-vender-hachis\/","robots":"max-image-preview:large","keywords":"actualidad asturias","webmasterTools":{"google-site-verification":"UA-38556648-1","msvalidate.01":"7dfe9f3f1b24437ab69f4f2559babe99","miscellaneous":""},"schema":{"@context":"https:\/\/schema.org","@graph":[{"@type":"BlogPosting","@id":"https:\/\/www.eldigitaldeasturias.com\/noticias\/detenido-un-vecino-de-gijon-acusado-de-vender-hachis\/#blogposting","name":"Detenido un vecino de Gij\u00f3n acusado de vender hach\u00eds - El Digital de Asturias","headline":"Detenido un vecino de Gij\u00f3n acusado de vender hach\u00eds","author":{"@id":"https:\/\/www.eldigitaldeasturias.com\/noticias\/author\/admin\/#author"},"publisher":{"@id":"https:\/\/www.eldigitaldeasturias.com\/noticias\/#organization"},"image":{"@type":"ImageObject","url":455587},"datePublished":"2013-11-29T20:46:16+01:00","dateModified":"2013-11-29T20:46:16+01:00","inLanguage":"es-ES","mainEntityOfPage":{"@id":"https:\/\/www.eldigitaldeasturias.com\/noticias\/detenido-un-vecino-de-gijon-acusado-de-vender-hachis\/#webpage"},"isPartOf":{"@id":"https:\/\/www.eldigitaldeasturias.com\/noticias\/detenido-un-vecino-de-gijon-acusado-de-vender-hachis\/#webpage"},"articleSection":"Actualidad Asturias"},{"@type":"BreadcrumbList","@id":"https:\/\/www.eldigitaldeasturias.com\/noticias\/detenido-un-vecino-de-gijon-acusado-de-vender-hachis\/#breadcrumblist","itemListElement":[{"@type":"ListItem","@id":"https:\/\/www.eldigitaldeasturias.com\/noticias#listItem","position":1,"name":"Home","item":"https:\/\/www.eldigitaldeasturias.com\/noticias","nextItem":{"@type":"ListItem","@id":"https:\/\/www.eldigitaldeasturias.com\/noticias\/category\/actualidad-asturias\/#listItem","name":"Actualidad Asturias"}},{"@type":"ListItem","@id":"https:\/\/www.eldigitaldeasturias.com\/noticias\/category\/actualidad-asturias\/#listItem","position":2,"name":"Actualidad Asturias","item":"https:\/\/www.eldigitaldeasturias.com\/noticias\/category\/actualidad-asturias\/","nextItem":{"@type":"ListItem","@id":"https:\/\/www.eldigitaldeasturias.com\/noticias\/detenido-un-vecino-de-gijon-acusado-de-vender-hachis\/#listItem","name":"Detenido un vecino de Gij\u00f3n acusado de vender hach\u00eds"},"previousItem":{"@type":"ListItem","@id":"https:\/\/www.eldigitaldeasturias.com\/noticias#listItem","name":"Home"}},{"@type":"ListItem","@id":"https:\/\/www.eldigitaldeasturias.com\/noticias\/detenido-un-vecino-de-gijon-acusado-de-vender-hachis\/#listItem","position":3,"name":"Detenido un vecino de Gij\u00f3n acusado de vender hach\u00eds","previousItem":{"@type":"ListItem","@id":"https:\/\/www.eldigitaldeasturias.com\/noticias\/category\/actualidad-asturias\/#listItem","name":"Actualidad Asturias"}}]},{"@type":"Organization","@id":"https:\/\/www.eldigitaldeasturias.com\/noticias\/#organization","name":"El Digital de Asturias","description":"Hemeroteca","url":"https:\/\/www.eldigitaldeasturias.com\/noticias\/","email":"info@eldigitaldeasturias.com","telephone":"+34652131393","logo":{"@type":"ImageObject","url":"https:\/\/www.eldigitaldeasturias.com\/noticias\/wp-content\/uploads\/2020\/12\/EDA.jpg","@id":"https:\/\/www.eldigitaldeasturias.com\/noticias\/detenido-un-vecino-de-gijon-acusado-de-vender-hachis\/#organizationLogo"},"image":{"@id":"https:\/\/www.eldigitaldeasturias.com\/noticias\/detenido-un-vecino-de-gijon-acusado-de-vender-hachis\/#organizationLogo"},"sameAs":["https:\/\/facebook.com\/eldigitaldeasturias","https:\/\/www.youtube.com\/channel\/UCZP-2wLEB9Rv6erhFmqVnvg"],"address":{"@id":"https:\/\/www.eldigitaldeasturias.com\/noticias\/#postaladdress","@type":"PostalAddress","streetAddress":"san antonio 4","postalCode":"33430","addressLocality":"Cand\u00e1s","addressRegion":"Asturias","addressCountry":"ES"}},{"@type":"Person","@id":"https:\/\/www.eldigitaldeasturias.com\/noticias\/author\/admin\/#author","url":"https:\/\/www.eldigitaldeasturias.com\/noticias\/author\/admin\/","name":"El Digital de Asturias","image":{"@type":"ImageObject","@id":"https:\/\/www.eldigitaldeasturias.com\/noticias\/detenido-un-vecino-de-gijon-acusado-de-vender-hachis\/#authorImage","url":"https:\/\/secure.gravatar.com\/avatar\/df2aeffc32bcd13f8d26072ef8a91b623d677766deac7f97ca815868cd41bf5e?s=96&d=mm&r=g","width":96,"height":96,"caption":"El Digital de Asturias"}},{"@type":"WebPage","@id":"https:\/\/www.eldigitaldeasturias.com\/noticias\/detenido-un-vecino-de-gijon-acusado-de-vender-hachis\/#webpage","url":"https:\/\/www.eldigitaldeasturias.com\/noticias\/detenido-un-vecino-de-gijon-acusado-de-vender-hachis\/","name":"Detenido un vecino de Gij\u00f3n acusado de vender hach\u00eds - El Digital de Asturias","description":"Gij\u00f3n, 29 nov (EFE).- Un hombre de 40 a\u00f1os ha sido detenido por agentes de la Polic\u00eda Nacional de Gij\u00f3n acusado de un delito contra la salud p\u00fablica por la presunta venta de hach\u00eds en un bar situado en la calle Feij\u00f3o, en las inmediaciones de un colegio. Fuentes policiales han informado de que la","inLanguage":"es-ES","isPartOf":{"@id":"https:\/\/www.eldigitaldeasturias.com\/noticias\/#website"},"breadcrumb":{"@id":"https:\/\/www.eldigitaldeasturias.com\/noticias\/detenido-un-vecino-de-gijon-acusado-de-vender-hachis\/#breadcrumblist"},"author":{"@id":"https:\/\/www.eldigitaldeasturias.com\/noticias\/author\/admin\/#author"},"creator":{"@id":"https:\/\/www.eldigitaldeasturias.com\/noticias\/author\/admin\/#author"},"image":{"@type":"ImageObject","url":455587,"@id":"https:\/\/www.eldigitaldeasturias.com\/noticias\/detenido-un-vecino-de-gijon-acusado-de-vender-hachis\/#mainImage"},"primaryImageOfPage":{"@id":"https:\/\/www.eldigitaldeasturias.com\/noticias\/detenido-un-vecino-de-gijon-acusado-de-vender-hachis\/#mainImage"},"datePublished":"2013-11-29T20:46:16+01:00","dateModified":"2013-11-29T20:46:16+01:00"},{"@type":"WebSite","@id":"https:\/\/www.eldigitaldeasturias.com\/noticias\/#website","url":"https:\/\/www.eldigitaldeasturias.com\/noticias\/","name":"El Digital de Asturias - Diario de actualidad y noticias","alternateName":"El Digital de Asturias - Diario de actualidad y noticias","description":"Hemeroteca","inLanguage":"es-ES","publisher":{"@id":"https:\/\/www.eldigitaldeasturias.com\/noticias\/#organization"}}]},"og:locale":"es_ES","og:site_name":"El Digital de Asturias","og:type":"article","og:title":"Detenido un vecino de Gij\u00f3n acusado de vender hach\u00eds - El Digital de Asturias","og:description":"Gij\u00f3n, 29 nov (EFE).- Un hombre de 40 a\u00f1os ha sido detenido por agentes de la Polic\u00eda Nacional de Gij\u00f3n acusado de un delito contra la salud p\u00fablica por la presunta venta de hach\u00eds en un bar situado en la calle Feij\u00f3o, en las inmediaciones de un colegio. Fuentes policiales han informado de que la","og:url":"https:\/\/www.eldigitaldeasturias.com\/noticias\/detenido-un-vecino-de-gijon-acusado-de-vender-hachis\/","article:tag":["actualidad asturias"],"article:published_time":"2013-11-29T21:46:16+00:00","article:modified_time":"2013-11-29T21:46:16+00:00","article:publisher":"https:\/\/facebook.com\/eldigitaldeasturias","twitter:card":"summary_large_image","twitter:title":"Detenido un vecino de Gij\u00f3n acusado de vender hach\u00eds - El Digital de Asturias","twitter:description":"Gij\u00f3n, 29 nov (EFE).- Un hombre de 40 a\u00f1os ha sido detenido por agentes de la Polic\u00eda Nacional de Gij\u00f3n acusado de un delito contra la salud p\u00fablica por la presunta venta de hach\u00eds en un bar situado en la calle Feij\u00f3o, en las inmediaciones de un colegio. Fuentes policiales han informado de que la","twitter:label1":"Escrito por","twitter:data1":"El Digital de Asturias","twitter:label2":"Tiempo de lectura estimado","twitter:data2":"1 minuto"},"aioseo_meta_data":{"post_id":"455852","title":null,"description":null,"keywords":null,"keyphrases":null,"primary_term":null,"canonical_url":null,"og_title":null,"og_description":null,"og_object_type":"default","og_image_type":"default","og_image_url":null,"og_image_width":null,"og_image_height":null,"og_image_custom_url":null,"og_image_custom_fields":null,"og_video":null,"og_custom_url":null,"og_article_section":null,"og_article_tags":null,"twitter_use_og":true,"twitter_card":"default","twitter_image_type":"default","twitter_image_url":null,"twitter_image_custom_url":null,"twitter_image_custom_fields":null,"twitter_title":null,"twitter_description":null,"schema":{"blockGraphs":[],"customGraphs":[],"default":{"data":{"Article":[],"Course":[],"Dataset":[],"FAQPage":[],"Movie":[],"Person":[],"Product":[],"ProductReview":[],"Car":[],"Recipe":[],"Service":[],"SoftwareApplication":[],"WebPage":[]},"graphName":"","isEnabled":true},"graphs":[],"defaultGraph":"","defaultPostTypeGraph":""},"schema_type":null,"schema_type_options":null,"pillar_content":false,"robots_default":true,"robots_noindex":false,"robots_noarchive":false,"robots_nosnippet":false,"robots_nofollow":false,"robots_noimageindex":false,"robots_noodp":false,"robots_notranslate":false,"robots_max_snippet":null,"robots_max_videopreview":null,"robots_max_imagepreview":"none","priority":null,"frequency":null,"local_seo":null,"seo_analyzer_scan_date":"2026-05-29 19:47:08","breadcrumb_settings":null,"limit_modified_date":false,"open_ai":null,"ai":null,"created":"2020-11-14 22:45:22","updated":"2026-05-29 19:47:08","focus_keyword":null,"additional_keywords":null,"truseo_locale":null},"aioseo_breadcrumb":"<div class=\"aioseo-breadcrumbs\"><span class=\"aioseo-breadcrumb\">\n\t<a href=\"https:\/\/www.eldigitaldeasturias.com\/noticias\" title=\"Home\">Home<\/a>\n<\/span><span class=\"aioseo-breadcrumb-separator\">\u2013<\/span><span class=\"aioseo-breadcrumb\">\n\t<a href=\"https:\/\/www.eldigitaldeasturias.com\/noticias\/category\/actualidad-asturias\/\" title=\"Actualidad Asturias\">Actualidad Asturias<\/a>\n<\/span><span class=\"aioseo-breadcrumb-separator\">\u2013<\/span><span class=\"aioseo-breadcrumb\">\n\t<a href=\"https:\/\/www.eldigitaldeasturias.com\/noticias\/detenido-un-vecino-de-gijon-acusado-de-vender-hachis\/\" title=\"Detenido un vecino de Gij\u00f3n acusado de vender hach\u00eds\">Detenido un vecino de Gij\u00f3n acusado de vender hach\u00eds<\/a>\n<\/span><\/div>","aioseo_breadcrumb_json":[{"label":"Home","link":"https:\/\/www.eldigitaldeasturias.com\/noticias"},{"label":"Actualidad Asturias","link":"https:\/\/www.eldigitaldeasturias.com\/noticias\/category\/actualidad-asturias\/"},{"label":"Detenido un vecino de Gij\u00f3n acusado de vender hach\u00eds","link":"https:\/\/www.eldigitaldeasturias.com\/noticias\/detenido-un-vecino-de-gijon-acusado-de-vender-hachis\/"}],"_links":{"self":[{"href":"https:\/\/www.eldigitaldeasturias.com\/noticias\/wp-json\/wp\/v2\/posts\/455852","targetHints":{"allow":["GET"]}}],"collection":[{"href":"https:\/\/www.eldigitaldeasturias.com\/noticias\/wp-json\/wp\/v2\/posts"}],"about":[{"href":"https:\/\/www.eldigitaldeasturias.com\/noticias\/wp-json\/wp\/v2\/types\/post"}],"author":[{"embeddable":true,"href":"https:\/\/www.eldigitaldeasturias.com\/noticias\/wp-json\/wp\/v2\/users\/1"}],"replies":[{"embeddable":true,"href":"https:\/\/www.eldigitaldeasturias.com\/noticias\/wp-json\/wp\/v2\/comments?post=455852"}],"version-history":[{"count":0,"href":"https:\/\/www.eldigitaldeasturias.com\/noticias\/wp-json\/wp\/v2\/posts\/455852\/revisions"}],"wp:attachment":[{"href":"https:\/\/www.eldigitaldeasturias.com\/noticias\/wp-json\/wp\/v2\/media?parent=455852"}],"wp:term":[{"taxonomy":"category","embeddable":true,"href":"https:\/\/www.eldigitaldeasturias.com\/noticias\/wp-json\/wp\/v2\/categories?post=455852"},{"taxonomy":"post_tag","embeddable":true,"href":"https:\/\/www.eldigitaldeasturias.com\/noticias\/wp-json\/wp\/v2\/tags?post=455852"}],"curies":[{"name":"wp","href":"https:\/\/api.w.org\/{rel}","templated":true}]}}