{"id":455833,"date":"2013-11-29T20:29:48","date_gmt":"2013-11-29T21:29:48","guid":{"rendered":"http:\/\/www.eldigitaldeasturias.com\/noticias\/?p=455833"},"modified":"2013-11-29T20:33:45","modified_gmt":"2013-11-29T21:33:45","slug":"la-consejera-de-fomento-califica-de-irresponsable-la-posicion-del-ayuntamiento-de-gijon-respecto-a-zalia","status":"publish","type":"post","link":"https:\/\/www.eldigitaldeasturias.com\/noticias\/la-consejera-de-fomento-califica-de-irresponsable-la-posicion-del-ayuntamiento-de-gijon-respecto-a-zalia\/","title":{"rendered":"La consejera de Fomento califica de \u201cirresponsable\u201d la posici\u00f3n del Ayuntamiento de Gij\u00f3n respecto a Zalia"},"content":{"rendered":"<p>&nbsp;<\/p>\n<p><img loading=\"lazy\" decoding=\"async\" class=\"alignleft size-medium wp-image-444689\" alt=\"2013_11_06 Consejo de Gobierno_1\" src=\"https:\/\/www.eldigitaldeasturias.com\/noticias\/wp-content\/uploads\/2013\/11\/2013_11_06-Consejo-de-Gobierno_1-360x219.jpg\" width=\"360\" height=\"219\" \/>La consejera de Fomento, Ordenaci\u00f3n del Territorio y Medio Ambiente, Bel\u00e9n Fern\u00e1ndez, ha calificado de irresponsable la posici\u00f3n mantenida por el Ayuntamiento de Gij\u00f3n durante el consejo de administraci\u00f3n de la Zona de Actividades Log\u00edsticas e Industriales de Asturias, Zalia, S.A, y ha afirmado que la postura municipal pone al borde del abismo un proyecto estrat\u00e9gico para la ciudad y para Asturias.<\/p>\n<p>Para Bel\u00e9n Fern\u00e1ndez es inaceptable que un proyecto de esta envergadura, que se desarrolla \u00edntegramente en el municipio de Gij\u00f3n, que va a crear empleo y permitir\u00e1 al ayuntamiento recaudar tributos, reciba esta negativa respuesta por parte del Gobierno local. \u201cEsperamos que el ayuntamiento recapacite y reconsidere su postura porque de lo contrario vamos a tener que pensar que Foro vuelve a las andadas. Cuando gobernaban Asturias pusieron a Zalia a hibernar y ahora parece que desde el Ayuntamiento de Gij\u00f3n est\u00e1n empe\u00f1ados en destruirla\u201d manifest\u00f3 la consejera.<\/p>\n<p>El consejo de administraci\u00f3n de Zalia celebrado esta ma\u00f1ana ten\u00eda por objetivo fundamental aprobar las condiciones para la renovaci\u00f3n del pr\u00e9stamo que la Sociedad tiene concedido desde 2010, y cuyo primer vencimiento se producir\u00e1 el pr\u00f3ximo 1 de diciembre. La oferta bancaria sobre la que ten\u00eda que pronunciarse el consejo de Administraci\u00f3n lleg\u00f3 en la tarde de ayer, y se somet\u00eda hoy a aprobaci\u00f3n por parte de los accionistas.<\/p>\n<p>Durante la reuni\u00f3n del consejo, la alcaldesa de Gij\u00f3n ha rechazado la oferta bancaria, que conten\u00eda el compromiso del ayuntamiento de aportaci\u00f3n de fondos a la operaci\u00f3n en el 10%, el mismo porcentaje de su aportaci\u00f3n al accionariado de la sociedad. En defensa de su negativa, ha esgrimido un acuerdo, adoptado el pasado mi\u00e9rcoles por su junta de gobierno, reivindicando un \u201ctrato equitativo\u201d, acuerdo dado a conocer a los socios, por vez primera en el consejo.<\/p>\n<p>Con esta actitud, Gij\u00f3n se ha desmarcado formalmente esta ma\u00f1ana de la posici\u00f3n mantenida durante semanas de negociaci\u00f3n, en las que en todo momento manifest\u00f3 no tener problema alguno en contribuir al proyecto en funci\u00f3n de su aportaci\u00f3n al accionariado. Adem\u00e1s, esta negativa de Gij\u00f3n llega en un momento especialmente cr\u00edtico, vencido pr\u00e1cticamente el contrato de pr\u00e9stamo y sin capacidad de la sociedad para la devoluci\u00f3n, que habr\u00eda que comenzar a efectuar ya, salvo que se logre una renegociaci\u00f3n con los bancos.<\/p>\n<p>Pese a lo apremiante de la situaci\u00f3n, y a las reiteradas peticiones que se le formularon, Gij\u00f3n se ha negado a desvelar en que se concreta su visi\u00f3n de trato equitativo para el ayuntamiento, posponiendo su fijaci\u00f3n y presentaci\u00f3n a los accionistas para el pr\u00f3ximo lunes 2 de diciembre.<\/p>\n<p>En esa tesitura, el Principado ha defendido su gran compromiso con el proyecto, y ha reiterado su disposici\u00f3n a aportar fondos a Zalia, hasta un l\u00edmite del 90%, pese a que su participaci\u00f3n accionarial es del 40%, siempre supeditado a la concreci\u00f3n de las condiciones de contribuci\u00f3n del resto de los socios.<\/p>\n<p>La posici\u00f3n de bloqueo mantenida por el Ayuntamiento de Gij\u00f3n hubiera podido llevar a zanjar las negociaciones con los bancos, y provocar desde ya el desmantelamiento del proyecto. Sin embargo, el Principado de Asturias ha procurado la adopci\u00f3n de un acuerdo en el que se ha dado el visto bueno a las condiciones financieras de la oferta bancaria y se confirma la voluntad firme de conseguir un acuerdo con los bancos para la renegociaci\u00f3n, concretamente en torno al esquema de garant\u00edas de la operaci\u00f3n.<\/p>\n<p>En el curso de la reuni\u00f3n el resto de los socios: autoridades portuarias y Ayuntamiento de Avil\u00e9s, explicitaron los t\u00e9rminos de sus compromisos con el proyecto, en forma de acuerdo de accionistas con la sociedad. El Ayuntamiento de Avil\u00e9s, socio con el 5%, asumir\u00eda el compromiso de allegar fondos por el 2% a partir de 2017 y de acordar con el Principado para 2022, la forma y condiciones de aportar el 3% restante.<\/p>\n<p>Las autoridades portuarias de Gij\u00f3n y Avil\u00e9s, accionistas del 30% y el 15% respectivamente, una vez que Puertos del Estado se ha negado a admitir compromisos con Zalia en el Plan de Empresa de 2014, han mostrado su disposici\u00f3n a firmar un acuerdo con la sociedad asumiendo incluir compromisos financieros en planes de empresa futuros, en proporci\u00f3n a su aportaci\u00f3n al capital, siempre que su capacidad lo permita, para su ulterior negociaci\u00f3n con Puertos del Estado. Adem\u00e1s se comprometen a adquirir una serie de compromisos de car\u00e1cter comercial en apoyo de la zona log\u00edstica.<\/p>\n","protected":false},"excerpt":{"rendered":"<p>&nbsp; La consejera de Fomento, Ordenaci\u00f3n del Territorio y Medio Ambiente, Bel\u00e9n Fern\u00e1ndez, ha calificado de irresponsable la posici\u00f3n mantenida por el Ayuntamiento de Gij\u00f3n durante el consejo de administraci\u00f3n de la Zona de Actividades Log\u00edsticas e Industriales de Asturias, Zalia, S.A, y ha afirmado que la postura municipal pone al borde del abismo un [&hellip;]<\/p>\n","protected":false},"author":1,"featured_media":444689,"comment_status":"closed","ping_status":"open","sticky":false,"template":"","format":"standard","meta":{"footnotes":""},"categories":[12],"tags":[],"class_list":["post-455833","post","type-post","status-publish","format-standard","has-post-thumbnail","hentry","category-actualidad-asturias"],"aioseo_notices":[],"aioseo_head":"\n\t\t<!-- All in One SEO Pro 5.0.1 - aioseo.com -->\n\t<meta name=\"description\" content=\"La consejera de Fomento, Ordenaci\u00f3n del Territorio y Medio Ambiente, Bel\u00e9n Fern\u00e1ndez, ha calificado de irresponsable la posici\u00f3n mantenida por el Ayuntamiento de Gij\u00f3n durante el consejo de administraci\u00f3n de la Zona de Actividades Log\u00edsticas e Industriales de Asturias, Zalia, S.A, y ha afirmado que la postura municipal pone al borde del abismo un\" \/>\n\t<meta name=\"robots\" content=\"max-image-preview:large\" \/>\n\t<meta name=\"author\" content=\"El Digital de Asturias\"\/>\n\t<meta name=\"google-site-verification\" content=\"UA-38556648-1\" \/>\n\t<meta name=\"msvalidate.01\" content=\"7dfe9f3f1b24437ab69f4f2559babe99\" \/>\n\t<meta name=\"keywords\" content=\"actualidad asturias\" \/>\n\t<link rel=\"canonical\" href=\"https:\/\/www.eldigitaldeasturias.com\/noticias\/la-consejera-de-fomento-califica-de-irresponsable-la-posicion-del-ayuntamiento-de-gijon-respecto-a-zalia\/\" \/>\n\t<meta name=\"generator\" content=\"All in One SEO Pro (AIOSEO) 5.0.1\" \/>\n\t\t<meta property=\"og:locale\" content=\"es_ES\" \/>\n\t\t<meta property=\"og:site_name\" content=\"El Digital de Asturias\" \/>\n\t\t<meta property=\"og:type\" content=\"article\" \/>\n\t\t<meta property=\"og:title\" content=\"La consejera de Fomento califica de \u201cirresponsable\u201d la posici\u00f3n del Ayuntamiento de Gij\u00f3n respecto a Zalia - El Digital de Asturias\" \/>\n\t\t<meta property=\"og:description\" content=\"La consejera de Fomento, Ordenaci\u00f3n del Territorio y Medio Ambiente, Bel\u00e9n Fern\u00e1ndez, ha calificado de irresponsable la posici\u00f3n mantenida por el Ayuntamiento de Gij\u00f3n durante el consejo de administraci\u00f3n de la Zona de Actividades Log\u00edsticas e Industriales de Asturias, Zalia, S.A, y ha afirmado que la postura municipal pone al borde del abismo un\" \/>\n\t\t<meta property=\"og:url\" content=\"https:\/\/www.eldigitaldeasturias.com\/noticias\/la-consejera-de-fomento-califica-de-irresponsable-la-posicion-del-ayuntamiento-de-gijon-respecto-a-zalia\/\" \/>\n\t\t<meta property=\"article:tag\" content=\"actualidad asturias\" \/>\n\t\t<meta property=\"article:published_time\" content=\"2013-11-29T21:29:48+00:00\" \/>\n\t\t<meta property=\"article:modified_time\" content=\"2013-11-29T21:33:45+00:00\" \/>\n\t\t<meta property=\"article:publisher\" content=\"https:\/\/facebook.com\/eldigitaldeasturias\" \/>\n\t\t<meta name=\"twitter:card\" content=\"summary_large_image\" \/>\n\t\t<meta name=\"twitter:title\" content=\"La consejera de Fomento califica de \u201cirresponsable\u201d la posici\u00f3n del Ayuntamiento de Gij\u00f3n respecto a Zalia - El Digital de Asturias\" \/>\n\t\t<meta name=\"twitter:description\" content=\"La consejera de Fomento, Ordenaci\u00f3n del Territorio y Medio Ambiente, Bel\u00e9n Fern\u00e1ndez, ha calificado de irresponsable la posici\u00f3n mantenida por el Ayuntamiento de Gij\u00f3n durante el consejo de administraci\u00f3n de la Zona de Actividades Log\u00edsticas e Industriales de Asturias, Zalia, S.A, y ha afirmado que la postura municipal pone al borde del abismo un\" \/>\n\t\t<meta name=\"twitter:label1\" content=\"Escrito por\" \/>\n\t\t<meta name=\"twitter:data1\" content=\"El Digital de Asturias\" \/>\n\t\t<meta name=\"twitter:label2\" content=\"Tiempo de lectura estimado\" \/>\n\t\t<meta name=\"twitter:data2\" content=\"4 minutos\" \/>\n\t\t<script type=\"application\/ld+json\" class=\"aioseo-schema\">\n\t\t\t{\"@context\":\"https:\\\/\\\/schema.org\",\"@graph\":[{\"@type\":\"BlogPosting\",\"@id\":\"https:\\\/\\\/www.eldigitaldeasturias.com\\\/noticias\\\/la-consejera-de-fomento-califica-de-irresponsable-la-posicion-del-ayuntamiento-de-gijon-respecto-a-zalia\\\/#blogposting\",\"name\":\"La consejera de Fomento califica de \\u201cirresponsable\\u201d la posici\\u00f3n del Ayuntamiento de Gij\\u00f3n respecto a Zalia - El Digital de Asturias\",\"headline\":\"La consejera de Fomento califica de \\u201cirresponsable\\u201d la posici\\u00f3n del Ayuntamiento de Gij\\u00f3n respecto a Zalia\",\"author\":{\"@id\":\"https:\\\/\\\/www.eldigitaldeasturias.com\\\/noticias\\\/author\\\/admin\\\/#author\"},\"publisher\":{\"@id\":\"https:\\\/\\\/www.eldigitaldeasturias.com\\\/noticias\\\/#organization\"},\"image\":{\"@type\":\"ImageObject\",\"url\":444689},\"datePublished\":\"2013-11-29T20:29:48+01:00\",\"dateModified\":\"2013-11-29T20:33:45+01:00\",\"inLanguage\":\"es-ES\",\"mainEntityOfPage\":{\"@id\":\"https:\\\/\\\/www.eldigitaldeasturias.com\\\/noticias\\\/la-consejera-de-fomento-califica-de-irresponsable-la-posicion-del-ayuntamiento-de-gijon-respecto-a-zalia\\\/#webpage\"},\"isPartOf\":{\"@id\":\"https:\\\/\\\/www.eldigitaldeasturias.com\\\/noticias\\\/la-consejera-de-fomento-califica-de-irresponsable-la-posicion-del-ayuntamiento-de-gijon-respecto-a-zalia\\\/#webpage\"},\"articleSection\":\"Actualidad Asturias\"},{\"@type\":\"BreadcrumbList\",\"@id\":\"https:\\\/\\\/www.eldigitaldeasturias.com\\\/noticias\\\/la-consejera-de-fomento-califica-de-irresponsable-la-posicion-del-ayuntamiento-de-gijon-respecto-a-zalia\\\/#breadcrumblist\",\"itemListElement\":[{\"@type\":\"ListItem\",\"@id\":\"https:\\\/\\\/www.eldigitaldeasturias.com\\\/noticias#listItem\",\"position\":1,\"name\":\"Home\",\"item\":\"https:\\\/\\\/www.eldigitaldeasturias.com\\\/noticias\",\"nextItem\":{\"@type\":\"ListItem\",\"@id\":\"https:\\\/\\\/www.eldigitaldeasturias.com\\\/noticias\\\/category\\\/actualidad-asturias\\\/#listItem\",\"name\":\"Actualidad Asturias\"}},{\"@type\":\"ListItem\",\"@id\":\"https:\\\/\\\/www.eldigitaldeasturias.com\\\/noticias\\\/category\\\/actualidad-asturias\\\/#listItem\",\"position\":2,\"name\":\"Actualidad Asturias\",\"item\":\"https:\\\/\\\/www.eldigitaldeasturias.com\\\/noticias\\\/category\\\/actualidad-asturias\\\/\",\"nextItem\":{\"@type\":\"ListItem\",\"@id\":\"https:\\\/\\\/www.eldigitaldeasturias.com\\\/noticias\\\/la-consejera-de-fomento-califica-de-irresponsable-la-posicion-del-ayuntamiento-de-gijon-respecto-a-zalia\\\/#listItem\",\"name\":\"La consejera de Fomento califica de \\u201cirresponsable\\u201d la posici\\u00f3n del Ayuntamiento de Gij\\u00f3n respecto a Zalia\"},\"previousItem\":{\"@type\":\"ListItem\",\"@id\":\"https:\\\/\\\/www.eldigitaldeasturias.com\\\/noticias#listItem\",\"name\":\"Home\"}},{\"@type\":\"ListItem\",\"@id\":\"https:\\\/\\\/www.eldigitaldeasturias.com\\\/noticias\\\/la-consejera-de-fomento-califica-de-irresponsable-la-posicion-del-ayuntamiento-de-gijon-respecto-a-zalia\\\/#listItem\",\"position\":3,\"name\":\"La consejera de Fomento califica de \\u201cirresponsable\\u201d la posici\\u00f3n del Ayuntamiento de Gij\\u00f3n respecto a Zalia\",\"previousItem\":{\"@type\":\"ListItem\",\"@id\":\"https:\\\/\\\/www.eldigitaldeasturias.com\\\/noticias\\\/category\\\/actualidad-asturias\\\/#listItem\",\"name\":\"Actualidad Asturias\"}}]},{\"@type\":\"Organization\",\"@id\":\"https:\\\/\\\/www.eldigitaldeasturias.com\\\/noticias\\\/#organization\",\"name\":\"El Digital de Asturias\",\"description\":\"Hemeroteca\",\"url\":\"https:\\\/\\\/www.eldigitaldeasturias.com\\\/noticias\\\/\",\"email\":\"info@eldigitaldeasturias.com\",\"telephone\":\"+34652131393\",\"logo\":{\"@type\":\"ImageObject\",\"url\":\"https:\\\/\\\/www.eldigitaldeasturias.com\\\/noticias\\\/wp-content\\\/uploads\\\/2020\\\/12\\\/EDA.jpg\",\"@id\":\"https:\\\/\\\/www.eldigitaldeasturias.com\\\/noticias\\\/la-consejera-de-fomento-califica-de-irresponsable-la-posicion-del-ayuntamiento-de-gijon-respecto-a-zalia\\\/#organizationLogo\"},\"image\":{\"@id\":\"https:\\\/\\\/www.eldigitaldeasturias.com\\\/noticias\\\/la-consejera-de-fomento-califica-de-irresponsable-la-posicion-del-ayuntamiento-de-gijon-respecto-a-zalia\\\/#organizationLogo\"},\"sameAs\":[\"https:\\\/\\\/facebook.com\\\/eldigitaldeasturias\",\"https:\\\/\\\/www.youtube.com\\\/channel\\\/UCZP-2wLEB9Rv6erhFmqVnvg\"],\"address\":{\"@id\":\"https:\\\/\\\/www.eldigitaldeasturias.com\\\/noticias\\\/#postaladdress\",\"@type\":\"PostalAddress\",\"streetAddress\":\"san antonio 4\",\"postalCode\":\"33430\",\"addressLocality\":\"Cand\\u00e1s\",\"addressRegion\":\"Asturias\",\"addressCountry\":\"ES\"}},{\"@type\":\"Person\",\"@id\":\"https:\\\/\\\/www.eldigitaldeasturias.com\\\/noticias\\\/author\\\/admin\\\/#author\",\"url\":\"https:\\\/\\\/www.eldigitaldeasturias.com\\\/noticias\\\/author\\\/admin\\\/\",\"name\":\"El Digital de Asturias\",\"image\":{\"@type\":\"ImageObject\",\"@id\":\"https:\\\/\\\/www.eldigitaldeasturias.com\\\/noticias\\\/la-consejera-de-fomento-califica-de-irresponsable-la-posicion-del-ayuntamiento-de-gijon-respecto-a-zalia\\\/#authorImage\",\"url\":\"https:\\\/\\\/secure.gravatar.com\\\/avatar\\\/df2aeffc32bcd13f8d26072ef8a91b623d677766deac7f97ca815868cd41bf5e?s=96&d=mm&r=g\",\"width\":96,\"height\":96,\"caption\":\"El Digital de Asturias\"}},{\"@type\":\"WebPage\",\"@id\":\"https:\\\/\\\/www.eldigitaldeasturias.com\\\/noticias\\\/la-consejera-de-fomento-califica-de-irresponsable-la-posicion-del-ayuntamiento-de-gijon-respecto-a-zalia\\\/#webpage\",\"url\":\"https:\\\/\\\/www.eldigitaldeasturias.com\\\/noticias\\\/la-consejera-de-fomento-califica-de-irresponsable-la-posicion-del-ayuntamiento-de-gijon-respecto-a-zalia\\\/\",\"name\":\"La consejera de Fomento califica de \\u201cirresponsable\\u201d la posici\\u00f3n del Ayuntamiento de Gij\\u00f3n respecto a Zalia - El Digital de Asturias\",\"description\":\"La consejera de Fomento, Ordenaci\\u00f3n del Territorio y Medio Ambiente, Bel\\u00e9n Fern\\u00e1ndez, ha calificado de irresponsable la posici\\u00f3n mantenida por el Ayuntamiento de Gij\\u00f3n durante el consejo de administraci\\u00f3n de la Zona de Actividades Log\\u00edsticas e Industriales de Asturias, Zalia, S.A, y ha afirmado que la postura municipal pone al borde del abismo un\",\"inLanguage\":\"es-ES\",\"isPartOf\":{\"@id\":\"https:\\\/\\\/www.eldigitaldeasturias.com\\\/noticias\\\/#website\"},\"breadcrumb\":{\"@id\":\"https:\\\/\\\/www.eldigitaldeasturias.com\\\/noticias\\\/la-consejera-de-fomento-califica-de-irresponsable-la-posicion-del-ayuntamiento-de-gijon-respecto-a-zalia\\\/#breadcrumblist\"},\"author\":{\"@id\":\"https:\\\/\\\/www.eldigitaldeasturias.com\\\/noticias\\\/author\\\/admin\\\/#author\"},\"creator\":{\"@id\":\"https:\\\/\\\/www.eldigitaldeasturias.com\\\/noticias\\\/author\\\/admin\\\/#author\"},\"image\":{\"@type\":\"ImageObject\",\"url\":444689,\"@id\":\"https:\\\/\\\/www.eldigitaldeasturias.com\\\/noticias\\\/la-consejera-de-fomento-califica-de-irresponsable-la-posicion-del-ayuntamiento-de-gijon-respecto-a-zalia\\\/#mainImage\"},\"primaryImageOfPage\":{\"@id\":\"https:\\\/\\\/www.eldigitaldeasturias.com\\\/noticias\\\/la-consejera-de-fomento-califica-de-irresponsable-la-posicion-del-ayuntamiento-de-gijon-respecto-a-zalia\\\/#mainImage\"},\"datePublished\":\"2013-11-29T20:29:48+01:00\",\"dateModified\":\"2013-11-29T20:33:45+01:00\"},{\"@type\":\"WebSite\",\"@id\":\"https:\\\/\\\/www.eldigitaldeasturias.com\\\/noticias\\\/#website\",\"url\":\"https:\\\/\\\/www.eldigitaldeasturias.com\\\/noticias\\\/\",\"name\":\"El Digital de Asturias - Diario de actualidad y noticias\",\"alternateName\":\"El Digital de Asturias - Diario de actualidad y noticias\",\"description\":\"Hemeroteca\",\"inLanguage\":\"es-ES\",\"publisher\":{\"@id\":\"https:\\\/\\\/www.eldigitaldeasturias.com\\\/noticias\\\/#organization\"}}]}\n\t\t<\/script>\n\t\t<!-- All in One SEO Pro -->\r\n\t\t<title>La consejera de Fomento califica de \u201cirresponsable\u201d la posici\u00f3n del Ayuntamiento de Gij\u00f3n respecto a Zalia - El Digital de Asturias<\/title>\n\n","aioseo_head_json":{"title":"La consejera de Fomento califica de \u201cirresponsable\u201d la posici\u00f3n del Ayuntamiento de Gij\u00f3n respecto a Zalia - El Digital de Asturias","description":"La consejera de Fomento, Ordenaci\u00f3n del Territorio y Medio Ambiente, Bel\u00e9n Fern\u00e1ndez, ha calificado de irresponsable la posici\u00f3n mantenida por el Ayuntamiento de Gij\u00f3n durante el consejo de administraci\u00f3n de la Zona de Actividades Log\u00edsticas e Industriales de Asturias, Zalia, S.A, y ha afirmado que la postura municipal pone al borde del abismo un","canonical_url":"https:\/\/www.eldigitaldeasturias.com\/noticias\/la-consejera-de-fomento-califica-de-irresponsable-la-posicion-del-ayuntamiento-de-gijon-respecto-a-zalia\/","robots":"max-image-preview:large","keywords":"actualidad asturias","webmasterTools":{"google-site-verification":"UA-38556648-1","msvalidate.01":"7dfe9f3f1b24437ab69f4f2559babe99","miscellaneous":""},"schema":{"@context":"https:\/\/schema.org","@graph":[{"@type":"BlogPosting","@id":"https:\/\/www.eldigitaldeasturias.com\/noticias\/la-consejera-de-fomento-califica-de-irresponsable-la-posicion-del-ayuntamiento-de-gijon-respecto-a-zalia\/#blogposting","name":"La consejera de Fomento califica de \u201cirresponsable\u201d la posici\u00f3n del Ayuntamiento de Gij\u00f3n respecto a Zalia - El Digital de Asturias","headline":"La consejera de Fomento califica de \u201cirresponsable\u201d la posici\u00f3n del Ayuntamiento de Gij\u00f3n respecto a Zalia","author":{"@id":"https:\/\/www.eldigitaldeasturias.com\/noticias\/author\/admin\/#author"},"publisher":{"@id":"https:\/\/www.eldigitaldeasturias.com\/noticias\/#organization"},"image":{"@type":"ImageObject","url":444689},"datePublished":"2013-11-29T20:29:48+01:00","dateModified":"2013-11-29T20:33:45+01:00","inLanguage":"es-ES","mainEntityOfPage":{"@id":"https:\/\/www.eldigitaldeasturias.com\/noticias\/la-consejera-de-fomento-califica-de-irresponsable-la-posicion-del-ayuntamiento-de-gijon-respecto-a-zalia\/#webpage"},"isPartOf":{"@id":"https:\/\/www.eldigitaldeasturias.com\/noticias\/la-consejera-de-fomento-califica-de-irresponsable-la-posicion-del-ayuntamiento-de-gijon-respecto-a-zalia\/#webpage"},"articleSection":"Actualidad Asturias"},{"@type":"BreadcrumbList","@id":"https:\/\/www.eldigitaldeasturias.com\/noticias\/la-consejera-de-fomento-califica-de-irresponsable-la-posicion-del-ayuntamiento-de-gijon-respecto-a-zalia\/#breadcrumblist","itemListElement":[{"@type":"ListItem","@id":"https:\/\/www.eldigitaldeasturias.com\/noticias#listItem","position":1,"name":"Home","item":"https:\/\/www.eldigitaldeasturias.com\/noticias","nextItem":{"@type":"ListItem","@id":"https:\/\/www.eldigitaldeasturias.com\/noticias\/category\/actualidad-asturias\/#listItem","name":"Actualidad Asturias"}},{"@type":"ListItem","@id":"https:\/\/www.eldigitaldeasturias.com\/noticias\/category\/actualidad-asturias\/#listItem","position":2,"name":"Actualidad Asturias","item":"https:\/\/www.eldigitaldeasturias.com\/noticias\/category\/actualidad-asturias\/","nextItem":{"@type":"ListItem","@id":"https:\/\/www.eldigitaldeasturias.com\/noticias\/la-consejera-de-fomento-califica-de-irresponsable-la-posicion-del-ayuntamiento-de-gijon-respecto-a-zalia\/#listItem","name":"La consejera de Fomento califica de \u201cirresponsable\u201d la posici\u00f3n del Ayuntamiento de Gij\u00f3n respecto a Zalia"},"previousItem":{"@type":"ListItem","@id":"https:\/\/www.eldigitaldeasturias.com\/noticias#listItem","name":"Home"}},{"@type":"ListItem","@id":"https:\/\/www.eldigitaldeasturias.com\/noticias\/la-consejera-de-fomento-califica-de-irresponsable-la-posicion-del-ayuntamiento-de-gijon-respecto-a-zalia\/#listItem","position":3,"name":"La consejera de Fomento califica de \u201cirresponsable\u201d la posici\u00f3n del Ayuntamiento de Gij\u00f3n respecto a Zalia","previousItem":{"@type":"ListItem","@id":"https:\/\/www.eldigitaldeasturias.com\/noticias\/category\/actualidad-asturias\/#listItem","name":"Actualidad Asturias"}}]},{"@type":"Organization","@id":"https:\/\/www.eldigitaldeasturias.com\/noticias\/#organization","name":"El Digital de Asturias","description":"Hemeroteca","url":"https:\/\/www.eldigitaldeasturias.com\/noticias\/","email":"info@eldigitaldeasturias.com","telephone":"+34652131393","logo":{"@type":"ImageObject","url":"https:\/\/www.eldigitaldeasturias.com\/noticias\/wp-content\/uploads\/2020\/12\/EDA.jpg","@id":"https:\/\/www.eldigitaldeasturias.com\/noticias\/la-consejera-de-fomento-califica-de-irresponsable-la-posicion-del-ayuntamiento-de-gijon-respecto-a-zalia\/#organizationLogo"},"image":{"@id":"https:\/\/www.eldigitaldeasturias.com\/noticias\/la-consejera-de-fomento-califica-de-irresponsable-la-posicion-del-ayuntamiento-de-gijon-respecto-a-zalia\/#organizationLogo"},"sameAs":["https:\/\/facebook.com\/eldigitaldeasturias","https:\/\/www.youtube.com\/channel\/UCZP-2wLEB9Rv6erhFmqVnvg"],"address":{"@id":"https:\/\/www.eldigitaldeasturias.com\/noticias\/#postaladdress","@type":"PostalAddress","streetAddress":"san antonio 4","postalCode":"33430","addressLocality":"Cand\u00e1s","addressRegion":"Asturias","addressCountry":"ES"}},{"@type":"Person","@id":"https:\/\/www.eldigitaldeasturias.com\/noticias\/author\/admin\/#author","url":"https:\/\/www.eldigitaldeasturias.com\/noticias\/author\/admin\/","name":"El Digital de Asturias","image":{"@type":"ImageObject","@id":"https:\/\/www.eldigitaldeasturias.com\/noticias\/la-consejera-de-fomento-califica-de-irresponsable-la-posicion-del-ayuntamiento-de-gijon-respecto-a-zalia\/#authorImage","url":"https:\/\/secure.gravatar.com\/avatar\/df2aeffc32bcd13f8d26072ef8a91b623d677766deac7f97ca815868cd41bf5e?s=96&d=mm&r=g","width":96,"height":96,"caption":"El Digital de Asturias"}},{"@type":"WebPage","@id":"https:\/\/www.eldigitaldeasturias.com\/noticias\/la-consejera-de-fomento-califica-de-irresponsable-la-posicion-del-ayuntamiento-de-gijon-respecto-a-zalia\/#webpage","url":"https:\/\/www.eldigitaldeasturias.com\/noticias\/la-consejera-de-fomento-califica-de-irresponsable-la-posicion-del-ayuntamiento-de-gijon-respecto-a-zalia\/","name":"La consejera de Fomento califica de \u201cirresponsable\u201d la posici\u00f3n del Ayuntamiento de Gij\u00f3n respecto a Zalia - El Digital de Asturias","description":"La consejera de Fomento, Ordenaci\u00f3n del Territorio y Medio Ambiente, Bel\u00e9n Fern\u00e1ndez, ha calificado de irresponsable la posici\u00f3n mantenida por el Ayuntamiento de Gij\u00f3n durante el consejo de administraci\u00f3n de la Zona de Actividades Log\u00edsticas e Industriales de Asturias, Zalia, S.A, y ha afirmado que la postura municipal pone al borde del abismo un","inLanguage":"es-ES","isPartOf":{"@id":"https:\/\/www.eldigitaldeasturias.com\/noticias\/#website"},"breadcrumb":{"@id":"https:\/\/www.eldigitaldeasturias.com\/noticias\/la-consejera-de-fomento-califica-de-irresponsable-la-posicion-del-ayuntamiento-de-gijon-respecto-a-zalia\/#breadcrumblist"},"author":{"@id":"https:\/\/www.eldigitaldeasturias.com\/noticias\/author\/admin\/#author"},"creator":{"@id":"https:\/\/www.eldigitaldeasturias.com\/noticias\/author\/admin\/#author"},"image":{"@type":"ImageObject","url":444689,"@id":"https:\/\/www.eldigitaldeasturias.com\/noticias\/la-consejera-de-fomento-califica-de-irresponsable-la-posicion-del-ayuntamiento-de-gijon-respecto-a-zalia\/#mainImage"},"primaryImageOfPage":{"@id":"https:\/\/www.eldigitaldeasturias.com\/noticias\/la-consejera-de-fomento-califica-de-irresponsable-la-posicion-del-ayuntamiento-de-gijon-respecto-a-zalia\/#mainImage"},"datePublished":"2013-11-29T20:29:48+01:00","dateModified":"2013-11-29T20:33:45+01:00"},{"@type":"WebSite","@id":"https:\/\/www.eldigitaldeasturias.com\/noticias\/#website","url":"https:\/\/www.eldigitaldeasturias.com\/noticias\/","name":"El Digital de Asturias - Diario de actualidad y noticias","alternateName":"El Digital de Asturias - Diario de actualidad y noticias","description":"Hemeroteca","inLanguage":"es-ES","publisher":{"@id":"https:\/\/www.eldigitaldeasturias.com\/noticias\/#organization"}}]},"og:locale":"es_ES","og:site_name":"El Digital de Asturias","og:type":"article","og:title":"La consejera de Fomento califica de \u201cirresponsable\u201d la posici\u00f3n del Ayuntamiento de Gij\u00f3n respecto a Zalia - El Digital de Asturias","og:description":"La consejera de Fomento, Ordenaci\u00f3n del Territorio y Medio Ambiente, Bel\u00e9n Fern\u00e1ndez, ha calificado de irresponsable la posici\u00f3n mantenida por el Ayuntamiento de Gij\u00f3n durante el consejo de administraci\u00f3n de la Zona de Actividades Log\u00edsticas e Industriales de Asturias, Zalia, S.A, y ha afirmado que la postura municipal pone al borde del abismo un","og:url":"https:\/\/www.eldigitaldeasturias.com\/noticias\/la-consejera-de-fomento-califica-de-irresponsable-la-posicion-del-ayuntamiento-de-gijon-respecto-a-zalia\/","article:tag":["actualidad asturias"],"article:published_time":"2013-11-29T21:29:48+00:00","article:modified_time":"2013-11-29T21:33:45+00:00","article:publisher":"https:\/\/facebook.com\/eldigitaldeasturias","twitter:card":"summary_large_image","twitter:title":"La consejera de Fomento califica de \u201cirresponsable\u201d la posici\u00f3n del Ayuntamiento de Gij\u00f3n respecto a Zalia - El Digital de Asturias","twitter:description":"La consejera de Fomento, Ordenaci\u00f3n del Territorio y Medio Ambiente, Bel\u00e9n Fern\u00e1ndez, ha calificado de irresponsable la posici\u00f3n mantenida por el Ayuntamiento de Gij\u00f3n durante el consejo de administraci\u00f3n de la Zona de Actividades Log\u00edsticas e Industriales de Asturias, Zalia, S.A, y ha afirmado que la postura municipal pone al borde del abismo un","twitter:label1":"Escrito por","twitter:data1":"El Digital de Asturias","twitter:label2":"Tiempo de lectura estimado","twitter:data2":"4 minutos"},"aioseo_meta_data":{"post_id":"455833","title":null,"description":null,"keywords":null,"keyphrases":null,"primary_term":null,"canonical_url":null,"og_title":null,"og_description":null,"og_object_type":"default","og_image_type":"default","og_image_url":null,"og_image_width":null,"og_image_height":null,"og_image_custom_url":null,"og_image_custom_fields":null,"og_video":null,"og_custom_url":null,"og_article_section":null,"og_article_tags":null,"twitter_use_og":true,"twitter_card":"default","twitter_image_type":"default","twitter_image_url":null,"twitter_image_custom_url":null,"twitter_image_custom_fields":null,"twitter_title":null,"twitter_description":null,"schema":{"blockGraphs":[],"customGraphs":[],"default":{"data":{"Article":[],"Course":[],"Dataset":[],"FAQPage":[],"Movie":[],"Person":[],"Product":[],"ProductReview":[],"Car":[],"Recipe":[],"Service":[],"SoftwareApplication":[],"WebPage":[]},"graphName":"","isEnabled":true},"graphs":[],"defaultGraph":"","defaultPostTypeGraph":""},"schema_type":null,"schema_type_options":null,"pillar_content":false,"robots_default":true,"robots_noindex":false,"robots_noarchive":false,"robots_nosnippet":false,"robots_nofollow":false,"robots_noimageindex":false,"robots_noodp":false,"robots_notranslate":false,"robots_max_snippet":null,"robots_max_videopreview":null,"robots_max_imagepreview":"none","priority":null,"frequency":null,"local_seo":null,"seo_analyzer_scan_date":"2026-05-29 19:41:59","breadcrumb_settings":null,"limit_modified_date":false,"open_ai":null,"ai":null,"created":"2020-11-14 22:45:21","updated":"2026-05-29 19:41:59","focus_keyword":null,"additional_keywords":null,"truseo_locale":null},"aioseo_breadcrumb":"<div class=\"aioseo-breadcrumbs\"><span class=\"aioseo-breadcrumb\">\n\t<a href=\"https:\/\/www.eldigitaldeasturias.com\/noticias\" title=\"Home\">Home<\/a>\n<\/span><span class=\"aioseo-breadcrumb-separator\">\u2013<\/span><span class=\"aioseo-breadcrumb\">\n\t<a href=\"https:\/\/www.eldigitaldeasturias.com\/noticias\/category\/actualidad-asturias\/\" title=\"Actualidad Asturias\">Actualidad Asturias<\/a>\n<\/span><span class=\"aioseo-breadcrumb-separator\">\u2013<\/span><span class=\"aioseo-breadcrumb\">\n\t<a href=\"https:\/\/www.eldigitaldeasturias.com\/noticias\/la-consejera-de-fomento-califica-de-irresponsable-la-posicion-del-ayuntamiento-de-gijon-respecto-a-zalia\/\" title=\"La consejera de Fomento califica de \u201cirresponsable\u201d la posici\u00f3n del Ayuntamiento de Gij\u00f3n respecto a Zalia\">La consejera de Fomento califica de \u201cirresponsable\u201d la posici\u00f3n del Ayuntamiento de Gij\u00f3n respecto a Zalia<\/a>\n<\/span><\/div>","aioseo_breadcrumb_json":[{"label":"Home","link":"https:\/\/www.eldigitaldeasturias.com\/noticias"},{"label":"Actualidad Asturias","link":"https:\/\/www.eldigitaldeasturias.com\/noticias\/category\/actualidad-asturias\/"},{"label":"La consejera de Fomento califica de \u201cirresponsable\u201d la posici\u00f3n del Ayuntamiento de Gij\u00f3n respecto a Zalia","link":"https:\/\/www.eldigitaldeasturias.com\/noticias\/la-consejera-de-fomento-califica-de-irresponsable-la-posicion-del-ayuntamiento-de-gijon-respecto-a-zalia\/"}],"_links":{"self":[{"href":"https:\/\/www.eldigitaldeasturias.com\/noticias\/wp-json\/wp\/v2\/posts\/455833","targetHints":{"allow":["GET"]}}],"collection":[{"href":"https:\/\/www.eldigitaldeasturias.com\/noticias\/wp-json\/wp\/v2\/posts"}],"about":[{"href":"https:\/\/www.eldigitaldeasturias.com\/noticias\/wp-json\/wp\/v2\/types\/post"}],"author":[{"embeddable":true,"href":"https:\/\/www.eldigitaldeasturias.com\/noticias\/wp-json\/wp\/v2\/users\/1"}],"replies":[{"embeddable":true,"href":"https:\/\/www.eldigitaldeasturias.com\/noticias\/wp-json\/wp\/v2\/comments?post=455833"}],"version-history":[{"count":0,"href":"https:\/\/www.eldigitaldeasturias.com\/noticias\/wp-json\/wp\/v2\/posts\/455833\/revisions"}],"wp:attachment":[{"href":"https:\/\/www.eldigitaldeasturias.com\/noticias\/wp-json\/wp\/v2\/media?parent=455833"}],"wp:term":[{"taxonomy":"category","embeddable":true,"href":"https:\/\/www.eldigitaldeasturias.com\/noticias\/wp-json\/wp\/v2\/categories?post=455833"},{"taxonomy":"post_tag","embeddable":true,"href":"https:\/\/www.eldigitaldeasturias.com\/noticias\/wp-json\/wp\/v2\/tags?post=455833"}],"curies":[{"name":"wp","href":"https:\/\/api.w.org\/{rel}","templated":true}]}}