{"id":455824,"date":"2013-11-29T20:11:46","date_gmt":"2013-11-29T21:11:46","guid":{"rendered":"http:\/\/www.eldigitaldeasturias.com\/noticias\/?p=455824"},"modified":"2013-11-29T20:11:46","modified_gmt":"2013-11-29T21:11:46","slug":"cae-grupo-de-atracadores-liderado-por-un-historico-alunicero-con-60-delitos","status":"publish","type":"post","link":"https:\/\/www.eldigitaldeasturias.com\/noticias\/cae-grupo-de-atracadores-liderado-por-un-historico-alunicero-con-60-delitos\/","title":{"rendered":"Cae grupo de atracadores liderado por un hist\u00f3rico alunicero con 60 delitos"},"content":{"rendered":"<p><img loading=\"lazy\" decoding=\"async\" class=\"alignleft size-medium wp-image-455825\" alt=\"5761887w\" src=\"https:\/\/www.eldigitaldeasturias.com\/noticias\/wp-content\/uploads\/2013\/11\/5761887w-360x234.jpg\" width=\"360\" height=\"234\" \/>Madrid, 29 nov (EFE).- La Polic\u00eda y la Guardia Civil han desarticulado un grupo de atracadores responsable de m\u00e1s de 60 delitos, en una operaci\u00f3n desarrollada en Madrid que se ha saldado con cinco detenidos, entre ellos su l\u00edder, un hist\u00f3rico alunicero que a pesar de su edad, 22 a\u00f1os, cuenta con 50 antecedentes.<\/p>\n<p>Una operaci\u00f3n de la que han dado cuenta, en rueda de prensa, los responsables de Polic\u00eda Judicial de la Polic\u00eda Nacional, Dionisio Mart\u00edn, y de la Guardia Civil, Javier Rogero, quienes se han congratulado por estas detenciones que han permitido evitar atracos que la banda ten\u00eda previsto perpetrar de cara a la Navidad.<\/p>\n<p>Todos los detenidos suman m\u00e1s de 200 arrestos, la mayor\u00eda por delitos patrimoniales.<\/p>\n<p>La autoridad judicial ha decretado el ingreso en prisi\u00f3n de tres de los arrestados, entre ellos el cabecilla de la banda, el joven de 22 a\u00f1os Jes\u00fas Jos\u00e9 P.P., que a pesar de su corta edad es un hist\u00f3rico \u00abalunicero\u00bb de Madrid reconvertido en atracador, conocido como \u00abEl Chucky\u00bb, que cuenta con cincuenta detenciones en su mayor\u00eda por robo con fuerza e intimidaci\u00f3n.<\/p>\n<p>Este l\u00edder de la banda se encargaba de planificar los golpes y seleccionar qui\u00e9nes cometer\u00edan los asaltos, a los que exig\u00eda ciertas cualidades, como una h\u00e1bil maestr\u00eda al volante.<\/p>\n<p>A los arrestados se les imputa el robo cometido el pasado 17 de octubre en una joyer\u00eda del centro comercial Plenilunio de Madrid, aunque el grupo ya fue desarticulado por la Polic\u00eda Nacional y la Guardia Civil en diciembre del a\u00f1o pasado, cuando se le atribuy\u00f3 el asalto a otra joyer\u00eda de la misma cadena en un centro comercial de Castell\u00f3n.<\/p>\n<p>En los registros se han localizado armas simuladas, efectos sustra\u00eddos y unas caracter\u00edsticas caretas de disfraces que empleaban para evitar su identificaci\u00f3n.<\/p>\n<p>Ambos cuerpos aunaron esfuerzos a ra\u00edz de que agentes de la Guardia Civil de San Mart\u00edn de la Vega (Madrid) interceptaran en su huida a uno de los veh\u00edculos utilizados en el asalto a la joyer\u00eda del centro comercial Plenilunio y detener a uno de los autores del robo, dado que la Polic\u00eda ten\u00eda ya una investigaci\u00f3n abierta sobre esta banda por hechos similares.<\/p>\n<p>Gracias al cruce de informaciones entre ambos cuerpos se logr\u00f3 identificar al resto de integrantes de la banda y se determin\u00f3 su autor\u00eda en al menos cuatro robos con fuerza, uno de ellos cometido por el m\u00e9todo del butr\u00f3n y una tentativa en El Boalo (Madrid).<\/p>\n<p>Asimismo, se les imputa diez robos de veh\u00edculo a motor, quince de placas de matr\u00edcula, otras tantas falsedades documentales y once faltas de estafa, al irse sin pagar de otras tantas estaciones de servicio, entre otras acciones.<\/p>\n<p>Se trata de atracadores altamente especializados que no dudaban en asaltar joyer\u00edas, estancos y otros comercios y que llegaron incluso a maniatar a un transportista para sustraer el material tecnol\u00f3gico de su furgoneta, estaban muy coordinados y ten\u00edan un reparto de tareas claramente definido.<\/p>\n<p>Cuatro de ellos acced\u00edan con un arma de fuego al local, donde mientras dos intimidaban a la dependienta para que les entregase los objetos de valor, los otros dos proced\u00edan a romper las vitrinas y a llevarse su contenido.<\/p>\n<p>Mientras, en la calle les esperaban con dos veh\u00edculos para facilitar la huida, uno para escapar con el bot\u00edn y el otro para evitar que el primero fuera interceptado por agentes policiales, para lo cual empleaban en ocasiones maniobras de alto riesgo.<\/p>\n","protected":false},"excerpt":{"rendered":"<p>Madrid, 29 nov (EFE).- La Polic\u00eda y la Guardia Civil han desarticulado un grupo de atracadores responsable de m\u00e1s de 60 delitos, en una operaci\u00f3n desarrollada en Madrid que se ha saldado con cinco detenidos, entre ellos su l\u00edder, un hist\u00f3rico alunicero que a pesar de su edad, 22 a\u00f1os, cuenta con 50 antecedentes. Una [&hellip;]<\/p>\n","protected":false},"author":1,"featured_media":455825,"comment_status":"closed","ping_status":"open","sticky":false,"template":"","format":"standard","meta":{"footnotes":""},"categories":[5],"tags":[],"class_list":["post-455824","post","type-post","status-publish","format-standard","has-post-thumbnail","hentry","category-sucesos"],"aioseo_notices":[],"aioseo_head":"\n\t\t<!-- All in One SEO Pro 5.0.1 - aioseo.com -->\n\t<meta name=\"description\" content=\"Madrid, 29 nov (EFE).- La Polic\u00eda y la Guardia Civil han desarticulado un grupo de atracadores responsable de m\u00e1s de 60 delitos, en una operaci\u00f3n desarrollada en Madrid que se ha saldado con cinco detenidos, entre ellos su l\u00edder, un hist\u00f3rico alunicero que a pesar de su edad, 22 a\u00f1os, cuenta con 50 antecedentes. Una\" \/>\n\t<meta name=\"robots\" content=\"max-image-preview:large\" \/>\n\t<meta name=\"author\" content=\"El Digital de Asturias\"\/>\n\t<meta name=\"google-site-verification\" content=\"UA-38556648-1\" \/>\n\t<meta name=\"msvalidate.01\" content=\"7dfe9f3f1b24437ab69f4f2559babe99\" \/>\n\t<meta name=\"keywords\" content=\"sucesos\" \/>\n\t<link rel=\"canonical\" href=\"https:\/\/www.eldigitaldeasturias.com\/noticias\/cae-grupo-de-atracadores-liderado-por-un-historico-alunicero-con-60-delitos\/\" \/>\n\t<meta name=\"generator\" content=\"All in One SEO Pro (AIOSEO) 5.0.1\" \/>\n\t\t<meta property=\"og:locale\" content=\"es_ES\" \/>\n\t\t<meta property=\"og:site_name\" content=\"El Digital de Asturias\" \/>\n\t\t<meta property=\"og:type\" content=\"article\" \/>\n\t\t<meta property=\"og:title\" content=\"Cae grupo de atracadores liderado por un hist\u00f3rico alunicero con 60 delitos - El Digital de Asturias\" \/>\n\t\t<meta property=\"og:description\" content=\"Madrid, 29 nov (EFE).- La Polic\u00eda y la Guardia Civil han desarticulado un grupo de atracadores responsable de m\u00e1s de 60 delitos, en una operaci\u00f3n desarrollada en Madrid que se ha saldado con cinco detenidos, entre ellos su l\u00edder, un hist\u00f3rico alunicero que a pesar de su edad, 22 a\u00f1os, cuenta con 50 antecedentes. Una\" \/>\n\t\t<meta property=\"og:url\" content=\"https:\/\/www.eldigitaldeasturias.com\/noticias\/cae-grupo-de-atracadores-liderado-por-un-historico-alunicero-con-60-delitos\/\" \/>\n\t\t<meta property=\"article:tag\" content=\"sucesos\" \/>\n\t\t<meta property=\"article:published_time\" content=\"2013-11-29T21:11:46+00:00\" \/>\n\t\t<meta property=\"article:modified_time\" content=\"2013-11-29T21:11:46+00:00\" \/>\n\t\t<meta property=\"article:publisher\" content=\"https:\/\/facebook.com\/eldigitaldeasturias\" \/>\n\t\t<meta name=\"twitter:card\" content=\"summary_large_image\" \/>\n\t\t<meta name=\"twitter:title\" content=\"Cae grupo de atracadores liderado por un hist\u00f3rico alunicero con 60 delitos - El Digital de Asturias\" \/>\n\t\t<meta name=\"twitter:description\" content=\"Madrid, 29 nov (EFE).- La Polic\u00eda y la Guardia Civil han desarticulado un grupo de atracadores responsable de m\u00e1s de 60 delitos, en una operaci\u00f3n desarrollada en Madrid que se ha saldado con cinco detenidos, entre ellos su l\u00edder, un hist\u00f3rico alunicero que a pesar de su edad, 22 a\u00f1os, cuenta con 50 antecedentes. Una\" \/>\n\t\t<meta name=\"twitter:label1\" content=\"Escrito por\" \/>\n\t\t<meta name=\"twitter:data1\" content=\"El Digital de Asturias\" \/>\n\t\t<meta name=\"twitter:label2\" content=\"Tiempo de lectura estimado\" \/>\n\t\t<meta name=\"twitter:data2\" content=\"3 minutos\" \/>\n\t\t<script type=\"application\/ld+json\" class=\"aioseo-schema\">\n\t\t\t{\"@context\":\"https:\\\/\\\/schema.org\",\"@graph\":[{\"@type\":\"BlogPosting\",\"@id\":\"https:\\\/\\\/www.eldigitaldeasturias.com\\\/noticias\\\/cae-grupo-de-atracadores-liderado-por-un-historico-alunicero-con-60-delitos\\\/#blogposting\",\"name\":\"Cae grupo de atracadores liderado por un hist\\u00f3rico alunicero con 60 delitos - El Digital de Asturias\",\"headline\":\"Cae grupo de atracadores liderado por un hist\\u00f3rico alunicero con 60 delitos\",\"author\":{\"@id\":\"https:\\\/\\\/www.eldigitaldeasturias.com\\\/noticias\\\/author\\\/admin\\\/#author\"},\"publisher\":{\"@id\":\"https:\\\/\\\/www.eldigitaldeasturias.com\\\/noticias\\\/#organization\"},\"image\":{\"@type\":\"ImageObject\",\"url\":455825},\"datePublished\":\"2013-11-29T20:11:46+01:00\",\"dateModified\":\"2013-11-29T20:11:46+01:00\",\"inLanguage\":\"es-ES\",\"mainEntityOfPage\":{\"@id\":\"https:\\\/\\\/www.eldigitaldeasturias.com\\\/noticias\\\/cae-grupo-de-atracadores-liderado-por-un-historico-alunicero-con-60-delitos\\\/#webpage\"},\"isPartOf\":{\"@id\":\"https:\\\/\\\/www.eldigitaldeasturias.com\\\/noticias\\\/cae-grupo-de-atracadores-liderado-por-un-historico-alunicero-con-60-delitos\\\/#webpage\"},\"articleSection\":\"Sucesos\"},{\"@type\":\"BreadcrumbList\",\"@id\":\"https:\\\/\\\/www.eldigitaldeasturias.com\\\/noticias\\\/cae-grupo-de-atracadores-liderado-por-un-historico-alunicero-con-60-delitos\\\/#breadcrumblist\",\"itemListElement\":[{\"@type\":\"ListItem\",\"@id\":\"https:\\\/\\\/www.eldigitaldeasturias.com\\\/noticias#listItem\",\"position\":1,\"name\":\"Home\",\"item\":\"https:\\\/\\\/www.eldigitaldeasturias.com\\\/noticias\",\"nextItem\":{\"@type\":\"ListItem\",\"@id\":\"https:\\\/\\\/www.eldigitaldeasturias.com\\\/noticias\\\/category\\\/sucesos\\\/#listItem\",\"name\":\"Sucesos\"}},{\"@type\":\"ListItem\",\"@id\":\"https:\\\/\\\/www.eldigitaldeasturias.com\\\/noticias\\\/category\\\/sucesos\\\/#listItem\",\"position\":2,\"name\":\"Sucesos\",\"item\":\"https:\\\/\\\/www.eldigitaldeasturias.com\\\/noticias\\\/category\\\/sucesos\\\/\",\"nextItem\":{\"@type\":\"ListItem\",\"@id\":\"https:\\\/\\\/www.eldigitaldeasturias.com\\\/noticias\\\/cae-grupo-de-atracadores-liderado-por-un-historico-alunicero-con-60-delitos\\\/#listItem\",\"name\":\"Cae grupo de atracadores liderado por un hist\\u00f3rico alunicero con 60 delitos\"},\"previousItem\":{\"@type\":\"ListItem\",\"@id\":\"https:\\\/\\\/www.eldigitaldeasturias.com\\\/noticias#listItem\",\"name\":\"Home\"}},{\"@type\":\"ListItem\",\"@id\":\"https:\\\/\\\/www.eldigitaldeasturias.com\\\/noticias\\\/cae-grupo-de-atracadores-liderado-por-un-historico-alunicero-con-60-delitos\\\/#listItem\",\"position\":3,\"name\":\"Cae grupo de atracadores liderado por un hist\\u00f3rico alunicero con 60 delitos\",\"previousItem\":{\"@type\":\"ListItem\",\"@id\":\"https:\\\/\\\/www.eldigitaldeasturias.com\\\/noticias\\\/category\\\/sucesos\\\/#listItem\",\"name\":\"Sucesos\"}}]},{\"@type\":\"Organization\",\"@id\":\"https:\\\/\\\/www.eldigitaldeasturias.com\\\/noticias\\\/#organization\",\"name\":\"El Digital de Asturias\",\"description\":\"Hemeroteca\",\"url\":\"https:\\\/\\\/www.eldigitaldeasturias.com\\\/noticias\\\/\",\"email\":\"info@eldigitaldeasturias.com\",\"telephone\":\"+34652131393\",\"logo\":{\"@type\":\"ImageObject\",\"url\":\"https:\\\/\\\/www.eldigitaldeasturias.com\\\/noticias\\\/wp-content\\\/uploads\\\/2020\\\/12\\\/EDA.jpg\",\"@id\":\"https:\\\/\\\/www.eldigitaldeasturias.com\\\/noticias\\\/cae-grupo-de-atracadores-liderado-por-un-historico-alunicero-con-60-delitos\\\/#organizationLogo\"},\"image\":{\"@id\":\"https:\\\/\\\/www.eldigitaldeasturias.com\\\/noticias\\\/cae-grupo-de-atracadores-liderado-por-un-historico-alunicero-con-60-delitos\\\/#organizationLogo\"},\"sameAs\":[\"https:\\\/\\\/facebook.com\\\/eldigitaldeasturias\",\"https:\\\/\\\/www.youtube.com\\\/channel\\\/UCZP-2wLEB9Rv6erhFmqVnvg\"],\"address\":{\"@id\":\"https:\\\/\\\/www.eldigitaldeasturias.com\\\/noticias\\\/#postaladdress\",\"@type\":\"PostalAddress\",\"streetAddress\":\"san antonio 4\",\"postalCode\":\"33430\",\"addressLocality\":\"Cand\\u00e1s\",\"addressRegion\":\"Asturias\",\"addressCountry\":\"ES\"}},{\"@type\":\"Person\",\"@id\":\"https:\\\/\\\/www.eldigitaldeasturias.com\\\/noticias\\\/author\\\/admin\\\/#author\",\"url\":\"https:\\\/\\\/www.eldigitaldeasturias.com\\\/noticias\\\/author\\\/admin\\\/\",\"name\":\"El Digital de Asturias\",\"image\":{\"@type\":\"ImageObject\",\"@id\":\"https:\\\/\\\/www.eldigitaldeasturias.com\\\/noticias\\\/cae-grupo-de-atracadores-liderado-por-un-historico-alunicero-con-60-delitos\\\/#authorImage\",\"url\":\"https:\\\/\\\/secure.gravatar.com\\\/avatar\\\/df2aeffc32bcd13f8d26072ef8a91b623d677766deac7f97ca815868cd41bf5e?s=96&d=mm&r=g\",\"width\":96,\"height\":96,\"caption\":\"El Digital de Asturias\"}},{\"@type\":\"WebPage\",\"@id\":\"https:\\\/\\\/www.eldigitaldeasturias.com\\\/noticias\\\/cae-grupo-de-atracadores-liderado-por-un-historico-alunicero-con-60-delitos\\\/#webpage\",\"url\":\"https:\\\/\\\/www.eldigitaldeasturias.com\\\/noticias\\\/cae-grupo-de-atracadores-liderado-por-un-historico-alunicero-con-60-delitos\\\/\",\"name\":\"Cae grupo de atracadores liderado por un hist\\u00f3rico alunicero con 60 delitos - El Digital de Asturias\",\"description\":\"Madrid, 29 nov (EFE).- La Polic\\u00eda y la Guardia Civil han desarticulado un grupo de atracadores responsable de m\\u00e1s de 60 delitos, en una operaci\\u00f3n desarrollada en Madrid que se ha saldado con cinco detenidos, entre ellos su l\\u00edder, un hist\\u00f3rico alunicero que a pesar de su edad, 22 a\\u00f1os, cuenta con 50 antecedentes. Una\",\"inLanguage\":\"es-ES\",\"isPartOf\":{\"@id\":\"https:\\\/\\\/www.eldigitaldeasturias.com\\\/noticias\\\/#website\"},\"breadcrumb\":{\"@id\":\"https:\\\/\\\/www.eldigitaldeasturias.com\\\/noticias\\\/cae-grupo-de-atracadores-liderado-por-un-historico-alunicero-con-60-delitos\\\/#breadcrumblist\"},\"author\":{\"@id\":\"https:\\\/\\\/www.eldigitaldeasturias.com\\\/noticias\\\/author\\\/admin\\\/#author\"},\"creator\":{\"@id\":\"https:\\\/\\\/www.eldigitaldeasturias.com\\\/noticias\\\/author\\\/admin\\\/#author\"},\"image\":{\"@type\":\"ImageObject\",\"url\":455825,\"@id\":\"https:\\\/\\\/www.eldigitaldeasturias.com\\\/noticias\\\/cae-grupo-de-atracadores-liderado-por-un-historico-alunicero-con-60-delitos\\\/#mainImage\"},\"primaryImageOfPage\":{\"@id\":\"https:\\\/\\\/www.eldigitaldeasturias.com\\\/noticias\\\/cae-grupo-de-atracadores-liderado-por-un-historico-alunicero-con-60-delitos\\\/#mainImage\"},\"datePublished\":\"2013-11-29T20:11:46+01:00\",\"dateModified\":\"2013-11-29T20:11:46+01:00\"},{\"@type\":\"WebSite\",\"@id\":\"https:\\\/\\\/www.eldigitaldeasturias.com\\\/noticias\\\/#website\",\"url\":\"https:\\\/\\\/www.eldigitaldeasturias.com\\\/noticias\\\/\",\"name\":\"El Digital de Asturias - Diario de actualidad y noticias\",\"alternateName\":\"El Digital de Asturias - Diario de actualidad y noticias\",\"description\":\"Hemeroteca\",\"inLanguage\":\"es-ES\",\"publisher\":{\"@id\":\"https:\\\/\\\/www.eldigitaldeasturias.com\\\/noticias\\\/#organization\"}}]}\n\t\t<\/script>\n\t\t<!-- All in One SEO Pro -->\r\n\t\t<title>Cae grupo de atracadores liderado por un hist\u00f3rico alunicero con 60 delitos - El Digital de Asturias<\/title>\n\n","aioseo_head_json":{"title":"Cae grupo de atracadores liderado por un hist\u00f3rico alunicero con 60 delitos - El Digital de Asturias","description":"Madrid, 29 nov (EFE).- La Polic\u00eda y la Guardia Civil han desarticulado un grupo de atracadores responsable de m\u00e1s de 60 delitos, en una operaci\u00f3n desarrollada en Madrid que se ha saldado con cinco detenidos, entre ellos su l\u00edder, un hist\u00f3rico alunicero que a pesar de su edad, 22 a\u00f1os, cuenta con 50 antecedentes. Una","canonical_url":"https:\/\/www.eldigitaldeasturias.com\/noticias\/cae-grupo-de-atracadores-liderado-por-un-historico-alunicero-con-60-delitos\/","robots":"max-image-preview:large","keywords":"sucesos","webmasterTools":{"google-site-verification":"UA-38556648-1","msvalidate.01":"7dfe9f3f1b24437ab69f4f2559babe99","miscellaneous":""},"schema":{"@context":"https:\/\/schema.org","@graph":[{"@type":"BlogPosting","@id":"https:\/\/www.eldigitaldeasturias.com\/noticias\/cae-grupo-de-atracadores-liderado-por-un-historico-alunicero-con-60-delitos\/#blogposting","name":"Cae grupo de atracadores liderado por un hist\u00f3rico alunicero con 60 delitos - El Digital de Asturias","headline":"Cae grupo de atracadores liderado por un hist\u00f3rico alunicero con 60 delitos","author":{"@id":"https:\/\/www.eldigitaldeasturias.com\/noticias\/author\/admin\/#author"},"publisher":{"@id":"https:\/\/www.eldigitaldeasturias.com\/noticias\/#organization"},"image":{"@type":"ImageObject","url":455825},"datePublished":"2013-11-29T20:11:46+01:00","dateModified":"2013-11-29T20:11:46+01:00","inLanguage":"es-ES","mainEntityOfPage":{"@id":"https:\/\/www.eldigitaldeasturias.com\/noticias\/cae-grupo-de-atracadores-liderado-por-un-historico-alunicero-con-60-delitos\/#webpage"},"isPartOf":{"@id":"https:\/\/www.eldigitaldeasturias.com\/noticias\/cae-grupo-de-atracadores-liderado-por-un-historico-alunicero-con-60-delitos\/#webpage"},"articleSection":"Sucesos"},{"@type":"BreadcrumbList","@id":"https:\/\/www.eldigitaldeasturias.com\/noticias\/cae-grupo-de-atracadores-liderado-por-un-historico-alunicero-con-60-delitos\/#breadcrumblist","itemListElement":[{"@type":"ListItem","@id":"https:\/\/www.eldigitaldeasturias.com\/noticias#listItem","position":1,"name":"Home","item":"https:\/\/www.eldigitaldeasturias.com\/noticias","nextItem":{"@type":"ListItem","@id":"https:\/\/www.eldigitaldeasturias.com\/noticias\/category\/sucesos\/#listItem","name":"Sucesos"}},{"@type":"ListItem","@id":"https:\/\/www.eldigitaldeasturias.com\/noticias\/category\/sucesos\/#listItem","position":2,"name":"Sucesos","item":"https:\/\/www.eldigitaldeasturias.com\/noticias\/category\/sucesos\/","nextItem":{"@type":"ListItem","@id":"https:\/\/www.eldigitaldeasturias.com\/noticias\/cae-grupo-de-atracadores-liderado-por-un-historico-alunicero-con-60-delitos\/#listItem","name":"Cae grupo de atracadores liderado por un hist\u00f3rico alunicero con 60 delitos"},"previousItem":{"@type":"ListItem","@id":"https:\/\/www.eldigitaldeasturias.com\/noticias#listItem","name":"Home"}},{"@type":"ListItem","@id":"https:\/\/www.eldigitaldeasturias.com\/noticias\/cae-grupo-de-atracadores-liderado-por-un-historico-alunicero-con-60-delitos\/#listItem","position":3,"name":"Cae grupo de atracadores liderado por un hist\u00f3rico alunicero con 60 delitos","previousItem":{"@type":"ListItem","@id":"https:\/\/www.eldigitaldeasturias.com\/noticias\/category\/sucesos\/#listItem","name":"Sucesos"}}]},{"@type":"Organization","@id":"https:\/\/www.eldigitaldeasturias.com\/noticias\/#organization","name":"El Digital de Asturias","description":"Hemeroteca","url":"https:\/\/www.eldigitaldeasturias.com\/noticias\/","email":"info@eldigitaldeasturias.com","telephone":"+34652131393","logo":{"@type":"ImageObject","url":"https:\/\/www.eldigitaldeasturias.com\/noticias\/wp-content\/uploads\/2020\/12\/EDA.jpg","@id":"https:\/\/www.eldigitaldeasturias.com\/noticias\/cae-grupo-de-atracadores-liderado-por-un-historico-alunicero-con-60-delitos\/#organizationLogo"},"image":{"@id":"https:\/\/www.eldigitaldeasturias.com\/noticias\/cae-grupo-de-atracadores-liderado-por-un-historico-alunicero-con-60-delitos\/#organizationLogo"},"sameAs":["https:\/\/facebook.com\/eldigitaldeasturias","https:\/\/www.youtube.com\/channel\/UCZP-2wLEB9Rv6erhFmqVnvg"],"address":{"@id":"https:\/\/www.eldigitaldeasturias.com\/noticias\/#postaladdress","@type":"PostalAddress","streetAddress":"san antonio 4","postalCode":"33430","addressLocality":"Cand\u00e1s","addressRegion":"Asturias","addressCountry":"ES"}},{"@type":"Person","@id":"https:\/\/www.eldigitaldeasturias.com\/noticias\/author\/admin\/#author","url":"https:\/\/www.eldigitaldeasturias.com\/noticias\/author\/admin\/","name":"El Digital de Asturias","image":{"@type":"ImageObject","@id":"https:\/\/www.eldigitaldeasturias.com\/noticias\/cae-grupo-de-atracadores-liderado-por-un-historico-alunicero-con-60-delitos\/#authorImage","url":"https:\/\/secure.gravatar.com\/avatar\/df2aeffc32bcd13f8d26072ef8a91b623d677766deac7f97ca815868cd41bf5e?s=96&d=mm&r=g","width":96,"height":96,"caption":"El Digital de Asturias"}},{"@type":"WebPage","@id":"https:\/\/www.eldigitaldeasturias.com\/noticias\/cae-grupo-de-atracadores-liderado-por-un-historico-alunicero-con-60-delitos\/#webpage","url":"https:\/\/www.eldigitaldeasturias.com\/noticias\/cae-grupo-de-atracadores-liderado-por-un-historico-alunicero-con-60-delitos\/","name":"Cae grupo de atracadores liderado por un hist\u00f3rico alunicero con 60 delitos - El Digital de Asturias","description":"Madrid, 29 nov (EFE).- La Polic\u00eda y la Guardia Civil han desarticulado un grupo de atracadores responsable de m\u00e1s de 60 delitos, en una operaci\u00f3n desarrollada en Madrid que se ha saldado con cinco detenidos, entre ellos su l\u00edder, un hist\u00f3rico alunicero que a pesar de su edad, 22 a\u00f1os, cuenta con 50 antecedentes. Una","inLanguage":"es-ES","isPartOf":{"@id":"https:\/\/www.eldigitaldeasturias.com\/noticias\/#website"},"breadcrumb":{"@id":"https:\/\/www.eldigitaldeasturias.com\/noticias\/cae-grupo-de-atracadores-liderado-por-un-historico-alunicero-con-60-delitos\/#breadcrumblist"},"author":{"@id":"https:\/\/www.eldigitaldeasturias.com\/noticias\/author\/admin\/#author"},"creator":{"@id":"https:\/\/www.eldigitaldeasturias.com\/noticias\/author\/admin\/#author"},"image":{"@type":"ImageObject","url":455825,"@id":"https:\/\/www.eldigitaldeasturias.com\/noticias\/cae-grupo-de-atracadores-liderado-por-un-historico-alunicero-con-60-delitos\/#mainImage"},"primaryImageOfPage":{"@id":"https:\/\/www.eldigitaldeasturias.com\/noticias\/cae-grupo-de-atracadores-liderado-por-un-historico-alunicero-con-60-delitos\/#mainImage"},"datePublished":"2013-11-29T20:11:46+01:00","dateModified":"2013-11-29T20:11:46+01:00"},{"@type":"WebSite","@id":"https:\/\/www.eldigitaldeasturias.com\/noticias\/#website","url":"https:\/\/www.eldigitaldeasturias.com\/noticias\/","name":"El Digital de Asturias - Diario de actualidad y noticias","alternateName":"El Digital de Asturias - Diario de actualidad y noticias","description":"Hemeroteca","inLanguage":"es-ES","publisher":{"@id":"https:\/\/www.eldigitaldeasturias.com\/noticias\/#organization"}}]},"og:locale":"es_ES","og:site_name":"El Digital de Asturias","og:type":"article","og:title":"Cae grupo de atracadores liderado por un hist\u00f3rico alunicero con 60 delitos - El Digital de Asturias","og:description":"Madrid, 29 nov (EFE).- La Polic\u00eda y la Guardia Civil han desarticulado un grupo de atracadores responsable de m\u00e1s de 60 delitos, en una operaci\u00f3n desarrollada en Madrid que se ha saldado con cinco detenidos, entre ellos su l\u00edder, un hist\u00f3rico alunicero que a pesar de su edad, 22 a\u00f1os, cuenta con 50 antecedentes. Una","og:url":"https:\/\/www.eldigitaldeasturias.com\/noticias\/cae-grupo-de-atracadores-liderado-por-un-historico-alunicero-con-60-delitos\/","article:tag":["sucesos"],"article:published_time":"2013-11-29T21:11:46+00:00","article:modified_time":"2013-11-29T21:11:46+00:00","article:publisher":"https:\/\/facebook.com\/eldigitaldeasturias","twitter:card":"summary_large_image","twitter:title":"Cae grupo de atracadores liderado por un hist\u00f3rico alunicero con 60 delitos - El Digital de Asturias","twitter:description":"Madrid, 29 nov (EFE).- La Polic\u00eda y la Guardia Civil han desarticulado un grupo de atracadores responsable de m\u00e1s de 60 delitos, en una operaci\u00f3n desarrollada en Madrid que se ha saldado con cinco detenidos, entre ellos su l\u00edder, un hist\u00f3rico alunicero que a pesar de su edad, 22 a\u00f1os, cuenta con 50 antecedentes. Una","twitter:label1":"Escrito por","twitter:data1":"El Digital de Asturias","twitter:label2":"Tiempo de lectura estimado","twitter:data2":"3 minutos"},"aioseo_meta_data":{"post_id":"455824","title":null,"description":null,"keywords":null,"keyphrases":null,"primary_term":null,"canonical_url":null,"og_title":null,"og_description":null,"og_object_type":"default","og_image_type":"default","og_image_url":null,"og_image_width":null,"og_image_height":null,"og_image_custom_url":null,"og_image_custom_fields":null,"og_video":null,"og_custom_url":null,"og_article_section":null,"og_article_tags":null,"twitter_use_og":true,"twitter_card":"default","twitter_image_type":"default","twitter_image_url":null,"twitter_image_custom_url":null,"twitter_image_custom_fields":null,"twitter_title":null,"twitter_description":null,"schema":{"blockGraphs":[],"customGraphs":[],"default":{"data":{"Article":[],"Course":[],"Dataset":[],"FAQPage":[],"Movie":[],"Person":[],"Product":[],"ProductReview":[],"Car":[],"Recipe":[],"Service":[],"SoftwareApplication":[],"WebPage":[]},"graphName":"","isEnabled":true},"graphs":[],"defaultGraph":"","defaultPostTypeGraph":""},"schema_type":null,"schema_type_options":null,"pillar_content":false,"robots_default":true,"robots_noindex":false,"robots_noarchive":false,"robots_nosnippet":false,"robots_nofollow":false,"robots_noimageindex":false,"robots_noodp":false,"robots_notranslate":false,"robots_max_snippet":null,"robots_max_videopreview":null,"robots_max_imagepreview":"none","priority":null,"frequency":null,"local_seo":null,"seo_analyzer_scan_date":"2026-05-29 19:39:53","breadcrumb_settings":null,"limit_modified_date":false,"open_ai":null,"ai":null,"created":"2020-11-14 22:45:21","updated":"2026-05-29 19:39:53","focus_keyword":null,"additional_keywords":null,"truseo_locale":null},"aioseo_breadcrumb":"<div class=\"aioseo-breadcrumbs\"><span class=\"aioseo-breadcrumb\">\n\t<a href=\"https:\/\/www.eldigitaldeasturias.com\/noticias\" title=\"Home\">Home<\/a>\n<\/span><span class=\"aioseo-breadcrumb-separator\">\u2013<\/span><span class=\"aioseo-breadcrumb\">\n\t<a href=\"https:\/\/www.eldigitaldeasturias.com\/noticias\/category\/sucesos\/\" title=\"Sucesos\">Sucesos<\/a>\n<\/span><span class=\"aioseo-breadcrumb-separator\">\u2013<\/span><span class=\"aioseo-breadcrumb\">\n\t<a href=\"https:\/\/www.eldigitaldeasturias.com\/noticias\/cae-grupo-de-atracadores-liderado-por-un-historico-alunicero-con-60-delitos\/\" title=\"Cae grupo de atracadores liderado por un hist\u00f3rico alunicero con 60 delitos\">Cae grupo de atracadores liderado por un hist\u00f3rico alunicero con 60 delitos<\/a>\n<\/span><\/div>","aioseo_breadcrumb_json":[{"label":"Home","link":"https:\/\/www.eldigitaldeasturias.com\/noticias"},{"label":"Sucesos","link":"https:\/\/www.eldigitaldeasturias.com\/noticias\/category\/sucesos\/"},{"label":"Cae grupo de atracadores liderado por un hist\u00f3rico alunicero con 60 delitos","link":"https:\/\/www.eldigitaldeasturias.com\/noticias\/cae-grupo-de-atracadores-liderado-por-un-historico-alunicero-con-60-delitos\/"}],"_links":{"self":[{"href":"https:\/\/www.eldigitaldeasturias.com\/noticias\/wp-json\/wp\/v2\/posts\/455824","targetHints":{"allow":["GET"]}}],"collection":[{"href":"https:\/\/www.eldigitaldeasturias.com\/noticias\/wp-json\/wp\/v2\/posts"}],"about":[{"href":"https:\/\/www.eldigitaldeasturias.com\/noticias\/wp-json\/wp\/v2\/types\/post"}],"author":[{"embeddable":true,"href":"https:\/\/www.eldigitaldeasturias.com\/noticias\/wp-json\/wp\/v2\/users\/1"}],"replies":[{"embeddable":true,"href":"https:\/\/www.eldigitaldeasturias.com\/noticias\/wp-json\/wp\/v2\/comments?post=455824"}],"version-history":[{"count":0,"href":"https:\/\/www.eldigitaldeasturias.com\/noticias\/wp-json\/wp\/v2\/posts\/455824\/revisions"}],"wp:attachment":[{"href":"https:\/\/www.eldigitaldeasturias.com\/noticias\/wp-json\/wp\/v2\/media?parent=455824"}],"wp:term":[{"taxonomy":"category","embeddable":true,"href":"https:\/\/www.eldigitaldeasturias.com\/noticias\/wp-json\/wp\/v2\/categories?post=455824"},{"taxonomy":"post_tag","embeddable":true,"href":"https:\/\/www.eldigitaldeasturias.com\/noticias\/wp-json\/wp\/v2\/tags?post=455824"}],"curies":[{"name":"wp","href":"https:\/\/api.w.org\/{rel}","templated":true}]}}