{"id":455818,"date":"2013-11-29T20:06:54","date_gmt":"2013-11-29T21:06:54","guid":{"rendered":"http:\/\/www.eldigitaldeasturias.com\/noticias\/?p=455818"},"modified":"2013-11-29T20:06:54","modified_gmt":"2013-11-29T21:06:54","slug":"la-nieve-y-el-viento-protagonistas-de-un-fin-de-semana-muy-frio","status":"publish","type":"post","link":"https:\/\/www.eldigitaldeasturias.com\/noticias\/la-nieve-y-el-viento-protagonistas-de-un-fin-de-semana-muy-frio\/","title":{"rendered":"La nieve y el viento, protagonistas de un fin de semana muy fr\u00edo"},"content":{"rendered":"<p><img loading=\"lazy\" decoding=\"async\" class=\"alignleft size-medium wp-image-455819\" alt=\"5761790w\" src=\"https:\/\/www.eldigitaldeasturias.com\/noticias\/wp-content\/uploads\/2013\/11\/5761790w-360x193.jpg\" width=\"360\" height=\"193\" \/>Madrid, 29 nov (EFE).- El intenso fr\u00edo que congela media Espa\u00f1a con temperaturas m\u00ednimas de hasta 8 grados bajo cero se prolongar\u00e1 a lo largo del fin de semana acompa\u00f1ado de fuertes vientos con rachas de hasta 100 km\/h en las Islas Baleares y por nevadas en el centro y este de la pen\u00ednsula.<\/p>\n<p>A partir de ma\u00f1ana, la Agencia Estatal de Meteorolog\u00eda (Aemet) mantiene activada la alerta naranja (riesgo importante) por nevadas en Lleida y Alicante donde la nieve acumular\u00e1 entre 20 y 10 cent\u00edmetros de espesor respectivamente.<\/p>\n<p>Las provincias de Huesca, Burgos, Soria, Navarra, Valencia y La Rioja mantienen la alerta amarilla por nieve.<\/p>\n<p>La cota de nieve se situar\u00e1 entre los 700\/900 metros en el noreste peninsular, los 900\/1.300 metros en el resto de la mitad norte y entre los 900\/1.000 en las Baleares.<\/p>\n<p>En la zona centro e interior de la pen\u00ednsula seguir\u00e1n los cielos despejados con intensas heladas nocturnas en \u00e1reas de Guadalajara y \u00c1vila donde el term\u00f3metro descender\u00e1 hasta los 6\/8 grados bajo cero, ha avanzado a EFEverde el meteor\u00f3logo Jos\u00e9 Antonio Maldonado.<\/p>\n<p>En Toledo y Granada se registrar\u00e1 una m\u00ednima de -3 grados cent\u00edgrado, -2 en Le\u00f3n, Palencia y Valladolid, -1 en C\u00f3rdoba y Girona y 0 grados en la capital de Espa\u00f1a.<\/p>\n<p>Las lluvias afectar\u00e1n a Galicia, \u00e1rea del Cant\u00e1brico, zonas del este de Castilla y Le\u00f3n, La Rioja, Navarra, Valencia y las Islas Baleares.<\/p>\n<p>En puntos del suroeste y la Costa del Sol seguir\u00e1n los cielos despejados con temperaturas diurnas agradables entre los 14\/18 grados cent\u00edgrados, ha explicado el meteor\u00f3logo.<\/p>\n<p>Seg\u00fan la Aemet, las temperaturas m\u00e1ximas oscilar\u00e1n entre los 17 grados cent\u00edgrados de Huelva, 16 grados en C\u00e1diz, 15 grados en Almer\u00eda y Castell\u00f3n, 13 grados en Pontevedra, 11 en Guadalajara y 8 grados en Madrid.<\/p>\n<p>Protecci\u00f3n Civil avisa que durante los pr\u00f3ximos d\u00edas se prev\u00e9n fuertes vientos en zonas del cuadrante noreste peninsular Pirineos, Gerona, este de Arag\u00f3n, Valle del Ebro y las Islas Baleares, donde las rachas de viento podr\u00edan alcanzar hasta los 90 km\/h y mar gruesa con viento del nordeste y fuerza 7\/8.<\/p>\n<p>Maldonado ha explicado que para el domingo se esperan menos lluvias, exceptuando Valencia, Murcia y las Baleares que mantienen la alerta amarilla por precipitaciones que recoger\u00e1n entre 25\/20 litros por metro cuadrado en una hora.<\/p>\n<p>Durante este d\u00eda las temperaturas nocturnas seguir\u00e1n en ligero a moderado ascenso en el \u00e1rea mediterr\u00e1nea mientras que las diurnas descender\u00e1n en el extremo del sudeste y en zonas de monta\u00f1a del norte peninsular seguir\u00e1n las intensas heladas.<\/p>\n","protected":false},"excerpt":{"rendered":"<p>Madrid, 29 nov (EFE).- El intenso fr\u00edo que congela media Espa\u00f1a con temperaturas m\u00ednimas de hasta 8 grados bajo cero se prolongar\u00e1 a lo largo del fin de semana acompa\u00f1ado de fuertes vientos con rachas de hasta 100 km\/h en las Islas Baleares y por nevadas en el centro y este de la pen\u00ednsula. A [&hellip;]<\/p>\n","protected":false},"author":1,"featured_media":455819,"comment_status":"closed","ping_status":"open","sticky":false,"template":"","format":"standard","meta":{"footnotes":""},"categories":[2],"tags":[],"class_list":["post-455818","post","type-post","status-publish","format-standard","has-post-thumbnail","hentry","category-agenda"],"aioseo_notices":[],"aioseo_head":"\n\t\t<!-- All in One SEO Pro 5.0.1 - aioseo.com -->\n\t<meta name=\"description\" content=\"Madrid, 29 nov (EFE).- El intenso fr\u00edo que congela media Espa\u00f1a con temperaturas m\u00ednimas de hasta 8 grados bajo cero se prolongar\u00e1 a lo largo del fin de semana acompa\u00f1ado de fuertes vientos con rachas de hasta 100 km\/h en las Islas Baleares y por nevadas en el centro y este de la pen\u00ednsula. A\" \/>\n\t<meta name=\"robots\" content=\"max-image-preview:large\" \/>\n\t<meta name=\"author\" content=\"El Digital de Asturias\"\/>\n\t<meta name=\"google-site-verification\" content=\"UA-38556648-1\" \/>\n\t<meta name=\"msvalidate.01\" content=\"7dfe9f3f1b24437ab69f4f2559babe99\" \/>\n\t<meta name=\"keywords\" content=\"agenda\" \/>\n\t<link rel=\"canonical\" href=\"https:\/\/www.eldigitaldeasturias.com\/noticias\/la-nieve-y-el-viento-protagonistas-de-un-fin-de-semana-muy-frio\/\" \/>\n\t<meta name=\"generator\" content=\"All in One SEO Pro (AIOSEO) 5.0.1\" \/>\n\t\t<meta property=\"og:locale\" content=\"es_ES\" \/>\n\t\t<meta property=\"og:site_name\" content=\"El Digital de Asturias\" \/>\n\t\t<meta property=\"og:type\" content=\"article\" \/>\n\t\t<meta property=\"og:title\" content=\"La nieve y el viento, protagonistas de un fin de semana muy fr\u00edo - El Digital de Asturias\" \/>\n\t\t<meta property=\"og:description\" content=\"Madrid, 29 nov (EFE).- El intenso fr\u00edo que congela media Espa\u00f1a con temperaturas m\u00ednimas de hasta 8 grados bajo cero se prolongar\u00e1 a lo largo del fin de semana acompa\u00f1ado de fuertes vientos con rachas de hasta 100 km\/h en las Islas Baleares y por nevadas en el centro y este de la pen\u00ednsula. A\" \/>\n\t\t<meta property=\"og:url\" content=\"https:\/\/www.eldigitaldeasturias.com\/noticias\/la-nieve-y-el-viento-protagonistas-de-un-fin-de-semana-muy-frio\/\" \/>\n\t\t<meta property=\"article:tag\" content=\"agenda\" \/>\n\t\t<meta property=\"article:published_time\" content=\"2013-11-29T21:06:54+00:00\" \/>\n\t\t<meta property=\"article:modified_time\" content=\"2013-11-29T21:06:54+00:00\" \/>\n\t\t<meta property=\"article:publisher\" content=\"https:\/\/facebook.com\/eldigitaldeasturias\" \/>\n\t\t<meta name=\"twitter:card\" content=\"summary_large_image\" \/>\n\t\t<meta name=\"twitter:title\" content=\"La nieve y el viento, protagonistas de un fin de semana muy fr\u00edo - El Digital de Asturias\" \/>\n\t\t<meta name=\"twitter:description\" content=\"Madrid, 29 nov (EFE).- El intenso fr\u00edo que congela media Espa\u00f1a con temperaturas m\u00ednimas de hasta 8 grados bajo cero se prolongar\u00e1 a lo largo del fin de semana acompa\u00f1ado de fuertes vientos con rachas de hasta 100 km\/h en las Islas Baleares y por nevadas en el centro y este de la pen\u00ednsula. A\" \/>\n\t\t<meta name=\"twitter:label1\" content=\"Escrito por\" \/>\n\t\t<meta name=\"twitter:data1\" content=\"El Digital de Asturias\" \/>\n\t\t<meta name=\"twitter:label2\" content=\"Tiempo de lectura estimado\" \/>\n\t\t<meta name=\"twitter:data2\" content=\"2 minutos\" \/>\n\t\t<script type=\"application\/ld+json\" class=\"aioseo-schema\">\n\t\t\t{\"@context\":\"https:\\\/\\\/schema.org\",\"@graph\":[{\"@type\":\"BlogPosting\",\"@id\":\"https:\\\/\\\/www.eldigitaldeasturias.com\\\/noticias\\\/la-nieve-y-el-viento-protagonistas-de-un-fin-de-semana-muy-frio\\\/#blogposting\",\"name\":\"La nieve y el viento, protagonistas de un fin de semana muy fr\\u00edo - El Digital de Asturias\",\"headline\":\"La nieve y el viento, protagonistas de un fin de semana muy fr\\u00edo\",\"author\":{\"@id\":\"https:\\\/\\\/www.eldigitaldeasturias.com\\\/noticias\\\/author\\\/admin\\\/#author\"},\"publisher\":{\"@id\":\"https:\\\/\\\/www.eldigitaldeasturias.com\\\/noticias\\\/#organization\"},\"image\":{\"@type\":\"ImageObject\",\"url\":455819},\"datePublished\":\"2013-11-29T20:06:54+01:00\",\"dateModified\":\"2013-11-29T20:06:54+01:00\",\"inLanguage\":\"es-ES\",\"mainEntityOfPage\":{\"@id\":\"https:\\\/\\\/www.eldigitaldeasturias.com\\\/noticias\\\/la-nieve-y-el-viento-protagonistas-de-un-fin-de-semana-muy-frio\\\/#webpage\"},\"isPartOf\":{\"@id\":\"https:\\\/\\\/www.eldigitaldeasturias.com\\\/noticias\\\/la-nieve-y-el-viento-protagonistas-de-un-fin-de-semana-muy-frio\\\/#webpage\"},\"articleSection\":\"Agenda\"},{\"@type\":\"BreadcrumbList\",\"@id\":\"https:\\\/\\\/www.eldigitaldeasturias.com\\\/noticias\\\/la-nieve-y-el-viento-protagonistas-de-un-fin-de-semana-muy-frio\\\/#breadcrumblist\",\"itemListElement\":[{\"@type\":\"ListItem\",\"@id\":\"https:\\\/\\\/www.eldigitaldeasturias.com\\\/noticias#listItem\",\"position\":1,\"name\":\"Home\",\"item\":\"https:\\\/\\\/www.eldigitaldeasturias.com\\\/noticias\",\"nextItem\":{\"@type\":\"ListItem\",\"@id\":\"https:\\\/\\\/www.eldigitaldeasturias.com\\\/noticias\\\/category\\\/agenda\\\/#listItem\",\"name\":\"Agenda\"}},{\"@type\":\"ListItem\",\"@id\":\"https:\\\/\\\/www.eldigitaldeasturias.com\\\/noticias\\\/category\\\/agenda\\\/#listItem\",\"position\":2,\"name\":\"Agenda\",\"item\":\"https:\\\/\\\/www.eldigitaldeasturias.com\\\/noticias\\\/category\\\/agenda\\\/\",\"nextItem\":{\"@type\":\"ListItem\",\"@id\":\"https:\\\/\\\/www.eldigitaldeasturias.com\\\/noticias\\\/la-nieve-y-el-viento-protagonistas-de-un-fin-de-semana-muy-frio\\\/#listItem\",\"name\":\"La nieve y el viento, protagonistas de un fin de semana muy fr\\u00edo\"},\"previousItem\":{\"@type\":\"ListItem\",\"@id\":\"https:\\\/\\\/www.eldigitaldeasturias.com\\\/noticias#listItem\",\"name\":\"Home\"}},{\"@type\":\"ListItem\",\"@id\":\"https:\\\/\\\/www.eldigitaldeasturias.com\\\/noticias\\\/la-nieve-y-el-viento-protagonistas-de-un-fin-de-semana-muy-frio\\\/#listItem\",\"position\":3,\"name\":\"La nieve y el viento, protagonistas de un fin de semana muy fr\\u00edo\",\"previousItem\":{\"@type\":\"ListItem\",\"@id\":\"https:\\\/\\\/www.eldigitaldeasturias.com\\\/noticias\\\/category\\\/agenda\\\/#listItem\",\"name\":\"Agenda\"}}]},{\"@type\":\"Organization\",\"@id\":\"https:\\\/\\\/www.eldigitaldeasturias.com\\\/noticias\\\/#organization\",\"name\":\"El Digital de Asturias\",\"description\":\"Hemeroteca\",\"url\":\"https:\\\/\\\/www.eldigitaldeasturias.com\\\/noticias\\\/\",\"email\":\"info@eldigitaldeasturias.com\",\"telephone\":\"+34652131393\",\"logo\":{\"@type\":\"ImageObject\",\"url\":\"https:\\\/\\\/www.eldigitaldeasturias.com\\\/noticias\\\/wp-content\\\/uploads\\\/2020\\\/12\\\/EDA.jpg\",\"@id\":\"https:\\\/\\\/www.eldigitaldeasturias.com\\\/noticias\\\/la-nieve-y-el-viento-protagonistas-de-un-fin-de-semana-muy-frio\\\/#organizationLogo\"},\"image\":{\"@id\":\"https:\\\/\\\/www.eldigitaldeasturias.com\\\/noticias\\\/la-nieve-y-el-viento-protagonistas-de-un-fin-de-semana-muy-frio\\\/#organizationLogo\"},\"sameAs\":[\"https:\\\/\\\/facebook.com\\\/eldigitaldeasturias\",\"https:\\\/\\\/www.youtube.com\\\/channel\\\/UCZP-2wLEB9Rv6erhFmqVnvg\"],\"address\":{\"@id\":\"https:\\\/\\\/www.eldigitaldeasturias.com\\\/noticias\\\/#postaladdress\",\"@type\":\"PostalAddress\",\"streetAddress\":\"san antonio 4\",\"postalCode\":\"33430\",\"addressLocality\":\"Cand\\u00e1s\",\"addressRegion\":\"Asturias\",\"addressCountry\":\"ES\"}},{\"@type\":\"Person\",\"@id\":\"https:\\\/\\\/www.eldigitaldeasturias.com\\\/noticias\\\/author\\\/admin\\\/#author\",\"url\":\"https:\\\/\\\/www.eldigitaldeasturias.com\\\/noticias\\\/author\\\/admin\\\/\",\"name\":\"El Digital de Asturias\",\"image\":{\"@type\":\"ImageObject\",\"@id\":\"https:\\\/\\\/www.eldigitaldeasturias.com\\\/noticias\\\/la-nieve-y-el-viento-protagonistas-de-un-fin-de-semana-muy-frio\\\/#authorImage\",\"url\":\"https:\\\/\\\/secure.gravatar.com\\\/avatar\\\/df2aeffc32bcd13f8d26072ef8a91b623d677766deac7f97ca815868cd41bf5e?s=96&d=mm&r=g\",\"width\":96,\"height\":96,\"caption\":\"El Digital de Asturias\"}},{\"@type\":\"WebPage\",\"@id\":\"https:\\\/\\\/www.eldigitaldeasturias.com\\\/noticias\\\/la-nieve-y-el-viento-protagonistas-de-un-fin-de-semana-muy-frio\\\/#webpage\",\"url\":\"https:\\\/\\\/www.eldigitaldeasturias.com\\\/noticias\\\/la-nieve-y-el-viento-protagonistas-de-un-fin-de-semana-muy-frio\\\/\",\"name\":\"La nieve y el viento, protagonistas de un fin de semana muy fr\\u00edo - El Digital de Asturias\",\"description\":\"Madrid, 29 nov (EFE).- El intenso fr\\u00edo que congela media Espa\\u00f1a con temperaturas m\\u00ednimas de hasta 8 grados bajo cero se prolongar\\u00e1 a lo largo del fin de semana acompa\\u00f1ado de fuertes vientos con rachas de hasta 100 km\\\/h en las Islas Baleares y por nevadas en el centro y este de la pen\\u00ednsula. A\",\"inLanguage\":\"es-ES\",\"isPartOf\":{\"@id\":\"https:\\\/\\\/www.eldigitaldeasturias.com\\\/noticias\\\/#website\"},\"breadcrumb\":{\"@id\":\"https:\\\/\\\/www.eldigitaldeasturias.com\\\/noticias\\\/la-nieve-y-el-viento-protagonistas-de-un-fin-de-semana-muy-frio\\\/#breadcrumblist\"},\"author\":{\"@id\":\"https:\\\/\\\/www.eldigitaldeasturias.com\\\/noticias\\\/author\\\/admin\\\/#author\"},\"creator\":{\"@id\":\"https:\\\/\\\/www.eldigitaldeasturias.com\\\/noticias\\\/author\\\/admin\\\/#author\"},\"image\":{\"@type\":\"ImageObject\",\"url\":455819,\"@id\":\"https:\\\/\\\/www.eldigitaldeasturias.com\\\/noticias\\\/la-nieve-y-el-viento-protagonistas-de-un-fin-de-semana-muy-frio\\\/#mainImage\"},\"primaryImageOfPage\":{\"@id\":\"https:\\\/\\\/www.eldigitaldeasturias.com\\\/noticias\\\/la-nieve-y-el-viento-protagonistas-de-un-fin-de-semana-muy-frio\\\/#mainImage\"},\"datePublished\":\"2013-11-29T20:06:54+01:00\",\"dateModified\":\"2013-11-29T20:06:54+01:00\"},{\"@type\":\"WebSite\",\"@id\":\"https:\\\/\\\/www.eldigitaldeasturias.com\\\/noticias\\\/#website\",\"url\":\"https:\\\/\\\/www.eldigitaldeasturias.com\\\/noticias\\\/\",\"name\":\"El Digital de Asturias - Diario de actualidad y noticias\",\"alternateName\":\"El Digital de Asturias - Diario de actualidad y noticias\",\"description\":\"Hemeroteca\",\"inLanguage\":\"es-ES\",\"publisher\":{\"@id\":\"https:\\\/\\\/www.eldigitaldeasturias.com\\\/noticias\\\/#organization\"}}]}\n\t\t<\/script>\n\t\t<!-- All in One SEO Pro -->\r\n\t\t<title>La nieve y el viento, protagonistas de un fin de semana muy fr\u00edo - El Digital de Asturias<\/title>\n\n","aioseo_head_json":{"title":"La nieve y el viento, protagonistas de un fin de semana muy fr\u00edo - El Digital de Asturias","description":"Madrid, 29 nov (EFE).- El intenso fr\u00edo que congela media Espa\u00f1a con temperaturas m\u00ednimas de hasta 8 grados bajo cero se prolongar\u00e1 a lo largo del fin de semana acompa\u00f1ado de fuertes vientos con rachas de hasta 100 km\/h en las Islas Baleares y por nevadas en el centro y este de la pen\u00ednsula. A","canonical_url":"https:\/\/www.eldigitaldeasturias.com\/noticias\/la-nieve-y-el-viento-protagonistas-de-un-fin-de-semana-muy-frio\/","robots":"max-image-preview:large","keywords":"agenda","webmasterTools":{"google-site-verification":"UA-38556648-1","msvalidate.01":"7dfe9f3f1b24437ab69f4f2559babe99","miscellaneous":""},"schema":{"@context":"https:\/\/schema.org","@graph":[{"@type":"BlogPosting","@id":"https:\/\/www.eldigitaldeasturias.com\/noticias\/la-nieve-y-el-viento-protagonistas-de-un-fin-de-semana-muy-frio\/#blogposting","name":"La nieve y el viento, protagonistas de un fin de semana muy fr\u00edo - El Digital de Asturias","headline":"La nieve y el viento, protagonistas de un fin de semana muy fr\u00edo","author":{"@id":"https:\/\/www.eldigitaldeasturias.com\/noticias\/author\/admin\/#author"},"publisher":{"@id":"https:\/\/www.eldigitaldeasturias.com\/noticias\/#organization"},"image":{"@type":"ImageObject","url":455819},"datePublished":"2013-11-29T20:06:54+01:00","dateModified":"2013-11-29T20:06:54+01:00","inLanguage":"es-ES","mainEntityOfPage":{"@id":"https:\/\/www.eldigitaldeasturias.com\/noticias\/la-nieve-y-el-viento-protagonistas-de-un-fin-de-semana-muy-frio\/#webpage"},"isPartOf":{"@id":"https:\/\/www.eldigitaldeasturias.com\/noticias\/la-nieve-y-el-viento-protagonistas-de-un-fin-de-semana-muy-frio\/#webpage"},"articleSection":"Agenda"},{"@type":"BreadcrumbList","@id":"https:\/\/www.eldigitaldeasturias.com\/noticias\/la-nieve-y-el-viento-protagonistas-de-un-fin-de-semana-muy-frio\/#breadcrumblist","itemListElement":[{"@type":"ListItem","@id":"https:\/\/www.eldigitaldeasturias.com\/noticias#listItem","position":1,"name":"Home","item":"https:\/\/www.eldigitaldeasturias.com\/noticias","nextItem":{"@type":"ListItem","@id":"https:\/\/www.eldigitaldeasturias.com\/noticias\/category\/agenda\/#listItem","name":"Agenda"}},{"@type":"ListItem","@id":"https:\/\/www.eldigitaldeasturias.com\/noticias\/category\/agenda\/#listItem","position":2,"name":"Agenda","item":"https:\/\/www.eldigitaldeasturias.com\/noticias\/category\/agenda\/","nextItem":{"@type":"ListItem","@id":"https:\/\/www.eldigitaldeasturias.com\/noticias\/la-nieve-y-el-viento-protagonistas-de-un-fin-de-semana-muy-frio\/#listItem","name":"La nieve y el viento, protagonistas de un fin de semana muy fr\u00edo"},"previousItem":{"@type":"ListItem","@id":"https:\/\/www.eldigitaldeasturias.com\/noticias#listItem","name":"Home"}},{"@type":"ListItem","@id":"https:\/\/www.eldigitaldeasturias.com\/noticias\/la-nieve-y-el-viento-protagonistas-de-un-fin-de-semana-muy-frio\/#listItem","position":3,"name":"La nieve y el viento, protagonistas de un fin de semana muy fr\u00edo","previousItem":{"@type":"ListItem","@id":"https:\/\/www.eldigitaldeasturias.com\/noticias\/category\/agenda\/#listItem","name":"Agenda"}}]},{"@type":"Organization","@id":"https:\/\/www.eldigitaldeasturias.com\/noticias\/#organization","name":"El Digital de Asturias","description":"Hemeroteca","url":"https:\/\/www.eldigitaldeasturias.com\/noticias\/","email":"info@eldigitaldeasturias.com","telephone":"+34652131393","logo":{"@type":"ImageObject","url":"https:\/\/www.eldigitaldeasturias.com\/noticias\/wp-content\/uploads\/2020\/12\/EDA.jpg","@id":"https:\/\/www.eldigitaldeasturias.com\/noticias\/la-nieve-y-el-viento-protagonistas-de-un-fin-de-semana-muy-frio\/#organizationLogo"},"image":{"@id":"https:\/\/www.eldigitaldeasturias.com\/noticias\/la-nieve-y-el-viento-protagonistas-de-un-fin-de-semana-muy-frio\/#organizationLogo"},"sameAs":["https:\/\/facebook.com\/eldigitaldeasturias","https:\/\/www.youtube.com\/channel\/UCZP-2wLEB9Rv6erhFmqVnvg"],"address":{"@id":"https:\/\/www.eldigitaldeasturias.com\/noticias\/#postaladdress","@type":"PostalAddress","streetAddress":"san antonio 4","postalCode":"33430","addressLocality":"Cand\u00e1s","addressRegion":"Asturias","addressCountry":"ES"}},{"@type":"Person","@id":"https:\/\/www.eldigitaldeasturias.com\/noticias\/author\/admin\/#author","url":"https:\/\/www.eldigitaldeasturias.com\/noticias\/author\/admin\/","name":"El Digital de Asturias","image":{"@type":"ImageObject","@id":"https:\/\/www.eldigitaldeasturias.com\/noticias\/la-nieve-y-el-viento-protagonistas-de-un-fin-de-semana-muy-frio\/#authorImage","url":"https:\/\/secure.gravatar.com\/avatar\/df2aeffc32bcd13f8d26072ef8a91b623d677766deac7f97ca815868cd41bf5e?s=96&d=mm&r=g","width":96,"height":96,"caption":"El Digital de Asturias"}},{"@type":"WebPage","@id":"https:\/\/www.eldigitaldeasturias.com\/noticias\/la-nieve-y-el-viento-protagonistas-de-un-fin-de-semana-muy-frio\/#webpage","url":"https:\/\/www.eldigitaldeasturias.com\/noticias\/la-nieve-y-el-viento-protagonistas-de-un-fin-de-semana-muy-frio\/","name":"La nieve y el viento, protagonistas de un fin de semana muy fr\u00edo - El Digital de Asturias","description":"Madrid, 29 nov (EFE).- El intenso fr\u00edo que congela media Espa\u00f1a con temperaturas m\u00ednimas de hasta 8 grados bajo cero se prolongar\u00e1 a lo largo del fin de semana acompa\u00f1ado de fuertes vientos con rachas de hasta 100 km\/h en las Islas Baleares y por nevadas en el centro y este de la pen\u00ednsula. A","inLanguage":"es-ES","isPartOf":{"@id":"https:\/\/www.eldigitaldeasturias.com\/noticias\/#website"},"breadcrumb":{"@id":"https:\/\/www.eldigitaldeasturias.com\/noticias\/la-nieve-y-el-viento-protagonistas-de-un-fin-de-semana-muy-frio\/#breadcrumblist"},"author":{"@id":"https:\/\/www.eldigitaldeasturias.com\/noticias\/author\/admin\/#author"},"creator":{"@id":"https:\/\/www.eldigitaldeasturias.com\/noticias\/author\/admin\/#author"},"image":{"@type":"ImageObject","url":455819,"@id":"https:\/\/www.eldigitaldeasturias.com\/noticias\/la-nieve-y-el-viento-protagonistas-de-un-fin-de-semana-muy-frio\/#mainImage"},"primaryImageOfPage":{"@id":"https:\/\/www.eldigitaldeasturias.com\/noticias\/la-nieve-y-el-viento-protagonistas-de-un-fin-de-semana-muy-frio\/#mainImage"},"datePublished":"2013-11-29T20:06:54+01:00","dateModified":"2013-11-29T20:06:54+01:00"},{"@type":"WebSite","@id":"https:\/\/www.eldigitaldeasturias.com\/noticias\/#website","url":"https:\/\/www.eldigitaldeasturias.com\/noticias\/","name":"El Digital de Asturias - Diario de actualidad y noticias","alternateName":"El Digital de Asturias - Diario de actualidad y noticias","description":"Hemeroteca","inLanguage":"es-ES","publisher":{"@id":"https:\/\/www.eldigitaldeasturias.com\/noticias\/#organization"}}]},"og:locale":"es_ES","og:site_name":"El Digital de Asturias","og:type":"article","og:title":"La nieve y el viento, protagonistas de un fin de semana muy fr\u00edo - El Digital de Asturias","og:description":"Madrid, 29 nov (EFE).- El intenso fr\u00edo que congela media Espa\u00f1a con temperaturas m\u00ednimas de hasta 8 grados bajo cero se prolongar\u00e1 a lo largo del fin de semana acompa\u00f1ado de fuertes vientos con rachas de hasta 100 km\/h en las Islas Baleares y por nevadas en el centro y este de la pen\u00ednsula. A","og:url":"https:\/\/www.eldigitaldeasturias.com\/noticias\/la-nieve-y-el-viento-protagonistas-de-un-fin-de-semana-muy-frio\/","article:tag":["agenda"],"article:published_time":"2013-11-29T21:06:54+00:00","article:modified_time":"2013-11-29T21:06:54+00:00","article:publisher":"https:\/\/facebook.com\/eldigitaldeasturias","twitter:card":"summary_large_image","twitter:title":"La nieve y el viento, protagonistas de un fin de semana muy fr\u00edo - El Digital de Asturias","twitter:description":"Madrid, 29 nov (EFE).- El intenso fr\u00edo que congela media Espa\u00f1a con temperaturas m\u00ednimas de hasta 8 grados bajo cero se prolongar\u00e1 a lo largo del fin de semana acompa\u00f1ado de fuertes vientos con rachas de hasta 100 km\/h en las Islas Baleares y por nevadas en el centro y este de la pen\u00ednsula. A","twitter:label1":"Escrito por","twitter:data1":"El Digital de Asturias","twitter:label2":"Tiempo de lectura estimado","twitter:data2":"2 minutos"},"aioseo_meta_data":{"post_id":"455818","title":null,"description":null,"keywords":null,"keyphrases":null,"primary_term":null,"canonical_url":null,"og_title":null,"og_description":null,"og_object_type":"default","og_image_type":"default","og_image_url":null,"og_image_width":null,"og_image_height":null,"og_image_custom_url":null,"og_image_custom_fields":null,"og_video":null,"og_custom_url":null,"og_article_section":null,"og_article_tags":null,"twitter_use_og":true,"twitter_card":"default","twitter_image_type":"default","twitter_image_url":null,"twitter_image_custom_url":null,"twitter_image_custom_fields":null,"twitter_title":null,"twitter_description":null,"schema":{"blockGraphs":[],"customGraphs":[],"default":{"data":{"Article":[],"Course":[],"Dataset":[],"FAQPage":[],"Movie":[],"Person":[],"Product":[],"ProductReview":[],"Car":[],"Recipe":[],"Service":[],"SoftwareApplication":[],"WebPage":[]},"graphName":"","isEnabled":true},"graphs":[],"defaultGraph":"","defaultPostTypeGraph":""},"schema_type":null,"schema_type_options":null,"pillar_content":false,"robots_default":true,"robots_noindex":false,"robots_noarchive":false,"robots_nosnippet":false,"robots_nofollow":false,"robots_noimageindex":false,"robots_noodp":false,"robots_notranslate":false,"robots_max_snippet":null,"robots_max_videopreview":null,"robots_max_imagepreview":"none","priority":null,"frequency":null,"local_seo":null,"seo_analyzer_scan_date":"2026-05-29 19:39:52","breadcrumb_settings":null,"limit_modified_date":false,"open_ai":null,"ai":null,"created":"2020-11-14 22:45:21","updated":"2026-05-29 19:39:52","focus_keyword":null,"additional_keywords":null,"truseo_locale":null},"aioseo_breadcrumb":"<div class=\"aioseo-breadcrumbs\"><span class=\"aioseo-breadcrumb\">\n\t<a href=\"https:\/\/www.eldigitaldeasturias.com\/noticias\" title=\"Home\">Home<\/a>\n<\/span><span class=\"aioseo-breadcrumb-separator\">\u2013<\/span><span class=\"aioseo-breadcrumb\">\n\t<a href=\"https:\/\/www.eldigitaldeasturias.com\/noticias\/category\/agenda\/\" title=\"Agenda\">Agenda<\/a>\n<\/span><span class=\"aioseo-breadcrumb-separator\">\u2013<\/span><span class=\"aioseo-breadcrumb\">\n\t<a href=\"https:\/\/www.eldigitaldeasturias.com\/noticias\/la-nieve-y-el-viento-protagonistas-de-un-fin-de-semana-muy-frio\/\" title=\"La nieve y el viento, protagonistas de un fin de semana muy fr\u00edo\">La nieve y el viento, protagonistas de un fin de semana muy fr\u00edo<\/a>\n<\/span><\/div>","aioseo_breadcrumb_json":[{"label":"Home","link":"https:\/\/www.eldigitaldeasturias.com\/noticias"},{"label":"Agenda","link":"https:\/\/www.eldigitaldeasturias.com\/noticias\/category\/agenda\/"},{"label":"La nieve y el viento, protagonistas de un fin de semana muy fr\u00edo","link":"https:\/\/www.eldigitaldeasturias.com\/noticias\/la-nieve-y-el-viento-protagonistas-de-un-fin-de-semana-muy-frio\/"}],"_links":{"self":[{"href":"https:\/\/www.eldigitaldeasturias.com\/noticias\/wp-json\/wp\/v2\/posts\/455818","targetHints":{"allow":["GET"]}}],"collection":[{"href":"https:\/\/www.eldigitaldeasturias.com\/noticias\/wp-json\/wp\/v2\/posts"}],"about":[{"href":"https:\/\/www.eldigitaldeasturias.com\/noticias\/wp-json\/wp\/v2\/types\/post"}],"author":[{"embeddable":true,"href":"https:\/\/www.eldigitaldeasturias.com\/noticias\/wp-json\/wp\/v2\/users\/1"}],"replies":[{"embeddable":true,"href":"https:\/\/www.eldigitaldeasturias.com\/noticias\/wp-json\/wp\/v2\/comments?post=455818"}],"version-history":[{"count":0,"href":"https:\/\/www.eldigitaldeasturias.com\/noticias\/wp-json\/wp\/v2\/posts\/455818\/revisions"}],"wp:attachment":[{"href":"https:\/\/www.eldigitaldeasturias.com\/noticias\/wp-json\/wp\/v2\/media?parent=455818"}],"wp:term":[{"taxonomy":"category","embeddable":true,"href":"https:\/\/www.eldigitaldeasturias.com\/noticias\/wp-json\/wp\/v2\/categories?post=455818"},{"taxonomy":"post_tag","embeddable":true,"href":"https:\/\/www.eldigitaldeasturias.com\/noticias\/wp-json\/wp\/v2\/tags?post=455818"}],"curies":[{"name":"wp","href":"https:\/\/api.w.org\/{rel}","templated":true}]}}