{"id":455809,"date":"2013-11-29T19:58:46","date_gmt":"2013-11-29T20:58:46","guid":{"rendered":"http:\/\/www.eldigitaldeasturias.com\/noticias\/?p=455809"},"modified":"2013-11-29T19:58:46","modified_gmt":"2013-11-29T20:58:46","slug":"las-enfermedades-mentales-suponen-el-9-por-ciento-de-estancias-y-solo-el-2-de-altas","status":"publish","type":"post","link":"https:\/\/www.eldigitaldeasturias.com\/noticias\/las-enfermedades-mentales-suponen-el-9-por-ciento-de-estancias-y-solo-el-2-de-altas\/","title":{"rendered":"Las enfermedades mentales suponen el 9 por ciento de estancias y s\u00f3lo el 2 de altas"},"content":{"rendered":"<p><img loading=\"lazy\" decoding=\"async\" class=\"alignleft size-medium wp-image-455810\" alt=\"5761375w\" src=\"https:\/\/www.eldigitaldeasturias.com\/noticias\/wp-content\/uploads\/2013\/11\/5761375w-360x233.jpg\" width=\"360\" height=\"233\" \/>(EFE).- Las enfermedades mentales ya suponen el 9,4 por ciento de las estancias hospitalarias pero s\u00f3lo representan el 2,4 por ciento de las altas, seg\u00fan advierte hoy el Instituto Nacional de Estad\u00edstica (INE) en su Encuesta de Morbilidad Hospitalaria correspondiente a 2012.<\/p>\n<p>Esta diferencia se explica, seg\u00fan han se\u00f1alado a Efe fuentes del INE, porque se trata de patolog\u00edas que, en la mayor\u00eda de los casos requieren hospitalizaciones muy largas que \u00aben muchas ocasiones pueden llegar a superar varios a\u00f1os\u00bb.<\/p>\n<p>La misma encuesta se\u00f1ala que las enfermedades del aparato circulatorio y los tumores contin\u00faan siendo la principal causa de hospitalizaci\u00f3n en Espa\u00f1a, con el 15,1 % y el 11,8 %, respectivamente.<\/p>\n<p>Adem\u00e1s, el n\u00famero de altas sigue reduci\u00e9ndose debido al menor n\u00famero de embarazos y partos consecuencia de la ca\u00edda de la natalidad.<\/p>\n<p>Seg\u00fan la citada encuesta, 7,2 de cada 10 altas concedidas se produjeron en hospitales p\u00fablicos donde los pacientes permanecieron ingresados una media de 6,6 d\u00edas.<\/p>\n<p>La Encuesta de Morbilidad Hospitalaria ofrece informaci\u00f3n sobre las altas hospitalarias con internamiento y la estancia media del ingreso y en ella se explica que los motivos de las altas -cuando el paciente deja libre la cama que ocupa- son curaci\u00f3n, mejor\u00eda, fallecimiento, traslado o alta voluntaria.<\/p>\n<p>As\u00ed, en 2012 se produjeron 4,63 millones de altas, un 0,8 % menos que un a\u00f1o antes, lo que supone la cuarta bajada anual consecutiva.<\/p>\n<p>Este descenso, explica el INE, se debe al menor n\u00famero de embarazos y partos, despu\u00e9s de que en 2012 se redujesen un 3,9 % los nacimientos en Espa\u00f1a, y a\u00f1ade que a pesar de ser el tercer diagn\u00f3stico m\u00e1s frecuente entre las altas, ocupan el s\u00e9ptimo puesto en estancias hospitalarias.<\/p>\n<p>M\u00e1s de la mitad de las altas correspondieron a mujeres (53,2 %), un porcentaje que se reduce al 47,2 % si se excluyen las de embarazo, parto y puerperio.<\/p>\n<p>La tasa de morbilidad (n\u00famero de altas por cada 100.000 habitantes) fue de 9.909, un 0,8 % menos que en 2011.<\/p>\n<p>Por sexo, los embarazos, partos y puerperio contin\u00faan siendo la primera causa de hospitalizaci\u00f3n de mujeres, con el 21,5 % del total de las altas en 2012, seguidas de las enfermedades del aparato circulatorio (11 %) y las del aparato digestivo (10 %).<\/p>\n<p>En los hombres, las enfermedades que generaron un mayor n\u00famero de hospitalizaciones son las del aparato circulatorio, con el 15,7 % del total, seguidas de las del digestivo (14,3 %) y las respiratorias (13,9 %).<\/p>\n<p>La edad media de las personas que recibieron el alta es de 54,2 a\u00f1os y la tasa de morbilidad descendi\u00f3 en todos los grupos de edad en 2012, salvo en los mayores de 74 a\u00f1os (aument\u00f3 un 1,3 %).<\/p>\n<p>Excluidas las estancias por enfermedades mentales, las permanencias hospitalarias m\u00e1s largas correspondieron a las patolog\u00edas de reci\u00e9n nacidos o asociadas al nacimiento (8,88 d\u00edas), las enfermedades infecciosas y parasitarias (8,72) y los tumores (8,24).<\/p>\n<p>El 61,2 % de las altas hospitalarias de 2012 correspondieron a ingresos por urgencias.<\/p>\n<p>Respecto al motivo de alta, el 92,2 % se produjo por curaci\u00f3n o mejor\u00eda, el 4 % por fallecimiento y el 3,8 % por traslado a otros centros u otras causas.<\/p>\n<p>En total, en 2012 fallecieron en los hospitales 188.242 personas, un 2,6 % m\u00e1s que un a\u00f1o antes, debido, principalmente, a tumores (24,2 %), enfermedades del aparato circulatorio (21,5 %) y del aparato respiratorio (19,3 %).<\/p>\n<p>Los motivos m\u00e1s frecuentes de ingreso en hospitales p\u00fablicos fueron las enfermedades del aparato circulatorio (14,3 %) y las respiratorias (11,9 %), mientras que en los privados fueron las enfermedades del sistema osteomioarticular (12,5 %) y del aparato digestivo (12,2 %).<\/p>\n<p>En cuanto a la estancia, el 76 % del tiempo de permanencia en el hospital correspondi\u00f3 a los p\u00fablicos con un ingreso medio de 7 d\u00edas frente a los 5,81 de los privados.<\/p>\n<p>Por diagn\u00f3stico, la estancia media fue superior en los p\u00fablicos que en los privados, salvo en los enfermos mentales (con una media de 20,10 d\u00edas en los centros p\u00fablicos y de 41,58 en los privados).<\/p>\n<p>Por comunidades, los mayores n\u00fameros de altas hospitalarias por cada 100.000 habitantes se produjeron en Arag\u00f3n, Navarra y Baleares, y los menores en Andaluc\u00eda, Castilla-La Mancha y la ciudad aut\u00f3noma de Melilla.<\/p>\n<p>Las comunidades con una estancia media m\u00e1s prolongada fueron Castilla y Le\u00f3n, Asturias y Galicia con algo m\u00e1s de siete d\u00edas y las que menos Valencia y las ciudades de Ceuta y Melilla, con algo m\u00e1s de cinco.<\/p>\n","protected":false},"excerpt":{"rendered":"<p>(EFE).- Las enfermedades mentales ya suponen el 9,4 por ciento de las estancias hospitalarias pero s\u00f3lo representan el 2,4 por ciento de las altas, seg\u00fan advierte hoy el Instituto Nacional de Estad\u00edstica (INE) en su Encuesta de Morbilidad Hospitalaria correspondiente a 2012. Esta diferencia se explica, seg\u00fan han se\u00f1alado a Efe fuentes del INE, porque [&hellip;]<\/p>\n","protected":false},"author":1,"featured_media":455810,"comment_status":"closed","ping_status":"open","sticky":false,"template":"","format":"standard","meta":{"footnotes":""},"categories":[28],"tags":[],"class_list":["post-455809","post","type-post","status-publish","format-standard","has-post-thumbnail","hentry","category-sociedad"],"aioseo_notices":[],"aioseo_head":"\n\t\t<!-- All in One SEO Pro 5.0.1 - aioseo.com -->\n\t<meta name=\"description\" content=\"(EFE).- Las enfermedades mentales ya suponen el 9,4 por ciento de las estancias hospitalarias pero s\u00f3lo representan el 2,4 por ciento de las altas, seg\u00fan advierte hoy el Instituto Nacional de Estad\u00edstica (INE) en su Encuesta de Morbilidad Hospitalaria correspondiente a 2012. Esta diferencia se explica, seg\u00fan han se\u00f1alado a Efe fuentes del INE, porque\" \/>\n\t<meta name=\"robots\" content=\"max-image-preview:large\" \/>\n\t<meta name=\"author\" content=\"El Digital de Asturias\"\/>\n\t<meta name=\"google-site-verification\" content=\"UA-38556648-1\" \/>\n\t<meta name=\"msvalidate.01\" content=\"7dfe9f3f1b24437ab69f4f2559babe99\" \/>\n\t<meta name=\"keywords\" content=\"sociedad\" \/>\n\t<link rel=\"canonical\" href=\"https:\/\/www.eldigitaldeasturias.com\/noticias\/las-enfermedades-mentales-suponen-el-9-por-ciento-de-estancias-y-solo-el-2-de-altas\/\" \/>\n\t<meta name=\"generator\" content=\"All in One SEO Pro (AIOSEO) 5.0.1\" \/>\n\t\t<meta property=\"og:locale\" content=\"es_ES\" \/>\n\t\t<meta property=\"og:site_name\" content=\"El Digital de Asturias\" \/>\n\t\t<meta property=\"og:type\" content=\"article\" \/>\n\t\t<meta property=\"og:title\" content=\"Las enfermedades mentales suponen el 9 por ciento de estancias y s\u00f3lo el 2 de altas - El Digital de Asturias\" \/>\n\t\t<meta property=\"og:description\" content=\"(EFE).- Las enfermedades mentales ya suponen el 9,4 por ciento de las estancias hospitalarias pero s\u00f3lo representan el 2,4 por ciento de las altas, seg\u00fan advierte hoy el Instituto Nacional de Estad\u00edstica (INE) en su Encuesta de Morbilidad Hospitalaria correspondiente a 2012. Esta diferencia se explica, seg\u00fan han se\u00f1alado a Efe fuentes del INE, porque\" \/>\n\t\t<meta property=\"og:url\" content=\"https:\/\/www.eldigitaldeasturias.com\/noticias\/las-enfermedades-mentales-suponen-el-9-por-ciento-de-estancias-y-solo-el-2-de-altas\/\" \/>\n\t\t<meta property=\"article:tag\" content=\"sociedad\" \/>\n\t\t<meta property=\"article:published_time\" content=\"2013-11-29T20:58:46+00:00\" \/>\n\t\t<meta property=\"article:modified_time\" content=\"2013-11-29T20:58:46+00:00\" \/>\n\t\t<meta property=\"article:publisher\" content=\"https:\/\/facebook.com\/eldigitaldeasturias\" \/>\n\t\t<meta name=\"twitter:card\" content=\"summary_large_image\" \/>\n\t\t<meta name=\"twitter:title\" content=\"Las enfermedades mentales suponen el 9 por ciento de estancias y s\u00f3lo el 2 de altas - El Digital de Asturias\" \/>\n\t\t<meta name=\"twitter:description\" content=\"(EFE).- Las enfermedades mentales ya suponen el 9,4 por ciento de las estancias hospitalarias pero s\u00f3lo representan el 2,4 por ciento de las altas, seg\u00fan advierte hoy el Instituto Nacional de Estad\u00edstica (INE) en su Encuesta de Morbilidad Hospitalaria correspondiente a 2012. Esta diferencia se explica, seg\u00fan han se\u00f1alado a Efe fuentes del INE, porque\" \/>\n\t\t<meta name=\"twitter:label1\" content=\"Escrito por\" \/>\n\t\t<meta name=\"twitter:data1\" content=\"El Digital de Asturias\" \/>\n\t\t<meta name=\"twitter:label2\" content=\"Tiempo de lectura estimado\" \/>\n\t\t<meta name=\"twitter:data2\" content=\"4 minutos\" \/>\n\t\t<script type=\"application\/ld+json\" class=\"aioseo-schema\">\n\t\t\t{\"@context\":\"https:\\\/\\\/schema.org\",\"@graph\":[{\"@type\":\"BlogPosting\",\"@id\":\"https:\\\/\\\/www.eldigitaldeasturias.com\\\/noticias\\\/las-enfermedades-mentales-suponen-el-9-por-ciento-de-estancias-y-solo-el-2-de-altas\\\/#blogposting\",\"name\":\"Las enfermedades mentales suponen el 9 por ciento de estancias y s\\u00f3lo el 2 de altas - El Digital de Asturias\",\"headline\":\"Las enfermedades mentales suponen el 9 por ciento de estancias y s\\u00f3lo el 2 de altas\",\"author\":{\"@id\":\"https:\\\/\\\/www.eldigitaldeasturias.com\\\/noticias\\\/author\\\/admin\\\/#author\"},\"publisher\":{\"@id\":\"https:\\\/\\\/www.eldigitaldeasturias.com\\\/noticias\\\/#organization\"},\"image\":{\"@type\":\"ImageObject\",\"url\":455810},\"datePublished\":\"2013-11-29T19:58:46+01:00\",\"dateModified\":\"2013-11-29T19:58:46+01:00\",\"inLanguage\":\"es-ES\",\"mainEntityOfPage\":{\"@id\":\"https:\\\/\\\/www.eldigitaldeasturias.com\\\/noticias\\\/las-enfermedades-mentales-suponen-el-9-por-ciento-de-estancias-y-solo-el-2-de-altas\\\/#webpage\"},\"isPartOf\":{\"@id\":\"https:\\\/\\\/www.eldigitaldeasturias.com\\\/noticias\\\/las-enfermedades-mentales-suponen-el-9-por-ciento-de-estancias-y-solo-el-2-de-altas\\\/#webpage\"},\"articleSection\":\"Sociedad\"},{\"@type\":\"BreadcrumbList\",\"@id\":\"https:\\\/\\\/www.eldigitaldeasturias.com\\\/noticias\\\/las-enfermedades-mentales-suponen-el-9-por-ciento-de-estancias-y-solo-el-2-de-altas\\\/#breadcrumblist\",\"itemListElement\":[{\"@type\":\"ListItem\",\"@id\":\"https:\\\/\\\/www.eldigitaldeasturias.com\\\/noticias#listItem\",\"position\":1,\"name\":\"Home\",\"item\":\"https:\\\/\\\/www.eldigitaldeasturias.com\\\/noticias\",\"nextItem\":{\"@type\":\"ListItem\",\"@id\":\"https:\\\/\\\/www.eldigitaldeasturias.com\\\/noticias\\\/category\\\/sociedad\\\/#listItem\",\"name\":\"Sociedad\"}},{\"@type\":\"ListItem\",\"@id\":\"https:\\\/\\\/www.eldigitaldeasturias.com\\\/noticias\\\/category\\\/sociedad\\\/#listItem\",\"position\":2,\"name\":\"Sociedad\",\"item\":\"https:\\\/\\\/www.eldigitaldeasturias.com\\\/noticias\\\/category\\\/sociedad\\\/\",\"nextItem\":{\"@type\":\"ListItem\",\"@id\":\"https:\\\/\\\/www.eldigitaldeasturias.com\\\/noticias\\\/las-enfermedades-mentales-suponen-el-9-por-ciento-de-estancias-y-solo-el-2-de-altas\\\/#listItem\",\"name\":\"Las enfermedades mentales suponen el 9 por ciento de estancias y s\\u00f3lo el 2 de altas\"},\"previousItem\":{\"@type\":\"ListItem\",\"@id\":\"https:\\\/\\\/www.eldigitaldeasturias.com\\\/noticias#listItem\",\"name\":\"Home\"}},{\"@type\":\"ListItem\",\"@id\":\"https:\\\/\\\/www.eldigitaldeasturias.com\\\/noticias\\\/las-enfermedades-mentales-suponen-el-9-por-ciento-de-estancias-y-solo-el-2-de-altas\\\/#listItem\",\"position\":3,\"name\":\"Las enfermedades mentales suponen el 9 por ciento de estancias y s\\u00f3lo el 2 de altas\",\"previousItem\":{\"@type\":\"ListItem\",\"@id\":\"https:\\\/\\\/www.eldigitaldeasturias.com\\\/noticias\\\/category\\\/sociedad\\\/#listItem\",\"name\":\"Sociedad\"}}]},{\"@type\":\"Organization\",\"@id\":\"https:\\\/\\\/www.eldigitaldeasturias.com\\\/noticias\\\/#organization\",\"name\":\"El Digital de Asturias\",\"description\":\"Hemeroteca\",\"url\":\"https:\\\/\\\/www.eldigitaldeasturias.com\\\/noticias\\\/\",\"email\":\"info@eldigitaldeasturias.com\",\"telephone\":\"+34652131393\",\"logo\":{\"@type\":\"ImageObject\",\"url\":\"https:\\\/\\\/www.eldigitaldeasturias.com\\\/noticias\\\/wp-content\\\/uploads\\\/2020\\\/12\\\/EDA.jpg\",\"@id\":\"https:\\\/\\\/www.eldigitaldeasturias.com\\\/noticias\\\/las-enfermedades-mentales-suponen-el-9-por-ciento-de-estancias-y-solo-el-2-de-altas\\\/#organizationLogo\"},\"image\":{\"@id\":\"https:\\\/\\\/www.eldigitaldeasturias.com\\\/noticias\\\/las-enfermedades-mentales-suponen-el-9-por-ciento-de-estancias-y-solo-el-2-de-altas\\\/#organizationLogo\"},\"sameAs\":[\"https:\\\/\\\/facebook.com\\\/eldigitaldeasturias\",\"https:\\\/\\\/www.youtube.com\\\/channel\\\/UCZP-2wLEB9Rv6erhFmqVnvg\"],\"address\":{\"@id\":\"https:\\\/\\\/www.eldigitaldeasturias.com\\\/noticias\\\/#postaladdress\",\"@type\":\"PostalAddress\",\"streetAddress\":\"san antonio 4\",\"postalCode\":\"33430\",\"addressLocality\":\"Cand\\u00e1s\",\"addressRegion\":\"Asturias\",\"addressCountry\":\"ES\"}},{\"@type\":\"Person\",\"@id\":\"https:\\\/\\\/www.eldigitaldeasturias.com\\\/noticias\\\/author\\\/admin\\\/#author\",\"url\":\"https:\\\/\\\/www.eldigitaldeasturias.com\\\/noticias\\\/author\\\/admin\\\/\",\"name\":\"El Digital de Asturias\",\"image\":{\"@type\":\"ImageObject\",\"@id\":\"https:\\\/\\\/www.eldigitaldeasturias.com\\\/noticias\\\/las-enfermedades-mentales-suponen-el-9-por-ciento-de-estancias-y-solo-el-2-de-altas\\\/#authorImage\",\"url\":\"https:\\\/\\\/secure.gravatar.com\\\/avatar\\\/df2aeffc32bcd13f8d26072ef8a91b623d677766deac7f97ca815868cd41bf5e?s=96&d=mm&r=g\",\"width\":96,\"height\":96,\"caption\":\"El Digital de Asturias\"}},{\"@type\":\"WebPage\",\"@id\":\"https:\\\/\\\/www.eldigitaldeasturias.com\\\/noticias\\\/las-enfermedades-mentales-suponen-el-9-por-ciento-de-estancias-y-solo-el-2-de-altas\\\/#webpage\",\"url\":\"https:\\\/\\\/www.eldigitaldeasturias.com\\\/noticias\\\/las-enfermedades-mentales-suponen-el-9-por-ciento-de-estancias-y-solo-el-2-de-altas\\\/\",\"name\":\"Las enfermedades mentales suponen el 9 por ciento de estancias y s\\u00f3lo el 2 de altas - El Digital de Asturias\",\"description\":\"(EFE).- Las enfermedades mentales ya suponen el 9,4 por ciento de las estancias hospitalarias pero s\\u00f3lo representan el 2,4 por ciento de las altas, seg\\u00fan advierte hoy el Instituto Nacional de Estad\\u00edstica (INE) en su Encuesta de Morbilidad Hospitalaria correspondiente a 2012. Esta diferencia se explica, seg\\u00fan han se\\u00f1alado a Efe fuentes del INE, porque\",\"inLanguage\":\"es-ES\",\"isPartOf\":{\"@id\":\"https:\\\/\\\/www.eldigitaldeasturias.com\\\/noticias\\\/#website\"},\"breadcrumb\":{\"@id\":\"https:\\\/\\\/www.eldigitaldeasturias.com\\\/noticias\\\/las-enfermedades-mentales-suponen-el-9-por-ciento-de-estancias-y-solo-el-2-de-altas\\\/#breadcrumblist\"},\"author\":{\"@id\":\"https:\\\/\\\/www.eldigitaldeasturias.com\\\/noticias\\\/author\\\/admin\\\/#author\"},\"creator\":{\"@id\":\"https:\\\/\\\/www.eldigitaldeasturias.com\\\/noticias\\\/author\\\/admin\\\/#author\"},\"image\":{\"@type\":\"ImageObject\",\"url\":455810,\"@id\":\"https:\\\/\\\/www.eldigitaldeasturias.com\\\/noticias\\\/las-enfermedades-mentales-suponen-el-9-por-ciento-de-estancias-y-solo-el-2-de-altas\\\/#mainImage\"},\"primaryImageOfPage\":{\"@id\":\"https:\\\/\\\/www.eldigitaldeasturias.com\\\/noticias\\\/las-enfermedades-mentales-suponen-el-9-por-ciento-de-estancias-y-solo-el-2-de-altas\\\/#mainImage\"},\"datePublished\":\"2013-11-29T19:58:46+01:00\",\"dateModified\":\"2013-11-29T19:58:46+01:00\"},{\"@type\":\"WebSite\",\"@id\":\"https:\\\/\\\/www.eldigitaldeasturias.com\\\/noticias\\\/#website\",\"url\":\"https:\\\/\\\/www.eldigitaldeasturias.com\\\/noticias\\\/\",\"name\":\"El Digital de Asturias - Diario de actualidad y noticias\",\"alternateName\":\"El Digital de Asturias - Diario de actualidad y noticias\",\"description\":\"Hemeroteca\",\"inLanguage\":\"es-ES\",\"publisher\":{\"@id\":\"https:\\\/\\\/www.eldigitaldeasturias.com\\\/noticias\\\/#organization\"}}]}\n\t\t<\/script>\n\t\t<!-- All in One SEO Pro -->\r\n\t\t<title>Las enfermedades mentales suponen el 9 por ciento de estancias y s\u00f3lo el 2 de altas - El Digital de Asturias<\/title>\n\n","aioseo_head_json":{"title":"Las enfermedades mentales suponen el 9 por ciento de estancias y s\u00f3lo el 2 de altas - El Digital de Asturias","description":"(EFE).- Las enfermedades mentales ya suponen el 9,4 por ciento de las estancias hospitalarias pero s\u00f3lo representan el 2,4 por ciento de las altas, seg\u00fan advierte hoy el Instituto Nacional de Estad\u00edstica (INE) en su Encuesta de Morbilidad Hospitalaria correspondiente a 2012. Esta diferencia se explica, seg\u00fan han se\u00f1alado a Efe fuentes del INE, porque","canonical_url":"https:\/\/www.eldigitaldeasturias.com\/noticias\/las-enfermedades-mentales-suponen-el-9-por-ciento-de-estancias-y-solo-el-2-de-altas\/","robots":"max-image-preview:large","keywords":"sociedad","webmasterTools":{"google-site-verification":"UA-38556648-1","msvalidate.01":"7dfe9f3f1b24437ab69f4f2559babe99","miscellaneous":""},"schema":{"@context":"https:\/\/schema.org","@graph":[{"@type":"BlogPosting","@id":"https:\/\/www.eldigitaldeasturias.com\/noticias\/las-enfermedades-mentales-suponen-el-9-por-ciento-de-estancias-y-solo-el-2-de-altas\/#blogposting","name":"Las enfermedades mentales suponen el 9 por ciento de estancias y s\u00f3lo el 2 de altas - El Digital de Asturias","headline":"Las enfermedades mentales suponen el 9 por ciento de estancias y s\u00f3lo el 2 de altas","author":{"@id":"https:\/\/www.eldigitaldeasturias.com\/noticias\/author\/admin\/#author"},"publisher":{"@id":"https:\/\/www.eldigitaldeasturias.com\/noticias\/#organization"},"image":{"@type":"ImageObject","url":455810},"datePublished":"2013-11-29T19:58:46+01:00","dateModified":"2013-11-29T19:58:46+01:00","inLanguage":"es-ES","mainEntityOfPage":{"@id":"https:\/\/www.eldigitaldeasturias.com\/noticias\/las-enfermedades-mentales-suponen-el-9-por-ciento-de-estancias-y-solo-el-2-de-altas\/#webpage"},"isPartOf":{"@id":"https:\/\/www.eldigitaldeasturias.com\/noticias\/las-enfermedades-mentales-suponen-el-9-por-ciento-de-estancias-y-solo-el-2-de-altas\/#webpage"},"articleSection":"Sociedad"},{"@type":"BreadcrumbList","@id":"https:\/\/www.eldigitaldeasturias.com\/noticias\/las-enfermedades-mentales-suponen-el-9-por-ciento-de-estancias-y-solo-el-2-de-altas\/#breadcrumblist","itemListElement":[{"@type":"ListItem","@id":"https:\/\/www.eldigitaldeasturias.com\/noticias#listItem","position":1,"name":"Home","item":"https:\/\/www.eldigitaldeasturias.com\/noticias","nextItem":{"@type":"ListItem","@id":"https:\/\/www.eldigitaldeasturias.com\/noticias\/category\/sociedad\/#listItem","name":"Sociedad"}},{"@type":"ListItem","@id":"https:\/\/www.eldigitaldeasturias.com\/noticias\/category\/sociedad\/#listItem","position":2,"name":"Sociedad","item":"https:\/\/www.eldigitaldeasturias.com\/noticias\/category\/sociedad\/","nextItem":{"@type":"ListItem","@id":"https:\/\/www.eldigitaldeasturias.com\/noticias\/las-enfermedades-mentales-suponen-el-9-por-ciento-de-estancias-y-solo-el-2-de-altas\/#listItem","name":"Las enfermedades mentales suponen el 9 por ciento de estancias y s\u00f3lo el 2 de altas"},"previousItem":{"@type":"ListItem","@id":"https:\/\/www.eldigitaldeasturias.com\/noticias#listItem","name":"Home"}},{"@type":"ListItem","@id":"https:\/\/www.eldigitaldeasturias.com\/noticias\/las-enfermedades-mentales-suponen-el-9-por-ciento-de-estancias-y-solo-el-2-de-altas\/#listItem","position":3,"name":"Las enfermedades mentales suponen el 9 por ciento de estancias y s\u00f3lo el 2 de altas","previousItem":{"@type":"ListItem","@id":"https:\/\/www.eldigitaldeasturias.com\/noticias\/category\/sociedad\/#listItem","name":"Sociedad"}}]},{"@type":"Organization","@id":"https:\/\/www.eldigitaldeasturias.com\/noticias\/#organization","name":"El Digital de Asturias","description":"Hemeroteca","url":"https:\/\/www.eldigitaldeasturias.com\/noticias\/","email":"info@eldigitaldeasturias.com","telephone":"+34652131393","logo":{"@type":"ImageObject","url":"https:\/\/www.eldigitaldeasturias.com\/noticias\/wp-content\/uploads\/2020\/12\/EDA.jpg","@id":"https:\/\/www.eldigitaldeasturias.com\/noticias\/las-enfermedades-mentales-suponen-el-9-por-ciento-de-estancias-y-solo-el-2-de-altas\/#organizationLogo"},"image":{"@id":"https:\/\/www.eldigitaldeasturias.com\/noticias\/las-enfermedades-mentales-suponen-el-9-por-ciento-de-estancias-y-solo-el-2-de-altas\/#organizationLogo"},"sameAs":["https:\/\/facebook.com\/eldigitaldeasturias","https:\/\/www.youtube.com\/channel\/UCZP-2wLEB9Rv6erhFmqVnvg"],"address":{"@id":"https:\/\/www.eldigitaldeasturias.com\/noticias\/#postaladdress","@type":"PostalAddress","streetAddress":"san antonio 4","postalCode":"33430","addressLocality":"Cand\u00e1s","addressRegion":"Asturias","addressCountry":"ES"}},{"@type":"Person","@id":"https:\/\/www.eldigitaldeasturias.com\/noticias\/author\/admin\/#author","url":"https:\/\/www.eldigitaldeasturias.com\/noticias\/author\/admin\/","name":"El Digital de Asturias","image":{"@type":"ImageObject","@id":"https:\/\/www.eldigitaldeasturias.com\/noticias\/las-enfermedades-mentales-suponen-el-9-por-ciento-de-estancias-y-solo-el-2-de-altas\/#authorImage","url":"https:\/\/secure.gravatar.com\/avatar\/df2aeffc32bcd13f8d26072ef8a91b623d677766deac7f97ca815868cd41bf5e?s=96&d=mm&r=g","width":96,"height":96,"caption":"El Digital de Asturias"}},{"@type":"WebPage","@id":"https:\/\/www.eldigitaldeasturias.com\/noticias\/las-enfermedades-mentales-suponen-el-9-por-ciento-de-estancias-y-solo-el-2-de-altas\/#webpage","url":"https:\/\/www.eldigitaldeasturias.com\/noticias\/las-enfermedades-mentales-suponen-el-9-por-ciento-de-estancias-y-solo-el-2-de-altas\/","name":"Las enfermedades mentales suponen el 9 por ciento de estancias y s\u00f3lo el 2 de altas - El Digital de Asturias","description":"(EFE).- Las enfermedades mentales ya suponen el 9,4 por ciento de las estancias hospitalarias pero s\u00f3lo representan el 2,4 por ciento de las altas, seg\u00fan advierte hoy el Instituto Nacional de Estad\u00edstica (INE) en su Encuesta de Morbilidad Hospitalaria correspondiente a 2012. Esta diferencia se explica, seg\u00fan han se\u00f1alado a Efe fuentes del INE, porque","inLanguage":"es-ES","isPartOf":{"@id":"https:\/\/www.eldigitaldeasturias.com\/noticias\/#website"},"breadcrumb":{"@id":"https:\/\/www.eldigitaldeasturias.com\/noticias\/las-enfermedades-mentales-suponen-el-9-por-ciento-de-estancias-y-solo-el-2-de-altas\/#breadcrumblist"},"author":{"@id":"https:\/\/www.eldigitaldeasturias.com\/noticias\/author\/admin\/#author"},"creator":{"@id":"https:\/\/www.eldigitaldeasturias.com\/noticias\/author\/admin\/#author"},"image":{"@type":"ImageObject","url":455810,"@id":"https:\/\/www.eldigitaldeasturias.com\/noticias\/las-enfermedades-mentales-suponen-el-9-por-ciento-de-estancias-y-solo-el-2-de-altas\/#mainImage"},"primaryImageOfPage":{"@id":"https:\/\/www.eldigitaldeasturias.com\/noticias\/las-enfermedades-mentales-suponen-el-9-por-ciento-de-estancias-y-solo-el-2-de-altas\/#mainImage"},"datePublished":"2013-11-29T19:58:46+01:00","dateModified":"2013-11-29T19:58:46+01:00"},{"@type":"WebSite","@id":"https:\/\/www.eldigitaldeasturias.com\/noticias\/#website","url":"https:\/\/www.eldigitaldeasturias.com\/noticias\/","name":"El Digital de Asturias - Diario de actualidad y noticias","alternateName":"El Digital de Asturias - Diario de actualidad y noticias","description":"Hemeroteca","inLanguage":"es-ES","publisher":{"@id":"https:\/\/www.eldigitaldeasturias.com\/noticias\/#organization"}}]},"og:locale":"es_ES","og:site_name":"El Digital de Asturias","og:type":"article","og:title":"Las enfermedades mentales suponen el 9 por ciento de estancias y s\u00f3lo el 2 de altas - El Digital de Asturias","og:description":"(EFE).- Las enfermedades mentales ya suponen el 9,4 por ciento de las estancias hospitalarias pero s\u00f3lo representan el 2,4 por ciento de las altas, seg\u00fan advierte hoy el Instituto Nacional de Estad\u00edstica (INE) en su Encuesta de Morbilidad Hospitalaria correspondiente a 2012. Esta diferencia se explica, seg\u00fan han se\u00f1alado a Efe fuentes del INE, porque","og:url":"https:\/\/www.eldigitaldeasturias.com\/noticias\/las-enfermedades-mentales-suponen-el-9-por-ciento-de-estancias-y-solo-el-2-de-altas\/","article:tag":["sociedad"],"article:published_time":"2013-11-29T20:58:46+00:00","article:modified_time":"2013-11-29T20:58:46+00:00","article:publisher":"https:\/\/facebook.com\/eldigitaldeasturias","twitter:card":"summary_large_image","twitter:title":"Las enfermedades mentales suponen el 9 por ciento de estancias y s\u00f3lo el 2 de altas - El Digital de Asturias","twitter:description":"(EFE).- Las enfermedades mentales ya suponen el 9,4 por ciento de las estancias hospitalarias pero s\u00f3lo representan el 2,4 por ciento de las altas, seg\u00fan advierte hoy el Instituto Nacional de Estad\u00edstica (INE) en su Encuesta de Morbilidad Hospitalaria correspondiente a 2012. Esta diferencia se explica, seg\u00fan han se\u00f1alado a Efe fuentes del INE, porque","twitter:label1":"Escrito por","twitter:data1":"El Digital de Asturias","twitter:label2":"Tiempo de lectura estimado","twitter:data2":"4 minutos"},"aioseo_meta_data":{"post_id":"455809","title":null,"description":null,"keywords":null,"keyphrases":null,"primary_term":null,"canonical_url":null,"og_title":null,"og_description":null,"og_object_type":"default","og_image_type":"default","og_image_url":null,"og_image_width":null,"og_image_height":null,"og_image_custom_url":null,"og_image_custom_fields":null,"og_video":null,"og_custom_url":null,"og_article_section":null,"og_article_tags":null,"twitter_use_og":true,"twitter_card":"default","twitter_image_type":"default","twitter_image_url":null,"twitter_image_custom_url":null,"twitter_image_custom_fields":null,"twitter_title":null,"twitter_description":null,"schema":{"blockGraphs":[],"customGraphs":[],"default":{"data":{"Article":[],"Course":[],"Dataset":[],"FAQPage":[],"Movie":[],"Person":[],"Product":[],"ProductReview":[],"Car":[],"Recipe":[],"Service":[],"SoftwareApplication":[],"WebPage":[]},"graphName":"","isEnabled":true},"graphs":[],"defaultGraph":"","defaultPostTypeGraph":""},"schema_type":null,"schema_type_options":null,"pillar_content":false,"robots_default":true,"robots_noindex":false,"robots_noarchive":false,"robots_nosnippet":false,"robots_nofollow":false,"robots_noimageindex":false,"robots_noodp":false,"robots_notranslate":false,"robots_max_snippet":null,"robots_max_videopreview":null,"robots_max_imagepreview":"none","priority":null,"frequency":null,"local_seo":null,"seo_analyzer_scan_date":"2026-05-29 19:36:19","breadcrumb_settings":null,"limit_modified_date":false,"open_ai":null,"ai":null,"created":"2020-11-14 22:45:21","updated":"2026-05-29 19:36:19","focus_keyword":null,"additional_keywords":null,"truseo_locale":null},"aioseo_breadcrumb":"<div class=\"aioseo-breadcrumbs\"><span class=\"aioseo-breadcrumb\">\n\t<a href=\"https:\/\/www.eldigitaldeasturias.com\/noticias\" title=\"Home\">Home<\/a>\n<\/span><span class=\"aioseo-breadcrumb-separator\">\u2013<\/span><span class=\"aioseo-breadcrumb\">\n\t<a href=\"https:\/\/www.eldigitaldeasturias.com\/noticias\/category\/sociedad\/\" title=\"Sociedad\">Sociedad<\/a>\n<\/span><span class=\"aioseo-breadcrumb-separator\">\u2013<\/span><span class=\"aioseo-breadcrumb\">\n\t<a href=\"https:\/\/www.eldigitaldeasturias.com\/noticias\/las-enfermedades-mentales-suponen-el-9-por-ciento-de-estancias-y-solo-el-2-de-altas\/\" title=\"Las enfermedades mentales suponen el 9 por ciento de estancias y s\u00f3lo el 2 de altas\">Las enfermedades mentales suponen el 9 por ciento de estancias y s\u00f3lo el 2 de altas<\/a>\n<\/span><\/div>","aioseo_breadcrumb_json":[{"label":"Home","link":"https:\/\/www.eldigitaldeasturias.com\/noticias"},{"label":"Sociedad","link":"https:\/\/www.eldigitaldeasturias.com\/noticias\/category\/sociedad\/"},{"label":"Las enfermedades mentales suponen el 9 por ciento de estancias y s\u00f3lo el 2 de altas","link":"https:\/\/www.eldigitaldeasturias.com\/noticias\/las-enfermedades-mentales-suponen-el-9-por-ciento-de-estancias-y-solo-el-2-de-altas\/"}],"_links":{"self":[{"href":"https:\/\/www.eldigitaldeasturias.com\/noticias\/wp-json\/wp\/v2\/posts\/455809","targetHints":{"allow":["GET"]}}],"collection":[{"href":"https:\/\/www.eldigitaldeasturias.com\/noticias\/wp-json\/wp\/v2\/posts"}],"about":[{"href":"https:\/\/www.eldigitaldeasturias.com\/noticias\/wp-json\/wp\/v2\/types\/post"}],"author":[{"embeddable":true,"href":"https:\/\/www.eldigitaldeasturias.com\/noticias\/wp-json\/wp\/v2\/users\/1"}],"replies":[{"embeddable":true,"href":"https:\/\/www.eldigitaldeasturias.com\/noticias\/wp-json\/wp\/v2\/comments?post=455809"}],"version-history":[{"count":0,"href":"https:\/\/www.eldigitaldeasturias.com\/noticias\/wp-json\/wp\/v2\/posts\/455809\/revisions"}],"wp:attachment":[{"href":"https:\/\/www.eldigitaldeasturias.com\/noticias\/wp-json\/wp\/v2\/media?parent=455809"}],"wp:term":[{"taxonomy":"category","embeddable":true,"href":"https:\/\/www.eldigitaldeasturias.com\/noticias\/wp-json\/wp\/v2\/categories?post=455809"},{"taxonomy":"post_tag","embeddable":true,"href":"https:\/\/www.eldigitaldeasturias.com\/noticias\/wp-json\/wp\/v2\/tags?post=455809"}],"curies":[{"name":"wp","href":"https:\/\/api.w.org\/{rel}","templated":true}]}}