{"id":455782,"date":"2013-11-29T19:39:33","date_gmt":"2013-11-29T20:39:33","guid":{"rendered":"http:\/\/www.eldigitaldeasturias.com\/noticias\/?p=455782"},"modified":"2013-11-29T19:39:33","modified_gmt":"2013-11-29T20:39:33","slug":"peliculas-de-argentina-espana-y-cuba-a-concurso-en-el-festival-de-marrakech","status":"publish","type":"post","link":"https:\/\/www.eldigitaldeasturias.com\/noticias\/peliculas-de-argentina-espana-y-cuba-a-concurso-en-el-festival-de-marrakech\/","title":{"rendered":"Pel\u00edculas de Argentina, Espa\u00f1a y Cuba, a concurso en el Festival de Marrakech"},"content":{"rendered":"<p><img loading=\"lazy\" decoding=\"async\" class=\"alignleft size-medium wp-image-455783\" alt=\"5761592w\" src=\"https:\/\/www.eldigitaldeasturias.com\/noticias\/wp-content\/uploads\/2013\/11\/5761592w-360x239.jpg\" width=\"360\" height=\"239\" \/>Marrakech (Marruecos), 29 nov (EFE).- Quince pel\u00edculas de otros tantos pa\u00edses, entre ellos Argentina, Espa\u00f1a y Cuba, compiten este a\u00f1o en la decimotercera edici\u00f3n del Festival Internacional de Cine de Marrakech que se inaugura hoy y cuyo jurado estar\u00e1 encabezado por el realizador Martin Scorsesse.<\/p>\n<p>El festival m\u00e1s glamouroso de Marruecos y probablemente de \u00c1frica (en competencia con el de El Cairo, aunque este \u00faltimo haya vivido mejores d\u00edas) ofrecer\u00e1 adem\u00e1s en esta ocasi\u00f3n homenajes a las actrices estadounidense Sharon Stone y francesa Juliette Binoche, a los directores Fernando Solanas (Argentina) y Kore-eda Hirokazu (Jap\u00f3n), adem\u00e1s de al cine escandinavo en general.<\/p>\n<p>Abrir\u00e1 la alfombra roja la actriz estadounidense Sharon Stone, que ser\u00e1 la primera homenajeada, y a ella le seguir\u00e1 la proyecci\u00f3n de la pel\u00edcula india \u00abRam-Leela\u00bb, del director Sanjay Leela Banshali, que se presenta como una \u00abversi\u00f3n Bollywood\u00bb de Romeo y Julieta.<\/p>\n<p>Entre las pel\u00edculas que compiten por la secci\u00f3n oficial abundan las coproducciones de varios pa\u00edses, como es el caso de las dos marroqu\u00edes, una coproducida con Francia (\u00abFi\u00e8vres\u00bb) y otra con Estados Unidos (\u00abTraitors\u00bb), o las latinas: una de ellas es \u00abLa piscina\u00bb (cubano-venezolana) y la otra \u00abPelo Malo\u00bb (alemana-peruana-venezolana y argentina), adem\u00e1s de otras que presentan varios pa\u00edses europeos.<\/p>\n<p>Con ellas competir\u00e1n la espa\u00f1ola \u00abLos ilusos\u00bb, la italiana \u00abViva la libert\u00e0\u00bb, la brit\u00e1nica \u00abHow I live now\u00bb, la japonesa \u00abYurusenai Aitai\u00bb o la coreana \u00abHan Gong-Ju\u00bb, adem\u00e1s de la francesa \u00abLa Marche\u00bb, favorita ante el p\u00fablico local por tratar de una marcha de reivindicaci\u00f3n identitaria de los emigrantes magreb\u00edes en Par\u00eds.<\/p>\n<p>El jurado cuenta, adem\u00e1s de Scorsesse, con directores llegados de todo el mundo como el germanoturco Fathi Akin, el mexicano Amat Escalante, el indio Anurag Kashiap, el italiano Paolo Sorrentino, el coreano Park Chan-wook o la marroqu\u00ed Naryis Neyyar, adem\u00e1s de actrices como Patricia Clarkson (EE.UU.), Marion Cotillard (Francia) o Golshifteh Farahani (Ir\u00e1n)<\/p>\n<p>Habr\u00e1 tambi\u00e9n una secci\u00f3n de once pel\u00edculas fuera de competici\u00f3n, y otra de \u00abcine al coraz\u00f3n\u00bb con cuatro pel\u00edculas marroqu\u00edes, todo ello junto a clases maestras que impartir\u00e1n el afamado director iran\u00ed Ab\u00e1s Kiarostami, el estadounidense James Gray o el franc\u00e9s Bruno Dumont.<\/p>\n<p>En paralelo, y como ya viene siendo habitual en esta cita cinematogr\u00e1fica, la m\u00edtica plaza de Yemaa al Fn\u00e1 albergar\u00e1 una pantalla gigante al aire libre durante los ocho d\u00edas que dure el festival, para permitir tambi\u00e9n al pueblo llano marrakech\u00ed disfrutar del cine contempor\u00e1neo en un espacio habituado a relatos de otra \u00edndole.<\/p>\n<p>El festival concluir\u00e1 el 7 de diciembre con la entrega de los premios: la Estrella de Oro para la mejor pel\u00edcula, a la que seguir\u00e1n el premio del Jurado, el de mejor interpretaci\u00f3n masculina y femenina y el de mejor director.<\/p>\n","protected":false},"excerpt":{"rendered":"<p>Marrakech (Marruecos), 29 nov (EFE).- Quince pel\u00edculas de otros tantos pa\u00edses, entre ellos Argentina, Espa\u00f1a y Cuba, compiten este a\u00f1o en la decimotercera edici\u00f3n del Festival Internacional de Cine de Marrakech que se inaugura hoy y cuyo jurado estar\u00e1 encabezado por el realizador Martin Scorsesse. El festival m\u00e1s glamouroso de Marruecos y probablemente de \u00c1frica [&hellip;]<\/p>\n","protected":false},"author":1,"featured_media":455783,"comment_status":"closed","ping_status":"open","sticky":false,"template":"","format":"standard","meta":{"footnotes":""},"categories":[50],"tags":[],"class_list":["post-455782","post","type-post","status-publish","format-standard","has-post-thumbnail","hentry","category-revista-de-ocio"],"aioseo_notices":[],"aioseo_head":"\n\t\t<!-- All in One SEO Pro 5.0.1 - aioseo.com -->\n\t<meta name=\"description\" content=\"Marrakech (Marruecos), 29 nov (EFE).- Quince pel\u00edculas de otros tantos pa\u00edses, entre ellos Argentina, Espa\u00f1a y Cuba, compiten este a\u00f1o en la decimotercera edici\u00f3n del Festival Internacional de Cine de Marrakech que se inaugura hoy y cuyo jurado estar\u00e1 encabezado por el realizador Martin Scorsesse. El festival m\u00e1s glamouroso de Marruecos y probablemente de \u00c1frica\" \/>\n\t<meta name=\"robots\" content=\"max-image-preview:large\" \/>\n\t<meta name=\"author\" content=\"El Digital de Asturias\"\/>\n\t<meta name=\"google-site-verification\" content=\"UA-38556648-1\" \/>\n\t<meta name=\"msvalidate.01\" content=\"7dfe9f3f1b24437ab69f4f2559babe99\" \/>\n\t<meta name=\"keywords\" content=\"revista de ocio\" \/>\n\t<link rel=\"canonical\" href=\"https:\/\/www.eldigitaldeasturias.com\/noticias\/peliculas-de-argentina-espana-y-cuba-a-concurso-en-el-festival-de-marrakech\/\" \/>\n\t<meta name=\"generator\" content=\"All in One SEO Pro (AIOSEO) 5.0.1\" \/>\n\t\t<meta property=\"og:locale\" content=\"es_ES\" \/>\n\t\t<meta property=\"og:site_name\" content=\"El Digital de Asturias\" \/>\n\t\t<meta property=\"og:type\" content=\"article\" \/>\n\t\t<meta property=\"og:title\" content=\"Pel\u00edculas de Argentina, Espa\u00f1a y Cuba, a concurso en el Festival de Marrakech - El Digital de Asturias\" \/>\n\t\t<meta property=\"og:description\" content=\"Marrakech (Marruecos), 29 nov (EFE).- Quince pel\u00edculas de otros tantos pa\u00edses, entre ellos Argentina, Espa\u00f1a y Cuba, compiten este a\u00f1o en la decimotercera edici\u00f3n del Festival Internacional de Cine de Marrakech que se inaugura hoy y cuyo jurado estar\u00e1 encabezado por el realizador Martin Scorsesse. El festival m\u00e1s glamouroso de Marruecos y probablemente de \u00c1frica\" \/>\n\t\t<meta property=\"og:url\" content=\"https:\/\/www.eldigitaldeasturias.com\/noticias\/peliculas-de-argentina-espana-y-cuba-a-concurso-en-el-festival-de-marrakech\/\" \/>\n\t\t<meta property=\"article:tag\" content=\"revista de ocio\" \/>\n\t\t<meta property=\"article:published_time\" content=\"2013-11-29T20:39:33+00:00\" \/>\n\t\t<meta property=\"article:modified_time\" content=\"2013-11-29T20:39:33+00:00\" \/>\n\t\t<meta property=\"article:publisher\" content=\"https:\/\/facebook.com\/eldigitaldeasturias\" \/>\n\t\t<meta name=\"twitter:card\" content=\"summary_large_image\" \/>\n\t\t<meta name=\"twitter:title\" content=\"Pel\u00edculas de Argentina, Espa\u00f1a y Cuba, a concurso en el Festival de Marrakech - El Digital de Asturias\" \/>\n\t\t<meta name=\"twitter:description\" content=\"Marrakech (Marruecos), 29 nov (EFE).- Quince pel\u00edculas de otros tantos pa\u00edses, entre ellos Argentina, Espa\u00f1a y Cuba, compiten este a\u00f1o en la decimotercera edici\u00f3n del Festival Internacional de Cine de Marrakech que se inaugura hoy y cuyo jurado estar\u00e1 encabezado por el realizador Martin Scorsesse. El festival m\u00e1s glamouroso de Marruecos y probablemente de \u00c1frica\" \/>\n\t\t<meta name=\"twitter:label1\" content=\"Escrito por\" \/>\n\t\t<meta name=\"twitter:data1\" content=\"El Digital de Asturias\" \/>\n\t\t<meta name=\"twitter:label2\" content=\"Tiempo de lectura estimado\" \/>\n\t\t<meta name=\"twitter:data2\" content=\"2 minutos\" \/>\n\t\t<script type=\"application\/ld+json\" class=\"aioseo-schema\">\n\t\t\t{\"@context\":\"https:\\\/\\\/schema.org\",\"@graph\":[{\"@type\":\"BlogPosting\",\"@id\":\"https:\\\/\\\/www.eldigitaldeasturias.com\\\/noticias\\\/peliculas-de-argentina-espana-y-cuba-a-concurso-en-el-festival-de-marrakech\\\/#blogposting\",\"name\":\"Pel\\u00edculas de Argentina, Espa\\u00f1a y Cuba, a concurso en el Festival de Marrakech - El Digital de Asturias\",\"headline\":\"Pel\\u00edculas de Argentina, Espa\\u00f1a y Cuba, a concurso en el Festival de Marrakech\",\"author\":{\"@id\":\"https:\\\/\\\/www.eldigitaldeasturias.com\\\/noticias\\\/author\\\/admin\\\/#author\"},\"publisher\":{\"@id\":\"https:\\\/\\\/www.eldigitaldeasturias.com\\\/noticias\\\/#organization\"},\"image\":{\"@type\":\"ImageObject\",\"url\":455783},\"datePublished\":\"2013-11-29T19:39:33+01:00\",\"dateModified\":\"2013-11-29T19:39:33+01:00\",\"inLanguage\":\"es-ES\",\"mainEntityOfPage\":{\"@id\":\"https:\\\/\\\/www.eldigitaldeasturias.com\\\/noticias\\\/peliculas-de-argentina-espana-y-cuba-a-concurso-en-el-festival-de-marrakech\\\/#webpage\"},\"isPartOf\":{\"@id\":\"https:\\\/\\\/www.eldigitaldeasturias.com\\\/noticias\\\/peliculas-de-argentina-espana-y-cuba-a-concurso-en-el-festival-de-marrakech\\\/#webpage\"},\"articleSection\":\"Revista de Ocio\"},{\"@type\":\"BreadcrumbList\",\"@id\":\"https:\\\/\\\/www.eldigitaldeasturias.com\\\/noticias\\\/peliculas-de-argentina-espana-y-cuba-a-concurso-en-el-festival-de-marrakech\\\/#breadcrumblist\",\"itemListElement\":[{\"@type\":\"ListItem\",\"@id\":\"https:\\\/\\\/www.eldigitaldeasturias.com\\\/noticias#listItem\",\"position\":1,\"name\":\"Home\",\"item\":\"https:\\\/\\\/www.eldigitaldeasturias.com\\\/noticias\",\"nextItem\":{\"@type\":\"ListItem\",\"@id\":\"https:\\\/\\\/www.eldigitaldeasturias.com\\\/noticias\\\/category\\\/revista-de-ocio\\\/#listItem\",\"name\":\"Revista de Ocio\"}},{\"@type\":\"ListItem\",\"@id\":\"https:\\\/\\\/www.eldigitaldeasturias.com\\\/noticias\\\/category\\\/revista-de-ocio\\\/#listItem\",\"position\":2,\"name\":\"Revista de Ocio\",\"item\":\"https:\\\/\\\/www.eldigitaldeasturias.com\\\/noticias\\\/category\\\/revista-de-ocio\\\/\",\"nextItem\":{\"@type\":\"ListItem\",\"@id\":\"https:\\\/\\\/www.eldigitaldeasturias.com\\\/noticias\\\/peliculas-de-argentina-espana-y-cuba-a-concurso-en-el-festival-de-marrakech\\\/#listItem\",\"name\":\"Pel\\u00edculas de Argentina, Espa\\u00f1a y Cuba, a concurso en el Festival de Marrakech\"},\"previousItem\":{\"@type\":\"ListItem\",\"@id\":\"https:\\\/\\\/www.eldigitaldeasturias.com\\\/noticias#listItem\",\"name\":\"Home\"}},{\"@type\":\"ListItem\",\"@id\":\"https:\\\/\\\/www.eldigitaldeasturias.com\\\/noticias\\\/peliculas-de-argentina-espana-y-cuba-a-concurso-en-el-festival-de-marrakech\\\/#listItem\",\"position\":3,\"name\":\"Pel\\u00edculas de Argentina, Espa\\u00f1a y Cuba, a concurso en el Festival de Marrakech\",\"previousItem\":{\"@type\":\"ListItem\",\"@id\":\"https:\\\/\\\/www.eldigitaldeasturias.com\\\/noticias\\\/category\\\/revista-de-ocio\\\/#listItem\",\"name\":\"Revista de Ocio\"}}]},{\"@type\":\"Organization\",\"@id\":\"https:\\\/\\\/www.eldigitaldeasturias.com\\\/noticias\\\/#organization\",\"name\":\"El Digital de Asturias\",\"description\":\"Hemeroteca\",\"url\":\"https:\\\/\\\/www.eldigitaldeasturias.com\\\/noticias\\\/\",\"email\":\"info@eldigitaldeasturias.com\",\"telephone\":\"+34652131393\",\"logo\":{\"@type\":\"ImageObject\",\"url\":\"https:\\\/\\\/www.eldigitaldeasturias.com\\\/noticias\\\/wp-content\\\/uploads\\\/2020\\\/12\\\/EDA.jpg\",\"@id\":\"https:\\\/\\\/www.eldigitaldeasturias.com\\\/noticias\\\/peliculas-de-argentina-espana-y-cuba-a-concurso-en-el-festival-de-marrakech\\\/#organizationLogo\"},\"image\":{\"@id\":\"https:\\\/\\\/www.eldigitaldeasturias.com\\\/noticias\\\/peliculas-de-argentina-espana-y-cuba-a-concurso-en-el-festival-de-marrakech\\\/#organizationLogo\"},\"sameAs\":[\"https:\\\/\\\/facebook.com\\\/eldigitaldeasturias\",\"https:\\\/\\\/www.youtube.com\\\/channel\\\/UCZP-2wLEB9Rv6erhFmqVnvg\"],\"address\":{\"@id\":\"https:\\\/\\\/www.eldigitaldeasturias.com\\\/noticias\\\/#postaladdress\",\"@type\":\"PostalAddress\",\"streetAddress\":\"san antonio 4\",\"postalCode\":\"33430\",\"addressLocality\":\"Cand\\u00e1s\",\"addressRegion\":\"Asturias\",\"addressCountry\":\"ES\"}},{\"@type\":\"Person\",\"@id\":\"https:\\\/\\\/www.eldigitaldeasturias.com\\\/noticias\\\/author\\\/admin\\\/#author\",\"url\":\"https:\\\/\\\/www.eldigitaldeasturias.com\\\/noticias\\\/author\\\/admin\\\/\",\"name\":\"El Digital de Asturias\",\"image\":{\"@type\":\"ImageObject\",\"@id\":\"https:\\\/\\\/www.eldigitaldeasturias.com\\\/noticias\\\/peliculas-de-argentina-espana-y-cuba-a-concurso-en-el-festival-de-marrakech\\\/#authorImage\",\"url\":\"https:\\\/\\\/secure.gravatar.com\\\/avatar\\\/df2aeffc32bcd13f8d26072ef8a91b623d677766deac7f97ca815868cd41bf5e?s=96&d=mm&r=g\",\"width\":96,\"height\":96,\"caption\":\"El Digital de Asturias\"}},{\"@type\":\"WebPage\",\"@id\":\"https:\\\/\\\/www.eldigitaldeasturias.com\\\/noticias\\\/peliculas-de-argentina-espana-y-cuba-a-concurso-en-el-festival-de-marrakech\\\/#webpage\",\"url\":\"https:\\\/\\\/www.eldigitaldeasturias.com\\\/noticias\\\/peliculas-de-argentina-espana-y-cuba-a-concurso-en-el-festival-de-marrakech\\\/\",\"name\":\"Pel\\u00edculas de Argentina, Espa\\u00f1a y Cuba, a concurso en el Festival de Marrakech - El Digital de Asturias\",\"description\":\"Marrakech (Marruecos), 29 nov (EFE).- Quince pel\\u00edculas de otros tantos pa\\u00edses, entre ellos Argentina, Espa\\u00f1a y Cuba, compiten este a\\u00f1o en la decimotercera edici\\u00f3n del Festival Internacional de Cine de Marrakech que se inaugura hoy y cuyo jurado estar\\u00e1 encabezado por el realizador Martin Scorsesse. El festival m\\u00e1s glamouroso de Marruecos y probablemente de \\u00c1frica\",\"inLanguage\":\"es-ES\",\"isPartOf\":{\"@id\":\"https:\\\/\\\/www.eldigitaldeasturias.com\\\/noticias\\\/#website\"},\"breadcrumb\":{\"@id\":\"https:\\\/\\\/www.eldigitaldeasturias.com\\\/noticias\\\/peliculas-de-argentina-espana-y-cuba-a-concurso-en-el-festival-de-marrakech\\\/#breadcrumblist\"},\"author\":{\"@id\":\"https:\\\/\\\/www.eldigitaldeasturias.com\\\/noticias\\\/author\\\/admin\\\/#author\"},\"creator\":{\"@id\":\"https:\\\/\\\/www.eldigitaldeasturias.com\\\/noticias\\\/author\\\/admin\\\/#author\"},\"image\":{\"@type\":\"ImageObject\",\"url\":455783,\"@id\":\"https:\\\/\\\/www.eldigitaldeasturias.com\\\/noticias\\\/peliculas-de-argentina-espana-y-cuba-a-concurso-en-el-festival-de-marrakech\\\/#mainImage\"},\"primaryImageOfPage\":{\"@id\":\"https:\\\/\\\/www.eldigitaldeasturias.com\\\/noticias\\\/peliculas-de-argentina-espana-y-cuba-a-concurso-en-el-festival-de-marrakech\\\/#mainImage\"},\"datePublished\":\"2013-11-29T19:39:33+01:00\",\"dateModified\":\"2013-11-29T19:39:33+01:00\"},{\"@type\":\"WebSite\",\"@id\":\"https:\\\/\\\/www.eldigitaldeasturias.com\\\/noticias\\\/#website\",\"url\":\"https:\\\/\\\/www.eldigitaldeasturias.com\\\/noticias\\\/\",\"name\":\"El Digital de Asturias - Diario de actualidad y noticias\",\"alternateName\":\"El Digital de Asturias - Diario de actualidad y noticias\",\"description\":\"Hemeroteca\",\"inLanguage\":\"es-ES\",\"publisher\":{\"@id\":\"https:\\\/\\\/www.eldigitaldeasturias.com\\\/noticias\\\/#organization\"}}]}\n\t\t<\/script>\n\t\t<!-- All in One SEO Pro -->\r\n\t\t<title>Pel\u00edculas de Argentina, Espa\u00f1a y Cuba, a concurso en el Festival de Marrakech - El Digital de Asturias<\/title>\n\n","aioseo_head_json":{"title":"Pel\u00edculas de Argentina, Espa\u00f1a y Cuba, a concurso en el Festival de Marrakech - El Digital de Asturias","description":"Marrakech (Marruecos), 29 nov (EFE).- Quince pel\u00edculas de otros tantos pa\u00edses, entre ellos Argentina, Espa\u00f1a y Cuba, compiten este a\u00f1o en la decimotercera edici\u00f3n del Festival Internacional de Cine de Marrakech que se inaugura hoy y cuyo jurado estar\u00e1 encabezado por el realizador Martin Scorsesse. El festival m\u00e1s glamouroso de Marruecos y probablemente de \u00c1frica","canonical_url":"https:\/\/www.eldigitaldeasturias.com\/noticias\/peliculas-de-argentina-espana-y-cuba-a-concurso-en-el-festival-de-marrakech\/","robots":"max-image-preview:large","keywords":"revista de ocio","webmasterTools":{"google-site-verification":"UA-38556648-1","msvalidate.01":"7dfe9f3f1b24437ab69f4f2559babe99","miscellaneous":""},"schema":{"@context":"https:\/\/schema.org","@graph":[{"@type":"BlogPosting","@id":"https:\/\/www.eldigitaldeasturias.com\/noticias\/peliculas-de-argentina-espana-y-cuba-a-concurso-en-el-festival-de-marrakech\/#blogposting","name":"Pel\u00edculas de Argentina, Espa\u00f1a y Cuba, a concurso en el Festival de Marrakech - El Digital de Asturias","headline":"Pel\u00edculas de Argentina, Espa\u00f1a y Cuba, a concurso en el Festival de Marrakech","author":{"@id":"https:\/\/www.eldigitaldeasturias.com\/noticias\/author\/admin\/#author"},"publisher":{"@id":"https:\/\/www.eldigitaldeasturias.com\/noticias\/#organization"},"image":{"@type":"ImageObject","url":455783},"datePublished":"2013-11-29T19:39:33+01:00","dateModified":"2013-11-29T19:39:33+01:00","inLanguage":"es-ES","mainEntityOfPage":{"@id":"https:\/\/www.eldigitaldeasturias.com\/noticias\/peliculas-de-argentina-espana-y-cuba-a-concurso-en-el-festival-de-marrakech\/#webpage"},"isPartOf":{"@id":"https:\/\/www.eldigitaldeasturias.com\/noticias\/peliculas-de-argentina-espana-y-cuba-a-concurso-en-el-festival-de-marrakech\/#webpage"},"articleSection":"Revista de Ocio"},{"@type":"BreadcrumbList","@id":"https:\/\/www.eldigitaldeasturias.com\/noticias\/peliculas-de-argentina-espana-y-cuba-a-concurso-en-el-festival-de-marrakech\/#breadcrumblist","itemListElement":[{"@type":"ListItem","@id":"https:\/\/www.eldigitaldeasturias.com\/noticias#listItem","position":1,"name":"Home","item":"https:\/\/www.eldigitaldeasturias.com\/noticias","nextItem":{"@type":"ListItem","@id":"https:\/\/www.eldigitaldeasturias.com\/noticias\/category\/revista-de-ocio\/#listItem","name":"Revista de Ocio"}},{"@type":"ListItem","@id":"https:\/\/www.eldigitaldeasturias.com\/noticias\/category\/revista-de-ocio\/#listItem","position":2,"name":"Revista de Ocio","item":"https:\/\/www.eldigitaldeasturias.com\/noticias\/category\/revista-de-ocio\/","nextItem":{"@type":"ListItem","@id":"https:\/\/www.eldigitaldeasturias.com\/noticias\/peliculas-de-argentina-espana-y-cuba-a-concurso-en-el-festival-de-marrakech\/#listItem","name":"Pel\u00edculas de Argentina, Espa\u00f1a y Cuba, a concurso en el Festival de Marrakech"},"previousItem":{"@type":"ListItem","@id":"https:\/\/www.eldigitaldeasturias.com\/noticias#listItem","name":"Home"}},{"@type":"ListItem","@id":"https:\/\/www.eldigitaldeasturias.com\/noticias\/peliculas-de-argentina-espana-y-cuba-a-concurso-en-el-festival-de-marrakech\/#listItem","position":3,"name":"Pel\u00edculas de Argentina, Espa\u00f1a y Cuba, a concurso en el Festival de Marrakech","previousItem":{"@type":"ListItem","@id":"https:\/\/www.eldigitaldeasturias.com\/noticias\/category\/revista-de-ocio\/#listItem","name":"Revista de Ocio"}}]},{"@type":"Organization","@id":"https:\/\/www.eldigitaldeasturias.com\/noticias\/#organization","name":"El Digital de Asturias","description":"Hemeroteca","url":"https:\/\/www.eldigitaldeasturias.com\/noticias\/","email":"info@eldigitaldeasturias.com","telephone":"+34652131393","logo":{"@type":"ImageObject","url":"https:\/\/www.eldigitaldeasturias.com\/noticias\/wp-content\/uploads\/2020\/12\/EDA.jpg","@id":"https:\/\/www.eldigitaldeasturias.com\/noticias\/peliculas-de-argentina-espana-y-cuba-a-concurso-en-el-festival-de-marrakech\/#organizationLogo"},"image":{"@id":"https:\/\/www.eldigitaldeasturias.com\/noticias\/peliculas-de-argentina-espana-y-cuba-a-concurso-en-el-festival-de-marrakech\/#organizationLogo"},"sameAs":["https:\/\/facebook.com\/eldigitaldeasturias","https:\/\/www.youtube.com\/channel\/UCZP-2wLEB9Rv6erhFmqVnvg"],"address":{"@id":"https:\/\/www.eldigitaldeasturias.com\/noticias\/#postaladdress","@type":"PostalAddress","streetAddress":"san antonio 4","postalCode":"33430","addressLocality":"Cand\u00e1s","addressRegion":"Asturias","addressCountry":"ES"}},{"@type":"Person","@id":"https:\/\/www.eldigitaldeasturias.com\/noticias\/author\/admin\/#author","url":"https:\/\/www.eldigitaldeasturias.com\/noticias\/author\/admin\/","name":"El Digital de Asturias","image":{"@type":"ImageObject","@id":"https:\/\/www.eldigitaldeasturias.com\/noticias\/peliculas-de-argentina-espana-y-cuba-a-concurso-en-el-festival-de-marrakech\/#authorImage","url":"https:\/\/secure.gravatar.com\/avatar\/df2aeffc32bcd13f8d26072ef8a91b623d677766deac7f97ca815868cd41bf5e?s=96&d=mm&r=g","width":96,"height":96,"caption":"El Digital de Asturias"}},{"@type":"WebPage","@id":"https:\/\/www.eldigitaldeasturias.com\/noticias\/peliculas-de-argentina-espana-y-cuba-a-concurso-en-el-festival-de-marrakech\/#webpage","url":"https:\/\/www.eldigitaldeasturias.com\/noticias\/peliculas-de-argentina-espana-y-cuba-a-concurso-en-el-festival-de-marrakech\/","name":"Pel\u00edculas de Argentina, Espa\u00f1a y Cuba, a concurso en el Festival de Marrakech - El Digital de Asturias","description":"Marrakech (Marruecos), 29 nov (EFE).- Quince pel\u00edculas de otros tantos pa\u00edses, entre ellos Argentina, Espa\u00f1a y Cuba, compiten este a\u00f1o en la decimotercera edici\u00f3n del Festival Internacional de Cine de Marrakech que se inaugura hoy y cuyo jurado estar\u00e1 encabezado por el realizador Martin Scorsesse. El festival m\u00e1s glamouroso de Marruecos y probablemente de \u00c1frica","inLanguage":"es-ES","isPartOf":{"@id":"https:\/\/www.eldigitaldeasturias.com\/noticias\/#website"},"breadcrumb":{"@id":"https:\/\/www.eldigitaldeasturias.com\/noticias\/peliculas-de-argentina-espana-y-cuba-a-concurso-en-el-festival-de-marrakech\/#breadcrumblist"},"author":{"@id":"https:\/\/www.eldigitaldeasturias.com\/noticias\/author\/admin\/#author"},"creator":{"@id":"https:\/\/www.eldigitaldeasturias.com\/noticias\/author\/admin\/#author"},"image":{"@type":"ImageObject","url":455783,"@id":"https:\/\/www.eldigitaldeasturias.com\/noticias\/peliculas-de-argentina-espana-y-cuba-a-concurso-en-el-festival-de-marrakech\/#mainImage"},"primaryImageOfPage":{"@id":"https:\/\/www.eldigitaldeasturias.com\/noticias\/peliculas-de-argentina-espana-y-cuba-a-concurso-en-el-festival-de-marrakech\/#mainImage"},"datePublished":"2013-11-29T19:39:33+01:00","dateModified":"2013-11-29T19:39:33+01:00"},{"@type":"WebSite","@id":"https:\/\/www.eldigitaldeasturias.com\/noticias\/#website","url":"https:\/\/www.eldigitaldeasturias.com\/noticias\/","name":"El Digital de Asturias - Diario de actualidad y noticias","alternateName":"El Digital de Asturias - Diario de actualidad y noticias","description":"Hemeroteca","inLanguage":"es-ES","publisher":{"@id":"https:\/\/www.eldigitaldeasturias.com\/noticias\/#organization"}}]},"og:locale":"es_ES","og:site_name":"El Digital de Asturias","og:type":"article","og:title":"Pel\u00edculas de Argentina, Espa\u00f1a y Cuba, a concurso en el Festival de Marrakech - El Digital de Asturias","og:description":"Marrakech (Marruecos), 29 nov (EFE).- Quince pel\u00edculas de otros tantos pa\u00edses, entre ellos Argentina, Espa\u00f1a y Cuba, compiten este a\u00f1o en la decimotercera edici\u00f3n del Festival Internacional de Cine de Marrakech que se inaugura hoy y cuyo jurado estar\u00e1 encabezado por el realizador Martin Scorsesse. El festival m\u00e1s glamouroso de Marruecos y probablemente de \u00c1frica","og:url":"https:\/\/www.eldigitaldeasturias.com\/noticias\/peliculas-de-argentina-espana-y-cuba-a-concurso-en-el-festival-de-marrakech\/","article:tag":["revista de ocio"],"article:published_time":"2013-11-29T20:39:33+00:00","article:modified_time":"2013-11-29T20:39:33+00:00","article:publisher":"https:\/\/facebook.com\/eldigitaldeasturias","twitter:card":"summary_large_image","twitter:title":"Pel\u00edculas de Argentina, Espa\u00f1a y Cuba, a concurso en el Festival de Marrakech - El Digital de Asturias","twitter:description":"Marrakech (Marruecos), 29 nov (EFE).- Quince pel\u00edculas de otros tantos pa\u00edses, entre ellos Argentina, Espa\u00f1a y Cuba, compiten este a\u00f1o en la decimotercera edici\u00f3n del Festival Internacional de Cine de Marrakech que se inaugura hoy y cuyo jurado estar\u00e1 encabezado por el realizador Martin Scorsesse. El festival m\u00e1s glamouroso de Marruecos y probablemente de \u00c1frica","twitter:label1":"Escrito por","twitter:data1":"El Digital de Asturias","twitter:label2":"Tiempo de lectura estimado","twitter:data2":"2 minutos"},"aioseo_meta_data":{"post_id":"455782","title":null,"description":null,"keywords":null,"keyphrases":null,"primary_term":null,"canonical_url":null,"og_title":null,"og_description":null,"og_object_type":"default","og_image_type":"default","og_image_url":null,"og_image_width":null,"og_image_height":null,"og_image_custom_url":null,"og_image_custom_fields":null,"og_video":null,"og_custom_url":null,"og_article_section":null,"og_article_tags":null,"twitter_use_og":true,"twitter_card":"default","twitter_image_type":"default","twitter_image_url":null,"twitter_image_custom_url":null,"twitter_image_custom_fields":null,"twitter_title":null,"twitter_description":null,"schema":{"blockGraphs":[],"customGraphs":[],"default":{"data":{"Article":[],"Course":[],"Dataset":[],"FAQPage":[],"Movie":[],"Person":[],"Product":[],"ProductReview":[],"Car":[],"Recipe":[],"Service":[],"SoftwareApplication":[],"WebPage":[]},"graphName":"","isEnabled":true},"graphs":[],"defaultGraph":"","defaultPostTypeGraph":""},"schema_type":null,"schema_type_options":null,"pillar_content":false,"robots_default":true,"robots_noindex":false,"robots_noarchive":false,"robots_nosnippet":false,"robots_nofollow":false,"robots_noimageindex":false,"robots_noodp":false,"robots_notranslate":false,"robots_max_snippet":null,"robots_max_videopreview":null,"robots_max_imagepreview":"none","priority":null,"frequency":null,"local_seo":null,"seo_analyzer_scan_date":"2026-05-29 19:32:04","breadcrumb_settings":null,"limit_modified_date":false,"open_ai":null,"ai":null,"created":"2020-11-14 22:45:21","updated":"2026-05-29 19:32:04","focus_keyword":null,"additional_keywords":null,"truseo_locale":null},"aioseo_breadcrumb":"<div class=\"aioseo-breadcrumbs\"><span class=\"aioseo-breadcrumb\">\n\t<a href=\"https:\/\/www.eldigitaldeasturias.com\/noticias\" title=\"Home\">Home<\/a>\n<\/span><span class=\"aioseo-breadcrumb-separator\">\u2013<\/span><span class=\"aioseo-breadcrumb\">\n\t<a href=\"https:\/\/www.eldigitaldeasturias.com\/noticias\/category\/revista-de-ocio\/\" title=\"Revista de Ocio\">Revista de Ocio<\/a>\n<\/span><span class=\"aioseo-breadcrumb-separator\">\u2013<\/span><span class=\"aioseo-breadcrumb\">\n\t<a href=\"https:\/\/www.eldigitaldeasturias.com\/noticias\/peliculas-de-argentina-espana-y-cuba-a-concurso-en-el-festival-de-marrakech\/\" title=\"Pel\u00edculas de Argentina, Espa\u00f1a y Cuba, a concurso en el Festival de Marrakech\">Pel\u00edculas de Argentina, Espa\u00f1a y Cuba, a concurso en el Festival de Marrakech<\/a>\n<\/span><\/div>","aioseo_breadcrumb_json":[{"label":"Home","link":"https:\/\/www.eldigitaldeasturias.com\/noticias"},{"label":"Revista de Ocio","link":"https:\/\/www.eldigitaldeasturias.com\/noticias\/category\/revista-de-ocio\/"},{"label":"Pel\u00edculas de Argentina, Espa\u00f1a y Cuba, a concurso en el Festival de Marrakech","link":"https:\/\/www.eldigitaldeasturias.com\/noticias\/peliculas-de-argentina-espana-y-cuba-a-concurso-en-el-festival-de-marrakech\/"}],"_links":{"self":[{"href":"https:\/\/www.eldigitaldeasturias.com\/noticias\/wp-json\/wp\/v2\/posts\/455782","targetHints":{"allow":["GET"]}}],"collection":[{"href":"https:\/\/www.eldigitaldeasturias.com\/noticias\/wp-json\/wp\/v2\/posts"}],"about":[{"href":"https:\/\/www.eldigitaldeasturias.com\/noticias\/wp-json\/wp\/v2\/types\/post"}],"author":[{"embeddable":true,"href":"https:\/\/www.eldigitaldeasturias.com\/noticias\/wp-json\/wp\/v2\/users\/1"}],"replies":[{"embeddable":true,"href":"https:\/\/www.eldigitaldeasturias.com\/noticias\/wp-json\/wp\/v2\/comments?post=455782"}],"version-history":[{"count":0,"href":"https:\/\/www.eldigitaldeasturias.com\/noticias\/wp-json\/wp\/v2\/posts\/455782\/revisions"}],"wp:attachment":[{"href":"https:\/\/www.eldigitaldeasturias.com\/noticias\/wp-json\/wp\/v2\/media?parent=455782"}],"wp:term":[{"taxonomy":"category","embeddable":true,"href":"https:\/\/www.eldigitaldeasturias.com\/noticias\/wp-json\/wp\/v2\/categories?post=455782"},{"taxonomy":"post_tag","embeddable":true,"href":"https:\/\/www.eldigitaldeasturias.com\/noticias\/wp-json\/wp\/v2\/tags?post=455782"}],"curies":[{"name":"wp","href":"https:\/\/api.w.org\/{rel}","templated":true}]}}