{"id":455776,"date":"2013-11-29T19:36:59","date_gmt":"2013-11-29T20:36:59","guid":{"rendered":"http:\/\/www.eldigitaldeasturias.com\/noticias\/?p=455776"},"modified":"2013-11-29T19:36:59","modified_gmt":"2013-11-29T20:36:59","slug":"baremboim-y-placido-domingo-estrenan-el-trovador-en-la-staatsoper-de-berlin","status":"publish","type":"post","link":"https:\/\/www.eldigitaldeasturias.com\/noticias\/baremboim-y-placido-domingo-estrenan-el-trovador-en-la-staatsoper-de-berlin\/","title":{"rendered":"Baremboim y Pl\u00e1cido Domingo estrenan \u00abEl trovador\u00bb en la Staatsoper de Berl\u00edn"},"content":{"rendered":"<p><img loading=\"lazy\" decoding=\"async\" class=\"alignleft size-medium wp-image-455777\" alt=\"5761568w\" src=\"https:\/\/www.eldigitaldeasturias.com\/noticias\/wp-content\/uploads\/2013\/11\/5761568w-360x292.jpg\" width=\"360\" height=\"292\" \/>Berl\u00edn, 29 nov (EFE).- Bajo la batuta de Daniel Baremboim y con Pl\u00e1cido Domingo en el papel del Conde Luna la Staatsoper de Berl\u00edn estrena hoy una nueva producci\u00f3n de \u00abEl trovador\u00bb de Guiseppe Verdi.<\/p>\n<p>La escenograf\u00eda correr\u00e1 a cargo de Philipp St\u00f6lzl, director alem\u00e1n de cine y v\u00eddeos musicales que ampli\u00f3 en 2005 su carrera al mundo de la \u00f3pera.<\/p>\n<p>\u00ab&#8216;El trovador&#8217; es una tormenta de emociones\u00bb, avanza en St\u00f6lz en la p\u00e1gina web de la Staatsoper, que ha programado siete representaciones de la obra de Verdi hasta finales de a\u00f1o.<\/p>\n<p>El argentinoisrael\u00ed Daniel Barenboim se encargar\u00e1 de la direcci\u00f3n musical en el reducido Schiller Theater, sede provisional de la Staatsoper mientras contin\u00faan las obras de remodelaci\u00f3n de su edificio principal en la berlinesa avenida de Unter den Linden.<\/p>\n<p>\u00abVerdi\u00bb es precisamente el t\u00edtulo del \u00faltimo \u00e1lbum de Pl\u00e1cido Domingo, un homenaje al m\u00fasico italiano en el bicentenario de su nacimiento y el primero que ha grabado como bar\u00edtono.<\/p>\n<p>Baja por enfermedad ser\u00e1 en el estreno Aleksndrs Antonenko, por lo que el papel del trovador Manrico lo asumir\u00e1 el uruguayo Gast\u00f3n Rivero.<\/p>\n","protected":false},"excerpt":{"rendered":"<p>Berl\u00edn, 29 nov (EFE).- Bajo la batuta de Daniel Baremboim y con Pl\u00e1cido Domingo en el papel del Conde Luna la Staatsoper de Berl\u00edn estrena hoy una nueva producci\u00f3n de \u00abEl trovador\u00bb de Guiseppe Verdi. La escenograf\u00eda correr\u00e1 a cargo de Philipp St\u00f6lzl, director alem\u00e1n de cine y v\u00eddeos musicales que ampli\u00f3 en 2005 su [&hellip;]<\/p>\n","protected":false},"author":1,"featured_media":455777,"comment_status":"closed","ping_status":"open","sticky":false,"template":"","format":"standard","meta":{"footnotes":""},"categories":[50],"tags":[],"class_list":["post-455776","post","type-post","status-publish","format-standard","has-post-thumbnail","hentry","category-revista-de-ocio"],"aioseo_notices":[],"aioseo_head":"\n\t\t<!-- All in One SEO Pro 5.0.1 - aioseo.com -->\n\t<meta name=\"description\" content=\"Berl\u00edn, 29 nov (EFE).- Bajo la batuta de Daniel Baremboim y con Pl\u00e1cido Domingo en el papel del Conde Luna la Staatsoper de Berl\u00edn estrena hoy una nueva producci\u00f3n de &quot;El trovador&quot; de Guiseppe Verdi. La escenograf\u00eda correr\u00e1 a cargo de Philipp St\u00f6lzl, director alem\u00e1n de cine y v\u00eddeos musicales que ampli\u00f3 en 2005 su\" \/>\n\t<meta name=\"robots\" content=\"max-image-preview:large\" \/>\n\t<meta name=\"author\" content=\"El Digital de Asturias\"\/>\n\t<meta name=\"google-site-verification\" content=\"UA-38556648-1\" \/>\n\t<meta name=\"msvalidate.01\" content=\"7dfe9f3f1b24437ab69f4f2559babe99\" \/>\n\t<meta name=\"keywords\" content=\"revista de ocio\" \/>\n\t<link rel=\"canonical\" href=\"https:\/\/www.eldigitaldeasturias.com\/noticias\/baremboim-y-placido-domingo-estrenan-el-trovador-en-la-staatsoper-de-berlin\/\" \/>\n\t<meta name=\"generator\" content=\"All in One SEO Pro (AIOSEO) 5.0.1\" \/>\n\t\t<meta property=\"og:locale\" content=\"es_ES\" \/>\n\t\t<meta property=\"og:site_name\" content=\"El Digital de Asturias\" \/>\n\t\t<meta property=\"og:type\" content=\"article\" \/>\n\t\t<meta property=\"og:title\" content=\"Baremboim y Pl\u00e1cido Domingo estrenan \u00abEl trovador\u00bb en la Staatsoper de Berl\u00edn - El Digital de Asturias\" \/>\n\t\t<meta property=\"og:description\" content=\"Berl\u00edn, 29 nov (EFE).- Bajo la batuta de Daniel Baremboim y con Pl\u00e1cido Domingo en el papel del Conde Luna la Staatsoper de Berl\u00edn estrena hoy una nueva producci\u00f3n de &quot;El trovador&quot; de Guiseppe Verdi. La escenograf\u00eda correr\u00e1 a cargo de Philipp St\u00f6lzl, director alem\u00e1n de cine y v\u00eddeos musicales que ampli\u00f3 en 2005 su\" \/>\n\t\t<meta property=\"og:url\" content=\"https:\/\/www.eldigitaldeasturias.com\/noticias\/baremboim-y-placido-domingo-estrenan-el-trovador-en-la-staatsoper-de-berlin\/\" \/>\n\t\t<meta property=\"article:tag\" content=\"revista de ocio\" \/>\n\t\t<meta property=\"article:published_time\" content=\"2013-11-29T20:36:59+00:00\" \/>\n\t\t<meta property=\"article:modified_time\" content=\"2013-11-29T20:36:59+00:00\" \/>\n\t\t<meta property=\"article:publisher\" content=\"https:\/\/facebook.com\/eldigitaldeasturias\" \/>\n\t\t<meta name=\"twitter:card\" content=\"summary_large_image\" \/>\n\t\t<meta name=\"twitter:title\" content=\"Baremboim y Pl\u00e1cido Domingo estrenan \u00abEl trovador\u00bb en la Staatsoper de Berl\u00edn - El Digital de Asturias\" \/>\n\t\t<meta name=\"twitter:description\" content=\"Berl\u00edn, 29 nov (EFE).- Bajo la batuta de Daniel Baremboim y con Pl\u00e1cido Domingo en el papel del Conde Luna la Staatsoper de Berl\u00edn estrena hoy una nueva producci\u00f3n de &quot;El trovador&quot; de Guiseppe Verdi. La escenograf\u00eda correr\u00e1 a cargo de Philipp St\u00f6lzl, director alem\u00e1n de cine y v\u00eddeos musicales que ampli\u00f3 en 2005 su\" \/>\n\t\t<meta name=\"twitter:label1\" content=\"Escrito por\" \/>\n\t\t<meta name=\"twitter:data1\" content=\"El Digital de Asturias\" \/>\n\t\t<meta name=\"twitter:label2\" content=\"Tiempo de lectura estimado\" \/>\n\t\t<meta name=\"twitter:data2\" content=\"1 minuto\" \/>\n\t\t<script type=\"application\/ld+json\" class=\"aioseo-schema\">\n\t\t\t{\"@context\":\"https:\\\/\\\/schema.org\",\"@graph\":[{\"@type\":\"BlogPosting\",\"@id\":\"https:\\\/\\\/www.eldigitaldeasturias.com\\\/noticias\\\/baremboim-y-placido-domingo-estrenan-el-trovador-en-la-staatsoper-de-berlin\\\/#blogposting\",\"name\":\"Baremboim y Pl\\u00e1cido Domingo estrenan \\u00abEl trovador\\u00bb en la Staatsoper de Berl\\u00edn - El Digital de Asturias\",\"headline\":\"Baremboim y Pl\\u00e1cido Domingo estrenan \\u00abEl trovador\\u00bb en la Staatsoper de Berl\\u00edn\",\"author\":{\"@id\":\"https:\\\/\\\/www.eldigitaldeasturias.com\\\/noticias\\\/author\\\/admin\\\/#author\"},\"publisher\":{\"@id\":\"https:\\\/\\\/www.eldigitaldeasturias.com\\\/noticias\\\/#organization\"},\"image\":{\"@type\":\"ImageObject\",\"url\":455777},\"datePublished\":\"2013-11-29T19:36:59+01:00\",\"dateModified\":\"2013-11-29T19:36:59+01:00\",\"inLanguage\":\"es-ES\",\"mainEntityOfPage\":{\"@id\":\"https:\\\/\\\/www.eldigitaldeasturias.com\\\/noticias\\\/baremboim-y-placido-domingo-estrenan-el-trovador-en-la-staatsoper-de-berlin\\\/#webpage\"},\"isPartOf\":{\"@id\":\"https:\\\/\\\/www.eldigitaldeasturias.com\\\/noticias\\\/baremboim-y-placido-domingo-estrenan-el-trovador-en-la-staatsoper-de-berlin\\\/#webpage\"},\"articleSection\":\"Revista de Ocio\"},{\"@type\":\"BreadcrumbList\",\"@id\":\"https:\\\/\\\/www.eldigitaldeasturias.com\\\/noticias\\\/baremboim-y-placido-domingo-estrenan-el-trovador-en-la-staatsoper-de-berlin\\\/#breadcrumblist\",\"itemListElement\":[{\"@type\":\"ListItem\",\"@id\":\"https:\\\/\\\/www.eldigitaldeasturias.com\\\/noticias#listItem\",\"position\":1,\"name\":\"Home\",\"item\":\"https:\\\/\\\/www.eldigitaldeasturias.com\\\/noticias\",\"nextItem\":{\"@type\":\"ListItem\",\"@id\":\"https:\\\/\\\/www.eldigitaldeasturias.com\\\/noticias\\\/category\\\/revista-de-ocio\\\/#listItem\",\"name\":\"Revista de Ocio\"}},{\"@type\":\"ListItem\",\"@id\":\"https:\\\/\\\/www.eldigitaldeasturias.com\\\/noticias\\\/category\\\/revista-de-ocio\\\/#listItem\",\"position\":2,\"name\":\"Revista de Ocio\",\"item\":\"https:\\\/\\\/www.eldigitaldeasturias.com\\\/noticias\\\/category\\\/revista-de-ocio\\\/\",\"nextItem\":{\"@type\":\"ListItem\",\"@id\":\"https:\\\/\\\/www.eldigitaldeasturias.com\\\/noticias\\\/baremboim-y-placido-domingo-estrenan-el-trovador-en-la-staatsoper-de-berlin\\\/#listItem\",\"name\":\"Baremboim y Pl\\u00e1cido Domingo estrenan \\u00abEl trovador\\u00bb en la Staatsoper de Berl\\u00edn\"},\"previousItem\":{\"@type\":\"ListItem\",\"@id\":\"https:\\\/\\\/www.eldigitaldeasturias.com\\\/noticias#listItem\",\"name\":\"Home\"}},{\"@type\":\"ListItem\",\"@id\":\"https:\\\/\\\/www.eldigitaldeasturias.com\\\/noticias\\\/baremboim-y-placido-domingo-estrenan-el-trovador-en-la-staatsoper-de-berlin\\\/#listItem\",\"position\":3,\"name\":\"Baremboim y Pl\\u00e1cido Domingo estrenan \\u00abEl trovador\\u00bb en la Staatsoper de Berl\\u00edn\",\"previousItem\":{\"@type\":\"ListItem\",\"@id\":\"https:\\\/\\\/www.eldigitaldeasturias.com\\\/noticias\\\/category\\\/revista-de-ocio\\\/#listItem\",\"name\":\"Revista de Ocio\"}}]},{\"@type\":\"Organization\",\"@id\":\"https:\\\/\\\/www.eldigitaldeasturias.com\\\/noticias\\\/#organization\",\"name\":\"El Digital de Asturias\",\"description\":\"Hemeroteca\",\"url\":\"https:\\\/\\\/www.eldigitaldeasturias.com\\\/noticias\\\/\",\"email\":\"info@eldigitaldeasturias.com\",\"telephone\":\"+34652131393\",\"logo\":{\"@type\":\"ImageObject\",\"url\":\"https:\\\/\\\/www.eldigitaldeasturias.com\\\/noticias\\\/wp-content\\\/uploads\\\/2020\\\/12\\\/EDA.jpg\",\"@id\":\"https:\\\/\\\/www.eldigitaldeasturias.com\\\/noticias\\\/baremboim-y-placido-domingo-estrenan-el-trovador-en-la-staatsoper-de-berlin\\\/#organizationLogo\"},\"image\":{\"@id\":\"https:\\\/\\\/www.eldigitaldeasturias.com\\\/noticias\\\/baremboim-y-placido-domingo-estrenan-el-trovador-en-la-staatsoper-de-berlin\\\/#organizationLogo\"},\"sameAs\":[\"https:\\\/\\\/facebook.com\\\/eldigitaldeasturias\",\"https:\\\/\\\/www.youtube.com\\\/channel\\\/UCZP-2wLEB9Rv6erhFmqVnvg\"],\"address\":{\"@id\":\"https:\\\/\\\/www.eldigitaldeasturias.com\\\/noticias\\\/#postaladdress\",\"@type\":\"PostalAddress\",\"streetAddress\":\"san antonio 4\",\"postalCode\":\"33430\",\"addressLocality\":\"Cand\\u00e1s\",\"addressRegion\":\"Asturias\",\"addressCountry\":\"ES\"}},{\"@type\":\"Person\",\"@id\":\"https:\\\/\\\/www.eldigitaldeasturias.com\\\/noticias\\\/author\\\/admin\\\/#author\",\"url\":\"https:\\\/\\\/www.eldigitaldeasturias.com\\\/noticias\\\/author\\\/admin\\\/\",\"name\":\"El Digital de Asturias\",\"image\":{\"@type\":\"ImageObject\",\"@id\":\"https:\\\/\\\/www.eldigitaldeasturias.com\\\/noticias\\\/baremboim-y-placido-domingo-estrenan-el-trovador-en-la-staatsoper-de-berlin\\\/#authorImage\",\"url\":\"https:\\\/\\\/secure.gravatar.com\\\/avatar\\\/df2aeffc32bcd13f8d26072ef8a91b623d677766deac7f97ca815868cd41bf5e?s=96&d=mm&r=g\",\"width\":96,\"height\":96,\"caption\":\"El Digital de Asturias\"}},{\"@type\":\"WebPage\",\"@id\":\"https:\\\/\\\/www.eldigitaldeasturias.com\\\/noticias\\\/baremboim-y-placido-domingo-estrenan-el-trovador-en-la-staatsoper-de-berlin\\\/#webpage\",\"url\":\"https:\\\/\\\/www.eldigitaldeasturias.com\\\/noticias\\\/baremboim-y-placido-domingo-estrenan-el-trovador-en-la-staatsoper-de-berlin\\\/\",\"name\":\"Baremboim y Pl\\u00e1cido Domingo estrenan \\u00abEl trovador\\u00bb en la Staatsoper de Berl\\u00edn - El Digital de Asturias\",\"description\":\"Berl\\u00edn, 29 nov (EFE).- Bajo la batuta de Daniel Baremboim y con Pl\\u00e1cido Domingo en el papel del Conde Luna la Staatsoper de Berl\\u00edn estrena hoy una nueva producci\\u00f3n de \\\"El trovador\\\" de Guiseppe Verdi. La escenograf\\u00eda correr\\u00e1 a cargo de Philipp St\\u00f6lzl, director alem\\u00e1n de cine y v\\u00eddeos musicales que ampli\\u00f3 en 2005 su\",\"inLanguage\":\"es-ES\",\"isPartOf\":{\"@id\":\"https:\\\/\\\/www.eldigitaldeasturias.com\\\/noticias\\\/#website\"},\"breadcrumb\":{\"@id\":\"https:\\\/\\\/www.eldigitaldeasturias.com\\\/noticias\\\/baremboim-y-placido-domingo-estrenan-el-trovador-en-la-staatsoper-de-berlin\\\/#breadcrumblist\"},\"author\":{\"@id\":\"https:\\\/\\\/www.eldigitaldeasturias.com\\\/noticias\\\/author\\\/admin\\\/#author\"},\"creator\":{\"@id\":\"https:\\\/\\\/www.eldigitaldeasturias.com\\\/noticias\\\/author\\\/admin\\\/#author\"},\"image\":{\"@type\":\"ImageObject\",\"url\":455777,\"@id\":\"https:\\\/\\\/www.eldigitaldeasturias.com\\\/noticias\\\/baremboim-y-placido-domingo-estrenan-el-trovador-en-la-staatsoper-de-berlin\\\/#mainImage\"},\"primaryImageOfPage\":{\"@id\":\"https:\\\/\\\/www.eldigitaldeasturias.com\\\/noticias\\\/baremboim-y-placido-domingo-estrenan-el-trovador-en-la-staatsoper-de-berlin\\\/#mainImage\"},\"datePublished\":\"2013-11-29T19:36:59+01:00\",\"dateModified\":\"2013-11-29T19:36:59+01:00\"},{\"@type\":\"WebSite\",\"@id\":\"https:\\\/\\\/www.eldigitaldeasturias.com\\\/noticias\\\/#website\",\"url\":\"https:\\\/\\\/www.eldigitaldeasturias.com\\\/noticias\\\/\",\"name\":\"El Digital de Asturias - Diario de actualidad y noticias\",\"alternateName\":\"El Digital de Asturias - Diario de actualidad y noticias\",\"description\":\"Hemeroteca\",\"inLanguage\":\"es-ES\",\"publisher\":{\"@id\":\"https:\\\/\\\/www.eldigitaldeasturias.com\\\/noticias\\\/#organization\"}}]}\n\t\t<\/script>\n\t\t<!-- All in One SEO Pro -->\r\n\t\t<title>Baremboim y Pl\u00e1cido Domingo estrenan \u00abEl trovador\u00bb en la Staatsoper de Berl\u00edn - El Digital de Asturias<\/title>\n\n","aioseo_head_json":{"title":"Baremboim y Pl\u00e1cido Domingo estrenan \u00abEl trovador\u00bb en la Staatsoper de Berl\u00edn - El Digital de Asturias","description":"Berl\u00edn, 29 nov (EFE).- Bajo la batuta de Daniel Baremboim y con Pl\u00e1cido Domingo en el papel del Conde Luna la Staatsoper de Berl\u00edn estrena hoy una nueva producci\u00f3n de \"El trovador\" de Guiseppe Verdi. La escenograf\u00eda correr\u00e1 a cargo de Philipp St\u00f6lzl, director alem\u00e1n de cine y v\u00eddeos musicales que ampli\u00f3 en 2005 su","canonical_url":"https:\/\/www.eldigitaldeasturias.com\/noticias\/baremboim-y-placido-domingo-estrenan-el-trovador-en-la-staatsoper-de-berlin\/","robots":"max-image-preview:large","keywords":"revista de ocio","webmasterTools":{"google-site-verification":"UA-38556648-1","msvalidate.01":"7dfe9f3f1b24437ab69f4f2559babe99","miscellaneous":""},"schema":{"@context":"https:\/\/schema.org","@graph":[{"@type":"BlogPosting","@id":"https:\/\/www.eldigitaldeasturias.com\/noticias\/baremboim-y-placido-domingo-estrenan-el-trovador-en-la-staatsoper-de-berlin\/#blogposting","name":"Baremboim y Pl\u00e1cido Domingo estrenan \u00abEl trovador\u00bb en la Staatsoper de Berl\u00edn - El Digital de Asturias","headline":"Baremboim y Pl\u00e1cido Domingo estrenan \u00abEl trovador\u00bb en la Staatsoper de Berl\u00edn","author":{"@id":"https:\/\/www.eldigitaldeasturias.com\/noticias\/author\/admin\/#author"},"publisher":{"@id":"https:\/\/www.eldigitaldeasturias.com\/noticias\/#organization"},"image":{"@type":"ImageObject","url":455777},"datePublished":"2013-11-29T19:36:59+01:00","dateModified":"2013-11-29T19:36:59+01:00","inLanguage":"es-ES","mainEntityOfPage":{"@id":"https:\/\/www.eldigitaldeasturias.com\/noticias\/baremboim-y-placido-domingo-estrenan-el-trovador-en-la-staatsoper-de-berlin\/#webpage"},"isPartOf":{"@id":"https:\/\/www.eldigitaldeasturias.com\/noticias\/baremboim-y-placido-domingo-estrenan-el-trovador-en-la-staatsoper-de-berlin\/#webpage"},"articleSection":"Revista de Ocio"},{"@type":"BreadcrumbList","@id":"https:\/\/www.eldigitaldeasturias.com\/noticias\/baremboim-y-placido-domingo-estrenan-el-trovador-en-la-staatsoper-de-berlin\/#breadcrumblist","itemListElement":[{"@type":"ListItem","@id":"https:\/\/www.eldigitaldeasturias.com\/noticias#listItem","position":1,"name":"Home","item":"https:\/\/www.eldigitaldeasturias.com\/noticias","nextItem":{"@type":"ListItem","@id":"https:\/\/www.eldigitaldeasturias.com\/noticias\/category\/revista-de-ocio\/#listItem","name":"Revista de Ocio"}},{"@type":"ListItem","@id":"https:\/\/www.eldigitaldeasturias.com\/noticias\/category\/revista-de-ocio\/#listItem","position":2,"name":"Revista de Ocio","item":"https:\/\/www.eldigitaldeasturias.com\/noticias\/category\/revista-de-ocio\/","nextItem":{"@type":"ListItem","@id":"https:\/\/www.eldigitaldeasturias.com\/noticias\/baremboim-y-placido-domingo-estrenan-el-trovador-en-la-staatsoper-de-berlin\/#listItem","name":"Baremboim y Pl\u00e1cido Domingo estrenan \u00abEl trovador\u00bb en la Staatsoper de Berl\u00edn"},"previousItem":{"@type":"ListItem","@id":"https:\/\/www.eldigitaldeasturias.com\/noticias#listItem","name":"Home"}},{"@type":"ListItem","@id":"https:\/\/www.eldigitaldeasturias.com\/noticias\/baremboim-y-placido-domingo-estrenan-el-trovador-en-la-staatsoper-de-berlin\/#listItem","position":3,"name":"Baremboim y Pl\u00e1cido Domingo estrenan \u00abEl trovador\u00bb en la Staatsoper de Berl\u00edn","previousItem":{"@type":"ListItem","@id":"https:\/\/www.eldigitaldeasturias.com\/noticias\/category\/revista-de-ocio\/#listItem","name":"Revista de Ocio"}}]},{"@type":"Organization","@id":"https:\/\/www.eldigitaldeasturias.com\/noticias\/#organization","name":"El Digital de Asturias","description":"Hemeroteca","url":"https:\/\/www.eldigitaldeasturias.com\/noticias\/","email":"info@eldigitaldeasturias.com","telephone":"+34652131393","logo":{"@type":"ImageObject","url":"https:\/\/www.eldigitaldeasturias.com\/noticias\/wp-content\/uploads\/2020\/12\/EDA.jpg","@id":"https:\/\/www.eldigitaldeasturias.com\/noticias\/baremboim-y-placido-domingo-estrenan-el-trovador-en-la-staatsoper-de-berlin\/#organizationLogo"},"image":{"@id":"https:\/\/www.eldigitaldeasturias.com\/noticias\/baremboim-y-placido-domingo-estrenan-el-trovador-en-la-staatsoper-de-berlin\/#organizationLogo"},"sameAs":["https:\/\/facebook.com\/eldigitaldeasturias","https:\/\/www.youtube.com\/channel\/UCZP-2wLEB9Rv6erhFmqVnvg"],"address":{"@id":"https:\/\/www.eldigitaldeasturias.com\/noticias\/#postaladdress","@type":"PostalAddress","streetAddress":"san antonio 4","postalCode":"33430","addressLocality":"Cand\u00e1s","addressRegion":"Asturias","addressCountry":"ES"}},{"@type":"Person","@id":"https:\/\/www.eldigitaldeasturias.com\/noticias\/author\/admin\/#author","url":"https:\/\/www.eldigitaldeasturias.com\/noticias\/author\/admin\/","name":"El Digital de Asturias","image":{"@type":"ImageObject","@id":"https:\/\/www.eldigitaldeasturias.com\/noticias\/baremboim-y-placido-domingo-estrenan-el-trovador-en-la-staatsoper-de-berlin\/#authorImage","url":"https:\/\/secure.gravatar.com\/avatar\/df2aeffc32bcd13f8d26072ef8a91b623d677766deac7f97ca815868cd41bf5e?s=96&d=mm&r=g","width":96,"height":96,"caption":"El Digital de Asturias"}},{"@type":"WebPage","@id":"https:\/\/www.eldigitaldeasturias.com\/noticias\/baremboim-y-placido-domingo-estrenan-el-trovador-en-la-staatsoper-de-berlin\/#webpage","url":"https:\/\/www.eldigitaldeasturias.com\/noticias\/baremboim-y-placido-domingo-estrenan-el-trovador-en-la-staatsoper-de-berlin\/","name":"Baremboim y Pl\u00e1cido Domingo estrenan \u00abEl trovador\u00bb en la Staatsoper de Berl\u00edn - El Digital de Asturias","description":"Berl\u00edn, 29 nov (EFE).- Bajo la batuta de Daniel Baremboim y con Pl\u00e1cido Domingo en el papel del Conde Luna la Staatsoper de Berl\u00edn estrena hoy una nueva producci\u00f3n de \"El trovador\" de Guiseppe Verdi. La escenograf\u00eda correr\u00e1 a cargo de Philipp St\u00f6lzl, director alem\u00e1n de cine y v\u00eddeos musicales que ampli\u00f3 en 2005 su","inLanguage":"es-ES","isPartOf":{"@id":"https:\/\/www.eldigitaldeasturias.com\/noticias\/#website"},"breadcrumb":{"@id":"https:\/\/www.eldigitaldeasturias.com\/noticias\/baremboim-y-placido-domingo-estrenan-el-trovador-en-la-staatsoper-de-berlin\/#breadcrumblist"},"author":{"@id":"https:\/\/www.eldigitaldeasturias.com\/noticias\/author\/admin\/#author"},"creator":{"@id":"https:\/\/www.eldigitaldeasturias.com\/noticias\/author\/admin\/#author"},"image":{"@type":"ImageObject","url":455777,"@id":"https:\/\/www.eldigitaldeasturias.com\/noticias\/baremboim-y-placido-domingo-estrenan-el-trovador-en-la-staatsoper-de-berlin\/#mainImage"},"primaryImageOfPage":{"@id":"https:\/\/www.eldigitaldeasturias.com\/noticias\/baremboim-y-placido-domingo-estrenan-el-trovador-en-la-staatsoper-de-berlin\/#mainImage"},"datePublished":"2013-11-29T19:36:59+01:00","dateModified":"2013-11-29T19:36:59+01:00"},{"@type":"WebSite","@id":"https:\/\/www.eldigitaldeasturias.com\/noticias\/#website","url":"https:\/\/www.eldigitaldeasturias.com\/noticias\/","name":"El Digital de Asturias - Diario de actualidad y noticias","alternateName":"El Digital de Asturias - Diario de actualidad y noticias","description":"Hemeroteca","inLanguage":"es-ES","publisher":{"@id":"https:\/\/www.eldigitaldeasturias.com\/noticias\/#organization"}}]},"og:locale":"es_ES","og:site_name":"El Digital de Asturias","og:type":"article","og:title":"Baremboim y Pl\u00e1cido Domingo estrenan \u00abEl trovador\u00bb en la Staatsoper de Berl\u00edn - El Digital de Asturias","og:description":"Berl\u00edn, 29 nov (EFE).- Bajo la batuta de Daniel Baremboim y con Pl\u00e1cido Domingo en el papel del Conde Luna la Staatsoper de Berl\u00edn estrena hoy una nueva producci\u00f3n de &quot;El trovador&quot; de Guiseppe Verdi. La escenograf\u00eda correr\u00e1 a cargo de Philipp St\u00f6lzl, director alem\u00e1n de cine y v\u00eddeos musicales que ampli\u00f3 en 2005 su","og:url":"https:\/\/www.eldigitaldeasturias.com\/noticias\/baremboim-y-placido-domingo-estrenan-el-trovador-en-la-staatsoper-de-berlin\/","article:tag":["revista de ocio"],"article:published_time":"2013-11-29T20:36:59+00:00","article:modified_time":"2013-11-29T20:36:59+00:00","article:publisher":"https:\/\/facebook.com\/eldigitaldeasturias","twitter:card":"summary_large_image","twitter:title":"Baremboim y Pl\u00e1cido Domingo estrenan \u00abEl trovador\u00bb en la Staatsoper de Berl\u00edn - El Digital de Asturias","twitter:description":"Berl\u00edn, 29 nov (EFE).- Bajo la batuta de Daniel Baremboim y con Pl\u00e1cido Domingo en el papel del Conde Luna la Staatsoper de Berl\u00edn estrena hoy una nueva producci\u00f3n de &quot;El trovador&quot; de Guiseppe Verdi. La escenograf\u00eda correr\u00e1 a cargo de Philipp St\u00f6lzl, director alem\u00e1n de cine y v\u00eddeos musicales que ampli\u00f3 en 2005 su","twitter:label1":"Escrito por","twitter:data1":"El Digital de Asturias","twitter:label2":"Tiempo de lectura estimado","twitter:data2":"1 minuto"},"aioseo_meta_data":{"post_id":"455776","title":null,"description":null,"keywords":null,"keyphrases":null,"primary_term":null,"canonical_url":null,"og_title":null,"og_description":null,"og_object_type":"default","og_image_type":"default","og_image_url":null,"og_image_width":null,"og_image_height":null,"og_image_custom_url":null,"og_image_custom_fields":null,"og_video":null,"og_custom_url":null,"og_article_section":null,"og_article_tags":null,"twitter_use_og":true,"twitter_card":"default","twitter_image_type":"default","twitter_image_url":null,"twitter_image_custom_url":null,"twitter_image_custom_fields":null,"twitter_title":null,"twitter_description":null,"schema":{"blockGraphs":[],"customGraphs":[],"default":{"data":{"Article":[],"Course":[],"Dataset":[],"FAQPage":[],"Movie":[],"Person":[],"Product":[],"ProductReview":[],"Car":[],"Recipe":[],"Service":[],"SoftwareApplication":[],"WebPage":[]},"graphName":"","isEnabled":true},"graphs":[],"defaultGraph":"","defaultPostTypeGraph":""},"schema_type":null,"schema_type_options":null,"pillar_content":false,"robots_default":true,"robots_noindex":false,"robots_noarchive":false,"robots_nosnippet":false,"robots_nofollow":false,"robots_noimageindex":false,"robots_noodp":false,"robots_notranslate":false,"robots_max_snippet":null,"robots_max_videopreview":null,"robots_max_imagepreview":"none","priority":null,"frequency":null,"local_seo":null,"seo_analyzer_scan_date":"2026-05-29 19:30:04","breadcrumb_settings":null,"limit_modified_date":false,"open_ai":null,"ai":null,"created":"2020-11-14 22:45:21","updated":"2026-05-29 19:30:04","focus_keyword":null,"additional_keywords":null,"truseo_locale":null},"aioseo_breadcrumb":"<div class=\"aioseo-breadcrumbs\"><span class=\"aioseo-breadcrumb\">\n\t<a href=\"https:\/\/www.eldigitaldeasturias.com\/noticias\" title=\"Home\">Home<\/a>\n<\/span><span class=\"aioseo-breadcrumb-separator\">\u2013<\/span><span class=\"aioseo-breadcrumb\">\n\t<a href=\"https:\/\/www.eldigitaldeasturias.com\/noticias\/category\/revista-de-ocio\/\" title=\"Revista de Ocio\">Revista de Ocio<\/a>\n<\/span><span class=\"aioseo-breadcrumb-separator\">\u2013<\/span><span class=\"aioseo-breadcrumb\">\n\t<a href=\"https:\/\/www.eldigitaldeasturias.com\/noticias\/baremboim-y-placido-domingo-estrenan-el-trovador-en-la-staatsoper-de-berlin\/\" title=\"Baremboim y Pl\u00e1cido Domingo estrenan \u00abEl trovador\u00bb en la Staatsoper de Berl\u00edn\">Baremboim y Pl\u00e1cido Domingo estrenan \u00abEl trovador\u00bb en la Staatsoper de Berl\u00edn<\/a>\n<\/span><\/div>","aioseo_breadcrumb_json":[{"label":"Home","link":"https:\/\/www.eldigitaldeasturias.com\/noticias"},{"label":"Revista de Ocio","link":"https:\/\/www.eldigitaldeasturias.com\/noticias\/category\/revista-de-ocio\/"},{"label":"Baremboim y Pl\u00e1cido Domingo estrenan \u00abEl trovador\u00bb en la Staatsoper de Berl\u00edn","link":"https:\/\/www.eldigitaldeasturias.com\/noticias\/baremboim-y-placido-domingo-estrenan-el-trovador-en-la-staatsoper-de-berlin\/"}],"_links":{"self":[{"href":"https:\/\/www.eldigitaldeasturias.com\/noticias\/wp-json\/wp\/v2\/posts\/455776","targetHints":{"allow":["GET"]}}],"collection":[{"href":"https:\/\/www.eldigitaldeasturias.com\/noticias\/wp-json\/wp\/v2\/posts"}],"about":[{"href":"https:\/\/www.eldigitaldeasturias.com\/noticias\/wp-json\/wp\/v2\/types\/post"}],"author":[{"embeddable":true,"href":"https:\/\/www.eldigitaldeasturias.com\/noticias\/wp-json\/wp\/v2\/users\/1"}],"replies":[{"embeddable":true,"href":"https:\/\/www.eldigitaldeasturias.com\/noticias\/wp-json\/wp\/v2\/comments?post=455776"}],"version-history":[{"count":0,"href":"https:\/\/www.eldigitaldeasturias.com\/noticias\/wp-json\/wp\/v2\/posts\/455776\/revisions"}],"wp:attachment":[{"href":"https:\/\/www.eldigitaldeasturias.com\/noticias\/wp-json\/wp\/v2\/media?parent=455776"}],"wp:term":[{"taxonomy":"category","embeddable":true,"href":"https:\/\/www.eldigitaldeasturias.com\/noticias\/wp-json\/wp\/v2\/categories?post=455776"},{"taxonomy":"post_tag","embeddable":true,"href":"https:\/\/www.eldigitaldeasturias.com\/noticias\/wp-json\/wp\/v2\/tags?post=455776"}],"curies":[{"name":"wp","href":"https:\/\/api.w.org\/{rel}","templated":true}]}}