{"id":455773,"date":"2013-11-29T19:35:22","date_gmt":"2013-11-29T20:35:22","guid":{"rendered":"http:\/\/www.eldigitaldeasturias.com\/noticias\/?p=455773"},"modified":"2013-11-29T19:35:22","modified_gmt":"2013-11-29T20:35:22","slug":"los-condenados-por-tartazos-a-barcina-recurriran-un-fallo-desproporcionado","status":"publish","type":"post","link":"https:\/\/www.eldigitaldeasturias.com\/noticias\/los-condenados-por-tartazos-a-barcina-recurriran-un-fallo-desproporcionado\/","title":{"rendered":"Los condenados por tartazos a Barcina recurrir\u00e1n un fallo \u00abdesproporcionado\u00bb"},"content":{"rendered":"<p><img loading=\"lazy\" decoding=\"async\" class=\"alignleft size-medium wp-image-455774\" alt=\"5761526w\" src=\"https:\/\/www.eldigitaldeasturias.com\/noticias\/wp-content\/uploads\/2013\/11\/5761526w-360x253.jpg\" width=\"360\" height=\"253\" \/>Pamplona, 29 nov (EFE).- Los cuatro condenados esta semana por la Audiencia Nacional a penas de hasta dos a\u00f1os de c\u00e1rcel por un delito de atentado a la autoridad al agredir con tres \u00abtartazos\u00bb a la presidenta de Navarra, Yolanda Barcina, han anunciado que recurrir\u00e1n el fallo por \u00abdesproporcionado y ajeno a la realidad social\u00bb.<\/p>\n<p>La sentencia condena a dos a\u00f1os de c\u00e1rcel a Gorka Ovejero Bengoa, teniente de alcalde de Arruazu (Navarra) en el momento de los hechos, Ibon Garc\u00eda Garrido y Julio Mart\u00edn Villanueva, y a un a\u00f1o de prisi\u00f3n -porque no particip\u00f3 en el lanzamiento de las tartas- a Mikel \u00c1lvarez Forcada, y a todos ellos les impone adem\u00e1s una multa de 900 euros.<\/p>\n<p>En conferencia de prensa, los cuatro hombres han reiterado sus argumentos de que lo que el juez ha considerado un atentado fue para ellos \u00abun escrache dulce de se\u00f1alamiento de una de las responsables de la imposici\u00f3n\u00bb del Tren de Alta Velocidad en Navarra, una infraestructura contra cuya construcci\u00f3n son activistas, dentro del movimiento \u00abMugitu\u00bb que en su d\u00eda reivindic\u00f3 la acci\u00f3n, desarrollada en 2011 en Toulouse (Francia).<\/p>\n<p>En ese momento Barcina presid\u00eda un pleno de la Comunidad de Trabajo de los Pirineos, acto que se llevaba a cabo en esa localidad gala, pa\u00eds donde estos hechos son considerados \u00abuna infracci\u00f3n menor\u00bb, han se\u00f1alado los cuatro condenados.<\/p>\n<p>Han lamentado que con su denuncia Yolanda Barcina \u00abdesde el primer momento se dej\u00f3 llevar por su af\u00e1n de venganza\u00bb y procur\u00f3 que los hechos fueran juzgados en Espa\u00f1a, lo que ha propiciado una \u00abduplicidad de procesos\u00bb y ha conseguido que los investigara la Polic\u00eda foral, que a juicio de los encausados \u00abno era competente\u00bb por haber ocurrido en el pa\u00eds vecino, que archiv\u00f3 la causa.<\/p>\n<p>\u00abEl archivo de las diligencias no fue porque se segu\u00eda una investigaci\u00f3n judicial en el Estado espa\u00f1ol, sino que all\u00ed se consider\u00f3 que no proced\u00eda judicializar el conocimiento de los hechos por considerarlos como una infracci\u00f3n insuficientemente caracterizada en el derecho penal franc\u00e9s\u00bb, ha se\u00f1alado Mikel \u00c1lvarez.<\/p>\n<p>Tambi\u00e9n han discrepado del valor probatorio que se da al v\u00eddeo en el que ha basado el juez para asegurar la autor\u00eda de los cuatro y critican que la sentencia se base en la comparaci\u00f3n entre \u00ablanzar\u00bb y \u00abestampar\u00bb las tartas contra Barcina para dotar de mayor gravedad a los hechos.<\/p>\n<p>\u00abEste absurdo jur\u00eddico consideramos que s\u00f3lo responde una vez m\u00e1s a una concepci\u00f3n decimon\u00f3nica, arcaica y totalmente apartada de la realidad social y de la \u00e9poca en que vivimos de la Autoridad P\u00fablica\u00bb, que a su juicio en un caso como el de Barcina tiene una \u00absobreprotecci\u00f3n jur\u00eddico penal\u00bb que es \u00abdesproporcionada\u00bb respecto al resto de la ciudadan\u00eda.<\/p>\n<p>Por todo ello, han anunciado que recurrir\u00e1n la sentencia ante el Tribunal Supremo, cuyo fallo podr\u00eda demorarse un a\u00f1o, y han subrayado que este proceso en el fondo \u00abahonda en la criminalizaci\u00f3n del movimiento anti-TAV\u00bb, una infraestructura cuya construcci\u00f3n han considerado que es \u00abel verdadero atentado\u00bb.<\/p>\n","protected":false},"excerpt":{"rendered":"<p>Pamplona, 29 nov (EFE).- Los cuatro condenados esta semana por la Audiencia Nacional a penas de hasta dos a\u00f1os de c\u00e1rcel por un delito de atentado a la autoridad al agredir con tres \u00abtartazos\u00bb a la presidenta de Navarra, Yolanda Barcina, han anunciado que recurrir\u00e1n el fallo por \u00abdesproporcionado y ajeno a la realidad social\u00bb. [&hellip;]<\/p>\n","protected":false},"author":1,"featured_media":455774,"comment_status":"closed","ping_status":"open","sticky":false,"template":"","format":"standard","meta":{"footnotes":""},"categories":[5],"tags":[],"class_list":["post-455773","post","type-post","status-publish","format-standard","has-post-thumbnail","hentry","category-sucesos"],"aioseo_notices":[],"aioseo_head":"\n\t\t<!-- All in One SEO Pro 5.0.1 - aioseo.com -->\n\t<meta name=\"description\" content=\"Pamplona, 29 nov (EFE).- Los cuatro condenados esta semana por la Audiencia Nacional a penas de hasta dos a\u00f1os de c\u00e1rcel por un delito de atentado a la autoridad al agredir con tres &quot;tartazos&quot; a la presidenta de Navarra, Yolanda Barcina, han anunciado que recurrir\u00e1n el fallo por &quot;desproporcionado y ajeno a la realidad social&quot;.\" \/>\n\t<meta name=\"robots\" content=\"max-image-preview:large\" \/>\n\t<meta name=\"author\" content=\"El Digital de Asturias\"\/>\n\t<meta name=\"google-site-verification\" content=\"UA-38556648-1\" \/>\n\t<meta name=\"msvalidate.01\" content=\"7dfe9f3f1b24437ab69f4f2559babe99\" \/>\n\t<meta name=\"keywords\" content=\"sucesos\" \/>\n\t<link rel=\"canonical\" href=\"https:\/\/www.eldigitaldeasturias.com\/noticias\/los-condenados-por-tartazos-a-barcina-recurriran-un-fallo-desproporcionado\/\" \/>\n\t<meta name=\"generator\" content=\"All in One SEO Pro (AIOSEO) 5.0.1\" \/>\n\t\t<meta property=\"og:locale\" content=\"es_ES\" \/>\n\t\t<meta property=\"og:site_name\" content=\"El Digital de Asturias\" \/>\n\t\t<meta property=\"og:type\" content=\"article\" \/>\n\t\t<meta property=\"og:title\" content=\"Los condenados por tartazos a Barcina recurrir\u00e1n un fallo \u00abdesproporcionado\u00bb - El Digital de Asturias\" \/>\n\t\t<meta property=\"og:description\" content=\"Pamplona, 29 nov (EFE).- Los cuatro condenados esta semana por la Audiencia Nacional a penas de hasta dos a\u00f1os de c\u00e1rcel por un delito de atentado a la autoridad al agredir con tres &quot;tartazos&quot; a la presidenta de Navarra, Yolanda Barcina, han anunciado que recurrir\u00e1n el fallo por &quot;desproporcionado y ajeno a la realidad social&quot;.\" \/>\n\t\t<meta property=\"og:url\" content=\"https:\/\/www.eldigitaldeasturias.com\/noticias\/los-condenados-por-tartazos-a-barcina-recurriran-un-fallo-desproporcionado\/\" \/>\n\t\t<meta property=\"article:tag\" content=\"sucesos\" \/>\n\t\t<meta property=\"article:published_time\" content=\"2013-11-29T20:35:22+00:00\" \/>\n\t\t<meta property=\"article:modified_time\" content=\"2013-11-29T20:35:22+00:00\" \/>\n\t\t<meta property=\"article:publisher\" content=\"https:\/\/facebook.com\/eldigitaldeasturias\" \/>\n\t\t<meta name=\"twitter:card\" content=\"summary_large_image\" \/>\n\t\t<meta name=\"twitter:title\" content=\"Los condenados por tartazos a Barcina recurrir\u00e1n un fallo \u00abdesproporcionado\u00bb - El Digital de Asturias\" \/>\n\t\t<meta name=\"twitter:description\" content=\"Pamplona, 29 nov (EFE).- Los cuatro condenados esta semana por la Audiencia Nacional a penas de hasta dos a\u00f1os de c\u00e1rcel por un delito de atentado a la autoridad al agredir con tres &quot;tartazos&quot; a la presidenta de Navarra, Yolanda Barcina, han anunciado que recurrir\u00e1n el fallo por &quot;desproporcionado y ajeno a la realidad social&quot;.\" \/>\n\t\t<meta name=\"twitter:label1\" content=\"Escrito por\" \/>\n\t\t<meta name=\"twitter:data1\" content=\"El Digital de Asturias\" \/>\n\t\t<meta name=\"twitter:label2\" content=\"Tiempo de lectura estimado\" \/>\n\t\t<meta name=\"twitter:data2\" content=\"3 minutos\" \/>\n\t\t<script type=\"application\/ld+json\" class=\"aioseo-schema\">\n\t\t\t{\"@context\":\"https:\\\/\\\/schema.org\",\"@graph\":[{\"@type\":\"BlogPosting\",\"@id\":\"https:\\\/\\\/www.eldigitaldeasturias.com\\\/noticias\\\/los-condenados-por-tartazos-a-barcina-recurriran-un-fallo-desproporcionado\\\/#blogposting\",\"name\":\"Los condenados por tartazos a Barcina recurrir\\u00e1n un fallo \\u00abdesproporcionado\\u00bb - El Digital de Asturias\",\"headline\":\"Los condenados por tartazos a Barcina recurrir\\u00e1n un fallo \\u00abdesproporcionado\\u00bb\",\"author\":{\"@id\":\"https:\\\/\\\/www.eldigitaldeasturias.com\\\/noticias\\\/author\\\/admin\\\/#author\"},\"publisher\":{\"@id\":\"https:\\\/\\\/www.eldigitaldeasturias.com\\\/noticias\\\/#organization\"},\"image\":{\"@type\":\"ImageObject\",\"url\":455774},\"datePublished\":\"2013-11-29T19:35:22+01:00\",\"dateModified\":\"2013-11-29T19:35:22+01:00\",\"inLanguage\":\"es-ES\",\"mainEntityOfPage\":{\"@id\":\"https:\\\/\\\/www.eldigitaldeasturias.com\\\/noticias\\\/los-condenados-por-tartazos-a-barcina-recurriran-un-fallo-desproporcionado\\\/#webpage\"},\"isPartOf\":{\"@id\":\"https:\\\/\\\/www.eldigitaldeasturias.com\\\/noticias\\\/los-condenados-por-tartazos-a-barcina-recurriran-un-fallo-desproporcionado\\\/#webpage\"},\"articleSection\":\"Sucesos\"},{\"@type\":\"BreadcrumbList\",\"@id\":\"https:\\\/\\\/www.eldigitaldeasturias.com\\\/noticias\\\/los-condenados-por-tartazos-a-barcina-recurriran-un-fallo-desproporcionado\\\/#breadcrumblist\",\"itemListElement\":[{\"@type\":\"ListItem\",\"@id\":\"https:\\\/\\\/www.eldigitaldeasturias.com\\\/noticias#listItem\",\"position\":1,\"name\":\"Home\",\"item\":\"https:\\\/\\\/www.eldigitaldeasturias.com\\\/noticias\",\"nextItem\":{\"@type\":\"ListItem\",\"@id\":\"https:\\\/\\\/www.eldigitaldeasturias.com\\\/noticias\\\/category\\\/sucesos\\\/#listItem\",\"name\":\"Sucesos\"}},{\"@type\":\"ListItem\",\"@id\":\"https:\\\/\\\/www.eldigitaldeasturias.com\\\/noticias\\\/category\\\/sucesos\\\/#listItem\",\"position\":2,\"name\":\"Sucesos\",\"item\":\"https:\\\/\\\/www.eldigitaldeasturias.com\\\/noticias\\\/category\\\/sucesos\\\/\",\"nextItem\":{\"@type\":\"ListItem\",\"@id\":\"https:\\\/\\\/www.eldigitaldeasturias.com\\\/noticias\\\/los-condenados-por-tartazos-a-barcina-recurriran-un-fallo-desproporcionado\\\/#listItem\",\"name\":\"Los condenados por tartazos a Barcina recurrir\\u00e1n un fallo \\u00abdesproporcionado\\u00bb\"},\"previousItem\":{\"@type\":\"ListItem\",\"@id\":\"https:\\\/\\\/www.eldigitaldeasturias.com\\\/noticias#listItem\",\"name\":\"Home\"}},{\"@type\":\"ListItem\",\"@id\":\"https:\\\/\\\/www.eldigitaldeasturias.com\\\/noticias\\\/los-condenados-por-tartazos-a-barcina-recurriran-un-fallo-desproporcionado\\\/#listItem\",\"position\":3,\"name\":\"Los condenados por tartazos a Barcina recurrir\\u00e1n un fallo \\u00abdesproporcionado\\u00bb\",\"previousItem\":{\"@type\":\"ListItem\",\"@id\":\"https:\\\/\\\/www.eldigitaldeasturias.com\\\/noticias\\\/category\\\/sucesos\\\/#listItem\",\"name\":\"Sucesos\"}}]},{\"@type\":\"Organization\",\"@id\":\"https:\\\/\\\/www.eldigitaldeasturias.com\\\/noticias\\\/#organization\",\"name\":\"El Digital de Asturias\",\"description\":\"Hemeroteca\",\"url\":\"https:\\\/\\\/www.eldigitaldeasturias.com\\\/noticias\\\/\",\"email\":\"info@eldigitaldeasturias.com\",\"telephone\":\"+34652131393\",\"logo\":{\"@type\":\"ImageObject\",\"url\":\"https:\\\/\\\/www.eldigitaldeasturias.com\\\/noticias\\\/wp-content\\\/uploads\\\/2020\\\/12\\\/EDA.jpg\",\"@id\":\"https:\\\/\\\/www.eldigitaldeasturias.com\\\/noticias\\\/los-condenados-por-tartazos-a-barcina-recurriran-un-fallo-desproporcionado\\\/#organizationLogo\"},\"image\":{\"@id\":\"https:\\\/\\\/www.eldigitaldeasturias.com\\\/noticias\\\/los-condenados-por-tartazos-a-barcina-recurriran-un-fallo-desproporcionado\\\/#organizationLogo\"},\"sameAs\":[\"https:\\\/\\\/facebook.com\\\/eldigitaldeasturias\",\"https:\\\/\\\/www.youtube.com\\\/channel\\\/UCZP-2wLEB9Rv6erhFmqVnvg\"],\"address\":{\"@id\":\"https:\\\/\\\/www.eldigitaldeasturias.com\\\/noticias\\\/#postaladdress\",\"@type\":\"PostalAddress\",\"streetAddress\":\"san antonio 4\",\"postalCode\":\"33430\",\"addressLocality\":\"Cand\\u00e1s\",\"addressRegion\":\"Asturias\",\"addressCountry\":\"ES\"}},{\"@type\":\"Person\",\"@id\":\"https:\\\/\\\/www.eldigitaldeasturias.com\\\/noticias\\\/author\\\/admin\\\/#author\",\"url\":\"https:\\\/\\\/www.eldigitaldeasturias.com\\\/noticias\\\/author\\\/admin\\\/\",\"name\":\"El Digital de Asturias\",\"image\":{\"@type\":\"ImageObject\",\"@id\":\"https:\\\/\\\/www.eldigitaldeasturias.com\\\/noticias\\\/los-condenados-por-tartazos-a-barcina-recurriran-un-fallo-desproporcionado\\\/#authorImage\",\"url\":\"https:\\\/\\\/secure.gravatar.com\\\/avatar\\\/df2aeffc32bcd13f8d26072ef8a91b623d677766deac7f97ca815868cd41bf5e?s=96&d=mm&r=g\",\"width\":96,\"height\":96,\"caption\":\"El Digital de Asturias\"}},{\"@type\":\"WebPage\",\"@id\":\"https:\\\/\\\/www.eldigitaldeasturias.com\\\/noticias\\\/los-condenados-por-tartazos-a-barcina-recurriran-un-fallo-desproporcionado\\\/#webpage\",\"url\":\"https:\\\/\\\/www.eldigitaldeasturias.com\\\/noticias\\\/los-condenados-por-tartazos-a-barcina-recurriran-un-fallo-desproporcionado\\\/\",\"name\":\"Los condenados por tartazos a Barcina recurrir\\u00e1n un fallo \\u00abdesproporcionado\\u00bb - El Digital de Asturias\",\"description\":\"Pamplona, 29 nov (EFE).- Los cuatro condenados esta semana por la Audiencia Nacional a penas de hasta dos a\\u00f1os de c\\u00e1rcel por un delito de atentado a la autoridad al agredir con tres \\\"tartazos\\\" a la presidenta de Navarra, Yolanda Barcina, han anunciado que recurrir\\u00e1n el fallo por \\\"desproporcionado y ajeno a la realidad social\\\".\",\"inLanguage\":\"es-ES\",\"isPartOf\":{\"@id\":\"https:\\\/\\\/www.eldigitaldeasturias.com\\\/noticias\\\/#website\"},\"breadcrumb\":{\"@id\":\"https:\\\/\\\/www.eldigitaldeasturias.com\\\/noticias\\\/los-condenados-por-tartazos-a-barcina-recurriran-un-fallo-desproporcionado\\\/#breadcrumblist\"},\"author\":{\"@id\":\"https:\\\/\\\/www.eldigitaldeasturias.com\\\/noticias\\\/author\\\/admin\\\/#author\"},\"creator\":{\"@id\":\"https:\\\/\\\/www.eldigitaldeasturias.com\\\/noticias\\\/author\\\/admin\\\/#author\"},\"image\":{\"@type\":\"ImageObject\",\"url\":455774,\"@id\":\"https:\\\/\\\/www.eldigitaldeasturias.com\\\/noticias\\\/los-condenados-por-tartazos-a-barcina-recurriran-un-fallo-desproporcionado\\\/#mainImage\"},\"primaryImageOfPage\":{\"@id\":\"https:\\\/\\\/www.eldigitaldeasturias.com\\\/noticias\\\/los-condenados-por-tartazos-a-barcina-recurriran-un-fallo-desproporcionado\\\/#mainImage\"},\"datePublished\":\"2013-11-29T19:35:22+01:00\",\"dateModified\":\"2013-11-29T19:35:22+01:00\"},{\"@type\":\"WebSite\",\"@id\":\"https:\\\/\\\/www.eldigitaldeasturias.com\\\/noticias\\\/#website\",\"url\":\"https:\\\/\\\/www.eldigitaldeasturias.com\\\/noticias\\\/\",\"name\":\"El Digital de Asturias - Diario de actualidad y noticias\",\"alternateName\":\"El Digital de Asturias - Diario de actualidad y noticias\",\"description\":\"Hemeroteca\",\"inLanguage\":\"es-ES\",\"publisher\":{\"@id\":\"https:\\\/\\\/www.eldigitaldeasturias.com\\\/noticias\\\/#organization\"}}]}\n\t\t<\/script>\n\t\t<!-- All in One SEO Pro -->\r\n\t\t<title>Los condenados por tartazos a Barcina recurrir\u00e1n un fallo \u00abdesproporcionado\u00bb - El Digital de Asturias<\/title>\n\n","aioseo_head_json":{"title":"Los condenados por tartazos a Barcina recurrir\u00e1n un fallo \u00abdesproporcionado\u00bb - El Digital de Asturias","description":"Pamplona, 29 nov (EFE).- Los cuatro condenados esta semana por la Audiencia Nacional a penas de hasta dos a\u00f1os de c\u00e1rcel por un delito de atentado a la autoridad al agredir con tres \"tartazos\" a la presidenta de Navarra, Yolanda Barcina, han anunciado que recurrir\u00e1n el fallo por \"desproporcionado y ajeno a la realidad social\".","canonical_url":"https:\/\/www.eldigitaldeasturias.com\/noticias\/los-condenados-por-tartazos-a-barcina-recurriran-un-fallo-desproporcionado\/","robots":"max-image-preview:large","keywords":"sucesos","webmasterTools":{"google-site-verification":"UA-38556648-1","msvalidate.01":"7dfe9f3f1b24437ab69f4f2559babe99","miscellaneous":""},"schema":{"@context":"https:\/\/schema.org","@graph":[{"@type":"BlogPosting","@id":"https:\/\/www.eldigitaldeasturias.com\/noticias\/los-condenados-por-tartazos-a-barcina-recurriran-un-fallo-desproporcionado\/#blogposting","name":"Los condenados por tartazos a Barcina recurrir\u00e1n un fallo \u00abdesproporcionado\u00bb - El Digital de Asturias","headline":"Los condenados por tartazos a Barcina recurrir\u00e1n un fallo \u00abdesproporcionado\u00bb","author":{"@id":"https:\/\/www.eldigitaldeasturias.com\/noticias\/author\/admin\/#author"},"publisher":{"@id":"https:\/\/www.eldigitaldeasturias.com\/noticias\/#organization"},"image":{"@type":"ImageObject","url":455774},"datePublished":"2013-11-29T19:35:22+01:00","dateModified":"2013-11-29T19:35:22+01:00","inLanguage":"es-ES","mainEntityOfPage":{"@id":"https:\/\/www.eldigitaldeasturias.com\/noticias\/los-condenados-por-tartazos-a-barcina-recurriran-un-fallo-desproporcionado\/#webpage"},"isPartOf":{"@id":"https:\/\/www.eldigitaldeasturias.com\/noticias\/los-condenados-por-tartazos-a-barcina-recurriran-un-fallo-desproporcionado\/#webpage"},"articleSection":"Sucesos"},{"@type":"BreadcrumbList","@id":"https:\/\/www.eldigitaldeasturias.com\/noticias\/los-condenados-por-tartazos-a-barcina-recurriran-un-fallo-desproporcionado\/#breadcrumblist","itemListElement":[{"@type":"ListItem","@id":"https:\/\/www.eldigitaldeasturias.com\/noticias#listItem","position":1,"name":"Home","item":"https:\/\/www.eldigitaldeasturias.com\/noticias","nextItem":{"@type":"ListItem","@id":"https:\/\/www.eldigitaldeasturias.com\/noticias\/category\/sucesos\/#listItem","name":"Sucesos"}},{"@type":"ListItem","@id":"https:\/\/www.eldigitaldeasturias.com\/noticias\/category\/sucesos\/#listItem","position":2,"name":"Sucesos","item":"https:\/\/www.eldigitaldeasturias.com\/noticias\/category\/sucesos\/","nextItem":{"@type":"ListItem","@id":"https:\/\/www.eldigitaldeasturias.com\/noticias\/los-condenados-por-tartazos-a-barcina-recurriran-un-fallo-desproporcionado\/#listItem","name":"Los condenados por tartazos a Barcina recurrir\u00e1n un fallo \u00abdesproporcionado\u00bb"},"previousItem":{"@type":"ListItem","@id":"https:\/\/www.eldigitaldeasturias.com\/noticias#listItem","name":"Home"}},{"@type":"ListItem","@id":"https:\/\/www.eldigitaldeasturias.com\/noticias\/los-condenados-por-tartazos-a-barcina-recurriran-un-fallo-desproporcionado\/#listItem","position":3,"name":"Los condenados por tartazos a Barcina recurrir\u00e1n un fallo \u00abdesproporcionado\u00bb","previousItem":{"@type":"ListItem","@id":"https:\/\/www.eldigitaldeasturias.com\/noticias\/category\/sucesos\/#listItem","name":"Sucesos"}}]},{"@type":"Organization","@id":"https:\/\/www.eldigitaldeasturias.com\/noticias\/#organization","name":"El Digital de Asturias","description":"Hemeroteca","url":"https:\/\/www.eldigitaldeasturias.com\/noticias\/","email":"info@eldigitaldeasturias.com","telephone":"+34652131393","logo":{"@type":"ImageObject","url":"https:\/\/www.eldigitaldeasturias.com\/noticias\/wp-content\/uploads\/2020\/12\/EDA.jpg","@id":"https:\/\/www.eldigitaldeasturias.com\/noticias\/los-condenados-por-tartazos-a-barcina-recurriran-un-fallo-desproporcionado\/#organizationLogo"},"image":{"@id":"https:\/\/www.eldigitaldeasturias.com\/noticias\/los-condenados-por-tartazos-a-barcina-recurriran-un-fallo-desproporcionado\/#organizationLogo"},"sameAs":["https:\/\/facebook.com\/eldigitaldeasturias","https:\/\/www.youtube.com\/channel\/UCZP-2wLEB9Rv6erhFmqVnvg"],"address":{"@id":"https:\/\/www.eldigitaldeasturias.com\/noticias\/#postaladdress","@type":"PostalAddress","streetAddress":"san antonio 4","postalCode":"33430","addressLocality":"Cand\u00e1s","addressRegion":"Asturias","addressCountry":"ES"}},{"@type":"Person","@id":"https:\/\/www.eldigitaldeasturias.com\/noticias\/author\/admin\/#author","url":"https:\/\/www.eldigitaldeasturias.com\/noticias\/author\/admin\/","name":"El Digital de Asturias","image":{"@type":"ImageObject","@id":"https:\/\/www.eldigitaldeasturias.com\/noticias\/los-condenados-por-tartazos-a-barcina-recurriran-un-fallo-desproporcionado\/#authorImage","url":"https:\/\/secure.gravatar.com\/avatar\/df2aeffc32bcd13f8d26072ef8a91b623d677766deac7f97ca815868cd41bf5e?s=96&d=mm&r=g","width":96,"height":96,"caption":"El Digital de Asturias"}},{"@type":"WebPage","@id":"https:\/\/www.eldigitaldeasturias.com\/noticias\/los-condenados-por-tartazos-a-barcina-recurriran-un-fallo-desproporcionado\/#webpage","url":"https:\/\/www.eldigitaldeasturias.com\/noticias\/los-condenados-por-tartazos-a-barcina-recurriran-un-fallo-desproporcionado\/","name":"Los condenados por tartazos a Barcina recurrir\u00e1n un fallo \u00abdesproporcionado\u00bb - El Digital de Asturias","description":"Pamplona, 29 nov (EFE).- Los cuatro condenados esta semana por la Audiencia Nacional a penas de hasta dos a\u00f1os de c\u00e1rcel por un delito de atentado a la autoridad al agredir con tres \"tartazos\" a la presidenta de Navarra, Yolanda Barcina, han anunciado que recurrir\u00e1n el fallo por \"desproporcionado y ajeno a la realidad social\".","inLanguage":"es-ES","isPartOf":{"@id":"https:\/\/www.eldigitaldeasturias.com\/noticias\/#website"},"breadcrumb":{"@id":"https:\/\/www.eldigitaldeasturias.com\/noticias\/los-condenados-por-tartazos-a-barcina-recurriran-un-fallo-desproporcionado\/#breadcrumblist"},"author":{"@id":"https:\/\/www.eldigitaldeasturias.com\/noticias\/author\/admin\/#author"},"creator":{"@id":"https:\/\/www.eldigitaldeasturias.com\/noticias\/author\/admin\/#author"},"image":{"@type":"ImageObject","url":455774,"@id":"https:\/\/www.eldigitaldeasturias.com\/noticias\/los-condenados-por-tartazos-a-barcina-recurriran-un-fallo-desproporcionado\/#mainImage"},"primaryImageOfPage":{"@id":"https:\/\/www.eldigitaldeasturias.com\/noticias\/los-condenados-por-tartazos-a-barcina-recurriran-un-fallo-desproporcionado\/#mainImage"},"datePublished":"2013-11-29T19:35:22+01:00","dateModified":"2013-11-29T19:35:22+01:00"},{"@type":"WebSite","@id":"https:\/\/www.eldigitaldeasturias.com\/noticias\/#website","url":"https:\/\/www.eldigitaldeasturias.com\/noticias\/","name":"El Digital de Asturias - Diario de actualidad y noticias","alternateName":"El Digital de Asturias - Diario de actualidad y noticias","description":"Hemeroteca","inLanguage":"es-ES","publisher":{"@id":"https:\/\/www.eldigitaldeasturias.com\/noticias\/#organization"}}]},"og:locale":"es_ES","og:site_name":"El Digital de Asturias","og:type":"article","og:title":"Los condenados por tartazos a Barcina recurrir\u00e1n un fallo \u00abdesproporcionado\u00bb - El Digital de Asturias","og:description":"Pamplona, 29 nov (EFE).- Los cuatro condenados esta semana por la Audiencia Nacional a penas de hasta dos a\u00f1os de c\u00e1rcel por un delito de atentado a la autoridad al agredir con tres &quot;tartazos&quot; a la presidenta de Navarra, Yolanda Barcina, han anunciado que recurrir\u00e1n el fallo por &quot;desproporcionado y ajeno a la realidad social&quot;.","og:url":"https:\/\/www.eldigitaldeasturias.com\/noticias\/los-condenados-por-tartazos-a-barcina-recurriran-un-fallo-desproporcionado\/","article:tag":["sucesos"],"article:published_time":"2013-11-29T20:35:22+00:00","article:modified_time":"2013-11-29T20:35:22+00:00","article:publisher":"https:\/\/facebook.com\/eldigitaldeasturias","twitter:card":"summary_large_image","twitter:title":"Los condenados por tartazos a Barcina recurrir\u00e1n un fallo \u00abdesproporcionado\u00bb - El Digital de Asturias","twitter:description":"Pamplona, 29 nov (EFE).- Los cuatro condenados esta semana por la Audiencia Nacional a penas de hasta dos a\u00f1os de c\u00e1rcel por un delito de atentado a la autoridad al agredir con tres &quot;tartazos&quot; a la presidenta de Navarra, Yolanda Barcina, han anunciado que recurrir\u00e1n el fallo por &quot;desproporcionado y ajeno a la realidad social&quot;.","twitter:label1":"Escrito por","twitter:data1":"El Digital de Asturias","twitter:label2":"Tiempo de lectura estimado","twitter:data2":"3 minutos"},"aioseo_meta_data":{"post_id":"455773","title":null,"description":null,"keywords":null,"keyphrases":null,"primary_term":null,"canonical_url":null,"og_title":null,"og_description":null,"og_object_type":"default","og_image_type":"default","og_image_url":null,"og_image_width":null,"og_image_height":null,"og_image_custom_url":null,"og_image_custom_fields":null,"og_video":null,"og_custom_url":null,"og_article_section":null,"og_article_tags":null,"twitter_use_og":true,"twitter_card":"default","twitter_image_type":"default","twitter_image_url":null,"twitter_image_custom_url":null,"twitter_image_custom_fields":null,"twitter_title":null,"twitter_description":null,"schema":{"blockGraphs":[],"customGraphs":[],"default":{"data":{"Article":[],"Course":[],"Dataset":[],"FAQPage":[],"Movie":[],"Person":[],"Product":[],"ProductReview":[],"Car":[],"Recipe":[],"Service":[],"SoftwareApplication":[],"WebPage":[]},"graphName":"","isEnabled":true},"graphs":[],"defaultGraph":"","defaultPostTypeGraph":""},"schema_type":null,"schema_type_options":null,"pillar_content":false,"robots_default":true,"robots_noindex":false,"robots_noarchive":false,"robots_nosnippet":false,"robots_nofollow":false,"robots_noimageindex":false,"robots_noodp":false,"robots_notranslate":false,"robots_max_snippet":null,"robots_max_videopreview":null,"robots_max_imagepreview":"none","priority":null,"frequency":null,"local_seo":null,"seo_analyzer_scan_date":"2026-05-29 19:30:04","breadcrumb_settings":null,"limit_modified_date":false,"open_ai":null,"ai":null,"created":"2020-11-14 22:45:21","updated":"2026-05-29 19:30:04","focus_keyword":null,"additional_keywords":null,"truseo_locale":null},"aioseo_breadcrumb":"<div class=\"aioseo-breadcrumbs\"><span class=\"aioseo-breadcrumb\">\n\t<a href=\"https:\/\/www.eldigitaldeasturias.com\/noticias\" title=\"Home\">Home<\/a>\n<\/span><span class=\"aioseo-breadcrumb-separator\">\u2013<\/span><span class=\"aioseo-breadcrumb\">\n\t<a href=\"https:\/\/www.eldigitaldeasturias.com\/noticias\/category\/sucesos\/\" title=\"Sucesos\">Sucesos<\/a>\n<\/span><span class=\"aioseo-breadcrumb-separator\">\u2013<\/span><span class=\"aioseo-breadcrumb\">\n\t<a href=\"https:\/\/www.eldigitaldeasturias.com\/noticias\/los-condenados-por-tartazos-a-barcina-recurriran-un-fallo-desproporcionado\/\" title=\"Los condenados por tartazos a Barcina recurrir\u00e1n un fallo \u00abdesproporcionado\u00bb\">Los condenados por tartazos a Barcina recurrir\u00e1n un fallo \u00abdesproporcionado\u00bb<\/a>\n<\/span><\/div>","aioseo_breadcrumb_json":[{"label":"Home","link":"https:\/\/www.eldigitaldeasturias.com\/noticias"},{"label":"Sucesos","link":"https:\/\/www.eldigitaldeasturias.com\/noticias\/category\/sucesos\/"},{"label":"Los condenados por tartazos a Barcina recurrir\u00e1n un fallo \u00abdesproporcionado\u00bb","link":"https:\/\/www.eldigitaldeasturias.com\/noticias\/los-condenados-por-tartazos-a-barcina-recurriran-un-fallo-desproporcionado\/"}],"_links":{"self":[{"href":"https:\/\/www.eldigitaldeasturias.com\/noticias\/wp-json\/wp\/v2\/posts\/455773","targetHints":{"allow":["GET"]}}],"collection":[{"href":"https:\/\/www.eldigitaldeasturias.com\/noticias\/wp-json\/wp\/v2\/posts"}],"about":[{"href":"https:\/\/www.eldigitaldeasturias.com\/noticias\/wp-json\/wp\/v2\/types\/post"}],"author":[{"embeddable":true,"href":"https:\/\/www.eldigitaldeasturias.com\/noticias\/wp-json\/wp\/v2\/users\/1"}],"replies":[{"embeddable":true,"href":"https:\/\/www.eldigitaldeasturias.com\/noticias\/wp-json\/wp\/v2\/comments?post=455773"}],"version-history":[{"count":0,"href":"https:\/\/www.eldigitaldeasturias.com\/noticias\/wp-json\/wp\/v2\/posts\/455773\/revisions"}],"wp:attachment":[{"href":"https:\/\/www.eldigitaldeasturias.com\/noticias\/wp-json\/wp\/v2\/media?parent=455773"}],"wp:term":[{"taxonomy":"category","embeddable":true,"href":"https:\/\/www.eldigitaldeasturias.com\/noticias\/wp-json\/wp\/v2\/categories?post=455773"},{"taxonomy":"post_tag","embeddable":true,"href":"https:\/\/www.eldigitaldeasturias.com\/noticias\/wp-json\/wp\/v2\/tags?post=455773"}],"curies":[{"name":"wp","href":"https:\/\/api.w.org\/{rel}","templated":true}]}}