{"id":455770,"date":"2013-11-29T19:33:03","date_gmt":"2013-11-29T20:33:03","guid":{"rendered":"http:\/\/www.eldigitaldeasturias.com\/noticias\/?p=455770"},"modified":"2013-11-29T19:33:03","modified_gmt":"2013-11-29T20:33:03","slug":"la-policia-confirma-que-sanchis-era-custodio-del-dinero-de-barcenas-en-suiza","status":"publish","type":"post","link":"https:\/\/www.eldigitaldeasturias.com\/noticias\/la-policia-confirma-que-sanchis-era-custodio-del-dinero-de-barcenas-en-suiza\/","title":{"rendered":"La Polic\u00eda confirma que Sanch\u00eds era \u00abcustodio\u00bb del dinero de B\u00e1rcenas en Suiza"},"content":{"rendered":"<p><img loading=\"lazy\" decoding=\"async\" class=\"alignleft size-medium wp-image-455771\" alt=\"5761523w\" src=\"https:\/\/www.eldigitaldeasturias.com\/noticias\/wp-content\/uploads\/2013\/11\/5761523w-360x285.jpg\" width=\"360\" height=\"285\" \/>Madrid, 29 nov (EFE).- La Unidad de Delincuencia Econ\u00f3mica y Fiscal (UDEF) de la Polic\u00eda Nacional confirma en un informe remitido al juez que el extesorero de Alianza Popular \u00c1ngel Sanch\u00eds, imputado en el caso G\u00fcrtel, era el \u00abdepositario y custodio\u00bb del dinero de Luis B\u00e1rcenas \u00abexpatriado desde Suiza\u00bb.<\/p>\n<p>El informe remitido al juez de la Audiencia Nacional Pablo Ruz analiza la informaci\u00f3n remitida al magistrado por las autoridades estadounidenses sobre tres transferencias por un total de 3 millones de euros hechas a la sociedad Brixco de Sanch\u00eds por parte de B\u00e1rcenas.<\/p>\n<p>El extesorero del PP realiz\u00f3 estas transferencias desde una cuenta que ten\u00eda en el Dredsner Bank de Suiza -pa\u00eds en el que lleg\u00f3 a acumular 48 millones- entre marzo y mayo de 2009, poco despu\u00e9s de estallar el caso G\u00fcrtel, a una cuenta de Brixco en el banco HSBC de Nueva York, que Sanch\u00eds atribuye a un pr\u00e9stamo que le hizo B\u00e1rcenas.<\/p>\n<p>Los investigadores, en cambio, creen que estas transferencias sirvieron en realidad a B\u00e1rcenas para ocultar su dinero del pa\u00eds helv\u00e9tico y que por ello Sanch\u00eds pudo cometer un delito de blanqueo en calidad de colaborador.<\/p>\n<p>\u00ab\u00c1ngel Sanch\u00eds se convierte en depositario y custodio del dinero de Luis B\u00e1rcenas expatriado desde Suiza\u00bb, afirma la UDEF, que detalla que luego Sanch\u00eds le fue \u00abreponiendo su patrimonio a trav\u00e9s de transferencias\u00bb hechas a cuentas de B\u00e1rcenas a nombre de la sociedad Conosur Land en Bankia y de la empresa Rumagol en el HSBC de Nueva York.<\/p>\n<p>El motivo del trasvase de los 3 millones por parte del extesorero del PP a esta cuenta de Sanch\u00eds responde, por tanto, a \u00abla voluntad de Luis B\u00e1rcenas de dispersar su patrimonio con el objetivo de ser ocultado a las autoridades espa\u00f1olas\u00bb.<\/p>\n<p>Una vez los fondos de B\u00e1rcenas entraron en el capital de Sanch\u00eds de la cuenta de Nueva York, este \u00faltimo los devolvi\u00f3 \u00aba su verdadero propietario (Luis B\u00e1rcenas) seg\u00fan sus necesidades\u00bb, detalla la Polic\u00eda.<\/p>\n<p>Tras analizar los diferentes documentos bancarios remitidos por las autoridades estadounidenses, la UDEF llega a la conclusi\u00f3n de que Brixco es una empresa uruguaya cuyos \u00abverdaderos beneficiarios\u00bb eran los miembros de la familia Sanch\u00eds, \u00absi bien entre la documentaci\u00f3n de car\u00e1cter p\u00fablico (protocolos notariales) solo aparecen como meros apoderados\u00bb.<\/p>\n<p>La Polic\u00eda califica la cuenta de Brixco en el HSBC de Nueva York como \u00abinstrumental\u00bb y explica que la familia la usaba para la recepci\u00f3n de cobros y la realizaci\u00f3n de pagos relacionados con el negocio familiar de La Moraleja, una finca de producci\u00f3n de c\u00edtricos ubicada en Argentina que era la \u00abverdadera sociedad matriz\u00bb de Brixco.<\/p>\n<p>Adem\u00e1s de la investigaci\u00f3n que sigue Ruz contra Sanch\u00eds por un delito de cooperaci\u00f3n al blanqueo, la Procuradur\u00eda de Criminalidad Econ\u00f3mica y Lavado de Activos de Argentina (Procelac) tambi\u00e9n le denunci\u00f3 por un presunto delito de lavado de dinero a trav\u00e9s de una finca que posee en el pa\u00eds sudamericano.<\/p>\n<p>A ra\u00edz de su imputaci\u00f3n en G\u00fcrtel, Ruz bloque\u00f3 las cuentas de La Moraleja, una finca de m\u00e1s de 30.000 hect\u00e1reas situada en Salta, pero luego le impuso una fianza civil de 8 millones de euros que Sanch\u00eds ha abonado con acciones de la empresa, lo que supuso el desbloqueo de estas cuentas para que pudiera continuar su actividad empresarial.<\/p>\n","protected":false},"excerpt":{"rendered":"<p>Madrid, 29 nov (EFE).- La Unidad de Delincuencia Econ\u00f3mica y Fiscal (UDEF) de la Polic\u00eda Nacional confirma en un informe remitido al juez que el extesorero de Alianza Popular \u00c1ngel Sanch\u00eds, imputado en el caso G\u00fcrtel, era el \u00abdepositario y custodio\u00bb del dinero de Luis B\u00e1rcenas \u00abexpatriado desde Suiza\u00bb. El informe remitido al juez de [&hellip;]<\/p>\n","protected":false},"author":1,"featured_media":455771,"comment_status":"closed","ping_status":"open","sticky":false,"template":"","format":"standard","meta":{"footnotes":""},"categories":[5],"tags":[],"class_list":["post-455770","post","type-post","status-publish","format-standard","has-post-thumbnail","hentry","category-sucesos"],"aioseo_notices":[],"aioseo_head":"\n\t\t<!-- All in One SEO Pro 5.0.1 - aioseo.com -->\n\t<meta name=\"description\" content=\"Madrid, 29 nov (EFE).- La Unidad de Delincuencia Econ\u00f3mica y Fiscal (UDEF) de la Polic\u00eda Nacional confirma en un informe remitido al juez que el extesorero de Alianza Popular \u00c1ngel Sanch\u00eds, imputado en el caso G\u00fcrtel, era el &quot;depositario y custodio&quot; del dinero de Luis B\u00e1rcenas &quot;expatriado desde Suiza&quot;. El informe remitido al juez de\" \/>\n\t<meta name=\"robots\" content=\"max-image-preview:large\" \/>\n\t<meta name=\"author\" content=\"El Digital de Asturias\"\/>\n\t<meta name=\"google-site-verification\" content=\"UA-38556648-1\" \/>\n\t<meta name=\"msvalidate.01\" content=\"7dfe9f3f1b24437ab69f4f2559babe99\" \/>\n\t<meta name=\"keywords\" content=\"sucesos\" \/>\n\t<link rel=\"canonical\" href=\"https:\/\/www.eldigitaldeasturias.com\/noticias\/la-policia-confirma-que-sanchis-era-custodio-del-dinero-de-barcenas-en-suiza\/\" \/>\n\t<meta name=\"generator\" content=\"All in One SEO Pro (AIOSEO) 5.0.1\" \/>\n\t\t<meta property=\"og:locale\" content=\"es_ES\" \/>\n\t\t<meta property=\"og:site_name\" content=\"El Digital de Asturias\" \/>\n\t\t<meta property=\"og:type\" content=\"article\" \/>\n\t\t<meta property=\"og:title\" content=\"La Polic\u00eda confirma que Sanch\u00eds era \u00abcustodio\u00bb del dinero de B\u00e1rcenas en Suiza - El Digital de Asturias\" \/>\n\t\t<meta property=\"og:description\" content=\"Madrid, 29 nov (EFE).- La Unidad de Delincuencia Econ\u00f3mica y Fiscal (UDEF) de la Polic\u00eda Nacional confirma en un informe remitido al juez que el extesorero de Alianza Popular \u00c1ngel Sanch\u00eds, imputado en el caso G\u00fcrtel, era el &quot;depositario y custodio&quot; del dinero de Luis B\u00e1rcenas &quot;expatriado desde Suiza&quot;. El informe remitido al juez de\" \/>\n\t\t<meta property=\"og:url\" content=\"https:\/\/www.eldigitaldeasturias.com\/noticias\/la-policia-confirma-que-sanchis-era-custodio-del-dinero-de-barcenas-en-suiza\/\" \/>\n\t\t<meta property=\"article:tag\" content=\"sucesos\" \/>\n\t\t<meta property=\"article:published_time\" content=\"2013-11-29T20:33:03+00:00\" \/>\n\t\t<meta property=\"article:modified_time\" content=\"2013-11-29T20:33:03+00:00\" \/>\n\t\t<meta property=\"article:publisher\" content=\"https:\/\/facebook.com\/eldigitaldeasturias\" \/>\n\t\t<meta name=\"twitter:card\" content=\"summary_large_image\" \/>\n\t\t<meta name=\"twitter:title\" content=\"La Polic\u00eda confirma que Sanch\u00eds era \u00abcustodio\u00bb del dinero de B\u00e1rcenas en Suiza - El Digital de Asturias\" \/>\n\t\t<meta name=\"twitter:description\" content=\"Madrid, 29 nov (EFE).- La Unidad de Delincuencia Econ\u00f3mica y Fiscal (UDEF) de la Polic\u00eda Nacional confirma en un informe remitido al juez que el extesorero de Alianza Popular \u00c1ngel Sanch\u00eds, imputado en el caso G\u00fcrtel, era el &quot;depositario y custodio&quot; del dinero de Luis B\u00e1rcenas &quot;expatriado desde Suiza&quot;. El informe remitido al juez de\" \/>\n\t\t<meta name=\"twitter:label1\" content=\"Escrito por\" \/>\n\t\t<meta name=\"twitter:data1\" content=\"El Digital de Asturias\" \/>\n\t\t<meta name=\"twitter:label2\" content=\"Tiempo de lectura estimado\" \/>\n\t\t<meta name=\"twitter:data2\" content=\"3 minutos\" \/>\n\t\t<script type=\"application\/ld+json\" class=\"aioseo-schema\">\n\t\t\t{\"@context\":\"https:\\\/\\\/schema.org\",\"@graph\":[{\"@type\":\"BlogPosting\",\"@id\":\"https:\\\/\\\/www.eldigitaldeasturias.com\\\/noticias\\\/la-policia-confirma-que-sanchis-era-custodio-del-dinero-de-barcenas-en-suiza\\\/#blogposting\",\"name\":\"La Polic\\u00eda confirma que Sanch\\u00eds era \\u00abcustodio\\u00bb del dinero de B\\u00e1rcenas en Suiza - El Digital de Asturias\",\"headline\":\"La Polic\\u00eda confirma que Sanch\\u00eds era \\u00abcustodio\\u00bb del dinero de B\\u00e1rcenas en Suiza\",\"author\":{\"@id\":\"https:\\\/\\\/www.eldigitaldeasturias.com\\\/noticias\\\/author\\\/admin\\\/#author\"},\"publisher\":{\"@id\":\"https:\\\/\\\/www.eldigitaldeasturias.com\\\/noticias\\\/#organization\"},\"image\":{\"@type\":\"ImageObject\",\"url\":455771},\"datePublished\":\"2013-11-29T19:33:03+01:00\",\"dateModified\":\"2013-11-29T19:33:03+01:00\",\"inLanguage\":\"es-ES\",\"mainEntityOfPage\":{\"@id\":\"https:\\\/\\\/www.eldigitaldeasturias.com\\\/noticias\\\/la-policia-confirma-que-sanchis-era-custodio-del-dinero-de-barcenas-en-suiza\\\/#webpage\"},\"isPartOf\":{\"@id\":\"https:\\\/\\\/www.eldigitaldeasturias.com\\\/noticias\\\/la-policia-confirma-que-sanchis-era-custodio-del-dinero-de-barcenas-en-suiza\\\/#webpage\"},\"articleSection\":\"Sucesos\"},{\"@type\":\"BreadcrumbList\",\"@id\":\"https:\\\/\\\/www.eldigitaldeasturias.com\\\/noticias\\\/la-policia-confirma-que-sanchis-era-custodio-del-dinero-de-barcenas-en-suiza\\\/#breadcrumblist\",\"itemListElement\":[{\"@type\":\"ListItem\",\"@id\":\"https:\\\/\\\/www.eldigitaldeasturias.com\\\/noticias#listItem\",\"position\":1,\"name\":\"Home\",\"item\":\"https:\\\/\\\/www.eldigitaldeasturias.com\\\/noticias\",\"nextItem\":{\"@type\":\"ListItem\",\"@id\":\"https:\\\/\\\/www.eldigitaldeasturias.com\\\/noticias\\\/category\\\/sucesos\\\/#listItem\",\"name\":\"Sucesos\"}},{\"@type\":\"ListItem\",\"@id\":\"https:\\\/\\\/www.eldigitaldeasturias.com\\\/noticias\\\/category\\\/sucesos\\\/#listItem\",\"position\":2,\"name\":\"Sucesos\",\"item\":\"https:\\\/\\\/www.eldigitaldeasturias.com\\\/noticias\\\/category\\\/sucesos\\\/\",\"nextItem\":{\"@type\":\"ListItem\",\"@id\":\"https:\\\/\\\/www.eldigitaldeasturias.com\\\/noticias\\\/la-policia-confirma-que-sanchis-era-custodio-del-dinero-de-barcenas-en-suiza\\\/#listItem\",\"name\":\"La Polic\\u00eda confirma que Sanch\\u00eds era \\u00abcustodio\\u00bb del dinero de B\\u00e1rcenas en Suiza\"},\"previousItem\":{\"@type\":\"ListItem\",\"@id\":\"https:\\\/\\\/www.eldigitaldeasturias.com\\\/noticias#listItem\",\"name\":\"Home\"}},{\"@type\":\"ListItem\",\"@id\":\"https:\\\/\\\/www.eldigitaldeasturias.com\\\/noticias\\\/la-policia-confirma-que-sanchis-era-custodio-del-dinero-de-barcenas-en-suiza\\\/#listItem\",\"position\":3,\"name\":\"La Polic\\u00eda confirma que Sanch\\u00eds era \\u00abcustodio\\u00bb del dinero de B\\u00e1rcenas en Suiza\",\"previousItem\":{\"@type\":\"ListItem\",\"@id\":\"https:\\\/\\\/www.eldigitaldeasturias.com\\\/noticias\\\/category\\\/sucesos\\\/#listItem\",\"name\":\"Sucesos\"}}]},{\"@type\":\"Organization\",\"@id\":\"https:\\\/\\\/www.eldigitaldeasturias.com\\\/noticias\\\/#organization\",\"name\":\"El Digital de Asturias\",\"description\":\"Hemeroteca\",\"url\":\"https:\\\/\\\/www.eldigitaldeasturias.com\\\/noticias\\\/\",\"email\":\"info@eldigitaldeasturias.com\",\"telephone\":\"+34652131393\",\"logo\":{\"@type\":\"ImageObject\",\"url\":\"https:\\\/\\\/www.eldigitaldeasturias.com\\\/noticias\\\/wp-content\\\/uploads\\\/2020\\\/12\\\/EDA.jpg\",\"@id\":\"https:\\\/\\\/www.eldigitaldeasturias.com\\\/noticias\\\/la-policia-confirma-que-sanchis-era-custodio-del-dinero-de-barcenas-en-suiza\\\/#organizationLogo\"},\"image\":{\"@id\":\"https:\\\/\\\/www.eldigitaldeasturias.com\\\/noticias\\\/la-policia-confirma-que-sanchis-era-custodio-del-dinero-de-barcenas-en-suiza\\\/#organizationLogo\"},\"sameAs\":[\"https:\\\/\\\/facebook.com\\\/eldigitaldeasturias\",\"https:\\\/\\\/www.youtube.com\\\/channel\\\/UCZP-2wLEB9Rv6erhFmqVnvg\"],\"address\":{\"@id\":\"https:\\\/\\\/www.eldigitaldeasturias.com\\\/noticias\\\/#postaladdress\",\"@type\":\"PostalAddress\",\"streetAddress\":\"san antonio 4\",\"postalCode\":\"33430\",\"addressLocality\":\"Cand\\u00e1s\",\"addressRegion\":\"Asturias\",\"addressCountry\":\"ES\"}},{\"@type\":\"Person\",\"@id\":\"https:\\\/\\\/www.eldigitaldeasturias.com\\\/noticias\\\/author\\\/admin\\\/#author\",\"url\":\"https:\\\/\\\/www.eldigitaldeasturias.com\\\/noticias\\\/author\\\/admin\\\/\",\"name\":\"El Digital de Asturias\",\"image\":{\"@type\":\"ImageObject\",\"@id\":\"https:\\\/\\\/www.eldigitaldeasturias.com\\\/noticias\\\/la-policia-confirma-que-sanchis-era-custodio-del-dinero-de-barcenas-en-suiza\\\/#authorImage\",\"url\":\"https:\\\/\\\/secure.gravatar.com\\\/avatar\\\/df2aeffc32bcd13f8d26072ef8a91b623d677766deac7f97ca815868cd41bf5e?s=96&d=mm&r=g\",\"width\":96,\"height\":96,\"caption\":\"El Digital de Asturias\"}},{\"@type\":\"WebPage\",\"@id\":\"https:\\\/\\\/www.eldigitaldeasturias.com\\\/noticias\\\/la-policia-confirma-que-sanchis-era-custodio-del-dinero-de-barcenas-en-suiza\\\/#webpage\",\"url\":\"https:\\\/\\\/www.eldigitaldeasturias.com\\\/noticias\\\/la-policia-confirma-que-sanchis-era-custodio-del-dinero-de-barcenas-en-suiza\\\/\",\"name\":\"La Polic\\u00eda confirma que Sanch\\u00eds era \\u00abcustodio\\u00bb del dinero de B\\u00e1rcenas en Suiza - El Digital de Asturias\",\"description\":\"Madrid, 29 nov (EFE).- La Unidad de Delincuencia Econ\\u00f3mica y Fiscal (UDEF) de la Polic\\u00eda Nacional confirma en un informe remitido al juez que el extesorero de Alianza Popular \\u00c1ngel Sanch\\u00eds, imputado en el caso G\\u00fcrtel, era el \\\"depositario y custodio\\\" del dinero de Luis B\\u00e1rcenas \\\"expatriado desde Suiza\\\". El informe remitido al juez de\",\"inLanguage\":\"es-ES\",\"isPartOf\":{\"@id\":\"https:\\\/\\\/www.eldigitaldeasturias.com\\\/noticias\\\/#website\"},\"breadcrumb\":{\"@id\":\"https:\\\/\\\/www.eldigitaldeasturias.com\\\/noticias\\\/la-policia-confirma-que-sanchis-era-custodio-del-dinero-de-barcenas-en-suiza\\\/#breadcrumblist\"},\"author\":{\"@id\":\"https:\\\/\\\/www.eldigitaldeasturias.com\\\/noticias\\\/author\\\/admin\\\/#author\"},\"creator\":{\"@id\":\"https:\\\/\\\/www.eldigitaldeasturias.com\\\/noticias\\\/author\\\/admin\\\/#author\"},\"image\":{\"@type\":\"ImageObject\",\"url\":455771,\"@id\":\"https:\\\/\\\/www.eldigitaldeasturias.com\\\/noticias\\\/la-policia-confirma-que-sanchis-era-custodio-del-dinero-de-barcenas-en-suiza\\\/#mainImage\"},\"primaryImageOfPage\":{\"@id\":\"https:\\\/\\\/www.eldigitaldeasturias.com\\\/noticias\\\/la-policia-confirma-que-sanchis-era-custodio-del-dinero-de-barcenas-en-suiza\\\/#mainImage\"},\"datePublished\":\"2013-11-29T19:33:03+01:00\",\"dateModified\":\"2013-11-29T19:33:03+01:00\"},{\"@type\":\"WebSite\",\"@id\":\"https:\\\/\\\/www.eldigitaldeasturias.com\\\/noticias\\\/#website\",\"url\":\"https:\\\/\\\/www.eldigitaldeasturias.com\\\/noticias\\\/\",\"name\":\"El Digital de Asturias - Diario de actualidad y noticias\",\"alternateName\":\"El Digital de Asturias - Diario de actualidad y noticias\",\"description\":\"Hemeroteca\",\"inLanguage\":\"es-ES\",\"publisher\":{\"@id\":\"https:\\\/\\\/www.eldigitaldeasturias.com\\\/noticias\\\/#organization\"}}]}\n\t\t<\/script>\n\t\t<!-- All in One SEO Pro -->\r\n\t\t<title>La Polic\u00eda confirma que Sanch\u00eds era \u00abcustodio\u00bb del dinero de B\u00e1rcenas en Suiza - El Digital de Asturias<\/title>\n\n","aioseo_head_json":{"title":"La Polic\u00eda confirma que Sanch\u00eds era \u00abcustodio\u00bb del dinero de B\u00e1rcenas en Suiza - El Digital de Asturias","description":"Madrid, 29 nov (EFE).- La Unidad de Delincuencia Econ\u00f3mica y Fiscal (UDEF) de la Polic\u00eda Nacional confirma en un informe remitido al juez que el extesorero de Alianza Popular \u00c1ngel Sanch\u00eds, imputado en el caso G\u00fcrtel, era el \"depositario y custodio\" del dinero de Luis B\u00e1rcenas \"expatriado desde Suiza\". El informe remitido al juez de","canonical_url":"https:\/\/www.eldigitaldeasturias.com\/noticias\/la-policia-confirma-que-sanchis-era-custodio-del-dinero-de-barcenas-en-suiza\/","robots":"max-image-preview:large","keywords":"sucesos","webmasterTools":{"google-site-verification":"UA-38556648-1","msvalidate.01":"7dfe9f3f1b24437ab69f4f2559babe99","miscellaneous":""},"schema":{"@context":"https:\/\/schema.org","@graph":[{"@type":"BlogPosting","@id":"https:\/\/www.eldigitaldeasturias.com\/noticias\/la-policia-confirma-que-sanchis-era-custodio-del-dinero-de-barcenas-en-suiza\/#blogposting","name":"La Polic\u00eda confirma que Sanch\u00eds era \u00abcustodio\u00bb del dinero de B\u00e1rcenas en Suiza - El Digital de Asturias","headline":"La Polic\u00eda confirma que Sanch\u00eds era \u00abcustodio\u00bb del dinero de B\u00e1rcenas en Suiza","author":{"@id":"https:\/\/www.eldigitaldeasturias.com\/noticias\/author\/admin\/#author"},"publisher":{"@id":"https:\/\/www.eldigitaldeasturias.com\/noticias\/#organization"},"image":{"@type":"ImageObject","url":455771},"datePublished":"2013-11-29T19:33:03+01:00","dateModified":"2013-11-29T19:33:03+01:00","inLanguage":"es-ES","mainEntityOfPage":{"@id":"https:\/\/www.eldigitaldeasturias.com\/noticias\/la-policia-confirma-que-sanchis-era-custodio-del-dinero-de-barcenas-en-suiza\/#webpage"},"isPartOf":{"@id":"https:\/\/www.eldigitaldeasturias.com\/noticias\/la-policia-confirma-que-sanchis-era-custodio-del-dinero-de-barcenas-en-suiza\/#webpage"},"articleSection":"Sucesos"},{"@type":"BreadcrumbList","@id":"https:\/\/www.eldigitaldeasturias.com\/noticias\/la-policia-confirma-que-sanchis-era-custodio-del-dinero-de-barcenas-en-suiza\/#breadcrumblist","itemListElement":[{"@type":"ListItem","@id":"https:\/\/www.eldigitaldeasturias.com\/noticias#listItem","position":1,"name":"Home","item":"https:\/\/www.eldigitaldeasturias.com\/noticias","nextItem":{"@type":"ListItem","@id":"https:\/\/www.eldigitaldeasturias.com\/noticias\/category\/sucesos\/#listItem","name":"Sucesos"}},{"@type":"ListItem","@id":"https:\/\/www.eldigitaldeasturias.com\/noticias\/category\/sucesos\/#listItem","position":2,"name":"Sucesos","item":"https:\/\/www.eldigitaldeasturias.com\/noticias\/category\/sucesos\/","nextItem":{"@type":"ListItem","@id":"https:\/\/www.eldigitaldeasturias.com\/noticias\/la-policia-confirma-que-sanchis-era-custodio-del-dinero-de-barcenas-en-suiza\/#listItem","name":"La Polic\u00eda confirma que Sanch\u00eds era \u00abcustodio\u00bb del dinero de B\u00e1rcenas en Suiza"},"previousItem":{"@type":"ListItem","@id":"https:\/\/www.eldigitaldeasturias.com\/noticias#listItem","name":"Home"}},{"@type":"ListItem","@id":"https:\/\/www.eldigitaldeasturias.com\/noticias\/la-policia-confirma-que-sanchis-era-custodio-del-dinero-de-barcenas-en-suiza\/#listItem","position":3,"name":"La Polic\u00eda confirma que Sanch\u00eds era \u00abcustodio\u00bb del dinero de B\u00e1rcenas en Suiza","previousItem":{"@type":"ListItem","@id":"https:\/\/www.eldigitaldeasturias.com\/noticias\/category\/sucesos\/#listItem","name":"Sucesos"}}]},{"@type":"Organization","@id":"https:\/\/www.eldigitaldeasturias.com\/noticias\/#organization","name":"El Digital de Asturias","description":"Hemeroteca","url":"https:\/\/www.eldigitaldeasturias.com\/noticias\/","email":"info@eldigitaldeasturias.com","telephone":"+34652131393","logo":{"@type":"ImageObject","url":"https:\/\/www.eldigitaldeasturias.com\/noticias\/wp-content\/uploads\/2020\/12\/EDA.jpg","@id":"https:\/\/www.eldigitaldeasturias.com\/noticias\/la-policia-confirma-que-sanchis-era-custodio-del-dinero-de-barcenas-en-suiza\/#organizationLogo"},"image":{"@id":"https:\/\/www.eldigitaldeasturias.com\/noticias\/la-policia-confirma-que-sanchis-era-custodio-del-dinero-de-barcenas-en-suiza\/#organizationLogo"},"sameAs":["https:\/\/facebook.com\/eldigitaldeasturias","https:\/\/www.youtube.com\/channel\/UCZP-2wLEB9Rv6erhFmqVnvg"],"address":{"@id":"https:\/\/www.eldigitaldeasturias.com\/noticias\/#postaladdress","@type":"PostalAddress","streetAddress":"san antonio 4","postalCode":"33430","addressLocality":"Cand\u00e1s","addressRegion":"Asturias","addressCountry":"ES"}},{"@type":"Person","@id":"https:\/\/www.eldigitaldeasturias.com\/noticias\/author\/admin\/#author","url":"https:\/\/www.eldigitaldeasturias.com\/noticias\/author\/admin\/","name":"El Digital de Asturias","image":{"@type":"ImageObject","@id":"https:\/\/www.eldigitaldeasturias.com\/noticias\/la-policia-confirma-que-sanchis-era-custodio-del-dinero-de-barcenas-en-suiza\/#authorImage","url":"https:\/\/secure.gravatar.com\/avatar\/df2aeffc32bcd13f8d26072ef8a91b623d677766deac7f97ca815868cd41bf5e?s=96&d=mm&r=g","width":96,"height":96,"caption":"El Digital de Asturias"}},{"@type":"WebPage","@id":"https:\/\/www.eldigitaldeasturias.com\/noticias\/la-policia-confirma-que-sanchis-era-custodio-del-dinero-de-barcenas-en-suiza\/#webpage","url":"https:\/\/www.eldigitaldeasturias.com\/noticias\/la-policia-confirma-que-sanchis-era-custodio-del-dinero-de-barcenas-en-suiza\/","name":"La Polic\u00eda confirma que Sanch\u00eds era \u00abcustodio\u00bb del dinero de B\u00e1rcenas en Suiza - El Digital de Asturias","description":"Madrid, 29 nov (EFE).- La Unidad de Delincuencia Econ\u00f3mica y Fiscal (UDEF) de la Polic\u00eda Nacional confirma en un informe remitido al juez que el extesorero de Alianza Popular \u00c1ngel Sanch\u00eds, imputado en el caso G\u00fcrtel, era el \"depositario y custodio\" del dinero de Luis B\u00e1rcenas \"expatriado desde Suiza\". El informe remitido al juez de","inLanguage":"es-ES","isPartOf":{"@id":"https:\/\/www.eldigitaldeasturias.com\/noticias\/#website"},"breadcrumb":{"@id":"https:\/\/www.eldigitaldeasturias.com\/noticias\/la-policia-confirma-que-sanchis-era-custodio-del-dinero-de-barcenas-en-suiza\/#breadcrumblist"},"author":{"@id":"https:\/\/www.eldigitaldeasturias.com\/noticias\/author\/admin\/#author"},"creator":{"@id":"https:\/\/www.eldigitaldeasturias.com\/noticias\/author\/admin\/#author"},"image":{"@type":"ImageObject","url":455771,"@id":"https:\/\/www.eldigitaldeasturias.com\/noticias\/la-policia-confirma-que-sanchis-era-custodio-del-dinero-de-barcenas-en-suiza\/#mainImage"},"primaryImageOfPage":{"@id":"https:\/\/www.eldigitaldeasturias.com\/noticias\/la-policia-confirma-que-sanchis-era-custodio-del-dinero-de-barcenas-en-suiza\/#mainImage"},"datePublished":"2013-11-29T19:33:03+01:00","dateModified":"2013-11-29T19:33:03+01:00"},{"@type":"WebSite","@id":"https:\/\/www.eldigitaldeasturias.com\/noticias\/#website","url":"https:\/\/www.eldigitaldeasturias.com\/noticias\/","name":"El Digital de Asturias - Diario de actualidad y noticias","alternateName":"El Digital de Asturias - Diario de actualidad y noticias","description":"Hemeroteca","inLanguage":"es-ES","publisher":{"@id":"https:\/\/www.eldigitaldeasturias.com\/noticias\/#organization"}}]},"og:locale":"es_ES","og:site_name":"El Digital de Asturias","og:type":"article","og:title":"La Polic\u00eda confirma que Sanch\u00eds era \u00abcustodio\u00bb del dinero de B\u00e1rcenas en Suiza - El Digital de Asturias","og:description":"Madrid, 29 nov (EFE).- La Unidad de Delincuencia Econ\u00f3mica y Fiscal (UDEF) de la Polic\u00eda Nacional confirma en un informe remitido al juez que el extesorero de Alianza Popular \u00c1ngel Sanch\u00eds, imputado en el caso G\u00fcrtel, era el &quot;depositario y custodio&quot; del dinero de Luis B\u00e1rcenas &quot;expatriado desde Suiza&quot;. El informe remitido al juez de","og:url":"https:\/\/www.eldigitaldeasturias.com\/noticias\/la-policia-confirma-que-sanchis-era-custodio-del-dinero-de-barcenas-en-suiza\/","article:tag":["sucesos"],"article:published_time":"2013-11-29T20:33:03+00:00","article:modified_time":"2013-11-29T20:33:03+00:00","article:publisher":"https:\/\/facebook.com\/eldigitaldeasturias","twitter:card":"summary_large_image","twitter:title":"La Polic\u00eda confirma que Sanch\u00eds era \u00abcustodio\u00bb del dinero de B\u00e1rcenas en Suiza - El Digital de Asturias","twitter:description":"Madrid, 29 nov (EFE).- La Unidad de Delincuencia Econ\u00f3mica y Fiscal (UDEF) de la Polic\u00eda Nacional confirma en un informe remitido al juez que el extesorero de Alianza Popular \u00c1ngel Sanch\u00eds, imputado en el caso G\u00fcrtel, era el &quot;depositario y custodio&quot; del dinero de Luis B\u00e1rcenas &quot;expatriado desde Suiza&quot;. El informe remitido al juez de","twitter:label1":"Escrito por","twitter:data1":"El Digital de Asturias","twitter:label2":"Tiempo de lectura estimado","twitter:data2":"3 minutos"},"aioseo_meta_data":{"post_id":"455770","title":null,"description":null,"keywords":null,"keyphrases":null,"primary_term":null,"canonical_url":null,"og_title":null,"og_description":null,"og_object_type":"default","og_image_type":"default","og_image_url":null,"og_image_width":null,"og_image_height":null,"og_image_custom_url":null,"og_image_custom_fields":null,"og_video":null,"og_custom_url":null,"og_article_section":null,"og_article_tags":null,"twitter_use_og":true,"twitter_card":"default","twitter_image_type":"default","twitter_image_url":null,"twitter_image_custom_url":null,"twitter_image_custom_fields":null,"twitter_title":null,"twitter_description":null,"schema":{"blockGraphs":[],"customGraphs":[],"default":{"data":{"Article":[],"Course":[],"Dataset":[],"FAQPage":[],"Movie":[],"Person":[],"Product":[],"ProductReview":[],"Car":[],"Recipe":[],"Service":[],"SoftwareApplication":[],"WebPage":[]},"graphName":"","isEnabled":true},"graphs":[],"defaultGraph":"","defaultPostTypeGraph":""},"schema_type":null,"schema_type_options":null,"pillar_content":false,"robots_default":true,"robots_noindex":false,"robots_noarchive":false,"robots_nosnippet":false,"robots_nofollow":false,"robots_noimageindex":false,"robots_noodp":false,"robots_notranslate":false,"robots_max_snippet":null,"robots_max_videopreview":null,"robots_max_imagepreview":"none","priority":null,"frequency":null,"local_seo":null,"seo_analyzer_scan_date":"2026-05-29 19:30:03","breadcrumb_settings":null,"limit_modified_date":false,"open_ai":null,"ai":null,"created":"2020-11-14 22:45:21","updated":"2026-05-29 19:30:03","focus_keyword":null,"additional_keywords":null,"truseo_locale":null},"aioseo_breadcrumb":"<div class=\"aioseo-breadcrumbs\"><span class=\"aioseo-breadcrumb\">\n\t<a href=\"https:\/\/www.eldigitaldeasturias.com\/noticias\" title=\"Home\">Home<\/a>\n<\/span><span class=\"aioseo-breadcrumb-separator\">\u2013<\/span><span class=\"aioseo-breadcrumb\">\n\t<a href=\"https:\/\/www.eldigitaldeasturias.com\/noticias\/category\/sucesos\/\" title=\"Sucesos\">Sucesos<\/a>\n<\/span><span class=\"aioseo-breadcrumb-separator\">\u2013<\/span><span class=\"aioseo-breadcrumb\">\n\t<a href=\"https:\/\/www.eldigitaldeasturias.com\/noticias\/la-policia-confirma-que-sanchis-era-custodio-del-dinero-de-barcenas-en-suiza\/\" title=\"La Polic\u00eda confirma que Sanch\u00eds era \u00abcustodio\u00bb del dinero de B\u00e1rcenas en Suiza\">La Polic\u00eda confirma que Sanch\u00eds era \u00abcustodio\u00bb del dinero de B\u00e1rcenas en Suiza<\/a>\n<\/span><\/div>","aioseo_breadcrumb_json":[{"label":"Home","link":"https:\/\/www.eldigitaldeasturias.com\/noticias"},{"label":"Sucesos","link":"https:\/\/www.eldigitaldeasturias.com\/noticias\/category\/sucesos\/"},{"label":"La Polic\u00eda confirma que Sanch\u00eds era \u00abcustodio\u00bb del dinero de B\u00e1rcenas en Suiza","link":"https:\/\/www.eldigitaldeasturias.com\/noticias\/la-policia-confirma-que-sanchis-era-custodio-del-dinero-de-barcenas-en-suiza\/"}],"_links":{"self":[{"href":"https:\/\/www.eldigitaldeasturias.com\/noticias\/wp-json\/wp\/v2\/posts\/455770","targetHints":{"allow":["GET"]}}],"collection":[{"href":"https:\/\/www.eldigitaldeasturias.com\/noticias\/wp-json\/wp\/v2\/posts"}],"about":[{"href":"https:\/\/www.eldigitaldeasturias.com\/noticias\/wp-json\/wp\/v2\/types\/post"}],"author":[{"embeddable":true,"href":"https:\/\/www.eldigitaldeasturias.com\/noticias\/wp-json\/wp\/v2\/users\/1"}],"replies":[{"embeddable":true,"href":"https:\/\/www.eldigitaldeasturias.com\/noticias\/wp-json\/wp\/v2\/comments?post=455770"}],"version-history":[{"count":0,"href":"https:\/\/www.eldigitaldeasturias.com\/noticias\/wp-json\/wp\/v2\/posts\/455770\/revisions"}],"wp:attachment":[{"href":"https:\/\/www.eldigitaldeasturias.com\/noticias\/wp-json\/wp\/v2\/media?parent=455770"}],"wp:term":[{"taxonomy":"category","embeddable":true,"href":"https:\/\/www.eldigitaldeasturias.com\/noticias\/wp-json\/wp\/v2\/categories?post=455770"},{"taxonomy":"post_tag","embeddable":true,"href":"https:\/\/www.eldigitaldeasturias.com\/noticias\/wp-json\/wp\/v2\/tags?post=455770"}],"curies":[{"name":"wp","href":"https:\/\/api.w.org\/{rel}","templated":true}]}}