{"id":455752,"date":"2013-11-29T18:54:17","date_gmt":"2013-11-29T19:54:17","guid":{"rendered":"http:\/\/www.eldigitaldeasturias.com\/noticias\/?p=455752"},"modified":"2013-11-29T18:54:17","modified_gmt":"2013-11-29T19:54:17","slug":"la-marcha-a-madrid-mostrara-manana-su-rechazo-a-la-reforma-educativa","status":"publish","type":"post","link":"https:\/\/www.eldigitaldeasturias.com\/noticias\/la-marcha-a-madrid-mostrara-manana-su-rechazo-a-la-reforma-educativa\/","title":{"rendered":"La \u00abMarcha a Madrid\u00bb mostrar\u00e1 ma\u00f1ana su rechazo a la reforma educativa"},"content":{"rendered":"<p><img loading=\"lazy\" decoding=\"async\" class=\"alignleft size-medium wp-image-455753\" alt=\"5761494w\" src=\"https:\/\/www.eldigitaldeasturias.com\/noticias\/wp-content\/uploads\/2013\/11\/5761494w-360x239.jpg\" width=\"360\" height=\"239\" \/>Madrid, 29 nov (EFE).- La Plataforma Estatal por la Escuela P\u00fablica celebra ma\u00f1ana la \u00abMarcha a Madrid\u00bb para mostrar su rechazo a la pol\u00edtica educativa del Gobierno y a la reforma educativa aprobada ayer en el Congreso de los Diputados.<\/p>\n<p>Se espera que llegue a Madrid \u00abgente de toda Espa\u00f1a\u00bb, ha afirmado a Efe la secretaria general del Sindicato de Estudiantes, Ana Garc\u00eda, que ha reiterado sus cr\u00edticas al proyecto de Ley Org\u00e1nica para la Mejora de la Calidad Educativa (Lomce) que empezar\u00e1 a implantarse el pr\u00f3ximo curso.<\/p>\n<p>La marcha incluye una manifestaci\u00f3n que partir\u00e1 a las 12 horas de la Plaza de Espa\u00f1a, discurrir\u00e1 por la Gran V\u00eda y terminar\u00e1 en la calle de Alcal\u00e1, precisamente donde se encuentra la sede del departamento dirigido por Jos\u00e9 Ignacio Wert.<\/p>\n<p>\u00abConvertiremos la implantaci\u00f3n de la ley en un calvario jur\u00eddico para el Gobierno\u00bb, advirti\u00f3 hace unos d\u00edas el secretario general de Ense\u00f1anza de CCOO, Francisco Garc\u00eda, en la presentaci\u00f3n de esta nueva movilizaci\u00f3n que se une a las muchas celebradas en los catorce meses de tramitaci\u00f3n parlamentaria de la Lomce<\/p>\n<p>CCOO, as\u00ed como UGT, han redactado sendos informes jur\u00eddicos y han pedido a la Defensora del Pueblo y a los grupos parlamentarios que planteen una cuesti\u00f3n de inconstitucionalidad.<\/p>\n<p>Adem\u00e1s, recurrir\u00e1n en los tribunales los desarrollos reglamentarios estatales y auton\u00f3micos de la ley si consideran que no se ajustan a Derecho.<\/p>\n<p>La s\u00e9ptima reforma educativa de la democracia, liderada por Jos\u00e9 Ignacio Wert, recibi\u00f3 ayer su aprobaci\u00f3n final en el Congreso gracias a la mayor\u00eda absoluta del PP, ya que los grupos de la oposici\u00f3n, salvo UPN que se abstuvo, manifestaron su rotundo rechazo a la norma.<\/p>\n<p>Representantes de la Plataforma registraron, precisamente ayer en la C\u00e1mara baja, una carta dirigida al presidente del Congreso, Jes\u00fas Posada, en la que expresan su rechazo a la nueva norma.<\/p>\n<p>Tambi\u00e9n advierten en la misiva de que continuar\u00e1n las movilizaciones contra la reforma y demostrar\u00e1n en las calles y en los tribunales que la ley vulnera \u00abde forma flagrante\u00bb los \u00abderechos constitucionales\u00bb.<\/p>\n<p>La Plataforma est\u00e1 compuesta por CCOO, UGT, CGT, STEs, el Movimiento de Renovaci\u00f3n Pedag\u00f3gica (MRPs), el Sindicato de Estudiantes, la Federaci\u00f3n de Asociaciones de Estudiantes Progresistas (Faest), Estudiantes en Movimiento y la Confederaci\u00f3n Espa\u00f1ola de Asociaciones de Padres y Madres de Alumnos (Ceapa).<\/p>\n","protected":false},"excerpt":{"rendered":"<p>Madrid, 29 nov (EFE).- La Plataforma Estatal por la Escuela P\u00fablica celebra ma\u00f1ana la \u00abMarcha a Madrid\u00bb para mostrar su rechazo a la pol\u00edtica educativa del Gobierno y a la reforma educativa aprobada ayer en el Congreso de los Diputados. Se espera que llegue a Madrid \u00abgente de toda Espa\u00f1a\u00bb, ha afirmado a Efe la [&hellip;]<\/p>\n","protected":false},"author":1,"featured_media":455753,"comment_status":"closed","ping_status":"open","sticky":false,"template":"","format":"standard","meta":{"footnotes":""},"categories":[28],"tags":[],"class_list":["post-455752","post","type-post","status-publish","format-standard","has-post-thumbnail","hentry","category-sociedad"],"aioseo_notices":[],"aioseo_head":"\n\t\t<!-- All in One SEO Pro 5.0.1 - aioseo.com -->\n\t<meta name=\"description\" content=\"Madrid, 29 nov (EFE).- La Plataforma Estatal por la Escuela P\u00fablica celebra ma\u00f1ana la &quot;Marcha a Madrid&quot; para mostrar su rechazo a la pol\u00edtica educativa del Gobierno y a la reforma educativa aprobada ayer en el Congreso de los Diputados. Se espera que llegue a Madrid &quot;gente de toda Espa\u00f1a&quot;, ha afirmado a Efe la\" \/>\n\t<meta name=\"robots\" content=\"max-image-preview:large\" \/>\n\t<meta name=\"author\" content=\"El Digital de Asturias\"\/>\n\t<meta name=\"google-site-verification\" content=\"UA-38556648-1\" \/>\n\t<meta name=\"msvalidate.01\" content=\"7dfe9f3f1b24437ab69f4f2559babe99\" \/>\n\t<meta name=\"keywords\" content=\"sociedad\" \/>\n\t<link rel=\"canonical\" href=\"https:\/\/www.eldigitaldeasturias.com\/noticias\/la-marcha-a-madrid-mostrara-manana-su-rechazo-a-la-reforma-educativa\/\" \/>\n\t<meta name=\"generator\" content=\"All in One SEO Pro (AIOSEO) 5.0.1\" \/>\n\t\t<meta property=\"og:locale\" content=\"es_ES\" \/>\n\t\t<meta property=\"og:site_name\" content=\"El Digital de Asturias\" \/>\n\t\t<meta property=\"og:type\" content=\"article\" \/>\n\t\t<meta property=\"og:title\" content=\"La \u00abMarcha a Madrid\u00bb mostrar\u00e1 ma\u00f1ana su rechazo a la reforma educativa - El Digital de Asturias\" \/>\n\t\t<meta property=\"og:description\" content=\"Madrid, 29 nov (EFE).- La Plataforma Estatal por la Escuela P\u00fablica celebra ma\u00f1ana la &quot;Marcha a Madrid&quot; para mostrar su rechazo a la pol\u00edtica educativa del Gobierno y a la reforma educativa aprobada ayer en el Congreso de los Diputados. Se espera que llegue a Madrid &quot;gente de toda Espa\u00f1a&quot;, ha afirmado a Efe la\" \/>\n\t\t<meta property=\"og:url\" content=\"https:\/\/www.eldigitaldeasturias.com\/noticias\/la-marcha-a-madrid-mostrara-manana-su-rechazo-a-la-reforma-educativa\/\" \/>\n\t\t<meta property=\"article:tag\" content=\"sociedad\" \/>\n\t\t<meta property=\"article:published_time\" content=\"2013-11-29T19:54:17+00:00\" \/>\n\t\t<meta property=\"article:modified_time\" content=\"2013-11-29T19:54:17+00:00\" \/>\n\t\t<meta property=\"article:publisher\" content=\"https:\/\/facebook.com\/eldigitaldeasturias\" \/>\n\t\t<meta name=\"twitter:card\" content=\"summary_large_image\" \/>\n\t\t<meta name=\"twitter:title\" content=\"La \u00abMarcha a Madrid\u00bb mostrar\u00e1 ma\u00f1ana su rechazo a la reforma educativa - El Digital de Asturias\" \/>\n\t\t<meta name=\"twitter:description\" content=\"Madrid, 29 nov (EFE).- La Plataforma Estatal por la Escuela P\u00fablica celebra ma\u00f1ana la &quot;Marcha a Madrid&quot; para mostrar su rechazo a la pol\u00edtica educativa del Gobierno y a la reforma educativa aprobada ayer en el Congreso de los Diputados. Se espera que llegue a Madrid &quot;gente de toda Espa\u00f1a&quot;, ha afirmado a Efe la\" \/>\n\t\t<meta name=\"twitter:label1\" content=\"Escrito por\" \/>\n\t\t<meta name=\"twitter:data1\" content=\"El Digital de Asturias\" \/>\n\t\t<meta name=\"twitter:label2\" content=\"Tiempo de lectura estimado\" \/>\n\t\t<meta name=\"twitter:data2\" content=\"2 minutos\" \/>\n\t\t<script type=\"application\/ld+json\" class=\"aioseo-schema\">\n\t\t\t{\"@context\":\"https:\\\/\\\/schema.org\",\"@graph\":[{\"@type\":\"BlogPosting\",\"@id\":\"https:\\\/\\\/www.eldigitaldeasturias.com\\\/noticias\\\/la-marcha-a-madrid-mostrara-manana-su-rechazo-a-la-reforma-educativa\\\/#blogposting\",\"name\":\"La \\u00abMarcha a Madrid\\u00bb mostrar\\u00e1 ma\\u00f1ana su rechazo a la reforma educativa - El Digital de Asturias\",\"headline\":\"La \\u00abMarcha a Madrid\\u00bb mostrar\\u00e1 ma\\u00f1ana su rechazo a la reforma educativa\",\"author\":{\"@id\":\"https:\\\/\\\/www.eldigitaldeasturias.com\\\/noticias\\\/author\\\/admin\\\/#author\"},\"publisher\":{\"@id\":\"https:\\\/\\\/www.eldigitaldeasturias.com\\\/noticias\\\/#organization\"},\"image\":{\"@type\":\"ImageObject\",\"url\":455753},\"datePublished\":\"2013-11-29T18:54:17+01:00\",\"dateModified\":\"2013-11-29T18:54:17+01:00\",\"inLanguage\":\"es-ES\",\"mainEntityOfPage\":{\"@id\":\"https:\\\/\\\/www.eldigitaldeasturias.com\\\/noticias\\\/la-marcha-a-madrid-mostrara-manana-su-rechazo-a-la-reforma-educativa\\\/#webpage\"},\"isPartOf\":{\"@id\":\"https:\\\/\\\/www.eldigitaldeasturias.com\\\/noticias\\\/la-marcha-a-madrid-mostrara-manana-su-rechazo-a-la-reforma-educativa\\\/#webpage\"},\"articleSection\":\"Sociedad\"},{\"@type\":\"BreadcrumbList\",\"@id\":\"https:\\\/\\\/www.eldigitaldeasturias.com\\\/noticias\\\/la-marcha-a-madrid-mostrara-manana-su-rechazo-a-la-reforma-educativa\\\/#breadcrumblist\",\"itemListElement\":[{\"@type\":\"ListItem\",\"@id\":\"https:\\\/\\\/www.eldigitaldeasturias.com\\\/noticias#listItem\",\"position\":1,\"name\":\"Home\",\"item\":\"https:\\\/\\\/www.eldigitaldeasturias.com\\\/noticias\",\"nextItem\":{\"@type\":\"ListItem\",\"@id\":\"https:\\\/\\\/www.eldigitaldeasturias.com\\\/noticias\\\/category\\\/sociedad\\\/#listItem\",\"name\":\"Sociedad\"}},{\"@type\":\"ListItem\",\"@id\":\"https:\\\/\\\/www.eldigitaldeasturias.com\\\/noticias\\\/category\\\/sociedad\\\/#listItem\",\"position\":2,\"name\":\"Sociedad\",\"item\":\"https:\\\/\\\/www.eldigitaldeasturias.com\\\/noticias\\\/category\\\/sociedad\\\/\",\"nextItem\":{\"@type\":\"ListItem\",\"@id\":\"https:\\\/\\\/www.eldigitaldeasturias.com\\\/noticias\\\/la-marcha-a-madrid-mostrara-manana-su-rechazo-a-la-reforma-educativa\\\/#listItem\",\"name\":\"La \\u00abMarcha a Madrid\\u00bb mostrar\\u00e1 ma\\u00f1ana su rechazo a la reforma educativa\"},\"previousItem\":{\"@type\":\"ListItem\",\"@id\":\"https:\\\/\\\/www.eldigitaldeasturias.com\\\/noticias#listItem\",\"name\":\"Home\"}},{\"@type\":\"ListItem\",\"@id\":\"https:\\\/\\\/www.eldigitaldeasturias.com\\\/noticias\\\/la-marcha-a-madrid-mostrara-manana-su-rechazo-a-la-reforma-educativa\\\/#listItem\",\"position\":3,\"name\":\"La \\u00abMarcha a Madrid\\u00bb mostrar\\u00e1 ma\\u00f1ana su rechazo a la reforma educativa\",\"previousItem\":{\"@type\":\"ListItem\",\"@id\":\"https:\\\/\\\/www.eldigitaldeasturias.com\\\/noticias\\\/category\\\/sociedad\\\/#listItem\",\"name\":\"Sociedad\"}}]},{\"@type\":\"Organization\",\"@id\":\"https:\\\/\\\/www.eldigitaldeasturias.com\\\/noticias\\\/#organization\",\"name\":\"El Digital de Asturias\",\"description\":\"Hemeroteca\",\"url\":\"https:\\\/\\\/www.eldigitaldeasturias.com\\\/noticias\\\/\",\"email\":\"info@eldigitaldeasturias.com\",\"telephone\":\"+34652131393\",\"logo\":{\"@type\":\"ImageObject\",\"url\":\"https:\\\/\\\/www.eldigitaldeasturias.com\\\/noticias\\\/wp-content\\\/uploads\\\/2020\\\/12\\\/EDA.jpg\",\"@id\":\"https:\\\/\\\/www.eldigitaldeasturias.com\\\/noticias\\\/la-marcha-a-madrid-mostrara-manana-su-rechazo-a-la-reforma-educativa\\\/#organizationLogo\"},\"image\":{\"@id\":\"https:\\\/\\\/www.eldigitaldeasturias.com\\\/noticias\\\/la-marcha-a-madrid-mostrara-manana-su-rechazo-a-la-reforma-educativa\\\/#organizationLogo\"},\"sameAs\":[\"https:\\\/\\\/facebook.com\\\/eldigitaldeasturias\",\"https:\\\/\\\/www.youtube.com\\\/channel\\\/UCZP-2wLEB9Rv6erhFmqVnvg\"],\"address\":{\"@id\":\"https:\\\/\\\/www.eldigitaldeasturias.com\\\/noticias\\\/#postaladdress\",\"@type\":\"PostalAddress\",\"streetAddress\":\"san antonio 4\",\"postalCode\":\"33430\",\"addressLocality\":\"Cand\\u00e1s\",\"addressRegion\":\"Asturias\",\"addressCountry\":\"ES\"}},{\"@type\":\"Person\",\"@id\":\"https:\\\/\\\/www.eldigitaldeasturias.com\\\/noticias\\\/author\\\/admin\\\/#author\",\"url\":\"https:\\\/\\\/www.eldigitaldeasturias.com\\\/noticias\\\/author\\\/admin\\\/\",\"name\":\"El Digital de Asturias\",\"image\":{\"@type\":\"ImageObject\",\"@id\":\"https:\\\/\\\/www.eldigitaldeasturias.com\\\/noticias\\\/la-marcha-a-madrid-mostrara-manana-su-rechazo-a-la-reforma-educativa\\\/#authorImage\",\"url\":\"https:\\\/\\\/secure.gravatar.com\\\/avatar\\\/df2aeffc32bcd13f8d26072ef8a91b623d677766deac7f97ca815868cd41bf5e?s=96&d=mm&r=g\",\"width\":96,\"height\":96,\"caption\":\"El Digital de Asturias\"}},{\"@type\":\"WebPage\",\"@id\":\"https:\\\/\\\/www.eldigitaldeasturias.com\\\/noticias\\\/la-marcha-a-madrid-mostrara-manana-su-rechazo-a-la-reforma-educativa\\\/#webpage\",\"url\":\"https:\\\/\\\/www.eldigitaldeasturias.com\\\/noticias\\\/la-marcha-a-madrid-mostrara-manana-su-rechazo-a-la-reforma-educativa\\\/\",\"name\":\"La \\u00abMarcha a Madrid\\u00bb mostrar\\u00e1 ma\\u00f1ana su rechazo a la reforma educativa - El Digital de Asturias\",\"description\":\"Madrid, 29 nov (EFE).- La Plataforma Estatal por la Escuela P\\u00fablica celebra ma\\u00f1ana la \\\"Marcha a Madrid\\\" para mostrar su rechazo a la pol\\u00edtica educativa del Gobierno y a la reforma educativa aprobada ayer en el Congreso de los Diputados. Se espera que llegue a Madrid \\\"gente de toda Espa\\u00f1a\\\", ha afirmado a Efe la\",\"inLanguage\":\"es-ES\",\"isPartOf\":{\"@id\":\"https:\\\/\\\/www.eldigitaldeasturias.com\\\/noticias\\\/#website\"},\"breadcrumb\":{\"@id\":\"https:\\\/\\\/www.eldigitaldeasturias.com\\\/noticias\\\/la-marcha-a-madrid-mostrara-manana-su-rechazo-a-la-reforma-educativa\\\/#breadcrumblist\"},\"author\":{\"@id\":\"https:\\\/\\\/www.eldigitaldeasturias.com\\\/noticias\\\/author\\\/admin\\\/#author\"},\"creator\":{\"@id\":\"https:\\\/\\\/www.eldigitaldeasturias.com\\\/noticias\\\/author\\\/admin\\\/#author\"},\"image\":{\"@type\":\"ImageObject\",\"url\":455753,\"@id\":\"https:\\\/\\\/www.eldigitaldeasturias.com\\\/noticias\\\/la-marcha-a-madrid-mostrara-manana-su-rechazo-a-la-reforma-educativa\\\/#mainImage\"},\"primaryImageOfPage\":{\"@id\":\"https:\\\/\\\/www.eldigitaldeasturias.com\\\/noticias\\\/la-marcha-a-madrid-mostrara-manana-su-rechazo-a-la-reforma-educativa\\\/#mainImage\"},\"datePublished\":\"2013-11-29T18:54:17+01:00\",\"dateModified\":\"2013-11-29T18:54:17+01:00\"},{\"@type\":\"WebSite\",\"@id\":\"https:\\\/\\\/www.eldigitaldeasturias.com\\\/noticias\\\/#website\",\"url\":\"https:\\\/\\\/www.eldigitaldeasturias.com\\\/noticias\\\/\",\"name\":\"El Digital de Asturias - Diario de actualidad y noticias\",\"alternateName\":\"El Digital de Asturias - Diario de actualidad y noticias\",\"description\":\"Hemeroteca\",\"inLanguage\":\"es-ES\",\"publisher\":{\"@id\":\"https:\\\/\\\/www.eldigitaldeasturias.com\\\/noticias\\\/#organization\"}}]}\n\t\t<\/script>\n\t\t<!-- All in One SEO Pro -->\r\n\t\t<title>La \u00abMarcha a Madrid\u00bb mostrar\u00e1 ma\u00f1ana su rechazo a la reforma educativa - El Digital de Asturias<\/title>\n\n","aioseo_head_json":{"title":"La \u00abMarcha a Madrid\u00bb mostrar\u00e1 ma\u00f1ana su rechazo a la reforma educativa - El Digital de Asturias","description":"Madrid, 29 nov (EFE).- La Plataforma Estatal por la Escuela P\u00fablica celebra ma\u00f1ana la \"Marcha a Madrid\" para mostrar su rechazo a la pol\u00edtica educativa del Gobierno y a la reforma educativa aprobada ayer en el Congreso de los Diputados. Se espera que llegue a Madrid \"gente de toda Espa\u00f1a\", ha afirmado a Efe la","canonical_url":"https:\/\/www.eldigitaldeasturias.com\/noticias\/la-marcha-a-madrid-mostrara-manana-su-rechazo-a-la-reforma-educativa\/","robots":"max-image-preview:large","keywords":"sociedad","webmasterTools":{"google-site-verification":"UA-38556648-1","msvalidate.01":"7dfe9f3f1b24437ab69f4f2559babe99","miscellaneous":""},"schema":{"@context":"https:\/\/schema.org","@graph":[{"@type":"BlogPosting","@id":"https:\/\/www.eldigitaldeasturias.com\/noticias\/la-marcha-a-madrid-mostrara-manana-su-rechazo-a-la-reforma-educativa\/#blogposting","name":"La \u00abMarcha a Madrid\u00bb mostrar\u00e1 ma\u00f1ana su rechazo a la reforma educativa - El Digital de Asturias","headline":"La \u00abMarcha a Madrid\u00bb mostrar\u00e1 ma\u00f1ana su rechazo a la reforma educativa","author":{"@id":"https:\/\/www.eldigitaldeasturias.com\/noticias\/author\/admin\/#author"},"publisher":{"@id":"https:\/\/www.eldigitaldeasturias.com\/noticias\/#organization"},"image":{"@type":"ImageObject","url":455753},"datePublished":"2013-11-29T18:54:17+01:00","dateModified":"2013-11-29T18:54:17+01:00","inLanguage":"es-ES","mainEntityOfPage":{"@id":"https:\/\/www.eldigitaldeasturias.com\/noticias\/la-marcha-a-madrid-mostrara-manana-su-rechazo-a-la-reforma-educativa\/#webpage"},"isPartOf":{"@id":"https:\/\/www.eldigitaldeasturias.com\/noticias\/la-marcha-a-madrid-mostrara-manana-su-rechazo-a-la-reforma-educativa\/#webpage"},"articleSection":"Sociedad"},{"@type":"BreadcrumbList","@id":"https:\/\/www.eldigitaldeasturias.com\/noticias\/la-marcha-a-madrid-mostrara-manana-su-rechazo-a-la-reforma-educativa\/#breadcrumblist","itemListElement":[{"@type":"ListItem","@id":"https:\/\/www.eldigitaldeasturias.com\/noticias#listItem","position":1,"name":"Home","item":"https:\/\/www.eldigitaldeasturias.com\/noticias","nextItem":{"@type":"ListItem","@id":"https:\/\/www.eldigitaldeasturias.com\/noticias\/category\/sociedad\/#listItem","name":"Sociedad"}},{"@type":"ListItem","@id":"https:\/\/www.eldigitaldeasturias.com\/noticias\/category\/sociedad\/#listItem","position":2,"name":"Sociedad","item":"https:\/\/www.eldigitaldeasturias.com\/noticias\/category\/sociedad\/","nextItem":{"@type":"ListItem","@id":"https:\/\/www.eldigitaldeasturias.com\/noticias\/la-marcha-a-madrid-mostrara-manana-su-rechazo-a-la-reforma-educativa\/#listItem","name":"La \u00abMarcha a Madrid\u00bb mostrar\u00e1 ma\u00f1ana su rechazo a la reforma educativa"},"previousItem":{"@type":"ListItem","@id":"https:\/\/www.eldigitaldeasturias.com\/noticias#listItem","name":"Home"}},{"@type":"ListItem","@id":"https:\/\/www.eldigitaldeasturias.com\/noticias\/la-marcha-a-madrid-mostrara-manana-su-rechazo-a-la-reforma-educativa\/#listItem","position":3,"name":"La \u00abMarcha a Madrid\u00bb mostrar\u00e1 ma\u00f1ana su rechazo a la reforma educativa","previousItem":{"@type":"ListItem","@id":"https:\/\/www.eldigitaldeasturias.com\/noticias\/category\/sociedad\/#listItem","name":"Sociedad"}}]},{"@type":"Organization","@id":"https:\/\/www.eldigitaldeasturias.com\/noticias\/#organization","name":"El Digital de Asturias","description":"Hemeroteca","url":"https:\/\/www.eldigitaldeasturias.com\/noticias\/","email":"info@eldigitaldeasturias.com","telephone":"+34652131393","logo":{"@type":"ImageObject","url":"https:\/\/www.eldigitaldeasturias.com\/noticias\/wp-content\/uploads\/2020\/12\/EDA.jpg","@id":"https:\/\/www.eldigitaldeasturias.com\/noticias\/la-marcha-a-madrid-mostrara-manana-su-rechazo-a-la-reforma-educativa\/#organizationLogo"},"image":{"@id":"https:\/\/www.eldigitaldeasturias.com\/noticias\/la-marcha-a-madrid-mostrara-manana-su-rechazo-a-la-reforma-educativa\/#organizationLogo"},"sameAs":["https:\/\/facebook.com\/eldigitaldeasturias","https:\/\/www.youtube.com\/channel\/UCZP-2wLEB9Rv6erhFmqVnvg"],"address":{"@id":"https:\/\/www.eldigitaldeasturias.com\/noticias\/#postaladdress","@type":"PostalAddress","streetAddress":"san antonio 4","postalCode":"33430","addressLocality":"Cand\u00e1s","addressRegion":"Asturias","addressCountry":"ES"}},{"@type":"Person","@id":"https:\/\/www.eldigitaldeasturias.com\/noticias\/author\/admin\/#author","url":"https:\/\/www.eldigitaldeasturias.com\/noticias\/author\/admin\/","name":"El Digital de Asturias","image":{"@type":"ImageObject","@id":"https:\/\/www.eldigitaldeasturias.com\/noticias\/la-marcha-a-madrid-mostrara-manana-su-rechazo-a-la-reforma-educativa\/#authorImage","url":"https:\/\/secure.gravatar.com\/avatar\/df2aeffc32bcd13f8d26072ef8a91b623d677766deac7f97ca815868cd41bf5e?s=96&d=mm&r=g","width":96,"height":96,"caption":"El Digital de Asturias"}},{"@type":"WebPage","@id":"https:\/\/www.eldigitaldeasturias.com\/noticias\/la-marcha-a-madrid-mostrara-manana-su-rechazo-a-la-reforma-educativa\/#webpage","url":"https:\/\/www.eldigitaldeasturias.com\/noticias\/la-marcha-a-madrid-mostrara-manana-su-rechazo-a-la-reforma-educativa\/","name":"La \u00abMarcha a Madrid\u00bb mostrar\u00e1 ma\u00f1ana su rechazo a la reforma educativa - El Digital de Asturias","description":"Madrid, 29 nov (EFE).- La Plataforma Estatal por la Escuela P\u00fablica celebra ma\u00f1ana la \"Marcha a Madrid\" para mostrar su rechazo a la pol\u00edtica educativa del Gobierno y a la reforma educativa aprobada ayer en el Congreso de los Diputados. Se espera que llegue a Madrid \"gente de toda Espa\u00f1a\", ha afirmado a Efe la","inLanguage":"es-ES","isPartOf":{"@id":"https:\/\/www.eldigitaldeasturias.com\/noticias\/#website"},"breadcrumb":{"@id":"https:\/\/www.eldigitaldeasturias.com\/noticias\/la-marcha-a-madrid-mostrara-manana-su-rechazo-a-la-reforma-educativa\/#breadcrumblist"},"author":{"@id":"https:\/\/www.eldigitaldeasturias.com\/noticias\/author\/admin\/#author"},"creator":{"@id":"https:\/\/www.eldigitaldeasturias.com\/noticias\/author\/admin\/#author"},"image":{"@type":"ImageObject","url":455753,"@id":"https:\/\/www.eldigitaldeasturias.com\/noticias\/la-marcha-a-madrid-mostrara-manana-su-rechazo-a-la-reforma-educativa\/#mainImage"},"primaryImageOfPage":{"@id":"https:\/\/www.eldigitaldeasturias.com\/noticias\/la-marcha-a-madrid-mostrara-manana-su-rechazo-a-la-reforma-educativa\/#mainImage"},"datePublished":"2013-11-29T18:54:17+01:00","dateModified":"2013-11-29T18:54:17+01:00"},{"@type":"WebSite","@id":"https:\/\/www.eldigitaldeasturias.com\/noticias\/#website","url":"https:\/\/www.eldigitaldeasturias.com\/noticias\/","name":"El Digital de Asturias - Diario de actualidad y noticias","alternateName":"El Digital de Asturias - Diario de actualidad y noticias","description":"Hemeroteca","inLanguage":"es-ES","publisher":{"@id":"https:\/\/www.eldigitaldeasturias.com\/noticias\/#organization"}}]},"og:locale":"es_ES","og:site_name":"El Digital de Asturias","og:type":"article","og:title":"La \u00abMarcha a Madrid\u00bb mostrar\u00e1 ma\u00f1ana su rechazo a la reforma educativa - El Digital de Asturias","og:description":"Madrid, 29 nov (EFE).- La Plataforma Estatal por la Escuela P\u00fablica celebra ma\u00f1ana la &quot;Marcha a Madrid&quot; para mostrar su rechazo a la pol\u00edtica educativa del Gobierno y a la reforma educativa aprobada ayer en el Congreso de los Diputados. Se espera que llegue a Madrid &quot;gente de toda Espa\u00f1a&quot;, ha afirmado a Efe la","og:url":"https:\/\/www.eldigitaldeasturias.com\/noticias\/la-marcha-a-madrid-mostrara-manana-su-rechazo-a-la-reforma-educativa\/","article:tag":["sociedad"],"article:published_time":"2013-11-29T19:54:17+00:00","article:modified_time":"2013-11-29T19:54:17+00:00","article:publisher":"https:\/\/facebook.com\/eldigitaldeasturias","twitter:card":"summary_large_image","twitter:title":"La \u00abMarcha a Madrid\u00bb mostrar\u00e1 ma\u00f1ana su rechazo a la reforma educativa - El Digital de Asturias","twitter:description":"Madrid, 29 nov (EFE).- La Plataforma Estatal por la Escuela P\u00fablica celebra ma\u00f1ana la &quot;Marcha a Madrid&quot; para mostrar su rechazo a la pol\u00edtica educativa del Gobierno y a la reforma educativa aprobada ayer en el Congreso de los Diputados. Se espera que llegue a Madrid &quot;gente de toda Espa\u00f1a&quot;, ha afirmado a Efe la","twitter:label1":"Escrito por","twitter:data1":"El Digital de Asturias","twitter:label2":"Tiempo de lectura estimado","twitter:data2":"2 minutos"},"aioseo_meta_data":{"post_id":"455752","title":null,"description":null,"keywords":null,"keyphrases":null,"primary_term":null,"canonical_url":null,"og_title":null,"og_description":null,"og_object_type":"default","og_image_type":"default","og_image_url":null,"og_image_width":null,"og_image_height":null,"og_image_custom_url":null,"og_image_custom_fields":null,"og_video":null,"og_custom_url":null,"og_article_section":null,"og_article_tags":null,"twitter_use_og":true,"twitter_card":"default","twitter_image_type":"default","twitter_image_url":null,"twitter_image_custom_url":null,"twitter_image_custom_fields":null,"twitter_title":null,"twitter_description":null,"schema":{"blockGraphs":[],"customGraphs":[],"default":{"data":{"Article":[],"Course":[],"Dataset":[],"FAQPage":[],"Movie":[],"Person":[],"Product":[],"ProductReview":[],"Car":[],"Recipe":[],"Service":[],"SoftwareApplication":[],"WebPage":[]},"graphName":"","isEnabled":true},"graphs":[],"defaultGraph":"","defaultPostTypeGraph":""},"schema_type":null,"schema_type_options":null,"pillar_content":false,"robots_default":true,"robots_noindex":false,"robots_noarchive":false,"robots_nosnippet":false,"robots_nofollow":false,"robots_noimageindex":false,"robots_noodp":false,"robots_notranslate":false,"robots_max_snippet":null,"robots_max_videopreview":null,"robots_max_imagepreview":"none","priority":null,"frequency":null,"local_seo":null,"seo_analyzer_scan_date":"2026-05-29 19:25:56","breadcrumb_settings":null,"limit_modified_date":false,"open_ai":null,"ai":null,"created":"2020-11-14 22:45:21","updated":"2026-05-29 19:25:56","focus_keyword":null,"additional_keywords":null,"truseo_locale":null},"aioseo_breadcrumb":"<div class=\"aioseo-breadcrumbs\"><span class=\"aioseo-breadcrumb\">\n\t<a href=\"https:\/\/www.eldigitaldeasturias.com\/noticias\" title=\"Home\">Home<\/a>\n<\/span><span class=\"aioseo-breadcrumb-separator\">\u2013<\/span><span class=\"aioseo-breadcrumb\">\n\t<a href=\"https:\/\/www.eldigitaldeasturias.com\/noticias\/category\/sociedad\/\" title=\"Sociedad\">Sociedad<\/a>\n<\/span><span class=\"aioseo-breadcrumb-separator\">\u2013<\/span><span class=\"aioseo-breadcrumb\">\n\t<a href=\"https:\/\/www.eldigitaldeasturias.com\/noticias\/la-marcha-a-madrid-mostrara-manana-su-rechazo-a-la-reforma-educativa\/\" title=\"La \u00abMarcha a Madrid\u00bb mostrar\u00e1 ma\u00f1ana su rechazo a la reforma educativa\">La \u00abMarcha a Madrid\u00bb mostrar\u00e1 ma\u00f1ana su rechazo a la reforma educativa<\/a>\n<\/span><\/div>","aioseo_breadcrumb_json":[{"label":"Home","link":"https:\/\/www.eldigitaldeasturias.com\/noticias"},{"label":"Sociedad","link":"https:\/\/www.eldigitaldeasturias.com\/noticias\/category\/sociedad\/"},{"label":"La \u00abMarcha a Madrid\u00bb mostrar\u00e1 ma\u00f1ana su rechazo a la reforma educativa","link":"https:\/\/www.eldigitaldeasturias.com\/noticias\/la-marcha-a-madrid-mostrara-manana-su-rechazo-a-la-reforma-educativa\/"}],"_links":{"self":[{"href":"https:\/\/www.eldigitaldeasturias.com\/noticias\/wp-json\/wp\/v2\/posts\/455752","targetHints":{"allow":["GET"]}}],"collection":[{"href":"https:\/\/www.eldigitaldeasturias.com\/noticias\/wp-json\/wp\/v2\/posts"}],"about":[{"href":"https:\/\/www.eldigitaldeasturias.com\/noticias\/wp-json\/wp\/v2\/types\/post"}],"author":[{"embeddable":true,"href":"https:\/\/www.eldigitaldeasturias.com\/noticias\/wp-json\/wp\/v2\/users\/1"}],"replies":[{"embeddable":true,"href":"https:\/\/www.eldigitaldeasturias.com\/noticias\/wp-json\/wp\/v2\/comments?post=455752"}],"version-history":[{"count":0,"href":"https:\/\/www.eldigitaldeasturias.com\/noticias\/wp-json\/wp\/v2\/posts\/455752\/revisions"}],"wp:attachment":[{"href":"https:\/\/www.eldigitaldeasturias.com\/noticias\/wp-json\/wp\/v2\/media?parent=455752"}],"wp:term":[{"taxonomy":"category","embeddable":true,"href":"https:\/\/www.eldigitaldeasturias.com\/noticias\/wp-json\/wp\/v2\/categories?post=455752"},{"taxonomy":"post_tag","embeddable":true,"href":"https:\/\/www.eldigitaldeasturias.com\/noticias\/wp-json\/wp\/v2\/tags?post=455752"}],"curies":[{"name":"wp","href":"https:\/\/api.w.org\/{rel}","templated":true}]}}