{"id":455743,"date":"2013-11-29T18:17:06","date_gmt":"2013-11-29T19:17:06","guid":{"rendered":"http:\/\/www.eldigitaldeasturias.com\/noticias\/?p=455743"},"modified":"2013-11-29T18:17:06","modified_gmt":"2013-11-29T19:17:06","slug":"la-victima-del-hijo-de-ortega-cano-duda-de-su-oferta-de-trabajo","status":"publish","type":"post","link":"https:\/\/www.eldigitaldeasturias.com\/noticias\/la-victima-del-hijo-de-ortega-cano-duda-de-su-oferta-de-trabajo\/","title":{"rendered":"La v\u00edctima del hijo de Ortega Cano duda de su oferta de trabajo"},"content":{"rendered":"<p><img loading=\"lazy\" decoding=\"async\" class=\"alignleft size-medium wp-image-455744\" alt=\"5761379w\" src=\"https:\/\/www.eldigitaldeasturias.com\/noticias\/wp-content\/uploads\/2013\/11\/5761379w-360x241.jpg\" width=\"360\" height=\"241\" \/>Sevilla, 29 nov (EFE).- El joven que fue agredido y robado por Jos\u00e9 Fernando, hijo de Jos\u00e9 Ortega Cano, se ha opuesto a su libertad porque cree que la supuesta oferta de trabajo que ha recibido es una maniobra \u00abtorpe\u00bb y el certificado sobre su escolarizaci\u00f3n est\u00e1 emitido por el instituto de una localidad de Madrid donde no vive.<\/p>\n<p>El abogado de Jonathan V.A., en un escrito al que ha tenido acceso Efe, pone en duda que los familiares que se han ofrecido para acoger al joven puedan controlarlo puesto que su propio padre no lo ha hecho y a\u00f1ade que la matr\u00edcula en un centro de ense\u00f1anza por correspondencia no demuestra que Jos\u00e9 Fernando \u00abhaya abierto un libro en su vida\u00bb.<\/p>\n<p>El abogado Manuel Manzaneque se opone a la libertad de Jos\u00e9 Fernando, encarcelado desde el 14 de noviembre por golpear, robar y quemar el coche de un joven tras un incidente en un club de alterne de Castilleja de la Cuesta (Sevilla).<\/p>\n<p>La Fiscal\u00eda de Sevilla tambi\u00e9n se ha opuesto a su libertad pero solo mientras queden por practicar \u00abdiligencias esenciales\u00bb, entre ellas la rueda de reconocimiento a que se van a someter hoy Jos\u00e9 Fernando y sus cuatro amigos imputados por el incidente.<\/p>\n<p>En cuanto al anuncio de la defensa de Jos\u00e9 Fernando de que va a ingresar en un centro de rehabilitaci\u00f3n, la acusaci\u00f3n particular entiende que solo pretende justificar mediante un centro privado y caro la supuesta drogadicci\u00f3n que \u00aben ning\u00fan momento puso de manifiesto en la entrevista psicol\u00f3gica previa\u00bb a su ingreso en prisi\u00f3n, cuando no dijo ser drogadicto o precisar rehabilitaci\u00f3n.<\/p>\n<p>Jos\u00e9 Fernando ha aportado a la juez de instrucci\u00f3n 5 de Sevilla la oferta de trabajo de un empresario que dice saber que \u00abha trabajado siempre de forma honrada\u00bb, pero Manzaneque responde que \u00abnadie se puede tomar en serio ese documento\u00bb cuando \u00abes de p\u00fablico y notorio conocimiento que el se\u00f1or Ortega no ha trabajado en su vida\u00bb.<\/p>\n<p>Rechaza tambi\u00e9n el certificado emitido por un instituto de Alcobendas (Madrid) seg\u00fan el cual Jos\u00e9 Fernando es un \u00abalumno normal\u00bb, pues su residencia oficial es Castilblanco de los Arroyos (Sevilla), donde est\u00e1 ubicada la finca \u00abYerbabuena\u00bb de su padre.<\/p>\n<p>La defensa ha alegado tambi\u00e9n las \u00abdudas sobre su participaci\u00f3n\u00bb en la agresi\u00f3n, a lo que la acusaci\u00f3n particular responde que el propio interesado lo reconoci\u00f3 ante el juez y sus acompa\u00f1antes lo confirmaron.<\/p>\n<p>La acusaci\u00f3n particular solicita a la juez que mantenga la prisi\u00f3n preventiva por presuntos delitos de robo con violencia, da\u00f1os y conducci\u00f3n bajo los efectos del alcohol, con la agravante de alevos\u00eda, ya que tales delitos \u00absobradamente pueden superar los cinco a\u00f1os de prisi\u00f3n\u00bb.<\/p>\n","protected":false},"excerpt":{"rendered":"<p>Sevilla, 29 nov (EFE).- El joven que fue agredido y robado por Jos\u00e9 Fernando, hijo de Jos\u00e9 Ortega Cano, se ha opuesto a su libertad porque cree que la supuesta oferta de trabajo que ha recibido es una maniobra \u00abtorpe\u00bb y el certificado sobre su escolarizaci\u00f3n est\u00e1 emitido por el instituto de una localidad de [&hellip;]<\/p>\n","protected":false},"author":1,"featured_media":455744,"comment_status":"closed","ping_status":"open","sticky":false,"template":"","format":"standard","meta":{"footnotes":""},"categories":[5],"tags":[],"class_list":["post-455743","post","type-post","status-publish","format-standard","has-post-thumbnail","hentry","category-sucesos"],"aioseo_notices":[],"aioseo_head":"\n\t\t<!-- All in One SEO Pro 5.0.1 - aioseo.com -->\n\t<meta name=\"description\" content=\"Sevilla, 29 nov (EFE).- El joven que fue agredido y robado por Jos\u00e9 Fernando, hijo de Jos\u00e9 Ortega Cano, se ha opuesto a su libertad porque cree que la supuesta oferta de trabajo que ha recibido es una maniobra &quot;torpe&quot; y el certificado sobre su escolarizaci\u00f3n est\u00e1 emitido por el instituto de una localidad de\" \/>\n\t<meta name=\"robots\" content=\"max-image-preview:large\" \/>\n\t<meta name=\"author\" content=\"El Digital de Asturias\"\/>\n\t<meta name=\"google-site-verification\" content=\"UA-38556648-1\" \/>\n\t<meta name=\"msvalidate.01\" content=\"7dfe9f3f1b24437ab69f4f2559babe99\" \/>\n\t<meta name=\"keywords\" content=\"sucesos\" \/>\n\t<link rel=\"canonical\" href=\"https:\/\/www.eldigitaldeasturias.com\/noticias\/la-victima-del-hijo-de-ortega-cano-duda-de-su-oferta-de-trabajo\/\" \/>\n\t<meta name=\"generator\" content=\"All in One SEO Pro (AIOSEO) 5.0.1\" \/>\n\t\t<meta property=\"og:locale\" content=\"es_ES\" \/>\n\t\t<meta property=\"og:site_name\" content=\"El Digital de Asturias\" \/>\n\t\t<meta property=\"og:type\" content=\"article\" \/>\n\t\t<meta property=\"og:title\" content=\"La v\u00edctima del hijo de Ortega Cano duda de su oferta de trabajo - El Digital de Asturias\" \/>\n\t\t<meta property=\"og:description\" content=\"Sevilla, 29 nov (EFE).- El joven que fue agredido y robado por Jos\u00e9 Fernando, hijo de Jos\u00e9 Ortega Cano, se ha opuesto a su libertad porque cree que la supuesta oferta de trabajo que ha recibido es una maniobra &quot;torpe&quot; y el certificado sobre su escolarizaci\u00f3n est\u00e1 emitido por el instituto de una localidad de\" \/>\n\t\t<meta property=\"og:url\" content=\"https:\/\/www.eldigitaldeasturias.com\/noticias\/la-victima-del-hijo-de-ortega-cano-duda-de-su-oferta-de-trabajo\/\" \/>\n\t\t<meta property=\"article:tag\" content=\"sucesos\" \/>\n\t\t<meta property=\"article:published_time\" content=\"2013-11-29T19:17:06+00:00\" \/>\n\t\t<meta property=\"article:modified_time\" content=\"2013-11-29T19:17:06+00:00\" \/>\n\t\t<meta property=\"article:publisher\" content=\"https:\/\/facebook.com\/eldigitaldeasturias\" \/>\n\t\t<meta name=\"twitter:card\" content=\"summary_large_image\" \/>\n\t\t<meta name=\"twitter:title\" content=\"La v\u00edctima del hijo de Ortega Cano duda de su oferta de trabajo - El Digital de Asturias\" \/>\n\t\t<meta name=\"twitter:description\" content=\"Sevilla, 29 nov (EFE).- El joven que fue agredido y robado por Jos\u00e9 Fernando, hijo de Jos\u00e9 Ortega Cano, se ha opuesto a su libertad porque cree que la supuesta oferta de trabajo que ha recibido es una maniobra &quot;torpe&quot; y el certificado sobre su escolarizaci\u00f3n est\u00e1 emitido por el instituto de una localidad de\" \/>\n\t\t<meta name=\"twitter:label1\" content=\"Escrito por\" \/>\n\t\t<meta name=\"twitter:data1\" content=\"El Digital de Asturias\" \/>\n\t\t<meta name=\"twitter:label2\" content=\"Tiempo de lectura estimado\" \/>\n\t\t<meta name=\"twitter:data2\" content=\"2 minutos\" \/>\n\t\t<script type=\"application\/ld+json\" class=\"aioseo-schema\">\n\t\t\t{\"@context\":\"https:\\\/\\\/schema.org\",\"@graph\":[{\"@type\":\"BlogPosting\",\"@id\":\"https:\\\/\\\/www.eldigitaldeasturias.com\\\/noticias\\\/la-victima-del-hijo-de-ortega-cano-duda-de-su-oferta-de-trabajo\\\/#blogposting\",\"name\":\"La v\\u00edctima del hijo de Ortega Cano duda de su oferta de trabajo - El Digital de Asturias\",\"headline\":\"La v\\u00edctima del hijo de Ortega Cano duda de su oferta de trabajo\",\"author\":{\"@id\":\"https:\\\/\\\/www.eldigitaldeasturias.com\\\/noticias\\\/author\\\/admin\\\/#author\"},\"publisher\":{\"@id\":\"https:\\\/\\\/www.eldigitaldeasturias.com\\\/noticias\\\/#organization\"},\"image\":{\"@type\":\"ImageObject\",\"url\":455744},\"datePublished\":\"2013-11-29T18:17:06+01:00\",\"dateModified\":\"2013-11-29T18:17:06+01:00\",\"inLanguage\":\"es-ES\",\"mainEntityOfPage\":{\"@id\":\"https:\\\/\\\/www.eldigitaldeasturias.com\\\/noticias\\\/la-victima-del-hijo-de-ortega-cano-duda-de-su-oferta-de-trabajo\\\/#webpage\"},\"isPartOf\":{\"@id\":\"https:\\\/\\\/www.eldigitaldeasturias.com\\\/noticias\\\/la-victima-del-hijo-de-ortega-cano-duda-de-su-oferta-de-trabajo\\\/#webpage\"},\"articleSection\":\"Sucesos\"},{\"@type\":\"BreadcrumbList\",\"@id\":\"https:\\\/\\\/www.eldigitaldeasturias.com\\\/noticias\\\/la-victima-del-hijo-de-ortega-cano-duda-de-su-oferta-de-trabajo\\\/#breadcrumblist\",\"itemListElement\":[{\"@type\":\"ListItem\",\"@id\":\"https:\\\/\\\/www.eldigitaldeasturias.com\\\/noticias#listItem\",\"position\":1,\"name\":\"Home\",\"item\":\"https:\\\/\\\/www.eldigitaldeasturias.com\\\/noticias\",\"nextItem\":{\"@type\":\"ListItem\",\"@id\":\"https:\\\/\\\/www.eldigitaldeasturias.com\\\/noticias\\\/category\\\/sucesos\\\/#listItem\",\"name\":\"Sucesos\"}},{\"@type\":\"ListItem\",\"@id\":\"https:\\\/\\\/www.eldigitaldeasturias.com\\\/noticias\\\/category\\\/sucesos\\\/#listItem\",\"position\":2,\"name\":\"Sucesos\",\"item\":\"https:\\\/\\\/www.eldigitaldeasturias.com\\\/noticias\\\/category\\\/sucesos\\\/\",\"nextItem\":{\"@type\":\"ListItem\",\"@id\":\"https:\\\/\\\/www.eldigitaldeasturias.com\\\/noticias\\\/la-victima-del-hijo-de-ortega-cano-duda-de-su-oferta-de-trabajo\\\/#listItem\",\"name\":\"La v\\u00edctima del hijo de Ortega Cano duda de su oferta de trabajo\"},\"previousItem\":{\"@type\":\"ListItem\",\"@id\":\"https:\\\/\\\/www.eldigitaldeasturias.com\\\/noticias#listItem\",\"name\":\"Home\"}},{\"@type\":\"ListItem\",\"@id\":\"https:\\\/\\\/www.eldigitaldeasturias.com\\\/noticias\\\/la-victima-del-hijo-de-ortega-cano-duda-de-su-oferta-de-trabajo\\\/#listItem\",\"position\":3,\"name\":\"La v\\u00edctima del hijo de Ortega Cano duda de su oferta de trabajo\",\"previousItem\":{\"@type\":\"ListItem\",\"@id\":\"https:\\\/\\\/www.eldigitaldeasturias.com\\\/noticias\\\/category\\\/sucesos\\\/#listItem\",\"name\":\"Sucesos\"}}]},{\"@type\":\"Organization\",\"@id\":\"https:\\\/\\\/www.eldigitaldeasturias.com\\\/noticias\\\/#organization\",\"name\":\"El Digital de Asturias\",\"description\":\"Hemeroteca\",\"url\":\"https:\\\/\\\/www.eldigitaldeasturias.com\\\/noticias\\\/\",\"email\":\"info@eldigitaldeasturias.com\",\"telephone\":\"+34652131393\",\"logo\":{\"@type\":\"ImageObject\",\"url\":\"https:\\\/\\\/www.eldigitaldeasturias.com\\\/noticias\\\/wp-content\\\/uploads\\\/2020\\\/12\\\/EDA.jpg\",\"@id\":\"https:\\\/\\\/www.eldigitaldeasturias.com\\\/noticias\\\/la-victima-del-hijo-de-ortega-cano-duda-de-su-oferta-de-trabajo\\\/#organizationLogo\"},\"image\":{\"@id\":\"https:\\\/\\\/www.eldigitaldeasturias.com\\\/noticias\\\/la-victima-del-hijo-de-ortega-cano-duda-de-su-oferta-de-trabajo\\\/#organizationLogo\"},\"sameAs\":[\"https:\\\/\\\/facebook.com\\\/eldigitaldeasturias\",\"https:\\\/\\\/www.youtube.com\\\/channel\\\/UCZP-2wLEB9Rv6erhFmqVnvg\"],\"address\":{\"@id\":\"https:\\\/\\\/www.eldigitaldeasturias.com\\\/noticias\\\/#postaladdress\",\"@type\":\"PostalAddress\",\"streetAddress\":\"san antonio 4\",\"postalCode\":\"33430\",\"addressLocality\":\"Cand\\u00e1s\",\"addressRegion\":\"Asturias\",\"addressCountry\":\"ES\"}},{\"@type\":\"Person\",\"@id\":\"https:\\\/\\\/www.eldigitaldeasturias.com\\\/noticias\\\/author\\\/admin\\\/#author\",\"url\":\"https:\\\/\\\/www.eldigitaldeasturias.com\\\/noticias\\\/author\\\/admin\\\/\",\"name\":\"El Digital de Asturias\",\"image\":{\"@type\":\"ImageObject\",\"@id\":\"https:\\\/\\\/www.eldigitaldeasturias.com\\\/noticias\\\/la-victima-del-hijo-de-ortega-cano-duda-de-su-oferta-de-trabajo\\\/#authorImage\",\"url\":\"https:\\\/\\\/secure.gravatar.com\\\/avatar\\\/df2aeffc32bcd13f8d26072ef8a91b623d677766deac7f97ca815868cd41bf5e?s=96&d=mm&r=g\",\"width\":96,\"height\":96,\"caption\":\"El Digital de Asturias\"}},{\"@type\":\"WebPage\",\"@id\":\"https:\\\/\\\/www.eldigitaldeasturias.com\\\/noticias\\\/la-victima-del-hijo-de-ortega-cano-duda-de-su-oferta-de-trabajo\\\/#webpage\",\"url\":\"https:\\\/\\\/www.eldigitaldeasturias.com\\\/noticias\\\/la-victima-del-hijo-de-ortega-cano-duda-de-su-oferta-de-trabajo\\\/\",\"name\":\"La v\\u00edctima del hijo de Ortega Cano duda de su oferta de trabajo - El Digital de Asturias\",\"description\":\"Sevilla, 29 nov (EFE).- El joven que fue agredido y robado por Jos\\u00e9 Fernando, hijo de Jos\\u00e9 Ortega Cano, se ha opuesto a su libertad porque cree que la supuesta oferta de trabajo que ha recibido es una maniobra \\\"torpe\\\" y el certificado sobre su escolarizaci\\u00f3n est\\u00e1 emitido por el instituto de una localidad de\",\"inLanguage\":\"es-ES\",\"isPartOf\":{\"@id\":\"https:\\\/\\\/www.eldigitaldeasturias.com\\\/noticias\\\/#website\"},\"breadcrumb\":{\"@id\":\"https:\\\/\\\/www.eldigitaldeasturias.com\\\/noticias\\\/la-victima-del-hijo-de-ortega-cano-duda-de-su-oferta-de-trabajo\\\/#breadcrumblist\"},\"author\":{\"@id\":\"https:\\\/\\\/www.eldigitaldeasturias.com\\\/noticias\\\/author\\\/admin\\\/#author\"},\"creator\":{\"@id\":\"https:\\\/\\\/www.eldigitaldeasturias.com\\\/noticias\\\/author\\\/admin\\\/#author\"},\"image\":{\"@type\":\"ImageObject\",\"url\":455744,\"@id\":\"https:\\\/\\\/www.eldigitaldeasturias.com\\\/noticias\\\/la-victima-del-hijo-de-ortega-cano-duda-de-su-oferta-de-trabajo\\\/#mainImage\"},\"primaryImageOfPage\":{\"@id\":\"https:\\\/\\\/www.eldigitaldeasturias.com\\\/noticias\\\/la-victima-del-hijo-de-ortega-cano-duda-de-su-oferta-de-trabajo\\\/#mainImage\"},\"datePublished\":\"2013-11-29T18:17:06+01:00\",\"dateModified\":\"2013-11-29T18:17:06+01:00\"},{\"@type\":\"WebSite\",\"@id\":\"https:\\\/\\\/www.eldigitaldeasturias.com\\\/noticias\\\/#website\",\"url\":\"https:\\\/\\\/www.eldigitaldeasturias.com\\\/noticias\\\/\",\"name\":\"El Digital de Asturias - Diario de actualidad y noticias\",\"alternateName\":\"El Digital de Asturias - Diario de actualidad y noticias\",\"description\":\"Hemeroteca\",\"inLanguage\":\"es-ES\",\"publisher\":{\"@id\":\"https:\\\/\\\/www.eldigitaldeasturias.com\\\/noticias\\\/#organization\"}}]}\n\t\t<\/script>\n\t\t<!-- All in One SEO Pro -->\r\n\t\t<title>La v\u00edctima del hijo de Ortega Cano duda de su oferta de trabajo - El Digital de Asturias<\/title>\n\n","aioseo_head_json":{"title":"La v\u00edctima del hijo de Ortega Cano duda de su oferta de trabajo - El Digital de Asturias","description":"Sevilla, 29 nov (EFE).- El joven que fue agredido y robado por Jos\u00e9 Fernando, hijo de Jos\u00e9 Ortega Cano, se ha opuesto a su libertad porque cree que la supuesta oferta de trabajo que ha recibido es una maniobra \"torpe\" y el certificado sobre su escolarizaci\u00f3n est\u00e1 emitido por el instituto de una localidad de","canonical_url":"https:\/\/www.eldigitaldeasturias.com\/noticias\/la-victima-del-hijo-de-ortega-cano-duda-de-su-oferta-de-trabajo\/","robots":"max-image-preview:large","keywords":"sucesos","webmasterTools":{"google-site-verification":"UA-38556648-1","msvalidate.01":"7dfe9f3f1b24437ab69f4f2559babe99","miscellaneous":""},"schema":{"@context":"https:\/\/schema.org","@graph":[{"@type":"BlogPosting","@id":"https:\/\/www.eldigitaldeasturias.com\/noticias\/la-victima-del-hijo-de-ortega-cano-duda-de-su-oferta-de-trabajo\/#blogposting","name":"La v\u00edctima del hijo de Ortega Cano duda de su oferta de trabajo - El Digital de Asturias","headline":"La v\u00edctima del hijo de Ortega Cano duda de su oferta de trabajo","author":{"@id":"https:\/\/www.eldigitaldeasturias.com\/noticias\/author\/admin\/#author"},"publisher":{"@id":"https:\/\/www.eldigitaldeasturias.com\/noticias\/#organization"},"image":{"@type":"ImageObject","url":455744},"datePublished":"2013-11-29T18:17:06+01:00","dateModified":"2013-11-29T18:17:06+01:00","inLanguage":"es-ES","mainEntityOfPage":{"@id":"https:\/\/www.eldigitaldeasturias.com\/noticias\/la-victima-del-hijo-de-ortega-cano-duda-de-su-oferta-de-trabajo\/#webpage"},"isPartOf":{"@id":"https:\/\/www.eldigitaldeasturias.com\/noticias\/la-victima-del-hijo-de-ortega-cano-duda-de-su-oferta-de-trabajo\/#webpage"},"articleSection":"Sucesos"},{"@type":"BreadcrumbList","@id":"https:\/\/www.eldigitaldeasturias.com\/noticias\/la-victima-del-hijo-de-ortega-cano-duda-de-su-oferta-de-trabajo\/#breadcrumblist","itemListElement":[{"@type":"ListItem","@id":"https:\/\/www.eldigitaldeasturias.com\/noticias#listItem","position":1,"name":"Home","item":"https:\/\/www.eldigitaldeasturias.com\/noticias","nextItem":{"@type":"ListItem","@id":"https:\/\/www.eldigitaldeasturias.com\/noticias\/category\/sucesos\/#listItem","name":"Sucesos"}},{"@type":"ListItem","@id":"https:\/\/www.eldigitaldeasturias.com\/noticias\/category\/sucesos\/#listItem","position":2,"name":"Sucesos","item":"https:\/\/www.eldigitaldeasturias.com\/noticias\/category\/sucesos\/","nextItem":{"@type":"ListItem","@id":"https:\/\/www.eldigitaldeasturias.com\/noticias\/la-victima-del-hijo-de-ortega-cano-duda-de-su-oferta-de-trabajo\/#listItem","name":"La v\u00edctima del hijo de Ortega Cano duda de su oferta de trabajo"},"previousItem":{"@type":"ListItem","@id":"https:\/\/www.eldigitaldeasturias.com\/noticias#listItem","name":"Home"}},{"@type":"ListItem","@id":"https:\/\/www.eldigitaldeasturias.com\/noticias\/la-victima-del-hijo-de-ortega-cano-duda-de-su-oferta-de-trabajo\/#listItem","position":3,"name":"La v\u00edctima del hijo de Ortega Cano duda de su oferta de trabajo","previousItem":{"@type":"ListItem","@id":"https:\/\/www.eldigitaldeasturias.com\/noticias\/category\/sucesos\/#listItem","name":"Sucesos"}}]},{"@type":"Organization","@id":"https:\/\/www.eldigitaldeasturias.com\/noticias\/#organization","name":"El Digital de Asturias","description":"Hemeroteca","url":"https:\/\/www.eldigitaldeasturias.com\/noticias\/","email":"info@eldigitaldeasturias.com","telephone":"+34652131393","logo":{"@type":"ImageObject","url":"https:\/\/www.eldigitaldeasturias.com\/noticias\/wp-content\/uploads\/2020\/12\/EDA.jpg","@id":"https:\/\/www.eldigitaldeasturias.com\/noticias\/la-victima-del-hijo-de-ortega-cano-duda-de-su-oferta-de-trabajo\/#organizationLogo"},"image":{"@id":"https:\/\/www.eldigitaldeasturias.com\/noticias\/la-victima-del-hijo-de-ortega-cano-duda-de-su-oferta-de-trabajo\/#organizationLogo"},"sameAs":["https:\/\/facebook.com\/eldigitaldeasturias","https:\/\/www.youtube.com\/channel\/UCZP-2wLEB9Rv6erhFmqVnvg"],"address":{"@id":"https:\/\/www.eldigitaldeasturias.com\/noticias\/#postaladdress","@type":"PostalAddress","streetAddress":"san antonio 4","postalCode":"33430","addressLocality":"Cand\u00e1s","addressRegion":"Asturias","addressCountry":"ES"}},{"@type":"Person","@id":"https:\/\/www.eldigitaldeasturias.com\/noticias\/author\/admin\/#author","url":"https:\/\/www.eldigitaldeasturias.com\/noticias\/author\/admin\/","name":"El Digital de Asturias","image":{"@type":"ImageObject","@id":"https:\/\/www.eldigitaldeasturias.com\/noticias\/la-victima-del-hijo-de-ortega-cano-duda-de-su-oferta-de-trabajo\/#authorImage","url":"https:\/\/secure.gravatar.com\/avatar\/df2aeffc32bcd13f8d26072ef8a91b623d677766deac7f97ca815868cd41bf5e?s=96&d=mm&r=g","width":96,"height":96,"caption":"El Digital de Asturias"}},{"@type":"WebPage","@id":"https:\/\/www.eldigitaldeasturias.com\/noticias\/la-victima-del-hijo-de-ortega-cano-duda-de-su-oferta-de-trabajo\/#webpage","url":"https:\/\/www.eldigitaldeasturias.com\/noticias\/la-victima-del-hijo-de-ortega-cano-duda-de-su-oferta-de-trabajo\/","name":"La v\u00edctima del hijo de Ortega Cano duda de su oferta de trabajo - El Digital de Asturias","description":"Sevilla, 29 nov (EFE).- El joven que fue agredido y robado por Jos\u00e9 Fernando, hijo de Jos\u00e9 Ortega Cano, se ha opuesto a su libertad porque cree que la supuesta oferta de trabajo que ha recibido es una maniobra \"torpe\" y el certificado sobre su escolarizaci\u00f3n est\u00e1 emitido por el instituto de una localidad de","inLanguage":"es-ES","isPartOf":{"@id":"https:\/\/www.eldigitaldeasturias.com\/noticias\/#website"},"breadcrumb":{"@id":"https:\/\/www.eldigitaldeasturias.com\/noticias\/la-victima-del-hijo-de-ortega-cano-duda-de-su-oferta-de-trabajo\/#breadcrumblist"},"author":{"@id":"https:\/\/www.eldigitaldeasturias.com\/noticias\/author\/admin\/#author"},"creator":{"@id":"https:\/\/www.eldigitaldeasturias.com\/noticias\/author\/admin\/#author"},"image":{"@type":"ImageObject","url":455744,"@id":"https:\/\/www.eldigitaldeasturias.com\/noticias\/la-victima-del-hijo-de-ortega-cano-duda-de-su-oferta-de-trabajo\/#mainImage"},"primaryImageOfPage":{"@id":"https:\/\/www.eldigitaldeasturias.com\/noticias\/la-victima-del-hijo-de-ortega-cano-duda-de-su-oferta-de-trabajo\/#mainImage"},"datePublished":"2013-11-29T18:17:06+01:00","dateModified":"2013-11-29T18:17:06+01:00"},{"@type":"WebSite","@id":"https:\/\/www.eldigitaldeasturias.com\/noticias\/#website","url":"https:\/\/www.eldigitaldeasturias.com\/noticias\/","name":"El Digital de Asturias - Diario de actualidad y noticias","alternateName":"El Digital de Asturias - Diario de actualidad y noticias","description":"Hemeroteca","inLanguage":"es-ES","publisher":{"@id":"https:\/\/www.eldigitaldeasturias.com\/noticias\/#organization"}}]},"og:locale":"es_ES","og:site_name":"El Digital de Asturias","og:type":"article","og:title":"La v\u00edctima del hijo de Ortega Cano duda de su oferta de trabajo - El Digital de Asturias","og:description":"Sevilla, 29 nov (EFE).- El joven que fue agredido y robado por Jos\u00e9 Fernando, hijo de Jos\u00e9 Ortega Cano, se ha opuesto a su libertad porque cree que la supuesta oferta de trabajo que ha recibido es una maniobra &quot;torpe&quot; y el certificado sobre su escolarizaci\u00f3n est\u00e1 emitido por el instituto de una localidad de","og:url":"https:\/\/www.eldigitaldeasturias.com\/noticias\/la-victima-del-hijo-de-ortega-cano-duda-de-su-oferta-de-trabajo\/","article:tag":["sucesos"],"article:published_time":"2013-11-29T19:17:06+00:00","article:modified_time":"2013-11-29T19:17:06+00:00","article:publisher":"https:\/\/facebook.com\/eldigitaldeasturias","twitter:card":"summary_large_image","twitter:title":"La v\u00edctima del hijo de Ortega Cano duda de su oferta de trabajo - El Digital de Asturias","twitter:description":"Sevilla, 29 nov (EFE).- El joven que fue agredido y robado por Jos\u00e9 Fernando, hijo de Jos\u00e9 Ortega Cano, se ha opuesto a su libertad porque cree que la supuesta oferta de trabajo que ha recibido es una maniobra &quot;torpe&quot; y el certificado sobre su escolarizaci\u00f3n est\u00e1 emitido por el instituto de una localidad de","twitter:label1":"Escrito por","twitter:data1":"El Digital de Asturias","twitter:label2":"Tiempo de lectura estimado","twitter:data2":"2 minutos"},"aioseo_meta_data":{"post_id":"455743","title":null,"description":null,"keywords":null,"keyphrases":null,"primary_term":null,"canonical_url":null,"og_title":null,"og_description":null,"og_object_type":"default","og_image_type":"default","og_image_url":null,"og_image_width":null,"og_image_height":null,"og_image_custom_url":null,"og_image_custom_fields":null,"og_video":null,"og_custom_url":null,"og_article_section":null,"og_article_tags":null,"twitter_use_og":true,"twitter_card":"default","twitter_image_type":"default","twitter_image_url":null,"twitter_image_custom_url":null,"twitter_image_custom_fields":null,"twitter_title":null,"twitter_description":null,"schema":{"blockGraphs":[],"customGraphs":[],"default":{"data":{"Article":[],"Course":[],"Dataset":[],"FAQPage":[],"Movie":[],"Person":[],"Product":[],"ProductReview":[],"Car":[],"Recipe":[],"Service":[],"SoftwareApplication":[],"WebPage":[]},"graphName":"","isEnabled":true},"graphs":[],"defaultGraph":"","defaultPostTypeGraph":""},"schema_type":null,"schema_type_options":null,"pillar_content":false,"robots_default":true,"robots_noindex":false,"robots_noarchive":false,"robots_nosnippet":false,"robots_nofollow":false,"robots_noimageindex":false,"robots_noodp":false,"robots_notranslate":false,"robots_max_snippet":null,"robots_max_videopreview":null,"robots_max_imagepreview":"none","priority":null,"frequency":null,"local_seo":null,"seo_analyzer_scan_date":"2026-05-29 19:25:54","breadcrumb_settings":null,"limit_modified_date":false,"open_ai":null,"ai":null,"created":"2020-11-14 22:45:21","updated":"2026-05-29 19:25:54","focus_keyword":null,"additional_keywords":null,"truseo_locale":null},"aioseo_breadcrumb":"<div class=\"aioseo-breadcrumbs\"><span class=\"aioseo-breadcrumb\">\n\t<a href=\"https:\/\/www.eldigitaldeasturias.com\/noticias\" title=\"Home\">Home<\/a>\n<\/span><span class=\"aioseo-breadcrumb-separator\">\u2013<\/span><span class=\"aioseo-breadcrumb\">\n\t<a href=\"https:\/\/www.eldigitaldeasturias.com\/noticias\/category\/sucesos\/\" title=\"Sucesos\">Sucesos<\/a>\n<\/span><span class=\"aioseo-breadcrumb-separator\">\u2013<\/span><span class=\"aioseo-breadcrumb\">\n\t<a href=\"https:\/\/www.eldigitaldeasturias.com\/noticias\/la-victima-del-hijo-de-ortega-cano-duda-de-su-oferta-de-trabajo\/\" title=\"La v\u00edctima del hijo de Ortega Cano duda de su oferta de trabajo\">La v\u00edctima del hijo de Ortega Cano duda de su oferta de trabajo<\/a>\n<\/span><\/div>","aioseo_breadcrumb_json":[{"label":"Home","link":"https:\/\/www.eldigitaldeasturias.com\/noticias"},{"label":"Sucesos","link":"https:\/\/www.eldigitaldeasturias.com\/noticias\/category\/sucesos\/"},{"label":"La v\u00edctima del hijo de Ortega Cano duda de su oferta de trabajo","link":"https:\/\/www.eldigitaldeasturias.com\/noticias\/la-victima-del-hijo-de-ortega-cano-duda-de-su-oferta-de-trabajo\/"}],"_links":{"self":[{"href":"https:\/\/www.eldigitaldeasturias.com\/noticias\/wp-json\/wp\/v2\/posts\/455743","targetHints":{"allow":["GET"]}}],"collection":[{"href":"https:\/\/www.eldigitaldeasturias.com\/noticias\/wp-json\/wp\/v2\/posts"}],"about":[{"href":"https:\/\/www.eldigitaldeasturias.com\/noticias\/wp-json\/wp\/v2\/types\/post"}],"author":[{"embeddable":true,"href":"https:\/\/www.eldigitaldeasturias.com\/noticias\/wp-json\/wp\/v2\/users\/1"}],"replies":[{"embeddable":true,"href":"https:\/\/www.eldigitaldeasturias.com\/noticias\/wp-json\/wp\/v2\/comments?post=455743"}],"version-history":[{"count":0,"href":"https:\/\/www.eldigitaldeasturias.com\/noticias\/wp-json\/wp\/v2\/posts\/455743\/revisions"}],"wp:attachment":[{"href":"https:\/\/www.eldigitaldeasturias.com\/noticias\/wp-json\/wp\/v2\/media?parent=455743"}],"wp:term":[{"taxonomy":"category","embeddable":true,"href":"https:\/\/www.eldigitaldeasturias.com\/noticias\/wp-json\/wp\/v2\/categories?post=455743"},{"taxonomy":"post_tag","embeddable":true,"href":"https:\/\/www.eldigitaldeasturias.com\/noticias\/wp-json\/wp\/v2\/tags?post=455743"}],"curies":[{"name":"wp","href":"https:\/\/api.w.org\/{rel}","templated":true}]}}